{"id":350507,"date":"2023-01-20T14:26:49","date_gmt":"2023-01-20T17:26:49","guid":{"rendered":"https:\/\/www.suno.com.br\/noticias\/?p=350507"},"modified":"2023-01-20T15:59:31","modified_gmt":"2023-01-20T18:59:31","slug":"lula-critica-banco-central-mudanca-meta-de-inflacao","status":"publish","type":"post","link":"https:\/\/www.suno.com.br\/noticias\/lula-critica-banco-central-mudanca-meta-de-inflacao\/","title":{"rendered":"Lula critica Banco Central e quer mudan\u00e7a na meta de infla\u00e7\u00e3o; mercado reage mal"},"content":{"rendered":"<p>O presidente Luiz In\u00e1cio <strong>Lula<\/strong> da Silva (PT) fez <a href=\"https:\/\/www.suno.com.br\/noticias\/lula-critica-banco-central-bc\/\">cr\u00edticas \u00e0 independ\u00eancia do Banco Central (BC)<\/a> nesta semana. O chefe do Executivo questionou o \u201cexagero na <strong><a class=\"suno-keyword\" data-force=\"no\" data-priority=\"1\" href=\"https:\/\/www.suno.com.br\/artigos\/meta-de-inflacao\/\" target=\"_blank\" rel=\"noopener\">meta de infla\u00e7\u00e3o<\/a><\/strong>\u201d, que \u00e9 definida pelo <a class=\"suno-keyword\" data-force=\"no\" data-priority=\"1\" href=\"https:\/\/www.suno.com.br\/artigos\/cmn-conselho-monetario-nacional\/\" target=\"_blank\" rel=\"noopener\">Conselho Monet\u00e1rio Nacional (CMN)<\/a>, para este ano. Para 2023, \u00e9 de 3,25%, com intervalo de 1,5 ponto percentual para cima ou para baixo. A fala n\u00e3o foi recebida pelo mercado financeiro, e o ministro das Rela\u00e7\u00f5es Institucionais, Alexandre Padilha (PT), teve de intervir para acalmar o mercado.<\/p>\t<div class=\"wrapper-featured-image\">\n\t\t<figure class=\"spotlightImg\">\n\n\t\t\t<picture>\n\t\t\t\t<source media=\"(max-width: 768px)\" srcset=\"https:\/\/files.sunoresearch.com.br\/n\/uploads\/2022\/12\/lula-presidente-entreista-ccbb-foto-antonio-cruz-agencia-brasil-400x200.jpg\">\n\t\t\t\t<img loading=\"lazy\" decoding=\"async\" class=\"newsContent__article__imgCapa lazyloadDisabled \" src=\"https:\/\/files.sunoresearch.com.br\/n\/uploads\/2022\/12\/lula-presidente-entreista-ccbb-foto-antonio-cruz-agencia-brasil-800x450.jpg\" width=\"800\" height=\"450\" alt=\"Lula critica Banco Central e quer mudan\u00e7a na meta de infla\u00e7\u00e3o; mercado reage mal\" fetchpriority=high \/>\n\t\t\t<\/picture>\n\n\t\t\t<figcaption class=\"wp-caption-text wp-caption-text--show\">Luiz In\u00e1cio Lula da Silva (PT) em entrevista no CCBB. Foto: Antonio Cruz\/Ag\u00eancia Brasil<\/figcaption>\n\t\t<\/figure>\n\t<\/div>\n\n\n\n\n\n\t<p>\n\t\t<a href=\"\" target=\"_blank\" data-element=\"shortcode-suno-banner\" title=\"Banner SUNO, clique e saiba mais\">\n\t\t\t<picture>\n\t\t\t\t<source media=\"(max-width: 500px)\" srcset=\"\">\n\t\t\t\t<img class=\"newsContent__article__imgCapa newsContent__article__imgCapa--banner\"\n\t\t\t\t\tsrc=\"\"\n\t\t\t\t\tdata-promo-id=\"89005\"\t\t\t\t\t\t\t\t\t\t\t\t\t\t\talt=\"\"\n\t\t\t\t>\n\t\t\t<\/picture>\n\t\t<\/a>\n\t<\/p>\n\n\n\n\n\n<p>\u201cVoc\u00ea estabeleceu uma meta de infla\u00e7\u00e3o de 3,7%. Quando faz isso, \u00e9 preciso arrochar mais a economia para atingir. Por que precisava fazer 3,7%? Por que n\u00e3o faz 4,5%, como fizemos [nos mandatos anteriores]? A economia brasileira precisa voltar a crescer\u201d, afirmou o presidente.<\/p>\n\n\n\n<p>Ainda sobre o BC, em entrevista \u00e0 GloboNews, o presidente provocou: \u201cNesse pa\u00eds, se brigou muito para ter um <strong>Banco Central independente<\/strong>. Achou que ia melhorar o que? \u00c9 uma bobagem achar que um presidente do Banco Central independente vai fazer mais do que quando o presidente (da Rep\u00fablica) \u00e9 quem indicava. Eu duvido que esse presidente do Banco Central seja mais independente do que foi o (Henrique) Meirelles.\u201d<\/p>\n\n\n\n<figure class=\"wp-block-embed is-type-rich is-provider-twitter wp-block-embed-twitter\"><div class=\"wp-block-embed__wrapper\">\n<blockquote class=\"twitter-tweet\" data-width=\"550\" data-dnt=\"true\"><p lang=\"pt\" dir=\"ltr\">Como disse o presidente <a href=\"https:\/\/twitter.com\/LulaOficial?ref_src=twsrc%5Etfw\">@LulaOficial<\/a>, na sua experi\u00eancia de governo, deu plena autonomia ao presidente do Banco Central, Henrique Meirelles. O presidente n\u00e3o vai mudar de postura agora, ainda mais com uma lei que estabelece regras nesse sentido.<\/p>&mdash; Alexandre Padilha (@padilhando) <a href=\"https:\/\/twitter.com\/padilhando\/status\/1616134001131139075?ref_src=twsrc%5Etfw\">January 19, 2023<\/a><\/blockquote>\n<\/div><\/figure>\n\n\n\n<p>Segundo o economista-chefe da Austin Rating, Alex Agostini, o Banco Central, como institui\u00e7\u00e3o, precisa de sua independ\u00eancia, \u201cpois em momentos cr\u00edticos da economia poder\u00e1 agir sem uma press\u00e3o de inger\u00eancia pol\u00edtica, como vimos no governo de Dilma Rousseff (PT). Vemos no mundo inteiro press\u00e3o pol\u00edtica para redu\u00e7\u00e3o de juros. \u00c9 algo que mexe com a popularidade do governo\u201d.<\/p>\n\n\n\n<p>\u00c9tore Sanchez, economista-chefe da Ativa Investimentos, ecoa a reflex\u00e3o de Agostini. \u201cO presidente Lula foge do curso natural da economia ao falar sobre a <strong>autoridade do Banco Central <\/strong>e a necessidade de alterar a meta de infla\u00e7\u00e3o do pa\u00eds. Isso acaba gerando uma expectativa incerta sobre a indica\u00e7\u00e3o do presidente do Banco Central em 2025 pelo governo\u201d, disse.<\/p>\n\n\n\n<p>Roberto Campos Neto exercer\u00e1 seu mandato \u00e0 frente da entidade at\u00e9 2024, e j\u00e1 afirmou diversas vezes que <a href=\"https:\/\/www.suno.com.br\/noticias\/campos-neto-presidente-banco-central-bc\/\">n\u00e3o tem interesse em ser reconduzido<\/a> ao cargo.<\/p>\n\n\n\n<p>O mercado observa com aten\u00e7\u00e3o a falta de alinhamento entre o presidente que tomou posse de seu terceiro mandato h\u00e1 19 dias e a institui\u00e7\u00e3o.<\/p>\n\n\n\n<p>Ainda na quinta-feira (19), em uma palestra na University of California, nos Estados Unidos, Campos Neto tentou amenizar a situa\u00e7\u00e3o e reagiu \u00e0s falas de Lula dizendo que \u201cem algumas dessas entrevistas, muitas coisas s\u00e3o tiradas de contexto (\u2026). Eu acho que ele quis dizer que &#8216;voc\u00ea poderia ter independ\u00eancia sem a lei e fazer as coisas funcionarem&#8217;\u201d. Contudo, o chefe do BC reafirmou a import\u00e2ncia da independ\u00eancia da institui\u00e7\u00e3o como fruto de delibera\u00e7\u00e3o entre os poderes.<\/p>\n\n\n\t<p>\n\t\t<a href=\"https:\/\/lp.suno.com.br\/planilha-da-vida-financeira\/\" target=\"_blank\" data-element=\"shortcode-suno-banner\" title=\"Banner SUNO, clique e saiba mais\">\n\t\t\t<picture>\n\t\t\t\t<source media=\"(max-width: 500px)\" srcset=\"https:\/\/files.sunoresearch.com.br\/n\/uploads\/2023\/04\/400x300-Planilha-vida-financeira-true.png\">\n\t\t\t\t<img class=\"newsContent__article__imgCapa newsContent__article__imgCapa--banner\"\n\t\t\t\t\tsrc=\"https:\/\/files.sunoresearch.com.br\/n\/uploads\/2023\/04\/1420x240-Planilha-vida-financeira-true.png\"\n\t\t\t\t\tdata-promo-id=\"106682\"\t\t\t\t\t\t\t\t\t\twidth='1420' height='240'\t\t\t\t\talt=\"https:\/\/files.sunoresearch.com.br\/n\/uploads\/2023\/04\/1420x240-Planilha-vida-financeira-true.png\"\n\t\t\t\t>\n\t\t\t<\/picture>\n\t\t<\/a>\n\t<\/p>\n\n\n\n\n\n<h2 class=\"wp-block-heading\" id=\"h-credibilidade-de-ministros-e-minada-com-autoridade-politica-de-lula\">Credibilidade de ministros \u00e9 minada com autoridade pol\u00edtica de Lula<\/h2>\n\n\n\n<p>Os primeiros 100 dias de um novo governo s\u00e3o muito importantes. \u00c9 nesse per\u00edodo que se constr\u00f3i popularidade e \u00e9 quando o eleitorado quer ver as promessas de campanha sendo cumpridas. Ap\u00f3s esse intervalo, um primeiro balan\u00e7o da gest\u00e3o costuma ser difundido, por isso a urg\u00eancia na apresenta\u00e7\u00e3o de medidas.<\/p>\n\n\n\n<p>\u201cN\u00e3o apenas a base pol\u00edtica fica no radar, mas um apoio do Congresso Nacional tamb\u00e9m. Para isso, Lula deve continuar refor\u00e7ando suas promessas de campanha. Ele sabe que n\u00e3o pode mudar algumas coisas, como a autonomia do BC, mas joga \u2018para a sua torcida\u2019\u201d, comenta Agostini.<\/p>\n\n\n\n<p>Uma das grandes contradi\u00e7\u00f5es nos primeiros 20 dias de \u201cLula 3.0\u201d foi a discord\u00e2ncia com Fernando Haddad (PT). O <strong>ministro da Fazenda tem mostrado um car\u00e1ter fiscalista<\/strong>, de responsabilidade com as contas p\u00fablicas, enquanto o presidente vai na contram\u00e3o das medidas com suas declara\u00e7\u00f5es.<\/p>\n\n\n\n<p>\u201cHaddad est\u00e1 se mostrando preocupado em colocar as contas p\u00fablicas em ordem. Ele tem refor\u00e7ado a ideia da <a class=\"suno-keyword\" target=\"_blank\" data-force=\"no\" data-priority=\"2\" href=\"https:\/\/www.suno.com.br\/artigos\/reforma-tributaria\/\" rel=\"noopener\">reforma tribut\u00e1ria<\/a>, ent\u00e3o o CMN, que tem o ministro da Fazenda como presidente do Conselho, n\u00e3o vai se preocupar com a altera\u00e7\u00e3o da meta de infla\u00e7\u00e3o agora\u201d, diz Agostini.<\/p>\n\n\n\n<p>No entanto, a press\u00e3o pol\u00edtica entra em jogo, com a voz de Lula sendo a mais alta, e a bolsa de valores responde aos desencontros. As medidas fiscalistas de Haddad, que tem assumido uma postura contr\u00e1ria \u00e0 esperada por um ministro da Economia do PT, t\u00eam agradado o mercado, enquanto Lula ainda tem provocado incertezas quanto \u00e0 sua pr\u00f3pria condu\u00e7\u00e3o da economia.<\/p>\n\n\n\n<p>\u201cQuando<strong> Lula desautoriza seus ministros<\/strong>, gera um efeito contraproducente, visto que eles est\u00e3o seguindo uma linha diferente da apresentada nas falas do presidente. O mercado repercute muito mais um cen\u00e1rio no qual o presidente se sobrep\u00f5e do que efetivamente as medidas apresentadas pelos ministros &#8211; como o <a href=\"https:\/\/www.suno.com.br\/noticias\/haddad-ajuste-fiscal-medidas-arrecadacao\/\">plano econ\u00f4mico de Haddad<\/a>. O ministro vem buscando sua credibilidade para executar o projeto\u201d, ponderou \u00c9tore Sanchez.<\/p>\n\n\n\n<p>Para Agostini, apesar do desgaste gerado pelas falas de Lula, ainda \u00e9 muito cedo para tomar conclus\u00f5es. \u201cNada foi enviado ao Congresso, Lula ainda busca apoio, e isso come\u00e7a com o povo. Haddad faz um papel de pararraio. Lula bate de um lado, ele segura e tenta conversar com o mercado. Tamb\u00e9m vimos isso com Paulo Guedes e Jair Bolsonaro (PL). O ex-presidente chegou a desautorizar Guedes e dizer que o ministro entendia de economia e ele de pol\u00edtica\u201d.<\/p>\n\n\n\n<p>Contudo, Agostini avalia que <strong>Lula <\/strong>n\u00e3o deve insistir em um desgaste da imagem de Haddad. \u201cGuedes era do mercado financeiro e n\u00e3o pol\u00edtico. Haddad \u00e9 pol\u00edtico de carreira e tamb\u00e9m do PT, inclusive a aposta para a presid\u00eancia em 2026. Um desgaste com Haddad seria o mesmo no governo e no partido\u201d, complementou.<\/p>\n\n\n\t<p>\n\t\t<a href=\"https:\/\/lp.suno.com.br\/planilha-controle-gastos\/\" target=\"_blank\" data-element=\"shortcode-suno-banner\" title=\"Banner SUNO, clique e saiba mais\">\n\t\t\t<picture>\n\t\t\t\t<source media=\"(max-width: 500px)\" srcset=\"https:\/\/files.sunoresearch.com.br\/n\/uploads\/2023\/03\/400x300-Planilha-controle-de-gastos.png\">\n\t\t\t\t<img class=\"newsContent__article__imgCapa newsContent__article__imgCapa--banner\"\n\t\t\t\t\tsrc=\"https:\/\/files.sunoresearch.com.br\/n\/uploads\/2023\/03\/1420x240-Planilha-controle-de-gastos.png\"\n\t\t\t\t\tdata-promo-id=\"101751\"\t\t\t\t\t\t\t\t\t\twidth='1420' height='240'\t\t\t\t\talt=\"https:\/\/files.sunoresearch.com.br\/n\/uploads\/2023\/03\/1420x240-Planilha-controle-de-gastos.png\"\n\t\t\t\t>\n\t\t\t<\/picture>\n\t\t<\/a>\n\t<\/p>\n\n\n","protected":false},"excerpt":{"rendered":"<p>O presidente Luiz In\u00e1cio Lula da Silva (PT) fez cr\u00edticas \u00e0 independ\u00eancia do Banco Central (BC) nesta semana. O chefe do Executivo questionou o \u201cexagero na meta de infla\u00e7\u00e3o\u201d, que \u00e9 definida pelo Conselho Monet\u00e1rio Nacional (CMN), para este ano. Para 2023, \u00e9 de 3,25%, com intervalo de 1,5 ponto percentual para cima ou para [&hellip;]<\/p>\n","protected":false},"author":70,"featured_media":328398,"comment_status":"closed","ping_status":"closed","sticky":false,"template":"","format":"standard","meta":[],"categories":[61],"tags":[1842,105816,716,709,1286,1113],"suno_strategy":[],"class_list":["post-350507","post","type-post","status-publish","format-standard","has-post-thumbnail","hentry","category-politica","tag-banco-central-bc","tag-especialistas","tag-fernando-haddad","tag-lula","tag-reforma-tributaria","tag-roberto-campos-neto"],"yoast_head":"<!-- This site is optimized with the Yoast SEO plugin v24.4 - https:\/\/yoast.com\/wordpress\/plugins\/seo\/ -->\n<title>Lula critica Banco Central e quer mudan\u00e7a na meta de infla\u00e7\u00e3o<\/title>\n<meta name=\"description\" content=\"O presidente Lula fez cr\u00edticas \u00e0 independ\u00eancia do Banco Central ainda nesta semana. Entenda o impacto no mercado!\" \/>\n<meta name=\"robots\" content=\"index, follow, max-snippet:-1, max-image-preview:large, max-video-preview:-1\" \/>\n<link rel=\"canonical\" href=\"https:\/\/www.suno.com.br\/noticias\/lula-critica-banco-central-mudanca-meta-de-inflacao\/\" \/>\n<meta property=\"og:locale\" content=\"pt_BR\" \/>\n<meta property=\"og:type\" content=\"article\" \/>\n<meta property=\"og:title\" content=\"Lula critica Banco Central e quer mudan\u00e7a na meta de infla\u00e7\u00e3o\" \/>\n<meta property=\"og:description\" content=\"O presidente Lula fez cr\u00edticas \u00e0 independ\u00eancia do Banco Central ainda nesta semana. Entenda o impacto no mercado!\" \/>\n<meta property=\"og:url\" content=\"https:\/\/www.suno.com.br\/noticias\/lula-critica-banco-central-mudanca-meta-de-inflacao\/\" \/>\n<meta property=\"og:site_name\" content=\"Suno Not\u00edcias\" \/>\n<meta property=\"article:publisher\" content=\"https:\/\/facebook.com\/sunoresearch\" \/>\n<meta property=\"og:image\" content=\"https:\/\/files.sunoresearch.com.br\/n\/uploads\/2022\/12\/lula-presidente-entreista-ccbb-foto-antonio-cruz-agencia-brasil.jpg\" \/>\n\t<meta property=\"og:image:width\" content=\"1200\" \/>\n\t<meta property=\"og:image:height\" content=\"675\" \/>\n\t<meta property=\"og:image:type\" content=\"image\/jpeg\" \/>\n<meta name=\"author\" content=\"Beatriz Boyadjian\" \/>\n<meta name=\"twitter:card\" content=\"summary_large_image\" \/>\n<meta name=\"twitter:creator\" content=\"@sunoresearch\" \/>\n<meta name=\"twitter:site\" content=\"@sunoresearch\" \/>\n<meta name=\"twitter:label1\" content=\"Escrito por\" \/>\n\t<meta name=\"twitter:data1\" content=\"Beatriz Boyadjian\" \/>\n\t<meta name=\"twitter:label2\" content=\"Est. tempo de leitura\" \/>\n\t<meta name=\"twitter:data2\" content=\"5 minutos\" \/>\n<script type=\"application\/ld+json\" class=\"yoast-schema-graph\">{\"@context\":\"https:\/\/schema.org\",\"@graph\":[{\"@type\":\"NewsArticle\",\"@id\":\"https:\/\/www.suno.com.br\/noticias\/lula-critica-banco-central-mudanca-meta-de-inflacao\/#article\",\"isPartOf\":{\"@id\":\"https:\/\/www.suno.com.br\/noticias\/lula-critica-banco-central-mudanca-meta-de-inflacao\/\"},\"author\":{\"name\":\"Beatriz Boyadjian\",\"@id\":\"https:\/\/www.suno.com.br\/noticias\/#\/schema\/person\/c9d40f227e4ffee8114b1299c28902b0\"},\"headline\":\"Lula critica Banco Central e quer mudan\u00e7a na meta de infla\u00e7\u00e3o; mercado reage mal\",\"datePublished\":\"2023-01-20T17:26:49+00:00\",\"dateModified\":\"2023-01-20T18:59:31+00:00\",\"mainEntityOfPage\":{\"@id\":\"https:\/\/www.suno.com.br\/noticias\/lula-critica-banco-central-mudanca-meta-de-inflacao\/\"},\"wordCount\":972,\"publisher\":{\"@id\":\"https:\/\/www.suno.com.br\/noticias\/#organization\"},\"image\":{\"@id\":\"https:\/\/www.suno.com.br\/noticias\/lula-critica-banco-central-mudanca-meta-de-inflacao\/#primaryimage\"},\"thumbnailUrl\":\"https:\/\/files.sunoresearch.com.br\/n\/uploads\/2022\/12\/lula-presidente-entreista-ccbb-foto-antonio-cruz-agencia-brasil.jpg\",\"keywords\":[\"Banco Central (BC)\",\"Especialistas\",\"Fernando Haddad\",\"Lula\",\"reforma tribut\u00e1ria\",\"Roberto Campos Neto\"],\"articleSection\":[\"Pol\u00edtica\"],\"inLanguage\":\"pt-BR\"},{\"@type\":\"WebPage\",\"@id\":\"https:\/\/www.suno.com.br\/noticias\/lula-critica-banco-central-mudanca-meta-de-inflacao\/\",\"url\":\"https:\/\/www.suno.com.br\/noticias\/lula-critica-banco-central-mudanca-meta-de-inflacao\/\",\"name\":\"Lula critica Banco Central e quer mudan\u00e7a na meta de infla\u00e7\u00e3o\",\"isPartOf\":{\"@id\":\"https:\/\/www.suno.com.br\/noticias\/#website\"},\"primaryImageOfPage\":{\"@id\":\"https:\/\/www.suno.com.br\/noticias\/lula-critica-banco-central-mudanca-meta-de-inflacao\/#primaryimage\"},\"image\":{\"@id\":\"https:\/\/www.suno.com.br\/noticias\/lula-critica-banco-central-mudanca-meta-de-inflacao\/#primaryimage\"},\"thumbnailUrl\":\"https:\/\/files.sunoresearch.com.br\/n\/uploads\/2022\/12\/lula-presidente-entreista-ccbb-foto-antonio-cruz-agencia-brasil.jpg\",\"datePublished\":\"2023-01-20T17:26:49+00:00\",\"dateModified\":\"2023-01-20T18:59:31+00:00\",\"description\":\"O presidente Lula fez cr\u00edticas \u00e0 independ\u00eancia do Banco Central ainda nesta semana. Entenda o impacto no mercado!\",\"breadcrumb\":{\"@id\":\"https:\/\/www.suno.com.br\/noticias\/lula-critica-banco-central-mudanca-meta-de-inflacao\/#breadcrumb\"},\"inLanguage\":\"pt-BR\",\"potentialAction\":[{\"@type\":\"ReadAction\",\"target\":[\"https:\/\/www.suno.com.br\/noticias\/lula-critica-banco-central-mudanca-meta-de-inflacao\/\"]}]},{\"@type\":\"ImageObject\",\"inLanguage\":\"pt-BR\",\"@id\":\"https:\/\/www.suno.com.br\/noticias\/lula-critica-banco-central-mudanca-meta-de-inflacao\/#primaryimage\",\"url\":\"https:\/\/files.sunoresearch.com.br\/n\/uploads\/2022\/12\/lula-presidente-entreista-ccbb-foto-antonio-cruz-agencia-brasil.jpg\",\"contentUrl\":\"https:\/\/files.sunoresearch.com.br\/n\/uploads\/2022\/12\/lula-presidente-entreista-ccbb-foto-antonio-cruz-agencia-brasil.jpg\",\"width\":1200,\"height\":675,\"caption\":\"Luiz In\u00e1cio Lula da Silva (PT) em entrevista no CCBB. Foto: Antonio Cruz\/Ag\u00eancia Brasil\"},{\"@type\":\"BreadcrumbList\",\"@id\":\"https:\/\/www.suno.com.br\/noticias\/lula-critica-banco-central-mudanca-meta-de-inflacao\/#breadcrumb\",\"itemListElement\":[{\"@type\":\"ListItem\",\"position\":1,\"name\":\"Not\u00edcias\",\"item\":\"https:\/\/www.suno.com.br\/noticias\/\"},{\"@type\":\"ListItem\",\"position\":2,\"name\":\"Pol\u00edtica\",\"item\":\"https:\/\/www.suno.com.br\/noticias\/politica\/\"},{\"@type\":\"ListItem\",\"position\":3,\"name\":\"Lula critica Banco Central e quer mudan\u00e7a na meta de infla\u00e7\u00e3o; mercado reage mal\"}]},{\"@type\":\"WebSite\",\"@id\":\"https:\/\/www.suno.com.br\/noticias\/#website\",\"url\":\"https:\/\/www.suno.com.br\/noticias\/\",\"name\":\"Suno Not\u00edcias\",\"description\":\"Seu portal de informa\u00e7\u00e3o sobre o mundo dos investimentos\",\"publisher\":{\"@id\":\"https:\/\/www.suno.com.br\/noticias\/#organization\"},\"potentialAction\":[{\"@type\":\"SearchAction\",\"target\":{\"@type\":\"EntryPoint\",\"urlTemplate\":\"https:\/\/www.suno.com.br\/noticias\/?s={search_term_string}\"},\"query-input\":{\"@type\":\"PropertyValueSpecification\",\"valueRequired\":true,\"valueName\":\"search_term_string\"}}],\"inLanguage\":\"pt-BR\"},{\"@type\":\"Organization\",\"@id\":\"https:\/\/www.suno.com.br\/noticias\/#organization\",\"name\":\"Suno Not\u00edcias\",\"url\":\"https:\/\/www.suno.com.br\/noticias\/\",\"logo\":{\"@type\":\"ImageObject\",\"inLanguage\":\"pt-BR\",\"@id\":\"https:\/\/www.suno.com.br\/noticias\/#\/schema\/logo\/image\/\",\"url\":\"https:\/\/files.sunoresearch.com.br\/n\/uploads\/2021\/09\/suno-logo.png\",\"contentUrl\":\"https:\/\/files.sunoresearch.com.br\/n\/uploads\/2021\/09\/suno-logo.png\",\"width\":180,\"height\":180,\"caption\":\"Suno Not\u00edcias\"},\"image\":{\"@id\":\"https:\/\/www.suno.com.br\/noticias\/#\/schema\/logo\/image\/\"},\"sameAs\":[\"https:\/\/facebook.com\/sunoresearch\",\"https:\/\/x.com\/sunoresearch\",\"https:\/\/www.instagram.com\/suno\",\"https:\/\/www.linkedin.com\/company\/suno-research\/\",\"https:\/\/www.youtube.com\/c\/sunoresearch\"]},{\"@type\":\"Person\",\"@id\":\"https:\/\/www.suno.com.br\/noticias\/#\/schema\/person\/c9d40f227e4ffee8114b1299c28902b0\",\"name\":\"Beatriz Boyadjian\",\"image\":{\"@type\":\"ImageObject\",\"inLanguage\":\"pt-BR\",\"@id\":\"https:\/\/www.suno.com.br\/noticias\/#\/schema\/person\/image\/\",\"url\":\"https:\/\/secure.gravatar.com\/avatar\/4c3c59f4030e268f950437c4f36e38b7?s=96&r=g\",\"contentUrl\":\"https:\/\/secure.gravatar.com\/avatar\/4c3c59f4030e268f950437c4f36e38b7?s=96&r=g\",\"caption\":\"Beatriz Boyadjian\"},\"description\":\"Rep\u00f3rter multim\u00eddia no Suno Not\u00edcias. Jornalista formada pela Faculdade C\u00e1sper L\u00edbero, foi rep\u00f3rter da Forbes Brasil e atuou na cobertura de hard news, economia, neg\u00f3cios e lifestyle. Gerenciou as redes sociais da edi\u00e7\u00e3o brasileira da tradicional revista de neg\u00f3cios. Na M\u00e1quina Cohn&amp;Wolfe, atuou como rela\u00e7\u00f5es p\u00fablicas de clientes do N\u00facleo de Sa\u00fade da empresa. Produziu releases, notas, relat\u00f3rios, entre outros, para empresas como Biomm, Hypera, FIDI. Anteriormente, respons\u00e1vel pelas redes sociais do Suno Not\u00edcias.\",\"sameAs\":[\"https:\/\/www.linkedin.com\/in\/beatriz-boyadjian\/\"],\"url\":\"https:\/\/www.suno.com.br\/noticias\/author\/beatriz-boyadjian\/\"}]}<\/script>\n<!-- \/ Yoast SEO plugin. -->","yoast_head_json":{"title":"Lula critica Banco Central e quer mudan\u00e7a na meta de infla\u00e7\u00e3o","description":"O presidente Lula fez cr\u00edticas \u00e0 independ\u00eancia do Banco Central ainda nesta semana. Entenda o impacto no mercado!","robots":{"index":"index","follow":"follow","max-snippet":"max-snippet:-1","max-image-preview":"max-image-preview:large","max-video-preview":"max-video-preview:-1"},"canonical":"https:\/\/www.suno.com.br\/noticias\/lula-critica-banco-central-mudanca-meta-de-inflacao\/","og_locale":"pt_BR","og_type":"article","og_title":"Lula critica Banco Central e quer mudan\u00e7a na meta de infla\u00e7\u00e3o","og_description":"O presidente Lula fez cr\u00edticas \u00e0 independ\u00eancia do Banco Central ainda nesta semana. Entenda o impacto no mercado!","og_url":"https:\/\/www.suno.com.br\/noticias\/lula-critica-banco-central-mudanca-meta-de-inflacao\/","og_site_name":"Suno Not\u00edcias","article_publisher":"https:\/\/facebook.com\/sunoresearch","og_image":[{"width":1200,"height":675,"url":"https:\/\/files.sunoresearch.com.br\/n\/uploads\/2022\/12\/lula-presidente-entreista-ccbb-foto-antonio-cruz-agencia-brasil.jpg","type":"image\/jpeg"}],"author":"Beatriz Boyadjian","twitter_card":"summary_large_image","twitter_creator":"@sunoresearch","twitter_site":"@sunoresearch","twitter_misc":{"Escrito por":"Beatriz Boyadjian","Est. tempo de leitura":"5 minutos"},"schema":{"@context":"https:\/\/schema.org","@graph":[{"@type":"NewsArticle","@id":"https:\/\/www.suno.com.br\/noticias\/lula-critica-banco-central-mudanca-meta-de-inflacao\/#article","isPartOf":{"@id":"https:\/\/www.suno.com.br\/noticias\/lula-critica-banco-central-mudanca-meta-de-inflacao\/"},"author":{"name":"Beatriz Boyadjian","@id":"https:\/\/www.suno.com.br\/noticias\/#\/schema\/person\/c9d40f227e4ffee8114b1299c28902b0"},"headline":"Lula critica Banco Central e quer mudan\u00e7a na meta de infla\u00e7\u00e3o; mercado reage mal","datePublished":"2023-01-20T17:26:49+00:00","dateModified":"2023-01-20T18:59:31+00:00","mainEntityOfPage":{"@id":"https:\/\/www.suno.com.br\/noticias\/lula-critica-banco-central-mudanca-meta-de-inflacao\/"},"wordCount":972,"publisher":{"@id":"https:\/\/www.suno.com.br\/noticias\/#organization"},"image":{"@id":"https:\/\/www.suno.com.br\/noticias\/lula-critica-banco-central-mudanca-meta-de-inflacao\/#primaryimage"},"thumbnailUrl":"https:\/\/files.sunoresearch.com.br\/n\/uploads\/2022\/12\/lula-presidente-entreista-ccbb-foto-antonio-cruz-agencia-brasil.jpg","keywords":["Banco Central (BC)","Especialistas","Fernando Haddad","Lula","reforma tribut\u00e1ria","Roberto Campos Neto"],"articleSection":["Pol\u00edtica"],"inLanguage":"pt-BR"},{"@type":"WebPage","@id":"https:\/\/www.suno.com.br\/noticias\/lula-critica-banco-central-mudanca-meta-de-inflacao\/","url":"https:\/\/www.suno.com.br\/noticias\/lula-critica-banco-central-mudanca-meta-de-inflacao\/","name":"Lula critica Banco Central e quer mudan\u00e7a na meta de infla\u00e7\u00e3o","isPartOf":{"@id":"https:\/\/www.suno.com.br\/noticias\/#website"},"primaryImageOfPage":{"@id":"https:\/\/www.suno.com.br\/noticias\/lula-critica-banco-central-mudanca-meta-de-inflacao\/#primaryimage"},"image":{"@id":"https:\/\/www.suno.com.br\/noticias\/lula-critica-banco-central-mudanca-meta-de-inflacao\/#primaryimage"},"thumbnailUrl":"https:\/\/files.sunoresearch.com.br\/n\/uploads\/2022\/12\/lula-presidente-entreista-ccbb-foto-antonio-cruz-agencia-brasil.jpg","datePublished":"2023-01-20T17:26:49+00:00","dateModified":"2023-01-20T18:59:31+00:00","description":"O presidente Lula fez cr\u00edticas \u00e0 independ\u00eancia do Banco Central ainda nesta semana. Entenda o impacto no mercado!","breadcrumb":{"@id":"https:\/\/www.suno.com.br\/noticias\/lula-critica-banco-central-mudanca-meta-de-inflacao\/#breadcrumb"},"inLanguage":"pt-BR","potentialAction":[{"@type":"ReadAction","target":["https:\/\/www.suno.com.br\/noticias\/lula-critica-banco-central-mudanca-meta-de-inflacao\/"]}]},{"@type":"ImageObject","inLanguage":"pt-BR","@id":"https:\/\/www.suno.com.br\/noticias\/lula-critica-banco-central-mudanca-meta-de-inflacao\/#primaryimage","url":"https:\/\/files.sunoresearch.com.br\/n\/uploads\/2022\/12\/lula-presidente-entreista-ccbb-foto-antonio-cruz-agencia-brasil.jpg","contentUrl":"https:\/\/files.sunoresearch.com.br\/n\/uploads\/2022\/12\/lula-presidente-entreista-ccbb-foto-antonio-cruz-agencia-brasil.jpg","width":1200,"height":675,"caption":"Luiz In\u00e1cio Lula da Silva (PT) em entrevista no CCBB. Foto: Antonio Cruz\/Ag\u00eancia Brasil"},{"@type":"BreadcrumbList","@id":"https:\/\/www.suno.com.br\/noticias\/lula-critica-banco-central-mudanca-meta-de-inflacao\/#breadcrumb","itemListElement":[{"@type":"ListItem","position":1,"name":"Not\u00edcias","item":"https:\/\/www.suno.com.br\/noticias\/"},{"@type":"ListItem","position":2,"name":"Pol\u00edtica","item":"https:\/\/www.suno.com.br\/noticias\/politica\/"},{"@type":"ListItem","position":3,"name":"Lula critica Banco Central e quer mudan\u00e7a na meta de infla\u00e7\u00e3o; mercado reage mal"}]},{"@type":"WebSite","@id":"https:\/\/www.suno.com.br\/noticias\/#website","url":"https:\/\/www.suno.com.br\/noticias\/","name":"Suno Not\u00edcias","description":"Seu portal de informa\u00e7\u00e3o sobre o mundo dos investimentos","publisher":{"@id":"https:\/\/www.suno.com.br\/noticias\/#organization"},"potentialAction":[{"@type":"SearchAction","target":{"@type":"EntryPoint","urlTemplate":"https:\/\/www.suno.com.br\/noticias\/?s={search_term_string}"},"query-input":{"@type":"PropertyValueSpecification","valueRequired":true,"valueName":"search_term_string"}}],"inLanguage":"pt-BR"},{"@type":"Organization","@id":"https:\/\/www.suno.com.br\/noticias\/#organization","name":"Suno Not\u00edcias","url":"https:\/\/www.suno.com.br\/noticias\/","logo":{"@type":"ImageObject","inLanguage":"pt-BR","@id":"https:\/\/www.suno.com.br\/noticias\/#\/schema\/logo\/image\/","url":"https:\/\/files.sunoresearch.com.br\/n\/uploads\/2021\/09\/suno-logo.png","contentUrl":"https:\/\/files.sunoresearch.com.br\/n\/uploads\/2021\/09\/suno-logo.png","width":180,"height":180,"caption":"Suno Not\u00edcias"},"image":{"@id":"https:\/\/www.suno.com.br\/noticias\/#\/schema\/logo\/image\/"},"sameAs":["https:\/\/facebook.com\/sunoresearch","https:\/\/x.com\/sunoresearch","https:\/\/www.instagram.com\/suno","https:\/\/www.linkedin.com\/company\/suno-research\/","https:\/\/www.youtube.com\/c\/sunoresearch"]},{"@type":"Person","@id":"https:\/\/www.suno.com.br\/noticias\/#\/schema\/person\/c9d40f227e4ffee8114b1299c28902b0","name":"Beatriz Boyadjian","image":{"@type":"ImageObject","inLanguage":"pt-BR","@id":"https:\/\/www.suno.com.br\/noticias\/#\/schema\/person\/image\/","url":"https:\/\/secure.gravatar.com\/avatar\/4c3c59f4030e268f950437c4f36e38b7?s=96&r=g","contentUrl":"https:\/\/secure.gravatar.com\/avatar\/4c3c59f4030e268f950437c4f36e38b7?s=96&r=g","caption":"Beatriz Boyadjian"},"description":"Rep\u00f3rter multim\u00eddia no Suno Not\u00edcias. Jornalista formada pela Faculdade C\u00e1sper L\u00edbero, foi rep\u00f3rter da Forbes Brasil e atuou na cobertura de hard news, economia, neg\u00f3cios e lifestyle. Gerenciou as redes sociais da edi\u00e7\u00e3o brasileira da tradicional revista de neg\u00f3cios. Na M\u00e1quina Cohn&amp;Wolfe, atuou como rela\u00e7\u00f5es p\u00fablicas de clientes do N\u00facleo de Sa\u00fade da empresa. Produziu releases, notas, relat\u00f3rios, entre outros, para empresas como Biomm, Hypera, FIDI. Anteriormente, respons\u00e1vel pelas redes sociais do Suno Not\u00edcias.","sameAs":["https:\/\/www.linkedin.com\/in\/beatriz-boyadjian\/"],"url":"https:\/\/www.suno.com.br\/noticias\/author\/beatriz-boyadjian\/"}]}},"default_loop_html":"<div class=\"cardsPage__listCard__boxs\"><div class=\"cardsPage__listCard__boxs__img\"><a href=\"https:\/\/www.suno.com.br\/noticias\/lula-critica-banco-central-mudanca-meta-de-inflacao\/\"><img class=\"mask\" src=\"https:\/\/www.suno.com.br\/noticias\/wp-content\/themes\/suno\/resources\/images\/spotlight\/spotlight1img\/bg-mask.png\" alt=\"Image Mask\"\/><img src=\"https:\/\/files.sunoresearch.com.br\/n\/uploads\/2022\/12\/lula-presidente-entreista-ccbb-foto-antonio-cruz-agencia-brasil-400x200.jpg\" alt=\"Lula critica Banco Central e quer mudan\u00e7a na meta de infla\u00e7\u00e3o; mercado reage mal\"\/><\/a><span class=\"spotlightCategory\"><a href=\"https:\/\/www.suno.com.br\/noticias\/politica\/\">Pol\u00edtica<\/a><\/span><\/div><div class=\"cardsPage__listCard__boxs__content\"><a href=\"https:\/\/www.suno.com.br\/noticias\/lula-critica-banco-central-mudanca-meta-de-inflacao\/\"><h2 class=\"content__title\">Lula critica Banco Central e quer mudan\u00e7a na meta de infla\u00e7\u00e3o; mercado reage mal<\/h2><\/a><div class=\"newsContent__article__meta\"><div class=\"newsContent__article__meta__authorBox\"><a href=\"https:\/\/www.suno.com.br\/noticias\/author\/beatriz-boyadjian\/\" class=\"authorBox__avatar noMobi\"><img src=\"https:\/\/secure.gravatar.com\/avatar\/4c3c59f4030e268f950437c4f36e38b7?s=96&#038;r=g\" alt=\"Beatriz Boyadjian\"><\/a><div class=\"authorBox__name\"><span>por\n\t\t\t<a href=\"https:\/\/www.suno.com.br\/noticias\/author\/beatriz-boyadjian\/\"><span itemprop=\"author\">Beatriz Boyadjian<\/span><\/a><\/span><time datetime=\"2023-01-20T14:26:49-03:00\" itemprop=\"datePublished\">20\/01\/2023 14:26<\/time><\/div><\/div><\/div><\/div><\/div>","single_layout":"posts","amp_enabled":true,"_links":{"self":[{"href":"https:\/\/www.suno.com.br\/noticias\/wp-json\/wp\/v2\/posts\/350507"}],"collection":[{"href":"https:\/\/www.suno.com.br\/noticias\/wp-json\/wp\/v2\/posts"}],"about":[{"href":"https:\/\/www.suno.com.br\/noticias\/wp-json\/wp\/v2\/types\/post"}],"author":[{"embeddable":true,"href":"https:\/\/www.suno.com.br\/noticias\/wp-json\/wp\/v2\/users\/70"}],"replies":[{"embeddable":true,"href":"https:\/\/www.suno.com.br\/noticias\/wp-json\/wp\/v2\/comments?post=350507"}],"version-history":[{"count":2,"href":"https:\/\/www.suno.com.br\/noticias\/wp-json\/wp\/v2\/posts\/350507\/revisions"}],"predecessor-version":[{"id":350632,"href":"https:\/\/www.suno.com.br\/noticias\/wp-json\/wp\/v2\/posts\/350507\/revisions\/350632"}],"wp:featuredmedia":[{"embeddable":true,"href":"https:\/\/www.suno.com.br\/noticias\/wp-json\/wp\/v2\/media\/328398"}],"wp:attachment":[{"href":"https:\/\/www.suno.com.br\/noticias\/wp-json\/wp\/v2\/media?parent=350507"}],"wp:term":[{"taxonomy":"category","embeddable":true,"href":"https:\/\/www.suno.com.br\/noticias\/wp-json\/wp\/v2\/categories?post=350507"},{"taxonomy":"post_tag","embeddable":true,"href":"https:\/\/www.suno.com.br\/noticias\/wp-json\/wp\/v2\/tags?post=350507"},{"taxonomy":"suno_strategy","embeddable":true,"href":"https:\/\/www.suno.com.br\/noticias\/wp-json\/wp\/v2\/suno_strategy?post=350507"}],"curies":[{"name":"wp","href":"https:\/\/api.w.org\/{rel}","templated":true}]}}