{"id":35050,"date":"2019-08-23T10:51:40","date_gmt":"2019-08-23T13:51:40","guid":{"rendered":"https:\/\/www.suno.com.br\/noticias\/?p=35050"},"modified":"2019-08-23T10:53:00","modified_gmt":"2019-08-23T13:53:00","slug":"mercosul-uniao-europeia-acordo-franca-amazonia","status":"publish","type":"post","link":"https:\/\/www.suno.com.br\/noticias\/mercosul-uniao-europeia-acordo-franca-amazonia\/","title":{"rendered":"Fran\u00e7a se op\u00f5e ao acordo entre UE e Mercosul devido as queimadas na Amaz\u00f4nia"},"content":{"rendered":"<p>As queimadas na Amaz\u00f4nia e as declara\u00e7\u00f5es do presidente da Rep\u00fablica sobre o caso, tem feito l\u00edderes europeus se posicionarem contra o acordo entre o <a href=\"https:\/\/www.suno.com.br\/artigos\/mercosul\/\">Mercosul<\/a> e a<strong><a href=\"https:\/\/www.suno.com.br\/artigos\/uniao-europeia\/\"> Uni\u00e3o Europeia<\/a><\/strong>.<\/p>\t<div class=\"wrapper-featured-image\">\n\t\t<figure class=\"spotlightImg\">\n\n\t\t\t<picture>\n\t\t\t\t<source media=\"(max-width: 768px)\" srcset=\"https:\/\/files.sunoresearch.com.br\/n\/uploads\/2019\/07\/2ccd4418-mercosul-ue-400x200.webp\">\n\t\t\t\t<img loading=\"lazy\" decoding=\"async\" class=\"newsContent__article__imgCapa lazyloadDisabled newsContent__article__imgCapa--noCaption\" src=\"https:\/\/files.sunoresearch.com.br\/n\/uploads\/2019\/07\/2ccd4418-mercosul-ue-jpg.webp\" width=\"800\" height=\"450\" alt=\"Fran\u00e7a se op\u00f5e ao acordo entre UE e Mercosul devido as queimadas na Amaz\u00f4nia\" fetchpriority=high \/>\n\t\t\t<\/picture>\n\n\t\t\t<figcaption class=\"wp-caption-text wp-caption-text--hide\">Acordo entre UE e Mercosul ser\u00e1 aprovado ap\u00f3s 2020, diz comiss\u00e1ria<\/figcaption>\n\t\t<\/figure>\n\t<\/div>\n\n\n\n<p>O escrit\u00f3rio da Fran\u00e7a acusou o presidente Jair Bolsonaro de mentir na c\u00fapula do<strong> <a href=\"https:\/\/www.suno.com.br\/artigos\/g20\/\">G20<\/a><\/strong> sobre as quest\u00f5es ambientais do Brasil. De acordo com o escrit\u00f3rio, a mentira foi usada como estrat\u00e9gia para minimizar as preocupa\u00e7\u00f5es com as mudan\u00e7as clim\u00e1ticas. Dessa forma, o pa\u00eds se op\u00f5e entre o acordo <strong>Mercosul<\/strong> e <strong>UE<\/strong>.<\/p>\n<p>Al\u00e9m disso, o primeiro ministro da Irlanda, Leo Varadkar, amea\u00e7ou de se posicionar contra o tratado caso o Brasil n\u00e3o respeite \u00e0s normas ambientais. &#8220;De maneira alguma a Irlanda votar\u00e1 a favor do acordo de livre-com\u00e9rcio entre UE-Mercosul se o Brasil n\u00e3o cumprir seus compromissos ambientais&#8221;, disse Varadkar.<\/p>\n\t<p>\n\t\t<a href=\"https:\/\/lp.suno.com.br\/cl\/webinario-suno-black-2024\/\" target=\"_blank\" data-element=\"shortcode-suno-banner\" title=\"Banner SUNO, clique e saiba mais\">\n\t\t\t<picture>\n\t\t\t\t<source media=\"(max-width: 500px)\" srcset=\"https:\/\/files.sunoresearch.com.br\/n\/uploads\/2024\/04\/400x300-Banner-Home-1.png\">\n\t\t\t\t<img class=\"newsContent__article__imgCapa newsContent__article__imgCapa--banner\"\n\t\t\t\t\tsrc=\"https:\/\/files.sunoresearch.com.br\/n\/uploads\/2024\/04\/400x300-Banner-Home-1.png\"\n\t\t\t\t\tdata-promo-id=\"102411\"\t\t\t\t\t\t\t\t\t\twidth='401' height='300'\t\t\t\t\talt=\"https:\/\/files.sunoresearch.com.br\/n\/uploads\/2024\/04\/400x300-Banner-Home-1.png\"\n\t\t\t\t>\n\t\t\t<\/picture>\n\t\t<\/a>\n\t<\/p>\n\n\n<h2>L\u00edderes internacionais se posicionam sobre queimadas na Amaz\u00f4nia<\/h2>\n<p>Na \u00faltima quinta-feira (22), o presidente da Fran\u00e7a, Emmanuel Macron, convocou os pa\u00edses membro da c\u00fapula G7 para discutir as queimadas na Amaz\u00f4nia. Em seu Twitter, o mandat\u00e1rio relembra que a Floresta Amaz\u00f4nica \u00e9 respons\u00e1vel por 20% do oxig\u00eanio do planeta.<\/p>\n<p class=\"twitter-tweet\">\n<p dir=\"ltr\" lang=\"en\">Our house is burning. Literally. The Amazon rain forest &#8211; the lungs which produces 20% of our planet\u2019s oxygen &#8211; is on fire. It is an international crisis. Members of the G7 Summit, let&#8217;s discuss this emergency first order in two days! <a href=\"https:\/\/twitter.com\/hashtag\/ActForTheAmazon?src=hash&amp;ref_src=twsrc%5Etfw\">#ActForTheAmazon<\/a> <a href=\"https:\/\/t.co\/dogOJj9big\">pic.twitter.com\/dogOJj9big<\/a><\/p>\n<p>\u2014 Emmanuel Macron (@EmmanuelMacron) <a href=\"https:\/\/twitter.com\/EmmanuelMacron\/status\/1164617008962527232?ref_src=twsrc%5Etfw\">August 22, 2019<\/a><\/p>\n<p><script async src=\"https:\/\/platform.twitter.com\/widgets.js\" charset=\"utf-8\"><\/script><\/p>\n<p>&#8220;Nossa casa est\u00e1 queimando. Literalmente. A Floresta Amaz\u00f4nica &#8211; os pulm\u00f5es que produzem 20% do oxig\u00eanio do nosso planeta &#8211; est\u00e1 em chamas. \u00c9 uma crise internacional. Membros da C\u00fapula do G7, vamos discutir em dois dias este tema emergencial&#8221;, escreveu Macron.<\/p>\n<p>A c\u00fapula acontecer\u00e1 neste final de semana, em Biarritz, na Fran\u00e7a.<\/p>\n<p>O porta-voz da chanceler alem\u00e3, Angela Merkel, afirmou que os inc\u00eandios constituem uma &#8220;situa\u00e7\u00e3o urgente&#8221; que dever\u00e1 ser discutida durante a c\u00fapula do G7.<\/p>\n<p><a href=\"\/\/www.suno.com.br\/noticias\/amazonia-bolsonaro-exportacoes-agronegocio\/\">Confira Tamb\u00e9m: Amaz\u00f4nia: Declara\u00e7\u00f5es de Bolsonaro preocupam governo<\/a><\/p>\n<p>&#8220;A chanceler est\u00e1 convencida&#8221; de que a quest\u00e3o &#8220;deve constar na agenda dos pa\u00edses do G7 quando se reunirem este final de semana&#8221; em Biarritz, declarou Steffen Seibert em Berlim. Merkel &#8220;apoia completamente o presidente franc\u00eas&#8221; neste ponto, acrescentou o porta-voz da primeira-ministra.<\/p>\n<p>Antes das queimadas, o ministro das Rela\u00e7\u00f5es Exteriores da Fran\u00e7a, Jean-Yves Le Drian, havia afirmado que o pa\u00eds deveria ratificar o acordo entre a <strong>UE<\/strong>\u00a0e o <strong>Mercosul<\/strong> depois do ano de 2020.<\/p>\n","protected":false},"excerpt":{"rendered":"<p>As queimadas na Amaz\u00f4nia e as declara\u00e7\u00f5es do presidente da Rep\u00fablica sobre o caso, tem feito l\u00edderes europeus se posicionarem contra o acordo entre o Mercosul e a Uni\u00e3o Europeia. Acordo entre UE e Mercosul ser\u00e1 aprovado ap\u00f3s 2020, diz comiss\u00e1ria O escrit\u00f3rio da Fran\u00e7a acusou o presidente Jair Bolsonaro de mentir na c\u00fapula do [&hellip;]<\/p>\n","protected":false},"author":15,"featured_media":31634,"comment_status":"closed","ping_status":"closed","sticky":false,"template":"","format":"standard","meta":[],"categories":[63],"tags":[1546,719,868,731],"suno_strategy":[],"class_list":["post-35050","post","type-post","status-publish","format-standard","has-post-thumbnail","hentry","category-internacional","tag-acordo-comercial","tag-jair-bolsonaro","tag-mercosul","tag-uniao-europeia"],"yoast_head":"<!-- This site is optimized with the Yoast SEO plugin v24.4 - https:\/\/yoast.com\/wordpress\/plugins\/seo\/ -->\n<title>Fran\u00e7a se op\u00f5e ao acordo entre UE e Mercosul devido \u00e0s queimadas<\/title>\n<meta name=\"description\" content=\"As queimadas na Amaz\u00f4nia tem feito l\u00edderes europeus se posicionarem contra o acordo entre UE e Mercosul. Clique aqui e saiba mais\" \/>\n<meta name=\"robots\" content=\"index, follow, max-snippet:-1, max-image-preview:large, max-video-preview:-1\" \/>\n<link rel=\"canonical\" href=\"https:\/\/www.suno.com.br\/noticias\/mercosul-uniao-europeia-acordo-franca-amazonia\/\" \/>\n<meta property=\"og:locale\" content=\"pt_BR\" \/>\n<meta property=\"og:type\" content=\"article\" \/>\n<meta property=\"og:title\" content=\"Fran\u00e7a se op\u00f5e ao acordo entre UE e Mercosul devido \u00e0s queimadas\" \/>\n<meta property=\"og:description\" content=\"As queimadas na Amaz\u00f4nia tem feito l\u00edderes europeus se posicionarem contra o acordo entre UE e Mercosul. Clique aqui e saiba mais\" \/>\n<meta property=\"og:url\" content=\"https:\/\/www.suno.com.br\/noticias\/mercosul-uniao-europeia-acordo-franca-amazonia\/\" \/>\n<meta property=\"og:site_name\" content=\"Suno Not\u00edcias\" \/>\n<meta property=\"article:publisher\" content=\"https:\/\/facebook.com\/sunoresearch\" \/>\n<meta property=\"og:image\" content=\"https:\/\/files.sunoresearch.com.br\/n\/uploads\/2019\/07\/2ccd4418-mercosul-ue.jpg\" \/>\n\t<meta property=\"og:image:width\" content=\"640\" \/>\n\t<meta property=\"og:image:height\" content=\"359\" \/>\n\t<meta property=\"og:image:type\" content=\"image\/jpeg\" \/>\n<meta name=\"author\" content=\"Poliana Santos\" \/>\n<meta name=\"twitter:card\" content=\"summary_large_image\" \/>\n<meta name=\"twitter:creator\" content=\"@sunoresearch\" \/>\n<meta name=\"twitter:site\" content=\"@sunoresearch\" \/>\n<meta name=\"twitter:label1\" content=\"Escrito por\" \/>\n\t<meta name=\"twitter:data1\" content=\"Poliana Santos\" \/>\n\t<meta name=\"twitter:label2\" content=\"Est. tempo de leitura\" \/>\n\t<meta name=\"twitter:data2\" content=\"2 minutos\" \/>\n<script type=\"application\/ld+json\" class=\"yoast-schema-graph\">{\"@context\":\"https:\/\/schema.org\",\"@graph\":[{\"@type\":\"NewsArticle\",\"@id\":\"https:\/\/www.suno.com.br\/noticias\/mercosul-uniao-europeia-acordo-franca-amazonia\/#article\",\"isPartOf\":{\"@id\":\"https:\/\/www.suno.com.br\/noticias\/mercosul-uniao-europeia-acordo-franca-amazonia\/\"},\"author\":{\"name\":\"Poliana Santos\",\"@id\":\"https:\/\/www.suno.com.br\/noticias\/#\/schema\/person\/02ec1f752758247878a2bf4abee1aeda\"},\"headline\":\"Fran\u00e7a se op\u00f5e ao acordo entre UE e Mercosul devido as queimadas na Amaz\u00f4nia\",\"datePublished\":\"2019-08-23T13:51:40+00:00\",\"dateModified\":\"2019-08-23T13:53:00+00:00\",\"mainEntityOfPage\":{\"@id\":\"https:\/\/www.suno.com.br\/noticias\/mercosul-uniao-europeia-acordo-franca-amazonia\/\"},\"wordCount\":458,\"publisher\":{\"@id\":\"https:\/\/www.suno.com.br\/noticias\/#organization\"},\"image\":{\"@id\":\"https:\/\/www.suno.com.br\/noticias\/mercosul-uniao-europeia-acordo-franca-amazonia\/#primaryimage\"},\"thumbnailUrl\":\"https:\/\/files.sunoresearch.com.br\/n\/uploads\/2019\/07\/2ccd4418-mercosul-ue-jpg.webp\",\"keywords\":[\"acordo comercial\",\"Jair Bolsonaro\",\"Mercosul\",\"Uni\u00e3o Europeia\"],\"articleSection\":[\"Internacional\"],\"inLanguage\":\"pt-BR\"},{\"@type\":\"WebPage\",\"@id\":\"https:\/\/www.suno.com.br\/noticias\/mercosul-uniao-europeia-acordo-franca-amazonia\/\",\"url\":\"https:\/\/www.suno.com.br\/noticias\/mercosul-uniao-europeia-acordo-franca-amazonia\/\",\"name\":\"Fran\u00e7a se op\u00f5e ao acordo entre UE e Mercosul devido \u00e0s queimadas\",\"isPartOf\":{\"@id\":\"https:\/\/www.suno.com.br\/noticias\/#website\"},\"primaryImageOfPage\":{\"@id\":\"https:\/\/www.suno.com.br\/noticias\/mercosul-uniao-europeia-acordo-franca-amazonia\/#primaryimage\"},\"image\":{\"@id\":\"https:\/\/www.suno.com.br\/noticias\/mercosul-uniao-europeia-acordo-franca-amazonia\/#primaryimage\"},\"thumbnailUrl\":\"https:\/\/files.sunoresearch.com.br\/n\/uploads\/2019\/07\/2ccd4418-mercosul-ue-jpg.webp\",\"datePublished\":\"2019-08-23T13:51:40+00:00\",\"dateModified\":\"2019-08-23T13:53:00+00:00\",\"description\":\"As queimadas na Amaz\u00f4nia tem feito l\u00edderes europeus se posicionarem contra o acordo entre UE e Mercosul. Clique aqui e saiba mais\",\"breadcrumb\":{\"@id\":\"https:\/\/www.suno.com.br\/noticias\/mercosul-uniao-europeia-acordo-franca-amazonia\/#breadcrumb\"},\"inLanguage\":\"pt-BR\",\"potentialAction\":[{\"@type\":\"ReadAction\",\"target\":[\"https:\/\/www.suno.com.br\/noticias\/mercosul-uniao-europeia-acordo-franca-amazonia\/\"]}]},{\"@type\":\"ImageObject\",\"inLanguage\":\"pt-BR\",\"@id\":\"https:\/\/www.suno.com.br\/noticias\/mercosul-uniao-europeia-acordo-franca-amazonia\/#primaryimage\",\"url\":\"https:\/\/files.sunoresearch.com.br\/n\/uploads\/2019\/07\/2ccd4418-mercosul-ue-jpg.webp\",\"contentUrl\":\"https:\/\/files.sunoresearch.com.br\/n\/uploads\/2019\/07\/2ccd4418-mercosul-ue-jpg.webp\",\"width\":640,\"height\":359,\"caption\":\"Acordo entre UE e Mercosul ser\u00e1 aprovado ap\u00f3s 2020, diz comiss\u00e1ria\"},{\"@type\":\"BreadcrumbList\",\"@id\":\"https:\/\/www.suno.com.br\/noticias\/mercosul-uniao-europeia-acordo-franca-amazonia\/#breadcrumb\",\"itemListElement\":[{\"@type\":\"ListItem\",\"position\":1,\"name\":\"Not\u00edcias\",\"item\":\"https:\/\/www.suno.com.br\/noticias\/\"},{\"@type\":\"ListItem\",\"position\":2,\"name\":\"Internacional\",\"item\":\"https:\/\/www.suno.com.br\/noticias\/internacional\/\"},{\"@type\":\"ListItem\",\"position\":3,\"name\":\"Fran\u00e7a se op\u00f5e ao acordo entre UE e Mercosul devido as queimadas na Amaz\u00f4nia\"}]},{\"@type\":\"WebSite\",\"@id\":\"https:\/\/www.suno.com.br\/noticias\/#website\",\"url\":\"https:\/\/www.suno.com.br\/noticias\/\",\"name\":\"Suno Not\u00edcias\",\"description\":\"Seu portal de informa\u00e7\u00e3o sobre o mundo dos investimentos\",\"publisher\":{\"@id\":\"https:\/\/www.suno.com.br\/noticias\/#organization\"},\"potentialAction\":[{\"@type\":\"SearchAction\",\"target\":{\"@type\":\"EntryPoint\",\"urlTemplate\":\"https:\/\/www.suno.com.br\/noticias\/?s={search_term_string}\"},\"query-input\":{\"@type\":\"PropertyValueSpecification\",\"valueRequired\":true,\"valueName\":\"search_term_string\"}}],\"inLanguage\":\"pt-BR\"},{\"@type\":\"Organization\",\"@id\":\"https:\/\/www.suno.com.br\/noticias\/#organization\",\"name\":\"Suno Not\u00edcias\",\"url\":\"https:\/\/www.suno.com.br\/noticias\/\",\"logo\":{\"@type\":\"ImageObject\",\"inLanguage\":\"pt-BR\",\"@id\":\"https:\/\/www.suno.com.br\/noticias\/#\/schema\/logo\/image\/\",\"url\":\"https:\/\/files.sunoresearch.com.br\/n\/uploads\/2021\/09\/suno-logo.png\",\"contentUrl\":\"https:\/\/files.sunoresearch.com.br\/n\/uploads\/2021\/09\/suno-logo.png\",\"width\":180,\"height\":180,\"caption\":\"Suno Not\u00edcias\"},\"image\":{\"@id\":\"https:\/\/www.suno.com.br\/noticias\/#\/schema\/logo\/image\/\"},\"sameAs\":[\"https:\/\/facebook.com\/sunoresearch\",\"https:\/\/x.com\/sunoresearch\",\"https:\/\/www.instagram.com\/suno\",\"https:\/\/www.linkedin.com\/company\/suno-research\/\",\"https:\/\/www.youtube.com\/c\/sunoresearch\"]},{\"@type\":\"Person\",\"@id\":\"https:\/\/www.suno.com.br\/noticias\/#\/schema\/person\/02ec1f752758247878a2bf4abee1aeda\",\"name\":\"Poliana Santos\",\"image\":{\"@type\":\"ImageObject\",\"inLanguage\":\"pt-BR\",\"@id\":\"https:\/\/www.suno.com.br\/noticias\/#\/schema\/person\/image\/\",\"url\":\"https:\/\/secure.gravatar.com\/avatar\/0645bd32f23d87b2130f2b2dff1d3f8d?s=96&r=g\",\"contentUrl\":\"https:\/\/secure.gravatar.com\/avatar\/0645bd32f23d87b2130f2b2dff1d3f8d?s=96&r=g\",\"caption\":\"Poliana Santos\"},\"description\":\"Rep\u00f3rter no Suno Not\u00edcias, com cobertura em mercado financeiro, economia, finan\u00e7as pessoais, renda fixa e varejo. Jornalista formada pela Faculdade C\u00e1sper L\u00edbero e possui passagem na R\u00e1dio Gazeta AM com a produ\u00e7\u00e3o de conte\u00fado sobre economia, pol\u00edtica, sa\u00fade, moda e m\u00fasica. Possui certificado de conclus\u00e3o do curso de An\u00e1lise de Balan\u00e7os pela Funda\u00e7\u00e3o Bradesco, Agenda Brasil pela FAAP, Educa\u00e7\u00e3o Pol\u00edtica por Alexandre Garcia e do Tesouro Direto e Mercado de A\u00e7\u00f5es pela B3.\",\"url\":\"https:\/\/www.suno.com.br\/noticias\/author\/poliana-santos\/\"}]}<\/script>\n<!-- \/ Yoast SEO plugin. -->","yoast_head_json":{"title":"Fran\u00e7a se op\u00f5e ao acordo entre UE e Mercosul devido \u00e0s queimadas","description":"As queimadas na Amaz\u00f4nia tem feito l\u00edderes europeus se posicionarem contra o acordo entre UE e Mercosul. Clique aqui e saiba mais","robots":{"index":"index","follow":"follow","max-snippet":"max-snippet:-1","max-image-preview":"max-image-preview:large","max-video-preview":"max-video-preview:-1"},"canonical":"https:\/\/www.suno.com.br\/noticias\/mercosul-uniao-europeia-acordo-franca-amazonia\/","og_locale":"pt_BR","og_type":"article","og_title":"Fran\u00e7a se op\u00f5e ao acordo entre UE e Mercosul devido \u00e0s queimadas","og_description":"As queimadas na Amaz\u00f4nia tem feito l\u00edderes europeus se posicionarem contra o acordo entre UE e Mercosul. Clique aqui e saiba mais","og_url":"https:\/\/www.suno.com.br\/noticias\/mercosul-uniao-europeia-acordo-franca-amazonia\/","og_site_name":"Suno Not\u00edcias","article_publisher":"https:\/\/facebook.com\/sunoresearch","og_image":[{"width":640,"height":359,"url":"https:\/\/files.sunoresearch.com.br\/n\/uploads\/2019\/07\/2ccd4418-mercosul-ue.jpg","type":"image\/jpeg"}],"author":"Poliana Santos","twitter_card":"summary_large_image","twitter_creator":"@sunoresearch","twitter_site":"@sunoresearch","twitter_misc":{"Escrito por":"Poliana Santos","Est. tempo de leitura":"2 minutos"},"schema":{"@context":"https:\/\/schema.org","@graph":[{"@type":"NewsArticle","@id":"https:\/\/www.suno.com.br\/noticias\/mercosul-uniao-europeia-acordo-franca-amazonia\/#article","isPartOf":{"@id":"https:\/\/www.suno.com.br\/noticias\/mercosul-uniao-europeia-acordo-franca-amazonia\/"},"author":{"name":"Poliana Santos","@id":"https:\/\/www.suno.com.br\/noticias\/#\/schema\/person\/02ec1f752758247878a2bf4abee1aeda"},"headline":"Fran\u00e7a se op\u00f5e ao acordo entre UE e Mercosul devido as queimadas na Amaz\u00f4nia","datePublished":"2019-08-23T13:51:40+00:00","dateModified":"2019-08-23T13:53:00+00:00","mainEntityOfPage":{"@id":"https:\/\/www.suno.com.br\/noticias\/mercosul-uniao-europeia-acordo-franca-amazonia\/"},"wordCount":458,"publisher":{"@id":"https:\/\/www.suno.com.br\/noticias\/#organization"},"image":{"@id":"https:\/\/www.suno.com.br\/noticias\/mercosul-uniao-europeia-acordo-franca-amazonia\/#primaryimage"},"thumbnailUrl":"https:\/\/files.sunoresearch.com.br\/n\/uploads\/2019\/07\/2ccd4418-mercosul-ue-jpg.webp","keywords":["acordo comercial","Jair Bolsonaro","Mercosul","Uni\u00e3o Europeia"],"articleSection":["Internacional"],"inLanguage":"pt-BR"},{"@type":"WebPage","@id":"https:\/\/www.suno.com.br\/noticias\/mercosul-uniao-europeia-acordo-franca-amazonia\/","url":"https:\/\/www.suno.com.br\/noticias\/mercosul-uniao-europeia-acordo-franca-amazonia\/","name":"Fran\u00e7a se op\u00f5e ao acordo entre UE e Mercosul devido \u00e0s queimadas","isPartOf":{"@id":"https:\/\/www.suno.com.br\/noticias\/#website"},"primaryImageOfPage":{"@id":"https:\/\/www.suno.com.br\/noticias\/mercosul-uniao-europeia-acordo-franca-amazonia\/#primaryimage"},"image":{"@id":"https:\/\/www.suno.com.br\/noticias\/mercosul-uniao-europeia-acordo-franca-amazonia\/#primaryimage"},"thumbnailUrl":"https:\/\/files.sunoresearch.com.br\/n\/uploads\/2019\/07\/2ccd4418-mercosul-ue-jpg.webp","datePublished":"2019-08-23T13:51:40+00:00","dateModified":"2019-08-23T13:53:00+00:00","description":"As queimadas na Amaz\u00f4nia tem feito l\u00edderes europeus se posicionarem contra o acordo entre UE e Mercosul. Clique aqui e saiba mais","breadcrumb":{"@id":"https:\/\/www.suno.com.br\/noticias\/mercosul-uniao-europeia-acordo-franca-amazonia\/#breadcrumb"},"inLanguage":"pt-BR","potentialAction":[{"@type":"ReadAction","target":["https:\/\/www.suno.com.br\/noticias\/mercosul-uniao-europeia-acordo-franca-amazonia\/"]}]},{"@type":"ImageObject","inLanguage":"pt-BR","@id":"https:\/\/www.suno.com.br\/noticias\/mercosul-uniao-europeia-acordo-franca-amazonia\/#primaryimage","url":"https:\/\/files.sunoresearch.com.br\/n\/uploads\/2019\/07\/2ccd4418-mercosul-ue-jpg.webp","contentUrl":"https:\/\/files.sunoresearch.com.br\/n\/uploads\/2019\/07\/2ccd4418-mercosul-ue-jpg.webp","width":640,"height":359,"caption":"Acordo entre UE e Mercosul ser\u00e1 aprovado ap\u00f3s 2020, diz comiss\u00e1ria"},{"@type":"BreadcrumbList","@id":"https:\/\/www.suno.com.br\/noticias\/mercosul-uniao-europeia-acordo-franca-amazonia\/#breadcrumb","itemListElement":[{"@type":"ListItem","position":1,"name":"Not\u00edcias","item":"https:\/\/www.suno.com.br\/noticias\/"},{"@type":"ListItem","position":2,"name":"Internacional","item":"https:\/\/www.suno.com.br\/noticias\/internacional\/"},{"@type":"ListItem","position":3,"name":"Fran\u00e7a se op\u00f5e ao acordo entre UE e Mercosul devido as queimadas na Amaz\u00f4nia"}]},{"@type":"WebSite","@id":"https:\/\/www.suno.com.br\/noticias\/#website","url":"https:\/\/www.suno.com.br\/noticias\/","name":"Suno Not\u00edcias","description":"Seu portal de informa\u00e7\u00e3o sobre o mundo dos investimentos","publisher":{"@id":"https:\/\/www.suno.com.br\/noticias\/#organization"},"potentialAction":[{"@type":"SearchAction","target":{"@type":"EntryPoint","urlTemplate":"https:\/\/www.suno.com.br\/noticias\/?s={search_term_string}"},"query-input":{"@type":"PropertyValueSpecification","valueRequired":true,"valueName":"search_term_string"}}],"inLanguage":"pt-BR"},{"@type":"Organization","@id":"https:\/\/www.suno.com.br\/noticias\/#organization","name":"Suno Not\u00edcias","url":"https:\/\/www.suno.com.br\/noticias\/","logo":{"@type":"ImageObject","inLanguage":"pt-BR","@id":"https:\/\/www.suno.com.br\/noticias\/#\/schema\/logo\/image\/","url":"https:\/\/files.sunoresearch.com.br\/n\/uploads\/2021\/09\/suno-logo.png","contentUrl":"https:\/\/files.sunoresearch.com.br\/n\/uploads\/2021\/09\/suno-logo.png","width":180,"height":180,"caption":"Suno Not\u00edcias"},"image":{"@id":"https:\/\/www.suno.com.br\/noticias\/#\/schema\/logo\/image\/"},"sameAs":["https:\/\/facebook.com\/sunoresearch","https:\/\/x.com\/sunoresearch","https:\/\/www.instagram.com\/suno","https:\/\/www.linkedin.com\/company\/suno-research\/","https:\/\/www.youtube.com\/c\/sunoresearch"]},{"@type":"Person","@id":"https:\/\/www.suno.com.br\/noticias\/#\/schema\/person\/02ec1f752758247878a2bf4abee1aeda","name":"Poliana Santos","image":{"@type":"ImageObject","inLanguage":"pt-BR","@id":"https:\/\/www.suno.com.br\/noticias\/#\/schema\/person\/image\/","url":"https:\/\/secure.gravatar.com\/avatar\/0645bd32f23d87b2130f2b2dff1d3f8d?s=96&r=g","contentUrl":"https:\/\/secure.gravatar.com\/avatar\/0645bd32f23d87b2130f2b2dff1d3f8d?s=96&r=g","caption":"Poliana Santos"},"description":"Rep\u00f3rter no Suno Not\u00edcias, com cobertura em mercado financeiro, economia, finan\u00e7as pessoais, renda fixa e varejo. Jornalista formada pela Faculdade C\u00e1sper L\u00edbero e possui passagem na R\u00e1dio Gazeta AM com a produ\u00e7\u00e3o de conte\u00fado sobre economia, pol\u00edtica, sa\u00fade, moda e m\u00fasica. Possui certificado de conclus\u00e3o do curso de An\u00e1lise de Balan\u00e7os pela Funda\u00e7\u00e3o Bradesco, Agenda Brasil pela FAAP, Educa\u00e7\u00e3o Pol\u00edtica por Alexandre Garcia e do Tesouro Direto e Mercado de A\u00e7\u00f5es pela B3.","url":"https:\/\/www.suno.com.br\/noticias\/author\/poliana-santos\/"}]}},"default_loop_html":"<div class=\"cardsPage__listCard__boxs\"><div class=\"cardsPage__listCard__boxs__img\"><a href=\"https:\/\/www.suno.com.br\/noticias\/mercosul-uniao-europeia-acordo-franca-amazonia\/\"><img class=\"mask\" src=\"https:\/\/www.suno.com.br\/noticias\/wp-content\/themes\/suno\/resources\/images\/spotlight\/spotlight1img\/bg-mask.png\" alt=\"Image Mask\"\/><img src=\"https:\/\/files.sunoresearch.com.br\/n\/uploads\/2019\/07\/2ccd4418-mercosul-ue-400x200.webp\" alt=\"Fran\u00e7a se op\u00f5e ao acordo entre UE e Mercosul devido as queimadas na Amaz\u00f4nia\"\/><\/a><span class=\"spotlightCategory\"><a href=\"https:\/\/www.suno.com.br\/noticias\/internacional\/\">Internacional<\/a><\/span><\/div><div class=\"cardsPage__listCard__boxs__content\"><a href=\"https:\/\/www.suno.com.br\/noticias\/mercosul-uniao-europeia-acordo-franca-amazonia\/\"><h2 class=\"content__title\">Fran\u00e7a se op\u00f5e ao acordo entre UE e Mercosul devido as queimadas na Amaz\u00f4nia<\/h2><\/a><div class=\"newsContent__article__meta\"><div class=\"newsContent__article__meta__authorBox\"><a href=\"https:\/\/www.suno.com.br\/noticias\/author\/poliana-santos\/\" class=\"authorBox__avatar noMobi\"><img src=\"https:\/\/files.sunoresearch.com.br\/n\/uploads\/2020\/08\/7ef34026-whatsapp-image-2020-08-03-at-12.37.57-150x150.webp\" alt=\"Poliana Santos\"><\/a><div class=\"authorBox__name\"><span>por\n\t\t\t<a href=\"https:\/\/www.suno.com.br\/noticias\/author\/poliana-santos\/\"><span itemprop=\"author\">Poliana Santos<\/span><\/a><\/span><time datetime=\"2019-08-23T10:51:40-03:00\" itemprop=\"datePublished\">23\/08\/2019 10:51<\/time><\/div><\/div><\/div><\/div><\/div>","single_layout":"posts","amp_enabled":true,"_links":{"self":[{"href":"https:\/\/www.suno.com.br\/noticias\/wp-json\/wp\/v2\/posts\/35050"}],"collection":[{"href":"https:\/\/www.suno.com.br\/noticias\/wp-json\/wp\/v2\/posts"}],"about":[{"href":"https:\/\/www.suno.com.br\/noticias\/wp-json\/wp\/v2\/types\/post"}],"author":[{"embeddable":true,"href":"https:\/\/www.suno.com.br\/noticias\/wp-json\/wp\/v2\/users\/15"}],"replies":[{"embeddable":true,"href":"https:\/\/www.suno.com.br\/noticias\/wp-json\/wp\/v2\/comments?post=35050"}],"version-history":[{"count":0,"href":"https:\/\/www.suno.com.br\/noticias\/wp-json\/wp\/v2\/posts\/35050\/revisions"}],"wp:featuredmedia":[{"embeddable":true,"href":"https:\/\/www.suno.com.br\/noticias\/wp-json\/wp\/v2\/media\/31634"}],"wp:attachment":[{"href":"https:\/\/www.suno.com.br\/noticias\/wp-json\/wp\/v2\/media?parent=35050"}],"wp:term":[{"taxonomy":"category","embeddable":true,"href":"https:\/\/www.suno.com.br\/noticias\/wp-json\/wp\/v2\/categories?post=35050"},{"taxonomy":"post_tag","embeddable":true,"href":"https:\/\/www.suno.com.br\/noticias\/wp-json\/wp\/v2\/tags?post=35050"},{"taxonomy":"suno_strategy","embeddable":true,"href":"https:\/\/www.suno.com.br\/noticias\/wp-json\/wp\/v2\/suno_strategy?post=35050"}],"curies":[{"name":"wp","href":"https:\/\/api.w.org\/{rel}","templated":true}]}}