{"id":350384,"date":"2023-01-20T10:54:24","date_gmt":"2023-01-20T13:54:24","guid":{"rendered":"https:\/\/www.suno.com.br\/noticias\/?p=350384"},"modified":"2023-01-20T12:25:40","modified_gmt":"2023-01-20T15:25:40","slug":"google-gogl34-demissoes-2023","status":"publish","type":"post","link":"https:\/\/www.suno.com.br\/noticias\/google-gogl34-demissoes-2023\/","title":{"rendered":"Google (GOGL34) demitir\u00e1 12 mil funcion\u00e1rios em 2023"},"content":{"rendered":"<p>A empresa matriz do <strong>Google<\/strong>, a Alphabet (<a class=\"suno-keyword\" data-force=\"yes\" data-priority=\"2\" href=\"https:\/\/www.suno.com.br\/bdrs\/gogl34\/\" target=\"_blank\" rel=\"noopener\">GOGL34<\/a>), anunciou nesta sexta-feira (20) que planeja demitir o total de 12 mil funcion\u00e1rios ao redor do mundo.<\/p><div class=\"videoFull \">\n\t\t\t<div class=\"videoWrapper yt-lazyload center\"\n\t\t\t\tdata-width=\"960\"\n\t\t\t\tdata-height=\"540\"\n\t\t\t\tdata-id=\"m0QfZ_eoQeY\"\n\t\t\t\tdata-alt=\"V\u00eddeo do YouTube - clique para reproduzir\"\n\t\t\t\tdata-logo=\"3\"\n\t\t\t\tdata-imagequality=\"maxres\">\n\t\t\t<\/div>\n\t\t<\/div><script type=\"application\/ld+json\">{\"@context\":\"https:\/\/schema.org\",\"@type\":\"VideoObject\",\"name\":\"RECUPERA\u00c7\u00c3O JUDICIAL DA AMERICANAS (AMER3): O QUE MUDA | Choque entre Lula e Banco Central\",\"description\":\"\ud83d\udd0e \ud83d\udcca[\ud835\uddf2\ud835\uddd5\ud835\uddfc\ud835\uddfc\ud835\uddf8 \ud835\uddda\ud835\udde5\ud835\uddd4\ud835\udde7\ud835\udde8\ud835\udddc\ud835\udde7\ud835\udde2] \ud835\uddd4\ud835\uddfd\ud835\uddff\ud835\uddf2\ud835\uddfb\ud835\uddf1\ud835\uddee \ud835\uddf0\ud835\uddfc\ud835\uddfa\ud835\uddfc \ud835\uddee\ud835\uddfb\ud835\uddee\ud835\uddf9\ud835\uddf6\ud835\ude00\ud835\uddee\ud835\uddff \ud835\ude02\ud835\uddfa\ud835\uddee \ud835\uddee\u00e7\u00e3\ud835\uddfc\u200b \ud83d\udc47 https:\/\/lp.suno.com.br\/ebook-como-analisar-uma-acao\/?utm_source=youtube.noticias&utm_medium=live&utm_campaign=ebookcomoanalisarumaacao.20230116&utm_content=ytnoticias.morning.17012023 \ud83d\udea8\ud83d\udcb8\ud835\udc01\ud835\udc1a\ud835\udc22\ud835\udc31\ud835\udc1e \ud835\udc28 \ud835\udc20\ud835\udc2e\ud835\udc22\ud835\udc1a \"\ud835\udc02\ud835\udc28\ud835\udc26\ud835\udc28 \ud835\udc22\ud835\udc27\ud835\udc2f\ud835\udc1e\ud835\udc2c\ud835\udc2d\ud835\udc22\ud835\udc2b \ud835\udc1e\ud835\udc26 \ud835\udfd0\ud835\udfce\ud835\udfd0\ud835\udfd1\" \ud835\udc27\ud835\udc28 \ud835\udc25\ud835\udc22\ud835\udc27\ud835\udc24 \ud83d\udc47 https:\/\/lp.suno.com.br\/cl\/sr-guia-como-investir-em-2023\/?utm_source=youtube.noticias&utm_medium=live&utm_campaign=N\/A.ns.20230109&utm_content=ytnoticias.morning.13012023 #morningcall #Not\u00edcias #amer3 #americanas #bolsadevalores #mercadofinanceiro #investimentos #investidores #dinheiro #bancocentral #lula #infla\u00e7\u00e3o #sanb11 #bbas3 \ud83d\udd34\ud835\udc08\ud835\udc0d\ud835\udc12\ud835\udc02\ud835\udc11\ud835\udc04\ud835\udc15\ud835\udc00-\ud835\udc12\ud835\udc04 \ud835\udc0d\ud835\udc0e \ud835\udc02\ud835\udc00\ud835\udc0d\ud835\udc00\ud835\udc0b \ud835\udc04 \ud835\udc00\ud835\udc13\ud835\udc08\ud835\udc15\ud835\udc04 \ud835\udc0e \ud835\udc12\ud835\udc08\ud835\udc0d\ud835\udc0e \ud83d\udc47 https:\/\/bit.ly\/INSCREVA-SEATIVEOSINO \ud83d\udcda \ud835\udfcf\ud835\udfce \ud835\udc0b\ud835\udc22\ud835\udc2f\ud835\udc2b\ud835\udc28\ud835\udc2c \ud835\udc2a\ud835\udc2e\ud835\udc1e \ud835\udc13\ud835\udc28\ud835\udc1d\ud835\udc28 \ud835\udc08\ud835\udc27\ud835\udc2f\ud835\udc1e\ud835\udc2c\ud835\udc2d\ud835\udc22\ud835\udc1d\ud835\udc28\ud835\udc2b \ud835\udc1d\ud835\udc1e\ud835\udc2f\ud835\udc1e\ud835\udc2b\ud835\udc22\ud835\udc1a \ud835\udc0b\ud835\udc1e\ud835\udc2b\ud83d\udc47 https:\/\/lp.suno.com.br\/ebook-10-livros\/?utm_source=youtube.noticias&utm_medium=video&utm_campaign=ebook10livrosparainvestidores.20230105&utm_content=youtube.noticias.05012023 \ud83d\udcda \ud83d\udcb8\u2026\",\"duration\":\"PT41M32S\",\"embedUrl\":\"https:\/\/www.youtube.com\/embed\/m0QfZ_eoQeY\",\"regionsAllowed\":\"pt-BR\",\"interactionStatistic\":{\"@type\":\"InteractionCounter\",\"interactionType\":{\"@type\":\"WatchAction\"},\"userInteractionCount\":3530},\"thumbnailUrl\":\"https:\/\/i.ytimg.com\/vi\/m0QfZ_eoQeY\/default.jpg\",\"uploadDate\":\"2023-01-20T12:52:31Z\"}<\/script>\n\n\n\n\n\t<p>\n\t\t<a href=\"\" target=\"_blank\" data-element=\"shortcode-suno-banner\" title=\"Banner SUNO, clique e saiba mais\">\n\t\t\t<picture>\n\t\t\t\t<source media=\"(max-width: 500px)\" srcset=\"\">\n\t\t\t\t<img class=\"newsContent__article__imgCapa newsContent__article__imgCapa--banner\"\n\t\t\t\t\tsrc=\"\"\n\t\t\t\t\tdata-promo-id=\"240038\"\t\t\t\t\t\t\t\t\t\t\t\t\t\t\talt=\"\"\n\t\t\t\t>\n\t\t\t<\/picture>\n\t\t<\/a>\n\t<\/p>\n\n\n\n\n\n<p>A decis\u00e3o anunciada pela gest\u00e3o do Google vem dias ap\u00f3s outras gigantes da tecnologia anunciarem <strong>cortes de funcion\u00e1rios<\/strong> igualmente grandes, como a Meta (<a href=\"https:\/\/www.suno.com.br\/bdrs\/m1ta34\/\" target=\"_blank\" rel=\"noreferrer noopener\">M1TA34<\/a>), a Amazon (<a class=\"suno-keyword\" data-force=\"yes\" data-priority=\"2\" href=\"https:\/\/www.suno.com.br\/bdrs\/amzo34\/\" target=\"_blank\" rel=\"noopener\">AMZO34<\/a>) e a Microsoft (<a class=\"suno-keyword\" data-force=\"yes\" data-priority=\"2\" href=\"https:\/\/www.suno.com.br\/bdrs\/msft34\/\" target=\"_blank\" rel=\"noopener\">MSFT34<\/a>).<\/p>\n\n\n\n<p>&#8220;Decidimos reduzir nossa for\u00e7a de trabalho em aproximadamente 12 mil empregos&#8221;, disse o <strong>CEO da Alphabet<\/strong>, Sundar Pichai, em um e-mail enviado aos funcion\u00e1rios.<\/p>\n\n\n\n<p>&#8220;Os postos que estamos removendo refletem o resultado dessa revis\u00e3o. O fato de essas mudan\u00e7as terem um impacto na vida dos &#8216;Googlers&#8217; pesa muito sobre mim e assumo toda a responsabilidade pelas decis\u00f5es que nos trouxeram at\u00e9 aqui&#8221;, acrescentou o executivo.<\/p>\n\n\n\n<p>Segundo o CEO, a decis\u00e3o se d\u00e1 em virtude de uma &#8220;realidade macroecon\u00f4mica dif\u00edcil e distinta&#8221;. O motivo \u00e9 o mesmo que consta em memorandos e an\u00fancios de outras big techs, que sofrem com o aumento de juros nos Estados Unidos, dada a condu\u00e7\u00e3o da <a class=\"suno-keyword\" data-force=\"no\" data-priority=\"1\" href=\"https:\/\/www.suno.com.br\/artigos\/politica-monetaria\/\" target=\"_blank\" rel=\"noopener\">pol\u00edtica monet\u00e1ria<\/a> pelo Federal Reserve (Fed).<\/p>\n\n\n\n<p>A <strong>demiss\u00e3o em massa<\/strong> deve afetar funcion\u00e1rios de todas as \u00e1reas da companhia, incluindo setores como recrutamento, equipes de engenharia e produtos.<\/p>\n\n\n\n<p>A gest\u00e3o j\u00e1 entrou em contato diretamente com os funcion\u00e1rios que ser\u00e3o afetados pelo corte massivo.<\/p>\n\n\n\n\t<div data-element=\"shortcode-read-more\" class=\"readToo\">\n\t\t\t\t<span class=\"readToo__title\">Leia mais<\/span>\n\t\t\t\t<ul class=\"readToo__list\">\n\t\t\t<li><a href=\"https:\/\/www.suno.com.br\/noticias\/americanas-amer3-sergio-rial-rombo-bilionario\/\">Americanas (AMER3): Sergio Rial aponta falta de transpar\u00eancia e revela motivo da demiss\u00e3o ap\u00f3s descobrir rombo bilion\u00e1rio<\/a><\/li><li><a href=\"https:\/\/www.suno.com.br\/noticias\/facebook-m1ta34-amazon-amzo34-demissoes-tecnologia\/\">Facebook (M1TA34), Amazon (AMZO34): as demiss\u00f5es em massa nas empresas de tecnologia<\/a><\/li><li><a href=\"https:\/\/www.suno.com.br\/noticias\/stf-demissao-sem-justa-causa\/\">STF proibir\u00e1 a demiss\u00e3o sem justa causa? Veja o andamento do julgamento<\/a><\/li><li><a href=\"https:\/\/www.suno.com.br\/noticias\/musk-demissao-twitter-brasil\/\">Twitter (TWTR34): Brasil \u00e9 afetado com demiss\u00e3o em massa por Musk<\/a><\/li>\t\t<\/ul>\n\t<\/div>\n\n\n\n\n<p>Em uma alta na competitividade do mercado de tecnologia, a companhia havia subido seus sal\u00e1rios e buscou novos talentos, como outros concorrentes. <\/p>\n\n\n\n<p>Agora, a concorr\u00eancia se acirrou com a Microsoft liderando o mercado de intelig\u00eancia artificial, al\u00e9m do cen\u00e1rio macroecon\u00f4mico desfavor\u00e1vel.<\/p>\n\n\n\n<h2 class=\"wp-block-heading\" id=\"h-alem-do-google-veja-mais-demissoes-em-big-techs\">Al\u00e9m do Google, veja mais demiss\u00f5es em big techs<\/h2>\n\n\n\n<p>Conforme reportado pelo Suno Not\u00edcias, a <strong>Amazon <\/strong>(<a href=\"https:\/\/www.suno.com.br\/bdrs\/amzo34\/\" target=\"_blank\" rel=\"noreferrer noopener\">AMZO34<\/a>) planeja uma <a href=\"https:\/\/www.suno.com.br\/noticias\/amazon-amzo34-demissoes-massa\/\">redu\u00e7\u00e3o no quadro de funcion\u00e1rios<\/a> que cortar\u00e1 18 mil empregos em 2023. <\/p>\n\n\n\n<p>Caso seja concretizada, essa demiss\u00e3o em massa poder\u00e1 ser a maior da hist\u00f3ria da Amazon e tamb\u00e9m a maior <a href=\"https:\/\/www.suno.com.br\/noticias\/netflix-nflx34-demissa-massa-300-desaceleracao\/\" target=\"_blank\" rel=\"noreferrer noopener\">dentre os an\u00fancios recentes de companhias de tecnologia<\/a>.<\/p>\n\n\n\t<p>\n\t\t<a href=\"\" target=\"_blank\" data-element=\"shortcode-suno-banner\" title=\"Banner SUNO, clique e saiba mais\">\n\t\t\t<picture>\n\t\t\t\t<source media=\"(max-width: 500px)\" srcset=\"\">\n\t\t\t\t<img class=\"newsContent__article__imgCapa newsContent__article__imgCapa--banner\"\n\t\t\t\t\tsrc=\"\"\n\t\t\t\t\tdata-promo-id=\"274968\"\t\t\t\t\t\t\t\t\t\t\t\t\t\t\talt=\"\"\n\t\t\t\t>\n\t\t\t<\/picture>\n\t\t<\/a>\n\t<\/p>\n\n\n\n\n\n<p>A <strong><a href=\"https:\/\/www.suno.com.br\/noticias\/loft-demissoes-demissao-desligamentos\/\" target=\"_blank\" rel=\"noreferrer noopener\">demiss\u00e3o em massa<\/a><\/strong> representa uma redu\u00e7\u00e3o de cerca de 6% da m\u00e3o de obra corporativa da <a href=\"https:\/\/statusinvest.com.br\/bdrs\/amzo34\" target=\"_blank\" rel=\"noreferrer noopener\">Amazon<\/a>, que soma cerca de 300 mil empregados.<\/p>\n\n\n\n<p>Em meados de novembro do ano passado, o The New York Times reportou que os planos da companhia eram de cortar 10 mil <strong><a href=\"https:\/\/www.suno.com.br\/noticias\/payroll-eua-empregos-novembro\/\" target=\"_blank\" rel=\"noreferrer noopener\">empregos<\/a><\/strong>.<\/p>\n\n\n\n<p>A Amazon \u00e9 atualmente a segunda maior empregadora dos Estados Unidos. Se considerados todos os <strong>trabalhadores da Amazon<\/strong>, a for\u00e7a de trabalho chega a 1,5 milh\u00e3o de pessoas, deixando-a apenas atr\u00e1s <a href=\"https:\/\/www.suno.com.br\/noticias\/walmart-walm34-eua-contratacoes\/\" target=\"_blank\" rel=\"noreferrer noopener\">Walmart<\/a>, que emprega 2,3 milh\u00f5es, segundo dados da consultoria Statista.<\/p>\n\n\n\n<p>Al\u00e9m disso, recentemente a <a href=\"https:\/\/www.suno.com.br\/noticias\/microsoft-msft34-demissao-10-mil-funcionarios-3t22\/\">Microsoft anunciou que desligar\u00e1 10 mil<\/a> funcion\u00e1rios em todo o mundo at\u00e9 final de mar\u00e7o.<\/p>\n\n\n\n<p>Assim como outras empresas de tecnologia, durante a pandemia a big tech expandiu suas opera\u00e7\u00f5es. De 2019 para c\u00e1, mais de 75 mil pessoas foram contratadas pela companhia. Mesmo que a <strong>receita anual da Microsoft<\/strong> tenha crescido 58% nos \u00faltimos tr\u00eas anos, os cortes s\u00e3o justificados pela empresa pela incerteza econ\u00f4mica e desacelera\u00e7\u00e3o do setor de tecnologia nos EUA.<\/p>\n\n\n\n<p>Embora vise o corte de despesas, as <strong>demiss\u00f5es na Microsoft<\/strong>, segundo o comunicado divulgado pela empresa, contabilizar\u00e3o US$ 1,2 bilh\u00e3o em seu balan\u00e7o referente a custos de rescis\u00f5es contratuais.<\/p>\n\n\n\n<p>Veja abaixo outros cortes em companhias de tecnologia:<\/p>\n\n\n\n<ul class=\"wp-block-list\">\n<li><strong>Adobe (ADBE34):<\/strong> corte de 100 funcion\u00e1rios nos EUA da \u00e1rea de Vendas;<\/li>\n\n\n\n<li><strong>Apple (AAPL34<\/strong>)<strong>: <\/strong>maioria das \u00e1reas da empresa tiveram contrata\u00e7\u00f5es interrompidas;<\/li>\n\n\n\n<li><strong>App 99: <\/strong>cerca de 100 funcion\u00e1rios demitidos em 2022;<\/li>\n\n\n\n<li><strong>Clicksign: <\/strong>corte de 100 funcion\u00e1rios em 2022;<\/li>\n\n\n\n<li><strong>HP (HPQB34):<\/strong> demitir\u00e1 de 4 mil a 6 mil funcion\u00e1rios at\u00e9 o final de 2025;<\/li>\n\n\n\n<li><strong>Intel (ITLC34<\/strong>)<strong>:<\/strong> demiss\u00e3o de 20% de seu corpo de funcion\u00e1rios em 2022;<\/li>\n\n\n\n<li><strong>Loft: <\/strong>corte de 855 funcion\u00e1rios em 2022;<\/li>\n\n\n\n<li><strong>PagSeguro (PAGS34): <\/strong>corte de 7% dos funcion\u00e1rios em janeiro de 2023;<\/li>\n\n\n\n<li><strong>SalesForce: <\/strong>corte de 10% do quadro de funcion\u00e1rios at\u00e9 o fim de 2024;<\/li>\n\n\n\n<li><strong>Twitter (TWTR34): <\/strong>demiss\u00e3o de 3,7 mil funcion\u00e1rios desde o comando de Elon Musk;<\/li>\n\n\n\n<li><strong>Vimeo: <\/strong>cortar\u00e1 11% da sua for\u00e7a de trabalho em 2023.<\/li>\n<\/ul>\n\n\n\n<p>Com a demiss\u00e3o em massa rec\u00e9m anunciada, o <strong>Google <\/strong>passa ent\u00e3o a entrar para este rol.<\/p>\n\n\n\t<p>\n\t\t<a href=\"https:\/\/lp.suno.com.br\/planilha-controle-gastos\/\" target=\"_blank\" data-element=\"shortcode-suno-banner\" title=\"Banner SUNO, clique e saiba mais\">\n\t\t\t<picture>\n\t\t\t\t<source media=\"(max-width: 500px)\" srcset=\"https:\/\/files.sunoresearch.com.br\/n\/uploads\/2023\/03\/400x300-Planilha-controle-de-gastos.png\">\n\t\t\t\t<img class=\"newsContent__article__imgCapa newsContent__article__imgCapa--banner\"\n\t\t\t\t\tsrc=\"https:\/\/files.sunoresearch.com.br\/n\/uploads\/2023\/03\/1420x240-Planilha-controle-de-gastos.png\"\n\t\t\t\t\tdata-promo-id=\"101751\"\t\t\t\t\t\t\t\t\t\twidth='1420' height='240'\t\t\t\t\talt=\"https:\/\/files.sunoresearch.com.br\/n\/uploads\/2023\/03\/1420x240-Planilha-controle-de-gastos.png\"\n\t\t\t\t>\n\t\t\t<\/picture>\n\t\t<\/a>\n\t<\/p>\n\n\n","protected":false},"excerpt":{"rendered":"<p>A empresa matriz do Google, a Alphabet (GOGL34), anunciou nesta sexta-feira (20) que planeja demitir o total de 12 mil funcion\u00e1rios ao redor do mundo. A decis\u00e3o anunciada pela gest\u00e3o do Google vem dias ap\u00f3s outras gigantes da tecnologia anunciarem cortes de funcion\u00e1rios igualmente grandes, como a Meta (M1TA34), a Amazon (AMZO34) e a Microsoft [&hellip;]<\/p>\n","protected":false},"author":73,"featured_media":45484,"comment_status":"closed","ping_status":"closed","sticky":false,"template":"","format":"standard","meta":[],"categories":[64],"tags":[1372,2625,701],"suno_strategy":[],"class_list":["post-350384","post","type-post","status-publish","format-standard","has-post-thumbnail","hentry","category-negocios","tag-alphabet-gogl34-gogl35","tag-demissoes","tag-google"],"yoast_head":"<!-- This site is optimized with the Yoast SEO plugin v24.4 - https:\/\/yoast.com\/wordpress\/plugins\/seo\/ -->\n<title>Google (GOGL34) demitir\u00e1 12 mil funcion\u00e1rios em 2023<\/title>\n<meta name=\"description\" content=\"An\u00fancio de demiss\u00e3o em massa do Google vem dias ap\u00f3s Amazon, Microsoft e Meta anunciarem cortes igualmente grandes. Clique e confira!\" \/>\n<meta name=\"robots\" content=\"index, follow, max-snippet:-1, max-image-preview:large, max-video-preview:-1\" \/>\n<link rel=\"canonical\" href=\"https:\/\/www.suno.com.br\/noticias\/google-gogl34-demissoes-2023\/\" \/>\n<meta property=\"og:locale\" content=\"pt_BR\" \/>\n<meta property=\"og:type\" content=\"article\" \/>\n<meta property=\"og:title\" content=\"Google (GOGL34) demitir\u00e1 12 mil funcion\u00e1rios em 2023\" \/>\n<meta property=\"og:description\" content=\"An\u00fancio de demiss\u00e3o em massa do Google vem dias ap\u00f3s Amazon, Microsoft e Meta anunciarem cortes igualmente grandes. Clique e confira!\" \/>\n<meta property=\"og:url\" content=\"https:\/\/www.suno.com.br\/noticias\/google-gogl34-demissoes-2023\/\" \/>\n<meta property=\"og:site_name\" content=\"Suno Not\u00edcias\" \/>\n<meta property=\"article:publisher\" content=\"https:\/\/facebook.com\/sunoresearch\" \/>\n<meta property=\"og:image\" content=\"https:\/\/files.sunoresearch.com.br\/n\/uploads\/2019\/11\/1e92cc0f-google-1024x684.jpg\" \/>\n\t<meta property=\"og:image:width\" content=\"1024\" \/>\n\t<meta property=\"og:image:height\" content=\"684\" \/>\n\t<meta property=\"og:image:type\" content=\"image\/jpeg\" \/>\n<meta name=\"author\" content=\"Eduardo Vargas\" \/>\n<meta name=\"twitter:card\" content=\"summary_large_image\" \/>\n<meta name=\"twitter:creator\" content=\"@sunoresearch\" \/>\n<meta name=\"twitter:site\" content=\"@sunoresearch\" \/>\n<meta name=\"twitter:label1\" content=\"Escrito por\" \/>\n\t<meta name=\"twitter:data1\" content=\"Eduardo Vargas\" \/>\n\t<meta name=\"twitter:label2\" content=\"Est. tempo de leitura\" \/>\n\t<meta name=\"twitter:data2\" content=\"4 minutos\" \/>\n<script type=\"application\/ld+json\" class=\"yoast-schema-graph\">{\"@context\":\"https:\/\/schema.org\",\"@graph\":[{\"@type\":\"NewsArticle\",\"@id\":\"https:\/\/www.suno.com.br\/noticias\/google-gogl34-demissoes-2023\/#article\",\"isPartOf\":{\"@id\":\"https:\/\/www.suno.com.br\/noticias\/google-gogl34-demissoes-2023\/\"},\"author\":{\"name\":\"Eduardo Vargas\",\"@id\":\"https:\/\/www.suno.com.br\/noticias\/#\/schema\/person\/7f4d362bf3518e76090143ae77bb49a5\"},\"headline\":\"Google (GOGL34) demitir\u00e1 12 mil funcion\u00e1rios em 2023\",\"datePublished\":\"2023-01-20T13:54:24+00:00\",\"dateModified\":\"2023-01-20T15:25:40+00:00\",\"mainEntityOfPage\":{\"@id\":\"https:\/\/www.suno.com.br\/noticias\/google-gogl34-demissoes-2023\/\"},\"wordCount\":703,\"publisher\":{\"@id\":\"https:\/\/www.suno.com.br\/noticias\/#organization\"},\"image\":{\"@id\":\"https:\/\/www.suno.com.br\/noticias\/google-gogl34-demissoes-2023\/#primaryimage\"},\"thumbnailUrl\":\"https:\/\/files.sunoresearch.com.br\/n\/uploads\/2019\/11\/1e92cc0f-google-scaled.webp\",\"keywords\":[\"Alphabet (GOGL34\/GOGL35)\",\"demiss\u00f5es\",\"Google\"],\"articleSection\":[\"Neg\u00f3cios\"],\"inLanguage\":\"pt-BR\"},{\"@type\":\"WebPage\",\"@id\":\"https:\/\/www.suno.com.br\/noticias\/google-gogl34-demissoes-2023\/\",\"url\":\"https:\/\/www.suno.com.br\/noticias\/google-gogl34-demissoes-2023\/\",\"name\":\"Google (GOGL34) demitir\u00e1 12 mil funcion\u00e1rios em 2023\",\"isPartOf\":{\"@id\":\"https:\/\/www.suno.com.br\/noticias\/#website\"},\"primaryImageOfPage\":{\"@id\":\"https:\/\/www.suno.com.br\/noticias\/google-gogl34-demissoes-2023\/#primaryimage\"},\"image\":{\"@id\":\"https:\/\/www.suno.com.br\/noticias\/google-gogl34-demissoes-2023\/#primaryimage\"},\"thumbnailUrl\":\"https:\/\/files.sunoresearch.com.br\/n\/uploads\/2019\/11\/1e92cc0f-google-scaled.webp\",\"datePublished\":\"2023-01-20T13:54:24+00:00\",\"dateModified\":\"2023-01-20T15:25:40+00:00\",\"description\":\"An\u00fancio de demiss\u00e3o em massa do Google vem dias ap\u00f3s Amazon, Microsoft e Meta anunciarem cortes igualmente grandes. Clique e confira!\",\"breadcrumb\":{\"@id\":\"https:\/\/www.suno.com.br\/noticias\/google-gogl34-demissoes-2023\/#breadcrumb\"},\"inLanguage\":\"pt-BR\",\"potentialAction\":[{\"@type\":\"ReadAction\",\"target\":[\"https:\/\/www.suno.com.br\/noticias\/google-gogl34-demissoes-2023\/\"]}]},{\"@type\":\"ImageObject\",\"inLanguage\":\"pt-BR\",\"@id\":\"https:\/\/www.suno.com.br\/noticias\/google-gogl34-demissoes-2023\/#primaryimage\",\"url\":\"https:\/\/files.sunoresearch.com.br\/n\/uploads\/2019\/11\/1e92cc0f-google-scaled.webp\",\"contentUrl\":\"https:\/\/files.sunoresearch.com.br\/n\/uploads\/2019\/11\/1e92cc0f-google-scaled.webp\",\"width\":2560,\"height\":1709,\"caption\":\"O Google solicitou acesso \u00e0s informa\u00e7\u00f5es do Departamento de Justi\u00e7a, enquanto o \u00f3rg\u00e3o quer os dados recentes da companhia\"},{\"@type\":\"BreadcrumbList\",\"@id\":\"https:\/\/www.suno.com.br\/noticias\/google-gogl34-demissoes-2023\/#breadcrumb\",\"itemListElement\":[{\"@type\":\"ListItem\",\"position\":1,\"name\":\"Not\u00edcias\",\"item\":\"https:\/\/www.suno.com.br\/noticias\/\"},{\"@type\":\"ListItem\",\"position\":2,\"name\":\"Neg\u00f3cios\",\"item\":\"https:\/\/www.suno.com.br\/noticias\/negocios\/\"},{\"@type\":\"ListItem\",\"position\":3,\"name\":\"Google (GOGL34) demitir\u00e1 12 mil funcion\u00e1rios em 2023\"}]},{\"@type\":\"WebSite\",\"@id\":\"https:\/\/www.suno.com.br\/noticias\/#website\",\"url\":\"https:\/\/www.suno.com.br\/noticias\/\",\"name\":\"Suno Not\u00edcias\",\"description\":\"Seu portal de informa\u00e7\u00e3o sobre o mundo dos investimentos\",\"publisher\":{\"@id\":\"https:\/\/www.suno.com.br\/noticias\/#organization\"},\"potentialAction\":[{\"@type\":\"SearchAction\",\"target\":{\"@type\":\"EntryPoint\",\"urlTemplate\":\"https:\/\/www.suno.com.br\/noticias\/?s={search_term_string}\"},\"query-input\":{\"@type\":\"PropertyValueSpecification\",\"valueRequired\":true,\"valueName\":\"search_term_string\"}}],\"inLanguage\":\"pt-BR\"},{\"@type\":\"Organization\",\"@id\":\"https:\/\/www.suno.com.br\/noticias\/#organization\",\"name\":\"Suno Not\u00edcias\",\"url\":\"https:\/\/www.suno.com.br\/noticias\/\",\"logo\":{\"@type\":\"ImageObject\",\"inLanguage\":\"pt-BR\",\"@id\":\"https:\/\/www.suno.com.br\/noticias\/#\/schema\/logo\/image\/\",\"url\":\"https:\/\/files.sunoresearch.com.br\/n\/uploads\/2021\/09\/suno-logo.png\",\"contentUrl\":\"https:\/\/files.sunoresearch.com.br\/n\/uploads\/2021\/09\/suno-logo.png\",\"width\":180,\"height\":180,\"caption\":\"Suno Not\u00edcias\"},\"image\":{\"@id\":\"https:\/\/www.suno.com.br\/noticias\/#\/schema\/logo\/image\/\"},\"sameAs\":[\"https:\/\/facebook.com\/sunoresearch\",\"https:\/\/x.com\/sunoresearch\",\"https:\/\/www.instagram.com\/suno\",\"https:\/\/www.linkedin.com\/company\/suno-research\/\",\"https:\/\/www.youtube.com\/c\/sunoresearch\"]},{\"@type\":\"Person\",\"@id\":\"https:\/\/www.suno.com.br\/noticias\/#\/schema\/person\/7f4d362bf3518e76090143ae77bb49a5\",\"name\":\"Eduardo Vargas\",\"image\":{\"@type\":\"ImageObject\",\"inLanguage\":\"pt-BR\",\"@id\":\"https:\/\/www.suno.com.br\/noticias\/#\/schema\/person\/image\/\",\"url\":\"https:\/\/secure.gravatar.com\/avatar\/dac340933427a22924c9f99d1eb2e3f2?s=96&r=g\",\"contentUrl\":\"https:\/\/secure.gravatar.com\/avatar\/dac340933427a22924c9f99d1eb2e3f2?s=96&r=g\",\"caption\":\"Eduardo Vargas\"},\"description\":\"Jornalista formado pela UFSC, cobre macroeconomia, neg\u00f3cios e startups para o Suno Not\u00edcias, escrevendo principalmente not\u00edcias sobre o mercado financeiro e a bolsa de valores. No YouTube e no Instagram, \u00e9 respons\u00e1vel pela produ\u00e7\u00e3o de Reels e Shorts do Suno Not\u00edcias. Anteriormente, trabalhou cobrindo economia e cotidiano no ND+ e para o ND, maior jornal impresso de Santa Catarina. Cursou um semestre letivo de Estudos de M\u00eddia na Universidad de Buenos Aires.\",\"url\":\"https:\/\/www.suno.com.br\/noticias\/author\/eduardo-vargas\/\"}]}<\/script>\n<!-- \/ Yoast SEO plugin. -->","yoast_head_json":{"title":"Google (GOGL34) demitir\u00e1 12 mil funcion\u00e1rios em 2023","description":"An\u00fancio de demiss\u00e3o em massa do Google vem dias ap\u00f3s Amazon, Microsoft e Meta anunciarem cortes igualmente grandes. Clique e confira!","robots":{"index":"index","follow":"follow","max-snippet":"max-snippet:-1","max-image-preview":"max-image-preview:large","max-video-preview":"max-video-preview:-1"},"canonical":"https:\/\/www.suno.com.br\/noticias\/google-gogl34-demissoes-2023\/","og_locale":"pt_BR","og_type":"article","og_title":"Google (GOGL34) demitir\u00e1 12 mil funcion\u00e1rios em 2023","og_description":"An\u00fancio de demiss\u00e3o em massa do Google vem dias ap\u00f3s Amazon, Microsoft e Meta anunciarem cortes igualmente grandes. Clique e confira!","og_url":"https:\/\/www.suno.com.br\/noticias\/google-gogl34-demissoes-2023\/","og_site_name":"Suno Not\u00edcias","article_publisher":"https:\/\/facebook.com\/sunoresearch","og_image":[{"width":1024,"height":684,"url":"https:\/\/files.sunoresearch.com.br\/n\/uploads\/2019\/11\/1e92cc0f-google-1024x684.jpg","type":"image\/jpeg"}],"author":"Eduardo Vargas","twitter_card":"summary_large_image","twitter_creator":"@sunoresearch","twitter_site":"@sunoresearch","twitter_misc":{"Escrito por":"Eduardo Vargas","Est. tempo de leitura":"4 minutos"},"schema":{"@context":"https:\/\/schema.org","@graph":[{"@type":"NewsArticle","@id":"https:\/\/www.suno.com.br\/noticias\/google-gogl34-demissoes-2023\/#article","isPartOf":{"@id":"https:\/\/www.suno.com.br\/noticias\/google-gogl34-demissoes-2023\/"},"author":{"name":"Eduardo Vargas","@id":"https:\/\/www.suno.com.br\/noticias\/#\/schema\/person\/7f4d362bf3518e76090143ae77bb49a5"},"headline":"Google (GOGL34) demitir\u00e1 12 mil funcion\u00e1rios em 2023","datePublished":"2023-01-20T13:54:24+00:00","dateModified":"2023-01-20T15:25:40+00:00","mainEntityOfPage":{"@id":"https:\/\/www.suno.com.br\/noticias\/google-gogl34-demissoes-2023\/"},"wordCount":703,"publisher":{"@id":"https:\/\/www.suno.com.br\/noticias\/#organization"},"image":{"@id":"https:\/\/www.suno.com.br\/noticias\/google-gogl34-demissoes-2023\/#primaryimage"},"thumbnailUrl":"https:\/\/files.sunoresearch.com.br\/n\/uploads\/2019\/11\/1e92cc0f-google-scaled.webp","keywords":["Alphabet (GOGL34\/GOGL35)","demiss\u00f5es","Google"],"articleSection":["Neg\u00f3cios"],"inLanguage":"pt-BR"},{"@type":"WebPage","@id":"https:\/\/www.suno.com.br\/noticias\/google-gogl34-demissoes-2023\/","url":"https:\/\/www.suno.com.br\/noticias\/google-gogl34-demissoes-2023\/","name":"Google (GOGL34) demitir\u00e1 12 mil funcion\u00e1rios em 2023","isPartOf":{"@id":"https:\/\/www.suno.com.br\/noticias\/#website"},"primaryImageOfPage":{"@id":"https:\/\/www.suno.com.br\/noticias\/google-gogl34-demissoes-2023\/#primaryimage"},"image":{"@id":"https:\/\/www.suno.com.br\/noticias\/google-gogl34-demissoes-2023\/#primaryimage"},"thumbnailUrl":"https:\/\/files.sunoresearch.com.br\/n\/uploads\/2019\/11\/1e92cc0f-google-scaled.webp","datePublished":"2023-01-20T13:54:24+00:00","dateModified":"2023-01-20T15:25:40+00:00","description":"An\u00fancio de demiss\u00e3o em massa do Google vem dias ap\u00f3s Amazon, Microsoft e Meta anunciarem cortes igualmente grandes. Clique e confira!","breadcrumb":{"@id":"https:\/\/www.suno.com.br\/noticias\/google-gogl34-demissoes-2023\/#breadcrumb"},"inLanguage":"pt-BR","potentialAction":[{"@type":"ReadAction","target":["https:\/\/www.suno.com.br\/noticias\/google-gogl34-demissoes-2023\/"]}]},{"@type":"ImageObject","inLanguage":"pt-BR","@id":"https:\/\/www.suno.com.br\/noticias\/google-gogl34-demissoes-2023\/#primaryimage","url":"https:\/\/files.sunoresearch.com.br\/n\/uploads\/2019\/11\/1e92cc0f-google-scaled.webp","contentUrl":"https:\/\/files.sunoresearch.com.br\/n\/uploads\/2019\/11\/1e92cc0f-google-scaled.webp","width":2560,"height":1709,"caption":"O Google solicitou acesso \u00e0s informa\u00e7\u00f5es do Departamento de Justi\u00e7a, enquanto o \u00f3rg\u00e3o quer os dados recentes da companhia"},{"@type":"BreadcrumbList","@id":"https:\/\/www.suno.com.br\/noticias\/google-gogl34-demissoes-2023\/#breadcrumb","itemListElement":[{"@type":"ListItem","position":1,"name":"Not\u00edcias","item":"https:\/\/www.suno.com.br\/noticias\/"},{"@type":"ListItem","position":2,"name":"Neg\u00f3cios","item":"https:\/\/www.suno.com.br\/noticias\/negocios\/"},{"@type":"ListItem","position":3,"name":"Google (GOGL34) demitir\u00e1 12 mil funcion\u00e1rios em 2023"}]},{"@type":"WebSite","@id":"https:\/\/www.suno.com.br\/noticias\/#website","url":"https:\/\/www.suno.com.br\/noticias\/","name":"Suno Not\u00edcias","description":"Seu portal de informa\u00e7\u00e3o sobre o mundo dos investimentos","publisher":{"@id":"https:\/\/www.suno.com.br\/noticias\/#organization"},"potentialAction":[{"@type":"SearchAction","target":{"@type":"EntryPoint","urlTemplate":"https:\/\/www.suno.com.br\/noticias\/?s={search_term_string}"},"query-input":{"@type":"PropertyValueSpecification","valueRequired":true,"valueName":"search_term_string"}}],"inLanguage":"pt-BR"},{"@type":"Organization","@id":"https:\/\/www.suno.com.br\/noticias\/#organization","name":"Suno Not\u00edcias","url":"https:\/\/www.suno.com.br\/noticias\/","logo":{"@type":"ImageObject","inLanguage":"pt-BR","@id":"https:\/\/www.suno.com.br\/noticias\/#\/schema\/logo\/image\/","url":"https:\/\/files.sunoresearch.com.br\/n\/uploads\/2021\/09\/suno-logo.png","contentUrl":"https:\/\/files.sunoresearch.com.br\/n\/uploads\/2021\/09\/suno-logo.png","width":180,"height":180,"caption":"Suno Not\u00edcias"},"image":{"@id":"https:\/\/www.suno.com.br\/noticias\/#\/schema\/logo\/image\/"},"sameAs":["https:\/\/facebook.com\/sunoresearch","https:\/\/x.com\/sunoresearch","https:\/\/www.instagram.com\/suno","https:\/\/www.linkedin.com\/company\/suno-research\/","https:\/\/www.youtube.com\/c\/sunoresearch"]},{"@type":"Person","@id":"https:\/\/www.suno.com.br\/noticias\/#\/schema\/person\/7f4d362bf3518e76090143ae77bb49a5","name":"Eduardo Vargas","image":{"@type":"ImageObject","inLanguage":"pt-BR","@id":"https:\/\/www.suno.com.br\/noticias\/#\/schema\/person\/image\/","url":"https:\/\/secure.gravatar.com\/avatar\/dac340933427a22924c9f99d1eb2e3f2?s=96&r=g","contentUrl":"https:\/\/secure.gravatar.com\/avatar\/dac340933427a22924c9f99d1eb2e3f2?s=96&r=g","caption":"Eduardo Vargas"},"description":"Jornalista formado pela UFSC, cobre macroeconomia, neg\u00f3cios e startups para o Suno Not\u00edcias, escrevendo principalmente not\u00edcias sobre o mercado financeiro e a bolsa de valores. No YouTube e no Instagram, \u00e9 respons\u00e1vel pela produ\u00e7\u00e3o de Reels e Shorts do Suno Not\u00edcias. Anteriormente, trabalhou cobrindo economia e cotidiano no ND+ e para o ND, maior jornal impresso de Santa Catarina. Cursou um semestre letivo de Estudos de M\u00eddia na Universidad de Buenos Aires.","url":"https:\/\/www.suno.com.br\/noticias\/author\/eduardo-vargas\/"}]}},"default_loop_html":"<div class=\"cardsPage__listCard__boxs\"><div class=\"cardsPage__listCard__boxs__img\"><a href=\"https:\/\/www.suno.com.br\/noticias\/google-gogl34-demissoes-2023\/\"><img class=\"mask\" src=\"https:\/\/www.suno.com.br\/noticias\/wp-content\/themes\/suno\/resources\/images\/spotlight\/spotlight1img\/bg-mask.png\" alt=\"Image Mask\"\/><img src=\"https:\/\/files.sunoresearch.com.br\/n\/uploads\/2019\/11\/1e92cc0f-google-400x200.webp\" alt=\"Google (GOGL34) demitir\u00e1 12 mil funcion\u00e1rios em 2023\"\/><\/a><span class=\"spotlightCategory\"><a href=\"https:\/\/www.suno.com.br\/noticias\/negocios\/\">Neg\u00f3cios<\/a><\/span><\/div><div class=\"cardsPage__listCard__boxs__content\"><a href=\"https:\/\/www.suno.com.br\/noticias\/google-gogl34-demissoes-2023\/\"><h2 class=\"content__title\">Google (GOGL34) demitir\u00e1 12 mil funcion\u00e1rios em 2023<\/h2><\/a><div class=\"newsContent__article__meta\"><div class=\"newsContent__article__meta__authorBox\"><a href=\"https:\/\/www.suno.com.br\/noticias\/author\/ana-clara-macedo\/\" class=\"authorBox__avatar noMobi\"><img src=\"https:\/\/secure.gravatar.com\/avatar\/40810da86786bd5619f8cd594b0f44ef?s=96&#038;r=g\" alt=\"Ana Clara Macedo\"><\/a><div class=\"authorBox__name\"><span>por\n\t\t\t<a href=\"https:\/\/www.suno.com.br\/noticias\/author\/ana-clara-macedo\/\"><span itemprop=\"author\">Ana Clara Macedo<\/span><\/a><\/span><time datetime=\"2023-01-20T10:54:24-03:00\" itemprop=\"datePublished\">20\/01\/2023 10:54<\/time><\/div><\/div><\/div><\/div><\/div>","single_layout":"posts","amp_enabled":true,"_links":{"self":[{"href":"https:\/\/www.suno.com.br\/noticias\/wp-json\/wp\/v2\/posts\/350384"}],"collection":[{"href":"https:\/\/www.suno.com.br\/noticias\/wp-json\/wp\/v2\/posts"}],"about":[{"href":"https:\/\/www.suno.com.br\/noticias\/wp-json\/wp\/v2\/types\/post"}],"author":[{"embeddable":true,"href":"https:\/\/www.suno.com.br\/noticias\/wp-json\/wp\/v2\/users\/73"}],"replies":[{"embeddable":true,"href":"https:\/\/www.suno.com.br\/noticias\/wp-json\/wp\/v2\/comments?post=350384"}],"version-history":[{"count":2,"href":"https:\/\/www.suno.com.br\/noticias\/wp-json\/wp\/v2\/posts\/350384\/revisions"}],"predecessor-version":[{"id":350452,"href":"https:\/\/www.suno.com.br\/noticias\/wp-json\/wp\/v2\/posts\/350384\/revisions\/350452"}],"wp:featuredmedia":[{"embeddable":true,"href":"https:\/\/www.suno.com.br\/noticias\/wp-json\/wp\/v2\/media\/45484"}],"wp:attachment":[{"href":"https:\/\/www.suno.com.br\/noticias\/wp-json\/wp\/v2\/media?parent=350384"}],"wp:term":[{"taxonomy":"category","embeddable":true,"href":"https:\/\/www.suno.com.br\/noticias\/wp-json\/wp\/v2\/categories?post=350384"},{"taxonomy":"post_tag","embeddable":true,"href":"https:\/\/www.suno.com.br\/noticias\/wp-json\/wp\/v2\/tags?post=350384"},{"taxonomy":"suno_strategy","embeddable":true,"href":"https:\/\/www.suno.com.br\/noticias\/wp-json\/wp\/v2\/suno_strategy?post=350384"}],"curies":[{"name":"wp","href":"https:\/\/api.w.org\/{rel}","templated":true}]}}