{"id":350322,"date":"2023-01-20T10:12:53","date_gmt":"2023-01-20T13:12:53","guid":{"rendered":"https:\/\/www.suno.com.br\/noticias\/?p=350322"},"modified":"2023-01-20T15:17:24","modified_gmt":"2023-01-20T18:17:24","slug":"ibovespa-hoje-20012023-americanas-amer3","status":"publish","type":"post","link":"https:\/\/www.suno.com.br\/noticias\/ibovespa-hoje-20012023-americanas-amer3\/","title":{"rendered":"Ibovespa opera em queda aos 112 mil pontos; CSN (CSNA3) sobe 2,4%"},"content":{"rendered":"<p>O <strong>Ibovespa<\/strong> opera em queda de 0,7%, ap\u00f3s altas e baixas nos primeiros minutos de preg\u00e3o desta sexta-feira (20). Na ponta negativa do \u00edndice, a Americanas (AMER3) amplia sua desvaloriza\u00e7\u00e3o, caindo mais de 24%. Na v\u00e9spera, a varejista formalizou seu pedido de recupera\u00e7\u00e3o judicial, tamb\u00e9m j\u00e1 aceito pela justi\u00e7a. <\/p><div class=\"videoFull \">\n\t\t\t<div class=\"videoWrapper yt-lazyload center\"\n\t\t\t\tdata-width=\"960\"\n\t\t\t\tdata-height=\"540\"\n\t\t\t\tdata-id=\"m0QfZ_eoQeY\"\n\t\t\t\tdata-alt=\"V\u00eddeo do YouTube - clique para reproduzir\"\n\t\t\t\tdata-logo=\"3\"\n\t\t\t\tdata-imagequality=\"maxres\">\n\t\t\t<\/div>\n\t\t<\/div><script type=\"application\/ld+json\">{\"@context\":\"https:\/\/schema.org\",\"@type\":\"VideoObject\",\"name\":\"RECUPERA\u00c7\u00c3O JUDICIAL DA AMERICANAS (AMER3): O QUE MUDA | Choque entre Lula e Banco Central\",\"description\":\"\ud83d\udd0e \ud83d\udcca[\ud835\uddf2\ud835\uddd5\ud835\uddfc\ud835\uddfc\ud835\uddf8 \ud835\uddda\ud835\udde5\ud835\uddd4\ud835\udde7\ud835\udde8\ud835\udddc\ud835\udde7\ud835\udde2] \ud835\uddd4\ud835\uddfd\ud835\uddff\ud835\uddf2\ud835\uddfb\ud835\uddf1\ud835\uddee \ud835\uddf0\ud835\uddfc\ud835\uddfa\ud835\uddfc \ud835\uddee\ud835\uddfb\ud835\uddee\ud835\uddf9\ud835\uddf6\ud835\ude00\ud835\uddee\ud835\uddff \ud835\ude02\ud835\uddfa\ud835\uddee \ud835\uddee\u00e7\u00e3\ud835\uddfc\u200b \ud83d\udc47 https:\/\/lp.suno.com.br\/ebook-como-analisar-uma-acao\/?utm_source=youtube.noticias&utm_medium=live&utm_campaign=ebookcomoanalisarumaacao.20230116&utm_content=ytnoticias.morning.17012023 \ud83d\udea8\ud83d\udcb8\ud835\udc01\ud835\udc1a\ud835\udc22\ud835\udc31\ud835\udc1e \ud835\udc28 \ud835\udc20\ud835\udc2e\ud835\udc22\ud835\udc1a \"\ud835\udc02\ud835\udc28\ud835\udc26\ud835\udc28 \ud835\udc22\ud835\udc27\ud835\udc2f\ud835\udc1e\ud835\udc2c\ud835\udc2d\ud835\udc22\ud835\udc2b \ud835\udc1e\ud835\udc26 \ud835\udfd0\ud835\udfce\ud835\udfd0\ud835\udfd1\" \ud835\udc27\ud835\udc28 \ud835\udc25\ud835\udc22\ud835\udc27\ud835\udc24 \ud83d\udc47 https:\/\/lp.suno.com.br\/cl\/sr-guia-como-investir-em-2023\/?utm_source=youtube.noticias&utm_medium=live&utm_campaign=N\/A.ns.20230109&utm_content=ytnoticias.morning.13012023 #morningcall #Not\u00edcias #amer3 #americanas #bolsadevalores #mercadofinanceiro #investimentos #investidores #dinheiro #bancocentral #lula #infla\u00e7\u00e3o #sanb11 #bbas3 \ud83d\udd34\ud835\udc08\ud835\udc0d\ud835\udc12\ud835\udc02\ud835\udc11\ud835\udc04\ud835\udc15\ud835\udc00-\ud835\udc12\ud835\udc04 \ud835\udc0d\ud835\udc0e \ud835\udc02\ud835\udc00\ud835\udc0d\ud835\udc00\ud835\udc0b \ud835\udc04 \ud835\udc00\ud835\udc13\ud835\udc08\ud835\udc15\ud835\udc04 \ud835\udc0e \ud835\udc12\ud835\udc08\ud835\udc0d\ud835\udc0e \ud83d\udc47 https:\/\/bit.ly\/INSCREVA-SEATIVEOSINO \ud83d\udcda \ud835\udfcf\ud835\udfce \ud835\udc0b\ud835\udc22\ud835\udc2f\ud835\udc2b\ud835\udc28\ud835\udc2c \ud835\udc2a\ud835\udc2e\ud835\udc1e \ud835\udc13\ud835\udc28\ud835\udc1d\ud835\udc28 \ud835\udc08\ud835\udc27\ud835\udc2f\ud835\udc1e\ud835\udc2c\ud835\udc2d\ud835\udc22\ud835\udc1d\ud835\udc28\ud835\udc2b \ud835\udc1d\ud835\udc1e\ud835\udc2f\ud835\udc1e\ud835\udc2b\ud835\udc22\ud835\udc1a \ud835\udc0b\ud835\udc1e\ud835\udc2b\ud83d\udc47 https:\/\/lp.suno.com.br\/ebook-10-livros\/?utm_source=youtube.noticias&utm_medium=video&utm_campaign=ebook10livrosparainvestidores.20230105&utm_content=youtube.noticias.05012023 \ud83d\udcda \ud83d\udcb8\u2026\",\"duration\":\"PT41M32S\",\"embedUrl\":\"https:\/\/www.youtube.com\/embed\/m0QfZ_eoQeY\",\"regionsAllowed\":\"pt-BR\",\"interactionStatistic\":{\"@type\":\"InteractionCounter\",\"interactionType\":{\"@type\":\"WatchAction\"},\"userInteractionCount\":3530},\"thumbnailUrl\":\"https:\/\/i.ytimg.com\/vi\/m0QfZ_eoQeY\/default.jpg\",\"uploadDate\":\"2023-01-20T12:52:31Z\"}<\/script>\n\n\n\n\n\t<p>\n\t\t<a href=\"\" target=\"_blank\" data-element=\"shortcode-suno-banner\" title=\"Banner SUNO, clique e saiba mais\">\n\t\t\t<picture>\n\t\t\t\t<source media=\"(max-width: 500px)\" srcset=\"\">\n\t\t\t\t<img class=\"newsContent__article__imgCapa newsContent__article__imgCapa--banner\"\n\t\t\t\t\tsrc=\"\"\n\t\t\t\t\tdata-promo-id=\"138420\"\t\t\t\t\t\t\t\t\t\t\t\t\t\t\talt=\"\"\n\t\t\t\t>\n\t\t\t<\/picture>\n\t\t<\/a>\n\t<\/p>\n\n\n\n\n\n<p>O <strong>Ibovespa hoje<\/strong> lida com bolsas mundiais no campo positivo, com avan\u00e7o de 0,3% no S&amp;P e 0,05% no Dow Jones, durante as negocia\u00e7\u00f5es pr\u00e9-mercado em Wall Street.<\/p>\n\n\n\n<p>Na Europa, alta de 0,55% na Bolsa de Frankfurt (DAX) e 0,26% na Bolsa de Londres (FTSE). Nesse contexto, o \u00edndice pan-europeu Stoxx-600 sobe 0,34%.<\/p>\n\n\n\n<p>O <strong>d\u00f3lar <\/strong>comercial sobe 0,54% a R$ 5,198. As negocia\u00e7\u00f5es dos contratos futuros mostram avan\u00e7o de 0,56%.<\/p>\n\n\n\n<p>Tamb\u00e9m influenciando no Ibovespa, no cen\u00e1rio de <strong>commodities<\/strong>, o petr\u00f3leo Brent, que \u00e9 refer\u00eancia para a Petrobras (PETR4). sobe 0,65% no intradia a US$ 86. <\/p>\n\n\n\n<p>J\u00e1 o min\u00e9rio de ferro segue em alta com otimismo sobre uma recupera\u00e7\u00e3o econ\u00f4mica na China, subindo 1,7% a US$ 127 por tonelada.<\/p>\n\n\n\n<p>No calend\u00e1rio de indicadores, dados de vendas do varejo no Reino Unido vieram abaixo do esperado, ao passo que a infla\u00e7\u00e3o ao produtor na Alemanha surpreendeu positivamente os investidores.<\/p>\n\n\n\n<p>Ainda pela manh\u00e3 o mercado segue atento ao Discurso de Harker, membro do FOMC, e aos dados de Vendas de Casas Usadas dos EUA, que ser\u00e1 divulgado \u00e0s 12h.<\/p>\n\n\n\n<p>No radar pol\u00edtico, o mercado segue atento aos \u00faltimos acenos do ministro da Fazenda, Fernando Haddad, e do presidente Lula (PT) &#8211; que na v\u00e9spera sinalizou contrariedade \u00e0s metas de infla\u00e7\u00e3o do Banco Central, sendo um fator que contribuiu para alta dos juros futuros e do d\u00f3lar.<\/p>\n\n\n\n<h2 class=\"wp-block-heading\" id=\"h-noticias-que-movimentam-a-bolsa-de-valores-hoje\">Not\u00edcias que movimentam a Bolsa de Valores hoje<\/h2>\n\n\n\n<ul class=\"wp-block-list\">\n<li>Americanas (AMER3) nega pedido de R$ 15 bilh\u00f5es para capitaliza\u00e7\u00e3o<\/li>\n\n\n\n<li>Banco do Brasil aprova novo payout<\/li>\n\n\n\n<li>Lojas Renner (LREN3) aprova recompra de at\u00e9 15 milh\u00f5es de a\u00e7\u00f5es<\/li>\n<\/ul>\n\n\n\t<p>\n\t\t<a href=\"https:\/\/lp.suno.com.br\/planilha-controle-gastos\/\" target=\"_blank\" data-element=\"shortcode-suno-banner\" title=\"Banner SUNO, clique e saiba mais\">\n\t\t\t<picture>\n\t\t\t\t<source media=\"(max-width: 500px)\" srcset=\"https:\/\/files.sunoresearch.com.br\/n\/uploads\/2023\/03\/400x300-Planilha-controle-de-gastos.png\">\n\t\t\t\t<img class=\"newsContent__article__imgCapa newsContent__article__imgCapa--banner\"\n\t\t\t\t\tsrc=\"https:\/\/files.sunoresearch.com.br\/n\/uploads\/2023\/03\/1420x240-Planilha-controle-de-gastos.png\"\n\t\t\t\t\tdata-promo-id=\"101751\"\t\t\t\t\t\t\t\t\t\twidth='1420' height='240'\t\t\t\t\talt=\"https:\/\/files.sunoresearch.com.br\/n\/uploads\/2023\/03\/1420x240-Planilha-controle-de-gastos.png\"\n\t\t\t\t>\n\t\t\t<\/picture>\n\t\t<\/a>\n\t<\/p>\n\n\n\n\n\n<h2 class=\"wp-block-heading\">Poss\u00edvel capitaliza\u00e7\u00e3o da Americanas<\/h2>\n\n\n\n<p>Rebatendo especula\u00e7\u00f5es, a <strong>Americanas <\/strong>(AMER3) negou que os bancos credores da companhia tenham pedido uma capitaliza\u00e7\u00e3o de R$ 15 bilh\u00f5es. <\/p>\n\n\n\n<p>&#8220;A companhia informa que h\u00e1 discuss\u00f5es em curso com os <strong>credores financeiros<\/strong>, mas que at\u00e9 o momento, n\u00e3o h\u00e1 nenhum fato ou documento vinculante nos termos mencionados que mere\u00e7a divulga\u00e7\u00e3o, conforme legisla\u00e7\u00e3o em vigor, e que ir\u00e1 manter o mercado e o p\u00fablico em geral devidamente atualizados acerca de quaisquer informa\u00e7\u00f5es relevantes relacionadas ao tema&#8221;, diz o <a href=\"https:\/\/www.rad.cvm.gov.br\/ENET\/frmExibirArquivoIPEExterno.aspx?NumeroProtocoloEntrega=1050899\" target=\"_blank\" rel=\"noreferrer noopener\">comunicado da Americanas<\/a>.<\/p>\n\n\n\n<p>Segundo informa\u00e7\u00f5es do jornal Valor Econ\u00f4mico, anteriormente o banco de investimento Rotchschild conversou cmo credores e as negocia\u00e7\u00f5es chegaram ainda para o ex-CEO, <a class=\"suno-keyword\" data-force=\"no\" data-priority=\"2\" href=\"https:\/\/www.suno.com.br\/tudo-sobre\/sergio-rial\/\" target=\"_blank\" rel=\"noopener\"><strong>Sergio Rial<\/strong><\/a>, pedindo R$ 6 bilh\u00f5es de capitaliza\u00e7\u00e3o.<\/p>\n\n\n\n<p>Antes da recupera\u00e7\u00e3o judicial, o pedido dos bancos teria sido de uma <strong>capitaliza\u00e7\u00e3o <\/strong>de R$ 15 bilh\u00f5es, a fim de compensar o rombo gerado pelas inconsist\u00eancias cont\u00e1beis.<\/p>\n\n\n\n<h2 class=\"wp-block-heading\">Dividendos e JCP: Banco do Brasil (BBAS3) aprova &#8220;payout&#8221; de 40% para 2023<\/h2>\n\n\n\n<p>Na v\u00e9spera o <strong>Banco do Brasil<\/strong> (BBSA3) informou que o <a class=\"suno-keyword\" data-force=\"no\" data-priority=\"1\" href=\"https:\/\/www.suno.com.br\/artigos\/conselho-administracao\/\" target=\"_blank\" rel=\"noopener\">conselho de administra\u00e7\u00e3o<\/a>  aprovou o <em>payout<\/em> [porcentagem do <a class=\"suno-keyword\" data-force=\"no\" data-priority=\"1\" href=\"https:\/\/www.suno.com.br\/artigos\/lucro-liquido\/\" target=\"_blank\" rel=\"noopener\">lucro l\u00edquido<\/a> distribu\u00eddo] de 40% para o exerc\u00edcio de 2023, via <a class=\"suno-keyword\" data-force=\"no\" data-priority=\"1\" href=\"https:\/\/www.suno.com.br\/artigos\/entenda-o-jcp\/\" target=\"_blank\" rel=\"noopener\">juros sobre o capital pr\u00f3prio<\/a> (JCP) e <a class=\"suno-keyword\" data-force=\"no\" data-priority=\"1\" href=\"https:\/\/www.suno.com.br\/guias\/dividendos\/\" target=\"_blank\" rel=\"noopener\">dividendos<\/a>.<\/p>\n\n\n\n<p>Em comunicado \u00e0 Comiss\u00e3o de Valores Mobili\u00e1rios (CVM), o BB ainda ressaltou que remunerar\u00e1 os acionistas em oito fluxos. Ser\u00e3o quatro pagamentos realizados ao longo dos trimestres de refer\u00eancia, de forma antecipada. Os outros quatro pagamentos complementares ser\u00e3o efetivados ap\u00f3s o encerramento dos trimestres de refer\u00eancia.<\/p>\n\n\n\n<p>Ainda no comunicado, o documento destaca que o valor do <strong>payout do BBSA3<\/strong> considerou os balizadores constantes na pol\u00edtica. <\/p>\n\n\n\n<p>&#8220;Em especial, s\u00e3o o <strong>resultado do Banco do Brasil<\/strong>, sua condi\u00e7\u00e3o financeira, a necessidade de caixa, o Plano de Capital e suas metas e respectivas proje\u00e7\u00f5es, a Declara\u00e7\u00e3o de Apetite e Toler\u00e2ncia a Riscos, perspectivas dos mercados de atua\u00e7\u00e3o presentes e potenciais, oportunidades de investimento existentes e a manuten\u00e7\u00e3o e expans\u00e3o da capacidade operacional&#8221;, afirma o documento.<a href=\"https:\/\/lp.suno.com.br\/cl\/desafio-da-renda-extra-2023\/\" target=\"_blank\" rel=\"noreferrer noopener\"><\/a><\/p>\n\n\n\t<p>\n\t\t<a href=\"https:\/\/lp.suno.com.br\/planilha-da-vida-financeira\/\" target=\"_blank\" data-element=\"shortcode-suno-banner\" title=\"Banner SUNO, clique e saiba mais\">\n\t\t\t<picture>\n\t\t\t\t<source media=\"(max-width: 500px)\" srcset=\"https:\/\/files.sunoresearch.com.br\/n\/uploads\/2023\/04\/400x300-Planilha-vida-financeira-true.png\">\n\t\t\t\t<img class=\"newsContent__article__imgCapa newsContent__article__imgCapa--banner\"\n\t\t\t\t\tsrc=\"https:\/\/files.sunoresearch.com.br\/n\/uploads\/2023\/04\/1420x240-Planilha-vida-financeira-true.png\"\n\t\t\t\t\tdata-promo-id=\"106682\"\t\t\t\t\t\t\t\t\t\twidth='1420' height='240'\t\t\t\t\talt=\"https:\/\/files.sunoresearch.com.br\/n\/uploads\/2023\/04\/1420x240-Planilha-vida-financeira-true.png\"\n\t\t\t\t>\n\t\t\t<\/picture>\n\t\t<\/a>\n\t<\/p>\n\n\n\n\n\n<h2 class=\"wp-block-heading\">Recompra das Lojas Renner<\/h2>\n\n\n\n<p>O conselho de administra\u00e7\u00e3o da <strong>Lojas Renner (<a href=\"https:\/\/www.suno.com.br\/acoes\/LREN3\/\" target=\"_blank\" rel=\"noreferrer noopener\">LREN3<\/a>)<\/strong> aprovou um novo programa de <a class=\"suno-keyword\" data-force=\"no\" data-priority=\"1\" href=\"https:\/\/www.suno.com.br\/artigos\/recompra-de-acoes\/\" target=\"_blank\" rel=\"noopener\">recompra de a\u00e7\u00f5es<\/a>. O projeto visa adquirir at\u00e9 15 milh\u00f5es de pap\u00e9is ordin\u00e1rios da varejista, o que representa 1,55% das a\u00e7\u00f5es em circula\u00e7\u00e3o.<\/p>\n\n\n\n<p>Em comunicado publicado na Comiss\u00e3o de Valores Mobili\u00e1rios (CVM), a <strong>varejista<\/strong> de moda explicou que essas recompras poder\u00e3o ser feitas at\u00e9 o dia 19\/07\/24, &#8220;cabendo a Diretoria o melhor momento para as aquisi\u00e7\u00f5es&#8221;.<\/p>\n\n\n\n<p>Segundo a companhia, um dos objetivos da <strong>recompra de a\u00e7\u00f5es<\/strong> \u00e9 &#8220;ser uma forma adicional de distribuir a gera\u00e7\u00e3o de caixa aos acionistas, em adi\u00e7\u00e3o ao pagamento de <a class=\"suno-keyword\" data-force=\"no\" data-priority=\"1\" href=\"https:\/\/www.suno.com.br\/guias\/dividendos\/\" target=\"_blank\" rel=\"noopener\">dividendos<\/a> e <a class=\"suno-keyword\" data-force=\"no\" data-priority=\"1\" href=\"https:\/\/www.suno.com.br\/artigos\/entenda-o-jcp\/\" target=\"_blank\" rel=\"noopener\">juros sobre capital pr\u00f3prio<\/a>&#8220;.<\/p>\n\n\n\n<h2 class=\"wp-block-heading\" id=\"h-maiores-altas-do-ibovespa\">Maiores altas do Ibovespa<\/h2>\n\n\n\n<ul class=\"wp-block-list\">\n<li>MRVE3: +3,1%<\/li>\n\n\n\n<li>CSNA3: + 2,4%<\/li>\n\n\n\n<li>CMIN3: +2,5%<\/li>\n\n\n\n<li>AMER3: +1%<\/li>\n\n\n\n<li>BBSE3: +0,7%<\/li>\n<\/ul>\n\n\n\n<h2 class=\"wp-block-heading\" id=\"h-maiores-baixas-do-ibovespa\">Maiores baixas do Ibovespa<\/h2>\n\n\n\n<ul class=\"wp-block-list\">\n<li>KLBN11: -3%<\/li>\n\n\n\n<li>CMIG4: -2,7%<\/li>\n\n\n\n<li>RDOR3: -2,7%<\/li>\n\n\n\n<li>SOMA3: -2,5%<\/li>\n\n\n\n<li>FLRY3: -2,2%<\/li>\n<\/ul>\n\n\n\n<h2 class=\"wp-block-heading\" id=\"h-ultima-cotacao-do-ibovespa\">\u00daltima cota\u00e7\u00e3o do Ibovespa<\/h2>\n\n\n\n<p>O&nbsp;<strong>Ibovespa<\/strong>&nbsp;encerrou o preg\u00e3o da quinta-feira (19) em alta 0,62%, a 112.922 pontos.<\/p>\n\n\n\t<p>\n\t\t<a href=\"https:\/\/lp.suno.com.br\/ebook-como-analisar-uma-acao\/\" target=\"_blank\" data-element=\"shortcode-suno-banner\" title=\"Banner SUNO, clique e saiba mais\">\n\t\t\t<picture>\n\t\t\t\t<source media=\"(max-width: 500px)\" srcset=\"https:\/\/files.sunoresearch.com.br\/n\/uploads\/2023\/03\/Ebook-Acoes-Mobile-1.jpg\">\n\t\t\t\t<img class=\"newsContent__article__imgCapa newsContent__article__imgCapa--banner\"\n\t\t\t\t\tsrc=\"https:\/\/files.sunoresearch.com.br\/n\/uploads\/2023\/03\/Ebook-Acoes-Desktop-1.jpg\"\n\t\t\t\t\tdata-promo-id=\"171998\"\t\t\t\t\t\t\t\t\t\twidth='1420' height='286'\t\t\t\t\talt=\"https:\/\/files.sunoresearch.com.br\/n\/uploads\/2023\/03\/Ebook-Acoes-Desktop-1.jpg\"\n\t\t\t\t>\n\t\t\t<\/picture>\n\t\t<\/a>\n\t<\/p>\n\n\n","protected":false},"excerpt":{"rendered":"<p>O Ibovespa opera em queda de 0,7%, ap\u00f3s altas e baixas nos primeiros minutos de preg\u00e3o desta sexta-feira (20). Na ponta negativa do \u00edndice, a Americanas (AMER3) amplia sua desvaloriza\u00e7\u00e3o, caindo mais de 24%. Na v\u00e9spera, a varejista formalizou seu pedido de recupera\u00e7\u00e3o judicial, tamb\u00e9m j\u00e1 aceito pela justi\u00e7a. O Ibovespa hoje lida com bolsas [&hellip;]<\/p>\n","protected":false},"author":73,"featured_media":337795,"comment_status":"closed","ping_status":"closed","sticky":false,"template":"","format":"standard","meta":[],"categories":[60],"tags":[286,106605,106948],"suno_strategy":[],"class_list":["post-350322","post","type-post","status-publish","format-standard","has-post-thumbnail","hentry","category-mercado","tag-acoes","tag-americanas-s-a-amer3","tag-ibovespa-abertura"],"yoast_head":"<!-- This site is optimized with the Yoast SEO plugin v24.4 - https:\/\/yoast.com\/wordpress\/plugins\/seo\/ -->\n<title>Ibovespa opera aos 113 mil pontos; Americanas (AMER3) derrete 42%<\/title>\n<meta name=\"description\" content=\"Clique aqui e acompanhe as principais not\u00edcias do Ibovespa e das bolsas de valores mundiais, com not\u00edcias e cota\u00e7\u00f5es de a\u00e7\u00f5es!\" \/>\n<meta name=\"robots\" content=\"index, follow, max-snippet:-1, max-image-preview:large, max-video-preview:-1\" \/>\n<link rel=\"canonical\" href=\"https:\/\/www.suno.com.br\/noticias\/ibovespa-hoje-20012023-americanas-amer3\/\" \/>\n<meta property=\"og:locale\" content=\"pt_BR\" \/>\n<meta property=\"og:type\" content=\"article\" \/>\n<meta property=\"og:title\" content=\"Ibovespa opera aos 113 mil pontos; Americanas (AMER3) derrete 42%\" \/>\n<meta property=\"og:description\" content=\"Clique aqui e acompanhe as principais not\u00edcias do Ibovespa e das bolsas de valores mundiais, com not\u00edcias e cota\u00e7\u00f5es de a\u00e7\u00f5es!\" \/>\n<meta property=\"og:url\" content=\"https:\/\/www.suno.com.br\/noticias\/ibovespa-hoje-20012023-americanas-amer3\/\" \/>\n<meta property=\"og:site_name\" content=\"Suno Not\u00edcias\" \/>\n<meta property=\"article:publisher\" content=\"https:\/\/facebook.com\/sunoresearch\" \/>\n<meta property=\"og:image\" content=\"https:\/\/files.sunoresearch.com.br\/n\/uploads\/2022\/12\/ibovespab3.jpg\" \/>\n\t<meta property=\"og:image:width\" content=\"1200\" \/>\n\t<meta property=\"og:image:height\" content=\"800\" \/>\n\t<meta property=\"og:image:type\" content=\"image\/jpeg\" \/>\n<meta name=\"author\" content=\"Eduardo Vargas\" \/>\n<meta name=\"twitter:card\" content=\"summary_large_image\" \/>\n<meta name=\"twitter:creator\" content=\"@sunoresearch\" \/>\n<meta name=\"twitter:site\" content=\"@sunoresearch\" \/>\n<meta name=\"twitter:label1\" content=\"Escrito por\" \/>\n\t<meta name=\"twitter:data1\" content=\"Eduardo Vargas\" \/>\n\t<meta name=\"twitter:label2\" content=\"Est. tempo de leitura\" \/>\n\t<meta name=\"twitter:data2\" content=\"5 minutos\" \/>\n<script type=\"application\/ld+json\" class=\"yoast-schema-graph\">{\"@context\":\"https:\/\/schema.org\",\"@graph\":[{\"@type\":\"NewsArticle\",\"@id\":\"https:\/\/www.suno.com.br\/noticias\/ibovespa-hoje-20012023-americanas-amer3\/#article\",\"isPartOf\":{\"@id\":\"https:\/\/www.suno.com.br\/noticias\/ibovespa-hoje-20012023-americanas-amer3\/\"},\"author\":{\"name\":\"Eduardo Vargas\",\"@id\":\"https:\/\/www.suno.com.br\/noticias\/#\/schema\/person\/7f4d362bf3518e76090143ae77bb49a5\"},\"headline\":\"Ibovespa opera em queda aos 112 mil pontos; CSN (CSNA3) sobe 2,4%\",\"datePublished\":\"2023-01-20T13:12:53+00:00\",\"dateModified\":\"2023-01-20T18:17:24+00:00\",\"mainEntityOfPage\":{\"@id\":\"https:\/\/www.suno.com.br\/noticias\/ibovespa-hoje-20012023-americanas-amer3\/\"},\"wordCount\":854,\"publisher\":{\"@id\":\"https:\/\/www.suno.com.br\/noticias\/#organization\"},\"image\":{\"@id\":\"https:\/\/www.suno.com.br\/noticias\/ibovespa-hoje-20012023-americanas-amer3\/#primaryimage\"},\"thumbnailUrl\":\"https:\/\/files.sunoresearch.com.br\/n\/uploads\/2022\/12\/ibovespab3.jpg\",\"keywords\":[\"A\u00e7\u00f5es\",\"Americanas (AMER3)\",\"Ibovespa abertura\"],\"articleSection\":[\"Mercado\"],\"inLanguage\":\"pt-BR\"},{\"@type\":\"WebPage\",\"@id\":\"https:\/\/www.suno.com.br\/noticias\/ibovespa-hoje-20012023-americanas-amer3\/\",\"url\":\"https:\/\/www.suno.com.br\/noticias\/ibovespa-hoje-20012023-americanas-amer3\/\",\"name\":\"Ibovespa opera aos 113 mil pontos; Americanas (AMER3) derrete 42%\",\"isPartOf\":{\"@id\":\"https:\/\/www.suno.com.br\/noticias\/#website\"},\"primaryImageOfPage\":{\"@id\":\"https:\/\/www.suno.com.br\/noticias\/ibovespa-hoje-20012023-americanas-amer3\/#primaryimage\"},\"image\":{\"@id\":\"https:\/\/www.suno.com.br\/noticias\/ibovespa-hoje-20012023-americanas-amer3\/#primaryimage\"},\"thumbnailUrl\":\"https:\/\/files.sunoresearch.com.br\/n\/uploads\/2022\/12\/ibovespab3.jpg\",\"datePublished\":\"2023-01-20T13:12:53+00:00\",\"dateModified\":\"2023-01-20T18:17:24+00:00\",\"description\":\"Clique aqui e acompanhe as principais not\u00edcias do Ibovespa e das bolsas de valores mundiais, com not\u00edcias e cota\u00e7\u00f5es de a\u00e7\u00f5es!\",\"breadcrumb\":{\"@id\":\"https:\/\/www.suno.com.br\/noticias\/ibovespa-hoje-20012023-americanas-amer3\/#breadcrumb\"},\"inLanguage\":\"pt-BR\",\"potentialAction\":[{\"@type\":\"ReadAction\",\"target\":[\"https:\/\/www.suno.com.br\/noticias\/ibovespa-hoje-20012023-americanas-amer3\/\"]}]},{\"@type\":\"ImageObject\",\"inLanguage\":\"pt-BR\",\"@id\":\"https:\/\/www.suno.com.br\/noticias\/ibovespa-hoje-20012023-americanas-amer3\/#primaryimage\",\"url\":\"https:\/\/files.sunoresearch.com.br\/n\/uploads\/2022\/12\/ibovespab3.jpg\",\"contentUrl\":\"https:\/\/files.sunoresearch.com.br\/n\/uploads\/2022\/12\/ibovespab3.jpg\",\"width\":1200,\"height\":800,\"caption\":\"Ibovespa hoje. Foto: Divulga\u00e7\u00e3o\/B3\"},{\"@type\":\"BreadcrumbList\",\"@id\":\"https:\/\/www.suno.com.br\/noticias\/ibovespa-hoje-20012023-americanas-amer3\/#breadcrumb\",\"itemListElement\":[{\"@type\":\"ListItem\",\"position\":1,\"name\":\"Not\u00edcias\",\"item\":\"https:\/\/www.suno.com.br\/noticias\/\"},{\"@type\":\"ListItem\",\"position\":2,\"name\":\"Mercado\",\"item\":\"https:\/\/www.suno.com.br\/noticias\/mercado\/\"},{\"@type\":\"ListItem\",\"position\":3,\"name\":\"Ibovespa opera em queda aos 112 mil pontos; CSN (CSNA3) sobe 2,4%\"}]},{\"@type\":\"WebSite\",\"@id\":\"https:\/\/www.suno.com.br\/noticias\/#website\",\"url\":\"https:\/\/www.suno.com.br\/noticias\/\",\"name\":\"Suno Not\u00edcias\",\"description\":\"Seu portal de informa\u00e7\u00e3o sobre o mundo dos investimentos\",\"publisher\":{\"@id\":\"https:\/\/www.suno.com.br\/noticias\/#organization\"},\"potentialAction\":[{\"@type\":\"SearchAction\",\"target\":{\"@type\":\"EntryPoint\",\"urlTemplate\":\"https:\/\/www.suno.com.br\/noticias\/?s={search_term_string}\"},\"query-input\":{\"@type\":\"PropertyValueSpecification\",\"valueRequired\":true,\"valueName\":\"search_term_string\"}}],\"inLanguage\":\"pt-BR\"},{\"@type\":\"Organization\",\"@id\":\"https:\/\/www.suno.com.br\/noticias\/#organization\",\"name\":\"Suno Not\u00edcias\",\"url\":\"https:\/\/www.suno.com.br\/noticias\/\",\"logo\":{\"@type\":\"ImageObject\",\"inLanguage\":\"pt-BR\",\"@id\":\"https:\/\/www.suno.com.br\/noticias\/#\/schema\/logo\/image\/\",\"url\":\"https:\/\/files.sunoresearch.com.br\/n\/uploads\/2021\/09\/suno-logo.png\",\"contentUrl\":\"https:\/\/files.sunoresearch.com.br\/n\/uploads\/2021\/09\/suno-logo.png\",\"width\":180,\"height\":180,\"caption\":\"Suno Not\u00edcias\"},\"image\":{\"@id\":\"https:\/\/www.suno.com.br\/noticias\/#\/schema\/logo\/image\/\"},\"sameAs\":[\"https:\/\/facebook.com\/sunoresearch\",\"https:\/\/x.com\/sunoresearch\",\"https:\/\/www.instagram.com\/suno\",\"https:\/\/www.linkedin.com\/company\/suno-research\/\",\"https:\/\/www.youtube.com\/c\/sunoresearch\"]},{\"@type\":\"Person\",\"@id\":\"https:\/\/www.suno.com.br\/noticias\/#\/schema\/person\/7f4d362bf3518e76090143ae77bb49a5\",\"name\":\"Eduardo Vargas\",\"image\":{\"@type\":\"ImageObject\",\"inLanguage\":\"pt-BR\",\"@id\":\"https:\/\/www.suno.com.br\/noticias\/#\/schema\/person\/image\/\",\"url\":\"https:\/\/secure.gravatar.com\/avatar\/dac340933427a22924c9f99d1eb2e3f2?s=96&r=g\",\"contentUrl\":\"https:\/\/secure.gravatar.com\/avatar\/dac340933427a22924c9f99d1eb2e3f2?s=96&r=g\",\"caption\":\"Eduardo Vargas\"},\"description\":\"Jornalista formado pela UFSC, cobre macroeconomia, neg\u00f3cios e startups para o Suno Not\u00edcias, escrevendo principalmente not\u00edcias sobre o mercado financeiro e a bolsa de valores. No YouTube e no Instagram, \u00e9 respons\u00e1vel pela produ\u00e7\u00e3o de Reels e Shorts do Suno Not\u00edcias. Anteriormente, trabalhou cobrindo economia e cotidiano no ND+ e para o ND, maior jornal impresso de Santa Catarina. Cursou um semestre letivo de Estudos de M\u00eddia na Universidad de Buenos Aires.\",\"url\":\"https:\/\/www.suno.com.br\/noticias\/author\/eduardo-vargas\/\"}]}<\/script>\n<!-- \/ Yoast SEO plugin. -->","yoast_head_json":{"title":"Ibovespa opera aos 113 mil pontos; Americanas (AMER3) derrete 42%","description":"Clique aqui e acompanhe as principais not\u00edcias do Ibovespa e das bolsas de valores mundiais, com not\u00edcias e cota\u00e7\u00f5es de a\u00e7\u00f5es!","robots":{"index":"index","follow":"follow","max-snippet":"max-snippet:-1","max-image-preview":"max-image-preview:large","max-video-preview":"max-video-preview:-1"},"canonical":"https:\/\/www.suno.com.br\/noticias\/ibovespa-hoje-20012023-americanas-amer3\/","og_locale":"pt_BR","og_type":"article","og_title":"Ibovespa opera aos 113 mil pontos; Americanas (AMER3) derrete 42%","og_description":"Clique aqui e acompanhe as principais not\u00edcias do Ibovespa e das bolsas de valores mundiais, com not\u00edcias e cota\u00e7\u00f5es de a\u00e7\u00f5es!","og_url":"https:\/\/www.suno.com.br\/noticias\/ibovespa-hoje-20012023-americanas-amer3\/","og_site_name":"Suno Not\u00edcias","article_publisher":"https:\/\/facebook.com\/sunoresearch","og_image":[{"width":1200,"height":800,"url":"https:\/\/files.sunoresearch.com.br\/n\/uploads\/2022\/12\/ibovespab3.jpg","type":"image\/jpeg"}],"author":"Eduardo Vargas","twitter_card":"summary_large_image","twitter_creator":"@sunoresearch","twitter_site":"@sunoresearch","twitter_misc":{"Escrito por":"Eduardo Vargas","Est. tempo de leitura":"5 minutos"},"schema":{"@context":"https:\/\/schema.org","@graph":[{"@type":"NewsArticle","@id":"https:\/\/www.suno.com.br\/noticias\/ibovespa-hoje-20012023-americanas-amer3\/#article","isPartOf":{"@id":"https:\/\/www.suno.com.br\/noticias\/ibovespa-hoje-20012023-americanas-amer3\/"},"author":{"name":"Eduardo Vargas","@id":"https:\/\/www.suno.com.br\/noticias\/#\/schema\/person\/7f4d362bf3518e76090143ae77bb49a5"},"headline":"Ibovespa opera em queda aos 112 mil pontos; CSN (CSNA3) sobe 2,4%","datePublished":"2023-01-20T13:12:53+00:00","dateModified":"2023-01-20T18:17:24+00:00","mainEntityOfPage":{"@id":"https:\/\/www.suno.com.br\/noticias\/ibovespa-hoje-20012023-americanas-amer3\/"},"wordCount":854,"publisher":{"@id":"https:\/\/www.suno.com.br\/noticias\/#organization"},"image":{"@id":"https:\/\/www.suno.com.br\/noticias\/ibovespa-hoje-20012023-americanas-amer3\/#primaryimage"},"thumbnailUrl":"https:\/\/files.sunoresearch.com.br\/n\/uploads\/2022\/12\/ibovespab3.jpg","keywords":["A\u00e7\u00f5es","Americanas (AMER3)","Ibovespa abertura"],"articleSection":["Mercado"],"inLanguage":"pt-BR"},{"@type":"WebPage","@id":"https:\/\/www.suno.com.br\/noticias\/ibovespa-hoje-20012023-americanas-amer3\/","url":"https:\/\/www.suno.com.br\/noticias\/ibovespa-hoje-20012023-americanas-amer3\/","name":"Ibovespa opera aos 113 mil pontos; Americanas (AMER3) derrete 42%","isPartOf":{"@id":"https:\/\/www.suno.com.br\/noticias\/#website"},"primaryImageOfPage":{"@id":"https:\/\/www.suno.com.br\/noticias\/ibovespa-hoje-20012023-americanas-amer3\/#primaryimage"},"image":{"@id":"https:\/\/www.suno.com.br\/noticias\/ibovespa-hoje-20012023-americanas-amer3\/#primaryimage"},"thumbnailUrl":"https:\/\/files.sunoresearch.com.br\/n\/uploads\/2022\/12\/ibovespab3.jpg","datePublished":"2023-01-20T13:12:53+00:00","dateModified":"2023-01-20T18:17:24+00:00","description":"Clique aqui e acompanhe as principais not\u00edcias do Ibovespa e das bolsas de valores mundiais, com not\u00edcias e cota\u00e7\u00f5es de a\u00e7\u00f5es!","breadcrumb":{"@id":"https:\/\/www.suno.com.br\/noticias\/ibovespa-hoje-20012023-americanas-amer3\/#breadcrumb"},"inLanguage":"pt-BR","potentialAction":[{"@type":"ReadAction","target":["https:\/\/www.suno.com.br\/noticias\/ibovespa-hoje-20012023-americanas-amer3\/"]}]},{"@type":"ImageObject","inLanguage":"pt-BR","@id":"https:\/\/www.suno.com.br\/noticias\/ibovespa-hoje-20012023-americanas-amer3\/#primaryimage","url":"https:\/\/files.sunoresearch.com.br\/n\/uploads\/2022\/12\/ibovespab3.jpg","contentUrl":"https:\/\/files.sunoresearch.com.br\/n\/uploads\/2022\/12\/ibovespab3.jpg","width":1200,"height":800,"caption":"Ibovespa hoje. Foto: Divulga\u00e7\u00e3o\/B3"},{"@type":"BreadcrumbList","@id":"https:\/\/www.suno.com.br\/noticias\/ibovespa-hoje-20012023-americanas-amer3\/#breadcrumb","itemListElement":[{"@type":"ListItem","position":1,"name":"Not\u00edcias","item":"https:\/\/www.suno.com.br\/noticias\/"},{"@type":"ListItem","position":2,"name":"Mercado","item":"https:\/\/www.suno.com.br\/noticias\/mercado\/"},{"@type":"ListItem","position":3,"name":"Ibovespa opera em queda aos 112 mil pontos; CSN (CSNA3) sobe 2,4%"}]},{"@type":"WebSite","@id":"https:\/\/www.suno.com.br\/noticias\/#website","url":"https:\/\/www.suno.com.br\/noticias\/","name":"Suno Not\u00edcias","description":"Seu portal de informa\u00e7\u00e3o sobre o mundo dos investimentos","publisher":{"@id":"https:\/\/www.suno.com.br\/noticias\/#organization"},"potentialAction":[{"@type":"SearchAction","target":{"@type":"EntryPoint","urlTemplate":"https:\/\/www.suno.com.br\/noticias\/?s={search_term_string}"},"query-input":{"@type":"PropertyValueSpecification","valueRequired":true,"valueName":"search_term_string"}}],"inLanguage":"pt-BR"},{"@type":"Organization","@id":"https:\/\/www.suno.com.br\/noticias\/#organization","name":"Suno Not\u00edcias","url":"https:\/\/www.suno.com.br\/noticias\/","logo":{"@type":"ImageObject","inLanguage":"pt-BR","@id":"https:\/\/www.suno.com.br\/noticias\/#\/schema\/logo\/image\/","url":"https:\/\/files.sunoresearch.com.br\/n\/uploads\/2021\/09\/suno-logo.png","contentUrl":"https:\/\/files.sunoresearch.com.br\/n\/uploads\/2021\/09\/suno-logo.png","width":180,"height":180,"caption":"Suno Not\u00edcias"},"image":{"@id":"https:\/\/www.suno.com.br\/noticias\/#\/schema\/logo\/image\/"},"sameAs":["https:\/\/facebook.com\/sunoresearch","https:\/\/x.com\/sunoresearch","https:\/\/www.instagram.com\/suno","https:\/\/www.linkedin.com\/company\/suno-research\/","https:\/\/www.youtube.com\/c\/sunoresearch"]},{"@type":"Person","@id":"https:\/\/www.suno.com.br\/noticias\/#\/schema\/person\/7f4d362bf3518e76090143ae77bb49a5","name":"Eduardo Vargas","image":{"@type":"ImageObject","inLanguage":"pt-BR","@id":"https:\/\/www.suno.com.br\/noticias\/#\/schema\/person\/image\/","url":"https:\/\/secure.gravatar.com\/avatar\/dac340933427a22924c9f99d1eb2e3f2?s=96&r=g","contentUrl":"https:\/\/secure.gravatar.com\/avatar\/dac340933427a22924c9f99d1eb2e3f2?s=96&r=g","caption":"Eduardo Vargas"},"description":"Jornalista formado pela UFSC, cobre macroeconomia, neg\u00f3cios e startups para o Suno Not\u00edcias, escrevendo principalmente not\u00edcias sobre o mercado financeiro e a bolsa de valores. No YouTube e no Instagram, \u00e9 respons\u00e1vel pela produ\u00e7\u00e3o de Reels e Shorts do Suno Not\u00edcias. Anteriormente, trabalhou cobrindo economia e cotidiano no ND+ e para o ND, maior jornal impresso de Santa Catarina. Cursou um semestre letivo de Estudos de M\u00eddia na Universidad de Buenos Aires.","url":"https:\/\/www.suno.com.br\/noticias\/author\/eduardo-vargas\/"}]}},"default_loop_html":"<div class=\"cardsPage__listCard__boxs\"><div class=\"cardsPage__listCard__boxs__img\"><a href=\"https:\/\/www.suno.com.br\/noticias\/ibovespa-hoje-20012023-americanas-amer3\/\"><img class=\"mask\" src=\"https:\/\/www.suno.com.br\/noticias\/wp-content\/themes\/suno\/resources\/images\/spotlight\/spotlight1img\/bg-mask.png\" alt=\"Image Mask\"\/><img src=\"https:\/\/files.sunoresearch.com.br\/n\/uploads\/2022\/12\/ibovespab3-400x200.jpg\" alt=\"Ibovespa opera em queda aos 112 mil pontos; CSN (CSNA3) sobe 2,4%\"\/><\/a><span class=\"spotlightCategory\"><a href=\"https:\/\/www.suno.com.br\/noticias\/mercado\/\">Mercado<\/a><\/span><\/div><div class=\"cardsPage__listCard__boxs__content\"><a href=\"https:\/\/www.suno.com.br\/noticias\/ibovespa-hoje-20012023-americanas-amer3\/\"><h2 class=\"content__title\">Ibovespa opera em queda aos 112 mil pontos; CSN (CSNA3) sobe 2,4%<\/h2><\/a><div class=\"newsContent__article__meta\"><div class=\"newsContent__article__meta__authorBox\"><a href=\"https:\/\/www.suno.com.br\/noticias\/author\/eduardo-vargas\/\" class=\"authorBox__avatar noMobi\"><img src=\"https:\/\/secure.gravatar.com\/avatar\/dac340933427a22924c9f99d1eb2e3f2?s=96&#038;r=g\" alt=\"Eduardo Vargas\"><\/a><div class=\"authorBox__name\"><span>por\n\t\t\t<a href=\"https:\/\/www.suno.com.br\/noticias\/author\/eduardo-vargas\/\"><span itemprop=\"author\">Eduardo Vargas<\/span><\/a><\/span><time datetime=\"2023-01-20T10:12:53-03:00\" itemprop=\"datePublished\">20\/01\/2023 10:12<\/time><\/div><\/div><\/div><\/div><\/div>","single_layout":"posts","amp_enabled":true,"_links":{"self":[{"href":"https:\/\/www.suno.com.br\/noticias\/wp-json\/wp\/v2\/posts\/350322"}],"collection":[{"href":"https:\/\/www.suno.com.br\/noticias\/wp-json\/wp\/v2\/posts"}],"about":[{"href":"https:\/\/www.suno.com.br\/noticias\/wp-json\/wp\/v2\/types\/post"}],"author":[{"embeddable":true,"href":"https:\/\/www.suno.com.br\/noticias\/wp-json\/wp\/v2\/users\/73"}],"replies":[{"embeddable":true,"href":"https:\/\/www.suno.com.br\/noticias\/wp-json\/wp\/v2\/comments?post=350322"}],"version-history":[{"count":2,"href":"https:\/\/www.suno.com.br\/noticias\/wp-json\/wp\/v2\/posts\/350322\/revisions"}],"predecessor-version":[{"id":350573,"href":"https:\/\/www.suno.com.br\/noticias\/wp-json\/wp\/v2\/posts\/350322\/revisions\/350573"}],"wp:featuredmedia":[{"embeddable":true,"href":"https:\/\/www.suno.com.br\/noticias\/wp-json\/wp\/v2\/media\/337795"}],"wp:attachment":[{"href":"https:\/\/www.suno.com.br\/noticias\/wp-json\/wp\/v2\/media?parent=350322"}],"wp:term":[{"taxonomy":"category","embeddable":true,"href":"https:\/\/www.suno.com.br\/noticias\/wp-json\/wp\/v2\/categories?post=350322"},{"taxonomy":"post_tag","embeddable":true,"href":"https:\/\/www.suno.com.br\/noticias\/wp-json\/wp\/v2\/tags?post=350322"},{"taxonomy":"suno_strategy","embeddable":true,"href":"https:\/\/www.suno.com.br\/noticias\/wp-json\/wp\/v2\/suno_strategy?post=350322"}],"curies":[{"name":"wp","href":"https:\/\/api.w.org\/{rel}","templated":true}]}}