{"id":35015,"date":"2019-08-23T08:14:09","date_gmt":"2019-08-23T11:14:09","guid":{"rendered":"https:\/\/www.suno.com.br\/noticias\/?p=35015"},"modified":"2019-08-25T09:52:01","modified_gmt":"2019-08-25T12:52:01","slug":"c-a-ipo-ca-2-bilhoes-bancos","status":"publish","type":"post","link":"https:\/\/www.suno.com.br\/noticias\/c-a-ipo-ca-2-bilhoes-bancos\/","title":{"rendered":"C&#038;A pretende arrecadar mais de R$ 2 bilh\u00f5es com IPO"},"content":{"rendered":"<p>A varejista holandesa, C&amp;A, pretende realizar sua <a href=\"https:\/\/www.suno.com.br\/artigos\/vale-a-pena-investir-em-um-ipo-parte-1\/\"><strong>oferta de a\u00e7\u00f5es prim\u00e1rias<\/strong> (IPO)<\/a> de sua <strong>subsidi\u00e1ria<\/strong> brasileira. A varejista iniciou a contrata\u00e7\u00e3o de bancos para conseguir abrir seu capital na <strong><a href=\"https:\/\/www.suno.com.br\/artigos\/bovespa-precedente-b3\/\">Bolsa de Valores de S\u00e3o Paulo<\/a><\/strong>.<\/p>\t<div class=\"wrapper-featured-image\">\n\t\t<figure class=\"spotlightImg\">\n\n\t\t\t<picture>\n\t\t\t\t<source media=\"(max-width: 768px)\" srcset=\"https:\/\/files.sunoresearch.com.br\/n\/uploads\/2019\/08\/093aea27-ipo-ca-2bi-400x200.webp\">\n\t\t\t\t<img loading=\"lazy\" decoding=\"async\" class=\"newsContent__article__imgCapa lazyloadDisabled newsContent__article__imgCapa--noCaption\" src=\"https:\/\/files.sunoresearch.com.br\/n\/uploads\/2019\/08\/093aea27-ipo-ca-2bi-jpg.webp\" width=\"800\" height=\"450\" alt=\"C&#038;A pretende arrecadar mais de R$ 2 bilh\u00f5es com IPO\" fetchpriority=high \/>\n\t\t\t<\/picture>\n\n\t\t\t<figcaption class=\"wp-caption-text wp-caption-text--hide\">Fachada de loja da C&amp;A (foto: divulga\u00e7\u00e3o)<\/figcaption>\n\t\t<\/figure>\n\t<\/div>\n\n\n<p>De acordo com o sindicato da <strong>C&amp;A<\/strong>, a expectativa \u00e9 de que o IPO seja ainda este ano. Al\u00e9m disso, a empresa est\u00e1 definindo, juntamente com os bancos, os par\u00e2metros da oferta para que alcance mais de R$ 2 bilh\u00f5es.<\/p>\n\n<p>Segundo a divulga\u00e7\u00e3o e apura\u00e7\u00e3o do jornal &#8220;Valor Econ\u00f4mico&#8221; a empresa contratou seis bancos para coordenarem as opera\u00e7\u00f5es.<\/p>\n<ul>\n<li>Morgan Stanley<\/li>\n<li>Bradesco BBI<\/li>\n<li>BTG Pactual<\/li>\n<li>Citi<\/li>\n<li>XP Investimentos<\/li>\n<li>e Santander.<\/li>\n<\/ul>\n\t<p>\n\t\t<a href=\"https:\/\/lp.suno.com.br\/ao\/cadastro-whatsapp\/?utm_source=sunoresearch&#038;utm_medium=banner.sidebar&#038;utm_campaign=_SNC1787C4C9_\" target=\"_blank\" data-element=\"shortcode-suno-banner\" title=\"Banner SUNO, clique e saiba mais\">\n\t\t\t<picture>\n\t\t\t\t<source media=\"(max-width: 500px)\" srcset=\"https:\/\/files.sunoresearch.com.br\/n\/uploads\/2024\/09\/wpp-suno.png\">\n\t\t\t\t<img class=\"newsContent__article__imgCapa newsContent__article__imgCapa--banner\"\n\t\t\t\t\tsrc=\"https:\/\/files.sunoresearch.com.br\/n\/uploads\/2024\/09\/wpp-suno.png\"\n\t\t\t\t\tdata-promo-id=\"574195\"\t\t\t\t\t\t\t\t\t\twidth='360' height='98'\t\t\t\t\talt=\"https:\/\/files.sunoresearch.com.br\/n\/uploads\/2024\/09\/wpp-suno.png\"\n\t\t\t\t>\n\t\t\t<\/picture>\n\t\t<\/a>\n\t<\/p>\n\n\n<h2>C&amp;A \u00e9 a nona varejista mais admirada do Brasil<\/h2>\n<p>De acordo com o ranking do IBEVAR FIA, a rede C&amp;A \u00e9 a nona empresa do setor de varejo mais admirada do Brasil. O Botic\u00e1rio ficou em primeiro lugar, enquanto que a rede Casas Bahia conquistou a segunda coloca\u00e7\u00e3o.<\/p>\n<p>O ranking analisou 120 redes que atuam no Pa\u00eds e premiou as dez primeiras colocadas. O m\u00e9todo de avalia\u00e7\u00e3o foi atrav\u00e9s das redes sociais. O IBEVAR FIA analisou milh\u00f5es de manifesta\u00e7\u00f5es dos consumidores na internet.<\/p>\n<p><a href=\"\/\/www.suno.com.br\/noticias\/ipo-cinco-empresas-b3-2019\/\">Confira Tamb\u00e9m: IPO: cinco empresas que podem abrir seu capital na B3 em 2019<\/a><\/p>\n<p>&#8220;Fizemos um mapeamento desses coment\u00e1rios e, partir de uma metodologia pr\u00f3pria, demos uma nota para empresa&#8221;, disse a diretora do IBEVAR, Patricia Cotti.<\/p>\n<p>Confira abaixo as dez primeiras colocadas do ranking.<\/p>\n<ol>\n<li><b> <\/b><span style=\"font-weight: 400;\">O Botic\u00e1rio (Nota 7,7)<\/span><\/li>\n<li><b><\/b><span style=\"font-weight: 400;\"> Casas Bahia (7,6)<\/span><\/li>\n<li><b><\/b><span style=\"font-weight: 400;\"> Lojas Americanas (7,5)<\/span><\/li>\n<li><span style=\"font-weight: 400;\"> Lojas Renner (7,2)<\/span><\/li>\n<li><b><\/b><span style=\"font-weight: 400;\"> Riachuelo (7,2)<\/span><\/li>\n<li><span style=\"font-weight: 400;\">McDonald\u2019s (7,1)<\/span><\/li>\n<li><b> <\/b><span style=\"font-weight: 400;\">Havan (7)<\/span><\/li>\n<li><span style=\"font-weight: 400;\">\u00a0Arezzo (7)<\/span><\/li>\n<li><b><\/b><span style=\"font-weight: 400;\"> C&amp;A (6,8)<\/span><\/li>\n<li><b> <\/b><span style=\"font-weight: 400;\">Schutz (6,6)<\/span><\/li>\n<\/ol>\n<p>O presidente da C&amp;A, Paulo Correa, informou que a imagem da marca deveria ser prioridade para empresas do setor.<\/p>\n<p>&#8220;Vejo muita gente querendo vender mais. Mas acredito que hoje \u00e9 mais importante analisar a percep\u00e7\u00e3o da sociedade sobre a nossa relev\u00e2ncia. Assim, os clientes v\u00e3o desejar nos visitar e, consequentemente, consumir mais. Temos que ter clareza de que nesse momento de transforma\u00e7\u00e3o, o cliente \u00e9 quem est\u00e1 no comando&#8221;, disse Correa.<\/p>\n<p><span style=\"font-weight: 400;\">A <strong>C&amp;A<\/strong> foi fundada em 1841 pelos irm\u00e3o holandeses Clemens e August. Suas iniciais deram origem ao nome da marca. No Brasil, a primeira loja foi inaugurada em 1976 no Shopping Ibirapuera, em S\u00e3o Paulo. <\/span><\/p>\n","protected":false},"excerpt":{"rendered":"<p>A varejista holandesa, C&amp;A, pretende realizar sua oferta de a\u00e7\u00f5es prim\u00e1rias (IPO) de sua subsidi\u00e1ria brasileira. A varejista iniciou a contrata\u00e7\u00e3o de bancos para conseguir abrir seu capital na Bolsa de Valores de S\u00e3o Paulo. Fachada de loja da C&amp;A (foto: divulga\u00e7\u00e3o) De acordo com o sindicato da C&amp;A, a expectativa \u00e9 de que o [&hellip;]<\/p>\n","protected":false},"author":15,"featured_media":35023,"comment_status":"closed","ping_status":"closed","sticky":false,"template":"","format":"standard","meta":[],"categories":[64],"tags":[1898,319],"suno_strategy":[],"class_list":["post-35015","post","type-post","status-publish","format-standard","has-post-thumbnail","hentry","category-negocios","tag-ca-ceab3","tag-ipo-oferta-inicial-de-acoes"],"yoast_head":"<!-- This site is optimized with the Yoast SEO plugin v24.4 - https:\/\/yoast.com\/wordpress\/plugins\/seo\/ -->\n<title>C&amp;A pretende arrecadar mais de R$ 2 bilh\u00f5es com IPO<\/title>\n<meta name=\"description\" content=\"A C&amp;A iniciou a contrata\u00e7\u00e3o de bancos para conseguir abrir seu capital na Bolsa de Valores de S\u00e3o Paulo. Para saber mais clique aqui\" \/>\n<meta name=\"robots\" content=\"index, follow, max-snippet:-1, max-image-preview:large, max-video-preview:-1\" \/>\n<link rel=\"canonical\" href=\"https:\/\/www.suno.com.br\/noticias\/c-a-ipo-ca-2-bilhoes-bancos\/\" \/>\n<meta property=\"og:locale\" content=\"pt_BR\" \/>\n<meta property=\"og:type\" content=\"article\" \/>\n<meta property=\"og:title\" content=\"C&amp;A pretende arrecadar mais de R$ 2 bilh\u00f5es com IPO\" \/>\n<meta property=\"og:description\" content=\"A C&amp;A iniciou a contrata\u00e7\u00e3o de bancos para conseguir abrir seu capital na Bolsa de Valores de S\u00e3o Paulo. Para saber mais clique aqui\" \/>\n<meta property=\"og:url\" content=\"https:\/\/www.suno.com.br\/noticias\/c-a-ipo-ca-2-bilhoes-bancos\/\" \/>\n<meta property=\"og:site_name\" content=\"Suno Not\u00edcias\" \/>\n<meta property=\"article:publisher\" content=\"https:\/\/facebook.com\/sunoresearch\" \/>\n<meta property=\"og:image\" content=\"https:\/\/files.sunoresearch.com.br\/n\/uploads\/2019\/08\/093aea27-ipo-ca-2bi.jpg\" \/>\n\t<meta property=\"og:image:width\" content=\"600\" \/>\n\t<meta property=\"og:image:height\" content=\"401\" \/>\n\t<meta property=\"og:image:type\" content=\"image\/jpeg\" \/>\n<meta name=\"author\" content=\"Poliana Santos\" \/>\n<meta name=\"twitter:card\" content=\"summary_large_image\" \/>\n<meta name=\"twitter:creator\" content=\"@sunoresearch\" \/>\n<meta name=\"twitter:site\" content=\"@sunoresearch\" \/>\n<meta name=\"twitter:label1\" content=\"Escrito por\" \/>\n\t<meta name=\"twitter:data1\" content=\"Poliana Santos\" \/>\n\t<meta name=\"twitter:label2\" content=\"Est. tempo de leitura\" \/>\n\t<meta name=\"twitter:data2\" content=\"2 minutos\" \/>\n<script type=\"application\/ld+json\" class=\"yoast-schema-graph\">{\"@context\":\"https:\/\/schema.org\",\"@graph\":[{\"@type\":\"NewsArticle\",\"@id\":\"https:\/\/www.suno.com.br\/noticias\/c-a-ipo-ca-2-bilhoes-bancos\/#article\",\"isPartOf\":{\"@id\":\"https:\/\/www.suno.com.br\/noticias\/c-a-ipo-ca-2-bilhoes-bancos\/\"},\"author\":{\"name\":\"Poliana Santos\",\"@id\":\"https:\/\/www.suno.com.br\/noticias\/#\/schema\/person\/02ec1f752758247878a2bf4abee1aeda\"},\"headline\":\"C&#038;A pretende arrecadar mais de R$ 2 bilh\u00f5es com IPO\",\"datePublished\":\"2019-08-23T11:14:09+00:00\",\"dateModified\":\"2019-08-25T12:52:01+00:00\",\"mainEntityOfPage\":{\"@id\":\"https:\/\/www.suno.com.br\/noticias\/c-a-ipo-ca-2-bilhoes-bancos\/\"},\"wordCount\":404,\"publisher\":{\"@id\":\"https:\/\/www.suno.com.br\/noticias\/#organization\"},\"image\":{\"@id\":\"https:\/\/www.suno.com.br\/noticias\/c-a-ipo-ca-2-bilhoes-bancos\/#primaryimage\"},\"thumbnailUrl\":\"https:\/\/files.sunoresearch.com.br\/n\/uploads\/2019\/08\/093aea27-ipo-ca-2bi-jpg.webp\",\"keywords\":[\"C&amp;A (CEAB3)\",\"IPO (Oferta Inicial de A\u00e7\u00f5es)\"],\"articleSection\":[\"Neg\u00f3cios\"],\"inLanguage\":\"pt-BR\"},{\"@type\":\"WebPage\",\"@id\":\"https:\/\/www.suno.com.br\/noticias\/c-a-ipo-ca-2-bilhoes-bancos\/\",\"url\":\"https:\/\/www.suno.com.br\/noticias\/c-a-ipo-ca-2-bilhoes-bancos\/\",\"name\":\"C&A pretende arrecadar mais de R$ 2 bilh\u00f5es com IPO\",\"isPartOf\":{\"@id\":\"https:\/\/www.suno.com.br\/noticias\/#website\"},\"primaryImageOfPage\":{\"@id\":\"https:\/\/www.suno.com.br\/noticias\/c-a-ipo-ca-2-bilhoes-bancos\/#primaryimage\"},\"image\":{\"@id\":\"https:\/\/www.suno.com.br\/noticias\/c-a-ipo-ca-2-bilhoes-bancos\/#primaryimage\"},\"thumbnailUrl\":\"https:\/\/files.sunoresearch.com.br\/n\/uploads\/2019\/08\/093aea27-ipo-ca-2bi-jpg.webp\",\"datePublished\":\"2019-08-23T11:14:09+00:00\",\"dateModified\":\"2019-08-25T12:52:01+00:00\",\"description\":\"A C&A iniciou a contrata\u00e7\u00e3o de bancos para conseguir abrir seu capital na Bolsa de Valores de S\u00e3o Paulo. Para saber mais clique aqui\",\"breadcrumb\":{\"@id\":\"https:\/\/www.suno.com.br\/noticias\/c-a-ipo-ca-2-bilhoes-bancos\/#breadcrumb\"},\"inLanguage\":\"pt-BR\",\"potentialAction\":[{\"@type\":\"ReadAction\",\"target\":[\"https:\/\/www.suno.com.br\/noticias\/c-a-ipo-ca-2-bilhoes-bancos\/\"]}]},{\"@type\":\"ImageObject\",\"inLanguage\":\"pt-BR\",\"@id\":\"https:\/\/www.suno.com.br\/noticias\/c-a-ipo-ca-2-bilhoes-bancos\/#primaryimage\",\"url\":\"https:\/\/files.sunoresearch.com.br\/n\/uploads\/2019\/08\/093aea27-ipo-ca-2bi-jpg.webp\",\"contentUrl\":\"https:\/\/files.sunoresearch.com.br\/n\/uploads\/2019\/08\/093aea27-ipo-ca-2bi-jpg.webp\",\"width\":600,\"height\":401,\"caption\":\"Fachada de loja da C&A (foto: divulga\u00e7\u00e3o)\"},{\"@type\":\"BreadcrumbList\",\"@id\":\"https:\/\/www.suno.com.br\/noticias\/c-a-ipo-ca-2-bilhoes-bancos\/#breadcrumb\",\"itemListElement\":[{\"@type\":\"ListItem\",\"position\":1,\"name\":\"Not\u00edcias\",\"item\":\"https:\/\/www.suno.com.br\/noticias\/\"},{\"@type\":\"ListItem\",\"position\":2,\"name\":\"Neg\u00f3cios\",\"item\":\"https:\/\/www.suno.com.br\/noticias\/negocios\/\"},{\"@type\":\"ListItem\",\"position\":3,\"name\":\"C&#038;A pretende arrecadar mais de R$ 2 bilh\u00f5es com IPO\"}]},{\"@type\":\"WebSite\",\"@id\":\"https:\/\/www.suno.com.br\/noticias\/#website\",\"url\":\"https:\/\/www.suno.com.br\/noticias\/\",\"name\":\"Suno Not\u00edcias\",\"description\":\"Seu portal de informa\u00e7\u00e3o sobre o mundo dos investimentos\",\"publisher\":{\"@id\":\"https:\/\/www.suno.com.br\/noticias\/#organization\"},\"potentialAction\":[{\"@type\":\"SearchAction\",\"target\":{\"@type\":\"EntryPoint\",\"urlTemplate\":\"https:\/\/www.suno.com.br\/noticias\/?s={search_term_string}\"},\"query-input\":{\"@type\":\"PropertyValueSpecification\",\"valueRequired\":true,\"valueName\":\"search_term_string\"}}],\"inLanguage\":\"pt-BR\"},{\"@type\":\"Organization\",\"@id\":\"https:\/\/www.suno.com.br\/noticias\/#organization\",\"name\":\"Suno Not\u00edcias\",\"url\":\"https:\/\/www.suno.com.br\/noticias\/\",\"logo\":{\"@type\":\"ImageObject\",\"inLanguage\":\"pt-BR\",\"@id\":\"https:\/\/www.suno.com.br\/noticias\/#\/schema\/logo\/image\/\",\"url\":\"https:\/\/files.sunoresearch.com.br\/n\/uploads\/2021\/09\/suno-logo.png\",\"contentUrl\":\"https:\/\/files.sunoresearch.com.br\/n\/uploads\/2021\/09\/suno-logo.png\",\"width\":180,\"height\":180,\"caption\":\"Suno Not\u00edcias\"},\"image\":{\"@id\":\"https:\/\/www.suno.com.br\/noticias\/#\/schema\/logo\/image\/\"},\"sameAs\":[\"https:\/\/facebook.com\/sunoresearch\",\"https:\/\/x.com\/sunoresearch\",\"https:\/\/www.instagram.com\/suno\",\"https:\/\/www.linkedin.com\/company\/suno-research\/\",\"https:\/\/www.youtube.com\/c\/sunoresearch\"]},{\"@type\":\"Person\",\"@id\":\"https:\/\/www.suno.com.br\/noticias\/#\/schema\/person\/02ec1f752758247878a2bf4abee1aeda\",\"name\":\"Poliana Santos\",\"image\":{\"@type\":\"ImageObject\",\"inLanguage\":\"pt-BR\",\"@id\":\"https:\/\/www.suno.com.br\/noticias\/#\/schema\/person\/image\/\",\"url\":\"https:\/\/secure.gravatar.com\/avatar\/0645bd32f23d87b2130f2b2dff1d3f8d?s=96&r=g\",\"contentUrl\":\"https:\/\/secure.gravatar.com\/avatar\/0645bd32f23d87b2130f2b2dff1d3f8d?s=96&r=g\",\"caption\":\"Poliana Santos\"},\"description\":\"Rep\u00f3rter no Suno Not\u00edcias, com cobertura em mercado financeiro, economia, finan\u00e7as pessoais, renda fixa e varejo. Jornalista formada pela Faculdade C\u00e1sper L\u00edbero e possui passagem na R\u00e1dio Gazeta AM com a produ\u00e7\u00e3o de conte\u00fado sobre economia, pol\u00edtica, sa\u00fade, moda e m\u00fasica. Possui certificado de conclus\u00e3o do curso de An\u00e1lise de Balan\u00e7os pela Funda\u00e7\u00e3o Bradesco, Agenda Brasil pela FAAP, Educa\u00e7\u00e3o Pol\u00edtica por Alexandre Garcia e do Tesouro Direto e Mercado de A\u00e7\u00f5es pela B3.\",\"url\":\"https:\/\/www.suno.com.br\/noticias\/author\/poliana-santos\/\"}]}<\/script>\n<!-- \/ Yoast SEO plugin. -->","yoast_head_json":{"title":"C&A pretende arrecadar mais de R$ 2 bilh\u00f5es com IPO","description":"A C&A iniciou a contrata\u00e7\u00e3o de bancos para conseguir abrir seu capital na Bolsa de Valores de S\u00e3o Paulo. Para saber mais clique aqui","robots":{"index":"index","follow":"follow","max-snippet":"max-snippet:-1","max-image-preview":"max-image-preview:large","max-video-preview":"max-video-preview:-1"},"canonical":"https:\/\/www.suno.com.br\/noticias\/c-a-ipo-ca-2-bilhoes-bancos\/","og_locale":"pt_BR","og_type":"article","og_title":"C&A pretende arrecadar mais de R$ 2 bilh\u00f5es com IPO","og_description":"A C&A iniciou a contrata\u00e7\u00e3o de bancos para conseguir abrir seu capital na Bolsa de Valores de S\u00e3o Paulo. Para saber mais clique aqui","og_url":"https:\/\/www.suno.com.br\/noticias\/c-a-ipo-ca-2-bilhoes-bancos\/","og_site_name":"Suno Not\u00edcias","article_publisher":"https:\/\/facebook.com\/sunoresearch","og_image":[{"width":600,"height":401,"url":"https:\/\/files.sunoresearch.com.br\/n\/uploads\/2019\/08\/093aea27-ipo-ca-2bi.jpg","type":"image\/jpeg"}],"author":"Poliana Santos","twitter_card":"summary_large_image","twitter_creator":"@sunoresearch","twitter_site":"@sunoresearch","twitter_misc":{"Escrito por":"Poliana Santos","Est. tempo de leitura":"2 minutos"},"schema":{"@context":"https:\/\/schema.org","@graph":[{"@type":"NewsArticle","@id":"https:\/\/www.suno.com.br\/noticias\/c-a-ipo-ca-2-bilhoes-bancos\/#article","isPartOf":{"@id":"https:\/\/www.suno.com.br\/noticias\/c-a-ipo-ca-2-bilhoes-bancos\/"},"author":{"name":"Poliana Santos","@id":"https:\/\/www.suno.com.br\/noticias\/#\/schema\/person\/02ec1f752758247878a2bf4abee1aeda"},"headline":"C&#038;A pretende arrecadar mais de R$ 2 bilh\u00f5es com IPO","datePublished":"2019-08-23T11:14:09+00:00","dateModified":"2019-08-25T12:52:01+00:00","mainEntityOfPage":{"@id":"https:\/\/www.suno.com.br\/noticias\/c-a-ipo-ca-2-bilhoes-bancos\/"},"wordCount":404,"publisher":{"@id":"https:\/\/www.suno.com.br\/noticias\/#organization"},"image":{"@id":"https:\/\/www.suno.com.br\/noticias\/c-a-ipo-ca-2-bilhoes-bancos\/#primaryimage"},"thumbnailUrl":"https:\/\/files.sunoresearch.com.br\/n\/uploads\/2019\/08\/093aea27-ipo-ca-2bi-jpg.webp","keywords":["C&amp;A (CEAB3)","IPO (Oferta Inicial de A\u00e7\u00f5es)"],"articleSection":["Neg\u00f3cios"],"inLanguage":"pt-BR"},{"@type":"WebPage","@id":"https:\/\/www.suno.com.br\/noticias\/c-a-ipo-ca-2-bilhoes-bancos\/","url":"https:\/\/www.suno.com.br\/noticias\/c-a-ipo-ca-2-bilhoes-bancos\/","name":"C&A pretende arrecadar mais de R$ 2 bilh\u00f5es com IPO","isPartOf":{"@id":"https:\/\/www.suno.com.br\/noticias\/#website"},"primaryImageOfPage":{"@id":"https:\/\/www.suno.com.br\/noticias\/c-a-ipo-ca-2-bilhoes-bancos\/#primaryimage"},"image":{"@id":"https:\/\/www.suno.com.br\/noticias\/c-a-ipo-ca-2-bilhoes-bancos\/#primaryimage"},"thumbnailUrl":"https:\/\/files.sunoresearch.com.br\/n\/uploads\/2019\/08\/093aea27-ipo-ca-2bi-jpg.webp","datePublished":"2019-08-23T11:14:09+00:00","dateModified":"2019-08-25T12:52:01+00:00","description":"A C&A iniciou a contrata\u00e7\u00e3o de bancos para conseguir abrir seu capital na Bolsa de Valores de S\u00e3o Paulo. Para saber mais clique aqui","breadcrumb":{"@id":"https:\/\/www.suno.com.br\/noticias\/c-a-ipo-ca-2-bilhoes-bancos\/#breadcrumb"},"inLanguage":"pt-BR","potentialAction":[{"@type":"ReadAction","target":["https:\/\/www.suno.com.br\/noticias\/c-a-ipo-ca-2-bilhoes-bancos\/"]}]},{"@type":"ImageObject","inLanguage":"pt-BR","@id":"https:\/\/www.suno.com.br\/noticias\/c-a-ipo-ca-2-bilhoes-bancos\/#primaryimage","url":"https:\/\/files.sunoresearch.com.br\/n\/uploads\/2019\/08\/093aea27-ipo-ca-2bi-jpg.webp","contentUrl":"https:\/\/files.sunoresearch.com.br\/n\/uploads\/2019\/08\/093aea27-ipo-ca-2bi-jpg.webp","width":600,"height":401,"caption":"Fachada de loja da C&A (foto: divulga\u00e7\u00e3o)"},{"@type":"BreadcrumbList","@id":"https:\/\/www.suno.com.br\/noticias\/c-a-ipo-ca-2-bilhoes-bancos\/#breadcrumb","itemListElement":[{"@type":"ListItem","position":1,"name":"Not\u00edcias","item":"https:\/\/www.suno.com.br\/noticias\/"},{"@type":"ListItem","position":2,"name":"Neg\u00f3cios","item":"https:\/\/www.suno.com.br\/noticias\/negocios\/"},{"@type":"ListItem","position":3,"name":"C&#038;A pretende arrecadar mais de R$ 2 bilh\u00f5es com IPO"}]},{"@type":"WebSite","@id":"https:\/\/www.suno.com.br\/noticias\/#website","url":"https:\/\/www.suno.com.br\/noticias\/","name":"Suno Not\u00edcias","description":"Seu portal de informa\u00e7\u00e3o sobre o mundo dos investimentos","publisher":{"@id":"https:\/\/www.suno.com.br\/noticias\/#organization"},"potentialAction":[{"@type":"SearchAction","target":{"@type":"EntryPoint","urlTemplate":"https:\/\/www.suno.com.br\/noticias\/?s={search_term_string}"},"query-input":{"@type":"PropertyValueSpecification","valueRequired":true,"valueName":"search_term_string"}}],"inLanguage":"pt-BR"},{"@type":"Organization","@id":"https:\/\/www.suno.com.br\/noticias\/#organization","name":"Suno Not\u00edcias","url":"https:\/\/www.suno.com.br\/noticias\/","logo":{"@type":"ImageObject","inLanguage":"pt-BR","@id":"https:\/\/www.suno.com.br\/noticias\/#\/schema\/logo\/image\/","url":"https:\/\/files.sunoresearch.com.br\/n\/uploads\/2021\/09\/suno-logo.png","contentUrl":"https:\/\/files.sunoresearch.com.br\/n\/uploads\/2021\/09\/suno-logo.png","width":180,"height":180,"caption":"Suno Not\u00edcias"},"image":{"@id":"https:\/\/www.suno.com.br\/noticias\/#\/schema\/logo\/image\/"},"sameAs":["https:\/\/facebook.com\/sunoresearch","https:\/\/x.com\/sunoresearch","https:\/\/www.instagram.com\/suno","https:\/\/www.linkedin.com\/company\/suno-research\/","https:\/\/www.youtube.com\/c\/sunoresearch"]},{"@type":"Person","@id":"https:\/\/www.suno.com.br\/noticias\/#\/schema\/person\/02ec1f752758247878a2bf4abee1aeda","name":"Poliana Santos","image":{"@type":"ImageObject","inLanguage":"pt-BR","@id":"https:\/\/www.suno.com.br\/noticias\/#\/schema\/person\/image\/","url":"https:\/\/secure.gravatar.com\/avatar\/0645bd32f23d87b2130f2b2dff1d3f8d?s=96&r=g","contentUrl":"https:\/\/secure.gravatar.com\/avatar\/0645bd32f23d87b2130f2b2dff1d3f8d?s=96&r=g","caption":"Poliana Santos"},"description":"Rep\u00f3rter no Suno Not\u00edcias, com cobertura em mercado financeiro, economia, finan\u00e7as pessoais, renda fixa e varejo. Jornalista formada pela Faculdade C\u00e1sper L\u00edbero e possui passagem na R\u00e1dio Gazeta AM com a produ\u00e7\u00e3o de conte\u00fado sobre economia, pol\u00edtica, sa\u00fade, moda e m\u00fasica. Possui certificado de conclus\u00e3o do curso de An\u00e1lise de Balan\u00e7os pela Funda\u00e7\u00e3o Bradesco, Agenda Brasil pela FAAP, Educa\u00e7\u00e3o Pol\u00edtica por Alexandre Garcia e do Tesouro Direto e Mercado de A\u00e7\u00f5es pela B3.","url":"https:\/\/www.suno.com.br\/noticias\/author\/poliana-santos\/"}]}},"default_loop_html":"<div class=\"cardsPage__listCard__boxs\"><div class=\"cardsPage__listCard__boxs__img\"><a href=\"https:\/\/www.suno.com.br\/noticias\/c-a-ipo-ca-2-bilhoes-bancos\/\"><img class=\"mask\" src=\"https:\/\/www.suno.com.br\/noticias\/wp-content\/themes\/suno\/resources\/images\/spotlight\/spotlight1img\/bg-mask.png\" alt=\"Image Mask\"\/><img src=\"https:\/\/files.sunoresearch.com.br\/n\/uploads\/2019\/08\/093aea27-ipo-ca-2bi-400x200.webp\" alt=\"C&#038;A pretende arrecadar mais de R$ 2 bilh\u00f5es com IPO\"\/><\/a><span class=\"spotlightCategory\"><a href=\"https:\/\/www.suno.com.br\/noticias\/negocios\/\">Neg\u00f3cios<\/a><\/span><\/div><div class=\"cardsPage__listCard__boxs__content\"><a href=\"https:\/\/www.suno.com.br\/noticias\/c-a-ipo-ca-2-bilhoes-bancos\/\"><h2 class=\"content__title\">C&#038;A pretende arrecadar mais de R$ 2 bilh\u00f5es com IPO<\/h2><\/a><div class=\"newsContent__article__meta\"><div class=\"newsContent__article__meta__authorBox\"><a href=\"https:\/\/www.suno.com.br\/noticias\/author\/poliana-santos\/\" class=\"authorBox__avatar noMobi\"><img src=\"https:\/\/files.sunoresearch.com.br\/n\/uploads\/2020\/08\/7ef34026-whatsapp-image-2020-08-03-at-12.37.57-150x150.webp\" alt=\"Poliana Santos\"><\/a><div class=\"authorBox__name\"><span>por\n\t\t\t<a href=\"https:\/\/www.suno.com.br\/noticias\/author\/poliana-santos\/\"><span itemprop=\"author\">Poliana Santos<\/span><\/a><\/span><time datetime=\"2019-08-23T08:14:09-03:00\" itemprop=\"datePublished\">23\/08\/2019 08:14<\/time><\/div><\/div><\/div><\/div><\/div>","single_layout":"posts","amp_enabled":true,"_links":{"self":[{"href":"https:\/\/www.suno.com.br\/noticias\/wp-json\/wp\/v2\/posts\/35015"}],"collection":[{"href":"https:\/\/www.suno.com.br\/noticias\/wp-json\/wp\/v2\/posts"}],"about":[{"href":"https:\/\/www.suno.com.br\/noticias\/wp-json\/wp\/v2\/types\/post"}],"author":[{"embeddable":true,"href":"https:\/\/www.suno.com.br\/noticias\/wp-json\/wp\/v2\/users\/15"}],"replies":[{"embeddable":true,"href":"https:\/\/www.suno.com.br\/noticias\/wp-json\/wp\/v2\/comments?post=35015"}],"version-history":[{"count":0,"href":"https:\/\/www.suno.com.br\/noticias\/wp-json\/wp\/v2\/posts\/35015\/revisions"}],"wp:featuredmedia":[{"embeddable":true,"href":"https:\/\/www.suno.com.br\/noticias\/wp-json\/wp\/v2\/media\/35023"}],"wp:attachment":[{"href":"https:\/\/www.suno.com.br\/noticias\/wp-json\/wp\/v2\/media?parent=35015"}],"wp:term":[{"taxonomy":"category","embeddable":true,"href":"https:\/\/www.suno.com.br\/noticias\/wp-json\/wp\/v2\/categories?post=35015"},{"taxonomy":"post_tag","embeddable":true,"href":"https:\/\/www.suno.com.br\/noticias\/wp-json\/wp\/v2\/tags?post=35015"},{"taxonomy":"suno_strategy","embeddable":true,"href":"https:\/\/www.suno.com.br\/noticias\/wp-json\/wp\/v2\/suno_strategy?post=35015"}],"curies":[{"name":"wp","href":"https:\/\/api.w.org\/{rel}","templated":true}]}}