{"id":350050,"date":"2023-01-19T20:02:08","date_gmt":"2023-01-19T23:02:08","guid":{"rendered":"https:\/\/www.suno.com.br\/noticias\/?p=350050"},"modified":"2023-01-19T20:15:42","modified_gmt":"2023-01-19T23:15:42","slug":"suzano-suzb3-antt-construcao-ferrovias-privadas","status":"publish","type":"post","link":"https:\/\/www.suno.com.br\/noticias\/suzano-suzb3-antt-construcao-ferrovias-privadas\/","title":{"rendered":"Suzano (SUZB3): ANTT aprova constru\u00e7\u00e3o de duas ferrovias privadas"},"content":{"rendered":"<p>A <strong>Suzano<\/strong> (<a href=\"https:\/\/statusinvest.com.br\/acoes\/suzb3\" target=\"_blank\" rel=\"noreferrer noopener\">SUZB3<\/a>) recebeu hoje (19) o aval da Ag\u00eancia Nacional de Transportes Terrestres (ANTT) para a constru\u00e7\u00e3o de duas novas ferrovias privadas. Segundo os pedidos apresentados pela empresa, uma estrada de ferro ficar\u00e1 localizada em Tr\u00eas Lagoas (MS) e outro trecho ligar\u00e1 a cidade at\u00e9 Aparecida do Taboado (MS).<\/p>\t<div class=\"wrapper-featured-image\">\n\t\t<figure class=\"spotlightImg\">\n\n\t\t\t<picture>\n\t\t\t\t<source media=\"(max-width: 768px)\" srcset=\"https:\/\/files.sunoresearch.com.br\/n\/uploads\/2022\/12\/Suzano_MS-Divulgacao-Suzano-400x200.jpg\">\n\t\t\t\t<img loading=\"lazy\" decoding=\"async\" class=\"newsContent__article__imgCapa lazyloadDisabled \" src=\"https:\/\/files.sunoresearch.com.br\/n\/uploads\/2022\/12\/Suzano_MS-Divulgacao-Suzano-800x450.jpg\" width=\"800\" height=\"450\" alt=\"Suzano (SUZB3): ANTT aprova constru\u00e7\u00e3o de duas ferrovias privadas\" fetchpriority=high \/>\n\t\t\t<\/picture>\n\n\t\t\t<figcaption class=\"wp-caption-text wp-caption-text--show\">Suzano (SUZB3) Foto: Divulga\u00e7\u00e3o\/Ehder de Souza<\/figcaption>\n\t\t<\/figure>\n\t<\/div>\n\n\n\n\n\n\t<p>\n\t\t<a href=\"\" target=\"_blank\" data-element=\"shortcode-suno-banner\" title=\"Banner SUNO, clique e saiba mais\">\n\t\t\t<picture>\n\t\t\t\t<source media=\"(max-width: 500px)\" srcset=\"\">\n\t\t\t\t<img class=\"newsContent__article__imgCapa newsContent__article__imgCapa--banner\"\n\t\t\t\t\tsrc=\"\"\n\t\t\t\t\tdata-promo-id=\"89005\"\t\t\t\t\t\t\t\t\t\t\t\t\t\t\talt=\"\"\n\t\t\t\t>\n\t\t\t<\/picture>\n\t\t<\/a>\n\t<\/p>\n\n\n\n\n\n<p>Na quarta-feira, em an\u00fancio sobre os primeiros 100 dias de trabalho do Minist\u00e9rio dos Transportes, o ministro Renan Filho apontou a expectativa de mais 11 <strong>contratos de ferrovias privadas<\/strong> serem assinados pelo governo nos primeiros meses do ano. Entre elas, est\u00e3o os <strong>projetos da Suzano<\/strong>.<\/p>\n\n\n\n<p>Na mesma reuni\u00e3o, os diretores da ANTT aprovaram ainda uma altera\u00e7\u00e3o na resolu\u00e7\u00e3o que estabelece procedimentos gerais para o requerimento de Declara\u00e7\u00e3o de Utilidade P\u00fablica. Trata-se de uma ferramenta necess\u00e1ria para projetos outorgados pela ANTT, como \u00e9 o caso das <strong>ferrovias privadas<\/strong>.<\/p>\n\n\n\t<p>\n\t\t<a href=\"https:\/\/lp.suno.com.br\/planilha-controle-gastos\/\" target=\"_blank\" data-element=\"shortcode-suno-banner\" title=\"Banner SUNO, clique e saiba mais\">\n\t\t\t<picture>\n\t\t\t\t<source media=\"(max-width: 500px)\" srcset=\"https:\/\/files.sunoresearch.com.br\/n\/uploads\/2023\/03\/400x300-Planilha-controle-de-gastos.png\">\n\t\t\t\t<img class=\"newsContent__article__imgCapa newsContent__article__imgCapa--banner\"\n\t\t\t\t\tsrc=\"https:\/\/files.sunoresearch.com.br\/n\/uploads\/2023\/03\/1420x240-Planilha-controle-de-gastos.png\"\n\t\t\t\t\tdata-promo-id=\"101751\"\t\t\t\t\t\t\t\t\t\twidth='1420' height='240'\t\t\t\t\talt=\"https:\/\/files.sunoresearch.com.br\/n\/uploads\/2023\/03\/1420x240-Planilha-controle-de-gastos.png\"\n\t\t\t\t>\n\t\t\t<\/picture>\n\t\t<\/a>\n\t<\/p>\n\n\n\n\n\n<h2 class=\"wp-block-heading\" id=\"h-corte-da-celulose-na-china\">Corte da celulose na China<\/h2>\n\n\n\n<p><a href=\"https:\/\/www.suno.com.br\/noticias\/suzano-suzb3-acoes-queda\/\" target=\"_blank\" rel=\"noreferrer noopener\">Em meados de dezembro<\/a>, a Suzano anunciou que reduziu o&nbsp;<a href=\"https:\/\/www.suno.com.br\/noticias\/klabin-klbn11-celulose-fluff\/\">pre\u00e7o da tonelada de celulose na China para US$ 820<\/a>, um corte de US$ 40. O movimento fez com que analistas revisassem suas teses sobre a empresa.<\/p>\n\n\n\n<p>O Ita\u00fa BBA destacou que \u00e9 uma mudan\u00e7a \u201cnegativa, por\u00e9m esperada\u201d.<\/p>\n\n\n\n<p>\u201cN\u00e3o est\u00e1 claro se esse novo pre\u00e7o j\u00e1 valer\u00e1 para as remessas de dezembro e janeiro. Esse movimento visa reduzir a diferen\u00e7a entre o pre\u00e7o de importa\u00e7\u00e3o da celulose branqueada do eucalipto e do pre\u00e7o de revenda no&nbsp;<a href=\"https:\/\/www.suno.com.br\/noticias\/china-fmi-crescimento-pib\/\" target=\"_blank\" rel=\"noreferrer noopener\">mercado chin\u00eas<\/a>, que est\u00e1 em cerca de US$ 822 por tonelada\u201d, destacam os analistas da casa.<\/p>\n\n\n\t<p>\n\t\t<a href=\"https:\/\/lp.suno.com.br\/planilha-da-vida-financeira\/\" target=\"_blank\" data-element=\"shortcode-suno-banner\" title=\"Banner SUNO, clique e saiba mais\">\n\t\t\t<picture>\n\t\t\t\t<source media=\"(max-width: 500px)\" srcset=\"https:\/\/files.sunoresearch.com.br\/n\/uploads\/2023\/04\/400x300-Planilha-vida-financeira-true.png\">\n\t\t\t\t<img class=\"newsContent__article__imgCapa newsContent__article__imgCapa--banner\"\n\t\t\t\t\tsrc=\"https:\/\/files.sunoresearch.com.br\/n\/uploads\/2023\/04\/1420x240-Planilha-vida-financeira-true.png\"\n\t\t\t\t\tdata-promo-id=\"106682\"\t\t\t\t\t\t\t\t\t\twidth='1420' height='240'\t\t\t\t\talt=\"https:\/\/files.sunoresearch.com.br\/n\/uploads\/2023\/04\/1420x240-Planilha-vida-financeira-true.png\"\n\t\t\t\t>\n\t\t\t<\/picture>\n\t\t<\/a>\n\t<\/p>\n\n\n\n\n\n<p>\u201cOs&nbsp;<strong>pre\u00e7os de celulose<\/strong>&nbsp;t\u00eam se mantido est\u00e1veis na faixa de US$ 860 desde julho, e o mercado j\u00e1 esperava essa corre\u00e7\u00e3o\u201d, concluem.<\/p>\n\n\n\n<p>Mesmo com a novidade, o BBA segue com recomenda\u00e7\u00e3o de compra para as&nbsp;<strong>a\u00e7\u00f5es da Suzano<\/strong>, mirando pre\u00e7o-alvo de R$ 70 para o ano de 2023, ao passo que a cota\u00e7\u00e3o atual \u00e9 de R$ 51.<\/p>\n\n\n\n<p>O Bradesco BBI, por sua vez, segue com recomenda\u00e7\u00e3o de venda para as a\u00e7\u00f5es&nbsp;<strong><a href=\"https:\/\/statusinvest.com.br\/acoes\/suzb3?__hstc=189907700.06ce5f9bd2d3492cf6a03ae3f979f831.1672843763501.1674142137263.1674155450210.43&amp;__hssc=189907700.84.1674155450210&amp;__hsfp=1782981590\" target=\"_blank\" rel=\"noreferrer noopener\">SUZB3<\/a><\/strong>&nbsp;(underperform, nos r\u00f3tulos do banco), com pre\u00e7o-alvo de R$ 56.<\/p>\n\n\n\n<p>\u201cO poder de barganha dos fabricantes de papel est\u00e1 aumentando. A combina\u00e7\u00e3o de aumento da oferta de celulose nos pr\u00f3ximos meses, da demanda ainda fraca e pre\u00e7os de revenda mais baixos ocasionaram essa primeira queda de pre\u00e7os no mercado dom\u00e9stico chin\u00eas\u201d, diz a casa.<\/p>\n\n\n\t<p>\n\t\t<a href=\"https:\/\/lp.suno.com.br\/ebook-como-analisar-uma-acao\/\" target=\"_blank\" data-element=\"shortcode-suno-banner\" title=\"Banner SUNO, clique e saiba mais\">\n\t\t\t<picture>\n\t\t\t\t<source media=\"(max-width: 500px)\" srcset=\"https:\/\/files.sunoresearch.com.br\/n\/uploads\/2023\/03\/Ebook-Acoes-Mobile-1.jpg\">\n\t\t\t\t<img class=\"newsContent__article__imgCapa newsContent__article__imgCapa--banner\"\n\t\t\t\t\tsrc=\"https:\/\/files.sunoresearch.com.br\/n\/uploads\/2023\/03\/Ebook-Acoes-Desktop-1.jpg\"\n\t\t\t\t\tdata-promo-id=\"171998\"\t\t\t\t\t\t\t\t\t\twidth='1420' height='286'\t\t\t\t\talt=\"https:\/\/files.sunoresearch.com.br\/n\/uploads\/2023\/03\/Ebook-Acoes-Desktop-1.jpg\"\n\t\t\t\t>\n\t\t\t<\/picture>\n\t\t<\/a>\n\t<\/p>\n\n\n\n\n\n<h2 class=\"wp-block-heading\">Cota\u00e7\u00e3o da Suzano<\/h2>\n\n\n\n<p>Nesta quinta-feira (19) as a\u00e7\u00f5es da <strong>Suzano<\/strong> fecharam o preg\u00e3o com queda de -1,04%, cotadas a R$ 49,34. No acumulado dos \u00faltimos 12 meses, os ativos tiveram uma desvaloriza\u00e7\u00e3o de -14,37%.<\/p>\n\n\n\n<p><em>Com informa\u00e7\u00f5es do Estad\u00e3o Conte\u00fado<\/em><\/p>\n\n\n\n\n\t<p>\n\t\t<a href=\"https:\/\/lp.suno.com.br\/planilha-de-controle-de-investimentos\/\" target=\"_blank\" data-element=\"shortcode-suno-banner\" title=\"Banner SUNO, clique e saiba mais\">\n\t\t\t<picture>\n\t\t\t\t<source media=\"(max-width: 500px)\" srcset=\"https:\/\/files.sunoresearch.com.br\/n\/uploads\/2023\/03\/400x300-Controle-de-Investimentos.png\">\n\t\t\t\t<img class=\"newsContent__article__imgCapa newsContent__article__imgCapa--banner\"\n\t\t\t\t\tsrc=\"https:\/\/files.sunoresearch.com.br\/n\/uploads\/2023\/03\/1420x240-Controle-de-Investimentos.png\"\n\t\t\t\t\tdata-promo-id=\"75934\"\t\t\t\t\t\t\t\t\t\twidth='1420' height='240'\t\t\t\t\talt=\"https:\/\/files.sunoresearch.com.br\/n\/uploads\/2023\/03\/1420x240-Controle-de-Investimentos.png\"\n\t\t\t\t>\n\t\t\t<\/picture>\n\t\t<\/a>\n\t<\/p>\n\n\n\n\n\t\t<div class=\"web-stories-list alignnone has-archive-link is-view-type-carousel is-style-default is-carousel\" data-id=\"1\">\n\t\t\t<div\n\t\t\tclass=\"web-stories-list__inner-wrapper carousel-1\"\n\t\t\tstyle=\"--ws-story-max-width:185px\"\n\t\t\t>\n\t\t\t\t\t\t<div class=\"web-stories-list__archive-link\">\n\t\t\t<a href=\"https:\/\/www.suno.com.br\/noticias\/web-stories\/\">\n\t\t\t\tConfira os webstories do dia!\t\t\t<\/a>\n\t\t<\/div>\n\t\t\t\t\t\t\t<div\n\t\t\t\t\tclass=\"web-stories-list__carousel carousel\"\n\t\t\t\t\tdata-id=\"carousel-1\"\n\t\t\t\t\tdata-prev=\"Voltar\"\n\t\t\t\t\tdata-next=\"Avan\u00e7ar\"\n\t\t\t\t\t>\n\t\t\t\t\t\t\t\t\t<div\n\t\t\t\tclass=\"web-stories-list__story\"\n\t\t\t\tdata-wp-interactive=\"web-stories-block\"\n\t\t\t\tdata-wp-context='{\"instanceId\":1}'\t\t\t\tdata-wp-on--click=\"actions.open\"\n\t\t\t\tdata-wp-on-window--popstate=\"actions.onPopstate\"\n\t\t\t\t>\n\t\t\t\t\t\t\t<div class=\"web-stories-list__story-poster\">\n\t\t\t\t<a href=\"https:\/\/www.suno.com.br\/noticias\/web-stories\/por-que-as-acoes-da-nvidia-estao-despencando\/\" >\n\t\t\t\t\t<img\n\t\t\t\t\t\tsrc=\"https:\/\/files.sunoresearch.com.br\/n\/uploads\/2025\/11\/cropped-pexels-stasknop-19356873-scaled-1.webp\"\n\t\t\t\t\t\talt=\"Por que as a\u00e7\u00f5es da Nvidia est\u00e3o despencando?\"\n\t\t\t\t\t\twidth=\"185\"\n\t\t\t\t\t\theight=\"308\"\n\t\t\t\t\t\t\t\t\t\t\t\t\tsrcset=\"https:\/\/files.sunoresearch.com.br\/n\/uploads\/2025\/11\/cropped-pexels-stasknop-19356873-scaled-1.webp 640w, https:\/\/files.sunoresearch.com.br\/n\/uploads\/2025\/11\/cropped-pexels-stasknop-19356873-scaled-1-225x300.webp 225w, https:\/\/files.sunoresearch.com.br\/n\/uploads\/2025\/11\/cropped-pexels-stasknop-19356873-scaled-1-150x200.webp 150w\"\n\t\t\t\t\t\t\t\t\t\t\t\t\t\t\t\t\t\t\tsizes=\"(max-width: 640px) 100vw, 640px\"\n\t\t\t\t\t\t\t\t\t\t\t\tloading=\"lazy\"\n\t\t\t\t\t\tdecoding=\"async\"\n\t\t\t\t\t>\n\t\t\t\t<\/a>\n\t\t\t<\/div>\n\t\t\t\t\t<div class=\"web-stories-list__story-content-overlay\">\n\t\t\t\t\t\t\t<div class=\"story-content-overlay__title\">\n\t\t\t\t\tPor que as a\u00e7\u00f5es da Nvidia est\u00e3o despencando?\t\t\t\t<\/div>\n\t\t\t\n\t\t\t\n\t\t\t\n\t\t\t\t\t<\/div>\n\t\t\t\t\t<\/div>\n\t\t\t\t\t\t<div\n\t\t\t\tclass=\"web-stories-list__story\"\n\t\t\t\tdata-wp-interactive=\"web-stories-block\"\n\t\t\t\tdata-wp-context='{\"instanceId\":1}'\t\t\t\tdata-wp-on--click=\"actions.open\"\n\t\t\t\tdata-wp-on-window--popstate=\"actions.onPopstate\"\n\t\t\t\t>\n\t\t\t\t\t\t\t<div class=\"web-stories-list__story-poster\">\n\t\t\t\t<a href=\"https:\/\/www.suno.com.br\/noticias\/web-stories\/quanto-falta-para-elon-musk-se-tornar-trilionario\/\" >\n\t\t\t\t\t<img\n\t\t\t\t\t\tsrc=\"https:\/\/files.sunoresearch.com.br\/n\/uploads\/2026\/01\/cropped-Elon-Musk-jpg.webp\"\n\t\t\t\t\t\talt=\"Quanto falta para Elon Musk se tornar trilion\u00e1rio?\"\n\t\t\t\t\t\twidth=\"185\"\n\t\t\t\t\t\theight=\"308\"\n\t\t\t\t\t\t\t\t\t\t\t\t\tsrcset=\"https:\/\/files.sunoresearch.com.br\/n\/uploads\/2026\/01\/cropped-Elon-Musk-jpg.webp 640w, https:\/\/files.sunoresearch.com.br\/n\/uploads\/2026\/01\/cropped-Elon-Musk-jpg-225x300.webp 225w, https:\/\/files.sunoresearch.com.br\/n\/uploads\/2026\/01\/cropped-Elon-Musk-jpg-150x200.webp 150w\"\n\t\t\t\t\t\t\t\t\t\t\t\t\t\t\t\t\t\t\tsizes=\"(max-width: 640px) 100vw, 640px\"\n\t\t\t\t\t\t\t\t\t\t\t\tloading=\"lazy\"\n\t\t\t\t\t\tdecoding=\"async\"\n\t\t\t\t\t>\n\t\t\t\t<\/a>\n\t\t\t<\/div>\n\t\t\t\t\t<div class=\"web-stories-list__story-content-overlay\">\n\t\t\t\t\t\t\t<div class=\"story-content-overlay__title\">\n\t\t\t\t\tQuanto falta para Elon Musk se tornar trilion\u00e1rio?\t\t\t\t<\/div>\n\t\t\t\n\t\t\t\n\t\t\t\n\t\t\t\t\t<\/div>\n\t\t\t\t\t<\/div>\n\t\t\t\t\t\t<div\n\t\t\t\tclass=\"web-stories-list__story\"\n\t\t\t\tdata-wp-interactive=\"web-stories-block\"\n\t\t\t\tdata-wp-context='{\"instanceId\":1}'\t\t\t\tdata-wp-on--click=\"actions.open\"\n\t\t\t\tdata-wp-on-window--popstate=\"actions.onPopstate\"\n\t\t\t\t>\n\t\t\t\t\t\t\t<div class=\"web-stories-list__story-poster\">\n\t\t\t\t<a href=\"https:\/\/www.suno.com.br\/noticias\/web-stories\/ate-onde-vai-a-alta-do-ibovespa\/\" >\n\t\t\t\t\t<img\n\t\t\t\t\t\tsrc=\"https:\/\/files.sunoresearch.com.br\/n\/uploads\/2025\/11\/cropped-iStock-1215609239-jpg.webp\"\n\t\t\t\t\t\talt=\"At\u00e9 onde vai a alta do Ibovespa?\"\n\t\t\t\t\t\twidth=\"185\"\n\t\t\t\t\t\theight=\"308\"\n\t\t\t\t\t\t\t\t\t\t\t\t\tsrcset=\"https:\/\/files.sunoresearch.com.br\/n\/uploads\/2025\/11\/cropped-iStock-1215609239-jpg.webp 640w, https:\/\/files.sunoresearch.com.br\/n\/uploads\/2025\/11\/cropped-iStock-1215609239-jpg-225x300.webp 225w, https:\/\/files.sunoresearch.com.br\/n\/uploads\/2025\/11\/cropped-iStock-1215609239-jpg-150x200.webp 150w\"\n\t\t\t\t\t\t\t\t\t\t\t\t\t\t\t\t\t\t\tsizes=\"(max-width: 640px) 100vw, 640px\"\n\t\t\t\t\t\t\t\t\t\t\t\tloading=\"lazy\"\n\t\t\t\t\t\tdecoding=\"async\"\n\t\t\t\t\t>\n\t\t\t\t<\/a>\n\t\t\t<\/div>\n\t\t\t\t\t<div class=\"web-stories-list__story-content-overlay\">\n\t\t\t\t\t\t\t<div class=\"story-content-overlay__title\">\n\t\t\t\t\tAt\u00e9 onde vai a alta do Ibovespa?\t\t\t\t<\/div>\n\t\t\t\n\t\t\t\n\t\t\t\n\t\t\t\t\t<\/div>\n\t\t\t\t\t<\/div>\n\t\t\t\t\t\t<div\n\t\t\t\tclass=\"web-stories-list__story\"\n\t\t\t\tdata-wp-interactive=\"web-stories-block\"\n\t\t\t\tdata-wp-context='{\"instanceId\":1}'\t\t\t\tdata-wp-on--click=\"actions.open\"\n\t\t\t\tdata-wp-on-window--popstate=\"actions.onPopstate\"\n\t\t\t\t>\n\t\t\t\t\t\t\t<div class=\"web-stories-list__story-poster\">\n\t\t\t\t<a href=\"https:\/\/www.suno.com.br\/noticias\/web-stories\/banco-brasileiro-itau-lista-marcas-mais-valiosas-mundo\/\" >\n\t\t\t\t\t<img\n\t\t\t\t\t\tsrc=\"https:\/\/files.sunoresearch.com.br\/n\/uploads\/2024\/01\/cropped-predio-itau.webp\"\n\t\t\t\t\t\talt=\"Banco brasileiro est\u00e1 entre as 500 marcas mais valiosas do mundo\"\n\t\t\t\t\t\twidth=\"185\"\n\t\t\t\t\t\theight=\"308\"\n\t\t\t\t\t\t\t\t\t\t\t\t\tsrcset=\"https:\/\/files.sunoresearch.com.br\/n\/uploads\/2024\/01\/cropped-predio-itau.webp 640w, https:\/\/files.sunoresearch.com.br\/n\/uploads\/2024\/01\/cropped-predio-itau-225x300.webp 225w, https:\/\/files.sunoresearch.com.br\/n\/uploads\/2024\/01\/cropped-predio-itau-150x200.webp 150w\"\n\t\t\t\t\t\t\t\t\t\t\t\t\t\t\t\t\t\t\tsizes=\"(max-width: 640px) 100vw, 640px\"\n\t\t\t\t\t\t\t\t\t\t\t\tloading=\"lazy\"\n\t\t\t\t\t\tdecoding=\"async\"\n\t\t\t\t\t>\n\t\t\t\t<\/a>\n\t\t\t<\/div>\n\t\t\t\t\t<div class=\"web-stories-list__story-content-overlay\">\n\t\t\t\t\t\t\t<div class=\"story-content-overlay__title\">\n\t\t\t\t\tBanco brasileiro est\u00e1 entre as 500 marcas mais valiosas do mundo\t\t\t\t<\/div>\n\t\t\t\n\t\t\t\n\t\t\t\n\t\t\t\t\t<\/div>\n\t\t\t\t\t<\/div>\n\t\t\t\t\t\t<div\n\t\t\t\tclass=\"web-stories-list__story\"\n\t\t\t\tdata-wp-interactive=\"web-stories-block\"\n\t\t\t\tdata-wp-context='{\"instanceId\":1}'\t\t\t\tdata-wp-on--click=\"actions.open\"\n\t\t\t\tdata-wp-on-window--popstate=\"actions.onPopstate\"\n\t\t\t\t>\n\t\t\t\t\t\t\t<div class=\"web-stories-list__story-poster\">\n\t\t\t\t<a href=\"https:\/\/www.suno.com.br\/noticias\/web-stories\/flamengo-lista-times-mais-ricos-do-mundo-hoje\/\" >\n\t\t\t\t\t<img\n\t\t\t\t\t\tsrc=\"https:\/\/files.sunoresearch.com.br\/n\/uploads\/2026\/01\/cropped-brazil-6755874_1280-jpg.webp\"\n\t\t\t\t\t\talt=\"Flamengo na lista! Veja os times mais ricos do mundo hoje\"\n\t\t\t\t\t\twidth=\"185\"\n\t\t\t\t\t\theight=\"308\"\n\t\t\t\t\t\t\t\t\t\t\t\t\tsrcset=\"https:\/\/files.sunoresearch.com.br\/n\/uploads\/2026\/01\/cropped-brazil-6755874_1280-jpg.webp 640w, https:\/\/files.sunoresearch.com.br\/n\/uploads\/2026\/01\/cropped-brazil-6755874_1280-jpg-225x300.webp 225w, https:\/\/files.sunoresearch.com.br\/n\/uploads\/2026\/01\/cropped-brazil-6755874_1280-jpg-150x200.webp 150w\"\n\t\t\t\t\t\t\t\t\t\t\t\t\t\t\t\t\t\t\tsizes=\"(max-width: 640px) 100vw, 640px\"\n\t\t\t\t\t\t\t\t\t\t\t\tloading=\"lazy\"\n\t\t\t\t\t\tdecoding=\"async\"\n\t\t\t\t\t>\n\t\t\t\t<\/a>\n\t\t\t<\/div>\n\t\t\t\t\t<div class=\"web-stories-list__story-content-overlay\">\n\t\t\t\t\t\t\t<div class=\"story-content-overlay__title\">\n\t\t\t\t\tFlamengo na lista! Veja os times mais ricos do mundo hoje\t\t\t\t<\/div>\n\t\t\t\n\t\t\t\n\t\t\t\n\t\t\t\t\t<\/div>\n\t\t\t\t\t<\/div>\n\t\t\t\t\t\t\t\t<\/div>\n\t\t\t\t\t<div tabindex=\"0\" aria-label=\"Voltar\" class=\"glider-prev\"><\/div>\n\t\t\t\t\t<div tabindex=\"0\" aria-label=\"Avan\u00e7ar\" class=\"glider-next\"><\/div>\n\t\t\t\t\t\t\t\t<\/div>\n\t\t<\/div>\n\t\t","protected":false},"excerpt":{"rendered":"<p>A Suzano (SUZB3) recebeu hoje (19) o aval da Ag\u00eancia Nacional de Transportes Terrestres (ANTT) para a constru\u00e7\u00e3o de duas novas ferrovias privadas. Segundo os pedidos apresentados pela empresa, uma estrada de ferro ficar\u00e1 localizada em Tr\u00eas Lagoas (MS) e outro trecho ligar\u00e1 a cidade at\u00e9 Aparecida do Taboado (MS). Suzano (SUZB3) Foto: Divulga\u00e7\u00e3o\/Ehder de [&hellip;]<\/p>\n","protected":false},"author":233,"featured_media":334243,"comment_status":"closed","ping_status":"closed","sticky":false,"template":"","format":"standard","meta":[],"categories":[64],"tags":[648],"suno_strategy":[],"class_list":["post-350050","post","type-post","status-publish","format-standard","has-post-thumbnail","hentry","category-negocios","tag-suzano-suzb3"],"yoast_head":"<!-- This site is optimized with the Yoast SEO plugin v24.4 - https:\/\/yoast.com\/wordpress\/plugins\/seo\/ -->\n<title>Suzano (SUZB3): ANTT aprova constru\u00e7\u00e3o de duas ferrovias privadas<\/title>\n<meta name=\"description\" content=\"A Suzano (SUZB3) recebeu o aval da Ag\u00eancia Nacional de Transportes Terrestres (ANTT) para a constru\u00e7\u00e3o de duas novas ferrovias privadas.\" \/>\n<meta name=\"robots\" content=\"index, follow, max-snippet:-1, max-image-preview:large, max-video-preview:-1\" \/>\n<link rel=\"canonical\" href=\"https:\/\/www.suno.com.br\/noticias\/suzano-suzb3-antt-construcao-ferrovias-privadas\/\" \/>\n<meta property=\"og:locale\" content=\"pt_BR\" \/>\n<meta property=\"og:type\" content=\"article\" \/>\n<meta property=\"og:title\" content=\"Suzano (SUZB3): ANTT aprova constru\u00e7\u00e3o de duas ferrovias privadas\" \/>\n<meta property=\"og:description\" content=\"A Suzano (SUZB3) recebeu o aval da Ag\u00eancia Nacional de Transportes Terrestres (ANTT) para a constru\u00e7\u00e3o de duas novas ferrovias privadas.\" \/>\n<meta property=\"og:url\" content=\"https:\/\/www.suno.com.br\/noticias\/suzano-suzb3-antt-construcao-ferrovias-privadas\/\" \/>\n<meta property=\"og:site_name\" content=\"Suno Not\u00edcias\" \/>\n<meta property=\"article:publisher\" content=\"https:\/\/facebook.com\/sunoresearch\" \/>\n<meta property=\"og:image\" content=\"https:\/\/files.sunoresearch.com.br\/n\/uploads\/2022\/12\/Suzano_MS-Divulgacao-Suzano.jpg\" \/>\n\t<meta property=\"og:image:width\" content=\"1200\" \/>\n\t<meta property=\"og:image:height\" content=\"800\" \/>\n\t<meta property=\"og:image:type\" content=\"image\/jpeg\" \/>\n<meta name=\"author\" content=\"Janize Cola\u00e7o\" \/>\n<meta name=\"twitter:card\" content=\"summary_large_image\" \/>\n<meta name=\"twitter:creator\" content=\"@sunoresearch\" \/>\n<meta name=\"twitter:site\" content=\"@sunoresearch\" \/>\n<meta name=\"twitter:label1\" content=\"Escrito por\" \/>\n\t<meta name=\"twitter:data1\" content=\"Janize Cola\u00e7o\" \/>\n\t<meta name=\"twitter:label2\" content=\"Est. tempo de leitura\" \/>\n\t<meta name=\"twitter:data2\" content=\"3 minutos\" \/>\n<script type=\"application\/ld+json\" class=\"yoast-schema-graph\">{\"@context\":\"https:\/\/schema.org\",\"@graph\":[{\"@type\":\"NewsArticle\",\"@id\":\"https:\/\/www.suno.com.br\/noticias\/suzano-suzb3-antt-construcao-ferrovias-privadas\/#article\",\"isPartOf\":{\"@id\":\"https:\/\/www.suno.com.br\/noticias\/suzano-suzb3-antt-construcao-ferrovias-privadas\/\"},\"author\":{\"name\":\"Janize Cola\u00e7o\",\"@id\":\"https:\/\/www.suno.com.br\/noticias\/#\/schema\/person\/d689f06da5678e1f0b1ee402f001d676\"},\"headline\":\"Suzano (SUZB3): ANTT aprova constru\u00e7\u00e3o de duas ferrovias privadas\",\"datePublished\":\"2023-01-19T23:02:08+00:00\",\"dateModified\":\"2023-01-19T23:15:42+00:00\",\"mainEntityOfPage\":{\"@id\":\"https:\/\/www.suno.com.br\/noticias\/suzano-suzb3-antt-construcao-ferrovias-privadas\/\"},\"wordCount\":473,\"publisher\":{\"@id\":\"https:\/\/www.suno.com.br\/noticias\/#organization\"},\"image\":{\"@id\":\"https:\/\/www.suno.com.br\/noticias\/suzano-suzb3-antt-construcao-ferrovias-privadas\/#primaryimage\"},\"thumbnailUrl\":\"https:\/\/files.sunoresearch.com.br\/n\/uploads\/2022\/12\/Suzano_MS-Divulgacao-Suzano.jpg\",\"keywords\":[\"Suzano (SUZB3)\"],\"articleSection\":[\"Neg\u00f3cios\"],\"inLanguage\":\"pt-BR\"},{\"@type\":\"WebPage\",\"@id\":\"https:\/\/www.suno.com.br\/noticias\/suzano-suzb3-antt-construcao-ferrovias-privadas\/\",\"url\":\"https:\/\/www.suno.com.br\/noticias\/suzano-suzb3-antt-construcao-ferrovias-privadas\/\",\"name\":\"Suzano (SUZB3): ANTT aprova constru\u00e7\u00e3o de duas ferrovias privadas\",\"isPartOf\":{\"@id\":\"https:\/\/www.suno.com.br\/noticias\/#website\"},\"primaryImageOfPage\":{\"@id\":\"https:\/\/www.suno.com.br\/noticias\/suzano-suzb3-antt-construcao-ferrovias-privadas\/#primaryimage\"},\"image\":{\"@id\":\"https:\/\/www.suno.com.br\/noticias\/suzano-suzb3-antt-construcao-ferrovias-privadas\/#primaryimage\"},\"thumbnailUrl\":\"https:\/\/files.sunoresearch.com.br\/n\/uploads\/2022\/12\/Suzano_MS-Divulgacao-Suzano.jpg\",\"datePublished\":\"2023-01-19T23:02:08+00:00\",\"dateModified\":\"2023-01-19T23:15:42+00:00\",\"description\":\"A Suzano (SUZB3) recebeu o aval da Ag\u00eancia Nacional de Transportes Terrestres (ANTT) para a constru\u00e7\u00e3o de duas novas ferrovias privadas.\",\"breadcrumb\":{\"@id\":\"https:\/\/www.suno.com.br\/noticias\/suzano-suzb3-antt-construcao-ferrovias-privadas\/#breadcrumb\"},\"inLanguage\":\"pt-BR\",\"potentialAction\":[{\"@type\":\"ReadAction\",\"target\":[\"https:\/\/www.suno.com.br\/noticias\/suzano-suzb3-antt-construcao-ferrovias-privadas\/\"]}]},{\"@type\":\"ImageObject\",\"inLanguage\":\"pt-BR\",\"@id\":\"https:\/\/www.suno.com.br\/noticias\/suzano-suzb3-antt-construcao-ferrovias-privadas\/#primaryimage\",\"url\":\"https:\/\/files.sunoresearch.com.br\/n\/uploads\/2022\/12\/Suzano_MS-Divulgacao-Suzano.jpg\",\"contentUrl\":\"https:\/\/files.sunoresearch.com.br\/n\/uploads\/2022\/12\/Suzano_MS-Divulgacao-Suzano.jpg\",\"width\":1200,\"height\":800,\"caption\":\"Suzano (SUZB3) Foto: Divulga\u00e7\u00e3o\/Ehder de Souza\"},{\"@type\":\"BreadcrumbList\",\"@id\":\"https:\/\/www.suno.com.br\/noticias\/suzano-suzb3-antt-construcao-ferrovias-privadas\/#breadcrumb\",\"itemListElement\":[{\"@type\":\"ListItem\",\"position\":1,\"name\":\"Not\u00edcias\",\"item\":\"https:\/\/www.suno.com.br\/noticias\/\"},{\"@type\":\"ListItem\",\"position\":2,\"name\":\"Neg\u00f3cios\",\"item\":\"https:\/\/www.suno.com.br\/noticias\/negocios\/\"},{\"@type\":\"ListItem\",\"position\":3,\"name\":\"Suzano (SUZB3): ANTT aprova constru\u00e7\u00e3o de duas ferrovias privadas\"}]},{\"@type\":\"WebSite\",\"@id\":\"https:\/\/www.suno.com.br\/noticias\/#website\",\"url\":\"https:\/\/www.suno.com.br\/noticias\/\",\"name\":\"Suno Not\u00edcias\",\"description\":\"Seu portal de informa\u00e7\u00e3o sobre o mundo dos investimentos\",\"publisher\":{\"@id\":\"https:\/\/www.suno.com.br\/noticias\/#organization\"},\"potentialAction\":[{\"@type\":\"SearchAction\",\"target\":{\"@type\":\"EntryPoint\",\"urlTemplate\":\"https:\/\/www.suno.com.br\/noticias\/?s={search_term_string}\"},\"query-input\":{\"@type\":\"PropertyValueSpecification\",\"valueRequired\":true,\"valueName\":\"search_term_string\"}}],\"inLanguage\":\"pt-BR\"},{\"@type\":\"Organization\",\"@id\":\"https:\/\/www.suno.com.br\/noticias\/#organization\",\"name\":\"Suno Not\u00edcias\",\"url\":\"https:\/\/www.suno.com.br\/noticias\/\",\"logo\":{\"@type\":\"ImageObject\",\"inLanguage\":\"pt-BR\",\"@id\":\"https:\/\/www.suno.com.br\/noticias\/#\/schema\/logo\/image\/\",\"url\":\"https:\/\/files.sunoresearch.com.br\/n\/uploads\/2021\/09\/suno-logo.png\",\"contentUrl\":\"https:\/\/files.sunoresearch.com.br\/n\/uploads\/2021\/09\/suno-logo.png\",\"width\":180,\"height\":180,\"caption\":\"Suno Not\u00edcias\"},\"image\":{\"@id\":\"https:\/\/www.suno.com.br\/noticias\/#\/schema\/logo\/image\/\"},\"sameAs\":[\"https:\/\/facebook.com\/sunoresearch\",\"https:\/\/x.com\/sunoresearch\",\"https:\/\/www.instagram.com\/suno\",\"https:\/\/www.linkedin.com\/company\/suno-research\/\",\"https:\/\/www.youtube.com\/c\/sunoresearch\"]},{\"@type\":\"Person\",\"@id\":\"https:\/\/www.suno.com.br\/noticias\/#\/schema\/person\/d689f06da5678e1f0b1ee402f001d676\",\"name\":\"Janize Cola\u00e7o\",\"image\":{\"@type\":\"ImageObject\",\"inLanguage\":\"pt-BR\",\"@id\":\"https:\/\/www.suno.com.br\/noticias\/#\/schema\/person\/image\/\",\"url\":\"https:\/\/secure.gravatar.com\/avatar\/32b3bf89abae63ca2cf961bc051522d0?s=96&r=g\",\"contentUrl\":\"https:\/\/secure.gravatar.com\/avatar\/32b3bf89abae63ca2cf961bc051522d0?s=96&r=g\",\"caption\":\"Janize Cola\u00e7o\"},\"description\":\"Jornalista formada pela PUC-SP com passagens pela Record TV, Globo Cond\u00e9 Nast, Revista Panrotas e Editora Via. Hoje, \u00e9 rep\u00f3rter no Suno Not\u00edcias, cobrindo pautas sobre mercado, pol\u00edtica, economia e bolsa de valores.\",\"url\":\"https:\/\/www.suno.com.br\/noticias\/author\/janize-colaco\/\"}]}<\/script>\n<!-- \/ Yoast SEO plugin. -->","yoast_head_json":{"title":"Suzano (SUZB3): ANTT aprova constru\u00e7\u00e3o de duas ferrovias privadas","description":"A Suzano (SUZB3) recebeu o aval da Ag\u00eancia Nacional de Transportes Terrestres (ANTT) para a constru\u00e7\u00e3o de duas novas ferrovias privadas.","robots":{"index":"index","follow":"follow","max-snippet":"max-snippet:-1","max-image-preview":"max-image-preview:large","max-video-preview":"max-video-preview:-1"},"canonical":"https:\/\/www.suno.com.br\/noticias\/suzano-suzb3-antt-construcao-ferrovias-privadas\/","og_locale":"pt_BR","og_type":"article","og_title":"Suzano (SUZB3): ANTT aprova constru\u00e7\u00e3o de duas ferrovias privadas","og_description":"A Suzano (SUZB3) recebeu o aval da Ag\u00eancia Nacional de Transportes Terrestres (ANTT) para a constru\u00e7\u00e3o de duas novas ferrovias privadas.","og_url":"https:\/\/www.suno.com.br\/noticias\/suzano-suzb3-antt-construcao-ferrovias-privadas\/","og_site_name":"Suno Not\u00edcias","article_publisher":"https:\/\/facebook.com\/sunoresearch","og_image":[{"width":1200,"height":800,"url":"https:\/\/files.sunoresearch.com.br\/n\/uploads\/2022\/12\/Suzano_MS-Divulgacao-Suzano.jpg","type":"image\/jpeg"}],"author":"Janize Cola\u00e7o","twitter_card":"summary_large_image","twitter_creator":"@sunoresearch","twitter_site":"@sunoresearch","twitter_misc":{"Escrito por":"Janize Cola\u00e7o","Est. tempo de leitura":"3 minutos"},"schema":{"@context":"https:\/\/schema.org","@graph":[{"@type":"NewsArticle","@id":"https:\/\/www.suno.com.br\/noticias\/suzano-suzb3-antt-construcao-ferrovias-privadas\/#article","isPartOf":{"@id":"https:\/\/www.suno.com.br\/noticias\/suzano-suzb3-antt-construcao-ferrovias-privadas\/"},"author":{"name":"Janize Cola\u00e7o","@id":"https:\/\/www.suno.com.br\/noticias\/#\/schema\/person\/d689f06da5678e1f0b1ee402f001d676"},"headline":"Suzano (SUZB3): ANTT aprova constru\u00e7\u00e3o de duas ferrovias privadas","datePublished":"2023-01-19T23:02:08+00:00","dateModified":"2023-01-19T23:15:42+00:00","mainEntityOfPage":{"@id":"https:\/\/www.suno.com.br\/noticias\/suzano-suzb3-antt-construcao-ferrovias-privadas\/"},"wordCount":473,"publisher":{"@id":"https:\/\/www.suno.com.br\/noticias\/#organization"},"image":{"@id":"https:\/\/www.suno.com.br\/noticias\/suzano-suzb3-antt-construcao-ferrovias-privadas\/#primaryimage"},"thumbnailUrl":"https:\/\/files.sunoresearch.com.br\/n\/uploads\/2022\/12\/Suzano_MS-Divulgacao-Suzano.jpg","keywords":["Suzano (SUZB3)"],"articleSection":["Neg\u00f3cios"],"inLanguage":"pt-BR"},{"@type":"WebPage","@id":"https:\/\/www.suno.com.br\/noticias\/suzano-suzb3-antt-construcao-ferrovias-privadas\/","url":"https:\/\/www.suno.com.br\/noticias\/suzano-suzb3-antt-construcao-ferrovias-privadas\/","name":"Suzano (SUZB3): ANTT aprova constru\u00e7\u00e3o de duas ferrovias privadas","isPartOf":{"@id":"https:\/\/www.suno.com.br\/noticias\/#website"},"primaryImageOfPage":{"@id":"https:\/\/www.suno.com.br\/noticias\/suzano-suzb3-antt-construcao-ferrovias-privadas\/#primaryimage"},"image":{"@id":"https:\/\/www.suno.com.br\/noticias\/suzano-suzb3-antt-construcao-ferrovias-privadas\/#primaryimage"},"thumbnailUrl":"https:\/\/files.sunoresearch.com.br\/n\/uploads\/2022\/12\/Suzano_MS-Divulgacao-Suzano.jpg","datePublished":"2023-01-19T23:02:08+00:00","dateModified":"2023-01-19T23:15:42+00:00","description":"A Suzano (SUZB3) recebeu o aval da Ag\u00eancia Nacional de Transportes Terrestres (ANTT) para a constru\u00e7\u00e3o de duas novas ferrovias privadas.","breadcrumb":{"@id":"https:\/\/www.suno.com.br\/noticias\/suzano-suzb3-antt-construcao-ferrovias-privadas\/#breadcrumb"},"inLanguage":"pt-BR","potentialAction":[{"@type":"ReadAction","target":["https:\/\/www.suno.com.br\/noticias\/suzano-suzb3-antt-construcao-ferrovias-privadas\/"]}]},{"@type":"ImageObject","inLanguage":"pt-BR","@id":"https:\/\/www.suno.com.br\/noticias\/suzano-suzb3-antt-construcao-ferrovias-privadas\/#primaryimage","url":"https:\/\/files.sunoresearch.com.br\/n\/uploads\/2022\/12\/Suzano_MS-Divulgacao-Suzano.jpg","contentUrl":"https:\/\/files.sunoresearch.com.br\/n\/uploads\/2022\/12\/Suzano_MS-Divulgacao-Suzano.jpg","width":1200,"height":800,"caption":"Suzano (SUZB3) Foto: Divulga\u00e7\u00e3o\/Ehder de Souza"},{"@type":"BreadcrumbList","@id":"https:\/\/www.suno.com.br\/noticias\/suzano-suzb3-antt-construcao-ferrovias-privadas\/#breadcrumb","itemListElement":[{"@type":"ListItem","position":1,"name":"Not\u00edcias","item":"https:\/\/www.suno.com.br\/noticias\/"},{"@type":"ListItem","position":2,"name":"Neg\u00f3cios","item":"https:\/\/www.suno.com.br\/noticias\/negocios\/"},{"@type":"ListItem","position":3,"name":"Suzano (SUZB3): ANTT aprova constru\u00e7\u00e3o de duas ferrovias privadas"}]},{"@type":"WebSite","@id":"https:\/\/www.suno.com.br\/noticias\/#website","url":"https:\/\/www.suno.com.br\/noticias\/","name":"Suno Not\u00edcias","description":"Seu portal de informa\u00e7\u00e3o sobre o mundo dos investimentos","publisher":{"@id":"https:\/\/www.suno.com.br\/noticias\/#organization"},"potentialAction":[{"@type":"SearchAction","target":{"@type":"EntryPoint","urlTemplate":"https:\/\/www.suno.com.br\/noticias\/?s={search_term_string}"},"query-input":{"@type":"PropertyValueSpecification","valueRequired":true,"valueName":"search_term_string"}}],"inLanguage":"pt-BR"},{"@type":"Organization","@id":"https:\/\/www.suno.com.br\/noticias\/#organization","name":"Suno Not\u00edcias","url":"https:\/\/www.suno.com.br\/noticias\/","logo":{"@type":"ImageObject","inLanguage":"pt-BR","@id":"https:\/\/www.suno.com.br\/noticias\/#\/schema\/logo\/image\/","url":"https:\/\/files.sunoresearch.com.br\/n\/uploads\/2021\/09\/suno-logo.png","contentUrl":"https:\/\/files.sunoresearch.com.br\/n\/uploads\/2021\/09\/suno-logo.png","width":180,"height":180,"caption":"Suno Not\u00edcias"},"image":{"@id":"https:\/\/www.suno.com.br\/noticias\/#\/schema\/logo\/image\/"},"sameAs":["https:\/\/facebook.com\/sunoresearch","https:\/\/x.com\/sunoresearch","https:\/\/www.instagram.com\/suno","https:\/\/www.linkedin.com\/company\/suno-research\/","https:\/\/www.youtube.com\/c\/sunoresearch"]},{"@type":"Person","@id":"https:\/\/www.suno.com.br\/noticias\/#\/schema\/person\/d689f06da5678e1f0b1ee402f001d676","name":"Janize Cola\u00e7o","image":{"@type":"ImageObject","inLanguage":"pt-BR","@id":"https:\/\/www.suno.com.br\/noticias\/#\/schema\/person\/image\/","url":"https:\/\/secure.gravatar.com\/avatar\/32b3bf89abae63ca2cf961bc051522d0?s=96&r=g","contentUrl":"https:\/\/secure.gravatar.com\/avatar\/32b3bf89abae63ca2cf961bc051522d0?s=96&r=g","caption":"Janize Cola\u00e7o"},"description":"Jornalista formada pela PUC-SP com passagens pela Record TV, Globo Cond\u00e9 Nast, Revista Panrotas e Editora Via. Hoje, \u00e9 rep\u00f3rter no Suno Not\u00edcias, cobrindo pautas sobre mercado, pol\u00edtica, economia e bolsa de valores.","url":"https:\/\/www.suno.com.br\/noticias\/author\/janize-colaco\/"}]}},"default_loop_html":"<div class=\"cardsPage__listCard__boxs\"><div class=\"cardsPage__listCard__boxs__img\"><a href=\"https:\/\/www.suno.com.br\/noticias\/suzano-suzb3-antt-construcao-ferrovias-privadas\/\"><img class=\"mask\" src=\"https:\/\/www.suno.com.br\/noticias\/wp-content\/themes\/suno\/resources\/images\/spotlight\/spotlight1img\/bg-mask.png\" alt=\"Image Mask\"\/><img src=\"https:\/\/files.sunoresearch.com.br\/n\/uploads\/2022\/12\/Suzano_MS-Divulgacao-Suzano-400x200.jpg\" alt=\"Suzano (SUZB3): ANTT aprova constru\u00e7\u00e3o de duas ferrovias privadas\"\/><\/a><span class=\"spotlightCategory\"><a href=\"https:\/\/www.suno.com.br\/noticias\/negocios\/\">Neg\u00f3cios<\/a><\/span><\/div><div class=\"cardsPage__listCard__boxs__content\"><a href=\"https:\/\/www.suno.com.br\/noticias\/suzano-suzb3-antt-construcao-ferrovias-privadas\/\"><h2 class=\"content__title\">Suzano (SUZB3): ANTT aprova constru\u00e7\u00e3o de duas ferrovias privadas<\/h2><\/a><div class=\"newsContent__article__meta\"><div class=\"newsContent__article__meta__authorBox\"><a href=\"https:\/\/www.suno.com.br\/noticias\/author\/janize-colaco\/\" class=\"authorBox__avatar noMobi\"><img src=\"https:\/\/files.sunoresearch.com.br\/n\/uploads\/2022\/11\/20221120_111807-1-150x150.jpg\" alt=\"Janize Cola\u00e7o\"><\/a><div class=\"authorBox__name\"><span>por\n\t\t\t<a href=\"https:\/\/www.suno.com.br\/noticias\/author\/janize-colaco\/\"><span itemprop=\"author\">Janize Cola\u00e7o<\/span><\/a><\/span><time datetime=\"2023-01-19T20:02:08-03:00\" itemprop=\"datePublished\">19\/01\/2023 20:02<\/time><\/div><\/div><\/div><\/div><\/div>","single_layout":"posts","amp_enabled":true,"_links":{"self":[{"href":"https:\/\/www.suno.com.br\/noticias\/wp-json\/wp\/v2\/posts\/350050"}],"collection":[{"href":"https:\/\/www.suno.com.br\/noticias\/wp-json\/wp\/v2\/posts"}],"about":[{"href":"https:\/\/www.suno.com.br\/noticias\/wp-json\/wp\/v2\/types\/post"}],"author":[{"embeddable":true,"href":"https:\/\/www.suno.com.br\/noticias\/wp-json\/wp\/v2\/users\/233"}],"replies":[{"embeddable":true,"href":"https:\/\/www.suno.com.br\/noticias\/wp-json\/wp\/v2\/comments?post=350050"}],"version-history":[{"count":3,"href":"https:\/\/www.suno.com.br\/noticias\/wp-json\/wp\/v2\/posts\/350050\/revisions"}],"predecessor-version":[{"id":350213,"href":"https:\/\/www.suno.com.br\/noticias\/wp-json\/wp\/v2\/posts\/350050\/revisions\/350213"}],"wp:featuredmedia":[{"embeddable":true,"href":"https:\/\/www.suno.com.br\/noticias\/wp-json\/wp\/v2\/media\/334243"}],"wp:attachment":[{"href":"https:\/\/www.suno.com.br\/noticias\/wp-json\/wp\/v2\/media?parent=350050"}],"wp:term":[{"taxonomy":"category","embeddable":true,"href":"https:\/\/www.suno.com.br\/noticias\/wp-json\/wp\/v2\/categories?post=350050"},{"taxonomy":"post_tag","embeddable":true,"href":"https:\/\/www.suno.com.br\/noticias\/wp-json\/wp\/v2\/tags?post=350050"},{"taxonomy":"suno_strategy","embeddable":true,"href":"https:\/\/www.suno.com.br\/noticias\/wp-json\/wp\/v2\/suno_strategy?post=350050"}],"curies":[{"name":"wp","href":"https:\/\/api.w.org\/{rel}","templated":true}]}}