{"id":349841,"date":"2023-01-19T15:37:29","date_gmt":"2023-01-19T18:37:29","guid":{"rendered":"https:\/\/www.suno.com.br\/noticias\/?p=349841"},"modified":"2023-01-19T18:42:47","modified_gmt":"2023-01-19T21:42:47","slug":"americanas-amer3-recuperacao-judicial-acoes-entenda","status":"publish","type":"post","link":"https:\/\/www.suno.com.br\/noticias\/americanas-amer3-recuperacao-judicial-acoes-entenda\/","title":{"rendered":"O que acontece com as a\u00e7\u00f5es da Americanas (AMER3) ap\u00f3s o pedido de recupera\u00e7\u00e3o judicial?"},"content":{"rendered":"<p>A<strong> Americanas (AMER3)<\/strong> formalizou o seu pedido de <a class=\"suno-keyword\" data-force=\"no\" data-priority=\"2\" href=\"https:\/\/www.suno.com.br\/artigos\/recuperacao-judicial\/\" target=\"_blank\" rel=\"noopener\">recupera\u00e7\u00e3o judicial<\/a> nesta quinta (19), quando informou ter R$ 43 bilh\u00f5es em d\u00edvidas. Em meio a esse esc\u00e2ndalo cont\u00e1bil, as a\u00e7\u00f5es da varejista na bolsa de valores podem ser ainda mais impactadas nos pr\u00f3ximos cap\u00edtulos desta novela corporativa.<\/p><div class=\"videoFull \">\n\t\t\t<div class=\"videoWrapper yt-lazyload center\"\n\t\t\t\tdata-width=\"960\"\n\t\t\t\tdata-height=\"540\"\n\t\t\t\tdata-id=\"-gxQE5F8o9c\"\n\t\t\t\tdata-alt=\"V\u00eddeo do YouTube - clique para reproduzir\"\n\t\t\t\tdata-logo=\"3\"\n\t\t\t\tdata-imagequality=\"maxres\">\n\t\t\t<\/div>\n\t\t<\/div><script type=\"application\/ld+json\">{\"@context\":\"https:\/\/schema.org\",\"@type\":\"VideoObject\",\"name\":\"AMERICANAS (AMER3) ENTRA COM PEDIDO DE RECUPERA\u00c7\u00c3O JUDICIAL | Breaking News\",\"description\":\"\ud83d\udcd8 [\ud835\udfed\ud835\udfec\ud835\udfed \ud835\udde3\ud835\uddf2\ud835\uddff\ud835\uddf4\ud835\ude02\ud835\uddfb\ud835\ude01\ud835\uddee\ud835\ude00 \ud835\uddf2 \ud835\udde5\ud835\uddf2\ud835\ude00\ud835\uddfd\ud835\uddfc\ud835\ude00\ud835\ude01\ud835\uddee\ud835\ude00 \ud835\ude00\ud835\uddfc\ud835\uddef\ud835\uddff\ud835\uddf2 \ud835\uddd9\ud835\ude02\ud835\uddfb\ud835\uddf1\ud835\uddfc\ud835\ude00 \ud835\udddc\ud835\uddfa\ud835\uddfc\ud835\uddef\ud835\uddf6\ud835\uddf9\ud835\uddf6\u00e1\ud835\uddff\ud835\uddf6\ud835\uddfc\ud835\ude00] \ud835\uddd6\ud835\uddfc\ud835\uddfa\ud835\uddf2\ud835\uddf0\ud835\uddf2 \ud835\uddfc \ud835\uddee\ud835\uddfb\ud835\uddfc \ud835\uddf3\ud835\uddee\ud835\ude07\ud835\uddf2\ud835\uddfb\ud835\uddf1\ud835\uddfc \ud835\udde5\ud835\uddf2\ud835\uddfb\ud835\uddf1\ud835\uddee \ud835\uddd8\ud835\ude05\ud835\ude01\ud835\uddff\ud835\uddee \ud835\uddf0\ud835\uddfc\ud835\uddfa \ud835\uddfc \ud835\uddfd\ud835\uddff\u00f3\ud835\ude05\ud835\uddf6\ud835\uddfa\ud835\uddfc \ud835\uddfd\ud835\uddee\ud835\ude00\ud835\ude00\ud835\uddfc \ud835\uddf1\ud835\uddfc \ud835\uddd7\ud835\uddf2\ud835\ude00\ud835\uddee\ud835\uddf3\ud835\uddf6\ud835\uddfc! \ud83d\udc47 https:\/\/lp.suno.com.br\/cl\/desafio-da-renda-extra-2023-distribuicao\/?utm_source=youtube.noticias&utm_medium=live&utm_campaign=RS.DRE23.ns.20230118&utm_content=ytnoticias.morning.19012023 \ud83d\udd0e \ud83d\udcca[\ud835\uddf2\ud835\uddd5\ud835\uddfc\ud835\uddfc\ud835\uddf8 \ud835\uddda\ud835\udde5\ud835\uddd4\ud835\udde7\ud835\udde8\ud835\udddc\ud835\udde7\ud835\udde2] \ud835\uddd4\ud835\uddfd\ud835\uddff\ud835\uddf2\ud835\uddfb\ud835\uddf1\ud835\uddee \ud835\uddf0\ud835\uddfc\ud835\uddfa\ud835\uddfc \ud835\uddee\ud835\uddfb\ud835\uddee\ud835\uddf9\ud835\uddf6\ud835\ude00\ud835\uddee\ud835\uddff \ud835\ude02\ud835\uddfa\ud835\uddee \ud835\uddee\u00e7\u00e3\ud835\uddfc\u200b \ud83d\udc47 https:\/\/lp.suno.com.br\/ebook-como-analisar-uma-acao\/?utm_source=youtube.noticias&utm_medium=live&utm_campaign=ebookcomoanalisarumaacao.20230116&utm_content=ytnoticias.morning.17012023 #americanas #amer3 #recuperacaojudicial #varejo #ibovespa #breakingnews Uma semana ap\u00f3s a descoberta do rombo bilion\u00e1rio, a Americanas (AMER3) entrou hoje (19) com um pedido\u2026\",\"duration\":\"PT12M50S\",\"embedUrl\":\"https:\/\/www.youtube.com\/embed\/-gxQE5F8o9c\",\"regionsAllowed\":\"pt-BR\",\"interactionStatistic\":{\"@type\":\"InteractionCounter\",\"interactionType\":{\"@type\":\"WatchAction\"},\"userInteractionCount\":3272},\"thumbnailUrl\":\"https:\/\/i.ytimg.com\/vi\/-gxQE5F8o9c\/default.jpg\",\"uploadDate\":\"2023-01-19T17:16:38Z\"}<\/script>\n\n\n\n\n\t<p>\n\t\t<a href=\"\" target=\"_blank\" data-element=\"shortcode-suno-banner\" title=\"Banner SUNO, clique e saiba mais\">\n\t\t\t<picture>\n\t\t\t\t<source media=\"(max-width: 500px)\" srcset=\"\">\n\t\t\t\t<img class=\"newsContent__article__imgCapa newsContent__article__imgCapa--banner\"\n\t\t\t\t\tsrc=\"\"\n\t\t\t\t\tdata-promo-id=\"265277\"\t\t\t\t\t\t\t\t\t\t\t\t\t\t\talt=\"\"\n\t\t\t\t>\n\t\t\t<\/picture>\n\t\t<\/a>\n\t<\/p>\n\n\n\n\n\n<p>Para o Suno Not\u00edcias, o s\u00f3cio-fundador da Quantzed, Pedro Menin, explica que os impactos burocr\u00e1ticos da <strong>recupera\u00e7\u00e3o judicial da Americanas<\/strong> come\u00e7ar\u00e3o no dia seguinte \u00e0 aprova\u00e7\u00e3o do pedido.<\/p>\n\n\n\n<p>&#8220;Na bolsa especificamente, a a\u00e7\u00e3o tem de deixar todos os \u00edndices dos quais fazia parte, inclusive o IBOV. Isso deve trazer uma venda passiva importante e uma perda de liquidez muito relevante&#8221;, projeta o especialista.<\/p>\n\n\n\n<p>&#8220;As a\u00e7\u00f5es tendem a sofrer durante processos de recupera\u00e7\u00e3o judicial, uma vez que as medidas s\u00e3o focadas nos credores e s\u00e3o geralmente diluitivas aos acionistas\u201d, lembra a XP em relat\u00f3rio.<\/p>\n\n\n\n<figure class=\"wp-block-image size-full\"><img loading=\"lazy\" decoding=\"async\" width=\"518\" height=\"336\" src=\"https:\/\/files.sunoresearch.com.br\/n\/uploads\/2023\/01\/Americanas-XP.jpg\" alt=\"\" class=\"wp-image-349891\" srcset=\"https:\/\/files.sunoresearch.com.br\/n\/uploads\/2023\/01\/Americanas-XP.jpg 518w, https:\/\/files.sunoresearch.com.br\/n\/uploads\/2023\/01\/Americanas-XP-300x195.jpg 300w, https:\/\/files.sunoresearch.com.br\/n\/uploads\/2023\/01\/Americanas-XP-150x97.jpg 150w\" sizes=\"(max-width: 518px) 100vw, 518px\" \/><\/figure>\n\n\n\t<div data-element=\"shortcode-read-more\" class=\"knowMore\">\n\t\t\t\t<span class=\"knowMore__title\">Leia mais<\/span>\n\t\t\t\t<a class=\"knowMore__link\" href=\"https:\/\/www.suno.com.br\/noticias\/americanas-amer3-pedido-recuperacao-judicial-2\/\">\n\t\t\tAmericanas (AMER3) entra com pedido de recupera\u00e7\u00e3o judicial e informa R$ 43 bilh\u00f5es em d\u00edvidas\t\t<\/a>\n\t<\/div>\n\n\n\n\n<p>Ap\u00f3s a <a class=\"suno-keyword\" data-force=\"no\" data-priority=\"2\" href=\"https:\/\/www.suno.com.br\/artigos\/recuperacao-judicial\/\" target=\"_blank\" rel=\"noopener\">recupera\u00e7\u00e3o judicial<\/a> ser acatada, a empresa ter\u00e1 180 dias de blindagem, ou seja, as obriga\u00e7\u00f5es com os <strong>credores da Americanas<\/strong> ficar\u00e3o suspensas.<\/p>\n\n\n\n<p>&#8220;Nesse tempo, a companhia precisa se reorganizar. Existem algumas maneiras de fazer isso: realizando venda de ativos, renegociando d\u00edvidas, convertendo d\u00edvidas em a\u00e7\u00f5es e realizando <a class=\"suno-keyword\" data-force=\"no\" data-priority=\"1\" href=\"https:\/\/www.suno.com.br\/artigos\/aumento-capital\/\" target=\"_blank\" rel=\"noopener\">aumento de capital<\/a>. Lembrando que isso tem que ser colocado no papel nesse per\u00edodo&#8221;, ressalta.<\/p>\n\n\n\n<p>Menin v\u00ea como &#8220;improv\u00e1vel&#8221; a possibilidade de realizar a convers\u00e3o das d\u00edvidas em <strong>a\u00e7\u00f5es da Americanas<\/strong>. Entre os pr\u00f3ximos passos da recupera\u00e7\u00e3o judicial, encontram-se os seguintes prazos:<\/p>\n\n\n\n<ul class=\"wp-block-list\">\n<li>60 dias para apresenta\u00e7\u00e3o do plano de recupera\u00e7\u00e3o judicial;<\/li>\n\n\n\n<li>150 dias para convocar uma Assembleia de Credores, que analisar\u00e3o o plano;<\/li>\n\n\n\n<li>180 dias para a aprova\u00e7\u00e3o do plano, prazo que pode ser prorrogado por mais 180 dias.<\/li>\n<\/ul>\n\n\n\n<p>Com o plano aprovado, o <strong>comando da Americanas<\/strong> ter\u00e1 a miss\u00e3o de execut\u00e1-lo at\u00e9 conseguir cumprir todas as obriga\u00e7\u00f5es legais.<\/p>\n\n\n\t<p>\n\t\t<a href=\"https:\/\/lp.suno.com.br\/planilha-controle-gastos\/\" target=\"_blank\" data-element=\"shortcode-suno-banner\" title=\"Banner SUNO, clique e saiba mais\">\n\t\t\t<picture>\n\t\t\t\t<source media=\"(max-width: 500px)\" srcset=\"https:\/\/files.sunoresearch.com.br\/n\/uploads\/2023\/03\/400x300-Planilha-controle-de-gastos.png\">\n\t\t\t\t<img class=\"newsContent__article__imgCapa newsContent__article__imgCapa--banner\"\n\t\t\t\t\tsrc=\"https:\/\/files.sunoresearch.com.br\/n\/uploads\/2023\/03\/1420x240-Planilha-controle-de-gastos.png\"\n\t\t\t\t\tdata-promo-id=\"101751\"\t\t\t\t\t\t\t\t\t\twidth='1420' height='240'\t\t\t\t\talt=\"https:\/\/files.sunoresearch.com.br\/n\/uploads\/2023\/03\/1420x240-Planilha-controle-de-gastos.png\"\n\t\t\t\t>\n\t\t\t<\/picture>\n\t\t<\/a>\n\t<\/p>\n\n\n\n\n\n<h2 class=\"wp-block-heading\" id=\"h-recuperacao-judicial-da-americanas\">Recupera\u00e7\u00e3o judicial da Americanas<\/h2>\n\n\n\n<p>Para a reportagem, o presidente da comiss\u00e3o de Direito Empresarial da subse\u00e7\u00e3o Pinheiros da OAB-SP, Fernando Brandariz, diz que o atual cen\u00e1rio indica uma aprova\u00e7\u00e3o desse pedido da Americanas:<\/p>\n\n\n\n<blockquote class=\"wp-block-quote is-layout-flow wp-block-quote-is-layout-flow\">\n<p>\u00c9 muito prov\u00e1vel que seja deferido o processamento da recupera\u00e7\u00e3o judicial do grupo, com a consequente determina\u00e7\u00e3o de suspender todas as a\u00e7\u00f5es e execu\u00e7\u00f5es existentes contra o grupo.<\/p>\n<\/blockquote>\n\n\n\n<p>Para Fernando Dal-Ri Murcia, diretor de Pesquisas e Projetos da Fipecafi e professor da FEA\/USP, a situa\u00e7\u00e3o da varejista pode piorar ainda mais: &#8220;O buraco \u00e9 mais embaixo. A cada dia, est\u00e1 aparecendo uma coisa nova, e acho que ainda vai aparecer muito mais. Quando voc\u00ea faz a investiga\u00e7\u00e3o, voc\u00ea vai a fundo, a\u00ed vamos come\u00e7ar a tentar ver os pontos dessa hist\u00f3ria, o que cada parte fez&#8221;.<\/p>\n\n\n\n<p>&#8220;A riqueza foi destru\u00edda, a empresa evaporou. O que ela tinha, j\u00e1 n\u00e3o \u00e9 a mesma coisa&#8221;, complementa.<\/p>\n\n\n\t<p>\n\t\t<a href=\"https:\/\/lp.suno.com.br\/ebook-como-analisar-uma-acao\/\" target=\"_blank\" data-element=\"shortcode-suno-banner\" title=\"Banner SUNO, clique e saiba mais\">\n\t\t\t<picture>\n\t\t\t\t<source media=\"(max-width: 500px)\" srcset=\"https:\/\/files.sunoresearch.com.br\/n\/uploads\/2023\/03\/Ebook-Acoes-Mobile-1.jpg\">\n\t\t\t\t<img class=\"newsContent__article__imgCapa newsContent__article__imgCapa--banner\"\n\t\t\t\t\tsrc=\"https:\/\/files.sunoresearch.com.br\/n\/uploads\/2023\/03\/Ebook-Acoes-Desktop-1.jpg\"\n\t\t\t\t\tdata-promo-id=\"171998\"\t\t\t\t\t\t\t\t\t\twidth='1420' height='286'\t\t\t\t\talt=\"https:\/\/files.sunoresearch.com.br\/n\/uploads\/2023\/03\/Ebook-Acoes-Desktop-1.jpg\"\n\t\t\t\t>\n\t\t\t<\/picture>\n\t\t<\/a>\n\t<\/p>\n\n\n\n\n\n<p>O Suno Not\u00edcias teve acesso ao pedido de <strong>recupera\u00e7\u00e3o judicial<\/strong> da Americanas, no qual os advogados da varejista argumentam que o motivo da crise foi a revela\u00e7\u00e3o das &#8220;inconsist\u00eancias cont\u00e1beis&#8221; de R$ 20 bilh\u00f5es, divulgadas ao mercado na semana passada.<\/p>\n\n\n\n<p>&#8220;A opera\u00e7\u00e3o do Grupo Americanas sempre foi saud\u00e1vel, tendo se mantido dessa forma at\u00e9 uma semana atr\u00e1s, quando a Companhia ainda era vista como uma sociedade sustent\u00e1vel e muito promissora. Por\u00e9m, por raz\u00f5es inesperadas e que abalaram toda a estrutura do grupo, as Requerentes viram o seu caixa e expectativas de faturamento ru\u00edrem em quest\u00e3o de minutos&#8221;, diz o documento.<\/p>\n\n\n\n<p>Em comunicado publicado na <a class=\"suno-keyword\" target=\"_blank\" data-force=\"no\" data-priority=\"2\" href=\"https:\/\/www.suno.com.br\/artigos\/cvm\/\" rel=\"noopener\">Comiss\u00e3o de Valores Mobili\u00e1rios (CVM)<\/a> ap\u00f3s o pedido de <a class=\"suno-keyword\" target=\"_blank\" data-force=\"no\" data-priority=\"2\" href=\"https:\/\/www.suno.com.br\/artigos\/recuperacao-judicial\/\" rel=\"noopener\">recupera\u00e7\u00e3o judicial<\/a> ser protocolado, a Americanas ressalta que enxerga essa sa\u00edda como o instrumento que possibilitar\u00e1 \u00e0 reestrutura\u00e7\u00e3o das suas d\u00edvidas.<\/p>\n\n\n\n<p>&#8220;A companhia reafirma a confian\u00e7a que tem em sua capacidade operacional e comercial para que seja bem-sucedida na proposi\u00e7\u00e3o e aprova\u00e7\u00e3o de um plano de recupera\u00e7\u00e3o que permita ganho de valor para a empresa e seus stakeholders e mantenha o alto n\u00edvel de experi\u00eancia de seus consumidores e parceiros&#8221;, escreve a <strong>Americanas<\/strong>.<\/p>\n\n\n\t<p>\n\t\t<a href=\"https:\/\/lp.suno.com.br\/planilha-de-controle-de-investimentos\/\" target=\"_blank\" data-element=\"shortcode-suno-banner\" title=\"Banner SUNO, clique e saiba mais\">\n\t\t\t<picture>\n\t\t\t\t<source media=\"(max-width: 500px)\" srcset=\"https:\/\/files.sunoresearch.com.br\/n\/uploads\/2023\/03\/400x300-Controle-de-Investimentos.png\">\n\t\t\t\t<img class=\"newsContent__article__imgCapa newsContent__article__imgCapa--banner\"\n\t\t\t\t\tsrc=\"https:\/\/files.sunoresearch.com.br\/n\/uploads\/2023\/03\/1420x240-Controle-de-Investimentos.png\"\n\t\t\t\t\tdata-promo-id=\"75934\"\t\t\t\t\t\t\t\t\t\twidth='1420' height='240'\t\t\t\t\talt=\"https:\/\/files.sunoresearch.com.br\/n\/uploads\/2023\/03\/1420x240-Controle-de-Investimentos.png\"\n\t\t\t\t>\n\t\t\t<\/picture>\n\t\t<\/a>\n\t<\/p>\n\n\n","protected":false},"excerpt":{"rendered":"<p>A Americanas (AMER3) formalizou o seu pedido de recupera\u00e7\u00e3o judicial nesta quinta (19), quando informou ter R$ 43 bilh\u00f5es em d\u00edvidas. Em meio a esse esc\u00e2ndalo cont\u00e1bil, as a\u00e7\u00f5es da varejista na bolsa de valores podem ser ainda mais impactadas nos pr\u00f3ximos cap\u00edtulos desta novela corporativa. Para o Suno Not\u00edcias, o s\u00f3cio-fundador da Quantzed, Pedro [&hellip;]<\/p>\n","protected":false},"author":232,"featured_media":223986,"comment_status":"closed","ping_status":"closed","sticky":false,"template":"","format":"standard","meta":[],"categories":[60],"tags":[106605,105816,314],"suno_strategy":[],"class_list":["post-349841","post","type-post","status-publish","format-standard","has-post-thumbnail","hentry","category-mercado","tag-americanas-s-a-amer3","tag-especialistas","tag-recuperacao-judicial"],"yoast_head":"<!-- This site is optimized with the Yoast SEO plugin v24.4 - https:\/\/yoast.com\/wordpress\/plugins\/seo\/ -->\n<title>O que ser\u00e1 das a\u00e7\u00f5es da Americanas (AMER3) na recupera\u00e7\u00e3o judicial?<\/title>\n<meta name=\"description\" content=\"A Americanas (AMER3) pediu recupera\u00e7\u00e3o judicial. O que acontecer\u00e1 com as a\u00e7\u00f5es da companhia nesse processo? Entenda!\" \/>\n<meta name=\"robots\" content=\"index, follow, max-snippet:-1, max-image-preview:large, max-video-preview:-1\" \/>\n<link rel=\"canonical\" href=\"https:\/\/www.suno.com.br\/noticias\/americanas-amer3-recuperacao-judicial-acoes-entenda\/\" \/>\n<meta property=\"og:locale\" content=\"pt_BR\" \/>\n<meta property=\"og:type\" content=\"article\" \/>\n<meta property=\"og:title\" content=\"O que ser\u00e1 das a\u00e7\u00f5es da Americanas (AMER3) na recupera\u00e7\u00e3o judicial?\" \/>\n<meta property=\"og:description\" content=\"A Americanas (AMER3) pediu recupera\u00e7\u00e3o judicial. O que acontecer\u00e1 com as a\u00e7\u00f5es da companhia nesse processo? Entenda!\" \/>\n<meta property=\"og:url\" content=\"https:\/\/www.suno.com.br\/noticias\/americanas-amer3-recuperacao-judicial-acoes-entenda\/\" \/>\n<meta property=\"og:site_name\" content=\"Suno Not\u00edcias\" \/>\n<meta property=\"article:publisher\" content=\"https:\/\/facebook.com\/sunoresearch\" \/>\n<meta property=\"og:image\" content=\"https:\/\/files.sunoresearch.com.br\/n\/uploads\/2022\/01\/Foto-APP-Americanas-scaled.jpg\" \/>\n\t<meta property=\"og:image:width\" content=\"2560\" \/>\n\t<meta property=\"og:image:height\" content=\"1707\" \/>\n\t<meta property=\"og:image:type\" content=\"image\/jpeg\" \/>\n<meta name=\"author\" content=\"Erick Matheus Nery\" \/>\n<meta name=\"twitter:card\" content=\"summary_large_image\" \/>\n<meta name=\"twitter:creator\" content=\"@sunoresearch\" \/>\n<meta name=\"twitter:site\" content=\"@sunoresearch\" \/>\n<meta name=\"twitter:label1\" content=\"Escrito por\" \/>\n\t<meta name=\"twitter:data1\" content=\"Erick Matheus Nery\" \/>\n\t<meta name=\"twitter:label2\" content=\"Est. tempo de leitura\" \/>\n\t<meta name=\"twitter:data2\" content=\"4 minutos\" \/>\n<script type=\"application\/ld+json\" class=\"yoast-schema-graph\">{\"@context\":\"https:\/\/schema.org\",\"@graph\":[{\"@type\":\"NewsArticle\",\"@id\":\"https:\/\/www.suno.com.br\/noticias\/americanas-amer3-recuperacao-judicial-acoes-entenda\/#article\",\"isPartOf\":{\"@id\":\"https:\/\/www.suno.com.br\/noticias\/americanas-amer3-recuperacao-judicial-acoes-entenda\/\"},\"author\":{\"name\":\"Erick Matheus Nery\",\"@id\":\"https:\/\/www.suno.com.br\/noticias\/#\/schema\/person\/6899bc3f19d1a7315f807131c2c013a0\"},\"headline\":\"O que acontece com as a\u00e7\u00f5es da Americanas (AMER3) ap\u00f3s o pedido de recupera\u00e7\u00e3o judicial?\",\"datePublished\":\"2023-01-19T18:37:29+00:00\",\"dateModified\":\"2023-01-19T21:42:47+00:00\",\"mainEntityOfPage\":{\"@id\":\"https:\/\/www.suno.com.br\/noticias\/americanas-amer3-recuperacao-judicial-acoes-entenda\/\"},\"wordCount\":723,\"publisher\":{\"@id\":\"https:\/\/www.suno.com.br\/noticias\/#organization\"},\"image\":{\"@id\":\"https:\/\/www.suno.com.br\/noticias\/americanas-amer3-recuperacao-judicial-acoes-entenda\/#primaryimage\"},\"thumbnailUrl\":\"https:\/\/files.sunoresearch.com.br\/n\/uploads\/2022\/01\/Foto-APP-Americanas-scaled.jpg\",\"keywords\":[\"Americanas (AMER3)\",\"Especialistas\",\"recupera\u00e7\u00e3o judicial\"],\"articleSection\":[\"Mercado\"],\"inLanguage\":\"pt-BR\"},{\"@type\":\"WebPage\",\"@id\":\"https:\/\/www.suno.com.br\/noticias\/americanas-amer3-recuperacao-judicial-acoes-entenda\/\",\"url\":\"https:\/\/www.suno.com.br\/noticias\/americanas-amer3-recuperacao-judicial-acoes-entenda\/\",\"name\":\"O que ser\u00e1 das a\u00e7\u00f5es da Americanas (AMER3) na recupera\u00e7\u00e3o judicial?\",\"isPartOf\":{\"@id\":\"https:\/\/www.suno.com.br\/noticias\/#website\"},\"primaryImageOfPage\":{\"@id\":\"https:\/\/www.suno.com.br\/noticias\/americanas-amer3-recuperacao-judicial-acoes-entenda\/#primaryimage\"},\"image\":{\"@id\":\"https:\/\/www.suno.com.br\/noticias\/americanas-amer3-recuperacao-judicial-acoes-entenda\/#primaryimage\"},\"thumbnailUrl\":\"https:\/\/files.sunoresearch.com.br\/n\/uploads\/2022\/01\/Foto-APP-Americanas-scaled.jpg\",\"datePublished\":\"2023-01-19T18:37:29+00:00\",\"dateModified\":\"2023-01-19T21:42:47+00:00\",\"description\":\"A Americanas (AMER3) pediu recupera\u00e7\u00e3o judicial. O que acontecer\u00e1 com as a\u00e7\u00f5es da companhia nesse processo? Entenda!\",\"breadcrumb\":{\"@id\":\"https:\/\/www.suno.com.br\/noticias\/americanas-amer3-recuperacao-judicial-acoes-entenda\/#breadcrumb\"},\"inLanguage\":\"pt-BR\",\"potentialAction\":[{\"@type\":\"ReadAction\",\"target\":[\"https:\/\/www.suno.com.br\/noticias\/americanas-amer3-recuperacao-judicial-acoes-entenda\/\"]}]},{\"@type\":\"ImageObject\",\"inLanguage\":\"pt-BR\",\"@id\":\"https:\/\/www.suno.com.br\/noticias\/americanas-amer3-recuperacao-judicial-acoes-entenda\/#primaryimage\",\"url\":\"https:\/\/files.sunoresearch.com.br\/n\/uploads\/2022\/01\/Foto-APP-Americanas-scaled.jpg\",\"contentUrl\":\"https:\/\/files.sunoresearch.com.br\/n\/uploads\/2022\/01\/Foto-APP-Americanas-scaled.jpg\",\"width\":2560,\"height\":1707,\"caption\":\"Americanas. Foto: Divulga\u00e7\u00e3o\"},{\"@type\":\"BreadcrumbList\",\"@id\":\"https:\/\/www.suno.com.br\/noticias\/americanas-amer3-recuperacao-judicial-acoes-entenda\/#breadcrumb\",\"itemListElement\":[{\"@type\":\"ListItem\",\"position\":1,\"name\":\"Not\u00edcias\",\"item\":\"https:\/\/www.suno.com.br\/noticias\/\"},{\"@type\":\"ListItem\",\"position\":2,\"name\":\"Mercado\",\"item\":\"https:\/\/www.suno.com.br\/noticias\/mercado\/\"},{\"@type\":\"ListItem\",\"position\":3,\"name\":\"O que acontece com as a\u00e7\u00f5es da Americanas (AMER3) ap\u00f3s o pedido de recupera\u00e7\u00e3o judicial?\"}]},{\"@type\":\"WebSite\",\"@id\":\"https:\/\/www.suno.com.br\/noticias\/#website\",\"url\":\"https:\/\/www.suno.com.br\/noticias\/\",\"name\":\"Suno Not\u00edcias\",\"description\":\"Seu portal de informa\u00e7\u00e3o sobre o mundo dos investimentos\",\"publisher\":{\"@id\":\"https:\/\/www.suno.com.br\/noticias\/#organization\"},\"potentialAction\":[{\"@type\":\"SearchAction\",\"target\":{\"@type\":\"EntryPoint\",\"urlTemplate\":\"https:\/\/www.suno.com.br\/noticias\/?s={search_term_string}\"},\"query-input\":{\"@type\":\"PropertyValueSpecification\",\"valueRequired\":true,\"valueName\":\"search_term_string\"}}],\"inLanguage\":\"pt-BR\"},{\"@type\":\"Organization\",\"@id\":\"https:\/\/www.suno.com.br\/noticias\/#organization\",\"name\":\"Suno Not\u00edcias\",\"url\":\"https:\/\/www.suno.com.br\/noticias\/\",\"logo\":{\"@type\":\"ImageObject\",\"inLanguage\":\"pt-BR\",\"@id\":\"https:\/\/www.suno.com.br\/noticias\/#\/schema\/logo\/image\/\",\"url\":\"https:\/\/files.sunoresearch.com.br\/n\/uploads\/2021\/09\/suno-logo.png\",\"contentUrl\":\"https:\/\/files.sunoresearch.com.br\/n\/uploads\/2021\/09\/suno-logo.png\",\"width\":180,\"height\":180,\"caption\":\"Suno Not\u00edcias\"},\"image\":{\"@id\":\"https:\/\/www.suno.com.br\/noticias\/#\/schema\/logo\/image\/\"},\"sameAs\":[\"https:\/\/facebook.com\/sunoresearch\",\"https:\/\/x.com\/sunoresearch\",\"https:\/\/www.instagram.com\/suno\",\"https:\/\/www.linkedin.com\/company\/suno-research\/\",\"https:\/\/www.youtube.com\/c\/sunoresearch\"]},{\"@type\":\"Person\",\"@id\":\"https:\/\/www.suno.com.br\/noticias\/#\/schema\/person\/6899bc3f19d1a7315f807131c2c013a0\",\"name\":\"Erick Matheus Nery\",\"image\":{\"@type\":\"ImageObject\",\"inLanguage\":\"pt-BR\",\"@id\":\"https:\/\/www.suno.com.br\/noticias\/#\/schema\/person\/image\/\",\"url\":\"https:\/\/secure.gravatar.com\/avatar\/518ddffe438ccb767782d372a66304d2?s=96&r=g\",\"contentUrl\":\"https:\/\/secure.gravatar.com\/avatar\/518ddffe438ccb767782d372a66304d2?s=96&r=g\",\"caption\":\"Erick Matheus Nery\"},\"description\":\"Formado em Jornalismo pela Universidade Federal do Par\u00e1 (UFPA), conta com extens\u00e3o em Jornalismo Econ\u00f4mico pela Funda\u00e7\u00e3o Get\u00falio Vargas (FGV). No Suno Not\u00edcias, atua como rep\u00f3rter de Mercado, com foco nos setores de telecomunica\u00e7\u00f5es, varejo, alimentos e renda fixa. Conta com passagens pelo jornal O Estado de S\u00e3o Paulo, como trainee de Jornalismo Econ\u00f4mico, e pelo site Not\u00edcias da TV.\",\"url\":\"https:\/\/www.suno.com.br\/noticias\/author\/erick-nery\/\"}]}<\/script>\n<!-- \/ Yoast SEO plugin. -->","yoast_head_json":{"title":"O que ser\u00e1 das a\u00e7\u00f5es da Americanas (AMER3) na recupera\u00e7\u00e3o judicial?","description":"A Americanas (AMER3) pediu recupera\u00e7\u00e3o judicial. O que acontecer\u00e1 com as a\u00e7\u00f5es da companhia nesse processo? Entenda!","robots":{"index":"index","follow":"follow","max-snippet":"max-snippet:-1","max-image-preview":"max-image-preview:large","max-video-preview":"max-video-preview:-1"},"canonical":"https:\/\/www.suno.com.br\/noticias\/americanas-amer3-recuperacao-judicial-acoes-entenda\/","og_locale":"pt_BR","og_type":"article","og_title":"O que ser\u00e1 das a\u00e7\u00f5es da Americanas (AMER3) na recupera\u00e7\u00e3o judicial?","og_description":"A Americanas (AMER3) pediu recupera\u00e7\u00e3o judicial. O que acontecer\u00e1 com as a\u00e7\u00f5es da companhia nesse processo? Entenda!","og_url":"https:\/\/www.suno.com.br\/noticias\/americanas-amer3-recuperacao-judicial-acoes-entenda\/","og_site_name":"Suno Not\u00edcias","article_publisher":"https:\/\/facebook.com\/sunoresearch","og_image":[{"width":2560,"height":1707,"url":"https:\/\/files.sunoresearch.com.br\/n\/uploads\/2022\/01\/Foto-APP-Americanas-scaled.jpg","type":"image\/jpeg"}],"author":"Erick Matheus Nery","twitter_card":"summary_large_image","twitter_creator":"@sunoresearch","twitter_site":"@sunoresearch","twitter_misc":{"Escrito por":"Erick Matheus Nery","Est. tempo de leitura":"4 minutos"},"schema":{"@context":"https:\/\/schema.org","@graph":[{"@type":"NewsArticle","@id":"https:\/\/www.suno.com.br\/noticias\/americanas-amer3-recuperacao-judicial-acoes-entenda\/#article","isPartOf":{"@id":"https:\/\/www.suno.com.br\/noticias\/americanas-amer3-recuperacao-judicial-acoes-entenda\/"},"author":{"name":"Erick Matheus Nery","@id":"https:\/\/www.suno.com.br\/noticias\/#\/schema\/person\/6899bc3f19d1a7315f807131c2c013a0"},"headline":"O que acontece com as a\u00e7\u00f5es da Americanas (AMER3) ap\u00f3s o pedido de recupera\u00e7\u00e3o judicial?","datePublished":"2023-01-19T18:37:29+00:00","dateModified":"2023-01-19T21:42:47+00:00","mainEntityOfPage":{"@id":"https:\/\/www.suno.com.br\/noticias\/americanas-amer3-recuperacao-judicial-acoes-entenda\/"},"wordCount":723,"publisher":{"@id":"https:\/\/www.suno.com.br\/noticias\/#organization"},"image":{"@id":"https:\/\/www.suno.com.br\/noticias\/americanas-amer3-recuperacao-judicial-acoes-entenda\/#primaryimage"},"thumbnailUrl":"https:\/\/files.sunoresearch.com.br\/n\/uploads\/2022\/01\/Foto-APP-Americanas-scaled.jpg","keywords":["Americanas (AMER3)","Especialistas","recupera\u00e7\u00e3o judicial"],"articleSection":["Mercado"],"inLanguage":"pt-BR"},{"@type":"WebPage","@id":"https:\/\/www.suno.com.br\/noticias\/americanas-amer3-recuperacao-judicial-acoes-entenda\/","url":"https:\/\/www.suno.com.br\/noticias\/americanas-amer3-recuperacao-judicial-acoes-entenda\/","name":"O que ser\u00e1 das a\u00e7\u00f5es da Americanas (AMER3) na recupera\u00e7\u00e3o judicial?","isPartOf":{"@id":"https:\/\/www.suno.com.br\/noticias\/#website"},"primaryImageOfPage":{"@id":"https:\/\/www.suno.com.br\/noticias\/americanas-amer3-recuperacao-judicial-acoes-entenda\/#primaryimage"},"image":{"@id":"https:\/\/www.suno.com.br\/noticias\/americanas-amer3-recuperacao-judicial-acoes-entenda\/#primaryimage"},"thumbnailUrl":"https:\/\/files.sunoresearch.com.br\/n\/uploads\/2022\/01\/Foto-APP-Americanas-scaled.jpg","datePublished":"2023-01-19T18:37:29+00:00","dateModified":"2023-01-19T21:42:47+00:00","description":"A Americanas (AMER3) pediu recupera\u00e7\u00e3o judicial. O que acontecer\u00e1 com as a\u00e7\u00f5es da companhia nesse processo? Entenda!","breadcrumb":{"@id":"https:\/\/www.suno.com.br\/noticias\/americanas-amer3-recuperacao-judicial-acoes-entenda\/#breadcrumb"},"inLanguage":"pt-BR","potentialAction":[{"@type":"ReadAction","target":["https:\/\/www.suno.com.br\/noticias\/americanas-amer3-recuperacao-judicial-acoes-entenda\/"]}]},{"@type":"ImageObject","inLanguage":"pt-BR","@id":"https:\/\/www.suno.com.br\/noticias\/americanas-amer3-recuperacao-judicial-acoes-entenda\/#primaryimage","url":"https:\/\/files.sunoresearch.com.br\/n\/uploads\/2022\/01\/Foto-APP-Americanas-scaled.jpg","contentUrl":"https:\/\/files.sunoresearch.com.br\/n\/uploads\/2022\/01\/Foto-APP-Americanas-scaled.jpg","width":2560,"height":1707,"caption":"Americanas. Foto: Divulga\u00e7\u00e3o"},{"@type":"BreadcrumbList","@id":"https:\/\/www.suno.com.br\/noticias\/americanas-amer3-recuperacao-judicial-acoes-entenda\/#breadcrumb","itemListElement":[{"@type":"ListItem","position":1,"name":"Not\u00edcias","item":"https:\/\/www.suno.com.br\/noticias\/"},{"@type":"ListItem","position":2,"name":"Mercado","item":"https:\/\/www.suno.com.br\/noticias\/mercado\/"},{"@type":"ListItem","position":3,"name":"O que acontece com as a\u00e7\u00f5es da Americanas (AMER3) ap\u00f3s o pedido de recupera\u00e7\u00e3o judicial?"}]},{"@type":"WebSite","@id":"https:\/\/www.suno.com.br\/noticias\/#website","url":"https:\/\/www.suno.com.br\/noticias\/","name":"Suno Not\u00edcias","description":"Seu portal de informa\u00e7\u00e3o sobre o mundo dos investimentos","publisher":{"@id":"https:\/\/www.suno.com.br\/noticias\/#organization"},"potentialAction":[{"@type":"SearchAction","target":{"@type":"EntryPoint","urlTemplate":"https:\/\/www.suno.com.br\/noticias\/?s={search_term_string}"},"query-input":{"@type":"PropertyValueSpecification","valueRequired":true,"valueName":"search_term_string"}}],"inLanguage":"pt-BR"},{"@type":"Organization","@id":"https:\/\/www.suno.com.br\/noticias\/#organization","name":"Suno Not\u00edcias","url":"https:\/\/www.suno.com.br\/noticias\/","logo":{"@type":"ImageObject","inLanguage":"pt-BR","@id":"https:\/\/www.suno.com.br\/noticias\/#\/schema\/logo\/image\/","url":"https:\/\/files.sunoresearch.com.br\/n\/uploads\/2021\/09\/suno-logo.png","contentUrl":"https:\/\/files.sunoresearch.com.br\/n\/uploads\/2021\/09\/suno-logo.png","width":180,"height":180,"caption":"Suno Not\u00edcias"},"image":{"@id":"https:\/\/www.suno.com.br\/noticias\/#\/schema\/logo\/image\/"},"sameAs":["https:\/\/facebook.com\/sunoresearch","https:\/\/x.com\/sunoresearch","https:\/\/www.instagram.com\/suno","https:\/\/www.linkedin.com\/company\/suno-research\/","https:\/\/www.youtube.com\/c\/sunoresearch"]},{"@type":"Person","@id":"https:\/\/www.suno.com.br\/noticias\/#\/schema\/person\/6899bc3f19d1a7315f807131c2c013a0","name":"Erick Matheus Nery","image":{"@type":"ImageObject","inLanguage":"pt-BR","@id":"https:\/\/www.suno.com.br\/noticias\/#\/schema\/person\/image\/","url":"https:\/\/secure.gravatar.com\/avatar\/518ddffe438ccb767782d372a66304d2?s=96&r=g","contentUrl":"https:\/\/secure.gravatar.com\/avatar\/518ddffe438ccb767782d372a66304d2?s=96&r=g","caption":"Erick Matheus Nery"},"description":"Formado em Jornalismo pela Universidade Federal do Par\u00e1 (UFPA), conta com extens\u00e3o em Jornalismo Econ\u00f4mico pela Funda\u00e7\u00e3o Get\u00falio Vargas (FGV). No Suno Not\u00edcias, atua como rep\u00f3rter de Mercado, com foco nos setores de telecomunica\u00e7\u00f5es, varejo, alimentos e renda fixa. Conta com passagens pelo jornal O Estado de S\u00e3o Paulo, como trainee de Jornalismo Econ\u00f4mico, e pelo site Not\u00edcias da TV.","url":"https:\/\/www.suno.com.br\/noticias\/author\/erick-nery\/"}]}},"default_loop_html":"<div class=\"cardsPage__listCard__boxs\"><div class=\"cardsPage__listCard__boxs__img\"><a href=\"https:\/\/www.suno.com.br\/noticias\/americanas-amer3-recuperacao-judicial-acoes-entenda\/\"><img class=\"mask\" src=\"https:\/\/www.suno.com.br\/noticias\/wp-content\/themes\/suno\/resources\/images\/spotlight\/spotlight1img\/bg-mask.png\" alt=\"Image Mask\"\/><img src=\"https:\/\/files.sunoresearch.com.br\/n\/uploads\/2022\/01\/Foto-APP-Americanas-400x200.jpg\" alt=\"O que acontece com as a\u00e7\u00f5es da Americanas (AMER3) ap\u00f3s o pedido de recupera\u00e7\u00e3o judicial?\"\/><\/a><span class=\"spotlightCategory\"><a href=\"https:\/\/www.suno.com.br\/noticias\/mercado\/\">Mercado<\/a><\/span><\/div><div class=\"cardsPage__listCard__boxs__content\"><a href=\"https:\/\/www.suno.com.br\/noticias\/americanas-amer3-recuperacao-judicial-acoes-entenda\/\"><h2 class=\"content__title\">O que acontece com as a\u00e7\u00f5es da Americanas (AMER3) ap\u00f3s o pedido de recupera\u00e7\u00e3o judicial?<\/h2><\/a><div class=\"newsContent__article__meta\"><div class=\"newsContent__article__meta__authorBox\"><a href=\"https:\/\/www.suno.com.br\/noticias\/author\/erick-nery\/\" class=\"authorBox__avatar noMobi\"><img src=\"https:\/\/secure.gravatar.com\/avatar\/518ddffe438ccb767782d372a66304d2?s=96&#038;r=g\" alt=\"Erick Matheus Nery\"><\/a><div class=\"authorBox__name\"><span>por\n\t\t\t<a href=\"https:\/\/www.suno.com.br\/noticias\/author\/erick-nery\/\"><span itemprop=\"author\">Erick Matheus Nery<\/span><\/a><\/span><time datetime=\"2023-01-19T15:37:29-03:00\" itemprop=\"datePublished\">19\/01\/2023 15:37<\/time><\/div><\/div><\/div><\/div><\/div>","single_layout":"posts","amp_enabled":true,"_links":{"self":[{"href":"https:\/\/www.suno.com.br\/noticias\/wp-json\/wp\/v2\/posts\/349841"}],"collection":[{"href":"https:\/\/www.suno.com.br\/noticias\/wp-json\/wp\/v2\/posts"}],"about":[{"href":"https:\/\/www.suno.com.br\/noticias\/wp-json\/wp\/v2\/types\/post"}],"author":[{"embeddable":true,"href":"https:\/\/www.suno.com.br\/noticias\/wp-json\/wp\/v2\/users\/232"}],"replies":[{"embeddable":true,"href":"https:\/\/www.suno.com.br\/noticias\/wp-json\/wp\/v2\/comments?post=349841"}],"version-history":[{"count":2,"href":"https:\/\/www.suno.com.br\/noticias\/wp-json\/wp\/v2\/posts\/349841\/revisions"}],"predecessor-version":[{"id":350106,"href":"https:\/\/www.suno.com.br\/noticias\/wp-json\/wp\/v2\/posts\/349841\/revisions\/350106"}],"wp:featuredmedia":[{"embeddable":true,"href":"https:\/\/www.suno.com.br\/noticias\/wp-json\/wp\/v2\/media\/223986"}],"wp:attachment":[{"href":"https:\/\/www.suno.com.br\/noticias\/wp-json\/wp\/v2\/media?parent=349841"}],"wp:term":[{"taxonomy":"category","embeddable":true,"href":"https:\/\/www.suno.com.br\/noticias\/wp-json\/wp\/v2\/categories?post=349841"},{"taxonomy":"post_tag","embeddable":true,"href":"https:\/\/www.suno.com.br\/noticias\/wp-json\/wp\/v2\/tags?post=349841"},{"taxonomy":"suno_strategy","embeddable":true,"href":"https:\/\/www.suno.com.br\/noticias\/wp-json\/wp\/v2\/suno_strategy?post=349841"}],"curies":[{"name":"wp","href":"https:\/\/api.w.org\/{rel}","templated":true}]}}