{"id":349762,"date":"2023-01-19T13:48:14","date_gmt":"2023-01-19T16:48:14","guid":{"rendered":"https:\/\/www.suno.com.br\/noticias\/?p=349762"},"modified":"2023-01-19T17:56:15","modified_gmt":"2023-01-19T20:56:15","slug":"americanas-amer3-pedido-recuperacao-judicial-2","status":"publish","type":"post","link":"https:\/\/www.suno.com.br\/noticias\/americanas-amer3-pedido-recuperacao-judicial-2\/","title":{"rendered":"Americanas (AMER3) entra com pedido de recupera\u00e7\u00e3o judicial e informa R$ 43 bilh\u00f5es em d\u00edvidas"},"content":{"rendered":"<p>Uma semana ap\u00f3s a descoberta do rombo bilion\u00e1rio, a <strong>Americanas<\/strong> (AMER3) formalizou hoje (19) o pedido de <a class=\"suno-keyword\" data-force=\"no\" data-priority=\"2\" href=\"https:\/\/www.suno.com.br\/artigos\/recuperacao-judicial\/\" target=\"_blank\" rel=\"noopener\">recupera\u00e7\u00e3o judicial<\/a> com c\u00e1rter de urg\u00eancia na 4\u00aa Vara Empresarial Tribunal de Justi\u00e7a do Rio de Janeiro. As d\u00edvidas da empresa somam R$ 43 bilh\u00f5es em meio a mais de 16,3 mil credores.<\/p><div class=\"videoFull \">\n\t\t\t<div class=\"videoWrapper yt-lazyload center\"\n\t\t\t\tdata-width=\"960\"\n\t\t\t\tdata-height=\"540\"\n\t\t\t\tdata-id=\"-gxQE5F8o9c\"\n\t\t\t\tdata-alt=\"V\u00eddeo do YouTube - clique para reproduzir\"\n\t\t\t\tdata-logo=\"3\"\n\t\t\t\tdata-imagequality=\"maxres\">\n\t\t\t<\/div>\n\t\t<\/div><script type=\"application\/ld+json\">{\"@context\":\"https:\/\/schema.org\",\"@type\":\"VideoObject\",\"name\":\"AMERICANAS (AMER3) ENTRA COM PEDIDO DE RECUPERA\u00c7\u00c3O JUDICIAL | Breaking News\",\"description\":\"\ud83d\udcd8 [\ud835\udfed\ud835\udfec\ud835\udfed \ud835\udde3\ud835\uddf2\ud835\uddff\ud835\uddf4\ud835\ude02\ud835\uddfb\ud835\ude01\ud835\uddee\ud835\ude00 \ud835\uddf2 \ud835\udde5\ud835\uddf2\ud835\ude00\ud835\uddfd\ud835\uddfc\ud835\ude00\ud835\ude01\ud835\uddee\ud835\ude00 \ud835\ude00\ud835\uddfc\ud835\uddef\ud835\uddff\ud835\uddf2 \ud835\uddd9\ud835\ude02\ud835\uddfb\ud835\uddf1\ud835\uddfc\ud835\ude00 \ud835\udddc\ud835\uddfa\ud835\uddfc\ud835\uddef\ud835\uddf6\ud835\uddf9\ud835\uddf6\u00e1\ud835\uddff\ud835\uddf6\ud835\uddfc\ud835\ude00] \ud835\uddd6\ud835\uddfc\ud835\uddfa\ud835\uddf2\ud835\uddf0\ud835\uddf2 \ud835\uddfc \ud835\uddee\ud835\uddfb\ud835\uddfc \ud835\uddf3\ud835\uddee\ud835\ude07\ud835\uddf2\ud835\uddfb\ud835\uddf1\ud835\uddfc \ud835\udde5\ud835\uddf2\ud835\uddfb\ud835\uddf1\ud835\uddee \ud835\uddd8\ud835\ude05\ud835\ude01\ud835\uddff\ud835\uddee \ud835\uddf0\ud835\uddfc\ud835\uddfa \ud835\uddfc \ud835\uddfd\ud835\uddff\u00f3\ud835\ude05\ud835\uddf6\ud835\uddfa\ud835\uddfc \ud835\uddfd\ud835\uddee\ud835\ude00\ud835\ude00\ud835\uddfc \ud835\uddf1\ud835\uddfc \ud835\uddd7\ud835\uddf2\ud835\ude00\ud835\uddee\ud835\uddf3\ud835\uddf6\ud835\uddfc! \ud83d\udc47 https:\/\/lp.suno.com.br\/cl\/desafio-da-renda-extra-2023-distribuicao\/?utm_source=youtube.noticias&utm_medium=live&utm_campaign=RS.DRE23.ns.20230118&utm_content=ytnoticias.morning.19012023 \ud83d\udd0e \ud83d\udcca[\ud835\uddf2\ud835\uddd5\ud835\uddfc\ud835\uddfc\ud835\uddf8 \ud835\uddda\ud835\udde5\ud835\uddd4\ud835\udde7\ud835\udde8\ud835\udddc\ud835\udde7\ud835\udde2] \ud835\uddd4\ud835\uddfd\ud835\uddff\ud835\uddf2\ud835\uddfb\ud835\uddf1\ud835\uddee \ud835\uddf0\ud835\uddfc\ud835\uddfa\ud835\uddfc \ud835\uddee\ud835\uddfb\ud835\uddee\ud835\uddf9\ud835\uddf6\ud835\ude00\ud835\uddee\ud835\uddff \ud835\ude02\ud835\uddfa\ud835\uddee \ud835\uddee\u00e7\u00e3\ud835\uddfc\u200b \ud83d\udc47 https:\/\/lp.suno.com.br\/ebook-como-analisar-uma-acao\/?utm_source=youtube.noticias&utm_medium=live&utm_campaign=ebookcomoanalisarumaacao.20230116&utm_content=ytnoticias.morning.17012023 #americanas #amer3 #recuperacaojudicial #varejo #ibovespa #breakingnews Uma semana ap\u00f3s a descoberta do rombo bilion\u00e1rio, a Americanas (AMER3) entrou hoje (19) com um pedido\u2026\",\"duration\":\"PT12M50S\",\"embedUrl\":\"https:\/\/www.youtube.com\/embed\/-gxQE5F8o9c\",\"regionsAllowed\":\"pt-BR\",\"interactionStatistic\":{\"@type\":\"InteractionCounter\",\"interactionType\":{\"@type\":\"WatchAction\"},\"userInteractionCount\":3272},\"thumbnailUrl\":\"https:\/\/i.ytimg.com\/vi\/-gxQE5F8o9c\/default.jpg\",\"uploadDate\":\"2023-01-19T17:16:38Z\"}<\/script>\n\n\n\n\n\t<p>\n\t\t<a href=\"\" target=\"_blank\" data-element=\"shortcode-suno-banner\" title=\"Banner SUNO, clique e saiba mais\">\n\t\t\t<picture>\n\t\t\t\t<source media=\"(max-width: 500px)\" srcset=\"\">\n\t\t\t\t<img class=\"newsContent__article__imgCapa newsContent__article__imgCapa--banner\"\n\t\t\t\t\tsrc=\"\"\n\t\t\t\t\tdata-promo-id=\"89005\"\t\t\t\t\t\t\t\t\t\t\t\t\t\t\talt=\"\"\n\t\t\t\t>\n\t\t\t<\/picture>\n\t\t<\/a>\n\t<\/p>\n\n\n\n\n\n<p>Na peti\u00e7\u00e3o sobre <strong>recupera\u00e7\u00e3o judicial<\/strong> <strong>da Americanas<\/strong> enviada ao TJ-RJ, a varejista afirma que devido \u00e0 desvaloriza\u00e7\u00e3o das a\u00e7\u00f5es, que registraram quedas superior a 80% desde a divulga\u00e7\u00e3o dos R$ 20 bilh\u00f5es em inconsist\u00eancias cont\u00e1beis, junto ao <a href=\"https:\/\/www.suno.com.br\/noticias\/americanas-amer3-credito-fitch-rebaixa\/\">rebaixamento de seus ratings<\/a>, fizeram com que seus credores financeiros ficassem &#8220;em polvorosa&#8221;, drenando mais de R$ 3 bilh\u00f5es do caixa.<\/p>\n\n\n\n<p>&#8220;Menos de 6 horas depois da divulga\u00e7\u00e3o ao mercado do <a class=\"suno-keyword\" data-force=\"no\" data-priority=\"1\" href=\"https:\/\/www.suno.com.br\/artigos\/fato-relevante\/\" target=\"_blank\" rel=\"noopener\">fato relevante<\/a> no dia 11 de janeiro, alguns credores, sem qualquer embasamento contratual ou legal, j\u00e1 haviam declarado o vencimento antecipado das obriga\u00e7\u00f5es da companhia \u2014 alguns assenhorando-se de valores bilion\u00e1rios, fechando as portas para qualquer tipo de negocia\u00e7\u00e3o amig\u00e1vel vi\u00e1vel&#8221;, destaca o documento sobre o <strong>pedido de recupera\u00e7\u00e3o judicial da Americanas<\/strong>.<\/p>\n\n\n\n<p>No final da tarde desta quinta, a Justi\u00e7a aceitou o pedido de recupera\u00e7\u00e3o judicial da Americanas e nomeou quem ser\u00e3o os administradores judiciais. <\/p>\n\n\n\n<p>O juiz Paulo Assed, da 4\u00aa Vara Empresarial do Rio de Janeiro, deferiu o pedido de recupera\u00e7\u00e3o judicial feito pela Americanas (#AMER3). <\/p>\n\n\n\n<p>Foram noemados como administradores judiciais a Preserva-A\u00e7\u00e3o Administra\u00e7\u00e3o Judicial e o escrit\u00f3rio de advocacia Zveiter. <\/p>\n\n\n\n<p>A varejista obteve o direito dce suspens\u00e3o, por 180 dias, da execu\u00e7\u00e3o de qualquer d\u00edvida. <\/p>\n\n\n\n<p>Mas, em at\u00e9 dois meses, ter\u00e1 de apresentar ao juiz um proposta de recupera\u00e7\u00e3o &#8211; que devr\u00e1, por sua vez, receber o aval dos credores. <\/p>\n\n\n\n<p>A Americanas declarou no processo d\u00edvidas no total de R$ 43 bilh\u00f5es 16,3 mil credores<\/p>\n\n\n\n<h2 class=\"wp-block-heading\">Lemann, Telles e Sicupira injetaram recursos<\/h2>\n\n\n\n<p>Diante do pedido de recupera\u00e7\u00e3o judicial, os acionistas de refer\u00eancia \u2014 Jorge Paulo Lemann, Marcel Telles e Beto Sicupira \u2014  informaram ao presidente do Conselho de Administra\u00e7\u00e3o que pretendem devem injetar recursos na rede varejista.<\/p>\n\n\n\n<p>\u201cDado o pedido de recupera\u00e7\u00e3o judicial da empresa, a administra\u00e7\u00e3o da Americanas vem a p\u00fablico informar que seguir\u00e1 operando normalmente dentro das novas regras da recupera\u00e7\u00e3o judicial, cujo um dos objetivos principais \u00e9 a pr\u00f3pria manuten\u00e7\u00e3o de empregos, pagamento de impostos e a boa rela\u00e7\u00e3o com seus fornecedores e credores e investidores de forma geral\u201d, afirmou a Americanas em nota.<\/p>\n\n\n\n<h2 class=\"wp-block-heading\" id=\"h-conselho-aprovou-a-recuperacao-em-carater-de-urgencia\">Conselho aprovou a recupera\u00e7\u00e3o em &#8220;car\u00e1ter de urg\u00eancia&#8221;<\/h2>\n\n\n\n<p>No documento, a empresa afirma que, a despeito dos esfor\u00e7os e das medidas que a administra\u00e7\u00e3o dos \u00faltimos dias, em conjunto com seus assessores financeiros e legais, para proteger a companhia dos efeitos decorrentes da descoberta de financiamentos de compras da dimens\u00e3o de R$ 20 bilh\u00f5es n\u00e3o adequadamente refletidos nas demonstra\u00e7\u00f5es financeiras de 30\/9\/2022, o <strong>conselho de administra\u00e7\u00e3o da Americanas<\/strong> aprovou o pedido em car\u00e1ter de urg\u00eancia, por unanimidade.<\/p>\n\n\n\n<p>A decis\u00e3o, segundo a companhia, considerou os desafios que est\u00e1 enfrentando na interface com <strong>credores e fornecedores da Americanas<\/strong> desde revela\u00e7\u00e3o das inconsist\u00eancias cont\u00e1beis; a necessidade de atendimento dos interesses de seus credores, acionistas e <em>stakeholders<\/em>; a posi\u00e7\u00e3o de caixa que reduziu-se sobremaneira; e a necessidade de preserva\u00e7\u00e3o da continuidade da oferta de servi\u00e7os de qualidade.<\/p>\n\n\n\n<p>No fato relevante, a Americanas afirma que o total dos cr\u00e9ditos listados nos documentos protocolados com o pedido de RJ soma aproximadamente R$ 43 bilh\u00f5es e que &#8220;o grupo de <strong><a href=\"https:\/\/www.suno.com.br\/noticias\/americanas-amer3-novo-assessor-financeiro-diz-jornal\/\">acionistas de refer\u00eancia da Americanas<\/a><\/strong> informou ao presidente do conselho de administra\u00e7\u00e3o que pretendem manter a liquidez da companhia em patamares que permitam o bom funcionamento da opera\u00e7\u00e3o de todas as lojas, do seu canal digital, &#8211; americanas.com &#8211; , da Ame e suas demais coligadas&#8221;.<\/p>\n\n\n\n<p>A companhia disse ainda que mant\u00e9m seu esfor\u00e7o na busca por uma solu\u00e7\u00e3o com os seus <strong>credores da Americanas<\/strong> e reafirma &#8220;a confian\u00e7a que tem em sua capacidade operacional e comercial para que seja bem-sucedida na proposi\u00e7\u00e3o e aprova\u00e7\u00e3o de um plano de recupera\u00e7\u00e3o que permita ganho de valor para a companhia e seus <em>stakeholders<\/em>&#8220;.<\/p>\n\n\n\n<p>A apresenta\u00e7\u00e3o do <strong>pedido de RJ<\/strong> <strong>da Americanas<\/strong> foi feita nos autos da Tutela de Urg\u00eancia Cautelar ajuizada em 12 de janeiro e a administra\u00e7\u00e3o pretende tomar as provid\u00eancias necess\u00e1rias \u00e0 efetiva\u00e7\u00e3o do pedido de recupera\u00e7\u00e3o em todas as jurisdi\u00e7\u00f5es que sejam necess\u00e1rias. A medida ser\u00e1 levada \u00e0 Assembleia Geral da Companhia, a ser convocada.<\/p>\n\n\n\n<h2 class=\"wp-block-heading\" id=\"h-gravissima-crise-de-liquidez\">&#8220;Grav\u00edssima crise de liquidez&#8221;<\/h2>\n\n\n\n<p>Na vis\u00e3o de Fernando Brandariz, presidente da comiss\u00e3o de Direito Empresarial da subse\u00e7\u00e3o Pinheiros da OAB-SP, o atual cen\u00e1rio indica que a Justi\u00e7a deve aceitar o pedido de recupera\u00e7\u00e3o judicial da Americanas.<\/p>\n\n\n\n<p>&#8220;\u00c9 muito prov\u00e1vel que seja deferido o processamento da recupera\u00e7\u00e3o judicial do grupo, com a consequente determina\u00e7\u00e3o de suspender todas as a\u00e7\u00f5es e execu\u00e7\u00f5es existentes contra o grupo&#8221;, explica Brandariz.<\/p>\n\n\n\n<p>No pedido de recupera\u00e7\u00e3o judicial \u00e0 <strong>Justi\u00e7a do Rio de Janeiro<\/strong>, a Americanas acrescenta que enfrenta uma \u201cgrav\u00edssima crise de liquidez\u201d. Diz ainda  que, sem a prote\u00e7\u00e3o judicial, seu caixa seria &#8220;aniquilado&#8221;. <\/p>\n\n\n\n<figure class=\"wp-block-image size-full\"><img loading=\"lazy\" decoding=\"async\" width=\"633\" height=\"845\" src=\"https:\/\/files.sunoresearch.com.br\/n\/uploads\/2023\/01\/americanas-recuperacao-judicial.jpg\" alt=\"\" class=\"wp-image-349825\" srcset=\"https:\/\/files.sunoresearch.com.br\/n\/uploads\/2023\/01\/americanas-recuperacao-judicial.jpg 633w, https:\/\/files.sunoresearch.com.br\/n\/uploads\/2023\/01\/americanas-recuperacao-judicial-225x300.jpg 225w, https:\/\/files.sunoresearch.com.br\/n\/uploads\/2023\/01\/americanas-recuperacao-judicial-150x200.jpg 150w\" sizes=\"(max-width: 633px) 100vw, 633px\" \/><\/figure>\n\n\n\n\t<div data-element=\"shortcode-read-more\" class=\"readToo\">\n\t\t\t\t<span class=\"readToo__title\">Leia mais<\/span>\n\t\t\t\t<ul class=\"readToo__list\">\n\t\t\t<li><a href=\"https:\/\/www.suno.com.br\/noticias\/americanas-amer3-caixa-despesas-avaliacao-xp\/\">Americanas (AMER3): caixa de R$ 800 milh\u00f5es \u00e9 equivalente a 4 meses de despesas, avalia XP<\/a><\/li><li><a href=\"https:\/\/www.suno.com.br\/noticias\/americanas-amer3-bancos-capitalizacao-rs15bi\/\">Americanas (AMER3): bancos querem R$ 15 bi em capitaliza\u00e7\u00e3o ap\u00f3s piora nas conversas<\/a><\/li><li><a href=\"https:\/\/www.suno.com.br\/noticias\/americanas-amer3-fundos-investimento-crise\/\">Americanas (AMER3): veja quais fundos de investimento mais sofreram com a crise<\/a><\/li><li><a href=\"https:\/\/www.suno.com.br\/noticias\/recuperacao-judicial-americanas-amer3-analise\/\">Americanas (AMER3): Recupera\u00e7\u00e3o judicial vai abrir caixa-preta da varejista; an\u00e1lise<\/a><\/li>\t\t<\/ul>\n\t<\/div>\n\n\n\n\t<p>\n\t\t<a href=\"https:\/\/lp.suno.com.br\/planilha-controle-gastos\/\" target=\"_blank\" data-element=\"shortcode-suno-banner\" title=\"Banner SUNO, clique e saiba mais\">\n\t\t\t<picture>\n\t\t\t\t<source media=\"(max-width: 500px)\" srcset=\"https:\/\/files.sunoresearch.com.br\/n\/uploads\/2023\/03\/400x300-Planilha-controle-de-gastos.png\">\n\t\t\t\t<img class=\"newsContent__article__imgCapa newsContent__article__imgCapa--banner\"\n\t\t\t\t\tsrc=\"https:\/\/files.sunoresearch.com.br\/n\/uploads\/2023\/03\/1420x240-Planilha-controle-de-gastos.png\"\n\t\t\t\t\tdata-promo-id=\"101751\"\t\t\t\t\t\t\t\t\t\twidth='1420' height='240'\t\t\t\t\talt=\"https:\/\/files.sunoresearch.com.br\/n\/uploads\/2023\/03\/1420x240-Planilha-controle-de-gastos.png\"\n\t\t\t\t>\n\t\t\t<\/picture>\n\t\t<\/a>\n\t<\/p>\n\n\n\n\n\n<figure class=\"wp-block-embed is-type-video is-provider-youtube wp-block-embed-youtube wp-embed-aspect-16-9 wp-has-aspect-ratio\"><div class=\"wp-block-embed__wrapper\">\n<iframe loading=\"lazy\" title=\"BTG (BPAC11) bloqueia R$ 1,2 bi da Americanas (AMER3) | Vale a pena investir em BBAS3?\" width=\"1080\" height=\"608\" src=\"https:\/\/www.youtube.com\/embed\/H6EycyPQFxA?feature=oembed&#038;enablejsapi=1&#038;origin=https:\/\/www.suno.com.br\" frameborder=\"0\" allow=\"accelerometer; autoplay; clipboard-write; encrypted-media; gyroscope; picture-in-picture; web-share\" allowfullscreen><\/iframe>\n<\/div><\/figure>\n\n\n\n<h2 class=\"wp-block-heading\" id=\"h-risco-de-absoluto-aniquilamento-de-caixa\">Risco de &#8220;absoluto aniquilamento de caixa&#8221;<\/h2>\n\n\n\n<p>Ainda na manh\u00e3 de hoje, a Americanas confirmou a informa\u00e7\u00e3o de que seu caixa caiu para R$ 800 milh\u00f5es \u2014 antes da inconsist\u00eancia cont\u00e1bil, o montante era de R$ 8,6 bilh\u00f5es, reportados no terceiro trimestre de 2022.<\/p>\n\n\n\n<p>De acordo com a varejista, do valor atual, boa parte do recurso est\u00e1 &#8220;injustificadamente indispon\u00edvel para a movimenta\u00e7\u00e3o da companhia desde ontem&#8221;. O fato \u00e9 atribu\u00eddo \u00e0 decis\u00e3o do Tribunal de Justi\u00e7a do Rio de Janeiro, que permitiu que o BTG Pactual bloqueasse R$ 1,2 bilh\u00e3o da Americanas. <\/p>\n\n\n\n<p>&#8220;O risco, ent\u00e3o, caso n\u00e3o seja deferido o imediato processamento desta recupera\u00e7\u00e3o judicial, \u00e9 de um absoluto aniquilamento do <a class=\"suno-keyword\" target=\"_blank\" data-force=\"no\" data-priority=\"2\" href=\"https:\/\/www.suno.com.br\/artigos\/fluxo-de-caixa\/\" rel=\"noopener\">fluxo de caixa<\/a> do Grupo Americanas, o que impedir\u00e1 o cumprimento de obriga\u00e7\u00f5es di\u00e1rias indispens\u00e1veis ao exerc\u00edcio da atividade empresarial, tal como o pagamento de fornecedores e funcion\u00e1rios&#8221;, afirma a peti\u00e7\u00e3o de RJ.<\/p>\n\n\n\n<h2 class=\"wp-block-heading\">Mais de 16 mil credores<\/h2>\n\n\n\n<p>Na peti\u00e7\u00e3o de <a class=\"suno-keyword\" target=\"_blank\" data-force=\"no\" data-priority=\"2\" href=\"https:\/\/www.suno.com.br\/artigos\/recuperacao-judicial\/\" rel=\"noopener\">recupera\u00e7\u00e3o judicial<\/a> da Americanas, destaca-se que o valor total da d\u00edvida \u00e9 de R$ 43 bilh\u00f5es e que s\u00e3o aproximadamente 16,3 mil credores. No requerimento, a varejista solicita 48h para apresentar lista deles.<\/p>\n\n\n\n<p>&#8220;Para apresenta\u00e7\u00e3o da lista de credores completa, a discrimina\u00e7\u00e3o do passivo e eventuais documentos faltantes, para que reflita da forma mais fidedigna poss\u00edvel a realidade do endividamento do grupo.&#8221;<\/p>\n\n\n\t<p>\n\t\t<a href=\"https:\/\/lp.suno.com.br\/planilha-da-vida-financeira\/\" target=\"_blank\" data-element=\"shortcode-suno-banner\" title=\"Banner SUNO, clique e saiba mais\">\n\t\t\t<picture>\n\t\t\t\t<source media=\"(max-width: 500px)\" srcset=\"https:\/\/files.sunoresearch.com.br\/n\/uploads\/2023\/04\/400x300-Planilha-vida-financeira-true.png\">\n\t\t\t\t<img class=\"newsContent__article__imgCapa newsContent__article__imgCapa--banner\"\n\t\t\t\t\tsrc=\"https:\/\/files.sunoresearch.com.br\/n\/uploads\/2023\/04\/1420x240-Planilha-vida-financeira-true.png\"\n\t\t\t\t\tdata-promo-id=\"106682\"\t\t\t\t\t\t\t\t\t\twidth='1420' height='240'\t\t\t\t\talt=\"https:\/\/files.sunoresearch.com.br\/n\/uploads\/2023\/04\/1420x240-Planilha-vida-financeira-true.png\"\n\t\t\t\t>\n\t\t\t<\/picture>\n\t\t<\/a>\n\t<\/p>\n\n\n\n\n\n<h2 class=\"wp-block-heading\">Recupera\u00e7\u00e3o judicial: necessidade de preserva\u00e7\u00e3o da continuidade de oferta e servi\u00e7os<\/h2>\n\n\n\n<p>Em fato relevante, a AMER3 destaca que os membros do conselho de administra\u00e7\u00e3o deliberaram pela decis\u00e3o considerando os seguintes pontos:<\/p>\n\n\n\n<ul class=\"wp-block-list\">\n<li>&#8220;os desafios da Companhia na interface com credores e fornecedores desde a ocorr\u00eancia de tais fatos; <\/li>\n\n\n\n<li>as necessidade de atendimento, de forma adequada e organizada, dos interesses de seus credores, acionistas e stakeholders; <\/li>\n\n\n\n<li>que, na presente data, a posi\u00e7\u00e3o de caixa dispon\u00edvel \u00e0 Companhia reduziu-se sobremaneira; e, ainda, <\/li>\n\n\n\n<li>a necessidade de preserva\u00e7\u00e3o da continuidade da oferta de servi\u00e7os de qualidade a seus clientes, dentro dos compromissos assumidos pela Companhia e da manuten\u00e7\u00e3o da continuidade de seu neg\u00f3cio e sua fun\u00e7\u00e3o social.&#8221;<\/li>\n<\/ul>\n\n\n\n<p>Ricardo Brasil, fundador da Gava Investimentos e p\u00f3s-graduado em an\u00e1lise financeira, comenta: &#8220;Com a recupera\u00e7\u00e3o judicial, Americanas deixa de fazer parte dos \u00edndices da B3. Mas \u00e9 importante ter cuidado. Deixar de fazer parte do \u00edndice n\u00e3o significa que deixa de ser listada em bolsa. Negocia\u00e7\u00e3o continua normal, continua tendo volume. Quem quiser comprar ou vender consegue tranquilamente durante a RJ. Oi (OIBR3), por exemplo, ficou um ou dois anos em RJ e era negociada normalmente.&#8221;<\/p>\n\n\n\n<p>Ele observa: &#8220;Historicamente quem entra em RJ dificilmente sai bem. Muitas empresas acabam falindo. Temos fundos que precisam cumprir regras. Pode ter fundo, principalmente no exterior, em que gestor s\u00f3 pode aplicar em empresas que tenham rating. Ent\u00e3o, Americanas perdendo rating, esse fundo tamb\u00e9m teria que se desfazer dos pap\u00e9is e tamb\u00e9m n\u00e3o comprar a\u00e7\u00f5es. Da mesma forma que h\u00e1 regra para rating, tamb\u00e9m h\u00e1 regras em fundos.  H\u00e1 fundos que, em regra, s\u00f3 aplicam em a\u00e7\u00f5es que fazem parte do \u00edndice Ibovespa. Ent\u00e3o, come\u00e7amos a ter diversas restri\u00e7\u00f5es de fundos, de gest\u00e3o. V\u00e1rios fundos que replicam \u00edndices v\u00e3o precisar vender posi\u00e7\u00f5es. Talvez seja vetado acoplar a\u00e7\u00f5es da Americanas.&#8221;<\/p>\n\n\n\n<p>Ricardo conclui: &#8220;Quando papel deixa de fazer parte do \u00edndice, temos v\u00e1rios fundos no mundo inteiro que replicam o \u00edndice Ibovespa. Ent\u00e3o, se esse fundo tinha Americanas, quando deixa de fazer parte, esse fundo tem que vender. Mas com v\u00e1rios fundos vendendo, temos uma press\u00e3o vendedora que pode fazer papel cair. Logo, a consequ\u00eancia imediata seria a de liquidez. Valor negociado por dia tende a cair bastante. Passando essa fase de crise em que muitos especuladores compram e vendem, vamos ter a empresa com volume bem menor por dia. Quando a a\u00e7\u00e3o vale pouco, qualquer centavo faz diferen\u00e7a. Isso n\u00e3o \u00e9 saud\u00e1vel para o mercado.&#8221;<\/p>\n\n\n\n<p>Elcio Cardozo, s\u00f3cio da Matriz Capital, analisa: &#8220;Embora o pedido de recupera\u00e7\u00e3o judicial feito pelas Lojas Americanas j\u00e1 fosse esperado desde a \u00faltima semana, quando a companhia apresentou \u201cinconsist\u00eancias cont\u00e1beis\u201d em seus balan\u00e7os que atingiam o montante de R$20 bilh\u00f5es, parte do mercado ainda esperava alguma interven\u00e7\u00e3o do 3G Capital para evitar este movimento.&#8221;<\/p>\n\n\n\n<p>Complementa: &#8220;Toda esta situa\u00e7\u00e3o impacta bastante n\u00e3o apenas o mercado financeiro, mas a economia do pa\u00eds como um todo. Devem existir dezenas de milhares de fornecedores que ficar\u00e3o sem receber, funcion\u00e1rios que podem ser demitidos e investidores que ter\u00e3o preju\u00edzos. Al\u00e9m disso, a credibilidade do 3G Capital ficar\u00e1 prejudicada. Apenas como exemplo, as a\u00e7\u00f5es da Ambev (ABEV3), tamb\u00e9m do grupo, chegaram a cair 8% desde quinta-feira passada, apesar de j\u00e1 ter recuperado boa parte da queda.&#8221;<\/p>\n\n\n\n<p>E finaliza: &#8220;Juridicamente falando, caso o pedido de recupera\u00e7\u00e3o judicial seja acatado pelo Poder Judici\u00e1rio, a empresa poder\u00e1 ganhar uma sobrevida. Isto porque o processo permitir\u00e1 que a companhia suspenda e renegocie suas d\u00edvidas durante tr\u00e2mite processual e, com isso, poder\u00e1 continuar desenvolvendo suas atividades.&#8221;<\/p>\n\n\n\t<p>\n\t\t<a href=\"https:\/\/lp.suno.com.br\/ebook-como-analisar-uma-acao\/\" target=\"_blank\" data-element=\"shortcode-suno-banner\" title=\"Banner SUNO, clique e saiba mais\">\n\t\t\t<picture>\n\t\t\t\t<source media=\"(max-width: 500px)\" srcset=\"https:\/\/files.sunoresearch.com.br\/n\/uploads\/2023\/03\/Ebook-Acoes-Mobile-1.jpg\">\n\t\t\t\t<img class=\"newsContent__article__imgCapa newsContent__article__imgCapa--banner\"\n\t\t\t\t\tsrc=\"https:\/\/files.sunoresearch.com.br\/n\/uploads\/2023\/03\/Ebook-Acoes-Desktop-1.jpg\"\n\t\t\t\t\tdata-promo-id=\"171998\"\t\t\t\t\t\t\t\t\t\twidth='1420' height='286'\t\t\t\t\talt=\"https:\/\/files.sunoresearch.com.br\/n\/uploads\/2023\/03\/Ebook-Acoes-Desktop-1.jpg\"\n\t\t\t\t>\n\t\t\t<\/picture>\n\t\t<\/a>\n\t<\/p>\n\n\n\n\n\n\t<div data-element=\"shortcode-read-more\" class=\"readToo\">\n\t\t\t\t<span class=\"readToo__title\">Leia mais<\/span>\n\t\t\t\t<ul class=\"readToo__list\">\n\t\t\t<li><a href=\"https:\/\/www.suno.com.br\/noticias\/americanas-amer3-btg-ganha-liminar\/\">BTG (BPAC11) consegue bloquear R$ 1,2 bi da Americanas (AMER3); Bradesco (BBDC4) trava R$ 450 mi<\/a><\/li><li><a href=\"https:\/\/www.suno.com.br\/noticias\/americanas-amer3-cvm-processos\/\">Caso Americanas (AMER3): entenda quais processos a empresa enfrenta na CVM<\/a><\/li><li><a href=\"https:\/\/www.suno.com.br\/noticias\/americanas-amer3-sergio-rial-desabafo\/\">Americanas (AMER3): Sergio Rial abre o jogo sobre presid\u00eancia rel\u00e2mpago e descoberta de rombo bilion\u00e1rio<\/a><\/li>\t\t<\/ul>\n\t<\/div>\n\n\n\n\n<h2 class=\"wp-block-heading\" id=\"h-rombo-na-americanas\">Rombo na Americanas<\/h2>\n\n\n\n<p>Na semana passada, a&nbsp;<a href=\"https:\/\/www.suno.com.br\/noticias\/americanas-amer3-inconsistencia-balanco-rial-deixa-presidencia\/\" target=\"_blank\" rel=\"noreferrer noopener\">Americanas revelou um rombo cont\u00e1bil de R$ 20 bilh\u00f5es<\/a>, o que culminou na sa\u00edda de&nbsp;<a href=\"https:\/\/www.suno.com.br\/tudo-sobre\/sergio-rial\/\" target=\"_blank\" rel=\"noreferrer noopener\">Sergio Rial<\/a>&nbsp;do comando da varejista ap\u00f3s uma estadia como CEO de apenas nove dias.<\/p>\n\n\n\n<p>O caso foi parar na Justi\u00e7a, e a empresa recebeu uma prote\u00e7\u00e3o judicial que, por 30 dias, impede o vencimento antecipado das d\u00edvidas do neg\u00f3cio.<\/p>\n\n\n\n<p>\u201cA Americanas<a href=\"https:\/\/www.suno.com.br\/noticias\/americanas-amer3-contratacao-rothschildeco-renegociacao\/\" target=\"_blank\" rel=\"noreferrer noopener\">&nbsp;passa a ter a Rothschild &amp; Co no Brasil&nbsp;<\/a>e internacionalmente representando a empresa na constru\u00e7\u00e3o de um di\u00e1logo franco e aberto, preservando o peso que a empresa tem, tanto com sua fun\u00e7\u00e3o social, como na participa\u00e7\u00e3o da economia do pa\u00eds\u201d, destacou a empresa em nota enviada ao Suno Not\u00edcias.<\/p>\n\n\n\n<p>De acordo com o Status Invest, as a\u00e7\u00f5es da&nbsp;<strong>Americanas<\/strong>&nbsp;ca\u00edram 78,96% neste m\u00eas. No preg\u00e3o desta quinta (19), as a\u00e7\u00f5es da varejista caem 24%, depois de entrar e sair de leil\u00e3o. Os pap\u00e9is est\u00e3o cotados a R$ 1,30. Na quarta (11), antes da divulga\u00e7\u00e3o do comunicado em que a empresa comunicava o rombo bilion\u00e1rio. as a\u00e7\u00f5es estavam cotadas a R$ 12. <\/p>\n\n\n\n<p><em>Com informa\u00e7\u00f5es do Estad\u00e3o Conte\u00fado<\/em><\/p>\n\n\n\t<p>\n\t\t<a href=\"https:\/\/lp.suno.com.br\/planilha-de-controle-de-investimentos\/\" target=\"_blank\" data-element=\"shortcode-suno-banner\" title=\"Banner SUNO, clique e saiba mais\">\n\t\t\t<picture>\n\t\t\t\t<source media=\"(max-width: 500px)\" srcset=\"https:\/\/files.sunoresearch.com.br\/n\/uploads\/2023\/03\/400x300-Controle-de-Investimentos.png\">\n\t\t\t\t<img class=\"newsContent__article__imgCapa newsContent__article__imgCapa--banner\"\n\t\t\t\t\tsrc=\"https:\/\/files.sunoresearch.com.br\/n\/uploads\/2023\/03\/1420x240-Controle-de-Investimentos.png\"\n\t\t\t\t\tdata-promo-id=\"75934\"\t\t\t\t\t\t\t\t\t\twidth='1420' height='240'\t\t\t\t\talt=\"https:\/\/files.sunoresearch.com.br\/n\/uploads\/2023\/03\/1420x240-Controle-de-Investimentos.png\"\n\t\t\t\t>\n\t\t\t<\/picture>\n\t\t<\/a>\n\t<\/p>\n\n\n\n\n\t\t<div class=\"web-stories-list alignnone has-archive-link is-view-type-carousel is-style-default is-carousel\" data-id=\"1\">\n\t\t\t<div\n\t\t\tclass=\"web-stories-list__inner-wrapper carousel-1\"\n\t\t\tstyle=\"--ws-story-max-width:185px\"\n\t\t\t>\n\t\t\t\t\t\t<div class=\"web-stories-list__archive-link\">\n\t\t\t<a href=\"https:\/\/www.suno.com.br\/noticias\/web-stories\/\">\n\t\t\t\tConfira os destaques do dia!\t\t\t<\/a>\n\t\t<\/div>\n\t\t\t\t\t\t\t<div\n\t\t\t\t\tclass=\"web-stories-list__carousel carousel\"\n\t\t\t\t\tdata-id=\"carousel-1\"\n\t\t\t\t\tdata-prev=\"Voltar\"\n\t\t\t\t\tdata-next=\"Avan\u00e7ar\"\n\t\t\t\t\t>\n\t\t\t\t\t\t\t\t\t<div\n\t\t\t\tclass=\"web-stories-list__story\"\n\t\t\t\tdata-wp-interactive=\"web-stories-block\"\n\t\t\t\tdata-wp-context='{\"instanceId\":1}'\t\t\t\tdata-wp-on--click=\"actions.open\"\n\t\t\t\tdata-wp-on-window--popstate=\"actions.onPopstate\"\n\t\t\t\t>\n\t\t\t\t\t\t\t<div class=\"web-stories-list__story-poster\">\n\t\t\t\t<a href=\"https:\/\/www.suno.com.br\/noticias\/web-stories\/por-que-as-acoes-da-nvidia-estao-despencando\/\" >\n\t\t\t\t\t<img\n\t\t\t\t\t\tsrc=\"https:\/\/files.sunoresearch.com.br\/n\/uploads\/2025\/11\/cropped-pexels-stasknop-19356873-scaled-1.webp\"\n\t\t\t\t\t\talt=\"Por que as a\u00e7\u00f5es da Nvidia est\u00e3o despencando?\"\n\t\t\t\t\t\twidth=\"185\"\n\t\t\t\t\t\theight=\"308\"\n\t\t\t\t\t\t\t\t\t\t\t\t\tsrcset=\"https:\/\/files.sunoresearch.com.br\/n\/uploads\/2025\/11\/cropped-pexels-stasknop-19356873-scaled-1.webp 640w, https:\/\/files.sunoresearch.com.br\/n\/uploads\/2025\/11\/cropped-pexels-stasknop-19356873-scaled-1-225x300.webp 225w, https:\/\/files.sunoresearch.com.br\/n\/uploads\/2025\/11\/cropped-pexels-stasknop-19356873-scaled-1-150x200.webp 150w\"\n\t\t\t\t\t\t\t\t\t\t\t\t\t\t\t\t\t\t\tsizes=\"(max-width: 640px) 100vw, 640px\"\n\t\t\t\t\t\t\t\t\t\t\t\tloading=\"lazy\"\n\t\t\t\t\t\tdecoding=\"async\"\n\t\t\t\t\t>\n\t\t\t\t<\/a>\n\t\t\t<\/div>\n\t\t\t\t\t<div class=\"web-stories-list__story-content-overlay\">\n\t\t\t\t\t\t\t<div class=\"story-content-overlay__title\">\n\t\t\t\t\tPor que as a\u00e7\u00f5es da Nvidia est\u00e3o despencando?\t\t\t\t<\/div>\n\t\t\t\n\t\t\t\n\t\t\t\n\t\t\t\t\t<\/div>\n\t\t\t\t\t<\/div>\n\t\t\t\t\t\t<div\n\t\t\t\tclass=\"web-stories-list__story\"\n\t\t\t\tdata-wp-interactive=\"web-stories-block\"\n\t\t\t\tdata-wp-context='{\"instanceId\":1}'\t\t\t\tdata-wp-on--click=\"actions.open\"\n\t\t\t\tdata-wp-on-window--popstate=\"actions.onPopstate\"\n\t\t\t\t>\n\t\t\t\t\t\t\t<div class=\"web-stories-list__story-poster\">\n\t\t\t\t<a href=\"https:\/\/www.suno.com.br\/noticias\/web-stories\/quanto-falta-para-elon-musk-se-tornar-trilionario\/\" >\n\t\t\t\t\t<img\n\t\t\t\t\t\tsrc=\"https:\/\/files.sunoresearch.com.br\/n\/uploads\/2026\/01\/cropped-Elon-Musk-jpg.webp\"\n\t\t\t\t\t\talt=\"Quanto falta para Elon Musk se tornar trilion\u00e1rio?\"\n\t\t\t\t\t\twidth=\"185\"\n\t\t\t\t\t\theight=\"308\"\n\t\t\t\t\t\t\t\t\t\t\t\t\tsrcset=\"https:\/\/files.sunoresearch.com.br\/n\/uploads\/2026\/01\/cropped-Elon-Musk-jpg.webp 640w, https:\/\/files.sunoresearch.com.br\/n\/uploads\/2026\/01\/cropped-Elon-Musk-jpg-225x300.webp 225w, https:\/\/files.sunoresearch.com.br\/n\/uploads\/2026\/01\/cropped-Elon-Musk-jpg-150x200.webp 150w\"\n\t\t\t\t\t\t\t\t\t\t\t\t\t\t\t\t\t\t\tsizes=\"(max-width: 640px) 100vw, 640px\"\n\t\t\t\t\t\t\t\t\t\t\t\tloading=\"lazy\"\n\t\t\t\t\t\tdecoding=\"async\"\n\t\t\t\t\t>\n\t\t\t\t<\/a>\n\t\t\t<\/div>\n\t\t\t\t\t<div class=\"web-stories-list__story-content-overlay\">\n\t\t\t\t\t\t\t<div class=\"story-content-overlay__title\">\n\t\t\t\t\tQuanto falta para Elon Musk se tornar trilion\u00e1rio?\t\t\t\t<\/div>\n\t\t\t\n\t\t\t\n\t\t\t\n\t\t\t\t\t<\/div>\n\t\t\t\t\t<\/div>\n\t\t\t\t\t\t<div\n\t\t\t\tclass=\"web-stories-list__story\"\n\t\t\t\tdata-wp-interactive=\"web-stories-block\"\n\t\t\t\tdata-wp-context='{\"instanceId\":1}'\t\t\t\tdata-wp-on--click=\"actions.open\"\n\t\t\t\tdata-wp-on-window--popstate=\"actions.onPopstate\"\n\t\t\t\t>\n\t\t\t\t\t\t\t<div class=\"web-stories-list__story-poster\">\n\t\t\t\t<a href=\"https:\/\/www.suno.com.br\/noticias\/web-stories\/ate-onde-vai-a-alta-do-ibovespa\/\" >\n\t\t\t\t\t<img\n\t\t\t\t\t\tsrc=\"https:\/\/files.sunoresearch.com.br\/n\/uploads\/2025\/11\/cropped-iStock-1215609239-jpg.webp\"\n\t\t\t\t\t\talt=\"At\u00e9 onde vai a alta do Ibovespa?\"\n\t\t\t\t\t\twidth=\"185\"\n\t\t\t\t\t\theight=\"308\"\n\t\t\t\t\t\t\t\t\t\t\t\t\tsrcset=\"https:\/\/files.sunoresearch.com.br\/n\/uploads\/2025\/11\/cropped-iStock-1215609239-jpg.webp 640w, https:\/\/files.sunoresearch.com.br\/n\/uploads\/2025\/11\/cropped-iStock-1215609239-jpg-225x300.webp 225w, https:\/\/files.sunoresearch.com.br\/n\/uploads\/2025\/11\/cropped-iStock-1215609239-jpg-150x200.webp 150w\"\n\t\t\t\t\t\t\t\t\t\t\t\t\t\t\t\t\t\t\tsizes=\"(max-width: 640px) 100vw, 640px\"\n\t\t\t\t\t\t\t\t\t\t\t\tloading=\"lazy\"\n\t\t\t\t\t\tdecoding=\"async\"\n\t\t\t\t\t>\n\t\t\t\t<\/a>\n\t\t\t<\/div>\n\t\t\t\t\t<div class=\"web-stories-list__story-content-overlay\">\n\t\t\t\t\t\t\t<div class=\"story-content-overlay__title\">\n\t\t\t\t\tAt\u00e9 onde vai a alta do Ibovespa?\t\t\t\t<\/div>\n\t\t\t\n\t\t\t\n\t\t\t\n\t\t\t\t\t<\/div>\n\t\t\t\t\t<\/div>\n\t\t\t\t\t\t<div\n\t\t\t\tclass=\"web-stories-list__story\"\n\t\t\t\tdata-wp-interactive=\"web-stories-block\"\n\t\t\t\tdata-wp-context='{\"instanceId\":1}'\t\t\t\tdata-wp-on--click=\"actions.open\"\n\t\t\t\tdata-wp-on-window--popstate=\"actions.onPopstate\"\n\t\t\t\t>\n\t\t\t\t\t\t\t<div class=\"web-stories-list__story-poster\">\n\t\t\t\t<a href=\"https:\/\/www.suno.com.br\/noticias\/web-stories\/banco-brasileiro-itau-lista-marcas-mais-valiosas-mundo\/\" >\n\t\t\t\t\t<img\n\t\t\t\t\t\tsrc=\"https:\/\/files.sunoresearch.com.br\/n\/uploads\/2024\/01\/cropped-predio-itau.webp\"\n\t\t\t\t\t\talt=\"Banco brasileiro est\u00e1 entre as 500 marcas mais valiosas do mundo\"\n\t\t\t\t\t\twidth=\"185\"\n\t\t\t\t\t\theight=\"308\"\n\t\t\t\t\t\t\t\t\t\t\t\t\tsrcset=\"https:\/\/files.sunoresearch.com.br\/n\/uploads\/2024\/01\/cropped-predio-itau.webp 640w, https:\/\/files.sunoresearch.com.br\/n\/uploads\/2024\/01\/cropped-predio-itau-225x300.webp 225w, https:\/\/files.sunoresearch.com.br\/n\/uploads\/2024\/01\/cropped-predio-itau-150x200.webp 150w\"\n\t\t\t\t\t\t\t\t\t\t\t\t\t\t\t\t\t\t\tsizes=\"(max-width: 640px) 100vw, 640px\"\n\t\t\t\t\t\t\t\t\t\t\t\tloading=\"lazy\"\n\t\t\t\t\t\tdecoding=\"async\"\n\t\t\t\t\t>\n\t\t\t\t<\/a>\n\t\t\t<\/div>\n\t\t\t\t\t<div class=\"web-stories-list__story-content-overlay\">\n\t\t\t\t\t\t\t<div class=\"story-content-overlay__title\">\n\t\t\t\t\tBanco brasileiro est\u00e1 entre as 500 marcas mais valiosas do mundo\t\t\t\t<\/div>\n\t\t\t\n\t\t\t\n\t\t\t\n\t\t\t\t\t<\/div>\n\t\t\t\t\t<\/div>\n\t\t\t\t\t\t<div\n\t\t\t\tclass=\"web-stories-list__story\"\n\t\t\t\tdata-wp-interactive=\"web-stories-block\"\n\t\t\t\tdata-wp-context='{\"instanceId\":1}'\t\t\t\tdata-wp-on--click=\"actions.open\"\n\t\t\t\tdata-wp-on-window--popstate=\"actions.onPopstate\"\n\t\t\t\t>\n\t\t\t\t\t\t\t<div class=\"web-stories-list__story-poster\">\n\t\t\t\t<a href=\"https:\/\/www.suno.com.br\/noticias\/web-stories\/flamengo-lista-times-mais-ricos-do-mundo-hoje\/\" >\n\t\t\t\t\t<img\n\t\t\t\t\t\tsrc=\"https:\/\/files.sunoresearch.com.br\/n\/uploads\/2026\/01\/cropped-brazil-6755874_1280-jpg.webp\"\n\t\t\t\t\t\talt=\"Flamengo na lista! Veja os times mais ricos do mundo hoje\"\n\t\t\t\t\t\twidth=\"185\"\n\t\t\t\t\t\theight=\"308\"\n\t\t\t\t\t\t\t\t\t\t\t\t\tsrcset=\"https:\/\/files.sunoresearch.com.br\/n\/uploads\/2026\/01\/cropped-brazil-6755874_1280-jpg.webp 640w, https:\/\/files.sunoresearch.com.br\/n\/uploads\/2026\/01\/cropped-brazil-6755874_1280-jpg-225x300.webp 225w, https:\/\/files.sunoresearch.com.br\/n\/uploads\/2026\/01\/cropped-brazil-6755874_1280-jpg-150x200.webp 150w\"\n\t\t\t\t\t\t\t\t\t\t\t\t\t\t\t\t\t\t\tsizes=\"(max-width: 640px) 100vw, 640px\"\n\t\t\t\t\t\t\t\t\t\t\t\tloading=\"lazy\"\n\t\t\t\t\t\tdecoding=\"async\"\n\t\t\t\t\t>\n\t\t\t\t<\/a>\n\t\t\t<\/div>\n\t\t\t\t\t<div class=\"web-stories-list__story-content-overlay\">\n\t\t\t\t\t\t\t<div class=\"story-content-overlay__title\">\n\t\t\t\t\tFlamengo na lista! Veja os times mais ricos do mundo hoje\t\t\t\t<\/div>\n\t\t\t\n\t\t\t\n\t\t\t\n\t\t\t\t\t<\/div>\n\t\t\t\t\t<\/div>\n\t\t\t\t\t\t\t\t<\/div>\n\t\t\t\t\t<div tabindex=\"0\" aria-label=\"Voltar\" class=\"glider-prev\"><\/div>\n\t\t\t\t\t<div tabindex=\"0\" aria-label=\"Avan\u00e7ar\" class=\"glider-next\"><\/div>\n\t\t\t\t\t\t\t\t<\/div>\n\t\t<\/div>\n\t\t","protected":false},"excerpt":{"rendered":"<p>Uma semana ap\u00f3s a descoberta do rombo bilion\u00e1rio, a Americanas (AMER3) formalizou hoje (19) o pedido de recupera\u00e7\u00e3o judicial com c\u00e1rter de urg\u00eancia na 4\u00aa Vara Empresarial Tribunal de Justi\u00e7a do Rio de Janeiro. As d\u00edvidas da empresa somam R$ 43 bilh\u00f5es em meio a mais de 16,3 mil credores. Na peti\u00e7\u00e3o sobre recupera\u00e7\u00e3o judicial [&hellip;]<\/p>\n","protected":false},"author":233,"featured_media":349901,"comment_status":"closed","ping_status":"closed","sticky":false,"template":"","format":"standard","meta":[],"categories":[64],"tags":[286,106605,105816,314],"suno_strategy":[],"class_list":["post-349762","post","type-post","status-publish","format-standard","has-post-thumbnail","hentry","category-negocios","tag-acoes","tag-americanas-s-a-amer3","tag-especialistas","tag-recuperacao-judicial"],"yoast_head":"<!-- This site is optimized with the Yoast SEO plugin v24.4 - https:\/\/yoast.com\/wordpress\/plugins\/seo\/ -->\n<title>Americanas (AMER3) formaliza pedido de recupera\u00e7\u00e3o judicial<\/title>\n<meta name=\"description\" content=\"A Americanas (AMER3) entrou hoje (19) com um pedido de recupera\u00e7\u00e3o judicial, uma semana ap\u00f3s a descoberta do rombo bilion\u00e1rio. Confira!\" \/>\n<meta name=\"robots\" content=\"index, follow, max-snippet:-1, max-image-preview:large, max-video-preview:-1\" \/>\n<link rel=\"canonical\" href=\"https:\/\/www.suno.com.br\/noticias\/americanas-amer3-pedido-recuperacao-judicial-2\/\" \/>\n<meta property=\"og:locale\" content=\"pt_BR\" \/>\n<meta property=\"og:type\" content=\"article\" \/>\n<meta property=\"og:title\" content=\"Americanas (AMER3) formaliza pedido de recupera\u00e7\u00e3o judicial\" \/>\n<meta property=\"og:description\" content=\"A Americanas (AMER3) entrou hoje (19) com um pedido de recupera\u00e7\u00e3o judicial, uma semana ap\u00f3s a descoberta do rombo bilion\u00e1rio. Confira!\" \/>\n<meta property=\"og:url\" content=\"https:\/\/www.suno.com.br\/noticias\/americanas-amer3-pedido-recuperacao-judicial-2\/\" \/>\n<meta property=\"og:site_name\" content=\"Suno Not\u00edcias\" \/>\n<meta property=\"article:publisher\" content=\"https:\/\/facebook.com\/sunoresearch\" \/>\n<meta property=\"og:image\" content=\"https:\/\/files.sunoresearch.com.br\/n\/uploads\/2023\/01\/Americanas-loja.jpg\" \/>\n\t<meta property=\"og:image:width\" content=\"1400\" \/>\n\t<meta property=\"og:image:height\" content=\"812\" \/>\n\t<meta property=\"og:image:type\" content=\"image\/jpeg\" \/>\n<meta name=\"author\" content=\"Janize Cola\u00e7o\" \/>\n<meta name=\"twitter:card\" content=\"summary_large_image\" \/>\n<meta name=\"twitter:creator\" content=\"@sunoresearch\" \/>\n<meta name=\"twitter:site\" content=\"@sunoresearch\" \/>\n<meta name=\"twitter:label1\" content=\"Escrito por\" \/>\n\t<meta name=\"twitter:data1\" content=\"Janize Cola\u00e7o\" \/>\n\t<meta name=\"twitter:label2\" content=\"Est. tempo de leitura\" \/>\n\t<meta name=\"twitter:data2\" content=\"11 minutos\" \/>\n<script type=\"application\/ld+json\" class=\"yoast-schema-graph\">{\"@context\":\"https:\/\/schema.org\",\"@graph\":[{\"@type\":\"NewsArticle\",\"@id\":\"https:\/\/www.suno.com.br\/noticias\/americanas-amer3-pedido-recuperacao-judicial-2\/#article\",\"isPartOf\":{\"@id\":\"https:\/\/www.suno.com.br\/noticias\/americanas-amer3-pedido-recuperacao-judicial-2\/\"},\"author\":{\"name\":\"Janize Cola\u00e7o\",\"@id\":\"https:\/\/www.suno.com.br\/noticias\/#\/schema\/person\/d689f06da5678e1f0b1ee402f001d676\"},\"headline\":\"Americanas (AMER3) entra com pedido de recupera\u00e7\u00e3o judicial e informa R$ 43 bilh\u00f5es em d\u00edvidas\",\"datePublished\":\"2023-01-19T16:48:14+00:00\",\"dateModified\":\"2023-01-19T20:56:15+00:00\",\"mainEntityOfPage\":{\"@id\":\"https:\/\/www.suno.com.br\/noticias\/americanas-amer3-pedido-recuperacao-judicial-2\/\"},\"wordCount\":1994,\"publisher\":{\"@id\":\"https:\/\/www.suno.com.br\/noticias\/#organization\"},\"image\":{\"@id\":\"https:\/\/www.suno.com.br\/noticias\/americanas-amer3-pedido-recuperacao-judicial-2\/#primaryimage\"},\"thumbnailUrl\":\"https:\/\/files.sunoresearch.com.br\/n\/uploads\/2023\/01\/Americanas-loja.jpg\",\"keywords\":[\"A\u00e7\u00f5es\",\"Americanas (AMER3)\",\"Especialistas\",\"recupera\u00e7\u00e3o judicial\"],\"articleSection\":[\"Neg\u00f3cios\"],\"inLanguage\":\"pt-BR\"},{\"@type\":\"WebPage\",\"@id\":\"https:\/\/www.suno.com.br\/noticias\/americanas-amer3-pedido-recuperacao-judicial-2\/\",\"url\":\"https:\/\/www.suno.com.br\/noticias\/americanas-amer3-pedido-recuperacao-judicial-2\/\",\"name\":\"Americanas (AMER3) formaliza pedido de recupera\u00e7\u00e3o judicial\",\"isPartOf\":{\"@id\":\"https:\/\/www.suno.com.br\/noticias\/#website\"},\"primaryImageOfPage\":{\"@id\":\"https:\/\/www.suno.com.br\/noticias\/americanas-amer3-pedido-recuperacao-judicial-2\/#primaryimage\"},\"image\":{\"@id\":\"https:\/\/www.suno.com.br\/noticias\/americanas-amer3-pedido-recuperacao-judicial-2\/#primaryimage\"},\"thumbnailUrl\":\"https:\/\/files.sunoresearch.com.br\/n\/uploads\/2023\/01\/Americanas-loja.jpg\",\"datePublished\":\"2023-01-19T16:48:14+00:00\",\"dateModified\":\"2023-01-19T20:56:15+00:00\",\"description\":\"A Americanas (AMER3) entrou hoje (19) com um pedido de recupera\u00e7\u00e3o judicial, uma semana ap\u00f3s a descoberta do rombo bilion\u00e1rio. Confira!\",\"breadcrumb\":{\"@id\":\"https:\/\/www.suno.com.br\/noticias\/americanas-amer3-pedido-recuperacao-judicial-2\/#breadcrumb\"},\"inLanguage\":\"pt-BR\",\"potentialAction\":[{\"@type\":\"ReadAction\",\"target\":[\"https:\/\/www.suno.com.br\/noticias\/americanas-amer3-pedido-recuperacao-judicial-2\/\"]}]},{\"@type\":\"ImageObject\",\"inLanguage\":\"pt-BR\",\"@id\":\"https:\/\/www.suno.com.br\/noticias\/americanas-amer3-pedido-recuperacao-judicial-2\/#primaryimage\",\"url\":\"https:\/\/files.sunoresearch.com.br\/n\/uploads\/2023\/01\/Americanas-loja.jpg\",\"contentUrl\":\"https:\/\/files.sunoresearch.com.br\/n\/uploads\/2023\/01\/Americanas-loja.jpg\",\"width\":1400,\"height\":812,\"caption\":\"Americanas (AMER3. Foto: Divulga\u00e7\u00e3o\"},{\"@type\":\"BreadcrumbList\",\"@id\":\"https:\/\/www.suno.com.br\/noticias\/americanas-amer3-pedido-recuperacao-judicial-2\/#breadcrumb\",\"itemListElement\":[{\"@type\":\"ListItem\",\"position\":1,\"name\":\"Not\u00edcias\",\"item\":\"https:\/\/www.suno.com.br\/noticias\/\"},{\"@type\":\"ListItem\",\"position\":2,\"name\":\"Neg\u00f3cios\",\"item\":\"https:\/\/www.suno.com.br\/noticias\/negocios\/\"},{\"@type\":\"ListItem\",\"position\":3,\"name\":\"Americanas (AMER3) entra com pedido de recupera\u00e7\u00e3o judicial e informa R$ 43 bilh\u00f5es em d\u00edvidas\"}]},{\"@type\":\"WebSite\",\"@id\":\"https:\/\/www.suno.com.br\/noticias\/#website\",\"url\":\"https:\/\/www.suno.com.br\/noticias\/\",\"name\":\"Suno Not\u00edcias\",\"description\":\"Seu portal de informa\u00e7\u00e3o sobre o mundo dos investimentos\",\"publisher\":{\"@id\":\"https:\/\/www.suno.com.br\/noticias\/#organization\"},\"potentialAction\":[{\"@type\":\"SearchAction\",\"target\":{\"@type\":\"EntryPoint\",\"urlTemplate\":\"https:\/\/www.suno.com.br\/noticias\/?s={search_term_string}\"},\"query-input\":{\"@type\":\"PropertyValueSpecification\",\"valueRequired\":true,\"valueName\":\"search_term_string\"}}],\"inLanguage\":\"pt-BR\"},{\"@type\":\"Organization\",\"@id\":\"https:\/\/www.suno.com.br\/noticias\/#organization\",\"name\":\"Suno Not\u00edcias\",\"url\":\"https:\/\/www.suno.com.br\/noticias\/\",\"logo\":{\"@type\":\"ImageObject\",\"inLanguage\":\"pt-BR\",\"@id\":\"https:\/\/www.suno.com.br\/noticias\/#\/schema\/logo\/image\/\",\"url\":\"https:\/\/files.sunoresearch.com.br\/n\/uploads\/2021\/09\/suno-logo.png\",\"contentUrl\":\"https:\/\/files.sunoresearch.com.br\/n\/uploads\/2021\/09\/suno-logo.png\",\"width\":180,\"height\":180,\"caption\":\"Suno Not\u00edcias\"},\"image\":{\"@id\":\"https:\/\/www.suno.com.br\/noticias\/#\/schema\/logo\/image\/\"},\"sameAs\":[\"https:\/\/facebook.com\/sunoresearch\",\"https:\/\/x.com\/sunoresearch\",\"https:\/\/www.instagram.com\/suno\",\"https:\/\/www.linkedin.com\/company\/suno-research\/\",\"https:\/\/www.youtube.com\/c\/sunoresearch\"]},{\"@type\":\"Person\",\"@id\":\"https:\/\/www.suno.com.br\/noticias\/#\/schema\/person\/d689f06da5678e1f0b1ee402f001d676\",\"name\":\"Janize Cola\u00e7o\",\"image\":{\"@type\":\"ImageObject\",\"inLanguage\":\"pt-BR\",\"@id\":\"https:\/\/www.suno.com.br\/noticias\/#\/schema\/person\/image\/\",\"url\":\"https:\/\/secure.gravatar.com\/avatar\/32b3bf89abae63ca2cf961bc051522d0?s=96&r=g\",\"contentUrl\":\"https:\/\/secure.gravatar.com\/avatar\/32b3bf89abae63ca2cf961bc051522d0?s=96&r=g\",\"caption\":\"Janize Cola\u00e7o\"},\"description\":\"Jornalista formada pela PUC-SP com passagens pela Record TV, Globo Cond\u00e9 Nast, Revista Panrotas e Editora Via. Hoje, \u00e9 rep\u00f3rter no Suno Not\u00edcias, cobrindo pautas sobre mercado, pol\u00edtica, economia e bolsa de valores.\",\"url\":\"https:\/\/www.suno.com.br\/noticias\/author\/janize-colaco\/\"}]}<\/script>\n<!-- \/ Yoast SEO plugin. -->","yoast_head_json":{"title":"Americanas (AMER3) formaliza pedido de recupera\u00e7\u00e3o judicial","description":"A Americanas (AMER3) entrou hoje (19) com um pedido de recupera\u00e7\u00e3o judicial, uma semana ap\u00f3s a descoberta do rombo bilion\u00e1rio. Confira!","robots":{"index":"index","follow":"follow","max-snippet":"max-snippet:-1","max-image-preview":"max-image-preview:large","max-video-preview":"max-video-preview:-1"},"canonical":"https:\/\/www.suno.com.br\/noticias\/americanas-amer3-pedido-recuperacao-judicial-2\/","og_locale":"pt_BR","og_type":"article","og_title":"Americanas (AMER3) formaliza pedido de recupera\u00e7\u00e3o judicial","og_description":"A Americanas (AMER3) entrou hoje (19) com um pedido de recupera\u00e7\u00e3o judicial, uma semana ap\u00f3s a descoberta do rombo bilion\u00e1rio. Confira!","og_url":"https:\/\/www.suno.com.br\/noticias\/americanas-amer3-pedido-recuperacao-judicial-2\/","og_site_name":"Suno Not\u00edcias","article_publisher":"https:\/\/facebook.com\/sunoresearch","og_image":[{"width":1400,"height":812,"url":"https:\/\/files.sunoresearch.com.br\/n\/uploads\/2023\/01\/Americanas-loja.jpg","type":"image\/jpeg"}],"author":"Janize Cola\u00e7o","twitter_card":"summary_large_image","twitter_creator":"@sunoresearch","twitter_site":"@sunoresearch","twitter_misc":{"Escrito por":"Janize Cola\u00e7o","Est. tempo de leitura":"11 minutos"},"schema":{"@context":"https:\/\/schema.org","@graph":[{"@type":"NewsArticle","@id":"https:\/\/www.suno.com.br\/noticias\/americanas-amer3-pedido-recuperacao-judicial-2\/#article","isPartOf":{"@id":"https:\/\/www.suno.com.br\/noticias\/americanas-amer3-pedido-recuperacao-judicial-2\/"},"author":{"name":"Janize Cola\u00e7o","@id":"https:\/\/www.suno.com.br\/noticias\/#\/schema\/person\/d689f06da5678e1f0b1ee402f001d676"},"headline":"Americanas (AMER3) entra com pedido de recupera\u00e7\u00e3o judicial e informa R$ 43 bilh\u00f5es em d\u00edvidas","datePublished":"2023-01-19T16:48:14+00:00","dateModified":"2023-01-19T20:56:15+00:00","mainEntityOfPage":{"@id":"https:\/\/www.suno.com.br\/noticias\/americanas-amer3-pedido-recuperacao-judicial-2\/"},"wordCount":1994,"publisher":{"@id":"https:\/\/www.suno.com.br\/noticias\/#organization"},"image":{"@id":"https:\/\/www.suno.com.br\/noticias\/americanas-amer3-pedido-recuperacao-judicial-2\/#primaryimage"},"thumbnailUrl":"https:\/\/files.sunoresearch.com.br\/n\/uploads\/2023\/01\/Americanas-loja.jpg","keywords":["A\u00e7\u00f5es","Americanas (AMER3)","Especialistas","recupera\u00e7\u00e3o judicial"],"articleSection":["Neg\u00f3cios"],"inLanguage":"pt-BR"},{"@type":"WebPage","@id":"https:\/\/www.suno.com.br\/noticias\/americanas-amer3-pedido-recuperacao-judicial-2\/","url":"https:\/\/www.suno.com.br\/noticias\/americanas-amer3-pedido-recuperacao-judicial-2\/","name":"Americanas (AMER3) formaliza pedido de recupera\u00e7\u00e3o judicial","isPartOf":{"@id":"https:\/\/www.suno.com.br\/noticias\/#website"},"primaryImageOfPage":{"@id":"https:\/\/www.suno.com.br\/noticias\/americanas-amer3-pedido-recuperacao-judicial-2\/#primaryimage"},"image":{"@id":"https:\/\/www.suno.com.br\/noticias\/americanas-amer3-pedido-recuperacao-judicial-2\/#primaryimage"},"thumbnailUrl":"https:\/\/files.sunoresearch.com.br\/n\/uploads\/2023\/01\/Americanas-loja.jpg","datePublished":"2023-01-19T16:48:14+00:00","dateModified":"2023-01-19T20:56:15+00:00","description":"A Americanas (AMER3) entrou hoje (19) com um pedido de recupera\u00e7\u00e3o judicial, uma semana ap\u00f3s a descoberta do rombo bilion\u00e1rio. Confira!","breadcrumb":{"@id":"https:\/\/www.suno.com.br\/noticias\/americanas-amer3-pedido-recuperacao-judicial-2\/#breadcrumb"},"inLanguage":"pt-BR","potentialAction":[{"@type":"ReadAction","target":["https:\/\/www.suno.com.br\/noticias\/americanas-amer3-pedido-recuperacao-judicial-2\/"]}]},{"@type":"ImageObject","inLanguage":"pt-BR","@id":"https:\/\/www.suno.com.br\/noticias\/americanas-amer3-pedido-recuperacao-judicial-2\/#primaryimage","url":"https:\/\/files.sunoresearch.com.br\/n\/uploads\/2023\/01\/Americanas-loja.jpg","contentUrl":"https:\/\/files.sunoresearch.com.br\/n\/uploads\/2023\/01\/Americanas-loja.jpg","width":1400,"height":812,"caption":"Americanas (AMER3. Foto: Divulga\u00e7\u00e3o"},{"@type":"BreadcrumbList","@id":"https:\/\/www.suno.com.br\/noticias\/americanas-amer3-pedido-recuperacao-judicial-2\/#breadcrumb","itemListElement":[{"@type":"ListItem","position":1,"name":"Not\u00edcias","item":"https:\/\/www.suno.com.br\/noticias\/"},{"@type":"ListItem","position":2,"name":"Neg\u00f3cios","item":"https:\/\/www.suno.com.br\/noticias\/negocios\/"},{"@type":"ListItem","position":3,"name":"Americanas (AMER3) entra com pedido de recupera\u00e7\u00e3o judicial e informa R$ 43 bilh\u00f5es em d\u00edvidas"}]},{"@type":"WebSite","@id":"https:\/\/www.suno.com.br\/noticias\/#website","url":"https:\/\/www.suno.com.br\/noticias\/","name":"Suno Not\u00edcias","description":"Seu portal de informa\u00e7\u00e3o sobre o mundo dos investimentos","publisher":{"@id":"https:\/\/www.suno.com.br\/noticias\/#organization"},"potentialAction":[{"@type":"SearchAction","target":{"@type":"EntryPoint","urlTemplate":"https:\/\/www.suno.com.br\/noticias\/?s={search_term_string}"},"query-input":{"@type":"PropertyValueSpecification","valueRequired":true,"valueName":"search_term_string"}}],"inLanguage":"pt-BR"},{"@type":"Organization","@id":"https:\/\/www.suno.com.br\/noticias\/#organization","name":"Suno Not\u00edcias","url":"https:\/\/www.suno.com.br\/noticias\/","logo":{"@type":"ImageObject","inLanguage":"pt-BR","@id":"https:\/\/www.suno.com.br\/noticias\/#\/schema\/logo\/image\/","url":"https:\/\/files.sunoresearch.com.br\/n\/uploads\/2021\/09\/suno-logo.png","contentUrl":"https:\/\/files.sunoresearch.com.br\/n\/uploads\/2021\/09\/suno-logo.png","width":180,"height":180,"caption":"Suno Not\u00edcias"},"image":{"@id":"https:\/\/www.suno.com.br\/noticias\/#\/schema\/logo\/image\/"},"sameAs":["https:\/\/facebook.com\/sunoresearch","https:\/\/x.com\/sunoresearch","https:\/\/www.instagram.com\/suno","https:\/\/www.linkedin.com\/company\/suno-research\/","https:\/\/www.youtube.com\/c\/sunoresearch"]},{"@type":"Person","@id":"https:\/\/www.suno.com.br\/noticias\/#\/schema\/person\/d689f06da5678e1f0b1ee402f001d676","name":"Janize Cola\u00e7o","image":{"@type":"ImageObject","inLanguage":"pt-BR","@id":"https:\/\/www.suno.com.br\/noticias\/#\/schema\/person\/image\/","url":"https:\/\/secure.gravatar.com\/avatar\/32b3bf89abae63ca2cf961bc051522d0?s=96&r=g","contentUrl":"https:\/\/secure.gravatar.com\/avatar\/32b3bf89abae63ca2cf961bc051522d0?s=96&r=g","caption":"Janize Cola\u00e7o"},"description":"Jornalista formada pela PUC-SP com passagens pela Record TV, Globo Cond\u00e9 Nast, Revista Panrotas e Editora Via. Hoje, \u00e9 rep\u00f3rter no Suno Not\u00edcias, cobrindo pautas sobre mercado, pol\u00edtica, economia e bolsa de valores.","url":"https:\/\/www.suno.com.br\/noticias\/author\/janize-colaco\/"}]}},"default_loop_html":"<div class=\"cardsPage__listCard__boxs\"><div class=\"cardsPage__listCard__boxs__img\"><a href=\"https:\/\/www.suno.com.br\/noticias\/americanas-amer3-pedido-recuperacao-judicial-2\/\"><img class=\"mask\" src=\"https:\/\/www.suno.com.br\/noticias\/wp-content\/themes\/suno\/resources\/images\/spotlight\/spotlight1img\/bg-mask.png\" alt=\"Image Mask\"\/><img src=\"https:\/\/files.sunoresearch.com.br\/n\/uploads\/2023\/01\/Americanas-loja-400x200.jpg\" alt=\"Americanas (AMER3) entra com pedido de recupera\u00e7\u00e3o judicial e informa R$ 43 bilh\u00f5es em d\u00edvidas\"\/><\/a><span class=\"spotlightCategory\"><a href=\"https:\/\/www.suno.com.br\/noticias\/negocios\/\">Neg\u00f3cios<\/a><\/span><\/div><div class=\"cardsPage__listCard__boxs__content\"><a href=\"https:\/\/www.suno.com.br\/noticias\/americanas-amer3-pedido-recuperacao-judicial-2\/\"><h2 class=\"content__title\">Americanas (AMER3) entra com pedido de recupera\u00e7\u00e3o judicial e informa R$ 43 bilh\u00f5es em d\u00edvidas<\/h2><\/a><div class=\"newsContent__article__meta\"><div class=\"newsContent__article__meta__authorBox\"><a href=\"https:\/\/www.suno.com.br\/noticias\/author\/erick-nery\/\" class=\"authorBox__avatar noMobi\"><img src=\"https:\/\/secure.gravatar.com\/avatar\/518ddffe438ccb767782d372a66304d2?s=96&#038;r=g\" alt=\"Erick Matheus Nery\"><\/a><div class=\"authorBox__name\"><span>por\n\t\t\t<a href=\"https:\/\/www.suno.com.br\/noticias\/author\/erick-nery\/\"><span itemprop=\"author\">Erick Matheus Nery<\/span><\/a><\/span><time datetime=\"2023-01-19T13:48:14-03:00\" itemprop=\"datePublished\">19\/01\/2023 13:48<\/time><\/div><\/div><\/div><\/div><\/div>","single_layout":"posts","amp_enabled":true,"_links":{"self":[{"href":"https:\/\/www.suno.com.br\/noticias\/wp-json\/wp\/v2\/posts\/349762"}],"collection":[{"href":"https:\/\/www.suno.com.br\/noticias\/wp-json\/wp\/v2\/posts"}],"about":[{"href":"https:\/\/www.suno.com.br\/noticias\/wp-json\/wp\/v2\/types\/post"}],"author":[{"embeddable":true,"href":"https:\/\/www.suno.com.br\/noticias\/wp-json\/wp\/v2\/users\/233"}],"replies":[{"embeddable":true,"href":"https:\/\/www.suno.com.br\/noticias\/wp-json\/wp\/v2\/comments?post=349762"}],"version-history":[{"count":2,"href":"https:\/\/www.suno.com.br\/noticias\/wp-json\/wp\/v2\/posts\/349762\/revisions"}],"predecessor-version":[{"id":350046,"href":"https:\/\/www.suno.com.br\/noticias\/wp-json\/wp\/v2\/posts\/349762\/revisions\/350046"}],"wp:featuredmedia":[{"embeddable":true,"href":"https:\/\/www.suno.com.br\/noticias\/wp-json\/wp\/v2\/media\/349901"}],"wp:attachment":[{"href":"https:\/\/www.suno.com.br\/noticias\/wp-json\/wp\/v2\/media?parent=349762"}],"wp:term":[{"taxonomy":"category","embeddable":true,"href":"https:\/\/www.suno.com.br\/noticias\/wp-json\/wp\/v2\/categories?post=349762"},{"taxonomy":"post_tag","embeddable":true,"href":"https:\/\/www.suno.com.br\/noticias\/wp-json\/wp\/v2\/tags?post=349762"},{"taxonomy":"suno_strategy","embeddable":true,"href":"https:\/\/www.suno.com.br\/noticias\/wp-json\/wp\/v2\/suno_strategy?post=349762"}],"curies":[{"name":"wp","href":"https:\/\/api.w.org\/{rel}","templated":true}]}}