{"id":349705,"date":"2023-01-19T13:17:10","date_gmt":"2023-01-19T16:17:10","guid":{"rendered":"https:\/\/www.suno.com.br\/noticias\/?p=349705"},"modified":"2023-01-19T13:22:00","modified_gmt":"2023-01-19T16:22:00","slug":"americanas-amer3-bancos-capitalizacao-rs15bi","status":"publish","type":"post","link":"https:\/\/www.suno.com.br\/noticias\/americanas-amer3-bancos-capitalizacao-rs15bi\/","title":{"rendered":"Americanas (AMER3): bancos querem R$ 15 bi em capitaliza\u00e7\u00e3o ap\u00f3s piora nas conversas"},"content":{"rendered":"<p>As conversas da <strong>Americanas (<a href=\"https:\/\/suno.com.br\/acoes\/amer3\/\" target=\"_blank\" rel=\"noreferrer noopener\">AMER3<\/a>)<\/strong> com os bancos azedaram. A varejista est\u00e1 \u00e0 beira de uma <a class=\"suno-keyword\" data-force=\"no\" data-priority=\"2\" href=\"https:\/\/www.suno.com.br\/artigos\/recuperacao-judicial\/\" target=\"_blank\" rel=\"noopener\">recupera\u00e7\u00e3o judicial<\/a>. Nesta quinta (19), as <a class=\"suno-keyword\" data-force=\"no\" data-priority=\"1\" href=\"https:\/\/www.suno.com.br\/artigos\/instituicoes-financeiras\/\" target=\"_blank\" rel=\"noopener\">institui\u00e7\u00f5es financeiras<\/a> defendem que a capitaliza\u00e7\u00e3o m\u00ednima na empresa seja de R$ 15 bilh\u00f5es com a garantia da participa\u00e7\u00e3o dos acionistas de refer\u00eancia <a href=\"https:\/\/www.suno.com.br\/tudo-sobre\/jorge-paulo-lemann\/\" target=\"_blank\" rel=\"noreferrer noopener\">Jorge Paulo Lemann<\/a>, <a href=\"https:\/\/www.suno.com.br\/tudo-sobre\/marcel-herrmann-telles\/\" target=\"_blank\" rel=\"noreferrer noopener\">Marcel Telles<\/a> e <a href=\"https:\/\/www.suno.com.br\/tudo-sobre\/carlos-alberto-sicupira\/\" target=\"_blank\" rel=\"noreferrer noopener\">Carlos Alberto Sicupira<\/a>.<\/p>\t<div class=\"wrapper-featured-image\">\n\t\t<figure class=\"spotlightImg\">\n\n\t\t\t<picture>\n\t\t\t\t<source media=\"(max-width: 768px)\" srcset=\"https:\/\/files.sunoresearch.com.br\/n\/uploads\/2022\/01\/Americanas-Foto-2021-Credito-Divulgacao-400x200.jpg\">\n\t\t\t\t<img loading=\"lazy\" decoding=\"async\" class=\"newsContent__article__imgCapa lazyloadDisabled \" src=\"https:\/\/files.sunoresearch.com.br\/n\/uploads\/2022\/01\/Americanas-Foto-2021-Credito-Divulgacao-800x450.jpg\" width=\"800\" height=\"450\" alt=\"Americanas (AMER3): bancos querem R$ 15 bi em capitaliza\u00e7\u00e3o ap\u00f3s piora nas conversas\" fetchpriority=high \/>\n\t\t\t<\/picture>\n\n\t\t\t<figcaption class=\"wp-caption-text wp-caption-text--show\">Americanas (AMER3). Foto: Divulga\u00e7\u00e3o<\/figcaption>\n\t\t<\/figure>\n\t<\/div>\n\n\n\n\n\n\t<p>\n\t\t<a href=\"\" target=\"_blank\" data-element=\"shortcode-suno-banner\" title=\"Banner SUNO, clique e saiba mais\">\n\t\t\t<picture>\n\t\t\t\t<source media=\"(max-width: 500px)\" srcset=\"\">\n\t\t\t\t<img class=\"newsContent__article__imgCapa newsContent__article__imgCapa--banner\"\n\t\t\t\t\tsrc=\"\"\n\t\t\t\t\tdata-promo-id=\"265277\"\t\t\t\t\t\t\t\t\t\t\t\t\t\t\talt=\"\"\n\t\t\t\t>\n\t\t\t<\/picture>\n\t\t<\/a>\n\t<\/p>\n\n\n\n\n\n<p>De acordo com a apura\u00e7\u00e3o do jornal Valor Econ\u00f4mico, essa <strong>proposta de capitaliza\u00e7\u00e3o<\/strong> tamb\u00e9m teria que englobar uma convers\u00e3o de 20% das d\u00edvidas por a\u00e7\u00f5es, o que transformaria os bancos credores em acionistas relevantes do neg\u00f3cio.<\/p>\n\n\n\n<p>Luiz Muniz, s\u00f3cio do banco <strong>Rotchschild &amp; Co<\/strong>, vem liderando essas conversas, mas os bancos n\u00e3o t\u00eam visto um avan\u00e7o significativo nas negocia\u00e7\u00f5es at\u00e9 o momento.<\/p>\n\n\n\n<p>Segundo um dos envolvidos na opera\u00e7\u00e3o, &#8220;parece que os controladores n\u00e3o entenderam a gravidade da situa\u00e7\u00e3o&#8221; do <strong>rombo cont\u00e1bil na Americanas<\/strong>. <\/p>\n\n\n\t<p>\n\t\t<a href=\"https:\/\/lp.suno.com.br\/planilha-controle-gastos\/\" target=\"_blank\" data-element=\"shortcode-suno-banner\" title=\"Banner SUNO, clique e saiba mais\">\n\t\t\t<picture>\n\t\t\t\t<source media=\"(max-width: 500px)\" srcset=\"https:\/\/files.sunoresearch.com.br\/n\/uploads\/2023\/03\/400x300-Planilha-controle-de-gastos.png\">\n\t\t\t\t<img class=\"newsContent__article__imgCapa newsContent__article__imgCapa--banner\"\n\t\t\t\t\tsrc=\"https:\/\/files.sunoresearch.com.br\/n\/uploads\/2023\/03\/1420x240-Planilha-controle-de-gastos.png\"\n\t\t\t\t\tdata-promo-id=\"101751\"\t\t\t\t\t\t\t\t\t\twidth='1420' height='240'\t\t\t\t\talt=\"https:\/\/files.sunoresearch.com.br\/n\/uploads\/2023\/03\/1420x240-Planilha-controle-de-gastos.png\"\n\t\t\t\t>\n\t\t\t<\/picture>\n\t\t<\/a>\n\t<\/p>\n\n\n\n\n\n<p>Um banqueiro ouvido pelo Valor argumentou que os <strong>R$ 15 bilh\u00f5es<\/strong> seriam o aporte m\u00ednimo para que a varejista siga operando &#8220;sem quebrar&#8221;.<\/p>\n\n\n\n<p>Ontem (18), o\u00a0<a href=\"https:\/\/www.suno.com.br\/acoes\/BPAC11\/\" target=\"_blank\" rel=\"noreferrer noopener\">BTG Pactual (BPAC11)<\/a>\u00a0conseguiu uma decis\u00e3o judicial que bloqueou R$ 1,2 bilh\u00e3o de recursos da varejista que estavam na institui\u00e7\u00e3o. O\u00a0<a href=\"https:\/\/www.suno.com.br\/acoes\/BBDC4\/\" target=\"_blank\" rel=\"noreferrer noopener\">Bradesco (BBDC4)<\/a>\u00a0tamb\u00e9m reteve mais de R$ 450 milh\u00f5es do caixa da companhia.<\/p>\n\n\n\n<p>Na semana passada, o ent\u00e3o CEO Sergio Rial havia dito que a empresa tinha mais de R$ 8 bilh\u00f5es em caixa. Hoje, o comando da varejista revelou que o atual valor desse montante \u00e9 de R$ 800 milh\u00f5es e que uma parcela significativa est\u00e1 indispon\u00edvel para movimenta\u00e7\u00e3o.<\/p>\n\n\n\t<p>\n\t\t<a href=\"https:\/\/lp.suno.com.br\/ebook-como-analisar-uma-acao\/\" target=\"_blank\" data-element=\"shortcode-suno-banner\" title=\"Banner SUNO, clique e saiba mais\">\n\t\t\t<picture>\n\t\t\t\t<source media=\"(max-width: 500px)\" srcset=\"https:\/\/files.sunoresearch.com.br\/n\/uploads\/2023\/03\/Ebook-Acoes-Mobile-1.jpg\">\n\t\t\t\t<img class=\"newsContent__article__imgCapa newsContent__article__imgCapa--banner\"\n\t\t\t\t\tsrc=\"https:\/\/files.sunoresearch.com.br\/n\/uploads\/2023\/03\/Ebook-Acoes-Desktop-1.jpg\"\n\t\t\t\t\tdata-promo-id=\"171998\"\t\t\t\t\t\t\t\t\t\twidth='1420' height='286'\t\t\t\t\talt=\"https:\/\/files.sunoresearch.com.br\/n\/uploads\/2023\/03\/Ebook-Acoes-Desktop-1.jpg\"\n\t\t\t\t>\n\t\t\t<\/picture>\n\t\t<\/a>\n\t<\/p>\n\n\n\n\n\n<h2 class=\"wp-block-heading\" id=\"h-americanas-recuperacao-judicial-as-pressas\">Americanas: Recupera\u00e7\u00e3o judicial \u00e0s pressas<\/h2>\n\n\n\n<p>Com esses bloqueios, a Americanas enviou um comunicado \u00e0 Comiss\u00e3o de Valores Mobili\u00e1rios (CVM) no qual explicou que pode pedir a recupera\u00e7\u00e3o judicial a qualquer momento.<\/p>\n\n\n\n<p>\u201cA administra\u00e7\u00e3o est\u00e1 trabalhando com a possibilidade de nos pr\u00f3ximos dias ou potencialmente nas pr\u00f3ximas horas aprovar o ajuizamento, em car\u00e1ter de urg\u00eancia, de pedido de recupera\u00e7\u00e3o judicial\u201c, disse Jo\u00e3o Guerra, CEO da varejista, no documento.<\/p>\n\n\n\n\t<div data-element=\"shortcode-read-more\" class=\"readToo\">\n\t\t\t\t<span class=\"readToo__title\">Leia mais<\/span>\n\t\t\t\t<ul class=\"readToo__list\">\n\t\t\t<li><a href=\"https:\/\/www.suno.com.br\/noticias\/recuperacao-judicial-americanas-amer3-analise\/\">Americanas (AMER3): Recupera\u00e7\u00e3o judicial vai abrir caixa-preta da varejista; an\u00e1lise<\/a><\/li><li><a href=\"https:\/\/www.suno.com.br\/noticias\/americanas-amer3-btg-ganha-liminar\/\">BTG (BPAC11) consegue bloquear R$ 1,2 bi da Americanas (AMER3); Bradesco (BBDC4) trava R$ 450 mi<\/a><\/li>\t\t<\/ul>\n\t<\/div>\n\n\n\n\n<p>O caso foi revelado na semana e, inicialmente, as<strong> inconsist\u00eancias cont\u00e1beis<\/strong> seriam de R$ 20 bilh\u00f5es. <\/p>\n\n\n\n<p>As a\u00e7\u00f5es da <strong>Americanas<\/strong> s\u00e3o as que mais caem no intradia do Ibovespa hoje, com um recuo de 22,41% por volta das 13h15, segundo o Status Invest. Os pap\u00e9is s\u00e3o negociados por R$ 1,35 e foram leiloados ao longo do dia.<\/p>\n\n\n\t<p>\n\t\t<a href=\"https:\/\/lp.suno.com.br\/planilha-de-controle-de-investimentos\/\" target=\"_blank\" data-element=\"shortcode-suno-banner\" title=\"Banner SUNO, clique e saiba mais\">\n\t\t\t<picture>\n\t\t\t\t<source media=\"(max-width: 500px)\" srcset=\"https:\/\/files.sunoresearch.com.br\/n\/uploads\/2023\/03\/400x300-Controle-de-Investimentos.png\">\n\t\t\t\t<img class=\"newsContent__article__imgCapa newsContent__article__imgCapa--banner\"\n\t\t\t\t\tsrc=\"https:\/\/files.sunoresearch.com.br\/n\/uploads\/2023\/03\/1420x240-Controle-de-Investimentos.png\"\n\t\t\t\t\tdata-promo-id=\"75934\"\t\t\t\t\t\t\t\t\t\twidth='1420' height='240'\t\t\t\t\talt=\"https:\/\/files.sunoresearch.com.br\/n\/uploads\/2023\/03\/1420x240-Controle-de-Investimentos.png\"\n\t\t\t\t>\n\t\t\t<\/picture>\n\t\t<\/a>\n\t<\/p>\n\n\n","protected":false},"excerpt":{"rendered":"<p>As conversas da Americanas (AMER3) com os bancos azedaram. A varejista est\u00e1 \u00e0 beira de uma recupera\u00e7\u00e3o judicial. Nesta quinta (19), as institui\u00e7\u00f5es financeiras defendem que a capitaliza\u00e7\u00e3o m\u00ednima na empresa seja de R$ 15 bilh\u00f5es com a garantia da participa\u00e7\u00e3o dos acionistas de refer\u00eancia Jorge Paulo Lemann, Marcel Telles e Carlos Alberto Sicupira. Americanas [&hellip;]<\/p>\n","protected":false},"author":232,"featured_media":223984,"comment_status":"closed","ping_status":"closed","sticky":false,"template":"","format":"standard","meta":[],"categories":[64],"tags":[286,106605],"suno_strategy":[],"class_list":["post-349705","post","type-post","status-publish","format-standard","has-post-thumbnail","hentry","category-negocios","tag-acoes","tag-americanas-s-a-amer3"],"yoast_head":"<!-- This site is optimized with the Yoast SEO plugin v24.4 - https:\/\/yoast.com\/wordpress\/plugins\/seo\/ -->\n<title>Americanas (AMER3): Bancos querem R$ 15 bi em capitaliza\u00e7\u00e3o; entenda<\/title>\n<meta name=\"description\" content=\"Na beira de uma recupera\u00e7\u00e3o judicial, as conversas da Americanas (AMER3) com os bancos azedaram. Clique e entenda o caso!\" \/>\n<meta name=\"robots\" content=\"index, follow, max-snippet:-1, max-image-preview:large, max-video-preview:-1\" \/>\n<link rel=\"canonical\" href=\"https:\/\/www.suno.com.br\/noticias\/americanas-amer3-bancos-capitalizacao-rs15bi\/\" \/>\n<meta property=\"og:locale\" content=\"pt_BR\" \/>\n<meta property=\"og:type\" content=\"article\" \/>\n<meta property=\"og:title\" content=\"Americanas (AMER3): Bancos querem R$ 15 bi em capitaliza\u00e7\u00e3o; entenda\" \/>\n<meta property=\"og:description\" content=\"Na beira de uma recupera\u00e7\u00e3o judicial, as conversas da Americanas (AMER3) com os bancos azedaram. Clique e entenda o caso!\" \/>\n<meta property=\"og:url\" content=\"https:\/\/www.suno.com.br\/noticias\/americanas-amer3-bancos-capitalizacao-rs15bi\/\" \/>\n<meta property=\"og:site_name\" content=\"Suno Not\u00edcias\" \/>\n<meta property=\"article:publisher\" content=\"https:\/\/facebook.com\/sunoresearch\" \/>\n<meta property=\"og:image\" content=\"https:\/\/files.sunoresearch.com.br\/n\/uploads\/2022\/01\/Americanas-Foto-2021-Credito-Divulgacao-scaled.jpg\" \/>\n\t<meta property=\"og:image:width\" content=\"2560\" \/>\n\t<meta property=\"og:image:height\" content=\"1705\" \/>\n\t<meta property=\"og:image:type\" content=\"image\/jpeg\" \/>\n<meta name=\"author\" content=\"Erick Matheus Nery\" \/>\n<meta name=\"twitter:card\" content=\"summary_large_image\" \/>\n<meta name=\"twitter:creator\" content=\"@sunoresearch\" \/>\n<meta name=\"twitter:site\" content=\"@sunoresearch\" \/>\n<meta name=\"twitter:label1\" content=\"Escrito por\" \/>\n\t<meta name=\"twitter:data1\" content=\"Erick Matheus Nery\" \/>\n\t<meta name=\"twitter:label2\" content=\"Est. tempo de leitura\" \/>\n\t<meta name=\"twitter:data2\" content=\"3 minutos\" \/>\n<script type=\"application\/ld+json\" class=\"yoast-schema-graph\">{\"@context\":\"https:\/\/schema.org\",\"@graph\":[{\"@type\":\"NewsArticle\",\"@id\":\"https:\/\/www.suno.com.br\/noticias\/americanas-amer3-bancos-capitalizacao-rs15bi\/#article\",\"isPartOf\":{\"@id\":\"https:\/\/www.suno.com.br\/noticias\/americanas-amer3-bancos-capitalizacao-rs15bi\/\"},\"author\":{\"name\":\"Erick Matheus Nery\",\"@id\":\"https:\/\/www.suno.com.br\/noticias\/#\/schema\/person\/6899bc3f19d1a7315f807131c2c013a0\"},\"headline\":\"Americanas (AMER3): bancos querem R$ 15 bi em capitaliza\u00e7\u00e3o ap\u00f3s piora nas conversas\",\"datePublished\":\"2023-01-19T16:17:10+00:00\",\"dateModified\":\"2023-01-19T16:22:00+00:00\",\"mainEntityOfPage\":{\"@id\":\"https:\/\/www.suno.com.br\/noticias\/americanas-amer3-bancos-capitalizacao-rs15bi\/\"},\"wordCount\":433,\"publisher\":{\"@id\":\"https:\/\/www.suno.com.br\/noticias\/#organization\"},\"image\":{\"@id\":\"https:\/\/www.suno.com.br\/noticias\/americanas-amer3-bancos-capitalizacao-rs15bi\/#primaryimage\"},\"thumbnailUrl\":\"https:\/\/files.sunoresearch.com.br\/n\/uploads\/2022\/01\/Americanas-Foto-2021-Credito-Divulgacao-scaled.jpg\",\"keywords\":[\"A\u00e7\u00f5es\",\"Americanas (AMER3)\"],\"articleSection\":[\"Neg\u00f3cios\"],\"inLanguage\":\"pt-BR\"},{\"@type\":\"WebPage\",\"@id\":\"https:\/\/www.suno.com.br\/noticias\/americanas-amer3-bancos-capitalizacao-rs15bi\/\",\"url\":\"https:\/\/www.suno.com.br\/noticias\/americanas-amer3-bancos-capitalizacao-rs15bi\/\",\"name\":\"Americanas (AMER3): Bancos querem R$ 15 bi em capitaliza\u00e7\u00e3o; entenda\",\"isPartOf\":{\"@id\":\"https:\/\/www.suno.com.br\/noticias\/#website\"},\"primaryImageOfPage\":{\"@id\":\"https:\/\/www.suno.com.br\/noticias\/americanas-amer3-bancos-capitalizacao-rs15bi\/#primaryimage\"},\"image\":{\"@id\":\"https:\/\/www.suno.com.br\/noticias\/americanas-amer3-bancos-capitalizacao-rs15bi\/#primaryimage\"},\"thumbnailUrl\":\"https:\/\/files.sunoresearch.com.br\/n\/uploads\/2022\/01\/Americanas-Foto-2021-Credito-Divulgacao-scaled.jpg\",\"datePublished\":\"2023-01-19T16:17:10+00:00\",\"dateModified\":\"2023-01-19T16:22:00+00:00\",\"description\":\"Na beira de uma recupera\u00e7\u00e3o judicial, as conversas da Americanas (AMER3) com os bancos azedaram. Clique e entenda o caso!\",\"breadcrumb\":{\"@id\":\"https:\/\/www.suno.com.br\/noticias\/americanas-amer3-bancos-capitalizacao-rs15bi\/#breadcrumb\"},\"inLanguage\":\"pt-BR\",\"potentialAction\":[{\"@type\":\"ReadAction\",\"target\":[\"https:\/\/www.suno.com.br\/noticias\/americanas-amer3-bancos-capitalizacao-rs15bi\/\"]}]},{\"@type\":\"ImageObject\",\"inLanguage\":\"pt-BR\",\"@id\":\"https:\/\/www.suno.com.br\/noticias\/americanas-amer3-bancos-capitalizacao-rs15bi\/#primaryimage\",\"url\":\"https:\/\/files.sunoresearch.com.br\/n\/uploads\/2022\/01\/Americanas-Foto-2021-Credito-Divulgacao-scaled.jpg\",\"contentUrl\":\"https:\/\/files.sunoresearch.com.br\/n\/uploads\/2022\/01\/Americanas-Foto-2021-Credito-Divulgacao-scaled.jpg\",\"width\":2560,\"height\":1705,\"caption\":\"Americanas (AMER3). Foto: Divulga\u00e7\u00e3o\"},{\"@type\":\"BreadcrumbList\",\"@id\":\"https:\/\/www.suno.com.br\/noticias\/americanas-amer3-bancos-capitalizacao-rs15bi\/#breadcrumb\",\"itemListElement\":[{\"@type\":\"ListItem\",\"position\":1,\"name\":\"Not\u00edcias\",\"item\":\"https:\/\/www.suno.com.br\/noticias\/\"},{\"@type\":\"ListItem\",\"position\":2,\"name\":\"Neg\u00f3cios\",\"item\":\"https:\/\/www.suno.com.br\/noticias\/negocios\/\"},{\"@type\":\"ListItem\",\"position\":3,\"name\":\"Americanas (AMER3): bancos querem R$ 15 bi em capitaliza\u00e7\u00e3o ap\u00f3s piora nas conversas\"}]},{\"@type\":\"WebSite\",\"@id\":\"https:\/\/www.suno.com.br\/noticias\/#website\",\"url\":\"https:\/\/www.suno.com.br\/noticias\/\",\"name\":\"Suno Not\u00edcias\",\"description\":\"Seu portal de informa\u00e7\u00e3o sobre o mundo dos investimentos\",\"publisher\":{\"@id\":\"https:\/\/www.suno.com.br\/noticias\/#organization\"},\"potentialAction\":[{\"@type\":\"SearchAction\",\"target\":{\"@type\":\"EntryPoint\",\"urlTemplate\":\"https:\/\/www.suno.com.br\/noticias\/?s={search_term_string}\"},\"query-input\":{\"@type\":\"PropertyValueSpecification\",\"valueRequired\":true,\"valueName\":\"search_term_string\"}}],\"inLanguage\":\"pt-BR\"},{\"@type\":\"Organization\",\"@id\":\"https:\/\/www.suno.com.br\/noticias\/#organization\",\"name\":\"Suno Not\u00edcias\",\"url\":\"https:\/\/www.suno.com.br\/noticias\/\",\"logo\":{\"@type\":\"ImageObject\",\"inLanguage\":\"pt-BR\",\"@id\":\"https:\/\/www.suno.com.br\/noticias\/#\/schema\/logo\/image\/\",\"url\":\"https:\/\/files.sunoresearch.com.br\/n\/uploads\/2021\/09\/suno-logo.png\",\"contentUrl\":\"https:\/\/files.sunoresearch.com.br\/n\/uploads\/2021\/09\/suno-logo.png\",\"width\":180,\"height\":180,\"caption\":\"Suno Not\u00edcias\"},\"image\":{\"@id\":\"https:\/\/www.suno.com.br\/noticias\/#\/schema\/logo\/image\/\"},\"sameAs\":[\"https:\/\/facebook.com\/sunoresearch\",\"https:\/\/x.com\/sunoresearch\",\"https:\/\/www.instagram.com\/suno\",\"https:\/\/www.linkedin.com\/company\/suno-research\/\",\"https:\/\/www.youtube.com\/c\/sunoresearch\"]},{\"@type\":\"Person\",\"@id\":\"https:\/\/www.suno.com.br\/noticias\/#\/schema\/person\/6899bc3f19d1a7315f807131c2c013a0\",\"name\":\"Erick Matheus Nery\",\"image\":{\"@type\":\"ImageObject\",\"inLanguage\":\"pt-BR\",\"@id\":\"https:\/\/www.suno.com.br\/noticias\/#\/schema\/person\/image\/\",\"url\":\"https:\/\/secure.gravatar.com\/avatar\/518ddffe438ccb767782d372a66304d2?s=96&r=g\",\"contentUrl\":\"https:\/\/secure.gravatar.com\/avatar\/518ddffe438ccb767782d372a66304d2?s=96&r=g\",\"caption\":\"Erick Matheus Nery\"},\"description\":\"Formado em Jornalismo pela Universidade Federal do Par\u00e1 (UFPA), conta com extens\u00e3o em Jornalismo Econ\u00f4mico pela Funda\u00e7\u00e3o Get\u00falio Vargas (FGV). No Suno Not\u00edcias, atua como rep\u00f3rter de Mercado, com foco nos setores de telecomunica\u00e7\u00f5es, varejo, alimentos e renda fixa. Conta com passagens pelo jornal O Estado de S\u00e3o Paulo, como trainee de Jornalismo Econ\u00f4mico, e pelo site Not\u00edcias da TV.\",\"url\":\"https:\/\/www.suno.com.br\/noticias\/author\/erick-nery\/\"}]}<\/script>\n<!-- \/ Yoast SEO plugin. -->","yoast_head_json":{"title":"Americanas (AMER3): Bancos querem R$ 15 bi em capitaliza\u00e7\u00e3o; entenda","description":"Na beira de uma recupera\u00e7\u00e3o judicial, as conversas da Americanas (AMER3) com os bancos azedaram. Clique e entenda o caso!","robots":{"index":"index","follow":"follow","max-snippet":"max-snippet:-1","max-image-preview":"max-image-preview:large","max-video-preview":"max-video-preview:-1"},"canonical":"https:\/\/www.suno.com.br\/noticias\/americanas-amer3-bancos-capitalizacao-rs15bi\/","og_locale":"pt_BR","og_type":"article","og_title":"Americanas (AMER3): Bancos querem R$ 15 bi em capitaliza\u00e7\u00e3o; entenda","og_description":"Na beira de uma recupera\u00e7\u00e3o judicial, as conversas da Americanas (AMER3) com os bancos azedaram. Clique e entenda o caso!","og_url":"https:\/\/www.suno.com.br\/noticias\/americanas-amer3-bancos-capitalizacao-rs15bi\/","og_site_name":"Suno Not\u00edcias","article_publisher":"https:\/\/facebook.com\/sunoresearch","og_image":[{"width":2560,"height":1705,"url":"https:\/\/files.sunoresearch.com.br\/n\/uploads\/2022\/01\/Americanas-Foto-2021-Credito-Divulgacao-scaled.jpg","type":"image\/jpeg"}],"author":"Erick Matheus Nery","twitter_card":"summary_large_image","twitter_creator":"@sunoresearch","twitter_site":"@sunoresearch","twitter_misc":{"Escrito por":"Erick Matheus Nery","Est. tempo de leitura":"3 minutos"},"schema":{"@context":"https:\/\/schema.org","@graph":[{"@type":"NewsArticle","@id":"https:\/\/www.suno.com.br\/noticias\/americanas-amer3-bancos-capitalizacao-rs15bi\/#article","isPartOf":{"@id":"https:\/\/www.suno.com.br\/noticias\/americanas-amer3-bancos-capitalizacao-rs15bi\/"},"author":{"name":"Erick Matheus Nery","@id":"https:\/\/www.suno.com.br\/noticias\/#\/schema\/person\/6899bc3f19d1a7315f807131c2c013a0"},"headline":"Americanas (AMER3): bancos querem R$ 15 bi em capitaliza\u00e7\u00e3o ap\u00f3s piora nas conversas","datePublished":"2023-01-19T16:17:10+00:00","dateModified":"2023-01-19T16:22:00+00:00","mainEntityOfPage":{"@id":"https:\/\/www.suno.com.br\/noticias\/americanas-amer3-bancos-capitalizacao-rs15bi\/"},"wordCount":433,"publisher":{"@id":"https:\/\/www.suno.com.br\/noticias\/#organization"},"image":{"@id":"https:\/\/www.suno.com.br\/noticias\/americanas-amer3-bancos-capitalizacao-rs15bi\/#primaryimage"},"thumbnailUrl":"https:\/\/files.sunoresearch.com.br\/n\/uploads\/2022\/01\/Americanas-Foto-2021-Credito-Divulgacao-scaled.jpg","keywords":["A\u00e7\u00f5es","Americanas (AMER3)"],"articleSection":["Neg\u00f3cios"],"inLanguage":"pt-BR"},{"@type":"WebPage","@id":"https:\/\/www.suno.com.br\/noticias\/americanas-amer3-bancos-capitalizacao-rs15bi\/","url":"https:\/\/www.suno.com.br\/noticias\/americanas-amer3-bancos-capitalizacao-rs15bi\/","name":"Americanas (AMER3): Bancos querem R$ 15 bi em capitaliza\u00e7\u00e3o; entenda","isPartOf":{"@id":"https:\/\/www.suno.com.br\/noticias\/#website"},"primaryImageOfPage":{"@id":"https:\/\/www.suno.com.br\/noticias\/americanas-amer3-bancos-capitalizacao-rs15bi\/#primaryimage"},"image":{"@id":"https:\/\/www.suno.com.br\/noticias\/americanas-amer3-bancos-capitalizacao-rs15bi\/#primaryimage"},"thumbnailUrl":"https:\/\/files.sunoresearch.com.br\/n\/uploads\/2022\/01\/Americanas-Foto-2021-Credito-Divulgacao-scaled.jpg","datePublished":"2023-01-19T16:17:10+00:00","dateModified":"2023-01-19T16:22:00+00:00","description":"Na beira de uma recupera\u00e7\u00e3o judicial, as conversas da Americanas (AMER3) com os bancos azedaram. Clique e entenda o caso!","breadcrumb":{"@id":"https:\/\/www.suno.com.br\/noticias\/americanas-amer3-bancos-capitalizacao-rs15bi\/#breadcrumb"},"inLanguage":"pt-BR","potentialAction":[{"@type":"ReadAction","target":["https:\/\/www.suno.com.br\/noticias\/americanas-amer3-bancos-capitalizacao-rs15bi\/"]}]},{"@type":"ImageObject","inLanguage":"pt-BR","@id":"https:\/\/www.suno.com.br\/noticias\/americanas-amer3-bancos-capitalizacao-rs15bi\/#primaryimage","url":"https:\/\/files.sunoresearch.com.br\/n\/uploads\/2022\/01\/Americanas-Foto-2021-Credito-Divulgacao-scaled.jpg","contentUrl":"https:\/\/files.sunoresearch.com.br\/n\/uploads\/2022\/01\/Americanas-Foto-2021-Credito-Divulgacao-scaled.jpg","width":2560,"height":1705,"caption":"Americanas (AMER3). Foto: Divulga\u00e7\u00e3o"},{"@type":"BreadcrumbList","@id":"https:\/\/www.suno.com.br\/noticias\/americanas-amer3-bancos-capitalizacao-rs15bi\/#breadcrumb","itemListElement":[{"@type":"ListItem","position":1,"name":"Not\u00edcias","item":"https:\/\/www.suno.com.br\/noticias\/"},{"@type":"ListItem","position":2,"name":"Neg\u00f3cios","item":"https:\/\/www.suno.com.br\/noticias\/negocios\/"},{"@type":"ListItem","position":3,"name":"Americanas (AMER3): bancos querem R$ 15 bi em capitaliza\u00e7\u00e3o ap\u00f3s piora nas conversas"}]},{"@type":"WebSite","@id":"https:\/\/www.suno.com.br\/noticias\/#website","url":"https:\/\/www.suno.com.br\/noticias\/","name":"Suno Not\u00edcias","description":"Seu portal de informa\u00e7\u00e3o sobre o mundo dos investimentos","publisher":{"@id":"https:\/\/www.suno.com.br\/noticias\/#organization"},"potentialAction":[{"@type":"SearchAction","target":{"@type":"EntryPoint","urlTemplate":"https:\/\/www.suno.com.br\/noticias\/?s={search_term_string}"},"query-input":{"@type":"PropertyValueSpecification","valueRequired":true,"valueName":"search_term_string"}}],"inLanguage":"pt-BR"},{"@type":"Organization","@id":"https:\/\/www.suno.com.br\/noticias\/#organization","name":"Suno Not\u00edcias","url":"https:\/\/www.suno.com.br\/noticias\/","logo":{"@type":"ImageObject","inLanguage":"pt-BR","@id":"https:\/\/www.suno.com.br\/noticias\/#\/schema\/logo\/image\/","url":"https:\/\/files.sunoresearch.com.br\/n\/uploads\/2021\/09\/suno-logo.png","contentUrl":"https:\/\/files.sunoresearch.com.br\/n\/uploads\/2021\/09\/suno-logo.png","width":180,"height":180,"caption":"Suno Not\u00edcias"},"image":{"@id":"https:\/\/www.suno.com.br\/noticias\/#\/schema\/logo\/image\/"},"sameAs":["https:\/\/facebook.com\/sunoresearch","https:\/\/x.com\/sunoresearch","https:\/\/www.instagram.com\/suno","https:\/\/www.linkedin.com\/company\/suno-research\/","https:\/\/www.youtube.com\/c\/sunoresearch"]},{"@type":"Person","@id":"https:\/\/www.suno.com.br\/noticias\/#\/schema\/person\/6899bc3f19d1a7315f807131c2c013a0","name":"Erick Matheus Nery","image":{"@type":"ImageObject","inLanguage":"pt-BR","@id":"https:\/\/www.suno.com.br\/noticias\/#\/schema\/person\/image\/","url":"https:\/\/secure.gravatar.com\/avatar\/518ddffe438ccb767782d372a66304d2?s=96&r=g","contentUrl":"https:\/\/secure.gravatar.com\/avatar\/518ddffe438ccb767782d372a66304d2?s=96&r=g","caption":"Erick Matheus Nery"},"description":"Formado em Jornalismo pela Universidade Federal do Par\u00e1 (UFPA), conta com extens\u00e3o em Jornalismo Econ\u00f4mico pela Funda\u00e7\u00e3o Get\u00falio Vargas (FGV). No Suno Not\u00edcias, atua como rep\u00f3rter de Mercado, com foco nos setores de telecomunica\u00e7\u00f5es, varejo, alimentos e renda fixa. Conta com passagens pelo jornal O Estado de S\u00e3o Paulo, como trainee de Jornalismo Econ\u00f4mico, e pelo site Not\u00edcias da TV.","url":"https:\/\/www.suno.com.br\/noticias\/author\/erick-nery\/"}]}},"default_loop_html":"<div class=\"cardsPage__listCard__boxs\"><div class=\"cardsPage__listCard__boxs__img\"><a href=\"https:\/\/www.suno.com.br\/noticias\/americanas-amer3-bancos-capitalizacao-rs15bi\/\"><img class=\"mask\" src=\"https:\/\/www.suno.com.br\/noticias\/wp-content\/themes\/suno\/resources\/images\/spotlight\/spotlight1img\/bg-mask.png\" alt=\"Image Mask\"\/><img src=\"https:\/\/files.sunoresearch.com.br\/n\/uploads\/2022\/01\/Americanas-Foto-2021-Credito-Divulgacao-400x200.jpg\" alt=\"Americanas (AMER3): bancos querem R$ 15 bi em capitaliza\u00e7\u00e3o ap\u00f3s piora nas conversas\"\/><\/a><span class=\"spotlightCategory\"><a href=\"https:\/\/www.suno.com.br\/noticias\/negocios\/\">Neg\u00f3cios<\/a><\/span><\/div><div class=\"cardsPage__listCard__boxs__content\"><a href=\"https:\/\/www.suno.com.br\/noticias\/americanas-amer3-bancos-capitalizacao-rs15bi\/\"><h2 class=\"content__title\">Americanas (AMER3): bancos querem R$ 15 bi em capitaliza\u00e7\u00e3o ap\u00f3s piora nas conversas<\/h2><\/a><div class=\"newsContent__article__meta\"><div class=\"newsContent__article__meta__authorBox\"><a href=\"https:\/\/www.suno.com.br\/noticias\/author\/erick-nery\/\" class=\"authorBox__avatar noMobi\"><img src=\"https:\/\/secure.gravatar.com\/avatar\/518ddffe438ccb767782d372a66304d2?s=96&#038;r=g\" alt=\"Erick Matheus Nery\"><\/a><div class=\"authorBox__name\"><span>por\n\t\t\t<a href=\"https:\/\/www.suno.com.br\/noticias\/author\/erick-nery\/\"><span itemprop=\"author\">Erick Matheus Nery<\/span><\/a><\/span><time datetime=\"2023-01-19T13:17:10-03:00\" itemprop=\"datePublished\">19\/01\/2023 13:17<\/time><\/div><\/div><\/div><\/div><\/div>","single_layout":"posts","amp_enabled":true,"_links":{"self":[{"href":"https:\/\/www.suno.com.br\/noticias\/wp-json\/wp\/v2\/posts\/349705"}],"collection":[{"href":"https:\/\/www.suno.com.br\/noticias\/wp-json\/wp\/v2\/posts"}],"about":[{"href":"https:\/\/www.suno.com.br\/noticias\/wp-json\/wp\/v2\/types\/post"}],"author":[{"embeddable":true,"href":"https:\/\/www.suno.com.br\/noticias\/wp-json\/wp\/v2\/users\/232"}],"replies":[{"embeddable":true,"href":"https:\/\/www.suno.com.br\/noticias\/wp-json\/wp\/v2\/comments?post=349705"}],"version-history":[{"count":3,"href":"https:\/\/www.suno.com.br\/noticias\/wp-json\/wp\/v2\/posts\/349705\/revisions"}],"predecessor-version":[{"id":349753,"href":"https:\/\/www.suno.com.br\/noticias\/wp-json\/wp\/v2\/posts\/349705\/revisions\/349753"}],"wp:featuredmedia":[{"embeddable":true,"href":"https:\/\/www.suno.com.br\/noticias\/wp-json\/wp\/v2\/media\/223984"}],"wp:attachment":[{"href":"https:\/\/www.suno.com.br\/noticias\/wp-json\/wp\/v2\/media?parent=349705"}],"wp:term":[{"taxonomy":"category","embeddable":true,"href":"https:\/\/www.suno.com.br\/noticias\/wp-json\/wp\/v2\/categories?post=349705"},{"taxonomy":"post_tag","embeddable":true,"href":"https:\/\/www.suno.com.br\/noticias\/wp-json\/wp\/v2\/tags?post=349705"},{"taxonomy":"suno_strategy","embeddable":true,"href":"https:\/\/www.suno.com.br\/noticias\/wp-json\/wp\/v2\/suno_strategy?post=349705"}],"curies":[{"name":"wp","href":"https:\/\/api.w.org\/{rel}","templated":true}]}}