{"id":349669,"date":"2023-01-19T10:53:05","date_gmt":"2023-01-19T13:53:05","guid":{"rendered":"https:\/\/www.suno.com.br\/noticias\/?p=349669"},"modified":"2023-01-19T11:13:32","modified_gmt":"2023-01-19T14:13:32","slug":"taxa-de-desemprego-pnad-ibge-2","status":"publish","type":"post","link":"https:\/\/www.suno.com.br\/noticias\/taxa-de-desemprego-pnad-ibge-2\/","title":{"rendered":"Desemprego cai para para 8,1%, menor patamar desde 2015"},"content":{"rendered":"<p>A <a href=\"https:\/\/www.suno.com.br\/noticias\/taxa-de-desemprego-pnad-ibge-2\/\" target=\"_blank\" rel=\"noreferrer noopener\">taxa de <strong>desemprego<\/strong><\/a><strong> <\/strong>no Brasil caiu para 8,1% no trimestre encerrado em novembro de 2022, conforme dados divulgados na manh\u00e3 desta quinta-feira (19) pelo <a class=\"suno-keyword\" data-force=\"no\" data-priority=\"3\" href=\"https:\/\/www.suno.com.br\/artigos\/ibge\/\" target=\"_blank\" rel=\"noopener\">Instituto Brasileiro de Geografia e Estat\u00edstica (IBGE)<\/a>. O desemprego, assim, atinge 8,7 milh\u00f5es.<\/p><div class=\"videoFull \">\n\t\t\t<div class=\"videoWrapper yt-lazyload center\"\n\t\t\t\tdata-width=\"960\"\n\t\t\t\tdata-height=\"540\"\n\t\t\t\tdata-id=\"H6EycyPQFxA\"\n\t\t\t\tdata-alt=\"V\u00eddeo do YouTube - clique para reproduzir\"\n\t\t\t\tdata-logo=\"3\"\n\t\t\t\tdata-imagequality=\"maxres\">\n\t\t\t<\/div>\n\t\t<\/div><script type=\"application\/ld+json\">{\"@context\":\"https:\/\/schema.org\",\"@type\":\"VideoObject\",\"name\":\"BTG (BPAC11) bloqueia R$ 1,2 bi da Americanas (AMER3) | Vale a pena investir em BBAS3?\",\"description\":\"\ud83d\udcd8 [\ud835\udfed\ud835\udfec\ud835\udfed \ud835\udde3\ud835\uddf2\ud835\uddff\ud835\uddf4\ud835\ude02\ud835\uddfb\ud835\ude01\ud835\uddee\ud835\ude00 \ud835\uddf2 \ud835\udde5\ud835\uddf2\ud835\ude00\ud835\uddfd\ud835\uddfc\ud835\ude00\ud835\ude01\ud835\uddee\ud835\ude00 \ud835\ude00\ud835\uddfc\ud835\uddef\ud835\uddff\ud835\uddf2 \ud835\uddd9\ud835\ude02\ud835\uddfb\ud835\uddf1\ud835\uddfc\ud835\ude00 \ud835\udddc\ud835\uddfa\ud835\uddfc\ud835\uddef\ud835\uddf6\ud835\uddf9\ud835\uddf6\u00e1\ud835\uddff\ud835\uddf6\ud835\uddfc\ud835\ude00] \ud835\uddd6\ud835\uddfc\ud835\uddfa\ud835\uddf2\ud835\uddf0\ud835\uddf2 \ud835\uddfc \ud835\uddee\ud835\uddfb\ud835\uddfc \ud835\uddf3\ud835\uddee\ud835\ude07\ud835\uddf2\ud835\uddfb\ud835\uddf1\ud835\uddfc \ud835\udde5\ud835\uddf2\ud835\uddfb\ud835\uddf1\ud835\uddee \ud835\uddd8\ud835\ude05\ud835\ude01\ud835\uddff\ud835\uddee \ud835\uddf0\ud835\uddfc\ud835\uddfa \ud835\uddfc \ud835\uddfd\ud835\uddff\u00f3\ud835\ude05\ud835\uddf6\ud835\uddfa\ud835\uddfc \ud835\uddfd\ud835\uddee\ud835\ude00\ud835\ude00\ud835\uddfc \ud835\uddf1\ud835\uddfc \ud835\uddd7\ud835\uddf2\ud835\ude00\ud835\uddee\ud835\uddf3\ud835\uddf6\ud835\uddfc! \ud83d\udc47 https:\/\/lp.suno.com.br\/cl\/desafio-da-renda-extra-2023-distribuicao\/?utm_source=youtube.noticias&utm_medium=live&utm_campaign=RS.DRE23.ns.20230118&utm_content=ytnoticias.morning.19012023 \ud83d\udd0e \ud83d\udcca[\ud835\uddf2\ud835\uddd5\ud835\uddfc\ud835\uddfc\ud835\uddf8 \ud835\uddda\ud835\udde5\ud835\uddd4\ud835\udde7\ud835\udde8\ud835\udddc\ud835\udde7\ud835\udde2] \ud835\uddd4\ud835\uddfd\ud835\uddff\ud835\uddf2\ud835\uddfb\ud835\uddf1\ud835\uddee \ud835\uddf0\ud835\uddfc\ud835\uddfa\ud835\uddfc \ud835\uddee\ud835\uddfb\ud835\uddee\ud835\uddf9\ud835\uddf6\ud835\ude00\ud835\uddee\ud835\uddff \ud835\ude02\ud835\uddfa\ud835\uddee \ud835\uddee\u00e7\u00e3\ud835\uddfc\u200b \ud83d\udc47 https:\/\/lp.suno.com.br\/ebook-como-analisar-uma-acao\/?utm_source=youtube.noticias&utm_medium=live&utm_campaign=ebookcomoanalisarumaacao.20230116&utm_content=ytnoticias.morning.17012023 \ud83d\udea8\ud83d\udcb8\ud835\udc01\ud835\udc1a\ud835\udc22\ud835\udc31\ud835\udc1e \ud835\udc28 \ud835\udc20\ud835\udc2e\ud835\udc22\ud835\udc1a \"\ud835\udc02\ud835\udc28\ud835\udc26\ud835\udc28 \ud835\udc22\ud835\udc27\ud835\udc2f\ud835\udc1e\ud835\udc2c\ud835\udc2d\ud835\udc22\ud835\udc2b \ud835\udc1e\ud835\udc26 \ud835\udfd0\ud835\udfce\ud835\udfd0\ud835\udfd1\" \ud835\udc27\ud835\udc28 \ud835\udc25\ud835\udc22\ud835\udc27\ud835\udc24 \ud83d\udc47 https:\/\/lp.suno.com.br\/cl\/sr-guia-como-investir-em-2023\/?utm_source=youtube.noticias&utm_medium=live&utm_campaign=N\/A.ns.20230109&utm_content=ytnoticias.morning.13012023 #morningcall #Not\u00edcias #amer3 #americanas #investimentos #bolsadevalores #mercadofinanceiro #lula #salariominimo #haddad #nubank #vale3\u2026\",\"duration\":\"PT53M25S\",\"embedUrl\":\"https:\/\/www.youtube.com\/embed\/H6EycyPQFxA\",\"regionsAllowed\":\"pt-BR\",\"interactionStatistic\":{\"@type\":\"InteractionCounter\",\"interactionType\":{\"@type\":\"WatchAction\"},\"userInteractionCount\":3148},\"thumbnailUrl\":\"https:\/\/i.ytimg.com\/vi\/H6EycyPQFxA\/default.jpg\",\"uploadDate\":\"2023-01-19T13:01:30Z\"}<\/script>\n\n\n\n\n\t<p>\n\t\t<a href=\"\" target=\"_blank\" data-element=\"shortcode-suno-banner\" title=\"Banner SUNO, clique e saiba mais\">\n\t\t\t<picture>\n\t\t\t\t<source media=\"(max-width: 500px)\" srcset=\"\">\n\t\t\t\t<img class=\"newsContent__article__imgCapa newsContent__article__imgCapa--banner\"\n\t\t\t\t\tsrc=\"\"\n\t\t\t\t\tdata-promo-id=\"240038\"\t\t\t\t\t\t\t\t\t\t\t\t\t\t\talt=\"\"\n\t\t\t\t>\n\t\t\t<\/picture>\n\t\t<\/a>\n\t<\/p>\n\n\n\n\n\n<p>Assim, os dados da <a href=\"https:\/\/www.suno.com.br\/noticias\/desemprego-cai-mas-atinge-129-milhoes-aponta-pnad\/\" target=\"_blank\" rel=\"noreferrer noopener\">Pnad Cont\u00ednua (Pesquisa Nacional por Amostra de Domic\u00edlios Cont\u00ednua)<\/a> mostram a menor <strong>taxa de desemprego<\/strong> para o trimestre desde em quest\u00e3o desde 2014, quando eram 6,6% de desempregados.<\/p>\n\n\n\n<p>J\u00e1 para trimestres em geral, \u00e9 a menor taxa desde uma janela de tr\u00eas meses encerrada em fevereiro de 2015, quando o instituto registrou 8,1% de desocupa\u00e7\u00e3o.<\/p>\n\n\n\n<p>Os n\u00fameros mais recentes vieram dentro do consenso das estimativas de mercado, j\u00e1 que os analistas consultados pela Ag\u00eancia Bloomberg j\u00e1 projetavam 8,1% de desemprego.<\/p>\n\n\n\n<h2 class=\"wp-block-heading\">Popula\u00e7\u00e3o ocupada beira 100 milh\u00f5es<\/h2>\n\n\n\n<p>Segundo o levantamento do IBGE, o volume da popula\u00e7\u00e3o ocupada \u00e9 de 99,7 milh\u00f5es no trimestre findo em novembro, sendo o recorde para a s\u00e9rie hist\u00f3rica iniciada em 2012.<\/p>\n\n\n\t<p>\n\t\t<a href=\"https:\/\/lp.suno.com.br\/planilha-controle-gastos\/\" target=\"_blank\" data-element=\"shortcode-suno-banner\" title=\"Banner SUNO, clique e saiba mais\">\n\t\t\t<picture>\n\t\t\t\t<source media=\"(max-width: 500px)\" srcset=\"https:\/\/files.sunoresearch.com.br\/n\/uploads\/2023\/03\/400x300-Planilha-controle-de-gastos.png\">\n\t\t\t\t<img class=\"newsContent__article__imgCapa newsContent__article__imgCapa--banner\"\n\t\t\t\t\tsrc=\"https:\/\/files.sunoresearch.com.br\/n\/uploads\/2023\/03\/1420x240-Planilha-controle-de-gastos.png\"\n\t\t\t\t\tdata-promo-id=\"101751\"\t\t\t\t\t\t\t\t\t\twidth='1420' height='240'\t\t\t\t\talt=\"https:\/\/files.sunoresearch.com.br\/n\/uploads\/2023\/03\/1420x240-Planilha-controle-de-gastos.png\"\n\t\t\t\t>\n\t\t\t<\/picture>\n\t\t<\/a>\n\t<\/p>\n\n\n\n\n\n<p>&#8220;Embora o aumento da <strong>popula\u00e7\u00e3o ocupada<\/strong> venha ocorrendo em um ritmo menor do que o verificado nos trimestres anteriores, ele \u00e9 significativo e contribui para a queda na desocupa\u00e7\u00e3o&#8221;, afirma Adriana Beringuy, coordenadora da pesquisa do IBGE.<\/p>\n\n\n\n<p>Al\u00e9m disso, a <strong>renda <\/strong>m\u00e9dia foi de R$ 2.787, representando um aumento de 3% em rela\u00e7\u00e3o ao trimestre anterior, findo em agosto.<\/p>\n\n\n\n<h2 class=\"wp-block-heading\" id=\"h-quem-esta-no-desemprego-para-a-pnad\">Quem est\u00e1 &#8216;no desemprego&#8217; para a Pnad<\/h2>\n\n\n\n<p>Vale lembrar que a metodologia da Pnad considera que a <strong>popula\u00e7\u00e3o desempregada<\/strong> \u00e9 formada por pessoas com 14 anos ou mais que est\u00e3o sem trabalho e procuram novas vagas.<\/p>\n\n\n\n<p>Ou seja, quem n\u00e3o tem emprego e n\u00e3o est\u00e1 buscando oportunidades n\u00e3o entra na estat\u00edstica da Pnad sobre o desemprego. Al\u00e9m disso, a <strong>pesquisa do IBGE<\/strong> tamb\u00e9m leva em considera\u00e7\u00e3o trabalhos informais.<\/p>\n\n\n\n<p>Ou seja, a pesquisa referente \u00e0 <strong>taxa de desemprego<\/strong> do IBGE leva em considera como empregados os que possuem trabalhos sem carteira assinada e\/ou s\u00e3o pessoas jur\u00eddicas.<\/p>\n\n\n\t<p>\n\t\t<a href=\"https:\/\/lp.suno.com.br\/planilha-da-vida-financeira\/\" target=\"_blank\" data-element=\"shortcode-suno-banner\" title=\"Banner SUNO, clique e saiba mais\">\n\t\t\t<picture>\n\t\t\t\t<source media=\"(max-width: 500px)\" srcset=\"https:\/\/files.sunoresearch.com.br\/n\/uploads\/2023\/04\/400x300-Planilha-vida-financeira-true.png\">\n\t\t\t\t<img class=\"newsContent__article__imgCapa newsContent__article__imgCapa--banner\"\n\t\t\t\t\tsrc=\"https:\/\/files.sunoresearch.com.br\/n\/uploads\/2023\/04\/1420x240-Planilha-vida-financeira-true.png\"\n\t\t\t\t\tdata-promo-id=\"106682\"\t\t\t\t\t\t\t\t\t\twidth='1420' height='240'\t\t\t\t\talt=\"https:\/\/files.sunoresearch.com.br\/n\/uploads\/2023\/04\/1420x240-Planilha-vida-financeira-true.png\"\n\t\t\t\t>\n\t\t\t<\/picture>\n\t\t<\/a>\n\t<\/p>\n\n\n","protected":false},"excerpt":{"rendered":"<p>A taxa de desemprego no Brasil caiu para 8,1% no trimestre encerrado em novembro de 2022, conforme dados divulgados na manh\u00e3 desta quinta-feira (19) pelo Instituto Brasileiro de Geografia e Estat\u00edstica (IBGE). O desemprego, assim, atinge 8,7 milh\u00f5es. Assim, os dados da Pnad Cont\u00ednua (Pesquisa Nacional por Amostra de Domic\u00edlios Cont\u00ednua) mostram a menor taxa [&hellip;]<\/p>\n","protected":false},"author":73,"featured_media":162550,"comment_status":"closed","ping_status":"closed","sticky":false,"template":"","format":"standard","meta":[],"categories":[64],"tags":[105816,1191],"suno_strategy":[],"class_list":["post-349669","post","type-post","status-publish","format-standard","has-post-thumbnail","hentry","category-negocios","tag-especialistas","tag-pnad"],"yoast_head":"<!-- This site is optimized with the Yoast SEO plugin v24.4 - https:\/\/yoast.com\/wordpress\/plugins\/seo\/ -->\n<title>Desemprego cai para para 8,1%, menor patamar desde 2015<\/title>\n<meta name=\"description\" content=\"Dados da Pnad do IBGE mostram queda na taxa de desemprego durante o trimestre que terminou em novembro de 2022. Clique e confira!\" \/>\n<meta name=\"robots\" content=\"index, follow, max-snippet:-1, max-image-preview:large, max-video-preview:-1\" \/>\n<link rel=\"canonical\" href=\"https:\/\/www.suno.com.br\/noticias\/taxa-de-desemprego-pnad-ibge-2\/\" \/>\n<meta property=\"og:locale\" content=\"pt_BR\" \/>\n<meta property=\"og:type\" content=\"article\" \/>\n<meta property=\"og:title\" content=\"Desemprego cai para para 8,1%, menor patamar desde 2015\" \/>\n<meta property=\"og:description\" content=\"Dados da Pnad do IBGE mostram queda na taxa de desemprego durante o trimestre que terminou em novembro de 2022. Clique e confira!\" \/>\n<meta property=\"og:url\" content=\"https:\/\/www.suno.com.br\/noticias\/taxa-de-desemprego-pnad-ibge-2\/\" \/>\n<meta property=\"og:site_name\" content=\"Suno Not\u00edcias\" \/>\n<meta property=\"article:publisher\" content=\"https:\/\/facebook.com\/sunoresearch\" \/>\n<meta property=\"og:image\" content=\"https:\/\/files.sunoresearch.com.br\/n\/uploads\/2021\/06\/9b452e1d-carteira-de-trabalho-digital_mcamgo_abr_240620211818-3-scaled.jpg\" \/>\n\t<meta property=\"og:image:width\" content=\"2560\" \/>\n\t<meta property=\"og:image:height\" content=\"1707\" \/>\n\t<meta property=\"og:image:type\" content=\"image\/jpeg\" \/>\n<meta name=\"author\" content=\"Eduardo Vargas\" \/>\n<meta name=\"twitter:card\" content=\"summary_large_image\" \/>\n<meta name=\"twitter:creator\" content=\"@sunoresearch\" \/>\n<meta name=\"twitter:site\" content=\"@sunoresearch\" \/>\n<meta name=\"twitter:label1\" content=\"Escrito por\" \/>\n\t<meta name=\"twitter:data1\" content=\"Eduardo Vargas\" \/>\n\t<meta name=\"twitter:label2\" content=\"Est. tempo de leitura\" \/>\n\t<meta name=\"twitter:data2\" content=\"2 minutos\" \/>\n<script type=\"application\/ld+json\" class=\"yoast-schema-graph\">{\"@context\":\"https:\/\/schema.org\",\"@graph\":[{\"@type\":\"NewsArticle\",\"@id\":\"https:\/\/www.suno.com.br\/noticias\/taxa-de-desemprego-pnad-ibge-2\/#article\",\"isPartOf\":{\"@id\":\"https:\/\/www.suno.com.br\/noticias\/taxa-de-desemprego-pnad-ibge-2\/\"},\"author\":{\"name\":\"Eduardo Vargas\",\"@id\":\"https:\/\/www.suno.com.br\/noticias\/#\/schema\/person\/7f4d362bf3518e76090143ae77bb49a5\"},\"headline\":\"Desemprego cai para para 8,1%, menor patamar desde 2015\",\"datePublished\":\"2023-01-19T13:53:05+00:00\",\"dateModified\":\"2023-01-19T14:13:32+00:00\",\"mainEntityOfPage\":{\"@id\":\"https:\/\/www.suno.com.br\/noticias\/taxa-de-desemprego-pnad-ibge-2\/\"},\"wordCount\":339,\"publisher\":{\"@id\":\"https:\/\/www.suno.com.br\/noticias\/#organization\"},\"image\":{\"@id\":\"https:\/\/www.suno.com.br\/noticias\/taxa-de-desemprego-pnad-ibge-2\/#primaryimage\"},\"thumbnailUrl\":\"https:\/\/files.sunoresearch.com.br\/n\/uploads\/2021\/06\/9b452e1d-carteira-de-trabalho-digital_mcamgo_abr_240620211818-3-scaled.jpg\",\"keywords\":[\"Especialistas\",\"PNAD\"],\"articleSection\":[\"Neg\u00f3cios\"],\"inLanguage\":\"pt-BR\"},{\"@type\":\"WebPage\",\"@id\":\"https:\/\/www.suno.com.br\/noticias\/taxa-de-desemprego-pnad-ibge-2\/\",\"url\":\"https:\/\/www.suno.com.br\/noticias\/taxa-de-desemprego-pnad-ibge-2\/\",\"name\":\"Desemprego cai para para 8,1%, menor patamar desde 2015\",\"isPartOf\":{\"@id\":\"https:\/\/www.suno.com.br\/noticias\/#website\"},\"primaryImageOfPage\":{\"@id\":\"https:\/\/www.suno.com.br\/noticias\/taxa-de-desemprego-pnad-ibge-2\/#primaryimage\"},\"image\":{\"@id\":\"https:\/\/www.suno.com.br\/noticias\/taxa-de-desemprego-pnad-ibge-2\/#primaryimage\"},\"thumbnailUrl\":\"https:\/\/files.sunoresearch.com.br\/n\/uploads\/2021\/06\/9b452e1d-carteira-de-trabalho-digital_mcamgo_abr_240620211818-3-scaled.jpg\",\"datePublished\":\"2023-01-19T13:53:05+00:00\",\"dateModified\":\"2023-01-19T14:13:32+00:00\",\"description\":\"Dados da Pnad do IBGE mostram queda na taxa de desemprego durante o trimestre que terminou em novembro de 2022. Clique e confira!\",\"breadcrumb\":{\"@id\":\"https:\/\/www.suno.com.br\/noticias\/taxa-de-desemprego-pnad-ibge-2\/#breadcrumb\"},\"inLanguage\":\"pt-BR\",\"potentialAction\":[{\"@type\":\"ReadAction\",\"target\":[\"https:\/\/www.suno.com.br\/noticias\/taxa-de-desemprego-pnad-ibge-2\/\"]}]},{\"@type\":\"ImageObject\",\"inLanguage\":\"pt-BR\",\"@id\":\"https:\/\/www.suno.com.br\/noticias\/taxa-de-desemprego-pnad-ibge-2\/#primaryimage\",\"url\":\"https:\/\/files.sunoresearch.com.br\/n\/uploads\/2021\/06\/9b452e1d-carteira-de-trabalho-digital_mcamgo_abr_240620211818-3-scaled.jpg\",\"contentUrl\":\"https:\/\/files.sunoresearch.com.br\/n\/uploads\/2021\/06\/9b452e1d-carteira-de-trabalho-digital_mcamgo_abr_240620211818-3-scaled.jpg\",\"width\":2560,\"height\":1707,\"caption\":\"Carteira de trabalho. Foto: Marcelo Camargo\/Ag\u00eancia Brasil\"},{\"@type\":\"BreadcrumbList\",\"@id\":\"https:\/\/www.suno.com.br\/noticias\/taxa-de-desemprego-pnad-ibge-2\/#breadcrumb\",\"itemListElement\":[{\"@type\":\"ListItem\",\"position\":1,\"name\":\"Not\u00edcias\",\"item\":\"https:\/\/www.suno.com.br\/noticias\/\"},{\"@type\":\"ListItem\",\"position\":2,\"name\":\"Neg\u00f3cios\",\"item\":\"https:\/\/www.suno.com.br\/noticias\/negocios\/\"},{\"@type\":\"ListItem\",\"position\":3,\"name\":\"Desemprego cai para para 8,1%, menor patamar desde 2015\"}]},{\"@type\":\"WebSite\",\"@id\":\"https:\/\/www.suno.com.br\/noticias\/#website\",\"url\":\"https:\/\/www.suno.com.br\/noticias\/\",\"name\":\"Suno Not\u00edcias\",\"description\":\"Seu portal de informa\u00e7\u00e3o sobre o mundo dos investimentos\",\"publisher\":{\"@id\":\"https:\/\/www.suno.com.br\/noticias\/#organization\"},\"potentialAction\":[{\"@type\":\"SearchAction\",\"target\":{\"@type\":\"EntryPoint\",\"urlTemplate\":\"https:\/\/www.suno.com.br\/noticias\/?s={search_term_string}\"},\"query-input\":{\"@type\":\"PropertyValueSpecification\",\"valueRequired\":true,\"valueName\":\"search_term_string\"}}],\"inLanguage\":\"pt-BR\"},{\"@type\":\"Organization\",\"@id\":\"https:\/\/www.suno.com.br\/noticias\/#organization\",\"name\":\"Suno Not\u00edcias\",\"url\":\"https:\/\/www.suno.com.br\/noticias\/\",\"logo\":{\"@type\":\"ImageObject\",\"inLanguage\":\"pt-BR\",\"@id\":\"https:\/\/www.suno.com.br\/noticias\/#\/schema\/logo\/image\/\",\"url\":\"https:\/\/files.sunoresearch.com.br\/n\/uploads\/2021\/09\/suno-logo.png\",\"contentUrl\":\"https:\/\/files.sunoresearch.com.br\/n\/uploads\/2021\/09\/suno-logo.png\",\"width\":180,\"height\":180,\"caption\":\"Suno Not\u00edcias\"},\"image\":{\"@id\":\"https:\/\/www.suno.com.br\/noticias\/#\/schema\/logo\/image\/\"},\"sameAs\":[\"https:\/\/facebook.com\/sunoresearch\",\"https:\/\/x.com\/sunoresearch\",\"https:\/\/www.instagram.com\/suno\",\"https:\/\/www.linkedin.com\/company\/suno-research\/\",\"https:\/\/www.youtube.com\/c\/sunoresearch\"]},{\"@type\":\"Person\",\"@id\":\"https:\/\/www.suno.com.br\/noticias\/#\/schema\/person\/7f4d362bf3518e76090143ae77bb49a5\",\"name\":\"Eduardo Vargas\",\"image\":{\"@type\":\"ImageObject\",\"inLanguage\":\"pt-BR\",\"@id\":\"https:\/\/www.suno.com.br\/noticias\/#\/schema\/person\/image\/\",\"url\":\"https:\/\/secure.gravatar.com\/avatar\/dac340933427a22924c9f99d1eb2e3f2?s=96&r=g\",\"contentUrl\":\"https:\/\/secure.gravatar.com\/avatar\/dac340933427a22924c9f99d1eb2e3f2?s=96&r=g\",\"caption\":\"Eduardo Vargas\"},\"description\":\"Jornalista formado pela UFSC, cobre macroeconomia, neg\u00f3cios e startups para o Suno Not\u00edcias, escrevendo principalmente not\u00edcias sobre o mercado financeiro e a bolsa de valores. No YouTube e no Instagram, \u00e9 respons\u00e1vel pela produ\u00e7\u00e3o de Reels e Shorts do Suno Not\u00edcias. Anteriormente, trabalhou cobrindo economia e cotidiano no ND+ e para o ND, maior jornal impresso de Santa Catarina. Cursou um semestre letivo de Estudos de M\u00eddia na Universidad de Buenos Aires.\",\"url\":\"https:\/\/www.suno.com.br\/noticias\/author\/eduardo-vargas\/\"}]}<\/script>\n<!-- \/ Yoast SEO plugin. -->","yoast_head_json":{"title":"Desemprego cai para para 8,1%, menor patamar desde 2015","description":"Dados da Pnad do IBGE mostram queda na taxa de desemprego durante o trimestre que terminou em novembro de 2022. Clique e confira!","robots":{"index":"index","follow":"follow","max-snippet":"max-snippet:-1","max-image-preview":"max-image-preview:large","max-video-preview":"max-video-preview:-1"},"canonical":"https:\/\/www.suno.com.br\/noticias\/taxa-de-desemprego-pnad-ibge-2\/","og_locale":"pt_BR","og_type":"article","og_title":"Desemprego cai para para 8,1%, menor patamar desde 2015","og_description":"Dados da Pnad do IBGE mostram queda na taxa de desemprego durante o trimestre que terminou em novembro de 2022. Clique e confira!","og_url":"https:\/\/www.suno.com.br\/noticias\/taxa-de-desemprego-pnad-ibge-2\/","og_site_name":"Suno Not\u00edcias","article_publisher":"https:\/\/facebook.com\/sunoresearch","og_image":[{"width":2560,"height":1707,"url":"https:\/\/files.sunoresearch.com.br\/n\/uploads\/2021\/06\/9b452e1d-carteira-de-trabalho-digital_mcamgo_abr_240620211818-3-scaled.jpg","type":"image\/jpeg"}],"author":"Eduardo Vargas","twitter_card":"summary_large_image","twitter_creator":"@sunoresearch","twitter_site":"@sunoresearch","twitter_misc":{"Escrito por":"Eduardo Vargas","Est. tempo de leitura":"2 minutos"},"schema":{"@context":"https:\/\/schema.org","@graph":[{"@type":"NewsArticle","@id":"https:\/\/www.suno.com.br\/noticias\/taxa-de-desemprego-pnad-ibge-2\/#article","isPartOf":{"@id":"https:\/\/www.suno.com.br\/noticias\/taxa-de-desemprego-pnad-ibge-2\/"},"author":{"name":"Eduardo Vargas","@id":"https:\/\/www.suno.com.br\/noticias\/#\/schema\/person\/7f4d362bf3518e76090143ae77bb49a5"},"headline":"Desemprego cai para para 8,1%, menor patamar desde 2015","datePublished":"2023-01-19T13:53:05+00:00","dateModified":"2023-01-19T14:13:32+00:00","mainEntityOfPage":{"@id":"https:\/\/www.suno.com.br\/noticias\/taxa-de-desemprego-pnad-ibge-2\/"},"wordCount":339,"publisher":{"@id":"https:\/\/www.suno.com.br\/noticias\/#organization"},"image":{"@id":"https:\/\/www.suno.com.br\/noticias\/taxa-de-desemprego-pnad-ibge-2\/#primaryimage"},"thumbnailUrl":"https:\/\/files.sunoresearch.com.br\/n\/uploads\/2021\/06\/9b452e1d-carteira-de-trabalho-digital_mcamgo_abr_240620211818-3-scaled.jpg","keywords":["Especialistas","PNAD"],"articleSection":["Neg\u00f3cios"],"inLanguage":"pt-BR"},{"@type":"WebPage","@id":"https:\/\/www.suno.com.br\/noticias\/taxa-de-desemprego-pnad-ibge-2\/","url":"https:\/\/www.suno.com.br\/noticias\/taxa-de-desemprego-pnad-ibge-2\/","name":"Desemprego cai para para 8,1%, menor patamar desde 2015","isPartOf":{"@id":"https:\/\/www.suno.com.br\/noticias\/#website"},"primaryImageOfPage":{"@id":"https:\/\/www.suno.com.br\/noticias\/taxa-de-desemprego-pnad-ibge-2\/#primaryimage"},"image":{"@id":"https:\/\/www.suno.com.br\/noticias\/taxa-de-desemprego-pnad-ibge-2\/#primaryimage"},"thumbnailUrl":"https:\/\/files.sunoresearch.com.br\/n\/uploads\/2021\/06\/9b452e1d-carteira-de-trabalho-digital_mcamgo_abr_240620211818-3-scaled.jpg","datePublished":"2023-01-19T13:53:05+00:00","dateModified":"2023-01-19T14:13:32+00:00","description":"Dados da Pnad do IBGE mostram queda na taxa de desemprego durante o trimestre que terminou em novembro de 2022. Clique e confira!","breadcrumb":{"@id":"https:\/\/www.suno.com.br\/noticias\/taxa-de-desemprego-pnad-ibge-2\/#breadcrumb"},"inLanguage":"pt-BR","potentialAction":[{"@type":"ReadAction","target":["https:\/\/www.suno.com.br\/noticias\/taxa-de-desemprego-pnad-ibge-2\/"]}]},{"@type":"ImageObject","inLanguage":"pt-BR","@id":"https:\/\/www.suno.com.br\/noticias\/taxa-de-desemprego-pnad-ibge-2\/#primaryimage","url":"https:\/\/files.sunoresearch.com.br\/n\/uploads\/2021\/06\/9b452e1d-carteira-de-trabalho-digital_mcamgo_abr_240620211818-3-scaled.jpg","contentUrl":"https:\/\/files.sunoresearch.com.br\/n\/uploads\/2021\/06\/9b452e1d-carteira-de-trabalho-digital_mcamgo_abr_240620211818-3-scaled.jpg","width":2560,"height":1707,"caption":"Carteira de trabalho. Foto: Marcelo Camargo\/Ag\u00eancia Brasil"},{"@type":"BreadcrumbList","@id":"https:\/\/www.suno.com.br\/noticias\/taxa-de-desemprego-pnad-ibge-2\/#breadcrumb","itemListElement":[{"@type":"ListItem","position":1,"name":"Not\u00edcias","item":"https:\/\/www.suno.com.br\/noticias\/"},{"@type":"ListItem","position":2,"name":"Neg\u00f3cios","item":"https:\/\/www.suno.com.br\/noticias\/negocios\/"},{"@type":"ListItem","position":3,"name":"Desemprego cai para para 8,1%, menor patamar desde 2015"}]},{"@type":"WebSite","@id":"https:\/\/www.suno.com.br\/noticias\/#website","url":"https:\/\/www.suno.com.br\/noticias\/","name":"Suno Not\u00edcias","description":"Seu portal de informa\u00e7\u00e3o sobre o mundo dos investimentos","publisher":{"@id":"https:\/\/www.suno.com.br\/noticias\/#organization"},"potentialAction":[{"@type":"SearchAction","target":{"@type":"EntryPoint","urlTemplate":"https:\/\/www.suno.com.br\/noticias\/?s={search_term_string}"},"query-input":{"@type":"PropertyValueSpecification","valueRequired":true,"valueName":"search_term_string"}}],"inLanguage":"pt-BR"},{"@type":"Organization","@id":"https:\/\/www.suno.com.br\/noticias\/#organization","name":"Suno Not\u00edcias","url":"https:\/\/www.suno.com.br\/noticias\/","logo":{"@type":"ImageObject","inLanguage":"pt-BR","@id":"https:\/\/www.suno.com.br\/noticias\/#\/schema\/logo\/image\/","url":"https:\/\/files.sunoresearch.com.br\/n\/uploads\/2021\/09\/suno-logo.png","contentUrl":"https:\/\/files.sunoresearch.com.br\/n\/uploads\/2021\/09\/suno-logo.png","width":180,"height":180,"caption":"Suno Not\u00edcias"},"image":{"@id":"https:\/\/www.suno.com.br\/noticias\/#\/schema\/logo\/image\/"},"sameAs":["https:\/\/facebook.com\/sunoresearch","https:\/\/x.com\/sunoresearch","https:\/\/www.instagram.com\/suno","https:\/\/www.linkedin.com\/company\/suno-research\/","https:\/\/www.youtube.com\/c\/sunoresearch"]},{"@type":"Person","@id":"https:\/\/www.suno.com.br\/noticias\/#\/schema\/person\/7f4d362bf3518e76090143ae77bb49a5","name":"Eduardo Vargas","image":{"@type":"ImageObject","inLanguage":"pt-BR","@id":"https:\/\/www.suno.com.br\/noticias\/#\/schema\/person\/image\/","url":"https:\/\/secure.gravatar.com\/avatar\/dac340933427a22924c9f99d1eb2e3f2?s=96&r=g","contentUrl":"https:\/\/secure.gravatar.com\/avatar\/dac340933427a22924c9f99d1eb2e3f2?s=96&r=g","caption":"Eduardo Vargas"},"description":"Jornalista formado pela UFSC, cobre macroeconomia, neg\u00f3cios e startups para o Suno Not\u00edcias, escrevendo principalmente not\u00edcias sobre o mercado financeiro e a bolsa de valores. No YouTube e no Instagram, \u00e9 respons\u00e1vel pela produ\u00e7\u00e3o de Reels e Shorts do Suno Not\u00edcias. Anteriormente, trabalhou cobrindo economia e cotidiano no ND+ e para o ND, maior jornal impresso de Santa Catarina. Cursou um semestre letivo de Estudos de M\u00eddia na Universidad de Buenos Aires.","url":"https:\/\/www.suno.com.br\/noticias\/author\/eduardo-vargas\/"}]}},"default_loop_html":"<div class=\"cardsPage__listCard__boxs\"><div class=\"cardsPage__listCard__boxs__img\"><a href=\"https:\/\/www.suno.com.br\/noticias\/taxa-de-desemprego-pnad-ibge-2\/\"><img class=\"mask\" src=\"https:\/\/www.suno.com.br\/noticias\/wp-content\/themes\/suno\/resources\/images\/spotlight\/spotlight1img\/bg-mask.png\" alt=\"Image Mask\"\/><img src=\"https:\/\/files.sunoresearch.com.br\/n\/uploads\/2021\/06\/9b452e1d-carteira-de-trabalho-digital_mcamgo_abr_240620211818-3-400x200.jpg\" alt=\"Desemprego cai para para 8,1%, menor patamar desde 2015\"\/><\/a><span class=\"spotlightCategory\"><a href=\"https:\/\/www.suno.com.br\/noticias\/negocios\/\">Neg\u00f3cios<\/a><\/span><\/div><div class=\"cardsPage__listCard__boxs__content\"><a href=\"https:\/\/www.suno.com.br\/noticias\/taxa-de-desemprego-pnad-ibge-2\/\"><h2 class=\"content__title\">Desemprego cai para para 8,1%, menor patamar desde 2015<\/h2><\/a><div class=\"newsContent__article__meta\"><div class=\"newsContent__article__meta__authorBox\"><a href=\"https:\/\/www.suno.com.br\/noticias\/author\/eduardo-vargas\/\" class=\"authorBox__avatar noMobi\"><img src=\"https:\/\/secure.gravatar.com\/avatar\/dac340933427a22924c9f99d1eb2e3f2?s=96&#038;r=g\" alt=\"Eduardo Vargas\"><\/a><div class=\"authorBox__name\"><span>por\n\t\t\t<a href=\"https:\/\/www.suno.com.br\/noticias\/author\/eduardo-vargas\/\"><span itemprop=\"author\">Eduardo Vargas<\/span><\/a><\/span><time datetime=\"2023-01-19T10:53:05-03:00\" itemprop=\"datePublished\">19\/01\/2023 10:53<\/time><\/div><\/div><\/div><\/div><\/div>","single_layout":"posts","amp_enabled":true,"_links":{"self":[{"href":"https:\/\/www.suno.com.br\/noticias\/wp-json\/wp\/v2\/posts\/349669"}],"collection":[{"href":"https:\/\/www.suno.com.br\/noticias\/wp-json\/wp\/v2\/posts"}],"about":[{"href":"https:\/\/www.suno.com.br\/noticias\/wp-json\/wp\/v2\/types\/post"}],"author":[{"embeddable":true,"href":"https:\/\/www.suno.com.br\/noticias\/wp-json\/wp\/v2\/users\/73"}],"replies":[{"embeddable":true,"href":"https:\/\/www.suno.com.br\/noticias\/wp-json\/wp\/v2\/comments?post=349669"}],"version-history":[{"count":3,"href":"https:\/\/www.suno.com.br\/noticias\/wp-json\/wp\/v2\/posts\/349669\/revisions"}],"predecessor-version":[{"id":349695,"href":"https:\/\/www.suno.com.br\/noticias\/wp-json\/wp\/v2\/posts\/349669\/revisions\/349695"}],"wp:featuredmedia":[{"embeddable":true,"href":"https:\/\/www.suno.com.br\/noticias\/wp-json\/wp\/v2\/media\/162550"}],"wp:attachment":[{"href":"https:\/\/www.suno.com.br\/noticias\/wp-json\/wp\/v2\/media?parent=349669"}],"wp:term":[{"taxonomy":"category","embeddable":true,"href":"https:\/\/www.suno.com.br\/noticias\/wp-json\/wp\/v2\/categories?post=349669"},{"taxonomy":"post_tag","embeddable":true,"href":"https:\/\/www.suno.com.br\/noticias\/wp-json\/wp\/v2\/tags?post=349669"},{"taxonomy":"suno_strategy","embeddable":true,"href":"https:\/\/www.suno.com.br\/noticias\/wp-json\/wp\/v2\/suno_strategy?post=349669"}],"curies":[{"name":"wp","href":"https:\/\/api.w.org\/{rel}","templated":true}]}}