{"id":349638,"date":"2023-01-19T10:47:18","date_gmt":"2023-01-19T13:47:18","guid":{"rendered":"https:\/\/www.suno.com.br\/noticias\/?p=349638"},"modified":"2023-01-19T10:47:23","modified_gmt":"2023-01-19T13:47:23","slug":"recuperacao-judicial-americanas-amer3-analise","status":"publish","type":"post","link":"https:\/\/www.suno.com.br\/noticias\/recuperacao-judicial-americanas-amer3-analise\/","title":{"rendered":"Americanas (AMER3): Recupera\u00e7\u00e3o judicial vai abrir caixa-preta da varejista; an\u00e1lise"},"content":{"rendered":"<p>Com um rombo bilion\u00e1rio nas m\u00e3os, a <strong>Americanas (<a href=\"https:\/\/suno.com.br\/acoes\/amer3\/\" target=\"_blank\" rel=\"noreferrer noopener\">AMER3<\/a>)<\/strong> pode pedir <a class=\"suno-keyword\" data-force=\"no\" data-priority=\"2\" href=\"https:\/\/www.suno.com.br\/artigos\/recuperacao-judicial\/\" target=\"_blank\" rel=\"noopener\">recupera\u00e7\u00e3o judicial<\/a> a qualquer momento. Nesta quinta (19), a varejista admitiu que a situa\u00e7\u00e3o \u00e9 t\u00e3o cr\u00edtica que esse pedido pode ser protocolado em regime de urg\u00eancia &#8220;nas pr\u00f3ximas horas&#8221;.  E, quando essa documenta\u00e7\u00e3o chegar na Justi\u00e7a, a empresa ter\u00e1 que abrir sua caixa-preta para explicar o que de fato ocorreu nas contas do neg\u00f3cio.<\/p><div class=\"videoFull \">\n\t\t\t<div class=\"videoWrapper yt-lazyload center\"\n\t\t\t\tdata-width=\"960\"\n\t\t\t\tdata-height=\"540\"\n\t\t\t\tdata-id=\"H6EycyPQFxA\"\n\t\t\t\tdata-alt=\"V\u00eddeo do YouTube - clique para reproduzir\"\n\t\t\t\tdata-logo=\"3\"\n\t\t\t\tdata-imagequality=\"maxres\">\n\t\t\t<\/div>\n\t\t<\/div><script type=\"application\/ld+json\">{\"@context\":\"https:\/\/schema.org\",\"@type\":\"VideoObject\",\"name\":\"BTG (BPAC11) bloqueia R$ 1,2 bi da Americanas (AMER3) | Vale a pena investir em BBAS3?\",\"description\":\"\ud83d\udcd8 [\ud835\udfed\ud835\udfec\ud835\udfed \ud835\udde3\ud835\uddf2\ud835\uddff\ud835\uddf4\ud835\ude02\ud835\uddfb\ud835\ude01\ud835\uddee\ud835\ude00 \ud835\uddf2 \ud835\udde5\ud835\uddf2\ud835\ude00\ud835\uddfd\ud835\uddfc\ud835\ude00\ud835\ude01\ud835\uddee\ud835\ude00 \ud835\ude00\ud835\uddfc\ud835\uddef\ud835\uddff\ud835\uddf2 \ud835\uddd9\ud835\ude02\ud835\uddfb\ud835\uddf1\ud835\uddfc\ud835\ude00 \ud835\udddc\ud835\uddfa\ud835\uddfc\ud835\uddef\ud835\uddf6\ud835\uddf9\ud835\uddf6\u00e1\ud835\uddff\ud835\uddf6\ud835\uddfc\ud835\ude00] \ud835\uddd6\ud835\uddfc\ud835\uddfa\ud835\uddf2\ud835\uddf0\ud835\uddf2 \ud835\uddfc \ud835\uddee\ud835\uddfb\ud835\uddfc \ud835\uddf3\ud835\uddee\ud835\ude07\ud835\uddf2\ud835\uddfb\ud835\uddf1\ud835\uddfc \ud835\udde5\ud835\uddf2\ud835\uddfb\ud835\uddf1\ud835\uddee \ud835\uddd8\ud835\ude05\ud835\ude01\ud835\uddff\ud835\uddee \ud835\uddf0\ud835\uddfc\ud835\uddfa \ud835\uddfc \ud835\uddfd\ud835\uddff\u00f3\ud835\ude05\ud835\uddf6\ud835\uddfa\ud835\uddfc \ud835\uddfd\ud835\uddee\ud835\ude00\ud835\ude00\ud835\uddfc \ud835\uddf1\ud835\uddfc \ud835\uddd7\ud835\uddf2\ud835\ude00\ud835\uddee\ud835\uddf3\ud835\uddf6\ud835\uddfc! \ud83d\udc47 https:\/\/lp.suno.com.br\/cl\/desafio-da-renda-extra-2023-distribuicao\/?utm_source=youtube.noticias&utm_medium=live&utm_campaign=RS.DRE23.ns.20230118&utm_content=ytnoticias.morning.19012023 \ud83d\udd0e \ud83d\udcca[\ud835\uddf2\ud835\uddd5\ud835\uddfc\ud835\uddfc\ud835\uddf8 \ud835\uddda\ud835\udde5\ud835\uddd4\ud835\udde7\ud835\udde8\ud835\udddc\ud835\udde7\ud835\udde2] \ud835\uddd4\ud835\uddfd\ud835\uddff\ud835\uddf2\ud835\uddfb\ud835\uddf1\ud835\uddee \ud835\uddf0\ud835\uddfc\ud835\uddfa\ud835\uddfc \ud835\uddee\ud835\uddfb\ud835\uddee\ud835\uddf9\ud835\uddf6\ud835\ude00\ud835\uddee\ud835\uddff \ud835\ude02\ud835\uddfa\ud835\uddee \ud835\uddee\u00e7\u00e3\ud835\uddfc\u200b \ud83d\udc47 https:\/\/lp.suno.com.br\/ebook-como-analisar-uma-acao\/?utm_source=youtube.noticias&utm_medium=live&utm_campaign=ebookcomoanalisarumaacao.20230116&utm_content=ytnoticias.morning.17012023 \ud83d\udea8\ud83d\udcb8\ud835\udc01\ud835\udc1a\ud835\udc22\ud835\udc31\ud835\udc1e \ud835\udc28 \ud835\udc20\ud835\udc2e\ud835\udc22\ud835\udc1a \"\ud835\udc02\ud835\udc28\ud835\udc26\ud835\udc28 \ud835\udc22\ud835\udc27\ud835\udc2f\ud835\udc1e\ud835\udc2c\ud835\udc2d\ud835\udc22\ud835\udc2b \ud835\udc1e\ud835\udc26 \ud835\udfd0\ud835\udfce\ud835\udfd0\ud835\udfd1\" \ud835\udc27\ud835\udc28 \ud835\udc25\ud835\udc22\ud835\udc27\ud835\udc24 \ud83d\udc47 https:\/\/lp.suno.com.br\/cl\/sr-guia-como-investir-em-2023\/?utm_source=youtube.noticias&utm_medium=live&utm_campaign=N\/A.ns.20230109&utm_content=ytnoticias.morning.13012023 #morningcall #Not\u00edcias #amer3 #americanas #investimentos #bolsadevalores #mercadofinanceiro #lula #salariominimo #haddad #nubank #vale3\u2026\",\"duration\":\"PT53M25S\",\"embedUrl\":\"https:\/\/www.youtube.com\/embed\/H6EycyPQFxA\",\"regionsAllowed\":\"pt-BR\",\"interactionStatistic\":{\"@type\":\"InteractionCounter\",\"interactionType\":{\"@type\":\"WatchAction\"},\"userInteractionCount\":3148},\"thumbnailUrl\":\"https:\/\/i.ytimg.com\/vi\/H6EycyPQFxA\/default.jpg\",\"uploadDate\":\"2023-01-19T13:01:30Z\"}<\/script>\n\n\n\n\n\t<p>\n\t\t<a href=\"\" target=\"_blank\" data-element=\"shortcode-suno-banner\" title=\"Banner SUNO, clique e saiba mais\">\n\t\t\t<picture>\n\t\t\t\t<source media=\"(max-width: 500px)\" srcset=\"\">\n\t\t\t\t<img class=\"newsContent__article__imgCapa newsContent__article__imgCapa--banner\"\n\t\t\t\t\tsrc=\"\"\n\t\t\t\t\tdata-promo-id=\"265277\"\t\t\t\t\t\t\t\t\t\t\t\t\t\t\talt=\"\"\n\t\t\t\t>\n\t\t\t<\/picture>\n\t\t<\/a>\n\t<\/p>\n\n\n\n\n\n<p>&#8220;Tem muita coisa escondida at\u00e9 o presente momento que eles v\u00e3o ter que abrir quando pedirem a <strong>recupera\u00e7\u00e3o judicial<\/strong>. V\u00e3o olhar &#8216;grama por grama&#8217; para ver se existe alguma inconsist\u00eancia realmente, m\u00e1 administra\u00e7\u00e3o, se essa diferen\u00e7a bilion\u00e1ria foi por neglig\u00eancia, imprud\u00eancia ou por dolo. Isso vai ser analisado l\u00e1 para frente&#8221;, detalha Fernando Brandariz, presidente da comiss\u00e3o de Direito Empresarial da subse\u00e7\u00e3o Pinheiros da OAB-SP.<\/p>\n\n\n\n<p>Em entrevista ao Suno Not\u00edcias, o especialista explica que no prov\u00e1vel pedido de <strong>recupera\u00e7\u00e3o judicial da Americanas<\/strong> ter\u00e1 de estar presente o tamanho do problema financeiro, os passivos da companhia e a forma como a empresa almeja pagar a d\u00edvida.<\/p>\n\n\n\t<p>\n\t\t<a href=\"https:\/\/lp.suno.com.br\/planilha-controle-gastos\/\" target=\"_blank\" data-element=\"shortcode-suno-banner\" title=\"Banner SUNO, clique e saiba mais\">\n\t\t\t<picture>\n\t\t\t\t<source media=\"(max-width: 500px)\" srcset=\"https:\/\/files.sunoresearch.com.br\/n\/uploads\/2023\/03\/400x300-Planilha-controle-de-gastos.png\">\n\t\t\t\t<img class=\"newsContent__article__imgCapa newsContent__article__imgCapa--banner\"\n\t\t\t\t\tsrc=\"https:\/\/files.sunoresearch.com.br\/n\/uploads\/2023\/03\/1420x240-Planilha-controle-de-gastos.png\"\n\t\t\t\t\tdata-promo-id=\"101751\"\t\t\t\t\t\t\t\t\t\twidth='1420' height='240'\t\t\t\t\talt=\"https:\/\/files.sunoresearch.com.br\/n\/uploads\/2023\/03\/1420x240-Planilha-controle-de-gastos.png\"\n\t\t\t\t>\n\t\t\t<\/picture>\n\t\t<\/a>\n\t<\/p>\n\n\n\n\n\n<p>&#8220;Al\u00e9m de tudo, o problema X foi causado por uma situa\u00e7\u00e3o Y. Ela tem que falar porque chegou nesse passivo e, mais ou menos, a forma como vai tratar de pag\u00e1-lo. Em 60 dias, ela tem que apresentar o <a class=\"suno-keyword\" target=\"_blank\" data-force=\"no\" data-priority=\"1\" href=\"https:\/\/www.suno.com.br\/artigos\/plano-de-recuperacao\/\" rel=\"noopener\">plano de recupera\u00e7\u00e3o judicial<\/a>&#8220;, prossegue.<\/p>\n\n\n\n<blockquote class=\"wp-block-quote is-layout-flow wp-block-quote-is-layout-flow\">\n<p>Ali sim, ela vai dizer: &#8216;Vou vender alguns ativos, os s\u00f3cios v\u00e3o injetar dinheiro, vou oferecer essas formas para pagar os credores&#8217;. <\/p>\n<\/blockquote>\n\n\n\n<p>De acordo com o advogado, no documento, a Americanas ter\u00e1 que apontar o motivo do <strong>rombo de R$ 20 bilh\u00f5es<\/strong>. &#8220;Foi neglig\u00eancia da auditoria ou da pr\u00f3pria administra\u00e7\u00e3o? Acho pouco prov\u00e1vel eles dizerem que fizeram isso com dolo&#8221;, projeta.<\/p>\n\n\n\t<p>\n\t\t<a href=\"https:\/\/lp.suno.com.br\/ebook-como-analisar-uma-acao\/\" target=\"_blank\" data-element=\"shortcode-suno-banner\" title=\"Banner SUNO, clique e saiba mais\">\n\t\t\t<picture>\n\t\t\t\t<source media=\"(max-width: 500px)\" srcset=\"https:\/\/files.sunoresearch.com.br\/n\/uploads\/2023\/03\/Ebook-Acoes-Mobile-1.jpg\">\n\t\t\t\t<img class=\"newsContent__article__imgCapa newsContent__article__imgCapa--banner\"\n\t\t\t\t\tsrc=\"https:\/\/files.sunoresearch.com.br\/n\/uploads\/2023\/03\/Ebook-Acoes-Desktop-1.jpg\"\n\t\t\t\t\tdata-promo-id=\"171998\"\t\t\t\t\t\t\t\t\t\twidth='1420' height='286'\t\t\t\t\talt=\"https:\/\/files.sunoresearch.com.br\/n\/uploads\/2023\/03\/Ebook-Acoes-Desktop-1.jpg\"\n\t\t\t\t>\n\t\t\t<\/picture>\n\t\t<\/a>\n\t<\/p>\n\n\n\n\n\n<h2 class=\"wp-block-heading\" id=\"h-americanas-recuperacao-judicial-as-pressas\">Americanas: Recupera\u00e7\u00e3o judicial \u00e0s pressas<\/h2>\n\n\n\n<p>Ontem, o <a class=\"suno-keyword\" target=\"_blank\" data-force=\"yes\" data-priority=\"2\" href=\"https:\/\/www.suno.com.br\/acoes\/BPAC11\/\" rel=\"noopener\">BTG Pactual (BPAC11)<\/a> conseguiu uma decis\u00e3o judicial que bloqueou R$ 1,2 bilh\u00e3o de recursos da varejista que estavam na institui\u00e7\u00e3o. Somado a isso, o <a class=\"suno-keyword\" target=\"_blank\" data-force=\"yes\" data-priority=\"2\" href=\"https:\/\/www.suno.com.br\/acoes\/BBDC4\/\" rel=\"noopener\">Bradesco (BBDC4)<\/a> reteve mais de R$ 450 milh\u00f5es do caixa da companhia.<\/p>\n\n\n\n<p>Na semana passada, o ent\u00e3o CEO Sergio Rial havia dito que a empresa tinha mais de R$ 8 bilh\u00f5es em caixa. Hoje, o comando da varejista entregou que o atual valor desse montante \u00e9 de R$ 800 milh\u00f5es e que uma parcela significativa encontra-se indispon\u00edvel para movimenta\u00e7\u00e3o.<\/p>\n\n\n\n\t<div data-element=\"shortcode-read-more\" class=\"readToo\">\n\t\t\t\t<span class=\"readToo__title\">Leia mais<\/span>\n\t\t\t\t<ul class=\"readToo__list\">\n\t\t\t<li><a href=\"https:\/\/www.suno.com.br\/noticias\/americanas-amer3-recuperacao-judicial-pressas\/\">Americanas (AMER3) admite que pode pedir recupera\u00e7\u00e3o judicial \u00e0s pressas ap\u00f3s bloqueios dos bancos; a\u00e7\u00f5es derretem 27%<\/a><\/li><li><a href=\"https:\/\/www.suno.com.br\/noticias\/americanas-amer3-btg-ganha-liminar\/\">BTG (BPAC11) consegue bloquear R$ 1,2 bi da Americanas (AMER3); Bradesco (BBDC4) trava R$ 450 mi<\/a><\/li><li><a href=\"https:\/\/www.suno.com.br\/noticias\/americanas-amer3-dificilmente-outro-caso-diretora-cvm\/\">&#8216;Dificilmente teremos outro caso como o da Americanas (AMER3)&#8217;, diz ex-diretora da CVM<\/a><\/li>\t\t<\/ul>\n\t<\/div>\n\n\n\n\n<p>\u201cA administra\u00e7\u00e3o est\u00e1 trabalhando com a possibilidade de, nos pr\u00f3ximos dias ou potencialmente nas pr\u00f3ximas horas, aprovar o ajuizamento, em car\u00e1ter de urg\u00eancia, de pedido de recupera\u00e7\u00e3o judicial\u201c, disse Jo\u00e3o Guerra, CEO da varejista, em comunicado enviado \u00e0 Comiss\u00e3o de Valores Mobili\u00e1rios (CVM) na manh\u00e3 desta quinta (19).<\/p>\n\n\n\n<p>Por volta das 10h30, as a\u00e7\u00f5es da <strong>Americanas<\/strong> caiam mais de 16% e os pap\u00e9is voltaram a ser colocados em leil\u00e3o na B3. <\/p>\n\n\n\t<p>\n\t\t<a href=\"https:\/\/lp.suno.com.br\/planilha-de-controle-de-investimentos\/\" target=\"_blank\" data-element=\"shortcode-suno-banner\" title=\"Banner SUNO, clique e saiba mais\">\n\t\t\t<picture>\n\t\t\t\t<source media=\"(max-width: 500px)\" srcset=\"https:\/\/files.sunoresearch.com.br\/n\/uploads\/2023\/03\/400x300-Controle-de-Investimentos.png\">\n\t\t\t\t<img class=\"newsContent__article__imgCapa newsContent__article__imgCapa--banner\"\n\t\t\t\t\tsrc=\"https:\/\/files.sunoresearch.com.br\/n\/uploads\/2023\/03\/1420x240-Controle-de-Investimentos.png\"\n\t\t\t\t\tdata-promo-id=\"75934\"\t\t\t\t\t\t\t\t\t\twidth='1420' height='240'\t\t\t\t\talt=\"https:\/\/files.sunoresearch.com.br\/n\/uploads\/2023\/03\/1420x240-Controle-de-Investimentos.png\"\n\t\t\t\t>\n\t\t\t<\/picture>\n\t\t<\/a>\n\t<\/p>\n\n\n","protected":false},"excerpt":{"rendered":"<p>Com um rombo bilion\u00e1rio nas m\u00e3os, a Americanas (AMER3) pode pedir recupera\u00e7\u00e3o judicial a qualquer momento. Nesta quinta (19), a varejista admitiu que a situa\u00e7\u00e3o \u00e9 t\u00e3o cr\u00edtica que esse pedido pode ser protocolado em regime de urg\u00eancia &#8220;nas pr\u00f3ximas horas&#8221;. E, quando essa documenta\u00e7\u00e3o chegar na Justi\u00e7a, a empresa ter\u00e1 que abrir sua caixa-preta [&hellip;]<\/p>\n","protected":false},"author":232,"featured_media":349660,"comment_status":"closed","ping_status":"closed","sticky":false,"template":"","format":"standard","meta":[],"categories":[64],"tags":[286,106605,105816],"suno_strategy":[],"class_list":["post-349638","post","type-post","status-publish","format-standard","has-post-thumbnail","hentry","category-negocios","tag-acoes","tag-americanas-s-a-amer3","tag-especialistas"],"yoast_head":"<!-- This site is optimized with the Yoast SEO plugin v24.4 - https:\/\/yoast.com\/wordpress\/plugins\/seo\/ -->\n<title>Recupera\u00e7\u00e3o judicial vai abrir caixa-preta da Americanas (AMER3); an\u00e1lise<\/title>\n<meta name=\"description\" content=\"Com um rombo bilion\u00e1rio nas m\u00e3os, a Americanas (AMER3) pode pedir recupera\u00e7\u00e3o judicial a qualquer momento. Veja a an\u00e1lise do caso!\" \/>\n<meta name=\"robots\" content=\"index, follow, max-snippet:-1, max-image-preview:large, max-video-preview:-1\" \/>\n<link rel=\"canonical\" href=\"https:\/\/www.suno.com.br\/noticias\/recuperacao-judicial-americanas-amer3-analise\/\" \/>\n<meta property=\"og:locale\" content=\"pt_BR\" \/>\n<meta property=\"og:type\" content=\"article\" \/>\n<meta property=\"og:title\" content=\"Recupera\u00e7\u00e3o judicial vai abrir caixa-preta da Americanas (AMER3); an\u00e1lise\" \/>\n<meta property=\"og:description\" content=\"Com um rombo bilion\u00e1rio nas m\u00e3os, a Americanas (AMER3) pode pedir recupera\u00e7\u00e3o judicial a qualquer momento. Veja a an\u00e1lise do caso!\" \/>\n<meta property=\"og:url\" content=\"https:\/\/www.suno.com.br\/noticias\/recuperacao-judicial-americanas-amer3-analise\/\" \/>\n<meta property=\"og:site_name\" content=\"Suno Not\u00edcias\" \/>\n<meta property=\"article:publisher\" content=\"https:\/\/facebook.com\/sunoresearch\" \/>\n<meta property=\"og:image\" content=\"https:\/\/files.sunoresearch.com.br\/n\/uploads\/2023\/01\/americanas-amer3-recuperacao-judicial-analise-foto-divulgacao.jpg\" \/>\n\t<meta property=\"og:image:width\" content=\"1200\" \/>\n\t<meta property=\"og:image:height\" content=\"675\" \/>\n\t<meta property=\"og:image:type\" content=\"image\/jpeg\" \/>\n<meta name=\"author\" content=\"Erick Matheus Nery\" \/>\n<meta name=\"twitter:card\" content=\"summary_large_image\" \/>\n<meta name=\"twitter:creator\" content=\"@sunoresearch\" \/>\n<meta name=\"twitter:site\" content=\"@sunoresearch\" \/>\n<meta name=\"twitter:label1\" content=\"Escrito por\" \/>\n\t<meta name=\"twitter:data1\" content=\"Erick Matheus Nery\" \/>\n\t<meta name=\"twitter:label2\" content=\"Est. tempo de leitura\" \/>\n\t<meta name=\"twitter:data2\" content=\"3 minutos\" \/>\n<script type=\"application\/ld+json\" class=\"yoast-schema-graph\">{\"@context\":\"https:\/\/schema.org\",\"@graph\":[{\"@type\":\"NewsArticle\",\"@id\":\"https:\/\/www.suno.com.br\/noticias\/recuperacao-judicial-americanas-amer3-analise\/#article\",\"isPartOf\":{\"@id\":\"https:\/\/www.suno.com.br\/noticias\/recuperacao-judicial-americanas-amer3-analise\/\"},\"author\":{\"name\":\"Erick Matheus Nery\",\"@id\":\"https:\/\/www.suno.com.br\/noticias\/#\/schema\/person\/6899bc3f19d1a7315f807131c2c013a0\"},\"headline\":\"Americanas (AMER3): Recupera\u00e7\u00e3o judicial vai abrir caixa-preta da varejista; an\u00e1lise\",\"datePublished\":\"2023-01-19T13:47:18+00:00\",\"dateModified\":\"2023-01-19T13:47:23+00:00\",\"mainEntityOfPage\":{\"@id\":\"https:\/\/www.suno.com.br\/noticias\/recuperacao-judicial-americanas-amer3-analise\/\"},\"wordCount\":508,\"publisher\":{\"@id\":\"https:\/\/www.suno.com.br\/noticias\/#organization\"},\"image\":{\"@id\":\"https:\/\/www.suno.com.br\/noticias\/recuperacao-judicial-americanas-amer3-analise\/#primaryimage\"},\"thumbnailUrl\":\"https:\/\/files.sunoresearch.com.br\/n\/uploads\/2023\/01\/americanas-amer3-recuperacao-judicial-analise-foto-divulgacao.jpg\",\"keywords\":[\"A\u00e7\u00f5es\",\"Americanas (AMER3)\",\"Especialistas\"],\"articleSection\":[\"Neg\u00f3cios\"],\"inLanguage\":\"pt-BR\"},{\"@type\":\"WebPage\",\"@id\":\"https:\/\/www.suno.com.br\/noticias\/recuperacao-judicial-americanas-amer3-analise\/\",\"url\":\"https:\/\/www.suno.com.br\/noticias\/recuperacao-judicial-americanas-amer3-analise\/\",\"name\":\"Recupera\u00e7\u00e3o judicial vai abrir caixa-preta da Americanas (AMER3); an\u00e1lise\",\"isPartOf\":{\"@id\":\"https:\/\/www.suno.com.br\/noticias\/#website\"},\"primaryImageOfPage\":{\"@id\":\"https:\/\/www.suno.com.br\/noticias\/recuperacao-judicial-americanas-amer3-analise\/#primaryimage\"},\"image\":{\"@id\":\"https:\/\/www.suno.com.br\/noticias\/recuperacao-judicial-americanas-amer3-analise\/#primaryimage\"},\"thumbnailUrl\":\"https:\/\/files.sunoresearch.com.br\/n\/uploads\/2023\/01\/americanas-amer3-recuperacao-judicial-analise-foto-divulgacao.jpg\",\"datePublished\":\"2023-01-19T13:47:18+00:00\",\"dateModified\":\"2023-01-19T13:47:23+00:00\",\"description\":\"Com um rombo bilion\u00e1rio nas m\u00e3os, a Americanas (AMER3) pode pedir recupera\u00e7\u00e3o judicial a qualquer momento. Veja a an\u00e1lise do caso!\",\"breadcrumb\":{\"@id\":\"https:\/\/www.suno.com.br\/noticias\/recuperacao-judicial-americanas-amer3-analise\/#breadcrumb\"},\"inLanguage\":\"pt-BR\",\"potentialAction\":[{\"@type\":\"ReadAction\",\"target\":[\"https:\/\/www.suno.com.br\/noticias\/recuperacao-judicial-americanas-amer3-analise\/\"]}]},{\"@type\":\"ImageObject\",\"inLanguage\":\"pt-BR\",\"@id\":\"https:\/\/www.suno.com.br\/noticias\/recuperacao-judicial-americanas-amer3-analise\/#primaryimage\",\"url\":\"https:\/\/files.sunoresearch.com.br\/n\/uploads\/2023\/01\/americanas-amer3-recuperacao-judicial-analise-foto-divulgacao.jpg\",\"contentUrl\":\"https:\/\/files.sunoresearch.com.br\/n\/uploads\/2023\/01\/americanas-amer3-recuperacao-judicial-analise-foto-divulgacao.jpg\",\"width\":1200,\"height\":675,\"caption\":\"Americanas (AMER3). Foto: Divulga\u00e7\u00e3o\"},{\"@type\":\"BreadcrumbList\",\"@id\":\"https:\/\/www.suno.com.br\/noticias\/recuperacao-judicial-americanas-amer3-analise\/#breadcrumb\",\"itemListElement\":[{\"@type\":\"ListItem\",\"position\":1,\"name\":\"Not\u00edcias\",\"item\":\"https:\/\/www.suno.com.br\/noticias\/\"},{\"@type\":\"ListItem\",\"position\":2,\"name\":\"Neg\u00f3cios\",\"item\":\"https:\/\/www.suno.com.br\/noticias\/negocios\/\"},{\"@type\":\"ListItem\",\"position\":3,\"name\":\"Americanas (AMER3): Recupera\u00e7\u00e3o judicial vai abrir caixa-preta da varejista; an\u00e1lise\"}]},{\"@type\":\"WebSite\",\"@id\":\"https:\/\/www.suno.com.br\/noticias\/#website\",\"url\":\"https:\/\/www.suno.com.br\/noticias\/\",\"name\":\"Suno Not\u00edcias\",\"description\":\"Seu portal de informa\u00e7\u00e3o sobre o mundo dos investimentos\",\"publisher\":{\"@id\":\"https:\/\/www.suno.com.br\/noticias\/#organization\"},\"potentialAction\":[{\"@type\":\"SearchAction\",\"target\":{\"@type\":\"EntryPoint\",\"urlTemplate\":\"https:\/\/www.suno.com.br\/noticias\/?s={search_term_string}\"},\"query-input\":{\"@type\":\"PropertyValueSpecification\",\"valueRequired\":true,\"valueName\":\"search_term_string\"}}],\"inLanguage\":\"pt-BR\"},{\"@type\":\"Organization\",\"@id\":\"https:\/\/www.suno.com.br\/noticias\/#organization\",\"name\":\"Suno Not\u00edcias\",\"url\":\"https:\/\/www.suno.com.br\/noticias\/\",\"logo\":{\"@type\":\"ImageObject\",\"inLanguage\":\"pt-BR\",\"@id\":\"https:\/\/www.suno.com.br\/noticias\/#\/schema\/logo\/image\/\",\"url\":\"https:\/\/files.sunoresearch.com.br\/n\/uploads\/2021\/09\/suno-logo.png\",\"contentUrl\":\"https:\/\/files.sunoresearch.com.br\/n\/uploads\/2021\/09\/suno-logo.png\",\"width\":180,\"height\":180,\"caption\":\"Suno Not\u00edcias\"},\"image\":{\"@id\":\"https:\/\/www.suno.com.br\/noticias\/#\/schema\/logo\/image\/\"},\"sameAs\":[\"https:\/\/facebook.com\/sunoresearch\",\"https:\/\/x.com\/sunoresearch\",\"https:\/\/www.instagram.com\/suno\",\"https:\/\/www.linkedin.com\/company\/suno-research\/\",\"https:\/\/www.youtube.com\/c\/sunoresearch\"]},{\"@type\":\"Person\",\"@id\":\"https:\/\/www.suno.com.br\/noticias\/#\/schema\/person\/6899bc3f19d1a7315f807131c2c013a0\",\"name\":\"Erick Matheus Nery\",\"image\":{\"@type\":\"ImageObject\",\"inLanguage\":\"pt-BR\",\"@id\":\"https:\/\/www.suno.com.br\/noticias\/#\/schema\/person\/image\/\",\"url\":\"https:\/\/secure.gravatar.com\/avatar\/518ddffe438ccb767782d372a66304d2?s=96&r=g\",\"contentUrl\":\"https:\/\/secure.gravatar.com\/avatar\/518ddffe438ccb767782d372a66304d2?s=96&r=g\",\"caption\":\"Erick Matheus Nery\"},\"description\":\"Formado em Jornalismo pela Universidade Federal do Par\u00e1 (UFPA), conta com extens\u00e3o em Jornalismo Econ\u00f4mico pela Funda\u00e7\u00e3o Get\u00falio Vargas (FGV). No Suno Not\u00edcias, atua como rep\u00f3rter de Mercado, com foco nos setores de telecomunica\u00e7\u00f5es, varejo, alimentos e renda fixa. Conta com passagens pelo jornal O Estado de S\u00e3o Paulo, como trainee de Jornalismo Econ\u00f4mico, e pelo site Not\u00edcias da TV.\",\"url\":\"https:\/\/www.suno.com.br\/noticias\/author\/erick-nery\/\"}]}<\/script>\n<!-- \/ Yoast SEO plugin. -->","yoast_head_json":{"title":"Recupera\u00e7\u00e3o judicial vai abrir caixa-preta da Americanas (AMER3); an\u00e1lise","description":"Com um rombo bilion\u00e1rio nas m\u00e3os, a Americanas (AMER3) pode pedir recupera\u00e7\u00e3o judicial a qualquer momento. Veja a an\u00e1lise do caso!","robots":{"index":"index","follow":"follow","max-snippet":"max-snippet:-1","max-image-preview":"max-image-preview:large","max-video-preview":"max-video-preview:-1"},"canonical":"https:\/\/www.suno.com.br\/noticias\/recuperacao-judicial-americanas-amer3-analise\/","og_locale":"pt_BR","og_type":"article","og_title":"Recupera\u00e7\u00e3o judicial vai abrir caixa-preta da Americanas (AMER3); an\u00e1lise","og_description":"Com um rombo bilion\u00e1rio nas m\u00e3os, a Americanas (AMER3) pode pedir recupera\u00e7\u00e3o judicial a qualquer momento. Veja a an\u00e1lise do caso!","og_url":"https:\/\/www.suno.com.br\/noticias\/recuperacao-judicial-americanas-amer3-analise\/","og_site_name":"Suno Not\u00edcias","article_publisher":"https:\/\/facebook.com\/sunoresearch","og_image":[{"width":1200,"height":675,"url":"https:\/\/files.sunoresearch.com.br\/n\/uploads\/2023\/01\/americanas-amer3-recuperacao-judicial-analise-foto-divulgacao.jpg","type":"image\/jpeg"}],"author":"Erick Matheus Nery","twitter_card":"summary_large_image","twitter_creator":"@sunoresearch","twitter_site":"@sunoresearch","twitter_misc":{"Escrito por":"Erick Matheus Nery","Est. tempo de leitura":"3 minutos"},"schema":{"@context":"https:\/\/schema.org","@graph":[{"@type":"NewsArticle","@id":"https:\/\/www.suno.com.br\/noticias\/recuperacao-judicial-americanas-amer3-analise\/#article","isPartOf":{"@id":"https:\/\/www.suno.com.br\/noticias\/recuperacao-judicial-americanas-amer3-analise\/"},"author":{"name":"Erick Matheus Nery","@id":"https:\/\/www.suno.com.br\/noticias\/#\/schema\/person\/6899bc3f19d1a7315f807131c2c013a0"},"headline":"Americanas (AMER3): Recupera\u00e7\u00e3o judicial vai abrir caixa-preta da varejista; an\u00e1lise","datePublished":"2023-01-19T13:47:18+00:00","dateModified":"2023-01-19T13:47:23+00:00","mainEntityOfPage":{"@id":"https:\/\/www.suno.com.br\/noticias\/recuperacao-judicial-americanas-amer3-analise\/"},"wordCount":508,"publisher":{"@id":"https:\/\/www.suno.com.br\/noticias\/#organization"},"image":{"@id":"https:\/\/www.suno.com.br\/noticias\/recuperacao-judicial-americanas-amer3-analise\/#primaryimage"},"thumbnailUrl":"https:\/\/files.sunoresearch.com.br\/n\/uploads\/2023\/01\/americanas-amer3-recuperacao-judicial-analise-foto-divulgacao.jpg","keywords":["A\u00e7\u00f5es","Americanas (AMER3)","Especialistas"],"articleSection":["Neg\u00f3cios"],"inLanguage":"pt-BR"},{"@type":"WebPage","@id":"https:\/\/www.suno.com.br\/noticias\/recuperacao-judicial-americanas-amer3-analise\/","url":"https:\/\/www.suno.com.br\/noticias\/recuperacao-judicial-americanas-amer3-analise\/","name":"Recupera\u00e7\u00e3o judicial vai abrir caixa-preta da Americanas (AMER3); an\u00e1lise","isPartOf":{"@id":"https:\/\/www.suno.com.br\/noticias\/#website"},"primaryImageOfPage":{"@id":"https:\/\/www.suno.com.br\/noticias\/recuperacao-judicial-americanas-amer3-analise\/#primaryimage"},"image":{"@id":"https:\/\/www.suno.com.br\/noticias\/recuperacao-judicial-americanas-amer3-analise\/#primaryimage"},"thumbnailUrl":"https:\/\/files.sunoresearch.com.br\/n\/uploads\/2023\/01\/americanas-amer3-recuperacao-judicial-analise-foto-divulgacao.jpg","datePublished":"2023-01-19T13:47:18+00:00","dateModified":"2023-01-19T13:47:23+00:00","description":"Com um rombo bilion\u00e1rio nas m\u00e3os, a Americanas (AMER3) pode pedir recupera\u00e7\u00e3o judicial a qualquer momento. Veja a an\u00e1lise do caso!","breadcrumb":{"@id":"https:\/\/www.suno.com.br\/noticias\/recuperacao-judicial-americanas-amer3-analise\/#breadcrumb"},"inLanguage":"pt-BR","potentialAction":[{"@type":"ReadAction","target":["https:\/\/www.suno.com.br\/noticias\/recuperacao-judicial-americanas-amer3-analise\/"]}]},{"@type":"ImageObject","inLanguage":"pt-BR","@id":"https:\/\/www.suno.com.br\/noticias\/recuperacao-judicial-americanas-amer3-analise\/#primaryimage","url":"https:\/\/files.sunoresearch.com.br\/n\/uploads\/2023\/01\/americanas-amer3-recuperacao-judicial-analise-foto-divulgacao.jpg","contentUrl":"https:\/\/files.sunoresearch.com.br\/n\/uploads\/2023\/01\/americanas-amer3-recuperacao-judicial-analise-foto-divulgacao.jpg","width":1200,"height":675,"caption":"Americanas (AMER3). Foto: Divulga\u00e7\u00e3o"},{"@type":"BreadcrumbList","@id":"https:\/\/www.suno.com.br\/noticias\/recuperacao-judicial-americanas-amer3-analise\/#breadcrumb","itemListElement":[{"@type":"ListItem","position":1,"name":"Not\u00edcias","item":"https:\/\/www.suno.com.br\/noticias\/"},{"@type":"ListItem","position":2,"name":"Neg\u00f3cios","item":"https:\/\/www.suno.com.br\/noticias\/negocios\/"},{"@type":"ListItem","position":3,"name":"Americanas (AMER3): Recupera\u00e7\u00e3o judicial vai abrir caixa-preta da varejista; an\u00e1lise"}]},{"@type":"WebSite","@id":"https:\/\/www.suno.com.br\/noticias\/#website","url":"https:\/\/www.suno.com.br\/noticias\/","name":"Suno Not\u00edcias","description":"Seu portal de informa\u00e7\u00e3o sobre o mundo dos investimentos","publisher":{"@id":"https:\/\/www.suno.com.br\/noticias\/#organization"},"potentialAction":[{"@type":"SearchAction","target":{"@type":"EntryPoint","urlTemplate":"https:\/\/www.suno.com.br\/noticias\/?s={search_term_string}"},"query-input":{"@type":"PropertyValueSpecification","valueRequired":true,"valueName":"search_term_string"}}],"inLanguage":"pt-BR"},{"@type":"Organization","@id":"https:\/\/www.suno.com.br\/noticias\/#organization","name":"Suno Not\u00edcias","url":"https:\/\/www.suno.com.br\/noticias\/","logo":{"@type":"ImageObject","inLanguage":"pt-BR","@id":"https:\/\/www.suno.com.br\/noticias\/#\/schema\/logo\/image\/","url":"https:\/\/files.sunoresearch.com.br\/n\/uploads\/2021\/09\/suno-logo.png","contentUrl":"https:\/\/files.sunoresearch.com.br\/n\/uploads\/2021\/09\/suno-logo.png","width":180,"height":180,"caption":"Suno Not\u00edcias"},"image":{"@id":"https:\/\/www.suno.com.br\/noticias\/#\/schema\/logo\/image\/"},"sameAs":["https:\/\/facebook.com\/sunoresearch","https:\/\/x.com\/sunoresearch","https:\/\/www.instagram.com\/suno","https:\/\/www.linkedin.com\/company\/suno-research\/","https:\/\/www.youtube.com\/c\/sunoresearch"]},{"@type":"Person","@id":"https:\/\/www.suno.com.br\/noticias\/#\/schema\/person\/6899bc3f19d1a7315f807131c2c013a0","name":"Erick Matheus Nery","image":{"@type":"ImageObject","inLanguage":"pt-BR","@id":"https:\/\/www.suno.com.br\/noticias\/#\/schema\/person\/image\/","url":"https:\/\/secure.gravatar.com\/avatar\/518ddffe438ccb767782d372a66304d2?s=96&r=g","contentUrl":"https:\/\/secure.gravatar.com\/avatar\/518ddffe438ccb767782d372a66304d2?s=96&r=g","caption":"Erick Matheus Nery"},"description":"Formado em Jornalismo pela Universidade Federal do Par\u00e1 (UFPA), conta com extens\u00e3o em Jornalismo Econ\u00f4mico pela Funda\u00e7\u00e3o Get\u00falio Vargas (FGV). No Suno Not\u00edcias, atua como rep\u00f3rter de Mercado, com foco nos setores de telecomunica\u00e7\u00f5es, varejo, alimentos e renda fixa. Conta com passagens pelo jornal O Estado de S\u00e3o Paulo, como trainee de Jornalismo Econ\u00f4mico, e pelo site Not\u00edcias da TV.","url":"https:\/\/www.suno.com.br\/noticias\/author\/erick-nery\/"}]}},"default_loop_html":"<div class=\"cardsPage__listCard__boxs\"><div class=\"cardsPage__listCard__boxs__img\"><a href=\"https:\/\/www.suno.com.br\/noticias\/recuperacao-judicial-americanas-amer3-analise\/\"><img class=\"mask\" src=\"https:\/\/www.suno.com.br\/noticias\/wp-content\/themes\/suno\/resources\/images\/spotlight\/spotlight1img\/bg-mask.png\" alt=\"Image Mask\"\/><img src=\"https:\/\/files.sunoresearch.com.br\/n\/uploads\/2023\/01\/americanas-amer3-recuperacao-judicial-analise-foto-divulgacao-400x200.jpg\" alt=\"Americanas (AMER3): Recupera\u00e7\u00e3o judicial vai abrir caixa-preta da varejista; an\u00e1lise\"\/><\/a><span class=\"spotlightCategory\"><a href=\"https:\/\/www.suno.com.br\/noticias\/negocios\/\">Neg\u00f3cios<\/a><\/span><\/div><div class=\"cardsPage__listCard__boxs__content\"><a href=\"https:\/\/www.suno.com.br\/noticias\/recuperacao-judicial-americanas-amer3-analise\/\"><h2 class=\"content__title\">Americanas (AMER3): Recupera\u00e7\u00e3o judicial vai abrir caixa-preta da varejista; an\u00e1lise<\/h2><\/a><div class=\"newsContent__article__meta\"><div class=\"newsContent__article__meta__authorBox\"><a href=\"https:\/\/www.suno.com.br\/noticias\/author\/beatriz-boyadjian\/\" class=\"authorBox__avatar noMobi\"><img src=\"https:\/\/secure.gravatar.com\/avatar\/4c3c59f4030e268f950437c4f36e38b7?s=96&#038;r=g\" alt=\"Beatriz Boyadjian\"><\/a><div class=\"authorBox__name\"><span>por\n\t\t\t<a href=\"https:\/\/www.suno.com.br\/noticias\/author\/beatriz-boyadjian\/\"><span itemprop=\"author\">Beatriz Boyadjian<\/span><\/a><\/span><time datetime=\"2023-01-19T10:47:18-03:00\" itemprop=\"datePublished\">19\/01\/2023 10:47<\/time><\/div><\/div><\/div><\/div><\/div>","single_layout":"posts","amp_enabled":true,"_links":{"self":[{"href":"https:\/\/www.suno.com.br\/noticias\/wp-json\/wp\/v2\/posts\/349638"}],"collection":[{"href":"https:\/\/www.suno.com.br\/noticias\/wp-json\/wp\/v2\/posts"}],"about":[{"href":"https:\/\/www.suno.com.br\/noticias\/wp-json\/wp\/v2\/types\/post"}],"author":[{"embeddable":true,"href":"https:\/\/www.suno.com.br\/noticias\/wp-json\/wp\/v2\/users\/232"}],"replies":[{"embeddable":true,"href":"https:\/\/www.suno.com.br\/noticias\/wp-json\/wp\/v2\/comments?post=349638"}],"version-history":[{"count":3,"href":"https:\/\/www.suno.com.br\/noticias\/wp-json\/wp\/v2\/posts\/349638\/revisions"}],"predecessor-version":[{"id":349674,"href":"https:\/\/www.suno.com.br\/noticias\/wp-json\/wp\/v2\/posts\/349638\/revisions\/349674"}],"wp:featuredmedia":[{"embeddable":true,"href":"https:\/\/www.suno.com.br\/noticias\/wp-json\/wp\/v2\/media\/349660"}],"wp:attachment":[{"href":"https:\/\/www.suno.com.br\/noticias\/wp-json\/wp\/v2\/media?parent=349638"}],"wp:term":[{"taxonomy":"category","embeddable":true,"href":"https:\/\/www.suno.com.br\/noticias\/wp-json\/wp\/v2\/categories?post=349638"},{"taxonomy":"post_tag","embeddable":true,"href":"https:\/\/www.suno.com.br\/noticias\/wp-json\/wp\/v2\/tags?post=349638"},{"taxonomy":"suno_strategy","embeddable":true,"href":"https:\/\/www.suno.com.br\/noticias\/wp-json\/wp\/v2\/suno_strategy?post=349638"}],"curies":[{"name":"wp","href":"https:\/\/api.w.org\/{rel}","templated":true}]}}