{"id":349613,"date":"2023-01-19T09:00:50","date_gmt":"2023-01-19T12:00:50","guid":{"rendered":"https:\/\/www.suno.com.br\/noticias\/?p=349613"},"modified":"2023-01-19T10:50:44","modified_gmt":"2023-01-19T13:50:44","slug":"americanas-amer3-recuperacao-judicial-pressas","status":"publish","type":"post","link":"https:\/\/www.suno.com.br\/noticias\/americanas-amer3-recuperacao-judicial-pressas\/","title":{"rendered":"Americanas (AMER3) admite que pode pedir recupera\u00e7\u00e3o judicial \u00e0s pressas ap\u00f3s bloqueios dos bancos; a\u00e7\u00f5es derretem 27%"},"content":{"rendered":"<p>Com os recursos bloqueados pelos bancos, a <strong>Americanas (<a href=\"https:\/\/suno.com.br\/acoes\/amer3\/\" target=\"_blank\" rel=\"noreferrer noopener\">AMER3<\/a>)<\/strong> admitiu que pode pedir <a class=\"suno-keyword\" data-force=\"no\" data-priority=\"2\" href=\"https:\/\/www.suno.com.br\/artigos\/recuperacao-judicial\/\" target=\"_blank\" rel=\"noopener\">recupera\u00e7\u00e3o judicial<\/a> \u00e0s pressas nas pr\u00f3ximas horas. Atualmente, o caixa da varejista \u00e9 de R$ 800 milh\u00f5es, e uma parcela significativa deste montante est\u00e1 indispon\u00edvel para movimenta\u00e7\u00e3o nas <a class=\"suno-keyword\" data-force=\"no\" data-priority=\"1\" href=\"https:\/\/www.suno.com.br\/artigos\/instituicoes-financeiras\/\" target=\"_blank\" rel=\"noopener\">institui\u00e7\u00f5es financeiras<\/a>. No intradia, os pap\u00e9is registram queda superior a 27%.<\/p>\t<div class=\"wrapper-featured-image\">\n\t\t<figure class=\"spotlightImg\">\n\n\t\t\t<picture>\n\t\t\t\t<source media=\"(max-width: 768px)\" srcset=\"https:\/\/files.sunoresearch.com.br\/n\/uploads\/2023\/01\/americanas-logo-400x200.jpg\">\n\t\t\t\t<img loading=\"lazy\" decoding=\"async\" class=\"newsContent__article__imgCapa lazyloadDisabled \" src=\"https:\/\/files.sunoresearch.com.br\/n\/uploads\/2023\/01\/americanas-logo-800x450.jpg\" width=\"800\" height=\"450\" alt=\"Americanas (AMER3) admite que pode pedir recupera\u00e7\u00e3o judicial \u00e0s pressas ap\u00f3s bloqueios dos bancos; a\u00e7\u00f5es derretem 27%\" fetchpriority=high \/>\n\t\t\t<\/picture>\n\n\t\t\t<figcaption class=\"wp-caption-text wp-caption-text--show\">Americanas (AMER3). Foto: Divulga\u00e7\u00e3o<\/figcaption>\n\t\t<\/figure>\n\t<\/div>\n\n\n\n\n\n\t<p>\n\t\t<a href=\"\" target=\"_blank\" data-element=\"shortcode-suno-banner\" title=\"Banner SUNO, clique e saiba mais\">\n\t\t\t<picture>\n\t\t\t\t<source media=\"(max-width: 500px)\" srcset=\"\">\n\t\t\t\t<img class=\"newsContent__article__imgCapa newsContent__article__imgCapa--banner\"\n\t\t\t\t\tsrc=\"\"\n\t\t\t\t\tdata-promo-id=\"265277\"\t\t\t\t\t\t\t\t\t\t\t\t\t\t\talt=\"\"\n\t\t\t\t>\n\t\t\t<\/picture>\n\t\t<\/a>\n\t<\/p>\n\n\n\n\n\n<p>&#8220;A administra\u00e7\u00e3o est\u00e1 trabalhando com a possibilidade de, nos pr\u00f3ximos dias ou potencialmente nas pr\u00f3ximas horas, aprovar o ajuizamento, em car\u00e1ter de urg\u00eancia, de pedido de <strong>recupera\u00e7\u00e3o judicial<\/strong>&#8220;, disse Jo\u00e3o Guerra, CEO da varejista, em comunicado enviado \u00e0 Comiss\u00e3o de Valores Mobili\u00e1rios (CVM) na manh\u00e3 desta quinta (19).<\/p>\n\n\n\n<p>No posicionamento, Guerra refor\u00e7ou que &#8220;parcela significativa deste valor [R$ 800 milh\u00f5es] estava injustificadamente indispon\u00edvel para movimenta\u00e7\u00e3o&#8221; na \u00faltima quarta (18).<\/p>\n\n\n\n<p>Ontem, o <a class=\"suno-keyword\" target=\"_blank\" data-force=\"yes\" data-priority=\"2\" href=\"https:\/\/www.suno.com.br\/acoes\/BPAC11\/\" rel=\"noopener\">BTG Pactual (BPAC11)<\/a> conseguiu uma decis\u00e3o judicial que bloqueou R$ 1,2 bilh\u00e3o de recursos da varejista que encontram-se no banco. Al\u00e9m disso, o <a class=\"suno-keyword\" target=\"_blank\" data-force=\"yes\" data-priority=\"2\" href=\"https:\/\/www.suno.com.br\/acoes\/BBDC4\/\" rel=\"noopener\">Bradesco (BBDC4)<\/a> reteve mais de R$ 450 milh\u00f5es do caixa da companhia.<\/p>\n\n\n\t<p>\n\t\t<a href=\"https:\/\/lp.suno.com.br\/planilha-controle-gastos\/\" target=\"_blank\" data-element=\"shortcode-suno-banner\" title=\"Banner SUNO, clique e saiba mais\">\n\t\t\t<picture>\n\t\t\t\t<source media=\"(max-width: 500px)\" srcset=\"https:\/\/files.sunoresearch.com.br\/n\/uploads\/2023\/03\/400x300-Planilha-controle-de-gastos.png\">\n\t\t\t\t<img class=\"newsContent__article__imgCapa newsContent__article__imgCapa--banner\"\n\t\t\t\t\tsrc=\"https:\/\/files.sunoresearch.com.br\/n\/uploads\/2023\/03\/1420x240-Planilha-controle-de-gastos.png\"\n\t\t\t\t\tdata-promo-id=\"101751\"\t\t\t\t\t\t\t\t\t\twidth='1420' height='240'\t\t\t\t\talt=\"https:\/\/files.sunoresearch.com.br\/n\/uploads\/2023\/03\/1420x240-Planilha-controle-de-gastos.png\"\n\t\t\t\t>\n\t\t\t<\/picture>\n\t\t<\/a>\n\t<\/p>\n\n\n\n\n\n<p>&#8220;A companhia vai recorrer da decis\u00e3o, que fere seu esfor\u00e7o na busca por uma solu\u00e7\u00e3o de <a class=\"suno-keyword\" target=\"_blank\" data-force=\"no\" data-priority=\"1\" href=\"https:\/\/www.suno.com.br\/artigos\/curto-prazo\/\" rel=\"noopener\">curto prazo<\/a> com os seus credores, para manter seu compromisso como geradora de milhares de empregos diretos e indiretos, amplo impacto social, fonte produtora e de est\u00edmulo \u00e0 atividade econ\u00f4mica, al\u00e9m de ser uma relevante pagadora de tributos&#8221;, destacou o l\u00edder da empresa.<\/p>\n\n\n\n<p>Ap\u00f3s a revela\u00e7\u00e3o do <strong>rombo cont\u00e1bil na Americanas<\/strong>, a empresa conseguiu uma prote\u00e7\u00e3o judicial que impedia o vencimento antecipado dos d\u00e9bitos e dava 30 dias para o comando da empresa bater o martelo sobre a poss\u00edvel recupera\u00e7\u00e3o judicial. Por\u00e9m, os bancos credores foram \u00e0 Justi\u00e7a questionar o caso, o que culminou nessa reviravolta.<\/p>\n\n\n\n<p>Na semana passada, quando o <strong>esc\u00e2ndalo cont\u00e1bil da Americanas<\/strong> explodiu, o ent\u00e3o CEO <a class=\"suno-keyword\" data-force=\"no\" data-priority=\"2\" href=\"https:\/\/www.suno.com.br\/tudo-sobre\/sergio-rial\/\" target=\"_blank\" rel=\"noopener\">Sergio Rial<\/a> havia dito que a empresa tinha mais de R$ 8 bilh\u00f5es no caixa. <\/p>\n\n\n\n<p>A empresa tamb\u00e9m informou ao mercado que Eduardo Flores ser\u00e1 o novo membro externo do comit\u00ea independente que apura esse rombo bilion\u00e1rio, em substitui\u00e7\u00e3o a Pedro Mello. O novo integrante da equipe \u00e9 doutor em Contabilidade pela FEA-USP e atua como professor do Departamento de Contabilidade e Atu\u00e1ria da mesma institui\u00e7\u00e3o.<\/p>\n\n\n\t<p>\n\t\t<a href=\"https:\/\/lp.suno.com.br\/ebook-como-analisar-uma-acao\/\" target=\"_blank\" data-element=\"shortcode-suno-banner\" title=\"Banner SUNO, clique e saiba mais\">\n\t\t\t<picture>\n\t\t\t\t<source media=\"(max-width: 500px)\" srcset=\"https:\/\/files.sunoresearch.com.br\/n\/uploads\/2023\/03\/Ebook-Acoes-Mobile-1.jpg\">\n\t\t\t\t<img class=\"newsContent__article__imgCapa newsContent__article__imgCapa--banner\"\n\t\t\t\t\tsrc=\"https:\/\/files.sunoresearch.com.br\/n\/uploads\/2023\/03\/Ebook-Acoes-Desktop-1.jpg\"\n\t\t\t\t\tdata-promo-id=\"171998\"\t\t\t\t\t\t\t\t\t\twidth='1420' height='286'\t\t\t\t\talt=\"https:\/\/files.sunoresearch.com.br\/n\/uploads\/2023\/03\/Ebook-Acoes-Desktop-1.jpg\"\n\t\t\t\t>\n\t\t\t<\/picture>\n\t\t<\/a>\n\t<\/p>\n\n\n\n\n\n<h2 class=\"wp-block-heading\" id=\"h-rombo-na-americanas\">Rombo na Americanas<\/h2>\n\n\n\n<p>Na semana passada, a&nbsp;<a href=\"https:\/\/www.suno.com.br\/noticias\/americanas-amer3-inconsistencia-balanco-rial-deixa-presidencia\/\" target=\"_blank\" rel=\"noreferrer noopener\">Americanas revelou um rombo cont\u00e1bil de R$ 20 bilh\u00f5es<\/a>, o que culminou na sa\u00edda de&nbsp;Sergio Rial&nbsp;do comando da varejista nove dias ap\u00f3s assumir como CEO.<\/p>\n\n\n\n\t<div data-element=\"shortcode-read-more\" class=\"readToo\">\n\t\t\t\t<span class=\"readToo__title\">Leia mais<\/span>\n\t\t\t\t<ul class=\"readToo__list\">\n\t\t\t<li><a href=\"https:\/\/www.suno.com.br\/noticias\/americanas-amer3-caixa-800-milhoes-diz-jornal\/\">Americanas (AMER3): caixa passou de R$ 7,8 bi para R$ 800 milh\u00f5es, diz jornal<\/a><\/li><li><a href=\"https:\/\/www.suno.com.br\/noticias\/americanas-amer3-porta-bancos-divida-bilionaria\/\">Americanas (AMER3) bate na porta dos bancos e retoma conversas para renegociar d\u00edvida bilion\u00e1ria<\/a><\/li><li><a href=\"https:\/\/www.suno.com.br\/noticias\/americanas-amer3-contrata-contrata-cfo-tim-tims3\/\">Americanas (AMER3) contrata Camille Faria, ent\u00e3o CFO da TIM (TIMS3)<\/a><\/li>\t\t<\/ul>\n\t<\/div>\n\n\n\n\n<p>Entre as \u00faltimas movimenta\u00e7\u00f5es da empresa nesta crise, destacam-se a contrata\u00e7\u00e3o do banco<a href=\"https:\/\/www.suno.com.br\/noticias\/americanas-amer3-contratacao-rothschildeco-renegociacao\/\" target=\"_blank\" rel=\"noreferrer noopener\"> Rothschild &amp; Co<\/a> para liderar as renegocia\u00e7\u00f5es de d\u00edvidas no Brasil e no exterior, al\u00e9m da contrata\u00e7\u00e3o de Camille Faria como nova CFO da companhia. A ex-TIM Brasil (TIMS3) j\u00e1 trabalhou em empresas no regime de recupera\u00e7\u00e3o fiscal, como a <a class=\"suno-keyword\" target=\"_blank\" data-force=\"yes\" data-priority=\"2\" href=\"https:\/\/www.suno.com.br\/acoes\/OIBR3\/\" rel=\"noopener\">Oi (OIBR3)<\/a>.<\/p>\n\n\n\n<p>Segundo o Status Invest, neste m\u00eas, as a\u00e7\u00f5es da <strong>Americanas<\/strong> desabaram 83,83% na bolsa de valores. Por volta das 10h50, os pap\u00e9is voltaram a ser leiloados, e as a\u00e7\u00f5es registravam queda de 27,59%.<\/p>\n\n\n\t<p>\n\t\t<a href=\"https:\/\/lp.suno.com.br\/planilha-de-controle-de-investimentos\/\" target=\"_blank\" data-element=\"shortcode-suno-banner\" title=\"Banner SUNO, clique e saiba mais\">\n\t\t\t<picture>\n\t\t\t\t<source media=\"(max-width: 500px)\" srcset=\"https:\/\/files.sunoresearch.com.br\/n\/uploads\/2023\/03\/400x300-Controle-de-Investimentos.png\">\n\t\t\t\t<img class=\"newsContent__article__imgCapa newsContent__article__imgCapa--banner\"\n\t\t\t\t\tsrc=\"https:\/\/files.sunoresearch.com.br\/n\/uploads\/2023\/03\/1420x240-Controle-de-Investimentos.png\"\n\t\t\t\t\tdata-promo-id=\"75934\"\t\t\t\t\t\t\t\t\t\twidth='1420' height='240'\t\t\t\t\talt=\"https:\/\/files.sunoresearch.com.br\/n\/uploads\/2023\/03\/1420x240-Controle-de-Investimentos.png\"\n\t\t\t\t>\n\t\t\t<\/picture>\n\t\t<\/a>\n\t<\/p>\n\n\n","protected":false},"excerpt":{"rendered":"<p>Com os recursos bloqueados pelos bancos, a Americanas (AMER3) admitiu que pode pedir recupera\u00e7\u00e3o judicial \u00e0s pressas nas pr\u00f3ximas horas. Atualmente, o caixa da varejista \u00e9 de R$ 800 milh\u00f5es, e uma parcela significativa deste montante est\u00e1 indispon\u00edvel para movimenta\u00e7\u00e3o nas institui\u00e7\u00f5es financeiras. No intradia, os pap\u00e9is registram queda superior a 27%. Americanas (AMER3). Foto: [&hellip;]<\/p>\n","protected":false},"author":232,"featured_media":346148,"comment_status":"closed","ping_status":"closed","sticky":false,"template":"","format":"standard","meta":[],"categories":[60],"tags":[286,106605,314],"suno_strategy":[],"class_list":["post-349613","post","type-post","status-publish","format-standard","has-post-thumbnail","hentry","category-mercado","tag-acoes","tag-americanas-s-a-amer3","tag-recuperacao-judicial"],"yoast_head":"<!-- This site is optimized with the Yoast SEO plugin v24.4 - https:\/\/yoast.com\/wordpress\/plugins\/seo\/ -->\n<title>Americanas (AMER3) pode pedir recupera\u00e7\u00e3o judicial \u00e0s pressas<\/title>\n<meta name=\"description\" content=\"Com os recursos bloqueados pelos bancos, a Americanas (AMER3) admitiu que pode pedir recupera\u00e7\u00e3o judicial \u00e0s pressas nas pr\u00f3ximas horas\" \/>\n<meta name=\"robots\" content=\"index, follow, max-snippet:-1, max-image-preview:large, max-video-preview:-1\" \/>\n<link rel=\"canonical\" href=\"https:\/\/www.suno.com.br\/noticias\/americanas-amer3-recuperacao-judicial-pressas\/\" \/>\n<meta property=\"og:locale\" content=\"pt_BR\" \/>\n<meta property=\"og:type\" content=\"article\" \/>\n<meta property=\"og:title\" content=\"Americanas (AMER3) pode pedir recupera\u00e7\u00e3o judicial \u00e0s pressas\" \/>\n<meta property=\"og:description\" content=\"Com os recursos bloqueados pelos bancos, a Americanas (AMER3) admitiu que pode pedir recupera\u00e7\u00e3o judicial \u00e0s pressas nas pr\u00f3ximas horas\" \/>\n<meta property=\"og:url\" content=\"https:\/\/www.suno.com.br\/noticias\/americanas-amer3-recuperacao-judicial-pressas\/\" \/>\n<meta property=\"og:site_name\" content=\"Suno Not\u00edcias\" \/>\n<meta property=\"article:publisher\" content=\"https:\/\/facebook.com\/sunoresearch\" \/>\n<meta property=\"og:image\" content=\"https:\/\/files.sunoresearch.com.br\/n\/uploads\/2023\/01\/americanas-logo.jpg\" \/>\n\t<meta property=\"og:image:width\" content=\"1200\" \/>\n\t<meta property=\"og:image:height\" content=\"800\" \/>\n\t<meta property=\"og:image:type\" content=\"image\/jpeg\" \/>\n<meta name=\"author\" content=\"Erick Matheus Nery\" \/>\n<meta name=\"twitter:card\" content=\"summary_large_image\" \/>\n<meta name=\"twitter:creator\" content=\"@sunoresearch\" \/>\n<meta name=\"twitter:site\" content=\"@sunoresearch\" \/>\n<meta name=\"twitter:label1\" content=\"Escrito por\" \/>\n\t<meta name=\"twitter:data1\" content=\"Erick Matheus Nery\" \/>\n\t<meta name=\"twitter:label2\" content=\"Est. tempo de leitura\" \/>\n\t<meta name=\"twitter:data2\" content=\"3 minutos\" \/>\n<script type=\"application\/ld+json\" class=\"yoast-schema-graph\">{\"@context\":\"https:\/\/schema.org\",\"@graph\":[{\"@type\":\"NewsArticle\",\"@id\":\"https:\/\/www.suno.com.br\/noticias\/americanas-amer3-recuperacao-judicial-pressas\/#article\",\"isPartOf\":{\"@id\":\"https:\/\/www.suno.com.br\/noticias\/americanas-amer3-recuperacao-judicial-pressas\/\"},\"author\":{\"name\":\"Erick Matheus Nery\",\"@id\":\"https:\/\/www.suno.com.br\/noticias\/#\/schema\/person\/6899bc3f19d1a7315f807131c2c013a0\"},\"headline\":\"Americanas (AMER3) admite que pode pedir recupera\u00e7\u00e3o judicial \u00e0s pressas ap\u00f3s bloqueios dos bancos; a\u00e7\u00f5es derretem 27%\",\"datePublished\":\"2023-01-19T12:00:50+00:00\",\"dateModified\":\"2023-01-19T13:50:44+00:00\",\"mainEntityOfPage\":{\"@id\":\"https:\/\/www.suno.com.br\/noticias\/americanas-amer3-recuperacao-judicial-pressas\/\"},\"wordCount\":552,\"publisher\":{\"@id\":\"https:\/\/www.suno.com.br\/noticias\/#organization\"},\"image\":{\"@id\":\"https:\/\/www.suno.com.br\/noticias\/americanas-amer3-recuperacao-judicial-pressas\/#primaryimage\"},\"thumbnailUrl\":\"https:\/\/files.sunoresearch.com.br\/n\/uploads\/2023\/01\/americanas-logo.jpg\",\"keywords\":[\"A\u00e7\u00f5es\",\"Americanas (AMER3)\",\"recupera\u00e7\u00e3o judicial\"],\"articleSection\":[\"Mercado\"],\"inLanguage\":\"pt-BR\"},{\"@type\":\"WebPage\",\"@id\":\"https:\/\/www.suno.com.br\/noticias\/americanas-amer3-recuperacao-judicial-pressas\/\",\"url\":\"https:\/\/www.suno.com.br\/noticias\/americanas-amer3-recuperacao-judicial-pressas\/\",\"name\":\"Americanas (AMER3) pode pedir recupera\u00e7\u00e3o judicial \u00e0s pressas\",\"isPartOf\":{\"@id\":\"https:\/\/www.suno.com.br\/noticias\/#website\"},\"primaryImageOfPage\":{\"@id\":\"https:\/\/www.suno.com.br\/noticias\/americanas-amer3-recuperacao-judicial-pressas\/#primaryimage\"},\"image\":{\"@id\":\"https:\/\/www.suno.com.br\/noticias\/americanas-amer3-recuperacao-judicial-pressas\/#primaryimage\"},\"thumbnailUrl\":\"https:\/\/files.sunoresearch.com.br\/n\/uploads\/2023\/01\/americanas-logo.jpg\",\"datePublished\":\"2023-01-19T12:00:50+00:00\",\"dateModified\":\"2023-01-19T13:50:44+00:00\",\"description\":\"Com os recursos bloqueados pelos bancos, a Americanas (AMER3) admitiu que pode pedir recupera\u00e7\u00e3o judicial \u00e0s pressas nas pr\u00f3ximas horas\",\"breadcrumb\":{\"@id\":\"https:\/\/www.suno.com.br\/noticias\/americanas-amer3-recuperacao-judicial-pressas\/#breadcrumb\"},\"inLanguage\":\"pt-BR\",\"potentialAction\":[{\"@type\":\"ReadAction\",\"target\":[\"https:\/\/www.suno.com.br\/noticias\/americanas-amer3-recuperacao-judicial-pressas\/\"]}]},{\"@type\":\"ImageObject\",\"inLanguage\":\"pt-BR\",\"@id\":\"https:\/\/www.suno.com.br\/noticias\/americanas-amer3-recuperacao-judicial-pressas\/#primaryimage\",\"url\":\"https:\/\/files.sunoresearch.com.br\/n\/uploads\/2023\/01\/americanas-logo.jpg\",\"contentUrl\":\"https:\/\/files.sunoresearch.com.br\/n\/uploads\/2023\/01\/americanas-logo.jpg\",\"width\":1200,\"height\":800,\"caption\":\"Americanas (AMER3). Foto: Divulga\u00e7\u00e3o\"},{\"@type\":\"BreadcrumbList\",\"@id\":\"https:\/\/www.suno.com.br\/noticias\/americanas-amer3-recuperacao-judicial-pressas\/#breadcrumb\",\"itemListElement\":[{\"@type\":\"ListItem\",\"position\":1,\"name\":\"Not\u00edcias\",\"item\":\"https:\/\/www.suno.com.br\/noticias\/\"},{\"@type\":\"ListItem\",\"position\":2,\"name\":\"Mercado\",\"item\":\"https:\/\/www.suno.com.br\/noticias\/mercado\/\"},{\"@type\":\"ListItem\",\"position\":3,\"name\":\"Americanas (AMER3) admite que pode pedir recupera\u00e7\u00e3o judicial \u00e0s pressas ap\u00f3s bloqueios dos bancos; a\u00e7\u00f5es derretem 27%\"}]},{\"@type\":\"WebSite\",\"@id\":\"https:\/\/www.suno.com.br\/noticias\/#website\",\"url\":\"https:\/\/www.suno.com.br\/noticias\/\",\"name\":\"Suno Not\u00edcias\",\"description\":\"Seu portal de informa\u00e7\u00e3o sobre o mundo dos investimentos\",\"publisher\":{\"@id\":\"https:\/\/www.suno.com.br\/noticias\/#organization\"},\"potentialAction\":[{\"@type\":\"SearchAction\",\"target\":{\"@type\":\"EntryPoint\",\"urlTemplate\":\"https:\/\/www.suno.com.br\/noticias\/?s={search_term_string}\"},\"query-input\":{\"@type\":\"PropertyValueSpecification\",\"valueRequired\":true,\"valueName\":\"search_term_string\"}}],\"inLanguage\":\"pt-BR\"},{\"@type\":\"Organization\",\"@id\":\"https:\/\/www.suno.com.br\/noticias\/#organization\",\"name\":\"Suno Not\u00edcias\",\"url\":\"https:\/\/www.suno.com.br\/noticias\/\",\"logo\":{\"@type\":\"ImageObject\",\"inLanguage\":\"pt-BR\",\"@id\":\"https:\/\/www.suno.com.br\/noticias\/#\/schema\/logo\/image\/\",\"url\":\"https:\/\/files.sunoresearch.com.br\/n\/uploads\/2021\/09\/suno-logo.png\",\"contentUrl\":\"https:\/\/files.sunoresearch.com.br\/n\/uploads\/2021\/09\/suno-logo.png\",\"width\":180,\"height\":180,\"caption\":\"Suno Not\u00edcias\"},\"image\":{\"@id\":\"https:\/\/www.suno.com.br\/noticias\/#\/schema\/logo\/image\/\"},\"sameAs\":[\"https:\/\/facebook.com\/sunoresearch\",\"https:\/\/x.com\/sunoresearch\",\"https:\/\/www.instagram.com\/suno\",\"https:\/\/www.linkedin.com\/company\/suno-research\/\",\"https:\/\/www.youtube.com\/c\/sunoresearch\"]},{\"@type\":\"Person\",\"@id\":\"https:\/\/www.suno.com.br\/noticias\/#\/schema\/person\/6899bc3f19d1a7315f807131c2c013a0\",\"name\":\"Erick Matheus Nery\",\"image\":{\"@type\":\"ImageObject\",\"inLanguage\":\"pt-BR\",\"@id\":\"https:\/\/www.suno.com.br\/noticias\/#\/schema\/person\/image\/\",\"url\":\"https:\/\/secure.gravatar.com\/avatar\/518ddffe438ccb767782d372a66304d2?s=96&r=g\",\"contentUrl\":\"https:\/\/secure.gravatar.com\/avatar\/518ddffe438ccb767782d372a66304d2?s=96&r=g\",\"caption\":\"Erick Matheus Nery\"},\"description\":\"Formado em Jornalismo pela Universidade Federal do Par\u00e1 (UFPA), conta com extens\u00e3o em Jornalismo Econ\u00f4mico pela Funda\u00e7\u00e3o Get\u00falio Vargas (FGV). No Suno Not\u00edcias, atua como rep\u00f3rter de Mercado, com foco nos setores de telecomunica\u00e7\u00f5es, varejo, alimentos e renda fixa. Conta com passagens pelo jornal O Estado de S\u00e3o Paulo, como trainee de Jornalismo Econ\u00f4mico, e pelo site Not\u00edcias da TV.\",\"url\":\"https:\/\/www.suno.com.br\/noticias\/author\/erick-nery\/\"}]}<\/script>\n<!-- \/ Yoast SEO plugin. -->","yoast_head_json":{"title":"Americanas (AMER3) pode pedir recupera\u00e7\u00e3o judicial \u00e0s pressas","description":"Com os recursos bloqueados pelos bancos, a Americanas (AMER3) admitiu que pode pedir recupera\u00e7\u00e3o judicial \u00e0s pressas nas pr\u00f3ximas horas","robots":{"index":"index","follow":"follow","max-snippet":"max-snippet:-1","max-image-preview":"max-image-preview:large","max-video-preview":"max-video-preview:-1"},"canonical":"https:\/\/www.suno.com.br\/noticias\/americanas-amer3-recuperacao-judicial-pressas\/","og_locale":"pt_BR","og_type":"article","og_title":"Americanas (AMER3) pode pedir recupera\u00e7\u00e3o judicial \u00e0s pressas","og_description":"Com os recursos bloqueados pelos bancos, a Americanas (AMER3) admitiu que pode pedir recupera\u00e7\u00e3o judicial \u00e0s pressas nas pr\u00f3ximas horas","og_url":"https:\/\/www.suno.com.br\/noticias\/americanas-amer3-recuperacao-judicial-pressas\/","og_site_name":"Suno Not\u00edcias","article_publisher":"https:\/\/facebook.com\/sunoresearch","og_image":[{"width":1200,"height":800,"url":"https:\/\/files.sunoresearch.com.br\/n\/uploads\/2023\/01\/americanas-logo.jpg","type":"image\/jpeg"}],"author":"Erick Matheus Nery","twitter_card":"summary_large_image","twitter_creator":"@sunoresearch","twitter_site":"@sunoresearch","twitter_misc":{"Escrito por":"Erick Matheus Nery","Est. tempo de leitura":"3 minutos"},"schema":{"@context":"https:\/\/schema.org","@graph":[{"@type":"NewsArticle","@id":"https:\/\/www.suno.com.br\/noticias\/americanas-amer3-recuperacao-judicial-pressas\/#article","isPartOf":{"@id":"https:\/\/www.suno.com.br\/noticias\/americanas-amer3-recuperacao-judicial-pressas\/"},"author":{"name":"Erick Matheus Nery","@id":"https:\/\/www.suno.com.br\/noticias\/#\/schema\/person\/6899bc3f19d1a7315f807131c2c013a0"},"headline":"Americanas (AMER3) admite que pode pedir recupera\u00e7\u00e3o judicial \u00e0s pressas ap\u00f3s bloqueios dos bancos; a\u00e7\u00f5es derretem 27%","datePublished":"2023-01-19T12:00:50+00:00","dateModified":"2023-01-19T13:50:44+00:00","mainEntityOfPage":{"@id":"https:\/\/www.suno.com.br\/noticias\/americanas-amer3-recuperacao-judicial-pressas\/"},"wordCount":552,"publisher":{"@id":"https:\/\/www.suno.com.br\/noticias\/#organization"},"image":{"@id":"https:\/\/www.suno.com.br\/noticias\/americanas-amer3-recuperacao-judicial-pressas\/#primaryimage"},"thumbnailUrl":"https:\/\/files.sunoresearch.com.br\/n\/uploads\/2023\/01\/americanas-logo.jpg","keywords":["A\u00e7\u00f5es","Americanas (AMER3)","recupera\u00e7\u00e3o judicial"],"articleSection":["Mercado"],"inLanguage":"pt-BR"},{"@type":"WebPage","@id":"https:\/\/www.suno.com.br\/noticias\/americanas-amer3-recuperacao-judicial-pressas\/","url":"https:\/\/www.suno.com.br\/noticias\/americanas-amer3-recuperacao-judicial-pressas\/","name":"Americanas (AMER3) pode pedir recupera\u00e7\u00e3o judicial \u00e0s pressas","isPartOf":{"@id":"https:\/\/www.suno.com.br\/noticias\/#website"},"primaryImageOfPage":{"@id":"https:\/\/www.suno.com.br\/noticias\/americanas-amer3-recuperacao-judicial-pressas\/#primaryimage"},"image":{"@id":"https:\/\/www.suno.com.br\/noticias\/americanas-amer3-recuperacao-judicial-pressas\/#primaryimage"},"thumbnailUrl":"https:\/\/files.sunoresearch.com.br\/n\/uploads\/2023\/01\/americanas-logo.jpg","datePublished":"2023-01-19T12:00:50+00:00","dateModified":"2023-01-19T13:50:44+00:00","description":"Com os recursos bloqueados pelos bancos, a Americanas (AMER3) admitiu que pode pedir recupera\u00e7\u00e3o judicial \u00e0s pressas nas pr\u00f3ximas horas","breadcrumb":{"@id":"https:\/\/www.suno.com.br\/noticias\/americanas-amer3-recuperacao-judicial-pressas\/#breadcrumb"},"inLanguage":"pt-BR","potentialAction":[{"@type":"ReadAction","target":["https:\/\/www.suno.com.br\/noticias\/americanas-amer3-recuperacao-judicial-pressas\/"]}]},{"@type":"ImageObject","inLanguage":"pt-BR","@id":"https:\/\/www.suno.com.br\/noticias\/americanas-amer3-recuperacao-judicial-pressas\/#primaryimage","url":"https:\/\/files.sunoresearch.com.br\/n\/uploads\/2023\/01\/americanas-logo.jpg","contentUrl":"https:\/\/files.sunoresearch.com.br\/n\/uploads\/2023\/01\/americanas-logo.jpg","width":1200,"height":800,"caption":"Americanas (AMER3). Foto: Divulga\u00e7\u00e3o"},{"@type":"BreadcrumbList","@id":"https:\/\/www.suno.com.br\/noticias\/americanas-amer3-recuperacao-judicial-pressas\/#breadcrumb","itemListElement":[{"@type":"ListItem","position":1,"name":"Not\u00edcias","item":"https:\/\/www.suno.com.br\/noticias\/"},{"@type":"ListItem","position":2,"name":"Mercado","item":"https:\/\/www.suno.com.br\/noticias\/mercado\/"},{"@type":"ListItem","position":3,"name":"Americanas (AMER3) admite que pode pedir recupera\u00e7\u00e3o judicial \u00e0s pressas ap\u00f3s bloqueios dos bancos; a\u00e7\u00f5es derretem 27%"}]},{"@type":"WebSite","@id":"https:\/\/www.suno.com.br\/noticias\/#website","url":"https:\/\/www.suno.com.br\/noticias\/","name":"Suno Not\u00edcias","description":"Seu portal de informa\u00e7\u00e3o sobre o mundo dos investimentos","publisher":{"@id":"https:\/\/www.suno.com.br\/noticias\/#organization"},"potentialAction":[{"@type":"SearchAction","target":{"@type":"EntryPoint","urlTemplate":"https:\/\/www.suno.com.br\/noticias\/?s={search_term_string}"},"query-input":{"@type":"PropertyValueSpecification","valueRequired":true,"valueName":"search_term_string"}}],"inLanguage":"pt-BR"},{"@type":"Organization","@id":"https:\/\/www.suno.com.br\/noticias\/#organization","name":"Suno Not\u00edcias","url":"https:\/\/www.suno.com.br\/noticias\/","logo":{"@type":"ImageObject","inLanguage":"pt-BR","@id":"https:\/\/www.suno.com.br\/noticias\/#\/schema\/logo\/image\/","url":"https:\/\/files.sunoresearch.com.br\/n\/uploads\/2021\/09\/suno-logo.png","contentUrl":"https:\/\/files.sunoresearch.com.br\/n\/uploads\/2021\/09\/suno-logo.png","width":180,"height":180,"caption":"Suno Not\u00edcias"},"image":{"@id":"https:\/\/www.suno.com.br\/noticias\/#\/schema\/logo\/image\/"},"sameAs":["https:\/\/facebook.com\/sunoresearch","https:\/\/x.com\/sunoresearch","https:\/\/www.instagram.com\/suno","https:\/\/www.linkedin.com\/company\/suno-research\/","https:\/\/www.youtube.com\/c\/sunoresearch"]},{"@type":"Person","@id":"https:\/\/www.suno.com.br\/noticias\/#\/schema\/person\/6899bc3f19d1a7315f807131c2c013a0","name":"Erick Matheus Nery","image":{"@type":"ImageObject","inLanguage":"pt-BR","@id":"https:\/\/www.suno.com.br\/noticias\/#\/schema\/person\/image\/","url":"https:\/\/secure.gravatar.com\/avatar\/518ddffe438ccb767782d372a66304d2?s=96&r=g","contentUrl":"https:\/\/secure.gravatar.com\/avatar\/518ddffe438ccb767782d372a66304d2?s=96&r=g","caption":"Erick Matheus Nery"},"description":"Formado em Jornalismo pela Universidade Federal do Par\u00e1 (UFPA), conta com extens\u00e3o em Jornalismo Econ\u00f4mico pela Funda\u00e7\u00e3o Get\u00falio Vargas (FGV). No Suno Not\u00edcias, atua como rep\u00f3rter de Mercado, com foco nos setores de telecomunica\u00e7\u00f5es, varejo, alimentos e renda fixa. Conta com passagens pelo jornal O Estado de S\u00e3o Paulo, como trainee de Jornalismo Econ\u00f4mico, e pelo site Not\u00edcias da TV.","url":"https:\/\/www.suno.com.br\/noticias\/author\/erick-nery\/"}]}},"default_loop_html":"<div class=\"cardsPage__listCard__boxs\"><div class=\"cardsPage__listCard__boxs__img\"><a href=\"https:\/\/www.suno.com.br\/noticias\/americanas-amer3-recuperacao-judicial-pressas\/\"><img class=\"mask\" src=\"https:\/\/www.suno.com.br\/noticias\/wp-content\/themes\/suno\/resources\/images\/spotlight\/spotlight1img\/bg-mask.png\" alt=\"Image Mask\"\/><img src=\"https:\/\/files.sunoresearch.com.br\/n\/uploads\/2023\/01\/americanas-logo-400x200.jpg\" alt=\"Americanas (AMER3) admite que pode pedir recupera\u00e7\u00e3o judicial \u00e0s pressas ap\u00f3s bloqueios dos bancos; a\u00e7\u00f5es derretem 27%\"\/><\/a><span class=\"spotlightCategory\"><a href=\"https:\/\/www.suno.com.br\/noticias\/mercado\/\">Mercado<\/a><\/span><\/div><div class=\"cardsPage__listCard__boxs__content\"><a href=\"https:\/\/www.suno.com.br\/noticias\/americanas-amer3-recuperacao-judicial-pressas\/\"><h2 class=\"content__title\">Americanas (AMER3) admite que pode pedir recupera\u00e7\u00e3o judicial \u00e0s pressas ap\u00f3s bloqueios dos bancos; a\u00e7\u00f5es derretem 27%<\/h2><\/a><div class=\"newsContent__article__meta\"><div class=\"newsContent__article__meta__authorBox\"><a href=\"https:\/\/www.suno.com.br\/noticias\/author\/janize-colaco\/\" class=\"authorBox__avatar noMobi\"><img src=\"https:\/\/files.sunoresearch.com.br\/n\/uploads\/2022\/11\/20221120_111807-1-150x150.jpg\" alt=\"Janize Cola\u00e7o\"><\/a><div class=\"authorBox__name\"><span>por\n\t\t\t<a href=\"https:\/\/www.suno.com.br\/noticias\/author\/janize-colaco\/\"><span itemprop=\"author\">Janize Cola\u00e7o<\/span><\/a><\/span><time datetime=\"2023-01-19T09:00:50-03:00\" itemprop=\"datePublished\">19\/01\/2023 09:00<\/time><\/div><\/div><\/div><\/div><\/div>","single_layout":"posts","amp_enabled":true,"_links":{"self":[{"href":"https:\/\/www.suno.com.br\/noticias\/wp-json\/wp\/v2\/posts\/349613"}],"collection":[{"href":"https:\/\/www.suno.com.br\/noticias\/wp-json\/wp\/v2\/posts"}],"about":[{"href":"https:\/\/www.suno.com.br\/noticias\/wp-json\/wp\/v2\/types\/post"}],"author":[{"embeddable":true,"href":"https:\/\/www.suno.com.br\/noticias\/wp-json\/wp\/v2\/users\/232"}],"replies":[{"embeddable":true,"href":"https:\/\/www.suno.com.br\/noticias\/wp-json\/wp\/v2\/comments?post=349613"}],"version-history":[{"count":2,"href":"https:\/\/www.suno.com.br\/noticias\/wp-json\/wp\/v2\/posts\/349613\/revisions"}],"predecessor-version":[{"id":349677,"href":"https:\/\/www.suno.com.br\/noticias\/wp-json\/wp\/v2\/posts\/349613\/revisions\/349677"}],"wp:featuredmedia":[{"embeddable":true,"href":"https:\/\/www.suno.com.br\/noticias\/wp-json\/wp\/v2\/media\/346148"}],"wp:attachment":[{"href":"https:\/\/www.suno.com.br\/noticias\/wp-json\/wp\/v2\/media?parent=349613"}],"wp:term":[{"taxonomy":"category","embeddable":true,"href":"https:\/\/www.suno.com.br\/noticias\/wp-json\/wp\/v2\/categories?post=349613"},{"taxonomy":"post_tag","embeddable":true,"href":"https:\/\/www.suno.com.br\/noticias\/wp-json\/wp\/v2\/tags?post=349613"},{"taxonomy":"suno_strategy","embeddable":true,"href":"https:\/\/www.suno.com.br\/noticias\/wp-json\/wp\/v2\/suno_strategy?post=349613"}],"curies":[{"name":"wp","href":"https:\/\/api.w.org\/{rel}","templated":true}]}}