{"id":34952,"date":"2019-08-22T12:44:20","date_gmt":"2019-08-22T15:44:20","guid":{"rendered":"https:\/\/www.suno.com.br\/noticias\/?p=34952"},"modified":"2021-02-17T22:47:56","modified_gmt":"2021-02-18T01:47:56","slug":"bc-injeta-750-milhoes-de-dolares-no-mercado","status":"publish","type":"post","link":"https:\/\/www.suno.com.br\/noticias\/bc-injeta-750-milhoes-de-dolares-no-mercado\/","title":{"rendered":"BC injeta US$ 750 milh\u00f5es no mercado financeiro em dois dias"},"content":{"rendered":"<p>Em apenas dois dias, o <strong>Banco Central<\/strong> (BC) injetou US$ 750 milh\u00f5es ao mercado financeiro. No intuito de aumentar a oferta da moeda norte-americana \u00e0s empresas brasileiras, a opera\u00e7\u00e3o de ontem (21) foi finalizada com a venda de U$ 200 milh\u00f5es. Na manh\u00e3 desta quinta-feira (22), foram vendidos U$ 550 milh\u00f5es, o total dispon\u00edvel.<\/p>\t<div class=\"wrapper-featured-image\">\n\t\t<figure class=\"spotlightImg\">\n\n\t\t\t<picture>\n\t\t\t\t<source media=\"(max-width: 768px)\" srcset=\"https:\/\/files.sunoresearch.com.br\/n\/uploads\/2019\/03\/2e0f1850-taxa-selic-400x200.webp\">\n\t\t\t\t<img loading=\"lazy\" decoding=\"async\" class=\"newsContent__article__imgCapa lazyloadDisabled newsContent__article__imgCapa--noCaption\" src=\"https:\/\/files.sunoresearch.com.br\/n\/uploads\/2019\/03\/2e0f1850-taxa-selic-800x450.webp\" width=\"800\" height=\"450\" alt=\"BC injeta US$ 750 milh\u00f5es no mercado financeiro em dois dias\" fetchpriority=high \/>\n\t\t\t<\/picture>\n\n\t\t\t<figcaption class=\"wp-caption-text wp-caption-text--hide\">O diretor do BC realizou uma defesa da manuten\u00e7\u00e3o do teto de gastos<\/figcaption>\n\t\t<\/figure>\n\t<\/div>\n\n\n<p>At\u00e9 o dia 29, o <strong>BC<\/strong> pretende ofertar diariamente <strong>U$ 550 milh\u00f5es<\/strong> ao mercado para aumentar a disponibilidade da moeda no sistema financeiro.<\/p>\n\n<p>Nos \u00faltimos meses, as empresas brasileiras est\u00e3o quitando as suas d\u00edvidas no exterior com a moeda estrangeira e captando cr\u00e9dito aqui no Brasil, &#8220;rolando&#8221; os seus compromissos. Com os leil\u00f5es di\u00e1rias, o BC tenta evitar que a demanda maior pressione o pre\u00e7o do d\u00f3lar, causando distor\u00e7\u00f5es. Somente em agosto, o pre\u00e7o do d\u00f3lar \u00e0 vista subiu mais de 5% em rela\u00e7\u00e3o ao real.<\/p>\n<p>No total dos dois dias, os US$ 750 milh\u00f5es negociados pelo Banco Central sa\u00edram diretamente das reservas internacionais do Brasil, que est\u00e1 contabilizada em US$ 389 bilh\u00f5es. Embora a quantia retirada seja pequena proporcionalmente, o <strong>BC<\/strong> montou um plano para evitar que, com a negocia\u00e7\u00e3o dos d\u00f3lares \u00e0 vista, haja um volume dispon\u00edvel inferior ao necess\u00e1rio para que o Pa\u00eds pode enfrentar uma crise global.<\/p>\n<h2>Medidas do BC para conter o c\u00e2mbio<\/h2>\n<p>Paralelamente ao leil\u00e3o dos d\u00f3lares \u00e0 vista, o Banco Central realizou um leil\u00e3o de <a href=\"https:\/\/www.suno.com.br\/artigos\/swap-cambial-reverso\/\"><strong>swap cambial reverso<\/strong><\/a> &#8211; contrato atrelado ao c\u00e2mbio que equivale a compra de d\u00f3lares no mercado futuro.<\/p>\n<p>Ontem (21), foram vendidos U$ 200 milh\u00f5es no leil\u00e3o \u00e0 vista, U$ 200 milh\u00f5es tamb\u00e9m na opera\u00e7\u00e3o com swap reverso, o BC ainda realizou um leil\u00e3o de <strong><a href=\"https:\/\/www.suno.com.br\/artigos\/swap-cambial\/\">swap tradicional<\/a><\/strong>, completando a a\u00e7\u00e3o do dia.<\/p>\n\t<p>\n\t\t<a href=\"https:\/\/www.seculus.com.br\/blackfriday\" target=\"_blank\" data-element=\"shortcode-suno-banner\" title=\"Banner SUNO, clique e saiba mais\">\n\t\t\t<picture>\n\t\t\t\t<source media=\"(max-width: 500px)\" srcset=\"https:\/\/files.sunoresearch.com.br\/n\/uploads\/2023\/11\/seculus_suno_mobile_1.jpg\">\n\t\t\t\t<img class=\"newsContent__article__imgCapa newsContent__article__imgCapa--banner\"\n\t\t\t\t\tsrc=\"https:\/\/files.sunoresearch.com.br\/n\/uploads\/2023\/11\/seculus_suno_desktop_1.jpg\"\n\t\t\t\t\tdata-promo-id=\"474122\"\t\t\t\t\t\t\t\t\t\twidth='1420' height='240'\t\t\t\t\talt=\"https:\/\/files.sunoresearch.com.br\/n\/uploads\/2023\/11\/seculus_suno_desktop_1.jpg\"\n\t\t\t\t>\n\t\t\t<\/picture>\n\t\t<\/a>\n\t<\/p>\n\n\n<p>Realizando as tr\u00eas opera\u00e7\u00f5es, as reservas diminu\u00edram US$ 750 milh\u00f5es nos \u00faltimos dois dias, por\u00e9m, as posi\u00e7\u00f5es em contratos de swap tamb\u00e9m reduziram no mesmo montante.<\/p>\n<p><a href=\"https:\/\/www.suno.com.br\/noticias\/banco-central-perda-r1365bi-com-swap-cambial\/\">Veja tamb\u00e9m: Banco Central registra perda de R$ 13,65 bi com contratos de swap cambial<\/a><\/p>\n<p>O saldo final \u00e9 que a posi\u00e7\u00e3o cambial l\u00edquida do Banco n\u00e3o mudou. At\u00e9 o dia 16 de agosto a posi\u00e7\u00e3o cambial l\u00edquida do BC estava em US$ 329,4 bilh\u00f5es. Esse \u00e9 o montante total que o Pa\u00eds tem como seguro \u00e0 disposi\u00e7\u00e3o caso necess\u00e1rio em crises internacionais. O valor \u00e9 menor que o total das reservas internacionais justamente porque considera os swaps.<\/p>\n<p>Amanh\u00e3 (23), o <strong>BC<\/strong> promover\u00e1 mais uma opera\u00e7\u00e3o de venda de US$ 550 milh\u00f5es de d\u00f3lares \u00e0 vista, junto \u00e0 opera\u00e7\u00e3o de swap cambial reverso. As condi\u00e7\u00f5es ser\u00e3o divulgadas na noite de hoje.<\/p>\n","protected":false},"excerpt":{"rendered":"<p>Em apenas dois dias, o Banco Central (BC) injetou US$ 750 milh\u00f5es ao mercado financeiro. No intuito de aumentar a oferta da moeda norte-americana \u00e0s empresas brasileiras, a opera\u00e7\u00e3o de ontem (21) foi finalizada com a venda de U$ 200 milh\u00f5es. Na manh\u00e3 desta quinta-feira (22), foram vendidos U$ 550 milh\u00f5es, o total dispon\u00edvel. O [&hellip;]<\/p>\n","protected":false},"author":24,"featured_media":18497,"comment_status":"closed","ping_status":"closed","sticky":false,"template":"","format":"standard","meta":[],"categories":[62],"tags":[1842,326,740,1635],"suno_strategy":[],"class_list":["post-34952","post","type-post","status-publish","format-standard","has-post-thumbnail","hentry","category-economia","tag-banco-central-bc","tag-dolar","tag-economia","tag-mercado-financeiro"],"yoast_head":"<!-- This site is optimized with the Yoast SEO plugin v24.4 - https:\/\/yoast.com\/wordpress\/plugins\/seo\/ -->\n<title>BC injeta US$ 750 milh\u00f5es no mercado financeiro em dois dias<\/title>\n<meta name=\"description\" content=\"Em apenas dois dias, o Banco Central (BC) vendeu US$ 750 milh\u00f5es ao mercado financeiro, aumentando a oferta da moeda. Saiba mais.\" \/>\n<meta name=\"robots\" content=\"index, follow, max-snippet:-1, max-image-preview:large, max-video-preview:-1\" \/>\n<link rel=\"canonical\" href=\"https:\/\/www.suno.com.br\/noticias\/bc-injeta-750-milhoes-de-dolares-no-mercado\/\" \/>\n<meta property=\"og:locale\" content=\"pt_BR\" \/>\n<meta property=\"og:type\" content=\"article\" \/>\n<meta property=\"og:title\" content=\"BC injeta US$ 750 milh\u00f5es no mercado financeiro em dois dias\" \/>\n<meta property=\"og:description\" content=\"Em apenas dois dias, o Banco Central (BC) vendeu US$ 750 milh\u00f5es ao mercado financeiro, aumentando a oferta da moeda. Saiba mais.\" \/>\n<meta property=\"og:url\" content=\"https:\/\/www.suno.com.br\/noticias\/bc-injeta-750-milhoes-de-dolares-no-mercado\/\" \/>\n<meta property=\"og:site_name\" content=\"Suno Not\u00edcias\" \/>\n<meta property=\"article:publisher\" content=\"https:\/\/facebook.com\/sunoresearch\" \/>\n<meta property=\"og:image\" content=\"https:\/\/files.sunoresearch.com.br\/n\/uploads\/2019\/03\/2e0f1850-taxa-selic.jpg\" \/>\n\t<meta property=\"og:image:width\" content=\"1140\" \/>\n\t<meta property=\"og:image:height\" content=\"760\" \/>\n\t<meta property=\"og:image:type\" content=\"image\/jpeg\" \/>\n<meta name=\"author\" content=\"Jader Lazarini\" \/>\n<meta name=\"twitter:card\" content=\"summary_large_image\" \/>\n<meta name=\"twitter:creator\" content=\"@sunoresearch\" \/>\n<meta name=\"twitter:site\" content=\"@sunoresearch\" \/>\n<meta name=\"twitter:label1\" content=\"Escrito por\" \/>\n\t<meta name=\"twitter:data1\" content=\"Jader Lazarini\" \/>\n\t<meta name=\"twitter:label2\" content=\"Est. tempo de leitura\" \/>\n\t<meta name=\"twitter:data2\" content=\"2 minutos\" \/>\n<script type=\"application\/ld+json\" class=\"yoast-schema-graph\">{\"@context\":\"https:\/\/schema.org\",\"@graph\":[{\"@type\":\"NewsArticle\",\"@id\":\"https:\/\/www.suno.com.br\/noticias\/bc-injeta-750-milhoes-de-dolares-no-mercado\/#article\",\"isPartOf\":{\"@id\":\"https:\/\/www.suno.com.br\/noticias\/bc-injeta-750-milhoes-de-dolares-no-mercado\/\"},\"author\":{\"name\":\"Jader Lazarini\",\"@id\":\"https:\/\/www.suno.com.br\/noticias\/#\/schema\/person\/918d79de1f0281f01599b93f9ea6e23f\"},\"headline\":\"BC injeta US$ 750 milh\u00f5es no mercado financeiro em dois dias\",\"datePublished\":\"2019-08-22T15:44:20+00:00\",\"dateModified\":\"2021-02-18T01:47:56+00:00\",\"mainEntityOfPage\":{\"@id\":\"https:\/\/www.suno.com.br\/noticias\/bc-injeta-750-milhoes-de-dolares-no-mercado\/\"},\"wordCount\":462,\"publisher\":{\"@id\":\"https:\/\/www.suno.com.br\/noticias\/#organization\"},\"image\":{\"@id\":\"https:\/\/www.suno.com.br\/noticias\/bc-injeta-750-milhoes-de-dolares-no-mercado\/#primaryimage\"},\"thumbnailUrl\":\"https:\/\/files.sunoresearch.com.br\/n\/uploads\/2019\/03\/2e0f1850-taxa-selic-jpg.webp\",\"keywords\":[\"Banco Central (BC)\",\"d\u00f3lar\",\"Economia\",\"mercado financeiro\"],\"articleSection\":[\"Economia\"],\"inLanguage\":\"pt-BR\"},{\"@type\":\"WebPage\",\"@id\":\"https:\/\/www.suno.com.br\/noticias\/bc-injeta-750-milhoes-de-dolares-no-mercado\/\",\"url\":\"https:\/\/www.suno.com.br\/noticias\/bc-injeta-750-milhoes-de-dolares-no-mercado\/\",\"name\":\"BC injeta US$ 750 milh\u00f5es no mercado financeiro em dois dias\",\"isPartOf\":{\"@id\":\"https:\/\/www.suno.com.br\/noticias\/#website\"},\"primaryImageOfPage\":{\"@id\":\"https:\/\/www.suno.com.br\/noticias\/bc-injeta-750-milhoes-de-dolares-no-mercado\/#primaryimage\"},\"image\":{\"@id\":\"https:\/\/www.suno.com.br\/noticias\/bc-injeta-750-milhoes-de-dolares-no-mercado\/#primaryimage\"},\"thumbnailUrl\":\"https:\/\/files.sunoresearch.com.br\/n\/uploads\/2019\/03\/2e0f1850-taxa-selic-jpg.webp\",\"datePublished\":\"2019-08-22T15:44:20+00:00\",\"dateModified\":\"2021-02-18T01:47:56+00:00\",\"description\":\"Em apenas dois dias, o Banco Central (BC) vendeu US$ 750 milh\u00f5es ao mercado financeiro, aumentando a oferta da moeda. Saiba mais.\",\"breadcrumb\":{\"@id\":\"https:\/\/www.suno.com.br\/noticias\/bc-injeta-750-milhoes-de-dolares-no-mercado\/#breadcrumb\"},\"inLanguage\":\"pt-BR\",\"potentialAction\":[{\"@type\":\"ReadAction\",\"target\":[\"https:\/\/www.suno.com.br\/noticias\/bc-injeta-750-milhoes-de-dolares-no-mercado\/\"]}]},{\"@type\":\"ImageObject\",\"inLanguage\":\"pt-BR\",\"@id\":\"https:\/\/www.suno.com.br\/noticias\/bc-injeta-750-milhoes-de-dolares-no-mercado\/#primaryimage\",\"url\":\"https:\/\/files.sunoresearch.com.br\/n\/uploads\/2019\/03\/2e0f1850-taxa-selic-jpg.webp\",\"contentUrl\":\"https:\/\/files.sunoresearch.com.br\/n\/uploads\/2019\/03\/2e0f1850-taxa-selic-jpg.webp\",\"width\":1140,\"height\":760,\"caption\":\"O diretor do BC realizou uma defesa da manuten\u00e7\u00e3o do teto de gastos\"},{\"@type\":\"BreadcrumbList\",\"@id\":\"https:\/\/www.suno.com.br\/noticias\/bc-injeta-750-milhoes-de-dolares-no-mercado\/#breadcrumb\",\"itemListElement\":[{\"@type\":\"ListItem\",\"position\":1,\"name\":\"Not\u00edcias\",\"item\":\"https:\/\/www.suno.com.br\/noticias\/\"},{\"@type\":\"ListItem\",\"position\":2,\"name\":\"Economia\",\"item\":\"https:\/\/www.suno.com.br\/noticias\/economia\/\"},{\"@type\":\"ListItem\",\"position\":3,\"name\":\"BC injeta US$ 750 milh\u00f5es no mercado financeiro em dois dias\"}]},{\"@type\":\"WebSite\",\"@id\":\"https:\/\/www.suno.com.br\/noticias\/#website\",\"url\":\"https:\/\/www.suno.com.br\/noticias\/\",\"name\":\"Suno Not\u00edcias\",\"description\":\"Seu portal de informa\u00e7\u00e3o sobre o mundo dos investimentos\",\"publisher\":{\"@id\":\"https:\/\/www.suno.com.br\/noticias\/#organization\"},\"potentialAction\":[{\"@type\":\"SearchAction\",\"target\":{\"@type\":\"EntryPoint\",\"urlTemplate\":\"https:\/\/www.suno.com.br\/noticias\/?s={search_term_string}\"},\"query-input\":{\"@type\":\"PropertyValueSpecification\",\"valueRequired\":true,\"valueName\":\"search_term_string\"}}],\"inLanguage\":\"pt-BR\"},{\"@type\":\"Organization\",\"@id\":\"https:\/\/www.suno.com.br\/noticias\/#organization\",\"name\":\"Suno Not\u00edcias\",\"url\":\"https:\/\/www.suno.com.br\/noticias\/\",\"logo\":{\"@type\":\"ImageObject\",\"inLanguage\":\"pt-BR\",\"@id\":\"https:\/\/www.suno.com.br\/noticias\/#\/schema\/logo\/image\/\",\"url\":\"https:\/\/files.sunoresearch.com.br\/n\/uploads\/2021\/09\/suno-logo.png\",\"contentUrl\":\"https:\/\/files.sunoresearch.com.br\/n\/uploads\/2021\/09\/suno-logo.png\",\"width\":180,\"height\":180,\"caption\":\"Suno Not\u00edcias\"},\"image\":{\"@id\":\"https:\/\/www.suno.com.br\/noticias\/#\/schema\/logo\/image\/\"},\"sameAs\":[\"https:\/\/facebook.com\/sunoresearch\",\"https:\/\/x.com\/sunoresearch\",\"https:\/\/www.instagram.com\/suno\",\"https:\/\/www.linkedin.com\/company\/suno-research\/\",\"https:\/\/www.youtube.com\/c\/sunoresearch\"]},{\"@type\":\"Person\",\"@id\":\"https:\/\/www.suno.com.br\/noticias\/#\/schema\/person\/918d79de1f0281f01599b93f9ea6e23f\",\"name\":\"Jader Lazarini\",\"image\":{\"@type\":\"ImageObject\",\"inLanguage\":\"pt-BR\",\"@id\":\"https:\/\/www.suno.com.br\/noticias\/#\/schema\/person\/image\/\",\"url\":\"https:\/\/secure.gravatar.com\/avatar\/3c1ad8caa51589841baeb923fcddea97?s=96&r=g\",\"contentUrl\":\"https:\/\/secure.gravatar.com\/avatar\/3c1ad8caa51589841baeb923fcddea97?s=96&r=g\",\"caption\":\"Jader Lazarini\"},\"description\":\"Jader Lazarini escreve sobre investimentos, finan\u00e7as, economia e neg\u00f3cios. \u00c9 bacharel em Rela\u00e7\u00f5es Internacionais e analista CNPI (2619).\",\"url\":\"https:\/\/www.suno.com.br\/noticias\/author\/jader-lazarini\/\"}]}<\/script>\n<!-- \/ Yoast SEO plugin. -->","yoast_head_json":{"title":"BC injeta US$ 750 milh\u00f5es no mercado financeiro em dois dias","description":"Em apenas dois dias, o Banco Central (BC) vendeu US$ 750 milh\u00f5es ao mercado financeiro, aumentando a oferta da moeda. Saiba mais.","robots":{"index":"index","follow":"follow","max-snippet":"max-snippet:-1","max-image-preview":"max-image-preview:large","max-video-preview":"max-video-preview:-1"},"canonical":"https:\/\/www.suno.com.br\/noticias\/bc-injeta-750-milhoes-de-dolares-no-mercado\/","og_locale":"pt_BR","og_type":"article","og_title":"BC injeta US$ 750 milh\u00f5es no mercado financeiro em dois dias","og_description":"Em apenas dois dias, o Banco Central (BC) vendeu US$ 750 milh\u00f5es ao mercado financeiro, aumentando a oferta da moeda. Saiba mais.","og_url":"https:\/\/www.suno.com.br\/noticias\/bc-injeta-750-milhoes-de-dolares-no-mercado\/","og_site_name":"Suno Not\u00edcias","article_publisher":"https:\/\/facebook.com\/sunoresearch","og_image":[{"width":1140,"height":760,"url":"https:\/\/files.sunoresearch.com.br\/n\/uploads\/2019\/03\/2e0f1850-taxa-selic.jpg","type":"image\/jpeg"}],"author":"Jader Lazarini","twitter_card":"summary_large_image","twitter_creator":"@sunoresearch","twitter_site":"@sunoresearch","twitter_misc":{"Escrito por":"Jader Lazarini","Est. tempo de leitura":"2 minutos"},"schema":{"@context":"https:\/\/schema.org","@graph":[{"@type":"NewsArticle","@id":"https:\/\/www.suno.com.br\/noticias\/bc-injeta-750-milhoes-de-dolares-no-mercado\/#article","isPartOf":{"@id":"https:\/\/www.suno.com.br\/noticias\/bc-injeta-750-milhoes-de-dolares-no-mercado\/"},"author":{"name":"Jader Lazarini","@id":"https:\/\/www.suno.com.br\/noticias\/#\/schema\/person\/918d79de1f0281f01599b93f9ea6e23f"},"headline":"BC injeta US$ 750 milh\u00f5es no mercado financeiro em dois dias","datePublished":"2019-08-22T15:44:20+00:00","dateModified":"2021-02-18T01:47:56+00:00","mainEntityOfPage":{"@id":"https:\/\/www.suno.com.br\/noticias\/bc-injeta-750-milhoes-de-dolares-no-mercado\/"},"wordCount":462,"publisher":{"@id":"https:\/\/www.suno.com.br\/noticias\/#organization"},"image":{"@id":"https:\/\/www.suno.com.br\/noticias\/bc-injeta-750-milhoes-de-dolares-no-mercado\/#primaryimage"},"thumbnailUrl":"https:\/\/files.sunoresearch.com.br\/n\/uploads\/2019\/03\/2e0f1850-taxa-selic-jpg.webp","keywords":["Banco Central (BC)","d\u00f3lar","Economia","mercado financeiro"],"articleSection":["Economia"],"inLanguage":"pt-BR"},{"@type":"WebPage","@id":"https:\/\/www.suno.com.br\/noticias\/bc-injeta-750-milhoes-de-dolares-no-mercado\/","url":"https:\/\/www.suno.com.br\/noticias\/bc-injeta-750-milhoes-de-dolares-no-mercado\/","name":"BC injeta US$ 750 milh\u00f5es no mercado financeiro em dois dias","isPartOf":{"@id":"https:\/\/www.suno.com.br\/noticias\/#website"},"primaryImageOfPage":{"@id":"https:\/\/www.suno.com.br\/noticias\/bc-injeta-750-milhoes-de-dolares-no-mercado\/#primaryimage"},"image":{"@id":"https:\/\/www.suno.com.br\/noticias\/bc-injeta-750-milhoes-de-dolares-no-mercado\/#primaryimage"},"thumbnailUrl":"https:\/\/files.sunoresearch.com.br\/n\/uploads\/2019\/03\/2e0f1850-taxa-selic-jpg.webp","datePublished":"2019-08-22T15:44:20+00:00","dateModified":"2021-02-18T01:47:56+00:00","description":"Em apenas dois dias, o Banco Central (BC) vendeu US$ 750 milh\u00f5es ao mercado financeiro, aumentando a oferta da moeda. Saiba mais.","breadcrumb":{"@id":"https:\/\/www.suno.com.br\/noticias\/bc-injeta-750-milhoes-de-dolares-no-mercado\/#breadcrumb"},"inLanguage":"pt-BR","potentialAction":[{"@type":"ReadAction","target":["https:\/\/www.suno.com.br\/noticias\/bc-injeta-750-milhoes-de-dolares-no-mercado\/"]}]},{"@type":"ImageObject","inLanguage":"pt-BR","@id":"https:\/\/www.suno.com.br\/noticias\/bc-injeta-750-milhoes-de-dolares-no-mercado\/#primaryimage","url":"https:\/\/files.sunoresearch.com.br\/n\/uploads\/2019\/03\/2e0f1850-taxa-selic-jpg.webp","contentUrl":"https:\/\/files.sunoresearch.com.br\/n\/uploads\/2019\/03\/2e0f1850-taxa-selic-jpg.webp","width":1140,"height":760,"caption":"O diretor do BC realizou uma defesa da manuten\u00e7\u00e3o do teto de gastos"},{"@type":"BreadcrumbList","@id":"https:\/\/www.suno.com.br\/noticias\/bc-injeta-750-milhoes-de-dolares-no-mercado\/#breadcrumb","itemListElement":[{"@type":"ListItem","position":1,"name":"Not\u00edcias","item":"https:\/\/www.suno.com.br\/noticias\/"},{"@type":"ListItem","position":2,"name":"Economia","item":"https:\/\/www.suno.com.br\/noticias\/economia\/"},{"@type":"ListItem","position":3,"name":"BC injeta US$ 750 milh\u00f5es no mercado financeiro em dois dias"}]},{"@type":"WebSite","@id":"https:\/\/www.suno.com.br\/noticias\/#website","url":"https:\/\/www.suno.com.br\/noticias\/","name":"Suno Not\u00edcias","description":"Seu portal de informa\u00e7\u00e3o sobre o mundo dos investimentos","publisher":{"@id":"https:\/\/www.suno.com.br\/noticias\/#organization"},"potentialAction":[{"@type":"SearchAction","target":{"@type":"EntryPoint","urlTemplate":"https:\/\/www.suno.com.br\/noticias\/?s={search_term_string}"},"query-input":{"@type":"PropertyValueSpecification","valueRequired":true,"valueName":"search_term_string"}}],"inLanguage":"pt-BR"},{"@type":"Organization","@id":"https:\/\/www.suno.com.br\/noticias\/#organization","name":"Suno Not\u00edcias","url":"https:\/\/www.suno.com.br\/noticias\/","logo":{"@type":"ImageObject","inLanguage":"pt-BR","@id":"https:\/\/www.suno.com.br\/noticias\/#\/schema\/logo\/image\/","url":"https:\/\/files.sunoresearch.com.br\/n\/uploads\/2021\/09\/suno-logo.png","contentUrl":"https:\/\/files.sunoresearch.com.br\/n\/uploads\/2021\/09\/suno-logo.png","width":180,"height":180,"caption":"Suno Not\u00edcias"},"image":{"@id":"https:\/\/www.suno.com.br\/noticias\/#\/schema\/logo\/image\/"},"sameAs":["https:\/\/facebook.com\/sunoresearch","https:\/\/x.com\/sunoresearch","https:\/\/www.instagram.com\/suno","https:\/\/www.linkedin.com\/company\/suno-research\/","https:\/\/www.youtube.com\/c\/sunoresearch"]},{"@type":"Person","@id":"https:\/\/www.suno.com.br\/noticias\/#\/schema\/person\/918d79de1f0281f01599b93f9ea6e23f","name":"Jader Lazarini","image":{"@type":"ImageObject","inLanguage":"pt-BR","@id":"https:\/\/www.suno.com.br\/noticias\/#\/schema\/person\/image\/","url":"https:\/\/secure.gravatar.com\/avatar\/3c1ad8caa51589841baeb923fcddea97?s=96&r=g","contentUrl":"https:\/\/secure.gravatar.com\/avatar\/3c1ad8caa51589841baeb923fcddea97?s=96&r=g","caption":"Jader Lazarini"},"description":"Jader Lazarini escreve sobre investimentos, finan\u00e7as, economia e neg\u00f3cios. \u00c9 bacharel em Rela\u00e7\u00f5es Internacionais e analista CNPI (2619).","url":"https:\/\/www.suno.com.br\/noticias\/author\/jader-lazarini\/"}]}},"default_loop_html":"<div class=\"cardsPage__listCard__boxs\"><div class=\"cardsPage__listCard__boxs__img\"><a href=\"https:\/\/www.suno.com.br\/noticias\/bc-injeta-750-milhoes-de-dolares-no-mercado\/\"><img class=\"mask\" src=\"https:\/\/www.suno.com.br\/noticias\/wp-content\/themes\/suno\/resources\/images\/spotlight\/spotlight1img\/bg-mask.png\" alt=\"Image Mask\"\/><img src=\"https:\/\/files.sunoresearch.com.br\/n\/uploads\/2019\/03\/2e0f1850-taxa-selic-400x200.webp\" alt=\"BC injeta US$ 750 milh\u00f5es no mercado financeiro em dois dias\"\/><\/a><span class=\"spotlightCategory\"><a href=\"https:\/\/www.suno.com.br\/noticias\/economia\/\">Economia<\/a><\/span><\/div><div class=\"cardsPage__listCard__boxs__content\"><a href=\"https:\/\/www.suno.com.br\/noticias\/bc-injeta-750-milhoes-de-dolares-no-mercado\/\"><h2 class=\"content__title\">BC injeta US$ 750 milh\u00f5es no mercado financeiro em dois dias<\/h2><\/a><div class=\"newsContent__article__meta\"><div class=\"newsContent__article__meta__authorBox\"><a href=\"https:\/\/www.suno.com.br\/noticias\/author\/jader-lazarini\/\" class=\"authorBox__avatar noMobi\"><img src=\"https:\/\/files.sunoresearch.com.br\/n\/uploads\/2021\/01\/178e6598-foto-perfil-2-150x150.jpg\" alt=\"Jader Lazarini\"><\/a><div class=\"authorBox__name\"><span>por\n\t\t\t<a href=\"https:\/\/www.suno.com.br\/noticias\/author\/jader-lazarini\/\"><span itemprop=\"author\">Jader Lazarini<\/span><\/a><\/span><time datetime=\"2019-08-22T12:44:20-03:00\" itemprop=\"datePublished\">22\/08\/2019 12:44<\/time><\/div><\/div><\/div><\/div><\/div>","single_layout":"posts","amp_enabled":true,"_links":{"self":[{"href":"https:\/\/www.suno.com.br\/noticias\/wp-json\/wp\/v2\/posts\/34952"}],"collection":[{"href":"https:\/\/www.suno.com.br\/noticias\/wp-json\/wp\/v2\/posts"}],"about":[{"href":"https:\/\/www.suno.com.br\/noticias\/wp-json\/wp\/v2\/types\/post"}],"author":[{"embeddable":true,"href":"https:\/\/www.suno.com.br\/noticias\/wp-json\/wp\/v2\/users\/24"}],"replies":[{"embeddable":true,"href":"https:\/\/www.suno.com.br\/noticias\/wp-json\/wp\/v2\/comments?post=34952"}],"version-history":[{"count":0,"href":"https:\/\/www.suno.com.br\/noticias\/wp-json\/wp\/v2\/posts\/34952\/revisions"}],"wp:featuredmedia":[{"embeddable":true,"href":"https:\/\/www.suno.com.br\/noticias\/wp-json\/wp\/v2\/media\/18497"}],"wp:attachment":[{"href":"https:\/\/www.suno.com.br\/noticias\/wp-json\/wp\/v2\/media?parent=34952"}],"wp:term":[{"taxonomy":"category","embeddable":true,"href":"https:\/\/www.suno.com.br\/noticias\/wp-json\/wp\/v2\/categories?post=34952"},{"taxonomy":"post_tag","embeddable":true,"href":"https:\/\/www.suno.com.br\/noticias\/wp-json\/wp\/v2\/tags?post=34952"},{"taxonomy":"suno_strategy","embeddable":true,"href":"https:\/\/www.suno.com.br\/noticias\/wp-json\/wp\/v2\/suno_strategy?post=34952"}],"curies":[{"name":"wp","href":"https:\/\/api.w.org\/{rel}","templated":true}]}}