{"id":34921,"date":"2019-08-22T10:33:16","date_gmt":"2019-08-22T13:33:16","guid":{"rendered":"https:\/\/www.suno.com.br\/noticias\/?p=34921"},"modified":"2019-08-22T10:35:16","modified_gmt":"2019-08-22T13:35:16","slug":"ata-bce-pacote-estimulos-monetarios-julho","status":"publish","type":"post","link":"https:\/\/www.suno.com.br\/noticias\/ata-bce-pacote-estimulos-monetarios-julho\/","title":{"rendered":"Ata mostra que BCE debateu pacote de est\u00edmulos monet\u00e1rios em julho"},"content":{"rendered":"<p>De acordo com a <strong>ata<\/strong> divulgada nesta quinta-feira (22) sobre a reuni\u00e3o do <strong>Banco Central Europeu<\/strong> (BCE), dirigentes do banco debateram sobre um suposto novo plano de est\u00edmulos monet\u00e1rios. Este pacote teria como base:<\/p>\t<div class=\"wrapper-featured-image\">\n\t\t<figure class=\"spotlightImg\">\n\n\t\t\t<picture>\n\t\t\t\t<source media=\"(max-width: 768px)\" srcset=\"https:\/\/files.sunoresearch.com.br\/n\/uploads\/2019\/01\/1b5e4432-o-presidente-do-banco-central-europeu-mario-draghi-400x200.webp\">\n\t\t\t\t<img loading=\"lazy\" decoding=\"async\" class=\"newsContent__article__imgCapa lazyloadDisabled newsContent__article__imgCapa--noCaption\" src=\"https:\/\/files.sunoresearch.com.br\/n\/uploads\/2019\/01\/1b5e4432-o-presidente-do-banco-central-europeu-mario-draghi-800x450.webp\" width=\"800\" height=\"450\" alt=\"Ata mostra que BCE debateu pacote de est\u00edmulos monet\u00e1rios em julho\" fetchpriority=high \/>\n\t\t\t<\/picture>\n\n\t\t\t<figcaption class=\"wp-caption-text wp-caption-text--hide\">Ata mostra que Banco Central Europeu debateu pacote de est\u00edmulos monet\u00e1rios em julho<\/figcaption>\n\t\t<\/figure>\n\t<\/div>\n\n\n<ul>\n<li>cortes de juros;<\/li>\n<li>compras de ativos.<\/li>\n<\/ul>\n\n<p>A reuni\u00e3o do Banco Central Europeu ocorreu no dia 25 de julho. Os representantes do <strong>BCE<\/strong> tamb\u00e9m consentiram que \u00e9 necess\u00e1rio haver uma postura complacente, como a atual, por um tempo ainda indeterminado.<\/p>\n<p>&#8220;Foi expressada a vis\u00e3o de que v\u00e1rias op\u00e7\u00f5es deveriam ser vistas como um pacote, ou seja, uma combina\u00e7\u00e3o de instrumentos com significativas complementaridades e sinergias, uma vez que a experi\u00eancia mostra que um pacote de pol\u00edticas &#8211; como um combina\u00e7\u00e3o de cortes de juros e compras de ativos &#8211; \u00e9 mais eficiente do que uma sequ\u00eancia de a\u00e7\u00f5es seletivas&#8221;, comunicou o BCE na ata de sua reuni\u00e3o realizada em julho.<\/p>\n<p>Os dirigentes do Banco Central Europeu tamb\u00e9m concordaram em estudar maneiras de tornar sua orienta\u00e7\u00e3o futura para os juros mais forte. Dessa forma, o banco deve criar um novo sistema de camadas para a taxa de dep\u00f3sitos. A atual taxa se encontra em -0,40%.<\/p>\n\t<p>\n\t\t<a href=\"https:\/\/lp.suno.com.br\/ao\/cadastro-whatsapp\/?utm_source=sunoresearch&#038;utm_medium=banner.sidebar&#038;utm_campaign=_SNC1787C4C9_\" target=\"_blank\" data-element=\"shortcode-suno-banner\" title=\"Banner SUNO, clique e saiba mais\">\n\t\t\t<picture>\n\t\t\t\t<source media=\"(max-width: 500px)\" srcset=\"https:\/\/files.sunoresearch.com.br\/n\/uploads\/2024\/09\/wpp-suno.png\">\n\t\t\t\t<img class=\"newsContent__article__imgCapa newsContent__article__imgCapa--banner\"\n\t\t\t\t\tsrc=\"https:\/\/files.sunoresearch.com.br\/n\/uploads\/2024\/09\/wpp-suno.png\"\n\t\t\t\t\tdata-promo-id=\"574195\"\t\t\t\t\t\t\t\t\t\twidth='360' height='98'\t\t\t\t\talt=\"https:\/\/files.sunoresearch.com.br\/n\/uploads\/2024\/09\/wpp-suno.png\"\n\t\t\t\t>\n\t\t\t<\/picture>\n\t\t<\/a>\n\t<\/p>\n\n\n<p>Entretanto, outros representantes do BCE s\u00e3o contra o desenvolvimento de um sistema de camadas. Isso porque, para eles, \u00e9 poss\u00edvel que a medida cause &#8220;efeitos indesejados&#8221; na economia.<\/p>\n<h2>Economia global na pauta do BCE<\/h2>\n<p>Ademais, o BCE falou sobre o com\u00e9rcio global e a desacelera\u00e7\u00e3o dos investimentos internacionais. O banco ainda salientou que a baixa na economia da <a href=\"https:\/\/www.suno.com.br\/artigos\/zona-do-euro\/\">zona do euro<\/a> deve permanecer por mais tempo do que o previsto.<\/p>\n<p><a href=\"https:\/\/www.suno.com.br\/noticias\/eua-conversas-secretas-assessores-nicolas-maduro\/\">Veja tamb\u00e9m: EUA mant\u00e9m conversas secretas com assessores de Nicol\u00e1s Maduro\u00a0<\/a><\/p>\n<p>O presidente do <strong>BCE<\/strong>, Mario Draghi, disse que em setembro j\u00e1 haver\u00e1 mais est\u00edmulos econ\u00f4micos. As incertezas com o Brexit e a guerra comercial tem deixado um rastro negativo na economia global. Recentemente, a Alemanha divulgou dados sobre seu PIB e produ\u00e7\u00e3o industrial. A pot\u00eancia econ\u00f4mica mostrou um crescimento mais baixo do que o esperado em sua economia.<\/p>\n","protected":false},"excerpt":{"rendered":"<p>De acordo com a ata divulgada nesta quinta-feira (22) sobre a reuni\u00e3o do Banco Central Europeu (BCE), dirigentes do banco debateram sobre um suposto novo plano de est\u00edmulos monet\u00e1rios. Este pacote teria como base: Ata mostra que Banco Central Europeu debateu pacote de est\u00edmulos monet\u00e1rios em julho cortes de juros; compras de ativos. A reuni\u00e3o [&hellip;]<\/p>\n","protected":false},"author":19,"featured_media":11913,"comment_status":"closed","ping_status":"closed","sticky":false,"template":"","format":"standard","meta":[],"categories":[63],"tags":[863],"suno_strategy":[],"class_list":["post-34921","post","type-post","status-publish","format-standard","has-post-thumbnail","hentry","category-internacional","tag-banco-central-europeu-bce"],"yoast_head":"<!-- This site is optimized with the Yoast SEO plugin v24.4 - https:\/\/yoast.com\/wordpress\/plugins\/seo\/ -->\n<title>Ata mostra que BCE debateu pacote de est\u00edmulos monet\u00e1rios em julho<\/title>\n<meta name=\"description\" content=\"De acordo com ata divulgada nesta quinta (22), dirigentes do BCE debateram sobre um suposto novo plano de est\u00edmulos monet\u00e1rios. Saiba mais.\" \/>\n<meta name=\"robots\" content=\"index, follow, max-snippet:-1, max-image-preview:large, max-video-preview:-1\" \/>\n<link rel=\"canonical\" href=\"https:\/\/www.suno.com.br\/noticias\/ata-bce-pacote-estimulos-monetarios-julho\/\" \/>\n<meta property=\"og:locale\" content=\"pt_BR\" \/>\n<meta property=\"og:type\" content=\"article\" \/>\n<meta property=\"og:title\" content=\"Ata mostra que BCE debateu pacote de est\u00edmulos monet\u00e1rios em julho\" \/>\n<meta property=\"og:description\" content=\"De acordo com ata divulgada nesta quinta (22), dirigentes do BCE debateram sobre um suposto novo plano de est\u00edmulos monet\u00e1rios. Saiba mais.\" \/>\n<meta property=\"og:url\" content=\"https:\/\/www.suno.com.br\/noticias\/ata-bce-pacote-estimulos-monetarios-julho\/\" \/>\n<meta property=\"og:site_name\" content=\"Suno Not\u00edcias\" \/>\n<meta property=\"article:publisher\" content=\"https:\/\/facebook.com\/sunoresearch\" \/>\n<meta property=\"og:image\" content=\"https:\/\/files.sunoresearch.com.br\/n\/uploads\/2019\/01\/1b5e4432-o-presidente-do-banco-central-europeu-mario-draghi.jpg\" \/>\n\t<meta property=\"og:image:width\" content=\"1400\" \/>\n\t<meta property=\"og:image:height\" content=\"970\" \/>\n\t<meta property=\"og:image:type\" content=\"image\/jpeg\" \/>\n<meta name=\"author\" content=\"Juliano Passaro\" \/>\n<meta name=\"twitter:card\" content=\"summary_large_image\" \/>\n<meta name=\"twitter:creator\" content=\"@sunoresearch\" \/>\n<meta name=\"twitter:site\" content=\"@sunoresearch\" \/>\n<meta name=\"twitter:label1\" content=\"Escrito por\" \/>\n\t<meta name=\"twitter:data1\" content=\"Juliano Passaro\" \/>\n\t<meta name=\"twitter:label2\" content=\"Est. tempo de leitura\" \/>\n\t<meta name=\"twitter:data2\" content=\"2 minutos\" \/>\n<script type=\"application\/ld+json\" class=\"yoast-schema-graph\">{\"@context\":\"https:\/\/schema.org\",\"@graph\":[{\"@type\":\"NewsArticle\",\"@id\":\"https:\/\/www.suno.com.br\/noticias\/ata-bce-pacote-estimulos-monetarios-julho\/#article\",\"isPartOf\":{\"@id\":\"https:\/\/www.suno.com.br\/noticias\/ata-bce-pacote-estimulos-monetarios-julho\/\"},\"author\":{\"name\":\"Juliano Passaro\",\"@id\":\"https:\/\/www.suno.com.br\/noticias\/#\/schema\/person\/1db762f78ffd8919a648a63e425953e3\"},\"headline\":\"Ata mostra que BCE debateu pacote de est\u00edmulos monet\u00e1rios em julho\",\"datePublished\":\"2019-08-22T13:33:16+00:00\",\"dateModified\":\"2019-08-22T13:35:16+00:00\",\"mainEntityOfPage\":{\"@id\":\"https:\/\/www.suno.com.br\/noticias\/ata-bce-pacote-estimulos-monetarios-julho\/\"},\"wordCount\":370,\"publisher\":{\"@id\":\"https:\/\/www.suno.com.br\/noticias\/#organization\"},\"image\":{\"@id\":\"https:\/\/www.suno.com.br\/noticias\/ata-bce-pacote-estimulos-monetarios-julho\/#primaryimage\"},\"thumbnailUrl\":\"https:\/\/files.sunoresearch.com.br\/n\/uploads\/2019\/01\/1b5e4432-o-presidente-do-banco-central-europeu-mario-draghi-jpg.webp\",\"keywords\":[\"Banco Central Europeu (BCE)\"],\"articleSection\":[\"Internacional\"],\"inLanguage\":\"pt-BR\"},{\"@type\":\"WebPage\",\"@id\":\"https:\/\/www.suno.com.br\/noticias\/ata-bce-pacote-estimulos-monetarios-julho\/\",\"url\":\"https:\/\/www.suno.com.br\/noticias\/ata-bce-pacote-estimulos-monetarios-julho\/\",\"name\":\"Ata mostra que BCE debateu pacote de est\u00edmulos monet\u00e1rios em julho\",\"isPartOf\":{\"@id\":\"https:\/\/www.suno.com.br\/noticias\/#website\"},\"primaryImageOfPage\":{\"@id\":\"https:\/\/www.suno.com.br\/noticias\/ata-bce-pacote-estimulos-monetarios-julho\/#primaryimage\"},\"image\":{\"@id\":\"https:\/\/www.suno.com.br\/noticias\/ata-bce-pacote-estimulos-monetarios-julho\/#primaryimage\"},\"thumbnailUrl\":\"https:\/\/files.sunoresearch.com.br\/n\/uploads\/2019\/01\/1b5e4432-o-presidente-do-banco-central-europeu-mario-draghi-jpg.webp\",\"datePublished\":\"2019-08-22T13:33:16+00:00\",\"dateModified\":\"2019-08-22T13:35:16+00:00\",\"description\":\"De acordo com ata divulgada nesta quinta (22), dirigentes do BCE debateram sobre um suposto novo plano de est\u00edmulos monet\u00e1rios. Saiba mais.\",\"breadcrumb\":{\"@id\":\"https:\/\/www.suno.com.br\/noticias\/ata-bce-pacote-estimulos-monetarios-julho\/#breadcrumb\"},\"inLanguage\":\"pt-BR\",\"potentialAction\":[{\"@type\":\"ReadAction\",\"target\":[\"https:\/\/www.suno.com.br\/noticias\/ata-bce-pacote-estimulos-monetarios-julho\/\"]}]},{\"@type\":\"ImageObject\",\"inLanguage\":\"pt-BR\",\"@id\":\"https:\/\/www.suno.com.br\/noticias\/ata-bce-pacote-estimulos-monetarios-julho\/#primaryimage\",\"url\":\"https:\/\/files.sunoresearch.com.br\/n\/uploads\/2019\/01\/1b5e4432-o-presidente-do-banco-central-europeu-mario-draghi-jpg.webp\",\"contentUrl\":\"https:\/\/files.sunoresearch.com.br\/n\/uploads\/2019\/01\/1b5e4432-o-presidente-do-banco-central-europeu-mario-draghi-jpg.webp\",\"width\":1400,\"height\":970,\"caption\":\"Ata mostra que Banco Central Europeu debateu pacote de est\u00edmulos monet\u00e1rios em julho\"},{\"@type\":\"BreadcrumbList\",\"@id\":\"https:\/\/www.suno.com.br\/noticias\/ata-bce-pacote-estimulos-monetarios-julho\/#breadcrumb\",\"itemListElement\":[{\"@type\":\"ListItem\",\"position\":1,\"name\":\"Not\u00edcias\",\"item\":\"https:\/\/www.suno.com.br\/noticias\/\"},{\"@type\":\"ListItem\",\"position\":2,\"name\":\"Internacional\",\"item\":\"https:\/\/www.suno.com.br\/noticias\/internacional\/\"},{\"@type\":\"ListItem\",\"position\":3,\"name\":\"Ata mostra que BCE debateu pacote de est\u00edmulos monet\u00e1rios em julho\"}]},{\"@type\":\"WebSite\",\"@id\":\"https:\/\/www.suno.com.br\/noticias\/#website\",\"url\":\"https:\/\/www.suno.com.br\/noticias\/\",\"name\":\"Suno Not\u00edcias\",\"description\":\"Seu portal de informa\u00e7\u00e3o sobre o mundo dos investimentos\",\"publisher\":{\"@id\":\"https:\/\/www.suno.com.br\/noticias\/#organization\"},\"potentialAction\":[{\"@type\":\"SearchAction\",\"target\":{\"@type\":\"EntryPoint\",\"urlTemplate\":\"https:\/\/www.suno.com.br\/noticias\/?s={search_term_string}\"},\"query-input\":{\"@type\":\"PropertyValueSpecification\",\"valueRequired\":true,\"valueName\":\"search_term_string\"}}],\"inLanguage\":\"pt-BR\"},{\"@type\":\"Organization\",\"@id\":\"https:\/\/www.suno.com.br\/noticias\/#organization\",\"name\":\"Suno Not\u00edcias\",\"url\":\"https:\/\/www.suno.com.br\/noticias\/\",\"logo\":{\"@type\":\"ImageObject\",\"inLanguage\":\"pt-BR\",\"@id\":\"https:\/\/www.suno.com.br\/noticias\/#\/schema\/logo\/image\/\",\"url\":\"https:\/\/files.sunoresearch.com.br\/n\/uploads\/2021\/09\/suno-logo.png\",\"contentUrl\":\"https:\/\/files.sunoresearch.com.br\/n\/uploads\/2021\/09\/suno-logo.png\",\"width\":180,\"height\":180,\"caption\":\"Suno Not\u00edcias\"},\"image\":{\"@id\":\"https:\/\/www.suno.com.br\/noticias\/#\/schema\/logo\/image\/\"},\"sameAs\":[\"https:\/\/facebook.com\/sunoresearch\",\"https:\/\/x.com\/sunoresearch\",\"https:\/\/www.instagram.com\/suno\",\"https:\/\/www.linkedin.com\/company\/suno-research\/\",\"https:\/\/www.youtube.com\/c\/sunoresearch\"]},{\"@type\":\"Person\",\"@id\":\"https:\/\/www.suno.com.br\/noticias\/#\/schema\/person\/1db762f78ffd8919a648a63e425953e3\",\"name\":\"Juliano Passaro\",\"image\":{\"@type\":\"ImageObject\",\"inLanguage\":\"pt-BR\",\"@id\":\"https:\/\/www.suno.com.br\/noticias\/#\/schema\/person\/image\/\",\"url\":\"https:\/\/secure.gravatar.com\/avatar\/743d4df28eebf6dcc46b4ad03c319e92?s=96&r=g\",\"contentUrl\":\"https:\/\/secure.gravatar.com\/avatar\/743d4df28eebf6dcc46b4ad03c319e92?s=96&r=g\",\"caption\":\"Juliano Passaro\"},\"description\":\"Juliano Passaro escreve sobre pol\u00edtica, economia e neg\u00f3cios para o portal da Suno Research. Antes da Suno, trabalhou no Portal da Band. \u00c9 formado em jornalismo pela Universidade Presbiteriana Mackenzie.\",\"url\":\"https:\/\/www.suno.com.br\/noticias\/author\/juliano\/\"}]}<\/script>\n<!-- \/ Yoast SEO plugin. -->","yoast_head_json":{"title":"Ata mostra que BCE debateu pacote de est\u00edmulos monet\u00e1rios em julho","description":"De acordo com ata divulgada nesta quinta (22), dirigentes do BCE debateram sobre um suposto novo plano de est\u00edmulos monet\u00e1rios. Saiba mais.","robots":{"index":"index","follow":"follow","max-snippet":"max-snippet:-1","max-image-preview":"max-image-preview:large","max-video-preview":"max-video-preview:-1"},"canonical":"https:\/\/www.suno.com.br\/noticias\/ata-bce-pacote-estimulos-monetarios-julho\/","og_locale":"pt_BR","og_type":"article","og_title":"Ata mostra que BCE debateu pacote de est\u00edmulos monet\u00e1rios em julho","og_description":"De acordo com ata divulgada nesta quinta (22), dirigentes do BCE debateram sobre um suposto novo plano de est\u00edmulos monet\u00e1rios. Saiba mais.","og_url":"https:\/\/www.suno.com.br\/noticias\/ata-bce-pacote-estimulos-monetarios-julho\/","og_site_name":"Suno Not\u00edcias","article_publisher":"https:\/\/facebook.com\/sunoresearch","og_image":[{"width":1400,"height":970,"url":"https:\/\/files.sunoresearch.com.br\/n\/uploads\/2019\/01\/1b5e4432-o-presidente-do-banco-central-europeu-mario-draghi.jpg","type":"image\/jpeg"}],"author":"Juliano Passaro","twitter_card":"summary_large_image","twitter_creator":"@sunoresearch","twitter_site":"@sunoresearch","twitter_misc":{"Escrito por":"Juliano Passaro","Est. tempo de leitura":"2 minutos"},"schema":{"@context":"https:\/\/schema.org","@graph":[{"@type":"NewsArticle","@id":"https:\/\/www.suno.com.br\/noticias\/ata-bce-pacote-estimulos-monetarios-julho\/#article","isPartOf":{"@id":"https:\/\/www.suno.com.br\/noticias\/ata-bce-pacote-estimulos-monetarios-julho\/"},"author":{"name":"Juliano Passaro","@id":"https:\/\/www.suno.com.br\/noticias\/#\/schema\/person\/1db762f78ffd8919a648a63e425953e3"},"headline":"Ata mostra que BCE debateu pacote de est\u00edmulos monet\u00e1rios em julho","datePublished":"2019-08-22T13:33:16+00:00","dateModified":"2019-08-22T13:35:16+00:00","mainEntityOfPage":{"@id":"https:\/\/www.suno.com.br\/noticias\/ata-bce-pacote-estimulos-monetarios-julho\/"},"wordCount":370,"publisher":{"@id":"https:\/\/www.suno.com.br\/noticias\/#organization"},"image":{"@id":"https:\/\/www.suno.com.br\/noticias\/ata-bce-pacote-estimulos-monetarios-julho\/#primaryimage"},"thumbnailUrl":"https:\/\/files.sunoresearch.com.br\/n\/uploads\/2019\/01\/1b5e4432-o-presidente-do-banco-central-europeu-mario-draghi-jpg.webp","keywords":["Banco Central Europeu (BCE)"],"articleSection":["Internacional"],"inLanguage":"pt-BR"},{"@type":"WebPage","@id":"https:\/\/www.suno.com.br\/noticias\/ata-bce-pacote-estimulos-monetarios-julho\/","url":"https:\/\/www.suno.com.br\/noticias\/ata-bce-pacote-estimulos-monetarios-julho\/","name":"Ata mostra que BCE debateu pacote de est\u00edmulos monet\u00e1rios em julho","isPartOf":{"@id":"https:\/\/www.suno.com.br\/noticias\/#website"},"primaryImageOfPage":{"@id":"https:\/\/www.suno.com.br\/noticias\/ata-bce-pacote-estimulos-monetarios-julho\/#primaryimage"},"image":{"@id":"https:\/\/www.suno.com.br\/noticias\/ata-bce-pacote-estimulos-monetarios-julho\/#primaryimage"},"thumbnailUrl":"https:\/\/files.sunoresearch.com.br\/n\/uploads\/2019\/01\/1b5e4432-o-presidente-do-banco-central-europeu-mario-draghi-jpg.webp","datePublished":"2019-08-22T13:33:16+00:00","dateModified":"2019-08-22T13:35:16+00:00","description":"De acordo com ata divulgada nesta quinta (22), dirigentes do BCE debateram sobre um suposto novo plano de est\u00edmulos monet\u00e1rios. Saiba mais.","breadcrumb":{"@id":"https:\/\/www.suno.com.br\/noticias\/ata-bce-pacote-estimulos-monetarios-julho\/#breadcrumb"},"inLanguage":"pt-BR","potentialAction":[{"@type":"ReadAction","target":["https:\/\/www.suno.com.br\/noticias\/ata-bce-pacote-estimulos-monetarios-julho\/"]}]},{"@type":"ImageObject","inLanguage":"pt-BR","@id":"https:\/\/www.suno.com.br\/noticias\/ata-bce-pacote-estimulos-monetarios-julho\/#primaryimage","url":"https:\/\/files.sunoresearch.com.br\/n\/uploads\/2019\/01\/1b5e4432-o-presidente-do-banco-central-europeu-mario-draghi-jpg.webp","contentUrl":"https:\/\/files.sunoresearch.com.br\/n\/uploads\/2019\/01\/1b5e4432-o-presidente-do-banco-central-europeu-mario-draghi-jpg.webp","width":1400,"height":970,"caption":"Ata mostra que Banco Central Europeu debateu pacote de est\u00edmulos monet\u00e1rios em julho"},{"@type":"BreadcrumbList","@id":"https:\/\/www.suno.com.br\/noticias\/ata-bce-pacote-estimulos-monetarios-julho\/#breadcrumb","itemListElement":[{"@type":"ListItem","position":1,"name":"Not\u00edcias","item":"https:\/\/www.suno.com.br\/noticias\/"},{"@type":"ListItem","position":2,"name":"Internacional","item":"https:\/\/www.suno.com.br\/noticias\/internacional\/"},{"@type":"ListItem","position":3,"name":"Ata mostra que BCE debateu pacote de est\u00edmulos monet\u00e1rios em julho"}]},{"@type":"WebSite","@id":"https:\/\/www.suno.com.br\/noticias\/#website","url":"https:\/\/www.suno.com.br\/noticias\/","name":"Suno Not\u00edcias","description":"Seu portal de informa\u00e7\u00e3o sobre o mundo dos investimentos","publisher":{"@id":"https:\/\/www.suno.com.br\/noticias\/#organization"},"potentialAction":[{"@type":"SearchAction","target":{"@type":"EntryPoint","urlTemplate":"https:\/\/www.suno.com.br\/noticias\/?s={search_term_string}"},"query-input":{"@type":"PropertyValueSpecification","valueRequired":true,"valueName":"search_term_string"}}],"inLanguage":"pt-BR"},{"@type":"Organization","@id":"https:\/\/www.suno.com.br\/noticias\/#organization","name":"Suno Not\u00edcias","url":"https:\/\/www.suno.com.br\/noticias\/","logo":{"@type":"ImageObject","inLanguage":"pt-BR","@id":"https:\/\/www.suno.com.br\/noticias\/#\/schema\/logo\/image\/","url":"https:\/\/files.sunoresearch.com.br\/n\/uploads\/2021\/09\/suno-logo.png","contentUrl":"https:\/\/files.sunoresearch.com.br\/n\/uploads\/2021\/09\/suno-logo.png","width":180,"height":180,"caption":"Suno Not\u00edcias"},"image":{"@id":"https:\/\/www.suno.com.br\/noticias\/#\/schema\/logo\/image\/"},"sameAs":["https:\/\/facebook.com\/sunoresearch","https:\/\/x.com\/sunoresearch","https:\/\/www.instagram.com\/suno","https:\/\/www.linkedin.com\/company\/suno-research\/","https:\/\/www.youtube.com\/c\/sunoresearch"]},{"@type":"Person","@id":"https:\/\/www.suno.com.br\/noticias\/#\/schema\/person\/1db762f78ffd8919a648a63e425953e3","name":"Juliano Passaro","image":{"@type":"ImageObject","inLanguage":"pt-BR","@id":"https:\/\/www.suno.com.br\/noticias\/#\/schema\/person\/image\/","url":"https:\/\/secure.gravatar.com\/avatar\/743d4df28eebf6dcc46b4ad03c319e92?s=96&r=g","contentUrl":"https:\/\/secure.gravatar.com\/avatar\/743d4df28eebf6dcc46b4ad03c319e92?s=96&r=g","caption":"Juliano Passaro"},"description":"Juliano Passaro escreve sobre pol\u00edtica, economia e neg\u00f3cios para o portal da Suno Research. Antes da Suno, trabalhou no Portal da Band. \u00c9 formado em jornalismo pela Universidade Presbiteriana Mackenzie.","url":"https:\/\/www.suno.com.br\/noticias\/author\/juliano\/"}]}},"default_loop_html":"<div class=\"cardsPage__listCard__boxs\"><div class=\"cardsPage__listCard__boxs__img\"><a href=\"https:\/\/www.suno.com.br\/noticias\/ata-bce-pacote-estimulos-monetarios-julho\/\"><img class=\"mask\" src=\"https:\/\/www.suno.com.br\/noticias\/wp-content\/themes\/suno\/resources\/images\/spotlight\/spotlight1img\/bg-mask.png\" alt=\"Image Mask\"\/><img src=\"https:\/\/files.sunoresearch.com.br\/n\/uploads\/2019\/01\/1b5e4432-o-presidente-do-banco-central-europeu-mario-draghi-400x200.webp\" alt=\"Ata mostra que BCE debateu pacote de est\u00edmulos monet\u00e1rios em julho\"\/><\/a><span class=\"spotlightCategory\"><a href=\"https:\/\/www.suno.com.br\/noticias\/internacional\/\">Internacional<\/a><\/span><\/div><div class=\"cardsPage__listCard__boxs__content\"><a href=\"https:\/\/www.suno.com.br\/noticias\/ata-bce-pacote-estimulos-monetarios-julho\/\"><h2 class=\"content__title\">Ata mostra que BCE debateu pacote de est\u00edmulos monet\u00e1rios em julho<\/h2><\/a><div class=\"newsContent__article__meta\"><div class=\"newsContent__article__meta__authorBox\"><a href=\"https:\/\/www.suno.com.br\/noticias\/author\/juliano\/\" class=\"authorBox__avatar noMobi\"><img src=\"https:\/\/files.sunoresearch.com.br\/n\/uploads\/2019\/06\/7cc3efea-whatsapp-image-2019-07-18-at-21.59.33-e1563499821209-150x150.webp\" alt=\"Juliano Passaro\"><\/a><div class=\"authorBox__name\"><span>por\n\t\t\t<a href=\"https:\/\/www.suno.com.br\/noticias\/author\/juliano\/\"><span itemprop=\"author\">Juliano Passaro<\/span><\/a><\/span><time datetime=\"2019-08-22T10:33:16-03:00\" itemprop=\"datePublished\">22\/08\/2019 10:33<\/time><\/div><\/div><\/div><\/div><\/div>","single_layout":"posts","amp_enabled":true,"_links":{"self":[{"href":"https:\/\/www.suno.com.br\/noticias\/wp-json\/wp\/v2\/posts\/34921"}],"collection":[{"href":"https:\/\/www.suno.com.br\/noticias\/wp-json\/wp\/v2\/posts"}],"about":[{"href":"https:\/\/www.suno.com.br\/noticias\/wp-json\/wp\/v2\/types\/post"}],"author":[{"embeddable":true,"href":"https:\/\/www.suno.com.br\/noticias\/wp-json\/wp\/v2\/users\/19"}],"replies":[{"embeddable":true,"href":"https:\/\/www.suno.com.br\/noticias\/wp-json\/wp\/v2\/comments?post=34921"}],"version-history":[{"count":0,"href":"https:\/\/www.suno.com.br\/noticias\/wp-json\/wp\/v2\/posts\/34921\/revisions"}],"wp:featuredmedia":[{"embeddable":true,"href":"https:\/\/www.suno.com.br\/noticias\/wp-json\/wp\/v2\/media\/11913"}],"wp:attachment":[{"href":"https:\/\/www.suno.com.br\/noticias\/wp-json\/wp\/v2\/media?parent=34921"}],"wp:term":[{"taxonomy":"category","embeddable":true,"href":"https:\/\/www.suno.com.br\/noticias\/wp-json\/wp\/v2\/categories?post=34921"},{"taxonomy":"post_tag","embeddable":true,"href":"https:\/\/www.suno.com.br\/noticias\/wp-json\/wp\/v2\/tags?post=34921"},{"taxonomy":"suno_strategy","embeddable":true,"href":"https:\/\/www.suno.com.br\/noticias\/wp-json\/wp\/v2\/suno_strategy?post=34921"}],"curies":[{"name":"wp","href":"https:\/\/api.w.org\/{rel}","templated":true}]}}