{"id":349127,"date":"2023-01-18T15:26:10","date_gmt":"2023-01-18T18:26:10","guid":{"rendered":"https:\/\/www.suno.com.br\/noticias\/?p=349127"},"modified":"2023-01-18T16:00:17","modified_gmt":"2023-01-18T19:00:17","slug":"americanas-amer3-dificilmente-outro-caso-diretora-cvm","status":"publish","type":"post","link":"https:\/\/www.suno.com.br\/noticias\/americanas-amer3-dificilmente-outro-caso-diretora-cvm\/","title":{"rendered":"&#8216;Dificilmente teremos outro caso como o da Americanas (AMER3)&#8217;, diz ex-diretora da CVM"},"content":{"rendered":"<p>Desde quarta-feira (11), o <a class=\"suno-keyword\" data-force=\"no\" data-priority=\"2\" href=\"https:\/\/www.suno.com.br\/guias\/mercado-financeiro\/\" target=\"_blank\" rel=\"noopener\">mercado financeiro<\/a> se prepara para mais um baque a qualquer momento. Isso porque a <strong>Americanas <\/strong>(AMER3) revelou inconsist\u00eancias cont\u00e1beis no valor de R$ 20 bilh\u00f5es e, at\u00e9 ent\u00e3o, n\u00e3o se sabe o que houve de fato na contabilidade da empresa. Mas ser\u00e1 que este \u00e9 um caso comum a ponto de ser repetido? Segundo Luciana Dias, ex-diretora da Comiss\u00e3o de Valores Mobili\u00e1rios (CVM) e professora da Funda\u00e7\u00e3o Get\u00falio Vargas (FGV), \u201c\u00e9 dif\u00edcil falarmos em um novo esc\u00e2ndalo dessa propor\u00e7\u00e3o\u201d.<\/p><div class=\"videoFull \">\n\t\t\t<div class=\"videoWrapper yt-lazyload center\"\n\t\t\t\tdata-width=\"960\"\n\t\t\t\tdata-height=\"540\"\n\t\t\t\tdata-id=\"Mqj6Ekrio2o\"\n\t\t\t\tdata-alt=\"V\u00eddeo do YouTube - clique para reproduzir\"\n\t\t\t\tdata-logo=\"3\"\n\t\t\t\tdata-imagequality=\"maxres\">\n\t\t\t<\/div>\n\t\t<\/div><script type=\"application\/ld+json\">{\"@context\":\"https:\/\/schema.org\",\"@type\":\"VideoObject\",\"name\":\"AMERICANAS (AMER3): CVM, PwC ou a pr\u00f3pria empresa; de quem \u00e9 a culpa? | Suno Not\u00edcias\",\"description\":\"\ud83d\udd0e \ud83d\udcca[\ud835\uddf2\ud835\uddd5\ud835\uddfc\ud835\uddfc\ud835\uddf8 \ud835\uddda\ud835\udde5\ud835\uddd4\ud835\udde7\ud835\udde8\ud835\udddc\ud835\udde7\ud835\udde2] \ud835\uddd4\ud835\uddfd\ud835\uddff\ud835\uddf2\ud835\uddfb\ud835\uddf1\ud835\uddee \ud835\uddf0\ud835\uddfc\ud835\uddfa\ud835\uddfc \ud835\uddee\ud835\uddfb\ud835\uddee\ud835\uddf9\ud835\uddf6\ud835\ude00\ud835\uddee\ud835\uddff \ud835\ude02\ud835\uddfa\ud835\uddee \ud835\uddee\u00e7\u00e3\ud835\uddfc\u200b \ud83d\udc47 https:\/\/lp.suno.com.br\/ebook-como-analisar-uma-acao\/?utm_source=youtube.noticias&utm_medium=live&utm_campaign=ebookcomoanalisarumaacao.20230116&utm_content=ytnoticias.morning.17012023 \ud83d\udcd8 [\ud835\udfed\ud835\udfec\ud835\udfed \ud835\udde3\ud835\uddf2\ud835\uddff\ud835\uddf4\ud835\ude02\ud835\uddfb\ud835\ude01\ud835\uddee\ud835\ude00 \ud835\uddf2 \ud835\udde5\ud835\uddf2\ud835\ude00\ud835\uddfd\ud835\uddfc\ud835\ude00\ud835\ude01\ud835\uddee\ud835\ude00 \ud835\ude00\ud835\uddfc\ud835\uddef\ud835\uddff\ud835\uddf2 \ud835\uddd9\ud835\ude02\ud835\uddfb\ud835\uddf1\ud835\uddfc\ud835\ude00 \ud835\udddc\ud835\uddfa\ud835\uddfc\ud835\uddef\ud835\uddf6\ud835\uddf9\ud835\uddf6\u00e1\ud835\uddff\ud835\uddf6\ud835\uddfc\ud835\ude00] \ud835\uddd6\ud835\uddfc\ud835\uddfa\ud835\uddf2\ud835\uddf0\ud835\uddf2 \ud835\uddfc \ud835\uddee\ud835\uddfb\ud835\uddfc \ud835\uddf3\ud835\uddee\ud835\ude07\ud835\uddf2\ud835\uddfb\ud835\uddf1\ud835\uddfc \ud835\udde5\ud835\uddf2\ud835\uddfb\ud835\uddf1\ud835\uddee \ud835\uddd8\ud835\ude05\ud835\ude01\ud835\uddff\ud835\uddee \ud835\uddf0\ud835\uddfc\ud835\uddfa \ud835\uddfc \ud835\uddfd\ud835\uddff\u00f3\ud835\ude05\ud835\uddf6\ud835\uddfa\ud835\uddfc \ud835\uddfd\ud835\uddee\ud835\ude00\ud835\ude00\ud835\uddfc \ud835\uddf1\ud835\uddfc \ud835\uddd7\ud835\uddf2\ud835\ude00\ud835\uddee\ud835\uddf3\ud835\uddf6\ud835\uddfc! \ud83d\udc47 https:\/\/lp.suno.com.br\/cl\/desafio-da-renda-extra-2023-distribuicao\/?utm_source=youtube.noticias&utm_medium=live&utm_campaign=RS.DRE23.ns.20230118&utm_content=ytnoticias.live19h.18012023 #americanas #amer3 #sergiorial #investimentos #bolsadevalores #mercadofinanceiro #cortes \ud83d\udd34\ud835\udc08\ud835\udc0d\ud835\udc12\ud835\udc02\ud835\udc11\ud835\udc04\ud835\udc15\ud835\udc00-\ud835\udc12\ud835\udc04 \ud835\udc0d\ud835\udc0e \ud835\udc02\ud835\udc00\ud835\udc0d\ud835\udc00\ud835\udc0b \ud835\udc04 \ud835\udc00\ud835\udc13\ud835\udc08\ud835\udc15\ud835\udc04 \ud835\udc0e \ud835\udc12\ud835\udc08\ud835\udc0d\ud835\udc0e \ud83d\udc47 https:\/\/bit.ly\/INSCREVA-SEATIVEOSINO \ud83d\udcda \ud835\udfcf\ud835\udfce \ud835\udc0b\ud835\udc22\ud835\udc2f\ud835\udc2b\ud835\udc28\ud835\udc2c \ud835\udc2a\ud835\udc2e\ud835\udc1e \ud835\udc13\ud835\udc28\ud835\udc1d\ud835\udc28 \ud835\udc08\ud835\udc27\ud835\udc2f\ud835\udc1e\ud835\udc2c\ud835\udc2d\ud835\udc22\ud835\udc1d\ud835\udc28\ud835\udc2b \ud835\udc1d\ud835\udc1e\ud835\udc2f\ud835\udc1e\ud835\udc2b\ud835\udc22\ud835\udc1a\u2026\",\"duration\":\"PT17M21S\",\"embedUrl\":\"https:\/\/www.youtube.com\/embed\/Mqj6Ekrio2o\",\"regionsAllowed\":\"pt-BR\",\"interactionStatistic\":{\"@type\":\"InteractionCounter\",\"interactionType\":{\"@type\":\"WatchAction\"},\"userInteractionCount\":2168},\"thumbnailUrl\":\"https:\/\/i.ytimg.com\/vi\/Mqj6Ekrio2o\/default.jpg\",\"uploadDate\":\"2023-01-18T18:45:00Z\"}<\/script>\n\n\n\n\n\t<p>\n\t\t<a href=\"\" target=\"_blank\" data-element=\"shortcode-suno-banner\" title=\"Banner SUNO, clique e saiba mais\">\n\t\t\t<picture>\n\t\t\t\t<source media=\"(max-width: 500px)\" srcset=\"\">\n\t\t\t\t<img class=\"newsContent__article__imgCapa newsContent__article__imgCapa--banner\"\n\t\t\t\t\tsrc=\"\"\n\t\t\t\t\tdata-promo-id=\"138420\"\t\t\t\t\t\t\t\t\t\t\t\t\t\t\talt=\"\"\n\t\t\t\t>\n\t\t\t<\/picture>\n\t\t<\/a>\n\t<\/p>\n\n\n\n\n\n<p>Em entrevista ao Suno Not\u00edcias, Luciana explica que ainda n\u00e3o \u00e9 poss\u00edvel saber<strong> o que aconteceu na Americanas<\/strong>. \u201cAs informa\u00e7\u00f5es s\u00e3o muito opacas. Inconsist\u00eancias cont\u00e1beis podem ser geradas basicamente por tr\u00eas fontes diferentes e ainda n\u00e3o sabemos quais delas ter\u00e3o rela\u00e7\u00e3o com os<strong> problemas identificados pelo ex-CEO Sergio Rial<\/strong>\u201d, disse. S\u00e3o elas: falta de controles internos, pol\u00edticas cont\u00e1beis conservadoras ou erradas, ou fraudes.<\/p>\n\n\n\n<p>Rial, que permaneceu no comando por nove dias, n\u00e3o esclareceu qual \u00e9 a origem dos problemas encontrados. Mas questiona-se se o assunto poderia ter sido trazido por meio de den\u00fancias, como ele pode ter sugerido no <a href=\"https:\/\/www.suno.com.br\/noticias\/americanas-amer3-sergio-rial-desabafo\/\">texto publicado no LinkedIn na ter\u00e7a-feira<\/a> (17).<\/p>\n\n\n\n<p>\u201cN\u00e3o apenas den\u00fancias por fraude, mas de falta de controle interno ou pol\u00edticas conservadoras. O que mais apavorou o mercado foi a<strong> sa\u00edda de Rial ap\u00f3s nove dias no cargo<\/strong>. Ele foi contratado com o objetivo de uma virada operacional na companhia, de crescimento, e a expectativa era grande\u201d, avaliou Luciana.<\/p>\n\n\n\n<h2 class=\"wp-block-heading\" id=\"h-quem-deixou-passar-os-r-20-bilhoes-da-americanas\">Quem deixou passar os R$ 20 bilh\u00f5es da Americanas?<\/h2>\n\n\n\n<p>Segundo Luciana Dias, a CVM tem se manifestado sobre a contabilidade da Americanas desde 2016. A autoridade exemplificou os casos necess\u00e1rios para an\u00e1lise e as raz\u00f5es pelas quais o julgamento cont\u00e1bil poderia se dar de uma maneira errada para inflar o estoque ou Ebitda (lucro antes de juros, impostos, <a class=\"suno-keyword\" target=\"_blank\" data-force=\"no\" data-priority=\"1\" href=\"https:\/\/www.suno.com.br\/artigos\/depreciacao-amortizacao\/\" rel=\"noopener\">deprecia\u00e7\u00e3o e amortiza\u00e7\u00e3o<\/a>) da companhia. <\/p>\n\n\n\n<p>\u201cEssa \u00e9 uma discuss\u00e3o que deve ser feita com o auditor. N\u00e3o acredito que a CVM poderia ter sido mais prescritiva, de maneira que n\u00e3o h\u00e1 um consenso a respeito disso no \u00e2mbito internacional tamb\u00e9m. A autoridade alertou o mercado sobre o car\u00e1ter problem\u00e1tico do assunto e a necessidade de sua discuss\u00e3o\u201d, analisou a ex-diretora da Comiss\u00e3o.<\/p>\n\n\n\n<p>O problema \u00e9 mais complicado do que parece. Segundo a especialista, n\u00e3o h\u00e1 uma \u2018receita\u2019 de como essas opera\u00e7\u00f5es devem ser contabilizadas. H\u00e1 diversas maneiras, desde que reflitam de maneira mais fidedigna poss\u00edvel a real situa\u00e7\u00e3o financeira da companhia. Por isso, muitas vezes, h\u00e1 espa\u00e7os para julgamentos.<\/p>\n\n\n\t<p>\n\t\t<a href=\"https:\/\/lp.suno.com.br\/planilha-da-vida-financeira\/\" target=\"_blank\" data-element=\"shortcode-suno-banner\" title=\"Banner SUNO, clique e saiba mais\">\n\t\t\t<picture>\n\t\t\t\t<source media=\"(max-width: 500px)\" srcset=\"https:\/\/files.sunoresearch.com.br\/n\/uploads\/2023\/04\/400x300-Planilha-vida-financeira-true.png\">\n\t\t\t\t<img class=\"newsContent__article__imgCapa newsContent__article__imgCapa--banner\"\n\t\t\t\t\tsrc=\"https:\/\/files.sunoresearch.com.br\/n\/uploads\/2023\/04\/1420x240-Planilha-vida-financeira-true.png\"\n\t\t\t\t\tdata-promo-id=\"106682\"\t\t\t\t\t\t\t\t\t\twidth='1420' height='240'\t\t\t\t\talt=\"https:\/\/files.sunoresearch.com.br\/n\/uploads\/2023\/04\/1420x240-Planilha-vida-financeira-true.png\"\n\t\t\t\t>\n\t\t\t<\/picture>\n\t\t<\/a>\n\t<\/p>\n\n\n\n\n\n<p>Na vis\u00e3o de Luciana, a supervis\u00e3o da CVM poderia ter adiantado a quest\u00e3o e tratado de maneira mais educativa. \u201cTalvez o problema n\u00e3o teria tomado toda essa propor\u00e7\u00e3o que estamos vendo\u201d, comentou.<\/p>\n\n\n\n<p>No caso da <strong>PricewaterhouseCoopers (PwC)<\/strong>, respons\u00e1vel pela auditoria, Luciana acha &#8220;muito dif\u00edcil que n\u00e3o se tenha discutido a pol\u00edtica cont\u00e1bil&#8221;. \u201cIsso \u00e9 muito padronizado. A empresa de auditoria presta aten\u00e7\u00e3o no que os reguladores est\u00e3o falando e coleta informa\u00e7\u00f5es. A auditoria auxilia a companhia a entender op\u00e7\u00f5es cont\u00e1beis. Acho muito dif\u00edcil essa discuss\u00e3o n\u00e3o ter ocorrido.\u201d<\/p>\n\n\n\n<h2 class=\"wp-block-heading\">Caso da Americanas pode se repetir?<\/h2>\n\n\n\n<p>O an\u00fancio da Americanas veio como um choque aos investidores da companhia. N\u00e3o \u00e0 toa, na vis\u00e3o de Luciana, mas com poucas chances de se repetir.<\/p>\n\n\n\n<p>Com o baque, muitas empresas j\u00e1 est\u00e3o se adiantando para analisar e soltar comunicados sobre suas pol\u00edticas cont\u00e1beis em rela\u00e7\u00e3o a essas opera\u00e7\u00f5es.<\/p>\n\n\n\n<p>\u201c\u00c9 arriscado dizer que teremos uma cascata de m\u00e1s not\u00edcias no setor de varejo. Isso porque as companhias t\u00eam se mostrado abertas a discutir contabilidade. Depois de um caso como esse, os auditores internos e externos, al\u00e9m do pr\u00f3prio regulador, devem refor\u00e7ar seus servi\u00e7os. Acho dif\u00edcil falarmos em um novo esc\u00e2ndalo da propor\u00e7\u00e3o vista na <strong>Americanas<\/strong>\u201d, apontou Luciana Dias.<\/p>\n\n\n\t<p>\n\t\t<a href=\"https:\/\/lp.suno.com.br\/planilha-controle-gastos\/\" target=\"_blank\" data-element=\"shortcode-suno-banner\" title=\"Banner SUNO, clique e saiba mais\">\n\t\t\t<picture>\n\t\t\t\t<source media=\"(max-width: 500px)\" srcset=\"https:\/\/files.sunoresearch.com.br\/n\/uploads\/2023\/03\/400x300-Planilha-controle-de-gastos.png\">\n\t\t\t\t<img class=\"newsContent__article__imgCapa newsContent__article__imgCapa--banner\"\n\t\t\t\t\tsrc=\"https:\/\/files.sunoresearch.com.br\/n\/uploads\/2023\/03\/1420x240-Planilha-controle-de-gastos.png\"\n\t\t\t\t\tdata-promo-id=\"101751\"\t\t\t\t\t\t\t\t\t\twidth='1420' height='240'\t\t\t\t\talt=\"https:\/\/files.sunoresearch.com.br\/n\/uploads\/2023\/03\/1420x240-Planilha-controle-de-gastos.png\"\n\t\t\t\t>\n\t\t\t<\/picture>\n\t\t<\/a>\n\t<\/p>\n\n\n","protected":false},"excerpt":{"rendered":"<p>Desde quarta-feira (11), o mercado financeiro se prepara para mais um baque a qualquer momento. Isso porque a Americanas (AMER3) revelou inconsist\u00eancias cont\u00e1beis no valor de R$ 20 bilh\u00f5es e, at\u00e9 ent\u00e3o, n\u00e3o se sabe o que houve de fato na contabilidade da empresa. Mas ser\u00e1 que este \u00e9 um caso comum a ponto de [&hellip;]<\/p>\n","protected":false},"author":70,"featured_media":114704,"comment_status":"closed","ping_status":"closed","sticky":false,"template":"","format":"standard","meta":[],"categories":[60],"tags":[106605,105816],"suno_strategy":[],"class_list":["post-349127","post","type-post","status-publish","format-standard","has-post-thumbnail","hentry","category-mercado","tag-americanas-s-a-amer3","tag-especialistas"],"yoast_head":"<!-- This site is optimized with the Yoast SEO plugin v24.4 - https:\/\/yoast.com\/wordpress\/plugins\/seo\/ -->\n<title>&#039;Dificilmente teremos outro caso como o da Americanas&#039;, diz ex-CVM<\/title>\n<meta name=\"description\" content=\"Ser\u00e1 que o caso da Americanas (AMER3) \u00e9 comum a ponto de ser repetido? Veja opini\u00e3o da ex-diretora da CVM sobre a crise.\" \/>\n<meta name=\"robots\" content=\"index, follow, max-snippet:-1, max-image-preview:large, max-video-preview:-1\" \/>\n<link rel=\"canonical\" href=\"https:\/\/www.suno.com.br\/noticias\/americanas-amer3-dificilmente-outro-caso-diretora-cvm\/\" \/>\n<meta property=\"og:locale\" content=\"pt_BR\" \/>\n<meta property=\"og:type\" content=\"article\" \/>\n<meta property=\"og:title\" content=\"&#039;Dificilmente teremos outro caso como o da Americanas&#039;, diz ex-CVM\" \/>\n<meta property=\"og:description\" content=\"Ser\u00e1 que o caso da Americanas (AMER3) \u00e9 comum a ponto de ser repetido? Veja opini\u00e3o da ex-diretora da CVM sobre a crise.\" \/>\n<meta property=\"og:url\" content=\"https:\/\/www.suno.com.br\/noticias\/americanas-amer3-dificilmente-outro-caso-diretora-cvm\/\" \/>\n<meta property=\"og:site_name\" content=\"Suno Not\u00edcias\" \/>\n<meta property=\"article:publisher\" content=\"https:\/\/facebook.com\/sunoresearch\" \/>\n<meta property=\"og:image\" content=\"https:\/\/files.sunoresearch.com.br\/n\/uploads\/2021\/01\/5ada41dc-db_011118.jpg\" \/>\n\t<meta property=\"og:image:width\" content=\"1380\" \/>\n\t<meta property=\"og:image:height\" content=\"920\" \/>\n\t<meta property=\"og:image:type\" content=\"image\/jpeg\" \/>\n<meta name=\"author\" content=\"Beatriz Boyadjian\" \/>\n<meta name=\"twitter:card\" content=\"summary_large_image\" \/>\n<meta name=\"twitter:creator\" content=\"@sunoresearch\" \/>\n<meta name=\"twitter:site\" content=\"@sunoresearch\" \/>\n<meta name=\"twitter:label1\" content=\"Escrito por\" \/>\n\t<meta name=\"twitter:data1\" content=\"Beatriz Boyadjian\" \/>\n\t<meta name=\"twitter:label2\" content=\"Est. tempo de leitura\" \/>\n\t<meta name=\"twitter:data2\" content=\"4 minutos\" \/>\n<script type=\"application\/ld+json\" class=\"yoast-schema-graph\">{\"@context\":\"https:\/\/schema.org\",\"@graph\":[{\"@type\":\"NewsArticle\",\"@id\":\"https:\/\/www.suno.com.br\/noticias\/americanas-amer3-dificilmente-outro-caso-diretora-cvm\/#article\",\"isPartOf\":{\"@id\":\"https:\/\/www.suno.com.br\/noticias\/americanas-amer3-dificilmente-outro-caso-diretora-cvm\/\"},\"author\":{\"name\":\"Beatriz Boyadjian\",\"@id\":\"https:\/\/www.suno.com.br\/noticias\/#\/schema\/person\/c9d40f227e4ffee8114b1299c28902b0\"},\"headline\":\"&#8216;Dificilmente teremos outro caso como o da Americanas (AMER3)&#8217;, diz ex-diretora da CVM\",\"datePublished\":\"2023-01-18T18:26:10+00:00\",\"dateModified\":\"2023-01-18T19:00:17+00:00\",\"mainEntityOfPage\":{\"@id\":\"https:\/\/www.suno.com.br\/noticias\/americanas-amer3-dificilmente-outro-caso-diretora-cvm\/\"},\"wordCount\":707,\"publisher\":{\"@id\":\"https:\/\/www.suno.com.br\/noticias\/#organization\"},\"image\":{\"@id\":\"https:\/\/www.suno.com.br\/noticias\/americanas-amer3-dificilmente-outro-caso-diretora-cvm\/#primaryimage\"},\"thumbnailUrl\":\"https:\/\/files.sunoresearch.com.br\/n\/uploads\/2021\/01\/5ada41dc-db_011118-jpg.webp\",\"keywords\":[\"Americanas (AMER3)\",\"Especialistas\"],\"articleSection\":[\"Mercado\"],\"inLanguage\":\"pt-BR\"},{\"@type\":\"WebPage\",\"@id\":\"https:\/\/www.suno.com.br\/noticias\/americanas-amer3-dificilmente-outro-caso-diretora-cvm\/\",\"url\":\"https:\/\/www.suno.com.br\/noticias\/americanas-amer3-dificilmente-outro-caso-diretora-cvm\/\",\"name\":\"'Dificilmente teremos outro caso como o da Americanas', diz ex-CVM\",\"isPartOf\":{\"@id\":\"https:\/\/www.suno.com.br\/noticias\/#website\"},\"primaryImageOfPage\":{\"@id\":\"https:\/\/www.suno.com.br\/noticias\/americanas-amer3-dificilmente-outro-caso-diretora-cvm\/#primaryimage\"},\"image\":{\"@id\":\"https:\/\/www.suno.com.br\/noticias\/americanas-amer3-dificilmente-outro-caso-diretora-cvm\/#primaryimage\"},\"thumbnailUrl\":\"https:\/\/files.sunoresearch.com.br\/n\/uploads\/2021\/01\/5ada41dc-db_011118-jpg.webp\",\"datePublished\":\"2023-01-18T18:26:10+00:00\",\"dateModified\":\"2023-01-18T19:00:17+00:00\",\"description\":\"Ser\u00e1 que o caso da Americanas (AMER3) \u00e9 comum a ponto de ser repetido? Veja opini\u00e3o da ex-diretora da CVM sobre a crise.\",\"breadcrumb\":{\"@id\":\"https:\/\/www.suno.com.br\/noticias\/americanas-amer3-dificilmente-outro-caso-diretora-cvm\/#breadcrumb\"},\"inLanguage\":\"pt-BR\",\"potentialAction\":[{\"@type\":\"ReadAction\",\"target\":[\"https:\/\/www.suno.com.br\/noticias\/americanas-amer3-dificilmente-outro-caso-diretora-cvm\/\"]}]},{\"@type\":\"ImageObject\",\"inLanguage\":\"pt-BR\",\"@id\":\"https:\/\/www.suno.com.br\/noticias\/americanas-amer3-dificilmente-outro-caso-diretora-cvm\/#primaryimage\",\"url\":\"https:\/\/files.sunoresearch.com.br\/n\/uploads\/2021\/01\/5ada41dc-db_011118-jpg.webp\",\"contentUrl\":\"https:\/\/files.sunoresearch.com.br\/n\/uploads\/2021\/01\/5ada41dc-db_011118-jpg.webp\",\"width\":1380,\"height\":920,\"caption\":\"Americanas. Foto: Divulga\u00e7\u00e3o\"},{\"@type\":\"BreadcrumbList\",\"@id\":\"https:\/\/www.suno.com.br\/noticias\/americanas-amer3-dificilmente-outro-caso-diretora-cvm\/#breadcrumb\",\"itemListElement\":[{\"@type\":\"ListItem\",\"position\":1,\"name\":\"Not\u00edcias\",\"item\":\"https:\/\/www.suno.com.br\/noticias\/\"},{\"@type\":\"ListItem\",\"position\":2,\"name\":\"Mercado\",\"item\":\"https:\/\/www.suno.com.br\/noticias\/mercado\/\"},{\"@type\":\"ListItem\",\"position\":3,\"name\":\"&#8216;Dificilmente teremos outro caso como o da Americanas (AMER3)&#8217;, diz ex-diretora da CVM\"}]},{\"@type\":\"WebSite\",\"@id\":\"https:\/\/www.suno.com.br\/noticias\/#website\",\"url\":\"https:\/\/www.suno.com.br\/noticias\/\",\"name\":\"Suno Not\u00edcias\",\"description\":\"Seu portal de informa\u00e7\u00e3o sobre o mundo dos investimentos\",\"publisher\":{\"@id\":\"https:\/\/www.suno.com.br\/noticias\/#organization\"},\"potentialAction\":[{\"@type\":\"SearchAction\",\"target\":{\"@type\":\"EntryPoint\",\"urlTemplate\":\"https:\/\/www.suno.com.br\/noticias\/?s={search_term_string}\"},\"query-input\":{\"@type\":\"PropertyValueSpecification\",\"valueRequired\":true,\"valueName\":\"search_term_string\"}}],\"inLanguage\":\"pt-BR\"},{\"@type\":\"Organization\",\"@id\":\"https:\/\/www.suno.com.br\/noticias\/#organization\",\"name\":\"Suno Not\u00edcias\",\"url\":\"https:\/\/www.suno.com.br\/noticias\/\",\"logo\":{\"@type\":\"ImageObject\",\"inLanguage\":\"pt-BR\",\"@id\":\"https:\/\/www.suno.com.br\/noticias\/#\/schema\/logo\/image\/\",\"url\":\"https:\/\/files.sunoresearch.com.br\/n\/uploads\/2021\/09\/suno-logo.png\",\"contentUrl\":\"https:\/\/files.sunoresearch.com.br\/n\/uploads\/2021\/09\/suno-logo.png\",\"width\":180,\"height\":180,\"caption\":\"Suno Not\u00edcias\"},\"image\":{\"@id\":\"https:\/\/www.suno.com.br\/noticias\/#\/schema\/logo\/image\/\"},\"sameAs\":[\"https:\/\/facebook.com\/sunoresearch\",\"https:\/\/x.com\/sunoresearch\",\"https:\/\/www.instagram.com\/suno\",\"https:\/\/www.linkedin.com\/company\/suno-research\/\",\"https:\/\/www.youtube.com\/c\/sunoresearch\"]},{\"@type\":\"Person\",\"@id\":\"https:\/\/www.suno.com.br\/noticias\/#\/schema\/person\/c9d40f227e4ffee8114b1299c28902b0\",\"name\":\"Beatriz Boyadjian\",\"image\":{\"@type\":\"ImageObject\",\"inLanguage\":\"pt-BR\",\"@id\":\"https:\/\/www.suno.com.br\/noticias\/#\/schema\/person\/image\/\",\"url\":\"https:\/\/secure.gravatar.com\/avatar\/4c3c59f4030e268f950437c4f36e38b7?s=96&r=g\",\"contentUrl\":\"https:\/\/secure.gravatar.com\/avatar\/4c3c59f4030e268f950437c4f36e38b7?s=96&r=g\",\"caption\":\"Beatriz Boyadjian\"},\"description\":\"Rep\u00f3rter multim\u00eddia no Suno Not\u00edcias. Jornalista formada pela Faculdade C\u00e1sper L\u00edbero, foi rep\u00f3rter da Forbes Brasil e atuou na cobertura de hard news, economia, neg\u00f3cios e lifestyle. Gerenciou as redes sociais da edi\u00e7\u00e3o brasileira da tradicional revista de neg\u00f3cios. Na M\u00e1quina Cohn&amp;Wolfe, atuou como rela\u00e7\u00f5es p\u00fablicas de clientes do N\u00facleo de Sa\u00fade da empresa. Produziu releases, notas, relat\u00f3rios, entre outros, para empresas como Biomm, Hypera, FIDI. Anteriormente, respons\u00e1vel pelas redes sociais do Suno Not\u00edcias.\",\"sameAs\":[\"https:\/\/www.linkedin.com\/in\/beatriz-boyadjian\/\"],\"url\":\"https:\/\/www.suno.com.br\/noticias\/author\/beatriz-boyadjian\/\"}]}<\/script>\n<!-- \/ Yoast SEO plugin. -->","yoast_head_json":{"title":"'Dificilmente teremos outro caso como o da Americanas', diz ex-CVM","description":"Ser\u00e1 que o caso da Americanas (AMER3) \u00e9 comum a ponto de ser repetido? Veja opini\u00e3o da ex-diretora da CVM sobre a crise.","robots":{"index":"index","follow":"follow","max-snippet":"max-snippet:-1","max-image-preview":"max-image-preview:large","max-video-preview":"max-video-preview:-1"},"canonical":"https:\/\/www.suno.com.br\/noticias\/americanas-amer3-dificilmente-outro-caso-diretora-cvm\/","og_locale":"pt_BR","og_type":"article","og_title":"'Dificilmente teremos outro caso como o da Americanas', diz ex-CVM","og_description":"Ser\u00e1 que o caso da Americanas (AMER3) \u00e9 comum a ponto de ser repetido? Veja opini\u00e3o da ex-diretora da CVM sobre a crise.","og_url":"https:\/\/www.suno.com.br\/noticias\/americanas-amer3-dificilmente-outro-caso-diretora-cvm\/","og_site_name":"Suno Not\u00edcias","article_publisher":"https:\/\/facebook.com\/sunoresearch","og_image":[{"width":1380,"height":920,"url":"https:\/\/files.sunoresearch.com.br\/n\/uploads\/2021\/01\/5ada41dc-db_011118.jpg","type":"image\/jpeg"}],"author":"Beatriz Boyadjian","twitter_card":"summary_large_image","twitter_creator":"@sunoresearch","twitter_site":"@sunoresearch","twitter_misc":{"Escrito por":"Beatriz Boyadjian","Est. tempo de leitura":"4 minutos"},"schema":{"@context":"https:\/\/schema.org","@graph":[{"@type":"NewsArticle","@id":"https:\/\/www.suno.com.br\/noticias\/americanas-amer3-dificilmente-outro-caso-diretora-cvm\/#article","isPartOf":{"@id":"https:\/\/www.suno.com.br\/noticias\/americanas-amer3-dificilmente-outro-caso-diretora-cvm\/"},"author":{"name":"Beatriz Boyadjian","@id":"https:\/\/www.suno.com.br\/noticias\/#\/schema\/person\/c9d40f227e4ffee8114b1299c28902b0"},"headline":"&#8216;Dificilmente teremos outro caso como o da Americanas (AMER3)&#8217;, diz ex-diretora da CVM","datePublished":"2023-01-18T18:26:10+00:00","dateModified":"2023-01-18T19:00:17+00:00","mainEntityOfPage":{"@id":"https:\/\/www.suno.com.br\/noticias\/americanas-amer3-dificilmente-outro-caso-diretora-cvm\/"},"wordCount":707,"publisher":{"@id":"https:\/\/www.suno.com.br\/noticias\/#organization"},"image":{"@id":"https:\/\/www.suno.com.br\/noticias\/americanas-amer3-dificilmente-outro-caso-diretora-cvm\/#primaryimage"},"thumbnailUrl":"https:\/\/files.sunoresearch.com.br\/n\/uploads\/2021\/01\/5ada41dc-db_011118-jpg.webp","keywords":["Americanas (AMER3)","Especialistas"],"articleSection":["Mercado"],"inLanguage":"pt-BR"},{"@type":"WebPage","@id":"https:\/\/www.suno.com.br\/noticias\/americanas-amer3-dificilmente-outro-caso-diretora-cvm\/","url":"https:\/\/www.suno.com.br\/noticias\/americanas-amer3-dificilmente-outro-caso-diretora-cvm\/","name":"'Dificilmente teremos outro caso como o da Americanas', diz ex-CVM","isPartOf":{"@id":"https:\/\/www.suno.com.br\/noticias\/#website"},"primaryImageOfPage":{"@id":"https:\/\/www.suno.com.br\/noticias\/americanas-amer3-dificilmente-outro-caso-diretora-cvm\/#primaryimage"},"image":{"@id":"https:\/\/www.suno.com.br\/noticias\/americanas-amer3-dificilmente-outro-caso-diretora-cvm\/#primaryimage"},"thumbnailUrl":"https:\/\/files.sunoresearch.com.br\/n\/uploads\/2021\/01\/5ada41dc-db_011118-jpg.webp","datePublished":"2023-01-18T18:26:10+00:00","dateModified":"2023-01-18T19:00:17+00:00","description":"Ser\u00e1 que o caso da Americanas (AMER3) \u00e9 comum a ponto de ser repetido? Veja opini\u00e3o da ex-diretora da CVM sobre a crise.","breadcrumb":{"@id":"https:\/\/www.suno.com.br\/noticias\/americanas-amer3-dificilmente-outro-caso-diretora-cvm\/#breadcrumb"},"inLanguage":"pt-BR","potentialAction":[{"@type":"ReadAction","target":["https:\/\/www.suno.com.br\/noticias\/americanas-amer3-dificilmente-outro-caso-diretora-cvm\/"]}]},{"@type":"ImageObject","inLanguage":"pt-BR","@id":"https:\/\/www.suno.com.br\/noticias\/americanas-amer3-dificilmente-outro-caso-diretora-cvm\/#primaryimage","url":"https:\/\/files.sunoresearch.com.br\/n\/uploads\/2021\/01\/5ada41dc-db_011118-jpg.webp","contentUrl":"https:\/\/files.sunoresearch.com.br\/n\/uploads\/2021\/01\/5ada41dc-db_011118-jpg.webp","width":1380,"height":920,"caption":"Americanas. Foto: Divulga\u00e7\u00e3o"},{"@type":"BreadcrumbList","@id":"https:\/\/www.suno.com.br\/noticias\/americanas-amer3-dificilmente-outro-caso-diretora-cvm\/#breadcrumb","itemListElement":[{"@type":"ListItem","position":1,"name":"Not\u00edcias","item":"https:\/\/www.suno.com.br\/noticias\/"},{"@type":"ListItem","position":2,"name":"Mercado","item":"https:\/\/www.suno.com.br\/noticias\/mercado\/"},{"@type":"ListItem","position":3,"name":"&#8216;Dificilmente teremos outro caso como o da Americanas (AMER3)&#8217;, diz ex-diretora da CVM"}]},{"@type":"WebSite","@id":"https:\/\/www.suno.com.br\/noticias\/#website","url":"https:\/\/www.suno.com.br\/noticias\/","name":"Suno Not\u00edcias","description":"Seu portal de informa\u00e7\u00e3o sobre o mundo dos investimentos","publisher":{"@id":"https:\/\/www.suno.com.br\/noticias\/#organization"},"potentialAction":[{"@type":"SearchAction","target":{"@type":"EntryPoint","urlTemplate":"https:\/\/www.suno.com.br\/noticias\/?s={search_term_string}"},"query-input":{"@type":"PropertyValueSpecification","valueRequired":true,"valueName":"search_term_string"}}],"inLanguage":"pt-BR"},{"@type":"Organization","@id":"https:\/\/www.suno.com.br\/noticias\/#organization","name":"Suno Not\u00edcias","url":"https:\/\/www.suno.com.br\/noticias\/","logo":{"@type":"ImageObject","inLanguage":"pt-BR","@id":"https:\/\/www.suno.com.br\/noticias\/#\/schema\/logo\/image\/","url":"https:\/\/files.sunoresearch.com.br\/n\/uploads\/2021\/09\/suno-logo.png","contentUrl":"https:\/\/files.sunoresearch.com.br\/n\/uploads\/2021\/09\/suno-logo.png","width":180,"height":180,"caption":"Suno Not\u00edcias"},"image":{"@id":"https:\/\/www.suno.com.br\/noticias\/#\/schema\/logo\/image\/"},"sameAs":["https:\/\/facebook.com\/sunoresearch","https:\/\/x.com\/sunoresearch","https:\/\/www.instagram.com\/suno","https:\/\/www.linkedin.com\/company\/suno-research\/","https:\/\/www.youtube.com\/c\/sunoresearch"]},{"@type":"Person","@id":"https:\/\/www.suno.com.br\/noticias\/#\/schema\/person\/c9d40f227e4ffee8114b1299c28902b0","name":"Beatriz Boyadjian","image":{"@type":"ImageObject","inLanguage":"pt-BR","@id":"https:\/\/www.suno.com.br\/noticias\/#\/schema\/person\/image\/","url":"https:\/\/secure.gravatar.com\/avatar\/4c3c59f4030e268f950437c4f36e38b7?s=96&r=g","contentUrl":"https:\/\/secure.gravatar.com\/avatar\/4c3c59f4030e268f950437c4f36e38b7?s=96&r=g","caption":"Beatriz Boyadjian"},"description":"Rep\u00f3rter multim\u00eddia no Suno Not\u00edcias. Jornalista formada pela Faculdade C\u00e1sper L\u00edbero, foi rep\u00f3rter da Forbes Brasil e atuou na cobertura de hard news, economia, neg\u00f3cios e lifestyle. Gerenciou as redes sociais da edi\u00e7\u00e3o brasileira da tradicional revista de neg\u00f3cios. Na M\u00e1quina Cohn&amp;Wolfe, atuou como rela\u00e7\u00f5es p\u00fablicas de clientes do N\u00facleo de Sa\u00fade da empresa. Produziu releases, notas, relat\u00f3rios, entre outros, para empresas como Biomm, Hypera, FIDI. Anteriormente, respons\u00e1vel pelas redes sociais do Suno Not\u00edcias.","sameAs":["https:\/\/www.linkedin.com\/in\/beatriz-boyadjian\/"],"url":"https:\/\/www.suno.com.br\/noticias\/author\/beatriz-boyadjian\/"}]}},"default_loop_html":"<div class=\"cardsPage__listCard__boxs\"><div class=\"cardsPage__listCard__boxs__img\"><a href=\"https:\/\/www.suno.com.br\/noticias\/americanas-amer3-dificilmente-outro-caso-diretora-cvm\/\"><img class=\"mask\" src=\"https:\/\/www.suno.com.br\/noticias\/wp-content\/themes\/suno\/resources\/images\/spotlight\/spotlight1img\/bg-mask.png\" alt=\"Image Mask\"\/><img src=\"https:\/\/files.sunoresearch.com.br\/n\/uploads\/2021\/01\/5ada41dc-db_011118-400x200.webp\" alt=\"&#8216;Dificilmente teremos outro caso como o da Americanas (AMER3)&#8217;, diz ex-diretora da CVM\"\/><\/a><span class=\"spotlightCategory\"><a href=\"https:\/\/www.suno.com.br\/noticias\/mercado\/\">Mercado<\/a><\/span><\/div><div class=\"cardsPage__listCard__boxs__content\"><a href=\"https:\/\/www.suno.com.br\/noticias\/americanas-amer3-dificilmente-outro-caso-diretora-cvm\/\"><h2 class=\"content__title\">&#8216;Dificilmente teremos outro caso como o da Americanas (AMER3)&#8217;, diz ex-diretora da CVM<\/h2><\/a><div class=\"newsContent__article__meta\"><div class=\"newsContent__article__meta__authorBox\"><a href=\"https:\/\/www.suno.com.br\/noticias\/author\/beatriz-boyadjian\/\" class=\"authorBox__avatar noMobi\"><img src=\"https:\/\/secure.gravatar.com\/avatar\/4c3c59f4030e268f950437c4f36e38b7?s=96&#038;r=g\" alt=\"Beatriz Boyadjian\"><\/a><div class=\"authorBox__name\"><span>por\n\t\t\t<a href=\"https:\/\/www.suno.com.br\/noticias\/author\/beatriz-boyadjian\/\"><span itemprop=\"author\">Beatriz Boyadjian<\/span><\/a><\/span><time datetime=\"2023-01-18T15:26:10-03:00\" itemprop=\"datePublished\">18\/01\/2023 15:26<\/time><\/div><\/div><\/div><\/div><\/div>","single_layout":"posts","amp_enabled":true,"_links":{"self":[{"href":"https:\/\/www.suno.com.br\/noticias\/wp-json\/wp\/v2\/posts\/349127"}],"collection":[{"href":"https:\/\/www.suno.com.br\/noticias\/wp-json\/wp\/v2\/posts"}],"about":[{"href":"https:\/\/www.suno.com.br\/noticias\/wp-json\/wp\/v2\/types\/post"}],"author":[{"embeddable":true,"href":"https:\/\/www.suno.com.br\/noticias\/wp-json\/wp\/v2\/users\/70"}],"replies":[{"embeddable":true,"href":"https:\/\/www.suno.com.br\/noticias\/wp-json\/wp\/v2\/comments?post=349127"}],"version-history":[{"count":3,"href":"https:\/\/www.suno.com.br\/noticias\/wp-json\/wp\/v2\/posts\/349127\/revisions"}],"predecessor-version":[{"id":349204,"href":"https:\/\/www.suno.com.br\/noticias\/wp-json\/wp\/v2\/posts\/349127\/revisions\/349204"}],"wp:featuredmedia":[{"embeddable":true,"href":"https:\/\/www.suno.com.br\/noticias\/wp-json\/wp\/v2\/media\/114704"}],"wp:attachment":[{"href":"https:\/\/www.suno.com.br\/noticias\/wp-json\/wp\/v2\/media?parent=349127"}],"wp:term":[{"taxonomy":"category","embeddable":true,"href":"https:\/\/www.suno.com.br\/noticias\/wp-json\/wp\/v2\/categories?post=349127"},{"taxonomy":"post_tag","embeddable":true,"href":"https:\/\/www.suno.com.br\/noticias\/wp-json\/wp\/v2\/tags?post=349127"},{"taxonomy":"suno_strategy","embeddable":true,"href":"https:\/\/www.suno.com.br\/noticias\/wp-json\/wp\/v2\/suno_strategy?post=349127"}],"curies":[{"name":"wp","href":"https:\/\/api.w.org\/{rel}","templated":true}]}}