{"id":349046,"date":"2023-01-18T13:54:04","date_gmt":"2023-01-18T16:54:04","guid":{"rendered":"https:\/\/www.suno.com.br\/noticias\/?p=349046"},"modified":"2023-01-20T11:03:35","modified_gmt":"2023-01-20T14:03:35","slug":"microsoft-msft34-demissao-10-mil-funcionarios-3t22","status":"publish","type":"post","link":"https:\/\/www.suno.com.br\/noticias\/microsoft-msft34-demissao-10-mil-funcionarios-3t22\/","title":{"rendered":"Microsoft (MSFT34) anuncia demiss\u00e3o de 10 mil funcion\u00e1rios; a\u00e7\u00f5es caem"},"content":{"rendered":"<p>As ondas de demiss\u00f5es em empresas de tecnologia seguir\u00e3o agitadas em 2023. A <strong>Microsoft<\/strong> <a href=\"https:\/\/statusinvest.com.br\/bdrs\/msft34?__hstc=189907700.06ce5f9bd2d3492cf6a03ae3f979f831.1672843763501.1674053978718.1674060149422.39&amp;__hssc=189907700.4.1674060149422&amp;__hsfp=1782981590\" target=\"_blank\" rel=\"noreferrer noopener\">(MSFT34)<\/a>&nbsp;anunciou nesta quarta-feira (18) que desligar\u00e1 10 mil funcion\u00e1rios em todo o mundo at\u00e9 final de mar\u00e7o. Os cortes devem afetar 5% do quadro de trabalhadores da <a class=\"suno-keyword\" data-force=\"no\" data-priority=\"1\" href=\"https:\/\/www.suno.com.br\/artigos\/big-tech\/\" target=\"_blank\" rel=\"noopener\">big tech<\/a>, que justifica a medida como redu\u00e7\u00e3o de custos.<\/p>\t<div class=\"wrapper-featured-image\">\n\t\t<figure class=\"spotlightImg\">\n\n\t\t\t<picture>\n\t\t\t\t<source media=\"(max-width: 768px)\" srcset=\"https:\/\/files.sunoresearch.com.br\/n\/uploads\/2021\/04\/15bfcbc6-microsoft-4608125_1280-400x200.webp\">\n\t\t\t\t<img loading=\"lazy\" decoding=\"async\" class=\"newsContent__article__imgCapa lazyloadDisabled \" src=\"https:\/\/files.sunoresearch.com.br\/n\/uploads\/2021\/04\/15bfcbc6-microsoft-4608125_1280-800x450.webp\" width=\"800\" height=\"450\" alt=\"Microsoft (MSFT34) anuncia demiss\u00e3o de 10 mil funcion\u00e1rios; a\u00e7\u00f5es caem\" fetchpriority=high \/>\n\t\t\t<\/picture>\n\n\t\t\t<figcaption class=\"wp-caption-text wp-caption-text--show\">Microsoft. Foto: Pixabay<\/figcaption>\n\t\t<\/figure>\n\t<\/div>\n\n\n\n\n\n\t<p>\n\t\t<a href=\"\" target=\"_blank\" data-element=\"shortcode-suno-banner\" title=\"Banner SUNO, clique e saiba mais\">\n\t\t\t<picture>\n\t\t\t\t<source media=\"(max-width: 500px)\" srcset=\"\">\n\t\t\t\t<img class=\"newsContent__article__imgCapa newsContent__article__imgCapa--banner\"\n\t\t\t\t\tsrc=\"\"\n\t\t\t\t\tdata-promo-id=\"89005\"\t\t\t\t\t\t\t\t\t\t\t\t\t\t\talt=\"\"\n\t\t\t\t>\n\t\t\t<\/picture>\n\t\t<\/a>\n\t<\/p>\n\n\n\n\n\n<p>Ap\u00f3s a divulga\u00e7\u00e3o dos desligamentos, na B3 o BDR da empresa sobe 0,31%, a R$ 51,05, e na Nasdaq a a\u00e7\u00e3o opera em queda de 1,58%, negociada a US$ 236,56.<\/p>\n\n\n\n<p>Assim como outras empresas de tecnologia, durante a pandemia a big tech expandiu suas opera\u00e7\u00f5es. De 2019 para c\u00e1, mais de 75 mil pessoas foram contratadas pela companhia. Mesmo que a <strong>receita anual da Microsoft<\/strong> tenha crescido 58% nos \u00faltimos tr\u00eas anos, os cortes s\u00e3o justificados pela empresa pela incerteza econ\u00f4mica e desacelera\u00e7\u00e3o do setor de tecnologia nos EUA.<\/p>\n\n\n\n<p>Embora vise o corte de despesas, as <strong>demiss\u00f5es na Microsoft<\/strong>, segundo o comunicado divulgado pela empresa, contabilizar\u00e3o US$ 1,2 bilh\u00e3o em seu balan\u00e7o referente a custos de rescis\u00f5es contratuais.<\/p>\n\n\n\t<p>\n\t\t<a href=\"https:\/\/lp.suno.com.br\/planilha-controle-gastos\/\" target=\"_blank\" data-element=\"shortcode-suno-banner\" title=\"Banner SUNO, clique e saiba mais\">\n\t\t\t<picture>\n\t\t\t\t<source media=\"(max-width: 500px)\" srcset=\"https:\/\/files.sunoresearch.com.br\/n\/uploads\/2023\/03\/400x300-Planilha-controle-de-gastos.png\">\n\t\t\t\t<img class=\"newsContent__article__imgCapa newsContent__article__imgCapa--banner\"\n\t\t\t\t\tsrc=\"https:\/\/files.sunoresearch.com.br\/n\/uploads\/2023\/03\/1420x240-Planilha-controle-de-gastos.png\"\n\t\t\t\t\tdata-promo-id=\"101751\"\t\t\t\t\t\t\t\t\t\twidth='1420' height='240'\t\t\t\t\talt=\"https:\/\/files.sunoresearch.com.br\/n\/uploads\/2023\/03\/1420x240-Planilha-controle-de-gastos.png\"\n\t\t\t\t>\n\t\t\t<\/picture>\n\t\t<\/a>\n\t<\/p>\n\n\n\n\n\n<p>\u201cEssas s\u00e3o os tipos de escolhas dif\u00edceis que fizemos em nossos 47 anos de hist\u00f3ria para continuar uma empresa nesta ind\u00fastria que \u00e9 imperdo\u00e1vel para quem n\u00e3o se adaptar a mudan\u00e7as de plataformas\u201d, afirmou o <strong>presidente executivo da Microsoft<\/strong>, <a class=\"suno-keyword\" data-force=\"no\" data-priority=\"2\" href=\"https:\/\/www.suno.com.br\/tudo-sobre\/satya-nadella\/\" target=\"_blank\" rel=\"noopener\">Satya Nadella<\/a>.<\/p>\n\n\n\n<h2 class=\"wp-block-heading\">Cortes n\u00e3o ocorrem apenas na Microsoft<\/h2>\n\n\n\n<p>As&nbsp;<strong>big techs<\/strong>, como s\u00e3o chamadas as gigantes de tecnologia, aderiram \u00e0s&nbsp;<strong>demiss\u00f5es de funcion\u00e1rios em 2022<\/strong>&nbsp;como forma de enfrentar a crise.<\/p>\n\n\n\n<p>Na \u00faltima semana, o presidente-executivo da Amazon (<a href=\"https:\/\/www.suno.com.br\/bdrs\/amzo34\/\" target=\"_blank\" rel=\"noreferrer noopener\">AMZO34<\/a>), Andy Jassy, anunciou que a&nbsp;<a href=\"https:\/\/www.suno.com.br\/noticias\/amazon-amzo34-demissoes-massa\/\" target=\"_blank\" rel=\"noreferrer noopener\">onda de demiss\u00f5es deve atingir mais de 18 mil funcion\u00e1rios<\/a>. A demiss\u00e3o em massa, que representa um corte de 6% do corpo de pessoal da&nbsp;<a href=\"https:\/\/www.suno.com.br\/artigos\/big-tech\/\" target=\"_blank\" rel=\"noreferrer noopener\">big tech<\/a>, \u00e9 a maior da hist\u00f3ria da empresa entre os an\u00fancios recentes de companhias de tecnologia.<\/p>\n\n\n\t<p>\n\t\t<a href=\"https:\/\/lp.suno.com.br\/planilha-da-vida-financeira\/\" target=\"_blank\" data-element=\"shortcode-suno-banner\" title=\"Banner SUNO, clique e saiba mais\">\n\t\t\t<picture>\n\t\t\t\t<source media=\"(max-width: 500px)\" srcset=\"https:\/\/files.sunoresearch.com.br\/n\/uploads\/2023\/04\/400x300-Planilha-vida-financeira-true.png\">\n\t\t\t\t<img class=\"newsContent__article__imgCapa newsContent__article__imgCapa--banner\"\n\t\t\t\t\tsrc=\"https:\/\/files.sunoresearch.com.br\/n\/uploads\/2023\/04\/1420x240-Planilha-vida-financeira-true.png\"\n\t\t\t\t\tdata-promo-id=\"106682\"\t\t\t\t\t\t\t\t\t\twidth='1420' height='240'\t\t\t\t\talt=\"https:\/\/files.sunoresearch.com.br\/n\/uploads\/2023\/04\/1420x240-Planilha-vida-financeira-true.png\"\n\t\t\t\t>\n\t\t\t<\/picture>\n\t\t<\/a>\n\t<\/p>\n\n\n\n\n\n<p>Da mesma forma, a Meta (M1TA34), dona do Facebook, anunciou no in\u00edcio de novembro a&nbsp;<a href=\"https:\/\/www.suno.com.br\/noticias\/meta-m1ta34-demite-funcionarios-zuckerberg\/\" target=\"_blank\" rel=\"noreferrer noopener\">demiss\u00e3o de 13% de seus funcion\u00e1rios<\/a>&nbsp;\u2013 cerca de 11 mil pessoas. <\/p>\n\n\n\n<p>A&nbsp;<a href=\"https:\/\/www.suno.com.br\/artigos\/big-tech\/\" target=\"_blank\" rel=\"noreferrer noopener\">big tech<\/a>&nbsp;decidiu cortar gastos discricion\u00e1rios e estender o congelamento de contrata\u00e7\u00f5es ao longo de todo o primeiro trimestre de 2023, em esfor\u00e7os de tornar a empresa \u201cmais eficiente\u201d, segundo o CEO Mark Zuckerberg.<\/p>\n\n\n\t<p>\n\t\t<a href=\"https:\/\/lp.suno.com.br\/ebook-como-analisar-uma-acao\/\" target=\"_blank\" data-element=\"shortcode-suno-banner\" title=\"Banner SUNO, clique e saiba mais\">\n\t\t\t<picture>\n\t\t\t\t<source media=\"(max-width: 500px)\" srcset=\"https:\/\/files.sunoresearch.com.br\/n\/uploads\/2023\/03\/Ebook-Acoes-Mobile-1.jpg\">\n\t\t\t\t<img class=\"newsContent__article__imgCapa newsContent__article__imgCapa--banner\"\n\t\t\t\t\tsrc=\"https:\/\/files.sunoresearch.com.br\/n\/uploads\/2023\/03\/Ebook-Acoes-Desktop-1.jpg\"\n\t\t\t\t\tdata-promo-id=\"171998\"\t\t\t\t\t\t\t\t\t\twidth='1420' height='286'\t\t\t\t\talt=\"https:\/\/files.sunoresearch.com.br\/n\/uploads\/2023\/03\/Ebook-Acoes-Desktop-1.jpg\"\n\t\t\t\t>\n\t\t\t<\/picture>\n\t\t<\/a>\n\t<\/p>\n\n\n\n\n\n<p>Confira abaixo algumas das empresas de tecnologia que est\u00e3o realizando ondas de demiss\u00f5es ou interrompendo contrata\u00e7\u00f5es:<\/p>\n\n\n\n<ul class=\"wp-block-list\">\n<li><strong>Adobe (ADBE34):<\/strong> corte de 100 funcion\u00e1rios nos EUA da \u00e1rea de Vendas;<\/li>\n\n\n\n<li><strong>Amazon (AMZO34<\/strong>)<strong>: <\/strong>corte de 18 mil funcion\u00e1rios no ano de 2023;<\/li>\n\n\n\n<li><strong>Apple (AAPL34<\/strong>)<strong>: <\/strong>maioria das \u00e1reas da empresa tiveram contrata\u00e7\u00f5es interrompidas;<\/li>\n\n\n\n<li><strong>App 99: <\/strong>cerca de 100 funcion\u00e1rios demitidos em 2022;<\/li>\n\n\n\n<li><strong>Clicksign: <\/strong>corte de 100 funcion\u00e1rios em 2022;<\/li>\n\n\n\n<li><strong>HP (HPQB34):<\/strong> demitir\u00e1 de 4 mil a 6 mil funcion\u00e1rios at\u00e9 o final de 2025;<\/li>\n\n\n\n<li><strong>Intel (ITLC34<\/strong>)<strong>:<\/strong> demiss\u00e3o de 20% de seu corpo de funcion\u00e1rios em 2022;<\/li>\n\n\n\n<li><strong>Loft: <\/strong>corte de 855 funcion\u00e1rios em 2022;<\/li>\n\n\n\n<li><strong>Meta:<\/strong> corte de 11 mil funcion\u00e1rios at\u00e9 o fim do 1T23;<\/li>\n\n\n\n<li><strong>Microsoft: <\/strong>demiss\u00e3o de 10 mil funcion\u00e1rios at\u00e9 o 3T23;<\/li>\n\n\n\n<li><strong>PagSeguro (PAGS34): <\/strong>corte de 7% dos funcion\u00e1rios em janeiro de 2023;<\/li>\n\n\n\n<li><strong>SalesForce: <\/strong>corte de 10% do quadro de funcion\u00e1rios at\u00e9 o fim de 2024;<\/li>\n\n\n\n<li><strong>Twitter (TWTR34): <\/strong>demiss\u00e3o de 3,7 mil funcion\u00e1rios desde o comando de Elon Musk;<\/li>\n\n\n\n<li><strong>Vimeo: <\/strong>cortar\u00e1 11% da sua for\u00e7a de trabalho em 2023.<\/li>\n<\/ul>\n\n\n\n<h2 class=\"wp-block-heading\" id=\"h-empresas-exercendo-cautela\">Empresas &#8220;exercendo cautela&#8221;<\/h2>\n\n\n\n<p>Em nota, o presidente executivo da Microsoft enfatizou a desacelera\u00e7\u00e3o econ\u00f4mica, afirmando aos funcion\u00e1rios que as empresas em todo o mundo come\u00e7aram a &#8220;exercer cautela, pois algumas regi\u00f5es est\u00e3o em recess\u00e3o e outras est\u00e3o prevendo uma&#8221;.<\/p>\n\n\n\n<p>Nadella n\u00e3o especificou quais \u00e1reas ser\u00e3o afetadas pelos cortes na <strong>Microsoft<\/strong>, embora tenha dito que a empresa continuar\u00e1 contratando em \u00e1reas estrat\u00e9gicas importantes.<\/p>\n\n\n\t<p>\n\t\t<a href=\"https:\/\/lp.suno.com.br\/planilha-de-controle-de-investimentos\/\" target=\"_blank\" data-element=\"shortcode-suno-banner\" title=\"Banner SUNO, clique e saiba mais\">\n\t\t\t<picture>\n\t\t\t\t<source media=\"(max-width: 500px)\" srcset=\"https:\/\/files.sunoresearch.com.br\/n\/uploads\/2023\/03\/400x300-Controle-de-Investimentos.png\">\n\t\t\t\t<img class=\"newsContent__article__imgCapa newsContent__article__imgCapa--banner\"\n\t\t\t\t\tsrc=\"https:\/\/files.sunoresearch.com.br\/n\/uploads\/2023\/03\/1420x240-Controle-de-Investimentos.png\"\n\t\t\t\t\tdata-promo-id=\"75934\"\t\t\t\t\t\t\t\t\t\twidth='1420' height='240'\t\t\t\t\talt=\"https:\/\/files.sunoresearch.com.br\/n\/uploads\/2023\/03\/1420x240-Controle-de-Investimentos.png\"\n\t\t\t\t>\n\t\t\t<\/picture>\n\t\t<\/a>\n\t<\/p>\n\n\n","protected":false},"excerpt":{"rendered":"<p>As ondas de demiss\u00f5es em empresas de tecnologia seguir\u00e3o agitadas em 2023. A Microsoft (MSFT34)&nbsp;anunciou nesta quarta-feira (18) que desligar\u00e1 10 mil funcion\u00e1rios em todo o mundo at\u00e9 final de mar\u00e7o. Os cortes devem afetar 5% do quadro de trabalhadores da big tech, que justifica a medida como redu\u00e7\u00e3o de custos. Microsoft. Foto: Pixabay Ap\u00f3s [&hellip;]<\/p>\n","protected":false},"author":233,"featured_media":142806,"comment_status":"closed","ping_status":"closed","sticky":false,"template":"","format":"standard","meta":[],"categories":[64],"tags":[2625,688],"suno_strategy":[],"class_list":["post-349046","post","type-post","status-publish","format-standard","has-post-thumbnail","hentry","category-negocios","tag-demissoes","tag-microsoft-msft34"],"yoast_head":"<!-- This site is optimized with the Yoast SEO plugin v24.4 - https:\/\/yoast.com\/wordpress\/plugins\/seo\/ -->\n<title>Microsoft anuncia demiss\u00e3o de 10 mil funcion\u00e1rios at\u00e9 final do 3T22<\/title>\n<meta name=\"description\" content=\"As ondas de demiss\u00f5es em empresas de tecnologia seguir\u00e3o agitadas. A Microsoft anunciou o corte de 10 mil funcion\u00e1rios at\u00e9 o 3T23.\" \/>\n<meta name=\"robots\" content=\"index, follow, max-snippet:-1, max-image-preview:large, max-video-preview:-1\" \/>\n<link rel=\"canonical\" href=\"https:\/\/www.suno.com.br\/noticias\/microsoft-msft34-demissao-10-mil-funcionarios-3t22\/\" \/>\n<meta property=\"og:locale\" content=\"pt_BR\" \/>\n<meta property=\"og:type\" content=\"article\" \/>\n<meta property=\"og:title\" content=\"Microsoft anuncia demiss\u00e3o de 10 mil funcion\u00e1rios at\u00e9 final do 3T22\" \/>\n<meta property=\"og:description\" content=\"As ondas de demiss\u00f5es em empresas de tecnologia seguir\u00e3o agitadas. A Microsoft anunciou o corte de 10 mil funcion\u00e1rios at\u00e9 o 3T23.\" \/>\n<meta property=\"og:url\" content=\"https:\/\/www.suno.com.br\/noticias\/microsoft-msft34-demissao-10-mil-funcionarios-3t22\/\" \/>\n<meta property=\"og:site_name\" content=\"Suno Not\u00edcias\" \/>\n<meta property=\"article:publisher\" content=\"https:\/\/facebook.com\/sunoresearch\" \/>\n<meta property=\"og:image\" content=\"https:\/\/files.sunoresearch.com.br\/n\/uploads\/2021\/04\/15bfcbc6-microsoft-4608125_1280.jpg\" \/>\n\t<meta property=\"og:image:width\" content=\"1280\" \/>\n\t<meta property=\"og:image:height\" content=\"853\" \/>\n\t<meta property=\"og:image:type\" content=\"image\/jpeg\" \/>\n<meta name=\"author\" content=\"Janize Cola\u00e7o\" \/>\n<meta name=\"twitter:card\" content=\"summary_large_image\" \/>\n<meta name=\"twitter:creator\" content=\"@sunoresearch\" \/>\n<meta name=\"twitter:site\" content=\"@sunoresearch\" \/>\n<meta name=\"twitter:label1\" content=\"Escrito por\" \/>\n\t<meta name=\"twitter:data1\" content=\"Janize Cola\u00e7o\" \/>\n\t<meta name=\"twitter:label2\" content=\"Est. tempo de leitura\" \/>\n\t<meta name=\"twitter:data2\" content=\"4 minutos\" \/>\n<script type=\"application\/ld+json\" class=\"yoast-schema-graph\">{\"@context\":\"https:\/\/schema.org\",\"@graph\":[{\"@type\":\"NewsArticle\",\"@id\":\"https:\/\/www.suno.com.br\/noticias\/microsoft-msft34-demissao-10-mil-funcionarios-3t22\/#article\",\"isPartOf\":{\"@id\":\"https:\/\/www.suno.com.br\/noticias\/microsoft-msft34-demissao-10-mil-funcionarios-3t22\/\"},\"author\":{\"name\":\"Janize Cola\u00e7o\",\"@id\":\"https:\/\/www.suno.com.br\/noticias\/#\/schema\/person\/d689f06da5678e1f0b1ee402f001d676\"},\"headline\":\"Microsoft (MSFT34) anuncia demiss\u00e3o de 10 mil funcion\u00e1rios; a\u00e7\u00f5es caem\",\"datePublished\":\"2023-01-18T16:54:04+00:00\",\"dateModified\":\"2023-01-20T14:03:35+00:00\",\"mainEntityOfPage\":{\"@id\":\"https:\/\/www.suno.com.br\/noticias\/microsoft-msft34-demissao-10-mil-funcionarios-3t22\/\"},\"wordCount\":648,\"publisher\":{\"@id\":\"https:\/\/www.suno.com.br\/noticias\/#organization\"},\"image\":{\"@id\":\"https:\/\/www.suno.com.br\/noticias\/microsoft-msft34-demissao-10-mil-funcionarios-3t22\/#primaryimage\"},\"thumbnailUrl\":\"https:\/\/files.sunoresearch.com.br\/n\/uploads\/2021\/04\/15bfcbc6-microsoft-4608125_1280-jpg.webp\",\"keywords\":[\"demiss\u00f5es\",\"Microsoft (MSFT34)\"],\"articleSection\":[\"Neg\u00f3cios\"],\"inLanguage\":\"pt-BR\"},{\"@type\":\"WebPage\",\"@id\":\"https:\/\/www.suno.com.br\/noticias\/microsoft-msft34-demissao-10-mil-funcionarios-3t22\/\",\"url\":\"https:\/\/www.suno.com.br\/noticias\/microsoft-msft34-demissao-10-mil-funcionarios-3t22\/\",\"name\":\"Microsoft anuncia demiss\u00e3o de 10 mil funcion\u00e1rios at\u00e9 final do 3T22\",\"isPartOf\":{\"@id\":\"https:\/\/www.suno.com.br\/noticias\/#website\"},\"primaryImageOfPage\":{\"@id\":\"https:\/\/www.suno.com.br\/noticias\/microsoft-msft34-demissao-10-mil-funcionarios-3t22\/#primaryimage\"},\"image\":{\"@id\":\"https:\/\/www.suno.com.br\/noticias\/microsoft-msft34-demissao-10-mil-funcionarios-3t22\/#primaryimage\"},\"thumbnailUrl\":\"https:\/\/files.sunoresearch.com.br\/n\/uploads\/2021\/04\/15bfcbc6-microsoft-4608125_1280-jpg.webp\",\"datePublished\":\"2023-01-18T16:54:04+00:00\",\"dateModified\":\"2023-01-20T14:03:35+00:00\",\"description\":\"As ondas de demiss\u00f5es em empresas de tecnologia seguir\u00e3o agitadas. A Microsoft anunciou o corte de 10 mil funcion\u00e1rios at\u00e9 o 3T23.\",\"breadcrumb\":{\"@id\":\"https:\/\/www.suno.com.br\/noticias\/microsoft-msft34-demissao-10-mil-funcionarios-3t22\/#breadcrumb\"},\"inLanguage\":\"pt-BR\",\"potentialAction\":[{\"@type\":\"ReadAction\",\"target\":[\"https:\/\/www.suno.com.br\/noticias\/microsoft-msft34-demissao-10-mil-funcionarios-3t22\/\"]}]},{\"@type\":\"ImageObject\",\"inLanguage\":\"pt-BR\",\"@id\":\"https:\/\/www.suno.com.br\/noticias\/microsoft-msft34-demissao-10-mil-funcionarios-3t22\/#primaryimage\",\"url\":\"https:\/\/files.sunoresearch.com.br\/n\/uploads\/2021\/04\/15bfcbc6-microsoft-4608125_1280-jpg.webp\",\"contentUrl\":\"https:\/\/files.sunoresearch.com.br\/n\/uploads\/2021\/04\/15bfcbc6-microsoft-4608125_1280-jpg.webp\",\"width\":1280,\"height\":853,\"caption\":\"Microsoft. Foto: Pixabay\"},{\"@type\":\"BreadcrumbList\",\"@id\":\"https:\/\/www.suno.com.br\/noticias\/microsoft-msft34-demissao-10-mil-funcionarios-3t22\/#breadcrumb\",\"itemListElement\":[{\"@type\":\"ListItem\",\"position\":1,\"name\":\"Not\u00edcias\",\"item\":\"https:\/\/www.suno.com.br\/noticias\/\"},{\"@type\":\"ListItem\",\"position\":2,\"name\":\"Neg\u00f3cios\",\"item\":\"https:\/\/www.suno.com.br\/noticias\/negocios\/\"},{\"@type\":\"ListItem\",\"position\":3,\"name\":\"Microsoft (MSFT34) anuncia demiss\u00e3o de 10 mil funcion\u00e1rios; a\u00e7\u00f5es caem\"}]},{\"@type\":\"WebSite\",\"@id\":\"https:\/\/www.suno.com.br\/noticias\/#website\",\"url\":\"https:\/\/www.suno.com.br\/noticias\/\",\"name\":\"Suno Not\u00edcias\",\"description\":\"Seu portal de informa\u00e7\u00e3o sobre o mundo dos investimentos\",\"publisher\":{\"@id\":\"https:\/\/www.suno.com.br\/noticias\/#organization\"},\"potentialAction\":[{\"@type\":\"SearchAction\",\"target\":{\"@type\":\"EntryPoint\",\"urlTemplate\":\"https:\/\/www.suno.com.br\/noticias\/?s={search_term_string}\"},\"query-input\":{\"@type\":\"PropertyValueSpecification\",\"valueRequired\":true,\"valueName\":\"search_term_string\"}}],\"inLanguage\":\"pt-BR\"},{\"@type\":\"Organization\",\"@id\":\"https:\/\/www.suno.com.br\/noticias\/#organization\",\"name\":\"Suno Not\u00edcias\",\"url\":\"https:\/\/www.suno.com.br\/noticias\/\",\"logo\":{\"@type\":\"ImageObject\",\"inLanguage\":\"pt-BR\",\"@id\":\"https:\/\/www.suno.com.br\/noticias\/#\/schema\/logo\/image\/\",\"url\":\"https:\/\/files.sunoresearch.com.br\/n\/uploads\/2021\/09\/suno-logo.png\",\"contentUrl\":\"https:\/\/files.sunoresearch.com.br\/n\/uploads\/2021\/09\/suno-logo.png\",\"width\":180,\"height\":180,\"caption\":\"Suno Not\u00edcias\"},\"image\":{\"@id\":\"https:\/\/www.suno.com.br\/noticias\/#\/schema\/logo\/image\/\"},\"sameAs\":[\"https:\/\/facebook.com\/sunoresearch\",\"https:\/\/x.com\/sunoresearch\",\"https:\/\/www.instagram.com\/suno\",\"https:\/\/www.linkedin.com\/company\/suno-research\/\",\"https:\/\/www.youtube.com\/c\/sunoresearch\"]},{\"@type\":\"Person\",\"@id\":\"https:\/\/www.suno.com.br\/noticias\/#\/schema\/person\/d689f06da5678e1f0b1ee402f001d676\",\"name\":\"Janize Cola\u00e7o\",\"image\":{\"@type\":\"ImageObject\",\"inLanguage\":\"pt-BR\",\"@id\":\"https:\/\/www.suno.com.br\/noticias\/#\/schema\/person\/image\/\",\"url\":\"https:\/\/secure.gravatar.com\/avatar\/32b3bf89abae63ca2cf961bc051522d0?s=96&r=g\",\"contentUrl\":\"https:\/\/secure.gravatar.com\/avatar\/32b3bf89abae63ca2cf961bc051522d0?s=96&r=g\",\"caption\":\"Janize Cola\u00e7o\"},\"description\":\"Jornalista formada pela PUC-SP com passagens pela Record TV, Globo Cond\u00e9 Nast, Revista Panrotas e Editora Via. Hoje, \u00e9 rep\u00f3rter no Suno Not\u00edcias, cobrindo pautas sobre mercado, pol\u00edtica, economia e bolsa de valores.\",\"url\":\"https:\/\/www.suno.com.br\/noticias\/author\/janize-colaco\/\"}]}<\/script>\n<!-- \/ Yoast SEO plugin. -->","yoast_head_json":{"title":"Microsoft anuncia demiss\u00e3o de 10 mil funcion\u00e1rios at\u00e9 final do 3T22","description":"As ondas de demiss\u00f5es em empresas de tecnologia seguir\u00e3o agitadas. A Microsoft anunciou o corte de 10 mil funcion\u00e1rios at\u00e9 o 3T23.","robots":{"index":"index","follow":"follow","max-snippet":"max-snippet:-1","max-image-preview":"max-image-preview:large","max-video-preview":"max-video-preview:-1"},"canonical":"https:\/\/www.suno.com.br\/noticias\/microsoft-msft34-demissao-10-mil-funcionarios-3t22\/","og_locale":"pt_BR","og_type":"article","og_title":"Microsoft anuncia demiss\u00e3o de 10 mil funcion\u00e1rios at\u00e9 final do 3T22","og_description":"As ondas de demiss\u00f5es em empresas de tecnologia seguir\u00e3o agitadas. A Microsoft anunciou o corte de 10 mil funcion\u00e1rios at\u00e9 o 3T23.","og_url":"https:\/\/www.suno.com.br\/noticias\/microsoft-msft34-demissao-10-mil-funcionarios-3t22\/","og_site_name":"Suno Not\u00edcias","article_publisher":"https:\/\/facebook.com\/sunoresearch","og_image":[{"width":1280,"height":853,"url":"https:\/\/files.sunoresearch.com.br\/n\/uploads\/2021\/04\/15bfcbc6-microsoft-4608125_1280.jpg","type":"image\/jpeg"}],"author":"Janize Cola\u00e7o","twitter_card":"summary_large_image","twitter_creator":"@sunoresearch","twitter_site":"@sunoresearch","twitter_misc":{"Escrito por":"Janize Cola\u00e7o","Est. tempo de leitura":"4 minutos"},"schema":{"@context":"https:\/\/schema.org","@graph":[{"@type":"NewsArticle","@id":"https:\/\/www.suno.com.br\/noticias\/microsoft-msft34-demissao-10-mil-funcionarios-3t22\/#article","isPartOf":{"@id":"https:\/\/www.suno.com.br\/noticias\/microsoft-msft34-demissao-10-mil-funcionarios-3t22\/"},"author":{"name":"Janize Cola\u00e7o","@id":"https:\/\/www.suno.com.br\/noticias\/#\/schema\/person\/d689f06da5678e1f0b1ee402f001d676"},"headline":"Microsoft (MSFT34) anuncia demiss\u00e3o de 10 mil funcion\u00e1rios; a\u00e7\u00f5es caem","datePublished":"2023-01-18T16:54:04+00:00","dateModified":"2023-01-20T14:03:35+00:00","mainEntityOfPage":{"@id":"https:\/\/www.suno.com.br\/noticias\/microsoft-msft34-demissao-10-mil-funcionarios-3t22\/"},"wordCount":648,"publisher":{"@id":"https:\/\/www.suno.com.br\/noticias\/#organization"},"image":{"@id":"https:\/\/www.suno.com.br\/noticias\/microsoft-msft34-demissao-10-mil-funcionarios-3t22\/#primaryimage"},"thumbnailUrl":"https:\/\/files.sunoresearch.com.br\/n\/uploads\/2021\/04\/15bfcbc6-microsoft-4608125_1280-jpg.webp","keywords":["demiss\u00f5es","Microsoft (MSFT34)"],"articleSection":["Neg\u00f3cios"],"inLanguage":"pt-BR"},{"@type":"WebPage","@id":"https:\/\/www.suno.com.br\/noticias\/microsoft-msft34-demissao-10-mil-funcionarios-3t22\/","url":"https:\/\/www.suno.com.br\/noticias\/microsoft-msft34-demissao-10-mil-funcionarios-3t22\/","name":"Microsoft anuncia demiss\u00e3o de 10 mil funcion\u00e1rios at\u00e9 final do 3T22","isPartOf":{"@id":"https:\/\/www.suno.com.br\/noticias\/#website"},"primaryImageOfPage":{"@id":"https:\/\/www.suno.com.br\/noticias\/microsoft-msft34-demissao-10-mil-funcionarios-3t22\/#primaryimage"},"image":{"@id":"https:\/\/www.suno.com.br\/noticias\/microsoft-msft34-demissao-10-mil-funcionarios-3t22\/#primaryimage"},"thumbnailUrl":"https:\/\/files.sunoresearch.com.br\/n\/uploads\/2021\/04\/15bfcbc6-microsoft-4608125_1280-jpg.webp","datePublished":"2023-01-18T16:54:04+00:00","dateModified":"2023-01-20T14:03:35+00:00","description":"As ondas de demiss\u00f5es em empresas de tecnologia seguir\u00e3o agitadas. A Microsoft anunciou o corte de 10 mil funcion\u00e1rios at\u00e9 o 3T23.","breadcrumb":{"@id":"https:\/\/www.suno.com.br\/noticias\/microsoft-msft34-demissao-10-mil-funcionarios-3t22\/#breadcrumb"},"inLanguage":"pt-BR","potentialAction":[{"@type":"ReadAction","target":["https:\/\/www.suno.com.br\/noticias\/microsoft-msft34-demissao-10-mil-funcionarios-3t22\/"]}]},{"@type":"ImageObject","inLanguage":"pt-BR","@id":"https:\/\/www.suno.com.br\/noticias\/microsoft-msft34-demissao-10-mil-funcionarios-3t22\/#primaryimage","url":"https:\/\/files.sunoresearch.com.br\/n\/uploads\/2021\/04\/15bfcbc6-microsoft-4608125_1280-jpg.webp","contentUrl":"https:\/\/files.sunoresearch.com.br\/n\/uploads\/2021\/04\/15bfcbc6-microsoft-4608125_1280-jpg.webp","width":1280,"height":853,"caption":"Microsoft. Foto: Pixabay"},{"@type":"BreadcrumbList","@id":"https:\/\/www.suno.com.br\/noticias\/microsoft-msft34-demissao-10-mil-funcionarios-3t22\/#breadcrumb","itemListElement":[{"@type":"ListItem","position":1,"name":"Not\u00edcias","item":"https:\/\/www.suno.com.br\/noticias\/"},{"@type":"ListItem","position":2,"name":"Neg\u00f3cios","item":"https:\/\/www.suno.com.br\/noticias\/negocios\/"},{"@type":"ListItem","position":3,"name":"Microsoft (MSFT34) anuncia demiss\u00e3o de 10 mil funcion\u00e1rios; a\u00e7\u00f5es caem"}]},{"@type":"WebSite","@id":"https:\/\/www.suno.com.br\/noticias\/#website","url":"https:\/\/www.suno.com.br\/noticias\/","name":"Suno Not\u00edcias","description":"Seu portal de informa\u00e7\u00e3o sobre o mundo dos investimentos","publisher":{"@id":"https:\/\/www.suno.com.br\/noticias\/#organization"},"potentialAction":[{"@type":"SearchAction","target":{"@type":"EntryPoint","urlTemplate":"https:\/\/www.suno.com.br\/noticias\/?s={search_term_string}"},"query-input":{"@type":"PropertyValueSpecification","valueRequired":true,"valueName":"search_term_string"}}],"inLanguage":"pt-BR"},{"@type":"Organization","@id":"https:\/\/www.suno.com.br\/noticias\/#organization","name":"Suno Not\u00edcias","url":"https:\/\/www.suno.com.br\/noticias\/","logo":{"@type":"ImageObject","inLanguage":"pt-BR","@id":"https:\/\/www.suno.com.br\/noticias\/#\/schema\/logo\/image\/","url":"https:\/\/files.sunoresearch.com.br\/n\/uploads\/2021\/09\/suno-logo.png","contentUrl":"https:\/\/files.sunoresearch.com.br\/n\/uploads\/2021\/09\/suno-logo.png","width":180,"height":180,"caption":"Suno Not\u00edcias"},"image":{"@id":"https:\/\/www.suno.com.br\/noticias\/#\/schema\/logo\/image\/"},"sameAs":["https:\/\/facebook.com\/sunoresearch","https:\/\/x.com\/sunoresearch","https:\/\/www.instagram.com\/suno","https:\/\/www.linkedin.com\/company\/suno-research\/","https:\/\/www.youtube.com\/c\/sunoresearch"]},{"@type":"Person","@id":"https:\/\/www.suno.com.br\/noticias\/#\/schema\/person\/d689f06da5678e1f0b1ee402f001d676","name":"Janize Cola\u00e7o","image":{"@type":"ImageObject","inLanguage":"pt-BR","@id":"https:\/\/www.suno.com.br\/noticias\/#\/schema\/person\/image\/","url":"https:\/\/secure.gravatar.com\/avatar\/32b3bf89abae63ca2cf961bc051522d0?s=96&r=g","contentUrl":"https:\/\/secure.gravatar.com\/avatar\/32b3bf89abae63ca2cf961bc051522d0?s=96&r=g","caption":"Janize Cola\u00e7o"},"description":"Jornalista formada pela PUC-SP com passagens pela Record TV, Globo Cond\u00e9 Nast, Revista Panrotas e Editora Via. Hoje, \u00e9 rep\u00f3rter no Suno Not\u00edcias, cobrindo pautas sobre mercado, pol\u00edtica, economia e bolsa de valores.","url":"https:\/\/www.suno.com.br\/noticias\/author\/janize-colaco\/"}]}},"default_loop_html":"<div class=\"cardsPage__listCard__boxs\"><div class=\"cardsPage__listCard__boxs__img\"><a href=\"https:\/\/www.suno.com.br\/noticias\/microsoft-msft34-demissao-10-mil-funcionarios-3t22\/\"><img class=\"mask\" src=\"https:\/\/www.suno.com.br\/noticias\/wp-content\/themes\/suno\/resources\/images\/spotlight\/spotlight1img\/bg-mask.png\" alt=\"Image Mask\"\/><img src=\"https:\/\/files.sunoresearch.com.br\/n\/uploads\/2021\/04\/15bfcbc6-microsoft-4608125_1280-400x200.webp\" alt=\"Microsoft (MSFT34) anuncia demiss\u00e3o de 10 mil funcion\u00e1rios; a\u00e7\u00f5es caem\"\/><\/a><span class=\"spotlightCategory\"><a href=\"https:\/\/www.suno.com.br\/noticias\/negocios\/\">Neg\u00f3cios<\/a><\/span><\/div><div class=\"cardsPage__listCard__boxs__content\"><a href=\"https:\/\/www.suno.com.br\/noticias\/microsoft-msft34-demissao-10-mil-funcionarios-3t22\/\"><h2 class=\"content__title\">Microsoft (MSFT34) anuncia demiss\u00e3o de 10 mil funcion\u00e1rios; a\u00e7\u00f5es caem<\/h2><\/a><div class=\"newsContent__article__meta\"><div class=\"newsContent__article__meta__authorBox\"><a href=\"https:\/\/www.suno.com.br\/noticias\/author\/janize-colaco\/\" class=\"authorBox__avatar noMobi\"><img src=\"https:\/\/files.sunoresearch.com.br\/n\/uploads\/2022\/11\/20221120_111807-1-150x150.jpg\" alt=\"Janize Cola\u00e7o\"><\/a><div class=\"authorBox__name\"><span>por\n\t\t\t<a href=\"https:\/\/www.suno.com.br\/noticias\/author\/janize-colaco\/\"><span itemprop=\"author\">Janize Cola\u00e7o<\/span><\/a><\/span><time datetime=\"2023-01-18T13:54:04-03:00\" itemprop=\"datePublished\">18\/01\/2023 13:54<\/time><\/div><\/div><\/div><\/div><\/div>","single_layout":"posts","amp_enabled":true,"_links":{"self":[{"href":"https:\/\/www.suno.com.br\/noticias\/wp-json\/wp\/v2\/posts\/349046"}],"collection":[{"href":"https:\/\/www.suno.com.br\/noticias\/wp-json\/wp\/v2\/posts"}],"about":[{"href":"https:\/\/www.suno.com.br\/noticias\/wp-json\/wp\/v2\/types\/post"}],"author":[{"embeddable":true,"href":"https:\/\/www.suno.com.br\/noticias\/wp-json\/wp\/v2\/users\/233"}],"replies":[{"embeddable":true,"href":"https:\/\/www.suno.com.br\/noticias\/wp-json\/wp\/v2\/comments?post=349046"}],"version-history":[{"count":3,"href":"https:\/\/www.suno.com.br\/noticias\/wp-json\/wp\/v2\/posts\/349046\/revisions"}],"predecessor-version":[{"id":350408,"href":"https:\/\/www.suno.com.br\/noticias\/wp-json\/wp\/v2\/posts\/349046\/revisions\/350408"}],"wp:featuredmedia":[{"embeddable":true,"href":"https:\/\/www.suno.com.br\/noticias\/wp-json\/wp\/v2\/media\/142806"}],"wp:attachment":[{"href":"https:\/\/www.suno.com.br\/noticias\/wp-json\/wp\/v2\/media?parent=349046"}],"wp:term":[{"taxonomy":"category","embeddable":true,"href":"https:\/\/www.suno.com.br\/noticias\/wp-json\/wp\/v2\/categories?post=349046"},{"taxonomy":"post_tag","embeddable":true,"href":"https:\/\/www.suno.com.br\/noticias\/wp-json\/wp\/v2\/tags?post=349046"},{"taxonomy":"suno_strategy","embeddable":true,"href":"https:\/\/www.suno.com.br\/noticias\/wp-json\/wp\/v2\/suno_strategy?post=349046"}],"curies":[{"name":"wp","href":"https:\/\/api.w.org\/{rel}","templated":true}]}}