{"id":34890,"date":"2019-08-22T08:13:56","date_gmt":"2019-08-22T11:13:56","guid":{"rendered":"https:\/\/www.suno.com.br\/noticias\/?p=34890"},"modified":"2019-08-22T08:13:56","modified_gmt":"2019-08-22T11:13:56","slug":"petrobras-privatizacao-governo-2022","status":"publish","type":"post","link":"https:\/\/www.suno.com.br\/noticias\/petrobras-privatizacao-governo-2022\/","title":{"rendered":"Governo federal pretende privatizar Petrobras at\u00e9 2022"},"content":{"rendered":"<p>O governo federal pretende <strong>privatizar<\/strong> a Petrobras at\u00e9 o \u00faltimo mandato do presidente da Rep\u00fablica, <strong>Jair Bolsonaro<\/strong>, em 2022.<\/p>\t<div class=\"wrapper-featured-image\">\n\t\t<figure class=\"spotlightImg\">\n\n\t\t\t<picture>\n\t\t\t\t<source media=\"(max-width: 768px)\" srcset=\"https:\/\/files.sunoresearch.com.br\/n\/uploads\/2019\/06\/409f9318-petrobras-400x200.webp\">\n\t\t\t\t<img loading=\"lazy\" decoding=\"async\" class=\"newsContent__article__imgCapa lazyloadDisabled newsContent__article__imgCapa--noCaption\" src=\"https:\/\/files.sunoresearch.com.br\/n\/uploads\/2019\/06\/409f9318-petrobras-jpg.webp\" width=\"800\" height=\"450\" alt=\"Governo federal pretende privatizar Petrobras at\u00e9 2022\" fetchpriority=high \/>\n\t\t\t<\/picture>\n\n\t\t\t<figcaption class=\"wp-caption-text wp-caption-text--hide\">Petrobras (PETR4) elevar\u00e1 em 10% o pre\u00e7o da gasolina em refinarias<\/figcaption>\n\t\t<\/figure>\n\t<\/div>\n\n\n<p>A<a href=\"https:\/\/www.suno.com.br\/artigos\/estatal-so-se-for-de-graca\/\"> <strong>Petrobras<\/strong><\/a> n\u00e3o foi inclu\u00edda na lista das 17 empresas que ser\u00e3o desestatizadas ainda esse ano, no entanto, fonte pr\u00f3xima ao governo afirmou que a estatal faz parte do plano de privatiza\u00e7\u00f5es.<\/p>\n\n<p>As informa\u00e7\u00f5es foram apuradas e divulgadas pelo jornal &#8220;Valor Econ\u00f4mico&#8221;.<\/p>\n<p>Na \u00faltima quarta-feira (21), o ministro da Casa Civil, Onyx Lorenzoni, j\u00e1 havia afirmado que a equipe econ\u00f4mica estudava a privatiza\u00e7\u00e3o da estatal petrol\u00edfera. De acordo com o ministro, o plano tem apoio do ministro da Economia, <strong><a href=\"https:\/\/www.suno.com.br\/tudo-sobre\/paulo-guedes\/\">Paulo Guedes<\/a><\/strong>, e do pr\u00f3prio presidente da Petrobras. Entretanto, encontra resist\u00eancia no Minist\u00e9rio de Minas e Energia que est\u00e1 vinculado \u00e0 estatal.<\/p>\n<p>&#8220;Estamos indo passo a passo. O governo faz estudos e trabalha de maneira objetiva. A Petrobras como um todo passar\u00e1 por estudos pela equipe do PPI, do BNDES, da equipe do Minist\u00e9rio de Minas e Energia. As a\u00e7\u00f5es de desestatiza\u00e7\u00f5es s\u00e3o criteriosas. Temos muitos anos pela frente.<\/p>\n<p>Al\u00e9m disso, na \u00faltima ter\u00e7a-feira (20), durante um evento com empres\u00e1rios e executivos de S\u00e3o Paulo, Guedes afirmou que algumas empresas se surpreenderiam com as privatiza\u00e7\u00f5es.<\/p>\n<p>&#8220;N\u00f3s vamos aceleras as privatiza\u00e7\u00f5es. Amanh\u00e3 [na quarta] saem as 17 empresas, e ano que vem tem mais. E n\u00f3s achamos que vamos surpreender. Tem gente a\u00ed que acha que n\u00e3o vai ser privatizado, mas vai entrar na faca&#8221;, disse o ministro da Economia.<\/p>\n\t<p>\n\t\t<a href=\"https:\/\/lp2.suno.com.br\/pv\/curso-zero-ao-primeiro-rendimento\/?utm_source=suno-noticias&#038;utm_medium=banner&#038;utm_campaign=_SNC4CCF8112_\" target=\"_blank\" data-element=\"shortcode-suno-banner\" title=\"Banner SUNO, clique e saiba mais\">\n\t\t\t<picture>\n\t\t\t\t<source media=\"(max-width: 500px)\" srcset=\"https:\/\/files.sunoresearch.com.br\/n\/uploads\/2025\/12\/Artigos-e-Noticias-Banner-Materias-02-Mobile_-400x300-1-png.webp\">\n\t\t\t\t<img class=\"newsContent__article__imgCapa newsContent__article__imgCapa--banner\"\n\t\t\t\t\tsrc=\"https:\/\/files.sunoresearch.com.br\/n\/uploads\/2025\/12\/Artigos-e-Noticias-Banner-Materias-01-Desktop_-1420x240-1-png.webp\"\n\t\t\t\t\tdata-promo-id=\"635313\"\t\t\t\t\t\t\t\t\t\twidth='1420' height='240'\t\t\t\t\talt=\"https:\/\/files.sunoresearch.com.br\/n\/uploads\/2025\/12\/Artigos-e-Noticias-Banner-Materias-01-Desktop_-1420x240-1-png.webp\"\n\t\t\t\t>\n\t\t\t<\/picture>\n\t\t<\/a>\n\t<\/p>\n\n\n<h2>Governo federal anuncia estatais que ser\u00e3o privatizadas<\/h2>\n<p>O governo federal divulgou um plano para a privatiza\u00e7\u00e3o de nove estatais. O an\u00fancio ocorreu no Pal\u00e1cio do Planalto ap\u00f3s uma reuni\u00e3o de Jair Bolsonaro com os representantes do Programa de Parcerias e Investimentos (PPI).<\/p>\n<p><a href=\"\/\/www.suno.com.br\/noticias\/17-estatais-privatizadas-governo-federal\/\">Veja Tamb\u00e9m: Confira a lista das 17 estatais que ser\u00e3o privatizadas pelo governo federal<\/a><\/p>\n<p>A lista inclui os Correios, cuja desestatiza\u00e7\u00e3o j\u00e1 foi confirmada pelo ministro da Economia, Paulo Guedes. As privatiza\u00e7\u00f5es das companhias estatais faz parte do plano de governo de Bolsonaro.<\/p>\n<p>Confira quais ser\u00e3o as nove empresas privatizadas pelo governo:<\/p>\n<ul>\n<li>Telecomunica\u00e7\u00f5es Brasileiras S\/A (Telebras);<\/li>\n<li>Empresa Brasileira de Correios e Tel\u00e9grafos (Correios);<\/li>\n<li>Companhia Docas do Estado de S\u00e3o Paulo (Codesp);<\/li>\n<li>Empresa de Tecnologia e Informa\u00e7\u00f5es da Previd\u00eancia Social (Dataprev);<\/li>\n<li>Servi\u00e7o Federal de Processamento de Dados (Serpro);<\/li>\n<li>Empresa Gestora de Ativos (Emgea);<\/li>\n<li>Centro de Excel\u00eancia em Tecnologia Eletr\u00f4nica Avan\u00e7ada (Ceitec);<\/li>\n<li>Companhia de Entrepostos e Armaz\u00e9ns Gerais de S\u00e3o Paulo (Ceagesp);<\/li>\n<li>Ag\u00eancia Brasileira Gestora de Fundos Garantidores e Garantias (ABGF).<\/li>\n<\/ul>\n<h2>\u00daltima cota\u00e7\u00e3o da Petrobras<\/h2>\n<p>Na \u00faltima sess\u00e3o, no encerramento do preg\u00e3o de quarta-feira, a <strong>Petrobras<\/strong> (PETR3), encerrou em alta de 5,32% sendo cotada a R$ 27,90.<\/p>\n","protected":false},"excerpt":{"rendered":"<p>O governo federal pretende privatizar a Petrobras at\u00e9 o \u00faltimo mandato do presidente da Rep\u00fablica, Jair Bolsonaro, em 2022. Petrobras (PETR4) elevar\u00e1 em 10% o pre\u00e7o da gasolina em refinarias A Petrobras n\u00e3o foi inclu\u00edda na lista das 17 empresas que ser\u00e3o desestatizadas ainda esse ano, no entanto, fonte pr\u00f3xima ao governo afirmou que a [&hellip;]<\/p>\n","protected":false},"author":15,"featured_media":28682,"comment_status":"closed","ping_status":"closed","sticky":false,"template":"","format":"standard","meta":[],"categories":[64],"tags":[595,945],"suno_strategy":[],"class_list":["post-34890","post","type-post","status-publish","format-standard","has-post-thumbnail","hentry","category-negocios","tag-petrobras-petr4","tag-privatizacoes"],"yoast_head":"<!-- This site is optimized with the Yoast SEO plugin v24.4 - https:\/\/yoast.com\/wordpress\/plugins\/seo\/ -->\n<title>Governo federal pretende privatizar Petrobras at\u00e9 2022<\/title>\n<meta name=\"description\" content=\"A Petrobras n\u00e3o foi inclu\u00edda na lista das 17 empresas que ser\u00e3o desestatizadas, no entanto, faz parte do plano.\u00a0Clique aqui e saiba mais\" \/>\n<meta name=\"robots\" content=\"index, follow, max-snippet:-1, max-image-preview:large, max-video-preview:-1\" \/>\n<link rel=\"canonical\" href=\"https:\/\/www.suno.com.br\/noticias\/petrobras-privatizacao-governo-2022\/\" \/>\n<meta property=\"og:locale\" content=\"pt_BR\" \/>\n<meta property=\"og:type\" content=\"article\" \/>\n<meta property=\"og:title\" content=\"Governo federal pretende privatizar Petrobras at\u00e9 2022\" \/>\n<meta property=\"og:description\" content=\"A Petrobras n\u00e3o foi inclu\u00edda na lista das 17 empresas que ser\u00e3o desestatizadas, no entanto, faz parte do plano.\u00a0Clique aqui e saiba mais\" \/>\n<meta property=\"og:url\" content=\"https:\/\/www.suno.com.br\/noticias\/petrobras-privatizacao-governo-2022\/\" \/>\n<meta property=\"og:site_name\" content=\"Suno Not\u00edcias\" \/>\n<meta property=\"article:publisher\" content=\"https:\/\/facebook.com\/sunoresearch\" \/>\n<meta property=\"og:image\" content=\"https:\/\/files.sunoresearch.com.br\/n\/uploads\/2019\/06\/409f9318-petrobras.jpg\" \/>\n\t<meta property=\"og:image:width\" content=\"678\" \/>\n\t<meta property=\"og:image:height\" content=\"381\" \/>\n\t<meta property=\"og:image:type\" content=\"image\/jpeg\" \/>\n<meta name=\"author\" content=\"Poliana Santos\" \/>\n<meta name=\"twitter:card\" content=\"summary_large_image\" \/>\n<meta name=\"twitter:creator\" content=\"@sunoresearch\" \/>\n<meta name=\"twitter:site\" content=\"@sunoresearch\" \/>\n<meta name=\"twitter:label1\" content=\"Escrito por\" \/>\n\t<meta name=\"twitter:data1\" content=\"Poliana Santos\" \/>\n\t<meta name=\"twitter:label2\" content=\"Est. tempo de leitura\" \/>\n\t<meta name=\"twitter:data2\" content=\"2 minutos\" \/>\n<script type=\"application\/ld+json\" class=\"yoast-schema-graph\">{\"@context\":\"https:\/\/schema.org\",\"@graph\":[{\"@type\":\"NewsArticle\",\"@id\":\"https:\/\/www.suno.com.br\/noticias\/petrobras-privatizacao-governo-2022\/#article\",\"isPartOf\":{\"@id\":\"https:\/\/www.suno.com.br\/noticias\/petrobras-privatizacao-governo-2022\/\"},\"author\":{\"name\":\"Poliana Santos\",\"@id\":\"https:\/\/www.suno.com.br\/noticias\/#\/schema\/person\/02ec1f752758247878a2bf4abee1aeda\"},\"headline\":\"Governo federal pretende privatizar Petrobras at\u00e9 2022\",\"datePublished\":\"2019-08-22T11:13:56+00:00\",\"mainEntityOfPage\":{\"@id\":\"https:\/\/www.suno.com.br\/noticias\/petrobras-privatizacao-governo-2022\/\"},\"wordCount\":480,\"publisher\":{\"@id\":\"https:\/\/www.suno.com.br\/noticias\/#organization\"},\"image\":{\"@id\":\"https:\/\/www.suno.com.br\/noticias\/petrobras-privatizacao-governo-2022\/#primaryimage\"},\"thumbnailUrl\":\"https:\/\/files.sunoresearch.com.br\/n\/uploads\/2019\/06\/409f9318-petrobras-jpg.webp\",\"keywords\":[\"Petrobras (PETR4)\",\"privatiza\u00e7\u00f5es\"],\"articleSection\":[\"Neg\u00f3cios\"],\"inLanguage\":\"pt-BR\"},{\"@type\":\"WebPage\",\"@id\":\"https:\/\/www.suno.com.br\/noticias\/petrobras-privatizacao-governo-2022\/\",\"url\":\"https:\/\/www.suno.com.br\/noticias\/petrobras-privatizacao-governo-2022\/\",\"name\":\"Governo federal pretende privatizar Petrobras at\u00e9 2022\",\"isPartOf\":{\"@id\":\"https:\/\/www.suno.com.br\/noticias\/#website\"},\"primaryImageOfPage\":{\"@id\":\"https:\/\/www.suno.com.br\/noticias\/petrobras-privatizacao-governo-2022\/#primaryimage\"},\"image\":{\"@id\":\"https:\/\/www.suno.com.br\/noticias\/petrobras-privatizacao-governo-2022\/#primaryimage\"},\"thumbnailUrl\":\"https:\/\/files.sunoresearch.com.br\/n\/uploads\/2019\/06\/409f9318-petrobras-jpg.webp\",\"datePublished\":\"2019-08-22T11:13:56+00:00\",\"description\":\"A Petrobras n\u00e3o foi inclu\u00edda na lista das 17 empresas que ser\u00e3o desestatizadas, no entanto, faz parte do plano.\u00a0Clique aqui e saiba mais\",\"breadcrumb\":{\"@id\":\"https:\/\/www.suno.com.br\/noticias\/petrobras-privatizacao-governo-2022\/#breadcrumb\"},\"inLanguage\":\"pt-BR\",\"potentialAction\":[{\"@type\":\"ReadAction\",\"target\":[\"https:\/\/www.suno.com.br\/noticias\/petrobras-privatizacao-governo-2022\/\"]}]},{\"@type\":\"ImageObject\",\"inLanguage\":\"pt-BR\",\"@id\":\"https:\/\/www.suno.com.br\/noticias\/petrobras-privatizacao-governo-2022\/#primaryimage\",\"url\":\"https:\/\/files.sunoresearch.com.br\/n\/uploads\/2019\/06\/409f9318-petrobras-jpg.webp\",\"contentUrl\":\"https:\/\/files.sunoresearch.com.br\/n\/uploads\/2019\/06\/409f9318-petrobras-jpg.webp\",\"width\":678,\"height\":381,\"caption\":\"Petrobras (PETR4) elevar\u00e1 em 10% o pre\u00e7o da gasolina em refinarias\"},{\"@type\":\"BreadcrumbList\",\"@id\":\"https:\/\/www.suno.com.br\/noticias\/petrobras-privatizacao-governo-2022\/#breadcrumb\",\"itemListElement\":[{\"@type\":\"ListItem\",\"position\":1,\"name\":\"Not\u00edcias\",\"item\":\"https:\/\/www.suno.com.br\/noticias\/\"},{\"@type\":\"ListItem\",\"position\":2,\"name\":\"Neg\u00f3cios\",\"item\":\"https:\/\/www.suno.com.br\/noticias\/negocios\/\"},{\"@type\":\"ListItem\",\"position\":3,\"name\":\"Governo federal pretende privatizar Petrobras at\u00e9 2022\"}]},{\"@type\":\"WebSite\",\"@id\":\"https:\/\/www.suno.com.br\/noticias\/#website\",\"url\":\"https:\/\/www.suno.com.br\/noticias\/\",\"name\":\"Suno Not\u00edcias\",\"description\":\"Seu portal de informa\u00e7\u00e3o sobre o mundo dos investimentos\",\"publisher\":{\"@id\":\"https:\/\/www.suno.com.br\/noticias\/#organization\"},\"potentialAction\":[{\"@type\":\"SearchAction\",\"target\":{\"@type\":\"EntryPoint\",\"urlTemplate\":\"https:\/\/www.suno.com.br\/noticias\/?s={search_term_string}\"},\"query-input\":{\"@type\":\"PropertyValueSpecification\",\"valueRequired\":true,\"valueName\":\"search_term_string\"}}],\"inLanguage\":\"pt-BR\"},{\"@type\":\"Organization\",\"@id\":\"https:\/\/www.suno.com.br\/noticias\/#organization\",\"name\":\"Suno Not\u00edcias\",\"url\":\"https:\/\/www.suno.com.br\/noticias\/\",\"logo\":{\"@type\":\"ImageObject\",\"inLanguage\":\"pt-BR\",\"@id\":\"https:\/\/www.suno.com.br\/noticias\/#\/schema\/logo\/image\/\",\"url\":\"https:\/\/files.sunoresearch.com.br\/n\/uploads\/2021\/09\/suno-logo.png\",\"contentUrl\":\"https:\/\/files.sunoresearch.com.br\/n\/uploads\/2021\/09\/suno-logo.png\",\"width\":180,\"height\":180,\"caption\":\"Suno Not\u00edcias\"},\"image\":{\"@id\":\"https:\/\/www.suno.com.br\/noticias\/#\/schema\/logo\/image\/\"},\"sameAs\":[\"https:\/\/facebook.com\/sunoresearch\",\"https:\/\/x.com\/sunoresearch\",\"https:\/\/www.instagram.com\/suno\",\"https:\/\/www.linkedin.com\/company\/suno-research\/\",\"https:\/\/www.youtube.com\/c\/sunoresearch\"]},{\"@type\":\"Person\",\"@id\":\"https:\/\/www.suno.com.br\/noticias\/#\/schema\/person\/02ec1f752758247878a2bf4abee1aeda\",\"name\":\"Poliana Santos\",\"image\":{\"@type\":\"ImageObject\",\"inLanguage\":\"pt-BR\",\"@id\":\"https:\/\/www.suno.com.br\/noticias\/#\/schema\/person\/image\/\",\"url\":\"https:\/\/secure.gravatar.com\/avatar\/0645bd32f23d87b2130f2b2dff1d3f8d?s=96&r=g\",\"contentUrl\":\"https:\/\/secure.gravatar.com\/avatar\/0645bd32f23d87b2130f2b2dff1d3f8d?s=96&r=g\",\"caption\":\"Poliana Santos\"},\"description\":\"Rep\u00f3rter no Suno Not\u00edcias, com cobertura em mercado financeiro, economia, finan\u00e7as pessoais, renda fixa e varejo. Jornalista formada pela Faculdade C\u00e1sper L\u00edbero e possui passagem na R\u00e1dio Gazeta AM com a produ\u00e7\u00e3o de conte\u00fado sobre economia, pol\u00edtica, sa\u00fade, moda e m\u00fasica. Possui certificado de conclus\u00e3o do curso de An\u00e1lise de Balan\u00e7os pela Funda\u00e7\u00e3o Bradesco, Agenda Brasil pela FAAP, Educa\u00e7\u00e3o Pol\u00edtica por Alexandre Garcia e do Tesouro Direto e Mercado de A\u00e7\u00f5es pela B3.\",\"url\":\"https:\/\/www.suno.com.br\/noticias\/author\/poliana-santos\/\"}]}<\/script>\n<!-- \/ Yoast SEO plugin. -->","yoast_head_json":{"title":"Governo federal pretende privatizar Petrobras at\u00e9 2022","description":"A Petrobras n\u00e3o foi inclu\u00edda na lista das 17 empresas que ser\u00e3o desestatizadas, no entanto, faz parte do plano.\u00a0Clique aqui e saiba mais","robots":{"index":"index","follow":"follow","max-snippet":"max-snippet:-1","max-image-preview":"max-image-preview:large","max-video-preview":"max-video-preview:-1"},"canonical":"https:\/\/www.suno.com.br\/noticias\/petrobras-privatizacao-governo-2022\/","og_locale":"pt_BR","og_type":"article","og_title":"Governo federal pretende privatizar Petrobras at\u00e9 2022","og_description":"A Petrobras n\u00e3o foi inclu\u00edda na lista das 17 empresas que ser\u00e3o desestatizadas, no entanto, faz parte do plano.\u00a0Clique aqui e saiba mais","og_url":"https:\/\/www.suno.com.br\/noticias\/petrobras-privatizacao-governo-2022\/","og_site_name":"Suno Not\u00edcias","article_publisher":"https:\/\/facebook.com\/sunoresearch","og_image":[{"width":678,"height":381,"url":"https:\/\/files.sunoresearch.com.br\/n\/uploads\/2019\/06\/409f9318-petrobras.jpg","type":"image\/jpeg"}],"author":"Poliana Santos","twitter_card":"summary_large_image","twitter_creator":"@sunoresearch","twitter_site":"@sunoresearch","twitter_misc":{"Escrito por":"Poliana Santos","Est. tempo de leitura":"2 minutos"},"schema":{"@context":"https:\/\/schema.org","@graph":[{"@type":"NewsArticle","@id":"https:\/\/www.suno.com.br\/noticias\/petrobras-privatizacao-governo-2022\/#article","isPartOf":{"@id":"https:\/\/www.suno.com.br\/noticias\/petrobras-privatizacao-governo-2022\/"},"author":{"name":"Poliana Santos","@id":"https:\/\/www.suno.com.br\/noticias\/#\/schema\/person\/02ec1f752758247878a2bf4abee1aeda"},"headline":"Governo federal pretende privatizar Petrobras at\u00e9 2022","datePublished":"2019-08-22T11:13:56+00:00","mainEntityOfPage":{"@id":"https:\/\/www.suno.com.br\/noticias\/petrobras-privatizacao-governo-2022\/"},"wordCount":480,"publisher":{"@id":"https:\/\/www.suno.com.br\/noticias\/#organization"},"image":{"@id":"https:\/\/www.suno.com.br\/noticias\/petrobras-privatizacao-governo-2022\/#primaryimage"},"thumbnailUrl":"https:\/\/files.sunoresearch.com.br\/n\/uploads\/2019\/06\/409f9318-petrobras-jpg.webp","keywords":["Petrobras (PETR4)","privatiza\u00e7\u00f5es"],"articleSection":["Neg\u00f3cios"],"inLanguage":"pt-BR"},{"@type":"WebPage","@id":"https:\/\/www.suno.com.br\/noticias\/petrobras-privatizacao-governo-2022\/","url":"https:\/\/www.suno.com.br\/noticias\/petrobras-privatizacao-governo-2022\/","name":"Governo federal pretende privatizar Petrobras at\u00e9 2022","isPartOf":{"@id":"https:\/\/www.suno.com.br\/noticias\/#website"},"primaryImageOfPage":{"@id":"https:\/\/www.suno.com.br\/noticias\/petrobras-privatizacao-governo-2022\/#primaryimage"},"image":{"@id":"https:\/\/www.suno.com.br\/noticias\/petrobras-privatizacao-governo-2022\/#primaryimage"},"thumbnailUrl":"https:\/\/files.sunoresearch.com.br\/n\/uploads\/2019\/06\/409f9318-petrobras-jpg.webp","datePublished":"2019-08-22T11:13:56+00:00","description":"A Petrobras n\u00e3o foi inclu\u00edda na lista das 17 empresas que ser\u00e3o desestatizadas, no entanto, faz parte do plano.\u00a0Clique aqui e saiba mais","breadcrumb":{"@id":"https:\/\/www.suno.com.br\/noticias\/petrobras-privatizacao-governo-2022\/#breadcrumb"},"inLanguage":"pt-BR","potentialAction":[{"@type":"ReadAction","target":["https:\/\/www.suno.com.br\/noticias\/petrobras-privatizacao-governo-2022\/"]}]},{"@type":"ImageObject","inLanguage":"pt-BR","@id":"https:\/\/www.suno.com.br\/noticias\/petrobras-privatizacao-governo-2022\/#primaryimage","url":"https:\/\/files.sunoresearch.com.br\/n\/uploads\/2019\/06\/409f9318-petrobras-jpg.webp","contentUrl":"https:\/\/files.sunoresearch.com.br\/n\/uploads\/2019\/06\/409f9318-petrobras-jpg.webp","width":678,"height":381,"caption":"Petrobras (PETR4) elevar\u00e1 em 10% o pre\u00e7o da gasolina em refinarias"},{"@type":"BreadcrumbList","@id":"https:\/\/www.suno.com.br\/noticias\/petrobras-privatizacao-governo-2022\/#breadcrumb","itemListElement":[{"@type":"ListItem","position":1,"name":"Not\u00edcias","item":"https:\/\/www.suno.com.br\/noticias\/"},{"@type":"ListItem","position":2,"name":"Neg\u00f3cios","item":"https:\/\/www.suno.com.br\/noticias\/negocios\/"},{"@type":"ListItem","position":3,"name":"Governo federal pretende privatizar Petrobras at\u00e9 2022"}]},{"@type":"WebSite","@id":"https:\/\/www.suno.com.br\/noticias\/#website","url":"https:\/\/www.suno.com.br\/noticias\/","name":"Suno Not\u00edcias","description":"Seu portal de informa\u00e7\u00e3o sobre o mundo dos investimentos","publisher":{"@id":"https:\/\/www.suno.com.br\/noticias\/#organization"},"potentialAction":[{"@type":"SearchAction","target":{"@type":"EntryPoint","urlTemplate":"https:\/\/www.suno.com.br\/noticias\/?s={search_term_string}"},"query-input":{"@type":"PropertyValueSpecification","valueRequired":true,"valueName":"search_term_string"}}],"inLanguage":"pt-BR"},{"@type":"Organization","@id":"https:\/\/www.suno.com.br\/noticias\/#organization","name":"Suno Not\u00edcias","url":"https:\/\/www.suno.com.br\/noticias\/","logo":{"@type":"ImageObject","inLanguage":"pt-BR","@id":"https:\/\/www.suno.com.br\/noticias\/#\/schema\/logo\/image\/","url":"https:\/\/files.sunoresearch.com.br\/n\/uploads\/2021\/09\/suno-logo.png","contentUrl":"https:\/\/files.sunoresearch.com.br\/n\/uploads\/2021\/09\/suno-logo.png","width":180,"height":180,"caption":"Suno Not\u00edcias"},"image":{"@id":"https:\/\/www.suno.com.br\/noticias\/#\/schema\/logo\/image\/"},"sameAs":["https:\/\/facebook.com\/sunoresearch","https:\/\/x.com\/sunoresearch","https:\/\/www.instagram.com\/suno","https:\/\/www.linkedin.com\/company\/suno-research\/","https:\/\/www.youtube.com\/c\/sunoresearch"]},{"@type":"Person","@id":"https:\/\/www.suno.com.br\/noticias\/#\/schema\/person\/02ec1f752758247878a2bf4abee1aeda","name":"Poliana Santos","image":{"@type":"ImageObject","inLanguage":"pt-BR","@id":"https:\/\/www.suno.com.br\/noticias\/#\/schema\/person\/image\/","url":"https:\/\/secure.gravatar.com\/avatar\/0645bd32f23d87b2130f2b2dff1d3f8d?s=96&r=g","contentUrl":"https:\/\/secure.gravatar.com\/avatar\/0645bd32f23d87b2130f2b2dff1d3f8d?s=96&r=g","caption":"Poliana Santos"},"description":"Rep\u00f3rter no Suno Not\u00edcias, com cobertura em mercado financeiro, economia, finan\u00e7as pessoais, renda fixa e varejo. Jornalista formada pela Faculdade C\u00e1sper L\u00edbero e possui passagem na R\u00e1dio Gazeta AM com a produ\u00e7\u00e3o de conte\u00fado sobre economia, pol\u00edtica, sa\u00fade, moda e m\u00fasica. Possui certificado de conclus\u00e3o do curso de An\u00e1lise de Balan\u00e7os pela Funda\u00e7\u00e3o Bradesco, Agenda Brasil pela FAAP, Educa\u00e7\u00e3o Pol\u00edtica por Alexandre Garcia e do Tesouro Direto e Mercado de A\u00e7\u00f5es pela B3.","url":"https:\/\/www.suno.com.br\/noticias\/author\/poliana-santos\/"}]}},"default_loop_html":"<div class=\"cardsPage__listCard__boxs\"><div class=\"cardsPage__listCard__boxs__img\"><a href=\"https:\/\/www.suno.com.br\/noticias\/petrobras-privatizacao-governo-2022\/\"><img class=\"mask\" src=\"https:\/\/www.suno.com.br\/noticias\/wp-content\/themes\/suno\/resources\/images\/spotlight\/spotlight1img\/bg-mask.png\" alt=\"Image Mask\"\/><img src=\"https:\/\/files.sunoresearch.com.br\/n\/uploads\/2019\/06\/409f9318-petrobras-400x200.webp\" alt=\"Governo federal pretende privatizar Petrobras at\u00e9 2022\"\/><\/a><span class=\"spotlightCategory\"><a href=\"https:\/\/www.suno.com.br\/noticias\/negocios\/\">Neg\u00f3cios<\/a><\/span><\/div><div class=\"cardsPage__listCard__boxs__content\"><a href=\"https:\/\/www.suno.com.br\/noticias\/petrobras-privatizacao-governo-2022\/\"><h2 class=\"content__title\">Governo federal pretende privatizar Petrobras at\u00e9 2022<\/h2><\/a><div class=\"newsContent__article__meta\"><div class=\"newsContent__article__meta__authorBox\"><a href=\"https:\/\/www.suno.com.br\/noticias\/author\/poliana-santos\/\" class=\"authorBox__avatar noMobi\"><img src=\"https:\/\/files.sunoresearch.com.br\/n\/uploads\/2020\/08\/7ef34026-whatsapp-image-2020-08-03-at-12.37.57-150x150.webp\" alt=\"Poliana Santos\"><\/a><div class=\"authorBox__name\"><span>por\n\t\t\t<a href=\"https:\/\/www.suno.com.br\/noticias\/author\/poliana-santos\/\"><span itemprop=\"author\">Poliana Santos<\/span><\/a><\/span><time datetime=\"2019-08-22T08:13:56-03:00\" itemprop=\"datePublished\">22\/08\/2019 08:13<\/time><\/div><\/div><\/div><\/div><\/div>","single_layout":"posts","amp_enabled":true,"_links":{"self":[{"href":"https:\/\/www.suno.com.br\/noticias\/wp-json\/wp\/v2\/posts\/34890"}],"collection":[{"href":"https:\/\/www.suno.com.br\/noticias\/wp-json\/wp\/v2\/posts"}],"about":[{"href":"https:\/\/www.suno.com.br\/noticias\/wp-json\/wp\/v2\/types\/post"}],"author":[{"embeddable":true,"href":"https:\/\/www.suno.com.br\/noticias\/wp-json\/wp\/v2\/users\/15"}],"replies":[{"embeddable":true,"href":"https:\/\/www.suno.com.br\/noticias\/wp-json\/wp\/v2\/comments?post=34890"}],"version-history":[{"count":0,"href":"https:\/\/www.suno.com.br\/noticias\/wp-json\/wp\/v2\/posts\/34890\/revisions"}],"wp:featuredmedia":[{"embeddable":true,"href":"https:\/\/www.suno.com.br\/noticias\/wp-json\/wp\/v2\/media\/28682"}],"wp:attachment":[{"href":"https:\/\/www.suno.com.br\/noticias\/wp-json\/wp\/v2\/media?parent=34890"}],"wp:term":[{"taxonomy":"category","embeddable":true,"href":"https:\/\/www.suno.com.br\/noticias\/wp-json\/wp\/v2\/categories?post=34890"},{"taxonomy":"post_tag","embeddable":true,"href":"https:\/\/www.suno.com.br\/noticias\/wp-json\/wp\/v2\/tags?post=34890"},{"taxonomy":"suno_strategy","embeddable":true,"href":"https:\/\/www.suno.com.br\/noticias\/wp-json\/wp\/v2\/suno_strategy?post=34890"}],"curies":[{"name":"wp","href":"https:\/\/api.w.org\/{rel}","templated":true}]}}