{"id":34860,"date":"2019-08-21T16:43:26","date_gmt":"2019-08-21T19:43:26","guid":{"rendered":"https:\/\/www.suno.com.br\/noticias\/?p=34860"},"modified":"2019-08-21T19:01:01","modified_gmt":"2019-08-21T22:01:01","slug":"banco-central-perda-r1365bi-com-swap-cambial","status":"publish","type":"post","link":"https:\/\/www.suno.com.br\/noticias\/banco-central-perda-r1365bi-com-swap-cambial\/","title":{"rendered":"Banco Central registra perda de R$ 13,65 bi com contratos de swap cambial"},"content":{"rendered":"<p>O <a href=\"https:\/\/www.suno.com.br\/artigos\/bacen\/\">Banco Central (BC)<\/a> anunciou nesta quarta-feira (21) que fechou os primeiros 16 dias de agosto com uma perda de R$ 13,65 bilh\u00f5es com <a href=\"https:\/\/www.suno.com.br\/artigos\/swap-cambial\/\">swap cambiais<\/a>. Ainda assim, em 2019 a conta do BC est\u00e1 em saldo positivo em R$ 3,782 bilh\u00f5es.<\/p>\t<div class=\"wrapper-featured-image\">\n\t\t<figure class=\"spotlightImg\">\n\n\t\t\t<picture>\n\t\t\t\t<source media=\"(max-width: 768px)\" srcset=\"https:\/\/files.sunoresearch.com.br\/n\/uploads\/2019\/08\/6f130248-bc-400x200.webp\">\n\t\t\t\t<img loading=\"lazy\" decoding=\"async\" class=\"newsContent__article__imgCapa lazyloadDisabled newsContent__article__imgCapa--noCaption\" src=\"https:\/\/files.sunoresearch.com.br\/n\/uploads\/2019\/08\/6f130248-bc-800x450.webp\" width=\"800\" height=\"450\" alt=\"Banco Central registra perda de R$ 13,65 bi com contratos de swap cambial\" fetchpriority=high \/>\n\t\t\t<\/picture>\n\n\t\t\t<figcaption class=\"wp-caption-text wp-caption-text--hide\">BC aprova a dedu\u00e7\u00e3o de recompra de Letras Financeiras do compuls\u00f3rio<\/figcaption>\n\t\t<\/figure>\n\t<\/div>\n\n\n\n<p>Os contratos de swap cambial n\u00e3o tem como objetivo gerar ganhos para o <strong>BC<\/strong>, mas sim, dar ao Banco a possibilidade do mesmo oferecer prote\u00e7\u00e3o ao mercado em momentos inconstantes do mercado.\u00a0 Na l\u00f3gica do swap, o Banco perde quando o d\u00f3lar cresce acima do real, mas ganha quando a moeda brasileira se valoriza.<\/p>\n<p>No ano passado, o BC apresentou saldo negativo acumulado em R$ 15,125 bilh\u00f5es.<\/p>\n<p><a href=\"https:\/\/www.suno.com.br\/noticias\/banco-central-novo-presidente-uif\/\">Leia mais: Banco Central nomeia Ricardo Li\u00e1o como presidente da UIF, o novo Coaf<\/a><\/p>\n<p>Em agosto deste ano, o BC cresceu seu valor das reservas internacionais do Brasil em R$ 93,066 bilh\u00f5es. Em 2018, as reservas tiveram um acumulado positivo de R$ 141,328 bilh\u00f5es.<\/p>\n<h2>Banco Central voltou a vender d\u00f3lares pela primeira vez em 10 anos<\/h2>\n<p>O <strong>Banco Central<\/strong>\u00a0anunciou na quarta-feira passada (14) que vender\u00e1 d\u00f3lares \u00e0 vista das suas reservas internacionais. Essa \u00e9 a primeira vez que a institui\u00e7\u00e3o monet\u00e1ria central atua vendendo moeda norte-americana desde fevereiro de 2009.<\/p>\n<p><a href=\"https:\/\/www.suno.com.br\/noticias\/banco-central-vender-dolar-2009\/\">Saiba mais: Banco Central volta a vender d\u00f3lares pela primeira vez desde 2009<\/a><\/p>\n<p>O BC tamb\u00e9m informou que oferecer\u00e1 contratos de swap cambial no mercado. Entretanto, segundo a institui\u00e7\u00e3o monet\u00e1ria, esse instrumento n\u00e3o ser\u00e1 suficiente para atender \u00e0 demanda por moeda estrangeira impulsionada pela \u201cconjuntura econ\u00f4mica atual\u201d.<\/p>\n\t<p>\n\t\t<a href=\"https:\/\/lp2.suno.com.br\/lm\/minicurso-construindo-um-portfolio-milionario?utm_campaign=_SNCEBB048DA_sc.mcpm26&#038;utm_source=suno.com.br&#038;utm_medium=banner.noticias\" target=\"_blank\" data-element=\"shortcode-suno-banner\" title=\"Banner SUNO, clique e saiba mais\">\n\t\t\t<picture>\n\t\t\t\t<source media=\"(max-width: 500px)\" srcset=\"https:\/\/files.sunoresearch.com.br\/n\/uploads\/2026\/01\/MB-PS-HOME-DE-ARTIGOS-400x300-ID_01_x1-jpg.webp\">\n\t\t\t\t<img class=\"newsContent__article__imgCapa newsContent__article__imgCapa--banner\"\n\t\t\t\t\tsrc=\"https:\/\/files.sunoresearch.com.br\/n\/uploads\/2026\/01\/DT-PS-HOME-DE-ARTIGOS-1420x240-ID_01_x1-jpg.webp\"\n\t\t\t\t\tdata-promo-id=\"638432\"\t\t\t\t\t\t\t\t\t\twidth='1420' height='240'\t\t\t\t\talt=\"https:\/\/files.sunoresearch.com.br\/n\/uploads\/2026\/01\/DT-PS-HOME-DE-ARTIGOS-1420x240-ID_01_x1-jpg.webp\"\n\t\t\t\t>\n\t\t\t<\/picture>\n\t\t<\/a>\n\t<\/p>\n\n\n<p>\u201cConsiderando a conjuntura econ\u00f4mica atual, a redu\u00e7\u00e3o na demanda de prote\u00e7\u00e3o cambial (hedge) pelos agentes econ\u00f4micos por meio de swaps cambiais e o aumento da demanda de liquidez no mercado de c\u00e2mbio \u00e0 vista, o Banco Central do Brasil comunica que, para efeito de rolagem da sua carteira de swaps, implementar\u00e1 a oferta de leil\u00f5es simult\u00e2neos de c\u00e2mbio \u00e0 vista e de swaps reversos\u201d, informou o <strong>BC<\/strong> em nota.<\/p>\n","protected":false},"excerpt":{"rendered":"<p>O Banco Central (BC) anunciou nesta quarta-feira (21) que fechou os primeiros 16 dias de agosto com uma perda de R$ 13,65 bilh\u00f5es com swap cambiais. Ainda assim, em 2019 a conta do BC est\u00e1 em saldo positivo em R$ 3,782 bilh\u00f5es. BC aprova a dedu\u00e7\u00e3o de recompra de Letras Financeiras do compuls\u00f3rio Os contratos [&hellip;]<\/p>\n","protected":false},"author":23,"featured_media":34862,"comment_status":"closed","ping_status":"closed","sticky":false,"template":"","format":"standard","meta":[],"categories":[62],"tags":[1842,326,1890],"suno_strategy":[],"class_list":["post-34860","post","type-post","status-publish","format-standard","has-post-thumbnail","hentry","category-economia","tag-banco-central-bc","tag-dolar","tag-swap-cambial"],"yoast_head":"<!-- This site is optimized with the Yoast SEO plugin v24.4 - https:\/\/yoast.com\/wordpress\/plugins\/seo\/ -->\n<title>Banco Central tem perda de R$ 13,65 bi com contratos de swap cambial<\/title>\n<meta name=\"description\" content=\"O Banco Central (BC) anunciou que fechou os primeiros 16 dias de agosto com uma perda de R$ 13,65 bi com swap cambiais. Clique para mais.\" \/>\n<meta name=\"robots\" content=\"index, follow, max-snippet:-1, max-image-preview:large, max-video-preview:-1\" \/>\n<link rel=\"canonical\" href=\"https:\/\/www.suno.com.br\/noticias\/banco-central-perda-r1365bi-com-swap-cambial\/\" \/>\n<meta property=\"og:locale\" content=\"pt_BR\" \/>\n<meta property=\"og:type\" content=\"article\" \/>\n<meta property=\"og:title\" content=\"Banco Central tem perda de R$ 13,65 bi com contratos de swap cambial\" \/>\n<meta property=\"og:description\" content=\"O Banco Central (BC) anunciou que fechou os primeiros 16 dias de agosto com uma perda de R$ 13,65 bi com swap cambiais. Clique para mais.\" \/>\n<meta property=\"og:url\" content=\"https:\/\/www.suno.com.br\/noticias\/banco-central-perda-r1365bi-com-swap-cambial\/\" \/>\n<meta property=\"og:site_name\" content=\"Suno Not\u00edcias\" \/>\n<meta property=\"article:publisher\" content=\"https:\/\/facebook.com\/sunoresearch\" \/>\n<meta property=\"og:image\" content=\"https:\/\/files.sunoresearch.com.br\/n\/uploads\/2019\/08\/6f130248-bc.jpg\" \/>\n\t<meta property=\"og:image:width\" content=\"860\" \/>\n\t<meta property=\"og:image:height\" content=\"570\" \/>\n\t<meta property=\"og:image:type\" content=\"image\/jpeg\" \/>\n<meta name=\"author\" content=\"Rafael Lara\" \/>\n<meta name=\"twitter:card\" content=\"summary_large_image\" \/>\n<meta name=\"twitter:creator\" content=\"@sunoresearch\" \/>\n<meta name=\"twitter:site\" content=\"@sunoresearch\" \/>\n<meta name=\"twitter:label1\" content=\"Escrito por\" \/>\n\t<meta name=\"twitter:data1\" content=\"Rafael Lara\" \/>\n\t<meta name=\"twitter:label2\" content=\"Est. tempo de leitura\" \/>\n\t<meta name=\"twitter:data2\" content=\"2 minutos\" \/>\n<script type=\"application\/ld+json\" class=\"yoast-schema-graph\">{\"@context\":\"https:\/\/schema.org\",\"@graph\":[{\"@type\":\"NewsArticle\",\"@id\":\"https:\/\/www.suno.com.br\/noticias\/banco-central-perda-r1365bi-com-swap-cambial\/#article\",\"isPartOf\":{\"@id\":\"https:\/\/www.suno.com.br\/noticias\/banco-central-perda-r1365bi-com-swap-cambial\/\"},\"author\":{\"name\":\"Rafael Lara\",\"@id\":\"https:\/\/www.suno.com.br\/noticias\/#\/schema\/person\/098743caeed97b37f51315c9576c4078\"},\"headline\":\"Banco Central registra perda de R$ 13,65 bi com contratos de swap cambial\",\"datePublished\":\"2019-08-21T19:43:26+00:00\",\"dateModified\":\"2019-08-21T22:01:01+00:00\",\"mainEntityOfPage\":{\"@id\":\"https:\/\/www.suno.com.br\/noticias\/banco-central-perda-r1365bi-com-swap-cambial\/\"},\"wordCount\":343,\"publisher\":{\"@id\":\"https:\/\/www.suno.com.br\/noticias\/#organization\"},\"image\":{\"@id\":\"https:\/\/www.suno.com.br\/noticias\/banco-central-perda-r1365bi-com-swap-cambial\/#primaryimage\"},\"thumbnailUrl\":\"https:\/\/files.sunoresearch.com.br\/n\/uploads\/2019\/08\/6f130248-bc-jpg.webp\",\"keywords\":[\"Banco Central (BC)\",\"d\u00f3lar\",\"Swap cambial\"],\"articleSection\":[\"Economia\"],\"inLanguage\":\"pt-BR\"},{\"@type\":\"WebPage\",\"@id\":\"https:\/\/www.suno.com.br\/noticias\/banco-central-perda-r1365bi-com-swap-cambial\/\",\"url\":\"https:\/\/www.suno.com.br\/noticias\/banco-central-perda-r1365bi-com-swap-cambial\/\",\"name\":\"Banco Central tem perda de R$ 13,65 bi com contratos de swap cambial\",\"isPartOf\":{\"@id\":\"https:\/\/www.suno.com.br\/noticias\/#website\"},\"primaryImageOfPage\":{\"@id\":\"https:\/\/www.suno.com.br\/noticias\/banco-central-perda-r1365bi-com-swap-cambial\/#primaryimage\"},\"image\":{\"@id\":\"https:\/\/www.suno.com.br\/noticias\/banco-central-perda-r1365bi-com-swap-cambial\/#primaryimage\"},\"thumbnailUrl\":\"https:\/\/files.sunoresearch.com.br\/n\/uploads\/2019\/08\/6f130248-bc-jpg.webp\",\"datePublished\":\"2019-08-21T19:43:26+00:00\",\"dateModified\":\"2019-08-21T22:01:01+00:00\",\"description\":\"O Banco Central (BC) anunciou que fechou os primeiros 16 dias de agosto com uma perda de R$ 13,65 bi com swap cambiais. Clique para mais.\",\"breadcrumb\":{\"@id\":\"https:\/\/www.suno.com.br\/noticias\/banco-central-perda-r1365bi-com-swap-cambial\/#breadcrumb\"},\"inLanguage\":\"pt-BR\",\"potentialAction\":[{\"@type\":\"ReadAction\",\"target\":[\"https:\/\/www.suno.com.br\/noticias\/banco-central-perda-r1365bi-com-swap-cambial\/\"]}]},{\"@type\":\"ImageObject\",\"inLanguage\":\"pt-BR\",\"@id\":\"https:\/\/www.suno.com.br\/noticias\/banco-central-perda-r1365bi-com-swap-cambial\/#primaryimage\",\"url\":\"https:\/\/files.sunoresearch.com.br\/n\/uploads\/2019\/08\/6f130248-bc-jpg.webp\",\"contentUrl\":\"https:\/\/files.sunoresearch.com.br\/n\/uploads\/2019\/08\/6f130248-bc-jpg.webp\",\"width\":860,\"height\":570,\"caption\":\"BC aprova a dedu\u00e7\u00e3o de recompra de Letras Financeiras do compuls\u00f3rio\"},{\"@type\":\"BreadcrumbList\",\"@id\":\"https:\/\/www.suno.com.br\/noticias\/banco-central-perda-r1365bi-com-swap-cambial\/#breadcrumb\",\"itemListElement\":[{\"@type\":\"ListItem\",\"position\":1,\"name\":\"Not\u00edcias\",\"item\":\"https:\/\/www.suno.com.br\/noticias\/\"},{\"@type\":\"ListItem\",\"position\":2,\"name\":\"Economia\",\"item\":\"https:\/\/www.suno.com.br\/noticias\/economia\/\"},{\"@type\":\"ListItem\",\"position\":3,\"name\":\"Banco Central registra perda de R$ 13,65 bi com contratos de swap cambial\"}]},{\"@type\":\"WebSite\",\"@id\":\"https:\/\/www.suno.com.br\/noticias\/#website\",\"url\":\"https:\/\/www.suno.com.br\/noticias\/\",\"name\":\"Suno Not\u00edcias\",\"description\":\"Seu portal de informa\u00e7\u00e3o sobre o mundo dos investimentos\",\"publisher\":{\"@id\":\"https:\/\/www.suno.com.br\/noticias\/#organization\"},\"potentialAction\":[{\"@type\":\"SearchAction\",\"target\":{\"@type\":\"EntryPoint\",\"urlTemplate\":\"https:\/\/www.suno.com.br\/noticias\/?s={search_term_string}\"},\"query-input\":{\"@type\":\"PropertyValueSpecification\",\"valueRequired\":true,\"valueName\":\"search_term_string\"}}],\"inLanguage\":\"pt-BR\"},{\"@type\":\"Organization\",\"@id\":\"https:\/\/www.suno.com.br\/noticias\/#organization\",\"name\":\"Suno Not\u00edcias\",\"url\":\"https:\/\/www.suno.com.br\/noticias\/\",\"logo\":{\"@type\":\"ImageObject\",\"inLanguage\":\"pt-BR\",\"@id\":\"https:\/\/www.suno.com.br\/noticias\/#\/schema\/logo\/image\/\",\"url\":\"https:\/\/files.sunoresearch.com.br\/n\/uploads\/2021\/09\/suno-logo.png\",\"contentUrl\":\"https:\/\/files.sunoresearch.com.br\/n\/uploads\/2021\/09\/suno-logo.png\",\"width\":180,\"height\":180,\"caption\":\"Suno Not\u00edcias\"},\"image\":{\"@id\":\"https:\/\/www.suno.com.br\/noticias\/#\/schema\/logo\/image\/\"},\"sameAs\":[\"https:\/\/facebook.com\/sunoresearch\",\"https:\/\/x.com\/sunoresearch\",\"https:\/\/www.instagram.com\/suno\",\"https:\/\/www.linkedin.com\/company\/suno-research\/\",\"https:\/\/www.youtube.com\/c\/sunoresearch\"]},{\"@type\":\"Person\",\"@id\":\"https:\/\/www.suno.com.br\/noticias\/#\/schema\/person\/098743caeed97b37f51315c9576c4078\",\"name\":\"Rafael Lara\",\"image\":{\"@type\":\"ImageObject\",\"inLanguage\":\"pt-BR\",\"@id\":\"https:\/\/www.suno.com.br\/noticias\/#\/schema\/person\/image\/\",\"url\":\"https:\/\/secure.gravatar.com\/avatar\/dfc254ab9bb2ea1895d98b9e9dae4bdd?s=96&r=g\",\"contentUrl\":\"https:\/\/secure.gravatar.com\/avatar\/dfc254ab9bb2ea1895d98b9e9dae4bdd?s=96&r=g\",\"caption\":\"Rafael Lara\"},\"description\":\"Rafael Lara cursa jornalismo na Faculdade C\u00e1sper L\u00edbero. Escreve sobre pol\u00edtica, economia e neg\u00f3cios para o portal Suno Not\u00edcias. Antes, colaborou na TV Gazeta na produ\u00e7\u00e3o do programa Edi\u00e7\u00e3o Extra.\",\"url\":\"https:\/\/www.suno.com.br\/noticias\/author\/rafael\/\"}]}<\/script>\n<!-- \/ Yoast SEO plugin. -->","yoast_head_json":{"title":"Banco Central tem perda de R$ 13,65 bi com contratos de swap cambial","description":"O Banco Central (BC) anunciou que fechou os primeiros 16 dias de agosto com uma perda de R$ 13,65 bi com swap cambiais. Clique para mais.","robots":{"index":"index","follow":"follow","max-snippet":"max-snippet:-1","max-image-preview":"max-image-preview:large","max-video-preview":"max-video-preview:-1"},"canonical":"https:\/\/www.suno.com.br\/noticias\/banco-central-perda-r1365bi-com-swap-cambial\/","og_locale":"pt_BR","og_type":"article","og_title":"Banco Central tem perda de R$ 13,65 bi com contratos de swap cambial","og_description":"O Banco Central (BC) anunciou que fechou os primeiros 16 dias de agosto com uma perda de R$ 13,65 bi com swap cambiais. Clique para mais.","og_url":"https:\/\/www.suno.com.br\/noticias\/banco-central-perda-r1365bi-com-swap-cambial\/","og_site_name":"Suno Not\u00edcias","article_publisher":"https:\/\/facebook.com\/sunoresearch","og_image":[{"width":860,"height":570,"url":"https:\/\/files.sunoresearch.com.br\/n\/uploads\/2019\/08\/6f130248-bc.jpg","type":"image\/jpeg"}],"author":"Rafael Lara","twitter_card":"summary_large_image","twitter_creator":"@sunoresearch","twitter_site":"@sunoresearch","twitter_misc":{"Escrito por":"Rafael Lara","Est. tempo de leitura":"2 minutos"},"schema":{"@context":"https:\/\/schema.org","@graph":[{"@type":"NewsArticle","@id":"https:\/\/www.suno.com.br\/noticias\/banco-central-perda-r1365bi-com-swap-cambial\/#article","isPartOf":{"@id":"https:\/\/www.suno.com.br\/noticias\/banco-central-perda-r1365bi-com-swap-cambial\/"},"author":{"name":"Rafael Lara","@id":"https:\/\/www.suno.com.br\/noticias\/#\/schema\/person\/098743caeed97b37f51315c9576c4078"},"headline":"Banco Central registra perda de R$ 13,65 bi com contratos de swap cambial","datePublished":"2019-08-21T19:43:26+00:00","dateModified":"2019-08-21T22:01:01+00:00","mainEntityOfPage":{"@id":"https:\/\/www.suno.com.br\/noticias\/banco-central-perda-r1365bi-com-swap-cambial\/"},"wordCount":343,"publisher":{"@id":"https:\/\/www.suno.com.br\/noticias\/#organization"},"image":{"@id":"https:\/\/www.suno.com.br\/noticias\/banco-central-perda-r1365bi-com-swap-cambial\/#primaryimage"},"thumbnailUrl":"https:\/\/files.sunoresearch.com.br\/n\/uploads\/2019\/08\/6f130248-bc-jpg.webp","keywords":["Banco Central (BC)","d\u00f3lar","Swap cambial"],"articleSection":["Economia"],"inLanguage":"pt-BR"},{"@type":"WebPage","@id":"https:\/\/www.suno.com.br\/noticias\/banco-central-perda-r1365bi-com-swap-cambial\/","url":"https:\/\/www.suno.com.br\/noticias\/banco-central-perda-r1365bi-com-swap-cambial\/","name":"Banco Central tem perda de R$ 13,65 bi com contratos de swap cambial","isPartOf":{"@id":"https:\/\/www.suno.com.br\/noticias\/#website"},"primaryImageOfPage":{"@id":"https:\/\/www.suno.com.br\/noticias\/banco-central-perda-r1365bi-com-swap-cambial\/#primaryimage"},"image":{"@id":"https:\/\/www.suno.com.br\/noticias\/banco-central-perda-r1365bi-com-swap-cambial\/#primaryimage"},"thumbnailUrl":"https:\/\/files.sunoresearch.com.br\/n\/uploads\/2019\/08\/6f130248-bc-jpg.webp","datePublished":"2019-08-21T19:43:26+00:00","dateModified":"2019-08-21T22:01:01+00:00","description":"O Banco Central (BC) anunciou que fechou os primeiros 16 dias de agosto com uma perda de R$ 13,65 bi com swap cambiais. Clique para mais.","breadcrumb":{"@id":"https:\/\/www.suno.com.br\/noticias\/banco-central-perda-r1365bi-com-swap-cambial\/#breadcrumb"},"inLanguage":"pt-BR","potentialAction":[{"@type":"ReadAction","target":["https:\/\/www.suno.com.br\/noticias\/banco-central-perda-r1365bi-com-swap-cambial\/"]}]},{"@type":"ImageObject","inLanguage":"pt-BR","@id":"https:\/\/www.suno.com.br\/noticias\/banco-central-perda-r1365bi-com-swap-cambial\/#primaryimage","url":"https:\/\/files.sunoresearch.com.br\/n\/uploads\/2019\/08\/6f130248-bc-jpg.webp","contentUrl":"https:\/\/files.sunoresearch.com.br\/n\/uploads\/2019\/08\/6f130248-bc-jpg.webp","width":860,"height":570,"caption":"BC aprova a dedu\u00e7\u00e3o de recompra de Letras Financeiras do compuls\u00f3rio"},{"@type":"BreadcrumbList","@id":"https:\/\/www.suno.com.br\/noticias\/banco-central-perda-r1365bi-com-swap-cambial\/#breadcrumb","itemListElement":[{"@type":"ListItem","position":1,"name":"Not\u00edcias","item":"https:\/\/www.suno.com.br\/noticias\/"},{"@type":"ListItem","position":2,"name":"Economia","item":"https:\/\/www.suno.com.br\/noticias\/economia\/"},{"@type":"ListItem","position":3,"name":"Banco Central registra perda de R$ 13,65 bi com contratos de swap cambial"}]},{"@type":"WebSite","@id":"https:\/\/www.suno.com.br\/noticias\/#website","url":"https:\/\/www.suno.com.br\/noticias\/","name":"Suno Not\u00edcias","description":"Seu portal de informa\u00e7\u00e3o sobre o mundo dos investimentos","publisher":{"@id":"https:\/\/www.suno.com.br\/noticias\/#organization"},"potentialAction":[{"@type":"SearchAction","target":{"@type":"EntryPoint","urlTemplate":"https:\/\/www.suno.com.br\/noticias\/?s={search_term_string}"},"query-input":{"@type":"PropertyValueSpecification","valueRequired":true,"valueName":"search_term_string"}}],"inLanguage":"pt-BR"},{"@type":"Organization","@id":"https:\/\/www.suno.com.br\/noticias\/#organization","name":"Suno Not\u00edcias","url":"https:\/\/www.suno.com.br\/noticias\/","logo":{"@type":"ImageObject","inLanguage":"pt-BR","@id":"https:\/\/www.suno.com.br\/noticias\/#\/schema\/logo\/image\/","url":"https:\/\/files.sunoresearch.com.br\/n\/uploads\/2021\/09\/suno-logo.png","contentUrl":"https:\/\/files.sunoresearch.com.br\/n\/uploads\/2021\/09\/suno-logo.png","width":180,"height":180,"caption":"Suno Not\u00edcias"},"image":{"@id":"https:\/\/www.suno.com.br\/noticias\/#\/schema\/logo\/image\/"},"sameAs":["https:\/\/facebook.com\/sunoresearch","https:\/\/x.com\/sunoresearch","https:\/\/www.instagram.com\/suno","https:\/\/www.linkedin.com\/company\/suno-research\/","https:\/\/www.youtube.com\/c\/sunoresearch"]},{"@type":"Person","@id":"https:\/\/www.suno.com.br\/noticias\/#\/schema\/person\/098743caeed97b37f51315c9576c4078","name":"Rafael Lara","image":{"@type":"ImageObject","inLanguage":"pt-BR","@id":"https:\/\/www.suno.com.br\/noticias\/#\/schema\/person\/image\/","url":"https:\/\/secure.gravatar.com\/avatar\/dfc254ab9bb2ea1895d98b9e9dae4bdd?s=96&r=g","contentUrl":"https:\/\/secure.gravatar.com\/avatar\/dfc254ab9bb2ea1895d98b9e9dae4bdd?s=96&r=g","caption":"Rafael Lara"},"description":"Rafael Lara cursa jornalismo na Faculdade C\u00e1sper L\u00edbero. Escreve sobre pol\u00edtica, economia e neg\u00f3cios para o portal Suno Not\u00edcias. Antes, colaborou na TV Gazeta na produ\u00e7\u00e3o do programa Edi\u00e7\u00e3o Extra.","url":"https:\/\/www.suno.com.br\/noticias\/author\/rafael\/"}]}},"default_loop_html":"<div class=\"cardsPage__listCard__boxs\"><div class=\"cardsPage__listCard__boxs__img\"><a href=\"https:\/\/www.suno.com.br\/noticias\/banco-central-perda-r1365bi-com-swap-cambial\/\"><img class=\"mask\" src=\"https:\/\/www.suno.com.br\/noticias\/wp-content\/themes\/suno\/resources\/images\/spotlight\/spotlight1img\/bg-mask.png\" alt=\"Image Mask\"\/><img src=\"https:\/\/files.sunoresearch.com.br\/n\/uploads\/2019\/08\/6f130248-bc-400x200.webp\" alt=\"Banco Central registra perda de R$ 13,65 bi com contratos de swap cambial\"\/><\/a><span class=\"spotlightCategory\"><a href=\"https:\/\/www.suno.com.br\/noticias\/economia\/\">Economia<\/a><\/span><\/div><div class=\"cardsPage__listCard__boxs__content\"><a href=\"https:\/\/www.suno.com.br\/noticias\/banco-central-perda-r1365bi-com-swap-cambial\/\"><h2 class=\"content__title\">Banco Central registra perda de R$ 13,65 bi com contratos de swap cambial<\/h2><\/a><div class=\"newsContent__article__meta\"><div class=\"newsContent__article__meta__authorBox\"><a href=\"https:\/\/www.suno.com.br\/noticias\/author\/rafael\/\" class=\"authorBox__avatar noMobi\"><img src=\"https:\/\/secure.gravatar.com\/avatar\/dfc254ab9bb2ea1895d98b9e9dae4bdd?s=96&#038;r=g\" alt=\"Rafael Lara\"><\/a><div class=\"authorBox__name\"><span>por\n\t\t\t<a href=\"https:\/\/www.suno.com.br\/noticias\/author\/rafael\/\"><span itemprop=\"author\">Rafael Lara<\/span><\/a><\/span><time datetime=\"2019-08-21T16:43:26-03:00\" itemprop=\"datePublished\">21\/08\/2019 16:43<\/time><\/div><\/div><\/div><\/div><\/div>","single_layout":"posts","amp_enabled":true,"_links":{"self":[{"href":"https:\/\/www.suno.com.br\/noticias\/wp-json\/wp\/v2\/posts\/34860"}],"collection":[{"href":"https:\/\/www.suno.com.br\/noticias\/wp-json\/wp\/v2\/posts"}],"about":[{"href":"https:\/\/www.suno.com.br\/noticias\/wp-json\/wp\/v2\/types\/post"}],"author":[{"embeddable":true,"href":"https:\/\/www.suno.com.br\/noticias\/wp-json\/wp\/v2\/users\/23"}],"replies":[{"embeddable":true,"href":"https:\/\/www.suno.com.br\/noticias\/wp-json\/wp\/v2\/comments?post=34860"}],"version-history":[{"count":0,"href":"https:\/\/www.suno.com.br\/noticias\/wp-json\/wp\/v2\/posts\/34860\/revisions"}],"wp:featuredmedia":[{"embeddable":true,"href":"https:\/\/www.suno.com.br\/noticias\/wp-json\/wp\/v2\/media\/34862"}],"wp:attachment":[{"href":"https:\/\/www.suno.com.br\/noticias\/wp-json\/wp\/v2\/media?parent=34860"}],"wp:term":[{"taxonomy":"category","embeddable":true,"href":"https:\/\/www.suno.com.br\/noticias\/wp-json\/wp\/v2\/categories?post=34860"},{"taxonomy":"post_tag","embeddable":true,"href":"https:\/\/www.suno.com.br\/noticias\/wp-json\/wp\/v2\/tags?post=34860"},{"taxonomy":"suno_strategy","embeddable":true,"href":"https:\/\/www.suno.com.br\/noticias\/wp-json\/wp\/v2\/suno_strategy?post=34860"}],"curies":[{"name":"wp","href":"https:\/\/api.w.org\/{rel}","templated":true}]}}