{"id":34843,"date":"2019-08-21T15:47:10","date_gmt":"2019-08-21T18:47:10","guid":{"rendered":"https:\/\/www.suno.com.br\/noticias\/?p=34843"},"modified":"2021-02-17T22:54:58","modified_gmt":"2021-02-18T01:54:58","slug":"trump-recua-em-proposta-de-reducao-de-impostos","status":"publish","type":"post","link":"https:\/\/www.suno.com.br\/noticias\/trump-recua-em-proposta-de-reducao-de-impostos\/","title":{"rendered":"Trump recua em proposta de redu\u00e7\u00e3o de impostos"},"content":{"rendered":"<p>O <strong>presidente<\/strong> dos <strong>Estados<\/strong> <strong>Unidos<\/strong>, Donald Trump, comunicou nesta quarta-feira (21), que n\u00e3o pretende mais reduzir impostos sobre a folha de pagamento.<\/p>\t<div class=\"wrapper-featured-image\">\n\t\t<figure class=\"spotlightImg\">\n\n\t\t\t<picture>\n\t\t\t\t<source media=\"(max-width: 768px)\" srcset=\"https:\/\/files.sunoresearch.com.br\/n\/uploads\/2019\/06\/f836752b-trump-400x200.webp\">\n\t\t\t\t<img loading=\"lazy\" decoding=\"async\" class=\"newsContent__article__imgCapa lazyloadDisabled newsContent__article__imgCapa--noCaption\" src=\"https:\/\/files.sunoresearch.com.br\/n\/uploads\/2019\/06\/f836752b-trump-800x450.webp\" width=\"800\" height=\"450\" alt=\"Trump recua em proposta de redu\u00e7\u00e3o de impostos\" fetchpriority=high \/>\n\t\t\t<\/picture>\n\n\t\t\t<figcaption class=\"wp-caption-text wp-caption-text--hide\">Trump afirma que Boeing \u00e9 uma &quot;grande decep\u00e7\u00e3o&quot;<\/figcaption>\n\t\t<\/figure>\n\t<\/div>\n\n\n<p>Na \u00faltima ter\u00e7a-feira (20), <strong>Trump<\/strong> havia comentado que os tais cortes estariam sendo considerados, por conta da crescente preocupa\u00e7\u00e3o de uma recess\u00e3o econ\u00f4mica.<\/p>\n\n<p>No Twitter, horas antes, Trump escreveu sobre a necessidade de cortes de juros do Federal Reserve provocando o presidente do <a href=\"https:\/\/www.suno.com.br\/artigos\/fed\/\">Fed<\/a>, <strong>Jerome<\/strong> <strong>H.<\/strong> <strong>Powell<\/strong>.<\/p>\n<p>Ap\u00f3s a mensagem, Donald Trump disse aos rep\u00f3rteres presentes na Casa Branca que cortes nas taxas de impostos na folha de pagamentos n\u00e3o seriam mais necess\u00e1rios, &#8220;Eu n\u00e3o estou planejando um corte de taxas no momento&#8221;, salientou o presidente, &#8220;N\u00f3s n\u00e3o precisamos disso. N\u00f3s temos uma forte economia&#8221;.<\/p>\n<h2>Trump pensa em op\u00e7\u00f5es para impulsionar a economia<\/h2>\n<p>O governo de Donald Trump come\u00e7ou a planejar op\u00e7\u00f5es para estimular o ambiente econ\u00f4mico dos Estados Unidos e evitar uma poss\u00edvel recess\u00e3o.<\/p>\n<p>Entre as op\u00e7\u00f5es, se destacam: uma poss\u00edvel revers\u00e3o de algumas tarifas criadas pelo presidente norte-americano, <strong>Donald Trump<\/strong>, e tamb\u00e9m existem chances de um corte nos impostos sobre folhas de pagamentos.<\/p>\n<p>As informa\u00e7\u00f5es foram divulgadas nesta ter\u00e7a-feira (20) pelos jornais &#8220;The New York Times&#8221; e &#8220;The Wall Street Journal&#8221;.<\/p>\n<p><a href=\"https:\/\/www.suno.com.br\/noticias\/trump-medidas-impulsionar-economia\/\">Saiba mais: Trump planeja medidas para impulsionar a economia<\/a><\/p>\n<p>Publicamente, o presidente e seus assessores insistem no discurso de que a economia est\u00e1 &#8220;indo tremendamente bem&#8221;. Entretanto, nos bastidores, a equipe econ\u00f4mica dos EUA planeja conting\u00eancia caso o ambiente fique ainda mais fraco.<\/p>\n\t<p>\n\t\t<a href=\"https:\/\/lp2.suno.com.br\/onde-investir-2026?utm_campaign=_SNC094D2575_rs.ein26&#038;utm_source=suno.com.br&#038;utm_medium=banner.noticias\" target=\"_blank\" data-element=\"shortcode-suno-banner\" title=\"Banner SUNO, clique e saiba mais\">\n\t\t\t<picture>\n\t\t\t\t<source media=\"(max-width: 500px)\" srcset=\"https:\/\/files.sunoresearch.com.br\/n\/uploads\/2026\/01\/Banner-Materias-01-Mbl_-400x300-1-png.webp\">\n\t\t\t\t<img class=\"newsContent__article__imgCapa newsContent__article__imgCapa--banner\"\n\t\t\t\t\tsrc=\"https:\/\/files.sunoresearch.com.br\/n\/uploads\/2026\/01\/Banner-Materias-01-Dkp_-1420x240-1-png.webp\"\n\t\t\t\t\tdata-promo-id=\"638391\"\t\t\t\t\t\t\t\t\t\twidth='1420' height='240'\t\t\t\t\talt=\"https:\/\/files.sunoresearch.com.br\/n\/uploads\/2026\/01\/Banner-Materias-01-Dkp_-1420x240-1-png.webp\"\n\t\t\t\t>\n\t\t\t<\/picture>\n\t\t<\/a>\n\t<\/p>\n\n\n<p>Atualmente, os trabalhadores norte-americanos pagam impostos de 6,2% sobre os seus primeiros US$ 132.900 e os empregadores pagam os outros 6,2%. O dinheiro \u00e9 utilizado no financiamento de programas como a <strong>Seguridade<\/strong> <strong>Social<\/strong> e o <strong>Medicare<\/strong> (seguro de sa\u00fade norte-americano para pessoas com mais de 60 anos).<\/p>\n<h2>Trump pede novo corte de juros ao Fed<\/h2>\n<p>Na \u00faltima segunda-feira (19), o presidente dos Estados Unidos\u00a0pediu ao banco central norte-americano, <a href=\"https:\/\/www.suno.com.br\/artigos\/fed\/\">Fed<\/a>, que corte a taxa de juros em ao menos 1 ponto percentual.<\/p>\n<p><a href=\"https:\/\/www.suno.com.br\/noticias\/trump-fed-corte-taxa-juros\/\">Saiba mais: Trump pede novo corte de juros ao Fed<\/a><\/p>\n<p>As reuni\u00f5es do Fed sobre a taxa de juros ser\u00e3o, provavelmente, nos dias 17 e 18 de setembro.<\/p>\n<p>\u201cA taxa do Fed, durante um curto per\u00edodo de tempo, deve ser reduzida em<br \/>\npelo menos 100 pontos-base, talvez com algum al\u00edvio quantitativo tamb\u00e9m.<br \/>\nSe isso acontecesse, nossa economia seria ainda melhor, e a economia mundial expandiria rapidamente &#8211; bom para todos&#8221;, afirmou o presidente <a href=\"https:\/\/www.suno.com.br\/tudo-sobre\/donald-trump\/\"><strong>Trump<\/strong> <\/a>no Twitter.<\/p>\n","protected":false},"excerpt":{"rendered":"<p>O presidente dos Estados Unidos, Donald Trump, comunicou nesta quarta-feira (21), que n\u00e3o pretende mais reduzir impostos sobre a folha de pagamento. Trump afirma que Boeing \u00e9 uma &quot;grande decep\u00e7\u00e3o&quot; Na \u00faltima ter\u00e7a-feira (20), Trump havia comentado que os tais cortes estariam sendo considerados, por conta da crescente preocupa\u00e7\u00e3o de uma recess\u00e3o econ\u00f4mica. No Twitter, [&hellip;]<\/p>\n","protected":false},"author":23,"featured_media":28893,"comment_status":"closed","ping_status":"closed","sticky":false,"template":"","format":"standard","meta":[],"categories":[61],"tags":[1889,724,793,776],"suno_strategy":[],"class_list":["post-34843","post","type-post","status-publish","format-standard","has-post-thumbnail","hentry","category-politica","tag-casa-branca","tag-donald-trump","tag-estados-unidos-eua","tag-federal-reseve-fed"],"yoast_head":"<!-- This site is optimized with the Yoast SEO plugin v24.4 - https:\/\/yoast.com\/wordpress\/plugins\/seo\/ -->\n<title>Trump recua em proposta de redu\u00e7\u00e3o de impostos<\/title>\n<meta name=\"description\" content=\"O presidente dos Estados Unidos, Donald Trump, comunicou que n\u00e3o pretende mais reduzir impostos sobre a folha de pagamento. Clique para mais.\" \/>\n<meta name=\"robots\" content=\"index, follow, max-snippet:-1, max-image-preview:large, max-video-preview:-1\" \/>\n<link rel=\"canonical\" href=\"https:\/\/www.suno.com.br\/noticias\/trump-recua-em-proposta-de-reducao-de-impostos\/\" \/>\n<meta property=\"og:locale\" content=\"pt_BR\" \/>\n<meta property=\"og:type\" content=\"article\" \/>\n<meta property=\"og:title\" content=\"Trump recua em proposta de redu\u00e7\u00e3o de impostos\" \/>\n<meta property=\"og:description\" content=\"O presidente dos Estados Unidos, Donald Trump, comunicou que n\u00e3o pretende mais reduzir impostos sobre a folha de pagamento. Clique para mais.\" \/>\n<meta property=\"og:url\" content=\"https:\/\/www.suno.com.br\/noticias\/trump-recua-em-proposta-de-reducao-de-impostos\/\" \/>\n<meta property=\"og:site_name\" content=\"Suno Not\u00edcias\" \/>\n<meta property=\"article:publisher\" content=\"https:\/\/facebook.com\/sunoresearch\" \/>\n<meta property=\"og:image\" content=\"https:\/\/files.sunoresearch.com.br\/n\/uploads\/2019\/06\/f836752b-trump.jpg\" \/>\n\t<meta property=\"og:image:width\" content=\"1140\" \/>\n\t<meta property=\"og:image:height\" content=\"760\" \/>\n\t<meta property=\"og:image:type\" content=\"image\/jpeg\" \/>\n<meta name=\"author\" content=\"Rafael Lara\" \/>\n<meta name=\"twitter:card\" content=\"summary_large_image\" \/>\n<meta name=\"twitter:creator\" content=\"@sunoresearch\" \/>\n<meta name=\"twitter:site\" content=\"@sunoresearch\" \/>\n<meta name=\"twitter:label1\" content=\"Escrito por\" \/>\n\t<meta name=\"twitter:data1\" content=\"Rafael Lara\" \/>\n\t<meta name=\"twitter:label2\" content=\"Est. tempo de leitura\" \/>\n\t<meta name=\"twitter:data2\" content=\"2 minutos\" \/>\n<script type=\"application\/ld+json\" class=\"yoast-schema-graph\">{\"@context\":\"https:\/\/schema.org\",\"@graph\":[{\"@type\":\"NewsArticle\",\"@id\":\"https:\/\/www.suno.com.br\/noticias\/trump-recua-em-proposta-de-reducao-de-impostos\/#article\",\"isPartOf\":{\"@id\":\"https:\/\/www.suno.com.br\/noticias\/trump-recua-em-proposta-de-reducao-de-impostos\/\"},\"author\":{\"name\":\"Rafael Lara\",\"@id\":\"https:\/\/www.suno.com.br\/noticias\/#\/schema\/person\/098743caeed97b37f51315c9576c4078\"},\"headline\":\"Trump recua em proposta de redu\u00e7\u00e3o de impostos\",\"datePublished\":\"2019-08-21T18:47:10+00:00\",\"dateModified\":\"2021-02-18T01:54:58+00:00\",\"mainEntityOfPage\":{\"@id\":\"https:\/\/www.suno.com.br\/noticias\/trump-recua-em-proposta-de-reducao-de-impostos\/\"},\"wordCount\":430,\"publisher\":{\"@id\":\"https:\/\/www.suno.com.br\/noticias\/#organization\"},\"image\":{\"@id\":\"https:\/\/www.suno.com.br\/noticias\/trump-recua-em-proposta-de-reducao-de-impostos\/#primaryimage\"},\"thumbnailUrl\":\"https:\/\/files.sunoresearch.com.br\/n\/uploads\/2019\/06\/f836752b-trump-jpg.webp\",\"keywords\":[\"Casa Branca\",\"Donald Trump\",\"Estados Unidos (EUA)\",\"Federal Reserve (FED)\"],\"articleSection\":[\"Pol\u00edtica\"],\"inLanguage\":\"pt-BR\"},{\"@type\":\"WebPage\",\"@id\":\"https:\/\/www.suno.com.br\/noticias\/trump-recua-em-proposta-de-reducao-de-impostos\/\",\"url\":\"https:\/\/www.suno.com.br\/noticias\/trump-recua-em-proposta-de-reducao-de-impostos\/\",\"name\":\"Trump recua em proposta de redu\u00e7\u00e3o de impostos\",\"isPartOf\":{\"@id\":\"https:\/\/www.suno.com.br\/noticias\/#website\"},\"primaryImageOfPage\":{\"@id\":\"https:\/\/www.suno.com.br\/noticias\/trump-recua-em-proposta-de-reducao-de-impostos\/#primaryimage\"},\"image\":{\"@id\":\"https:\/\/www.suno.com.br\/noticias\/trump-recua-em-proposta-de-reducao-de-impostos\/#primaryimage\"},\"thumbnailUrl\":\"https:\/\/files.sunoresearch.com.br\/n\/uploads\/2019\/06\/f836752b-trump-jpg.webp\",\"datePublished\":\"2019-08-21T18:47:10+00:00\",\"dateModified\":\"2021-02-18T01:54:58+00:00\",\"description\":\"O presidente dos Estados Unidos, Donald Trump, comunicou que n\u00e3o pretende mais reduzir impostos sobre a folha de pagamento. Clique para mais.\",\"breadcrumb\":{\"@id\":\"https:\/\/www.suno.com.br\/noticias\/trump-recua-em-proposta-de-reducao-de-impostos\/#breadcrumb\"},\"inLanguage\":\"pt-BR\",\"potentialAction\":[{\"@type\":\"ReadAction\",\"target\":[\"https:\/\/www.suno.com.br\/noticias\/trump-recua-em-proposta-de-reducao-de-impostos\/\"]}]},{\"@type\":\"ImageObject\",\"inLanguage\":\"pt-BR\",\"@id\":\"https:\/\/www.suno.com.br\/noticias\/trump-recua-em-proposta-de-reducao-de-impostos\/#primaryimage\",\"url\":\"https:\/\/files.sunoresearch.com.br\/n\/uploads\/2019\/06\/f836752b-trump-jpg.webp\",\"contentUrl\":\"https:\/\/files.sunoresearch.com.br\/n\/uploads\/2019\/06\/f836752b-trump-jpg.webp\",\"width\":1140,\"height\":760,\"caption\":\"Trump afirma que Boeing \u00e9 uma \\\"grande decep\u00e7\u00e3o\\\"\"},{\"@type\":\"BreadcrumbList\",\"@id\":\"https:\/\/www.suno.com.br\/noticias\/trump-recua-em-proposta-de-reducao-de-impostos\/#breadcrumb\",\"itemListElement\":[{\"@type\":\"ListItem\",\"position\":1,\"name\":\"Not\u00edcias\",\"item\":\"https:\/\/www.suno.com.br\/noticias\/\"},{\"@type\":\"ListItem\",\"position\":2,\"name\":\"Pol\u00edtica\",\"item\":\"https:\/\/www.suno.com.br\/noticias\/politica\/\"},{\"@type\":\"ListItem\",\"position\":3,\"name\":\"Trump recua em proposta de redu\u00e7\u00e3o de impostos\"}]},{\"@type\":\"WebSite\",\"@id\":\"https:\/\/www.suno.com.br\/noticias\/#website\",\"url\":\"https:\/\/www.suno.com.br\/noticias\/\",\"name\":\"Suno Not\u00edcias\",\"description\":\"Seu portal de informa\u00e7\u00e3o sobre o mundo dos investimentos\",\"publisher\":{\"@id\":\"https:\/\/www.suno.com.br\/noticias\/#organization\"},\"potentialAction\":[{\"@type\":\"SearchAction\",\"target\":{\"@type\":\"EntryPoint\",\"urlTemplate\":\"https:\/\/www.suno.com.br\/noticias\/?s={search_term_string}\"},\"query-input\":{\"@type\":\"PropertyValueSpecification\",\"valueRequired\":true,\"valueName\":\"search_term_string\"}}],\"inLanguage\":\"pt-BR\"},{\"@type\":\"Organization\",\"@id\":\"https:\/\/www.suno.com.br\/noticias\/#organization\",\"name\":\"Suno Not\u00edcias\",\"url\":\"https:\/\/www.suno.com.br\/noticias\/\",\"logo\":{\"@type\":\"ImageObject\",\"inLanguage\":\"pt-BR\",\"@id\":\"https:\/\/www.suno.com.br\/noticias\/#\/schema\/logo\/image\/\",\"url\":\"https:\/\/files.sunoresearch.com.br\/n\/uploads\/2021\/09\/suno-logo.png\",\"contentUrl\":\"https:\/\/files.sunoresearch.com.br\/n\/uploads\/2021\/09\/suno-logo.png\",\"width\":180,\"height\":180,\"caption\":\"Suno Not\u00edcias\"},\"image\":{\"@id\":\"https:\/\/www.suno.com.br\/noticias\/#\/schema\/logo\/image\/\"},\"sameAs\":[\"https:\/\/facebook.com\/sunoresearch\",\"https:\/\/x.com\/sunoresearch\",\"https:\/\/www.instagram.com\/suno\",\"https:\/\/www.linkedin.com\/company\/suno-research\/\",\"https:\/\/www.youtube.com\/c\/sunoresearch\"]},{\"@type\":\"Person\",\"@id\":\"https:\/\/www.suno.com.br\/noticias\/#\/schema\/person\/098743caeed97b37f51315c9576c4078\",\"name\":\"Rafael Lara\",\"image\":{\"@type\":\"ImageObject\",\"inLanguage\":\"pt-BR\",\"@id\":\"https:\/\/www.suno.com.br\/noticias\/#\/schema\/person\/image\/\",\"url\":\"https:\/\/secure.gravatar.com\/avatar\/dfc254ab9bb2ea1895d98b9e9dae4bdd?s=96&r=g\",\"contentUrl\":\"https:\/\/secure.gravatar.com\/avatar\/dfc254ab9bb2ea1895d98b9e9dae4bdd?s=96&r=g\",\"caption\":\"Rafael Lara\"},\"description\":\"Rafael Lara cursa jornalismo na Faculdade C\u00e1sper L\u00edbero. Escreve sobre pol\u00edtica, economia e neg\u00f3cios para o portal Suno Not\u00edcias. Antes, colaborou na TV Gazeta na produ\u00e7\u00e3o do programa Edi\u00e7\u00e3o Extra.\",\"url\":\"https:\/\/www.suno.com.br\/noticias\/author\/rafael\/\"}]}<\/script>\n<!-- \/ Yoast SEO plugin. -->","yoast_head_json":{"title":"Trump recua em proposta de redu\u00e7\u00e3o de impostos","description":"O presidente dos Estados Unidos, Donald Trump, comunicou que n\u00e3o pretende mais reduzir impostos sobre a folha de pagamento. Clique para mais.","robots":{"index":"index","follow":"follow","max-snippet":"max-snippet:-1","max-image-preview":"max-image-preview:large","max-video-preview":"max-video-preview:-1"},"canonical":"https:\/\/www.suno.com.br\/noticias\/trump-recua-em-proposta-de-reducao-de-impostos\/","og_locale":"pt_BR","og_type":"article","og_title":"Trump recua em proposta de redu\u00e7\u00e3o de impostos","og_description":"O presidente dos Estados Unidos, Donald Trump, comunicou que n\u00e3o pretende mais reduzir impostos sobre a folha de pagamento. Clique para mais.","og_url":"https:\/\/www.suno.com.br\/noticias\/trump-recua-em-proposta-de-reducao-de-impostos\/","og_site_name":"Suno Not\u00edcias","article_publisher":"https:\/\/facebook.com\/sunoresearch","og_image":[{"width":1140,"height":760,"url":"https:\/\/files.sunoresearch.com.br\/n\/uploads\/2019\/06\/f836752b-trump.jpg","type":"image\/jpeg"}],"author":"Rafael Lara","twitter_card":"summary_large_image","twitter_creator":"@sunoresearch","twitter_site":"@sunoresearch","twitter_misc":{"Escrito por":"Rafael Lara","Est. tempo de leitura":"2 minutos"},"schema":{"@context":"https:\/\/schema.org","@graph":[{"@type":"NewsArticle","@id":"https:\/\/www.suno.com.br\/noticias\/trump-recua-em-proposta-de-reducao-de-impostos\/#article","isPartOf":{"@id":"https:\/\/www.suno.com.br\/noticias\/trump-recua-em-proposta-de-reducao-de-impostos\/"},"author":{"name":"Rafael Lara","@id":"https:\/\/www.suno.com.br\/noticias\/#\/schema\/person\/098743caeed97b37f51315c9576c4078"},"headline":"Trump recua em proposta de redu\u00e7\u00e3o de impostos","datePublished":"2019-08-21T18:47:10+00:00","dateModified":"2021-02-18T01:54:58+00:00","mainEntityOfPage":{"@id":"https:\/\/www.suno.com.br\/noticias\/trump-recua-em-proposta-de-reducao-de-impostos\/"},"wordCount":430,"publisher":{"@id":"https:\/\/www.suno.com.br\/noticias\/#organization"},"image":{"@id":"https:\/\/www.suno.com.br\/noticias\/trump-recua-em-proposta-de-reducao-de-impostos\/#primaryimage"},"thumbnailUrl":"https:\/\/files.sunoresearch.com.br\/n\/uploads\/2019\/06\/f836752b-trump-jpg.webp","keywords":["Casa Branca","Donald Trump","Estados Unidos (EUA)","Federal Reserve (FED)"],"articleSection":["Pol\u00edtica"],"inLanguage":"pt-BR"},{"@type":"WebPage","@id":"https:\/\/www.suno.com.br\/noticias\/trump-recua-em-proposta-de-reducao-de-impostos\/","url":"https:\/\/www.suno.com.br\/noticias\/trump-recua-em-proposta-de-reducao-de-impostos\/","name":"Trump recua em proposta de redu\u00e7\u00e3o de impostos","isPartOf":{"@id":"https:\/\/www.suno.com.br\/noticias\/#website"},"primaryImageOfPage":{"@id":"https:\/\/www.suno.com.br\/noticias\/trump-recua-em-proposta-de-reducao-de-impostos\/#primaryimage"},"image":{"@id":"https:\/\/www.suno.com.br\/noticias\/trump-recua-em-proposta-de-reducao-de-impostos\/#primaryimage"},"thumbnailUrl":"https:\/\/files.sunoresearch.com.br\/n\/uploads\/2019\/06\/f836752b-trump-jpg.webp","datePublished":"2019-08-21T18:47:10+00:00","dateModified":"2021-02-18T01:54:58+00:00","description":"O presidente dos Estados Unidos, Donald Trump, comunicou que n\u00e3o pretende mais reduzir impostos sobre a folha de pagamento. Clique para mais.","breadcrumb":{"@id":"https:\/\/www.suno.com.br\/noticias\/trump-recua-em-proposta-de-reducao-de-impostos\/#breadcrumb"},"inLanguage":"pt-BR","potentialAction":[{"@type":"ReadAction","target":["https:\/\/www.suno.com.br\/noticias\/trump-recua-em-proposta-de-reducao-de-impostos\/"]}]},{"@type":"ImageObject","inLanguage":"pt-BR","@id":"https:\/\/www.suno.com.br\/noticias\/trump-recua-em-proposta-de-reducao-de-impostos\/#primaryimage","url":"https:\/\/files.sunoresearch.com.br\/n\/uploads\/2019\/06\/f836752b-trump-jpg.webp","contentUrl":"https:\/\/files.sunoresearch.com.br\/n\/uploads\/2019\/06\/f836752b-trump-jpg.webp","width":1140,"height":760,"caption":"Trump afirma que Boeing \u00e9 uma \"grande decep\u00e7\u00e3o\""},{"@type":"BreadcrumbList","@id":"https:\/\/www.suno.com.br\/noticias\/trump-recua-em-proposta-de-reducao-de-impostos\/#breadcrumb","itemListElement":[{"@type":"ListItem","position":1,"name":"Not\u00edcias","item":"https:\/\/www.suno.com.br\/noticias\/"},{"@type":"ListItem","position":2,"name":"Pol\u00edtica","item":"https:\/\/www.suno.com.br\/noticias\/politica\/"},{"@type":"ListItem","position":3,"name":"Trump recua em proposta de redu\u00e7\u00e3o de impostos"}]},{"@type":"WebSite","@id":"https:\/\/www.suno.com.br\/noticias\/#website","url":"https:\/\/www.suno.com.br\/noticias\/","name":"Suno Not\u00edcias","description":"Seu portal de informa\u00e7\u00e3o sobre o mundo dos investimentos","publisher":{"@id":"https:\/\/www.suno.com.br\/noticias\/#organization"},"potentialAction":[{"@type":"SearchAction","target":{"@type":"EntryPoint","urlTemplate":"https:\/\/www.suno.com.br\/noticias\/?s={search_term_string}"},"query-input":{"@type":"PropertyValueSpecification","valueRequired":true,"valueName":"search_term_string"}}],"inLanguage":"pt-BR"},{"@type":"Organization","@id":"https:\/\/www.suno.com.br\/noticias\/#organization","name":"Suno Not\u00edcias","url":"https:\/\/www.suno.com.br\/noticias\/","logo":{"@type":"ImageObject","inLanguage":"pt-BR","@id":"https:\/\/www.suno.com.br\/noticias\/#\/schema\/logo\/image\/","url":"https:\/\/files.sunoresearch.com.br\/n\/uploads\/2021\/09\/suno-logo.png","contentUrl":"https:\/\/files.sunoresearch.com.br\/n\/uploads\/2021\/09\/suno-logo.png","width":180,"height":180,"caption":"Suno Not\u00edcias"},"image":{"@id":"https:\/\/www.suno.com.br\/noticias\/#\/schema\/logo\/image\/"},"sameAs":["https:\/\/facebook.com\/sunoresearch","https:\/\/x.com\/sunoresearch","https:\/\/www.instagram.com\/suno","https:\/\/www.linkedin.com\/company\/suno-research\/","https:\/\/www.youtube.com\/c\/sunoresearch"]},{"@type":"Person","@id":"https:\/\/www.suno.com.br\/noticias\/#\/schema\/person\/098743caeed97b37f51315c9576c4078","name":"Rafael Lara","image":{"@type":"ImageObject","inLanguage":"pt-BR","@id":"https:\/\/www.suno.com.br\/noticias\/#\/schema\/person\/image\/","url":"https:\/\/secure.gravatar.com\/avatar\/dfc254ab9bb2ea1895d98b9e9dae4bdd?s=96&r=g","contentUrl":"https:\/\/secure.gravatar.com\/avatar\/dfc254ab9bb2ea1895d98b9e9dae4bdd?s=96&r=g","caption":"Rafael Lara"},"description":"Rafael Lara cursa jornalismo na Faculdade C\u00e1sper L\u00edbero. Escreve sobre pol\u00edtica, economia e neg\u00f3cios para o portal Suno Not\u00edcias. Antes, colaborou na TV Gazeta na produ\u00e7\u00e3o do programa Edi\u00e7\u00e3o Extra.","url":"https:\/\/www.suno.com.br\/noticias\/author\/rafael\/"}]}},"default_loop_html":"<div class=\"cardsPage__listCard__boxs\"><div class=\"cardsPage__listCard__boxs__img\"><a href=\"https:\/\/www.suno.com.br\/noticias\/trump-recua-em-proposta-de-reducao-de-impostos\/\"><img class=\"mask\" src=\"https:\/\/www.suno.com.br\/noticias\/wp-content\/themes\/suno\/resources\/images\/spotlight\/spotlight1img\/bg-mask.png\" alt=\"Image Mask\"\/><img src=\"https:\/\/files.sunoresearch.com.br\/n\/uploads\/2019\/06\/f836752b-trump-400x200.webp\" alt=\"Trump recua em proposta de redu\u00e7\u00e3o de impostos\"\/><\/a><span class=\"spotlightCategory\"><a href=\"https:\/\/www.suno.com.br\/noticias\/politica\/\">Pol\u00edtica<\/a><\/span><\/div><div class=\"cardsPage__listCard__boxs__content\"><a href=\"https:\/\/www.suno.com.br\/noticias\/trump-recua-em-proposta-de-reducao-de-impostos\/\"><h2 class=\"content__title\">Trump recua em proposta de redu\u00e7\u00e3o de impostos<\/h2><\/a><div class=\"newsContent__article__meta\"><div class=\"newsContent__article__meta__authorBox\"><a href=\"https:\/\/www.suno.com.br\/noticias\/author\/rafael\/\" class=\"authorBox__avatar noMobi\"><img src=\"https:\/\/secure.gravatar.com\/avatar\/dfc254ab9bb2ea1895d98b9e9dae4bdd?s=96&#038;r=g\" alt=\"Rafael Lara\"><\/a><div class=\"authorBox__name\"><span>por\n\t\t\t<a href=\"https:\/\/www.suno.com.br\/noticias\/author\/rafael\/\"><span itemprop=\"author\">Rafael Lara<\/span><\/a><\/span><time datetime=\"2019-08-21T15:47:10-03:00\" itemprop=\"datePublished\">21\/08\/2019 15:47<\/time><\/div><\/div><\/div><\/div><\/div>","single_layout":"posts","amp_enabled":true,"_links":{"self":[{"href":"https:\/\/www.suno.com.br\/noticias\/wp-json\/wp\/v2\/posts\/34843"}],"collection":[{"href":"https:\/\/www.suno.com.br\/noticias\/wp-json\/wp\/v2\/posts"}],"about":[{"href":"https:\/\/www.suno.com.br\/noticias\/wp-json\/wp\/v2\/types\/post"}],"author":[{"embeddable":true,"href":"https:\/\/www.suno.com.br\/noticias\/wp-json\/wp\/v2\/users\/23"}],"replies":[{"embeddable":true,"href":"https:\/\/www.suno.com.br\/noticias\/wp-json\/wp\/v2\/comments?post=34843"}],"version-history":[{"count":0,"href":"https:\/\/www.suno.com.br\/noticias\/wp-json\/wp\/v2\/posts\/34843\/revisions"}],"wp:featuredmedia":[{"embeddable":true,"href":"https:\/\/www.suno.com.br\/noticias\/wp-json\/wp\/v2\/media\/28893"}],"wp:attachment":[{"href":"https:\/\/www.suno.com.br\/noticias\/wp-json\/wp\/v2\/media?parent=34843"}],"wp:term":[{"taxonomy":"category","embeddable":true,"href":"https:\/\/www.suno.com.br\/noticias\/wp-json\/wp\/v2\/categories?post=34843"},{"taxonomy":"post_tag","embeddable":true,"href":"https:\/\/www.suno.com.br\/noticias\/wp-json\/wp\/v2\/tags?post=34843"},{"taxonomy":"suno_strategy","embeddable":true,"href":"https:\/\/www.suno.com.br\/noticias\/wp-json\/wp\/v2\/suno_strategy?post=34843"}],"curies":[{"name":"wp","href":"https:\/\/api.w.org\/{rel}","templated":true}]}}