{"id":34807,"date":"2019-08-21T12:56:16","date_gmt":"2019-08-21T15:56:16","guid":{"rendered":"https:\/\/www.suno.com.br\/noticias\/?p=34807"},"modified":"2021-02-17T22:54:58","modified_gmt":"2021-02-18T01:54:58","slug":"trump-fed-corte-juros-jerome-powell","status":"publish","type":"post","link":"https:\/\/www.suno.com.br\/noticias\/trump-fed-corte-juros-jerome-powell\/","title":{"rendered":"Trump pede corte de juros ao Fed e critica Jerome Powell"},"content":{"rendered":"<p>O presidente norte-americano, <a href=\"https:\/\/www.suno.com.br\/tudo-sobre\/donald-trump\/\">Donald Trump<\/a>, voltou a fazer duras cr\u00edticas ao <a href=\"https:\/\/www.suno.com.br\/artigos\/fed\/\">Banco Central dos Estados Unidos<\/a> (Fed, sigla em ingl\u00eas) e ao presidente do banco, <a href=\"https:\/\/www.suno.com.br\/tudo-sobre\/jerome-powell\/\">Jerome Powell<\/a>, nesta quarta-feira (21).<\/p>\t<div class=\"wrapper-featured-image\">\n\t\t<figure class=\"spotlightImg\">\n\n\t\t\t<picture>\n\t\t\t\t<source media=\"(max-width: 768px)\" srcset=\"https:\/\/files.sunoresearch.com.br\/n\/uploads\/2019\/08\/e3a8c046-trump-2-400x200.webp\">\n\t\t\t\t<img loading=\"lazy\" decoding=\"async\" class=\"newsContent__article__imgCapa lazyloadDisabled newsContent__article__imgCapa--noCaption\" src=\"https:\/\/files.sunoresearch.com.br\/n\/uploads\/2019\/08\/e3a8c046-trump-2-800x450.webp\" width=\"800\" height=\"450\" alt=\"Trump pede corte de juros ao Fed e critica Jerome Powell\" fetchpriority=high \/>\n\t\t\t<\/picture>\n\n\t\t\t<figcaption class=\"wp-caption-text wp-caption-text--hide\">Donald Trump vence na Fl\u00f3rida na corrida pela reelei\u00e7\u00e3o<\/figcaption>\n\t\t<\/figure>\n\t<\/div>\n\n\n<p>Durante a semana,<strong> Trump<\/strong> tem criticado as pol\u00edticas monet\u00e1rias do Fed, pois segundo o mandat\u00e1rio, tem dificultado o crescimento econ\u00f4mico dos EUA. Al\u00e9m disso, de acordo com o presidente, Powell tem impossibilitado o desenvolvimento econ\u00f4mico devido a sua posi\u00e7\u00e3o democrata que \u00e9 oposit\u00f3ria ao governo Republicano.<\/p>\n<p>Em seu Twitter, o presidente americano afirmou que os acordos comerciais tem obtidos bons resultados e o que o \u00fanico problema que o governo enfrenta \u00e9 o Fed.<\/p>\n<p class=\"twitter-tweet\">\n<p dir=\"ltr\" lang=\"en\">Doing great with China and other Trade Deals. The only problem we have is Jay Powell and the Fed. He\u2019s like a golfer who can\u2019t putt, has no touch. Big U.S. growth if he does the right thing, BIG CUT &#8211; but don\u2019t count on him! So far he has called it wrong, and only let us down&#8230;.<\/p>\n<p>\u2014 Donald J. Trump (@realDonaldTrump) <a href=\"https:\/\/twitter.com\/realDonaldTrump\/status\/1164158321265451008?ref_src=twsrc%5Etfw\">August 21, 2019<\/a><\/p>\n<p><script async src=\"https:\/\/platform.twitter.com\/widgets.js\" charset=\"utf-8\"><\/script><\/p>\n<p>&#8220;Indo muito bem com a<a href=\"https:\/\/www.suno.com.br\/noticias\/china-quer-encontrar-meio-termo-encerrar-guerra-comercial\/\"> China<\/a> e outros acordos comerciais. O \u00fanico problema que temos \u00e9 Jay Powell. Ele \u00e9 como um jogador de golfe que n\u00e3o consegue jogar, n\u00e3o tem talento. Grande crescimento dos EUA se ele fizer a coisa certa, um corte grande &#8211; mas n\u00e3o conte com ele&#8221;, escreveu o mandat\u00e1rio em sua rede social.<\/p>\n<h2>Trump pede ao Fed novos cortes na taxa de juros<\/h2>\n<p>Na \u00faltima segunda-feira (19), o presidente Donald Trump pediu ao banco central norte-americano, Fed, que corte <strong>a<\/strong> <strong>taxa<\/strong> <strong>de<\/strong> <strong>juros<\/strong> em ao menos 1 ponto percentual.<\/p>\n<p><a href=\"\/\/www.suno.com.br\/noticias\/mercados-reagir-ao-fed-21082019\/\">Confira Tamb\u00e9m: Mercados devem reagir a ata do Fed desta quarta<\/a><\/p>\n<p>As reuni\u00f5es do <strong>Fed<\/strong> sobre a taxa de juros ser\u00e3o, provavelmente, nos dias 17 e 18 de setembro.<\/p>\n<p>\u201cA taxa do Fed, durante um curto per\u00edodo de tempo, deve ser reduzida em pelo menos 100 pontos-base, talvez com algum al\u00edvio quantitativo tamb\u00e9m. Se isso acontecesse, nossa economia seria ainda melhor, e a economia mundial expandiria rapidamente &#8211; bom para todos&#8221;, afirmou Trump no Twitter.<\/p>\n","protected":false},"excerpt":{"rendered":"<p>O presidente norte-americano, Donald Trump, voltou a fazer duras cr\u00edticas ao Banco Central dos Estados Unidos (Fed, sigla em ingl\u00eas) e ao presidente do banco, Jerome Powell, nesta quarta-feira (21). Donald Trump vence na Fl\u00f3rida na corrida pela reelei\u00e7\u00e3o Durante a semana, Trump tem criticado as pol\u00edticas monet\u00e1rias do Fed, pois segundo o mandat\u00e1rio, tem [&hellip;]<\/p>\n","protected":false},"author":15,"featured_media":34742,"comment_status":"closed","ping_status":"closed","sticky":false,"template":"","format":"standard","meta":[],"categories":[63],"tags":[724,776],"suno_strategy":[],"class_list":["post-34807","post","type-post","status-publish","format-standard","has-post-thumbnail","hentry","category-internacional","tag-donald-trump","tag-federal-reseve-fed"],"yoast_head":"<!-- This site is optimized with the Yoast SEO plugin v24.4 - https:\/\/yoast.com\/wordpress\/plugins\/seo\/ -->\n<title>Trump pede corte de juros ao Fed e critica Jerome Powell<\/title>\n<meta name=\"description\" content=\"O presidente Trump,voltou a fazer duras cr\u00edticas ao Fed e ao presidente do banco, Jerome Powell. Para saber mais clique aqui\" \/>\n<meta name=\"robots\" content=\"index, follow, max-snippet:-1, max-image-preview:large, max-video-preview:-1\" \/>\n<link rel=\"canonical\" href=\"https:\/\/www.suno.com.br\/noticias\/trump-fed-corte-juros-jerome-powell\/\" \/>\n<meta property=\"og:locale\" content=\"pt_BR\" \/>\n<meta property=\"og:type\" content=\"article\" \/>\n<meta property=\"og:title\" content=\"Trump pede corte de juros ao Fed e critica Jerome Powell\" \/>\n<meta property=\"og:description\" content=\"O presidente Trump,voltou a fazer duras cr\u00edticas ao Fed e ao presidente do banco, Jerome Powell. Para saber mais clique aqui\" \/>\n<meta property=\"og:url\" content=\"https:\/\/www.suno.com.br\/noticias\/trump-fed-corte-juros-jerome-powell\/\" \/>\n<meta property=\"og:site_name\" content=\"Suno Not\u00edcias\" \/>\n<meta property=\"article:publisher\" content=\"https:\/\/facebook.com\/sunoresearch\" \/>\n<meta property=\"og:image\" content=\"https:\/\/files.sunoresearch.com.br\/n\/uploads\/2019\/08\/e3a8c046-trump-2.jpg\" \/>\n\t<meta property=\"og:image:width\" content=\"1189\" \/>\n\t<meta property=\"og:image:height\" content=\"669\" \/>\n\t<meta property=\"og:image:type\" content=\"image\/jpeg\" \/>\n<meta name=\"author\" content=\"Poliana Santos\" \/>\n<meta name=\"twitter:card\" content=\"summary_large_image\" \/>\n<meta name=\"twitter:creator\" content=\"@sunoresearch\" \/>\n<meta name=\"twitter:site\" content=\"@sunoresearch\" \/>\n<meta name=\"twitter:label1\" content=\"Escrito por\" \/>\n\t<meta name=\"twitter:data1\" content=\"Poliana Santos\" \/>\n\t<meta name=\"twitter:label2\" content=\"Est. tempo de leitura\" \/>\n\t<meta name=\"twitter:data2\" content=\"2 minutos\" \/>\n<script type=\"application\/ld+json\" class=\"yoast-schema-graph\">{\"@context\":\"https:\/\/schema.org\",\"@graph\":[{\"@type\":\"NewsArticle\",\"@id\":\"https:\/\/www.suno.com.br\/noticias\/trump-fed-corte-juros-jerome-powell\/#article\",\"isPartOf\":{\"@id\":\"https:\/\/www.suno.com.br\/noticias\/trump-fed-corte-juros-jerome-powell\/\"},\"author\":{\"name\":\"Poliana Santos\",\"@id\":\"https:\/\/www.suno.com.br\/noticias\/#\/schema\/person\/02ec1f752758247878a2bf4abee1aeda\"},\"headline\":\"Trump pede corte de juros ao Fed e critica Jerome Powell\",\"datePublished\":\"2019-08-21T15:56:16+00:00\",\"dateModified\":\"2021-02-18T01:54:58+00:00\",\"mainEntityOfPage\":{\"@id\":\"https:\/\/www.suno.com.br\/noticias\/trump-fed-corte-juros-jerome-powell\/\"},\"wordCount\":361,\"publisher\":{\"@id\":\"https:\/\/www.suno.com.br\/noticias\/#organization\"},\"image\":{\"@id\":\"https:\/\/www.suno.com.br\/noticias\/trump-fed-corte-juros-jerome-powell\/#primaryimage\"},\"thumbnailUrl\":\"https:\/\/files.sunoresearch.com.br\/n\/uploads\/2019\/08\/e3a8c046-trump-2-jpg.webp\",\"keywords\":[\"Donald Trump\",\"Federal Reserve (FED)\"],\"articleSection\":[\"Internacional\"],\"inLanguage\":\"pt-BR\"},{\"@type\":\"WebPage\",\"@id\":\"https:\/\/www.suno.com.br\/noticias\/trump-fed-corte-juros-jerome-powell\/\",\"url\":\"https:\/\/www.suno.com.br\/noticias\/trump-fed-corte-juros-jerome-powell\/\",\"name\":\"Trump pede corte de juros ao Fed e critica Jerome Powell\",\"isPartOf\":{\"@id\":\"https:\/\/www.suno.com.br\/noticias\/#website\"},\"primaryImageOfPage\":{\"@id\":\"https:\/\/www.suno.com.br\/noticias\/trump-fed-corte-juros-jerome-powell\/#primaryimage\"},\"image\":{\"@id\":\"https:\/\/www.suno.com.br\/noticias\/trump-fed-corte-juros-jerome-powell\/#primaryimage\"},\"thumbnailUrl\":\"https:\/\/files.sunoresearch.com.br\/n\/uploads\/2019\/08\/e3a8c046-trump-2-jpg.webp\",\"datePublished\":\"2019-08-21T15:56:16+00:00\",\"dateModified\":\"2021-02-18T01:54:58+00:00\",\"description\":\"O presidente Trump,voltou a fazer duras cr\u00edticas ao Fed e ao presidente do banco, Jerome Powell. Para saber mais clique aqui\",\"breadcrumb\":{\"@id\":\"https:\/\/www.suno.com.br\/noticias\/trump-fed-corte-juros-jerome-powell\/#breadcrumb\"},\"inLanguage\":\"pt-BR\",\"potentialAction\":[{\"@type\":\"ReadAction\",\"target\":[\"https:\/\/www.suno.com.br\/noticias\/trump-fed-corte-juros-jerome-powell\/\"]}]},{\"@type\":\"ImageObject\",\"inLanguage\":\"pt-BR\",\"@id\":\"https:\/\/www.suno.com.br\/noticias\/trump-fed-corte-juros-jerome-powell\/#primaryimage\",\"url\":\"https:\/\/files.sunoresearch.com.br\/n\/uploads\/2019\/08\/e3a8c046-trump-2-jpg.webp\",\"contentUrl\":\"https:\/\/files.sunoresearch.com.br\/n\/uploads\/2019\/08\/e3a8c046-trump-2-jpg.webp\",\"width\":1189,\"height\":669,\"caption\":\"Donald Trump vence na Fl\u00f3rida na corrida pela reelei\u00e7\u00e3o\"},{\"@type\":\"BreadcrumbList\",\"@id\":\"https:\/\/www.suno.com.br\/noticias\/trump-fed-corte-juros-jerome-powell\/#breadcrumb\",\"itemListElement\":[{\"@type\":\"ListItem\",\"position\":1,\"name\":\"Not\u00edcias\",\"item\":\"https:\/\/www.suno.com.br\/noticias\/\"},{\"@type\":\"ListItem\",\"position\":2,\"name\":\"Internacional\",\"item\":\"https:\/\/www.suno.com.br\/noticias\/internacional\/\"},{\"@type\":\"ListItem\",\"position\":3,\"name\":\"Trump pede corte de juros ao Fed e critica Jerome Powell\"}]},{\"@type\":\"WebSite\",\"@id\":\"https:\/\/www.suno.com.br\/noticias\/#website\",\"url\":\"https:\/\/www.suno.com.br\/noticias\/\",\"name\":\"Suno Not\u00edcias\",\"description\":\"Seu portal de informa\u00e7\u00e3o sobre o mundo dos investimentos\",\"publisher\":{\"@id\":\"https:\/\/www.suno.com.br\/noticias\/#organization\"},\"potentialAction\":[{\"@type\":\"SearchAction\",\"target\":{\"@type\":\"EntryPoint\",\"urlTemplate\":\"https:\/\/www.suno.com.br\/noticias\/?s={search_term_string}\"},\"query-input\":{\"@type\":\"PropertyValueSpecification\",\"valueRequired\":true,\"valueName\":\"search_term_string\"}}],\"inLanguage\":\"pt-BR\"},{\"@type\":\"Organization\",\"@id\":\"https:\/\/www.suno.com.br\/noticias\/#organization\",\"name\":\"Suno Not\u00edcias\",\"url\":\"https:\/\/www.suno.com.br\/noticias\/\",\"logo\":{\"@type\":\"ImageObject\",\"inLanguage\":\"pt-BR\",\"@id\":\"https:\/\/www.suno.com.br\/noticias\/#\/schema\/logo\/image\/\",\"url\":\"https:\/\/files.sunoresearch.com.br\/n\/uploads\/2021\/09\/suno-logo.png\",\"contentUrl\":\"https:\/\/files.sunoresearch.com.br\/n\/uploads\/2021\/09\/suno-logo.png\",\"width\":180,\"height\":180,\"caption\":\"Suno Not\u00edcias\"},\"image\":{\"@id\":\"https:\/\/www.suno.com.br\/noticias\/#\/schema\/logo\/image\/\"},\"sameAs\":[\"https:\/\/facebook.com\/sunoresearch\",\"https:\/\/x.com\/sunoresearch\",\"https:\/\/www.instagram.com\/suno\",\"https:\/\/www.linkedin.com\/company\/suno-research\/\",\"https:\/\/www.youtube.com\/c\/sunoresearch\"]},{\"@type\":\"Person\",\"@id\":\"https:\/\/www.suno.com.br\/noticias\/#\/schema\/person\/02ec1f752758247878a2bf4abee1aeda\",\"name\":\"Poliana Santos\",\"image\":{\"@type\":\"ImageObject\",\"inLanguage\":\"pt-BR\",\"@id\":\"https:\/\/www.suno.com.br\/noticias\/#\/schema\/person\/image\/\",\"url\":\"https:\/\/secure.gravatar.com\/avatar\/0645bd32f23d87b2130f2b2dff1d3f8d?s=96&r=g\",\"contentUrl\":\"https:\/\/secure.gravatar.com\/avatar\/0645bd32f23d87b2130f2b2dff1d3f8d?s=96&r=g\",\"caption\":\"Poliana Santos\"},\"description\":\"Rep\u00f3rter no Suno Not\u00edcias, com cobertura em mercado financeiro, economia, finan\u00e7as pessoais, renda fixa e varejo. Jornalista formada pela Faculdade C\u00e1sper L\u00edbero e possui passagem na R\u00e1dio Gazeta AM com a produ\u00e7\u00e3o de conte\u00fado sobre economia, pol\u00edtica, sa\u00fade, moda e m\u00fasica. Possui certificado de conclus\u00e3o do curso de An\u00e1lise de Balan\u00e7os pela Funda\u00e7\u00e3o Bradesco, Agenda Brasil pela FAAP, Educa\u00e7\u00e3o Pol\u00edtica por Alexandre Garcia e do Tesouro Direto e Mercado de A\u00e7\u00f5es pela B3.\",\"url\":\"https:\/\/www.suno.com.br\/noticias\/author\/poliana-santos\/\"}]}<\/script>\n<!-- \/ Yoast SEO plugin. -->","yoast_head_json":{"title":"Trump pede corte de juros ao Fed e critica Jerome Powell","description":"O presidente Trump,voltou a fazer duras cr\u00edticas ao Fed e ao presidente do banco, Jerome Powell. Para saber mais clique aqui","robots":{"index":"index","follow":"follow","max-snippet":"max-snippet:-1","max-image-preview":"max-image-preview:large","max-video-preview":"max-video-preview:-1"},"canonical":"https:\/\/www.suno.com.br\/noticias\/trump-fed-corte-juros-jerome-powell\/","og_locale":"pt_BR","og_type":"article","og_title":"Trump pede corte de juros ao Fed e critica Jerome Powell","og_description":"O presidente Trump,voltou a fazer duras cr\u00edticas ao Fed e ao presidente do banco, Jerome Powell. Para saber mais clique aqui","og_url":"https:\/\/www.suno.com.br\/noticias\/trump-fed-corte-juros-jerome-powell\/","og_site_name":"Suno Not\u00edcias","article_publisher":"https:\/\/facebook.com\/sunoresearch","og_image":[{"width":1189,"height":669,"url":"https:\/\/files.sunoresearch.com.br\/n\/uploads\/2019\/08\/e3a8c046-trump-2.jpg","type":"image\/jpeg"}],"author":"Poliana Santos","twitter_card":"summary_large_image","twitter_creator":"@sunoresearch","twitter_site":"@sunoresearch","twitter_misc":{"Escrito por":"Poliana Santos","Est. tempo de leitura":"2 minutos"},"schema":{"@context":"https:\/\/schema.org","@graph":[{"@type":"NewsArticle","@id":"https:\/\/www.suno.com.br\/noticias\/trump-fed-corte-juros-jerome-powell\/#article","isPartOf":{"@id":"https:\/\/www.suno.com.br\/noticias\/trump-fed-corte-juros-jerome-powell\/"},"author":{"name":"Poliana Santos","@id":"https:\/\/www.suno.com.br\/noticias\/#\/schema\/person\/02ec1f752758247878a2bf4abee1aeda"},"headline":"Trump pede corte de juros ao Fed e critica Jerome Powell","datePublished":"2019-08-21T15:56:16+00:00","dateModified":"2021-02-18T01:54:58+00:00","mainEntityOfPage":{"@id":"https:\/\/www.suno.com.br\/noticias\/trump-fed-corte-juros-jerome-powell\/"},"wordCount":361,"publisher":{"@id":"https:\/\/www.suno.com.br\/noticias\/#organization"},"image":{"@id":"https:\/\/www.suno.com.br\/noticias\/trump-fed-corte-juros-jerome-powell\/#primaryimage"},"thumbnailUrl":"https:\/\/files.sunoresearch.com.br\/n\/uploads\/2019\/08\/e3a8c046-trump-2-jpg.webp","keywords":["Donald Trump","Federal Reserve (FED)"],"articleSection":["Internacional"],"inLanguage":"pt-BR"},{"@type":"WebPage","@id":"https:\/\/www.suno.com.br\/noticias\/trump-fed-corte-juros-jerome-powell\/","url":"https:\/\/www.suno.com.br\/noticias\/trump-fed-corte-juros-jerome-powell\/","name":"Trump pede corte de juros ao Fed e critica Jerome Powell","isPartOf":{"@id":"https:\/\/www.suno.com.br\/noticias\/#website"},"primaryImageOfPage":{"@id":"https:\/\/www.suno.com.br\/noticias\/trump-fed-corte-juros-jerome-powell\/#primaryimage"},"image":{"@id":"https:\/\/www.suno.com.br\/noticias\/trump-fed-corte-juros-jerome-powell\/#primaryimage"},"thumbnailUrl":"https:\/\/files.sunoresearch.com.br\/n\/uploads\/2019\/08\/e3a8c046-trump-2-jpg.webp","datePublished":"2019-08-21T15:56:16+00:00","dateModified":"2021-02-18T01:54:58+00:00","description":"O presidente Trump,voltou a fazer duras cr\u00edticas ao Fed e ao presidente do banco, Jerome Powell. Para saber mais clique aqui","breadcrumb":{"@id":"https:\/\/www.suno.com.br\/noticias\/trump-fed-corte-juros-jerome-powell\/#breadcrumb"},"inLanguage":"pt-BR","potentialAction":[{"@type":"ReadAction","target":["https:\/\/www.suno.com.br\/noticias\/trump-fed-corte-juros-jerome-powell\/"]}]},{"@type":"ImageObject","inLanguage":"pt-BR","@id":"https:\/\/www.suno.com.br\/noticias\/trump-fed-corte-juros-jerome-powell\/#primaryimage","url":"https:\/\/files.sunoresearch.com.br\/n\/uploads\/2019\/08\/e3a8c046-trump-2-jpg.webp","contentUrl":"https:\/\/files.sunoresearch.com.br\/n\/uploads\/2019\/08\/e3a8c046-trump-2-jpg.webp","width":1189,"height":669,"caption":"Donald Trump vence na Fl\u00f3rida na corrida pela reelei\u00e7\u00e3o"},{"@type":"BreadcrumbList","@id":"https:\/\/www.suno.com.br\/noticias\/trump-fed-corte-juros-jerome-powell\/#breadcrumb","itemListElement":[{"@type":"ListItem","position":1,"name":"Not\u00edcias","item":"https:\/\/www.suno.com.br\/noticias\/"},{"@type":"ListItem","position":2,"name":"Internacional","item":"https:\/\/www.suno.com.br\/noticias\/internacional\/"},{"@type":"ListItem","position":3,"name":"Trump pede corte de juros ao Fed e critica Jerome Powell"}]},{"@type":"WebSite","@id":"https:\/\/www.suno.com.br\/noticias\/#website","url":"https:\/\/www.suno.com.br\/noticias\/","name":"Suno Not\u00edcias","description":"Seu portal de informa\u00e7\u00e3o sobre o mundo dos investimentos","publisher":{"@id":"https:\/\/www.suno.com.br\/noticias\/#organization"},"potentialAction":[{"@type":"SearchAction","target":{"@type":"EntryPoint","urlTemplate":"https:\/\/www.suno.com.br\/noticias\/?s={search_term_string}"},"query-input":{"@type":"PropertyValueSpecification","valueRequired":true,"valueName":"search_term_string"}}],"inLanguage":"pt-BR"},{"@type":"Organization","@id":"https:\/\/www.suno.com.br\/noticias\/#organization","name":"Suno Not\u00edcias","url":"https:\/\/www.suno.com.br\/noticias\/","logo":{"@type":"ImageObject","inLanguage":"pt-BR","@id":"https:\/\/www.suno.com.br\/noticias\/#\/schema\/logo\/image\/","url":"https:\/\/files.sunoresearch.com.br\/n\/uploads\/2021\/09\/suno-logo.png","contentUrl":"https:\/\/files.sunoresearch.com.br\/n\/uploads\/2021\/09\/suno-logo.png","width":180,"height":180,"caption":"Suno Not\u00edcias"},"image":{"@id":"https:\/\/www.suno.com.br\/noticias\/#\/schema\/logo\/image\/"},"sameAs":["https:\/\/facebook.com\/sunoresearch","https:\/\/x.com\/sunoresearch","https:\/\/www.instagram.com\/suno","https:\/\/www.linkedin.com\/company\/suno-research\/","https:\/\/www.youtube.com\/c\/sunoresearch"]},{"@type":"Person","@id":"https:\/\/www.suno.com.br\/noticias\/#\/schema\/person\/02ec1f752758247878a2bf4abee1aeda","name":"Poliana Santos","image":{"@type":"ImageObject","inLanguage":"pt-BR","@id":"https:\/\/www.suno.com.br\/noticias\/#\/schema\/person\/image\/","url":"https:\/\/secure.gravatar.com\/avatar\/0645bd32f23d87b2130f2b2dff1d3f8d?s=96&r=g","contentUrl":"https:\/\/secure.gravatar.com\/avatar\/0645bd32f23d87b2130f2b2dff1d3f8d?s=96&r=g","caption":"Poliana Santos"},"description":"Rep\u00f3rter no Suno Not\u00edcias, com cobertura em mercado financeiro, economia, finan\u00e7as pessoais, renda fixa e varejo. Jornalista formada pela Faculdade C\u00e1sper L\u00edbero e possui passagem na R\u00e1dio Gazeta AM com a produ\u00e7\u00e3o de conte\u00fado sobre economia, pol\u00edtica, sa\u00fade, moda e m\u00fasica. Possui certificado de conclus\u00e3o do curso de An\u00e1lise de Balan\u00e7os pela Funda\u00e7\u00e3o Bradesco, Agenda Brasil pela FAAP, Educa\u00e7\u00e3o Pol\u00edtica por Alexandre Garcia e do Tesouro Direto e Mercado de A\u00e7\u00f5es pela B3.","url":"https:\/\/www.suno.com.br\/noticias\/author\/poliana-santos\/"}]}},"default_loop_html":"<div class=\"cardsPage__listCard__boxs\"><div class=\"cardsPage__listCard__boxs__img\"><a href=\"https:\/\/www.suno.com.br\/noticias\/trump-fed-corte-juros-jerome-powell\/\"><img class=\"mask\" src=\"https:\/\/www.suno.com.br\/noticias\/wp-content\/themes\/suno\/resources\/images\/spotlight\/spotlight1img\/bg-mask.png\" alt=\"Image Mask\"\/><img src=\"https:\/\/files.sunoresearch.com.br\/n\/uploads\/2019\/08\/e3a8c046-trump-2-400x200.webp\" alt=\"Trump pede corte de juros ao Fed e critica Jerome Powell\"\/><\/a><span class=\"spotlightCategory\"><a href=\"https:\/\/www.suno.com.br\/noticias\/internacional\/\">Internacional<\/a><\/span><\/div><div class=\"cardsPage__listCard__boxs__content\"><a href=\"https:\/\/www.suno.com.br\/noticias\/trump-fed-corte-juros-jerome-powell\/\"><h2 class=\"content__title\">Trump pede corte de juros ao Fed e critica Jerome Powell<\/h2><\/a><div class=\"newsContent__article__meta\"><div class=\"newsContent__article__meta__authorBox\"><a href=\"https:\/\/www.suno.com.br\/noticias\/author\/poliana-santos\/\" class=\"authorBox__avatar noMobi\"><img src=\"https:\/\/files.sunoresearch.com.br\/n\/uploads\/2020\/08\/7ef34026-whatsapp-image-2020-08-03-at-12.37.57-150x150.webp\" alt=\"Poliana Santos\"><\/a><div class=\"authorBox__name\"><span>por\n\t\t\t<a href=\"https:\/\/www.suno.com.br\/noticias\/author\/poliana-santos\/\"><span itemprop=\"author\">Poliana Santos<\/span><\/a><\/span><time datetime=\"2019-08-21T12:56:16-03:00\" itemprop=\"datePublished\">21\/08\/2019 12:56<\/time><\/div><\/div><\/div><\/div><\/div>","single_layout":"posts","amp_enabled":true,"_links":{"self":[{"href":"https:\/\/www.suno.com.br\/noticias\/wp-json\/wp\/v2\/posts\/34807"}],"collection":[{"href":"https:\/\/www.suno.com.br\/noticias\/wp-json\/wp\/v2\/posts"}],"about":[{"href":"https:\/\/www.suno.com.br\/noticias\/wp-json\/wp\/v2\/types\/post"}],"author":[{"embeddable":true,"href":"https:\/\/www.suno.com.br\/noticias\/wp-json\/wp\/v2\/users\/15"}],"replies":[{"embeddable":true,"href":"https:\/\/www.suno.com.br\/noticias\/wp-json\/wp\/v2\/comments?post=34807"}],"version-history":[{"count":0,"href":"https:\/\/www.suno.com.br\/noticias\/wp-json\/wp\/v2\/posts\/34807\/revisions"}],"wp:featuredmedia":[{"embeddable":true,"href":"https:\/\/www.suno.com.br\/noticias\/wp-json\/wp\/v2\/media\/34742"}],"wp:attachment":[{"href":"https:\/\/www.suno.com.br\/noticias\/wp-json\/wp\/v2\/media?parent=34807"}],"wp:term":[{"taxonomy":"category","embeddable":true,"href":"https:\/\/www.suno.com.br\/noticias\/wp-json\/wp\/v2\/categories?post=34807"},{"taxonomy":"post_tag","embeddable":true,"href":"https:\/\/www.suno.com.br\/noticias\/wp-json\/wp\/v2\/tags?post=34807"},{"taxonomy":"suno_strategy","embeddable":true,"href":"https:\/\/www.suno.com.br\/noticias\/wp-json\/wp\/v2\/suno_strategy?post=34807"}],"curies":[{"name":"wp","href":"https:\/\/api.w.org\/{rel}","templated":true}]}}