{"id":34801,"date":"2019-08-21T12:10:07","date_gmt":"2019-08-21T15:10:07","guid":{"rendered":"https:\/\/www.suno.com.br\/noticias\/?p=34801"},"modified":"2019-08-21T17:28:31","modified_gmt":"2019-08-21T20:28:31","slug":"china-quer-encontrar-meio-termo-encerrar-guerra-comercial","status":"publish","type":"post","link":"https:\/\/www.suno.com.br\/noticias\/china-quer-encontrar-meio-termo-encerrar-guerra-comercial\/","title":{"rendered":"China quer encontrar acordo para encerrar guerra comercial com os EUA"},"content":{"rendered":"<p>Nesta quarta-feira, a China apelou aos <strong>Estados Unidos <\/strong>para que &#8220;encontrem um meio-termo&#8221; com\u00a0<strong>Pequim\u00a0<\/strong>para finalizar a disputa comercial entre os dois pa\u00edses.\u00a0 A declara\u00e7\u00e3o acontece ap\u00f3s o presidente norte-americano, <strong>Donald Trump,<\/strong> dizer na \u00faltima ter\u00e7a-feira (20) que os americanos poder\u00e3o ter de enfrentar problemas econ\u00f4micos para conquistar benef\u00edcios no longo prazo.<\/p>\t<div class=\"wrapper-featured-image\">\n\t\t<figure class=\"spotlightImg\">\n\n\t\t\t<picture>\n\t\t\t\t<source media=\"(max-width: 768px)\" srcset=\"https:\/\/files.sunoresearch.com.br\/n\/uploads\/2019\/03\/5bffac00-xi-jinping-e-donald-trump-da-china-e-dos-eua-400x200.webp\">\n\t\t\t\t<img loading=\"lazy\" decoding=\"async\" class=\"newsContent__article__imgCapa lazyloadDisabled newsContent__article__imgCapa--noCaption\" src=\"https:\/\/files.sunoresearch.com.br\/n\/uploads\/2019\/03\/5bffac00-xi-jinping-e-donald-trump-da-china-e-dos-eua-jpg.webp\" width=\"800\" height=\"450\" alt=\"China quer encontrar acordo para encerrar guerra comercial com os EUA\" fetchpriority=high \/>\n\t\t\t<\/picture>\n\n\t\t\t<figcaption class=\"wp-caption-text wp-caption-text--hide\">Guerra comercial: Estados Unidos e China chegam a um acordo<\/figcaption>\n\t\t<\/figure>\n\t<\/div>\n\n\n<p>O Porta-voz do Minist\u00e9rio de Rela\u00e7\u00f5es Exteriores chin\u00eas, Geng Shuang, declarou ter esperan\u00e7as de que <a href=\"https:\/\/tudo-sobre.estadao.com.br\/washington-estados-unidos\" target=\"_blank\" rel=\"noopener noreferrer\"><strong>Washington<\/strong><\/a> &#8220;consiga se relacionar conosco&#8221; e que ambos os pa\u00edses voltem a ter um com\u00e9rcio &#8220;mutuamente ben\u00e9fico&#8221;.<\/p>\n\n<h2 class=\"limite-continuar-lendo\">Prolongamento da guerra comercial<\/h2>\n<p>A disputa comercial, em meio a novas <a href=\"https:\/\/www.suno.com.br\/noticias\/china-eua-guerra-disputa-comercial\/\">imposi\u00e7\u00f5es de taxas<\/a>, entre <strong>Estados Unidos<\/strong> e <strong>China<\/strong> foram interrompidas no m\u00eas passado, sem sinais de avan\u00e7o. Outras negocia\u00e7\u00f5es est\u00e3o programadas para ocorrer em Washington em setembro.<\/p>\n<p><a href=\"https:\/\/www.suno.com.br\/noticias\/trump-nao-esta-pronto-guerra-comercial\/\">Confira: Trump afirma \u2018n\u00e3o estar pronto\u2019 para acordo com a China<\/a><\/p>\n<p>&#8220;Esperamos que os Estados Unidos encontrem um meio-termo com a China&#8221;, disse Geng, afirmando esperar que os dois lados encontrem um fim aceit\u00e1vel e baseado no respeito m\u00fatuo e tratamento igualit\u00e1rio.<\/p>\n<p>Em entrevista na \u00faltima ter\u00e7a-feira (20), o presidente estadunidense reconheceu que a guerra comercial pode trazer problemas no curto prazo. <strong>Trump<\/strong> afirmou que &#8220;algo precisa ser feito&#8221; porque &#8220;a China vem roubando esse pa\u00eds por 25 anos&#8221;.<\/p>\n<h2>Reflexos da disputa<\/h2>\n<p>A <strong>economia americana<\/strong> cresceu 2,6% no primeiro semestre, al\u00e9m das vendas no varejo que subiram 0,7% em julho, o dobro do esperado pelos analitas. Os n\u00famero seguem controlados. Todavia, a confian\u00e7a est\u00e1 em queda, reduzindo os investimentos no pa\u00eds.<\/p>\n<p><a href=\"https:\/\/www.suno.com.br\/noticias\/recessao-eua-economica-dolar\/\">Veja tamb\u00e9m: Mais de 70% dos economistas nos EUA temem recess\u00e3o entre 2019 e 2020<\/a><\/p>\n<p>Na semana passada, foi divulgado que o crescimento da produ\u00e7\u00e3o industrial da <strong>China<\/strong> desacelerou para 4,8% em julho em compara\u00e7\u00e3o com o mesmo per\u00edodo de 2018. Mesmo ap\u00f3s uma s\u00e9rie de medidas do governo no \u00faltimo ano, a atividade industrial chinesa continua a esfriar.<\/p>\n\t<p>\n\t\t<a href=\"https:\/\/lp.statusinvest.com.br\/ao\/assessoria-status-invest\/\" target=\"_blank\" data-element=\"shortcode-suno-banner\" title=\"Banner SUNO, clique e saiba mais\">\n\t\t\t<picture>\n\t\t\t\t<source media=\"(max-width: 500px)\" srcset=\"https:\/\/files.sunoresearch.com.br\/n\/uploads\/2024\/03\/400x300-Mobile.png\">\n\t\t\t\t<img class=\"newsContent__article__imgCapa newsContent__article__imgCapa--banner\"\n\t\t\t\t\tsrc=\"https:\/\/files.sunoresearch.com.br\/n\/uploads\/2024\/03\/1420x240-Desktop.png\"\n\t\t\t\t\tdata-promo-id=\"537248\"\t\t\t\t\t\t\t\t\t\twidth='1400' height='240'\t\t\t\t\talt=\"https:\/\/files.sunoresearch.com.br\/n\/uploads\/2024\/03\/1420x240-Desktop.png\"\n\t\t\t\t>\n\t\t\t<\/picture>\n\t\t<\/a>\n\t<\/p>\n\n\n<p>A <strong>recess\u00e3o global<\/strong> n\u00e3o assombra somente as maiores pot\u00eancias do mundo que est\u00e3o em meio a essa discuss\u00e3o comercial, mas tamb\u00e9m para atores relevantes no cen\u00e1rio internacional.<\/p>\n<p>A <strong>PIB<\/strong> da Alemanha registrou uma baixa de 0,1% no segundo trimestre desse ano. O Reino Unido, no in\u00edcio do ano, j\u00e1 havia registrado o crescimento anual mais baixo de seu PIB desde 2012, avan\u00e7ando somente 1,4%.<\/p>\n<p>Diferentemente do imaginado h\u00e1 alguns meses, hoje os analistas consideram os \u00faltimos acontecimentos como sinais de que o fim da <strong>guerra comercial<\/strong> entre as maiores economias do mundo est\u00e1 distante de ser alcan\u00e7ado.<\/p>\n","protected":false},"excerpt":{"rendered":"<p>Nesta quarta-feira, a China apelou aos Estados Unidos para que &#8220;encontrem um meio-termo&#8221; com\u00a0Pequim\u00a0para finalizar a disputa comercial entre os dois pa\u00edses.\u00a0 A declara\u00e7\u00e3o acontece ap\u00f3s o presidente norte-americano, Donald Trump, dizer na \u00faltima ter\u00e7a-feira (20) que os americanos poder\u00e3o ter de enfrentar problemas econ\u00f4micos para conquistar benef\u00edcios no longo prazo. Guerra comercial: Estados Unidos [&hellip;]<\/p>\n","protected":false},"author":24,"featured_media":17124,"comment_status":"closed","ping_status":"closed","sticky":false,"template":"","format":"standard","meta":[],"categories":[63],"tags":[724,980,807,1881,913],"suno_strategy":[],"class_list":["post-34801","post","type-post","status-publish","format-standard","has-post-thumbnail","hentry","category-internacional","tag-donald-trump","tag-guerra-comercial","tag-produto-interno-bruto-pib","tag-recessao","tag-xi-jinping"],"yoast_head":"<!-- This site is optimized with the Yoast SEO plugin v24.4 - https:\/\/yoast.com\/wordpress\/plugins\/seo\/ -->\n<title>Guerra comercial: China quer encontrar &#039;meio termo&#039; com os EUA<\/title>\n<meta name=\"description\" content=\"Nesta quarta, a China apelou aos EUA\u00a0que &quot;encontrem um meio-termo&quot;\u00a0para finalizar a guerra comercial entre os dois pa\u00edses. Saiba mais.\" \/>\n<meta name=\"robots\" content=\"index, follow, max-snippet:-1, max-image-preview:large, max-video-preview:-1\" \/>\n<link rel=\"canonical\" href=\"https:\/\/www.suno.com.br\/noticias\/china-quer-encontrar-meio-termo-encerrar-guerra-comercial\/\" \/>\n<meta property=\"og:locale\" content=\"pt_BR\" \/>\n<meta property=\"og:type\" content=\"article\" \/>\n<meta property=\"og:title\" content=\"Guerra comercial: China quer encontrar &#039;meio termo&#039; com os EUA\" \/>\n<meta property=\"og:description\" content=\"Nesta quarta, a China apelou aos EUA\u00a0que &quot;encontrem um meio-termo&quot;\u00a0para finalizar a guerra comercial entre os dois pa\u00edses. Saiba mais.\" \/>\n<meta property=\"og:url\" content=\"https:\/\/www.suno.com.br\/noticias\/china-quer-encontrar-meio-termo-encerrar-guerra-comercial\/\" \/>\n<meta property=\"og:site_name\" content=\"Suno Not\u00edcias\" \/>\n<meta property=\"article:publisher\" content=\"https:\/\/facebook.com\/sunoresearch\" \/>\n<meta property=\"og:image\" content=\"https:\/\/files.sunoresearch.com.br\/n\/uploads\/2019\/03\/5bffac00-xi-jinping-e-donald-trump-da-china-e-dos-eua.jpg\" \/>\n\t<meta property=\"og:image:width\" content=\"780\" \/>\n\t<meta property=\"og:image:height\" content=\"520\" \/>\n\t<meta property=\"og:image:type\" content=\"image\/jpeg\" \/>\n<meta name=\"author\" content=\"Jader Lazarini\" \/>\n<meta name=\"twitter:card\" content=\"summary_large_image\" \/>\n<meta name=\"twitter:creator\" content=\"@sunoresearch\" \/>\n<meta name=\"twitter:site\" content=\"@sunoresearch\" \/>\n<meta name=\"twitter:label1\" content=\"Escrito por\" \/>\n\t<meta name=\"twitter:data1\" content=\"Jader Lazarini\" \/>\n\t<meta name=\"twitter:label2\" content=\"Est. tempo de leitura\" \/>\n\t<meta name=\"twitter:data2\" content=\"2 minutos\" \/>\n<script type=\"application\/ld+json\" class=\"yoast-schema-graph\">{\"@context\":\"https:\/\/schema.org\",\"@graph\":[{\"@type\":\"NewsArticle\",\"@id\":\"https:\/\/www.suno.com.br\/noticias\/china-quer-encontrar-meio-termo-encerrar-guerra-comercial\/#article\",\"isPartOf\":{\"@id\":\"https:\/\/www.suno.com.br\/noticias\/china-quer-encontrar-meio-termo-encerrar-guerra-comercial\/\"},\"author\":{\"name\":\"Jader Lazarini\",\"@id\":\"https:\/\/www.suno.com.br\/noticias\/#\/schema\/person\/918d79de1f0281f01599b93f9ea6e23f\"},\"headline\":\"China quer encontrar acordo para encerrar guerra comercial com os EUA\",\"datePublished\":\"2019-08-21T15:10:07+00:00\",\"dateModified\":\"2019-08-21T20:28:31+00:00\",\"mainEntityOfPage\":{\"@id\":\"https:\/\/www.suno.com.br\/noticias\/china-quer-encontrar-meio-termo-encerrar-guerra-comercial\/\"},\"wordCount\":449,\"publisher\":{\"@id\":\"https:\/\/www.suno.com.br\/noticias\/#organization\"},\"image\":{\"@id\":\"https:\/\/www.suno.com.br\/noticias\/china-quer-encontrar-meio-termo-encerrar-guerra-comercial\/#primaryimage\"},\"thumbnailUrl\":\"https:\/\/files.sunoresearch.com.br\/n\/uploads\/2019\/03\/5bffac00-xi-jinping-e-donald-trump-da-china-e-dos-eua-jpg.webp\",\"keywords\":[\"Donald Trump\",\"guerra comercial\",\"Produto Interno Bruto (PIB)\",\"recess\u00e3o\",\"Xi Jinping\"],\"articleSection\":[\"Internacional\"],\"inLanguage\":\"pt-BR\"},{\"@type\":\"WebPage\",\"@id\":\"https:\/\/www.suno.com.br\/noticias\/china-quer-encontrar-meio-termo-encerrar-guerra-comercial\/\",\"url\":\"https:\/\/www.suno.com.br\/noticias\/china-quer-encontrar-meio-termo-encerrar-guerra-comercial\/\",\"name\":\"Guerra comercial: China quer encontrar 'meio termo' com os EUA\",\"isPartOf\":{\"@id\":\"https:\/\/www.suno.com.br\/noticias\/#website\"},\"primaryImageOfPage\":{\"@id\":\"https:\/\/www.suno.com.br\/noticias\/china-quer-encontrar-meio-termo-encerrar-guerra-comercial\/#primaryimage\"},\"image\":{\"@id\":\"https:\/\/www.suno.com.br\/noticias\/china-quer-encontrar-meio-termo-encerrar-guerra-comercial\/#primaryimage\"},\"thumbnailUrl\":\"https:\/\/files.sunoresearch.com.br\/n\/uploads\/2019\/03\/5bffac00-xi-jinping-e-donald-trump-da-china-e-dos-eua-jpg.webp\",\"datePublished\":\"2019-08-21T15:10:07+00:00\",\"dateModified\":\"2019-08-21T20:28:31+00:00\",\"description\":\"Nesta quarta, a China apelou aos EUA\u00a0que \\\"encontrem um meio-termo\\\"\u00a0para finalizar a guerra comercial entre os dois pa\u00edses. Saiba mais.\",\"breadcrumb\":{\"@id\":\"https:\/\/www.suno.com.br\/noticias\/china-quer-encontrar-meio-termo-encerrar-guerra-comercial\/#breadcrumb\"},\"inLanguage\":\"pt-BR\",\"potentialAction\":[{\"@type\":\"ReadAction\",\"target\":[\"https:\/\/www.suno.com.br\/noticias\/china-quer-encontrar-meio-termo-encerrar-guerra-comercial\/\"]}]},{\"@type\":\"ImageObject\",\"inLanguage\":\"pt-BR\",\"@id\":\"https:\/\/www.suno.com.br\/noticias\/china-quer-encontrar-meio-termo-encerrar-guerra-comercial\/#primaryimage\",\"url\":\"https:\/\/files.sunoresearch.com.br\/n\/uploads\/2019\/03\/5bffac00-xi-jinping-e-donald-trump-da-china-e-dos-eua-jpg.webp\",\"contentUrl\":\"https:\/\/files.sunoresearch.com.br\/n\/uploads\/2019\/03\/5bffac00-xi-jinping-e-donald-trump-da-china-e-dos-eua-jpg.webp\",\"width\":780,\"height\":520,\"caption\":\"Guerra comercial: Estados Unidos e China chegam a um acordo\"},{\"@type\":\"BreadcrumbList\",\"@id\":\"https:\/\/www.suno.com.br\/noticias\/china-quer-encontrar-meio-termo-encerrar-guerra-comercial\/#breadcrumb\",\"itemListElement\":[{\"@type\":\"ListItem\",\"position\":1,\"name\":\"Not\u00edcias\",\"item\":\"https:\/\/www.suno.com.br\/noticias\/\"},{\"@type\":\"ListItem\",\"position\":2,\"name\":\"Internacional\",\"item\":\"https:\/\/www.suno.com.br\/noticias\/internacional\/\"},{\"@type\":\"ListItem\",\"position\":3,\"name\":\"China quer encontrar acordo para encerrar guerra comercial com os EUA\"}]},{\"@type\":\"WebSite\",\"@id\":\"https:\/\/www.suno.com.br\/noticias\/#website\",\"url\":\"https:\/\/www.suno.com.br\/noticias\/\",\"name\":\"Suno Not\u00edcias\",\"description\":\"Seu portal de informa\u00e7\u00e3o sobre o mundo dos investimentos\",\"publisher\":{\"@id\":\"https:\/\/www.suno.com.br\/noticias\/#organization\"},\"potentialAction\":[{\"@type\":\"SearchAction\",\"target\":{\"@type\":\"EntryPoint\",\"urlTemplate\":\"https:\/\/www.suno.com.br\/noticias\/?s={search_term_string}\"},\"query-input\":{\"@type\":\"PropertyValueSpecification\",\"valueRequired\":true,\"valueName\":\"search_term_string\"}}],\"inLanguage\":\"pt-BR\"},{\"@type\":\"Organization\",\"@id\":\"https:\/\/www.suno.com.br\/noticias\/#organization\",\"name\":\"Suno Not\u00edcias\",\"url\":\"https:\/\/www.suno.com.br\/noticias\/\",\"logo\":{\"@type\":\"ImageObject\",\"inLanguage\":\"pt-BR\",\"@id\":\"https:\/\/www.suno.com.br\/noticias\/#\/schema\/logo\/image\/\",\"url\":\"https:\/\/files.sunoresearch.com.br\/n\/uploads\/2021\/09\/suno-logo.png\",\"contentUrl\":\"https:\/\/files.sunoresearch.com.br\/n\/uploads\/2021\/09\/suno-logo.png\",\"width\":180,\"height\":180,\"caption\":\"Suno Not\u00edcias\"},\"image\":{\"@id\":\"https:\/\/www.suno.com.br\/noticias\/#\/schema\/logo\/image\/\"},\"sameAs\":[\"https:\/\/facebook.com\/sunoresearch\",\"https:\/\/x.com\/sunoresearch\",\"https:\/\/www.instagram.com\/suno\",\"https:\/\/www.linkedin.com\/company\/suno-research\/\",\"https:\/\/www.youtube.com\/c\/sunoresearch\"]},{\"@type\":\"Person\",\"@id\":\"https:\/\/www.suno.com.br\/noticias\/#\/schema\/person\/918d79de1f0281f01599b93f9ea6e23f\",\"name\":\"Jader Lazarini\",\"image\":{\"@type\":\"ImageObject\",\"inLanguage\":\"pt-BR\",\"@id\":\"https:\/\/www.suno.com.br\/noticias\/#\/schema\/person\/image\/\",\"url\":\"https:\/\/secure.gravatar.com\/avatar\/3c1ad8caa51589841baeb923fcddea97?s=96&r=g\",\"contentUrl\":\"https:\/\/secure.gravatar.com\/avatar\/3c1ad8caa51589841baeb923fcddea97?s=96&r=g\",\"caption\":\"Jader Lazarini\"},\"description\":\"Jader Lazarini escreve sobre investimentos, finan\u00e7as, economia e neg\u00f3cios. \u00c9 bacharel em Rela\u00e7\u00f5es Internacionais e analista CNPI (2619).\",\"url\":\"https:\/\/www.suno.com.br\/noticias\/author\/jader-lazarini\/\"}]}<\/script>\n<!-- \/ Yoast SEO plugin. -->","yoast_head_json":{"title":"Guerra comercial: China quer encontrar 'meio termo' com os EUA","description":"Nesta quarta, a China apelou aos EUA\u00a0que \"encontrem um meio-termo\"\u00a0para finalizar a guerra comercial entre os dois pa\u00edses. Saiba mais.","robots":{"index":"index","follow":"follow","max-snippet":"max-snippet:-1","max-image-preview":"max-image-preview:large","max-video-preview":"max-video-preview:-1"},"canonical":"https:\/\/www.suno.com.br\/noticias\/china-quer-encontrar-meio-termo-encerrar-guerra-comercial\/","og_locale":"pt_BR","og_type":"article","og_title":"Guerra comercial: China quer encontrar 'meio termo' com os EUA","og_description":"Nesta quarta, a China apelou aos EUA\u00a0que \"encontrem um meio-termo\"\u00a0para finalizar a guerra comercial entre os dois pa\u00edses. Saiba mais.","og_url":"https:\/\/www.suno.com.br\/noticias\/china-quer-encontrar-meio-termo-encerrar-guerra-comercial\/","og_site_name":"Suno Not\u00edcias","article_publisher":"https:\/\/facebook.com\/sunoresearch","og_image":[{"width":780,"height":520,"url":"https:\/\/files.sunoresearch.com.br\/n\/uploads\/2019\/03\/5bffac00-xi-jinping-e-donald-trump-da-china-e-dos-eua.jpg","type":"image\/jpeg"}],"author":"Jader Lazarini","twitter_card":"summary_large_image","twitter_creator":"@sunoresearch","twitter_site":"@sunoresearch","twitter_misc":{"Escrito por":"Jader Lazarini","Est. tempo de leitura":"2 minutos"},"schema":{"@context":"https:\/\/schema.org","@graph":[{"@type":"NewsArticle","@id":"https:\/\/www.suno.com.br\/noticias\/china-quer-encontrar-meio-termo-encerrar-guerra-comercial\/#article","isPartOf":{"@id":"https:\/\/www.suno.com.br\/noticias\/china-quer-encontrar-meio-termo-encerrar-guerra-comercial\/"},"author":{"name":"Jader Lazarini","@id":"https:\/\/www.suno.com.br\/noticias\/#\/schema\/person\/918d79de1f0281f01599b93f9ea6e23f"},"headline":"China quer encontrar acordo para encerrar guerra comercial com os EUA","datePublished":"2019-08-21T15:10:07+00:00","dateModified":"2019-08-21T20:28:31+00:00","mainEntityOfPage":{"@id":"https:\/\/www.suno.com.br\/noticias\/china-quer-encontrar-meio-termo-encerrar-guerra-comercial\/"},"wordCount":449,"publisher":{"@id":"https:\/\/www.suno.com.br\/noticias\/#organization"},"image":{"@id":"https:\/\/www.suno.com.br\/noticias\/china-quer-encontrar-meio-termo-encerrar-guerra-comercial\/#primaryimage"},"thumbnailUrl":"https:\/\/files.sunoresearch.com.br\/n\/uploads\/2019\/03\/5bffac00-xi-jinping-e-donald-trump-da-china-e-dos-eua-jpg.webp","keywords":["Donald Trump","guerra comercial","Produto Interno Bruto (PIB)","recess\u00e3o","Xi Jinping"],"articleSection":["Internacional"],"inLanguage":"pt-BR"},{"@type":"WebPage","@id":"https:\/\/www.suno.com.br\/noticias\/china-quer-encontrar-meio-termo-encerrar-guerra-comercial\/","url":"https:\/\/www.suno.com.br\/noticias\/china-quer-encontrar-meio-termo-encerrar-guerra-comercial\/","name":"Guerra comercial: China quer encontrar 'meio termo' com os EUA","isPartOf":{"@id":"https:\/\/www.suno.com.br\/noticias\/#website"},"primaryImageOfPage":{"@id":"https:\/\/www.suno.com.br\/noticias\/china-quer-encontrar-meio-termo-encerrar-guerra-comercial\/#primaryimage"},"image":{"@id":"https:\/\/www.suno.com.br\/noticias\/china-quer-encontrar-meio-termo-encerrar-guerra-comercial\/#primaryimage"},"thumbnailUrl":"https:\/\/files.sunoresearch.com.br\/n\/uploads\/2019\/03\/5bffac00-xi-jinping-e-donald-trump-da-china-e-dos-eua-jpg.webp","datePublished":"2019-08-21T15:10:07+00:00","dateModified":"2019-08-21T20:28:31+00:00","description":"Nesta quarta, a China apelou aos EUA\u00a0que \"encontrem um meio-termo\"\u00a0para finalizar a guerra comercial entre os dois pa\u00edses. Saiba mais.","breadcrumb":{"@id":"https:\/\/www.suno.com.br\/noticias\/china-quer-encontrar-meio-termo-encerrar-guerra-comercial\/#breadcrumb"},"inLanguage":"pt-BR","potentialAction":[{"@type":"ReadAction","target":["https:\/\/www.suno.com.br\/noticias\/china-quer-encontrar-meio-termo-encerrar-guerra-comercial\/"]}]},{"@type":"ImageObject","inLanguage":"pt-BR","@id":"https:\/\/www.suno.com.br\/noticias\/china-quer-encontrar-meio-termo-encerrar-guerra-comercial\/#primaryimage","url":"https:\/\/files.sunoresearch.com.br\/n\/uploads\/2019\/03\/5bffac00-xi-jinping-e-donald-trump-da-china-e-dos-eua-jpg.webp","contentUrl":"https:\/\/files.sunoresearch.com.br\/n\/uploads\/2019\/03\/5bffac00-xi-jinping-e-donald-trump-da-china-e-dos-eua-jpg.webp","width":780,"height":520,"caption":"Guerra comercial: Estados Unidos e China chegam a um acordo"},{"@type":"BreadcrumbList","@id":"https:\/\/www.suno.com.br\/noticias\/china-quer-encontrar-meio-termo-encerrar-guerra-comercial\/#breadcrumb","itemListElement":[{"@type":"ListItem","position":1,"name":"Not\u00edcias","item":"https:\/\/www.suno.com.br\/noticias\/"},{"@type":"ListItem","position":2,"name":"Internacional","item":"https:\/\/www.suno.com.br\/noticias\/internacional\/"},{"@type":"ListItem","position":3,"name":"China quer encontrar acordo para encerrar guerra comercial com os EUA"}]},{"@type":"WebSite","@id":"https:\/\/www.suno.com.br\/noticias\/#website","url":"https:\/\/www.suno.com.br\/noticias\/","name":"Suno Not\u00edcias","description":"Seu portal de informa\u00e7\u00e3o sobre o mundo dos investimentos","publisher":{"@id":"https:\/\/www.suno.com.br\/noticias\/#organization"},"potentialAction":[{"@type":"SearchAction","target":{"@type":"EntryPoint","urlTemplate":"https:\/\/www.suno.com.br\/noticias\/?s={search_term_string}"},"query-input":{"@type":"PropertyValueSpecification","valueRequired":true,"valueName":"search_term_string"}}],"inLanguage":"pt-BR"},{"@type":"Organization","@id":"https:\/\/www.suno.com.br\/noticias\/#organization","name":"Suno Not\u00edcias","url":"https:\/\/www.suno.com.br\/noticias\/","logo":{"@type":"ImageObject","inLanguage":"pt-BR","@id":"https:\/\/www.suno.com.br\/noticias\/#\/schema\/logo\/image\/","url":"https:\/\/files.sunoresearch.com.br\/n\/uploads\/2021\/09\/suno-logo.png","contentUrl":"https:\/\/files.sunoresearch.com.br\/n\/uploads\/2021\/09\/suno-logo.png","width":180,"height":180,"caption":"Suno Not\u00edcias"},"image":{"@id":"https:\/\/www.suno.com.br\/noticias\/#\/schema\/logo\/image\/"},"sameAs":["https:\/\/facebook.com\/sunoresearch","https:\/\/x.com\/sunoresearch","https:\/\/www.instagram.com\/suno","https:\/\/www.linkedin.com\/company\/suno-research\/","https:\/\/www.youtube.com\/c\/sunoresearch"]},{"@type":"Person","@id":"https:\/\/www.suno.com.br\/noticias\/#\/schema\/person\/918d79de1f0281f01599b93f9ea6e23f","name":"Jader Lazarini","image":{"@type":"ImageObject","inLanguage":"pt-BR","@id":"https:\/\/www.suno.com.br\/noticias\/#\/schema\/person\/image\/","url":"https:\/\/secure.gravatar.com\/avatar\/3c1ad8caa51589841baeb923fcddea97?s=96&r=g","contentUrl":"https:\/\/secure.gravatar.com\/avatar\/3c1ad8caa51589841baeb923fcddea97?s=96&r=g","caption":"Jader Lazarini"},"description":"Jader Lazarini escreve sobre investimentos, finan\u00e7as, economia e neg\u00f3cios. \u00c9 bacharel em Rela\u00e7\u00f5es Internacionais e analista CNPI (2619).","url":"https:\/\/www.suno.com.br\/noticias\/author\/jader-lazarini\/"}]}},"default_loop_html":"<div class=\"cardsPage__listCard__boxs\"><div class=\"cardsPage__listCard__boxs__img\"><a href=\"https:\/\/www.suno.com.br\/noticias\/china-quer-encontrar-meio-termo-encerrar-guerra-comercial\/\"><img class=\"mask\" src=\"https:\/\/www.suno.com.br\/noticias\/wp-content\/themes\/suno\/resources\/images\/spotlight\/spotlight1img\/bg-mask.png\" alt=\"Image Mask\"\/><img src=\"https:\/\/files.sunoresearch.com.br\/n\/uploads\/2019\/03\/5bffac00-xi-jinping-e-donald-trump-da-china-e-dos-eua-400x200.webp\" alt=\"China quer encontrar acordo para encerrar guerra comercial com os EUA\"\/><\/a><span class=\"spotlightCategory\"><a href=\"https:\/\/www.suno.com.br\/noticias\/internacional\/\">Internacional<\/a><\/span><\/div><div class=\"cardsPage__listCard__boxs__content\"><a href=\"https:\/\/www.suno.com.br\/noticias\/china-quer-encontrar-meio-termo-encerrar-guerra-comercial\/\"><h2 class=\"content__title\">China quer encontrar acordo para encerrar guerra comercial com os EUA<\/h2><\/a><div class=\"newsContent__article__meta\"><div class=\"newsContent__article__meta__authorBox\"><a href=\"https:\/\/www.suno.com.br\/noticias\/author\/jader-lazarini\/\" class=\"authorBox__avatar noMobi\"><img src=\"https:\/\/files.sunoresearch.com.br\/n\/uploads\/2021\/01\/178e6598-foto-perfil-2-150x150.jpg\" alt=\"Jader Lazarini\"><\/a><div class=\"authorBox__name\"><span>por\n\t\t\t<a href=\"https:\/\/www.suno.com.br\/noticias\/author\/jader-lazarini\/\"><span itemprop=\"author\">Jader Lazarini<\/span><\/a><\/span><time datetime=\"2019-08-21T12:10:07-03:00\" itemprop=\"datePublished\">21\/08\/2019 12:10<\/time><\/div><\/div><\/div><\/div><\/div>","single_layout":"posts","amp_enabled":true,"_links":{"self":[{"href":"https:\/\/www.suno.com.br\/noticias\/wp-json\/wp\/v2\/posts\/34801"}],"collection":[{"href":"https:\/\/www.suno.com.br\/noticias\/wp-json\/wp\/v2\/posts"}],"about":[{"href":"https:\/\/www.suno.com.br\/noticias\/wp-json\/wp\/v2\/types\/post"}],"author":[{"embeddable":true,"href":"https:\/\/www.suno.com.br\/noticias\/wp-json\/wp\/v2\/users\/24"}],"replies":[{"embeddable":true,"href":"https:\/\/www.suno.com.br\/noticias\/wp-json\/wp\/v2\/comments?post=34801"}],"version-history":[{"count":0,"href":"https:\/\/www.suno.com.br\/noticias\/wp-json\/wp\/v2\/posts\/34801\/revisions"}],"wp:featuredmedia":[{"embeddable":true,"href":"https:\/\/www.suno.com.br\/noticias\/wp-json\/wp\/v2\/media\/17124"}],"wp:attachment":[{"href":"https:\/\/www.suno.com.br\/noticias\/wp-json\/wp\/v2\/media?parent=34801"}],"wp:term":[{"taxonomy":"category","embeddable":true,"href":"https:\/\/www.suno.com.br\/noticias\/wp-json\/wp\/v2\/categories?post=34801"},{"taxonomy":"post_tag","embeddable":true,"href":"https:\/\/www.suno.com.br\/noticias\/wp-json\/wp\/v2\/tags?post=34801"},{"taxonomy":"suno_strategy","embeddable":true,"href":"https:\/\/www.suno.com.br\/noticias\/wp-json\/wp\/v2\/suno_strategy?post=34801"}],"curies":[{"name":"wp","href":"https:\/\/api.w.org\/{rel}","templated":true}]}}