{"id":347842,"date":"2023-01-16T17:52:52","date_gmt":"2023-01-16T20:52:52","guid":{"rendered":"https:\/\/www.suno.com.br\/noticias\/?p=347842"},"modified":"2023-01-16T19:17:30","modified_gmt":"2023-01-16T22:17:30","slug":"americanas-amer3-nova-oi-oibr3-o-que-e-recuperacao-judicial","status":"publish","type":"post","link":"https:\/\/www.suno.com.br\/noticias\/americanas-amer3-nova-oi-oibr3-o-que-e-recuperacao-judicial\/","title":{"rendered":"Americanas (AMER3) \u00e9 a nova Oi (OIBR3)? O que \u00e9 recupera\u00e7\u00e3o judicial e por que a empresa pode precisar desse processo"},"content":{"rendered":"<p>A <a href=\"https:\/\/www.suno.com.br\/acoes\/amer3\/\"><strong>Americanas <\/strong>(AMER3)<\/a> \u00e9 a nova <a class=\"suno-keyword\" data-force=\"yes\" data-priority=\"2\" href=\"https:\/\/www.suno.com.br\/acoes\/OIBR3\/\" target=\"_blank\" rel=\"noopener\">Oi (OIBR3)<\/a>? A pergunta j\u00e1 passa pela mente de investidores e do mercado financeiro, ap\u00f3s o comunicado da varejista de inconsist\u00eancias cont\u00e1beis de R$ 20 bilh\u00f5es na \u00faltima quarta-feira (11). Na \u00faltima sexta-feira, a companhia comunicou que o Tribunal de Justi\u00e7a do Rio de Janeiro (TJRJ) deu <a href=\"https:\/\/www.suno.com.br\/noticias\/americanas-amer3-recuperacao-judicial-dividas\/\">30 dias corridos para a <strong>Americanas entrar com pedido de recupera\u00e7\u00e3o judicial<\/strong><\/a>, se avaliar que \u00e9 o caso. O que mudaria para a Americanas nesse caso?<\/p><div class=\"videoFull \">\n\t\t\t<div class=\"videoWrapper yt-lazyload center\"\n\t\t\t\tdata-width=\"960\"\n\t\t\t\tdata-height=\"540\"\n\t\t\t\tdata-id=\"4SqBEMJso_U\"\n\t\t\t\tdata-alt=\"V\u00eddeo do YouTube - clique para reproduzir\"\n\t\t\t\tdata-logo=\"3\"\n\t\t\t\tdata-imagequality=\"maxres\">\n\t\t\t<\/div>\n\t\t<\/div><script type=\"application\/ld+json\">{\"@context\":\"https:\/\/schema.org\",\"@type\":\"VideoObject\",\"name\":\"Americanas (AMER3) recorre \u00e0 Justi\u00e7a e considera recupera\u00e7\u00e3o judicial | Suno Not\u00edcias\",\"description\":\"\ud83d\udea8\ud83d\udcca Minicurso Gratuito Contabilidade: https:\/\/lp.suno.com.br\/minicurso-contabilidade\/?utm_source=youtube.noticias&utm_medium=live&utm_campaign=minicursocontabilidade.20230112&utm_content=ytnoticias.amer3.12012023 \ud83d\udcb8\ud835\udc01\ud835\udc1a\ud835\udc22\ud835\udc31\ud835\udc1e \ud835\udc28 \ud835\udc20\ud835\udc2e\ud835\udc22\ud835\udc1a \"\ud835\udc02\ud835\udc28\ud835\udc26\ud835\udc28 \ud835\udc22\ud835\udc27\ud835\udc2f\ud835\udc1e\ud835\udc2c\ud835\udc2d\ud835\udc22\ud835\udc2b \ud835\udc1e\ud835\udc26 \ud835\udfd0\ud835\udfce\ud835\udfd0\ud835\udfd1\" \ud835\udc27\ud835\udc28 \ud835\udc25\ud835\udc22\ud835\udc27\ud835\udc24 \ud83d\udc47 https:\/\/lp.suno.com.br\/cl\/sr-guia-como-investir-em-2023\/?utm_source=youtube.noticias&utm_medium=live&utm_campaign=N%2FA.ns.20230109&utm_content=ytnoticias.morning.13012023 #Not\u00edciasdoDia #Not\u00edcias #americanas #amer3 #investimentos #ibovespa #mercadofinanceiro #bolsadevalores #breakingnews #recuperacaojudicial \ud83d\udd34\ud835\udc08\ud835\udc0d\ud835\udc12\ud835\udc02\ud835\udc11\ud835\udc04\ud835\udc15\ud835\udc00-\ud835\udc12\ud835\udc04 \ud835\udc0d\ud835\udc0e \ud835\udc02\ud835\udc00\ud835\udc0d\ud835\udc00\ud835\udc0b \ud835\udc04 \ud835\udc00\ud835\udc13\ud835\udc08\ud835\udc15\ud835\udc04 \ud835\udc0e \ud835\udc12\ud835\udc08\ud835\udc0d\ud835\udc0e \ud83d\udc47 https:\/\/bit.ly\/INSCREVA-SEATIVEOSINO \ud83d\udcda \ud835\udfcf\ud835\udfce \ud835\udc0b\ud835\udc22\ud835\udc2f\ud835\udc2b\ud835\udc28\ud835\udc2c \ud835\udc2a\ud835\udc2e\ud835\udc1e \ud835\udc13\ud835\udc28\ud835\udc1d\ud835\udc28 \ud835\udc08\ud835\udc27\ud835\udc2f\ud835\udc1e\ud835\udc2c\ud835\udc2d\ud835\udc22\ud835\udc1d\ud835\udc28\ud835\udc2b \ud835\udc1d\ud835\udc1e\ud835\udc2f\ud835\udc1e\ud835\udc2b\ud835\udc22\ud835\udc1a \ud835\udc0b\ud835\udc1e\ud835\udc2b\ud83d\udc47 https:\/\/lp.suno.com.br\/ebook-10-livros\/?utm_source=youtube.noticias&utm_medium=video&utm_campaign=ebook10livrosparainvestidores.20230105&utm_content=youtube.noticias.05012023 \ud83d\udcda \ud83d\udcb8 \ud83d\udcca \ud835\udde3\ud835\udddf\ud835\uddd4\ud835\udde1\ud835\udddc\ud835\udddf\ud835\udddb\ud835\uddd4 \ud835\uddd7\ud835\uddd8 \ud835\uddd6\ud835\udde2\ud835\udde1\ud835\udde7\ud835\udde5\ud835\udde2\ud835\udddf\ud835\uddd8 \ud835\uddd9\ud835\udddc\ud835\udde1\ud835\uddd4\ud835\udde1\ud835\uddd6\ud835\uddd8\ud835\udddc\ud835\udde5\ud835\udde2: \ud835\uddd5\ud835\uddee\ud835\uddf6\ud835\ude05\ud835\uddf2 \ud835\uddee \ud835\uddfd\ud835\uddf9\ud835\uddee\ud835\uddfb\ud835\uddf6\ud835\uddf9\ud835\uddf5\ud835\uddee AGORA\u2026\",\"duration\":\"PT8M39S\",\"embedUrl\":\"https:\/\/www.youtube.com\/embed\/4SqBEMJso_U\",\"regionsAllowed\":\"pt-BR\",\"interactionStatistic\":{\"@type\":\"InteractionCounter\",\"interactionType\":{\"@type\":\"WatchAction\"},\"userInteractionCount\":2503},\"thumbnailUrl\":\"https:\/\/i.ytimg.com\/vi\/4SqBEMJso_U\/default.jpg\",\"uploadDate\":\"2023-01-13T23:37:31Z\"}<\/script>\n\n\n\n\n\t<p>\n\t\t<a href=\"\" target=\"_blank\" data-element=\"shortcode-suno-banner\" title=\"Banner SUNO, clique e saiba mais\">\n\t\t\t<picture>\n\t\t\t\t<source media=\"(max-width: 500px)\" srcset=\"\">\n\t\t\t\t<img class=\"newsContent__article__imgCapa newsContent__article__imgCapa--banner\"\n\t\t\t\t\tsrc=\"\"\n\t\t\t\t\tdata-promo-id=\"138420\"\t\t\t\t\t\t\t\t\t\t\t\t\t\t\talt=\"\"\n\t\t\t\t>\n\t\t\t<\/picture>\n\t\t<\/a>\n\t<\/p>\n\n\n\n\n\n<p>A <strong>recupera\u00e7\u00e3o judicial \u00e9 um recurso mais suave do que a fal\u00eancia<\/strong>, e serve para proteger o cr\u00e9dito do devedor comerciante e a recupera\u00e7\u00e3o imediata da situa\u00e7\u00e3o econ\u00f4mica em que se encontra temporariamente. O processo serve como uma blindagem em rela\u00e7\u00e3o \u00e0s obriga\u00e7\u00f5es de pagamento da empresa ao estabelecer um per\u00edodo de car\u00eancia.<\/p>\n\n\n\n<p>Empresas podem passar por crises geradas por fatores internos ou externos, observa Salvatore Milanese, s\u00f3cio-fundador da Pantalica Partners. <strong>A recupera\u00e7\u00e3o judicial \u00e9 uma forma de tratar as crises dessas companhias.<\/strong> \u201cNo caso da Americanas, institui\u00e7\u00f5es haviam emprestado dinheiro \u00e0 varejista quando estava mais saud\u00e1vel \u2013 o que n\u00e3o \u00e9 mais o caso. Agora, esses credores come\u00e7am a discutir isso, o que fez com que a empresa buscasse prote\u00e7\u00e3o no que a lei coloca \u00e0 disposi\u00e7\u00e3o\u201d, explica o especialista.<\/p>\n\n\n\n<h2 class=\"wp-block-heading\" id=\"h-o-que-e-recuperacao-judicial\">O que \u00e9 recupera\u00e7\u00e3o judicial?<\/h2>\n\n\n\n<p>A <a href=\"https:\/\/www.suno.com.br\/noticias\/americanas-amer3-recuperacao-judicial-caminho-dividas\/\">Americanas cogita entrar com pedido de recupera\u00e7\u00e3o judicial<\/a> ap\u00f3s declarar \u00e0 Justi\u00e7a que tem <strong>d\u00edvidas no total de R$ 40 bilh\u00f5es<\/strong>, segundo informa\u00e7\u00f5es do colunista Lauro Jardim, do jornal O Globo.<\/p>\n\n\n\n<p>O processo de recupera\u00e7\u00e3o judicial se inicia quando a empresa <strong>faz o pedido \u00e0 Justi\u00e7a para evitar sua fal\u00eancia<\/strong>. Ao longo de um determinado per\u00edodo, as companhias devem reorganizar sua opera\u00e7\u00e3o para reestrutura\u00e7\u00e3o da d\u00edvida e sua atividade. Diferentemente da fal\u00eancia, a pr\u00f3pria empresa busca uma solu\u00e7\u00e3o para sua situa\u00e7\u00e3o.<\/p>\n\n\n\t<p>\n\t\t<a href=\"https:\/\/lp.suno.com.br\/planilha-da-vida-financeira\/\" target=\"_blank\" data-element=\"shortcode-suno-banner\" title=\"Banner SUNO, clique e saiba mais\">\n\t\t\t<picture>\n\t\t\t\t<source media=\"(max-width: 500px)\" srcset=\"https:\/\/files.sunoresearch.com.br\/n\/uploads\/2023\/04\/400x300-Planilha-vida-financeira-true.png\">\n\t\t\t\t<img class=\"newsContent__article__imgCapa newsContent__article__imgCapa--banner\"\n\t\t\t\t\tsrc=\"https:\/\/files.sunoresearch.com.br\/n\/uploads\/2023\/04\/1420x240-Planilha-vida-financeira-true.png\"\n\t\t\t\t\tdata-promo-id=\"106682\"\t\t\t\t\t\t\t\t\t\twidth='1420' height='240'\t\t\t\t\talt=\"https:\/\/files.sunoresearch.com.br\/n\/uploads\/2023\/04\/1420x240-Planilha-vida-financeira-true.png\"\n\t\t\t\t>\n\t\t\t<\/picture>\n\t\t<\/a>\n\t<\/p>\n\n\n\n\n\n<p>Com a prote\u00e7\u00e3o de patrim\u00f4nio \u2013 caixa, receb\u00edveis, im\u00f3veis, estoque \u2013, a empresa poder\u00e1 oferecer algo aos credores de forma organizada, para propor uma solu\u00e7\u00e3o \u00e0s d\u00edvidas que acumula.<\/p>\n\n\n\n<p>Para as empresas, como pode ser o caso da Americanas, o processo as protege como organismo social e sem prejudicar os credores. \u201cO cr\u00e9dito \u00e9 muito caro no Brasil, e custa conceder \u00e0s empresas. A situa\u00e7\u00e3o envolvendo a Americanas provoca uma fratura no mercado de cr\u00e9dito brasileiro. Se os bancos forem muito prejudicados, cada vez menos emprestar\u00e3o dinheiro \u2013 ou o far\u00e3o com juros mais altos\u201d, observa Milanese.<\/p>\n\n\n\n<p><strong>O caso de fal\u00eancia \u00e9 diferente<\/strong>: a companhia deixa de ser propriet\u00e1ria de seus ativos, que ser\u00e3o usados para o pagamento de seus credores. \u00c9 a \u201cmorte definitiva\u201d de um neg\u00f3cio.<\/p>\n\n\n\n\t<div data-element=\"shortcode-read-more\" class=\"readToo\">\n\t\t\t\t<span class=\"readToo__title\">Leia mais<\/span>\n\t\t\t\t<ul class=\"readToo__list\">\n\t\t\t<li><a href=\"https:\/\/www.suno.com.br\/noticias\/americanas-amer3-novo-assessor-financeiro-diz-jornal\/\">Americanas (AMER3): Lemann, Telles e Sicupira escolhem novo assessor financeiro, diz jornal<\/a><\/li><li><a href=\"https:\/\/www.suno.com.br\/noticias\/americanas-amer3-contratacao-rothschildeco-renegociacao\/\">Americanas (AMER3) bate o martelo e contrata  Rothschild &#038; Co para renegociar d\u00edvida bilion\u00e1ria<\/a><\/li><li><a href=\"https:\/\/www.suno.com.br\/noticias\/crise-na-americanas-arriscado-comprar-lojas\/\">Crise na Americanas (AMER3): \u00e9 seguro fazer compras na loja?<\/a><\/li>\t\t<\/ul>\n\t<\/div>\n\n\n\n\n<p>Contudo, a <strong>recupera\u00e7\u00e3o judicial traz custos caros para os neg\u00f3cios<\/strong>, podendo chegar na casa de R$ 1 bilh\u00e3o. N\u00e3o s\u00f3 do lado financeiro, com o pagamento de administrador judicial, advogados e assessores financeiros, mas tamb\u00e9m da perspectiva de credibilidade da empresa para consumidores e investidores.<\/p>\n\n\n\n<p>Jos\u00e9 Daronco, analista CNPI da Suno Research, v\u00ea o processo como \u201csin\u00f4nimo de destrui\u00e7\u00e3o de valor\u201d. O especialista enfatiza ainda que \u201cos bancos secam a liquidez para a empresa, ningu\u00e9m quer fazer compras a prazo, os fornecedores ficam receosos, o custo do cr\u00e9dito aumenta\u201d.<\/p>\n\n\n\n<h2 class=\"wp-block-heading\">Americanas \u00e9 a nova Oi?<\/h2>\n\n\n\n<p>Segundo Jos\u00e9 Daronco, em um primeiro momento, em caso de<strong> recupera\u00e7\u00e3o judicial da Americanas, <\/strong>investidores n\u00e3o passar\u00e3o por mudan\u00e7as. Contudo, dependendo do andamento da situa\u00e7\u00e3o, os acionistas poder\u00e3o ser dilu\u00eddos. Em alguns casos, credores com d\u00edvidas podem fazer a convers\u00e3o em a\u00e7\u00f5es para dilui\u00e7\u00e3o em um pre\u00e7o baixo.<\/p>\n\n\n\n<p>Salvatore Milanese n\u00e3o acredita que um eventual processo de recupera\u00e7\u00e3o judicial da <strong>Americanas<\/strong> se compare ao da tele pela conjuntura das empresas. \u201cA Oi tem ativos de infraestrutura enormes. O que uma empresa de varejo possui? Cr\u00e9dito, clientes, lojas alugadas. Nada \u00e9 dela\u201d, exp\u00f5e.<\/p>\n\n\n\t<p>\n\t\t<a href=\"https:\/\/lp.suno.com.br\/planilha-controle-gastos\/\" target=\"_blank\" data-element=\"shortcode-suno-banner\" title=\"Banner SUNO, clique e saiba mais\">\n\t\t\t<picture>\n\t\t\t\t<source media=\"(max-width: 500px)\" srcset=\"https:\/\/files.sunoresearch.com.br\/n\/uploads\/2023\/03\/400x300-Planilha-controle-de-gastos.png\">\n\t\t\t\t<img class=\"newsContent__article__imgCapa newsContent__article__imgCapa--banner\"\n\t\t\t\t\tsrc=\"https:\/\/files.sunoresearch.com.br\/n\/uploads\/2023\/03\/1420x240-Planilha-controle-de-gastos.png\"\n\t\t\t\t\tdata-promo-id=\"101751\"\t\t\t\t\t\t\t\t\t\twidth='1420' height='240'\t\t\t\t\talt=\"https:\/\/files.sunoresearch.com.br\/n\/uploads\/2023\/03\/1420x240-Planilha-controle-de-gastos.png\"\n\t\t\t\t>\n\t\t\t<\/picture>\n\t\t<\/a>\n\t<\/p>\n\n\n","protected":false},"excerpt":{"rendered":"<p>A Americanas (AMER3) \u00e9 a nova Oi (OIBR3)? A pergunta j\u00e1 passa pela mente de investidores e do mercado financeiro, ap\u00f3s o comunicado da varejista de inconsist\u00eancias cont\u00e1beis de R$ 20 bilh\u00f5es na \u00faltima quarta-feira (11). Na \u00faltima sexta-feira, a companhia comunicou que o Tribunal de Justi\u00e7a do Rio de Janeiro (TJRJ) deu 30 dias [&hellip;]<\/p>\n","protected":false},"author":70,"featured_media":143384,"comment_status":"closed","ping_status":"closed","sticky":false,"template":"","format":"standard","meta":[],"categories":[64],"tags":[106605,105816,584,314],"suno_strategy":[],"class_list":["post-347842","post","type-post","status-publish","format-standard","has-post-thumbnail","hentry","category-negocios","tag-americanas-s-a-amer3","tag-especialistas","tag-oi-oibr3-oibr4","tag-recuperacao-judicial"],"yoast_head":"<!-- This site is optimized with the Yoast SEO plugin v24.4 - https:\/\/yoast.com\/wordpress\/plugins\/seo\/ -->\n<title>Americanas (AMER3): nova OIBR3? Entenda o que \u00e9 recupera\u00e7\u00e3o judicial<\/title>\n<meta name=\"description\" content=\"A Americanas (AMER3) tem 30 dias corridos para entrar com pedido de recupera\u00e7\u00e3o judicial se avaliar necess\u00e1rio. Entenda o processo!\" \/>\n<meta name=\"robots\" content=\"index, follow, max-snippet:-1, max-image-preview:large, max-video-preview:-1\" \/>\n<link rel=\"canonical\" href=\"https:\/\/www.suno.com.br\/noticias\/americanas-amer3-nova-oi-oibr3-o-que-e-recuperacao-judicial\/\" \/>\n<meta property=\"og:locale\" content=\"pt_BR\" \/>\n<meta property=\"og:type\" content=\"article\" \/>\n<meta property=\"og:title\" content=\"Americanas (AMER3): nova OIBR3? Entenda o que \u00e9 recupera\u00e7\u00e3o judicial\" \/>\n<meta property=\"og:description\" content=\"A Americanas (AMER3) tem 30 dias corridos para entrar com pedido de recupera\u00e7\u00e3o judicial se avaliar necess\u00e1rio. Entenda o processo!\" \/>\n<meta property=\"og:url\" content=\"https:\/\/www.suno.com.br\/noticias\/americanas-amer3-nova-oi-oibr3-o-que-e-recuperacao-judicial\/\" \/>\n<meta property=\"og:site_name\" content=\"Suno Not\u00edcias\" \/>\n<meta property=\"article:publisher\" content=\"https:\/\/facebook.com\/sunoresearch\" \/>\n<meta property=\"og:image\" content=\"https:\/\/files.sunoresearch.com.br\/n\/uploads\/2021\/04\/f8d88160-lojas-americanas.-jpg-scaled.jpg\" \/>\n\t<meta property=\"og:image:width\" content=\"2560\" \/>\n\t<meta property=\"og:image:height\" content=\"1693\" \/>\n\t<meta property=\"og:image:type\" content=\"image\/jpeg\" \/>\n<meta name=\"author\" content=\"Beatriz Boyadjian\" \/>\n<meta name=\"twitter:card\" content=\"summary_large_image\" \/>\n<meta name=\"twitter:creator\" content=\"@sunoresearch\" \/>\n<meta name=\"twitter:site\" content=\"@sunoresearch\" \/>\n<meta name=\"twitter:label1\" content=\"Escrito por\" \/>\n\t<meta name=\"twitter:data1\" content=\"Beatriz Boyadjian\" \/>\n\t<meta name=\"twitter:label2\" content=\"Est. tempo de leitura\" \/>\n\t<meta name=\"twitter:data2\" content=\"4 minutos\" \/>\n<script type=\"application\/ld+json\" class=\"yoast-schema-graph\">{\"@context\":\"https:\/\/schema.org\",\"@graph\":[{\"@type\":\"NewsArticle\",\"@id\":\"https:\/\/www.suno.com.br\/noticias\/americanas-amer3-nova-oi-oibr3-o-que-e-recuperacao-judicial\/#article\",\"isPartOf\":{\"@id\":\"https:\/\/www.suno.com.br\/noticias\/americanas-amer3-nova-oi-oibr3-o-que-e-recuperacao-judicial\/\"},\"author\":{\"name\":\"Beatriz Boyadjian\",\"@id\":\"https:\/\/www.suno.com.br\/noticias\/#\/schema\/person\/c9d40f227e4ffee8114b1299c28902b0\"},\"headline\":\"Americanas (AMER3) \u00e9 a nova Oi (OIBR3)? O que \u00e9 recupera\u00e7\u00e3o judicial e por que a empresa pode precisar desse processo\",\"datePublished\":\"2023-01-16T20:52:52+00:00\",\"dateModified\":\"2023-01-16T22:17:30+00:00\",\"mainEntityOfPage\":{\"@id\":\"https:\/\/www.suno.com.br\/noticias\/americanas-amer3-nova-oi-oibr3-o-que-e-recuperacao-judicial\/\"},\"wordCount\":698,\"publisher\":{\"@id\":\"https:\/\/www.suno.com.br\/noticias\/#organization\"},\"image\":{\"@id\":\"https:\/\/www.suno.com.br\/noticias\/americanas-amer3-nova-oi-oibr3-o-que-e-recuperacao-judicial\/#primaryimage\"},\"thumbnailUrl\":\"https:\/\/files.sunoresearch.com.br\/n\/uploads\/2021\/04\/f8d88160-lojas-americanas.-jpg-scaled.jpg\",\"keywords\":[\"Americanas (AMER3)\",\"Especialistas\",\"Oi (OIBR3\/OIBR4)\",\"recupera\u00e7\u00e3o judicial\"],\"articleSection\":[\"Neg\u00f3cios\"],\"inLanguage\":\"pt-BR\"},{\"@type\":\"WebPage\",\"@id\":\"https:\/\/www.suno.com.br\/noticias\/americanas-amer3-nova-oi-oibr3-o-que-e-recuperacao-judicial\/\",\"url\":\"https:\/\/www.suno.com.br\/noticias\/americanas-amer3-nova-oi-oibr3-o-que-e-recuperacao-judicial\/\",\"name\":\"Americanas (AMER3): nova OIBR3? Entenda o que \u00e9 recupera\u00e7\u00e3o judicial\",\"isPartOf\":{\"@id\":\"https:\/\/www.suno.com.br\/noticias\/#website\"},\"primaryImageOfPage\":{\"@id\":\"https:\/\/www.suno.com.br\/noticias\/americanas-amer3-nova-oi-oibr3-o-que-e-recuperacao-judicial\/#primaryimage\"},\"image\":{\"@id\":\"https:\/\/www.suno.com.br\/noticias\/americanas-amer3-nova-oi-oibr3-o-que-e-recuperacao-judicial\/#primaryimage\"},\"thumbnailUrl\":\"https:\/\/files.sunoresearch.com.br\/n\/uploads\/2021\/04\/f8d88160-lojas-americanas.-jpg-scaled.jpg\",\"datePublished\":\"2023-01-16T20:52:52+00:00\",\"dateModified\":\"2023-01-16T22:17:30+00:00\",\"description\":\"A Americanas (AMER3) tem 30 dias corridos para entrar com pedido de recupera\u00e7\u00e3o judicial se avaliar necess\u00e1rio. Entenda o processo!\",\"breadcrumb\":{\"@id\":\"https:\/\/www.suno.com.br\/noticias\/americanas-amer3-nova-oi-oibr3-o-que-e-recuperacao-judicial\/#breadcrumb\"},\"inLanguage\":\"pt-BR\",\"potentialAction\":[{\"@type\":\"ReadAction\",\"target\":[\"https:\/\/www.suno.com.br\/noticias\/americanas-amer3-nova-oi-oibr3-o-que-e-recuperacao-judicial\/\"]}]},{\"@type\":\"ImageObject\",\"inLanguage\":\"pt-BR\",\"@id\":\"https:\/\/www.suno.com.br\/noticias\/americanas-amer3-nova-oi-oibr3-o-que-e-recuperacao-judicial\/#primaryimage\",\"url\":\"https:\/\/files.sunoresearch.com.br\/n\/uploads\/2021\/04\/f8d88160-lojas-americanas.-jpg-scaled.jpg\",\"contentUrl\":\"https:\/\/files.sunoresearch.com.br\/n\/uploads\/2021\/04\/f8d88160-lojas-americanas.-jpg-scaled.jpg\",\"width\":2560,\"height\":1693,\"caption\":\"Americanas (AMER3) Foto: Divulga\u00e7\u00e3o\"},{\"@type\":\"BreadcrumbList\",\"@id\":\"https:\/\/www.suno.com.br\/noticias\/americanas-amer3-nova-oi-oibr3-o-que-e-recuperacao-judicial\/#breadcrumb\",\"itemListElement\":[{\"@type\":\"ListItem\",\"position\":1,\"name\":\"Not\u00edcias\",\"item\":\"https:\/\/www.suno.com.br\/noticias\/\"},{\"@type\":\"ListItem\",\"position\":2,\"name\":\"Neg\u00f3cios\",\"item\":\"https:\/\/www.suno.com.br\/noticias\/negocios\/\"},{\"@type\":\"ListItem\",\"position\":3,\"name\":\"Americanas (AMER3) \u00e9 a nova Oi (OIBR3)? O que \u00e9 recupera\u00e7\u00e3o judicial e por que a empresa pode precisar desse processo\"}]},{\"@type\":\"WebSite\",\"@id\":\"https:\/\/www.suno.com.br\/noticias\/#website\",\"url\":\"https:\/\/www.suno.com.br\/noticias\/\",\"name\":\"Suno Not\u00edcias\",\"description\":\"Seu portal de informa\u00e7\u00e3o sobre o mundo dos investimentos\",\"publisher\":{\"@id\":\"https:\/\/www.suno.com.br\/noticias\/#organization\"},\"potentialAction\":[{\"@type\":\"SearchAction\",\"target\":{\"@type\":\"EntryPoint\",\"urlTemplate\":\"https:\/\/www.suno.com.br\/noticias\/?s={search_term_string}\"},\"query-input\":{\"@type\":\"PropertyValueSpecification\",\"valueRequired\":true,\"valueName\":\"search_term_string\"}}],\"inLanguage\":\"pt-BR\"},{\"@type\":\"Organization\",\"@id\":\"https:\/\/www.suno.com.br\/noticias\/#organization\",\"name\":\"Suno Not\u00edcias\",\"url\":\"https:\/\/www.suno.com.br\/noticias\/\",\"logo\":{\"@type\":\"ImageObject\",\"inLanguage\":\"pt-BR\",\"@id\":\"https:\/\/www.suno.com.br\/noticias\/#\/schema\/logo\/image\/\",\"url\":\"https:\/\/files.sunoresearch.com.br\/n\/uploads\/2021\/09\/suno-logo.png\",\"contentUrl\":\"https:\/\/files.sunoresearch.com.br\/n\/uploads\/2021\/09\/suno-logo.png\",\"width\":180,\"height\":180,\"caption\":\"Suno Not\u00edcias\"},\"image\":{\"@id\":\"https:\/\/www.suno.com.br\/noticias\/#\/schema\/logo\/image\/\"},\"sameAs\":[\"https:\/\/facebook.com\/sunoresearch\",\"https:\/\/x.com\/sunoresearch\",\"https:\/\/www.instagram.com\/suno\",\"https:\/\/www.linkedin.com\/company\/suno-research\/\",\"https:\/\/www.youtube.com\/c\/sunoresearch\"]},{\"@type\":\"Person\",\"@id\":\"https:\/\/www.suno.com.br\/noticias\/#\/schema\/person\/c9d40f227e4ffee8114b1299c28902b0\",\"name\":\"Beatriz Boyadjian\",\"image\":{\"@type\":\"ImageObject\",\"inLanguage\":\"pt-BR\",\"@id\":\"https:\/\/www.suno.com.br\/noticias\/#\/schema\/person\/image\/\",\"url\":\"https:\/\/secure.gravatar.com\/avatar\/4c3c59f4030e268f950437c4f36e38b7?s=96&r=g\",\"contentUrl\":\"https:\/\/secure.gravatar.com\/avatar\/4c3c59f4030e268f950437c4f36e38b7?s=96&r=g\",\"caption\":\"Beatriz Boyadjian\"},\"description\":\"Rep\u00f3rter multim\u00eddia no Suno Not\u00edcias. Jornalista formada pela Faculdade C\u00e1sper L\u00edbero, foi rep\u00f3rter da Forbes Brasil e atuou na cobertura de hard news, economia, neg\u00f3cios e lifestyle. Gerenciou as redes sociais da edi\u00e7\u00e3o brasileira da tradicional revista de neg\u00f3cios. Na M\u00e1quina Cohn&amp;Wolfe, atuou como rela\u00e7\u00f5es p\u00fablicas de clientes do N\u00facleo de Sa\u00fade da empresa. Produziu releases, notas, relat\u00f3rios, entre outros, para empresas como Biomm, Hypera, FIDI. Anteriormente, respons\u00e1vel pelas redes sociais do Suno Not\u00edcias.\",\"sameAs\":[\"https:\/\/www.linkedin.com\/in\/beatriz-boyadjian\/\"],\"url\":\"https:\/\/www.suno.com.br\/noticias\/author\/beatriz-boyadjian\/\"}]}<\/script>\n<!-- \/ Yoast SEO plugin. -->","yoast_head_json":{"title":"Americanas (AMER3): nova OIBR3? Entenda o que \u00e9 recupera\u00e7\u00e3o judicial","description":"A Americanas (AMER3) tem 30 dias corridos para entrar com pedido de recupera\u00e7\u00e3o judicial se avaliar necess\u00e1rio. Entenda o processo!","robots":{"index":"index","follow":"follow","max-snippet":"max-snippet:-1","max-image-preview":"max-image-preview:large","max-video-preview":"max-video-preview:-1"},"canonical":"https:\/\/www.suno.com.br\/noticias\/americanas-amer3-nova-oi-oibr3-o-que-e-recuperacao-judicial\/","og_locale":"pt_BR","og_type":"article","og_title":"Americanas (AMER3): nova OIBR3? Entenda o que \u00e9 recupera\u00e7\u00e3o judicial","og_description":"A Americanas (AMER3) tem 30 dias corridos para entrar com pedido de recupera\u00e7\u00e3o judicial se avaliar necess\u00e1rio. Entenda o processo!","og_url":"https:\/\/www.suno.com.br\/noticias\/americanas-amer3-nova-oi-oibr3-o-que-e-recuperacao-judicial\/","og_site_name":"Suno Not\u00edcias","article_publisher":"https:\/\/facebook.com\/sunoresearch","og_image":[{"width":2560,"height":1693,"url":"https:\/\/files.sunoresearch.com.br\/n\/uploads\/2021\/04\/f8d88160-lojas-americanas.-jpg-scaled.jpg","type":"image\/jpeg"}],"author":"Beatriz Boyadjian","twitter_card":"summary_large_image","twitter_creator":"@sunoresearch","twitter_site":"@sunoresearch","twitter_misc":{"Escrito por":"Beatriz Boyadjian","Est. tempo de leitura":"4 minutos"},"schema":{"@context":"https:\/\/schema.org","@graph":[{"@type":"NewsArticle","@id":"https:\/\/www.suno.com.br\/noticias\/americanas-amer3-nova-oi-oibr3-o-que-e-recuperacao-judicial\/#article","isPartOf":{"@id":"https:\/\/www.suno.com.br\/noticias\/americanas-amer3-nova-oi-oibr3-o-que-e-recuperacao-judicial\/"},"author":{"name":"Beatriz Boyadjian","@id":"https:\/\/www.suno.com.br\/noticias\/#\/schema\/person\/c9d40f227e4ffee8114b1299c28902b0"},"headline":"Americanas (AMER3) \u00e9 a nova Oi (OIBR3)? O que \u00e9 recupera\u00e7\u00e3o judicial e por que a empresa pode precisar desse processo","datePublished":"2023-01-16T20:52:52+00:00","dateModified":"2023-01-16T22:17:30+00:00","mainEntityOfPage":{"@id":"https:\/\/www.suno.com.br\/noticias\/americanas-amer3-nova-oi-oibr3-o-que-e-recuperacao-judicial\/"},"wordCount":698,"publisher":{"@id":"https:\/\/www.suno.com.br\/noticias\/#organization"},"image":{"@id":"https:\/\/www.suno.com.br\/noticias\/americanas-amer3-nova-oi-oibr3-o-que-e-recuperacao-judicial\/#primaryimage"},"thumbnailUrl":"https:\/\/files.sunoresearch.com.br\/n\/uploads\/2021\/04\/f8d88160-lojas-americanas.-jpg-scaled.jpg","keywords":["Americanas (AMER3)","Especialistas","Oi (OIBR3\/OIBR4)","recupera\u00e7\u00e3o judicial"],"articleSection":["Neg\u00f3cios"],"inLanguage":"pt-BR"},{"@type":"WebPage","@id":"https:\/\/www.suno.com.br\/noticias\/americanas-amer3-nova-oi-oibr3-o-que-e-recuperacao-judicial\/","url":"https:\/\/www.suno.com.br\/noticias\/americanas-amer3-nova-oi-oibr3-o-que-e-recuperacao-judicial\/","name":"Americanas (AMER3): nova OIBR3? Entenda o que \u00e9 recupera\u00e7\u00e3o judicial","isPartOf":{"@id":"https:\/\/www.suno.com.br\/noticias\/#website"},"primaryImageOfPage":{"@id":"https:\/\/www.suno.com.br\/noticias\/americanas-amer3-nova-oi-oibr3-o-que-e-recuperacao-judicial\/#primaryimage"},"image":{"@id":"https:\/\/www.suno.com.br\/noticias\/americanas-amer3-nova-oi-oibr3-o-que-e-recuperacao-judicial\/#primaryimage"},"thumbnailUrl":"https:\/\/files.sunoresearch.com.br\/n\/uploads\/2021\/04\/f8d88160-lojas-americanas.-jpg-scaled.jpg","datePublished":"2023-01-16T20:52:52+00:00","dateModified":"2023-01-16T22:17:30+00:00","description":"A Americanas (AMER3) tem 30 dias corridos para entrar com pedido de recupera\u00e7\u00e3o judicial se avaliar necess\u00e1rio. Entenda o processo!","breadcrumb":{"@id":"https:\/\/www.suno.com.br\/noticias\/americanas-amer3-nova-oi-oibr3-o-que-e-recuperacao-judicial\/#breadcrumb"},"inLanguage":"pt-BR","potentialAction":[{"@type":"ReadAction","target":["https:\/\/www.suno.com.br\/noticias\/americanas-amer3-nova-oi-oibr3-o-que-e-recuperacao-judicial\/"]}]},{"@type":"ImageObject","inLanguage":"pt-BR","@id":"https:\/\/www.suno.com.br\/noticias\/americanas-amer3-nova-oi-oibr3-o-que-e-recuperacao-judicial\/#primaryimage","url":"https:\/\/files.sunoresearch.com.br\/n\/uploads\/2021\/04\/f8d88160-lojas-americanas.-jpg-scaled.jpg","contentUrl":"https:\/\/files.sunoresearch.com.br\/n\/uploads\/2021\/04\/f8d88160-lojas-americanas.-jpg-scaled.jpg","width":2560,"height":1693,"caption":"Americanas (AMER3) Foto: Divulga\u00e7\u00e3o"},{"@type":"BreadcrumbList","@id":"https:\/\/www.suno.com.br\/noticias\/americanas-amer3-nova-oi-oibr3-o-que-e-recuperacao-judicial\/#breadcrumb","itemListElement":[{"@type":"ListItem","position":1,"name":"Not\u00edcias","item":"https:\/\/www.suno.com.br\/noticias\/"},{"@type":"ListItem","position":2,"name":"Neg\u00f3cios","item":"https:\/\/www.suno.com.br\/noticias\/negocios\/"},{"@type":"ListItem","position":3,"name":"Americanas (AMER3) \u00e9 a nova Oi (OIBR3)? O que \u00e9 recupera\u00e7\u00e3o judicial e por que a empresa pode precisar desse processo"}]},{"@type":"WebSite","@id":"https:\/\/www.suno.com.br\/noticias\/#website","url":"https:\/\/www.suno.com.br\/noticias\/","name":"Suno Not\u00edcias","description":"Seu portal de informa\u00e7\u00e3o sobre o mundo dos investimentos","publisher":{"@id":"https:\/\/www.suno.com.br\/noticias\/#organization"},"potentialAction":[{"@type":"SearchAction","target":{"@type":"EntryPoint","urlTemplate":"https:\/\/www.suno.com.br\/noticias\/?s={search_term_string}"},"query-input":{"@type":"PropertyValueSpecification","valueRequired":true,"valueName":"search_term_string"}}],"inLanguage":"pt-BR"},{"@type":"Organization","@id":"https:\/\/www.suno.com.br\/noticias\/#organization","name":"Suno Not\u00edcias","url":"https:\/\/www.suno.com.br\/noticias\/","logo":{"@type":"ImageObject","inLanguage":"pt-BR","@id":"https:\/\/www.suno.com.br\/noticias\/#\/schema\/logo\/image\/","url":"https:\/\/files.sunoresearch.com.br\/n\/uploads\/2021\/09\/suno-logo.png","contentUrl":"https:\/\/files.sunoresearch.com.br\/n\/uploads\/2021\/09\/suno-logo.png","width":180,"height":180,"caption":"Suno Not\u00edcias"},"image":{"@id":"https:\/\/www.suno.com.br\/noticias\/#\/schema\/logo\/image\/"},"sameAs":["https:\/\/facebook.com\/sunoresearch","https:\/\/x.com\/sunoresearch","https:\/\/www.instagram.com\/suno","https:\/\/www.linkedin.com\/company\/suno-research\/","https:\/\/www.youtube.com\/c\/sunoresearch"]},{"@type":"Person","@id":"https:\/\/www.suno.com.br\/noticias\/#\/schema\/person\/c9d40f227e4ffee8114b1299c28902b0","name":"Beatriz Boyadjian","image":{"@type":"ImageObject","inLanguage":"pt-BR","@id":"https:\/\/www.suno.com.br\/noticias\/#\/schema\/person\/image\/","url":"https:\/\/secure.gravatar.com\/avatar\/4c3c59f4030e268f950437c4f36e38b7?s=96&r=g","contentUrl":"https:\/\/secure.gravatar.com\/avatar\/4c3c59f4030e268f950437c4f36e38b7?s=96&r=g","caption":"Beatriz Boyadjian"},"description":"Rep\u00f3rter multim\u00eddia no Suno Not\u00edcias. Jornalista formada pela Faculdade C\u00e1sper L\u00edbero, foi rep\u00f3rter da Forbes Brasil e atuou na cobertura de hard news, economia, neg\u00f3cios e lifestyle. Gerenciou as redes sociais da edi\u00e7\u00e3o brasileira da tradicional revista de neg\u00f3cios. Na M\u00e1quina Cohn&amp;Wolfe, atuou como rela\u00e7\u00f5es p\u00fablicas de clientes do N\u00facleo de Sa\u00fade da empresa. Produziu releases, notas, relat\u00f3rios, entre outros, para empresas como Biomm, Hypera, FIDI. Anteriormente, respons\u00e1vel pelas redes sociais do Suno Not\u00edcias.","sameAs":["https:\/\/www.linkedin.com\/in\/beatriz-boyadjian\/"],"url":"https:\/\/www.suno.com.br\/noticias\/author\/beatriz-boyadjian\/"}]}},"default_loop_html":"<div class=\"cardsPage__listCard__boxs\"><div class=\"cardsPage__listCard__boxs__img\"><a href=\"https:\/\/www.suno.com.br\/noticias\/americanas-amer3-nova-oi-oibr3-o-que-e-recuperacao-judicial\/\"><img class=\"mask\" src=\"https:\/\/www.suno.com.br\/noticias\/wp-content\/themes\/suno\/resources\/images\/spotlight\/spotlight1img\/bg-mask.png\" alt=\"Image Mask\"\/><img src=\"https:\/\/files.sunoresearch.com.br\/n\/uploads\/2021\/04\/f8d88160-lojas-americanas.-jpg-400x200.jpg\" alt=\"Americanas (AMER3) \u00e9 a nova Oi (OIBR3)? O que \u00e9 recupera\u00e7\u00e3o judicial e por que a empresa pode precisar desse processo\"\/><\/a><span class=\"spotlightCategory\"><a href=\"https:\/\/www.suno.com.br\/noticias\/negocios\/\">Neg\u00f3cios<\/a><\/span><\/div><div class=\"cardsPage__listCard__boxs__content\"><a href=\"https:\/\/www.suno.com.br\/noticias\/americanas-amer3-nova-oi-oibr3-o-que-e-recuperacao-judicial\/\"><h2 class=\"content__title\">Americanas (AMER3) \u00e9 a nova Oi (OIBR3)? O que \u00e9 recupera\u00e7\u00e3o judicial e por que a empresa pode precisar desse processo<\/h2><\/a><div class=\"newsContent__article__meta\"><div class=\"newsContent__article__meta__authorBox\"><a href=\"https:\/\/www.suno.com.br\/noticias\/author\/beatriz-boyadjian\/\" class=\"authorBox__avatar noMobi\"><img src=\"https:\/\/secure.gravatar.com\/avatar\/4c3c59f4030e268f950437c4f36e38b7?s=96&#038;r=g\" alt=\"Beatriz Boyadjian\"><\/a><div class=\"authorBox__name\"><span>por\n\t\t\t<a href=\"https:\/\/www.suno.com.br\/noticias\/author\/beatriz-boyadjian\/\"><span itemprop=\"author\">Beatriz Boyadjian<\/span><\/a><\/span><time datetime=\"2023-01-16T17:52:52-03:00\" itemprop=\"datePublished\">16\/01\/2023 17:52<\/time><\/div><\/div><\/div><\/div><\/div>","single_layout":"posts","amp_enabled":true,"_links":{"self":[{"href":"https:\/\/www.suno.com.br\/noticias\/wp-json\/wp\/v2\/posts\/347842"}],"collection":[{"href":"https:\/\/www.suno.com.br\/noticias\/wp-json\/wp\/v2\/posts"}],"about":[{"href":"https:\/\/www.suno.com.br\/noticias\/wp-json\/wp\/v2\/types\/post"}],"author":[{"embeddable":true,"href":"https:\/\/www.suno.com.br\/noticias\/wp-json\/wp\/v2\/users\/70"}],"replies":[{"embeddable":true,"href":"https:\/\/www.suno.com.br\/noticias\/wp-json\/wp\/v2\/comments?post=347842"}],"version-history":[{"count":2,"href":"https:\/\/www.suno.com.br\/noticias\/wp-json\/wp\/v2\/posts\/347842\/revisions"}],"predecessor-version":[{"id":347973,"href":"https:\/\/www.suno.com.br\/noticias\/wp-json\/wp\/v2\/posts\/347842\/revisions\/347973"}],"wp:featuredmedia":[{"embeddable":true,"href":"https:\/\/www.suno.com.br\/noticias\/wp-json\/wp\/v2\/media\/143384"}],"wp:attachment":[{"href":"https:\/\/www.suno.com.br\/noticias\/wp-json\/wp\/v2\/media?parent=347842"}],"wp:term":[{"taxonomy":"category","embeddable":true,"href":"https:\/\/www.suno.com.br\/noticias\/wp-json\/wp\/v2\/categories?post=347842"},{"taxonomy":"post_tag","embeddable":true,"href":"https:\/\/www.suno.com.br\/noticias\/wp-json\/wp\/v2\/tags?post=347842"},{"taxonomy":"suno_strategy","embeddable":true,"href":"https:\/\/www.suno.com.br\/noticias\/wp-json\/wp\/v2\/suno_strategy?post=347842"}],"curies":[{"name":"wp","href":"https:\/\/api.w.org\/{rel}","templated":true}]}}