{"id":34781,"date":"2019-08-21T11:03:43","date_gmt":"2019-08-21T14:03:43","guid":{"rendered":"https:\/\/www.suno.com.br\/noticias\/?p=34781"},"modified":"2019-08-21T15:44:01","modified_gmt":"2019-08-21T18:44:01","slug":"mercosul-efta-anunciar-acordo-comercial-nesta-semana","status":"publish","type":"post","link":"https:\/\/www.suno.com.br\/noticias\/mercosul-efta-anunciar-acordo-comercial-nesta-semana\/","title":{"rendered":"Mercosul e EFTA podem anunciar conclus\u00e3o do acordo comercial nesta semana"},"content":{"rendered":"<p>A <strong>Associa\u00e7\u00e3o Europeia de Livre Com\u00e9rcio<\/strong> (EFTA, em ingl\u00eas) pode anunciar ainda nesta semana o acordo com o <strong>Mercosul<\/strong>. Dessa forma, o setor industrial brasileiro pode ganhar ainda mais inser\u00e7\u00e3o na economia internacional.<\/p>\t<div class=\"wrapper-featured-image\">\n\t\t<figure class=\"spotlightImg\">\n\n\t\t\t<picture>\n\t\t\t\t<source media=\"(max-width: 768px)\" srcset=\"https:\/\/files.sunoresearch.com.br\/n\/uploads\/2019\/07\/7aea60b3-mercosul-400x200.webp\">\n\t\t\t\t<img loading=\"lazy\" decoding=\"async\" class=\"newsContent__article__imgCapa lazyloadDisabled newsContent__article__imgCapa--noCaption\" src=\"https:\/\/files.sunoresearch.com.br\/n\/uploads\/2019\/07\/7aea60b3-mercosul-800x450.webp\" width=\"800\" height=\"450\" alt=\"Mercosul e EFTA podem anunciar conclus\u00e3o do acordo comercial nesta semana\" fetchpriority=high \/>\n\t\t\t<\/picture>\n\n\t\t\t<figcaption class=\"wp-caption-text wp-caption-text--hide\">Mercosul e EFTA podem anunciar conclus\u00e3o do acordo comercial nesta semana<\/figcaption>\n\t\t<\/figure>\n\t<\/div>\n\n\n\n<p>A finaliza\u00e7\u00e3o do acordo pode acontecer em Buenos Aires, na Argentina. A negocia\u00e7\u00e3o teve in\u00edcio na \u00faltima segunda-feira (19). O <strong>Efta<\/strong> \u00e9 formado por quatro pa\u00edses, s\u00e3o eles:<\/p>\n<ul>\n<li>Su\u00ed\u00e7a;<\/li>\n<li>Noruega;<\/li>\n<li>Isl\u00e2ndia;<\/li>\n<li>Liechtenstein.<\/li>\n<\/ul>\n<p>A <strong>Su\u00ed\u00e7a<\/strong> pede uma prote\u00e7\u00e3o maior para os rem\u00e9dios no bloco. Em contrapartida, o Mercosul quer ter mais espa\u00e7o para negociar produtos agr\u00edcolas.<\/p>\n<p>Apesar de serem pequenos, os pa\u00edses que comp\u00f5em o EFTA possuem grande poder de compra e chegam a importar aproximadamente US$ 400 bilh\u00f5es por ano. O valor \u00e9 muito maior do que o do Mercosul.<\/p>\n<p><a href=\"https:\/\/www.suno.com.br\/noticias\/jair-bolsonaro-paulo-guedes-mercosul-argentina\/\">Veja tamb\u00e9m: Bolsonaro aprova declara\u00e7\u00e3o de Guedes sobre sa\u00edda do Mercosul\u00a0<\/a><\/p>\n<p>Caso o acordo entre em vigor, o Brasil dar\u00e1 mais um passo em sua nova rumo pol\u00edtico comercial. Isso porque o Pa\u00eds j\u00e1 teve uma grande investida em junho ao firmar acordo com a Uni\u00e3o Europeia por meio do Mercosul.<\/p>\n<p>\u201cO acordo com o Efta ser\u00e1 mais um passo importante na dire\u00e7\u00e3o da maior inser\u00e7\u00e3o internacional da economia e da ind\u00fastria brasileira\u201d, disse Carlos Abijaodi, diretor de Desenvolvimento Industrial da Confedera\u00e7\u00e3o Nacional da Ind\u00fastria <strong>(CNI).<\/strong><\/p>\n\t<p>\n\t\t<a href=\"https:\/\/lp.suno.com.br\/planilha-controle-gastos\/\" target=\"_blank\" data-element=\"shortcode-suno-banner\" title=\"Banner SUNO, clique e saiba mais\">\n\t\t\t<picture>\n\t\t\t\t<source media=\"(max-width: 500px)\" srcset=\"https:\/\/files.sunoresearch.com.br\/n\/uploads\/2023\/03\/400x300-Planilha-controle-de-gastos.png\">\n\t\t\t\t<img class=\"newsContent__article__imgCapa newsContent__article__imgCapa--banner\"\n\t\t\t\t\tsrc=\"https:\/\/files.sunoresearch.com.br\/n\/uploads\/2023\/03\/1420x240-Planilha-controle-de-gastos.png\"\n\t\t\t\t\tdata-promo-id=\"383122\"\t\t\t\t\t\t\t\t\t\twidth='1420' height='240'\t\t\t\t\talt=\"https:\/\/files.sunoresearch.com.br\/n\/uploads\/2023\/03\/1420x240-Planilha-controle-de-gastos.png\"\n\t\t\t\t>\n\t\t\t<\/picture>\n\t\t<\/a>\n\t<\/p>\n\n\n<p>O Brasil tende a encontrar dificuldades quando o acordo tiver que passar pelo parlamento da Noruega. Isso porque o presidente <strong>Jair<\/strong> <strong>Bolsonaro (PSL)<\/strong> iniciou, h\u00e1 pouco tempo, um embate sobre o meio ambiente com o pa\u00eds europeu. Al\u00e9m disso, representantes de agricultores da Su\u00ed\u00e7a tamb\u00e9m est\u00e3o se opondo ao acordo comercial com o Mercosul.<\/p>\n<p>Os produtos mais importados pelo Mercosul, do EFTA, s\u00e3o medicamentos e produtos qu\u00edmicos. Contudo, as exporta\u00e7\u00f5es com maior n\u00famero s\u00e3o de manufaturados, como alum\u00ednio e ouro.<\/p>\n<p>De acordo com a Confedera\u00e7\u00e3o Nacional da Ind\u00fastria (CNI), o pacto entre Mercosul e <strong>Efta<\/strong> geraria ganhos concretos para os dois lados. Os pa\u00edses que comp\u00f5em o grupo ficam apenas atr\u00e1s dos Estados Unidos, no segmento de parceria de servi\u00e7os com o Brasil .<\/p>\n","protected":false},"excerpt":{"rendered":"<p>A Associa\u00e7\u00e3o Europeia de Livre Com\u00e9rcio (EFTA, em ingl\u00eas) pode anunciar ainda nesta semana o acordo com o Mercosul. Dessa forma, o setor industrial brasileiro pode ganhar ainda mais inser\u00e7\u00e3o na economia internacional. Mercosul e EFTA podem anunciar conclus\u00e3o do acordo comercial nesta semana A finaliza\u00e7\u00e3o do acordo pode acontecer em Buenos Aires, na Argentina. [&hellip;]<\/p>\n","protected":false},"author":19,"featured_media":32176,"comment_status":"closed","ping_status":"closed","sticky":false,"template":"","format":"standard","meta":[],"categories":[63],"tags":[868],"suno_strategy":[],"class_list":["post-34781","post","type-post","status-publish","format-standard","has-post-thumbnail","hentry","category-internacional","tag-mercosul"],"yoast_head":"<!-- This site is optimized with the Yoast SEO plugin v24.4 - https:\/\/yoast.com\/wordpress\/plugins\/seo\/ -->\n<title>Mercosul e EFTA podem anunciar conclus\u00e3o do acordo comercial<\/title>\n<meta name=\"description\" content=\"A Associa\u00e7\u00e3o Europeia de Livre Com\u00e9rcio (EFTA, em ingl\u00eas) pode anunciar ainda nesta semana o acordo com o Mercosul. Clique e saiba mais.\" \/>\n<meta name=\"robots\" content=\"index, follow, max-snippet:-1, max-image-preview:large, max-video-preview:-1\" \/>\n<link rel=\"canonical\" href=\"https:\/\/www.suno.com.br\/noticias\/mercosul-efta-anunciar-acordo-comercial-nesta-semana\/\" \/>\n<meta property=\"og:locale\" content=\"pt_BR\" \/>\n<meta property=\"og:type\" content=\"article\" \/>\n<meta property=\"og:title\" content=\"Mercosul e EFTA podem anunciar conclus\u00e3o do acordo comercial\" \/>\n<meta property=\"og:description\" content=\"A Associa\u00e7\u00e3o Europeia de Livre Com\u00e9rcio (EFTA, em ingl\u00eas) pode anunciar ainda nesta semana o acordo com o Mercosul. Clique e saiba mais.\" \/>\n<meta property=\"og:url\" content=\"https:\/\/www.suno.com.br\/noticias\/mercosul-efta-anunciar-acordo-comercial-nesta-semana\/\" \/>\n<meta property=\"og:site_name\" content=\"Suno Not\u00edcias\" \/>\n<meta property=\"article:publisher\" content=\"https:\/\/facebook.com\/sunoresearch\" \/>\n<meta property=\"og:image\" content=\"https:\/\/files.sunoresearch.com.br\/n\/uploads\/2019\/07\/7aea60b3-mercosul.jpg\" \/>\n\t<meta property=\"og:image:width\" content=\"1000\" \/>\n\t<meta property=\"og:image:height\" content=\"541\" \/>\n\t<meta property=\"og:image:type\" content=\"image\/jpeg\" \/>\n<meta name=\"author\" content=\"Juliano Passaro\" \/>\n<meta name=\"twitter:card\" content=\"summary_large_image\" \/>\n<meta name=\"twitter:creator\" content=\"@sunoresearch\" \/>\n<meta name=\"twitter:site\" content=\"@sunoresearch\" \/>\n<meta name=\"twitter:label1\" content=\"Escrito por\" \/>\n\t<meta name=\"twitter:data1\" content=\"Juliano Passaro\" \/>\n\t<meta name=\"twitter:label2\" content=\"Est. tempo de leitura\" \/>\n\t<meta name=\"twitter:data2\" content=\"2 minutos\" \/>\n<script type=\"application\/ld+json\" class=\"yoast-schema-graph\">{\"@context\":\"https:\/\/schema.org\",\"@graph\":[{\"@type\":\"NewsArticle\",\"@id\":\"https:\/\/www.suno.com.br\/noticias\/mercosul-efta-anunciar-acordo-comercial-nesta-semana\/#article\",\"isPartOf\":{\"@id\":\"https:\/\/www.suno.com.br\/noticias\/mercosul-efta-anunciar-acordo-comercial-nesta-semana\/\"},\"author\":{\"name\":\"Juliano Passaro\",\"@id\":\"https:\/\/www.suno.com.br\/noticias\/#\/schema\/person\/1db762f78ffd8919a648a63e425953e3\"},\"headline\":\"Mercosul e EFTA podem anunciar conclus\u00e3o do acordo comercial nesta semana\",\"datePublished\":\"2019-08-21T14:03:43+00:00\",\"dateModified\":\"2019-08-21T18:44:01+00:00\",\"mainEntityOfPage\":{\"@id\":\"https:\/\/www.suno.com.br\/noticias\/mercosul-efta-anunciar-acordo-comercial-nesta-semana\/\"},\"wordCount\":392,\"publisher\":{\"@id\":\"https:\/\/www.suno.com.br\/noticias\/#organization\"},\"image\":{\"@id\":\"https:\/\/www.suno.com.br\/noticias\/mercosul-efta-anunciar-acordo-comercial-nesta-semana\/#primaryimage\"},\"thumbnailUrl\":\"https:\/\/files.sunoresearch.com.br\/n\/uploads\/2019\/07\/7aea60b3-mercosul-jpg.webp\",\"keywords\":[\"Mercosul\"],\"articleSection\":[\"Internacional\"],\"inLanguage\":\"pt-BR\"},{\"@type\":\"WebPage\",\"@id\":\"https:\/\/www.suno.com.br\/noticias\/mercosul-efta-anunciar-acordo-comercial-nesta-semana\/\",\"url\":\"https:\/\/www.suno.com.br\/noticias\/mercosul-efta-anunciar-acordo-comercial-nesta-semana\/\",\"name\":\"Mercosul e EFTA podem anunciar conclus\u00e3o do acordo comercial\",\"isPartOf\":{\"@id\":\"https:\/\/www.suno.com.br\/noticias\/#website\"},\"primaryImageOfPage\":{\"@id\":\"https:\/\/www.suno.com.br\/noticias\/mercosul-efta-anunciar-acordo-comercial-nesta-semana\/#primaryimage\"},\"image\":{\"@id\":\"https:\/\/www.suno.com.br\/noticias\/mercosul-efta-anunciar-acordo-comercial-nesta-semana\/#primaryimage\"},\"thumbnailUrl\":\"https:\/\/files.sunoresearch.com.br\/n\/uploads\/2019\/07\/7aea60b3-mercosul-jpg.webp\",\"datePublished\":\"2019-08-21T14:03:43+00:00\",\"dateModified\":\"2019-08-21T18:44:01+00:00\",\"description\":\"A Associa\u00e7\u00e3o Europeia de Livre Com\u00e9rcio (EFTA, em ingl\u00eas) pode anunciar ainda nesta semana o acordo com o Mercosul. Clique e saiba mais.\",\"breadcrumb\":{\"@id\":\"https:\/\/www.suno.com.br\/noticias\/mercosul-efta-anunciar-acordo-comercial-nesta-semana\/#breadcrumb\"},\"inLanguage\":\"pt-BR\",\"potentialAction\":[{\"@type\":\"ReadAction\",\"target\":[\"https:\/\/www.suno.com.br\/noticias\/mercosul-efta-anunciar-acordo-comercial-nesta-semana\/\"]}]},{\"@type\":\"ImageObject\",\"inLanguage\":\"pt-BR\",\"@id\":\"https:\/\/www.suno.com.br\/noticias\/mercosul-efta-anunciar-acordo-comercial-nesta-semana\/#primaryimage\",\"url\":\"https:\/\/files.sunoresearch.com.br\/n\/uploads\/2019\/07\/7aea60b3-mercosul-jpg.webp\",\"contentUrl\":\"https:\/\/files.sunoresearch.com.br\/n\/uploads\/2019\/07\/7aea60b3-mercosul-jpg.webp\",\"width\":1000,\"height\":541,\"caption\":\"Mercosul e EFTA podem anunciar conclus\u00e3o do acordo comercial nesta semana\"},{\"@type\":\"BreadcrumbList\",\"@id\":\"https:\/\/www.suno.com.br\/noticias\/mercosul-efta-anunciar-acordo-comercial-nesta-semana\/#breadcrumb\",\"itemListElement\":[{\"@type\":\"ListItem\",\"position\":1,\"name\":\"Not\u00edcias\",\"item\":\"https:\/\/www.suno.com.br\/noticias\/\"},{\"@type\":\"ListItem\",\"position\":2,\"name\":\"Internacional\",\"item\":\"https:\/\/www.suno.com.br\/noticias\/internacional\/\"},{\"@type\":\"ListItem\",\"position\":3,\"name\":\"Mercosul e EFTA podem anunciar conclus\u00e3o do acordo comercial nesta semana\"}]},{\"@type\":\"WebSite\",\"@id\":\"https:\/\/www.suno.com.br\/noticias\/#website\",\"url\":\"https:\/\/www.suno.com.br\/noticias\/\",\"name\":\"Suno Not\u00edcias\",\"description\":\"Seu portal de informa\u00e7\u00e3o sobre o mundo dos investimentos\",\"publisher\":{\"@id\":\"https:\/\/www.suno.com.br\/noticias\/#organization\"},\"potentialAction\":[{\"@type\":\"SearchAction\",\"target\":{\"@type\":\"EntryPoint\",\"urlTemplate\":\"https:\/\/www.suno.com.br\/noticias\/?s={search_term_string}\"},\"query-input\":{\"@type\":\"PropertyValueSpecification\",\"valueRequired\":true,\"valueName\":\"search_term_string\"}}],\"inLanguage\":\"pt-BR\"},{\"@type\":\"Organization\",\"@id\":\"https:\/\/www.suno.com.br\/noticias\/#organization\",\"name\":\"Suno Not\u00edcias\",\"url\":\"https:\/\/www.suno.com.br\/noticias\/\",\"logo\":{\"@type\":\"ImageObject\",\"inLanguage\":\"pt-BR\",\"@id\":\"https:\/\/www.suno.com.br\/noticias\/#\/schema\/logo\/image\/\",\"url\":\"https:\/\/files.sunoresearch.com.br\/n\/uploads\/2021\/09\/suno-logo.png\",\"contentUrl\":\"https:\/\/files.sunoresearch.com.br\/n\/uploads\/2021\/09\/suno-logo.png\",\"width\":180,\"height\":180,\"caption\":\"Suno Not\u00edcias\"},\"image\":{\"@id\":\"https:\/\/www.suno.com.br\/noticias\/#\/schema\/logo\/image\/\"},\"sameAs\":[\"https:\/\/facebook.com\/sunoresearch\",\"https:\/\/x.com\/sunoresearch\",\"https:\/\/www.instagram.com\/suno\",\"https:\/\/www.linkedin.com\/company\/suno-research\/\",\"https:\/\/www.youtube.com\/c\/sunoresearch\"]},{\"@type\":\"Person\",\"@id\":\"https:\/\/www.suno.com.br\/noticias\/#\/schema\/person\/1db762f78ffd8919a648a63e425953e3\",\"name\":\"Juliano Passaro\",\"image\":{\"@type\":\"ImageObject\",\"inLanguage\":\"pt-BR\",\"@id\":\"https:\/\/www.suno.com.br\/noticias\/#\/schema\/person\/image\/\",\"url\":\"https:\/\/secure.gravatar.com\/avatar\/743d4df28eebf6dcc46b4ad03c319e92?s=96&r=g\",\"contentUrl\":\"https:\/\/secure.gravatar.com\/avatar\/743d4df28eebf6dcc46b4ad03c319e92?s=96&r=g\",\"caption\":\"Juliano Passaro\"},\"description\":\"Juliano Passaro escreve sobre pol\u00edtica, economia e neg\u00f3cios para o portal da Suno Research. Antes da Suno, trabalhou no Portal da Band. \u00c9 formado em jornalismo pela Universidade Presbiteriana Mackenzie.\",\"url\":\"https:\/\/www.suno.com.br\/noticias\/author\/juliano\/\"}]}<\/script>\n<!-- \/ Yoast SEO plugin. -->","yoast_head_json":{"title":"Mercosul e EFTA podem anunciar conclus\u00e3o do acordo comercial","description":"A Associa\u00e7\u00e3o Europeia de Livre Com\u00e9rcio (EFTA, em ingl\u00eas) pode anunciar ainda nesta semana o acordo com o Mercosul. Clique e saiba mais.","robots":{"index":"index","follow":"follow","max-snippet":"max-snippet:-1","max-image-preview":"max-image-preview:large","max-video-preview":"max-video-preview:-1"},"canonical":"https:\/\/www.suno.com.br\/noticias\/mercosul-efta-anunciar-acordo-comercial-nesta-semana\/","og_locale":"pt_BR","og_type":"article","og_title":"Mercosul e EFTA podem anunciar conclus\u00e3o do acordo comercial","og_description":"A Associa\u00e7\u00e3o Europeia de Livre Com\u00e9rcio (EFTA, em ingl\u00eas) pode anunciar ainda nesta semana o acordo com o Mercosul. Clique e saiba mais.","og_url":"https:\/\/www.suno.com.br\/noticias\/mercosul-efta-anunciar-acordo-comercial-nesta-semana\/","og_site_name":"Suno Not\u00edcias","article_publisher":"https:\/\/facebook.com\/sunoresearch","og_image":[{"width":1000,"height":541,"url":"https:\/\/files.sunoresearch.com.br\/n\/uploads\/2019\/07\/7aea60b3-mercosul.jpg","type":"image\/jpeg"}],"author":"Juliano Passaro","twitter_card":"summary_large_image","twitter_creator":"@sunoresearch","twitter_site":"@sunoresearch","twitter_misc":{"Escrito por":"Juliano Passaro","Est. tempo de leitura":"2 minutos"},"schema":{"@context":"https:\/\/schema.org","@graph":[{"@type":"NewsArticle","@id":"https:\/\/www.suno.com.br\/noticias\/mercosul-efta-anunciar-acordo-comercial-nesta-semana\/#article","isPartOf":{"@id":"https:\/\/www.suno.com.br\/noticias\/mercosul-efta-anunciar-acordo-comercial-nesta-semana\/"},"author":{"name":"Juliano Passaro","@id":"https:\/\/www.suno.com.br\/noticias\/#\/schema\/person\/1db762f78ffd8919a648a63e425953e3"},"headline":"Mercosul e EFTA podem anunciar conclus\u00e3o do acordo comercial nesta semana","datePublished":"2019-08-21T14:03:43+00:00","dateModified":"2019-08-21T18:44:01+00:00","mainEntityOfPage":{"@id":"https:\/\/www.suno.com.br\/noticias\/mercosul-efta-anunciar-acordo-comercial-nesta-semana\/"},"wordCount":392,"publisher":{"@id":"https:\/\/www.suno.com.br\/noticias\/#organization"},"image":{"@id":"https:\/\/www.suno.com.br\/noticias\/mercosul-efta-anunciar-acordo-comercial-nesta-semana\/#primaryimage"},"thumbnailUrl":"https:\/\/files.sunoresearch.com.br\/n\/uploads\/2019\/07\/7aea60b3-mercosul-jpg.webp","keywords":["Mercosul"],"articleSection":["Internacional"],"inLanguage":"pt-BR"},{"@type":"WebPage","@id":"https:\/\/www.suno.com.br\/noticias\/mercosul-efta-anunciar-acordo-comercial-nesta-semana\/","url":"https:\/\/www.suno.com.br\/noticias\/mercosul-efta-anunciar-acordo-comercial-nesta-semana\/","name":"Mercosul e EFTA podem anunciar conclus\u00e3o do acordo comercial","isPartOf":{"@id":"https:\/\/www.suno.com.br\/noticias\/#website"},"primaryImageOfPage":{"@id":"https:\/\/www.suno.com.br\/noticias\/mercosul-efta-anunciar-acordo-comercial-nesta-semana\/#primaryimage"},"image":{"@id":"https:\/\/www.suno.com.br\/noticias\/mercosul-efta-anunciar-acordo-comercial-nesta-semana\/#primaryimage"},"thumbnailUrl":"https:\/\/files.sunoresearch.com.br\/n\/uploads\/2019\/07\/7aea60b3-mercosul-jpg.webp","datePublished":"2019-08-21T14:03:43+00:00","dateModified":"2019-08-21T18:44:01+00:00","description":"A Associa\u00e7\u00e3o Europeia de Livre Com\u00e9rcio (EFTA, em ingl\u00eas) pode anunciar ainda nesta semana o acordo com o Mercosul. Clique e saiba mais.","breadcrumb":{"@id":"https:\/\/www.suno.com.br\/noticias\/mercosul-efta-anunciar-acordo-comercial-nesta-semana\/#breadcrumb"},"inLanguage":"pt-BR","potentialAction":[{"@type":"ReadAction","target":["https:\/\/www.suno.com.br\/noticias\/mercosul-efta-anunciar-acordo-comercial-nesta-semana\/"]}]},{"@type":"ImageObject","inLanguage":"pt-BR","@id":"https:\/\/www.suno.com.br\/noticias\/mercosul-efta-anunciar-acordo-comercial-nesta-semana\/#primaryimage","url":"https:\/\/files.sunoresearch.com.br\/n\/uploads\/2019\/07\/7aea60b3-mercosul-jpg.webp","contentUrl":"https:\/\/files.sunoresearch.com.br\/n\/uploads\/2019\/07\/7aea60b3-mercosul-jpg.webp","width":1000,"height":541,"caption":"Mercosul e EFTA podem anunciar conclus\u00e3o do acordo comercial nesta semana"},{"@type":"BreadcrumbList","@id":"https:\/\/www.suno.com.br\/noticias\/mercosul-efta-anunciar-acordo-comercial-nesta-semana\/#breadcrumb","itemListElement":[{"@type":"ListItem","position":1,"name":"Not\u00edcias","item":"https:\/\/www.suno.com.br\/noticias\/"},{"@type":"ListItem","position":2,"name":"Internacional","item":"https:\/\/www.suno.com.br\/noticias\/internacional\/"},{"@type":"ListItem","position":3,"name":"Mercosul e EFTA podem anunciar conclus\u00e3o do acordo comercial nesta semana"}]},{"@type":"WebSite","@id":"https:\/\/www.suno.com.br\/noticias\/#website","url":"https:\/\/www.suno.com.br\/noticias\/","name":"Suno Not\u00edcias","description":"Seu portal de informa\u00e7\u00e3o sobre o mundo dos investimentos","publisher":{"@id":"https:\/\/www.suno.com.br\/noticias\/#organization"},"potentialAction":[{"@type":"SearchAction","target":{"@type":"EntryPoint","urlTemplate":"https:\/\/www.suno.com.br\/noticias\/?s={search_term_string}"},"query-input":{"@type":"PropertyValueSpecification","valueRequired":true,"valueName":"search_term_string"}}],"inLanguage":"pt-BR"},{"@type":"Organization","@id":"https:\/\/www.suno.com.br\/noticias\/#organization","name":"Suno Not\u00edcias","url":"https:\/\/www.suno.com.br\/noticias\/","logo":{"@type":"ImageObject","inLanguage":"pt-BR","@id":"https:\/\/www.suno.com.br\/noticias\/#\/schema\/logo\/image\/","url":"https:\/\/files.sunoresearch.com.br\/n\/uploads\/2021\/09\/suno-logo.png","contentUrl":"https:\/\/files.sunoresearch.com.br\/n\/uploads\/2021\/09\/suno-logo.png","width":180,"height":180,"caption":"Suno Not\u00edcias"},"image":{"@id":"https:\/\/www.suno.com.br\/noticias\/#\/schema\/logo\/image\/"},"sameAs":["https:\/\/facebook.com\/sunoresearch","https:\/\/x.com\/sunoresearch","https:\/\/www.instagram.com\/suno","https:\/\/www.linkedin.com\/company\/suno-research\/","https:\/\/www.youtube.com\/c\/sunoresearch"]},{"@type":"Person","@id":"https:\/\/www.suno.com.br\/noticias\/#\/schema\/person\/1db762f78ffd8919a648a63e425953e3","name":"Juliano Passaro","image":{"@type":"ImageObject","inLanguage":"pt-BR","@id":"https:\/\/www.suno.com.br\/noticias\/#\/schema\/person\/image\/","url":"https:\/\/secure.gravatar.com\/avatar\/743d4df28eebf6dcc46b4ad03c319e92?s=96&r=g","contentUrl":"https:\/\/secure.gravatar.com\/avatar\/743d4df28eebf6dcc46b4ad03c319e92?s=96&r=g","caption":"Juliano Passaro"},"description":"Juliano Passaro escreve sobre pol\u00edtica, economia e neg\u00f3cios para o portal da Suno Research. Antes da Suno, trabalhou no Portal da Band. \u00c9 formado em jornalismo pela Universidade Presbiteriana Mackenzie.","url":"https:\/\/www.suno.com.br\/noticias\/author\/juliano\/"}]}},"default_loop_html":"<div class=\"cardsPage__listCard__boxs\"><div class=\"cardsPage__listCard__boxs__img\"><a href=\"https:\/\/www.suno.com.br\/noticias\/mercosul-efta-anunciar-acordo-comercial-nesta-semana\/\"><img class=\"mask\" src=\"https:\/\/www.suno.com.br\/noticias\/wp-content\/themes\/suno\/resources\/images\/spotlight\/spotlight1img\/bg-mask.png\" alt=\"Image Mask\"\/><img src=\"https:\/\/files.sunoresearch.com.br\/n\/uploads\/2019\/07\/7aea60b3-mercosul-400x200.webp\" alt=\"Mercosul e EFTA podem anunciar conclus\u00e3o do acordo comercial nesta semana\"\/><\/a><span class=\"spotlightCategory\"><a href=\"https:\/\/www.suno.com.br\/noticias\/internacional\/\">Internacional<\/a><\/span><\/div><div class=\"cardsPage__listCard__boxs__content\"><a href=\"https:\/\/www.suno.com.br\/noticias\/mercosul-efta-anunciar-acordo-comercial-nesta-semana\/\"><h2 class=\"content__title\">Mercosul e EFTA podem anunciar conclus\u00e3o do acordo comercial nesta semana<\/h2><\/a><div class=\"newsContent__article__meta\"><div class=\"newsContent__article__meta__authorBox\"><a href=\"https:\/\/www.suno.com.br\/noticias\/author\/juliano\/\" class=\"authorBox__avatar noMobi\"><img src=\"https:\/\/files.sunoresearch.com.br\/n\/uploads\/2019\/06\/7cc3efea-whatsapp-image-2019-07-18-at-21.59.33-e1563499821209-150x150.webp\" alt=\"Juliano Passaro\"><\/a><div class=\"authorBox__name\"><span>por\n\t\t\t<a href=\"https:\/\/www.suno.com.br\/noticias\/author\/juliano\/\"><span itemprop=\"author\">Juliano Passaro<\/span><\/a><\/span><time datetime=\"2019-08-21T11:03:43-03:00\" itemprop=\"datePublished\">21\/08\/2019 11:03<\/time><\/div><\/div><\/div><\/div><\/div>","single_layout":"posts","amp_enabled":true,"_links":{"self":[{"href":"https:\/\/www.suno.com.br\/noticias\/wp-json\/wp\/v2\/posts\/34781"}],"collection":[{"href":"https:\/\/www.suno.com.br\/noticias\/wp-json\/wp\/v2\/posts"}],"about":[{"href":"https:\/\/www.suno.com.br\/noticias\/wp-json\/wp\/v2\/types\/post"}],"author":[{"embeddable":true,"href":"https:\/\/www.suno.com.br\/noticias\/wp-json\/wp\/v2\/users\/19"}],"replies":[{"embeddable":true,"href":"https:\/\/www.suno.com.br\/noticias\/wp-json\/wp\/v2\/comments?post=34781"}],"version-history":[{"count":0,"href":"https:\/\/www.suno.com.br\/noticias\/wp-json\/wp\/v2\/posts\/34781\/revisions"}],"wp:featuredmedia":[{"embeddable":true,"href":"https:\/\/www.suno.com.br\/noticias\/wp-json\/wp\/v2\/media\/32176"}],"wp:attachment":[{"href":"https:\/\/www.suno.com.br\/noticias\/wp-json\/wp\/v2\/media?parent=34781"}],"wp:term":[{"taxonomy":"category","embeddable":true,"href":"https:\/\/www.suno.com.br\/noticias\/wp-json\/wp\/v2\/categories?post=34781"},{"taxonomy":"post_tag","embeddable":true,"href":"https:\/\/www.suno.com.br\/noticias\/wp-json\/wp\/v2\/tags?post=34781"},{"taxonomy":"suno_strategy","embeddable":true,"href":"https:\/\/www.suno.com.br\/noticias\/wp-json\/wp\/v2\/suno_strategy?post=34781"}],"curies":[{"name":"wp","href":"https:\/\/api.w.org\/{rel}","templated":true}]}}