{"id":34774,"date":"2019-08-21T10:18:49","date_gmt":"2019-08-21T13:18:49","guid":{"rendered":"https:\/\/www.suno.com.br\/noticias\/?p=34774"},"modified":"2019-08-21T10:18:49","modified_gmt":"2019-08-21T13:18:49","slug":"guedes-descentralizacao-500-bi-a-estados","status":"publish","type":"post","link":"https:\/\/www.suno.com.br\/noticias\/guedes-descentralizacao-500-bi-a-estados\/","title":{"rendered":"Guedes: descentraliza\u00e7\u00e3o trar\u00e1 R$ 500 bi a Estados"},"content":{"rendered":"<p>Paulo Guedes, ministro da Economia, prometeu injetar aproximadamente R$ 500 bilh\u00f5es em Estados em munic\u00edpios. No decorrer dos pr\u00f3ximos 15 anos, as medidas de descentraliza\u00e7\u00e3o ir\u00e3o tirar recursos que ficam exclusivamente nas m\u00e3os da Uni\u00e3o e repassar aos demais entes federativos.<\/p>\t<div class=\"wrapper-featured-image\">\n\t\t<figure class=\"spotlightImg\">\n\n\t\t\t<picture>\n\t\t\t\t<source media=\"(max-width: 768px)\" srcset=\"https:\/\/files.sunoresearch.com.br\/n\/uploads\/2019\/06\/abd95db4-guedes-400x200.webp\">\n\t\t\t\t<img loading=\"lazy\" decoding=\"async\" class=\"newsContent__article__imgCapa lazyloadDisabled newsContent__article__imgCapa--noCaption\" src=\"https:\/\/files.sunoresearch.com.br\/n\/uploads\/2019\/06\/abd95db4-guedes-800x450.webp\" width=\"800\" height=\"450\" alt=\"Guedes: descentraliza\u00e7\u00e3o trar\u00e1 R$ 500 bi a Estados\" fetchpriority=high \/>\n\t\t\t<\/picture>\n\n\t\t\t<figcaption class=\"wp-caption-text wp-caption-text--hide\">Guedes diz que ap\u00f3s reforma pr\u00f3ximo passo \u00e9 o pacto federativo<\/figcaption>\n\t\t<\/figure>\n\t<\/div>\n\n\n<p>A sinaliza\u00e7\u00e3o foi feita em reuni\u00e3o de <strong>Guedes<\/strong> com o presidente do Senado, Davi Alcolumbre (DEM-AP), e lideran\u00e7as da Casa na discuss\u00e3o em busca de um novo pacto federativo.<\/p>\n\n<p>As informa\u00e7\u00f5es foram divulgadas pelo jornal &#8220;O Estado de S. Paulo&#8221;.<\/p>\n<h2>Guedes j\u00e1 falava em descentraliza\u00e7\u00e3o na campanha eleitoral<\/h2>\n<p>Nas \u00faltimas semanas, senadores cobraram apoio da equipe econ\u00f4mica em pautas que s\u00e3o de interesse de governos regionais, em troca da aprova\u00e7\u00e3o da <strong>reforma da Previd\u00eancia<\/strong>.<\/p>\n<p><a href=\"https:\/\/www.suno.com.br\/noticias\/reforma-previdencia-no-senado-audiencia-ccj\/\">Veja tamb\u00e9m: Reforma da Previd\u00eancia tramita no Senado com audi\u00eancia na CCJ<\/a><\/p>\n<p>As pautas incluem, por exemplo, distribui\u00e7\u00e3o de recursos de dinheiro relacionado \u00e0 explora\u00e7\u00e3o de petr\u00f3leo e acr\u00e9scimo no <strong>Fundeb<\/strong>, que financia a educa\u00e7\u00e3o b\u00e1sica.<\/p>\n<p>A descentraliza\u00e7\u00e3o da <strong>Uni\u00e3o<\/strong>, repassando recursos aos Estados e munic\u00edpios, j\u00e1 vinha sendo prometida por <strong>Guedes<\/strong> desde a campanha eleitoral. Por\u00e9m, a medida preocupa a equipe econ\u00f4mica, pois a volume de dinheiro a esses entes pode fazer com que governadores e prefeitos deixem o ajuste fiscal de lado.<\/p>\n<p>A <strong>reforma da Previd\u00eancia<\/strong> n\u00e3o contempla os Estados e munic\u00edpios, por exemplo, e a maior despesa nas contas estaduais \u00e9 com aposentados e pensionistas.<\/p>\n\t<p>\n\t\t<a href=\"https:\/\/lp.suno.com.br\/minicurso-investindo-fiis\/\" target=\"_blank\" data-element=\"shortcode-suno-banner\" title=\"Banner SUNO, clique e saiba mais\">\n\t\t\t<picture>\n\t\t\t\t<source media=\"(max-width: 500px)\" srcset=\"https:\/\/files.sunoresearch.com.br\/n\/uploads\/2023\/03\/400x300-Minicurso-FIIS.png\">\n\t\t\t\t<img class=\"newsContent__article__imgCapa newsContent__article__imgCapa--banner\"\n\t\t\t\t\tsrc=\"https:\/\/files.sunoresearch.com.br\/n\/uploads\/2023\/03\/1420x240-Minicurso-FIIS.png\"\n\t\t\t\t\tdata-promo-id=\"383125\"\t\t\t\t\t\t\t\t\t\twidth='1420' height='240'\t\t\t\t\talt=\"https:\/\/files.sunoresearch.com.br\/n\/uploads\/2023\/03\/1420x240-Minicurso-FIIS.png\"\n\t\t\t\t>\n\t\t\t<\/picture>\n\t\t<\/a>\n\t<\/p>\n\n\n<p>Segundo o secret\u00e1rio especial da Fazenda, Waldery Rodrigues Junior, o governo estabelecer\u00e1 medidas para que, ap\u00f3s o repasse dos recursos, os Estados n\u00e3o usem o dinheiro para aumentos salariais de funcion\u00e1rios p\u00fablicos, como j\u00e1 aconteceu no passado.<\/p>\n<p>\u201cEntendemos que h\u00e1 maturidade na discuss\u00e3o do Executivo com Legislativo, Judici\u00e1rio, TCU e Tribunais de Contas. Isso permite que a gente saia para um novo patamar de federalismo fiscal\u201d, disse, em entrevista ap\u00f3s pontos do pacto serem divulgados pelos senadores. O secret\u00e1rio disse encontrar uma nova oportunidade para a inclus\u00e3o de Estados e munic\u00edpios na reforma da Previd\u00eancia.<\/p>\n<p><a href=\"https:\/\/www.suno.com.br\/noticias\/reforma-tributaria-crescimento-economico-rossi\/\">Confira: Reforma tribut\u00e1ria trar\u00e1 crescimento econ\u00f4mico, diz Baleia Rossi<\/a><\/p>\n<p>O governo pretende estabelecer no mesmo pacote a proposta para desvincular recursos do Or\u00e7amento, o qual tem 96% de despesas fixas. O plano inclui alterar 261 fundos do governo federal que acabam mantendo dinheiro que n\u00e3o pode ser utilizado em outra \u00e1rea, mesmo havendo a necessidade.<\/p>\n<p>As iniciativos do pacto proposto pelo minist\u00e9rio da Economia incluem o chamado <strong>Plano de Fortalecimento Federativo (PFF)<\/strong>, que vai repartir com os governos regionais as receitas de royalties e participa\u00e7\u00f5es de petr\u00f3leo que hoje s\u00e3o da Uni\u00e3o. J\u00e1 no ano que vem, 30% desses recursos (R$ 6 bilh\u00f5es) ser\u00e3o repassados aos Estados e munic\u00edpios, segundo <strong>Guedes<\/strong>.<\/p>\n","protected":false},"excerpt":{"rendered":"<p>Paulo Guedes, ministro da Economia, prometeu injetar aproximadamente R$ 500 bilh\u00f5es em Estados em munic\u00edpios. No decorrer dos pr\u00f3ximos 15 anos, as medidas de descentraliza\u00e7\u00e3o ir\u00e3o tirar recursos que ficam exclusivamente nas m\u00e3os da Uni\u00e3o e repassar aos demais entes federativos. Guedes diz que ap\u00f3s reforma pr\u00f3ximo passo \u00e9 o pacto federativo A sinaliza\u00e7\u00e3o foi [&hellip;]<\/p>\n","protected":false},"author":24,"featured_media":27366,"comment_status":"closed","ping_status":"closed","sticky":false,"template":"","format":"standard","meta":[],"categories":[61],"tags":[740,796,940],"suno_strategy":[],"class_list":["post-34774","post","type-post","status-publish","format-standard","has-post-thumbnail","hentry","category-politica","tag-economia","tag-paulo-guedes","tag-reforma-da-previdencia"],"yoast_head":"<!-- This site is optimized with the Yoast SEO plugin v24.4 - https:\/\/yoast.com\/wordpress\/plugins\/seo\/ -->\n<title>Guedes: descentraliza\u00e7\u00e3o trar\u00e1 R$ 500 bi a Estados<\/title>\n<meta name=\"description\" content=\"Paulo Guedes, ministro da Economia, prometeu injetar aproximadamente R$ 500 bilh\u00f5es em Estados em munic\u00edpios. Clique aqui e saiba mais.\" \/>\n<meta name=\"robots\" content=\"index, follow, max-snippet:-1, max-image-preview:large, max-video-preview:-1\" \/>\n<link rel=\"canonical\" href=\"https:\/\/www.suno.com.br\/noticias\/guedes-descentralizacao-500-bi-a-estados\/\" \/>\n<meta property=\"og:locale\" content=\"pt_BR\" \/>\n<meta property=\"og:type\" content=\"article\" \/>\n<meta property=\"og:title\" content=\"Guedes: descentraliza\u00e7\u00e3o trar\u00e1 R$ 500 bi a Estados\" \/>\n<meta property=\"og:description\" content=\"Paulo Guedes, ministro da Economia, prometeu injetar aproximadamente R$ 500 bilh\u00f5es em Estados em munic\u00edpios. Clique aqui e saiba mais.\" \/>\n<meta property=\"og:url\" content=\"https:\/\/www.suno.com.br\/noticias\/guedes-descentralizacao-500-bi-a-estados\/\" \/>\n<meta property=\"og:site_name\" content=\"Suno Not\u00edcias\" \/>\n<meta property=\"article:publisher\" content=\"https:\/\/facebook.com\/sunoresearch\" \/>\n<meta property=\"og:image\" content=\"https:\/\/files.sunoresearch.com.br\/n\/uploads\/2019\/06\/abd95db4-guedes.jpg\" \/>\n\t<meta property=\"og:image:width\" content=\"1140\" \/>\n\t<meta property=\"og:image:height\" content=\"760\" \/>\n\t<meta property=\"og:image:type\" content=\"image\/jpeg\" \/>\n<meta name=\"author\" content=\"Jader Lazarini\" \/>\n<meta name=\"twitter:card\" content=\"summary_large_image\" \/>\n<meta name=\"twitter:creator\" content=\"@sunoresearch\" \/>\n<meta name=\"twitter:site\" content=\"@sunoresearch\" \/>\n<meta name=\"twitter:label1\" content=\"Escrito por\" \/>\n\t<meta name=\"twitter:data1\" content=\"Jader Lazarini\" \/>\n\t<meta name=\"twitter:label2\" content=\"Est. tempo de leitura\" \/>\n\t<meta name=\"twitter:data2\" content=\"2 minutos\" \/>\n<script type=\"application\/ld+json\" class=\"yoast-schema-graph\">{\"@context\":\"https:\/\/schema.org\",\"@graph\":[{\"@type\":\"NewsArticle\",\"@id\":\"https:\/\/www.suno.com.br\/noticias\/guedes-descentralizacao-500-bi-a-estados\/#article\",\"isPartOf\":{\"@id\":\"https:\/\/www.suno.com.br\/noticias\/guedes-descentralizacao-500-bi-a-estados\/\"},\"author\":{\"name\":\"Jader Lazarini\",\"@id\":\"https:\/\/www.suno.com.br\/noticias\/#\/schema\/person\/918d79de1f0281f01599b93f9ea6e23f\"},\"headline\":\"Guedes: descentraliza\u00e7\u00e3o trar\u00e1 R$ 500 bi a Estados\",\"datePublished\":\"2019-08-21T13:18:49+00:00\",\"mainEntityOfPage\":{\"@id\":\"https:\/\/www.suno.com.br\/noticias\/guedes-descentralizacao-500-bi-a-estados\/\"},\"wordCount\":492,\"publisher\":{\"@id\":\"https:\/\/www.suno.com.br\/noticias\/#organization\"},\"image\":{\"@id\":\"https:\/\/www.suno.com.br\/noticias\/guedes-descentralizacao-500-bi-a-estados\/#primaryimage\"},\"thumbnailUrl\":\"https:\/\/files.sunoresearch.com.br\/n\/uploads\/2019\/06\/abd95db4-guedes-jpg.webp\",\"keywords\":[\"Economia\",\"Paulo Guedes\",\"Reforma da Previd\u00eancia\"],\"articleSection\":[\"Pol\u00edtica\"],\"inLanguage\":\"pt-BR\"},{\"@type\":\"WebPage\",\"@id\":\"https:\/\/www.suno.com.br\/noticias\/guedes-descentralizacao-500-bi-a-estados\/\",\"url\":\"https:\/\/www.suno.com.br\/noticias\/guedes-descentralizacao-500-bi-a-estados\/\",\"name\":\"Guedes: descentraliza\u00e7\u00e3o trar\u00e1 R$ 500 bi a Estados\",\"isPartOf\":{\"@id\":\"https:\/\/www.suno.com.br\/noticias\/#website\"},\"primaryImageOfPage\":{\"@id\":\"https:\/\/www.suno.com.br\/noticias\/guedes-descentralizacao-500-bi-a-estados\/#primaryimage\"},\"image\":{\"@id\":\"https:\/\/www.suno.com.br\/noticias\/guedes-descentralizacao-500-bi-a-estados\/#primaryimage\"},\"thumbnailUrl\":\"https:\/\/files.sunoresearch.com.br\/n\/uploads\/2019\/06\/abd95db4-guedes-jpg.webp\",\"datePublished\":\"2019-08-21T13:18:49+00:00\",\"description\":\"Paulo Guedes, ministro da Economia, prometeu injetar aproximadamente R$ 500 bilh\u00f5es em Estados em munic\u00edpios. Clique aqui e saiba mais.\",\"breadcrumb\":{\"@id\":\"https:\/\/www.suno.com.br\/noticias\/guedes-descentralizacao-500-bi-a-estados\/#breadcrumb\"},\"inLanguage\":\"pt-BR\",\"potentialAction\":[{\"@type\":\"ReadAction\",\"target\":[\"https:\/\/www.suno.com.br\/noticias\/guedes-descentralizacao-500-bi-a-estados\/\"]}]},{\"@type\":\"ImageObject\",\"inLanguage\":\"pt-BR\",\"@id\":\"https:\/\/www.suno.com.br\/noticias\/guedes-descentralizacao-500-bi-a-estados\/#primaryimage\",\"url\":\"https:\/\/files.sunoresearch.com.br\/n\/uploads\/2019\/06\/abd95db4-guedes-jpg.webp\",\"contentUrl\":\"https:\/\/files.sunoresearch.com.br\/n\/uploads\/2019\/06\/abd95db4-guedes-jpg.webp\",\"width\":1140,\"height\":760,\"caption\":\"Guedes diz que ap\u00f3s reforma pr\u00f3ximo passo \u00e9 o pacto federativo\"},{\"@type\":\"BreadcrumbList\",\"@id\":\"https:\/\/www.suno.com.br\/noticias\/guedes-descentralizacao-500-bi-a-estados\/#breadcrumb\",\"itemListElement\":[{\"@type\":\"ListItem\",\"position\":1,\"name\":\"Not\u00edcias\",\"item\":\"https:\/\/www.suno.com.br\/noticias\/\"},{\"@type\":\"ListItem\",\"position\":2,\"name\":\"Pol\u00edtica\",\"item\":\"https:\/\/www.suno.com.br\/noticias\/politica\/\"},{\"@type\":\"ListItem\",\"position\":3,\"name\":\"Guedes: descentraliza\u00e7\u00e3o trar\u00e1 R$ 500 bi a Estados\"}]},{\"@type\":\"WebSite\",\"@id\":\"https:\/\/www.suno.com.br\/noticias\/#website\",\"url\":\"https:\/\/www.suno.com.br\/noticias\/\",\"name\":\"Suno Not\u00edcias\",\"description\":\"Seu portal de informa\u00e7\u00e3o sobre o mundo dos investimentos\",\"publisher\":{\"@id\":\"https:\/\/www.suno.com.br\/noticias\/#organization\"},\"potentialAction\":[{\"@type\":\"SearchAction\",\"target\":{\"@type\":\"EntryPoint\",\"urlTemplate\":\"https:\/\/www.suno.com.br\/noticias\/?s={search_term_string}\"},\"query-input\":{\"@type\":\"PropertyValueSpecification\",\"valueRequired\":true,\"valueName\":\"search_term_string\"}}],\"inLanguage\":\"pt-BR\"},{\"@type\":\"Organization\",\"@id\":\"https:\/\/www.suno.com.br\/noticias\/#organization\",\"name\":\"Suno Not\u00edcias\",\"url\":\"https:\/\/www.suno.com.br\/noticias\/\",\"logo\":{\"@type\":\"ImageObject\",\"inLanguage\":\"pt-BR\",\"@id\":\"https:\/\/www.suno.com.br\/noticias\/#\/schema\/logo\/image\/\",\"url\":\"https:\/\/files.sunoresearch.com.br\/n\/uploads\/2021\/09\/suno-logo.png\",\"contentUrl\":\"https:\/\/files.sunoresearch.com.br\/n\/uploads\/2021\/09\/suno-logo.png\",\"width\":180,\"height\":180,\"caption\":\"Suno Not\u00edcias\"},\"image\":{\"@id\":\"https:\/\/www.suno.com.br\/noticias\/#\/schema\/logo\/image\/\"},\"sameAs\":[\"https:\/\/facebook.com\/sunoresearch\",\"https:\/\/x.com\/sunoresearch\",\"https:\/\/www.instagram.com\/suno\",\"https:\/\/www.linkedin.com\/company\/suno-research\/\",\"https:\/\/www.youtube.com\/c\/sunoresearch\"]},{\"@type\":\"Person\",\"@id\":\"https:\/\/www.suno.com.br\/noticias\/#\/schema\/person\/918d79de1f0281f01599b93f9ea6e23f\",\"name\":\"Jader Lazarini\",\"image\":{\"@type\":\"ImageObject\",\"inLanguage\":\"pt-BR\",\"@id\":\"https:\/\/www.suno.com.br\/noticias\/#\/schema\/person\/image\/\",\"url\":\"https:\/\/secure.gravatar.com\/avatar\/3c1ad8caa51589841baeb923fcddea97?s=96&r=g\",\"contentUrl\":\"https:\/\/secure.gravatar.com\/avatar\/3c1ad8caa51589841baeb923fcddea97?s=96&r=g\",\"caption\":\"Jader Lazarini\"},\"description\":\"Jader Lazarini escreve sobre investimentos, finan\u00e7as, economia e neg\u00f3cios. \u00c9 bacharel em Rela\u00e7\u00f5es Internacionais e analista CNPI (2619).\",\"url\":\"https:\/\/www.suno.com.br\/noticias\/author\/jader-lazarini\/\"}]}<\/script>\n<!-- \/ Yoast SEO plugin. -->","yoast_head_json":{"title":"Guedes: descentraliza\u00e7\u00e3o trar\u00e1 R$ 500 bi a Estados","description":"Paulo Guedes, ministro da Economia, prometeu injetar aproximadamente R$ 500 bilh\u00f5es em Estados em munic\u00edpios. Clique aqui e saiba mais.","robots":{"index":"index","follow":"follow","max-snippet":"max-snippet:-1","max-image-preview":"max-image-preview:large","max-video-preview":"max-video-preview:-1"},"canonical":"https:\/\/www.suno.com.br\/noticias\/guedes-descentralizacao-500-bi-a-estados\/","og_locale":"pt_BR","og_type":"article","og_title":"Guedes: descentraliza\u00e7\u00e3o trar\u00e1 R$ 500 bi a Estados","og_description":"Paulo Guedes, ministro da Economia, prometeu injetar aproximadamente R$ 500 bilh\u00f5es em Estados em munic\u00edpios. Clique aqui e saiba mais.","og_url":"https:\/\/www.suno.com.br\/noticias\/guedes-descentralizacao-500-bi-a-estados\/","og_site_name":"Suno Not\u00edcias","article_publisher":"https:\/\/facebook.com\/sunoresearch","og_image":[{"width":1140,"height":760,"url":"https:\/\/files.sunoresearch.com.br\/n\/uploads\/2019\/06\/abd95db4-guedes.jpg","type":"image\/jpeg"}],"author":"Jader Lazarini","twitter_card":"summary_large_image","twitter_creator":"@sunoresearch","twitter_site":"@sunoresearch","twitter_misc":{"Escrito por":"Jader Lazarini","Est. tempo de leitura":"2 minutos"},"schema":{"@context":"https:\/\/schema.org","@graph":[{"@type":"NewsArticle","@id":"https:\/\/www.suno.com.br\/noticias\/guedes-descentralizacao-500-bi-a-estados\/#article","isPartOf":{"@id":"https:\/\/www.suno.com.br\/noticias\/guedes-descentralizacao-500-bi-a-estados\/"},"author":{"name":"Jader Lazarini","@id":"https:\/\/www.suno.com.br\/noticias\/#\/schema\/person\/918d79de1f0281f01599b93f9ea6e23f"},"headline":"Guedes: descentraliza\u00e7\u00e3o trar\u00e1 R$ 500 bi a Estados","datePublished":"2019-08-21T13:18:49+00:00","mainEntityOfPage":{"@id":"https:\/\/www.suno.com.br\/noticias\/guedes-descentralizacao-500-bi-a-estados\/"},"wordCount":492,"publisher":{"@id":"https:\/\/www.suno.com.br\/noticias\/#organization"},"image":{"@id":"https:\/\/www.suno.com.br\/noticias\/guedes-descentralizacao-500-bi-a-estados\/#primaryimage"},"thumbnailUrl":"https:\/\/files.sunoresearch.com.br\/n\/uploads\/2019\/06\/abd95db4-guedes-jpg.webp","keywords":["Economia","Paulo Guedes","Reforma da Previd\u00eancia"],"articleSection":["Pol\u00edtica"],"inLanguage":"pt-BR"},{"@type":"WebPage","@id":"https:\/\/www.suno.com.br\/noticias\/guedes-descentralizacao-500-bi-a-estados\/","url":"https:\/\/www.suno.com.br\/noticias\/guedes-descentralizacao-500-bi-a-estados\/","name":"Guedes: descentraliza\u00e7\u00e3o trar\u00e1 R$ 500 bi a Estados","isPartOf":{"@id":"https:\/\/www.suno.com.br\/noticias\/#website"},"primaryImageOfPage":{"@id":"https:\/\/www.suno.com.br\/noticias\/guedes-descentralizacao-500-bi-a-estados\/#primaryimage"},"image":{"@id":"https:\/\/www.suno.com.br\/noticias\/guedes-descentralizacao-500-bi-a-estados\/#primaryimage"},"thumbnailUrl":"https:\/\/files.sunoresearch.com.br\/n\/uploads\/2019\/06\/abd95db4-guedes-jpg.webp","datePublished":"2019-08-21T13:18:49+00:00","description":"Paulo Guedes, ministro da Economia, prometeu injetar aproximadamente R$ 500 bilh\u00f5es em Estados em munic\u00edpios. Clique aqui e saiba mais.","breadcrumb":{"@id":"https:\/\/www.suno.com.br\/noticias\/guedes-descentralizacao-500-bi-a-estados\/#breadcrumb"},"inLanguage":"pt-BR","potentialAction":[{"@type":"ReadAction","target":["https:\/\/www.suno.com.br\/noticias\/guedes-descentralizacao-500-bi-a-estados\/"]}]},{"@type":"ImageObject","inLanguage":"pt-BR","@id":"https:\/\/www.suno.com.br\/noticias\/guedes-descentralizacao-500-bi-a-estados\/#primaryimage","url":"https:\/\/files.sunoresearch.com.br\/n\/uploads\/2019\/06\/abd95db4-guedes-jpg.webp","contentUrl":"https:\/\/files.sunoresearch.com.br\/n\/uploads\/2019\/06\/abd95db4-guedes-jpg.webp","width":1140,"height":760,"caption":"Guedes diz que ap\u00f3s reforma pr\u00f3ximo passo \u00e9 o pacto federativo"},{"@type":"BreadcrumbList","@id":"https:\/\/www.suno.com.br\/noticias\/guedes-descentralizacao-500-bi-a-estados\/#breadcrumb","itemListElement":[{"@type":"ListItem","position":1,"name":"Not\u00edcias","item":"https:\/\/www.suno.com.br\/noticias\/"},{"@type":"ListItem","position":2,"name":"Pol\u00edtica","item":"https:\/\/www.suno.com.br\/noticias\/politica\/"},{"@type":"ListItem","position":3,"name":"Guedes: descentraliza\u00e7\u00e3o trar\u00e1 R$ 500 bi a Estados"}]},{"@type":"WebSite","@id":"https:\/\/www.suno.com.br\/noticias\/#website","url":"https:\/\/www.suno.com.br\/noticias\/","name":"Suno Not\u00edcias","description":"Seu portal de informa\u00e7\u00e3o sobre o mundo dos investimentos","publisher":{"@id":"https:\/\/www.suno.com.br\/noticias\/#organization"},"potentialAction":[{"@type":"SearchAction","target":{"@type":"EntryPoint","urlTemplate":"https:\/\/www.suno.com.br\/noticias\/?s={search_term_string}"},"query-input":{"@type":"PropertyValueSpecification","valueRequired":true,"valueName":"search_term_string"}}],"inLanguage":"pt-BR"},{"@type":"Organization","@id":"https:\/\/www.suno.com.br\/noticias\/#organization","name":"Suno Not\u00edcias","url":"https:\/\/www.suno.com.br\/noticias\/","logo":{"@type":"ImageObject","inLanguage":"pt-BR","@id":"https:\/\/www.suno.com.br\/noticias\/#\/schema\/logo\/image\/","url":"https:\/\/files.sunoresearch.com.br\/n\/uploads\/2021\/09\/suno-logo.png","contentUrl":"https:\/\/files.sunoresearch.com.br\/n\/uploads\/2021\/09\/suno-logo.png","width":180,"height":180,"caption":"Suno Not\u00edcias"},"image":{"@id":"https:\/\/www.suno.com.br\/noticias\/#\/schema\/logo\/image\/"},"sameAs":["https:\/\/facebook.com\/sunoresearch","https:\/\/x.com\/sunoresearch","https:\/\/www.instagram.com\/suno","https:\/\/www.linkedin.com\/company\/suno-research\/","https:\/\/www.youtube.com\/c\/sunoresearch"]},{"@type":"Person","@id":"https:\/\/www.suno.com.br\/noticias\/#\/schema\/person\/918d79de1f0281f01599b93f9ea6e23f","name":"Jader Lazarini","image":{"@type":"ImageObject","inLanguage":"pt-BR","@id":"https:\/\/www.suno.com.br\/noticias\/#\/schema\/person\/image\/","url":"https:\/\/secure.gravatar.com\/avatar\/3c1ad8caa51589841baeb923fcddea97?s=96&r=g","contentUrl":"https:\/\/secure.gravatar.com\/avatar\/3c1ad8caa51589841baeb923fcddea97?s=96&r=g","caption":"Jader Lazarini"},"description":"Jader Lazarini escreve sobre investimentos, finan\u00e7as, economia e neg\u00f3cios. \u00c9 bacharel em Rela\u00e7\u00f5es Internacionais e analista CNPI (2619).","url":"https:\/\/www.suno.com.br\/noticias\/author\/jader-lazarini\/"}]}},"default_loop_html":"<div class=\"cardsPage__listCard__boxs\"><div class=\"cardsPage__listCard__boxs__img\"><a href=\"https:\/\/www.suno.com.br\/noticias\/guedes-descentralizacao-500-bi-a-estados\/\"><img class=\"mask\" src=\"https:\/\/www.suno.com.br\/noticias\/wp-content\/themes\/suno\/resources\/images\/spotlight\/spotlight1img\/bg-mask.png\" alt=\"Image Mask\"\/><img src=\"https:\/\/files.sunoresearch.com.br\/n\/uploads\/2019\/06\/abd95db4-guedes-400x200.webp\" alt=\"Guedes: descentraliza\u00e7\u00e3o trar\u00e1 R$ 500 bi a Estados\"\/><\/a><span class=\"spotlightCategory\"><a href=\"https:\/\/www.suno.com.br\/noticias\/politica\/\">Pol\u00edtica<\/a><\/span><\/div><div class=\"cardsPage__listCard__boxs__content\"><a href=\"https:\/\/www.suno.com.br\/noticias\/guedes-descentralizacao-500-bi-a-estados\/\"><h2 class=\"content__title\">Guedes: descentraliza\u00e7\u00e3o trar\u00e1 R$ 500 bi a Estados<\/h2><\/a><div class=\"newsContent__article__meta\"><div class=\"newsContent__article__meta__authorBox\"><a href=\"https:\/\/www.suno.com.br\/noticias\/author\/jader-lazarini\/\" class=\"authorBox__avatar noMobi\"><img src=\"https:\/\/files.sunoresearch.com.br\/n\/uploads\/2021\/01\/178e6598-foto-perfil-2-150x150.jpg\" alt=\"Jader Lazarini\"><\/a><div class=\"authorBox__name\"><span>por\n\t\t\t<a href=\"https:\/\/www.suno.com.br\/noticias\/author\/jader-lazarini\/\"><span itemprop=\"author\">Jader Lazarini<\/span><\/a><\/span><time datetime=\"2019-08-21T10:18:49-03:00\" itemprop=\"datePublished\">21\/08\/2019 10:18<\/time><\/div><\/div><\/div><\/div><\/div>","single_layout":"posts","amp_enabled":true,"_links":{"self":[{"href":"https:\/\/www.suno.com.br\/noticias\/wp-json\/wp\/v2\/posts\/34774"}],"collection":[{"href":"https:\/\/www.suno.com.br\/noticias\/wp-json\/wp\/v2\/posts"}],"about":[{"href":"https:\/\/www.suno.com.br\/noticias\/wp-json\/wp\/v2\/types\/post"}],"author":[{"embeddable":true,"href":"https:\/\/www.suno.com.br\/noticias\/wp-json\/wp\/v2\/users\/24"}],"replies":[{"embeddable":true,"href":"https:\/\/www.suno.com.br\/noticias\/wp-json\/wp\/v2\/comments?post=34774"}],"version-history":[{"count":0,"href":"https:\/\/www.suno.com.br\/noticias\/wp-json\/wp\/v2\/posts\/34774\/revisions"}],"wp:featuredmedia":[{"embeddable":true,"href":"https:\/\/www.suno.com.br\/noticias\/wp-json\/wp\/v2\/media\/27366"}],"wp:attachment":[{"href":"https:\/\/www.suno.com.br\/noticias\/wp-json\/wp\/v2\/media?parent=34774"}],"wp:term":[{"taxonomy":"category","embeddable":true,"href":"https:\/\/www.suno.com.br\/noticias\/wp-json\/wp\/v2\/categories?post=34774"},{"taxonomy":"post_tag","embeddable":true,"href":"https:\/\/www.suno.com.br\/noticias\/wp-json\/wp\/v2\/tags?post=34774"},{"taxonomy":"suno_strategy","embeddable":true,"href":"https:\/\/www.suno.com.br\/noticias\/wp-json\/wp\/v2\/suno_strategy?post=34774"}],"curies":[{"name":"wp","href":"https:\/\/api.w.org\/{rel}","templated":true}]}}