{"id":347622,"date":"2023-01-16T13:32:38","date_gmt":"2023-01-16T16:32:38","guid":{"rendered":"https:\/\/www.suno.com.br\/noticias\/?p=347622"},"modified":"2023-01-16T18:51:04","modified_gmt":"2023-01-16T21:51:04","slug":"desvalorizacao-minerio-ferro-vale-vale3-csn-csna3-csn-mineracao-cmin3","status":"publish","type":"post","link":"https:\/\/www.suno.com.br\/noticias\/desvalorizacao-minerio-ferro-vale-vale3-csn-csna3-csn-mineracao-cmin3\/","title":{"rendered":"Min\u00e9rio de ferro: desvaloriza\u00e7\u00e3o afunda a\u00e7\u00f5es da Vale (VALE3), CSN (CSNA3) e CSN Minera\u00e7\u00e3o (CMIN3)"},"content":{"rendered":"<p>O Ibovespa come\u00e7ou a semana com queda nos pap\u00e9is da <a class=\"suno-keyword\" target=\"_blank\" data-force=\"yes\" data-priority=\"2\" href=\"https:\/\/www.suno.com.br\/acoes\/VALE3\/\" rel=\"noopener\">Vale (VALE3)<\/a>, <a class=\"suno-keyword\" target=\"_blank\" data-force=\"yes\" data-priority=\"2\" href=\"https:\/\/www.suno.com.br\/acoes\/CSNA3\/\" rel=\"noopener\">CSN (CSNA3)<\/a> e <a class=\"suno-keyword\" target=\"_blank\" data-force=\"yes\" data-priority=\"1\" href=\"https:\/\/www.suno.com.br\/acoes\/cmin3\/\" rel=\"noopener\">CSN Minera\u00e7\u00e3o (CMIN3)<\/a> devido \u00e0 desvaloriza\u00e7\u00e3o do <strong>min\u00e9rio de ferro<\/strong> na China. Nesta segunda-feira (16), o pa\u00eds, que \u00e9 o maior consumidor da commodity no mundo, voltou a trazer preocupa\u00e7\u00f5es com o aumento de casos de covid \u2014 e um poss\u00edvel adiamento da sua reabertura econ\u00f4mica. <\/p>\t<div class=\"wrapper-featured-image\">\n\t\t<figure class=\"spotlightImg\">\n\n\t\t\t<picture>\n\t\t\t\t<source media=\"(max-width: 768px)\" srcset=\"https:\/\/files.sunoresearch.com.br\/n\/uploads\/2021\/03\/e796aea7-setor-minerio-de-ferro-400x200.webp\">\n\t\t\t\t<img loading=\"lazy\" decoding=\"async\" class=\"newsContent__article__imgCapa lazyloadDisabled \" src=\"https:\/\/files.sunoresearch.com.br\/n\/uploads\/2021\/03\/e796aea7-setor-minerio-de-ferro-800x450.webp\" width=\"800\" height=\"450\" alt=\"Min\u00e9rio de ferro: desvaloriza\u00e7\u00e3o afunda a\u00e7\u00f5es da Vale (VALE3), CSN (CSNA3) e CSN Minera\u00e7\u00e3o (CMIN3)\" fetchpriority=high \/>\n\t\t\t<\/picture>\n\n\t\t\t<figcaption class=\"wp-caption-text wp-caption-text--show\">VALE3. Foto: Pixabay<\/figcaption>\n\t\t<\/figure>\n\t<\/div>\n\n\n\n\n\n\t<p>\n\t\t<a href=\"\" target=\"_blank\" data-element=\"shortcode-suno-banner\" title=\"Banner SUNO, clique e saiba mais\">\n\t\t\t<picture>\n\t\t\t\t<source media=\"(max-width: 500px)\" srcset=\"\">\n\t\t\t\t<img class=\"newsContent__article__imgCapa newsContent__article__imgCapa--banner\"\n\t\t\t\t\tsrc=\"\"\n\t\t\t\t\tdata-promo-id=\"89005\"\t\t\t\t\t\t\t\t\t\t\t\t\t\t\talt=\"\"\n\t\t\t\t>\n\t\t\t<\/picture>\n\t\t<\/a>\n\t<\/p>\n\n\n\n\n\n<p>Al\u00e9m disso, a commodity negociada para maio encerrou o Dalian em queda de 4,3%, abaixo de US$ 124 por tonelada. O valor vai ao encontro da Bolsa de Cingapura, em que o min\u00e9rio de ferro de refer\u00eancia de fevereiro recuou 4,4%, para US$ 120 a tonelada.<\/p>\n\n\n\n<p>As quedas foram refletidas no Ibovespa desta segunda-feira. A <strong>a\u00e7\u00e3o da Vale<\/strong>, que tem o maior peso no Ibovespa, caiu 1,67%, a R$ 92,25. Junto a ela, tamb\u00e9m caiu a <strong>CSN Minera\u00e7\u00e3o<\/strong>, em 3,71%, com papel a R$ 4,41.<\/p>\n\n\n\t<p>\n\t\t<a href=\"https:\/\/lp.suno.com.br\/planilha-controle-gastos\/\" target=\"_blank\" data-element=\"shortcode-suno-banner\" title=\"Banner SUNO, clique e saiba mais\">\n\t\t\t<picture>\n\t\t\t\t<source media=\"(max-width: 500px)\" srcset=\"https:\/\/files.sunoresearch.com.br\/n\/uploads\/2023\/03\/400x300-Planilha-controle-de-gastos.png\">\n\t\t\t\t<img class=\"newsContent__article__imgCapa newsContent__article__imgCapa--banner\"\n\t\t\t\t\tsrc=\"https:\/\/files.sunoresearch.com.br\/n\/uploads\/2023\/03\/1420x240-Planilha-controle-de-gastos.png\"\n\t\t\t\t\tdata-promo-id=\"101751\"\t\t\t\t\t\t\t\t\t\twidth='1420' height='240'\t\t\t\t\talt=\"https:\/\/files.sunoresearch.com.br\/n\/uploads\/2023\/03\/1420x240-Planilha-controle-de-gastos.png\"\n\t\t\t\t>\n\t\t\t<\/picture>\n\t\t<\/a>\n\t<\/p>\n\n\n\n\n\n<p>Os reflexos da <strong>desvaloriza\u00e7\u00e3o do min\u00e9rio de ferro<\/strong> chegaram tamb\u00e9m \u00e0s sider\u00fargicas. Na CSNA3 houve recuo de 1,66%, a R$ 16,61. J\u00e1 a <a class=\"suno-keyword\" data-force=\"yes\" data-priority=\"2\" href=\"https:\/\/www.suno.com.br\/acoes\/GGBR4\/\" target=\"_blank\" rel=\"noopener\">Gerdau (GGBR4)<\/a> e a <a class=\"suno-keyword\" data-force=\"yes\" data-priority=\"2\" href=\"https:\/\/www.suno.com.br\/acoes\/USIM5\/\" target=\"_blank\" rel=\"noopener\">Usiminas (USIM5)<\/a> ca\u00edram 1,67%, a R$ 31,89, e 0,90%, a R$ 7,74, respectivamente.<\/p>\n\n\n\n\t<div data-element=\"shortcode-read-more\" class=\"readToo\">\n\t\t\t\t<span class=\"readToo__title\">Leia mais<\/span>\n\t\t\t\t<ul class=\"readToo__list\">\n\t\t\t<li><a href=\"https:\/\/www.suno.com.br\/noticias\/vale-vale3-juros-debentures-8a-emissao\/\">Vale (VALE3) pagar\u00e1 R$ 123 milh\u00f5es em juros de deb\u00eantures da 8\u00aa emiss\u00e3o<\/a><\/li><li><a href=\"https:\/\/www.suno.com.br\/noticias\/csn-csna3-controlada-emissao-debentures-130-milhoes\/\">CSN (CSNA3): controlada aprova emiss\u00e3o de deb\u00eantures no valor de R$ 130 milh\u00f5es; Veja detalhes<\/a><\/li><li><a href=\"https:\/\/www.suno.com.br\/noticias\/csn-mineracao-cmin3-xp-reitera-compra-vale-vale3\/\">CSN Minera\u00e7\u00e3o (CMIN3): com pre\u00e7o do min\u00e9rio em alta, XP reitera compra, mas prefere a Vale (VALE3); entenda<\/a><\/li>\t\t<\/ul>\n\t<\/div>\n\n\n\n\n<h2 class=\"wp-block-heading\" id=\"h-reabertura-chinesa-apenas-no-3t23-diz-btg\">Reabertura chinesa apenas no 3T23, diz BTG<\/h2>\n\n\n\n<p>A <strong>reabertura econ\u00f4mica da<\/strong>&nbsp;<strong>China<\/strong>&nbsp;segue indefinida e, diante disso, o BTG Pactual (<a href=\"https:\/\/www.suno.com.br\/acoes\/bpac11\/\" target=\"_blank\" rel=\"noreferrer noopener\">BPAC11<\/a>) permanece sem aloca\u00e7\u00e3o t\u00e1tica direta no pa\u00eds momentaneamente. <\/p>\n\n\n\n<p>Segundo o banco, a abertura deve acontecer apenas no terceiro trimestre de 2023 \u2013 mas acredita que o pa\u00eds voltar\u00e1 a ser \u2018invest\u00edvel\u2019, com destaque para os <strong>a\u00e7\u00f5es de commodities<\/strong> como Gerdau (<a href=\"https:\/\/www.suno.com.br\/acoes\/ggbr3\/\" target=\"_blank\" rel=\"noreferrer noopener\">GGBR3<\/a>), Vale (<a href=\"https:\/\/www.suno.com.br\/acoes\/vale3\/\" target=\"_blank\" rel=\"noreferrer noopener\">VALE3<\/a>) e Suzano (<a href=\"https:\/\/www.suno.com.br\/acoes\/suzb3\/\" target=\"_blank\" rel=\"noreferrer noopener\">SUZB3<\/a>).<\/p>\n\n\n\t<p>\n\t\t<a href=\"https:\/\/lp.suno.com.br\/planilha-da-vida-financeira\/\" target=\"_blank\" data-element=\"shortcode-suno-banner\" title=\"Banner SUNO, clique e saiba mais\">\n\t\t\t<picture>\n\t\t\t\t<source media=\"(max-width: 500px)\" srcset=\"https:\/\/files.sunoresearch.com.br\/n\/uploads\/2023\/04\/400x300-Planilha-vida-financeira-true.png\">\n\t\t\t\t<img class=\"newsContent__article__imgCapa newsContent__article__imgCapa--banner\"\n\t\t\t\t\tsrc=\"https:\/\/files.sunoresearch.com.br\/n\/uploads\/2023\/04\/1420x240-Planilha-vida-financeira-true.png\"\n\t\t\t\t\tdata-promo-id=\"106682\"\t\t\t\t\t\t\t\t\t\twidth='1420' height='240'\t\t\t\t\talt=\"https:\/\/files.sunoresearch.com.br\/n\/uploads\/2023\/04\/1420x240-Planilha-vida-financeira-true.png\"\n\t\t\t\t>\n\t\t\t<\/picture>\n\t\t<\/a>\n\t<\/p>\n\n\n\n\n\n<p>\u201cA&nbsp;<strong>reabertura da China<\/strong>&nbsp;ap\u00f3s essas mudan\u00e7as tornou-se o grande tema de mercado para defini\u00e7\u00e3o de posicionamento de risco, em conjunto com as decis\u00f5es de&nbsp;<a href=\"https:\/\/www.suno.com.br\/artigos\/politica-monetaria\/\" target=\"_blank\" rel=\"noreferrer noopener\">pol\u00edtica monet\u00e1ria<\/a>&nbsp;pelos principais Bancos Centrais,\u201d diz o relat\u00f3rio.<a href=\"https:\/\/lp.suno.com.br\/cl\/aprenda-a-investir-nos-melhores-imoveis-do-pais\/\" target=\"_blank\" rel=\"noreferrer noopener\"><\/a><\/p>\n\n\n\n<p>Ainda segundo o documento, o plano quinquenal do&nbsp;governo chin\u00eas&nbsp;refor\u00e7a \u201cteses de&nbsp;<a href=\"https:\/\/www.suno.com.br\/artigos\/longo-prazo\/\" target=\"_blank\" rel=\"noreferrer noopener\">longo prazo<\/a>&nbsp;focados no consumo interno e na ind\u00fastria de alta intensidade tecnologia\u201d. Assim, haver\u00e1 menos espa\u00e7o para empresas tecnol\u00f3gicas, ativos usuais em \u00edndices listados nas bolsas ocidentais.<\/p>\n\n\n\n<p>Por outro lado, a proje\u00e7\u00e3o favorece os pap\u00e9is de commodities, sobretudo o <strong>min\u00e9rio de ferro<\/strong>, e os analistas acreditam que um piso j\u00e1 pode estar se formando no pr\u00f3ximo ano. \u201cEm termos de picking [estrat\u00e9gia de comprar a\u00e7\u00f5es por um pre\u00e7o menor e vender quando elas se valorizam] preferimos Gerdau, Vale e Suzano, al\u00e9m de terem incorporado algumas dessas teses em suas carteiras\u201d, destacam.<\/p>\n\n\n\t<p>\n\t\t<a href=\"https:\/\/lp.suno.com.br\/planilha-de-controle-de-investimentos\/\" target=\"_blank\" data-element=\"shortcode-suno-banner\" title=\"Banner SUNO, clique e saiba mais\">\n\t\t\t<picture>\n\t\t\t\t<source media=\"(max-width: 500px)\" srcset=\"https:\/\/files.sunoresearch.com.br\/n\/uploads\/2023\/03\/400x300-Controle-de-Investimentos.png\">\n\t\t\t\t<img class=\"newsContent__article__imgCapa newsContent__article__imgCapa--banner\"\n\t\t\t\t\tsrc=\"https:\/\/files.sunoresearch.com.br\/n\/uploads\/2023\/03\/1420x240-Controle-de-Investimentos.png\"\n\t\t\t\t\tdata-promo-id=\"75934\"\t\t\t\t\t\t\t\t\t\twidth='1420' height='240'\t\t\t\t\talt=\"https:\/\/files.sunoresearch.com.br\/n\/uploads\/2023\/03\/1420x240-Controle-de-Investimentos.png\"\n\t\t\t\t>\n\t\t\t<\/picture>\n\t\t<\/a>\n\t<\/p>\n\n\n\n\n\t\t<div class=\"web-stories-list alignnone has-archive-link is-view-type-carousel is-style-default is-carousel\" data-id=\"1\">\n\t\t\t<div\n\t\t\tclass=\"web-stories-list__inner-wrapper carousel-1\"\n\t\t\tstyle=\"--ws-story-max-width:185px\"\n\t\t\t>\n\t\t\t\t\t\t<div class=\"web-stories-list__archive-link\">\n\t\t\t<a href=\"https:\/\/www.suno.com.br\/noticias\/web-stories\/\">\n\t\t\t\tConfira os destaques desta segunda-feira!\t\t\t<\/a>\n\t\t<\/div>\n\t\t\t\t\t\t\t<div\n\t\t\t\t\tclass=\"web-stories-list__carousel carousel\"\n\t\t\t\t\tdata-id=\"carousel-1\"\n\t\t\t\t\tdata-prev=\"Voltar\"\n\t\t\t\t\tdata-next=\"Avan\u00e7ar\"\n\t\t\t\t\t>\n\t\t\t\t\t\t\t\t\t<div\n\t\t\t\tclass=\"web-stories-list__story\"\n\t\t\t\tdata-wp-interactive=\"web-stories-block\"\n\t\t\t\tdata-wp-context='{\"instanceId\":1}'\t\t\t\tdata-wp-on--click=\"actions.open\"\n\t\t\t\tdata-wp-on-window--popstate=\"actions.onPopstate\"\n\t\t\t\t>\n\t\t\t\t\t\t\t<div class=\"web-stories-list__story-poster\">\n\t\t\t\t<a href=\"https:\/\/www.suno.com.br\/noticias\/web-stories\/por-que-as-acoes-da-nvidia-estao-despencando\/\" >\n\t\t\t\t\t<img\n\t\t\t\t\t\tsrc=\"https:\/\/files.sunoresearch.com.br\/n\/uploads\/2025\/11\/cropped-pexels-stasknop-19356873-scaled-1.webp\"\n\t\t\t\t\t\talt=\"Por que as a\u00e7\u00f5es da Nvidia est\u00e3o despencando?\"\n\t\t\t\t\t\twidth=\"185\"\n\t\t\t\t\t\theight=\"308\"\n\t\t\t\t\t\t\t\t\t\t\t\t\tsrcset=\"https:\/\/files.sunoresearch.com.br\/n\/uploads\/2025\/11\/cropped-pexels-stasknop-19356873-scaled-1.webp 640w, https:\/\/files.sunoresearch.com.br\/n\/uploads\/2025\/11\/cropped-pexels-stasknop-19356873-scaled-1-225x300.webp 225w, https:\/\/files.sunoresearch.com.br\/n\/uploads\/2025\/11\/cropped-pexels-stasknop-19356873-scaled-1-150x200.webp 150w\"\n\t\t\t\t\t\t\t\t\t\t\t\t\t\t\t\t\t\t\tsizes=\"(max-width: 640px) 100vw, 640px\"\n\t\t\t\t\t\t\t\t\t\t\t\tloading=\"lazy\"\n\t\t\t\t\t\tdecoding=\"async\"\n\t\t\t\t\t>\n\t\t\t\t<\/a>\n\t\t\t<\/div>\n\t\t\t\t\t<div class=\"web-stories-list__story-content-overlay\">\n\t\t\t\t\t\t\t<div class=\"story-content-overlay__title\">\n\t\t\t\t\tPor que as a\u00e7\u00f5es da Nvidia est\u00e3o despencando?\t\t\t\t<\/div>\n\t\t\t\n\t\t\t\n\t\t\t\n\t\t\t\t\t<\/div>\n\t\t\t\t\t<\/div>\n\t\t\t\t\t\t<div\n\t\t\t\tclass=\"web-stories-list__story\"\n\t\t\t\tdata-wp-interactive=\"web-stories-block\"\n\t\t\t\tdata-wp-context='{\"instanceId\":1}'\t\t\t\tdata-wp-on--click=\"actions.open\"\n\t\t\t\tdata-wp-on-window--popstate=\"actions.onPopstate\"\n\t\t\t\t>\n\t\t\t\t\t\t\t<div class=\"web-stories-list__story-poster\">\n\t\t\t\t<a href=\"https:\/\/www.suno.com.br\/noticias\/web-stories\/quanto-falta-para-elon-musk-se-tornar-trilionario\/\" >\n\t\t\t\t\t<img\n\t\t\t\t\t\tsrc=\"https:\/\/files.sunoresearch.com.br\/n\/uploads\/2026\/01\/cropped-Elon-Musk-jpg.webp\"\n\t\t\t\t\t\talt=\"Quanto falta para Elon Musk se tornar trilion\u00e1rio?\"\n\t\t\t\t\t\twidth=\"185\"\n\t\t\t\t\t\theight=\"308\"\n\t\t\t\t\t\t\t\t\t\t\t\t\tsrcset=\"https:\/\/files.sunoresearch.com.br\/n\/uploads\/2026\/01\/cropped-Elon-Musk-jpg.webp 640w, https:\/\/files.sunoresearch.com.br\/n\/uploads\/2026\/01\/cropped-Elon-Musk-jpg-225x300.webp 225w, https:\/\/files.sunoresearch.com.br\/n\/uploads\/2026\/01\/cropped-Elon-Musk-jpg-150x200.webp 150w\"\n\t\t\t\t\t\t\t\t\t\t\t\t\t\t\t\t\t\t\tsizes=\"(max-width: 640px) 100vw, 640px\"\n\t\t\t\t\t\t\t\t\t\t\t\tloading=\"lazy\"\n\t\t\t\t\t\tdecoding=\"async\"\n\t\t\t\t\t>\n\t\t\t\t<\/a>\n\t\t\t<\/div>\n\t\t\t\t\t<div class=\"web-stories-list__story-content-overlay\">\n\t\t\t\t\t\t\t<div class=\"story-content-overlay__title\">\n\t\t\t\t\tQuanto falta para Elon Musk se tornar trilion\u00e1rio?\t\t\t\t<\/div>\n\t\t\t\n\t\t\t\n\t\t\t\n\t\t\t\t\t<\/div>\n\t\t\t\t\t<\/div>\n\t\t\t\t\t\t<div\n\t\t\t\tclass=\"web-stories-list__story\"\n\t\t\t\tdata-wp-interactive=\"web-stories-block\"\n\t\t\t\tdata-wp-context='{\"instanceId\":1}'\t\t\t\tdata-wp-on--click=\"actions.open\"\n\t\t\t\tdata-wp-on-window--popstate=\"actions.onPopstate\"\n\t\t\t\t>\n\t\t\t\t\t\t\t<div class=\"web-stories-list__story-poster\">\n\t\t\t\t<a href=\"https:\/\/www.suno.com.br\/noticias\/web-stories\/ate-onde-vai-a-alta-do-ibovespa\/\" >\n\t\t\t\t\t<img\n\t\t\t\t\t\tsrc=\"https:\/\/files.sunoresearch.com.br\/n\/uploads\/2025\/11\/cropped-iStock-1215609239-jpg.webp\"\n\t\t\t\t\t\talt=\"At\u00e9 onde vai a alta do Ibovespa?\"\n\t\t\t\t\t\twidth=\"185\"\n\t\t\t\t\t\theight=\"308\"\n\t\t\t\t\t\t\t\t\t\t\t\t\tsrcset=\"https:\/\/files.sunoresearch.com.br\/n\/uploads\/2025\/11\/cropped-iStock-1215609239-jpg.webp 640w, https:\/\/files.sunoresearch.com.br\/n\/uploads\/2025\/11\/cropped-iStock-1215609239-jpg-225x300.webp 225w, https:\/\/files.sunoresearch.com.br\/n\/uploads\/2025\/11\/cropped-iStock-1215609239-jpg-150x200.webp 150w\"\n\t\t\t\t\t\t\t\t\t\t\t\t\t\t\t\t\t\t\tsizes=\"(max-width: 640px) 100vw, 640px\"\n\t\t\t\t\t\t\t\t\t\t\t\tloading=\"lazy\"\n\t\t\t\t\t\tdecoding=\"async\"\n\t\t\t\t\t>\n\t\t\t\t<\/a>\n\t\t\t<\/div>\n\t\t\t\t\t<div class=\"web-stories-list__story-content-overlay\">\n\t\t\t\t\t\t\t<div class=\"story-content-overlay__title\">\n\t\t\t\t\tAt\u00e9 onde vai a alta do Ibovespa?\t\t\t\t<\/div>\n\t\t\t\n\t\t\t\n\t\t\t\n\t\t\t\t\t<\/div>\n\t\t\t\t\t<\/div>\n\t\t\t\t\t\t<div\n\t\t\t\tclass=\"web-stories-list__story\"\n\t\t\t\tdata-wp-interactive=\"web-stories-block\"\n\t\t\t\tdata-wp-context='{\"instanceId\":1}'\t\t\t\tdata-wp-on--click=\"actions.open\"\n\t\t\t\tdata-wp-on-window--popstate=\"actions.onPopstate\"\n\t\t\t\t>\n\t\t\t\t\t\t\t<div class=\"web-stories-list__story-poster\">\n\t\t\t\t<a href=\"https:\/\/www.suno.com.br\/noticias\/web-stories\/banco-brasileiro-itau-lista-marcas-mais-valiosas-mundo\/\" >\n\t\t\t\t\t<img\n\t\t\t\t\t\tsrc=\"https:\/\/files.sunoresearch.com.br\/n\/uploads\/2024\/01\/cropped-predio-itau.webp\"\n\t\t\t\t\t\talt=\"Banco brasileiro est\u00e1 entre as 500 marcas mais valiosas do mundo\"\n\t\t\t\t\t\twidth=\"185\"\n\t\t\t\t\t\theight=\"308\"\n\t\t\t\t\t\t\t\t\t\t\t\t\tsrcset=\"https:\/\/files.sunoresearch.com.br\/n\/uploads\/2024\/01\/cropped-predio-itau.webp 640w, https:\/\/files.sunoresearch.com.br\/n\/uploads\/2024\/01\/cropped-predio-itau-225x300.webp 225w, https:\/\/files.sunoresearch.com.br\/n\/uploads\/2024\/01\/cropped-predio-itau-150x200.webp 150w\"\n\t\t\t\t\t\t\t\t\t\t\t\t\t\t\t\t\t\t\tsizes=\"(max-width: 640px) 100vw, 640px\"\n\t\t\t\t\t\t\t\t\t\t\t\tloading=\"lazy\"\n\t\t\t\t\t\tdecoding=\"async\"\n\t\t\t\t\t>\n\t\t\t\t<\/a>\n\t\t\t<\/div>\n\t\t\t\t\t<div class=\"web-stories-list__story-content-overlay\">\n\t\t\t\t\t\t\t<div class=\"story-content-overlay__title\">\n\t\t\t\t\tBanco brasileiro est\u00e1 entre as 500 marcas mais valiosas do mundo\t\t\t\t<\/div>\n\t\t\t\n\t\t\t\n\t\t\t\n\t\t\t\t\t<\/div>\n\t\t\t\t\t<\/div>\n\t\t\t\t\t\t<div\n\t\t\t\tclass=\"web-stories-list__story\"\n\t\t\t\tdata-wp-interactive=\"web-stories-block\"\n\t\t\t\tdata-wp-context='{\"instanceId\":1}'\t\t\t\tdata-wp-on--click=\"actions.open\"\n\t\t\t\tdata-wp-on-window--popstate=\"actions.onPopstate\"\n\t\t\t\t>\n\t\t\t\t\t\t\t<div class=\"web-stories-list__story-poster\">\n\t\t\t\t<a href=\"https:\/\/www.suno.com.br\/noticias\/web-stories\/flamengo-lista-times-mais-ricos-do-mundo-hoje\/\" >\n\t\t\t\t\t<img\n\t\t\t\t\t\tsrc=\"https:\/\/files.sunoresearch.com.br\/n\/uploads\/2026\/01\/cropped-brazil-6755874_1280-jpg.webp\"\n\t\t\t\t\t\talt=\"Flamengo na lista! Veja os times mais ricos do mundo hoje\"\n\t\t\t\t\t\twidth=\"185\"\n\t\t\t\t\t\theight=\"308\"\n\t\t\t\t\t\t\t\t\t\t\t\t\tsrcset=\"https:\/\/files.sunoresearch.com.br\/n\/uploads\/2026\/01\/cropped-brazil-6755874_1280-jpg.webp 640w, https:\/\/files.sunoresearch.com.br\/n\/uploads\/2026\/01\/cropped-brazil-6755874_1280-jpg-225x300.webp 225w, https:\/\/files.sunoresearch.com.br\/n\/uploads\/2026\/01\/cropped-brazil-6755874_1280-jpg-150x200.webp 150w\"\n\t\t\t\t\t\t\t\t\t\t\t\t\t\t\t\t\t\t\tsizes=\"(max-width: 640px) 100vw, 640px\"\n\t\t\t\t\t\t\t\t\t\t\t\tloading=\"lazy\"\n\t\t\t\t\t\tdecoding=\"async\"\n\t\t\t\t\t>\n\t\t\t\t<\/a>\n\t\t\t<\/div>\n\t\t\t\t\t<div class=\"web-stories-list__story-content-overlay\">\n\t\t\t\t\t\t\t<div class=\"story-content-overlay__title\">\n\t\t\t\t\tFlamengo na lista! Veja os times mais ricos do mundo hoje\t\t\t\t<\/div>\n\t\t\t\n\t\t\t\n\t\t\t\n\t\t\t\t\t<\/div>\n\t\t\t\t\t<\/div>\n\t\t\t\t\t\t\t\t<\/div>\n\t\t\t\t\t<div tabindex=\"0\" aria-label=\"Voltar\" class=\"glider-prev\"><\/div>\n\t\t\t\t\t<div tabindex=\"0\" aria-label=\"Avan\u00e7ar\" class=\"glider-next\"><\/div>\n\t\t\t\t\t\t\t\t<\/div>\n\t\t<\/div>\n\t\t","protected":false},"excerpt":{"rendered":"<p>O Ibovespa come\u00e7ou a semana com queda nos pap\u00e9is da Vale (VALE3), CSN (CSNA3) e CSN Minera\u00e7\u00e3o (CMIN3) devido \u00e0 desvaloriza\u00e7\u00e3o do min\u00e9rio de ferro na China. Nesta segunda-feira (16), o pa\u00eds, que \u00e9 o maior consumidor da commodity no mundo, voltou a trazer preocupa\u00e7\u00f5es com o aumento de casos de covid \u2014 e um [&hellip;]<\/p>\n","protected":false},"author":233,"featured_media":130477,"comment_status":"closed","ping_status":"closed","sticky":false,"template":"","format":"standard","meta":[],"categories":[64],"tags":[94403,1388,104899,105816,676],"suno_strategy":[],"class_list":["post-347622","post","type-post","status-publish","format-standard","has-post-thumbnail","hentry","category-negocios","tag-commodities","tag-csn-csna3","tag-csn-mineracao-cmin3","tag-especialistas","tag-vale-vale3"],"yoast_head":"<!-- This site is optimized with the Yoast SEO plugin v24.4 - https:\/\/yoast.com\/wordpress\/plugins\/seo\/ -->\n<title>Min\u00e9rio de ferro afunda a\u00e7\u00f5es da Vale (VALE3) e CSN (CSNA3)<\/title>\n<meta name=\"description\" content=\"O Ibovespa come\u00e7ou a semana com queda na Vale (VALE3) e CSN Minera\u00e7\u00e3o (CMIN3) devido \u00e0 desvaloriza\u00e7\u00e3o do min\u00e9rio de ferro. Confira!\" \/>\n<meta name=\"robots\" content=\"index, follow, max-snippet:-1, max-image-preview:large, max-video-preview:-1\" \/>\n<link rel=\"canonical\" href=\"https:\/\/www.suno.com.br\/noticias\/desvalorizacao-minerio-ferro-vale-vale3-csn-csna3-csn-mineracao-cmin3\/\" \/>\n<meta property=\"og:locale\" content=\"pt_BR\" \/>\n<meta property=\"og:type\" content=\"article\" \/>\n<meta property=\"og:title\" content=\"Min\u00e9rio de ferro afunda a\u00e7\u00f5es da Vale (VALE3) e CSN (CSNA3)\" \/>\n<meta property=\"og:description\" content=\"O Ibovespa come\u00e7ou a semana com queda na Vale (VALE3) e CSN Minera\u00e7\u00e3o (CMIN3) devido \u00e0 desvaloriza\u00e7\u00e3o do min\u00e9rio de ferro. Confira!\" \/>\n<meta property=\"og:url\" content=\"https:\/\/www.suno.com.br\/noticias\/desvalorizacao-minerio-ferro-vale-vale3-csn-csna3-csn-mineracao-cmin3\/\" \/>\n<meta property=\"og:site_name\" content=\"Suno Not\u00edcias\" \/>\n<meta property=\"article:publisher\" content=\"https:\/\/facebook.com\/sunoresearch\" \/>\n<meta property=\"og:image\" content=\"https:\/\/files.sunoresearch.com.br\/n\/uploads\/2021\/03\/e796aea7-setor-minerio-de-ferro.jpg\" \/>\n\t<meta property=\"og:image:width\" content=\"1200\" \/>\n\t<meta property=\"og:image:height\" content=\"840\" \/>\n\t<meta property=\"og:image:type\" content=\"image\/jpeg\" \/>\n<meta name=\"author\" content=\"Janize Cola\u00e7o\" \/>\n<meta name=\"twitter:card\" content=\"summary_large_image\" \/>\n<meta name=\"twitter:creator\" content=\"@sunoresearch\" \/>\n<meta name=\"twitter:site\" content=\"@sunoresearch\" \/>\n<meta name=\"twitter:label1\" content=\"Escrito por\" \/>\n\t<meta name=\"twitter:data1\" content=\"Janize Cola\u00e7o\" \/>\n\t<meta name=\"twitter:label2\" content=\"Est. tempo de leitura\" \/>\n\t<meta name=\"twitter:data2\" content=\"3 minutos\" \/>\n<script type=\"application\/ld+json\" class=\"yoast-schema-graph\">{\"@context\":\"https:\/\/schema.org\",\"@graph\":[{\"@type\":\"NewsArticle\",\"@id\":\"https:\/\/www.suno.com.br\/noticias\/desvalorizacao-minerio-ferro-vale-vale3-csn-csna3-csn-mineracao-cmin3\/#article\",\"isPartOf\":{\"@id\":\"https:\/\/www.suno.com.br\/noticias\/desvalorizacao-minerio-ferro-vale-vale3-csn-csna3-csn-mineracao-cmin3\/\"},\"author\":{\"name\":\"Janize Cola\u00e7o\",\"@id\":\"https:\/\/www.suno.com.br\/noticias\/#\/schema\/person\/d689f06da5678e1f0b1ee402f001d676\"},\"headline\":\"Min\u00e9rio de ferro: desvaloriza\u00e7\u00e3o afunda a\u00e7\u00f5es da Vale (VALE3), CSN (CSNA3) e CSN Minera\u00e7\u00e3o (CMIN3)\",\"datePublished\":\"2023-01-16T16:32:38+00:00\",\"dateModified\":\"2023-01-16T21:51:04+00:00\",\"mainEntityOfPage\":{\"@id\":\"https:\/\/www.suno.com.br\/noticias\/desvalorizacao-minerio-ferro-vale-vale3-csn-csna3-csn-mineracao-cmin3\/\"},\"wordCount\":460,\"publisher\":{\"@id\":\"https:\/\/www.suno.com.br\/noticias\/#organization\"},\"image\":{\"@id\":\"https:\/\/www.suno.com.br\/noticias\/desvalorizacao-minerio-ferro-vale-vale3-csn-csna3-csn-mineracao-cmin3\/#primaryimage\"},\"thumbnailUrl\":\"https:\/\/files.sunoresearch.com.br\/n\/uploads\/2021\/03\/e796aea7-setor-minerio-de-ferro-jpg.webp\",\"keywords\":[\"commodities\",\"CSN (CSNA3)\",\"CSN Minera\u00e7\u00e3o (CMIN3)\",\"Especialistas\",\"Vale (VALE3)\"],\"articleSection\":[\"Neg\u00f3cios\"],\"inLanguage\":\"pt-BR\"},{\"@type\":\"WebPage\",\"@id\":\"https:\/\/www.suno.com.br\/noticias\/desvalorizacao-minerio-ferro-vale-vale3-csn-csna3-csn-mineracao-cmin3\/\",\"url\":\"https:\/\/www.suno.com.br\/noticias\/desvalorizacao-minerio-ferro-vale-vale3-csn-csna3-csn-mineracao-cmin3\/\",\"name\":\"Min\u00e9rio de ferro afunda a\u00e7\u00f5es da Vale (VALE3) e CSN (CSNA3)\",\"isPartOf\":{\"@id\":\"https:\/\/www.suno.com.br\/noticias\/#website\"},\"primaryImageOfPage\":{\"@id\":\"https:\/\/www.suno.com.br\/noticias\/desvalorizacao-minerio-ferro-vale-vale3-csn-csna3-csn-mineracao-cmin3\/#primaryimage\"},\"image\":{\"@id\":\"https:\/\/www.suno.com.br\/noticias\/desvalorizacao-minerio-ferro-vale-vale3-csn-csna3-csn-mineracao-cmin3\/#primaryimage\"},\"thumbnailUrl\":\"https:\/\/files.sunoresearch.com.br\/n\/uploads\/2021\/03\/e796aea7-setor-minerio-de-ferro-jpg.webp\",\"datePublished\":\"2023-01-16T16:32:38+00:00\",\"dateModified\":\"2023-01-16T21:51:04+00:00\",\"description\":\"O Ibovespa come\u00e7ou a semana com queda na Vale (VALE3) e CSN Minera\u00e7\u00e3o (CMIN3) devido \u00e0 desvaloriza\u00e7\u00e3o do min\u00e9rio de ferro. Confira!\",\"breadcrumb\":{\"@id\":\"https:\/\/www.suno.com.br\/noticias\/desvalorizacao-minerio-ferro-vale-vale3-csn-csna3-csn-mineracao-cmin3\/#breadcrumb\"},\"inLanguage\":\"pt-BR\",\"potentialAction\":[{\"@type\":\"ReadAction\",\"target\":[\"https:\/\/www.suno.com.br\/noticias\/desvalorizacao-minerio-ferro-vale-vale3-csn-csna3-csn-mineracao-cmin3\/\"]}]},{\"@type\":\"ImageObject\",\"inLanguage\":\"pt-BR\",\"@id\":\"https:\/\/www.suno.com.br\/noticias\/desvalorizacao-minerio-ferro-vale-vale3-csn-csna3-csn-mineracao-cmin3\/#primaryimage\",\"url\":\"https:\/\/files.sunoresearch.com.br\/n\/uploads\/2021\/03\/e796aea7-setor-minerio-de-ferro-jpg.webp\",\"contentUrl\":\"https:\/\/files.sunoresearch.com.br\/n\/uploads\/2021\/03\/e796aea7-setor-minerio-de-ferro-jpg.webp\",\"width\":1200,\"height\":840,\"caption\":\"VALE3. Foto: Pixabay\"},{\"@type\":\"BreadcrumbList\",\"@id\":\"https:\/\/www.suno.com.br\/noticias\/desvalorizacao-minerio-ferro-vale-vale3-csn-csna3-csn-mineracao-cmin3\/#breadcrumb\",\"itemListElement\":[{\"@type\":\"ListItem\",\"position\":1,\"name\":\"Not\u00edcias\",\"item\":\"https:\/\/www.suno.com.br\/noticias\/\"},{\"@type\":\"ListItem\",\"position\":2,\"name\":\"Neg\u00f3cios\",\"item\":\"https:\/\/www.suno.com.br\/noticias\/negocios\/\"},{\"@type\":\"ListItem\",\"position\":3,\"name\":\"Min\u00e9rio de ferro: desvaloriza\u00e7\u00e3o afunda a\u00e7\u00f5es da Vale (VALE3), CSN (CSNA3) e CSN Minera\u00e7\u00e3o (CMIN3)\"}]},{\"@type\":\"WebSite\",\"@id\":\"https:\/\/www.suno.com.br\/noticias\/#website\",\"url\":\"https:\/\/www.suno.com.br\/noticias\/\",\"name\":\"Suno Not\u00edcias\",\"description\":\"Seu portal de informa\u00e7\u00e3o sobre o mundo dos investimentos\",\"publisher\":{\"@id\":\"https:\/\/www.suno.com.br\/noticias\/#organization\"},\"potentialAction\":[{\"@type\":\"SearchAction\",\"target\":{\"@type\":\"EntryPoint\",\"urlTemplate\":\"https:\/\/www.suno.com.br\/noticias\/?s={search_term_string}\"},\"query-input\":{\"@type\":\"PropertyValueSpecification\",\"valueRequired\":true,\"valueName\":\"search_term_string\"}}],\"inLanguage\":\"pt-BR\"},{\"@type\":\"Organization\",\"@id\":\"https:\/\/www.suno.com.br\/noticias\/#organization\",\"name\":\"Suno Not\u00edcias\",\"url\":\"https:\/\/www.suno.com.br\/noticias\/\",\"logo\":{\"@type\":\"ImageObject\",\"inLanguage\":\"pt-BR\",\"@id\":\"https:\/\/www.suno.com.br\/noticias\/#\/schema\/logo\/image\/\",\"url\":\"https:\/\/files.sunoresearch.com.br\/n\/uploads\/2021\/09\/suno-logo.png\",\"contentUrl\":\"https:\/\/files.sunoresearch.com.br\/n\/uploads\/2021\/09\/suno-logo.png\",\"width\":180,\"height\":180,\"caption\":\"Suno Not\u00edcias\"},\"image\":{\"@id\":\"https:\/\/www.suno.com.br\/noticias\/#\/schema\/logo\/image\/\"},\"sameAs\":[\"https:\/\/facebook.com\/sunoresearch\",\"https:\/\/x.com\/sunoresearch\",\"https:\/\/www.instagram.com\/suno\",\"https:\/\/www.linkedin.com\/company\/suno-research\/\",\"https:\/\/www.youtube.com\/c\/sunoresearch\"]},{\"@type\":\"Person\",\"@id\":\"https:\/\/www.suno.com.br\/noticias\/#\/schema\/person\/d689f06da5678e1f0b1ee402f001d676\",\"name\":\"Janize Cola\u00e7o\",\"image\":{\"@type\":\"ImageObject\",\"inLanguage\":\"pt-BR\",\"@id\":\"https:\/\/www.suno.com.br\/noticias\/#\/schema\/person\/image\/\",\"url\":\"https:\/\/secure.gravatar.com\/avatar\/32b3bf89abae63ca2cf961bc051522d0?s=96&r=g\",\"contentUrl\":\"https:\/\/secure.gravatar.com\/avatar\/32b3bf89abae63ca2cf961bc051522d0?s=96&r=g\",\"caption\":\"Janize Cola\u00e7o\"},\"description\":\"Jornalista formada pela PUC-SP com passagens pela Record TV, Globo Cond\u00e9 Nast, Revista Panrotas e Editora Via. Hoje, \u00e9 rep\u00f3rter no Suno Not\u00edcias, cobrindo pautas sobre mercado, pol\u00edtica, economia e bolsa de valores.\",\"url\":\"https:\/\/www.suno.com.br\/noticias\/author\/janize-colaco\/\"}]}<\/script>\n<!-- \/ Yoast SEO plugin. -->","yoast_head_json":{"title":"Min\u00e9rio de ferro afunda a\u00e7\u00f5es da Vale (VALE3) e CSN (CSNA3)","description":"O Ibovespa come\u00e7ou a semana com queda na Vale (VALE3) e CSN Minera\u00e7\u00e3o (CMIN3) devido \u00e0 desvaloriza\u00e7\u00e3o do min\u00e9rio de ferro. Confira!","robots":{"index":"index","follow":"follow","max-snippet":"max-snippet:-1","max-image-preview":"max-image-preview:large","max-video-preview":"max-video-preview:-1"},"canonical":"https:\/\/www.suno.com.br\/noticias\/desvalorizacao-minerio-ferro-vale-vale3-csn-csna3-csn-mineracao-cmin3\/","og_locale":"pt_BR","og_type":"article","og_title":"Min\u00e9rio de ferro afunda a\u00e7\u00f5es da Vale (VALE3) e CSN (CSNA3)","og_description":"O Ibovespa come\u00e7ou a semana com queda na Vale (VALE3) e CSN Minera\u00e7\u00e3o (CMIN3) devido \u00e0 desvaloriza\u00e7\u00e3o do min\u00e9rio de ferro. Confira!","og_url":"https:\/\/www.suno.com.br\/noticias\/desvalorizacao-minerio-ferro-vale-vale3-csn-csna3-csn-mineracao-cmin3\/","og_site_name":"Suno Not\u00edcias","article_publisher":"https:\/\/facebook.com\/sunoresearch","og_image":[{"width":1200,"height":840,"url":"https:\/\/files.sunoresearch.com.br\/n\/uploads\/2021\/03\/e796aea7-setor-minerio-de-ferro.jpg","type":"image\/jpeg"}],"author":"Janize Cola\u00e7o","twitter_card":"summary_large_image","twitter_creator":"@sunoresearch","twitter_site":"@sunoresearch","twitter_misc":{"Escrito por":"Janize Cola\u00e7o","Est. tempo de leitura":"3 minutos"},"schema":{"@context":"https:\/\/schema.org","@graph":[{"@type":"NewsArticle","@id":"https:\/\/www.suno.com.br\/noticias\/desvalorizacao-minerio-ferro-vale-vale3-csn-csna3-csn-mineracao-cmin3\/#article","isPartOf":{"@id":"https:\/\/www.suno.com.br\/noticias\/desvalorizacao-minerio-ferro-vale-vale3-csn-csna3-csn-mineracao-cmin3\/"},"author":{"name":"Janize Cola\u00e7o","@id":"https:\/\/www.suno.com.br\/noticias\/#\/schema\/person\/d689f06da5678e1f0b1ee402f001d676"},"headline":"Min\u00e9rio de ferro: desvaloriza\u00e7\u00e3o afunda a\u00e7\u00f5es da Vale (VALE3), CSN (CSNA3) e CSN Minera\u00e7\u00e3o (CMIN3)","datePublished":"2023-01-16T16:32:38+00:00","dateModified":"2023-01-16T21:51:04+00:00","mainEntityOfPage":{"@id":"https:\/\/www.suno.com.br\/noticias\/desvalorizacao-minerio-ferro-vale-vale3-csn-csna3-csn-mineracao-cmin3\/"},"wordCount":460,"publisher":{"@id":"https:\/\/www.suno.com.br\/noticias\/#organization"},"image":{"@id":"https:\/\/www.suno.com.br\/noticias\/desvalorizacao-minerio-ferro-vale-vale3-csn-csna3-csn-mineracao-cmin3\/#primaryimage"},"thumbnailUrl":"https:\/\/files.sunoresearch.com.br\/n\/uploads\/2021\/03\/e796aea7-setor-minerio-de-ferro-jpg.webp","keywords":["commodities","CSN (CSNA3)","CSN Minera\u00e7\u00e3o (CMIN3)","Especialistas","Vale (VALE3)"],"articleSection":["Neg\u00f3cios"],"inLanguage":"pt-BR"},{"@type":"WebPage","@id":"https:\/\/www.suno.com.br\/noticias\/desvalorizacao-minerio-ferro-vale-vale3-csn-csna3-csn-mineracao-cmin3\/","url":"https:\/\/www.suno.com.br\/noticias\/desvalorizacao-minerio-ferro-vale-vale3-csn-csna3-csn-mineracao-cmin3\/","name":"Min\u00e9rio de ferro afunda a\u00e7\u00f5es da Vale (VALE3) e CSN (CSNA3)","isPartOf":{"@id":"https:\/\/www.suno.com.br\/noticias\/#website"},"primaryImageOfPage":{"@id":"https:\/\/www.suno.com.br\/noticias\/desvalorizacao-minerio-ferro-vale-vale3-csn-csna3-csn-mineracao-cmin3\/#primaryimage"},"image":{"@id":"https:\/\/www.suno.com.br\/noticias\/desvalorizacao-minerio-ferro-vale-vale3-csn-csna3-csn-mineracao-cmin3\/#primaryimage"},"thumbnailUrl":"https:\/\/files.sunoresearch.com.br\/n\/uploads\/2021\/03\/e796aea7-setor-minerio-de-ferro-jpg.webp","datePublished":"2023-01-16T16:32:38+00:00","dateModified":"2023-01-16T21:51:04+00:00","description":"O Ibovespa come\u00e7ou a semana com queda na Vale (VALE3) e CSN Minera\u00e7\u00e3o (CMIN3) devido \u00e0 desvaloriza\u00e7\u00e3o do min\u00e9rio de ferro. Confira!","breadcrumb":{"@id":"https:\/\/www.suno.com.br\/noticias\/desvalorizacao-minerio-ferro-vale-vale3-csn-csna3-csn-mineracao-cmin3\/#breadcrumb"},"inLanguage":"pt-BR","potentialAction":[{"@type":"ReadAction","target":["https:\/\/www.suno.com.br\/noticias\/desvalorizacao-minerio-ferro-vale-vale3-csn-csna3-csn-mineracao-cmin3\/"]}]},{"@type":"ImageObject","inLanguage":"pt-BR","@id":"https:\/\/www.suno.com.br\/noticias\/desvalorizacao-minerio-ferro-vale-vale3-csn-csna3-csn-mineracao-cmin3\/#primaryimage","url":"https:\/\/files.sunoresearch.com.br\/n\/uploads\/2021\/03\/e796aea7-setor-minerio-de-ferro-jpg.webp","contentUrl":"https:\/\/files.sunoresearch.com.br\/n\/uploads\/2021\/03\/e796aea7-setor-minerio-de-ferro-jpg.webp","width":1200,"height":840,"caption":"VALE3. Foto: Pixabay"},{"@type":"BreadcrumbList","@id":"https:\/\/www.suno.com.br\/noticias\/desvalorizacao-minerio-ferro-vale-vale3-csn-csna3-csn-mineracao-cmin3\/#breadcrumb","itemListElement":[{"@type":"ListItem","position":1,"name":"Not\u00edcias","item":"https:\/\/www.suno.com.br\/noticias\/"},{"@type":"ListItem","position":2,"name":"Neg\u00f3cios","item":"https:\/\/www.suno.com.br\/noticias\/negocios\/"},{"@type":"ListItem","position":3,"name":"Min\u00e9rio de ferro: desvaloriza\u00e7\u00e3o afunda a\u00e7\u00f5es da Vale (VALE3), CSN (CSNA3) e CSN Minera\u00e7\u00e3o (CMIN3)"}]},{"@type":"WebSite","@id":"https:\/\/www.suno.com.br\/noticias\/#website","url":"https:\/\/www.suno.com.br\/noticias\/","name":"Suno Not\u00edcias","description":"Seu portal de informa\u00e7\u00e3o sobre o mundo dos investimentos","publisher":{"@id":"https:\/\/www.suno.com.br\/noticias\/#organization"},"potentialAction":[{"@type":"SearchAction","target":{"@type":"EntryPoint","urlTemplate":"https:\/\/www.suno.com.br\/noticias\/?s={search_term_string}"},"query-input":{"@type":"PropertyValueSpecification","valueRequired":true,"valueName":"search_term_string"}}],"inLanguage":"pt-BR"},{"@type":"Organization","@id":"https:\/\/www.suno.com.br\/noticias\/#organization","name":"Suno Not\u00edcias","url":"https:\/\/www.suno.com.br\/noticias\/","logo":{"@type":"ImageObject","inLanguage":"pt-BR","@id":"https:\/\/www.suno.com.br\/noticias\/#\/schema\/logo\/image\/","url":"https:\/\/files.sunoresearch.com.br\/n\/uploads\/2021\/09\/suno-logo.png","contentUrl":"https:\/\/files.sunoresearch.com.br\/n\/uploads\/2021\/09\/suno-logo.png","width":180,"height":180,"caption":"Suno Not\u00edcias"},"image":{"@id":"https:\/\/www.suno.com.br\/noticias\/#\/schema\/logo\/image\/"},"sameAs":["https:\/\/facebook.com\/sunoresearch","https:\/\/x.com\/sunoresearch","https:\/\/www.instagram.com\/suno","https:\/\/www.linkedin.com\/company\/suno-research\/","https:\/\/www.youtube.com\/c\/sunoresearch"]},{"@type":"Person","@id":"https:\/\/www.suno.com.br\/noticias\/#\/schema\/person\/d689f06da5678e1f0b1ee402f001d676","name":"Janize Cola\u00e7o","image":{"@type":"ImageObject","inLanguage":"pt-BR","@id":"https:\/\/www.suno.com.br\/noticias\/#\/schema\/person\/image\/","url":"https:\/\/secure.gravatar.com\/avatar\/32b3bf89abae63ca2cf961bc051522d0?s=96&r=g","contentUrl":"https:\/\/secure.gravatar.com\/avatar\/32b3bf89abae63ca2cf961bc051522d0?s=96&r=g","caption":"Janize Cola\u00e7o"},"description":"Jornalista formada pela PUC-SP com passagens pela Record TV, Globo Cond\u00e9 Nast, Revista Panrotas e Editora Via. Hoje, \u00e9 rep\u00f3rter no Suno Not\u00edcias, cobrindo pautas sobre mercado, pol\u00edtica, economia e bolsa de valores.","url":"https:\/\/www.suno.com.br\/noticias\/author\/janize-colaco\/"}]}},"default_loop_html":"<div class=\"cardsPage__listCard__boxs\"><div class=\"cardsPage__listCard__boxs__img\"><a href=\"https:\/\/www.suno.com.br\/noticias\/desvalorizacao-minerio-ferro-vale-vale3-csn-csna3-csn-mineracao-cmin3\/\"><img class=\"mask\" src=\"https:\/\/www.suno.com.br\/noticias\/wp-content\/themes\/suno\/resources\/images\/spotlight\/spotlight1img\/bg-mask.png\" alt=\"Image Mask\"\/><img src=\"https:\/\/files.sunoresearch.com.br\/n\/uploads\/2021\/03\/e796aea7-setor-minerio-de-ferro-400x200.webp\" alt=\"Min\u00e9rio de ferro: desvaloriza\u00e7\u00e3o afunda a\u00e7\u00f5es da Vale (VALE3), CSN (CSNA3) e CSN Minera\u00e7\u00e3o (CMIN3)\"\/><\/a><span class=\"spotlightCategory\"><a href=\"https:\/\/www.suno.com.br\/noticias\/negocios\/\">Neg\u00f3cios<\/a><\/span><\/div><div class=\"cardsPage__listCard__boxs__content\"><a href=\"https:\/\/www.suno.com.br\/noticias\/desvalorizacao-minerio-ferro-vale-vale3-csn-csna3-csn-mineracao-cmin3\/\"><h2 class=\"content__title\">Min\u00e9rio de ferro: desvaloriza\u00e7\u00e3o afunda a\u00e7\u00f5es da Vale (VALE3), CSN (CSNA3) e CSN Minera\u00e7\u00e3o (CMIN3)<\/h2><\/a><div class=\"newsContent__article__meta\"><div class=\"newsContent__article__meta__authorBox\"><a href=\"https:\/\/www.suno.com.br\/noticias\/author\/janize-colaco\/\" class=\"authorBox__avatar noMobi\"><img src=\"https:\/\/files.sunoresearch.com.br\/n\/uploads\/2022\/11\/20221120_111807-1-150x150.jpg\" alt=\"Janize Cola\u00e7o\"><\/a><div class=\"authorBox__name\"><span>por\n\t\t\t<a href=\"https:\/\/www.suno.com.br\/noticias\/author\/janize-colaco\/\"><span itemprop=\"author\">Janize Cola\u00e7o<\/span><\/a><\/span><time datetime=\"2023-01-16T13:32:38-03:00\" itemprop=\"datePublished\">16\/01\/2023 13:32<\/time><\/div><\/div><\/div><\/div><\/div>","single_layout":"posts","amp_enabled":true,"_links":{"self":[{"href":"https:\/\/www.suno.com.br\/noticias\/wp-json\/wp\/v2\/posts\/347622"}],"collection":[{"href":"https:\/\/www.suno.com.br\/noticias\/wp-json\/wp\/v2\/posts"}],"about":[{"href":"https:\/\/www.suno.com.br\/noticias\/wp-json\/wp\/v2\/types\/post"}],"author":[{"embeddable":true,"href":"https:\/\/www.suno.com.br\/noticias\/wp-json\/wp\/v2\/users\/233"}],"replies":[{"embeddable":true,"href":"https:\/\/www.suno.com.br\/noticias\/wp-json\/wp\/v2\/comments?post=347622"}],"version-history":[{"count":3,"href":"https:\/\/www.suno.com.br\/noticias\/wp-json\/wp\/v2\/posts\/347622\/revisions"}],"predecessor-version":[{"id":347929,"href":"https:\/\/www.suno.com.br\/noticias\/wp-json\/wp\/v2\/posts\/347622\/revisions\/347929"}],"wp:featuredmedia":[{"embeddable":true,"href":"https:\/\/www.suno.com.br\/noticias\/wp-json\/wp\/v2\/media\/130477"}],"wp:attachment":[{"href":"https:\/\/www.suno.com.br\/noticias\/wp-json\/wp\/v2\/media?parent=347622"}],"wp:term":[{"taxonomy":"category","embeddable":true,"href":"https:\/\/www.suno.com.br\/noticias\/wp-json\/wp\/v2\/categories?post=347622"},{"taxonomy":"post_tag","embeddable":true,"href":"https:\/\/www.suno.com.br\/noticias\/wp-json\/wp\/v2\/tags?post=347622"},{"taxonomy":"suno_strategy","embeddable":true,"href":"https:\/\/www.suno.com.br\/noticias\/wp-json\/wp\/v2\/suno_strategy?post=347622"}],"curies":[{"name":"wp","href":"https:\/\/api.w.org\/{rel}","templated":true}]}}