{"id":347595,"date":"2023-01-16T12:35:51","date_gmt":"2023-01-16T15:35:51","guid":{"rendered":"https:\/\/www.suno.com.br\/noticias\/?p=347595"},"modified":"2023-01-16T15:45:46","modified_gmt":"2023-01-16T18:45:46","slug":"crise-na-americanas-arriscado-comprar-lojas","status":"publish","type":"post","link":"https:\/\/www.suno.com.br\/noticias\/crise-na-americanas-arriscado-comprar-lojas\/","title":{"rendered":"Crise na Americanas (AMER3): \u00e9 seguro fazer compras na loja?"},"content":{"rendered":"<p>A <a href=\"https:\/\/www.suno.com.br\/acoes\/amer3\/\"><strong>Americanas <\/strong>(AMER3)<\/a> permanece sob o foco do <a class=\"suno-keyword\" data-force=\"no\" data-priority=\"2\" href=\"https:\/\/www.suno.com.br\/guias\/mercado-financeiro\/\" target=\"_blank\" rel=\"noopener\">mercado financeiro<\/a> desde a \u00faltima quarta-feira (11), quando comunicou um <a href=\"https:\/\/www.suno.com.br\/noticias\/americanas-amer3-inconsistencia-balanco-rial-deixa-presidencia\/\">rombo de R$ 20 bilh\u00f5es em lan\u00e7amentos cont\u00e1beis<\/a>. A empresa preocupa, al\u00e9m de investidores, seus consumidores, que realizaram compras recentemente ou que tinham o desejo de adquirir alguns dos milhares de produtos disponibilizados pela varejista. Ser\u00e1 que <strong>\u00e9 arriscado fazer compras na Americanas <\/strong>diante da crise?<\/p>\t<div class=\"wrapper-featured-image\">\n\t\t<figure class=\"spotlightImg\">\n\n\t\t\t<picture>\n\t\t\t\t<source media=\"(max-width: 768px)\" srcset=\"https:\/\/files.sunoresearch.com.br\/n\/uploads\/2023\/01\/lojas-americanas-em-telemaco-borba-wikimedia-reproducao-400x200.jpg\">\n\t\t\t\t<img loading=\"lazy\" decoding=\"async\" class=\"newsContent__article__imgCapa lazyloadDisabled \" src=\"https:\/\/files.sunoresearch.com.br\/n\/uploads\/2023\/01\/lojas-americanas-em-telemaco-borba-wikimedia-reproducao-800x450.jpg\" width=\"800\" height=\"450\" alt=\"Crise na Americanas (AMER3): \u00e9 seguro fazer compras na loja?\" fetchpriority=high \/>\n\t\t\t<\/picture>\n\n\t\t\t<figcaption class=\"wp-caption-text wp-caption-text--show\">Crise na Americanas (AMER3) Foto: Wikimedia Creative Commons\/Reprodu\u00e7\u00e3o<\/figcaption>\n\t\t<\/figure>\n\t<\/div>\n\n\n\n\n\n\t<p>\n\t\t<a href=\"\" target=\"_blank\" data-element=\"shortcode-suno-banner\" title=\"Banner SUNO, clique e saiba mais\">\n\t\t\t<picture>\n\t\t\t\t<source media=\"(max-width: 500px)\" srcset=\"\">\n\t\t\t\t<img class=\"newsContent__article__imgCapa newsContent__article__imgCapa--banner\"\n\t\t\t\t\tsrc=\"\"\n\t\t\t\t\tdata-promo-id=\"89005\"\t\t\t\t\t\t\t\t\t\t\t\t\t\t\talt=\"\"\n\t\t\t\t>\n\t\t\t<\/picture>\n\t\t<\/a>\n\t<\/p>\n\n\n\n\n\n<p>Na \u00faltima sexta-feira (13), o <strong>Procon-SP enviou uma notifica\u00e7\u00e3o para a Americanas<\/strong>, e questionou os poss\u00edveis impactos aos consumidores, se as compras realizadas ser\u00e3o comprometidas. O instituto solicitou detalhes sobre quantas pessoas ser\u00e3o afetadas caso isso aconte\u00e7a.<\/p>\n\n\n\n\t<div data-element=\"shortcode-read-more\" class=\"readToo\">\n\t\t\t\t<span class=\"readToo__title\">Leia mais<\/span>\n\t\t\t\t<ul class=\"readToo__list\">\n\t\t\t<li><a href=\"https:\/\/www.suno.com.br\/noticias\/americanas-amer3-nubank-fundo-caixinhas\/\">Clientes do Nubank (NUBR33) sofrem com rombo nas Americanas (AMER3)<\/a><\/li><li><a href=\"https:\/\/www.suno.com.br\/noticias\/americanas-amer3-justica-btg-divida\/\">Americanas (AMER3): Justi\u00e7a nega pedido do BTG Pactual contra suspens\u00e3o de pagamento de d\u00edvidas<\/a><\/li><li><a href=\"https:\/\/www.suno.com.br\/noticias\/americanas-amer3-recuperacao-judicial-caminho-dividas\/\">Com d\u00edvida colossal, Americanas (AMER3) deve optar pela recupera\u00e7\u00e3o judicial como caminho mais vi\u00e1vel, diz XP<\/a><\/li>\t\t<\/ul>\n\t<\/div>\n\n\n\n\n<p>A Americanas chegou a <strong>emitir um comunicado em suas redes sociais para tranquilizar clientes<\/strong>, fornecedores e parceiros sobre a possibilidade de fazer compras nas lojas. &#8220;Ent\u00e3o, se tem uma coisa que nada muda \u00e9 que, por aqui, seguimos pensando e trabalhando por voc\u00ea&#8221;, comunicou.<\/p>\n\n\n\n<p>Na ocasi\u00e3o, a Americanas tamb\u00e9m aproveitou para abordar sua <a href=\"https:\/\/www.suno.com.br\/noticias\/americanas-desistencia-patrocinio-bbb23\/\">sa\u00edda do patroc\u00ednio do Big Brother Brasil 2023<\/a>. A varejista era detentora, desde a \u00faltima edi\u00e7\u00e3o, da cota mais cara de patroc\u00ednio do programa, com um custo de mais de R$ 105 milh\u00f5es, fora demais encargos para realiza\u00e7\u00e3o de a\u00e7\u00f5es dentro e fora da edi\u00e7\u00e3o. A informa\u00e7\u00e3o foi antecipada pelo jornal O Estado de S\u00e3o Paulo e confirmada pelo Suno Not\u00edcias com a empresa.<\/p>\n\n\n\n<p>O Mercado Livre (<a class=\"suno-keyword\" data-force=\"yes\" data-priority=\"2\" href=\"https:\/\/www.suno.com.br\/bdrs\/meli34\/\" target=\"_blank\" rel=\"noopener\">MELI34<\/a>) ficar\u00e1 respons\u00e1vel pela cota deixada pela varejista na edi\u00e7\u00e3o que tem in\u00edcio nesta segunda-feira (16). Confira:<\/p>\n\n\n\n<figure class=\"wp-block-embed is-type-rich is-provider-twitter wp-block-embed-twitter\"><div class=\"wp-block-embed__wrapper\">\n<blockquote class=\"twitter-tweet\" data-width=\"550\" data-dnt=\"true\"><p lang=\"pt\" dir=\"ltr\">Entre n\u00f3s e voc\u00ea, nada mudou. Seguimos pensando e trabalhando por voc\u00ea \u2764\ufe0f <a href=\"https:\/\/t.co\/0a4rTo8ZYI\">pic.twitter.com\/0a4rTo8ZYI<\/a><\/p>&mdash; americanas (@americanas) <a href=\"https:\/\/twitter.com\/americanas\/status\/1614020832560402451?ref_src=twsrc%5Etfw\">January 13, 2023<\/a><\/blockquote>\n<\/div><\/figure>\n\n\n\n<p>Questionada pelo Suno Not\u00edcias se a <strong>crise envolvendo inconsist\u00eancias cont\u00e1beis afetaria a entrega de produtos <\/strong>ou a recomposi\u00e7\u00e3o de estoques, a Americanas<strong> <\/strong>respondeu que \u201csegue aberta e pronta para suas compras e entregas, nas lojas, no site e no app. A companhia continua dando acesso ao maior n\u00famero de brasileiros e brasileiras \u00e0s melhores ofertas, produtos e servi\u00e7os\u201d.<\/p>\n\n\n\t<p>\n\t\t<a href=\"https:\/\/lp.suno.com.br\/planilha-controle-gastos\/\" target=\"_blank\" data-element=\"shortcode-suno-banner\" title=\"Banner SUNO, clique e saiba mais\">\n\t\t\t<picture>\n\t\t\t\t<source media=\"(max-width: 500px)\" srcset=\"https:\/\/files.sunoresearch.com.br\/n\/uploads\/2023\/03\/400x300-Planilha-controle-de-gastos.png\">\n\t\t\t\t<img class=\"newsContent__article__imgCapa newsContent__article__imgCapa--banner\"\n\t\t\t\t\tsrc=\"https:\/\/files.sunoresearch.com.br\/n\/uploads\/2023\/03\/1420x240-Planilha-controle-de-gastos.png\"\n\t\t\t\t\tdata-promo-id=\"101751\"\t\t\t\t\t\t\t\t\t\twidth='1420' height='240'\t\t\t\t\talt=\"https:\/\/files.sunoresearch.com.br\/n\/uploads\/2023\/03\/1420x240-Planilha-controle-de-gastos.png\"\n\t\t\t\t>\n\t\t\t<\/picture>\n\t\t<\/a>\n\t<\/p>\n\n\n\n\n\n<h2 class=\"wp-block-heading\" id=\"h-rombo-na-americanas\">Rombo na Americanas<\/h2>\n\n\n\n<p>Em&nbsp;<a href=\"https:\/\/www.suno.com.br\/artigos\/fato-relevante\/\" target=\"_blank\" rel=\"noreferrer noopener\">fato relevante<\/a>&nbsp;divulgado na quarta-feira (11), a Americanas disse que <strong>detectou inconsist\u00eancias estimadas no total de R$ 20 bilh\u00f5es<\/strong>, com data-base em 30\/09\/2022. O montante apontado \u00e9 maior que o&nbsp;<a href=\"https:\/\/www.suno.com.br\/artigos\/valor-de-mercado\/\" target=\"_blank\" rel=\"noreferrer noopener\">valor de mercado<\/a>&nbsp;da pr\u00f3pria varejista na Bolsa, que at\u00e9 ent\u00e3o era de R$ 10 bilh\u00f5es.<\/p>\n\n\n\n<p><a href=\"https:\/\/www.suno.com.br\/tudo-sobre\/sergio-rial\/\" target=\"_blank\" rel=\"noreferrer noopener\">Sergio Rial<\/a>, que havia assumido o comando a empresa no in\u00edcio do ano, deixou o cargo em menos de dez dias. Na apresenta\u00e7\u00e3o ao mercado sobre o&nbsp;<strong>rombo na Americanas<\/strong>, o ex-<a href=\"https:\/\/www.suno.com.br\/acoes\/SANB11\/\" target=\"_blank\" rel=\"noreferrer noopener\">Santander Brasil (SANB11)<\/a>&nbsp;evidenciou que a varejista precisar\u00e1 do aporte de \u201calguns bilh\u00f5es\u201d. O executivo atuar\u00e1 como assessor dos acionistas de refer\u00eancia (<a class=\"suno-keyword\" target=\"_blank\" data-force=\"no\" data-priority=\"1\" href=\"https:\/\/www.suno.com.br\/artigos\/3g-capital\/\" rel=\"noopener\">3G Capital<\/a>) durante a apura\u00e7\u00e3o do caso.<\/p>\n\n\n\n<p>A \u201cinconsist\u00eancia cont\u00e1bil\u201d caiu como uma bomba no mercado e, na quinta-feira (12), a empresa viu R$ 8,37 bilh\u00f5es do seu&nbsp;<a href=\"https:\/\/www.suno.com.br\/artigos\/valor-de-mercado\/\" target=\"_blank\" rel=\"noreferrer noopener\">valor de mercado<\/a>&nbsp;virarem p\u00f3. As&nbsp;a\u00e7\u00f5es da<strong> Americanas<\/strong>&nbsp;encolheram 77,33% na bolsa de valores. A Comiss\u00e3o de Valores Mobili\u00e1rios (CVM) abriu tr\u00eas processos para apurar o caso.<\/p>\n\n\n\t<p>\n\t\t<a href=\"\" target=\"_blank\" data-element=\"shortcode-suno-banner\" title=\"Banner SUNO, clique e saiba mais\">\n\t\t\t<picture>\n\t\t\t\t<source media=\"(max-width: 500px)\" srcset=\"\">\n\t\t\t\t<img class=\"newsContent__article__imgCapa newsContent__article__imgCapa--banner\"\n\t\t\t\t\tsrc=\"\"\n\t\t\t\t\tdata-promo-id=\"138420\"\t\t\t\t\t\t\t\t\t\t\t\t\t\t\talt=\"\"\n\t\t\t\t>\n\t\t\t<\/picture>\n\t\t<\/a>\n\t<\/p>\n\n\n","protected":false},"excerpt":{"rendered":"<p>A Americanas (AMER3) permanece sob o foco do mercado financeiro desde a \u00faltima quarta-feira (11), quando comunicou um rombo de R$ 20 bilh\u00f5es em lan\u00e7amentos cont\u00e1beis. A empresa preocupa, al\u00e9m de investidores, seus consumidores, que realizaram compras recentemente ou que tinham o desejo de adquirir alguns dos milhares de produtos disponibilizados pela varejista. Ser\u00e1 que [&hellip;]<\/p>\n","protected":false},"author":70,"featured_media":347602,"comment_status":"closed","ping_status":"closed","sticky":false,"template":"","format":"standard","meta":[],"categories":[65],"tags":[106605,803],"suno_strategy":[],"class_list":["post-347595","post","type-post","status-publish","format-standard","has-post-thumbnail","hentry","category-financas-pessoais","tag-americanas-s-a-amer3","tag-varejo"],"yoast_head":"<!-- This site is optimized with the Yoast SEO plugin v24.4 - https:\/\/yoast.com\/wordpress\/plugins\/seo\/ -->\n<title>Crise na Americanas (AMER3): \u00e9 seguro fazer compras na loja?<\/title>\n<meta name=\"description\" content=\"Ser\u00e1 que \u00e9 arriscado fazer compras na Americanas diante da crise da varejista? A empresa se pronunciou sobre. Entenda!\" \/>\n<meta name=\"robots\" content=\"index, follow, max-snippet:-1, max-image-preview:large, max-video-preview:-1\" \/>\n<link rel=\"canonical\" href=\"https:\/\/www.suno.com.br\/noticias\/crise-na-americanas-arriscado-comprar-lojas\/\" \/>\n<meta property=\"og:locale\" content=\"pt_BR\" \/>\n<meta property=\"og:type\" content=\"article\" \/>\n<meta property=\"og:title\" content=\"Crise na Americanas (AMER3): \u00e9 seguro fazer compras na loja?\" \/>\n<meta property=\"og:description\" content=\"Ser\u00e1 que \u00e9 arriscado fazer compras na Americanas diante da crise da varejista? A empresa se pronunciou sobre. Entenda!\" \/>\n<meta property=\"og:url\" content=\"https:\/\/www.suno.com.br\/noticias\/crise-na-americanas-arriscado-comprar-lojas\/\" \/>\n<meta property=\"og:site_name\" content=\"Suno Not\u00edcias\" \/>\n<meta property=\"article:publisher\" content=\"https:\/\/facebook.com\/sunoresearch\" \/>\n<meta property=\"og:image\" content=\"https:\/\/files.sunoresearch.com.br\/n\/uploads\/2023\/01\/lojas-americanas-em-telemaco-borba-wikimedia-reproducao.jpg\" \/>\n\t<meta property=\"og:image:width\" content=\"1200\" \/>\n\t<meta property=\"og:image:height\" content=\"1032\" \/>\n\t<meta property=\"og:image:type\" content=\"image\/jpeg\" \/>\n<meta name=\"author\" content=\"Beatriz Boyadjian\" \/>\n<meta name=\"twitter:card\" content=\"summary_large_image\" \/>\n<meta name=\"twitter:creator\" content=\"@sunoresearch\" \/>\n<meta name=\"twitter:site\" content=\"@sunoresearch\" \/>\n<meta name=\"twitter:label1\" content=\"Escrito por\" \/>\n\t<meta name=\"twitter:data1\" content=\"Beatriz Boyadjian\" \/>\n\t<meta name=\"twitter:label2\" content=\"Est. tempo de leitura\" \/>\n\t<meta name=\"twitter:data2\" content=\"3 minutos\" \/>\n<script type=\"application\/ld+json\" class=\"yoast-schema-graph\">{\"@context\":\"https:\/\/schema.org\",\"@graph\":[{\"@type\":\"NewsArticle\",\"@id\":\"https:\/\/www.suno.com.br\/noticias\/crise-na-americanas-arriscado-comprar-lojas\/#article\",\"isPartOf\":{\"@id\":\"https:\/\/www.suno.com.br\/noticias\/crise-na-americanas-arriscado-comprar-lojas\/\"},\"author\":{\"name\":\"Beatriz Boyadjian\",\"@id\":\"https:\/\/www.suno.com.br\/noticias\/#\/schema\/person\/c9d40f227e4ffee8114b1299c28902b0\"},\"headline\":\"Crise na Americanas (AMER3): \u00e9 seguro fazer compras na loja?\",\"datePublished\":\"2023-01-16T15:35:51+00:00\",\"dateModified\":\"2023-01-16T18:45:46+00:00\",\"mainEntityOfPage\":{\"@id\":\"https:\/\/www.suno.com.br\/noticias\/crise-na-americanas-arriscado-comprar-lojas\/\"},\"wordCount\":521,\"publisher\":{\"@id\":\"https:\/\/www.suno.com.br\/noticias\/#organization\"},\"image\":{\"@id\":\"https:\/\/www.suno.com.br\/noticias\/crise-na-americanas-arriscado-comprar-lojas\/#primaryimage\"},\"thumbnailUrl\":\"https:\/\/files.sunoresearch.com.br\/n\/uploads\/2023\/01\/lojas-americanas-em-telemaco-borba-wikimedia-reproducao.jpg\",\"keywords\":[\"Americanas (AMER3)\",\"varejo\"],\"articleSection\":[\"Finan\u00e7as Pessoais\"],\"inLanguage\":\"pt-BR\"},{\"@type\":\"WebPage\",\"@id\":\"https:\/\/www.suno.com.br\/noticias\/crise-na-americanas-arriscado-comprar-lojas\/\",\"url\":\"https:\/\/www.suno.com.br\/noticias\/crise-na-americanas-arriscado-comprar-lojas\/\",\"name\":\"Crise na Americanas (AMER3): \u00e9 seguro fazer compras na loja?\",\"isPartOf\":{\"@id\":\"https:\/\/www.suno.com.br\/noticias\/#website\"},\"primaryImageOfPage\":{\"@id\":\"https:\/\/www.suno.com.br\/noticias\/crise-na-americanas-arriscado-comprar-lojas\/#primaryimage\"},\"image\":{\"@id\":\"https:\/\/www.suno.com.br\/noticias\/crise-na-americanas-arriscado-comprar-lojas\/#primaryimage\"},\"thumbnailUrl\":\"https:\/\/files.sunoresearch.com.br\/n\/uploads\/2023\/01\/lojas-americanas-em-telemaco-borba-wikimedia-reproducao.jpg\",\"datePublished\":\"2023-01-16T15:35:51+00:00\",\"dateModified\":\"2023-01-16T18:45:46+00:00\",\"description\":\"Ser\u00e1 que \u00e9 arriscado fazer compras na Americanas diante da crise da varejista? A empresa se pronunciou sobre. Entenda!\",\"breadcrumb\":{\"@id\":\"https:\/\/www.suno.com.br\/noticias\/crise-na-americanas-arriscado-comprar-lojas\/#breadcrumb\"},\"inLanguage\":\"pt-BR\",\"potentialAction\":[{\"@type\":\"ReadAction\",\"target\":[\"https:\/\/www.suno.com.br\/noticias\/crise-na-americanas-arriscado-comprar-lojas\/\"]}]},{\"@type\":\"ImageObject\",\"inLanguage\":\"pt-BR\",\"@id\":\"https:\/\/www.suno.com.br\/noticias\/crise-na-americanas-arriscado-comprar-lojas\/#primaryimage\",\"url\":\"https:\/\/files.sunoresearch.com.br\/n\/uploads\/2023\/01\/lojas-americanas-em-telemaco-borba-wikimedia-reproducao.jpg\",\"contentUrl\":\"https:\/\/files.sunoresearch.com.br\/n\/uploads\/2023\/01\/lojas-americanas-em-telemaco-borba-wikimedia-reproducao.jpg\",\"width\":1200,\"height\":1032,\"caption\":\"Crise na Americanas (AMER3) Foto: Wikimedia Creative Commons\/Reprodu\u00e7\u00e3o\"},{\"@type\":\"BreadcrumbList\",\"@id\":\"https:\/\/www.suno.com.br\/noticias\/crise-na-americanas-arriscado-comprar-lojas\/#breadcrumb\",\"itemListElement\":[{\"@type\":\"ListItem\",\"position\":1,\"name\":\"Not\u00edcias\",\"item\":\"https:\/\/www.suno.com.br\/noticias\/\"},{\"@type\":\"ListItem\",\"position\":2,\"name\":\"Finan\u00e7as Pessoais\",\"item\":\"https:\/\/www.suno.com.br\/noticias\/financas-pessoais\/\"},{\"@type\":\"ListItem\",\"position\":3,\"name\":\"Crise na Americanas (AMER3): \u00e9 seguro fazer compras na loja?\"}]},{\"@type\":\"WebSite\",\"@id\":\"https:\/\/www.suno.com.br\/noticias\/#website\",\"url\":\"https:\/\/www.suno.com.br\/noticias\/\",\"name\":\"Suno Not\u00edcias\",\"description\":\"Seu portal de informa\u00e7\u00e3o sobre o mundo dos investimentos\",\"publisher\":{\"@id\":\"https:\/\/www.suno.com.br\/noticias\/#organization\"},\"potentialAction\":[{\"@type\":\"SearchAction\",\"target\":{\"@type\":\"EntryPoint\",\"urlTemplate\":\"https:\/\/www.suno.com.br\/noticias\/?s={search_term_string}\"},\"query-input\":{\"@type\":\"PropertyValueSpecification\",\"valueRequired\":true,\"valueName\":\"search_term_string\"}}],\"inLanguage\":\"pt-BR\"},{\"@type\":\"Organization\",\"@id\":\"https:\/\/www.suno.com.br\/noticias\/#organization\",\"name\":\"Suno Not\u00edcias\",\"url\":\"https:\/\/www.suno.com.br\/noticias\/\",\"logo\":{\"@type\":\"ImageObject\",\"inLanguage\":\"pt-BR\",\"@id\":\"https:\/\/www.suno.com.br\/noticias\/#\/schema\/logo\/image\/\",\"url\":\"https:\/\/files.sunoresearch.com.br\/n\/uploads\/2021\/09\/suno-logo.png\",\"contentUrl\":\"https:\/\/files.sunoresearch.com.br\/n\/uploads\/2021\/09\/suno-logo.png\",\"width\":180,\"height\":180,\"caption\":\"Suno Not\u00edcias\"},\"image\":{\"@id\":\"https:\/\/www.suno.com.br\/noticias\/#\/schema\/logo\/image\/\"},\"sameAs\":[\"https:\/\/facebook.com\/sunoresearch\",\"https:\/\/x.com\/sunoresearch\",\"https:\/\/www.instagram.com\/suno\",\"https:\/\/www.linkedin.com\/company\/suno-research\/\",\"https:\/\/www.youtube.com\/c\/sunoresearch\"]},{\"@type\":\"Person\",\"@id\":\"https:\/\/www.suno.com.br\/noticias\/#\/schema\/person\/c9d40f227e4ffee8114b1299c28902b0\",\"name\":\"Beatriz Boyadjian\",\"image\":{\"@type\":\"ImageObject\",\"inLanguage\":\"pt-BR\",\"@id\":\"https:\/\/www.suno.com.br\/noticias\/#\/schema\/person\/image\/\",\"url\":\"https:\/\/secure.gravatar.com\/avatar\/4c3c59f4030e268f950437c4f36e38b7?s=96&r=g\",\"contentUrl\":\"https:\/\/secure.gravatar.com\/avatar\/4c3c59f4030e268f950437c4f36e38b7?s=96&r=g\",\"caption\":\"Beatriz Boyadjian\"},\"description\":\"Rep\u00f3rter multim\u00eddia no Suno Not\u00edcias. Jornalista formada pela Faculdade C\u00e1sper L\u00edbero, foi rep\u00f3rter da Forbes Brasil e atuou na cobertura de hard news, economia, neg\u00f3cios e lifestyle. Gerenciou as redes sociais da edi\u00e7\u00e3o brasileira da tradicional revista de neg\u00f3cios. Na M\u00e1quina Cohn&amp;Wolfe, atuou como rela\u00e7\u00f5es p\u00fablicas de clientes do N\u00facleo de Sa\u00fade da empresa. Produziu releases, notas, relat\u00f3rios, entre outros, para empresas como Biomm, Hypera, FIDI. Anteriormente, respons\u00e1vel pelas redes sociais do Suno Not\u00edcias.\",\"sameAs\":[\"https:\/\/www.linkedin.com\/in\/beatriz-boyadjian\/\"],\"url\":\"https:\/\/www.suno.com.br\/noticias\/author\/beatriz-boyadjian\/\"}]}<\/script>\n<!-- \/ Yoast SEO plugin. -->","yoast_head_json":{"title":"Crise na Americanas (AMER3): \u00e9 seguro fazer compras na loja?","description":"Ser\u00e1 que \u00e9 arriscado fazer compras na Americanas diante da crise da varejista? A empresa se pronunciou sobre. Entenda!","robots":{"index":"index","follow":"follow","max-snippet":"max-snippet:-1","max-image-preview":"max-image-preview:large","max-video-preview":"max-video-preview:-1"},"canonical":"https:\/\/www.suno.com.br\/noticias\/crise-na-americanas-arriscado-comprar-lojas\/","og_locale":"pt_BR","og_type":"article","og_title":"Crise na Americanas (AMER3): \u00e9 seguro fazer compras na loja?","og_description":"Ser\u00e1 que \u00e9 arriscado fazer compras na Americanas diante da crise da varejista? A empresa se pronunciou sobre. Entenda!","og_url":"https:\/\/www.suno.com.br\/noticias\/crise-na-americanas-arriscado-comprar-lojas\/","og_site_name":"Suno Not\u00edcias","article_publisher":"https:\/\/facebook.com\/sunoresearch","og_image":[{"width":1200,"height":1032,"url":"https:\/\/files.sunoresearch.com.br\/n\/uploads\/2023\/01\/lojas-americanas-em-telemaco-borba-wikimedia-reproducao.jpg","type":"image\/jpeg"}],"author":"Beatriz Boyadjian","twitter_card":"summary_large_image","twitter_creator":"@sunoresearch","twitter_site":"@sunoresearch","twitter_misc":{"Escrito por":"Beatriz Boyadjian","Est. tempo de leitura":"3 minutos"},"schema":{"@context":"https:\/\/schema.org","@graph":[{"@type":"NewsArticle","@id":"https:\/\/www.suno.com.br\/noticias\/crise-na-americanas-arriscado-comprar-lojas\/#article","isPartOf":{"@id":"https:\/\/www.suno.com.br\/noticias\/crise-na-americanas-arriscado-comprar-lojas\/"},"author":{"name":"Beatriz Boyadjian","@id":"https:\/\/www.suno.com.br\/noticias\/#\/schema\/person\/c9d40f227e4ffee8114b1299c28902b0"},"headline":"Crise na Americanas (AMER3): \u00e9 seguro fazer compras na loja?","datePublished":"2023-01-16T15:35:51+00:00","dateModified":"2023-01-16T18:45:46+00:00","mainEntityOfPage":{"@id":"https:\/\/www.suno.com.br\/noticias\/crise-na-americanas-arriscado-comprar-lojas\/"},"wordCount":521,"publisher":{"@id":"https:\/\/www.suno.com.br\/noticias\/#organization"},"image":{"@id":"https:\/\/www.suno.com.br\/noticias\/crise-na-americanas-arriscado-comprar-lojas\/#primaryimage"},"thumbnailUrl":"https:\/\/files.sunoresearch.com.br\/n\/uploads\/2023\/01\/lojas-americanas-em-telemaco-borba-wikimedia-reproducao.jpg","keywords":["Americanas (AMER3)","varejo"],"articleSection":["Finan\u00e7as Pessoais"],"inLanguage":"pt-BR"},{"@type":"WebPage","@id":"https:\/\/www.suno.com.br\/noticias\/crise-na-americanas-arriscado-comprar-lojas\/","url":"https:\/\/www.suno.com.br\/noticias\/crise-na-americanas-arriscado-comprar-lojas\/","name":"Crise na Americanas (AMER3): \u00e9 seguro fazer compras na loja?","isPartOf":{"@id":"https:\/\/www.suno.com.br\/noticias\/#website"},"primaryImageOfPage":{"@id":"https:\/\/www.suno.com.br\/noticias\/crise-na-americanas-arriscado-comprar-lojas\/#primaryimage"},"image":{"@id":"https:\/\/www.suno.com.br\/noticias\/crise-na-americanas-arriscado-comprar-lojas\/#primaryimage"},"thumbnailUrl":"https:\/\/files.sunoresearch.com.br\/n\/uploads\/2023\/01\/lojas-americanas-em-telemaco-borba-wikimedia-reproducao.jpg","datePublished":"2023-01-16T15:35:51+00:00","dateModified":"2023-01-16T18:45:46+00:00","description":"Ser\u00e1 que \u00e9 arriscado fazer compras na Americanas diante da crise da varejista? A empresa se pronunciou sobre. Entenda!","breadcrumb":{"@id":"https:\/\/www.suno.com.br\/noticias\/crise-na-americanas-arriscado-comprar-lojas\/#breadcrumb"},"inLanguage":"pt-BR","potentialAction":[{"@type":"ReadAction","target":["https:\/\/www.suno.com.br\/noticias\/crise-na-americanas-arriscado-comprar-lojas\/"]}]},{"@type":"ImageObject","inLanguage":"pt-BR","@id":"https:\/\/www.suno.com.br\/noticias\/crise-na-americanas-arriscado-comprar-lojas\/#primaryimage","url":"https:\/\/files.sunoresearch.com.br\/n\/uploads\/2023\/01\/lojas-americanas-em-telemaco-borba-wikimedia-reproducao.jpg","contentUrl":"https:\/\/files.sunoresearch.com.br\/n\/uploads\/2023\/01\/lojas-americanas-em-telemaco-borba-wikimedia-reproducao.jpg","width":1200,"height":1032,"caption":"Crise na Americanas (AMER3) Foto: Wikimedia Creative Commons\/Reprodu\u00e7\u00e3o"},{"@type":"BreadcrumbList","@id":"https:\/\/www.suno.com.br\/noticias\/crise-na-americanas-arriscado-comprar-lojas\/#breadcrumb","itemListElement":[{"@type":"ListItem","position":1,"name":"Not\u00edcias","item":"https:\/\/www.suno.com.br\/noticias\/"},{"@type":"ListItem","position":2,"name":"Finan\u00e7as Pessoais","item":"https:\/\/www.suno.com.br\/noticias\/financas-pessoais\/"},{"@type":"ListItem","position":3,"name":"Crise na Americanas (AMER3): \u00e9 seguro fazer compras na loja?"}]},{"@type":"WebSite","@id":"https:\/\/www.suno.com.br\/noticias\/#website","url":"https:\/\/www.suno.com.br\/noticias\/","name":"Suno Not\u00edcias","description":"Seu portal de informa\u00e7\u00e3o sobre o mundo dos investimentos","publisher":{"@id":"https:\/\/www.suno.com.br\/noticias\/#organization"},"potentialAction":[{"@type":"SearchAction","target":{"@type":"EntryPoint","urlTemplate":"https:\/\/www.suno.com.br\/noticias\/?s={search_term_string}"},"query-input":{"@type":"PropertyValueSpecification","valueRequired":true,"valueName":"search_term_string"}}],"inLanguage":"pt-BR"},{"@type":"Organization","@id":"https:\/\/www.suno.com.br\/noticias\/#organization","name":"Suno Not\u00edcias","url":"https:\/\/www.suno.com.br\/noticias\/","logo":{"@type":"ImageObject","inLanguage":"pt-BR","@id":"https:\/\/www.suno.com.br\/noticias\/#\/schema\/logo\/image\/","url":"https:\/\/files.sunoresearch.com.br\/n\/uploads\/2021\/09\/suno-logo.png","contentUrl":"https:\/\/files.sunoresearch.com.br\/n\/uploads\/2021\/09\/suno-logo.png","width":180,"height":180,"caption":"Suno Not\u00edcias"},"image":{"@id":"https:\/\/www.suno.com.br\/noticias\/#\/schema\/logo\/image\/"},"sameAs":["https:\/\/facebook.com\/sunoresearch","https:\/\/x.com\/sunoresearch","https:\/\/www.instagram.com\/suno","https:\/\/www.linkedin.com\/company\/suno-research\/","https:\/\/www.youtube.com\/c\/sunoresearch"]},{"@type":"Person","@id":"https:\/\/www.suno.com.br\/noticias\/#\/schema\/person\/c9d40f227e4ffee8114b1299c28902b0","name":"Beatriz Boyadjian","image":{"@type":"ImageObject","inLanguage":"pt-BR","@id":"https:\/\/www.suno.com.br\/noticias\/#\/schema\/person\/image\/","url":"https:\/\/secure.gravatar.com\/avatar\/4c3c59f4030e268f950437c4f36e38b7?s=96&r=g","contentUrl":"https:\/\/secure.gravatar.com\/avatar\/4c3c59f4030e268f950437c4f36e38b7?s=96&r=g","caption":"Beatriz Boyadjian"},"description":"Rep\u00f3rter multim\u00eddia no Suno Not\u00edcias. Jornalista formada pela Faculdade C\u00e1sper L\u00edbero, foi rep\u00f3rter da Forbes Brasil e atuou na cobertura de hard news, economia, neg\u00f3cios e lifestyle. Gerenciou as redes sociais da edi\u00e7\u00e3o brasileira da tradicional revista de neg\u00f3cios. Na M\u00e1quina Cohn&amp;Wolfe, atuou como rela\u00e7\u00f5es p\u00fablicas de clientes do N\u00facleo de Sa\u00fade da empresa. Produziu releases, notas, relat\u00f3rios, entre outros, para empresas como Biomm, Hypera, FIDI. Anteriormente, respons\u00e1vel pelas redes sociais do Suno Not\u00edcias.","sameAs":["https:\/\/www.linkedin.com\/in\/beatriz-boyadjian\/"],"url":"https:\/\/www.suno.com.br\/noticias\/author\/beatriz-boyadjian\/"}]}},"default_loop_html":"<div class=\"cardsPage__listCard__boxs\"><div class=\"cardsPage__listCard__boxs__img\"><a href=\"https:\/\/www.suno.com.br\/noticias\/crise-na-americanas-arriscado-comprar-lojas\/\"><img class=\"mask\" src=\"https:\/\/www.suno.com.br\/noticias\/wp-content\/themes\/suno\/resources\/images\/spotlight\/spotlight1img\/bg-mask.png\" alt=\"Image Mask\"\/><img src=\"https:\/\/files.sunoresearch.com.br\/n\/uploads\/2023\/01\/lojas-americanas-em-telemaco-borba-wikimedia-reproducao-400x200.jpg\" alt=\"Crise na Americanas (AMER3): \u00e9 seguro fazer compras na loja?\"\/><\/a><span class=\"spotlightCategory\"><a href=\"https:\/\/www.suno.com.br\/noticias\/financas-pessoais\/\">Finan\u00e7as Pessoais<\/a><\/span><\/div><div class=\"cardsPage__listCard__boxs__content\"><a href=\"https:\/\/www.suno.com.br\/noticias\/crise-na-americanas-arriscado-comprar-lojas\/\"><h2 class=\"content__title\">Crise na Americanas (AMER3): \u00e9 seguro fazer compras na loja?<\/h2><\/a><div class=\"newsContent__article__meta\"><div class=\"newsContent__article__meta__authorBox\"><a href=\"https:\/\/www.suno.com.br\/noticias\/author\/marco-lopes\/\" class=\"authorBox__avatar noMobi\"><img src=\"https:\/\/secure.gravatar.com\/avatar\/385167b012fbc1cde32c5446ee253313?s=96&#038;r=g\" alt=\"Marco Ant\u00f4nio Lopes\"><\/a><div class=\"authorBox__name\"><span>por\n\t\t\t<a href=\"https:\/\/www.suno.com.br\/noticias\/author\/marco-lopes\/\"><span itemprop=\"author\">Marco Ant\u00f4nio Lopes<\/span><\/a><\/span><time datetime=\"2023-01-16T12:35:51-03:00\" itemprop=\"datePublished\">16\/01\/2023 12:35<\/time><\/div><\/div><\/div><\/div><\/div>","single_layout":"posts","amp_enabled":true,"_links":{"self":[{"href":"https:\/\/www.suno.com.br\/noticias\/wp-json\/wp\/v2\/posts\/347595"}],"collection":[{"href":"https:\/\/www.suno.com.br\/noticias\/wp-json\/wp\/v2\/posts"}],"about":[{"href":"https:\/\/www.suno.com.br\/noticias\/wp-json\/wp\/v2\/types\/post"}],"author":[{"embeddable":true,"href":"https:\/\/www.suno.com.br\/noticias\/wp-json\/wp\/v2\/users\/70"}],"replies":[{"embeddable":true,"href":"https:\/\/www.suno.com.br\/noticias\/wp-json\/wp\/v2\/comments?post=347595"}],"version-history":[{"count":3,"href":"https:\/\/www.suno.com.br\/noticias\/wp-json\/wp\/v2\/posts\/347595\/revisions"}],"predecessor-version":[{"id":347736,"href":"https:\/\/www.suno.com.br\/noticias\/wp-json\/wp\/v2\/posts\/347595\/revisions\/347736"}],"wp:featuredmedia":[{"embeddable":true,"href":"https:\/\/www.suno.com.br\/noticias\/wp-json\/wp\/v2\/media\/347602"}],"wp:attachment":[{"href":"https:\/\/www.suno.com.br\/noticias\/wp-json\/wp\/v2\/media?parent=347595"}],"wp:term":[{"taxonomy":"category","embeddable":true,"href":"https:\/\/www.suno.com.br\/noticias\/wp-json\/wp\/v2\/categories?post=347595"},{"taxonomy":"post_tag","embeddable":true,"href":"https:\/\/www.suno.com.br\/noticias\/wp-json\/wp\/v2\/tags?post=347595"},{"taxonomy":"suno_strategy","embeddable":true,"href":"https:\/\/www.suno.com.br\/noticias\/wp-json\/wp\/v2\/suno_strategy?post=347595"}],"curies":[{"name":"wp","href":"https:\/\/api.w.org\/{rel}","templated":true}]}}