{"id":347556,"date":"2023-01-16T13:05:51","date_gmt":"2023-01-16T16:05:51","guid":{"rendered":"https:\/\/www.suno.com.br\/noticias\/?p=347556"},"modified":"2023-01-16T15:01:45","modified_gmt":"2023-01-16T18:01:45","slug":"btg-ataca-acionistas-americanas-amer3-lemann","status":"publish","type":"post","link":"https:\/\/www.suno.com.br\/noticias\/btg-ataca-acionistas-americanas-amer3-lemann\/","title":{"rendered":"Americanas (AMER3): BTG ataca Lemann e acionistas da varejista na Justi\u00e7a"},"content":{"rendered":"<p>O <a class=\"suno-keyword\" data-force=\"yes\" data-priority=\"2\" href=\"https:\/\/www.suno.com.br\/acoes\/BPAC11\/\" target=\"_blank\" rel=\"noopener\">BTG Pactual (BPAC11)<\/a> fez duros ataques aos acionistas de refer\u00eancia da <strong>Americanas (AMER3)<\/strong>, <a href=\"https:\/\/www.suno.com.br\/tudo-sobre\/jorge-paulo-lemann\/\" target=\"_blank\" rel=\"noreferrer noopener\">Jorge Paulo Lemann<\/a>, <a href=\"https:\/\/www.suno.com.br\/tudo-sobre\/marcel-herrmann-telles\/\" target=\"_blank\" rel=\"noreferrer noopener\">Marcel Telles<\/a> e <a href=\"https:\/\/www.suno.com.br\/tudo-sobre\/carlos-alberto-sicupira\/\" target=\"_blank\" rel=\"noreferrer noopener\">Carlos Alberto Sicupira<\/a>. Ao questionar uma decis\u00e3o judicial que favorece a varejista, o banco de investimento disse que a empresa controlada pelo <a class=\"suno-keyword\" data-force=\"no\" data-priority=\"1\" href=\"https:\/\/www.suno.com.br\/artigos\/3g-capital\/\" target=\"_blank\" rel=\"noopener\">3G Capital<\/a> agiu de m\u00e1-f\u00e9 em meio a revela\u00e7\u00e3o do rombo bilion\u00e1rio na companhia.<\/p><div class=\"videoFull \">\n\t\t\t<div class=\"videoWrapper yt-lazyload center\"\n\t\t\t\tdata-width=\"960\"\n\t\t\t\tdata-height=\"540\"\n\t\t\t\tdata-id=\"imtaXKamqJ4\"\n\t\t\t\tdata-alt=\"V\u00eddeo do YouTube - clique para reproduzir\"\n\t\t\t\tdata-logo=\"3\"\n\t\t\t\tdata-imagequality=\"maxres\">\n\t\t\t<\/div>\n\t\t<\/div><script type=\"application\/ld+json\">{\"@context\":\"https:\/\/schema.org\",\"@type\":\"VideoObject\",\"name\":\"Americanas (AMER3): bancos contra bloqueio de d\u00edvidas | Renner (LREN3) negocia compra da C&A (CEAB3)\",\"description\":\"\ud83d\udd0e \ud83d\udcca[\ud835\uddf2\ud835\uddd5\ud835\uddfc\ud835\uddfc\ud835\uddf8 \ud835\uddda\ud835\udde5\ud835\uddd4\ud835\udde7\ud835\udde8\ud835\udddc\ud835\udde7\ud835\udde2] \ud835\uddd4\ud835\uddfd\ud835\uddff\ud835\uddf2\ud835\uddfb\ud835\uddf1\ud835\uddee \ud835\uddf0\ud835\uddfc\ud835\uddfa\ud835\uddfc \ud835\uddee\ud835\uddfb\ud835\uddee\ud835\uddf9\ud835\uddf6\ud835\ude00\ud835\uddee\ud835\uddff \ud835\ude02\ud835\uddfa\ud835\uddee \ud835\uddee\u00e7\u00e3\ud835\uddfc\u200b \ud83d\udc47 https:\/\/lp.suno.com.br\/ebook-como-analisar-uma-acao\/?utm_source=youtube.noticias&utm_medium=live&utm_campaign=ebookcomoanalisarumaacao.20230116&utm_content=ytnoticias.morning.16012023 \ud83e\udd29 [\ud835\udff1\ud835\udfec% \ud835\uddd7\ud835\uddd8 \ud835\uddd7\ud835\uddd8\ud835\udde6\ud835\uddd6\ud835\udde2\ud835\udde1\ud835\udde7\ud835\udde2 \ud835\udde1\ud835\uddd4 \ud835\udde6\ud835\udde8\ud835\udde1\ud835\udde2 \ud835\udde6\ud835\udde7\ud835\uddd4\ud835\udde5\ud835\udde7] \ud835\uddd4 \ud835\udde6\ud835\ude02\ud835\uddfb\ud835\uddfc \ud835\udde6\ud835\ude01\ud835\uddee\ud835\uddff\ud835\ude01 \ud835\ude03\ud835\uddee\ud835\uddf6 \ud835\ude01\ud835\uddf2 \ud835\uddf2\ud835\uddfb\ud835\ude00\ud835\uddf6\ud835\uddfb\ud835\uddee\ud835\uddff \ud835\uddee \ud835\uddf6\ud835\uddfb\ud835\ude03\ud835\uddf2\ud835\ude00\ud835\ude01\ud835\uddf6\ud835\uddff \ud835\uddfd\ud835\uddfc\ud835\uddff \ud835\uddee\ud835\uddfd\ud835\uddf2\ud835\uddfb\ud835\uddee\ud835\ude00 \ud835\udff1 \ud835\uddff\ud835\uddf2\ud835\uddee\ud835\uddf6\ud835\ude00 \ud835\uddfd\ud835\uddfc\ud835\uddff \ud835\uddfa\u00ea\ud835\ude00 https:\/\/lp.suno.com.br\/pv\/sr-start\/eu-invisto-2023-start\/?utm_source=youtube.noticias&utm_medium=video&utm_campaign=RS.EIN23.ns.20230116&utm_content=ytnoticias.morning.16012023 #morningcall #Not\u00edcias #amer3 #americanas #bancos #bpac11 #btg #btgpactual #renner #lojasrenner #lren3 #ceab3 #cea #investimentos #mercadofinanceiro #ibovespa \ud83d\udd34\ud835\udc08\ud835\udc0d\ud835\udc12\ud835\udc02\ud835\udc11\ud835\udc04\ud835\udc15\ud835\udc00-\ud835\udc12\ud835\udc04 \ud835\udc0d\ud835\udc0e \ud835\udc02\ud835\udc00\ud835\udc0d\ud835\udc00\ud835\udc0b \ud835\udc04 \ud835\udc00\ud835\udc13\ud835\udc08\ud835\udc15\ud835\udc04 \ud835\udc0e \ud835\udc12\ud835\udc08\ud835\udc0d\ud835\udc0e\u2026\",\"duration\":\"PT44M37S\",\"embedUrl\":\"https:\/\/www.youtube.com\/embed\/imtaXKamqJ4\",\"regionsAllowed\":\"pt-BR\",\"interactionStatistic\":{\"@type\":\"InteractionCounter\",\"interactionType\":{\"@type\":\"WatchAction\"},\"userInteractionCount\":4593},\"thumbnailUrl\":\"https:\/\/i.ytimg.com\/vi\/imtaXKamqJ4\/default.jpg\",\"uploadDate\":\"2023-01-16T12:52:47Z\"}<\/script>\n\n\n\n\n\t<p>\n\t\t<a href=\"\" target=\"_blank\" data-element=\"shortcode-suno-banner\" title=\"Banner SUNO, clique e saiba mais\">\n\t\t\t<picture>\n\t\t\t\t<source media=\"(max-width: 500px)\" srcset=\"\">\n\t\t\t\t<img class=\"newsContent__article__imgCapa newsContent__article__imgCapa--banner\"\n\t\t\t\t\tsrc=\"\"\n\t\t\t\t\tdata-promo-id=\"265277\"\t\t\t\t\t\t\t\t\t\t\t\t\t\t\talt=\"\"\n\t\t\t\t>\n\t\t\t<\/picture>\n\t\t<\/a>\n\t<\/p>\n\n\n\n\n\n<p>&#8220;\u00c9 o fraudador pedindo \u00e0s barras da Justi\u00e7a prote\u00e7\u00e3o &#8216;contra&#8217; a sua pr\u00f3pria fraude&#8221;, diz um trecho do documento obtido pelo jornal O Estado de S\u00e3o Paulo. Os advogados do <strong>BTG Pactual<\/strong> recordam a trajet\u00f3ria do &#8220;trio por tr\u00e1s do controle da empresa&#8221; e dizem que a Americanas tentou tirar R$ 800 milh\u00f5es em investimentos do banco horas antes de publicar o fato relevante que apontava um rombo de R$ 20 bilh\u00f5es, o que seria um ato de m\u00e1-f\u00e9 da varejista.<\/p>\n\n\n\n<p>&#8220;O objetivo era simplesmente concluir a fraude sem exposi\u00e7\u00e3o dos verdadeiros atores por tr\u00e1s do fracasso. O esc\u00e2ndalo da Americanas n\u00e3o se trata de um rombo recente, mas constru\u00eddo ano a ano h\u00e1 mais de d\u00e9cada, tudo parte de um plano engendrado para lucrar \u00e0s custas de todo o mercado financeiro e sair ileso, com bens blindados no exterior&#8221;, afirma a defesa do banco, feita pelos escrit\u00f3rios Galdino&amp;Coelho Pimenta Takemi Ayoub e FCDG Ferro, Castro Neves, Daltro &amp; Gomide.<\/p>\n\n\n\n\t<div data-element=\"shortcode-read-more\" class=\"readToo\">\n\t\t\t\t<span class=\"readToo__title\">Leia mais<\/span>\n\t\t\t\t<ul class=\"readToo__list\">\n\t\t\t<li><a href=\"https:\/\/www.suno.com.br\/noticias\/americanas-amer3-recuperacao-judicial-caminho-dividas\/\">Com d\u00edvida colossal, Americanas (AMER3) deve optar pela recupera\u00e7\u00e3o judicial como caminho mais vi\u00e1vel, diz XP<\/a><\/li><li><a href=\"https:\/\/www.suno.com.br\/noticias\/americanas-amer3-capitalizacao-acionistas-valores\/\">Americanas (AMER3): capitaliza\u00e7\u00e3o gera impasse sobre valores propostos por acionistas<\/a><\/li>\t\t<\/ul>\n\t<\/div>\n\n\n\n\n<p>Na semana passada, a Americanas conseguiu uma <a href=\"https:\/\/www.suno.com.br\/noticias\/americanas-amer3-bloqueio-justica-credores-dividas\/\" target=\"_blank\" rel=\"noreferrer noopener\">prote\u00e7\u00e3o judicial que evita iniciativas nas quais os credores<\/a> queiram antecipar o pagamento das d\u00edvidas. O BTG questionou a decis\u00e3o na Justi\u00e7a, mas teve o pedido para apreciar o caso durante o plant\u00e3o judici\u00e1rio negado pelo desembargador Luiz Rold\u00e3o de Freitas Gomes Filho, do Tribunal de Justi\u00e7a do Rio de Janeiro (TJRJ). Neste documento rejeitado pela Justi\u00e7a, o banco fez os ataques ao trio <strong>Lemann<\/strong>, Telles e Sicupira.<\/p>\n\n\n\t<p>\n\t\t<a href=\"https:\/\/lp.suno.com.br\/planilha-controle-gastos\/\" target=\"_blank\" data-element=\"shortcode-suno-banner\" title=\"Banner SUNO, clique e saiba mais\">\n\t\t\t<picture>\n\t\t\t\t<source media=\"(max-width: 500px)\" srcset=\"https:\/\/files.sunoresearch.com.br\/n\/uploads\/2023\/03\/400x300-Planilha-controle-de-gastos.png\">\n\t\t\t\t<img class=\"newsContent__article__imgCapa newsContent__article__imgCapa--banner\"\n\t\t\t\t\tsrc=\"https:\/\/files.sunoresearch.com.br\/n\/uploads\/2023\/03\/1420x240-Planilha-controle-de-gastos.png\"\n\t\t\t\t\tdata-promo-id=\"101751\"\t\t\t\t\t\t\t\t\t\twidth='1420' height='240'\t\t\t\t\talt=\"https:\/\/files.sunoresearch.com.br\/n\/uploads\/2023\/03\/1420x240-Planilha-controle-de-gastos.png\"\n\t\t\t\t>\n\t\t\t<\/picture>\n\t\t<\/a>\n\t<\/p>\n\n\n\n\n\n<h2 class=\"wp-block-heading\" id=\"h-briga-entre-btg-e-americanas\">Briga entre BTG e Americanas <\/h2>\n\n\n\n<p>Em 38 p\u00e1ginas, o <strong>BTG Pactual<\/strong> critica a Americanas por pedir n\u00e3o apenas a suspens\u00e3o da exigibilidade de obriga\u00e7\u00f5es e o congelamento de vencimentos antecipados, mas tamb\u00e9m os que j\u00e1 foram feitos, para que fossem &#8220;desfeitos&#8221;, com a devolu\u00e7\u00e3o de mais de R$ 1,2 bilh\u00e3o que o BTG tinha recebido, o que representa apenas uma fra\u00e7\u00e3o do cr\u00e9dito em aberto.<\/p>\n\n\n\n<p>O BTG enxergou a concess\u00e3o da<strong> tutela de urg\u00eancia<\/strong> como uma decis\u00e3o grav\u00edssima e diz que esta n\u00e3o poder\u00e1 produzir quaisquer efeitos concretos, pois distorce a finalidade do instituto da <a class=\"suno-keyword\" target=\"_blank\" data-force=\"no\" data-priority=\"2\" href=\"https:\/\/www.suno.com.br\/artigos\/recuperacao-judicial\/\" rel=\"noopener\">recupera\u00e7\u00e3o judicial<\/a>, conferindo prote\u00e7\u00e3o legal, inclusive em car\u00e1ter antecipado, a algu\u00e9m que se tornou insolvente.<\/p>\n\n\n\n<blockquote class=\"wp-block-quote is-layout-flow wp-block-quote-is-layout-flow\">\n<p> Se a insolv\u00eancia decorre de fraude, como \u00e9 o caso, ou o acionista controlador aporta os recursos necess\u00e1rios para cobrir o rombo da fraude ou \u00e9 caso de fal\u00eancia; n\u00e3o existe uma terceira hip\u00f3tese.<\/p>\n<\/blockquote>\n\n\n\n<p>Al\u00e9m disso, considera que a decis\u00e3o absolve liminarmente os acionistas controladores, os tr\u00eas homens mais ricos do Brasil, com patrim\u00f4nio conjunto avaliado em mais de R$ 180 bilh\u00f5es, sem que paguem a conta, &#8220;colocando o fardo da sua lamban\u00e7a cont\u00e1bil nos ombros dos credores&#8221;. O valor dessa fortuna, segundo o banco, seria suficiente para fazer frente \u00e0s <a class=\"suno-keyword\" target=\"_blank\" data-force=\"no\" data-priority=\"1\" href=\"https:\/\/www.suno.com.br\/artigos\/despesas-operacionais\/\" rel=\"noopener\">despesas operacionais<\/a> necess\u00e1rias \u00e0 manuten\u00e7\u00e3o das atividades da companhia. <\/p>\n\n\n\t<div data-element=\"shortcode-read-more\" class=\"knowMore\">\n\t\t\t\t<span class=\"knowMore__title\">Leia mais<\/span>\n\t\t\t\t<a class=\"knowMore__link\" href=\"https:\/\/www.suno.com.br\/noticias\/americanas-amer3-solucao-rapida-lemann\/\">\n\t\t\tAmericanas (AMER3): Solu\u00e7\u00e3o r\u00e1pida para rombo bilion\u00e1rio pode estar nas m\u00e3os de Lemann; entenda\t\t<\/a>\n\t<\/div>\n\n\n\n\n<p>E, mesmo que n\u00e3o fossem, a suspens\u00e3o de exigibilidade de obriga\u00e7\u00f5es concedida na medida deixa no caixa da Americanas cerca de R$ 10 bilh\u00f5es e R$ 4 bilh\u00f5es de receb\u00edveis de cart\u00e3o de cr\u00e9dito com <a class=\"suno-keyword\" target=\"_blank\" data-force=\"no\" data-priority=\"1\" href=\"https:\/\/www.suno.com.br\/artigos\/liquidez-imediata\/\" rel=\"noopener\">liquidez imediata<\/a>, quantia necess\u00e1ria para seu funcionamento.<\/p>\n\n\n\n<p>O BTG argumenta tamb\u00e9m que diante de uma crise de insolv\u00eancia de uma empresa que tem na<strong> fraude cont\u00e1bil<\/strong> o seu modelo de neg\u00f3cio, n\u00e3o h\u00e1 fun\u00e7\u00e3o social subjacente que se possa preservar. &#8220;Fraude cont\u00e1bil n\u00e3o \u00e9 fun\u00e7\u00e3o social leg\u00edtima, merecedora da prote\u00e7\u00e3o da lei, mas sim um ato que deve ser punido severamente, com suas potenciais consequ\u00eancias criminais&#8221;.<\/p>\n\n\n\t<p>\n\t\t<a href=\"https:\/\/lp.suno.com.br\/ebook-como-analisar-uma-acao\/\" target=\"_blank\" data-element=\"shortcode-suno-banner\" title=\"Banner SUNO, clique e saiba mais\">\n\t\t\t<picture>\n\t\t\t\t<source media=\"(max-width: 500px)\" srcset=\"https:\/\/files.sunoresearch.com.br\/n\/uploads\/2023\/03\/Ebook-Acoes-Mobile-1.jpg\">\n\t\t\t\t<img class=\"newsContent__article__imgCapa newsContent__article__imgCapa--banner\"\n\t\t\t\t\tsrc=\"https:\/\/files.sunoresearch.com.br\/n\/uploads\/2023\/03\/Ebook-Acoes-Desktop-1.jpg\"\n\t\t\t\t\tdata-promo-id=\"171998\"\t\t\t\t\t\t\t\t\t\twidth='1420' height='286'\t\t\t\t\talt=\"https:\/\/files.sunoresearch.com.br\/n\/uploads\/2023\/03\/Ebook-Acoes-Desktop-1.jpg\"\n\t\t\t\t>\n\t\t\t<\/picture>\n\t\t<\/a>\n\t<\/p>\n\n\n\n\n\n<h2 class=\"wp-block-heading\">Posicionamento da Americanas<\/h2>\n\n\n\n<p>Em nota a respeito da liminar do BTG, a Americanas voltou a dizer que a medida cautelar visa a sustenta\u00e7\u00e3o jur\u00eddica necess\u00e1ria para que tanto a Americanas como os credores possam chegar a um poss\u00edvel acordo. &#8220;A Americanas reitera a import\u00e2ncia da manuten\u00e7\u00e3o da liminar, apesar da tentativa de suspens\u00e3o, o que poderia gerar assimetria entre os seus credores, inclusive bancos, e n\u00e3o ajudaria no processo.&#8221;<\/p>\n\n\n\n<p>A empresa disse ainda que trabalha para, dado o seu peso social em todo o Brasil gerando mais de 100 mil empregos diretos e indiretos, encontrar uma solu\u00e7\u00e3o com os seus credores. <\/p>\n\n\n\n<p>&#8220;Nesse momento, a companhia segue acreditando na prote\u00e7\u00e3o da medida cautelar e no compromisso dos credores de retornarem com uma proposta. A <strong>Americanas<\/strong> apontar\u00e1 em breve a sua equipe de negocia\u00e7\u00e3o com os credores&#8221;. O Suno Not\u00edcias entrou em contato com o BTG Pactual, mas n\u00e3o obteve retorno at\u00e9 a atualiza\u00e7\u00e3o desta reportagem.<\/p>\n\n\n\n<p><em>Com Estad\u00e3o Conte\u00fado<\/em><\/p>\n\n\n\t<p>\n\t\t<a href=\"https:\/\/lp.suno.com.br\/planilha-de-controle-de-investimentos\/\" target=\"_blank\" data-element=\"shortcode-suno-banner\" title=\"Banner SUNO, clique e saiba mais\">\n\t\t\t<picture>\n\t\t\t\t<source media=\"(max-width: 500px)\" srcset=\"https:\/\/files.sunoresearch.com.br\/n\/uploads\/2023\/03\/400x300-Controle-de-Investimentos.png\">\n\t\t\t\t<img class=\"newsContent__article__imgCapa newsContent__article__imgCapa--banner\"\n\t\t\t\t\tsrc=\"https:\/\/files.sunoresearch.com.br\/n\/uploads\/2023\/03\/1420x240-Controle-de-Investimentos.png\"\n\t\t\t\t\tdata-promo-id=\"75934\"\t\t\t\t\t\t\t\t\t\twidth='1420' height='240'\t\t\t\t\talt=\"https:\/\/files.sunoresearch.com.br\/n\/uploads\/2023\/03\/1420x240-Controle-de-Investimentos.png\"\n\t\t\t\t>\n\t\t\t<\/picture>\n\t\t<\/a>\n\t<\/p>\n\n\n","protected":false},"excerpt":{"rendered":"<p>O BTG Pactual (BPAC11) fez duros ataques aos acionistas de refer\u00eancia da Americanas (AMER3), Jorge Paulo Lemann, Marcel Telles e Carlos Alberto Sicupira. Ao questionar uma decis\u00e3o judicial que favorece a varejista, o banco de investimento disse que a empresa controlada pelo 3G Capital agiu de m\u00e1-f\u00e9 em meio a revela\u00e7\u00e3o do rombo bilion\u00e1rio na [&hellip;]<\/p>\n","protected":false},"author":232,"featured_media":346369,"comment_status":"closed","ping_status":"closed","sticky":false,"template":"","format":"standard","meta":[],"categories":[64],"tags":[286,106605,399,1550],"suno_strategy":[],"class_list":["post-347556","post","type-post","status-publish","format-standard","has-post-thumbnail","hentry","category-negocios","tag-acoes","tag-americanas-s-a-amer3","tag-btg-pactual-bpac11-bpac3-bpac5","tag-jorge-paulo-lemann"],"yoast_head":"<!-- This site is optimized with the Yoast SEO plugin v24.4 - https:\/\/yoast.com\/wordpress\/plugins\/seo\/ -->\n<title>Americanas (AMER3): BTG ataca Lemann e acionistas da varejista<\/title>\n<meta name=\"description\" content=\"O BTG Pactual (BPAC11) fez duros ataques aos acionistas de refer\u00eancia da Americanas (AMER3), como Jorge Paulo Lemann. Saiba mais!\" \/>\n<meta name=\"robots\" content=\"index, follow, max-snippet:-1, max-image-preview:large, max-video-preview:-1\" \/>\n<link rel=\"canonical\" href=\"https:\/\/www.suno.com.br\/noticias\/btg-ataca-acionistas-americanas-amer3-lemann\/\" \/>\n<meta property=\"og:locale\" content=\"pt_BR\" \/>\n<meta property=\"og:type\" content=\"article\" \/>\n<meta property=\"og:title\" content=\"Americanas (AMER3): BTG ataca Lemann e acionistas da varejista\" \/>\n<meta property=\"og:description\" content=\"O BTG Pactual (BPAC11) fez duros ataques aos acionistas de refer\u00eancia da Americanas (AMER3), como Jorge Paulo Lemann. Saiba mais!\" \/>\n<meta property=\"og:url\" content=\"https:\/\/www.suno.com.br\/noticias\/btg-ataca-acionistas-americanas-amer3-lemann\/\" \/>\n<meta property=\"og:site_name\" content=\"Suno Not\u00edcias\" \/>\n<meta property=\"article:publisher\" content=\"https:\/\/facebook.com\/sunoresearch\" \/>\n<meta property=\"og:image\" content=\"https:\/\/files.sunoresearch.com.br\/n\/uploads\/2023\/01\/jorge-paulo-lemann-americanas-amer3-crise-foto-cnnbrasil.jpg\" \/>\n\t<meta property=\"og:image:width\" content=\"1200\" \/>\n\t<meta property=\"og:image:height\" content=\"675\" \/>\n\t<meta property=\"og:image:type\" content=\"image\/jpeg\" \/>\n<meta name=\"author\" content=\"Erick Matheus Nery\" \/>\n<meta name=\"twitter:card\" content=\"summary_large_image\" \/>\n<meta name=\"twitter:creator\" content=\"@sunoresearch\" \/>\n<meta name=\"twitter:site\" content=\"@sunoresearch\" \/>\n<meta name=\"twitter:label1\" content=\"Escrito por\" \/>\n\t<meta name=\"twitter:data1\" content=\"Erick Matheus Nery\" \/>\n\t<meta name=\"twitter:label2\" content=\"Est. tempo de leitura\" \/>\n\t<meta name=\"twitter:data2\" content=\"5 minutos\" \/>\n<script type=\"application\/ld+json\" class=\"yoast-schema-graph\">{\"@context\":\"https:\/\/schema.org\",\"@graph\":[{\"@type\":\"NewsArticle\",\"@id\":\"https:\/\/www.suno.com.br\/noticias\/btg-ataca-acionistas-americanas-amer3-lemann\/#article\",\"isPartOf\":{\"@id\":\"https:\/\/www.suno.com.br\/noticias\/btg-ataca-acionistas-americanas-amer3-lemann\/\"},\"author\":{\"name\":\"Erick Matheus Nery\",\"@id\":\"https:\/\/www.suno.com.br\/noticias\/#\/schema\/person\/6899bc3f19d1a7315f807131c2c013a0\"},\"headline\":\"Americanas (AMER3): BTG ataca Lemann e acionistas da varejista na Justi\u00e7a\",\"datePublished\":\"2023-01-16T16:05:51+00:00\",\"dateModified\":\"2023-01-16T18:01:45+00:00\",\"mainEntityOfPage\":{\"@id\":\"https:\/\/www.suno.com.br\/noticias\/btg-ataca-acionistas-americanas-amer3-lemann\/\"},\"wordCount\":871,\"publisher\":{\"@id\":\"https:\/\/www.suno.com.br\/noticias\/#organization\"},\"image\":{\"@id\":\"https:\/\/www.suno.com.br\/noticias\/btg-ataca-acionistas-americanas-amer3-lemann\/#primaryimage\"},\"thumbnailUrl\":\"https:\/\/files.sunoresearch.com.br\/n\/uploads\/2023\/01\/jorge-paulo-lemann-americanas-amer3-crise-foto-cnnbrasil.jpg\",\"keywords\":[\"A\u00e7\u00f5es\",\"Americanas (AMER3)\",\"BTG Pactual (BPAC11\/BPAC3\/BPAC5)\",\"Jorge Paulo Lemann\"],\"articleSection\":[\"Neg\u00f3cios\"],\"inLanguage\":\"pt-BR\"},{\"@type\":\"WebPage\",\"@id\":\"https:\/\/www.suno.com.br\/noticias\/btg-ataca-acionistas-americanas-amer3-lemann\/\",\"url\":\"https:\/\/www.suno.com.br\/noticias\/btg-ataca-acionistas-americanas-amer3-lemann\/\",\"name\":\"Americanas (AMER3): BTG ataca Lemann e acionistas da varejista\",\"isPartOf\":{\"@id\":\"https:\/\/www.suno.com.br\/noticias\/#website\"},\"primaryImageOfPage\":{\"@id\":\"https:\/\/www.suno.com.br\/noticias\/btg-ataca-acionistas-americanas-amer3-lemann\/#primaryimage\"},\"image\":{\"@id\":\"https:\/\/www.suno.com.br\/noticias\/btg-ataca-acionistas-americanas-amer3-lemann\/#primaryimage\"},\"thumbnailUrl\":\"https:\/\/files.sunoresearch.com.br\/n\/uploads\/2023\/01\/jorge-paulo-lemann-americanas-amer3-crise-foto-cnnbrasil.jpg\",\"datePublished\":\"2023-01-16T16:05:51+00:00\",\"dateModified\":\"2023-01-16T18:01:45+00:00\",\"description\":\"O BTG Pactual (BPAC11) fez duros ataques aos acionistas de refer\u00eancia da Americanas (AMER3), como Jorge Paulo Lemann. Saiba mais!\",\"breadcrumb\":{\"@id\":\"https:\/\/www.suno.com.br\/noticias\/btg-ataca-acionistas-americanas-amer3-lemann\/#breadcrumb\"},\"inLanguage\":\"pt-BR\",\"potentialAction\":[{\"@type\":\"ReadAction\",\"target\":[\"https:\/\/www.suno.com.br\/noticias\/btg-ataca-acionistas-americanas-amer3-lemann\/\"]}]},{\"@type\":\"ImageObject\",\"inLanguage\":\"pt-BR\",\"@id\":\"https:\/\/www.suno.com.br\/noticias\/btg-ataca-acionistas-americanas-amer3-lemann\/#primaryimage\",\"url\":\"https:\/\/files.sunoresearch.com.br\/n\/uploads\/2023\/01\/jorge-paulo-lemann-americanas-amer3-crise-foto-cnnbrasil.jpg\",\"contentUrl\":\"https:\/\/files.sunoresearch.com.br\/n\/uploads\/2023\/01\/jorge-paulo-lemann-americanas-amer3-crise-foto-cnnbrasil.jpg\",\"width\":1200,\"height\":675,\"caption\":\"Jorge Paulo Lemann. Foto: CNN Brasil\"},{\"@type\":\"BreadcrumbList\",\"@id\":\"https:\/\/www.suno.com.br\/noticias\/btg-ataca-acionistas-americanas-amer3-lemann\/#breadcrumb\",\"itemListElement\":[{\"@type\":\"ListItem\",\"position\":1,\"name\":\"Not\u00edcias\",\"item\":\"https:\/\/www.suno.com.br\/noticias\/\"},{\"@type\":\"ListItem\",\"position\":2,\"name\":\"Neg\u00f3cios\",\"item\":\"https:\/\/www.suno.com.br\/noticias\/negocios\/\"},{\"@type\":\"ListItem\",\"position\":3,\"name\":\"Americanas (AMER3): BTG ataca Lemann e acionistas da varejista na Justi\u00e7a\"}]},{\"@type\":\"WebSite\",\"@id\":\"https:\/\/www.suno.com.br\/noticias\/#website\",\"url\":\"https:\/\/www.suno.com.br\/noticias\/\",\"name\":\"Suno Not\u00edcias\",\"description\":\"Seu portal de informa\u00e7\u00e3o sobre o mundo dos investimentos\",\"publisher\":{\"@id\":\"https:\/\/www.suno.com.br\/noticias\/#organization\"},\"potentialAction\":[{\"@type\":\"SearchAction\",\"target\":{\"@type\":\"EntryPoint\",\"urlTemplate\":\"https:\/\/www.suno.com.br\/noticias\/?s={search_term_string}\"},\"query-input\":{\"@type\":\"PropertyValueSpecification\",\"valueRequired\":true,\"valueName\":\"search_term_string\"}}],\"inLanguage\":\"pt-BR\"},{\"@type\":\"Organization\",\"@id\":\"https:\/\/www.suno.com.br\/noticias\/#organization\",\"name\":\"Suno Not\u00edcias\",\"url\":\"https:\/\/www.suno.com.br\/noticias\/\",\"logo\":{\"@type\":\"ImageObject\",\"inLanguage\":\"pt-BR\",\"@id\":\"https:\/\/www.suno.com.br\/noticias\/#\/schema\/logo\/image\/\",\"url\":\"https:\/\/files.sunoresearch.com.br\/n\/uploads\/2021\/09\/suno-logo.png\",\"contentUrl\":\"https:\/\/files.sunoresearch.com.br\/n\/uploads\/2021\/09\/suno-logo.png\",\"width\":180,\"height\":180,\"caption\":\"Suno Not\u00edcias\"},\"image\":{\"@id\":\"https:\/\/www.suno.com.br\/noticias\/#\/schema\/logo\/image\/\"},\"sameAs\":[\"https:\/\/facebook.com\/sunoresearch\",\"https:\/\/x.com\/sunoresearch\",\"https:\/\/www.instagram.com\/suno\",\"https:\/\/www.linkedin.com\/company\/suno-research\/\",\"https:\/\/www.youtube.com\/c\/sunoresearch\"]},{\"@type\":\"Person\",\"@id\":\"https:\/\/www.suno.com.br\/noticias\/#\/schema\/person\/6899bc3f19d1a7315f807131c2c013a0\",\"name\":\"Erick Matheus Nery\",\"image\":{\"@type\":\"ImageObject\",\"inLanguage\":\"pt-BR\",\"@id\":\"https:\/\/www.suno.com.br\/noticias\/#\/schema\/person\/image\/\",\"url\":\"https:\/\/secure.gravatar.com\/avatar\/518ddffe438ccb767782d372a66304d2?s=96&r=g\",\"contentUrl\":\"https:\/\/secure.gravatar.com\/avatar\/518ddffe438ccb767782d372a66304d2?s=96&r=g\",\"caption\":\"Erick Matheus Nery\"},\"description\":\"Formado em Jornalismo pela Universidade Federal do Par\u00e1 (UFPA), conta com extens\u00e3o em Jornalismo Econ\u00f4mico pela Funda\u00e7\u00e3o Get\u00falio Vargas (FGV). No Suno Not\u00edcias, atua como rep\u00f3rter de Mercado, com foco nos setores de telecomunica\u00e7\u00f5es, varejo, alimentos e renda fixa. Conta com passagens pelo jornal O Estado de S\u00e3o Paulo, como trainee de Jornalismo Econ\u00f4mico, e pelo site Not\u00edcias da TV.\",\"url\":\"https:\/\/www.suno.com.br\/noticias\/author\/erick-nery\/\"}]}<\/script>\n<!-- \/ Yoast SEO plugin. -->","yoast_head_json":{"title":"Americanas (AMER3): BTG ataca Lemann e acionistas da varejista","description":"O BTG Pactual (BPAC11) fez duros ataques aos acionistas de refer\u00eancia da Americanas (AMER3), como Jorge Paulo Lemann. Saiba mais!","robots":{"index":"index","follow":"follow","max-snippet":"max-snippet:-1","max-image-preview":"max-image-preview:large","max-video-preview":"max-video-preview:-1"},"canonical":"https:\/\/www.suno.com.br\/noticias\/btg-ataca-acionistas-americanas-amer3-lemann\/","og_locale":"pt_BR","og_type":"article","og_title":"Americanas (AMER3): BTG ataca Lemann e acionistas da varejista","og_description":"O BTG Pactual (BPAC11) fez duros ataques aos acionistas de refer\u00eancia da Americanas (AMER3), como Jorge Paulo Lemann. Saiba mais!","og_url":"https:\/\/www.suno.com.br\/noticias\/btg-ataca-acionistas-americanas-amer3-lemann\/","og_site_name":"Suno Not\u00edcias","article_publisher":"https:\/\/facebook.com\/sunoresearch","og_image":[{"width":1200,"height":675,"url":"https:\/\/files.sunoresearch.com.br\/n\/uploads\/2023\/01\/jorge-paulo-lemann-americanas-amer3-crise-foto-cnnbrasil.jpg","type":"image\/jpeg"}],"author":"Erick Matheus Nery","twitter_card":"summary_large_image","twitter_creator":"@sunoresearch","twitter_site":"@sunoresearch","twitter_misc":{"Escrito por":"Erick Matheus Nery","Est. tempo de leitura":"5 minutos"},"schema":{"@context":"https:\/\/schema.org","@graph":[{"@type":"NewsArticle","@id":"https:\/\/www.suno.com.br\/noticias\/btg-ataca-acionistas-americanas-amer3-lemann\/#article","isPartOf":{"@id":"https:\/\/www.suno.com.br\/noticias\/btg-ataca-acionistas-americanas-amer3-lemann\/"},"author":{"name":"Erick Matheus Nery","@id":"https:\/\/www.suno.com.br\/noticias\/#\/schema\/person\/6899bc3f19d1a7315f807131c2c013a0"},"headline":"Americanas (AMER3): BTG ataca Lemann e acionistas da varejista na Justi\u00e7a","datePublished":"2023-01-16T16:05:51+00:00","dateModified":"2023-01-16T18:01:45+00:00","mainEntityOfPage":{"@id":"https:\/\/www.suno.com.br\/noticias\/btg-ataca-acionistas-americanas-amer3-lemann\/"},"wordCount":871,"publisher":{"@id":"https:\/\/www.suno.com.br\/noticias\/#organization"},"image":{"@id":"https:\/\/www.suno.com.br\/noticias\/btg-ataca-acionistas-americanas-amer3-lemann\/#primaryimage"},"thumbnailUrl":"https:\/\/files.sunoresearch.com.br\/n\/uploads\/2023\/01\/jorge-paulo-lemann-americanas-amer3-crise-foto-cnnbrasil.jpg","keywords":["A\u00e7\u00f5es","Americanas (AMER3)","BTG Pactual (BPAC11\/BPAC3\/BPAC5)","Jorge Paulo Lemann"],"articleSection":["Neg\u00f3cios"],"inLanguage":"pt-BR"},{"@type":"WebPage","@id":"https:\/\/www.suno.com.br\/noticias\/btg-ataca-acionistas-americanas-amer3-lemann\/","url":"https:\/\/www.suno.com.br\/noticias\/btg-ataca-acionistas-americanas-amer3-lemann\/","name":"Americanas (AMER3): BTG ataca Lemann e acionistas da varejista","isPartOf":{"@id":"https:\/\/www.suno.com.br\/noticias\/#website"},"primaryImageOfPage":{"@id":"https:\/\/www.suno.com.br\/noticias\/btg-ataca-acionistas-americanas-amer3-lemann\/#primaryimage"},"image":{"@id":"https:\/\/www.suno.com.br\/noticias\/btg-ataca-acionistas-americanas-amer3-lemann\/#primaryimage"},"thumbnailUrl":"https:\/\/files.sunoresearch.com.br\/n\/uploads\/2023\/01\/jorge-paulo-lemann-americanas-amer3-crise-foto-cnnbrasil.jpg","datePublished":"2023-01-16T16:05:51+00:00","dateModified":"2023-01-16T18:01:45+00:00","description":"O BTG Pactual (BPAC11) fez duros ataques aos acionistas de refer\u00eancia da Americanas (AMER3), como Jorge Paulo Lemann. Saiba mais!","breadcrumb":{"@id":"https:\/\/www.suno.com.br\/noticias\/btg-ataca-acionistas-americanas-amer3-lemann\/#breadcrumb"},"inLanguage":"pt-BR","potentialAction":[{"@type":"ReadAction","target":["https:\/\/www.suno.com.br\/noticias\/btg-ataca-acionistas-americanas-amer3-lemann\/"]}]},{"@type":"ImageObject","inLanguage":"pt-BR","@id":"https:\/\/www.suno.com.br\/noticias\/btg-ataca-acionistas-americanas-amer3-lemann\/#primaryimage","url":"https:\/\/files.sunoresearch.com.br\/n\/uploads\/2023\/01\/jorge-paulo-lemann-americanas-amer3-crise-foto-cnnbrasil.jpg","contentUrl":"https:\/\/files.sunoresearch.com.br\/n\/uploads\/2023\/01\/jorge-paulo-lemann-americanas-amer3-crise-foto-cnnbrasil.jpg","width":1200,"height":675,"caption":"Jorge Paulo Lemann. Foto: CNN Brasil"},{"@type":"BreadcrumbList","@id":"https:\/\/www.suno.com.br\/noticias\/btg-ataca-acionistas-americanas-amer3-lemann\/#breadcrumb","itemListElement":[{"@type":"ListItem","position":1,"name":"Not\u00edcias","item":"https:\/\/www.suno.com.br\/noticias\/"},{"@type":"ListItem","position":2,"name":"Neg\u00f3cios","item":"https:\/\/www.suno.com.br\/noticias\/negocios\/"},{"@type":"ListItem","position":3,"name":"Americanas (AMER3): BTG ataca Lemann e acionistas da varejista na Justi\u00e7a"}]},{"@type":"WebSite","@id":"https:\/\/www.suno.com.br\/noticias\/#website","url":"https:\/\/www.suno.com.br\/noticias\/","name":"Suno Not\u00edcias","description":"Seu portal de informa\u00e7\u00e3o sobre o mundo dos investimentos","publisher":{"@id":"https:\/\/www.suno.com.br\/noticias\/#organization"},"potentialAction":[{"@type":"SearchAction","target":{"@type":"EntryPoint","urlTemplate":"https:\/\/www.suno.com.br\/noticias\/?s={search_term_string}"},"query-input":{"@type":"PropertyValueSpecification","valueRequired":true,"valueName":"search_term_string"}}],"inLanguage":"pt-BR"},{"@type":"Organization","@id":"https:\/\/www.suno.com.br\/noticias\/#organization","name":"Suno Not\u00edcias","url":"https:\/\/www.suno.com.br\/noticias\/","logo":{"@type":"ImageObject","inLanguage":"pt-BR","@id":"https:\/\/www.suno.com.br\/noticias\/#\/schema\/logo\/image\/","url":"https:\/\/files.sunoresearch.com.br\/n\/uploads\/2021\/09\/suno-logo.png","contentUrl":"https:\/\/files.sunoresearch.com.br\/n\/uploads\/2021\/09\/suno-logo.png","width":180,"height":180,"caption":"Suno Not\u00edcias"},"image":{"@id":"https:\/\/www.suno.com.br\/noticias\/#\/schema\/logo\/image\/"},"sameAs":["https:\/\/facebook.com\/sunoresearch","https:\/\/x.com\/sunoresearch","https:\/\/www.instagram.com\/suno","https:\/\/www.linkedin.com\/company\/suno-research\/","https:\/\/www.youtube.com\/c\/sunoresearch"]},{"@type":"Person","@id":"https:\/\/www.suno.com.br\/noticias\/#\/schema\/person\/6899bc3f19d1a7315f807131c2c013a0","name":"Erick Matheus Nery","image":{"@type":"ImageObject","inLanguage":"pt-BR","@id":"https:\/\/www.suno.com.br\/noticias\/#\/schema\/person\/image\/","url":"https:\/\/secure.gravatar.com\/avatar\/518ddffe438ccb767782d372a66304d2?s=96&r=g","contentUrl":"https:\/\/secure.gravatar.com\/avatar\/518ddffe438ccb767782d372a66304d2?s=96&r=g","caption":"Erick Matheus Nery"},"description":"Formado em Jornalismo pela Universidade Federal do Par\u00e1 (UFPA), conta com extens\u00e3o em Jornalismo Econ\u00f4mico pela Funda\u00e7\u00e3o Get\u00falio Vargas (FGV). No Suno Not\u00edcias, atua como rep\u00f3rter de Mercado, com foco nos setores de telecomunica\u00e7\u00f5es, varejo, alimentos e renda fixa. Conta com passagens pelo jornal O Estado de S\u00e3o Paulo, como trainee de Jornalismo Econ\u00f4mico, e pelo site Not\u00edcias da TV.","url":"https:\/\/www.suno.com.br\/noticias\/author\/erick-nery\/"}]}},"default_loop_html":"<div class=\"cardsPage__listCard__boxs\"><div class=\"cardsPage__listCard__boxs__img\"><a href=\"https:\/\/www.suno.com.br\/noticias\/btg-ataca-acionistas-americanas-amer3-lemann\/\"><img class=\"mask\" src=\"https:\/\/www.suno.com.br\/noticias\/wp-content\/themes\/suno\/resources\/images\/spotlight\/spotlight1img\/bg-mask.png\" alt=\"Image Mask\"\/><img src=\"https:\/\/files.sunoresearch.com.br\/n\/uploads\/2023\/01\/jorge-paulo-lemann-americanas-amer3-crise-foto-cnnbrasil-400x200.jpg\" alt=\"Americanas (AMER3): BTG ataca Lemann e acionistas da varejista na Justi\u00e7a\"\/><\/a><span class=\"spotlightCategory\"><a href=\"https:\/\/www.suno.com.br\/noticias\/negocios\/\">Neg\u00f3cios<\/a><\/span><\/div><div class=\"cardsPage__listCard__boxs__content\"><a href=\"https:\/\/www.suno.com.br\/noticias\/btg-ataca-acionistas-americanas-amer3-lemann\/\"><h2 class=\"content__title\">Americanas (AMER3): BTG ataca Lemann e acionistas da varejista na Justi\u00e7a<\/h2><\/a><div class=\"newsContent__article__meta\"><div class=\"newsContent__article__meta__authorBox\"><a href=\"https:\/\/www.suno.com.br\/noticias\/author\/redacao-suno\/\" class=\"authorBox__avatar noMobi\"><img src=\"https:\/\/files.sunoresearch.com.br\/n\/uploads\/2020\/08\/0ace682d-redacao-1-150x150.webp\" alt=\"Reda\u00e7\u00e3o Suno Not\u00edcias\"><\/a><div class=\"authorBox__name\"><span>por\n\t\t\t<a href=\"https:\/\/www.suno.com.br\/noticias\/author\/redacao-suno\/\"><span itemprop=\"author\">Reda\u00e7\u00e3o Suno Not\u00edcias<\/span><\/a><\/span><time datetime=\"2023-01-16T13:05:51-03:00\" itemprop=\"datePublished\">16\/01\/2023 13:05<\/time><\/div><\/div><\/div><\/div><\/div>","single_layout":"posts","amp_enabled":true,"_links":{"self":[{"href":"https:\/\/www.suno.com.br\/noticias\/wp-json\/wp\/v2\/posts\/347556"}],"collection":[{"href":"https:\/\/www.suno.com.br\/noticias\/wp-json\/wp\/v2\/posts"}],"about":[{"href":"https:\/\/www.suno.com.br\/noticias\/wp-json\/wp\/v2\/types\/post"}],"author":[{"embeddable":true,"href":"https:\/\/www.suno.com.br\/noticias\/wp-json\/wp\/v2\/users\/232"}],"replies":[{"embeddable":true,"href":"https:\/\/www.suno.com.br\/noticias\/wp-json\/wp\/v2\/comments?post=347556"}],"version-history":[{"count":3,"href":"https:\/\/www.suno.com.br\/noticias\/wp-json\/wp\/v2\/posts\/347556\/revisions"}],"predecessor-version":[{"id":347709,"href":"https:\/\/www.suno.com.br\/noticias\/wp-json\/wp\/v2\/posts\/347556\/revisions\/347709"}],"wp:featuredmedia":[{"embeddable":true,"href":"https:\/\/www.suno.com.br\/noticias\/wp-json\/wp\/v2\/media\/346369"}],"wp:attachment":[{"href":"https:\/\/www.suno.com.br\/noticias\/wp-json\/wp\/v2\/media?parent=347556"}],"wp:term":[{"taxonomy":"category","embeddable":true,"href":"https:\/\/www.suno.com.br\/noticias\/wp-json\/wp\/v2\/categories?post=347556"},{"taxonomy":"post_tag","embeddable":true,"href":"https:\/\/www.suno.com.br\/noticias\/wp-json\/wp\/v2\/tags?post=347556"},{"taxonomy":"suno_strategy","embeddable":true,"href":"https:\/\/www.suno.com.br\/noticias\/wp-json\/wp\/v2\/suno_strategy?post=347556"}],"curies":[{"name":"wp","href":"https:\/\/api.w.org\/{rel}","templated":true}]}}