{"id":34755,"date":"2019-08-21T09:02:50","date_gmt":"2019-08-21T12:02:50","guid":{"rendered":"https:\/\/www.suno.com.br\/noticias\/?p=34755"},"modified":"2019-08-21T11:54:13","modified_gmt":"2019-08-21T14:54:13","slug":"mercados-reagir-ao-fed-21082019","status":"publish","type":"post","link":"https:\/\/www.suno.com.br\/noticias\/mercados-reagir-ao-fed-21082019\/","title":{"rendered":"Mercados devem reagir a ata do Fed desta quarta"},"content":{"rendered":"<p>Nesta quarta-feira (21), as aten\u00e7\u00f5es dos investidores de todo o mundo se voltam \u00e0 ata da \u00faltima reuni\u00e3o do Federal Reserve Bank (Fed), realizada em 30 e 31 de julho.<\/p>\t<div class=\"wrapper-featured-image\">\n\t\t<figure class=\"spotlightImg\">\n\n\t\t\t<picture>\n\t\t\t\t<source media=\"(max-width: 768px)\" srcset=\"https:\/\/files.sunoresearch.com.br\/n\/uploads\/2018\/09\/482454fb-dolar-ibovespa-400x200.webp\">\n\t\t\t\t<img loading=\"lazy\" decoding=\"async\" class=\"newsContent__article__imgCapa lazyloadDisabled newsContent__article__imgCapa--noCaption\" src=\"https:\/\/files.sunoresearch.com.br\/n\/uploads\/2018\/09\/482454fb-dolar-ibovespa-800x450.webp\" width=\"800\" height=\"450\" alt=\"Mercados devem reagir a ata do Fed desta quarta\" fetchpriority=high \/>\n\t\t\t<\/picture>\n\n\t\t\t<figcaption class=\"wp-caption-text wp-caption-text--hide\">Mercados devem reagir a ata do Fed desta quarta<\/figcaption>\n\t\t<\/figure>\n\t<\/div>\n\n\n<p>Na data, o <a href=\"https:\/\/www.suno.com.br\/artigos\/fed\/\"><strong>Fed<\/strong> <\/a>reduziu pela primeira vez as taxas de juros do pa\u00eds norte-americano desde a crise de 2008, de 2,5% para 2,25%. O objetivo \u00e9 fomentar a economia do pa\u00eds, estimulando investimentos e mantendo o baixo n\u00edvel de desemprego. A ata ser\u00e1 divulgada \u00e0s 15h de Bras\u00edlia.<\/p>\n\n<h2>Fed reage ao cen\u00e1rio internacional<\/h2>\n<p>Os motivos que levaram o <strong>Fed<\/strong> a diminuir a taxa de juros b\u00e1sica s\u00e3o conhecidos. Al\u00e9m da guerra comercial entre <strong>EUA<\/strong> e <strong>China<\/strong>, a desacelera\u00e7\u00e3o econ\u00f4mica mundial, o entrave da sa\u00edda do <strong>Reino Unido<\/strong> da Uni\u00e3o Europeia foram agravantes. Os n\u00fameros baixos de desemprego e a infla\u00e7\u00e3o controlada deixaram o Banco Central norte-americano em tomar a decis\u00e3o.<\/p>\n<p><a href=\"https:\/\/www.suno.com.br\/noticias\/alemanha-registra-queda-exportacoes-2019\/\">Veja tamb\u00e9m: Alemanha registra forte queda nas exporta\u00e7\u00f5es em junho de 2019<\/a><\/p>\n<p>Quando a decis\u00e3o foi tomada, o mercado estava aguardando tal movimento, e busca indicativos de que o relaxamento nos juros continuaria a acontecer.<\/p>\n<p>Entretanto, o presidente do Fed, Jerome Powell, disse em entrevista no in\u00edcio do m\u00eas de agosto que o corte foi um &#8220;ajuste&#8221; e que um ciclo de redu\u00e7\u00e3o de juros &#8220;n\u00e3o \u00e9 a perspectiva para agora&#8221;.<\/p>\n<p>Desde ent\u00e3o, as not\u00edcias internacionais preocupam os mercados. Os principais \u00edndices de a\u00e7\u00f5es dos Estados Unidos chegaram a cair 3% em apenas um dia na \u00faltima semana, abalados por dados alarmantes da China e Alemanha.<\/p>\n<p>Em entrevista na \u00faltima ter\u00e7a-feira (20), o presidente estadunidense, <strong>Donald Trump<\/strong>, reconheceu que a guerra comercial pode trazer problemas no curto prazo. Trump afirmou que &#8220;algo precisa ser feito&#8221; porque &#8220;a China vem roubando esse pa\u00eds por 25 anos&#8221;. O presidente disse que o governo norte-americano deve propor pol\u00edticas de est\u00edmulo \u00e0 economia, como um pacote de redu\u00e7\u00e3o de impostos.<\/p>\n<p>A <strong>economia americana<\/strong> cresceu 2,6% no primeiro semestre, al\u00e9m das vendas no varejo que subiram 0,7% em julho, o dobro do esperado pelos analitas. Os n\u00famero seguem controlados. Todavia, a confian\u00e7a est\u00e1 em queda, reduzindo os investimentos no pa\u00eds.<\/p>\n<p><a href=\"https:\/\/www.suno.com.br\/noticias\/recessao-eua-economica-dolar\/\">Confira: Mais de 70% dos economistas nos EUA temem recess\u00e3o entre 2019 e 2020<\/a><\/p>\n<p>Segundo o <strong>Fundo Monet\u00e1rio Internacional (FMI)<\/strong>, a estimativa para o avan\u00e7o do PIB global \u00e9 de 3,2%. Antes, a previs\u00e3o era de 3,3%.<\/p>\n<h2>Trump pressiona a taxa de juros<\/h2>\n<p>Na \u00faltima segunda-feira (19), <strong>Trump<\/strong> pediu ao Fed, que cortasse <strong>a<\/strong> <strong>taxa<\/strong> <strong>de<\/strong> <strong>juros<\/strong> em ao menos 1 ponto percentual.<\/p>\n<p>&#8220;A taxa do Fed, durante um curto per\u00edodo de tempo, deve ser reduzida em<br \/>\npelo menos 100 pontos-base, talvez com algum al\u00edvio quantitativo tamb\u00e9m.<br \/>\nSe isso acontecesse, nossa economia seria ainda melhor, e a economia mundial expandiria rapidamente &#8211; bom para todos&#8221;, afirmou o <strong>presidente<\/strong> no Twitter.<\/p>\n<p>As pr\u00f3ximas reuni\u00f5es do <strong>Fed<\/strong> sobre a taxa de juros ser\u00e3o nos dias 17 e 18 de setembro.<\/p>\n","protected":false},"excerpt":{"rendered":"<p>Nesta quarta-feira (21), as aten\u00e7\u00f5es dos investidores de todo o mundo se voltam \u00e0 ata da \u00faltima reuni\u00e3o do Federal Reserve Bank (Fed), realizada em 30 e 31 de julho. Mercados devem reagir a ata do Fed desta quarta Na data, o Fed reduziu pela primeira vez as taxas de juros do pa\u00eds norte-americano desde [&hellip;]<\/p>\n","protected":false},"author":24,"featured_media":3339,"comment_status":"closed","ping_status":"closed","sticky":false,"template":"","format":"standard","meta":[],"categories":[63],"tags":[711,724,776,980,1881],"suno_strategy":[],"class_list":["post-34755","post","type-post","status-publish","format-standard","has-post-thumbnail","hentry","category-internacional","tag-china","tag-donald-trump","tag-federal-reseve-fed","tag-guerra-comercial","tag-recessao"],"yoast_head":"<!-- This site is optimized with the Yoast SEO plugin v24.4 - https:\/\/yoast.com\/wordpress\/plugins\/seo\/ -->\n<title>Mercados devem reagir a ata do Fed desta quarta<\/title>\n<meta name=\"description\" content=\"Nesta quarta (21), as aten\u00e7\u00f5es dos investidores de todo o mundo se voltam \u00e0 ata da \u00faltima reuni\u00e3o do Fed. Saiba mais.\" \/>\n<meta name=\"robots\" content=\"index, follow, max-snippet:-1, max-image-preview:large, max-video-preview:-1\" \/>\n<link rel=\"canonical\" href=\"https:\/\/www.suno.com.br\/noticias\/mercados-reagir-ao-fed-21082019\/\" \/>\n<meta property=\"og:locale\" content=\"pt_BR\" \/>\n<meta property=\"og:type\" content=\"article\" \/>\n<meta property=\"og:title\" content=\"Mercados devem reagir a ata do Fed desta quarta\" \/>\n<meta property=\"og:description\" content=\"Nesta quarta (21), as aten\u00e7\u00f5es dos investidores de todo o mundo se voltam \u00e0 ata da \u00faltima reuni\u00e3o do Fed. Saiba mais.\" \/>\n<meta property=\"og:url\" content=\"https:\/\/www.suno.com.br\/noticias\/mercados-reagir-ao-fed-21082019\/\" \/>\n<meta property=\"og:site_name\" content=\"Suno Not\u00edcias\" \/>\n<meta property=\"article:publisher\" content=\"https:\/\/facebook.com\/sunoresearch\" \/>\n<meta property=\"og:image\" content=\"https:\/\/files.sunoresearch.com.br\/n\/uploads\/2018\/09\/482454fb-dolar-ibovespa.jpg\" \/>\n\t<meta property=\"og:image:width\" content=\"2560\" \/>\n\t<meta property=\"og:image:height\" content=\"1359\" \/>\n\t<meta property=\"og:image:type\" content=\"image\/jpeg\" \/>\n<meta name=\"author\" content=\"Jader Lazarini\" \/>\n<meta name=\"twitter:card\" content=\"summary_large_image\" \/>\n<meta name=\"twitter:creator\" content=\"@sunoresearch\" \/>\n<meta name=\"twitter:site\" content=\"@sunoresearch\" \/>\n<meta name=\"twitter:label1\" content=\"Escrito por\" \/>\n\t<meta name=\"twitter:data1\" content=\"Jader Lazarini\" \/>\n\t<meta name=\"twitter:label2\" content=\"Est. tempo de leitura\" \/>\n\t<meta name=\"twitter:data2\" content=\"2 minutos\" \/>\n<script type=\"application\/ld+json\" class=\"yoast-schema-graph\">{\"@context\":\"https:\/\/schema.org\",\"@graph\":[{\"@type\":\"NewsArticle\",\"@id\":\"https:\/\/www.suno.com.br\/noticias\/mercados-reagir-ao-fed-21082019\/#article\",\"isPartOf\":{\"@id\":\"https:\/\/www.suno.com.br\/noticias\/mercados-reagir-ao-fed-21082019\/\"},\"author\":{\"name\":\"Jader Lazarini\",\"@id\":\"https:\/\/www.suno.com.br\/noticias\/#\/schema\/person\/918d79de1f0281f01599b93f9ea6e23f\"},\"headline\":\"Mercados devem reagir a ata do Fed desta quarta\",\"datePublished\":\"2019-08-21T12:02:50+00:00\",\"dateModified\":\"2019-08-21T14:54:13+00:00\",\"mainEntityOfPage\":{\"@id\":\"https:\/\/www.suno.com.br\/noticias\/mercados-reagir-ao-fed-21082019\/\"},\"wordCount\":504,\"publisher\":{\"@id\":\"https:\/\/www.suno.com.br\/noticias\/#organization\"},\"image\":{\"@id\":\"https:\/\/www.suno.com.br\/noticias\/mercados-reagir-ao-fed-21082019\/#primaryimage\"},\"thumbnailUrl\":\"https:\/\/files.sunoresearch.com.br\/n\/uploads\/2018\/09\/482454fb-dolar-ibovespa-jpg.webp\",\"keywords\":[\"China\",\"Donald Trump\",\"Federal Reserve (FED)\",\"guerra comercial\",\"recess\u00e3o\"],\"articleSection\":[\"Internacional\"],\"inLanguage\":\"pt-BR\"},{\"@type\":\"WebPage\",\"@id\":\"https:\/\/www.suno.com.br\/noticias\/mercados-reagir-ao-fed-21082019\/\",\"url\":\"https:\/\/www.suno.com.br\/noticias\/mercados-reagir-ao-fed-21082019\/\",\"name\":\"Mercados devem reagir a ata do Fed desta quarta\",\"isPartOf\":{\"@id\":\"https:\/\/www.suno.com.br\/noticias\/#website\"},\"primaryImageOfPage\":{\"@id\":\"https:\/\/www.suno.com.br\/noticias\/mercados-reagir-ao-fed-21082019\/#primaryimage\"},\"image\":{\"@id\":\"https:\/\/www.suno.com.br\/noticias\/mercados-reagir-ao-fed-21082019\/#primaryimage\"},\"thumbnailUrl\":\"https:\/\/files.sunoresearch.com.br\/n\/uploads\/2018\/09\/482454fb-dolar-ibovespa-jpg.webp\",\"datePublished\":\"2019-08-21T12:02:50+00:00\",\"dateModified\":\"2019-08-21T14:54:13+00:00\",\"description\":\"Nesta quarta (21), as aten\u00e7\u00f5es dos investidores de todo o mundo se voltam \u00e0 ata da \u00faltima reuni\u00e3o do Fed. Saiba mais.\",\"breadcrumb\":{\"@id\":\"https:\/\/www.suno.com.br\/noticias\/mercados-reagir-ao-fed-21082019\/#breadcrumb\"},\"inLanguage\":\"pt-BR\",\"potentialAction\":[{\"@type\":\"ReadAction\",\"target\":[\"https:\/\/www.suno.com.br\/noticias\/mercados-reagir-ao-fed-21082019\/\"]}]},{\"@type\":\"ImageObject\",\"inLanguage\":\"pt-BR\",\"@id\":\"https:\/\/www.suno.com.br\/noticias\/mercados-reagir-ao-fed-21082019\/#primaryimage\",\"url\":\"https:\/\/files.sunoresearch.com.br\/n\/uploads\/2018\/09\/482454fb-dolar-ibovespa-jpg.webp\",\"contentUrl\":\"https:\/\/files.sunoresearch.com.br\/n\/uploads\/2018\/09\/482454fb-dolar-ibovespa-jpg.webp\",\"width\":2560,\"height\":1359,\"caption\":\"Mercados devem reagir a ata do Fed desta quarta\"},{\"@type\":\"BreadcrumbList\",\"@id\":\"https:\/\/www.suno.com.br\/noticias\/mercados-reagir-ao-fed-21082019\/#breadcrumb\",\"itemListElement\":[{\"@type\":\"ListItem\",\"position\":1,\"name\":\"Not\u00edcias\",\"item\":\"https:\/\/www.suno.com.br\/noticias\/\"},{\"@type\":\"ListItem\",\"position\":2,\"name\":\"Internacional\",\"item\":\"https:\/\/www.suno.com.br\/noticias\/internacional\/\"},{\"@type\":\"ListItem\",\"position\":3,\"name\":\"Mercados devem reagir a ata do Fed desta quarta\"}]},{\"@type\":\"WebSite\",\"@id\":\"https:\/\/www.suno.com.br\/noticias\/#website\",\"url\":\"https:\/\/www.suno.com.br\/noticias\/\",\"name\":\"Suno Not\u00edcias\",\"description\":\"Seu portal de informa\u00e7\u00e3o sobre o mundo dos investimentos\",\"publisher\":{\"@id\":\"https:\/\/www.suno.com.br\/noticias\/#organization\"},\"potentialAction\":[{\"@type\":\"SearchAction\",\"target\":{\"@type\":\"EntryPoint\",\"urlTemplate\":\"https:\/\/www.suno.com.br\/noticias\/?s={search_term_string}\"},\"query-input\":{\"@type\":\"PropertyValueSpecification\",\"valueRequired\":true,\"valueName\":\"search_term_string\"}}],\"inLanguage\":\"pt-BR\"},{\"@type\":\"Organization\",\"@id\":\"https:\/\/www.suno.com.br\/noticias\/#organization\",\"name\":\"Suno Not\u00edcias\",\"url\":\"https:\/\/www.suno.com.br\/noticias\/\",\"logo\":{\"@type\":\"ImageObject\",\"inLanguage\":\"pt-BR\",\"@id\":\"https:\/\/www.suno.com.br\/noticias\/#\/schema\/logo\/image\/\",\"url\":\"https:\/\/files.sunoresearch.com.br\/n\/uploads\/2021\/09\/suno-logo.png\",\"contentUrl\":\"https:\/\/files.sunoresearch.com.br\/n\/uploads\/2021\/09\/suno-logo.png\",\"width\":180,\"height\":180,\"caption\":\"Suno Not\u00edcias\"},\"image\":{\"@id\":\"https:\/\/www.suno.com.br\/noticias\/#\/schema\/logo\/image\/\"},\"sameAs\":[\"https:\/\/facebook.com\/sunoresearch\",\"https:\/\/x.com\/sunoresearch\",\"https:\/\/www.instagram.com\/suno\",\"https:\/\/www.linkedin.com\/company\/suno-research\/\",\"https:\/\/www.youtube.com\/c\/sunoresearch\"]},{\"@type\":\"Person\",\"@id\":\"https:\/\/www.suno.com.br\/noticias\/#\/schema\/person\/918d79de1f0281f01599b93f9ea6e23f\",\"name\":\"Jader Lazarini\",\"image\":{\"@type\":\"ImageObject\",\"inLanguage\":\"pt-BR\",\"@id\":\"https:\/\/www.suno.com.br\/noticias\/#\/schema\/person\/image\/\",\"url\":\"https:\/\/secure.gravatar.com\/avatar\/3c1ad8caa51589841baeb923fcddea97?s=96&r=g\",\"contentUrl\":\"https:\/\/secure.gravatar.com\/avatar\/3c1ad8caa51589841baeb923fcddea97?s=96&r=g\",\"caption\":\"Jader Lazarini\"},\"description\":\"Jader Lazarini escreve sobre investimentos, finan\u00e7as, economia e neg\u00f3cios. \u00c9 bacharel em Rela\u00e7\u00f5es Internacionais e analista CNPI (2619).\",\"url\":\"https:\/\/www.suno.com.br\/noticias\/author\/jader-lazarini\/\"}]}<\/script>\n<!-- \/ Yoast SEO plugin. -->","yoast_head_json":{"title":"Mercados devem reagir a ata do Fed desta quarta","description":"Nesta quarta (21), as aten\u00e7\u00f5es dos investidores de todo o mundo se voltam \u00e0 ata da \u00faltima reuni\u00e3o do Fed. Saiba mais.","robots":{"index":"index","follow":"follow","max-snippet":"max-snippet:-1","max-image-preview":"max-image-preview:large","max-video-preview":"max-video-preview:-1"},"canonical":"https:\/\/www.suno.com.br\/noticias\/mercados-reagir-ao-fed-21082019\/","og_locale":"pt_BR","og_type":"article","og_title":"Mercados devem reagir a ata do Fed desta quarta","og_description":"Nesta quarta (21), as aten\u00e7\u00f5es dos investidores de todo o mundo se voltam \u00e0 ata da \u00faltima reuni\u00e3o do Fed. Saiba mais.","og_url":"https:\/\/www.suno.com.br\/noticias\/mercados-reagir-ao-fed-21082019\/","og_site_name":"Suno Not\u00edcias","article_publisher":"https:\/\/facebook.com\/sunoresearch","og_image":[{"width":2560,"height":1359,"url":"https:\/\/files.sunoresearch.com.br\/n\/uploads\/2018\/09\/482454fb-dolar-ibovespa.jpg","type":"image\/jpeg"}],"author":"Jader Lazarini","twitter_card":"summary_large_image","twitter_creator":"@sunoresearch","twitter_site":"@sunoresearch","twitter_misc":{"Escrito por":"Jader Lazarini","Est. tempo de leitura":"2 minutos"},"schema":{"@context":"https:\/\/schema.org","@graph":[{"@type":"NewsArticle","@id":"https:\/\/www.suno.com.br\/noticias\/mercados-reagir-ao-fed-21082019\/#article","isPartOf":{"@id":"https:\/\/www.suno.com.br\/noticias\/mercados-reagir-ao-fed-21082019\/"},"author":{"name":"Jader Lazarini","@id":"https:\/\/www.suno.com.br\/noticias\/#\/schema\/person\/918d79de1f0281f01599b93f9ea6e23f"},"headline":"Mercados devem reagir a ata do Fed desta quarta","datePublished":"2019-08-21T12:02:50+00:00","dateModified":"2019-08-21T14:54:13+00:00","mainEntityOfPage":{"@id":"https:\/\/www.suno.com.br\/noticias\/mercados-reagir-ao-fed-21082019\/"},"wordCount":504,"publisher":{"@id":"https:\/\/www.suno.com.br\/noticias\/#organization"},"image":{"@id":"https:\/\/www.suno.com.br\/noticias\/mercados-reagir-ao-fed-21082019\/#primaryimage"},"thumbnailUrl":"https:\/\/files.sunoresearch.com.br\/n\/uploads\/2018\/09\/482454fb-dolar-ibovespa-jpg.webp","keywords":["China","Donald Trump","Federal Reserve (FED)","guerra comercial","recess\u00e3o"],"articleSection":["Internacional"],"inLanguage":"pt-BR"},{"@type":"WebPage","@id":"https:\/\/www.suno.com.br\/noticias\/mercados-reagir-ao-fed-21082019\/","url":"https:\/\/www.suno.com.br\/noticias\/mercados-reagir-ao-fed-21082019\/","name":"Mercados devem reagir a ata do Fed desta quarta","isPartOf":{"@id":"https:\/\/www.suno.com.br\/noticias\/#website"},"primaryImageOfPage":{"@id":"https:\/\/www.suno.com.br\/noticias\/mercados-reagir-ao-fed-21082019\/#primaryimage"},"image":{"@id":"https:\/\/www.suno.com.br\/noticias\/mercados-reagir-ao-fed-21082019\/#primaryimage"},"thumbnailUrl":"https:\/\/files.sunoresearch.com.br\/n\/uploads\/2018\/09\/482454fb-dolar-ibovespa-jpg.webp","datePublished":"2019-08-21T12:02:50+00:00","dateModified":"2019-08-21T14:54:13+00:00","description":"Nesta quarta (21), as aten\u00e7\u00f5es dos investidores de todo o mundo se voltam \u00e0 ata da \u00faltima reuni\u00e3o do Fed. Saiba mais.","breadcrumb":{"@id":"https:\/\/www.suno.com.br\/noticias\/mercados-reagir-ao-fed-21082019\/#breadcrumb"},"inLanguage":"pt-BR","potentialAction":[{"@type":"ReadAction","target":["https:\/\/www.suno.com.br\/noticias\/mercados-reagir-ao-fed-21082019\/"]}]},{"@type":"ImageObject","inLanguage":"pt-BR","@id":"https:\/\/www.suno.com.br\/noticias\/mercados-reagir-ao-fed-21082019\/#primaryimage","url":"https:\/\/files.sunoresearch.com.br\/n\/uploads\/2018\/09\/482454fb-dolar-ibovespa-jpg.webp","contentUrl":"https:\/\/files.sunoresearch.com.br\/n\/uploads\/2018\/09\/482454fb-dolar-ibovespa-jpg.webp","width":2560,"height":1359,"caption":"Mercados devem reagir a ata do Fed desta quarta"},{"@type":"BreadcrumbList","@id":"https:\/\/www.suno.com.br\/noticias\/mercados-reagir-ao-fed-21082019\/#breadcrumb","itemListElement":[{"@type":"ListItem","position":1,"name":"Not\u00edcias","item":"https:\/\/www.suno.com.br\/noticias\/"},{"@type":"ListItem","position":2,"name":"Internacional","item":"https:\/\/www.suno.com.br\/noticias\/internacional\/"},{"@type":"ListItem","position":3,"name":"Mercados devem reagir a ata do Fed desta quarta"}]},{"@type":"WebSite","@id":"https:\/\/www.suno.com.br\/noticias\/#website","url":"https:\/\/www.suno.com.br\/noticias\/","name":"Suno Not\u00edcias","description":"Seu portal de informa\u00e7\u00e3o sobre o mundo dos investimentos","publisher":{"@id":"https:\/\/www.suno.com.br\/noticias\/#organization"},"potentialAction":[{"@type":"SearchAction","target":{"@type":"EntryPoint","urlTemplate":"https:\/\/www.suno.com.br\/noticias\/?s={search_term_string}"},"query-input":{"@type":"PropertyValueSpecification","valueRequired":true,"valueName":"search_term_string"}}],"inLanguage":"pt-BR"},{"@type":"Organization","@id":"https:\/\/www.suno.com.br\/noticias\/#organization","name":"Suno Not\u00edcias","url":"https:\/\/www.suno.com.br\/noticias\/","logo":{"@type":"ImageObject","inLanguage":"pt-BR","@id":"https:\/\/www.suno.com.br\/noticias\/#\/schema\/logo\/image\/","url":"https:\/\/files.sunoresearch.com.br\/n\/uploads\/2021\/09\/suno-logo.png","contentUrl":"https:\/\/files.sunoresearch.com.br\/n\/uploads\/2021\/09\/suno-logo.png","width":180,"height":180,"caption":"Suno Not\u00edcias"},"image":{"@id":"https:\/\/www.suno.com.br\/noticias\/#\/schema\/logo\/image\/"},"sameAs":["https:\/\/facebook.com\/sunoresearch","https:\/\/x.com\/sunoresearch","https:\/\/www.instagram.com\/suno","https:\/\/www.linkedin.com\/company\/suno-research\/","https:\/\/www.youtube.com\/c\/sunoresearch"]},{"@type":"Person","@id":"https:\/\/www.suno.com.br\/noticias\/#\/schema\/person\/918d79de1f0281f01599b93f9ea6e23f","name":"Jader Lazarini","image":{"@type":"ImageObject","inLanguage":"pt-BR","@id":"https:\/\/www.suno.com.br\/noticias\/#\/schema\/person\/image\/","url":"https:\/\/secure.gravatar.com\/avatar\/3c1ad8caa51589841baeb923fcddea97?s=96&r=g","contentUrl":"https:\/\/secure.gravatar.com\/avatar\/3c1ad8caa51589841baeb923fcddea97?s=96&r=g","caption":"Jader Lazarini"},"description":"Jader Lazarini escreve sobre investimentos, finan\u00e7as, economia e neg\u00f3cios. \u00c9 bacharel em Rela\u00e7\u00f5es Internacionais e analista CNPI (2619).","url":"https:\/\/www.suno.com.br\/noticias\/author\/jader-lazarini\/"}]}},"default_loop_html":"<div class=\"cardsPage__listCard__boxs\"><div class=\"cardsPage__listCard__boxs__img\"><a href=\"https:\/\/www.suno.com.br\/noticias\/mercados-reagir-ao-fed-21082019\/\"><img class=\"mask\" src=\"https:\/\/www.suno.com.br\/noticias\/wp-content\/themes\/suno\/resources\/images\/spotlight\/spotlight1img\/bg-mask.png\" alt=\"Image Mask\"\/><img src=\"https:\/\/files.sunoresearch.com.br\/n\/uploads\/2018\/09\/482454fb-dolar-ibovespa-400x200.webp\" alt=\"Mercados devem reagir a ata do Fed desta quarta\"\/><\/a><span class=\"spotlightCategory\"><a href=\"https:\/\/www.suno.com.br\/noticias\/internacional\/\">Internacional<\/a><\/span><\/div><div class=\"cardsPage__listCard__boxs__content\"><a href=\"https:\/\/www.suno.com.br\/noticias\/mercados-reagir-ao-fed-21082019\/\"><h2 class=\"content__title\">Mercados devem reagir a ata do Fed desta quarta<\/h2><\/a><div class=\"newsContent__article__meta\"><div class=\"newsContent__article__meta__authorBox\"><a href=\"https:\/\/www.suno.com.br\/noticias\/author\/jader-lazarini\/\" class=\"authorBox__avatar noMobi\"><img src=\"https:\/\/files.sunoresearch.com.br\/n\/uploads\/2021\/01\/178e6598-foto-perfil-2-150x150.jpg\" alt=\"Jader Lazarini\"><\/a><div class=\"authorBox__name\"><span>por\n\t\t\t<a href=\"https:\/\/www.suno.com.br\/noticias\/author\/jader-lazarini\/\"><span itemprop=\"author\">Jader Lazarini<\/span><\/a><\/span><time datetime=\"2019-08-21T09:02:50-03:00\" itemprop=\"datePublished\">21\/08\/2019 09:02<\/time><\/div><\/div><\/div><\/div><\/div>","single_layout":"posts","amp_enabled":true,"_links":{"self":[{"href":"https:\/\/www.suno.com.br\/noticias\/wp-json\/wp\/v2\/posts\/34755"}],"collection":[{"href":"https:\/\/www.suno.com.br\/noticias\/wp-json\/wp\/v2\/posts"}],"about":[{"href":"https:\/\/www.suno.com.br\/noticias\/wp-json\/wp\/v2\/types\/post"}],"author":[{"embeddable":true,"href":"https:\/\/www.suno.com.br\/noticias\/wp-json\/wp\/v2\/users\/24"}],"replies":[{"embeddable":true,"href":"https:\/\/www.suno.com.br\/noticias\/wp-json\/wp\/v2\/comments?post=34755"}],"version-history":[{"count":0,"href":"https:\/\/www.suno.com.br\/noticias\/wp-json\/wp\/v2\/posts\/34755\/revisions"}],"wp:featuredmedia":[{"embeddable":true,"href":"https:\/\/www.suno.com.br\/noticias\/wp-json\/wp\/v2\/media\/3339"}],"wp:attachment":[{"href":"https:\/\/www.suno.com.br\/noticias\/wp-json\/wp\/v2\/media?parent=34755"}],"wp:term":[{"taxonomy":"category","embeddable":true,"href":"https:\/\/www.suno.com.br\/noticias\/wp-json\/wp\/v2\/categories?post=34755"},{"taxonomy":"post_tag","embeddable":true,"href":"https:\/\/www.suno.com.br\/noticias\/wp-json\/wp\/v2\/tags?post=34755"},{"taxonomy":"suno_strategy","embeddable":true,"href":"https:\/\/www.suno.com.br\/noticias\/wp-json\/wp\/v2\/suno_strategy?post=34755"}],"curies":[{"name":"wp","href":"https:\/\/api.w.org\/{rel}","templated":true}]}}