{"id":34752,"date":"2019-08-21T08:14:41","date_gmt":"2019-08-21T11:14:41","guid":{"rendered":"https:\/\/www.suno.com.br\/noticias\/?p=34752"},"modified":"2021-06-13T23:36:59","modified_gmt":"2021-06-14T02:36:59","slug":"banco-do-brasil-taxa-financiamento-imobiliario","status":"publish","type":"post","link":"https:\/\/www.suno.com.br\/noticias\/banco-do-brasil-taxa-financiamento-imobiliario\/","title":{"rendered":"Banco do Brasil anuncia taxas diferenciadas de cr\u00e9dito imobili\u00e1rio"},"content":{"rendered":"<p>Ap\u00f3s o an\u00fancio de uma nova modalidade de financiamento imobili\u00e1rio da <strong>Caixa Econ\u00f4mica Federal<\/strong>, o Banco do Brasil tamb\u00e9m anunciou, na \u00faltima ter\u00e7a-feira (20), mudan\u00e7as in\u00e9ditas na forma de financiar a <strong><a href=\"https:\/\/www.suno.com.br\/artigos\/casa-propria-investimento\/\">casa pr\u00f3pria<\/a><\/strong>.<\/p>\t<div class=\"wrapper-featured-image\">\n\t\t<figure class=\"spotlightImg\">\n\n\t\t\t<picture>\n\t\t\t\t<source media=\"(max-width: 768px)\" srcset=\"https:\/\/files.sunoresearch.com.br\/n\/uploads\/2019\/08\/16da4bb8-banco-do-brasil-400x200.webp\">\n\t\t\t\t<img loading=\"lazy\" decoding=\"async\" class=\"newsContent__article__imgCapa lazyloadDisabled newsContent__article__imgCapa--noCaption\" src=\"https:\/\/files.sunoresearch.com.br\/n\/uploads\/2019\/08\/16da4bb8-banco-do-brasil-jpeg.webp\" width=\"800\" height=\"450\" alt=\"Banco do Brasil anuncia taxas diferenciadas de cr\u00e9dito imobili\u00e1rio\" fetchpriority=high \/>\n\t\t\t<\/picture>\n\n\t\t\t<figcaption class=\"wp-caption-text wp-caption-text--hide\">O Banco do Brasil avalia incorpora\u00e7\u00e3o da Besc<\/figcaption>\n\t\t<\/figure>\n\t<\/div>\n\n\n<p>A nova modalidade de<strong><a href=\"https:\/\/www.suno.com.br\/artigos\/financiamento-imobiliario\/\"> financiamento<\/a><\/strong> do <strong>Banco do Brasil<\/strong> se caracteriza pela diminui\u00e7\u00e3o de juros em refer\u00eancia ao prazo, quanto mais curto o prazo, menores s\u00e3o os juros. O novo sistema \u00e9 valido para linhas do Sistema Financeiro de Habita\u00e7\u00e3o (SFH) e Carteira Hipotec\u00e1ria (CH).<\/p>\n\n<p>Dessa forma, os financiamentos que tem o prazo de at\u00e9 5 anos (60 meses) tem taxa a partir de 7,99% ao ano mais a<a href=\"https:\/\/www.suno.com.br\/artigos\/taxa-referencial\/\"> Taxa Referencial<\/a> (TR). Por sua vez, os juros do financiamento de no m\u00ednimo 29 anos e 11 meses (359 meses) tem tarifas de 8,45% ao ano mais a TR.<\/p>\n<p>De acordo com a institui\u00e7\u00e3o, esse novo tipo de cr\u00e9dito tem como objetivo atender \u00e0 demanda por financiamentos mais curtos com taxas mais baixas.<\/p>\n<p>Desse modo, segue a lista com os prazos e taxas imobili\u00e1rias:<\/p>\n<ul>\n<li>60 meses: a partir de 7,99% a.a. + TR<\/li>\n<li>De 61 a 118 meses: 8,05% a.a. + TR<\/li>\n<li>De 119 a 178 meses: 8,10%a.a. +TR<\/li>\n<li>De 179 a 238 meses: 8,15%a.a. + TR<\/li>\n<li>De 239 a 298 meses: 8,24%a.a + TR<\/li>\n<li>De 299 a 358 meses: 8,29%a.a + TR<\/li>\n<li>De 359 a 418 meses: 8,45%a.a. + TR<\/li>\n<\/ul>\n<p>A simula\u00e7\u00e3o com as novas tarifas pode ser feita <strong><a href=\"https:\/\/www.bb.com.br\/pbb\/pagina-inicial\/voce\/produtos-e-servicos\/financiamentos\/financiar-imoveis#\/\">aqui<\/a><\/strong>.<\/p>\n\t<p>\n\t\t<a href=\"https:\/\/www.seculus.com.br\/blackfriday\" target=\"_blank\" data-element=\"shortcode-suno-banner\" title=\"Banner SUNO, clique e saiba mais\">\n\t\t\t<picture>\n\t\t\t\t<source media=\"(max-width: 500px)\" srcset=\"https:\/\/files.sunoresearch.com.br\/n\/uploads\/2023\/11\/seculus_suno_mobile_1.jpg\">\n\t\t\t\t<img class=\"newsContent__article__imgCapa newsContent__article__imgCapa--banner\"\n\t\t\t\t\tsrc=\"https:\/\/files.sunoresearch.com.br\/n\/uploads\/2023\/11\/seculus_suno_desktop_1.jpg\"\n\t\t\t\t\tdata-promo-id=\"474122\"\t\t\t\t\t\t\t\t\t\twidth='1420' height='240'\t\t\t\t\talt=\"https:\/\/files.sunoresearch.com.br\/n\/uploads\/2023\/11\/seculus_suno_desktop_1.jpg\"\n\t\t\t\t>\n\t\t\t<\/picture>\n\t\t<\/a>\n\t<\/p>\n\n\n<h2>Caixa oferece cr\u00e9dito imobili\u00e1rio a 2,95 mais IPCA<\/h2>\n<p>A Caixa Econ\u00f4mica Federal anunciou na \u00faltima ter\u00e7a uma nova modalidade de financiamento imobili\u00e1rio corrigida pelo \u00cdndice Nacional de Pre\u00e7os ao Consumidos Amplo (<strong>IPCA<\/strong>), a infla\u00e7\u00e3o.<\/p>\n<p><a href=\"\/\/www.suno.com.br\/noticias\/caixa-concessao-credito-imobiliario-ajustado-ipca\/\">Saiba Mais: Caixa oferecer\u00e1 cr\u00e9dito imobili\u00e1rio a 2,95% ao ano mais IPCA<\/a><\/p>\n<p>Com o reajuste, os juros do financiamento ficar\u00e3o entre 2,95% e 4,95% ao ano, somados ao <a href=\"https:\/\/www.suno.com.br\/artigos\/ipca\/\">IPCA<\/a>. Segundo a Caixa, a nova medida far\u00e1 com que os juros para a compra da casa pr\u00f3pria sejam menores.<\/p>\n<h2>\u00daltima cota\u00e7\u00e3o do Banco do Brasil<\/h2>\n<p>Ap\u00f3s o an\u00fancio da nova modalidade, o <strong>Banco do Brasil<\/strong> (BBAS3) encerrou o preg\u00e3o em queda de -0,09% sendo cotado a R$ 44,79.<\/p>\n","protected":false},"excerpt":{"rendered":"<p>Ap\u00f3s o an\u00fancio de uma nova modalidade de financiamento imobili\u00e1rio da Caixa Econ\u00f4mica Federal, o Banco do Brasil tamb\u00e9m anunciou, na \u00faltima ter\u00e7a-feira (20), mudan\u00e7as in\u00e9ditas na forma de financiar a casa pr\u00f3pria. O Banco do Brasil avalia incorpora\u00e7\u00e3o da Besc A nova modalidade de financiamento do Banco do Brasil se caracteriza pela diminui\u00e7\u00e3o de [&hellip;]<\/p>\n","protected":false},"author":15,"featured_media":34247,"comment_status":"closed","ping_status":"closed","sticky":false,"template":"","format":"standard","meta":[],"categories":[66],"tags":[732,1199,1527],"suno_strategy":[],"class_list":["post-34752","post","type-post","status-publish","format-standard","has-post-thumbnail","hentry","category-fiis","tag-banco-do-brasil-bbas3","tag-caixa-economica-federal-cef","tag-credito-imobiliario"],"yoast_head":"<!-- This site is optimized with the Yoast SEO plugin v24.4 - https:\/\/yoast.com\/wordpress\/plugins\/seo\/ -->\n<title>Banco do Brasil anuncia taxas diferenciadas de cr\u00e9dito imobili\u00e1rio<\/title>\n<meta name=\"description\" content=\"Conforme o Banco do Brasil, o cr\u00e9dito tem como objetivo atender \u00e0 demanda por financiamentos mais curtos com taxas mais baixas.\u00a0Clique aqui\" \/>\n<meta name=\"robots\" content=\"index, follow, max-snippet:-1, max-image-preview:large, max-video-preview:-1\" \/>\n<link rel=\"canonical\" href=\"https:\/\/www.suno.com.br\/noticias\/banco-do-brasil-taxa-financiamento-imobiliario\/\" \/>\n<meta property=\"og:locale\" content=\"pt_BR\" \/>\n<meta property=\"og:type\" content=\"article\" \/>\n<meta property=\"og:title\" content=\"Banco do Brasil anuncia taxas diferenciadas de cr\u00e9dito imobili\u00e1rio\" \/>\n<meta property=\"og:description\" content=\"Conforme o Banco do Brasil, o cr\u00e9dito tem como objetivo atender \u00e0 demanda por financiamentos mais curtos com taxas mais baixas.\u00a0Clique aqui\" \/>\n<meta property=\"og:url\" content=\"https:\/\/www.suno.com.br\/noticias\/banco-do-brasil-taxa-financiamento-imobiliario\/\" \/>\n<meta property=\"og:site_name\" content=\"Suno Not\u00edcias\" \/>\n<meta property=\"article:publisher\" content=\"https:\/\/facebook.com\/sunoresearch\" \/>\n<meta property=\"og:image\" content=\"https:\/\/files.sunoresearch.com.br\/n\/uploads\/2019\/08\/16da4bb8-banco-do-brasil.jpeg\" \/>\n\t<meta property=\"og:image:width\" content=\"620\" \/>\n\t<meta property=\"og:image:height\" content=\"413\" \/>\n\t<meta property=\"og:image:type\" content=\"image\/jpeg\" \/>\n<meta name=\"author\" content=\"Poliana Santos\" \/>\n<meta name=\"twitter:card\" content=\"summary_large_image\" \/>\n<meta name=\"twitter:creator\" content=\"@sunoresearch\" \/>\n<meta name=\"twitter:site\" content=\"@sunoresearch\" \/>\n<meta name=\"twitter:label1\" content=\"Escrito por\" \/>\n\t<meta name=\"twitter:data1\" content=\"Poliana Santos\" \/>\n\t<meta name=\"twitter:label2\" content=\"Est. tempo de leitura\" \/>\n\t<meta name=\"twitter:data2\" content=\"2 minutos\" \/>\n<script type=\"application\/ld+json\" class=\"yoast-schema-graph\">{\"@context\":\"https:\/\/schema.org\",\"@graph\":[{\"@type\":\"NewsArticle\",\"@id\":\"https:\/\/www.suno.com.br\/noticias\/banco-do-brasil-taxa-financiamento-imobiliario\/#article\",\"isPartOf\":{\"@id\":\"https:\/\/www.suno.com.br\/noticias\/banco-do-brasil-taxa-financiamento-imobiliario\/\"},\"author\":{\"name\":\"Poliana Santos\",\"@id\":\"https:\/\/www.suno.com.br\/noticias\/#\/schema\/person\/02ec1f752758247878a2bf4abee1aeda\"},\"headline\":\"Banco do Brasil anuncia taxas diferenciadas de cr\u00e9dito imobili\u00e1rio\",\"datePublished\":\"2019-08-21T11:14:41+00:00\",\"dateModified\":\"2021-06-14T02:36:59+00:00\",\"mainEntityOfPage\":{\"@id\":\"https:\/\/www.suno.com.br\/noticias\/banco-do-brasil-taxa-financiamento-imobiliario\/\"},\"wordCount\":365,\"publisher\":{\"@id\":\"https:\/\/www.suno.com.br\/noticias\/#organization\"},\"image\":{\"@id\":\"https:\/\/www.suno.com.br\/noticias\/banco-do-brasil-taxa-financiamento-imobiliario\/#primaryimage\"},\"thumbnailUrl\":\"https:\/\/files.sunoresearch.com.br\/n\/uploads\/2019\/08\/16da4bb8-banco-do-brasil-jpeg.webp\",\"keywords\":[\"Banco do Brasil (BBAS3)\",\"Caixa Econ\u00f4mica Federal (CEF)\",\"cr\u00e9dito imobili\u00e1rio\"],\"articleSection\":[\"FIIs\"],\"inLanguage\":\"pt-BR\"},{\"@type\":\"WebPage\",\"@id\":\"https:\/\/www.suno.com.br\/noticias\/banco-do-brasil-taxa-financiamento-imobiliario\/\",\"url\":\"https:\/\/www.suno.com.br\/noticias\/banco-do-brasil-taxa-financiamento-imobiliario\/\",\"name\":\"Banco do Brasil anuncia taxas diferenciadas de cr\u00e9dito imobili\u00e1rio\",\"isPartOf\":{\"@id\":\"https:\/\/www.suno.com.br\/noticias\/#website\"},\"primaryImageOfPage\":{\"@id\":\"https:\/\/www.suno.com.br\/noticias\/banco-do-brasil-taxa-financiamento-imobiliario\/#primaryimage\"},\"image\":{\"@id\":\"https:\/\/www.suno.com.br\/noticias\/banco-do-brasil-taxa-financiamento-imobiliario\/#primaryimage\"},\"thumbnailUrl\":\"https:\/\/files.sunoresearch.com.br\/n\/uploads\/2019\/08\/16da4bb8-banco-do-brasil-jpeg.webp\",\"datePublished\":\"2019-08-21T11:14:41+00:00\",\"dateModified\":\"2021-06-14T02:36:59+00:00\",\"description\":\"Conforme o Banco do Brasil, o cr\u00e9dito tem como objetivo atender \u00e0 demanda por financiamentos mais curtos com taxas mais baixas.\u00a0Clique aqui\",\"breadcrumb\":{\"@id\":\"https:\/\/www.suno.com.br\/noticias\/banco-do-brasil-taxa-financiamento-imobiliario\/#breadcrumb\"},\"inLanguage\":\"pt-BR\",\"potentialAction\":[{\"@type\":\"ReadAction\",\"target\":[\"https:\/\/www.suno.com.br\/noticias\/banco-do-brasil-taxa-financiamento-imobiliario\/\"]}]},{\"@type\":\"ImageObject\",\"inLanguage\":\"pt-BR\",\"@id\":\"https:\/\/www.suno.com.br\/noticias\/banco-do-brasil-taxa-financiamento-imobiliario\/#primaryimage\",\"url\":\"https:\/\/files.sunoresearch.com.br\/n\/uploads\/2019\/08\/16da4bb8-banco-do-brasil-jpeg.webp\",\"contentUrl\":\"https:\/\/files.sunoresearch.com.br\/n\/uploads\/2019\/08\/16da4bb8-banco-do-brasil-jpeg.webp\",\"width\":620,\"height\":413,\"caption\":\"O Banco do Brasil avalia incorpora\u00e7\u00e3o da Besc\"},{\"@type\":\"BreadcrumbList\",\"@id\":\"https:\/\/www.suno.com.br\/noticias\/banco-do-brasil-taxa-financiamento-imobiliario\/#breadcrumb\",\"itemListElement\":[{\"@type\":\"ListItem\",\"position\":1,\"name\":\"Not\u00edcias\",\"item\":\"https:\/\/www.suno.com.br\/noticias\/\"},{\"@type\":\"ListItem\",\"position\":2,\"name\":\"FIIs\",\"item\":\"https:\/\/www.suno.com.br\/noticias\/fiis\/\"},{\"@type\":\"ListItem\",\"position\":3,\"name\":\"Banco do Brasil anuncia taxas diferenciadas de cr\u00e9dito imobili\u00e1rio\"}]},{\"@type\":\"WebSite\",\"@id\":\"https:\/\/www.suno.com.br\/noticias\/#website\",\"url\":\"https:\/\/www.suno.com.br\/noticias\/\",\"name\":\"Suno Not\u00edcias\",\"description\":\"Seu portal de informa\u00e7\u00e3o sobre o mundo dos investimentos\",\"publisher\":{\"@id\":\"https:\/\/www.suno.com.br\/noticias\/#organization\"},\"potentialAction\":[{\"@type\":\"SearchAction\",\"target\":{\"@type\":\"EntryPoint\",\"urlTemplate\":\"https:\/\/www.suno.com.br\/noticias\/?s={search_term_string}\"},\"query-input\":{\"@type\":\"PropertyValueSpecification\",\"valueRequired\":true,\"valueName\":\"search_term_string\"}}],\"inLanguage\":\"pt-BR\"},{\"@type\":\"Organization\",\"@id\":\"https:\/\/www.suno.com.br\/noticias\/#organization\",\"name\":\"Suno Not\u00edcias\",\"url\":\"https:\/\/www.suno.com.br\/noticias\/\",\"logo\":{\"@type\":\"ImageObject\",\"inLanguage\":\"pt-BR\",\"@id\":\"https:\/\/www.suno.com.br\/noticias\/#\/schema\/logo\/image\/\",\"url\":\"https:\/\/files.sunoresearch.com.br\/n\/uploads\/2021\/09\/suno-logo.png\",\"contentUrl\":\"https:\/\/files.sunoresearch.com.br\/n\/uploads\/2021\/09\/suno-logo.png\",\"width\":180,\"height\":180,\"caption\":\"Suno Not\u00edcias\"},\"image\":{\"@id\":\"https:\/\/www.suno.com.br\/noticias\/#\/schema\/logo\/image\/\"},\"sameAs\":[\"https:\/\/facebook.com\/sunoresearch\",\"https:\/\/x.com\/sunoresearch\",\"https:\/\/www.instagram.com\/suno\",\"https:\/\/www.linkedin.com\/company\/suno-research\/\",\"https:\/\/www.youtube.com\/c\/sunoresearch\"]},{\"@type\":\"Person\",\"@id\":\"https:\/\/www.suno.com.br\/noticias\/#\/schema\/person\/02ec1f752758247878a2bf4abee1aeda\",\"name\":\"Poliana Santos\",\"image\":{\"@type\":\"ImageObject\",\"inLanguage\":\"pt-BR\",\"@id\":\"https:\/\/www.suno.com.br\/noticias\/#\/schema\/person\/image\/\",\"url\":\"https:\/\/secure.gravatar.com\/avatar\/0645bd32f23d87b2130f2b2dff1d3f8d?s=96&r=g\",\"contentUrl\":\"https:\/\/secure.gravatar.com\/avatar\/0645bd32f23d87b2130f2b2dff1d3f8d?s=96&r=g\",\"caption\":\"Poliana Santos\"},\"description\":\"Rep\u00f3rter no Suno Not\u00edcias, com cobertura em mercado financeiro, economia, finan\u00e7as pessoais, renda fixa e varejo. Jornalista formada pela Faculdade C\u00e1sper L\u00edbero e possui passagem na R\u00e1dio Gazeta AM com a produ\u00e7\u00e3o de conte\u00fado sobre economia, pol\u00edtica, sa\u00fade, moda e m\u00fasica. Possui certificado de conclus\u00e3o do curso de An\u00e1lise de Balan\u00e7os pela Funda\u00e7\u00e3o Bradesco, Agenda Brasil pela FAAP, Educa\u00e7\u00e3o Pol\u00edtica por Alexandre Garcia e do Tesouro Direto e Mercado de A\u00e7\u00f5es pela B3.\",\"url\":\"https:\/\/www.suno.com.br\/noticias\/author\/poliana-santos\/\"}]}<\/script>\n<!-- \/ Yoast SEO plugin. -->","yoast_head_json":{"title":"Banco do Brasil anuncia taxas diferenciadas de cr\u00e9dito imobili\u00e1rio","description":"Conforme o Banco do Brasil, o cr\u00e9dito tem como objetivo atender \u00e0 demanda por financiamentos mais curtos com taxas mais baixas.\u00a0Clique aqui","robots":{"index":"index","follow":"follow","max-snippet":"max-snippet:-1","max-image-preview":"max-image-preview:large","max-video-preview":"max-video-preview:-1"},"canonical":"https:\/\/www.suno.com.br\/noticias\/banco-do-brasil-taxa-financiamento-imobiliario\/","og_locale":"pt_BR","og_type":"article","og_title":"Banco do Brasil anuncia taxas diferenciadas de cr\u00e9dito imobili\u00e1rio","og_description":"Conforme o Banco do Brasil, o cr\u00e9dito tem como objetivo atender \u00e0 demanda por financiamentos mais curtos com taxas mais baixas.\u00a0Clique aqui","og_url":"https:\/\/www.suno.com.br\/noticias\/banco-do-brasil-taxa-financiamento-imobiliario\/","og_site_name":"Suno Not\u00edcias","article_publisher":"https:\/\/facebook.com\/sunoresearch","og_image":[{"width":620,"height":413,"url":"https:\/\/files.sunoresearch.com.br\/n\/uploads\/2019\/08\/16da4bb8-banco-do-brasil.jpeg","type":"image\/jpeg"}],"author":"Poliana Santos","twitter_card":"summary_large_image","twitter_creator":"@sunoresearch","twitter_site":"@sunoresearch","twitter_misc":{"Escrito por":"Poliana Santos","Est. tempo de leitura":"2 minutos"},"schema":{"@context":"https:\/\/schema.org","@graph":[{"@type":"NewsArticle","@id":"https:\/\/www.suno.com.br\/noticias\/banco-do-brasil-taxa-financiamento-imobiliario\/#article","isPartOf":{"@id":"https:\/\/www.suno.com.br\/noticias\/banco-do-brasil-taxa-financiamento-imobiliario\/"},"author":{"name":"Poliana Santos","@id":"https:\/\/www.suno.com.br\/noticias\/#\/schema\/person\/02ec1f752758247878a2bf4abee1aeda"},"headline":"Banco do Brasil anuncia taxas diferenciadas de cr\u00e9dito imobili\u00e1rio","datePublished":"2019-08-21T11:14:41+00:00","dateModified":"2021-06-14T02:36:59+00:00","mainEntityOfPage":{"@id":"https:\/\/www.suno.com.br\/noticias\/banco-do-brasil-taxa-financiamento-imobiliario\/"},"wordCount":365,"publisher":{"@id":"https:\/\/www.suno.com.br\/noticias\/#organization"},"image":{"@id":"https:\/\/www.suno.com.br\/noticias\/banco-do-brasil-taxa-financiamento-imobiliario\/#primaryimage"},"thumbnailUrl":"https:\/\/files.sunoresearch.com.br\/n\/uploads\/2019\/08\/16da4bb8-banco-do-brasil-jpeg.webp","keywords":["Banco do Brasil (BBAS3)","Caixa Econ\u00f4mica Federal (CEF)","cr\u00e9dito imobili\u00e1rio"],"articleSection":["FIIs"],"inLanguage":"pt-BR"},{"@type":"WebPage","@id":"https:\/\/www.suno.com.br\/noticias\/banco-do-brasil-taxa-financiamento-imobiliario\/","url":"https:\/\/www.suno.com.br\/noticias\/banco-do-brasil-taxa-financiamento-imobiliario\/","name":"Banco do Brasil anuncia taxas diferenciadas de cr\u00e9dito imobili\u00e1rio","isPartOf":{"@id":"https:\/\/www.suno.com.br\/noticias\/#website"},"primaryImageOfPage":{"@id":"https:\/\/www.suno.com.br\/noticias\/banco-do-brasil-taxa-financiamento-imobiliario\/#primaryimage"},"image":{"@id":"https:\/\/www.suno.com.br\/noticias\/banco-do-brasil-taxa-financiamento-imobiliario\/#primaryimage"},"thumbnailUrl":"https:\/\/files.sunoresearch.com.br\/n\/uploads\/2019\/08\/16da4bb8-banco-do-brasil-jpeg.webp","datePublished":"2019-08-21T11:14:41+00:00","dateModified":"2021-06-14T02:36:59+00:00","description":"Conforme o Banco do Brasil, o cr\u00e9dito tem como objetivo atender \u00e0 demanda por financiamentos mais curtos com taxas mais baixas.\u00a0Clique aqui","breadcrumb":{"@id":"https:\/\/www.suno.com.br\/noticias\/banco-do-brasil-taxa-financiamento-imobiliario\/#breadcrumb"},"inLanguage":"pt-BR","potentialAction":[{"@type":"ReadAction","target":["https:\/\/www.suno.com.br\/noticias\/banco-do-brasil-taxa-financiamento-imobiliario\/"]}]},{"@type":"ImageObject","inLanguage":"pt-BR","@id":"https:\/\/www.suno.com.br\/noticias\/banco-do-brasil-taxa-financiamento-imobiliario\/#primaryimage","url":"https:\/\/files.sunoresearch.com.br\/n\/uploads\/2019\/08\/16da4bb8-banco-do-brasil-jpeg.webp","contentUrl":"https:\/\/files.sunoresearch.com.br\/n\/uploads\/2019\/08\/16da4bb8-banco-do-brasil-jpeg.webp","width":620,"height":413,"caption":"O Banco do Brasil avalia incorpora\u00e7\u00e3o da Besc"},{"@type":"BreadcrumbList","@id":"https:\/\/www.suno.com.br\/noticias\/banco-do-brasil-taxa-financiamento-imobiliario\/#breadcrumb","itemListElement":[{"@type":"ListItem","position":1,"name":"Not\u00edcias","item":"https:\/\/www.suno.com.br\/noticias\/"},{"@type":"ListItem","position":2,"name":"FIIs","item":"https:\/\/www.suno.com.br\/noticias\/fiis\/"},{"@type":"ListItem","position":3,"name":"Banco do Brasil anuncia taxas diferenciadas de cr\u00e9dito imobili\u00e1rio"}]},{"@type":"WebSite","@id":"https:\/\/www.suno.com.br\/noticias\/#website","url":"https:\/\/www.suno.com.br\/noticias\/","name":"Suno Not\u00edcias","description":"Seu portal de informa\u00e7\u00e3o sobre o mundo dos investimentos","publisher":{"@id":"https:\/\/www.suno.com.br\/noticias\/#organization"},"potentialAction":[{"@type":"SearchAction","target":{"@type":"EntryPoint","urlTemplate":"https:\/\/www.suno.com.br\/noticias\/?s={search_term_string}"},"query-input":{"@type":"PropertyValueSpecification","valueRequired":true,"valueName":"search_term_string"}}],"inLanguage":"pt-BR"},{"@type":"Organization","@id":"https:\/\/www.suno.com.br\/noticias\/#organization","name":"Suno Not\u00edcias","url":"https:\/\/www.suno.com.br\/noticias\/","logo":{"@type":"ImageObject","inLanguage":"pt-BR","@id":"https:\/\/www.suno.com.br\/noticias\/#\/schema\/logo\/image\/","url":"https:\/\/files.sunoresearch.com.br\/n\/uploads\/2021\/09\/suno-logo.png","contentUrl":"https:\/\/files.sunoresearch.com.br\/n\/uploads\/2021\/09\/suno-logo.png","width":180,"height":180,"caption":"Suno Not\u00edcias"},"image":{"@id":"https:\/\/www.suno.com.br\/noticias\/#\/schema\/logo\/image\/"},"sameAs":["https:\/\/facebook.com\/sunoresearch","https:\/\/x.com\/sunoresearch","https:\/\/www.instagram.com\/suno","https:\/\/www.linkedin.com\/company\/suno-research\/","https:\/\/www.youtube.com\/c\/sunoresearch"]},{"@type":"Person","@id":"https:\/\/www.suno.com.br\/noticias\/#\/schema\/person\/02ec1f752758247878a2bf4abee1aeda","name":"Poliana Santos","image":{"@type":"ImageObject","inLanguage":"pt-BR","@id":"https:\/\/www.suno.com.br\/noticias\/#\/schema\/person\/image\/","url":"https:\/\/secure.gravatar.com\/avatar\/0645bd32f23d87b2130f2b2dff1d3f8d?s=96&r=g","contentUrl":"https:\/\/secure.gravatar.com\/avatar\/0645bd32f23d87b2130f2b2dff1d3f8d?s=96&r=g","caption":"Poliana Santos"},"description":"Rep\u00f3rter no Suno Not\u00edcias, com cobertura em mercado financeiro, economia, finan\u00e7as pessoais, renda fixa e varejo. Jornalista formada pela Faculdade C\u00e1sper L\u00edbero e possui passagem na R\u00e1dio Gazeta AM com a produ\u00e7\u00e3o de conte\u00fado sobre economia, pol\u00edtica, sa\u00fade, moda e m\u00fasica. Possui certificado de conclus\u00e3o do curso de An\u00e1lise de Balan\u00e7os pela Funda\u00e7\u00e3o Bradesco, Agenda Brasil pela FAAP, Educa\u00e7\u00e3o Pol\u00edtica por Alexandre Garcia e do Tesouro Direto e Mercado de A\u00e7\u00f5es pela B3.","url":"https:\/\/www.suno.com.br\/noticias\/author\/poliana-santos\/"}]}},"default_loop_html":"<div class=\"cardsPage__listCard__boxs\"><div class=\"cardsPage__listCard__boxs__img\"><a href=\"https:\/\/www.suno.com.br\/noticias\/banco-do-brasil-taxa-financiamento-imobiliario\/\"><img class=\"mask\" src=\"https:\/\/www.suno.com.br\/noticias\/wp-content\/themes\/suno\/resources\/images\/spotlight\/spotlight1img\/bg-mask.png\" alt=\"Image Mask\"\/><img src=\"https:\/\/files.sunoresearch.com.br\/n\/uploads\/2019\/08\/16da4bb8-banco-do-brasil-400x200.webp\" alt=\"Banco do Brasil anuncia taxas diferenciadas de cr\u00e9dito imobili\u00e1rio\"\/><\/a><span class=\"spotlightCategory\"><a href=\"https:\/\/www.suno.com.br\/noticias\/fiis\/\">FIIs<\/a><\/span><\/div><div class=\"cardsPage__listCard__boxs__content\"><a href=\"https:\/\/www.suno.com.br\/noticias\/banco-do-brasil-taxa-financiamento-imobiliario\/\"><h2 class=\"content__title\">Banco do Brasil anuncia taxas diferenciadas de cr\u00e9dito imobili\u00e1rio<\/h2><\/a><div class=\"newsContent__article__meta\"><div class=\"newsContent__article__meta__authorBox\"><a href=\"https:\/\/www.suno.com.br\/noticias\/author\/poliana-santos\/\" class=\"authorBox__avatar noMobi\"><img src=\"https:\/\/files.sunoresearch.com.br\/n\/uploads\/2020\/08\/7ef34026-whatsapp-image-2020-08-03-at-12.37.57-150x150.webp\" alt=\"Poliana Santos\"><\/a><div class=\"authorBox__name\"><span>por\n\t\t\t<a href=\"https:\/\/www.suno.com.br\/noticias\/author\/poliana-santos\/\"><span itemprop=\"author\">Poliana Santos<\/span><\/a><\/span><time datetime=\"2019-08-21T08:14:41-03:00\" itemprop=\"datePublished\">21\/08\/2019 08:14<\/time><\/div><\/div><\/div><\/div><\/div>","single_layout":"posts","amp_enabled":true,"_links":{"self":[{"href":"https:\/\/www.suno.com.br\/noticias\/wp-json\/wp\/v2\/posts\/34752"}],"collection":[{"href":"https:\/\/www.suno.com.br\/noticias\/wp-json\/wp\/v2\/posts"}],"about":[{"href":"https:\/\/www.suno.com.br\/noticias\/wp-json\/wp\/v2\/types\/post"}],"author":[{"embeddable":true,"href":"https:\/\/www.suno.com.br\/noticias\/wp-json\/wp\/v2\/users\/15"}],"replies":[{"embeddable":true,"href":"https:\/\/www.suno.com.br\/noticias\/wp-json\/wp\/v2\/comments?post=34752"}],"version-history":[{"count":1,"href":"https:\/\/www.suno.com.br\/noticias\/wp-json\/wp\/v2\/posts\/34752\/revisions"}],"predecessor-version":[{"id":157049,"href":"https:\/\/www.suno.com.br\/noticias\/wp-json\/wp\/v2\/posts\/34752\/revisions\/157049"}],"wp:featuredmedia":[{"embeddable":true,"href":"https:\/\/www.suno.com.br\/noticias\/wp-json\/wp\/v2\/media\/34247"}],"wp:attachment":[{"href":"https:\/\/www.suno.com.br\/noticias\/wp-json\/wp\/v2\/media?parent=34752"}],"wp:term":[{"taxonomy":"category","embeddable":true,"href":"https:\/\/www.suno.com.br\/noticias\/wp-json\/wp\/v2\/categories?post=34752"},{"taxonomy":"post_tag","embeddable":true,"href":"https:\/\/www.suno.com.br\/noticias\/wp-json\/wp\/v2\/tags?post=34752"},{"taxonomy":"suno_strategy","embeddable":true,"href":"https:\/\/www.suno.com.br\/noticias\/wp-json\/wp\/v2\/suno_strategy?post=34752"}],"curies":[{"name":"wp","href":"https:\/\/api.w.org\/{rel}","templated":true}]}}