{"id":347394,"date":"2023-01-15T16:56:21","date_gmt":"2023-01-15T19:56:21","guid":{"rendered":"https:\/\/www.suno.com.br\/noticias\/?p=347394"},"modified":"2023-01-15T16:56:28","modified_gmt":"2023-01-15T19:56:28","slug":"renner-lren3-cea-ceab3-compra-negociacoes","status":"publish","type":"post","link":"https:\/\/www.suno.com.br\/noticias\/renner-lren3-cea-ceab3-compra-negociacoes\/","title":{"rendered":"Lojas Renner (LREN3) negocia compra da C&#038;A (CEAB3) no Brasil, diz jornal"},"content":{"rendered":"<p>A <strong>Lojas Renner (LREN3) <\/strong>est\u00e1 em negocia\u00e7\u00f5es preliminares para comprar a C&amp;A (CEAB3) no Brasil, segundo informa\u00e7\u00f5es publicadas na coluna do jornalista Lauro Jardim, de O Globo.<\/p>\t<div class=\"wrapper-featured-image\">\n\t\t<figure class=\"spotlightImg\">\n\n\t\t\t<picture>\n\t\t\t\t<source media=\"(max-width: 768px)\" srcset=\"https:\/\/files.sunoresearch.com.br\/n\/uploads\/2021\/03\/53c53f3e-lojas-renner-3-400x200.webp\">\n\t\t\t\t<img loading=\"lazy\" decoding=\"async\" class=\"newsContent__article__imgCapa lazyloadDisabled \" src=\"https:\/\/files.sunoresearch.com.br\/n\/uploads\/2021\/03\/53c53f3e-lojas-renner-3-800x450.webp\" width=\"800\" height=\"450\" alt=\"Lojas Renner (LREN3) negocia compra da C&#038;A (CEAB3) no Brasil, diz jornal\" fetchpriority=high \/>\n\t\t\t<\/picture>\n\n\t\t\t<figcaption class=\"wp-caption-text wp-caption-text--show\">Lojas Renner - Foto: Divulga\u00e7\u00e3o <\/figcaption>\n\t\t<\/figure>\n\t<\/div>\n\n\n\n\n\n\t<p>\n\t\t<a href=\"\" target=\"_blank\" data-element=\"shortcode-suno-banner\" title=\"Banner SUNO, clique e saiba mais\">\n\t\t\t<picture>\n\t\t\t\t<source media=\"(max-width: 500px)\" srcset=\"\">\n\t\t\t\t<img class=\"newsContent__article__imgCapa newsContent__article__imgCapa--banner\"\n\t\t\t\t\tsrc=\"\"\n\t\t\t\t\tdata-promo-id=\"341301\"\t\t\t\t\t\t\t\t\t\t\t\t\t\t\talt=\"\"\n\t\t\t\t>\n\t\t\t<\/picture>\n\t\t<\/a>\n\t<\/p>\n\n\n\n\n\n<p>As duas empresas ainda n\u00e3o se manifestaram oficialmente sobre o <strong>neg\u00f3cio entre Renner e C&amp;A<\/strong> na Comiss\u00e3o de Valores Mobili\u00e1rios. <\/p>\n\n\n\n<p>A Renner vale R$ 20 bi na Bolsa, enquanto a C&amp;A tem valor de mercado em torno de R$ 750 mi, conforme indicam os dados do Status Invest:<\/p>\n\n\n\n<figure class=\"wp-block-image size-large\"><img loading=\"lazy\" decoding=\"async\" width=\"1024\" height=\"561\" src=\"https:\/\/files.sunoresearch.com.br\/n\/uploads\/2023\/01\/Renner-1024x561.jpg\" alt=\"\" class=\"wp-image-347448\" srcset=\"https:\/\/files.sunoresearch.com.br\/n\/uploads\/2023\/01\/Renner-1024x561.jpg 1024w, https:\/\/files.sunoresearch.com.br\/n\/uploads\/2023\/01\/Renner-300x164.jpg 300w, https:\/\/files.sunoresearch.com.br\/n\/uploads\/2023\/01\/Renner-768x421.jpg 768w, https:\/\/files.sunoresearch.com.br\/n\/uploads\/2023\/01\/Renner-150x82.jpg 150w, https:\/\/files.sunoresearch.com.br\/n\/uploads\/2023\/01\/Renner.jpg 1218w\" sizes=\"(max-width: 1024px) 100vw, 1024px\" \/><figcaption class=\"wp-element-caption\">Renner: quase R$ 20 bi em valor de mercado<\/figcaption><\/figure>\n\n\n\n<figure class=\"wp-block-image size-large\"><img loading=\"lazy\" decoding=\"async\" width=\"1024\" height=\"463\" src=\"https:\/\/files.sunoresearch.com.br\/n\/uploads\/2023\/01\/CA-1024x463.jpg\" alt=\"\" class=\"wp-image-347449\" srcset=\"https:\/\/files.sunoresearch.com.br\/n\/uploads\/2023\/01\/CA-1024x463.jpg 1024w, https:\/\/files.sunoresearch.com.br\/n\/uploads\/2023\/01\/CA-300x136.jpg 300w, https:\/\/files.sunoresearch.com.br\/n\/uploads\/2023\/01\/CA-768x347.jpg 768w, https:\/\/files.sunoresearch.com.br\/n\/uploads\/2023\/01\/CA-150x68.jpg 150w, https:\/\/files.sunoresearch.com.br\/n\/uploads\/2023\/01\/CA.jpg 1224w\" sizes=\"(max-width: 1024px) 100vw, 1024px\" \/><figcaption class=\"wp-element-caption\">C&amp;A: R$ 750 mi em valor de mercado<\/figcaption><\/figure>\n\n\n\n<p>A Renner conta com 663 lojas em seu portf\u00f3lio, enquanto a C&amp;A disp\u00f5e de 331.<\/p>\n\n\n\n<p>Em 2020, surgiram rumores de <strong>venda da C&amp;A <\/strong>no mercado. A fam\u00edlia Brenninkmeijer, que det\u00e9m as <strong>opera\u00e7\u00f5es da\u00a0<a href=\"https:\/\/www.suno.com.br\/acoes\/ceab3\/\">C&amp;A<\/a><\/strong><a href=\"https:\/\/www.suno.com.br\/acoes\/ceab3\/\"><strong> (CEAB3)<\/strong><\/a>, estaria estudando a venda de sua participa\u00e7\u00e3o nas opera\u00e7\u00f5es da varejista no Brasil. A ideia do grupo de investidores seria focar os neg\u00f3cios na Europa, informava em outubro daquele ano o Valor Econ\u00f4mico.\u00a0<\/p>\n\n\n\n<p>A fam\u00edlia detentora do<strong> controle da C&amp;A<\/strong> tinha se desfeito naquela \u00e9poca das opera\u00e7\u00f5es da <strong>varejista de moda<\/strong> na China e no M\u00e9xico. Os Brenninkmeijer possuem 65% da empresa no Brasil, e afirmaram a fundos estrangeiros de private equity que poderiam analisar propostas pelo ativo no Pa\u00eds. A C&amp;A foi listada na bolsa brasileira no final de 2019.<\/p>\n\n\n\n<p>A publica\u00e7\u00e3o do jornal afirmava, ainda, que a companhia estaria atr\u00e1s, j\u00e1 naquela \u00e9poca, de solu\u00e7\u00f5es para o neg\u00f3cio no Brasil &#8211; o que vinha ocorrendo desde 2014. O objetivo da empresa seria focar em pa\u00edses mais rent\u00e1veis, na Europa, como a Alemanha. Dos 18 pa\u00edses de atua\u00e7\u00e3o da C&amp;A, mais da metade est\u00e3o localizados no continente europeu.<\/p>\n\n\n\n<p>Segundo fontes consultadas pelo jornal, a poss\u00edvel <strong>venda das opera\u00e7\u00f5es da C&amp;A<\/strong> no Brasil n\u00e3o seria  surpresa. A empresa, apesar de n\u00e3o ter formalizado a<strong> venda de ativos<\/strong> no Pa\u00eds, estaria consultando fundos e grupos estrat\u00e9gicos nos bastidores.<\/p>\n\n\n\n<h2 class=\"wp-block-heading\" id=\"h-renner-lucro-no-3t22-aumentou-50\">Renner: lucro no 3T22 aumentou 50%<\/h2>\n\n\n\n<p>No terceiro trimestre, a\u00a0<a href=\"https:\/\/www.suno.com.br\/acoes\/lren3\/\"><strong>Lojas Renner<\/strong>\u00a0<strong>(LREN3)<\/strong>\u00a0<\/a>teve um\u00a0<a href=\"https:\/\/www.suno.com.br\/artigos\/lucro-liquido\/\" target=\"_blank\" rel=\"noreferrer noopener\">lucro l\u00edquido<\/a>\u00a0de R$ 257,9 milh\u00f5es. Em compara\u00e7\u00e3o ao mesmo per\u00edodo do ano passado, a varejista de moda registrou um resultado 50,0% melhor.<\/p>\n\n\n\n<p>No acumulado dos nove primeiros meses deste ano, a Lojas Renner reportou lucro l\u00edquido de R$ 809,9 milh\u00f5es. Isso representa um crescimento de 272,7% em rela\u00e7\u00e3o ao mesmo per\u00edodo do ano anterior.<\/p>\n\n\n\n<p>O&nbsp;<strong><a href=\"https:\/\/www.suno.com.br\/artigos\/ebitda-ajustado\/\" target=\"_blank\" rel=\"noreferrer noopener\">Ebitda ajustado<\/a>&nbsp;da Lojas Renner (<\/strong>lucro antes de juros, impostos,&nbsp;<a href=\"https:\/\/www.suno.com.br\/artigos\/depreciacao-amortizacao\/\" target=\"_blank\" rel=\"noreferrer noopener\">deprecia\u00e7\u00e3o e amortiza\u00e7\u00e3o<\/a>) foi de R$ 459,5 milh\u00f5es entre julho e agosto deste ano. A cifra ficou 5% maior na base anual.<\/p>\n\n\n\n<p>No relat\u00f3rio de&nbsp;<strong>resultados da Lojas Renner<\/strong>, a empresa explica que a alta anual no Ebitda total ajustado aconteceu com a melhora no segmento de varejo.<\/p>\n\n\n\t<div data-element=\"shortcode-read-more\" class=\"knowMore\">\n\t\t\t\t<span class=\"knowMore__title\">Leia mais<\/span>\n\t\t\t\t<a class=\"knowMore__link\" href=\"https:\/\/www.suno.com.br\/noticias\/lojas-renner-lren3-lucro-liquido-3t22-alta\/\">\n\t\t\tLojas Renner (LREN3) tem lucro l\u00edquido de R$ 258 milh\u00f5es no 3T22, alta de 50%\t\t<\/a>\n\t<\/div>\n\n\n\n\n<p>O BB Investimentos entende que o cen\u00e1rio vivenciado pelo setor de<strong>&nbsp;varejo<\/strong>&nbsp;de&nbsp;<strong>vestu\u00e1rio<\/strong>&nbsp;no 3T22 foi mais adverso do que projetavam, o que implicou em maiores desafios \u00e0 Lojas Renner e em um resultado menos \u201cempolgante\u201d.<\/p>\n\n\n\n<p>Entretanto, observaram um incremento de&nbsp;<strong>vendas da Lojas Renner<\/strong>, diante da normaliza\u00e7\u00e3o das atividades nos \u00faltimos 12 meses ap\u00f3s as circunst\u00e2ncias enfrentadas na pandemia de Covid-19 em 2021.<\/p>\n\n\n\n<p>Assim, a companhia deve seguir no radar dos investidores, salienta o banco de investimentos. Seu bom hist\u00f3rico de execu\u00e7\u00e3o se destaca entre seus pares no setor combinado com a sua exposi\u00e7\u00e3o a um setor varejista mais sens\u00edvel \u00e0 renda do que ao cr\u00e9dito, menos afetado pela oscila\u00e7\u00e3o das taxas de juros.<\/p>\n\n\n\t<div data-element=\"shortcode-read-more\" class=\"knowMore\">\n\t\t\t\t<span class=\"knowMore__title\">Leia mais<\/span>\n\t\t\t\t<a class=\"knowMore__link\" href=\"https:\/\/www.suno.com.br\/noticias\/lojas-renner-lren3-3t22-repercussao\/\">\n\t\t\tLojas Renner (LREN3): resultado \u00e9 &quot;menos empolgante&quot;, mas analistas recomendam compra; veja por qu\u00ea\t\t<\/a>\n\t<\/div>\n\n\n\n\n<h2 class=\"wp-block-heading\" id=\"h-c-a-reverteu-lucro-e-registrou-prejuizo-de-r-61-4-milhoes-no-3t22\">C&amp;A reverteu lucro e registrou preju\u00edzo de R$ 61,4 milh\u00f5es no 3T22<\/h2>\n\n\n\n<p>A<strong>\u00a0<a href=\"https:\/\/www.suno.com.br\/acoes\/CEAB3\/\" target=\"_blank\" rel=\"noreferrer noopener\">C&amp;A (CEAB3)<\/a><\/strong>\u00a0reportou preju\u00edzo l\u00edquido de R$ 61,4 milh\u00f5es no 3T22, revertendo o lucro de R$ 243,9 milh\u00f5es apurado no terceiro trimestre de 2021.<a href=\"https:\/\/lp.suno.com.br\/5-amostras-suno-research\/\" target=\"_blank\" rel=\"noreferrer noopener\"><\/a><\/p>\n\n\n\n<p>A companhia lembra, por\u00e9m, que um ano atr\u00e1s houve o reconhecimento de um cr\u00e9dito fiscal relevante (no valor de R$ 298 milh\u00f5es) que resultou no lucro reportado. Se fosse exclu\u00eddo o efeito n\u00e3o recorrente, o&nbsp;<strong>resultado do terceiro trimestre da C&amp;A<\/strong>&nbsp;do ano passado teria sido um preju\u00edzo de R$ 54,2 milh\u00f5es.<\/p>\n\n\n\n<p>O Ebitda Ajustado foi de R$ 139 milh\u00f5es, 61% maior do que um ano atr\u00e1s. Enquanto a receita l\u00edquida foi de R$ 1,4 bilh\u00e3o, com alta de 5,1%.<\/p>\n\n\n\n<p>A&nbsp;<a href=\"https:\/\/www.suno.com.br\/artigos\/margem-ebitda\/\" target=\"_blank\" rel=\"noreferrer noopener\">margem Ebitda<\/a>&nbsp;(Lucros antes de juros, impostos, deprecia\u00e7\u00e3o e amortiza\u00e7\u00e3o) ajustada foi de 9,9% entre julho e setembro, representando alta de 3,4 p.p. em compara\u00e7\u00e3o com o mesmo per\u00edodo de 2021. O&nbsp;<a href=\"https:\/\/www.suno.com.br\/artigos\/ebitda-ajustado\/\" target=\"_blank\" rel=\"noreferrer noopener\">EBITDA ajustado<\/a>&nbsp;(lucro antes&nbsp;juros, impostos,&nbsp;<a href=\"https:\/\/www.suno.com.br\/artigos\/depreciacao-amortizacao\/\" target=\"_blank\" rel=\"noreferrer noopener\">deprecia\u00e7\u00e3o e amortiza\u00e7\u00e3o<\/a>) reportado foi&nbsp;R$ 139,7 milh\u00f5es no neste trimestre, alta de 60,9% em rela\u00e7\u00e3o ao 3T21.&nbsp;A alavancagem financeira ficou em&nbsp;3,2 vezes em setembro\/22.<\/p>\n\n\n\n<p>O&nbsp;<strong>lucro bruto da C&amp;A<\/strong>&nbsp;foi 15,8% maior na compara\u00e7\u00e3o entre trimestres, somando&nbsp;R$ 693,8 milh\u00f5es. A&nbsp;<a href=\"https:\/\/www.suno.com.br\/artigos\/margem-bruta-entenda-sua-importancia\/\" target=\"_blank\" rel=\"noreferrer noopener\">margem bruta<\/a>&nbsp;foi de 49,3% no 3T22 registrando alta de 4,6 p.p. frente a margem do mesmo per\u00edodo de 2021.<\/p>\n\n\n\n<p>\u201cOs resultados da C&amp;A no terceiro trimestre continuam a mostrar o progresso da companhia em suas opera\u00e7\u00f5es e sua competitividade em um ambiente macroecon\u00f4mico incerto, com infla\u00e7\u00e3o pressionando despesas e poder de compra do consumidor\u201d, avalia a gest\u00e3o da companhia.<\/p>\n\n\n\t<div data-element=\"shortcode-read-more\" class=\"knowMore\">\n\t\t\t\t<span class=\"knowMore__title\">Leia mais<\/span>\n\t\t\t\t<a class=\"knowMore__link\" href=\"https:\/\/www.suno.com.br\/noticias\/ca-ceab3-resultados-3t22\/\">\n\t\t\tC&amp;A (CEAB3) reverte lucro e registra preju\u00edzo de R$ 61,4 milh\u00f5es no 3T22\t\t<\/a>\n\t<\/div>\n\n\n\n\n<h2 class=\"wp-block-heading\" id=\"h-goldman-sachs-ponto-de-entrada-atrativo\">Goldman Sachs: ponto de entrada atrativo <\/h2>\n\n\n\n<p>Na ter\u00e7a (10), o Goldman Sachs refor\u00e7ou a recomenda\u00e7\u00e3o positiva do papel e apontou um potencial de valoriza\u00e7\u00e3o de 64,8% nos pr\u00f3ximos doze meses, em rela\u00e7\u00e3o ao pre\u00e7o do dia anterior ao fechamento do relat\u00f3rio.<\/p>\n\n\n\n<p>De acordo com o mapeamento do Status Invest, nos \u00faltimos doze meses, as a\u00e7\u00f5es da&nbsp;<strong>varejista<\/strong>&nbsp;de roupa e acess\u00f3rios ca\u00edram 14,35%.<\/p>\n\n\n\n<p>Por\u00e9m, os analistas do&nbsp;<strong>Goldman Sachs<\/strong>&nbsp;enxergam esse momento como um ponto de entrada atrativo para os investidores. \u201cReconhecemos que as revis\u00f5es consecutivas para baixo dos lucros prejudicaram a confian\u00e7a do investidor, mas esperamos que as revis\u00f5es dos lucros se estabilizem a partir daqui\u201d, destacaram os analistas Irma Sgarz, Felipe Rached e Gustavo Fratini.<\/p>\n\n\n\n<p>Segundo os especialistas, as \u00faltimas quedas nas&nbsp;<strong>a\u00e7\u00f5es das Lojas Renner<\/strong>&nbsp;foram causadas por um ajuste das expectativas dos investidores para as vendas de&nbsp;<a target=\"_blank\" href=\"https:\/\/www.suno.com.br\/artigos\/curto-prazo\/\" rel=\"noreferrer noopener\">curto prazo<\/a>&nbsp;e os n\u00fameros dos servi\u00e7os financeiros da companhia, tendo em vista o cen\u00e1rio macroecon\u00f4mico de desacelera\u00e7\u00e3o.<\/p>\n\n\n\n<p>\u201cContinuamos a ver espa\u00e7o para mais ganhos de participa\u00e7\u00e3o devido ao avan\u00e7o das Lojas Renner em cidades menores e crescimento online \u00e0 frente de seus pares, especialmente em um momento em que concorrentes menores apresentam um balan\u00e7o mais fr\u00e1gil\u201d, destacaram os especialistas ao reafirmarem a recomenda\u00e7\u00e3o de compra.<\/p>\n\n\n\n<p>Os pap\u00e9is das\u00a0<strong>Lojas Renner<\/strong>\u00a0fecharam em baixa de 5%, ao pre\u00e7o de R$ 20,14, na sexta (13), segundo o mapeamento do Status Invest. Para os pr\u00f3ximos doze meses, o Goldman Sachs, por\u00e9m, trabalha com o pre\u00e7o-alvo desses ativos em R$ 33. J\u00e1 as a\u00e7\u00f5es da C&amp;A terminaram a sess\u00e3o de sexta em queda de R$ 4,71, cotadas a R$ 2,43.<\/p>\n\n\n\n<figure class=\"wp-block-image size-large\"><img loading=\"lazy\" decoding=\"async\" width=\"1024\" height=\"500\" src=\"https:\/\/files.sunoresearch.com.br\/n\/uploads\/2023\/01\/acoes-Renner-1024x500.jpg\" alt=\"\" class=\"wp-image-347450\" srcset=\"https:\/\/files.sunoresearch.com.br\/n\/uploads\/2023\/01\/acoes-Renner-1024x500.jpg 1024w, https:\/\/files.sunoresearch.com.br\/n\/uploads\/2023\/01\/acoes-Renner-300x147.jpg 300w, https:\/\/files.sunoresearch.com.br\/n\/uploads\/2023\/01\/acoes-Renner-768x375.jpg 768w, https:\/\/files.sunoresearch.com.br\/n\/uploads\/2023\/01\/acoes-Renner-150x73.jpg 150w, https:\/\/files.sunoresearch.com.br\/n\/uploads\/2023\/01\/acoes-Renner.jpg 1154w\" sizes=\"(max-width: 1024px) 100vw, 1024px\" \/><\/figure>\n\n\n\n<figure class=\"wp-block-image size-large\"><img loading=\"lazy\" decoding=\"async\" width=\"1024\" height=\"524\" src=\"https:\/\/files.sunoresearch.com.br\/n\/uploads\/2023\/01\/acoes-CA-1024x524.jpg\" alt=\"\" class=\"wp-image-347451\" srcset=\"https:\/\/files.sunoresearch.com.br\/n\/uploads\/2023\/01\/acoes-CA-1024x524.jpg 1024w, https:\/\/files.sunoresearch.com.br\/n\/uploads\/2023\/01\/acoes-CA-300x153.jpg 300w, https:\/\/files.sunoresearch.com.br\/n\/uploads\/2023\/01\/acoes-CA-768x393.jpg 768w, https:\/\/files.sunoresearch.com.br\/n\/uploads\/2023\/01\/acoes-CA-150x77.jpg 150w, https:\/\/files.sunoresearch.com.br\/n\/uploads\/2023\/01\/acoes-CA.jpg 1156w\" sizes=\"(max-width: 1024px) 100vw, 1024px\" \/><\/figure>\n","protected":false},"excerpt":{"rendered":"<p>A Lojas Renner (LREN3) est\u00e1 em negocia\u00e7\u00f5es preliminares para comprar a C&amp;A (CEAB3) no Brasil, segundo informa\u00e7\u00f5es publicadas na coluna do jornalista Lauro Jardim, de O Globo. Lojas Renner &#8211; Foto: Divulga\u00e7\u00e3o As duas empresas ainda n\u00e3o se manifestaram oficialmente sobre o neg\u00f3cio entre Renner e C&amp;A na Comiss\u00e3o de Valores Mobili\u00e1rios. A Renner vale [&hellip;]<\/p>\n","protected":false},"author":98,"featured_media":130383,"comment_status":"closed","ping_status":"closed","sticky":false,"template":"","format":"standard","meta":[],"categories":[64],"tags":[286,1898,542],"suno_strategy":[],"class_list":["post-347394","post","type-post","status-publish","format-standard","has-post-thumbnail","hentry","category-negocios","tag-acoes","tag-ca-ceab3","tag-lojas-renner-lren3"],"yoast_head":"<!-- This site is optimized with the Yoast SEO plugin v24.4 - https:\/\/yoast.com\/wordpress\/plugins\/seo\/ -->\n<title>Lojas Renner (LREN3) negocia compra da C&amp;A (CEAB3, diz jornal<\/title>\n<meta name=\"description\" content=\"A Lojas Renner est\u00e1 em negocia\u00e7\u00f5es preliminares para comprar a C&amp;A (CEAB3) no Brasil, diz o jornalista Lauro Jardim, de O Globo.\" \/>\n<meta name=\"robots\" content=\"index, follow, max-snippet:-1, max-image-preview:large, max-video-preview:-1\" \/>\n<link rel=\"canonical\" href=\"https:\/\/www.suno.com.br\/noticias\/renner-lren3-cea-ceab3-compra-negociacoes\/\" \/>\n<meta property=\"og:locale\" content=\"pt_BR\" \/>\n<meta property=\"og:type\" content=\"article\" \/>\n<meta property=\"og:title\" content=\"Lojas Renner (LREN3) negocia compra da C&amp;A (CEAB3, diz jornal\" \/>\n<meta property=\"og:description\" content=\"A Lojas Renner est\u00e1 em negocia\u00e7\u00f5es preliminares para comprar a C&amp;A (CEAB3) no Brasil, diz o jornalista Lauro Jardim, de O Globo.\" \/>\n<meta property=\"og:url\" content=\"https:\/\/www.suno.com.br\/noticias\/renner-lren3-cea-ceab3-compra-negociacoes\/\" \/>\n<meta property=\"og:site_name\" content=\"Suno Not\u00edcias\" \/>\n<meta property=\"article:publisher\" content=\"https:\/\/facebook.com\/sunoresearch\" \/>\n<meta property=\"og:image\" content=\"https:\/\/files.sunoresearch.com.br\/n\/uploads\/2021\/03\/53c53f3e-lojas-renner-3.jpg\" \/>\n\t<meta property=\"og:image:width\" content=\"1200\" \/>\n\t<meta property=\"og:image:height\" content=\"800\" \/>\n\t<meta property=\"og:image:type\" content=\"image\/jpeg\" \/>\n<meta name=\"author\" content=\"Marco Ant\u00f4nio Lopes\" \/>\n<meta name=\"twitter:card\" content=\"summary_large_image\" \/>\n<meta name=\"twitter:creator\" content=\"@sunoresearch\" \/>\n<meta name=\"twitter:site\" content=\"@sunoresearch\" \/>\n<meta name=\"twitter:label1\" content=\"Escrito por\" \/>\n\t<meta name=\"twitter:data1\" content=\"Marco Ant\u00f4nio Lopes\" \/>\n\t<meta name=\"twitter:label2\" content=\"Est. tempo de leitura\" \/>\n\t<meta name=\"twitter:data2\" content=\"7 minutos\" \/>\n<script type=\"application\/ld+json\" class=\"yoast-schema-graph\">{\"@context\":\"https:\/\/schema.org\",\"@graph\":[{\"@type\":\"NewsArticle\",\"@id\":\"https:\/\/www.suno.com.br\/noticias\/renner-lren3-cea-ceab3-compra-negociacoes\/#article\",\"isPartOf\":{\"@id\":\"https:\/\/www.suno.com.br\/noticias\/renner-lren3-cea-ceab3-compra-negociacoes\/\"},\"author\":{\"name\":\"Marco Ant\u00f4nio Lopes\",\"@id\":\"https:\/\/www.suno.com.br\/noticias\/#\/schema\/person\/829bbe8d57f84333b966b96229c6bf5f\"},\"headline\":\"Lojas Renner (LREN3) negocia compra da C&#038;A (CEAB3) no Brasil, diz jornal\",\"datePublished\":\"2023-01-15T19:56:21+00:00\",\"dateModified\":\"2023-01-15T19:56:28+00:00\",\"mainEntityOfPage\":{\"@id\":\"https:\/\/www.suno.com.br\/noticias\/renner-lren3-cea-ceab3-compra-negociacoes\/\"},\"wordCount\":1243,\"publisher\":{\"@id\":\"https:\/\/www.suno.com.br\/noticias\/#organization\"},\"image\":{\"@id\":\"https:\/\/www.suno.com.br\/noticias\/renner-lren3-cea-ceab3-compra-negociacoes\/#primaryimage\"},\"thumbnailUrl\":\"https:\/\/files.sunoresearch.com.br\/n\/uploads\/2021\/03\/53c53f3e-lojas-renner-3-jpg.webp\",\"keywords\":[\"A\u00e7\u00f5es\",\"C&amp;A (CEAB3)\",\"Lojas Renner (LREN3)\"],\"articleSection\":[\"Neg\u00f3cios\"],\"inLanguage\":\"pt-BR\"},{\"@type\":\"WebPage\",\"@id\":\"https:\/\/www.suno.com.br\/noticias\/renner-lren3-cea-ceab3-compra-negociacoes\/\",\"url\":\"https:\/\/www.suno.com.br\/noticias\/renner-lren3-cea-ceab3-compra-negociacoes\/\",\"name\":\"Lojas Renner (LREN3) negocia compra da C&A (CEAB3, diz jornal\",\"isPartOf\":{\"@id\":\"https:\/\/www.suno.com.br\/noticias\/#website\"},\"primaryImageOfPage\":{\"@id\":\"https:\/\/www.suno.com.br\/noticias\/renner-lren3-cea-ceab3-compra-negociacoes\/#primaryimage\"},\"image\":{\"@id\":\"https:\/\/www.suno.com.br\/noticias\/renner-lren3-cea-ceab3-compra-negociacoes\/#primaryimage\"},\"thumbnailUrl\":\"https:\/\/files.sunoresearch.com.br\/n\/uploads\/2021\/03\/53c53f3e-lojas-renner-3-jpg.webp\",\"datePublished\":\"2023-01-15T19:56:21+00:00\",\"dateModified\":\"2023-01-15T19:56:28+00:00\",\"description\":\"A Lojas Renner est\u00e1 em negocia\u00e7\u00f5es preliminares para comprar a C&A (CEAB3) no Brasil, diz o jornalista Lauro Jardim, de O Globo.\",\"breadcrumb\":{\"@id\":\"https:\/\/www.suno.com.br\/noticias\/renner-lren3-cea-ceab3-compra-negociacoes\/#breadcrumb\"},\"inLanguage\":\"pt-BR\",\"potentialAction\":[{\"@type\":\"ReadAction\",\"target\":[\"https:\/\/www.suno.com.br\/noticias\/renner-lren3-cea-ceab3-compra-negociacoes\/\"]}]},{\"@type\":\"ImageObject\",\"inLanguage\":\"pt-BR\",\"@id\":\"https:\/\/www.suno.com.br\/noticias\/renner-lren3-cea-ceab3-compra-negociacoes\/#primaryimage\",\"url\":\"https:\/\/files.sunoresearch.com.br\/n\/uploads\/2021\/03\/53c53f3e-lojas-renner-3-jpg.webp\",\"contentUrl\":\"https:\/\/files.sunoresearch.com.br\/n\/uploads\/2021\/03\/53c53f3e-lojas-renner-3-jpg.webp\",\"width\":1200,\"height\":800,\"caption\":\"Lojas Renner - Foto: Divulga\u00e7\u00e3o\"},{\"@type\":\"BreadcrumbList\",\"@id\":\"https:\/\/www.suno.com.br\/noticias\/renner-lren3-cea-ceab3-compra-negociacoes\/#breadcrumb\",\"itemListElement\":[{\"@type\":\"ListItem\",\"position\":1,\"name\":\"Not\u00edcias\",\"item\":\"https:\/\/www.suno.com.br\/noticias\/\"},{\"@type\":\"ListItem\",\"position\":2,\"name\":\"Neg\u00f3cios\",\"item\":\"https:\/\/www.suno.com.br\/noticias\/negocios\/\"},{\"@type\":\"ListItem\",\"position\":3,\"name\":\"Lojas Renner (LREN3) negocia compra da C&#038;A (CEAB3) no Brasil, diz jornal\"}]},{\"@type\":\"WebSite\",\"@id\":\"https:\/\/www.suno.com.br\/noticias\/#website\",\"url\":\"https:\/\/www.suno.com.br\/noticias\/\",\"name\":\"Suno Not\u00edcias\",\"description\":\"Seu portal de informa\u00e7\u00e3o sobre o mundo dos investimentos\",\"publisher\":{\"@id\":\"https:\/\/www.suno.com.br\/noticias\/#organization\"},\"potentialAction\":[{\"@type\":\"SearchAction\",\"target\":{\"@type\":\"EntryPoint\",\"urlTemplate\":\"https:\/\/www.suno.com.br\/noticias\/?s={search_term_string}\"},\"query-input\":{\"@type\":\"PropertyValueSpecification\",\"valueRequired\":true,\"valueName\":\"search_term_string\"}}],\"inLanguage\":\"pt-BR\"},{\"@type\":\"Organization\",\"@id\":\"https:\/\/www.suno.com.br\/noticias\/#organization\",\"name\":\"Suno Not\u00edcias\",\"url\":\"https:\/\/www.suno.com.br\/noticias\/\",\"logo\":{\"@type\":\"ImageObject\",\"inLanguage\":\"pt-BR\",\"@id\":\"https:\/\/www.suno.com.br\/noticias\/#\/schema\/logo\/image\/\",\"url\":\"https:\/\/files.sunoresearch.com.br\/n\/uploads\/2021\/09\/suno-logo.png\",\"contentUrl\":\"https:\/\/files.sunoresearch.com.br\/n\/uploads\/2021\/09\/suno-logo.png\",\"width\":180,\"height\":180,\"caption\":\"Suno Not\u00edcias\"},\"image\":{\"@id\":\"https:\/\/www.suno.com.br\/noticias\/#\/schema\/logo\/image\/\"},\"sameAs\":[\"https:\/\/facebook.com\/sunoresearch\",\"https:\/\/x.com\/sunoresearch\",\"https:\/\/www.instagram.com\/suno\",\"https:\/\/www.linkedin.com\/company\/suno-research\/\",\"https:\/\/www.youtube.com\/c\/sunoresearch\"]},{\"@type\":\"Person\",\"@id\":\"https:\/\/www.suno.com.br\/noticias\/#\/schema\/person\/829bbe8d57f84333b966b96229c6bf5f\",\"name\":\"Marco Ant\u00f4nio Lopes\",\"image\":{\"@type\":\"ImageObject\",\"inLanguage\":\"pt-BR\",\"@id\":\"https:\/\/www.suno.com.br\/noticias\/#\/schema\/person\/image\/\",\"url\":\"https:\/\/secure.gravatar.com\/avatar\/385167b012fbc1cde32c5446ee253313?s=96&r=g\",\"contentUrl\":\"https:\/\/secure.gravatar.com\/avatar\/385167b012fbc1cde32c5446ee253313?s=96&r=g\",\"caption\":\"Marco Ant\u00f4nio Lopes\"},\"description\":\"Jornalista, \u00e9 editor no Suno Not\u00edcias. Trabalhou nas revistas Playboy, Super, Veja Comer &amp; Beber, Homem Vogue e Universo Masculino, al\u00e9m dos portais Abril.com, R7, nas editorias de Home, Esportes, Hora 7, Entretenimento e Geral, e Eu Quero Investir. Autor do livro Bruce Lee: Definitivo (Editora Conrad). Colaborou nas revistas Nova, Veja SP, Grandes Guerras, Placar, Bizz, Casa Claudia e Quatro Rodas.\",\"url\":\"https:\/\/www.suno.com.br\/noticias\/author\/marco-lopes\/\"}]}<\/script>\n<!-- \/ Yoast SEO plugin. -->","yoast_head_json":{"title":"Lojas Renner (LREN3) negocia compra da C&A (CEAB3, diz jornal","description":"A Lojas Renner est\u00e1 em negocia\u00e7\u00f5es preliminares para comprar a C&A (CEAB3) no Brasil, diz o jornalista Lauro Jardim, de O Globo.","robots":{"index":"index","follow":"follow","max-snippet":"max-snippet:-1","max-image-preview":"max-image-preview:large","max-video-preview":"max-video-preview:-1"},"canonical":"https:\/\/www.suno.com.br\/noticias\/renner-lren3-cea-ceab3-compra-negociacoes\/","og_locale":"pt_BR","og_type":"article","og_title":"Lojas Renner (LREN3) negocia compra da C&A (CEAB3, diz jornal","og_description":"A Lojas Renner est\u00e1 em negocia\u00e7\u00f5es preliminares para comprar a C&A (CEAB3) no Brasil, diz o jornalista Lauro Jardim, de O Globo.","og_url":"https:\/\/www.suno.com.br\/noticias\/renner-lren3-cea-ceab3-compra-negociacoes\/","og_site_name":"Suno Not\u00edcias","article_publisher":"https:\/\/facebook.com\/sunoresearch","og_image":[{"width":1200,"height":800,"url":"https:\/\/files.sunoresearch.com.br\/n\/uploads\/2021\/03\/53c53f3e-lojas-renner-3.jpg","type":"image\/jpeg"}],"author":"Marco Ant\u00f4nio Lopes","twitter_card":"summary_large_image","twitter_creator":"@sunoresearch","twitter_site":"@sunoresearch","twitter_misc":{"Escrito por":"Marco Ant\u00f4nio Lopes","Est. tempo de leitura":"7 minutos"},"schema":{"@context":"https:\/\/schema.org","@graph":[{"@type":"NewsArticle","@id":"https:\/\/www.suno.com.br\/noticias\/renner-lren3-cea-ceab3-compra-negociacoes\/#article","isPartOf":{"@id":"https:\/\/www.suno.com.br\/noticias\/renner-lren3-cea-ceab3-compra-negociacoes\/"},"author":{"name":"Marco Ant\u00f4nio Lopes","@id":"https:\/\/www.suno.com.br\/noticias\/#\/schema\/person\/829bbe8d57f84333b966b96229c6bf5f"},"headline":"Lojas Renner (LREN3) negocia compra da C&#038;A (CEAB3) no Brasil, diz jornal","datePublished":"2023-01-15T19:56:21+00:00","dateModified":"2023-01-15T19:56:28+00:00","mainEntityOfPage":{"@id":"https:\/\/www.suno.com.br\/noticias\/renner-lren3-cea-ceab3-compra-negociacoes\/"},"wordCount":1243,"publisher":{"@id":"https:\/\/www.suno.com.br\/noticias\/#organization"},"image":{"@id":"https:\/\/www.suno.com.br\/noticias\/renner-lren3-cea-ceab3-compra-negociacoes\/#primaryimage"},"thumbnailUrl":"https:\/\/files.sunoresearch.com.br\/n\/uploads\/2021\/03\/53c53f3e-lojas-renner-3-jpg.webp","keywords":["A\u00e7\u00f5es","C&amp;A (CEAB3)","Lojas Renner (LREN3)"],"articleSection":["Neg\u00f3cios"],"inLanguage":"pt-BR"},{"@type":"WebPage","@id":"https:\/\/www.suno.com.br\/noticias\/renner-lren3-cea-ceab3-compra-negociacoes\/","url":"https:\/\/www.suno.com.br\/noticias\/renner-lren3-cea-ceab3-compra-negociacoes\/","name":"Lojas Renner (LREN3) negocia compra da C&A (CEAB3, diz jornal","isPartOf":{"@id":"https:\/\/www.suno.com.br\/noticias\/#website"},"primaryImageOfPage":{"@id":"https:\/\/www.suno.com.br\/noticias\/renner-lren3-cea-ceab3-compra-negociacoes\/#primaryimage"},"image":{"@id":"https:\/\/www.suno.com.br\/noticias\/renner-lren3-cea-ceab3-compra-negociacoes\/#primaryimage"},"thumbnailUrl":"https:\/\/files.sunoresearch.com.br\/n\/uploads\/2021\/03\/53c53f3e-lojas-renner-3-jpg.webp","datePublished":"2023-01-15T19:56:21+00:00","dateModified":"2023-01-15T19:56:28+00:00","description":"A Lojas Renner est\u00e1 em negocia\u00e7\u00f5es preliminares para comprar a C&A (CEAB3) no Brasil, diz o jornalista Lauro Jardim, de O Globo.","breadcrumb":{"@id":"https:\/\/www.suno.com.br\/noticias\/renner-lren3-cea-ceab3-compra-negociacoes\/#breadcrumb"},"inLanguage":"pt-BR","potentialAction":[{"@type":"ReadAction","target":["https:\/\/www.suno.com.br\/noticias\/renner-lren3-cea-ceab3-compra-negociacoes\/"]}]},{"@type":"ImageObject","inLanguage":"pt-BR","@id":"https:\/\/www.suno.com.br\/noticias\/renner-lren3-cea-ceab3-compra-negociacoes\/#primaryimage","url":"https:\/\/files.sunoresearch.com.br\/n\/uploads\/2021\/03\/53c53f3e-lojas-renner-3-jpg.webp","contentUrl":"https:\/\/files.sunoresearch.com.br\/n\/uploads\/2021\/03\/53c53f3e-lojas-renner-3-jpg.webp","width":1200,"height":800,"caption":"Lojas Renner - Foto: Divulga\u00e7\u00e3o"},{"@type":"BreadcrumbList","@id":"https:\/\/www.suno.com.br\/noticias\/renner-lren3-cea-ceab3-compra-negociacoes\/#breadcrumb","itemListElement":[{"@type":"ListItem","position":1,"name":"Not\u00edcias","item":"https:\/\/www.suno.com.br\/noticias\/"},{"@type":"ListItem","position":2,"name":"Neg\u00f3cios","item":"https:\/\/www.suno.com.br\/noticias\/negocios\/"},{"@type":"ListItem","position":3,"name":"Lojas Renner (LREN3) negocia compra da C&#038;A (CEAB3) no Brasil, diz jornal"}]},{"@type":"WebSite","@id":"https:\/\/www.suno.com.br\/noticias\/#website","url":"https:\/\/www.suno.com.br\/noticias\/","name":"Suno Not\u00edcias","description":"Seu portal de informa\u00e7\u00e3o sobre o mundo dos investimentos","publisher":{"@id":"https:\/\/www.suno.com.br\/noticias\/#organization"},"potentialAction":[{"@type":"SearchAction","target":{"@type":"EntryPoint","urlTemplate":"https:\/\/www.suno.com.br\/noticias\/?s={search_term_string}"},"query-input":{"@type":"PropertyValueSpecification","valueRequired":true,"valueName":"search_term_string"}}],"inLanguage":"pt-BR"},{"@type":"Organization","@id":"https:\/\/www.suno.com.br\/noticias\/#organization","name":"Suno Not\u00edcias","url":"https:\/\/www.suno.com.br\/noticias\/","logo":{"@type":"ImageObject","inLanguage":"pt-BR","@id":"https:\/\/www.suno.com.br\/noticias\/#\/schema\/logo\/image\/","url":"https:\/\/files.sunoresearch.com.br\/n\/uploads\/2021\/09\/suno-logo.png","contentUrl":"https:\/\/files.sunoresearch.com.br\/n\/uploads\/2021\/09\/suno-logo.png","width":180,"height":180,"caption":"Suno Not\u00edcias"},"image":{"@id":"https:\/\/www.suno.com.br\/noticias\/#\/schema\/logo\/image\/"},"sameAs":["https:\/\/facebook.com\/sunoresearch","https:\/\/x.com\/sunoresearch","https:\/\/www.instagram.com\/suno","https:\/\/www.linkedin.com\/company\/suno-research\/","https:\/\/www.youtube.com\/c\/sunoresearch"]},{"@type":"Person","@id":"https:\/\/www.suno.com.br\/noticias\/#\/schema\/person\/829bbe8d57f84333b966b96229c6bf5f","name":"Marco Ant\u00f4nio Lopes","image":{"@type":"ImageObject","inLanguage":"pt-BR","@id":"https:\/\/www.suno.com.br\/noticias\/#\/schema\/person\/image\/","url":"https:\/\/secure.gravatar.com\/avatar\/385167b012fbc1cde32c5446ee253313?s=96&r=g","contentUrl":"https:\/\/secure.gravatar.com\/avatar\/385167b012fbc1cde32c5446ee253313?s=96&r=g","caption":"Marco Ant\u00f4nio Lopes"},"description":"Jornalista, \u00e9 editor no Suno Not\u00edcias. Trabalhou nas revistas Playboy, Super, Veja Comer &amp; Beber, Homem Vogue e Universo Masculino, al\u00e9m dos portais Abril.com, R7, nas editorias de Home, Esportes, Hora 7, Entretenimento e Geral, e Eu Quero Investir. Autor do livro Bruce Lee: Definitivo (Editora Conrad). Colaborou nas revistas Nova, Veja SP, Grandes Guerras, Placar, Bizz, Casa Claudia e Quatro Rodas.","url":"https:\/\/www.suno.com.br\/noticias\/author\/marco-lopes\/"}]}},"default_loop_html":"<div class=\"cardsPage__listCard__boxs\"><div class=\"cardsPage__listCard__boxs__img\"><a href=\"https:\/\/www.suno.com.br\/noticias\/renner-lren3-cea-ceab3-compra-negociacoes\/\"><img class=\"mask\" src=\"https:\/\/www.suno.com.br\/noticias\/wp-content\/themes\/suno\/resources\/images\/spotlight\/spotlight1img\/bg-mask.png\" alt=\"Image Mask\"\/><img src=\"https:\/\/files.sunoresearch.com.br\/n\/uploads\/2021\/03\/53c53f3e-lojas-renner-3-400x200.webp\" alt=\"Lojas Renner (LREN3) negocia compra da C&#038;A (CEAB3) no Brasil, diz jornal\"\/><\/a><span class=\"spotlightCategory\"><a href=\"https:\/\/www.suno.com.br\/noticias\/negocios\/\">Neg\u00f3cios<\/a><\/span><\/div><div class=\"cardsPage__listCard__boxs__content\"><a href=\"https:\/\/www.suno.com.br\/noticias\/renner-lren3-cea-ceab3-compra-negociacoes\/\"><h2 class=\"content__title\">Lojas Renner (LREN3) negocia compra da C&#038;A (CEAB3) no Brasil, diz jornal<\/h2><\/a><div class=\"newsContent__article__meta\"><div class=\"newsContent__article__meta__authorBox\"><a href=\"https:\/\/www.suno.com.br\/noticias\/author\/marco-lopes\/\" class=\"authorBox__avatar noMobi\"><img src=\"https:\/\/secure.gravatar.com\/avatar\/385167b012fbc1cde32c5446ee253313?s=96&#038;r=g\" alt=\"Marco Ant\u00f4nio Lopes\"><\/a><div class=\"authorBox__name\"><span>por\n\t\t\t<a href=\"https:\/\/www.suno.com.br\/noticias\/author\/marco-lopes\/\"><span itemprop=\"author\">Marco Ant\u00f4nio Lopes<\/span><\/a><\/span><time datetime=\"2023-01-15T16:56:21-03:00\" itemprop=\"datePublished\">15\/01\/2023 16:56<\/time><\/div><\/div><\/div><\/div><\/div>","single_layout":"posts","amp_enabled":true,"_links":{"self":[{"href":"https:\/\/www.suno.com.br\/noticias\/wp-json\/wp\/v2\/posts\/347394"}],"collection":[{"href":"https:\/\/www.suno.com.br\/noticias\/wp-json\/wp\/v2\/posts"}],"about":[{"href":"https:\/\/www.suno.com.br\/noticias\/wp-json\/wp\/v2\/types\/post"}],"author":[{"embeddable":true,"href":"https:\/\/www.suno.com.br\/noticias\/wp-json\/wp\/v2\/users\/98"}],"replies":[{"embeddable":true,"href":"https:\/\/www.suno.com.br\/noticias\/wp-json\/wp\/v2\/comments?post=347394"}],"version-history":[{"count":3,"href":"https:\/\/www.suno.com.br\/noticias\/wp-json\/wp\/v2\/posts\/347394\/revisions"}],"predecessor-version":[{"id":347454,"href":"https:\/\/www.suno.com.br\/noticias\/wp-json\/wp\/v2\/posts\/347394\/revisions\/347454"}],"wp:featuredmedia":[{"embeddable":true,"href":"https:\/\/www.suno.com.br\/noticias\/wp-json\/wp\/v2\/media\/130383"}],"wp:attachment":[{"href":"https:\/\/www.suno.com.br\/noticias\/wp-json\/wp\/v2\/media?parent=347394"}],"wp:term":[{"taxonomy":"category","embeddable":true,"href":"https:\/\/www.suno.com.br\/noticias\/wp-json\/wp\/v2\/categories?post=347394"},{"taxonomy":"post_tag","embeddable":true,"href":"https:\/\/www.suno.com.br\/noticias\/wp-json\/wp\/v2\/tags?post=347394"},{"taxonomy":"suno_strategy","embeddable":true,"href":"https:\/\/www.suno.com.br\/noticias\/wp-json\/wp\/v2\/suno_strategy?post=347394"}],"curies":[{"name":"wp","href":"https:\/\/api.w.org\/{rel}","templated":true}]}}