{"id":34736,"date":"2019-08-20T20:16:31","date_gmt":"2019-08-20T23:16:31","guid":{"rendered":"https:\/\/www.suno.com.br\/noticias\/?p=34736"},"modified":"2021-02-18T18:15:20","modified_gmt":"2021-02-18T21:15:20","slug":"trump-medidas-impulsionar-economia","status":"publish","type":"post","link":"https:\/\/www.suno.com.br\/noticias\/trump-medidas-impulsionar-economia\/","title":{"rendered":"Trump planeja medidas para impulsionar a economia"},"content":{"rendered":"<p>O governo de <a href=\"https:\/\/www.suno.com.br\/tudo-sobre\/donald-trump\/\">Donald<\/a> <a href=\"https:\/\/www.suno.com.br\/tudo-sobre\/donald-trump\/\">Trump<\/a> come\u00e7ou a planejar op\u00e7\u00f5es para estimular o ambiente econ\u00f4mico dos <strong>Estados<\/strong> <strong>Unidos<\/strong> e evitar uma poss\u00edvel recess\u00e3o.<\/p>\t<div class=\"wrapper-featured-image\">\n\t\t<figure class=\"spotlightImg\">\n\n\t\t\t<picture>\n\t\t\t\t<source media=\"(max-width: 768px)\" srcset=\"https:\/\/files.sunoresearch.com.br\/n\/uploads\/2019\/08\/e3a8c046-trump-2-400x200.webp\">\n\t\t\t\t<img loading=\"lazy\" decoding=\"async\" class=\"newsContent__article__imgCapa lazyloadDisabled newsContent__article__imgCapa--noCaption\" src=\"https:\/\/files.sunoresearch.com.br\/n\/uploads\/2019\/08\/e3a8c046-trump-2-800x450.webp\" width=\"800\" height=\"450\" alt=\"Trump planeja medidas para impulsionar a economia\" fetchpriority=high \/>\n\t\t\t<\/picture>\n\n\t\t\t<figcaption class=\"wp-caption-text wp-caption-text--hide\">Donald Trump vence na Fl\u00f3rida na corrida pela reelei\u00e7\u00e3o<\/figcaption>\n\t\t<\/figure>\n\t<\/div>\n\n\n<p>Entre as op\u00e7\u00f5es, se destacam: uma poss\u00edvel revers\u00e3o de algumas tarifas criadas pelo presidente norte-americano, <strong>Donald Trump,<\/strong> e tamb\u00e9m existem chances de um corte nos impostos sobre folhas de pagamentos.<\/p>\n<p>As informa\u00e7\u00f5es foram divulgadas nesta ter\u00e7a-feira (20) pelos jornais &#8220;The New York Times&#8221; e &#8220;The Wall Street Journal&#8221;.<\/p>\n\n<p>Publicamente, o presidente e seus assessores insistem no discurso de que a economia est\u00e1 &#8220;indo tremendamente bem&#8221;. Entretanto, nos bastidores, a equipe econ\u00f4mica de <strong>Trump<\/strong> planeja conting\u00eancia caso o ambiente fique ainda mais fraco.<\/p>\n<p>Foi elaborado um relat\u00f3rio oficial que deve ser entregue ao Legislativo explicando a redu\u00e7\u00e3o de impostos sobre a folha de pagamento, objetivando a impuls\u00e3o da economia, injetando mais dinheiro nos contracheques dos trabalhadores.<\/p>\n<p>O ex-presidente Barack Obama realizou um corte na folha de pagamento entre 2011 e 2012, come\u00e7ando uma demorada recupera\u00e7\u00e3o da recess\u00e3o que ocorreu em 2009.<\/p>\n<p>O poss\u00edvel corte necessitaria de aprova\u00e7\u00e3o do Congresso. Fontes da Casa Branca disseram ao jornal The New York Times que novas redu\u00e7\u00f5es de impostos est\u00e3o sendo discutidas, contudo, cortes de taxas sobre sal\u00e1rios e cortes sobre a folha de pagamento n\u00e3o est\u00e3o sendo considerados.<\/p>\n<p>Trump n\u00e3o deve, tamb\u00e9m, reverter o direcionamento das tarifas impostas sobre a produtos chineses. Segundo o presidente, os produtos prejudicam a China sem afetar os consumidores americanos.<\/p>\n\t<p>\n\t\t<a href=\"https:\/\/lp2.suno.com.br\/pv\/bolsa-para-iniciantes?utm_campaign=_SNC757A2733_rs.mpr26---meu-primeiro-rendimento---venda---not\u00edcias&#038;utm_source=suno-not\u00edcias&#038;utm_medium=banner.noticias\" target=\"_blank\" data-element=\"shortcode-suno-banner\" title=\"Banner SUNO, clique e saiba mais\">\n\t\t\t<picture>\n\t\t\t\t<source media=\"(max-width: 500px)\" srcset=\"https:\/\/files.sunoresearch.com.br\/n\/uploads\/2026\/04\/400x300-Banner-Materias-01-png.webp\">\n\t\t\t\t<img class=\"newsContent__article__imgCapa newsContent__article__imgCapa--banner\"\n\t\t\t\t\tsrc=\"https:\/\/files.sunoresearch.com.br\/n\/uploads\/2026\/04\/1420x240-Banner-Materias-01-png.webp\"\n\t\t\t\t\tdata-promo-id=\"647482\"\t\t\t\t\t\t\t\t\t\twidth='1420' height='240'\t\t\t\t\talt=\"https:\/\/files.sunoresearch.com.br\/n\/uploads\/2026\/04\/1420x240-Banner-Materias-01-png.webp\"\n\t\t\t\t>\n\t\t\t<\/picture>\n\t\t<\/a>\n\t<\/p>\n\n\n<p>Atualmente, os trabalhadores norte-americanos pagam impostos de 6,2% sobre os seus primeiros US$ 132.900 e os empregadores pagam os outros 6,2%. O dinheiro \u00e9 utilizado no financiamento de programas como a Seguridade Social e a Medicare (seguro de sa\u00fade norte-americano para pessoas com mais de 60 anos).<\/p>\n<p>O corte de impostos sobre os sal\u00e1rios dos trabalhadores injetaria mais dinheiro nos bolsos dos consumidores, gerando \u00e2nimo ao ambiente econ\u00f4mico.<\/p>\n<h2>Trump pede novo corte de juros ao Fed<\/h2>\n<p>Na \u00faltima segunda-feira (19), o presidente dos Estados Unidos, Donald Trump, pediu ao banco central norte-americano, Fed, que corte a taxa de juros em ao menos 1 ponto percentual.<\/p>\n<p>As reuni\u00f5es do Fed sobre a taxa de juros ser\u00e3o, provavelmente, nos dias 17 e 18 de setembro.<\/p>\n<p><a href=\"https:\/\/www.suno.com.br\/noticias\/trump-fed-corte-taxa-juros\/\">Saiba mais: Trump pede que Fed corte novamente a taxa de juros<\/a><\/p>\n<p>\u201cA taxa do Fed, durante um curto per\u00edodo de tempo, deve ser reduzida em<br \/>\npelo menos 100 pontos-base, talvez com algum al\u00edvio quantitativo tamb\u00e9m.<br \/>\nSe isso acontecesse, nossa economia seria ainda melhor, e a economia mundial expandiria rapidamente &#8211; bom para todos&#8221;, afirmou o presidente <strong>Trump<\/strong> no Twitter.<\/p>\n","protected":false},"excerpt":{"rendered":"<p>O governo de Donald Trump come\u00e7ou a planejar op\u00e7\u00f5es para estimular o ambiente econ\u00f4mico dos Estados Unidos e evitar uma poss\u00edvel recess\u00e3o. Donald Trump vence na Fl\u00f3rida na corrida pela reelei\u00e7\u00e3o Entre as op\u00e7\u00f5es, se destacam: uma poss\u00edvel revers\u00e3o de algumas tarifas criadas pelo presidente norte-americano, Donald Trump, e tamb\u00e9m existem chances de um corte [&hellip;]<\/p>\n","protected":false},"author":23,"featured_media":34742,"comment_status":"closed","ping_status":"closed","sticky":false,"template":"","format":"standard","meta":[],"categories":[63],"tags":[73482,724,740,776,704,1752],"suno_strategy":[],"class_list":["post-34736","post","type-post","status-publish","format-standard","has-post-thumbnail","hentry","category-internacional","tag-barack-obama","tag-donald-trump","tag-economia","tag-federal-reseve-fed","tag-impostos","tag-taxa-de-juros"],"yoast_head":"<!-- This site is optimized with the Yoast SEO plugin v24.4 - https:\/\/yoast.com\/wordpress\/plugins\/seo\/ -->\n<title>Trump planeja medidas para impulsionar a economia<\/title>\n<meta name=\"description\" content=\"O governo de Donald Trump come\u00e7ou a planejar op\u00e7\u00f5es para estimular a economia dos EUA e evitar uma poss\u00edvel recess\u00e3o. Clique para saber mais.\" \/>\n<meta name=\"robots\" content=\"index, follow, max-snippet:-1, max-image-preview:large, max-video-preview:-1\" \/>\n<link rel=\"canonical\" href=\"https:\/\/www.suno.com.br\/noticias\/trump-medidas-impulsionar-economia\/\" \/>\n<meta property=\"og:locale\" content=\"pt_BR\" \/>\n<meta property=\"og:type\" content=\"article\" \/>\n<meta property=\"og:title\" content=\"Trump planeja medidas para impulsionar a economia\" \/>\n<meta property=\"og:description\" content=\"O governo de Donald Trump come\u00e7ou a planejar op\u00e7\u00f5es para estimular a economia dos EUA e evitar uma poss\u00edvel recess\u00e3o. Clique para saber mais.\" \/>\n<meta property=\"og:url\" content=\"https:\/\/www.suno.com.br\/noticias\/trump-medidas-impulsionar-economia\/\" \/>\n<meta property=\"og:site_name\" content=\"Suno Not\u00edcias\" \/>\n<meta property=\"article:publisher\" content=\"https:\/\/facebook.com\/sunoresearch\" \/>\n<meta property=\"og:image\" content=\"https:\/\/files.sunoresearch.com.br\/n\/uploads\/2019\/08\/e3a8c046-trump-2.jpg\" \/>\n\t<meta property=\"og:image:width\" content=\"1189\" \/>\n\t<meta property=\"og:image:height\" content=\"669\" \/>\n\t<meta property=\"og:image:type\" content=\"image\/jpeg\" \/>\n<meta name=\"author\" content=\"Rafael Lara\" \/>\n<meta name=\"twitter:card\" content=\"summary_large_image\" \/>\n<meta name=\"twitter:creator\" content=\"@sunoresearch\" \/>\n<meta name=\"twitter:site\" content=\"@sunoresearch\" \/>\n<meta name=\"twitter:label1\" content=\"Escrito por\" \/>\n\t<meta name=\"twitter:data1\" content=\"Rafael Lara\" \/>\n\t<meta name=\"twitter:label2\" content=\"Est. tempo de leitura\" \/>\n\t<meta name=\"twitter:data2\" content=\"2 minutos\" \/>\n<script type=\"application\/ld+json\" class=\"yoast-schema-graph\">{\"@context\":\"https:\/\/schema.org\",\"@graph\":[{\"@type\":\"NewsArticle\",\"@id\":\"https:\/\/www.suno.com.br\/noticias\/trump-medidas-impulsionar-economia\/#article\",\"isPartOf\":{\"@id\":\"https:\/\/www.suno.com.br\/noticias\/trump-medidas-impulsionar-economia\/\"},\"author\":{\"name\":\"Rafael Lara\",\"@id\":\"https:\/\/www.suno.com.br\/noticias\/#\/schema\/person\/098743caeed97b37f51315c9576c4078\"},\"headline\":\"Trump planeja medidas para impulsionar a economia\",\"datePublished\":\"2019-08-20T23:16:31+00:00\",\"dateModified\":\"2021-02-18T21:15:20+00:00\",\"mainEntityOfPage\":{\"@id\":\"https:\/\/www.suno.com.br\/noticias\/trump-medidas-impulsionar-economia\/\"},\"wordCount\":450,\"publisher\":{\"@id\":\"https:\/\/www.suno.com.br\/noticias\/#organization\"},\"image\":{\"@id\":\"https:\/\/www.suno.com.br\/noticias\/trump-medidas-impulsionar-economia\/#primaryimage\"},\"thumbnailUrl\":\"https:\/\/files.sunoresearch.com.br\/n\/uploads\/2019\/08\/e3a8c046-trump-2-jpg.webp\",\"keywords\":[\"Barack Obama\",\"Donald Trump\",\"Economia\",\"Federal Reserve (FED)\",\"impostos\",\"taxa de juros\"],\"articleSection\":[\"Internacional\"],\"inLanguage\":\"pt-BR\"},{\"@type\":\"WebPage\",\"@id\":\"https:\/\/www.suno.com.br\/noticias\/trump-medidas-impulsionar-economia\/\",\"url\":\"https:\/\/www.suno.com.br\/noticias\/trump-medidas-impulsionar-economia\/\",\"name\":\"Trump planeja medidas para impulsionar a economia\",\"isPartOf\":{\"@id\":\"https:\/\/www.suno.com.br\/noticias\/#website\"},\"primaryImageOfPage\":{\"@id\":\"https:\/\/www.suno.com.br\/noticias\/trump-medidas-impulsionar-economia\/#primaryimage\"},\"image\":{\"@id\":\"https:\/\/www.suno.com.br\/noticias\/trump-medidas-impulsionar-economia\/#primaryimage\"},\"thumbnailUrl\":\"https:\/\/files.sunoresearch.com.br\/n\/uploads\/2019\/08\/e3a8c046-trump-2-jpg.webp\",\"datePublished\":\"2019-08-20T23:16:31+00:00\",\"dateModified\":\"2021-02-18T21:15:20+00:00\",\"description\":\"O governo de Donald Trump come\u00e7ou a planejar op\u00e7\u00f5es para estimular a economia dos EUA e evitar uma poss\u00edvel recess\u00e3o. Clique para saber mais.\",\"breadcrumb\":{\"@id\":\"https:\/\/www.suno.com.br\/noticias\/trump-medidas-impulsionar-economia\/#breadcrumb\"},\"inLanguage\":\"pt-BR\",\"potentialAction\":[{\"@type\":\"ReadAction\",\"target\":[\"https:\/\/www.suno.com.br\/noticias\/trump-medidas-impulsionar-economia\/\"]}]},{\"@type\":\"ImageObject\",\"inLanguage\":\"pt-BR\",\"@id\":\"https:\/\/www.suno.com.br\/noticias\/trump-medidas-impulsionar-economia\/#primaryimage\",\"url\":\"https:\/\/files.sunoresearch.com.br\/n\/uploads\/2019\/08\/e3a8c046-trump-2-jpg.webp\",\"contentUrl\":\"https:\/\/files.sunoresearch.com.br\/n\/uploads\/2019\/08\/e3a8c046-trump-2-jpg.webp\",\"width\":1189,\"height\":669,\"caption\":\"Donald Trump vence na Fl\u00f3rida na corrida pela reelei\u00e7\u00e3o\"},{\"@type\":\"BreadcrumbList\",\"@id\":\"https:\/\/www.suno.com.br\/noticias\/trump-medidas-impulsionar-economia\/#breadcrumb\",\"itemListElement\":[{\"@type\":\"ListItem\",\"position\":1,\"name\":\"Not\u00edcias\",\"item\":\"https:\/\/www.suno.com.br\/noticias\/\"},{\"@type\":\"ListItem\",\"position\":2,\"name\":\"Internacional\",\"item\":\"https:\/\/www.suno.com.br\/noticias\/internacional\/\"},{\"@type\":\"ListItem\",\"position\":3,\"name\":\"Trump planeja medidas para impulsionar a economia\"}]},{\"@type\":\"WebSite\",\"@id\":\"https:\/\/www.suno.com.br\/noticias\/#website\",\"url\":\"https:\/\/www.suno.com.br\/noticias\/\",\"name\":\"Suno Not\u00edcias\",\"description\":\"Seu portal de informa\u00e7\u00e3o sobre o mundo dos investimentos\",\"publisher\":{\"@id\":\"https:\/\/www.suno.com.br\/noticias\/#organization\"},\"potentialAction\":[{\"@type\":\"SearchAction\",\"target\":{\"@type\":\"EntryPoint\",\"urlTemplate\":\"https:\/\/www.suno.com.br\/noticias\/?s={search_term_string}\"},\"query-input\":{\"@type\":\"PropertyValueSpecification\",\"valueRequired\":true,\"valueName\":\"search_term_string\"}}],\"inLanguage\":\"pt-BR\"},{\"@type\":\"Organization\",\"@id\":\"https:\/\/www.suno.com.br\/noticias\/#organization\",\"name\":\"Suno Not\u00edcias\",\"url\":\"https:\/\/www.suno.com.br\/noticias\/\",\"logo\":{\"@type\":\"ImageObject\",\"inLanguage\":\"pt-BR\",\"@id\":\"https:\/\/www.suno.com.br\/noticias\/#\/schema\/logo\/image\/\",\"url\":\"https:\/\/files.sunoresearch.com.br\/n\/uploads\/2021\/09\/suno-logo.png\",\"contentUrl\":\"https:\/\/files.sunoresearch.com.br\/n\/uploads\/2021\/09\/suno-logo.png\",\"width\":180,\"height\":180,\"caption\":\"Suno Not\u00edcias\"},\"image\":{\"@id\":\"https:\/\/www.suno.com.br\/noticias\/#\/schema\/logo\/image\/\"},\"sameAs\":[\"https:\/\/facebook.com\/sunoresearch\",\"https:\/\/x.com\/sunoresearch\",\"https:\/\/www.instagram.com\/suno\",\"https:\/\/www.linkedin.com\/company\/suno-research\/\",\"https:\/\/www.youtube.com\/c\/sunoresearch\"]},{\"@type\":\"Person\",\"@id\":\"https:\/\/www.suno.com.br\/noticias\/#\/schema\/person\/098743caeed97b37f51315c9576c4078\",\"name\":\"Rafael Lara\",\"image\":{\"@type\":\"ImageObject\",\"inLanguage\":\"pt-BR\",\"@id\":\"https:\/\/www.suno.com.br\/noticias\/#\/schema\/person\/image\/\",\"url\":\"https:\/\/secure.gravatar.com\/avatar\/dfc254ab9bb2ea1895d98b9e9dae4bdd?s=96&r=g\",\"contentUrl\":\"https:\/\/secure.gravatar.com\/avatar\/dfc254ab9bb2ea1895d98b9e9dae4bdd?s=96&r=g\",\"caption\":\"Rafael Lara\"},\"description\":\"Rafael Lara cursa jornalismo na Faculdade C\u00e1sper L\u00edbero. Escreve sobre pol\u00edtica, economia e neg\u00f3cios para o portal Suno Not\u00edcias. Antes, colaborou na TV Gazeta na produ\u00e7\u00e3o do programa Edi\u00e7\u00e3o Extra.\",\"url\":\"https:\/\/www.suno.com.br\/noticias\/author\/rafael\/\"}]}<\/script>\n<!-- \/ Yoast SEO plugin. -->","yoast_head_json":{"title":"Trump planeja medidas para impulsionar a economia","description":"O governo de Donald Trump come\u00e7ou a planejar op\u00e7\u00f5es para estimular a economia dos EUA e evitar uma poss\u00edvel recess\u00e3o. Clique para saber mais.","robots":{"index":"index","follow":"follow","max-snippet":"max-snippet:-1","max-image-preview":"max-image-preview:large","max-video-preview":"max-video-preview:-1"},"canonical":"https:\/\/www.suno.com.br\/noticias\/trump-medidas-impulsionar-economia\/","og_locale":"pt_BR","og_type":"article","og_title":"Trump planeja medidas para impulsionar a economia","og_description":"O governo de Donald Trump come\u00e7ou a planejar op\u00e7\u00f5es para estimular a economia dos EUA e evitar uma poss\u00edvel recess\u00e3o. Clique para saber mais.","og_url":"https:\/\/www.suno.com.br\/noticias\/trump-medidas-impulsionar-economia\/","og_site_name":"Suno Not\u00edcias","article_publisher":"https:\/\/facebook.com\/sunoresearch","og_image":[{"width":1189,"height":669,"url":"https:\/\/files.sunoresearch.com.br\/n\/uploads\/2019\/08\/e3a8c046-trump-2.jpg","type":"image\/jpeg"}],"author":"Rafael Lara","twitter_card":"summary_large_image","twitter_creator":"@sunoresearch","twitter_site":"@sunoresearch","twitter_misc":{"Escrito por":"Rafael Lara","Est. tempo de leitura":"2 minutos"},"schema":{"@context":"https:\/\/schema.org","@graph":[{"@type":"NewsArticle","@id":"https:\/\/www.suno.com.br\/noticias\/trump-medidas-impulsionar-economia\/#article","isPartOf":{"@id":"https:\/\/www.suno.com.br\/noticias\/trump-medidas-impulsionar-economia\/"},"author":{"name":"Rafael Lara","@id":"https:\/\/www.suno.com.br\/noticias\/#\/schema\/person\/098743caeed97b37f51315c9576c4078"},"headline":"Trump planeja medidas para impulsionar a economia","datePublished":"2019-08-20T23:16:31+00:00","dateModified":"2021-02-18T21:15:20+00:00","mainEntityOfPage":{"@id":"https:\/\/www.suno.com.br\/noticias\/trump-medidas-impulsionar-economia\/"},"wordCount":450,"publisher":{"@id":"https:\/\/www.suno.com.br\/noticias\/#organization"},"image":{"@id":"https:\/\/www.suno.com.br\/noticias\/trump-medidas-impulsionar-economia\/#primaryimage"},"thumbnailUrl":"https:\/\/files.sunoresearch.com.br\/n\/uploads\/2019\/08\/e3a8c046-trump-2-jpg.webp","keywords":["Barack Obama","Donald Trump","Economia","Federal Reserve (FED)","impostos","taxa de juros"],"articleSection":["Internacional"],"inLanguage":"pt-BR"},{"@type":"WebPage","@id":"https:\/\/www.suno.com.br\/noticias\/trump-medidas-impulsionar-economia\/","url":"https:\/\/www.suno.com.br\/noticias\/trump-medidas-impulsionar-economia\/","name":"Trump planeja medidas para impulsionar a economia","isPartOf":{"@id":"https:\/\/www.suno.com.br\/noticias\/#website"},"primaryImageOfPage":{"@id":"https:\/\/www.suno.com.br\/noticias\/trump-medidas-impulsionar-economia\/#primaryimage"},"image":{"@id":"https:\/\/www.suno.com.br\/noticias\/trump-medidas-impulsionar-economia\/#primaryimage"},"thumbnailUrl":"https:\/\/files.sunoresearch.com.br\/n\/uploads\/2019\/08\/e3a8c046-trump-2-jpg.webp","datePublished":"2019-08-20T23:16:31+00:00","dateModified":"2021-02-18T21:15:20+00:00","description":"O governo de Donald Trump come\u00e7ou a planejar op\u00e7\u00f5es para estimular a economia dos EUA e evitar uma poss\u00edvel recess\u00e3o. Clique para saber mais.","breadcrumb":{"@id":"https:\/\/www.suno.com.br\/noticias\/trump-medidas-impulsionar-economia\/#breadcrumb"},"inLanguage":"pt-BR","potentialAction":[{"@type":"ReadAction","target":["https:\/\/www.suno.com.br\/noticias\/trump-medidas-impulsionar-economia\/"]}]},{"@type":"ImageObject","inLanguage":"pt-BR","@id":"https:\/\/www.suno.com.br\/noticias\/trump-medidas-impulsionar-economia\/#primaryimage","url":"https:\/\/files.sunoresearch.com.br\/n\/uploads\/2019\/08\/e3a8c046-trump-2-jpg.webp","contentUrl":"https:\/\/files.sunoresearch.com.br\/n\/uploads\/2019\/08\/e3a8c046-trump-2-jpg.webp","width":1189,"height":669,"caption":"Donald Trump vence na Fl\u00f3rida na corrida pela reelei\u00e7\u00e3o"},{"@type":"BreadcrumbList","@id":"https:\/\/www.suno.com.br\/noticias\/trump-medidas-impulsionar-economia\/#breadcrumb","itemListElement":[{"@type":"ListItem","position":1,"name":"Not\u00edcias","item":"https:\/\/www.suno.com.br\/noticias\/"},{"@type":"ListItem","position":2,"name":"Internacional","item":"https:\/\/www.suno.com.br\/noticias\/internacional\/"},{"@type":"ListItem","position":3,"name":"Trump planeja medidas para impulsionar a economia"}]},{"@type":"WebSite","@id":"https:\/\/www.suno.com.br\/noticias\/#website","url":"https:\/\/www.suno.com.br\/noticias\/","name":"Suno Not\u00edcias","description":"Seu portal de informa\u00e7\u00e3o sobre o mundo dos investimentos","publisher":{"@id":"https:\/\/www.suno.com.br\/noticias\/#organization"},"potentialAction":[{"@type":"SearchAction","target":{"@type":"EntryPoint","urlTemplate":"https:\/\/www.suno.com.br\/noticias\/?s={search_term_string}"},"query-input":{"@type":"PropertyValueSpecification","valueRequired":true,"valueName":"search_term_string"}}],"inLanguage":"pt-BR"},{"@type":"Organization","@id":"https:\/\/www.suno.com.br\/noticias\/#organization","name":"Suno Not\u00edcias","url":"https:\/\/www.suno.com.br\/noticias\/","logo":{"@type":"ImageObject","inLanguage":"pt-BR","@id":"https:\/\/www.suno.com.br\/noticias\/#\/schema\/logo\/image\/","url":"https:\/\/files.sunoresearch.com.br\/n\/uploads\/2021\/09\/suno-logo.png","contentUrl":"https:\/\/files.sunoresearch.com.br\/n\/uploads\/2021\/09\/suno-logo.png","width":180,"height":180,"caption":"Suno Not\u00edcias"},"image":{"@id":"https:\/\/www.suno.com.br\/noticias\/#\/schema\/logo\/image\/"},"sameAs":["https:\/\/facebook.com\/sunoresearch","https:\/\/x.com\/sunoresearch","https:\/\/www.instagram.com\/suno","https:\/\/www.linkedin.com\/company\/suno-research\/","https:\/\/www.youtube.com\/c\/sunoresearch"]},{"@type":"Person","@id":"https:\/\/www.suno.com.br\/noticias\/#\/schema\/person\/098743caeed97b37f51315c9576c4078","name":"Rafael Lara","image":{"@type":"ImageObject","inLanguage":"pt-BR","@id":"https:\/\/www.suno.com.br\/noticias\/#\/schema\/person\/image\/","url":"https:\/\/secure.gravatar.com\/avatar\/dfc254ab9bb2ea1895d98b9e9dae4bdd?s=96&r=g","contentUrl":"https:\/\/secure.gravatar.com\/avatar\/dfc254ab9bb2ea1895d98b9e9dae4bdd?s=96&r=g","caption":"Rafael Lara"},"description":"Rafael Lara cursa jornalismo na Faculdade C\u00e1sper L\u00edbero. Escreve sobre pol\u00edtica, economia e neg\u00f3cios para o portal Suno Not\u00edcias. Antes, colaborou na TV Gazeta na produ\u00e7\u00e3o do programa Edi\u00e7\u00e3o Extra.","url":"https:\/\/www.suno.com.br\/noticias\/author\/rafael\/"}]}},"default_loop_html":"<div class=\"cardsPage__listCard__boxs\"><div class=\"cardsPage__listCard__boxs__img\"><a href=\"https:\/\/www.suno.com.br\/noticias\/trump-medidas-impulsionar-economia\/\"><img class=\"mask\" src=\"https:\/\/www.suno.com.br\/noticias\/wp-content\/themes\/suno\/resources\/images\/spotlight\/spotlight1img\/bg-mask.png\" alt=\"Image Mask\"\/><img src=\"https:\/\/files.sunoresearch.com.br\/n\/uploads\/2019\/08\/e3a8c046-trump-2-400x200.webp\" alt=\"Trump planeja medidas para impulsionar a economia\"\/><\/a><span class=\"spotlightCategory\"><a href=\"https:\/\/www.suno.com.br\/noticias\/internacional\/\">Internacional<\/a><\/span><\/div><div class=\"cardsPage__listCard__boxs__content\"><a href=\"https:\/\/www.suno.com.br\/noticias\/trump-medidas-impulsionar-economia\/\"><h2 class=\"content__title\">Trump planeja medidas para impulsionar a economia<\/h2><\/a><div class=\"newsContent__article__meta\"><div class=\"newsContent__article__meta__authorBox\"><a href=\"https:\/\/www.suno.com.br\/noticias\/author\/rafael\/\" class=\"authorBox__avatar noMobi\"><img src=\"https:\/\/secure.gravatar.com\/avatar\/dfc254ab9bb2ea1895d98b9e9dae4bdd?s=96&#038;r=g\" alt=\"Rafael Lara\"><\/a><div class=\"authorBox__name\"><span>por\n\t\t\t<a href=\"https:\/\/www.suno.com.br\/noticias\/author\/rafael\/\"><span itemprop=\"author\">Rafael Lara<\/span><\/a><\/span><time datetime=\"2019-08-20T20:16:31-03:00\" itemprop=\"datePublished\">20\/08\/2019 20:16<\/time><\/div><\/div><\/div><\/div><\/div>","single_layout":"posts","amp_enabled":true,"_links":{"self":[{"href":"https:\/\/www.suno.com.br\/noticias\/wp-json\/wp\/v2\/posts\/34736"}],"collection":[{"href":"https:\/\/www.suno.com.br\/noticias\/wp-json\/wp\/v2\/posts"}],"about":[{"href":"https:\/\/www.suno.com.br\/noticias\/wp-json\/wp\/v2\/types\/post"}],"author":[{"embeddable":true,"href":"https:\/\/www.suno.com.br\/noticias\/wp-json\/wp\/v2\/users\/23"}],"replies":[{"embeddable":true,"href":"https:\/\/www.suno.com.br\/noticias\/wp-json\/wp\/v2\/comments?post=34736"}],"version-history":[{"count":0,"href":"https:\/\/www.suno.com.br\/noticias\/wp-json\/wp\/v2\/posts\/34736\/revisions"}],"wp:featuredmedia":[{"embeddable":true,"href":"https:\/\/www.suno.com.br\/noticias\/wp-json\/wp\/v2\/media\/34742"}],"wp:attachment":[{"href":"https:\/\/www.suno.com.br\/noticias\/wp-json\/wp\/v2\/media?parent=34736"}],"wp:term":[{"taxonomy":"category","embeddable":true,"href":"https:\/\/www.suno.com.br\/noticias\/wp-json\/wp\/v2\/categories?post=34736"},{"taxonomy":"post_tag","embeddable":true,"href":"https:\/\/www.suno.com.br\/noticias\/wp-json\/wp\/v2\/tags?post=34736"},{"taxonomy":"suno_strategy","embeddable":true,"href":"https:\/\/www.suno.com.br\/noticias\/wp-json\/wp\/v2\/suno_strategy?post=34736"}],"curies":[{"name":"wp","href":"https:\/\/api.w.org\/{rel}","templated":true}]}}