{"id":347342,"date":"2023-01-14T15:54:29","date_gmt":"2023-01-14T18:54:29","guid":{"rendered":"https:\/\/www.suno.com.br\/noticias\/?p=347342"},"modified":"2023-01-14T15:54:29","modified_gmt":"2023-01-14T18:54:29","slug":"lula-vai-relancar-minha-casa-minha-vida-bahia","status":"publish","type":"post","link":"https:\/\/www.suno.com.br\/noticias\/lula-vai-relancar-minha-casa-minha-vida-bahia\/","title":{"rendered":"Lula vai relan\u00e7ar Minha Casa, Minha Vida em viagem \u00e0 Bahia ainda em janeiro"},"content":{"rendered":"<p>O presidente Luiz In\u00e1cio <strong>Lula<\/strong> da Silva (PT) vai relan\u00e7ar o programa<strong> Minha Casa, Minha Vida<\/strong> em agenda no dia 20 de janeiro, na cidade de Feira de Santana, na Bahia. Segundo informa\u00e7\u00f5es do jornal O Estado de S. Paulo, o evento ser\u00e1 aproveitado para entrega simult\u00e2nea de unidades habitacionais em outros munic\u00edpios brasileiros. <\/p>\t<div class=\"wrapper-featured-image\">\n\t\t<figure class=\"spotlightImg\">\n\n\t\t\t<picture>\n\t\t\t\t<source media=\"(max-width: 768px)\" srcset=\"https:\/\/files.sunoresearch.com.br\/n\/uploads\/2022\/12\/lula-pronunciamento-ricardostcukert-400x200.jpg\">\n\t\t\t\t<img loading=\"lazy\" decoding=\"async\" class=\"newsContent__article__imgCapa lazyloadDisabled \" src=\"https:\/\/files.sunoresearch.com.br\/n\/uploads\/2022\/12\/lula-pronunciamento-ricardostcukert-800x450.jpg\" width=\"800\" height=\"450\" alt=\"Lula vai relan\u00e7ar Minha Casa, Minha Vida em viagem \u00e0 Bahia ainda em janeiro\" fetchpriority=high \/>\n\t\t\t<\/picture>\n\n\t\t\t<figcaption class=\"wp-caption-text wp-caption-text--show\">Luiz In\u00e1cio Lula da Silva (PT). Foto: Ricardo Stuckert<\/figcaption>\n\t\t<\/figure>\n\t<\/div>\n\n\n\n\n\n\t<p>\n\t\t<a href=\"\" target=\"_blank\" data-element=\"shortcode-suno-banner\" title=\"Banner SUNO, clique e saiba mais\">\n\t\t\t<picture>\n\t\t\t\t<source media=\"(max-width: 500px)\" srcset=\"\">\n\t\t\t\t<img class=\"newsContent__article__imgCapa newsContent__article__imgCapa--banner\"\n\t\t\t\t\tsrc=\"\"\n\t\t\t\t\tdata-promo-id=\"138420\"\t\t\t\t\t\t\t\t\t\t\t\t\t\t\talt=\"\"\n\t\t\t\t>\n\t\t\t<\/picture>\n\t\t<\/a>\n\t<\/p>\n\n\n\n\n\n<p><strong>Quatro mil moradias est\u00e3o aptas para distribui\u00e7\u00e3o no Brasil<\/strong>, mas o governo ainda n\u00e3o definiu se todas ser\u00e3o repassadas na mesma cerim\u00f4nia.<\/p>\n\n\n\n<p><strong>Lula far\u00e1 entregas do Minha Casa, Minha Vida pessoalmente em Feira de Santana<\/strong>, na primeira viagem ao Nordeste ap\u00f3s a posse. A agenda foi definida na tarde deste s\u00e1bado (14). Ao optar pela Bahia para relan\u00e7ar o programa s\u00edmbolo das gest\u00f5es petistas, e que \u00e9 uma das prioridades do in\u00edcio do governo, Lula faz gesto simb\u00f3lico ao estado que lhe <a href=\"https:\/\/www.suno.com.br\/noticias\/lula-pt-eleito-presidente-do-brasil-2022\/\">concedeu 72% dos votos no segundo turno<\/a> da disputa eleitoral em outubro de 2022.<\/p>\n\n\n\n\t<div data-element=\"shortcode-read-more\" class=\"readToo\">\n\t\t\t\t<span class=\"readToo__title\">Leia mais<\/span>\n\t\t\t\t<ul class=\"readToo__list\">\n\t\t\t<li><a href=\"https:\/\/www.suno.com.br\/noticias\/salario-minimo-ajuste-lula-haddad\/\">Sal\u00e1rio m\u00ednimo vai aumentar? Ajuste desejado por Lula \u00e9 &#8220;decis\u00e3o pol\u00edtica&#8221;, diz Haddad<\/a><\/li><li><a href=\"https:\/\/www.suno.com.br\/noticias\/lula-critica-mercado-despesas-sociais\/\">Gasto ou investimento? Lula critica forma como mercado se refere \u00e0s despesas sociais<\/a><\/li>\t\t<\/ul>\n\t<\/div>\n\n\n\n\n<p>A escolha por Feira de Santana foi articulada pelo ministro da Casa Civil, Rui Costa (PT), e mira fortalecer o partido na cidade &#8211; a segunda maior da Bahia em termos populacionais e nunca gerida pelo PT. O governador do Estado, Jer\u00f4nimo Rodrigues (PT), deve participar da cerim\u00f4nia.<\/p>\n\n\n\n<p>A <strong>inaugura\u00e7\u00e3o das moradias do Minha Casa, Minha Vida <\/strong>tamb\u00e9m atende ao desejo de Lula de fazer entregas r\u00e1pidas de obras \u00e0 popula\u00e7\u00e3o. A Bahia ser\u00e1 o primeiro dos dois Estados que o presidente pretende visitar antes da primeira viagem internacional do mandato, para a Argentina. <\/p>\n\n\n\n<p>A equipe de <strong>Lula <\/strong>estuda qual ser\u00e1 a pr\u00f3xima unidade da federa\u00e7\u00e3o a receber a visita do presidente, tamb\u00e9m para inaugura\u00e7\u00e3o de obras.<\/p>\n\n\n\n<p>Com Estad\u00e3o Conte\u00fado<\/p>\n\n\n\t<p>\n\t\t<a href=\"https:\/\/lp.suno.com.br\/planilha-controle-gastos\/\" target=\"_blank\" data-element=\"shortcode-suno-banner\" title=\"Banner SUNO, clique e saiba mais\">\n\t\t\t<picture>\n\t\t\t\t<source media=\"(max-width: 500px)\" srcset=\"https:\/\/files.sunoresearch.com.br\/n\/uploads\/2023\/03\/400x300-Planilha-controle-de-gastos.png\">\n\t\t\t\t<img class=\"newsContent__article__imgCapa newsContent__article__imgCapa--banner\"\n\t\t\t\t\tsrc=\"https:\/\/files.sunoresearch.com.br\/n\/uploads\/2023\/03\/1420x240-Planilha-controle-de-gastos.png\"\n\t\t\t\t\tdata-promo-id=\"101751\"\t\t\t\t\t\t\t\t\t\twidth='1420' height='240'\t\t\t\t\talt=\"https:\/\/files.sunoresearch.com.br\/n\/uploads\/2023\/03\/1420x240-Planilha-controle-de-gastos.png\"\n\t\t\t\t>\n\t\t\t<\/picture>\n\t\t<\/a>\n\t<\/p>\n\n\n","protected":false},"excerpt":{"rendered":"<p>O presidente Luiz In\u00e1cio Lula da Silva (PT) vai relan\u00e7ar o programa Minha Casa, Minha Vida em agenda no dia 20 de janeiro, na cidade de Feira de Santana, na Bahia. Segundo informa\u00e7\u00f5es do jornal O Estado de S. Paulo, o evento ser\u00e1 aproveitado para entrega simult\u00e2nea de unidades habitacionais em outros munic\u00edpios brasileiros. Luiz [&hellip;]<\/p>\n","protected":false},"author":70,"featured_media":330628,"comment_status":"closed","ping_status":"closed","sticky":false,"template":"","format":"standard","meta":[],"categories":[61],"tags":[709,1459],"suno_strategy":[],"class_list":["post-347342","post","type-post","status-publish","format-standard","has-post-thumbnail","hentry","category-politica","tag-lula","tag-minha-casa-minha-vida"],"yoast_head":"<!-- This site is optimized with the Yoast SEO plugin v24.4 - https:\/\/yoast.com\/wordpress\/plugins\/seo\/ -->\n<title>Lula vai relan\u00e7ar Minha Casa, Minha Vida em viagem \u00e0 Bahia<\/title>\n<meta name=\"description\" content=\"Lula far\u00e1 entregas de moradias do Minha Casa, Minha Vida em Feira de Santana, na primeira viagem ao Nordeste ap\u00f3s a posse. Saiba mais.\" \/>\n<meta name=\"robots\" content=\"index, follow, max-snippet:-1, max-image-preview:large, max-video-preview:-1\" \/>\n<link rel=\"canonical\" href=\"https:\/\/www.suno.com.br\/noticias\/lula-vai-relancar-minha-casa-minha-vida-bahia\/\" \/>\n<meta property=\"og:locale\" content=\"pt_BR\" \/>\n<meta property=\"og:type\" content=\"article\" \/>\n<meta property=\"og:title\" content=\"Lula vai relan\u00e7ar Minha Casa, Minha Vida em viagem \u00e0 Bahia\" \/>\n<meta property=\"og:description\" content=\"Lula far\u00e1 entregas de moradias do Minha Casa, Minha Vida em Feira de Santana, na primeira viagem ao Nordeste ap\u00f3s a posse. Saiba mais.\" \/>\n<meta property=\"og:url\" content=\"https:\/\/www.suno.com.br\/noticias\/lula-vai-relancar-minha-casa-minha-vida-bahia\/\" \/>\n<meta property=\"og:site_name\" content=\"Suno Not\u00edcias\" \/>\n<meta property=\"article:publisher\" content=\"https:\/\/facebook.com\/sunoresearch\" \/>\n<meta property=\"og:image\" content=\"https:\/\/files.sunoresearch.com.br\/n\/uploads\/2022\/12\/lula-pronunciamento-ricardostcukert.jpg\" \/>\n\t<meta property=\"og:image:width\" content=\"1200\" \/>\n\t<meta property=\"og:image:height\" content=\"800\" \/>\n\t<meta property=\"og:image:type\" content=\"image\/jpeg\" \/>\n<meta name=\"author\" content=\"Beatriz Boyadjian\" \/>\n<meta name=\"twitter:card\" content=\"summary_large_image\" \/>\n<meta name=\"twitter:creator\" content=\"@sunoresearch\" \/>\n<meta name=\"twitter:site\" content=\"@sunoresearch\" \/>\n<meta name=\"twitter:label1\" content=\"Escrito por\" \/>\n\t<meta name=\"twitter:data1\" content=\"Beatriz Boyadjian\" \/>\n\t<meta name=\"twitter:label2\" content=\"Est. tempo de leitura\" \/>\n\t<meta name=\"twitter:data2\" content=\"2 minutos\" \/>\n<script type=\"application\/ld+json\" class=\"yoast-schema-graph\">{\"@context\":\"https:\/\/schema.org\",\"@graph\":[{\"@type\":\"NewsArticle\",\"@id\":\"https:\/\/www.suno.com.br\/noticias\/lula-vai-relancar-minha-casa-minha-vida-bahia\/#article\",\"isPartOf\":{\"@id\":\"https:\/\/www.suno.com.br\/noticias\/lula-vai-relancar-minha-casa-minha-vida-bahia\/\"},\"author\":{\"name\":\"Beatriz Boyadjian\",\"@id\":\"https:\/\/www.suno.com.br\/noticias\/#\/schema\/person\/c9d40f227e4ffee8114b1299c28902b0\"},\"headline\":\"Lula vai relan\u00e7ar Minha Casa, Minha Vida em viagem \u00e0 Bahia ainda em janeiro\",\"datePublished\":\"2023-01-14T18:54:29+00:00\",\"mainEntityOfPage\":{\"@id\":\"https:\/\/www.suno.com.br\/noticias\/lula-vai-relancar-minha-casa-minha-vida-bahia\/\"},\"wordCount\":313,\"publisher\":{\"@id\":\"https:\/\/www.suno.com.br\/noticias\/#organization\"},\"image\":{\"@id\":\"https:\/\/www.suno.com.br\/noticias\/lula-vai-relancar-minha-casa-minha-vida-bahia\/#primaryimage\"},\"thumbnailUrl\":\"https:\/\/files.sunoresearch.com.br\/n\/uploads\/2022\/12\/lula-pronunciamento-ricardostcukert.jpg\",\"keywords\":[\"Lula\",\"Minha Casa Minha Vida\"],\"articleSection\":[\"Pol\u00edtica\"],\"inLanguage\":\"pt-BR\"},{\"@type\":\"WebPage\",\"@id\":\"https:\/\/www.suno.com.br\/noticias\/lula-vai-relancar-minha-casa-minha-vida-bahia\/\",\"url\":\"https:\/\/www.suno.com.br\/noticias\/lula-vai-relancar-minha-casa-minha-vida-bahia\/\",\"name\":\"Lula vai relan\u00e7ar Minha Casa, Minha Vida em viagem \u00e0 Bahia\",\"isPartOf\":{\"@id\":\"https:\/\/www.suno.com.br\/noticias\/#website\"},\"primaryImageOfPage\":{\"@id\":\"https:\/\/www.suno.com.br\/noticias\/lula-vai-relancar-minha-casa-minha-vida-bahia\/#primaryimage\"},\"image\":{\"@id\":\"https:\/\/www.suno.com.br\/noticias\/lula-vai-relancar-minha-casa-minha-vida-bahia\/#primaryimage\"},\"thumbnailUrl\":\"https:\/\/files.sunoresearch.com.br\/n\/uploads\/2022\/12\/lula-pronunciamento-ricardostcukert.jpg\",\"datePublished\":\"2023-01-14T18:54:29+00:00\",\"description\":\"Lula far\u00e1 entregas de moradias do Minha Casa, Minha Vida em Feira de Santana, na primeira viagem ao Nordeste ap\u00f3s a posse. Saiba mais.\",\"breadcrumb\":{\"@id\":\"https:\/\/www.suno.com.br\/noticias\/lula-vai-relancar-minha-casa-minha-vida-bahia\/#breadcrumb\"},\"inLanguage\":\"pt-BR\",\"potentialAction\":[{\"@type\":\"ReadAction\",\"target\":[\"https:\/\/www.suno.com.br\/noticias\/lula-vai-relancar-minha-casa-minha-vida-bahia\/\"]}]},{\"@type\":\"ImageObject\",\"inLanguage\":\"pt-BR\",\"@id\":\"https:\/\/www.suno.com.br\/noticias\/lula-vai-relancar-minha-casa-minha-vida-bahia\/#primaryimage\",\"url\":\"https:\/\/files.sunoresearch.com.br\/n\/uploads\/2022\/12\/lula-pronunciamento-ricardostcukert.jpg\",\"contentUrl\":\"https:\/\/files.sunoresearch.com.br\/n\/uploads\/2022\/12\/lula-pronunciamento-ricardostcukert.jpg\",\"width\":1200,\"height\":800,\"caption\":\"Luiz In\u00e1cio Lula da Silva (PT). Foto: Ricardo Stuckert\"},{\"@type\":\"BreadcrumbList\",\"@id\":\"https:\/\/www.suno.com.br\/noticias\/lula-vai-relancar-minha-casa-minha-vida-bahia\/#breadcrumb\",\"itemListElement\":[{\"@type\":\"ListItem\",\"position\":1,\"name\":\"Not\u00edcias\",\"item\":\"https:\/\/www.suno.com.br\/noticias\/\"},{\"@type\":\"ListItem\",\"position\":2,\"name\":\"Pol\u00edtica\",\"item\":\"https:\/\/www.suno.com.br\/noticias\/politica\/\"},{\"@type\":\"ListItem\",\"position\":3,\"name\":\"Lula vai relan\u00e7ar Minha Casa, Minha Vida em viagem \u00e0 Bahia ainda em janeiro\"}]},{\"@type\":\"WebSite\",\"@id\":\"https:\/\/www.suno.com.br\/noticias\/#website\",\"url\":\"https:\/\/www.suno.com.br\/noticias\/\",\"name\":\"Suno Not\u00edcias\",\"description\":\"Seu portal de informa\u00e7\u00e3o sobre o mundo dos investimentos\",\"publisher\":{\"@id\":\"https:\/\/www.suno.com.br\/noticias\/#organization\"},\"potentialAction\":[{\"@type\":\"SearchAction\",\"target\":{\"@type\":\"EntryPoint\",\"urlTemplate\":\"https:\/\/www.suno.com.br\/noticias\/?s={search_term_string}\"},\"query-input\":{\"@type\":\"PropertyValueSpecification\",\"valueRequired\":true,\"valueName\":\"search_term_string\"}}],\"inLanguage\":\"pt-BR\"},{\"@type\":\"Organization\",\"@id\":\"https:\/\/www.suno.com.br\/noticias\/#organization\",\"name\":\"Suno Not\u00edcias\",\"url\":\"https:\/\/www.suno.com.br\/noticias\/\",\"logo\":{\"@type\":\"ImageObject\",\"inLanguage\":\"pt-BR\",\"@id\":\"https:\/\/www.suno.com.br\/noticias\/#\/schema\/logo\/image\/\",\"url\":\"https:\/\/files.sunoresearch.com.br\/n\/uploads\/2021\/09\/suno-logo.png\",\"contentUrl\":\"https:\/\/files.sunoresearch.com.br\/n\/uploads\/2021\/09\/suno-logo.png\",\"width\":180,\"height\":180,\"caption\":\"Suno Not\u00edcias\"},\"image\":{\"@id\":\"https:\/\/www.suno.com.br\/noticias\/#\/schema\/logo\/image\/\"},\"sameAs\":[\"https:\/\/facebook.com\/sunoresearch\",\"https:\/\/x.com\/sunoresearch\",\"https:\/\/www.instagram.com\/suno\",\"https:\/\/www.linkedin.com\/company\/suno-research\/\",\"https:\/\/www.youtube.com\/c\/sunoresearch\"]},{\"@type\":\"Person\",\"@id\":\"https:\/\/www.suno.com.br\/noticias\/#\/schema\/person\/c9d40f227e4ffee8114b1299c28902b0\",\"name\":\"Beatriz Boyadjian\",\"image\":{\"@type\":\"ImageObject\",\"inLanguage\":\"pt-BR\",\"@id\":\"https:\/\/www.suno.com.br\/noticias\/#\/schema\/person\/image\/\",\"url\":\"https:\/\/secure.gravatar.com\/avatar\/4c3c59f4030e268f950437c4f36e38b7?s=96&r=g\",\"contentUrl\":\"https:\/\/secure.gravatar.com\/avatar\/4c3c59f4030e268f950437c4f36e38b7?s=96&r=g\",\"caption\":\"Beatriz Boyadjian\"},\"description\":\"Rep\u00f3rter multim\u00eddia no Suno Not\u00edcias. Jornalista formada pela Faculdade C\u00e1sper L\u00edbero, foi rep\u00f3rter da Forbes Brasil e atuou na cobertura de hard news, economia, neg\u00f3cios e lifestyle. Gerenciou as redes sociais da edi\u00e7\u00e3o brasileira da tradicional revista de neg\u00f3cios. Na M\u00e1quina Cohn&amp;Wolfe, atuou como rela\u00e7\u00f5es p\u00fablicas de clientes do N\u00facleo de Sa\u00fade da empresa. Produziu releases, notas, relat\u00f3rios, entre outros, para empresas como Biomm, Hypera, FIDI. Anteriormente, respons\u00e1vel pelas redes sociais do Suno Not\u00edcias.\",\"sameAs\":[\"https:\/\/www.linkedin.com\/in\/beatriz-boyadjian\/\"],\"url\":\"https:\/\/www.suno.com.br\/noticias\/author\/beatriz-boyadjian\/\"}]}<\/script>\n<!-- \/ Yoast SEO plugin. -->","yoast_head_json":{"title":"Lula vai relan\u00e7ar Minha Casa, Minha Vida em viagem \u00e0 Bahia","description":"Lula far\u00e1 entregas de moradias do Minha Casa, Minha Vida em Feira de Santana, na primeira viagem ao Nordeste ap\u00f3s a posse. Saiba mais.","robots":{"index":"index","follow":"follow","max-snippet":"max-snippet:-1","max-image-preview":"max-image-preview:large","max-video-preview":"max-video-preview:-1"},"canonical":"https:\/\/www.suno.com.br\/noticias\/lula-vai-relancar-minha-casa-minha-vida-bahia\/","og_locale":"pt_BR","og_type":"article","og_title":"Lula vai relan\u00e7ar Minha Casa, Minha Vida em viagem \u00e0 Bahia","og_description":"Lula far\u00e1 entregas de moradias do Minha Casa, Minha Vida em Feira de Santana, na primeira viagem ao Nordeste ap\u00f3s a posse. Saiba mais.","og_url":"https:\/\/www.suno.com.br\/noticias\/lula-vai-relancar-minha-casa-minha-vida-bahia\/","og_site_name":"Suno Not\u00edcias","article_publisher":"https:\/\/facebook.com\/sunoresearch","og_image":[{"width":1200,"height":800,"url":"https:\/\/files.sunoresearch.com.br\/n\/uploads\/2022\/12\/lula-pronunciamento-ricardostcukert.jpg","type":"image\/jpeg"}],"author":"Beatriz Boyadjian","twitter_card":"summary_large_image","twitter_creator":"@sunoresearch","twitter_site":"@sunoresearch","twitter_misc":{"Escrito por":"Beatriz Boyadjian","Est. tempo de leitura":"2 minutos"},"schema":{"@context":"https:\/\/schema.org","@graph":[{"@type":"NewsArticle","@id":"https:\/\/www.suno.com.br\/noticias\/lula-vai-relancar-minha-casa-minha-vida-bahia\/#article","isPartOf":{"@id":"https:\/\/www.suno.com.br\/noticias\/lula-vai-relancar-minha-casa-minha-vida-bahia\/"},"author":{"name":"Beatriz Boyadjian","@id":"https:\/\/www.suno.com.br\/noticias\/#\/schema\/person\/c9d40f227e4ffee8114b1299c28902b0"},"headline":"Lula vai relan\u00e7ar Minha Casa, Minha Vida em viagem \u00e0 Bahia ainda em janeiro","datePublished":"2023-01-14T18:54:29+00:00","mainEntityOfPage":{"@id":"https:\/\/www.suno.com.br\/noticias\/lula-vai-relancar-minha-casa-minha-vida-bahia\/"},"wordCount":313,"publisher":{"@id":"https:\/\/www.suno.com.br\/noticias\/#organization"},"image":{"@id":"https:\/\/www.suno.com.br\/noticias\/lula-vai-relancar-minha-casa-minha-vida-bahia\/#primaryimage"},"thumbnailUrl":"https:\/\/files.sunoresearch.com.br\/n\/uploads\/2022\/12\/lula-pronunciamento-ricardostcukert.jpg","keywords":["Lula","Minha Casa Minha Vida"],"articleSection":["Pol\u00edtica"],"inLanguage":"pt-BR"},{"@type":"WebPage","@id":"https:\/\/www.suno.com.br\/noticias\/lula-vai-relancar-minha-casa-minha-vida-bahia\/","url":"https:\/\/www.suno.com.br\/noticias\/lula-vai-relancar-minha-casa-minha-vida-bahia\/","name":"Lula vai relan\u00e7ar Minha Casa, Minha Vida em viagem \u00e0 Bahia","isPartOf":{"@id":"https:\/\/www.suno.com.br\/noticias\/#website"},"primaryImageOfPage":{"@id":"https:\/\/www.suno.com.br\/noticias\/lula-vai-relancar-minha-casa-minha-vida-bahia\/#primaryimage"},"image":{"@id":"https:\/\/www.suno.com.br\/noticias\/lula-vai-relancar-minha-casa-minha-vida-bahia\/#primaryimage"},"thumbnailUrl":"https:\/\/files.sunoresearch.com.br\/n\/uploads\/2022\/12\/lula-pronunciamento-ricardostcukert.jpg","datePublished":"2023-01-14T18:54:29+00:00","description":"Lula far\u00e1 entregas de moradias do Minha Casa, Minha Vida em Feira de Santana, na primeira viagem ao Nordeste ap\u00f3s a posse. Saiba mais.","breadcrumb":{"@id":"https:\/\/www.suno.com.br\/noticias\/lula-vai-relancar-minha-casa-minha-vida-bahia\/#breadcrumb"},"inLanguage":"pt-BR","potentialAction":[{"@type":"ReadAction","target":["https:\/\/www.suno.com.br\/noticias\/lula-vai-relancar-minha-casa-minha-vida-bahia\/"]}]},{"@type":"ImageObject","inLanguage":"pt-BR","@id":"https:\/\/www.suno.com.br\/noticias\/lula-vai-relancar-minha-casa-minha-vida-bahia\/#primaryimage","url":"https:\/\/files.sunoresearch.com.br\/n\/uploads\/2022\/12\/lula-pronunciamento-ricardostcukert.jpg","contentUrl":"https:\/\/files.sunoresearch.com.br\/n\/uploads\/2022\/12\/lula-pronunciamento-ricardostcukert.jpg","width":1200,"height":800,"caption":"Luiz In\u00e1cio Lula da Silva (PT). Foto: Ricardo Stuckert"},{"@type":"BreadcrumbList","@id":"https:\/\/www.suno.com.br\/noticias\/lula-vai-relancar-minha-casa-minha-vida-bahia\/#breadcrumb","itemListElement":[{"@type":"ListItem","position":1,"name":"Not\u00edcias","item":"https:\/\/www.suno.com.br\/noticias\/"},{"@type":"ListItem","position":2,"name":"Pol\u00edtica","item":"https:\/\/www.suno.com.br\/noticias\/politica\/"},{"@type":"ListItem","position":3,"name":"Lula vai relan\u00e7ar Minha Casa, Minha Vida em viagem \u00e0 Bahia ainda em janeiro"}]},{"@type":"WebSite","@id":"https:\/\/www.suno.com.br\/noticias\/#website","url":"https:\/\/www.suno.com.br\/noticias\/","name":"Suno Not\u00edcias","description":"Seu portal de informa\u00e7\u00e3o sobre o mundo dos investimentos","publisher":{"@id":"https:\/\/www.suno.com.br\/noticias\/#organization"},"potentialAction":[{"@type":"SearchAction","target":{"@type":"EntryPoint","urlTemplate":"https:\/\/www.suno.com.br\/noticias\/?s={search_term_string}"},"query-input":{"@type":"PropertyValueSpecification","valueRequired":true,"valueName":"search_term_string"}}],"inLanguage":"pt-BR"},{"@type":"Organization","@id":"https:\/\/www.suno.com.br\/noticias\/#organization","name":"Suno Not\u00edcias","url":"https:\/\/www.suno.com.br\/noticias\/","logo":{"@type":"ImageObject","inLanguage":"pt-BR","@id":"https:\/\/www.suno.com.br\/noticias\/#\/schema\/logo\/image\/","url":"https:\/\/files.sunoresearch.com.br\/n\/uploads\/2021\/09\/suno-logo.png","contentUrl":"https:\/\/files.sunoresearch.com.br\/n\/uploads\/2021\/09\/suno-logo.png","width":180,"height":180,"caption":"Suno Not\u00edcias"},"image":{"@id":"https:\/\/www.suno.com.br\/noticias\/#\/schema\/logo\/image\/"},"sameAs":["https:\/\/facebook.com\/sunoresearch","https:\/\/x.com\/sunoresearch","https:\/\/www.instagram.com\/suno","https:\/\/www.linkedin.com\/company\/suno-research\/","https:\/\/www.youtube.com\/c\/sunoresearch"]},{"@type":"Person","@id":"https:\/\/www.suno.com.br\/noticias\/#\/schema\/person\/c9d40f227e4ffee8114b1299c28902b0","name":"Beatriz Boyadjian","image":{"@type":"ImageObject","inLanguage":"pt-BR","@id":"https:\/\/www.suno.com.br\/noticias\/#\/schema\/person\/image\/","url":"https:\/\/secure.gravatar.com\/avatar\/4c3c59f4030e268f950437c4f36e38b7?s=96&r=g","contentUrl":"https:\/\/secure.gravatar.com\/avatar\/4c3c59f4030e268f950437c4f36e38b7?s=96&r=g","caption":"Beatriz Boyadjian"},"description":"Rep\u00f3rter multim\u00eddia no Suno Not\u00edcias. Jornalista formada pela Faculdade C\u00e1sper L\u00edbero, foi rep\u00f3rter da Forbes Brasil e atuou na cobertura de hard news, economia, neg\u00f3cios e lifestyle. Gerenciou as redes sociais da edi\u00e7\u00e3o brasileira da tradicional revista de neg\u00f3cios. Na M\u00e1quina Cohn&amp;Wolfe, atuou como rela\u00e7\u00f5es p\u00fablicas de clientes do N\u00facleo de Sa\u00fade da empresa. Produziu releases, notas, relat\u00f3rios, entre outros, para empresas como Biomm, Hypera, FIDI. Anteriormente, respons\u00e1vel pelas redes sociais do Suno Not\u00edcias.","sameAs":["https:\/\/www.linkedin.com\/in\/beatriz-boyadjian\/"],"url":"https:\/\/www.suno.com.br\/noticias\/author\/beatriz-boyadjian\/"}]}},"default_loop_html":"<div class=\"cardsPage__listCard__boxs\"><div class=\"cardsPage__listCard__boxs__img\"><a href=\"https:\/\/www.suno.com.br\/noticias\/lula-vai-relancar-minha-casa-minha-vida-bahia\/\"><img class=\"mask\" src=\"https:\/\/www.suno.com.br\/noticias\/wp-content\/themes\/suno\/resources\/images\/spotlight\/spotlight1img\/bg-mask.png\" alt=\"Image Mask\"\/><img src=\"https:\/\/files.sunoresearch.com.br\/n\/uploads\/2022\/12\/lula-pronunciamento-ricardostcukert-400x200.jpg\" alt=\"Lula vai relan\u00e7ar Minha Casa, Minha Vida em viagem \u00e0 Bahia ainda em janeiro\"\/><\/a><span class=\"spotlightCategory\"><a href=\"https:\/\/www.suno.com.br\/noticias\/politica\/\">Pol\u00edtica<\/a><\/span><\/div><div class=\"cardsPage__listCard__boxs__content\"><a href=\"https:\/\/www.suno.com.br\/noticias\/lula-vai-relancar-minha-casa-minha-vida-bahia\/\"><h2 class=\"content__title\">Lula vai relan\u00e7ar Minha Casa, Minha Vida em viagem \u00e0 Bahia ainda em janeiro<\/h2><\/a><div class=\"newsContent__article__meta\"><div class=\"newsContent__article__meta__authorBox\"><a href=\"https:\/\/www.suno.com.br\/noticias\/author\/janize-colaco\/\" class=\"authorBox__avatar noMobi\"><img src=\"https:\/\/files.sunoresearch.com.br\/n\/uploads\/2022\/11\/20221120_111807-1-150x150.jpg\" alt=\"Janize Cola\u00e7o\"><\/a><div class=\"authorBox__name\"><span>por\n\t\t\t<a href=\"https:\/\/www.suno.com.br\/noticias\/author\/janize-colaco\/\"><span itemprop=\"author\">Janize Cola\u00e7o<\/span><\/a><\/span><time datetime=\"2023-01-14T15:54:29-03:00\" itemprop=\"datePublished\">14\/01\/2023 15:54<\/time><\/div><\/div><\/div><\/div><\/div>","single_layout":"posts","amp_enabled":true,"_links":{"self":[{"href":"https:\/\/www.suno.com.br\/noticias\/wp-json\/wp\/v2\/posts\/347342"}],"collection":[{"href":"https:\/\/www.suno.com.br\/noticias\/wp-json\/wp\/v2\/posts"}],"about":[{"href":"https:\/\/www.suno.com.br\/noticias\/wp-json\/wp\/v2\/types\/post"}],"author":[{"embeddable":true,"href":"https:\/\/www.suno.com.br\/noticias\/wp-json\/wp\/v2\/users\/70"}],"replies":[{"embeddable":true,"href":"https:\/\/www.suno.com.br\/noticias\/wp-json\/wp\/v2\/comments?post=347342"}],"version-history":[{"count":2,"href":"https:\/\/www.suno.com.br\/noticias\/wp-json\/wp\/v2\/posts\/347342\/revisions"}],"predecessor-version":[{"id":347357,"href":"https:\/\/www.suno.com.br\/noticias\/wp-json\/wp\/v2\/posts\/347342\/revisions\/347357"}],"wp:featuredmedia":[{"embeddable":true,"href":"https:\/\/www.suno.com.br\/noticias\/wp-json\/wp\/v2\/media\/330628"}],"wp:attachment":[{"href":"https:\/\/www.suno.com.br\/noticias\/wp-json\/wp\/v2\/media?parent=347342"}],"wp:term":[{"taxonomy":"category","embeddable":true,"href":"https:\/\/www.suno.com.br\/noticias\/wp-json\/wp\/v2\/categories?post=347342"},{"taxonomy":"post_tag","embeddable":true,"href":"https:\/\/www.suno.com.br\/noticias\/wp-json\/wp\/v2\/tags?post=347342"},{"taxonomy":"suno_strategy","embeddable":true,"href":"https:\/\/www.suno.com.br\/noticias\/wp-json\/wp\/v2\/suno_strategy?post=347342"}],"curies":[{"name":"wp","href":"https:\/\/api.w.org\/{rel}","templated":true}]}}