{"id":347053,"date":"2023-01-13T20:28:57","date_gmt":"2023-01-13T23:28:57","guid":{"rendered":"https:\/\/www.suno.com.br\/noticias\/?p=347053"},"modified":"2023-01-13T20:29:04","modified_gmt":"2023-01-13T23:29:04","slug":"americanas-amer3-fitch-ratings","status":"publish","type":"post","link":"https:\/\/www.suno.com.br\/noticias\/americanas-amer3-fitch-ratings\/","title":{"rendered":"Americanas (AMER3): ag\u00eancia de classifica\u00e7\u00e3o de risco diz que empresa &#8220;tem estrutura de capital insustent\u00e1vel&#8221;"},"content":{"rendered":"<p>Nesta sexta-feira (13), o Fitch Ratings, ag\u00eancia de classifica\u00e7\u00e3o de risco, rebaixou a nota de cr\u00e9dito da <strong>Americanas<\/strong> (AMER3) na escala global de &#8220;BB&#8221; para &#8220;CC&#8221; e na escala nacional de &#8220;AA&#8221; para &#8220;CC&#8221;. <\/p><div class=\"videoFull \">\n\t\t\t<div class=\"videoWrapper yt-lazyload center\"\n\t\t\t\tdata-width=\"960\"\n\t\t\t\tdata-height=\"540\"\n\t\t\t\tdata-id=\"ZfMk2ihhN4M\"\n\t\t\t\tdata-alt=\"V\u00eddeo do YouTube - clique para reproduzir\"\n\t\t\t\tdata-logo=\"3\"\n\t\t\t\tdata-imagequality=\"maxres\">\n\t\t\t<\/div>\n\t\t<\/div><script type=\"application\/ld+json\">{\"@context\":\"https:\/\/schema.org\",\"@type\":\"VideoObject\",\"name\":\"AMERICANAS (AMER3) AVALIA PEDIDO DE RECUPERA\u00c7\u00c3O JUDICIAL | Torre da Taesa (TAEE11) atacada\",\"description\":\"\ud83d\udea8\ud83d\udcb8\ud835\udc01\ud835\udc1a\ud835\udc22\ud835\udc31\ud835\udc1e \ud835\udc28 \ud835\udc20\ud835\udc2e\ud835\udc22\ud835\udc1a \"\ud835\udc02\ud835\udc28\ud835\udc26\ud835\udc28 \ud835\udc22\ud835\udc27\ud835\udc2f\ud835\udc1e\ud835\udc2c\ud835\udc2d\ud835\udc22\ud835\udc2b \ud835\udc1e\ud835\udc26 \ud835\udfd0\ud835\udfce\ud835\udfd0\ud835\udfd1\" \ud835\udc27\ud835\udc28 \ud835\udc25\ud835\udc22\ud835\udc27\ud835\udc24 \ud83d\udc47 https:\/\/lp.suno.com.br\/cl\/sr-guia-como-investir-em-2023\/?utm_source=youtube.noticias&utm_medium=live&utm_campaign=N\/A.ns.20230109&utm_content=ytnoticias.livedas19h.13012023 O Ibovespa hoje (13) encerrou o preg\u00e3o em queda de 0,84%, aos 110.916,08 pontos, ap\u00f3s oscilar entre 110.427,64 e 111.846,71 pontos. O volume financeiro do dia somou R$ 20,50 bilh\u00f5es. No acumulado da semana, contudo, a alta foi de 1,79%. Nesta sexta-feira, a bolsa\u2026\",\"duration\":\"PT46M54S\",\"embedUrl\":\"https:\/\/www.youtube.com\/embed\/ZfMk2ihhN4M\",\"regionsAllowed\":\"pt-BR\",\"interactionStatistic\":{\"@type\":\"InteractionCounter\",\"interactionType\":{\"@type\":\"WatchAction\"},\"userInteractionCount\":7936},\"thumbnailUrl\":\"https:\/\/i.ytimg.com\/vi\/ZfMk2ihhN4M\/default.jpg\",\"uploadDate\":\"2023-01-13T22:55:20Z\"}<\/script>\n\n\n\n\n\t<p>\n\t\t<a href=\"\" target=\"_blank\" data-element=\"shortcode-suno-banner\" title=\"Banner SUNO, clique e saiba mais\">\n\t\t\t<picture>\n\t\t\t\t<source media=\"(max-width: 500px)\" srcset=\"\">\n\t\t\t\t<img class=\"newsContent__article__imgCapa newsContent__article__imgCapa--banner\"\n\t\t\t\t\tsrc=\"\"\n\t\t\t\t\tdata-promo-id=\"138420\"\t\t\t\t\t\t\t\t\t\t\t\t\t\t\talt=\"\"\n\t\t\t\t>\n\t\t\t<\/picture>\n\t\t<\/a>\n\t<\/p>\n\n\n\n\n\n<p>Al\u00e9m disso, a S&amp;P Global Ratings alterou o rating da Americanas em sua classifica\u00e7\u00e3o de cr\u00e9dito em escala global para &#8220;BB&#8221; e, em escala nacional brasileira, para &#8220;brA&#8221;.<\/p>\n\n\n\n<p>O rebaixamento ocorre depois que Americanas revelou, na quarta (11), ter detectado &#8220;inconsist\u00eancias nos lan\u00e7amentos cont\u00e1veis estimadas no total de R$ 20 bilh\u00f5es&#8221;, com data-base em 30\/09\/2022. O montante apontado \u00e9 maior que o\u00a0<a href=\"https:\/\/www.suno.com.br\/artigos\/valor-de-mercado\/\" target=\"_blank\" rel=\"noreferrer noopener\">valor de mercado<\/a>\u00a0da pr\u00f3pria varejista na Bolsa, que at\u00e9 ent\u00e3o era de R$ 10 bilh\u00f5es.<\/p>\n\n\n\n<p>Nesta sexta-feira (13), segundo o colunista Lauro Jardim do jornal O Globo, a Americanas declarou \u00e0 Justi\u00e7a que tem d\u00edvidas no total de R$ 40 bi e pode pedir recupera\u00e7\u00e3o judicial.<\/p>\n\n\n\t<div data-element=\"shortcode-read-more\" class=\"knowMore\">\n\t\t\t\t<span class=\"knowMore__title\">Sabia mais<\/span>\n\t\t\t\t<a class=\"knowMore__link\" href=\"https:\/\/www.suno.com.br\/noticias\/americanas-amer3-recuperacao-judicial-dividas\/\">\n\t\t\tAmericanas (AMER3) deve pedir recupera\u00e7\u00e3o judicial ap\u00f3s declarar \u00e0 Justi\u00e7a d\u00edvidas de R$ 40 bi\t\t<\/a>\n\t<\/div>\n\n\n\n\n<p>Em <a class=\"suno-keyword\" data-force=\"no\" data-priority=\"1\" href=\"https:\/\/www.suno.com.br\/artigos\/fato-relevante\/\" target=\"_blank\" rel=\"noopener\">fato relevante<\/a> nesta sexta-feira (13), a Americanas explica o motivo do rebaixamento das ag\u00eancias de risco: &#8221; Segundo a Fitch e a S&amp;P, o rebaixamento \u00e9 devido \u00e0s incertezas geradas pela identifica\u00e7\u00e3o das inconsist\u00eancias cont\u00e1beis.&#8221;<\/p>\n\n\n\n<p>No relat\u00f3rio, a Fitch observa que \u00e9 prov\u00e1vel que a Americanas entre em um acordo de &#8220;standstill&#8221; com seus credores, dada &#8220;a <a class=\"suno-keyword\" data-force=\"no\" data-priority=\"1\" href=\"https:\/\/www.suno.com.br\/artigos\/indicadores-estrutura-capital\/\" target=\"_blank\" rel=\"noopener\">estrutura de capital<\/a> insustent\u00e1vel que existe agora e os danos \u00e0 reputa\u00e7\u00e3o ocorridos. &#8220;<\/p>\n\n\n\t<p>\n\t\t<a href=\"https:\/\/lp.suno.com.br\/planilha-controle-gastos\/\" target=\"_blank\" data-element=\"shortcode-suno-banner\" title=\"Banner SUNO, clique e saiba mais\">\n\t\t\t<picture>\n\t\t\t\t<source media=\"(max-width: 500px)\" srcset=\"https:\/\/files.sunoresearch.com.br\/n\/uploads\/2023\/03\/400x300-Planilha-controle-de-gastos.png\">\n\t\t\t\t<img class=\"newsContent__article__imgCapa newsContent__article__imgCapa--banner\"\n\t\t\t\t\tsrc=\"https:\/\/files.sunoresearch.com.br\/n\/uploads\/2023\/03\/1420x240-Planilha-controle-de-gastos.png\"\n\t\t\t\t\tdata-promo-id=\"101751\"\t\t\t\t\t\t\t\t\t\twidth='1420' height='240'\t\t\t\t\talt=\"https:\/\/files.sunoresearch.com.br\/n\/uploads\/2023\/03\/1420x240-Planilha-controle-de-gastos.png\"\n\t\t\t\t>\n\t\t\t<\/picture>\n\t\t<\/a>\n\t<\/p>\n\n\n\n\n\n<p>Um acordo de &#8220;standstill&#8221; consiste, segundo a auditoria BLB Brasil, que o devedor ter per\u00edodo para organizar e apresentar plano de a\u00e7\u00e3o para pagamento aos credores. <\/p>\n\n\n\n<p>&#8220;As classifica\u00e7\u00f5es da empresa seriam rebaixadas para &#8216;C&#8217; se isso acontecer&#8221;, alerta a ag\u00eancia. <\/p>\n\n\n\n<p>O Fitch explica que a <a class=\"suno-keyword\" data-force=\"no\" data-priority=\"1\" href=\"https:\/\/www.suno.com.br\/artigos\/indicadores-estrutura-capital\/\" target=\"_blank\" rel=\"noopener\">estrutura de capital<\/a> insustent\u00e1vel e a reputa\u00e7\u00e3o prejudicada da Americanas prejudicam gravemente sua flexibilidade financeira e capacidade de lidar com obriga\u00e7\u00f5es operacionais e financeiras. &#8220;O apoio dos credores ser\u00e1 fundamental para melhorar sua flexibilidade&#8221;, reiteram.<\/p>\n\n\n\n<p>A Americanas poderia lutar operacionalmente para manter alguns de seus fornecedores existentes, dizem os analistas. Em sua vis\u00e3o, uma inje\u00e7\u00e3o de capital material em tempo h\u00e1bil para evitar a inadimpl\u00eancia \u00e9 altamente incerta.<\/p>\n\n\n\n\t<div data-element=\"shortcode-read-more\" class=\"readToo\">\n\t\t\t\t<span class=\"readToo__title\">Leia mais<\/span>\n\t\t\t\t<ul class=\"readToo__list\">\n\t\t\t<li><a href=\"https:\/\/www.suno.com.br\/noticias\/americanas-amer3-recuperacao-judicial-dividas\/\">Americanas (AMER3) deve pedir recupera\u00e7\u00e3o judicial ap\u00f3s declarar \u00e0 Justi\u00e7a d\u00edvidas de R$ 40 bi<\/a><\/li><li><a href=\"https:\/\/www.suno.com.br\/noticias\/americanas-amer3-rombo-analise-btg\/\">Americanas (AMER3): Para BTG, rombo bilion\u00e1rio pode piorar, e a\u00e7\u00e3o entra em &#8220;quarentena&#8221;<\/a><\/li><li><a href=\"https:\/\/www.suno.com.br\/noticias\/americanas-desistencia-patrocinio-bbb23\/\">Americanas (AMER3) desiste de patrocinar BBB 23 ap\u00f3s rombo bilion\u00e1rio; Mercado Livre (MELI34) assume a cota<\/a><\/li>\t\t<\/ul>\n\t<\/div>\n\n\n\n\n<h2 class=\"wp-block-heading\" id=\"h-acoes-da-americanas\"><strong>A\u00e7\u00f5es da Americanas<\/strong><\/h2>\n\n\n\n<p>As a\u00e7\u00f5es da <strong>Americanas<\/strong> fecharam em alta de 15,81%, a R$ 3,15, ap\u00f3s passar mais uma vez por leil\u00f5es no Ibovespa.<\/p>\n\n\n\t<p>\n\t\t<a href=\"https:\/\/lp.suno.com.br\/planilha-da-vida-financeira\/\" target=\"_blank\" data-element=\"shortcode-suno-banner\" title=\"Banner SUNO, clique e saiba mais\">\n\t\t\t<picture>\n\t\t\t\t<source media=\"(max-width: 500px)\" srcset=\"https:\/\/files.sunoresearch.com.br\/n\/uploads\/2023\/04\/400x300-Planilha-vida-financeira-true.png\">\n\t\t\t\t<img class=\"newsContent__article__imgCapa newsContent__article__imgCapa--banner\"\n\t\t\t\t\tsrc=\"https:\/\/files.sunoresearch.com.br\/n\/uploads\/2023\/04\/1420x240-Planilha-vida-financeira-true.png\"\n\t\t\t\t\tdata-promo-id=\"106682\"\t\t\t\t\t\t\t\t\t\twidth='1420' height='240'\t\t\t\t\talt=\"https:\/\/files.sunoresearch.com.br\/n\/uploads\/2023\/04\/1420x240-Planilha-vida-financeira-true.png\"\n\t\t\t\t>\n\t\t\t<\/picture>\n\t\t<\/a>\n\t<\/p>\n\n\n","protected":false},"excerpt":{"rendered":"<p>Nesta sexta-feira (13), o Fitch Ratings, ag\u00eancia de classifica\u00e7\u00e3o de risco, rebaixou a nota de cr\u00e9dito da Americanas (AMER3) na escala global de &#8220;BB&#8221; para &#8220;CC&#8221; e na escala nacional de &#8220;AA&#8221; para &#8220;CC&#8221;. Al\u00e9m disso, a S&amp;P Global Ratings alterou o rating da Americanas em sua classifica\u00e7\u00e3o de cr\u00e9dito em escala global para &#8220;BB&#8221; [&hellip;]<\/p>\n","protected":false},"author":195,"featured_media":223993,"comment_status":"closed","ping_status":"closed","sticky":false,"template":"","format":"standard","meta":[],"categories":[64],"tags":[286,106605,105816],"suno_strategy":[],"class_list":["post-347053","post","type-post","status-publish","format-standard","has-post-thumbnail","hentry","category-negocios","tag-acoes","tag-americanas-s-a-amer3","tag-especialistas"],"yoast_head":"<!-- This site is optimized with the Yoast SEO plugin v24.4 - https:\/\/yoast.com\/wordpress\/plugins\/seo\/ -->\n<title>Americanas (AMER3) &quot;tem estrutura de capital insustent\u00e1vel&quot;, diz ag\u00eancia<\/title>\n<meta name=\"description\" content=\"Nesta sexta-feira (13), o Fitch Ratings, ag\u00eancia de classifica\u00e7\u00e3o de risco, rebaixou a nota de cr\u00e9dito da Americanas (AMER3). Entenda!\" \/>\n<meta name=\"robots\" content=\"index, follow, max-snippet:-1, max-image-preview:large, max-video-preview:-1\" \/>\n<link rel=\"canonical\" href=\"https:\/\/www.suno.com.br\/noticias\/americanas-amer3-fitch-ratings\/\" \/>\n<meta property=\"og:locale\" content=\"pt_BR\" \/>\n<meta property=\"og:type\" content=\"article\" \/>\n<meta property=\"og:title\" content=\"Americanas (AMER3) &quot;tem estrutura de capital insustent\u00e1vel&quot;, diz ag\u00eancia\" \/>\n<meta property=\"og:description\" content=\"Nesta sexta-feira (13), o Fitch Ratings, ag\u00eancia de classifica\u00e7\u00e3o de risco, rebaixou a nota de cr\u00e9dito da Americanas (AMER3). Entenda!\" \/>\n<meta property=\"og:url\" content=\"https:\/\/www.suno.com.br\/noticias\/americanas-amer3-fitch-ratings\/\" \/>\n<meta property=\"og:site_name\" content=\"Suno Not\u00edcias\" \/>\n<meta property=\"article:publisher\" content=\"https:\/\/facebook.com\/sunoresearch\" \/>\n<meta property=\"og:image\" content=\"https:\/\/files.sunoresearch.com.br\/n\/uploads\/2022\/01\/Ame-Go_cred_Renata-Mello-3-scaled.jpg\" \/>\n\t<meta property=\"og:image:width\" content=\"1934\" \/>\n\t<meta property=\"og:image:height\" content=\"2560\" \/>\n\t<meta property=\"og:image:type\" content=\"image\/jpeg\" \/>\n<meta name=\"author\" content=\"Ana Clara Macedo\" \/>\n<meta name=\"twitter:card\" content=\"summary_large_image\" \/>\n<meta name=\"twitter:creator\" content=\"@sunoresearch\" \/>\n<meta name=\"twitter:site\" content=\"@sunoresearch\" \/>\n<meta name=\"twitter:label1\" content=\"Escrito por\" \/>\n\t<meta name=\"twitter:data1\" content=\"Ana Clara Macedo\" \/>\n\t<meta name=\"twitter:label2\" content=\"Est. tempo de leitura\" \/>\n\t<meta name=\"twitter:data2\" content=\"2 minutos\" \/>\n<script type=\"application\/ld+json\" class=\"yoast-schema-graph\">{\"@context\":\"https:\/\/schema.org\",\"@graph\":[{\"@type\":\"NewsArticle\",\"@id\":\"https:\/\/www.suno.com.br\/noticias\/americanas-amer3-fitch-ratings\/#article\",\"isPartOf\":{\"@id\":\"https:\/\/www.suno.com.br\/noticias\/americanas-amer3-fitch-ratings\/\"},\"author\":{\"name\":\"Ana Clara Macedo\",\"@id\":\"https:\/\/www.suno.com.br\/noticias\/#\/schema\/person\/a70f3c52ef8c814d62ed63b30bb30176\"},\"headline\":\"Americanas (AMER3): ag\u00eancia de classifica\u00e7\u00e3o de risco diz que empresa &#8220;tem estrutura de capital insustent\u00e1vel&#8221;\",\"datePublished\":\"2023-01-13T23:28:57+00:00\",\"dateModified\":\"2023-01-13T23:29:04+00:00\",\"mainEntityOfPage\":{\"@id\":\"https:\/\/www.suno.com.br\/noticias\/americanas-amer3-fitch-ratings\/\"},\"wordCount\":404,\"publisher\":{\"@id\":\"https:\/\/www.suno.com.br\/noticias\/#organization\"},\"image\":{\"@id\":\"https:\/\/www.suno.com.br\/noticias\/americanas-amer3-fitch-ratings\/#primaryimage\"},\"thumbnailUrl\":\"https:\/\/files.sunoresearch.com.br\/n\/uploads\/2022\/01\/Ame-Go_cred_Renata-Mello-3-scaled.jpg\",\"keywords\":[\"A\u00e7\u00f5es\",\"Americanas (AMER3)\",\"Especialistas\"],\"articleSection\":[\"Neg\u00f3cios\"],\"inLanguage\":\"pt-BR\"},{\"@type\":\"WebPage\",\"@id\":\"https:\/\/www.suno.com.br\/noticias\/americanas-amer3-fitch-ratings\/\",\"url\":\"https:\/\/www.suno.com.br\/noticias\/americanas-amer3-fitch-ratings\/\",\"name\":\"Americanas (AMER3) \\\"tem estrutura de capital insustent\u00e1vel\\\", diz ag\u00eancia\",\"isPartOf\":{\"@id\":\"https:\/\/www.suno.com.br\/noticias\/#website\"},\"primaryImageOfPage\":{\"@id\":\"https:\/\/www.suno.com.br\/noticias\/americanas-amer3-fitch-ratings\/#primaryimage\"},\"image\":{\"@id\":\"https:\/\/www.suno.com.br\/noticias\/americanas-amer3-fitch-ratings\/#primaryimage\"},\"thumbnailUrl\":\"https:\/\/files.sunoresearch.com.br\/n\/uploads\/2022\/01\/Ame-Go_cred_Renata-Mello-3-scaled.jpg\",\"datePublished\":\"2023-01-13T23:28:57+00:00\",\"dateModified\":\"2023-01-13T23:29:04+00:00\",\"description\":\"Nesta sexta-feira (13), o Fitch Ratings, ag\u00eancia de classifica\u00e7\u00e3o de risco, rebaixou a nota de cr\u00e9dito da Americanas (AMER3). Entenda!\",\"breadcrumb\":{\"@id\":\"https:\/\/www.suno.com.br\/noticias\/americanas-amer3-fitch-ratings\/#breadcrumb\"},\"inLanguage\":\"pt-BR\",\"potentialAction\":[{\"@type\":\"ReadAction\",\"target\":[\"https:\/\/www.suno.com.br\/noticias\/americanas-amer3-fitch-ratings\/\"]}]},{\"@type\":\"ImageObject\",\"inLanguage\":\"pt-BR\",\"@id\":\"https:\/\/www.suno.com.br\/noticias\/americanas-amer3-fitch-ratings\/#primaryimage\",\"url\":\"https:\/\/files.sunoresearch.com.br\/n\/uploads\/2022\/01\/Ame-Go_cred_Renata-Mello-3-scaled.jpg\",\"contentUrl\":\"https:\/\/files.sunoresearch.com.br\/n\/uploads\/2022\/01\/Ame-Go_cred_Renata-Mello-3-scaled.jpg\",\"width\":1934,\"height\":2560,\"caption\":\"Ame Go; Americanas (AMER3). Foto: Divulga\u00e7\u00e3o\/Renata Mello\/Americanas\"},{\"@type\":\"BreadcrumbList\",\"@id\":\"https:\/\/www.suno.com.br\/noticias\/americanas-amer3-fitch-ratings\/#breadcrumb\",\"itemListElement\":[{\"@type\":\"ListItem\",\"position\":1,\"name\":\"Not\u00edcias\",\"item\":\"https:\/\/www.suno.com.br\/noticias\/\"},{\"@type\":\"ListItem\",\"position\":2,\"name\":\"Neg\u00f3cios\",\"item\":\"https:\/\/www.suno.com.br\/noticias\/negocios\/\"},{\"@type\":\"ListItem\",\"position\":3,\"name\":\"Americanas (AMER3): ag\u00eancia de classifica\u00e7\u00e3o de risco diz que empresa &#8220;tem estrutura de capital insustent\u00e1vel&#8221;\"}]},{\"@type\":\"WebSite\",\"@id\":\"https:\/\/www.suno.com.br\/noticias\/#website\",\"url\":\"https:\/\/www.suno.com.br\/noticias\/\",\"name\":\"Suno Not\u00edcias\",\"description\":\"Seu portal de informa\u00e7\u00e3o sobre o mundo dos investimentos\",\"publisher\":{\"@id\":\"https:\/\/www.suno.com.br\/noticias\/#organization\"},\"potentialAction\":[{\"@type\":\"SearchAction\",\"target\":{\"@type\":\"EntryPoint\",\"urlTemplate\":\"https:\/\/www.suno.com.br\/noticias\/?s={search_term_string}\"},\"query-input\":{\"@type\":\"PropertyValueSpecification\",\"valueRequired\":true,\"valueName\":\"search_term_string\"}}],\"inLanguage\":\"pt-BR\"},{\"@type\":\"Organization\",\"@id\":\"https:\/\/www.suno.com.br\/noticias\/#organization\",\"name\":\"Suno Not\u00edcias\",\"url\":\"https:\/\/www.suno.com.br\/noticias\/\",\"logo\":{\"@type\":\"ImageObject\",\"inLanguage\":\"pt-BR\",\"@id\":\"https:\/\/www.suno.com.br\/noticias\/#\/schema\/logo\/image\/\",\"url\":\"https:\/\/files.sunoresearch.com.br\/n\/uploads\/2021\/09\/suno-logo.png\",\"contentUrl\":\"https:\/\/files.sunoresearch.com.br\/n\/uploads\/2021\/09\/suno-logo.png\",\"width\":180,\"height\":180,\"caption\":\"Suno Not\u00edcias\"},\"image\":{\"@id\":\"https:\/\/www.suno.com.br\/noticias\/#\/schema\/logo\/image\/\"},\"sameAs\":[\"https:\/\/facebook.com\/sunoresearch\",\"https:\/\/x.com\/sunoresearch\",\"https:\/\/www.instagram.com\/suno\",\"https:\/\/www.linkedin.com\/company\/suno-research\/\",\"https:\/\/www.youtube.com\/c\/sunoresearch\"]},{\"@type\":\"Person\",\"@id\":\"https:\/\/www.suno.com.br\/noticias\/#\/schema\/person\/a70f3c52ef8c814d62ed63b30bb30176\",\"name\":\"Ana Clara Macedo\",\"image\":{\"@type\":\"ImageObject\",\"inLanguage\":\"pt-BR\",\"@id\":\"https:\/\/www.suno.com.br\/noticias\/#\/schema\/person\/image\/\",\"url\":\"https:\/\/secure.gravatar.com\/avatar\/40810da86786bd5619f8cd594b0f44ef?s=96&r=g\",\"contentUrl\":\"https:\/\/secure.gravatar.com\/avatar\/40810da86786bd5619f8cd594b0f44ef?s=96&r=g\",\"caption\":\"Ana Clara Macedo\"},\"description\":\"Rep\u00f3rter no Suno Not\u00edcias, cobrindo acontecimentos sobre neg\u00f3cios, mercado financeiro e economia. Anteriormente trabalhou como Rep\u00f3rter no Mercado News e produziu relat\u00f3rios e artigos sobre empresas de capital aberto.\",\"url\":\"https:\/\/www.suno.com.br\/noticias\/author\/ana-clara-macedo\/\"}]}<\/script>\n<!-- \/ Yoast SEO plugin. -->","yoast_head_json":{"title":"Americanas (AMER3) \"tem estrutura de capital insustent\u00e1vel\", diz ag\u00eancia","description":"Nesta sexta-feira (13), o Fitch Ratings, ag\u00eancia de classifica\u00e7\u00e3o de risco, rebaixou a nota de cr\u00e9dito da Americanas (AMER3). Entenda!","robots":{"index":"index","follow":"follow","max-snippet":"max-snippet:-1","max-image-preview":"max-image-preview:large","max-video-preview":"max-video-preview:-1"},"canonical":"https:\/\/www.suno.com.br\/noticias\/americanas-amer3-fitch-ratings\/","og_locale":"pt_BR","og_type":"article","og_title":"Americanas (AMER3) \"tem estrutura de capital insustent\u00e1vel\", diz ag\u00eancia","og_description":"Nesta sexta-feira (13), o Fitch Ratings, ag\u00eancia de classifica\u00e7\u00e3o de risco, rebaixou a nota de cr\u00e9dito da Americanas (AMER3). Entenda!","og_url":"https:\/\/www.suno.com.br\/noticias\/americanas-amer3-fitch-ratings\/","og_site_name":"Suno Not\u00edcias","article_publisher":"https:\/\/facebook.com\/sunoresearch","og_image":[{"width":1934,"height":2560,"url":"https:\/\/files.sunoresearch.com.br\/n\/uploads\/2022\/01\/Ame-Go_cred_Renata-Mello-3-scaled.jpg","type":"image\/jpeg"}],"author":"Ana Clara Macedo","twitter_card":"summary_large_image","twitter_creator":"@sunoresearch","twitter_site":"@sunoresearch","twitter_misc":{"Escrito por":"Ana Clara Macedo","Est. tempo de leitura":"2 minutos"},"schema":{"@context":"https:\/\/schema.org","@graph":[{"@type":"NewsArticle","@id":"https:\/\/www.suno.com.br\/noticias\/americanas-amer3-fitch-ratings\/#article","isPartOf":{"@id":"https:\/\/www.suno.com.br\/noticias\/americanas-amer3-fitch-ratings\/"},"author":{"name":"Ana Clara Macedo","@id":"https:\/\/www.suno.com.br\/noticias\/#\/schema\/person\/a70f3c52ef8c814d62ed63b30bb30176"},"headline":"Americanas (AMER3): ag\u00eancia de classifica\u00e7\u00e3o de risco diz que empresa &#8220;tem estrutura de capital insustent\u00e1vel&#8221;","datePublished":"2023-01-13T23:28:57+00:00","dateModified":"2023-01-13T23:29:04+00:00","mainEntityOfPage":{"@id":"https:\/\/www.suno.com.br\/noticias\/americanas-amer3-fitch-ratings\/"},"wordCount":404,"publisher":{"@id":"https:\/\/www.suno.com.br\/noticias\/#organization"},"image":{"@id":"https:\/\/www.suno.com.br\/noticias\/americanas-amer3-fitch-ratings\/#primaryimage"},"thumbnailUrl":"https:\/\/files.sunoresearch.com.br\/n\/uploads\/2022\/01\/Ame-Go_cred_Renata-Mello-3-scaled.jpg","keywords":["A\u00e7\u00f5es","Americanas (AMER3)","Especialistas"],"articleSection":["Neg\u00f3cios"],"inLanguage":"pt-BR"},{"@type":"WebPage","@id":"https:\/\/www.suno.com.br\/noticias\/americanas-amer3-fitch-ratings\/","url":"https:\/\/www.suno.com.br\/noticias\/americanas-amer3-fitch-ratings\/","name":"Americanas (AMER3) \"tem estrutura de capital insustent\u00e1vel\", diz ag\u00eancia","isPartOf":{"@id":"https:\/\/www.suno.com.br\/noticias\/#website"},"primaryImageOfPage":{"@id":"https:\/\/www.suno.com.br\/noticias\/americanas-amer3-fitch-ratings\/#primaryimage"},"image":{"@id":"https:\/\/www.suno.com.br\/noticias\/americanas-amer3-fitch-ratings\/#primaryimage"},"thumbnailUrl":"https:\/\/files.sunoresearch.com.br\/n\/uploads\/2022\/01\/Ame-Go_cred_Renata-Mello-3-scaled.jpg","datePublished":"2023-01-13T23:28:57+00:00","dateModified":"2023-01-13T23:29:04+00:00","description":"Nesta sexta-feira (13), o Fitch Ratings, ag\u00eancia de classifica\u00e7\u00e3o de risco, rebaixou a nota de cr\u00e9dito da Americanas (AMER3). Entenda!","breadcrumb":{"@id":"https:\/\/www.suno.com.br\/noticias\/americanas-amer3-fitch-ratings\/#breadcrumb"},"inLanguage":"pt-BR","potentialAction":[{"@type":"ReadAction","target":["https:\/\/www.suno.com.br\/noticias\/americanas-amer3-fitch-ratings\/"]}]},{"@type":"ImageObject","inLanguage":"pt-BR","@id":"https:\/\/www.suno.com.br\/noticias\/americanas-amer3-fitch-ratings\/#primaryimage","url":"https:\/\/files.sunoresearch.com.br\/n\/uploads\/2022\/01\/Ame-Go_cred_Renata-Mello-3-scaled.jpg","contentUrl":"https:\/\/files.sunoresearch.com.br\/n\/uploads\/2022\/01\/Ame-Go_cred_Renata-Mello-3-scaled.jpg","width":1934,"height":2560,"caption":"Ame Go; Americanas (AMER3). Foto: Divulga\u00e7\u00e3o\/Renata Mello\/Americanas"},{"@type":"BreadcrumbList","@id":"https:\/\/www.suno.com.br\/noticias\/americanas-amer3-fitch-ratings\/#breadcrumb","itemListElement":[{"@type":"ListItem","position":1,"name":"Not\u00edcias","item":"https:\/\/www.suno.com.br\/noticias\/"},{"@type":"ListItem","position":2,"name":"Neg\u00f3cios","item":"https:\/\/www.suno.com.br\/noticias\/negocios\/"},{"@type":"ListItem","position":3,"name":"Americanas (AMER3): ag\u00eancia de classifica\u00e7\u00e3o de risco diz que empresa &#8220;tem estrutura de capital insustent\u00e1vel&#8221;"}]},{"@type":"WebSite","@id":"https:\/\/www.suno.com.br\/noticias\/#website","url":"https:\/\/www.suno.com.br\/noticias\/","name":"Suno Not\u00edcias","description":"Seu portal de informa\u00e7\u00e3o sobre o mundo dos investimentos","publisher":{"@id":"https:\/\/www.suno.com.br\/noticias\/#organization"},"potentialAction":[{"@type":"SearchAction","target":{"@type":"EntryPoint","urlTemplate":"https:\/\/www.suno.com.br\/noticias\/?s={search_term_string}"},"query-input":{"@type":"PropertyValueSpecification","valueRequired":true,"valueName":"search_term_string"}}],"inLanguage":"pt-BR"},{"@type":"Organization","@id":"https:\/\/www.suno.com.br\/noticias\/#organization","name":"Suno Not\u00edcias","url":"https:\/\/www.suno.com.br\/noticias\/","logo":{"@type":"ImageObject","inLanguage":"pt-BR","@id":"https:\/\/www.suno.com.br\/noticias\/#\/schema\/logo\/image\/","url":"https:\/\/files.sunoresearch.com.br\/n\/uploads\/2021\/09\/suno-logo.png","contentUrl":"https:\/\/files.sunoresearch.com.br\/n\/uploads\/2021\/09\/suno-logo.png","width":180,"height":180,"caption":"Suno Not\u00edcias"},"image":{"@id":"https:\/\/www.suno.com.br\/noticias\/#\/schema\/logo\/image\/"},"sameAs":["https:\/\/facebook.com\/sunoresearch","https:\/\/x.com\/sunoresearch","https:\/\/www.instagram.com\/suno","https:\/\/www.linkedin.com\/company\/suno-research\/","https:\/\/www.youtube.com\/c\/sunoresearch"]},{"@type":"Person","@id":"https:\/\/www.suno.com.br\/noticias\/#\/schema\/person\/a70f3c52ef8c814d62ed63b30bb30176","name":"Ana Clara Macedo","image":{"@type":"ImageObject","inLanguage":"pt-BR","@id":"https:\/\/www.suno.com.br\/noticias\/#\/schema\/person\/image\/","url":"https:\/\/secure.gravatar.com\/avatar\/40810da86786bd5619f8cd594b0f44ef?s=96&r=g","contentUrl":"https:\/\/secure.gravatar.com\/avatar\/40810da86786bd5619f8cd594b0f44ef?s=96&r=g","caption":"Ana Clara Macedo"},"description":"Rep\u00f3rter no Suno Not\u00edcias, cobrindo acontecimentos sobre neg\u00f3cios, mercado financeiro e economia. Anteriormente trabalhou como Rep\u00f3rter no Mercado News e produziu relat\u00f3rios e artigos sobre empresas de capital aberto.","url":"https:\/\/www.suno.com.br\/noticias\/author\/ana-clara-macedo\/"}]}},"default_loop_html":"<div class=\"cardsPage__listCard__boxs\"><div class=\"cardsPage__listCard__boxs__img\"><a href=\"https:\/\/www.suno.com.br\/noticias\/americanas-amer3-fitch-ratings\/\"><img class=\"mask\" src=\"https:\/\/www.suno.com.br\/noticias\/wp-content\/themes\/suno\/resources\/images\/spotlight\/spotlight1img\/bg-mask.png\" alt=\"Image Mask\"\/><img src=\"https:\/\/files.sunoresearch.com.br\/n\/uploads\/2022\/01\/Ame-Go_cred_Renata-Mello-3-400x200.jpg\" alt=\"Americanas (AMER3): ag\u00eancia de classifica\u00e7\u00e3o de risco diz que empresa &#8220;tem estrutura de capital insustent\u00e1vel&#8221;\"\/><\/a><span class=\"spotlightCategory\"><a href=\"https:\/\/www.suno.com.br\/noticias\/negocios\/\">Neg\u00f3cios<\/a><\/span><\/div><div class=\"cardsPage__listCard__boxs__content\"><a href=\"https:\/\/www.suno.com.br\/noticias\/americanas-amer3-fitch-ratings\/\"><h2 class=\"content__title\">Americanas (AMER3): ag\u00eancia de classifica\u00e7\u00e3o de risco diz que empresa &#8220;tem estrutura de capital insustent\u00e1vel&#8221;<\/h2><\/a><div class=\"newsContent__article__meta\"><div class=\"newsContent__article__meta__authorBox\"><a href=\"https:\/\/www.suno.com.br\/noticias\/author\/erick-nery\/\" class=\"authorBox__avatar noMobi\"><img src=\"https:\/\/secure.gravatar.com\/avatar\/518ddffe438ccb767782d372a66304d2?s=96&#038;r=g\" alt=\"Erick Matheus Nery\"><\/a><div class=\"authorBox__name\"><span>por\n\t\t\t<a href=\"https:\/\/www.suno.com.br\/noticias\/author\/erick-nery\/\"><span itemprop=\"author\">Erick Matheus Nery<\/span><\/a><\/span><time datetime=\"2023-01-13T20:28:57-03:00\" itemprop=\"datePublished\">13\/01\/2023 20:28<\/time><\/div><\/div><\/div><\/div><\/div>","single_layout":"posts","amp_enabled":true,"_links":{"self":[{"href":"https:\/\/www.suno.com.br\/noticias\/wp-json\/wp\/v2\/posts\/347053"}],"collection":[{"href":"https:\/\/www.suno.com.br\/noticias\/wp-json\/wp\/v2\/posts"}],"about":[{"href":"https:\/\/www.suno.com.br\/noticias\/wp-json\/wp\/v2\/types\/post"}],"author":[{"embeddable":true,"href":"https:\/\/www.suno.com.br\/noticias\/wp-json\/wp\/v2\/users\/195"}],"replies":[{"embeddable":true,"href":"https:\/\/www.suno.com.br\/noticias\/wp-json\/wp\/v2\/comments?post=347053"}],"version-history":[{"count":2,"href":"https:\/\/www.suno.com.br\/noticias\/wp-json\/wp\/v2\/posts\/347053\/revisions"}],"predecessor-version":[{"id":347197,"href":"https:\/\/www.suno.com.br\/noticias\/wp-json\/wp\/v2\/posts\/347053\/revisions\/347197"}],"wp:featuredmedia":[{"embeddable":true,"href":"https:\/\/www.suno.com.br\/noticias\/wp-json\/wp\/v2\/media\/223993"}],"wp:attachment":[{"href":"https:\/\/www.suno.com.br\/noticias\/wp-json\/wp\/v2\/media?parent=347053"}],"wp:term":[{"taxonomy":"category","embeddable":true,"href":"https:\/\/www.suno.com.br\/noticias\/wp-json\/wp\/v2\/categories?post=347053"},{"taxonomy":"post_tag","embeddable":true,"href":"https:\/\/www.suno.com.br\/noticias\/wp-json\/wp\/v2\/tags?post=347053"},{"taxonomy":"suno_strategy","embeddable":true,"href":"https:\/\/www.suno.com.br\/noticias\/wp-json\/wp\/v2\/suno_strategy?post=347053"}],"curies":[{"name":"wp","href":"https:\/\/api.w.org\/{rel}","templated":true}]}}