{"id":347045,"date":"2023-01-13T18:49:45","date_gmt":"2023-01-13T21:49:45","guid":{"rendered":"https:\/\/www.suno.com.br\/noticias\/?p=347045"},"modified":"2023-01-13T23:38:51","modified_gmt":"2023-01-14T02:38:51","slug":"americanas-amer3-recuperacao-judicial-dividas","status":"publish","type":"post","link":"https:\/\/www.suno.com.br\/noticias\/americanas-amer3-recuperacao-judicial-dividas\/","title":{"rendered":"Americanas (AMER3) deve pedir recupera\u00e7\u00e3o judicial ap\u00f3s declarar \u00e0 Justi\u00e7a d\u00edvidas de R$ 40 bi"},"content":{"rendered":"<p>A <strong>Americanas<\/strong> (AMER3) cogita pedir <a class=\"suno-keyword\" data-force=\"no\" data-priority=\"2\" href=\"https:\/\/www.suno.com.br\/artigos\/recuperacao-judicial\/\" target=\"_blank\" rel=\"noopener\">recupera\u00e7\u00e3o judicial<\/a>. A empresa, que na \u00faltima quarta (11) encontrou um <a href=\"https:\/\/www.suno.com.br\/noticias\/americanas-amer3-sergio-rial-rombo-bilionario\/\">rombo cont\u00e1bil de R$ 20 bi<\/a>, declarou \u00e0 Justi\u00e7a que tem d\u00edvidas no total de R$ 40 bi. As informa\u00e7\u00f5es s\u00e3o do colunista Lauro Jardim, do jornal O Globo. A descoberta da lacuna bilion\u00e1ria no balan\u00e7o da empresa culminou com a sa\u00edda do CEO da empresa, Sergio Rial.<\/p><div class=\"videoFull \">\n\t\t\t<div class=\"videoWrapper yt-lazyload center\"\n\t\t\t\tdata-width=\"960\"\n\t\t\t\tdata-height=\"540\"\n\t\t\t\tdata-id=\"ZfMk2ihhN4M\"\n\t\t\t\tdata-alt=\"V\u00eddeo do YouTube - clique para reproduzir\"\n\t\t\t\tdata-logo=\"3\"\n\t\t\t\tdata-imagequality=\"maxres\">\n\t\t\t<\/div>\n\t\t<\/div><script type=\"application\/ld+json\">{\"@context\":\"https:\/\/schema.org\",\"@type\":\"VideoObject\",\"name\":\"AMERICANAS (AMER3) AVALIA PEDIDO DE RECUPERA\u00c7\u00c3O JUDICIAL | Torre da Taesa (TAEE11) atacada\",\"description\":\"\ud83d\udea8\ud83d\udcb8\ud835\udc01\ud835\udc1a\ud835\udc22\ud835\udc31\ud835\udc1e \ud835\udc28 \ud835\udc20\ud835\udc2e\ud835\udc22\ud835\udc1a \"\ud835\udc02\ud835\udc28\ud835\udc26\ud835\udc28 \ud835\udc22\ud835\udc27\ud835\udc2f\ud835\udc1e\ud835\udc2c\ud835\udc2d\ud835\udc22\ud835\udc2b \ud835\udc1e\ud835\udc26 \ud835\udfd0\ud835\udfce\ud835\udfd0\ud835\udfd1\" \ud835\udc27\ud835\udc28 \ud835\udc25\ud835\udc22\ud835\udc27\ud835\udc24 \ud83d\udc47 https:\/\/lp.suno.com.br\/cl\/sr-guia-como-investir-em-2023\/?utm_source=youtube.noticias&utm_medium=live&utm_campaign=N\/A.ns.20230109&utm_content=ytnoticias.livedas19h.13012023 O Ibovespa hoje (13) encerrou o preg\u00e3o em queda de 0,84%, aos 110.916,08 pontos, ap\u00f3s oscilar entre 110.427,64 e 111.846,71 pontos. O volume financeiro do dia somou R$ 20,50 bilh\u00f5es. No acumulado da semana, contudo, a alta foi de 1,79%. Nesta sexta-feira, a bolsa\u2026\",\"duration\":\"PT46M54S\",\"embedUrl\":\"https:\/\/www.youtube.com\/embed\/ZfMk2ihhN4M\",\"regionsAllowed\":\"pt-BR\",\"interactionStatistic\":{\"@type\":\"InteractionCounter\",\"interactionType\":{\"@type\":\"WatchAction\"},\"userInteractionCount\":7936},\"thumbnailUrl\":\"https:\/\/i.ytimg.com\/vi\/ZfMk2ihhN4M\/default.jpg\",\"uploadDate\":\"2023-01-13T22:55:20Z\"}<\/script>\n\n\n\n\n\t<p>\n\t\t<a href=\"\" target=\"_blank\" data-element=\"shortcode-suno-banner\" title=\"Banner SUNO, clique e saiba mais\">\n\t\t\t<picture>\n\t\t\t\t<source media=\"(max-width: 500px)\" srcset=\"\">\n\t\t\t\t<img class=\"newsContent__article__imgCapa newsContent__article__imgCapa--banner\"\n\t\t\t\t\tsrc=\"\"\n\t\t\t\t\tdata-promo-id=\"341301\"\t\t\t\t\t\t\t\t\t\t\t\t\t\t\talt=\"\"\n\t\t\t\t>\n\t\t\t<\/picture>\n\t\t<\/a>\n\t<\/p>\n\n\n\n\n\n<p>A Americanas confirmou, em documento enviado \u00e0 CVM, que o juiz da 4\u00aa Vara Empresarial do Rio de Janeiro, Paulo Assed, &#8220;concedeu medida de tutela de urg\u00eancia cautelar pedida pela companhia&#8221;. Essa decis\u00e3o elimina a possibilidade de bloqueio, sequestro ou penhora de bens por causa das <strong>d\u00edvidas da empresa<\/strong>. <\/p>\n\n\n\n<p>O documento foi assinado por Jo\u00e3o Guerra, que assumiu interinamente as fun\u00e7\u00f5es de diretor Presidente e de <a class=\"suno-keyword\" target=\"_blank\" data-force=\"no\" data-priority=\"1\" href=\"https:\/\/www.suno.com.br\/artigos\/relacoes-com-investidores\/\" rel=\"noopener\">Rela\u00e7\u00f5es com Investidores<\/a> da Americanas.<\/p>\n\n\n\n<p>Ap\u00f3s essa decis\u00e3o, o Tribunal de Justi\u00e7a do Rio de Janeiro (TJRJ) deu 30 dias corridos para a Americanas entrar com pedido de recupera\u00e7\u00e3o judicial, se a empresa decidir por essa medida. <\/p>\n\n\n\n<p>O <strong>pedido da Americanas<\/strong> se deu porque as <strong>inconsist\u00eancias cont\u00e1beis<\/strong> da ordem de R$ 20 bilh\u00f5es comunicadas pela empresa podem levar ao vencimento antecipado de R$ 40 bilh\u00f5es em d\u00edvidas, segundo alega\u00e7\u00e3o da varejistas ao TJRJ.<\/p>\n\n\n\t<p>\n\t\t<a href=\"\" target=\"_blank\" data-element=\"shortcode-suno-banner\" title=\"Banner SUNO, clique e saiba mais\">\n\t\t\t<picture>\n\t\t\t\t<source media=\"(max-width: 500px)\" srcset=\"\">\n\t\t\t\t<img class=\"newsContent__article__imgCapa newsContent__article__imgCapa--banner\"\n\t\t\t\t\tsrc=\"\"\n\t\t\t\t\tdata-promo-id=\"265277\"\t\t\t\t\t\t\t\t\t\t\t\t\t\t\talt=\"\"\n\t\t\t\t>\n\t\t\t<\/picture>\n\t\t<\/a>\n\t<\/p>\n\n\n\n\n\n<h2 class=\"wp-block-heading\" id=\"h-americanas-modificacao-no-grau-de-endividamento\">Americanas: &#8220;Modifica\u00e7\u00e3o no grau de endividamento&#8221; <\/h2>\n\n\n\n<p>A medida faz a Americanas ganhar tempo: a companhia ficaria desobrigada de <strong>pagar suas d\u00edvidas<\/strong> at\u00e9 que um prov\u00e1vel pedido de recupera\u00e7\u00e3o judicial seja feito \u00e0 Justi\u00e7a. <\/p>\n\n\n\n<p>A empresa alega que o <strong>rombo cont\u00e1bil de R$ 20 bilh\u00f5es<\/strong> pode acarretar em &#8220;vencimento antecipado e imediato de d\u00edvidas em montante de cerca de R$ 40 bilh\u00f5es.&#8221; <\/p>\n\n\n\n<p>A Americanas diz que a descoberta da &#8220;inconsist\u00eancia cont\u00e1bil de R$ 20 bilh\u00f5es&#8221;, comunicada em <a class=\"suno-keyword\" target=\"_blank\" data-force=\"no\" data-priority=\"1\" href=\"https:\/\/www.suno.com.br\/artigos\/fato-relevante\/\" rel=\"noopener\">fato relevante<\/a> na quarta, exigir\u00e1 &#8220;reajustes nos lan\u00e7amentos da companhia e vai impactar os \u00faltimos balan\u00e7os, com modifica\u00e7\u00e3o do grau de endividamento da empresa&#8221;.<\/p>\n\n\n\n<p>O BTG (BPAC11) teria declarado o vencimento antecipado de d\u00edvidas de uma cifra maior que a R$ 1,2 bilh\u00e3o.<\/p>\n\n\n\t<div data-element=\"shortcode-read-more\" class=\"knowMore\">\n\t\t\t\t<span class=\"knowMore__title\">Leia mais<\/span>\n\t\t\t\t<a class=\"knowMore__link\" href=\"https:\/\/www.suno.com.br\/noticias\/americanas-amer3-inconsistencia-balanco-rial-deixa-presidencia\/\">\n\t\t\tAmericanas (AMER3) encontra rombo de R$ 20 bilh\u00f5es em balan\u00e7o; Rial deixa presid\u00eancia\t\t<\/a>\n\t<\/div>\n\n\n\n\t<p>\n\t\t<a href=\"https:\/\/lp.suno.com.br\/planilha-de-controle-de-investimentos\/\" target=\"_blank\" data-element=\"shortcode-suno-banner\" title=\"Banner SUNO, clique e saiba mais\">\n\t\t\t<picture>\n\t\t\t\t<source media=\"(max-width: 500px)\" srcset=\"https:\/\/files.sunoresearch.com.br\/n\/uploads\/2023\/03\/400x300-Controle-de-Investimentos.png\">\n\t\t\t\t<img class=\"newsContent__article__imgCapa newsContent__article__imgCapa--banner\"\n\t\t\t\t\tsrc=\"https:\/\/files.sunoresearch.com.br\/n\/uploads\/2023\/03\/1420x240-Controle-de-Investimentos.png\"\n\t\t\t\t\tdata-promo-id=\"75934\"\t\t\t\t\t\t\t\t\t\twidth='1420' height='240'\t\t\t\t\talt=\"https:\/\/files.sunoresearch.com.br\/n\/uploads\/2023\/03\/1420x240-Controle-de-Investimentos.png\"\n\t\t\t\t>\n\t\t\t<\/picture>\n\t\t<\/a>\n\t<\/p>\n\n\n\n\n\n<h2 class=\"wp-block-heading\" id=\"h-bancos-credores\">Bancos credores<\/h2>\n\n\n\n<p>Mais cedo, a jornalista Irany Tereza, do Broadcast, havia revelado que <strong>Bradesco (<a href=\"tg:\/\/search_hashtag?hashtag=BBDC4\">BBDC4)<\/a> e BTG <\/strong>s\u00e3o os maiores <strong>bancos credores da Americanas, <\/strong>com d\u00edvidas no total de R$ 4 bi<strong>, <\/strong>segundo a<strong> colunista. <\/strong><\/p>\n\n\n\n<p>A jornalista explica que a informa\u00e7\u00e3o foi apurada com fontes do mercado e executivos. Seriam pessoas que trabalharam ou j\u00e1 n\u00e3o est\u00e3o mais na Americanas. <\/p>\n\n\n\n<p>O volume de cerca de R$ 4 bilh\u00f5es das <strong>d\u00edvidas da Americanas<\/strong> com BTG e Bradesco incluem  empr\u00e9stimos e deb\u00eantures encarteiradas. As institui\u00e7\u00f5es n\u00e3o confirmam os valores ao Broadcast. <\/p>\n\n\n\t<div data-element=\"shortcode-read-more\" class=\"knowMore\">\n\t\t\t\t<span class=\"knowMore__title\">Leia mais<\/span>\n\t\t\t\t<a class=\"knowMore__link\" href=\"https:\/\/www.suno.com.br\/noticias\/americanas-amer3-inconsistencia-20bi-explicacoes\/\">\n\t\t\tRombo na Americanas (AMER3): a\u00e7\u00f5es fecham em queda hist\u00f3rica de 77,33%\t\t<\/a>\n\t<\/div>\n\n\n\n\n<p>S\u00e9rgio Rial, que esteve na presid\u00eancia da Americanas durante apenas nove dias, chegou a citar o BTG ao explicar a situa\u00e7\u00e3o da empresa nesta quinta. <\/p>\n\n\n\n<figure class=\"wp-block-embed is-type-video is-provider-youtube wp-block-embed-youtube wp-embed-aspect-16-9 wp-has-aspect-ratio\"><div class=\"wp-block-embed__wrapper\">\n<iframe loading=\"lazy\" title=\"Americanas (AMER3) perde R$ 8 bilh\u00f5es: d\u00e1 para recuperar? | Suno Not\u00edcias\" width=\"1080\" height=\"608\" src=\"https:\/\/www.youtube.com\/embed\/2EGGOG9jFY8?feature=oembed&#038;enablejsapi=1&#038;origin=https:\/\/www.suno.com.br\" frameborder=\"0\" allow=\"accelerometer; autoplay; clipboard-write; encrypted-media; gyroscope; picture-in-picture; web-share\" allowfullscreen><\/iframe>\n<\/div><\/figure>\n\n\n\n<p>O rombo cont\u00e1bil, que abalou o mercado desde que a informa\u00e7\u00e3o foi divulgada pelas Americanas na quinta, fez as <strong>a\u00e7\u00f5es da Americanas<\/strong> derreterem na bolsa. Na quinta (12), os pap\u00e9is ca\u00edram 77,33%, a R$ 2,60, e a varejista perdeu R$ 8,4 bi em <a class=\"suno-keyword\" data-force=\"no\" data-priority=\"1\" href=\"https:\/\/www.suno.com.br\/artigos\/valor-de-mercado\/\" target=\"_blank\" rel=\"noopener\">valor de mercado<\/a>. <\/p>\n\n\n\n<p>Nesta sexta, as a\u00e7\u00f5es se recuperaram e subiram 15,81%, a R$ 3,15, ap\u00f3s passar mais uma vez por leil\u00f5es no Ibovespa. Os <strong>pap\u00e9is da Americanas <\/strong>chegaram a subir 45% no preg\u00e3o da sexta, Na quarta, antes do documento que revelava o rombo bilion\u00e1rio da varejista ser divulgado ao mercado, cada a\u00e7\u00e3o valia R$ 12. <\/p>\n\n\n\n\t<div data-element=\"shortcode-read-more\" class=\"readToo\">\n\t\t\t\t<span class=\"readToo__title\">Leia mais<\/span>\n\t\t\t\t<ul class=\"readToo__list\">\n\t\t\t<li><a href=\"https:\/\/www.suno.com.br\/noticias\/americanas-amer3-procon-rombo-bilionario\/\">Rombo bilion\u00e1rio na Americanas (AMER3) prejudicar\u00e1 os clientes? Procon notifica varejista<\/a><\/li><li><a href=\"https:\/\/www.suno.com.br\/noticias\/magazine-luiza-mglu3-americanas-amer3-rebaixadas\/\">Rebaixadas: Magazine Luiza (MGLU3) e Americanas (AMER3) recebem balde de \u00e1gua fria do Goldman Sachs<\/a><\/li>\t\t<\/ul>\n\t<\/div>\n\n\n\n\t<p>\n\t\t<a href=\"https:\/\/lp.suno.com.br\/planilha-controle-gastos\/\" target=\"_blank\" data-element=\"shortcode-suno-banner\" title=\"Banner SUNO, clique e saiba mais\">\n\t\t\t<picture>\n\t\t\t\t<source media=\"(max-width: 500px)\" srcset=\"https:\/\/files.sunoresearch.com.br\/n\/uploads\/2023\/03\/400x300-Planilha-controle-de-gastos.png\">\n\t\t\t\t<img class=\"newsContent__article__imgCapa newsContent__article__imgCapa--banner\"\n\t\t\t\t\tsrc=\"https:\/\/files.sunoresearch.com.br\/n\/uploads\/2023\/03\/1420x240-Planilha-controle-de-gastos.png\"\n\t\t\t\t\tdata-promo-id=\"101751\"\t\t\t\t\t\t\t\t\t\twidth='1420' height='240'\t\t\t\t\talt=\"https:\/\/files.sunoresearch.com.br\/n\/uploads\/2023\/03\/1420x240-Planilha-controle-de-gastos.png\"\n\t\t\t\t>\n\t\t\t<\/picture>\n\t\t<\/a>\n\t<\/p>\n\n\n\n\n\n<h2 class=\"wp-block-heading\" id=\"h-buraco-contabil-pode-ser-pior\">Buraco cont\u00e1bil pode ser pior<\/h2>\n\n\n\n<p>Ainda hoje, antes do <a class=\"suno-keyword\" target=\"_blank\" data-force=\"no\" data-priority=\"1\" href=\"https:\/\/www.suno.com.br\/artigos\/fechamento-do-mercado\/\" rel=\"noopener\">fechamento do mercado<\/a>, especulava-se que o rombo na&nbsp;<strong>Americanas (<a href=\"https:\/\/suno.com.br\/acoes\/amer3\/\" target=\"_blank\" rel=\"noreferrer noopener\">AMER3<\/a>)<\/strong>&nbsp;poderia  ser ainda pior do que os R$ 20 bilh\u00f5es informados inicialmente pela varejista, na vis\u00e3o do time de analistas do&nbsp;<a href=\"https:\/\/www.suno.com.br\/acoes\/BPAC11\/\" target=\"_blank\" rel=\"noreferrer noopener\">BTG Pactual (BPAC11)<\/a>. Os analistas do banco retiraram as suas recomenda\u00e7\u00f5es e colocaram o papel \u201cem revis\u00e3o<em>\u201d.<\/em><\/p>\n\n\n\n<p>\u201cEstamos alterando nossa classifica\u00e7\u00e3o e&nbsp;<strong>pre\u00e7o-alvo da Americanas<\/strong>&nbsp;para \u2018Em Revis\u00e3o\u2019 agora, enquanto aguardamos novos desenvolvimentos que possam melhorar nossa capacidade de avaliar o neg\u00f3cio\u201d, destacaram os analistas do BTG Luiz Guanais, Gabriel Disselli e Victor Rogatis em relat\u00f3rio publicado na quinta (12).<\/p>\n\n\n\n<p>Antes, o BTG Pactual tinha como pre\u00e7o-alvo das\u00a0<strong>a\u00e7\u00f5es da Americanas<\/strong>\u00a0o valor de R$ 29. <\/p>\n\n\n\n<p>\u201cNosso entendimento \u00e9 de que mesmo os R$ 20 bilh\u00f5es em inconsist\u00eancias estimadas s\u00e3o preliminares e, como as pr\u00e1ticas cont\u00e1beis aparentemente s\u00e3o comuns h\u00e1 muitos anos, pode levar algum tempo at\u00e9 que o comit\u00ea independente e os auditores externos cheguem a um n\u00famero final que reflita com precis\u00e3o o balan\u00e7o e posi\u00e7\u00e3o de alavancagem da Americanas\u201d, destacaram.<\/p>\n\n\n\n<p>O time do&nbsp;<strong>BTG<\/strong>&nbsp;tamb\u00e9m n\u00e3o descarta um cen\u00e1rio em que seja necess\u00e1rio injetar capital ou realizar outra fonte de financiamento adicional nos pr\u00f3ximos trimestres.<\/p>\n\n\n\n<blockquote class=\"wp-block-quote is-layout-flow wp-block-quote-is-layout-flow\">\n<p>A falta de visibilidade de qu\u00e3o r\u00e1pido esses problemas ser\u00e3o resolvidos e a retomada das opera\u00e7\u00f5es normais tornam dif\u00edcil o investimento hoje.<\/p>\n<\/blockquote>\n\n\n\n\t<div data-element=\"shortcode-read-more\" class=\"readToo\">\n\t\t\t\t<span class=\"readToo__title\">Leia mais<\/span>\n\t\t\t\t<ul class=\"readToo__list\">\n\t\t\t<li><a href=\"https:\/\/www.suno.com.br\/noticias\/americanas-desistencia-patrocinio-bbb23\/\">Americanas (AMER3) desiste de patrocinar BBB 23 ap\u00f3s rombo bilion\u00e1rio; Mercado Livre (MELI34) assume a cota<\/a><\/li><li><a href=\"https:\/\/www.suno.com.br\/noticias\/americanas-amer3-muito-grande-para-quebrar\/\">Americanas (AMER3) \u00e9 muito grande para quebrar, dizem analistas<\/a><\/li><li><a href=\"https:\/\/www.suno.com.br\/noticias\/americanas-amer3-solucao-rapida-lemann\/\">Americanas (AMER3): Solu\u00e7\u00e3o r\u00e1pida para rombo bilion\u00e1rio pode estar nas m\u00e3os de Lemann; entenda<\/a><\/li>\t\t<\/ul>\n\t<\/div>\n\n\n\n\n<h2 class=\"wp-block-heading\" id=\"h-americanas-proximos-passos\">Americanas: pr\u00f3ximos passos<\/h2>\n\n\n\n<p>S\u00e9rgio Rial, gestor que assumiu a empresa no in\u00edcio do ano e deixou o cargo em menos de dez dias, atuar\u00e1 como assessor dos acionistas de refer\u00eancia (<strong>3G Capital<\/strong>) durante a apura\u00e7\u00e3o do caso. Na apresenta\u00e7\u00e3o ao mercado, Rial evidenciou que a Americanas precisar\u00e1 do aporte de \u201calguns bilh\u00f5es\u201d.<\/p>\n\n\n\n<p>A <a class=\"suno-keyword\" target=\"_blank\" data-force=\"no\" data-priority=\"2\" href=\"https:\/\/www.suno.com.br\/artigos\/cvm\/\" rel=\"noopener\">Comiss\u00e3o de Valores Mobili\u00e1rios (CVM)<\/a> abriu tr\u00eas processos para apurar o&nbsp;<strong>rombo da Americanas<\/strong>.<\/p>\n\n\n\n<p>Segundo o jornal Valor Econ\u00f4mico, a varejista estuda uma solu\u00e7\u00e3o r\u00e1pida para conseguir cobrir esse rombo e uma das possibilidades \u00e9 uma oferta subsequente de a\u00e7\u00f5es (follow-on) com a garantia de compra de Jorge Paulo Lemann, Marcel Telles e Carlos Alberto Sicupira, do&nbsp;<a href=\"https:\/\/www.suno.com.br\/artigos\/3g-capital\/\" target=\"_blank\" rel=\"noreferrer noopener\">3G Capital<\/a>. A decis\u00e3o deve ser tomada nesta sexta (13).<\/p>\n\n\n\n<p>Para os analistas ouvidos pelo Suno Not\u00edcias, o aporte do <a class=\"suno-keyword\" target=\"_blank\" data-force=\"no\" data-priority=\"1\" href=\"https:\/\/www.suno.com.br\/artigos\/3g-capital\/\" rel=\"noopener\">3G Capital<\/a> \u00e9 visto como uma poss\u00edvel garantia de que a&nbsp;<strong>Americanas<\/strong>&nbsp;n\u00e3o declare fal\u00eancia.<\/p>\n\n\n\n\t<div data-element=\"shortcode-read-more\" class=\"readToo\">\n\t\t\t\t<span class=\"readToo__title\">Leia mais<\/span>\n\t\t\t\t<ul class=\"readToo__list\">\n\t\t\t<li><a href=\"https:\/\/www.suno.com.br\/noticias\/americanas-amer3-fitch-ratings\/\">Americanas (AMER3): ag\u00eancia de classifica\u00e7\u00e3o de risco diz que empresa &#8220;tem estrutura de capital insustent\u00e1vel&#8221;<\/a><\/li><li><a href=\"https:\/\/www.suno.com.br\/noticias\/americanas-amer3-falir-analises-rial\/\">Americanas (AMER3) vai falir? Veja a opini\u00e3o dos analistas ap\u00f3s coment\u00e1rios de Sergio Rial<\/a><\/li><li><a href=\"https:\/\/www.suno.com.br\/noticias\/americanas-amer3-sergio-rial-rombo-bilionario\/\">Americanas (AMER3): Sergio Rial aponta falta de transpar\u00eancia e revela motivo da demiss\u00e3o ap\u00f3s descobrir rombo bilion\u00e1rio<\/a><\/li>\t\t<\/ul>\n\t<\/div>\n\n\n\n\n<h2 class=\"wp-block-heading\" id=\"h-acionistas-de-referencia-sugerem-injecao-de-r-6-bi\">&#8220;Acionistas de refer\u00eancia&#8221; sugerem inje\u00e7\u00e3o de R$ 6 bi <\/h2>\n\n\n\n<p>A Bloomberg publicou nota nesta sexta (13) revelando que os <strong>acionistas de refer\u00eancia da Americanas &#8211; <\/strong> o bilion\u00e1rio Jorge Paulo Lemann e seus s\u00f3cios na 3G Capital, Marcel Telles e Carlos Alberto Sicupira, que t\u00eam 31% de fatia na varejista &#8211; querem injetar R$ 6 bilh\u00f5es na companhia, segundo reportagem da jornalista Cristiane Lucches. <\/p>\n\n\n\n<p>Fontes revelaram \u00e0 ag\u00eancia que a oferta \u00e0 Americanas foi feita ao ex-CEO da empresa, Sergio Rial, e aos credores, o que incluem os maiores bancos do Brasil. <\/p>\n\n\n\n<p>A mat\u00e9ria diz, no entanto, que os banqueiros avaliaram a oferta como baixa &#8211; querem o m\u00ednimo de R$ 10 bilh\u00f5es. A segunda (16) ter\u00e1 mais rodadas de negocia\u00e7\u00f5es. O trio de bilion\u00e1rios, que t\u00eam participa\u00e7\u00e3o na <strong>Americanas<\/strong>, afirmaram \u00e0s fontes da reportagem da Bloomberg que v\u00e3o dar suporte \u00e0 varejista.<\/p>\n\n\n\t\t<div class=\"web-stories-list alignnone has-archive-link is-view-type-carousel is-style-default is-carousel\" data-id=\"1\">\n\t\t\t<div\n\t\t\tclass=\"web-stories-list__inner-wrapper carousel-1\"\n\t\t\tstyle=\"--ws-story-max-width:185px\"\n\t\t\t>\n\t\t\t\t\t\t<div class=\"web-stories-list__archive-link\">\n\t\t\t<a href=\"https:\/\/www.suno.com.br\/noticias\/web-stories\/\">\n\t\t\t\tVisualizando todos Stories\t\t\t<\/a>\n\t\t<\/div>\n\t\t\t\t\t\t\t<div\n\t\t\t\t\tclass=\"web-stories-list__carousel carousel\"\n\t\t\t\t\tdata-id=\"carousel-1\"\n\t\t\t\t\tdata-prev=\"Voltar\"\n\t\t\t\t\tdata-next=\"Avan\u00e7ar\"\n\t\t\t\t\t>\n\t\t\t\t\t\t\t\t\t<div\n\t\t\t\tclass=\"web-stories-list__story\"\n\t\t\t\tdata-wp-interactive=\"web-stories-block\"\n\t\t\t\tdata-wp-context='{\"instanceId\":1}'\t\t\t\tdata-wp-on--click=\"actions.open\"\n\t\t\t\tdata-wp-on-window--popstate=\"actions.onPopstate\"\n\t\t\t\t>\n\t\t\t\t\t\t\t<div class=\"web-stories-list__story-poster\">\n\t\t\t\t<a href=\"https:\/\/www.suno.com.br\/noticias\/web-stories\/americanas-amer3-cvm-processo\/\" >\n\t\t\t\t\t<img\n\t\t\t\t\t\tsrc=\"https:\/\/files.sunoresearch.com.br\/n\/uploads\/2022\/01\/cropped-Americanas-Foto-2021-Credito-Divulgacao-scaled-1-640x853.jpg\"\n\t\t\t\t\t\talt=\"Americanas (AMER3): Ap\u00f3s esc\u00e2ndalo bilion\u00e1rio, CVM abre processos\"\n\t\t\t\t\t\twidth=\"185\"\n\t\t\t\t\t\theight=\"308\"\n\t\t\t\t\t\t\t\t\t\t\t\t\tsrcset=\"https:\/\/files.sunoresearch.com.br\/n\/uploads\/2022\/01\/cropped-Americanas-Foto-2021-Credito-Divulgacao-scaled-1.jpg 640w, https:\/\/files.sunoresearch.com.br\/n\/uploads\/2022\/01\/cropped-Americanas-Foto-2021-Credito-Divulgacao-scaled-1-225x300.jpg 225w, https:\/\/files.sunoresearch.com.br\/n\/uploads\/2022\/01\/cropped-Americanas-Foto-2021-Credito-Divulgacao-scaled-1-150x200.jpg 150w\"\n\t\t\t\t\t\t\t\t\t\t\t\t\t\t\t\t\t\t\tsizes=\"(max-width: 640px) 100vw, 640px\"\n\t\t\t\t\t\t\t\t\t\t\t\tloading=\"lazy\"\n\t\t\t\t\t\tdecoding=\"async\"\n\t\t\t\t\t>\n\t\t\t\t<\/a>\n\t\t\t<\/div>\n\t\t\t\t\t<div class=\"web-stories-list__story-content-overlay\">\n\t\t\t\t\t\t\t<div class=\"story-content-overlay__title\">\n\t\t\t\t\tAmericanas (AMER3): Ap\u00f3s esc\u00e2ndalo bilion\u00e1rio, CVM abre processos\t\t\t\t<\/div>\n\t\t\t\n\t\t\t\n\t\t\t\n\t\t\t\t\t<\/div>\n\t\t\t\t\t<\/div>\n\t\t\t\t\t\t<div\n\t\t\t\tclass=\"web-stories-list__story\"\n\t\t\t\tdata-wp-interactive=\"web-stories-block\"\n\t\t\t\tdata-wp-context='{\"instanceId\":1}'\t\t\t\tdata-wp-on--click=\"actions.open\"\n\t\t\t\tdata-wp-on-window--popstate=\"actions.onPopstate\"\n\t\t\t\t>\n\t\t\t\t\t\t\t<div class=\"web-stories-list__story-poster\">\n\t\t\t\t<a href=\"https:\/\/www.suno.com.br\/noticias\/web-stories\/snci11-cota-dividendos-janeiro-2023\/\" >\n\t\t\t\t\t<img\n\t\t\t\t\t\tsrc=\"https:\/\/files.sunoresearch.com.br\/n\/uploads\/2022\/05\/cropped-SNCI11-FOTO-IPO-1-640x853.jpg\"\n\t\t\t\t\t\talt=\"SNCI11 vai pagar R$ 1 por cota;  \u00faltima chance para receber!\"\n\t\t\t\t\t\twidth=\"185\"\n\t\t\t\t\t\theight=\"308\"\n\t\t\t\t\t\t\t\t\t\t\t\t\tsrcset=\"https:\/\/files.sunoresearch.com.br\/n\/uploads\/2022\/05\/cropped-SNCI11-FOTO-IPO-1.jpg 640w, https:\/\/files.sunoresearch.com.br\/n\/uploads\/2022\/05\/cropped-SNCI11-FOTO-IPO-1-225x300.jpg 225w, https:\/\/files.sunoresearch.com.br\/n\/uploads\/2022\/05\/cropped-SNCI11-FOTO-IPO-1-150x200.jpg 150w\"\n\t\t\t\t\t\t\t\t\t\t\t\t\t\t\t\t\t\t\tsizes=\"(max-width: 640px) 100vw, 640px\"\n\t\t\t\t\t\t\t\t\t\t\t\tloading=\"lazy\"\n\t\t\t\t\t\tdecoding=\"async\"\n\t\t\t\t\t>\n\t\t\t\t<\/a>\n\t\t\t<\/div>\n\t\t\t\t\t<div class=\"web-stories-list__story-content-overlay\">\n\t\t\t\t\t\t\t<div class=\"story-content-overlay__title\">\n\t\t\t\t\tSNCI11 vai pagar R$ 1 por cota;  \u00faltima chance para receber!\t\t\t\t<\/div>\n\t\t\t\n\t\t\t\n\t\t\t\n\t\t\t\t\t<\/div>\n\t\t\t\t\t<\/div>\n\t\t\t\t\t\t<div\n\t\t\t\tclass=\"web-stories-list__story\"\n\t\t\t\tdata-wp-interactive=\"web-stories-block\"\n\t\t\t\tdata-wp-context='{\"instanceId\":1}'\t\t\t\tdata-wp-on--click=\"actions.open\"\n\t\t\t\tdata-wp-on-window--popstate=\"actions.onPopstate\"\n\t\t\t\t>\n\t\t\t\t\t\t\t<div class=\"web-stories-list__story-poster\">\n\t\t\t\t<a href=\"https:\/\/www.suno.com.br\/noticias\/web-stories\/sergio-rial-ex-ceo-americanas-amer3\/\" >\n\t\t\t\t\t<img\n\t\t\t\t\t\tsrc=\"https:\/\/files.sunoresearch.com.br\/n\/uploads\/2023\/05\/americanas-amer3-sergio-rial-novo-ceo-640x853.webp\"\n\t\t\t\t\t\talt=\"Quem \u00e9 Sergio Rial, ex-CEO da Americanas (AMER3)?\"\n\t\t\t\t\t\twidth=\"185\"\n\t\t\t\t\t\theight=\"308\"\n\t\t\t\t\t\t\t\t\t\t\t\t\tsrcset=\"https:\/\/files.sunoresearch.com.br\/n\/uploads\/2023\/05\/americanas-amer3-sergio-rial-novo-ceo.webp 640w, https:\/\/files.sunoresearch.com.br\/n\/uploads\/2023\/05\/americanas-amer3-sergio-rial-novo-ceo-225x300.webp 225w, https:\/\/files.sunoresearch.com.br\/n\/uploads\/2023\/05\/americanas-amer3-sergio-rial-novo-ceo-150x200.webp 150w\"\n\t\t\t\t\t\t\t\t\t\t\t\t\t\t\t\t\t\t\tsizes=\"(max-width: 640px) 100vw, 640px\"\n\t\t\t\t\t\t\t\t\t\t\t\tloading=\"lazy\"\n\t\t\t\t\t\tdecoding=\"async\"\n\t\t\t\t\t>\n\t\t\t\t<\/a>\n\t\t\t<\/div>\n\t\t\t\t\t<div class=\"web-stories-list__story-content-overlay\">\n\t\t\t\t\t\t\t<div class=\"story-content-overlay__title\">\n\t\t\t\t\tQuem \u00e9 Sergio Rial, ex-CEO da Americanas (AMER3)?\t\t\t\t<\/div>\n\t\t\t\n\t\t\t\n\t\t\t\n\t\t\t\t\t<\/div>\n\t\t\t\t\t<\/div>\n\t\t\t\t\t\t<div\n\t\t\t\tclass=\"web-stories-list__story\"\n\t\t\t\tdata-wp-interactive=\"web-stories-block\"\n\t\t\t\tdata-wp-context='{\"instanceId\":1}'\t\t\t\tdata-wp-on--click=\"actions.open\"\n\t\t\t\tdata-wp-on-window--popstate=\"actions.onPopstate\"\n\t\t\t\t>\n\t\t\t\t\t\t\t<div class=\"web-stories-list__story-poster\">\n\t\t\t\t<a href=\"https:\/\/www.suno.com.br\/noticias\/web-stories\/lemann-perda-bilionaria-americanas-amer3\/\" >\n\t\t\t\t\t<img\n\t\t\t\t\t\tsrc=\"https:\/\/files.sunoresearch.com.br\/n\/uploads\/2023\/05\/lemann-americanas-amer3-perde-2bilhoes-640x853.webp\"\n\t\t\t\t\t\talt=\"Lemann perde R$ 2 bilh\u00f5es com rombo na Americanas\"\n\t\t\t\t\t\twidth=\"185\"\n\t\t\t\t\t\theight=\"308\"\n\t\t\t\t\t\t\t\t\t\t\t\t\tsrcset=\"https:\/\/files.sunoresearch.com.br\/n\/uploads\/2023\/05\/lemann-americanas-amer3-perde-2bilhoes.webp 640w, https:\/\/files.sunoresearch.com.br\/n\/uploads\/2023\/05\/lemann-americanas-amer3-perde-2bilhoes-225x300.webp 225w, https:\/\/files.sunoresearch.com.br\/n\/uploads\/2023\/05\/lemann-americanas-amer3-perde-2bilhoes-150x200.webp 150w\"\n\t\t\t\t\t\t\t\t\t\t\t\t\t\t\t\t\t\t\tsizes=\"(max-width: 640px) 100vw, 640px\"\n\t\t\t\t\t\t\t\t\t\t\t\tloading=\"lazy\"\n\t\t\t\t\t\tdecoding=\"async\"\n\t\t\t\t\t>\n\t\t\t\t<\/a>\n\t\t\t<\/div>\n\t\t\t\t\t<div class=\"web-stories-list__story-content-overlay\">\n\t\t\t\t\t\t\t<div class=\"story-content-overlay__title\">\n\t\t\t\t\tLemann perde R$ 2 bilh\u00f5es com rombo na Americanas\t\t\t\t<\/div>\n\t\t\t\n\t\t\t\n\t\t\t\n\t\t\t\t\t<\/div>\n\t\t\t\t\t<\/div>\n\t\t\t\t\t\t\t\t<\/div>\n\t\t\t\t\t<div tabindex=\"0\" aria-label=\"Voltar\" class=\"glider-prev\"><\/div>\n\t\t\t\t\t<div tabindex=\"0\" aria-label=\"Avan\u00e7ar\" class=\"glider-next\"><\/div>\n\t\t\t\t\t\t\t\t<\/div>\n\t\t<\/div>\n\t\t\n\n\n<p><em>Com informa\u00e7\u00f5es do Estad\u00e3o Conte\u00fado<\/em><a href=\"https:\/\/lp.suno.com.br\/pv\/sr-internacional\/de-o-proximo-passo-internacional\/\" target=\"_blank\" rel=\"noreferrer noopener\"><\/a><\/p>\n\n\n\t<p>\n\t\t<a href=\"\" target=\"_blank\" data-element=\"shortcode-suno-banner\" title=\"Banner SUNO, clique e saiba mais\">\n\t\t\t<picture>\n\t\t\t\t<source media=\"(max-width: 500px)\" srcset=\"\">\n\t\t\t\t<img class=\"newsContent__article__imgCapa newsContent__article__imgCapa--banner\"\n\t\t\t\t\tsrc=\"\"\n\t\t\t\t\tdata-promo-id=\"265277\"\t\t\t\t\t\t\t\t\t\t\t\t\t\t\talt=\"\"\n\t\t\t\t>\n\t\t\t<\/picture>\n\t\t<\/a>\n\t<\/p>\n\n\n","protected":false},"excerpt":{"rendered":"<p>A Americanas (AMER3) cogita pedir recupera\u00e7\u00e3o judicial. A empresa, que na \u00faltima quarta (11) encontrou um rombo cont\u00e1bil de R$ 20 bi, declarou \u00e0 Justi\u00e7a que tem d\u00edvidas no total de R$ 40 bi. As informa\u00e7\u00f5es s\u00e3o do colunista Lauro Jardim, do jornal O Globo. A descoberta da lacuna bilion\u00e1ria no balan\u00e7o da empresa culminou [&hellip;]<\/p>\n","protected":false},"author":98,"featured_media":103987,"comment_status":"closed","ping_status":"closed","sticky":false,"template":"","format":"standard","meta":[],"categories":[64],"tags":[286,2065,314],"suno_strategy":[],"class_list":["post-347045","post","type-post","status-publish","format-standard","has-post-thumbnail","hentry","category-negocios","tag-acoes","tag-american-airlines-aall34","tag-recuperacao-judicial"],"yoast_head":"<!-- This site is optimized with the Yoast SEO plugin v24.4 - https:\/\/yoast.com\/wordpress\/plugins\/seo\/ -->\n<title>Endividada, Americanas (AMER3) deve pedir recupera\u00e7\u00e3o judicial<\/title>\n<meta name=\"description\" content=\"A Americanas (AMER3) pode pedir recupera\u00e7\u00e3o judicial. A empresa declarou \u00e0 Justi\u00e7a que tem d\u00edvidas no total de R$ 40 bi, Saiba mais\" \/>\n<meta name=\"robots\" content=\"index, follow, max-snippet:-1, max-image-preview:large, max-video-preview:-1\" \/>\n<link rel=\"canonical\" href=\"https:\/\/www.suno.com.br\/noticias\/americanas-amer3-recuperacao-judicial-dividas\/\" \/>\n<meta property=\"og:locale\" content=\"pt_BR\" \/>\n<meta property=\"og:type\" content=\"article\" \/>\n<meta property=\"og:title\" content=\"Endividada, Americanas (AMER3) deve pedir recupera\u00e7\u00e3o judicial\" \/>\n<meta property=\"og:description\" content=\"A Americanas (AMER3) pode pedir recupera\u00e7\u00e3o judicial. A empresa declarou \u00e0 Justi\u00e7a que tem d\u00edvidas no total de R$ 40 bi, Saiba mais\" \/>\n<meta property=\"og:url\" content=\"https:\/\/www.suno.com.br\/noticias\/americanas-amer3-recuperacao-judicial-dividas\/\" \/>\n<meta property=\"og:site_name\" content=\"Suno Not\u00edcias\" \/>\n<meta property=\"article:publisher\" content=\"https:\/\/facebook.com\/sunoresearch\" \/>\n<meta property=\"og:image\" content=\"https:\/\/files.sunoresearch.com.br\/n\/uploads\/2020\/11\/384f9858-lojas-americanas-scaled.jpg\" \/>\n\t<meta property=\"og:image:width\" content=\"2560\" \/>\n\t<meta property=\"og:image:height\" content=\"1693\" \/>\n\t<meta property=\"og:image:type\" content=\"image\/jpeg\" \/>\n<meta name=\"author\" content=\"Marco Ant\u00f4nio Lopes\" \/>\n<meta name=\"twitter:card\" content=\"summary_large_image\" \/>\n<meta name=\"twitter:creator\" content=\"@sunoresearch\" \/>\n<meta name=\"twitter:site\" content=\"@sunoresearch\" \/>\n<meta name=\"twitter:label1\" content=\"Escrito por\" \/>\n\t<meta name=\"twitter:data1\" content=\"Marco Ant\u00f4nio Lopes\" \/>\n\t<meta name=\"twitter:label2\" content=\"Est. tempo de leitura\" \/>\n\t<meta name=\"twitter:data2\" content=\"6 minutos\" \/>\n<script type=\"application\/ld+json\" class=\"yoast-schema-graph\">{\"@context\":\"https:\/\/schema.org\",\"@graph\":[{\"@type\":\"NewsArticle\",\"@id\":\"https:\/\/www.suno.com.br\/noticias\/americanas-amer3-recuperacao-judicial-dividas\/#article\",\"isPartOf\":{\"@id\":\"https:\/\/www.suno.com.br\/noticias\/americanas-amer3-recuperacao-judicial-dividas\/\"},\"author\":{\"name\":\"Marco Ant\u00f4nio Lopes\",\"@id\":\"https:\/\/www.suno.com.br\/noticias\/#\/schema\/person\/829bbe8d57f84333b966b96229c6bf5f\"},\"headline\":\"Americanas (AMER3) deve pedir recupera\u00e7\u00e3o judicial ap\u00f3s declarar \u00e0 Justi\u00e7a d\u00edvidas de R$ 40 bi\",\"datePublished\":\"2023-01-13T21:49:45+00:00\",\"dateModified\":\"2023-01-14T02:38:51+00:00\",\"mainEntityOfPage\":{\"@id\":\"https:\/\/www.suno.com.br\/noticias\/americanas-amer3-recuperacao-judicial-dividas\/\"},\"wordCount\":1196,\"publisher\":{\"@id\":\"https:\/\/www.suno.com.br\/noticias\/#organization\"},\"image\":{\"@id\":\"https:\/\/www.suno.com.br\/noticias\/americanas-amer3-recuperacao-judicial-dividas\/#primaryimage\"},\"thumbnailUrl\":\"https:\/\/files.sunoresearch.com.br\/n\/uploads\/2020\/11\/384f9858-lojas-americanas-scaled.jpg\",\"keywords\":[\"A\u00e7\u00f5es\",\"American Airlines (AALL34)\",\"recupera\u00e7\u00e3o judicial\"],\"articleSection\":[\"Neg\u00f3cios\"],\"inLanguage\":\"pt-BR\"},{\"@type\":\"WebPage\",\"@id\":\"https:\/\/www.suno.com.br\/noticias\/americanas-amer3-recuperacao-judicial-dividas\/\",\"url\":\"https:\/\/www.suno.com.br\/noticias\/americanas-amer3-recuperacao-judicial-dividas\/\",\"name\":\"Endividada, Americanas (AMER3) deve pedir recupera\u00e7\u00e3o judicial\",\"isPartOf\":{\"@id\":\"https:\/\/www.suno.com.br\/noticias\/#website\"},\"primaryImageOfPage\":{\"@id\":\"https:\/\/www.suno.com.br\/noticias\/americanas-amer3-recuperacao-judicial-dividas\/#primaryimage\"},\"image\":{\"@id\":\"https:\/\/www.suno.com.br\/noticias\/americanas-amer3-recuperacao-judicial-dividas\/#primaryimage\"},\"thumbnailUrl\":\"https:\/\/files.sunoresearch.com.br\/n\/uploads\/2020\/11\/384f9858-lojas-americanas-scaled.jpg\",\"datePublished\":\"2023-01-13T21:49:45+00:00\",\"dateModified\":\"2023-01-14T02:38:51+00:00\",\"description\":\"A Americanas (AMER3) pode pedir recupera\u00e7\u00e3o judicial. A empresa declarou \u00e0 Justi\u00e7a que tem d\u00edvidas no total de R$ 40 bi, Saiba mais\",\"breadcrumb\":{\"@id\":\"https:\/\/www.suno.com.br\/noticias\/americanas-amer3-recuperacao-judicial-dividas\/#breadcrumb\"},\"inLanguage\":\"pt-BR\",\"potentialAction\":[{\"@type\":\"ReadAction\",\"target\":[\"https:\/\/www.suno.com.br\/noticias\/americanas-amer3-recuperacao-judicial-dividas\/\"]}]},{\"@type\":\"ImageObject\",\"inLanguage\":\"pt-BR\",\"@id\":\"https:\/\/www.suno.com.br\/noticias\/americanas-amer3-recuperacao-judicial-dividas\/#primaryimage\",\"url\":\"https:\/\/files.sunoresearch.com.br\/n\/uploads\/2020\/11\/384f9858-lojas-americanas-scaled.jpg\",\"contentUrl\":\"https:\/\/files.sunoresearch.com.br\/n\/uploads\/2020\/11\/384f9858-lojas-americanas-scaled.jpg\",\"width\":2560,\"height\":1693,\"caption\":\"Americanas (AMER3) Foto: Divulga\u00e7\u00e3o\"},{\"@type\":\"BreadcrumbList\",\"@id\":\"https:\/\/www.suno.com.br\/noticias\/americanas-amer3-recuperacao-judicial-dividas\/#breadcrumb\",\"itemListElement\":[{\"@type\":\"ListItem\",\"position\":1,\"name\":\"Not\u00edcias\",\"item\":\"https:\/\/www.suno.com.br\/noticias\/\"},{\"@type\":\"ListItem\",\"position\":2,\"name\":\"Neg\u00f3cios\",\"item\":\"https:\/\/www.suno.com.br\/noticias\/negocios\/\"},{\"@type\":\"ListItem\",\"position\":3,\"name\":\"Americanas (AMER3) deve pedir recupera\u00e7\u00e3o judicial ap\u00f3s declarar \u00e0 Justi\u00e7a d\u00edvidas de R$ 40 bi\"}]},{\"@type\":\"WebSite\",\"@id\":\"https:\/\/www.suno.com.br\/noticias\/#website\",\"url\":\"https:\/\/www.suno.com.br\/noticias\/\",\"name\":\"Suno Not\u00edcias\",\"description\":\"Seu portal de informa\u00e7\u00e3o sobre o mundo dos investimentos\",\"publisher\":{\"@id\":\"https:\/\/www.suno.com.br\/noticias\/#organization\"},\"potentialAction\":[{\"@type\":\"SearchAction\",\"target\":{\"@type\":\"EntryPoint\",\"urlTemplate\":\"https:\/\/www.suno.com.br\/noticias\/?s={search_term_string}\"},\"query-input\":{\"@type\":\"PropertyValueSpecification\",\"valueRequired\":true,\"valueName\":\"search_term_string\"}}],\"inLanguage\":\"pt-BR\"},{\"@type\":\"Organization\",\"@id\":\"https:\/\/www.suno.com.br\/noticias\/#organization\",\"name\":\"Suno Not\u00edcias\",\"url\":\"https:\/\/www.suno.com.br\/noticias\/\",\"logo\":{\"@type\":\"ImageObject\",\"inLanguage\":\"pt-BR\",\"@id\":\"https:\/\/www.suno.com.br\/noticias\/#\/schema\/logo\/image\/\",\"url\":\"https:\/\/files.sunoresearch.com.br\/n\/uploads\/2021\/09\/suno-logo.png\",\"contentUrl\":\"https:\/\/files.sunoresearch.com.br\/n\/uploads\/2021\/09\/suno-logo.png\",\"width\":180,\"height\":180,\"caption\":\"Suno Not\u00edcias\"},\"image\":{\"@id\":\"https:\/\/www.suno.com.br\/noticias\/#\/schema\/logo\/image\/\"},\"sameAs\":[\"https:\/\/facebook.com\/sunoresearch\",\"https:\/\/x.com\/sunoresearch\",\"https:\/\/www.instagram.com\/suno\",\"https:\/\/www.linkedin.com\/company\/suno-research\/\",\"https:\/\/www.youtube.com\/c\/sunoresearch\"]},{\"@type\":\"Person\",\"@id\":\"https:\/\/www.suno.com.br\/noticias\/#\/schema\/person\/829bbe8d57f84333b966b96229c6bf5f\",\"name\":\"Marco Ant\u00f4nio Lopes\",\"image\":{\"@type\":\"ImageObject\",\"inLanguage\":\"pt-BR\",\"@id\":\"https:\/\/www.suno.com.br\/noticias\/#\/schema\/person\/image\/\",\"url\":\"https:\/\/secure.gravatar.com\/avatar\/385167b012fbc1cde32c5446ee253313?s=96&r=g\",\"contentUrl\":\"https:\/\/secure.gravatar.com\/avatar\/385167b012fbc1cde32c5446ee253313?s=96&r=g\",\"caption\":\"Marco Ant\u00f4nio Lopes\"},\"description\":\"Jornalista, \u00e9 editor no Suno Not\u00edcias. Trabalhou nas revistas Playboy, Super, Veja Comer &amp; Beber, Homem Vogue e Universo Masculino, al\u00e9m dos portais Abril.com, R7, nas editorias de Home, Esportes, Hora 7, Entretenimento e Geral, e Eu Quero Investir. Autor do livro Bruce Lee: Definitivo (Editora Conrad). Colaborou nas revistas Nova, Veja SP, Grandes Guerras, Placar, Bizz, Casa Claudia e Quatro Rodas.\",\"url\":\"https:\/\/www.suno.com.br\/noticias\/author\/marco-lopes\/\"}]}<\/script>\n<!-- \/ Yoast SEO plugin. -->","yoast_head_json":{"title":"Endividada, Americanas (AMER3) deve pedir recupera\u00e7\u00e3o judicial","description":"A Americanas (AMER3) pode pedir recupera\u00e7\u00e3o judicial. A empresa declarou \u00e0 Justi\u00e7a que tem d\u00edvidas no total de R$ 40 bi, Saiba mais","robots":{"index":"index","follow":"follow","max-snippet":"max-snippet:-1","max-image-preview":"max-image-preview:large","max-video-preview":"max-video-preview:-1"},"canonical":"https:\/\/www.suno.com.br\/noticias\/americanas-amer3-recuperacao-judicial-dividas\/","og_locale":"pt_BR","og_type":"article","og_title":"Endividada, Americanas (AMER3) deve pedir recupera\u00e7\u00e3o judicial","og_description":"A Americanas (AMER3) pode pedir recupera\u00e7\u00e3o judicial. A empresa declarou \u00e0 Justi\u00e7a que tem d\u00edvidas no total de R$ 40 bi, Saiba mais","og_url":"https:\/\/www.suno.com.br\/noticias\/americanas-amer3-recuperacao-judicial-dividas\/","og_site_name":"Suno Not\u00edcias","article_publisher":"https:\/\/facebook.com\/sunoresearch","og_image":[{"width":2560,"height":1693,"url":"https:\/\/files.sunoresearch.com.br\/n\/uploads\/2020\/11\/384f9858-lojas-americanas-scaled.jpg","type":"image\/jpeg"}],"author":"Marco Ant\u00f4nio Lopes","twitter_card":"summary_large_image","twitter_creator":"@sunoresearch","twitter_site":"@sunoresearch","twitter_misc":{"Escrito por":"Marco Ant\u00f4nio Lopes","Est. tempo de leitura":"6 minutos"},"schema":{"@context":"https:\/\/schema.org","@graph":[{"@type":"NewsArticle","@id":"https:\/\/www.suno.com.br\/noticias\/americanas-amer3-recuperacao-judicial-dividas\/#article","isPartOf":{"@id":"https:\/\/www.suno.com.br\/noticias\/americanas-amer3-recuperacao-judicial-dividas\/"},"author":{"name":"Marco Ant\u00f4nio Lopes","@id":"https:\/\/www.suno.com.br\/noticias\/#\/schema\/person\/829bbe8d57f84333b966b96229c6bf5f"},"headline":"Americanas (AMER3) deve pedir recupera\u00e7\u00e3o judicial ap\u00f3s declarar \u00e0 Justi\u00e7a d\u00edvidas de R$ 40 bi","datePublished":"2023-01-13T21:49:45+00:00","dateModified":"2023-01-14T02:38:51+00:00","mainEntityOfPage":{"@id":"https:\/\/www.suno.com.br\/noticias\/americanas-amer3-recuperacao-judicial-dividas\/"},"wordCount":1196,"publisher":{"@id":"https:\/\/www.suno.com.br\/noticias\/#organization"},"image":{"@id":"https:\/\/www.suno.com.br\/noticias\/americanas-amer3-recuperacao-judicial-dividas\/#primaryimage"},"thumbnailUrl":"https:\/\/files.sunoresearch.com.br\/n\/uploads\/2020\/11\/384f9858-lojas-americanas-scaled.jpg","keywords":["A\u00e7\u00f5es","American Airlines (AALL34)","recupera\u00e7\u00e3o judicial"],"articleSection":["Neg\u00f3cios"],"inLanguage":"pt-BR"},{"@type":"WebPage","@id":"https:\/\/www.suno.com.br\/noticias\/americanas-amer3-recuperacao-judicial-dividas\/","url":"https:\/\/www.suno.com.br\/noticias\/americanas-amer3-recuperacao-judicial-dividas\/","name":"Endividada, Americanas (AMER3) deve pedir recupera\u00e7\u00e3o judicial","isPartOf":{"@id":"https:\/\/www.suno.com.br\/noticias\/#website"},"primaryImageOfPage":{"@id":"https:\/\/www.suno.com.br\/noticias\/americanas-amer3-recuperacao-judicial-dividas\/#primaryimage"},"image":{"@id":"https:\/\/www.suno.com.br\/noticias\/americanas-amer3-recuperacao-judicial-dividas\/#primaryimage"},"thumbnailUrl":"https:\/\/files.sunoresearch.com.br\/n\/uploads\/2020\/11\/384f9858-lojas-americanas-scaled.jpg","datePublished":"2023-01-13T21:49:45+00:00","dateModified":"2023-01-14T02:38:51+00:00","description":"A Americanas (AMER3) pode pedir recupera\u00e7\u00e3o judicial. A empresa declarou \u00e0 Justi\u00e7a que tem d\u00edvidas no total de R$ 40 bi, Saiba mais","breadcrumb":{"@id":"https:\/\/www.suno.com.br\/noticias\/americanas-amer3-recuperacao-judicial-dividas\/#breadcrumb"},"inLanguage":"pt-BR","potentialAction":[{"@type":"ReadAction","target":["https:\/\/www.suno.com.br\/noticias\/americanas-amer3-recuperacao-judicial-dividas\/"]}]},{"@type":"ImageObject","inLanguage":"pt-BR","@id":"https:\/\/www.suno.com.br\/noticias\/americanas-amer3-recuperacao-judicial-dividas\/#primaryimage","url":"https:\/\/files.sunoresearch.com.br\/n\/uploads\/2020\/11\/384f9858-lojas-americanas-scaled.jpg","contentUrl":"https:\/\/files.sunoresearch.com.br\/n\/uploads\/2020\/11\/384f9858-lojas-americanas-scaled.jpg","width":2560,"height":1693,"caption":"Americanas (AMER3) Foto: Divulga\u00e7\u00e3o"},{"@type":"BreadcrumbList","@id":"https:\/\/www.suno.com.br\/noticias\/americanas-amer3-recuperacao-judicial-dividas\/#breadcrumb","itemListElement":[{"@type":"ListItem","position":1,"name":"Not\u00edcias","item":"https:\/\/www.suno.com.br\/noticias\/"},{"@type":"ListItem","position":2,"name":"Neg\u00f3cios","item":"https:\/\/www.suno.com.br\/noticias\/negocios\/"},{"@type":"ListItem","position":3,"name":"Americanas (AMER3) deve pedir recupera\u00e7\u00e3o judicial ap\u00f3s declarar \u00e0 Justi\u00e7a d\u00edvidas de R$ 40 bi"}]},{"@type":"WebSite","@id":"https:\/\/www.suno.com.br\/noticias\/#website","url":"https:\/\/www.suno.com.br\/noticias\/","name":"Suno Not\u00edcias","description":"Seu portal de informa\u00e7\u00e3o sobre o mundo dos investimentos","publisher":{"@id":"https:\/\/www.suno.com.br\/noticias\/#organization"},"potentialAction":[{"@type":"SearchAction","target":{"@type":"EntryPoint","urlTemplate":"https:\/\/www.suno.com.br\/noticias\/?s={search_term_string}"},"query-input":{"@type":"PropertyValueSpecification","valueRequired":true,"valueName":"search_term_string"}}],"inLanguage":"pt-BR"},{"@type":"Organization","@id":"https:\/\/www.suno.com.br\/noticias\/#organization","name":"Suno Not\u00edcias","url":"https:\/\/www.suno.com.br\/noticias\/","logo":{"@type":"ImageObject","inLanguage":"pt-BR","@id":"https:\/\/www.suno.com.br\/noticias\/#\/schema\/logo\/image\/","url":"https:\/\/files.sunoresearch.com.br\/n\/uploads\/2021\/09\/suno-logo.png","contentUrl":"https:\/\/files.sunoresearch.com.br\/n\/uploads\/2021\/09\/suno-logo.png","width":180,"height":180,"caption":"Suno Not\u00edcias"},"image":{"@id":"https:\/\/www.suno.com.br\/noticias\/#\/schema\/logo\/image\/"},"sameAs":["https:\/\/facebook.com\/sunoresearch","https:\/\/x.com\/sunoresearch","https:\/\/www.instagram.com\/suno","https:\/\/www.linkedin.com\/company\/suno-research\/","https:\/\/www.youtube.com\/c\/sunoresearch"]},{"@type":"Person","@id":"https:\/\/www.suno.com.br\/noticias\/#\/schema\/person\/829bbe8d57f84333b966b96229c6bf5f","name":"Marco Ant\u00f4nio Lopes","image":{"@type":"ImageObject","inLanguage":"pt-BR","@id":"https:\/\/www.suno.com.br\/noticias\/#\/schema\/person\/image\/","url":"https:\/\/secure.gravatar.com\/avatar\/385167b012fbc1cde32c5446ee253313?s=96&r=g","contentUrl":"https:\/\/secure.gravatar.com\/avatar\/385167b012fbc1cde32c5446ee253313?s=96&r=g","caption":"Marco Ant\u00f4nio Lopes"},"description":"Jornalista, \u00e9 editor no Suno Not\u00edcias. Trabalhou nas revistas Playboy, Super, Veja Comer &amp; Beber, Homem Vogue e Universo Masculino, al\u00e9m dos portais Abril.com, R7, nas editorias de Home, Esportes, Hora 7, Entretenimento e Geral, e Eu Quero Investir. Autor do livro Bruce Lee: Definitivo (Editora Conrad). Colaborou nas revistas Nova, Veja SP, Grandes Guerras, Placar, Bizz, Casa Claudia e Quatro Rodas.","url":"https:\/\/www.suno.com.br\/noticias\/author\/marco-lopes\/"}]}},"default_loop_html":"<div class=\"cardsPage__listCard__boxs\"><div class=\"cardsPage__listCard__boxs__img\"><a href=\"https:\/\/www.suno.com.br\/noticias\/americanas-amer3-recuperacao-judicial-dividas\/\"><img class=\"mask\" src=\"https:\/\/www.suno.com.br\/noticias\/wp-content\/themes\/suno\/resources\/images\/spotlight\/spotlight1img\/bg-mask.png\" alt=\"Image Mask\"\/><img src=\"https:\/\/files.sunoresearch.com.br\/n\/uploads\/2020\/11\/384f9858-lojas-americanas-400x200.jpg\" alt=\"Americanas (AMER3) deve pedir recupera\u00e7\u00e3o judicial ap\u00f3s declarar \u00e0 Justi\u00e7a d\u00edvidas de R$ 40 bi\"\/><\/a><span class=\"spotlightCategory\"><a href=\"https:\/\/www.suno.com.br\/noticias\/negocios\/\">Neg\u00f3cios<\/a><\/span><\/div><div class=\"cardsPage__listCard__boxs__content\"><a href=\"https:\/\/www.suno.com.br\/noticias\/americanas-amer3-recuperacao-judicial-dividas\/\"><h2 class=\"content__title\">Americanas (AMER3) deve pedir recupera\u00e7\u00e3o judicial ap\u00f3s declarar \u00e0 Justi\u00e7a d\u00edvidas de R$ 40 bi<\/h2><\/a><div class=\"newsContent__article__meta\"><div class=\"newsContent__article__meta__authorBox\"><a href=\"https:\/\/www.suno.com.br\/noticias\/author\/erick-nery\/\" class=\"authorBox__avatar noMobi\"><img src=\"https:\/\/secure.gravatar.com\/avatar\/518ddffe438ccb767782d372a66304d2?s=96&#038;r=g\" alt=\"Erick Matheus Nery\"><\/a><div class=\"authorBox__name\"><span>por\n\t\t\t<a href=\"https:\/\/www.suno.com.br\/noticias\/author\/erick-nery\/\"><span itemprop=\"author\">Erick Matheus Nery<\/span><\/a><\/span><time datetime=\"2023-01-13T18:49:45-03:00\" itemprop=\"datePublished\">13\/01\/2023 18:49<\/time><\/div><\/div><\/div><\/div><\/div>","single_layout":"posts","amp_enabled":true,"_links":{"self":[{"href":"https:\/\/www.suno.com.br\/noticias\/wp-json\/wp\/v2\/posts\/347045"}],"collection":[{"href":"https:\/\/www.suno.com.br\/noticias\/wp-json\/wp\/v2\/posts"}],"about":[{"href":"https:\/\/www.suno.com.br\/noticias\/wp-json\/wp\/v2\/types\/post"}],"author":[{"embeddable":true,"href":"https:\/\/www.suno.com.br\/noticias\/wp-json\/wp\/v2\/users\/98"}],"replies":[{"embeddable":true,"href":"https:\/\/www.suno.com.br\/noticias\/wp-json\/wp\/v2\/comments?post=347045"}],"version-history":[{"count":3,"href":"https:\/\/www.suno.com.br\/noticias\/wp-json\/wp\/v2\/posts\/347045\/revisions"}],"predecessor-version":[{"id":347276,"href":"https:\/\/www.suno.com.br\/noticias\/wp-json\/wp\/v2\/posts\/347045\/revisions\/347276"}],"wp:featuredmedia":[{"embeddable":true,"href":"https:\/\/www.suno.com.br\/noticias\/wp-json\/wp\/v2\/media\/103987"}],"wp:attachment":[{"href":"https:\/\/www.suno.com.br\/noticias\/wp-json\/wp\/v2\/media?parent=347045"}],"wp:term":[{"taxonomy":"category","embeddable":true,"href":"https:\/\/www.suno.com.br\/noticias\/wp-json\/wp\/v2\/categories?post=347045"},{"taxonomy":"post_tag","embeddable":true,"href":"https:\/\/www.suno.com.br\/noticias\/wp-json\/wp\/v2\/tags?post=347045"},{"taxonomy":"suno_strategy","embeddable":true,"href":"https:\/\/www.suno.com.br\/noticias\/wp-json\/wp\/v2\/suno_strategy?post=347045"}],"curies":[{"name":"wp","href":"https:\/\/api.w.org\/{rel}","templated":true}]}}