{"id":34673,"date":"2019-08-20T12:53:03","date_gmt":"2019-08-20T15:53:03","guid":{"rendered":"https:\/\/www.suno.com.br\/noticias\/?p=34673"},"modified":"2019-08-21T07:14:51","modified_gmt":"2019-08-21T10:14:51","slug":"mercado-de-trabalho-aquecido-sustenta-economia-dos-eua-segundo-mario-mesquita","status":"publish","type":"post","link":"https:\/\/www.suno.com.br\/noticias\/mercado-de-trabalho-aquecido-sustenta-economia-dos-eua-segundo-mario-mesquita\/","title":{"rendered":"Mercado de trabalho aquecido sustenta economia dos EUA, segundo Mario Mesquita"},"content":{"rendered":"<p>Mario Mesquita, economista-chefe do Ita\u00fa Unibanco, disse na manh\u00e3 desta ter\u00e7a-feira (20) que o mercado de trabalho aquecido nos EUA sustenta a economia norte-americana.<\/p>\t<div class=\"wrapper-featured-image\">\n\t\t<figure class=\"spotlightImg\">\n\n\t\t\t<picture>\n\t\t\t\t<source media=\"(max-width: 768px)\" srcset=\"https:\/\/files.sunoresearch.com.br\/n\/uploads\/2019\/08\/c97a08ed-mario-mesquita-e1566316521981-400x200.webp\">\n\t\t\t\t<img loading=\"lazy\" decoding=\"async\" class=\"newsContent__article__imgCapa lazyloadDisabled newsContent__article__imgCapa--noCaption\" src=\"https:\/\/files.sunoresearch.com.br\/n\/uploads\/2019\/08\/c97a08ed-mario-mesquita-e1566316521981-800x450.webp\" width=\"800\" height=\"450\" alt=\"Mercado de trabalho aquecido sustenta economia dos EUA, segundo Mario Mesquita\" fetchpriority=high \/>\n\t\t\t<\/picture>\n\n\t\t\t<figcaption class=\"wp-caption-text wp-caption-text--hide\">M\u00e1rio Mesquita, do Ita\u00fa, ressalta que apesar da infla\u00e7\u00e3o, dados do \u00edndice da institui\u00e7\u00e3o apontam emprego em vias de recupera\u00e7\u00e3o - Foto: Divulga\u00e7\u00e3o<\/figcaption>\n\t\t<\/figure>\n\t<\/div>\n\n\n<p>Em S\u00e3o Paulo, no evento Macroeconomia em Pauta, organizado pelo Ita\u00fa, Mesquita foi questionado pela imprensa sobre o cen\u00e1rio e a desacelera\u00e7\u00e3o global e o papel dos <strong>EUA<\/strong>.<\/p>\n<h2>EUA em meio ao cen\u00e1rio internacional<\/h2>\n<p>Sobre uma poss\u00edvel <a href=\"https:\/\/www.suno.com.br\/artigos\/recessao-economica\/\"><strong>recess\u00e3o global<\/strong><\/a>, Mesquita disse: &#8220;Ela pode acontecer, no entanto, voc\u00ea tem, por exemplo, nos Estados Unidos ainda o mercado de trabalho bastante aquecido. Isso significa que o consumidor americano vai seguindo \u00e0s compras&#8221;.<\/p>\n<p>&#8220;Tirando algum evento financeiro, um choque que abale muito a confian\u00e7a, isso sustenta a atividade econ\u00f4mica na economia americana, ainda que com desacelera\u00e7\u00e3o, o qual ele evita uma recess\u00e3o&#8221;.<\/p>\n<p><a href=\"https:\/\/www.suno.com.br\/noticias\/recessao-eua-economica-dolar\/\">Veja tamb\u00e9m: Mais de 70% dos economistas nos Estados Unidos temem recess\u00e3o entre 2019 e 2020<\/a><\/p>\n<p>Mesquita comentou sobre o corte de juros do <a href=\"https:\/\/www.suno.com.br\/artigos\/fed\/\"><strong>Federal Reserve (FED)<\/strong><\/a>. Segundo ele, &#8220;isso vai ter um impacto, n\u00e3o \u00e9 de curto prazo. J\u00e1 para a segunda metade do ano que vem, isso vai come\u00e7ar a ajudar. O per\u00edodo mais perigoso ser\u00e3o os pr\u00f3ximos dois ou tr\u00eas trimestres, quando os efeitos do corte de juros ainda n\u00e3o estar\u00e3o materializados&#8221;.<\/p>\n<p>Quando questionado sobre a possibilidade de uma guerra cambial, Mesquita afirma: &#8220;<strong>Trump<\/strong> declama muito sobre a deprecia\u00e7\u00e3o das outras moedas, mas \u00e9 mais uma quest\u00e3o de for\u00e7a do d\u00f3lar do que manipula\u00e7\u00e3o das moedas. Dito isso, o hist\u00f3rico de interven\u00e7\u00e3o cambial em economias maduras, primeiro, \u00e9 muito raro, segundo, s\u00f3 funciona quando elas chegam a um acordo. (&#8230;) Acordos de coordena\u00e7\u00e3o de pol\u00edticas para fazer determinados movimentos cambiais&#8221;.<\/p>\n<p>&#8220;O curioso \u00e9 que acordo com v\u00e1rios outros pa\u00edses n\u00e3o \u00e9 muito o estilo do Trump. Sozinho \u00e9 dif\u00edcil ele conseguir mudar a tend\u00eancia do d\u00f3lar.&#8221;<\/p>\n<p><a href=\"https:\/\/www.suno.com.br\/noticias\/exportacao-ouro-recorde-brasil-receio-recessao-global\/\">Confira: Receio de recess\u00e3o global faz Brasil bater recorde em exporta\u00e7\u00e3o de ouro<\/a><\/p>\n<p>Segundo Mesquita, o que pode mudar fortemente a tend\u00eancia da moeda dos <strong>EUA<\/strong> \u00e9 &#8220;se o FED passasse a perseguir uma determina trajet\u00f3ria do d\u00f3lar, mas a\u00ed abandonaria completamente o arcabou\u00e7o de pol\u00edtica monet\u00e1ria que ele ter perseguido h\u00e1 v\u00e1rios anos, o que n\u00e3o parece ser o caso&#8221;<\/p>\n","protected":false},"excerpt":{"rendered":"<p>Mario Mesquita, economista-chefe do Ita\u00fa Unibanco, disse na manh\u00e3 desta ter\u00e7a-feira (20) que o mercado de trabalho aquecido nos EUA sustenta a economia norte-americana. M\u00e1rio Mesquita, do Ita\u00fa, ressalta que apesar da infla\u00e7\u00e3o, dados do \u00edndice da institui\u00e7\u00e3o apontam emprego em vias de recupera\u00e7\u00e3o &#8211; Foto: Divulga\u00e7\u00e3o Em S\u00e3o Paulo, no evento Macroeconomia em Pauta, [&hellip;]<\/p>\n","protected":false},"author":24,"featured_media":34679,"comment_status":"closed","ping_status":"closed","sticky":false,"template":"","format":"standard","meta":[],"categories":[63],"tags":[724,1796,793,1881],"suno_strategy":[],"class_list":["post-34673","post","type-post","status-publish","format-standard","has-post-thumbnail","hentry","category-internacional","tag-donald-trump","tag-emprego","tag-estados-unidos-eua","tag-recessao"],"yoast_head":"<!-- This site is optimized with the Yoast SEO plugin v24.4 - https:\/\/yoast.com\/wordpress\/plugins\/seo\/ -->\n<title>EUA: mercado de trabalho continua bastante aquecido<\/title>\n<meta name=\"description\" content=\"Mario Mesquita, economista-chefe do Ita\u00fa Unibanco, comentou nesta segunda (20) sobre os EUA e a poss\u00edvel recess\u00e3o global. Saiba mais.\" \/>\n<meta name=\"robots\" content=\"index, follow, max-snippet:-1, max-image-preview:large, max-video-preview:-1\" \/>\n<link rel=\"canonical\" href=\"https:\/\/www.suno.com.br\/noticias\/mercado-de-trabalho-aquecido-sustenta-economia-dos-eua-segundo-mario-mesquita\/\" \/>\n<meta property=\"og:locale\" content=\"pt_BR\" \/>\n<meta property=\"og:type\" content=\"article\" \/>\n<meta property=\"og:title\" content=\"EUA: mercado de trabalho continua bastante aquecido\" \/>\n<meta property=\"og:description\" content=\"Mario Mesquita, economista-chefe do Ita\u00fa Unibanco, comentou nesta segunda (20) sobre os EUA e a poss\u00edvel recess\u00e3o global. Saiba mais.\" \/>\n<meta property=\"og:url\" content=\"https:\/\/www.suno.com.br\/noticias\/mercado-de-trabalho-aquecido-sustenta-economia-dos-eua-segundo-mario-mesquita\/\" \/>\n<meta property=\"og:site_name\" content=\"Suno Not\u00edcias\" \/>\n<meta property=\"article:publisher\" content=\"https:\/\/facebook.com\/sunoresearch\" \/>\n<meta property=\"og:image\" content=\"https:\/\/files.sunoresearch.com.br\/n\/uploads\/2019\/08\/c97a08ed-mario-mesquita-e1566316521981.jpg\" \/>\n\t<meta property=\"og:image:width\" content=\"1871\" \/>\n\t<meta property=\"og:image:height\" content=\"926\" \/>\n\t<meta property=\"og:image:type\" content=\"image\/jpeg\" \/>\n<meta name=\"author\" content=\"Jader Lazarini\" \/>\n<meta name=\"twitter:card\" content=\"summary_large_image\" \/>\n<meta name=\"twitter:creator\" content=\"@sunoresearch\" \/>\n<meta name=\"twitter:site\" content=\"@sunoresearch\" \/>\n<meta name=\"twitter:label1\" content=\"Escrito por\" \/>\n\t<meta name=\"twitter:data1\" content=\"Jader Lazarini\" \/>\n\t<meta name=\"twitter:label2\" content=\"Est. tempo de leitura\" \/>\n\t<meta name=\"twitter:data2\" content=\"2 minutos\" \/>\n<script type=\"application\/ld+json\" class=\"yoast-schema-graph\">{\"@context\":\"https:\/\/schema.org\",\"@graph\":[{\"@type\":\"NewsArticle\",\"@id\":\"https:\/\/www.suno.com.br\/noticias\/mercado-de-trabalho-aquecido-sustenta-economia-dos-eua-segundo-mario-mesquita\/#article\",\"isPartOf\":{\"@id\":\"https:\/\/www.suno.com.br\/noticias\/mercado-de-trabalho-aquecido-sustenta-economia-dos-eua-segundo-mario-mesquita\/\"},\"author\":{\"name\":\"Jader Lazarini\",\"@id\":\"https:\/\/www.suno.com.br\/noticias\/#\/schema\/person\/918d79de1f0281f01599b93f9ea6e23f\"},\"headline\":\"Mercado de trabalho aquecido sustenta economia dos EUA, segundo Mario Mesquita\",\"datePublished\":\"2019-08-20T15:53:03+00:00\",\"dateModified\":\"2019-08-21T10:14:51+00:00\",\"mainEntityOfPage\":{\"@id\":\"https:\/\/www.suno.com.br\/noticias\/mercado-de-trabalho-aquecido-sustenta-economia-dos-eua-segundo-mario-mesquita\/\"},\"wordCount\":398,\"publisher\":{\"@id\":\"https:\/\/www.suno.com.br\/noticias\/#organization\"},\"image\":{\"@id\":\"https:\/\/www.suno.com.br\/noticias\/mercado-de-trabalho-aquecido-sustenta-economia-dos-eua-segundo-mario-mesquita\/#primaryimage\"},\"thumbnailUrl\":\"https:\/\/files.sunoresearch.com.br\/n\/uploads\/2019\/08\/c97a08ed-mario-mesquita-e1566316521981-jpg.webp\",\"keywords\":[\"Donald Trump\",\"Emprego\",\"Estados Unidos (EUA)\",\"recess\u00e3o\"],\"articleSection\":[\"Internacional\"],\"inLanguage\":\"pt-BR\"},{\"@type\":\"WebPage\",\"@id\":\"https:\/\/www.suno.com.br\/noticias\/mercado-de-trabalho-aquecido-sustenta-economia-dos-eua-segundo-mario-mesquita\/\",\"url\":\"https:\/\/www.suno.com.br\/noticias\/mercado-de-trabalho-aquecido-sustenta-economia-dos-eua-segundo-mario-mesquita\/\",\"name\":\"EUA: mercado de trabalho continua bastante aquecido\",\"isPartOf\":{\"@id\":\"https:\/\/www.suno.com.br\/noticias\/#website\"},\"primaryImageOfPage\":{\"@id\":\"https:\/\/www.suno.com.br\/noticias\/mercado-de-trabalho-aquecido-sustenta-economia-dos-eua-segundo-mario-mesquita\/#primaryimage\"},\"image\":{\"@id\":\"https:\/\/www.suno.com.br\/noticias\/mercado-de-trabalho-aquecido-sustenta-economia-dos-eua-segundo-mario-mesquita\/#primaryimage\"},\"thumbnailUrl\":\"https:\/\/files.sunoresearch.com.br\/n\/uploads\/2019\/08\/c97a08ed-mario-mesquita-e1566316521981-jpg.webp\",\"datePublished\":\"2019-08-20T15:53:03+00:00\",\"dateModified\":\"2019-08-21T10:14:51+00:00\",\"description\":\"Mario Mesquita, economista-chefe do Ita\u00fa Unibanco, comentou nesta segunda (20) sobre os EUA e a poss\u00edvel recess\u00e3o global. Saiba mais.\",\"breadcrumb\":{\"@id\":\"https:\/\/www.suno.com.br\/noticias\/mercado-de-trabalho-aquecido-sustenta-economia-dos-eua-segundo-mario-mesquita\/#breadcrumb\"},\"inLanguage\":\"pt-BR\",\"potentialAction\":[{\"@type\":\"ReadAction\",\"target\":[\"https:\/\/www.suno.com.br\/noticias\/mercado-de-trabalho-aquecido-sustenta-economia-dos-eua-segundo-mario-mesquita\/\"]}]},{\"@type\":\"ImageObject\",\"inLanguage\":\"pt-BR\",\"@id\":\"https:\/\/www.suno.com.br\/noticias\/mercado-de-trabalho-aquecido-sustenta-economia-dos-eua-segundo-mario-mesquita\/#primaryimage\",\"url\":\"https:\/\/files.sunoresearch.com.br\/n\/uploads\/2019\/08\/c97a08ed-mario-mesquita-e1566316521981-jpg.webp\",\"contentUrl\":\"https:\/\/files.sunoresearch.com.br\/n\/uploads\/2019\/08\/c97a08ed-mario-mesquita-e1566316521981-jpg.webp\",\"width\":1871,\"height\":926,\"caption\":\"M\u00e1rio Mesquita, do Ita\u00fa, ressalta que apesar da infla\u00e7\u00e3o, dados do \u00edndice da institui\u00e7\u00e3o apontam emprego em vias de recupera\u00e7\u00e3o - Foto: Divulga\u00e7\u00e3o\"},{\"@type\":\"BreadcrumbList\",\"@id\":\"https:\/\/www.suno.com.br\/noticias\/mercado-de-trabalho-aquecido-sustenta-economia-dos-eua-segundo-mario-mesquita\/#breadcrumb\",\"itemListElement\":[{\"@type\":\"ListItem\",\"position\":1,\"name\":\"Not\u00edcias\",\"item\":\"https:\/\/www.suno.com.br\/noticias\/\"},{\"@type\":\"ListItem\",\"position\":2,\"name\":\"Internacional\",\"item\":\"https:\/\/www.suno.com.br\/noticias\/internacional\/\"},{\"@type\":\"ListItem\",\"position\":3,\"name\":\"Mercado de trabalho aquecido sustenta economia dos EUA, segundo Mario Mesquita\"}]},{\"@type\":\"WebSite\",\"@id\":\"https:\/\/www.suno.com.br\/noticias\/#website\",\"url\":\"https:\/\/www.suno.com.br\/noticias\/\",\"name\":\"Suno Not\u00edcias\",\"description\":\"Seu portal de informa\u00e7\u00e3o sobre o mundo dos investimentos\",\"publisher\":{\"@id\":\"https:\/\/www.suno.com.br\/noticias\/#organization\"},\"potentialAction\":[{\"@type\":\"SearchAction\",\"target\":{\"@type\":\"EntryPoint\",\"urlTemplate\":\"https:\/\/www.suno.com.br\/noticias\/?s={search_term_string}\"},\"query-input\":{\"@type\":\"PropertyValueSpecification\",\"valueRequired\":true,\"valueName\":\"search_term_string\"}}],\"inLanguage\":\"pt-BR\"},{\"@type\":\"Organization\",\"@id\":\"https:\/\/www.suno.com.br\/noticias\/#organization\",\"name\":\"Suno Not\u00edcias\",\"url\":\"https:\/\/www.suno.com.br\/noticias\/\",\"logo\":{\"@type\":\"ImageObject\",\"inLanguage\":\"pt-BR\",\"@id\":\"https:\/\/www.suno.com.br\/noticias\/#\/schema\/logo\/image\/\",\"url\":\"https:\/\/files.sunoresearch.com.br\/n\/uploads\/2021\/09\/suno-logo.png\",\"contentUrl\":\"https:\/\/files.sunoresearch.com.br\/n\/uploads\/2021\/09\/suno-logo.png\",\"width\":180,\"height\":180,\"caption\":\"Suno Not\u00edcias\"},\"image\":{\"@id\":\"https:\/\/www.suno.com.br\/noticias\/#\/schema\/logo\/image\/\"},\"sameAs\":[\"https:\/\/facebook.com\/sunoresearch\",\"https:\/\/x.com\/sunoresearch\",\"https:\/\/www.instagram.com\/suno\",\"https:\/\/www.linkedin.com\/company\/suno-research\/\",\"https:\/\/www.youtube.com\/c\/sunoresearch\"]},{\"@type\":\"Person\",\"@id\":\"https:\/\/www.suno.com.br\/noticias\/#\/schema\/person\/918d79de1f0281f01599b93f9ea6e23f\",\"name\":\"Jader Lazarini\",\"image\":{\"@type\":\"ImageObject\",\"inLanguage\":\"pt-BR\",\"@id\":\"https:\/\/www.suno.com.br\/noticias\/#\/schema\/person\/image\/\",\"url\":\"https:\/\/secure.gravatar.com\/avatar\/3c1ad8caa51589841baeb923fcddea97?s=96&r=g\",\"contentUrl\":\"https:\/\/secure.gravatar.com\/avatar\/3c1ad8caa51589841baeb923fcddea97?s=96&r=g\",\"caption\":\"Jader Lazarini\"},\"description\":\"Jader Lazarini escreve sobre investimentos, finan\u00e7as, economia e neg\u00f3cios. \u00c9 bacharel em Rela\u00e7\u00f5es Internacionais e analista CNPI (2619).\",\"url\":\"https:\/\/www.suno.com.br\/noticias\/author\/jader-lazarini\/\"}]}<\/script>\n<!-- \/ Yoast SEO plugin. -->","yoast_head_json":{"title":"EUA: mercado de trabalho continua bastante aquecido","description":"Mario Mesquita, economista-chefe do Ita\u00fa Unibanco, comentou nesta segunda (20) sobre os EUA e a poss\u00edvel recess\u00e3o global. Saiba mais.","robots":{"index":"index","follow":"follow","max-snippet":"max-snippet:-1","max-image-preview":"max-image-preview:large","max-video-preview":"max-video-preview:-1"},"canonical":"https:\/\/www.suno.com.br\/noticias\/mercado-de-trabalho-aquecido-sustenta-economia-dos-eua-segundo-mario-mesquita\/","og_locale":"pt_BR","og_type":"article","og_title":"EUA: mercado de trabalho continua bastante aquecido","og_description":"Mario Mesquita, economista-chefe do Ita\u00fa Unibanco, comentou nesta segunda (20) sobre os EUA e a poss\u00edvel recess\u00e3o global. Saiba mais.","og_url":"https:\/\/www.suno.com.br\/noticias\/mercado-de-trabalho-aquecido-sustenta-economia-dos-eua-segundo-mario-mesquita\/","og_site_name":"Suno Not\u00edcias","article_publisher":"https:\/\/facebook.com\/sunoresearch","og_image":[{"width":1871,"height":926,"url":"https:\/\/files.sunoresearch.com.br\/n\/uploads\/2019\/08\/c97a08ed-mario-mesquita-e1566316521981.jpg","type":"image\/jpeg"}],"author":"Jader Lazarini","twitter_card":"summary_large_image","twitter_creator":"@sunoresearch","twitter_site":"@sunoresearch","twitter_misc":{"Escrito por":"Jader Lazarini","Est. tempo de leitura":"2 minutos"},"schema":{"@context":"https:\/\/schema.org","@graph":[{"@type":"NewsArticle","@id":"https:\/\/www.suno.com.br\/noticias\/mercado-de-trabalho-aquecido-sustenta-economia-dos-eua-segundo-mario-mesquita\/#article","isPartOf":{"@id":"https:\/\/www.suno.com.br\/noticias\/mercado-de-trabalho-aquecido-sustenta-economia-dos-eua-segundo-mario-mesquita\/"},"author":{"name":"Jader Lazarini","@id":"https:\/\/www.suno.com.br\/noticias\/#\/schema\/person\/918d79de1f0281f01599b93f9ea6e23f"},"headline":"Mercado de trabalho aquecido sustenta economia dos EUA, segundo Mario Mesquita","datePublished":"2019-08-20T15:53:03+00:00","dateModified":"2019-08-21T10:14:51+00:00","mainEntityOfPage":{"@id":"https:\/\/www.suno.com.br\/noticias\/mercado-de-trabalho-aquecido-sustenta-economia-dos-eua-segundo-mario-mesquita\/"},"wordCount":398,"publisher":{"@id":"https:\/\/www.suno.com.br\/noticias\/#organization"},"image":{"@id":"https:\/\/www.suno.com.br\/noticias\/mercado-de-trabalho-aquecido-sustenta-economia-dos-eua-segundo-mario-mesquita\/#primaryimage"},"thumbnailUrl":"https:\/\/files.sunoresearch.com.br\/n\/uploads\/2019\/08\/c97a08ed-mario-mesquita-e1566316521981-jpg.webp","keywords":["Donald Trump","Emprego","Estados Unidos (EUA)","recess\u00e3o"],"articleSection":["Internacional"],"inLanguage":"pt-BR"},{"@type":"WebPage","@id":"https:\/\/www.suno.com.br\/noticias\/mercado-de-trabalho-aquecido-sustenta-economia-dos-eua-segundo-mario-mesquita\/","url":"https:\/\/www.suno.com.br\/noticias\/mercado-de-trabalho-aquecido-sustenta-economia-dos-eua-segundo-mario-mesquita\/","name":"EUA: mercado de trabalho continua bastante aquecido","isPartOf":{"@id":"https:\/\/www.suno.com.br\/noticias\/#website"},"primaryImageOfPage":{"@id":"https:\/\/www.suno.com.br\/noticias\/mercado-de-trabalho-aquecido-sustenta-economia-dos-eua-segundo-mario-mesquita\/#primaryimage"},"image":{"@id":"https:\/\/www.suno.com.br\/noticias\/mercado-de-trabalho-aquecido-sustenta-economia-dos-eua-segundo-mario-mesquita\/#primaryimage"},"thumbnailUrl":"https:\/\/files.sunoresearch.com.br\/n\/uploads\/2019\/08\/c97a08ed-mario-mesquita-e1566316521981-jpg.webp","datePublished":"2019-08-20T15:53:03+00:00","dateModified":"2019-08-21T10:14:51+00:00","description":"Mario Mesquita, economista-chefe do Ita\u00fa Unibanco, comentou nesta segunda (20) sobre os EUA e a poss\u00edvel recess\u00e3o global. Saiba mais.","breadcrumb":{"@id":"https:\/\/www.suno.com.br\/noticias\/mercado-de-trabalho-aquecido-sustenta-economia-dos-eua-segundo-mario-mesquita\/#breadcrumb"},"inLanguage":"pt-BR","potentialAction":[{"@type":"ReadAction","target":["https:\/\/www.suno.com.br\/noticias\/mercado-de-trabalho-aquecido-sustenta-economia-dos-eua-segundo-mario-mesquita\/"]}]},{"@type":"ImageObject","inLanguage":"pt-BR","@id":"https:\/\/www.suno.com.br\/noticias\/mercado-de-trabalho-aquecido-sustenta-economia-dos-eua-segundo-mario-mesquita\/#primaryimage","url":"https:\/\/files.sunoresearch.com.br\/n\/uploads\/2019\/08\/c97a08ed-mario-mesquita-e1566316521981-jpg.webp","contentUrl":"https:\/\/files.sunoresearch.com.br\/n\/uploads\/2019\/08\/c97a08ed-mario-mesquita-e1566316521981-jpg.webp","width":1871,"height":926,"caption":"M\u00e1rio Mesquita, do Ita\u00fa, ressalta que apesar da infla\u00e7\u00e3o, dados do \u00edndice da institui\u00e7\u00e3o apontam emprego em vias de recupera\u00e7\u00e3o - Foto: Divulga\u00e7\u00e3o"},{"@type":"BreadcrumbList","@id":"https:\/\/www.suno.com.br\/noticias\/mercado-de-trabalho-aquecido-sustenta-economia-dos-eua-segundo-mario-mesquita\/#breadcrumb","itemListElement":[{"@type":"ListItem","position":1,"name":"Not\u00edcias","item":"https:\/\/www.suno.com.br\/noticias\/"},{"@type":"ListItem","position":2,"name":"Internacional","item":"https:\/\/www.suno.com.br\/noticias\/internacional\/"},{"@type":"ListItem","position":3,"name":"Mercado de trabalho aquecido sustenta economia dos EUA, segundo Mario Mesquita"}]},{"@type":"WebSite","@id":"https:\/\/www.suno.com.br\/noticias\/#website","url":"https:\/\/www.suno.com.br\/noticias\/","name":"Suno Not\u00edcias","description":"Seu portal de informa\u00e7\u00e3o sobre o mundo dos investimentos","publisher":{"@id":"https:\/\/www.suno.com.br\/noticias\/#organization"},"potentialAction":[{"@type":"SearchAction","target":{"@type":"EntryPoint","urlTemplate":"https:\/\/www.suno.com.br\/noticias\/?s={search_term_string}"},"query-input":{"@type":"PropertyValueSpecification","valueRequired":true,"valueName":"search_term_string"}}],"inLanguage":"pt-BR"},{"@type":"Organization","@id":"https:\/\/www.suno.com.br\/noticias\/#organization","name":"Suno Not\u00edcias","url":"https:\/\/www.suno.com.br\/noticias\/","logo":{"@type":"ImageObject","inLanguage":"pt-BR","@id":"https:\/\/www.suno.com.br\/noticias\/#\/schema\/logo\/image\/","url":"https:\/\/files.sunoresearch.com.br\/n\/uploads\/2021\/09\/suno-logo.png","contentUrl":"https:\/\/files.sunoresearch.com.br\/n\/uploads\/2021\/09\/suno-logo.png","width":180,"height":180,"caption":"Suno Not\u00edcias"},"image":{"@id":"https:\/\/www.suno.com.br\/noticias\/#\/schema\/logo\/image\/"},"sameAs":["https:\/\/facebook.com\/sunoresearch","https:\/\/x.com\/sunoresearch","https:\/\/www.instagram.com\/suno","https:\/\/www.linkedin.com\/company\/suno-research\/","https:\/\/www.youtube.com\/c\/sunoresearch"]},{"@type":"Person","@id":"https:\/\/www.suno.com.br\/noticias\/#\/schema\/person\/918d79de1f0281f01599b93f9ea6e23f","name":"Jader Lazarini","image":{"@type":"ImageObject","inLanguage":"pt-BR","@id":"https:\/\/www.suno.com.br\/noticias\/#\/schema\/person\/image\/","url":"https:\/\/secure.gravatar.com\/avatar\/3c1ad8caa51589841baeb923fcddea97?s=96&r=g","contentUrl":"https:\/\/secure.gravatar.com\/avatar\/3c1ad8caa51589841baeb923fcddea97?s=96&r=g","caption":"Jader Lazarini"},"description":"Jader Lazarini escreve sobre investimentos, finan\u00e7as, economia e neg\u00f3cios. \u00c9 bacharel em Rela\u00e7\u00f5es Internacionais e analista CNPI (2619).","url":"https:\/\/www.suno.com.br\/noticias\/author\/jader-lazarini\/"}]}},"default_loop_html":"<div class=\"cardsPage__listCard__boxs\"><div class=\"cardsPage__listCard__boxs__img\"><a href=\"https:\/\/www.suno.com.br\/noticias\/mercado-de-trabalho-aquecido-sustenta-economia-dos-eua-segundo-mario-mesquita\/\"><img class=\"mask\" src=\"https:\/\/www.suno.com.br\/noticias\/wp-content\/themes\/suno\/resources\/images\/spotlight\/spotlight1img\/bg-mask.png\" alt=\"Image Mask\"\/><img src=\"https:\/\/files.sunoresearch.com.br\/n\/uploads\/2019\/08\/c97a08ed-mario-mesquita-e1566316521981-400x200.webp\" alt=\"Mercado de trabalho aquecido sustenta economia dos EUA, segundo Mario Mesquita\"\/><\/a><span class=\"spotlightCategory\"><a href=\"https:\/\/www.suno.com.br\/noticias\/internacional\/\">Internacional<\/a><\/span><\/div><div class=\"cardsPage__listCard__boxs__content\"><a href=\"https:\/\/www.suno.com.br\/noticias\/mercado-de-trabalho-aquecido-sustenta-economia-dos-eua-segundo-mario-mesquita\/\"><h2 class=\"content__title\">Mercado de trabalho aquecido sustenta economia dos EUA, segundo Mario Mesquita<\/h2><\/a><div class=\"newsContent__article__meta\"><div class=\"newsContent__article__meta__authorBox\"><a href=\"https:\/\/www.suno.com.br\/noticias\/author\/jader-lazarini\/\" class=\"authorBox__avatar noMobi\"><img src=\"https:\/\/files.sunoresearch.com.br\/n\/uploads\/2021\/01\/178e6598-foto-perfil-2-150x150.jpg\" alt=\"Jader Lazarini\"><\/a><div class=\"authorBox__name\"><span>por\n\t\t\t<a href=\"https:\/\/www.suno.com.br\/noticias\/author\/jader-lazarini\/\"><span itemprop=\"author\">Jader Lazarini<\/span><\/a><\/span><time datetime=\"2019-08-20T12:53:03-03:00\" itemprop=\"datePublished\">20\/08\/2019 12:53<\/time><\/div><\/div><\/div><\/div><\/div>","single_layout":"posts","amp_enabled":true,"_links":{"self":[{"href":"https:\/\/www.suno.com.br\/noticias\/wp-json\/wp\/v2\/posts\/34673"}],"collection":[{"href":"https:\/\/www.suno.com.br\/noticias\/wp-json\/wp\/v2\/posts"}],"about":[{"href":"https:\/\/www.suno.com.br\/noticias\/wp-json\/wp\/v2\/types\/post"}],"author":[{"embeddable":true,"href":"https:\/\/www.suno.com.br\/noticias\/wp-json\/wp\/v2\/users\/24"}],"replies":[{"embeddable":true,"href":"https:\/\/www.suno.com.br\/noticias\/wp-json\/wp\/v2\/comments?post=34673"}],"version-history":[{"count":0,"href":"https:\/\/www.suno.com.br\/noticias\/wp-json\/wp\/v2\/posts\/34673\/revisions"}],"wp:featuredmedia":[{"embeddable":true,"href":"https:\/\/www.suno.com.br\/noticias\/wp-json\/wp\/v2\/media\/34679"}],"wp:attachment":[{"href":"https:\/\/www.suno.com.br\/noticias\/wp-json\/wp\/v2\/media?parent=34673"}],"wp:term":[{"taxonomy":"category","embeddable":true,"href":"https:\/\/www.suno.com.br\/noticias\/wp-json\/wp\/v2\/categories?post=34673"},{"taxonomy":"post_tag","embeddable":true,"href":"https:\/\/www.suno.com.br\/noticias\/wp-json\/wp\/v2\/tags?post=34673"},{"taxonomy":"suno_strategy","embeddable":true,"href":"https:\/\/www.suno.com.br\/noticias\/wp-json\/wp\/v2\/suno_strategy?post=34673"}],"curies":[{"name":"wp","href":"https:\/\/api.w.org\/{rel}","templated":true}]}}