{"id":34634,"date":"2019-08-20T09:01:05","date_gmt":"2019-08-20T12:01:05","guid":{"rendered":"https:\/\/www.suno.com.br\/noticias\/?p=34634"},"modified":"2019-08-27T07:26:12","modified_gmt":"2019-08-27T10:26:12","slug":"estrangeiros-retiradas-bolsa-recorde-23-anos","status":"publish","type":"post","link":"https:\/\/www.suno.com.br\/noticias\/estrangeiros-retiradas-bolsa-recorde-23-anos\/","title":{"rendered":"Estrangeiros se retiram da Bolsa em um volume jamais visto em 23 anos"},"content":{"rendered":"<p>A retirada de investimento de estrangeiros na <a href=\"https:\/\/www.suno.com.br\/artigos\/b3\/\">B3, a Bolsa de Valores de S\u00e3o Paulo<\/a>, se aproxima de um recorde na sua s\u00e9rie hist\u00f3rica, desde 1996.<\/p>\t<div class=\"wrapper-featured-image\">\n\t\t<figure class=\"spotlightImg\">\n\n\t\t\t<picture>\n\t\t\t\t<source media=\"(max-width: 768px)\" srcset=\"https:\/\/files.sunoresearch.com.br\/n\/uploads\/2019\/08\/191b2a55-bolsa-400x200.webp\">\n\t\t\t\t<img loading=\"lazy\" decoding=\"async\" class=\"newsContent__article__imgCapa lazyloadDisabled newsContent__article__imgCapa--noCaption\" src=\"https:\/\/files.sunoresearch.com.br\/n\/uploads\/2019\/08\/191b2a55-bolsa-800x450.webp\" width=\"800\" height=\"450\" alt=\"Estrangeiros se retiram da Bolsa em um volume jamais visto em 23 anos\" fetchpriority=high \/>\n\t\t\t<\/picture>\n\n\t\t\t<figcaption class=\"wp-caption-text wp-caption-text--hide\">ibovespa<\/figcaption>\n\t\t<\/figure>\n\t<\/div>\n\n\n<p>De janeiro at\u00e9 15 de agosto, quando o \u00faltimo dado foi disponibilizado, o resultado entre compras e vendas negociadas atrav\u00e9s das a\u00e7\u00f5es por n\u00e3o-brasileiros na <strong>Bolsa<\/strong> foi negativo em R$ 19,16 bilh\u00f5es.<\/p>\n<p>O volume de saques ultrapassa aquele registrado no mesmo per\u00edodo de 2008, de R$ 16,53 bilh\u00f5es. Em setembro do mesmo ano, o estopim da crise imobili\u00e1ria nos Estados Unidos aconteceu com a fal\u00eancia do Banco Lehman Brothers. Neste ano, as retiradas vem aumentado desde maio, quando o ambiente externo iniciou a se deteriorar.<\/p>\n<p><iframe loading=\"lazy\" title=\"?Ita\u00fa contra nova CPMF; CAIXA baixa juros para im\u00f3veis e estrangeiros saem da B3\" width=\"200\" height=\"113\" src=\"https:\/\/www.youtube.com\/embed\/ZUd2w0O2yME?feature=oembed\" frameborder=\"0\" allow=\"accelerometer; autoplay; encrypted-media; gyroscope; picture-in-picture\" allowfullscreen><\/iframe><\/p>\n<h2>Bolsa reflete tens\u00f5es internacionais<\/h2>\n<p>Al\u00e9m das cont\u00ednuas tens\u00f5es entre os <strong>EUA<\/strong> e a <strong>China<\/strong> na <a href=\"https:\/\/www.suno.com.br\/artigos\/a-guerra-comercial\/\"><strong>guerra comercial<\/strong><\/a>, outros indicadores mostraram que uma recess\u00e3o global n\u00e3o est\u00e1 longe de acontecer, o que torna os os investimentos mais conservadores. A desacelera\u00e7\u00e3o da <strong>Alemanha<\/strong>, da China e demais emergentes, fazem com que os investidores tenham prefer\u00eancia por ativos em <strong>d\u00f3lar<\/strong>.<\/p>\n<p><a href=\"https:\/\/www.suno.com.br\/noticias\/china-crescimento-da-industria-tem-pior-resultado-em-17-anos\/\">Veja tamb\u00e9m: Crescimento industrial da China tem pior resultado em 17 anos<\/a><\/p>\n<p>Somente no dia 5 de agosto, os investidores estrangeiros retiraram R$ 2 bilh\u00f5es da <strong>Bolsa<\/strong>. Naquele dia, o \u00edndice da bolsa brasileira teve um desempenho negativo por conta de mais um cap\u00edtulo disputa comercial entre <strong>China<\/strong> e <strong>Estados Unidos<\/strong>.<\/p>\n<p>O que sustentou a valoriza\u00e7\u00e3o do <strong>Ibovespa<\/strong> em 2019, acumulando uma alta de 13,18% at\u00e9 o m\u00eas de agosto, foram os investidores locais, institucionais ou pessoas f\u00edsicas.<\/p>\n<p>At\u00e9 15 de agosto, o resultado de vendas e compras de a\u00e7\u00f5es por <a href=\"https:\/\/www.suno.com.br\/artigos\/investidor-institucional\/\">investidores institucionais<\/a>, que podem ser fundos de investimentos, seguradoras, ou bancos, por exemplo, estava positivo em R$ 16,9 bilh\u00f5es.<\/p>\n\t<p>\n\t\t<a href=\"https:\/\/lp.suno.com.br\/ao\/sessao-estrategica-consultoria-c\/?utm_source=suno-noticias&#038;utm_medium=banner&#038;utm_campaing=dolar-cair-juros\" target=\"_blank\" data-element=\"shortcode-suno-banner\" title=\"Banner SUNO, clique e saiba mais\">\n\t\t\t<picture>\n\t\t\t\t<source media=\"(max-width: 500px)\" srcset=\"https:\/\/files.sunoresearch.com.br\/n\/uploads\/2025\/09\/300x400.webp\">\n\t\t\t\t<img class=\"newsContent__article__imgCapa newsContent__article__imgCapa--banner\"\n\t\t\t\t\tsrc=\"https:\/\/files.sunoresearch.com.br\/n\/uploads\/2025\/09\/SN-DT-1420x240-1.webp\"\n\t\t\t\t\tdata-promo-id=\"624946\"\t\t\t\t\t\t\t\t\t\twidth='1420' height='240'\t\t\t\t\talt=\"https:\/\/files.sunoresearch.com.br\/n\/uploads\/2025\/09\/SN-DT-1420x240-1.webp\"\n\t\t\t\t>\n\t\t\t<\/picture>\n\t\t<\/a>\n\t<\/p>\n\n\n<p>J\u00e1 os investimentos de pessoas f\u00edsicas, impulsionados pela taxa de juros <strong>Selic<\/strong> no menor patamar de sua hist\u00f3ria, estava positivo em R$ 8,9 bilh\u00f5es.<\/p>\n<p>&#8220;Com o juro baixo, existe uma perspectiva de continuidade da migra\u00e7\u00e3o dos investidores locais para a renda vari\u00e1vel e isso pode coexistir com as sa\u00eddas l\u00edquidas do estrangeiro&#8221;, afirmou Raphael Guimar\u00e3es, operador da mesa de renda vari\u00e1vel da RJ Investimentos ao &#8220;Valor&#8221;.<\/p>\n<p><a href=\"https:\/\/www.suno.com.br\/noticias\/reducao-selic-positiva-mercado-capitais\/\">Confira: Corte na taxa Selic ser\u00e1 positiva para o mercado de capitais, diz Moody\u2019s<\/a><\/p>\n<p>O <strong>Ibovespa<\/strong> fechou na \u00faltima segunda-feira (19) em baixa. O principal \u00edndice da <a href=\"https:\/\/www.suno.com.br\/artigos\/b3\/\"><strong>Bolsa de Valores de S\u00e3o Paulo<\/strong> (B3)<\/a> teve queda de -0,34%, chegando a\u00a0 99.468,672 pontos.<\/p>\n<p>&nbsp;<\/p>\n","protected":false},"excerpt":{"rendered":"<p>A retirada de investimento de estrangeiros na B3, a Bolsa de Valores de S\u00e3o Paulo, se aproxima de um recorde na sua s\u00e9rie hist\u00f3rica, desde 1996. ibovespa De janeiro at\u00e9 15 de agosto, quando o \u00faltimo dado foi disponibilizado, o resultado entre compras e vendas negociadas atrav\u00e9s das a\u00e7\u00f5es por n\u00e3o-brasileiros na Bolsa foi negativo [&hellip;]<\/p>\n","protected":false},"author":24,"featured_media":34642,"comment_status":"closed","ping_status":"closed","sticky":false,"template":"","format":"standard","meta":[],"categories":[60],"tags":[309,721],"suno_strategy":[],"class_list":["post-34634","post","type-post","status-publish","format-standard","has-post-thumbnail","hentry","category-mercado","tag-bolsa-de-valores","tag-ibovespa"],"yoast_head":"<!-- This site is optimized with the Yoast SEO plugin v24.4 - https:\/\/yoast.com\/wordpress\/plugins\/seo\/ -->\n<title>Bolsa: retirada de estrangeiros atinge recorde hist\u00f3rico<\/title>\n<meta name=\"description\" content=\"A retirada de investimento de estrangeiros na Bolsa se aproxima de um recorde na sua s\u00e9rie hist\u00f3rica, desde 1996. Saiba mais.\" \/>\n<meta name=\"robots\" content=\"index, follow, max-snippet:-1, max-image-preview:large, max-video-preview:-1\" \/>\n<link rel=\"canonical\" href=\"https:\/\/www.suno.com.br\/noticias\/estrangeiros-retiradas-bolsa-recorde-23-anos\/\" \/>\n<meta property=\"og:locale\" content=\"pt_BR\" \/>\n<meta property=\"og:type\" content=\"article\" \/>\n<meta property=\"og:title\" content=\"Bolsa: retirada de estrangeiros atinge recorde hist\u00f3rico\" \/>\n<meta property=\"og:description\" content=\"A retirada de investimento de estrangeiros na Bolsa se aproxima de um recorde na sua s\u00e9rie hist\u00f3rica, desde 1996. Saiba mais.\" \/>\n<meta property=\"og:url\" content=\"https:\/\/www.suno.com.br\/noticias\/estrangeiros-retiradas-bolsa-recorde-23-anos\/\" \/>\n<meta property=\"og:site_name\" content=\"Suno Not\u00edcias\" \/>\n<meta property=\"article:publisher\" content=\"https:\/\/facebook.com\/sunoresearch\" \/>\n<meta property=\"og:image\" content=\"https:\/\/files.sunoresearch.com.br\/n\/uploads\/2019\/08\/191b2a55-bolsa.jpg\" \/>\n\t<meta property=\"og:image:width\" content=\"2300\" \/>\n\t<meta property=\"og:image:height\" content=\"1563\" \/>\n\t<meta property=\"og:image:type\" content=\"image\/jpeg\" \/>\n<meta name=\"author\" content=\"Jader Lazarini\" \/>\n<meta name=\"twitter:card\" content=\"summary_large_image\" \/>\n<meta name=\"twitter:creator\" content=\"@sunoresearch\" \/>\n<meta name=\"twitter:site\" content=\"@sunoresearch\" \/>\n<meta name=\"twitter:label1\" content=\"Escrito por\" \/>\n\t<meta name=\"twitter:data1\" content=\"Jader Lazarini\" \/>\n\t<meta name=\"twitter:label2\" content=\"Est. tempo de leitura\" \/>\n\t<meta name=\"twitter:data2\" content=\"2 minutos\" \/>\n<script type=\"application\/ld+json\" class=\"yoast-schema-graph\">{\"@context\":\"https:\/\/schema.org\",\"@graph\":[{\"@type\":\"NewsArticle\",\"@id\":\"https:\/\/www.suno.com.br\/noticias\/estrangeiros-retiradas-bolsa-recorde-23-anos\/#article\",\"isPartOf\":{\"@id\":\"https:\/\/www.suno.com.br\/noticias\/estrangeiros-retiradas-bolsa-recorde-23-anos\/\"},\"author\":{\"name\":\"Jader Lazarini\",\"@id\":\"https:\/\/www.suno.com.br\/noticias\/#\/schema\/person\/918d79de1f0281f01599b93f9ea6e23f\"},\"headline\":\"Estrangeiros se retiram da Bolsa em um volume jamais visto em 23 anos\",\"datePublished\":\"2019-08-20T12:01:05+00:00\",\"dateModified\":\"2019-08-27T10:26:12+00:00\",\"mainEntityOfPage\":{\"@id\":\"https:\/\/www.suno.com.br\/noticias\/estrangeiros-retiradas-bolsa-recorde-23-anos\/\"},\"wordCount\":439,\"publisher\":{\"@id\":\"https:\/\/www.suno.com.br\/noticias\/#organization\"},\"image\":{\"@id\":\"https:\/\/www.suno.com.br\/noticias\/estrangeiros-retiradas-bolsa-recorde-23-anos\/#primaryimage\"},\"thumbnailUrl\":\"https:\/\/files.sunoresearch.com.br\/n\/uploads\/2019\/08\/191b2a55-bolsa.jpg\",\"keywords\":[\"Bolsa de Valores\",\"Ibovespa\"],\"articleSection\":[\"Mercado\"],\"inLanguage\":\"pt-BR\"},{\"@type\":\"WebPage\",\"@id\":\"https:\/\/www.suno.com.br\/noticias\/estrangeiros-retiradas-bolsa-recorde-23-anos\/\",\"url\":\"https:\/\/www.suno.com.br\/noticias\/estrangeiros-retiradas-bolsa-recorde-23-anos\/\",\"name\":\"Bolsa: retirada de estrangeiros atinge recorde hist\u00f3rico\",\"isPartOf\":{\"@id\":\"https:\/\/www.suno.com.br\/noticias\/#website\"},\"primaryImageOfPage\":{\"@id\":\"https:\/\/www.suno.com.br\/noticias\/estrangeiros-retiradas-bolsa-recorde-23-anos\/#primaryimage\"},\"image\":{\"@id\":\"https:\/\/www.suno.com.br\/noticias\/estrangeiros-retiradas-bolsa-recorde-23-anos\/#primaryimage\"},\"thumbnailUrl\":\"https:\/\/files.sunoresearch.com.br\/n\/uploads\/2019\/08\/191b2a55-bolsa.jpg\",\"datePublished\":\"2019-08-20T12:01:05+00:00\",\"dateModified\":\"2019-08-27T10:26:12+00:00\",\"description\":\"A retirada de investimento de estrangeiros na Bolsa se aproxima de um recorde na sua s\u00e9rie hist\u00f3rica, desde 1996. Saiba mais.\",\"breadcrumb\":{\"@id\":\"https:\/\/www.suno.com.br\/noticias\/estrangeiros-retiradas-bolsa-recorde-23-anos\/#breadcrumb\"},\"inLanguage\":\"pt-BR\",\"potentialAction\":[{\"@type\":\"ReadAction\",\"target\":[\"https:\/\/www.suno.com.br\/noticias\/estrangeiros-retiradas-bolsa-recorde-23-anos\/\"]}]},{\"@type\":\"ImageObject\",\"inLanguage\":\"pt-BR\",\"@id\":\"https:\/\/www.suno.com.br\/noticias\/estrangeiros-retiradas-bolsa-recorde-23-anos\/#primaryimage\",\"url\":\"https:\/\/files.sunoresearch.com.br\/n\/uploads\/2019\/08\/191b2a55-bolsa.jpg\",\"contentUrl\":\"https:\/\/files.sunoresearch.com.br\/n\/uploads\/2019\/08\/191b2a55-bolsa.jpg\",\"width\":2300,\"height\":1563,\"caption\":\"ibovespa\"},{\"@type\":\"BreadcrumbList\",\"@id\":\"https:\/\/www.suno.com.br\/noticias\/estrangeiros-retiradas-bolsa-recorde-23-anos\/#breadcrumb\",\"itemListElement\":[{\"@type\":\"ListItem\",\"position\":1,\"name\":\"Not\u00edcias\",\"item\":\"https:\/\/www.suno.com.br\/noticias\/\"},{\"@type\":\"ListItem\",\"position\":2,\"name\":\"Mercado\",\"item\":\"https:\/\/www.suno.com.br\/noticias\/mercado\/\"},{\"@type\":\"ListItem\",\"position\":3,\"name\":\"Estrangeiros se retiram da Bolsa em um volume jamais visto em 23 anos\"}]},{\"@type\":\"WebSite\",\"@id\":\"https:\/\/www.suno.com.br\/noticias\/#website\",\"url\":\"https:\/\/www.suno.com.br\/noticias\/\",\"name\":\"Suno Not\u00edcias\",\"description\":\"Seu portal de informa\u00e7\u00e3o sobre o mundo dos investimentos\",\"publisher\":{\"@id\":\"https:\/\/www.suno.com.br\/noticias\/#organization\"},\"potentialAction\":[{\"@type\":\"SearchAction\",\"target\":{\"@type\":\"EntryPoint\",\"urlTemplate\":\"https:\/\/www.suno.com.br\/noticias\/?s={search_term_string}\"},\"query-input\":{\"@type\":\"PropertyValueSpecification\",\"valueRequired\":true,\"valueName\":\"search_term_string\"}}],\"inLanguage\":\"pt-BR\"},{\"@type\":\"Organization\",\"@id\":\"https:\/\/www.suno.com.br\/noticias\/#organization\",\"name\":\"Suno Not\u00edcias\",\"url\":\"https:\/\/www.suno.com.br\/noticias\/\",\"logo\":{\"@type\":\"ImageObject\",\"inLanguage\":\"pt-BR\",\"@id\":\"https:\/\/www.suno.com.br\/noticias\/#\/schema\/logo\/image\/\",\"url\":\"https:\/\/files.sunoresearch.com.br\/n\/uploads\/2021\/09\/suno-logo.png\",\"contentUrl\":\"https:\/\/files.sunoresearch.com.br\/n\/uploads\/2021\/09\/suno-logo.png\",\"width\":180,\"height\":180,\"caption\":\"Suno Not\u00edcias\"},\"image\":{\"@id\":\"https:\/\/www.suno.com.br\/noticias\/#\/schema\/logo\/image\/\"},\"sameAs\":[\"https:\/\/facebook.com\/sunoresearch\",\"https:\/\/x.com\/sunoresearch\",\"https:\/\/www.instagram.com\/suno\",\"https:\/\/www.linkedin.com\/company\/suno-research\/\",\"https:\/\/www.youtube.com\/c\/sunoresearch\"]},{\"@type\":\"Person\",\"@id\":\"https:\/\/www.suno.com.br\/noticias\/#\/schema\/person\/918d79de1f0281f01599b93f9ea6e23f\",\"name\":\"Jader Lazarini\",\"image\":{\"@type\":\"ImageObject\",\"inLanguage\":\"pt-BR\",\"@id\":\"https:\/\/www.suno.com.br\/noticias\/#\/schema\/person\/image\/\",\"url\":\"https:\/\/secure.gravatar.com\/avatar\/3c1ad8caa51589841baeb923fcddea97?s=96&r=g\",\"contentUrl\":\"https:\/\/secure.gravatar.com\/avatar\/3c1ad8caa51589841baeb923fcddea97?s=96&r=g\",\"caption\":\"Jader Lazarini\"},\"description\":\"Jader Lazarini escreve sobre investimentos, finan\u00e7as, economia e neg\u00f3cios. \u00c9 bacharel em Rela\u00e7\u00f5es Internacionais e analista CNPI (2619).\",\"url\":\"https:\/\/www.suno.com.br\/noticias\/author\/jader-lazarini\/\"}]}<\/script>\n<!-- \/ Yoast SEO plugin. -->","yoast_head_json":{"title":"Bolsa: retirada de estrangeiros atinge recorde hist\u00f3rico","description":"A retirada de investimento de estrangeiros na Bolsa se aproxima de um recorde na sua s\u00e9rie hist\u00f3rica, desde 1996. Saiba mais.","robots":{"index":"index","follow":"follow","max-snippet":"max-snippet:-1","max-image-preview":"max-image-preview:large","max-video-preview":"max-video-preview:-1"},"canonical":"https:\/\/www.suno.com.br\/noticias\/estrangeiros-retiradas-bolsa-recorde-23-anos\/","og_locale":"pt_BR","og_type":"article","og_title":"Bolsa: retirada de estrangeiros atinge recorde hist\u00f3rico","og_description":"A retirada de investimento de estrangeiros na Bolsa se aproxima de um recorde na sua s\u00e9rie hist\u00f3rica, desde 1996. Saiba mais.","og_url":"https:\/\/www.suno.com.br\/noticias\/estrangeiros-retiradas-bolsa-recorde-23-anos\/","og_site_name":"Suno Not\u00edcias","article_publisher":"https:\/\/facebook.com\/sunoresearch","og_image":[{"width":2300,"height":1563,"url":"https:\/\/files.sunoresearch.com.br\/n\/uploads\/2019\/08\/191b2a55-bolsa.jpg","type":"image\/jpeg"}],"author":"Jader Lazarini","twitter_card":"summary_large_image","twitter_creator":"@sunoresearch","twitter_site":"@sunoresearch","twitter_misc":{"Escrito por":"Jader Lazarini","Est. tempo de leitura":"2 minutos"},"schema":{"@context":"https:\/\/schema.org","@graph":[{"@type":"NewsArticle","@id":"https:\/\/www.suno.com.br\/noticias\/estrangeiros-retiradas-bolsa-recorde-23-anos\/#article","isPartOf":{"@id":"https:\/\/www.suno.com.br\/noticias\/estrangeiros-retiradas-bolsa-recorde-23-anos\/"},"author":{"name":"Jader Lazarini","@id":"https:\/\/www.suno.com.br\/noticias\/#\/schema\/person\/918d79de1f0281f01599b93f9ea6e23f"},"headline":"Estrangeiros se retiram da Bolsa em um volume jamais visto em 23 anos","datePublished":"2019-08-20T12:01:05+00:00","dateModified":"2019-08-27T10:26:12+00:00","mainEntityOfPage":{"@id":"https:\/\/www.suno.com.br\/noticias\/estrangeiros-retiradas-bolsa-recorde-23-anos\/"},"wordCount":439,"publisher":{"@id":"https:\/\/www.suno.com.br\/noticias\/#organization"},"image":{"@id":"https:\/\/www.suno.com.br\/noticias\/estrangeiros-retiradas-bolsa-recorde-23-anos\/#primaryimage"},"thumbnailUrl":"https:\/\/files.sunoresearch.com.br\/n\/uploads\/2019\/08\/191b2a55-bolsa.jpg","keywords":["Bolsa de Valores","Ibovespa"],"articleSection":["Mercado"],"inLanguage":"pt-BR"},{"@type":"WebPage","@id":"https:\/\/www.suno.com.br\/noticias\/estrangeiros-retiradas-bolsa-recorde-23-anos\/","url":"https:\/\/www.suno.com.br\/noticias\/estrangeiros-retiradas-bolsa-recorde-23-anos\/","name":"Bolsa: retirada de estrangeiros atinge recorde hist\u00f3rico","isPartOf":{"@id":"https:\/\/www.suno.com.br\/noticias\/#website"},"primaryImageOfPage":{"@id":"https:\/\/www.suno.com.br\/noticias\/estrangeiros-retiradas-bolsa-recorde-23-anos\/#primaryimage"},"image":{"@id":"https:\/\/www.suno.com.br\/noticias\/estrangeiros-retiradas-bolsa-recorde-23-anos\/#primaryimage"},"thumbnailUrl":"https:\/\/files.sunoresearch.com.br\/n\/uploads\/2019\/08\/191b2a55-bolsa.jpg","datePublished":"2019-08-20T12:01:05+00:00","dateModified":"2019-08-27T10:26:12+00:00","description":"A retirada de investimento de estrangeiros na Bolsa se aproxima de um recorde na sua s\u00e9rie hist\u00f3rica, desde 1996. Saiba mais.","breadcrumb":{"@id":"https:\/\/www.suno.com.br\/noticias\/estrangeiros-retiradas-bolsa-recorde-23-anos\/#breadcrumb"},"inLanguage":"pt-BR","potentialAction":[{"@type":"ReadAction","target":["https:\/\/www.suno.com.br\/noticias\/estrangeiros-retiradas-bolsa-recorde-23-anos\/"]}]},{"@type":"ImageObject","inLanguage":"pt-BR","@id":"https:\/\/www.suno.com.br\/noticias\/estrangeiros-retiradas-bolsa-recorde-23-anos\/#primaryimage","url":"https:\/\/files.sunoresearch.com.br\/n\/uploads\/2019\/08\/191b2a55-bolsa.jpg","contentUrl":"https:\/\/files.sunoresearch.com.br\/n\/uploads\/2019\/08\/191b2a55-bolsa.jpg","width":2300,"height":1563,"caption":"ibovespa"},{"@type":"BreadcrumbList","@id":"https:\/\/www.suno.com.br\/noticias\/estrangeiros-retiradas-bolsa-recorde-23-anos\/#breadcrumb","itemListElement":[{"@type":"ListItem","position":1,"name":"Not\u00edcias","item":"https:\/\/www.suno.com.br\/noticias\/"},{"@type":"ListItem","position":2,"name":"Mercado","item":"https:\/\/www.suno.com.br\/noticias\/mercado\/"},{"@type":"ListItem","position":3,"name":"Estrangeiros se retiram da Bolsa em um volume jamais visto em 23 anos"}]},{"@type":"WebSite","@id":"https:\/\/www.suno.com.br\/noticias\/#website","url":"https:\/\/www.suno.com.br\/noticias\/","name":"Suno Not\u00edcias","description":"Seu portal de informa\u00e7\u00e3o sobre o mundo dos investimentos","publisher":{"@id":"https:\/\/www.suno.com.br\/noticias\/#organization"},"potentialAction":[{"@type":"SearchAction","target":{"@type":"EntryPoint","urlTemplate":"https:\/\/www.suno.com.br\/noticias\/?s={search_term_string}"},"query-input":{"@type":"PropertyValueSpecification","valueRequired":true,"valueName":"search_term_string"}}],"inLanguage":"pt-BR"},{"@type":"Organization","@id":"https:\/\/www.suno.com.br\/noticias\/#organization","name":"Suno Not\u00edcias","url":"https:\/\/www.suno.com.br\/noticias\/","logo":{"@type":"ImageObject","inLanguage":"pt-BR","@id":"https:\/\/www.suno.com.br\/noticias\/#\/schema\/logo\/image\/","url":"https:\/\/files.sunoresearch.com.br\/n\/uploads\/2021\/09\/suno-logo.png","contentUrl":"https:\/\/files.sunoresearch.com.br\/n\/uploads\/2021\/09\/suno-logo.png","width":180,"height":180,"caption":"Suno Not\u00edcias"},"image":{"@id":"https:\/\/www.suno.com.br\/noticias\/#\/schema\/logo\/image\/"},"sameAs":["https:\/\/facebook.com\/sunoresearch","https:\/\/x.com\/sunoresearch","https:\/\/www.instagram.com\/suno","https:\/\/www.linkedin.com\/company\/suno-research\/","https:\/\/www.youtube.com\/c\/sunoresearch"]},{"@type":"Person","@id":"https:\/\/www.suno.com.br\/noticias\/#\/schema\/person\/918d79de1f0281f01599b93f9ea6e23f","name":"Jader Lazarini","image":{"@type":"ImageObject","inLanguage":"pt-BR","@id":"https:\/\/www.suno.com.br\/noticias\/#\/schema\/person\/image\/","url":"https:\/\/secure.gravatar.com\/avatar\/3c1ad8caa51589841baeb923fcddea97?s=96&r=g","contentUrl":"https:\/\/secure.gravatar.com\/avatar\/3c1ad8caa51589841baeb923fcddea97?s=96&r=g","caption":"Jader Lazarini"},"description":"Jader Lazarini escreve sobre investimentos, finan\u00e7as, economia e neg\u00f3cios. \u00c9 bacharel em Rela\u00e7\u00f5es Internacionais e analista CNPI (2619).","url":"https:\/\/www.suno.com.br\/noticias\/author\/jader-lazarini\/"}]}},"default_loop_html":"<div class=\"cardsPage__listCard__boxs\"><div class=\"cardsPage__listCard__boxs__img\"><a href=\"https:\/\/www.suno.com.br\/noticias\/estrangeiros-retiradas-bolsa-recorde-23-anos\/\"><img class=\"mask\" src=\"https:\/\/www.suno.com.br\/noticias\/wp-content\/themes\/suno\/resources\/images\/spotlight\/spotlight1img\/bg-mask.png\" alt=\"Image Mask\"\/><img src=\"https:\/\/files.sunoresearch.com.br\/n\/uploads\/2019\/08\/191b2a55-bolsa-400x200.webp\" alt=\"Estrangeiros se retiram da Bolsa em um volume jamais visto em 23 anos\"\/><\/a><span class=\"spotlightCategory\"><a href=\"https:\/\/www.suno.com.br\/noticias\/mercado\/\">Mercado<\/a><\/span><\/div><div class=\"cardsPage__listCard__boxs__content\"><a href=\"https:\/\/www.suno.com.br\/noticias\/estrangeiros-retiradas-bolsa-recorde-23-anos\/\"><h2 class=\"content__title\">Estrangeiros se retiram da Bolsa em um volume jamais visto em 23 anos<\/h2><\/a><div class=\"newsContent__article__meta\"><div class=\"newsContent__article__meta__authorBox\"><a href=\"https:\/\/www.suno.com.br\/noticias\/author\/jader-lazarini\/\" class=\"authorBox__avatar noMobi\"><img src=\"https:\/\/files.sunoresearch.com.br\/n\/uploads\/2021\/01\/178e6598-foto-perfil-2-150x150.jpg\" alt=\"Jader Lazarini\"><\/a><div class=\"authorBox__name\"><span>por\n\t\t\t<a href=\"https:\/\/www.suno.com.br\/noticias\/author\/jader-lazarini\/\"><span itemprop=\"author\">Jader Lazarini<\/span><\/a><\/span><time datetime=\"2019-08-20T09:01:05-03:00\" itemprop=\"datePublished\">20\/08\/2019 09:01<\/time><\/div><\/div><\/div><\/div><\/div>","single_layout":"posts","amp_enabled":true,"_links":{"self":[{"href":"https:\/\/www.suno.com.br\/noticias\/wp-json\/wp\/v2\/posts\/34634"}],"collection":[{"href":"https:\/\/www.suno.com.br\/noticias\/wp-json\/wp\/v2\/posts"}],"about":[{"href":"https:\/\/www.suno.com.br\/noticias\/wp-json\/wp\/v2\/types\/post"}],"author":[{"embeddable":true,"href":"https:\/\/www.suno.com.br\/noticias\/wp-json\/wp\/v2\/users\/24"}],"replies":[{"embeddable":true,"href":"https:\/\/www.suno.com.br\/noticias\/wp-json\/wp\/v2\/comments?post=34634"}],"version-history":[{"count":0,"href":"https:\/\/www.suno.com.br\/noticias\/wp-json\/wp\/v2\/posts\/34634\/revisions"}],"wp:featuredmedia":[{"embeddable":true,"href":"https:\/\/www.suno.com.br\/noticias\/wp-json\/wp\/v2\/media\/34642"}],"wp:attachment":[{"href":"https:\/\/www.suno.com.br\/noticias\/wp-json\/wp\/v2\/media?parent=34634"}],"wp:term":[{"taxonomy":"category","embeddable":true,"href":"https:\/\/www.suno.com.br\/noticias\/wp-json\/wp\/v2\/categories?post=34634"},{"taxonomy":"post_tag","embeddable":true,"href":"https:\/\/www.suno.com.br\/noticias\/wp-json\/wp\/v2\/tags?post=34634"},{"taxonomy":"suno_strategy","embeddable":true,"href":"https:\/\/www.suno.com.br\/noticias\/wp-json\/wp\/v2\/suno_strategy?post=34634"}],"curies":[{"name":"wp","href":"https:\/\/api.w.org\/{rel}","templated":true}]}}