{"id":346268,"date":"2023-01-12T22:05:57","date_gmt":"2023-01-13T01:05:57","guid":{"rendered":"https:\/\/www.suno.com.br\/noticias\/?p=346268"},"modified":"2023-01-16T22:08:08","modified_gmt":"2023-01-17T01:08:08","slug":"radar-hapvida-hapv3-americanas-amer3-iguatemi-igti11","status":"publish","type":"post","link":"https:\/\/www.suno.com.br\/noticias\/radar-hapvida-hapv3-americanas-amer3-iguatemi-igti11\/","title":{"rendered":"Radar: Hapvida (HAPV3) \u00e9 rebaixada, Americanas (AMER3) perde R$ 8,37 bi em valor na Bolsa e crescem vendas do Iguatemi (IGTI11)"},"content":{"rendered":"<p>O rombo cont\u00e1bil revelado pelo ex-CEO <a class=\"suno-keyword\" data-force=\"no\" data-priority=\"2\" href=\"https:\/\/www.suno.com.br\/tudo-sobre\/sergio-rial\/\" target=\"_blank\" rel=\"noopener\">Sergio Rial<\/a> fez com que a <strong>Americanas<\/strong> (<a href=\"https:\/\/suno.com.br\/acoes\/amer3\/\" target=\"_blank\" rel=\"noreferrer noopener\">AMER3<\/a>) perdesse hoje R$ 8,37 bilh\u00f5es em <a class=\"suno-keyword\" data-force=\"no\" data-priority=\"1\" href=\"https:\/\/www.suno.com.br\/artigos\/valor-de-mercado\/\" target=\"_blank\" rel=\"noopener\">valor de mercado<\/a> na B3, a bolsa brasileira. Entre os fechamentos de quarta (11) e quinta (12), a varejista amargou um encolhimento de 77,33%.<\/p>\t<div class=\"wrapper-featured-image\">\n\t\t<figure class=\"spotlightImg\">\n\n\t\t\t<picture>\n\t\t\t\t<source media=\"(max-width: 768px)\" srcset=\"https:\/\/files.sunoresearch.com.br\/n\/uploads\/2021\/02\/a14015a8-hapvida-400x200.webp\">\n\t\t\t\t<img loading=\"lazy\" decoding=\"async\" class=\"newsContent__article__imgCapa lazyloadDisabled \" src=\"https:\/\/files.sunoresearch.com.br\/n\/uploads\/2021\/02\/a14015a8-hapvida-800x450.webp\" width=\"800\" height=\"450\" alt=\"Radar: Hapvida (HAPV3) \u00e9 rebaixada, Americanas (AMER3) perde R$ 8,37 bi em valor na Bolsa e crescem vendas do Iguatemi (IGTI11)\" fetchpriority=high \/>\n\t\t\t<\/picture>\n\n\t\t\t<figcaption class=\"wp-caption-text wp-caption-text--show\">Cl\u00ednica Hapvida (HAPV3). Foto: Site Hapvida - Reprodu\u00e7\u00e3o <\/figcaption>\n\t\t<\/figure>\n\t<\/div>\n\n\n\n\n\n\t<p>\n\t\t<a href=\"\" target=\"_blank\" data-element=\"shortcode-suno-banner\" title=\"Banner SUNO, clique e saiba mais\">\n\t\t\t<picture>\n\t\t\t\t<source media=\"(max-width: 500px)\" srcset=\"\">\n\t\t\t\t<img class=\"newsContent__article__imgCapa newsContent__article__imgCapa--banner\"\n\t\t\t\t\tsrc=\"\"\n\t\t\t\t\tdata-promo-id=\"341301\"\t\t\t\t\t\t\t\t\t\t\t\t\t\t\talt=\"\"\n\t\t\t\t>\n\t\t\t<\/picture>\n\t\t<\/a>\n\t<\/p>\n\n\n\n\n\n<p>Esses R$ 8,37 bilh\u00f5es que a Americanas encolheu nesta quinta &#8211; segundo dados apurados pelo head comercial Einar Rivero &#8211; equivalem a um montante pr\u00f3ximo ao valor de mercado da Minerva (BEEF3), de R$ 8,4 bilh\u00f5es. A <strong>queda da Americanas na Bolsa<\/strong> ocorre um dia ap\u00f3s a companhia divulgar que descobriu <a href=\"https:\/\/www.suno.com.br\/noticias\/web-stories\/americanas-amer3-rombo-20-bilhoes-presidente\/\">rombo de R$ 20 bi<\/a> em seu balan\u00e7o cont\u00e1bil. <\/p>\n\n\n\n<p>Outros n\u00fameros astron\u00f4micos que chamam aten\u00e7\u00e3o depois que o Ibovespa fechou neste dia tenso com a <strong>baixa da Americanas na B3<\/strong>: o Magazine Luiza (MGLU3), que pode ter sido alvo da migra\u00e7\u00e3o de investidores da concorrente, liderou altas no preg\u00e3o, valorizando 5,28%, ganhando R$ 1,06 bilh\u00e3o em <strong>valor de mercado<\/strong>. <\/p>\n\n\n\n<p>Segundo as informa\u00e7\u00f5es disponibilizadas pela B3 ao investidor, no preg\u00e3o de ontem, a Americanas tinha um <a class=\"suno-keyword\" data-force=\"no\" data-priority=\"1\" href=\"https:\/\/www.suno.com.br\/artigos\/valor-de-mercado\/\" target=\"_blank\" rel=\"noopener\">valor de mercado<\/a> de R$ 10,8 bilh\u00f5es (R$ 10.830.354,04) e foi para R$ 2,4 bi. <\/p>\n\n\n\n<p>Na quarta, segundo o mapeamento do Status Invest, as <strong>a\u00e7\u00f5es da Americanas<\/strong> fecharam o dia sendo negociadas por R$ 12, em alta de 0,86%. Hoje, ap\u00f3s diversos leil\u00f5es ao longo do dia, os pap\u00e9is fecharam sendo cotados em R$ 2,72, tombo de 77,33%.<\/p>\n\n\n\n<p>O day after da revela\u00e7\u00e3o das <strong>&#8220;inconsist\u00eancias cont\u00e1beis&#8221; na Americanas<\/strong> tamb\u00e9m afetou o Ibovespa, que fechou em queda de 0,59%, aos 111.850 pontos, <\/p>\n\n\n\n<h2 class=\"wp-block-heading\" id=\"h-americanas-entenda-o-rombo-de-r-20-bilhoes\">Americanas: entenda o rombo de R$ 20 bilh\u00f5es<\/h2>\n\n\n\n<p>Na quarta, a <strong>varejista<\/strong> divulgou um <a class=\"suno-keyword\" target=\"_blank\" data-force=\"no\" data-priority=\"1\" href=\"https:\/\/www.suno.com.br\/artigos\/fato-relevante\/\" rel=\"noopener\">fato relevante<\/a> no qual informou ao mercado que tinha identificado &#8220;inconsist\u00eancias cont\u00e1beis&#8221; estimadas no total de R$ 20 bilh\u00f5es, com data-base em 30\/09\/2022. O montante apontado \u00e9 maior que o <a class=\"suno-keyword\" target=\"_blank\" data-force=\"no\" data-priority=\"1\" href=\"https:\/\/www.suno.com.br\/artigos\/valor-de-mercado\/\" rel=\"noopener\">valor de mercado<\/a> da pr\u00f3pria varejista na Bolsa, que at\u00e9 ent\u00e3o era de R$ 10 bilh\u00f5es.<\/p>\n\n\n\n<p>Com esse esc\u00e2ndalo em m\u00e3os, <a class=\"suno-keyword\" target=\"_blank\" data-force=\"no\" data-priority=\"2\" href=\"https:\/\/www.suno.com.br\/tudo-sobre\/sergio-rial\/\" rel=\"noopener\">Sergio Rial<\/a> deixou o <strong>comando da varejista<\/strong> menos de dez dias ap\u00f3s ter assumido o posto. Andr\u00e9 Covre, ent\u00e3o diretor de <a class=\"suno-keyword\" target=\"_blank\" data-force=\"no\" data-priority=\"1\" href=\"https:\/\/www.suno.com.br\/artigos\/relacoes-com-investidores\/\" rel=\"noopener\">Rela\u00e7\u00f5es com Investidores<\/a>, tamb\u00e9m saiu da empresa.<br>Jo\u00e3o Guerra, que atuava como diretor de Recursos Humanos da Americanas, assumiu interinamente ambos os cargos.<\/p>\n\n\n\n<p>As contas da Americanas s\u00e3o auditadas pela <strong>PwC<\/strong>. Questionada pela reportagem, a multinacional informou que \u201cn\u00e3o comenta balan\u00e7os auditados pela firma por quest\u00f5es de confidencialidade contratual\u201d.<\/p>\n\n\n\n<p>Nesta quinta, Rial liderou uma confer\u00eancia com os <strong>acionistas da Americanas<\/strong> e destacou que a varejista precisar\u00e1 ser capitalizada. \u201cNingu\u00e9m definiu o valor, at\u00e9 porque o n\u00famero n\u00e3o foi auditado. Mas sabemos que n\u00e3o ser\u00e1 uma capitaliza\u00e7\u00e3o de [apenas] milh\u00f5es\u201d, relatou ele.<\/p>\n\n\n\n<p>O ex-CEO da Americanas refor\u00e7ou que o <a class=\"suno-keyword\" target=\"_blank\" data-force=\"no\" data-priority=\"1\" href=\"https:\/\/www.suno.com.br\/artigos\/3g-capital\/\" rel=\"noopener\">3G Capital<\/a>, acionistas de refer\u00eancia da companhia, est\u00e3o comprometidos com o neg\u00f3cio. \u201cMas eles n\u00e3o podem ser a solu\u00e7\u00e3o por si s\u00f3. \u2018Me d\u00e1 um cheque e t\u00e1 resolvido\u2019, n\u00e3o \u00e9 assim\u201d, comentou.<\/p>\n\n\n\n<p>Fora da lideran\u00e7a da Americanas, o ex-<a class=\"suno-keyword\" target=\"_blank\" data-force=\"yes\" data-priority=\"2\" href=\"https:\/\/www.suno.com.br\/acoes\/SANB11\/\" rel=\"noopener\">Santander Brasil (SANB11)<\/a> atuar\u00e1 como assessor do neg\u00f3cio e ajudar\u00e1 na apura\u00e7\u00e3o sobre o caso. Al\u00e9m disso, a Comiss\u00e3o de Valores Mobili\u00e1rios (CVM) abriu dois processos contra a empresa para investigar o caso.<\/p>\n\n\n\n<h2 class=\"wp-block-heading\">Americanas vai falir?<\/h2>\n\n\n\n<p>Para os especialistas ouvidos pelo Suno Not\u00edcias, existe o risco de que a Americanas entre em recupera\u00e7\u00e3o judicial.<\/p>\n\n\n\n<p>\u201c\u00c9 bastante poss\u00edvel que a companhia pe\u00e7a recupera\u00e7\u00e3o judicial se este cen\u00e1rio se concretizar, o que n\u00e3o seria uma novidade para empresas de varejo. Esta inconsist\u00eancia de R$20 bilh\u00f5es significa o dobro de <a class=\"suno-keyword\" target=\"_blank\" data-force=\"no\" data-priority=\"1\" href=\"https:\/\/www.suno.com.br\/artigos\/valor-de-mercado\/\" rel=\"noopener\">valor de mercado<\/a> da empresa, o que demonstra a gravidade da situa\u00e7\u00e3o\u201d, detalhou Elcio Cardozo, s\u00f3cio da Matriz Capital e advogado especializado em compliance e governan\u00e7a corporativa.<\/p>\n\n\n\n<p>Jos\u00e9 Daronco, analista da Suno Research, disse que dificilmente a empresa chegar\u00e1 ao ponto de quebrar. Por\u00e9m, ser\u00e1 necess\u00e1rio focar em um <a class=\"suno-keyword\" target=\"_blank\" data-force=\"no\" data-priority=\"1\" href=\"https:\/\/www.suno.com.br\/artigos\/aumento-capital\/\" rel=\"noopener\">aumento de capital<\/a> e na dilui\u00e7\u00e3o de acionistas. <\/p>\n\n\n\n<p>&#8220;Esse rombo pode resultar na provis\u00e3o adicional dessa d\u00edvida para o banco, de ter de arranjar mais dinheiro para o pagamento. No entanto, n\u00e3o tem efeito sobre o caixa agora: deve se refletir no balan\u00e7o e no caixa futuro, a depender do tamanho do problema\u201d, explicou Daronco.<\/p>\n\n\n\n<p>Em uma carta enviada aos colaboradores ainda na quarta (11), Rial refor\u00e7ou que apoiar\u00e1 a reestrutura\u00e7\u00e3o da empresa e tentou tranquiliza-los sobre o futuro da Americanas..<\/p>\n\n\n\n<p>\u201cN\u00e3o faltar\u00e3o aqueles que queiram maldizer, gerando d\u00favidas sobre o nosso futuro. \u00c9 verdade que o impacto possa ser importante, mas acreditamos que untos, trabalhando no resultado do dia a dia, focando na constru\u00e7\u00e3o de um grande trimestre em 2023, garantiremos os pr\u00f3ximos trimestres\u201d, destacou o agora ex-CEO da <strong>Americanas<\/strong>.<\/p>\n\n\n\n<p><em>Al\u00e9m da&nbsp;<strong>Americanas<\/strong>, confira outros destaques desta quinta-feira:<\/em><\/p>\n\n\n\t<p>\n\t\t<a href=\"https:\/\/lp.suno.com.br\/planilha-controle-gastos\/\" target=\"_blank\" data-element=\"shortcode-suno-banner\" title=\"Banner SUNO, clique e saiba mais\">\n\t\t\t<picture>\n\t\t\t\t<source media=\"(max-width: 500px)\" srcset=\"https:\/\/files.sunoresearch.com.br\/n\/uploads\/2023\/03\/400x300-Planilha-controle-de-gastos.png\">\n\t\t\t\t<img class=\"newsContent__article__imgCapa newsContent__article__imgCapa--banner\"\n\t\t\t\t\tsrc=\"https:\/\/files.sunoresearch.com.br\/n\/uploads\/2023\/03\/1420x240-Planilha-controle-de-gastos.png\"\n\t\t\t\t\tdata-promo-id=\"101751\"\t\t\t\t\t\t\t\t\t\twidth='1420' height='240'\t\t\t\t\talt=\"https:\/\/files.sunoresearch.com.br\/n\/uploads\/2023\/03\/1420x240-Planilha-controle-de-gastos.png\"\n\t\t\t\t>\n\t\t\t<\/picture>\n\t\t<\/a>\n\t<\/p>\n\n\n\n\n\n<h2 class=\"wp-block-heading\">Iguatemi (IGTI11): vendas totais crescem 10,7% e atingem R$ 5,3 bilh\u00f5es no 4T22<\/h2>\n\n\n\n<ul class=\"wp-block-list\">\n<li>A <a href=\"https:\/\/www.suno.com.br\/acoes\/igti11\/\"><strong>Iguatemi<\/strong> (IGTI11)<\/a> anunciou nesta quinta-feira (12) que atingiu recorde de vendas totais com R$ 5,3 bilh\u00f5es no quarto trimestre de 2022 \u2014 alta de 10,7% em rela\u00e7\u00e3o ao mesmo per\u00edodo de 2021. Ainda segundo pr\u00e9via operacional divulgada, o valor tamb\u00e9m representa um crescimento 23,8% sobre o \u00faltimo trimestre de 2019.<\/li>\n\n\n\n<li>\u201cEsse resultado demonstra o forte desempenho dos shoppings no Natal, apesar dos impactos negativos em vendas nos dias das elei\u00e7\u00f5es e nos dias de jogos do Brasil na Copa do Mundo\u201d, afirma a Iguatemi, em nota.<\/li>\n\n\n\n<li>No acumulado do ano, as <strong>vendas totais da Iguatemi<\/strong> alcan\u00e7aram o montante de 17 bilh\u00f5es. O valor representa um avan\u00e7o acima dos 30% e de 24,4% no comparativo com 2021 e 2019, respectivamente.<\/li>\n\n\n\n<li>Ainda de acordo com os <strong>resultados da Iguatemi<\/strong> que foram divulgados hoje, a performance de vendas mesmas lojas (SSS, na sigla em ingl\u00eas), houve avan\u00e7os de 8,9% no quarto trimestre no comparativo com 2021. Na compara\u00e7\u00e3o com o quarto trimestre de 2019, o crescimento foi de 25,5%.<\/li>\n\n\n\n<li><strong>Destaque para Servi\u00e7os e Alimenta\u00e7\u00e3o<\/strong><\/li>\n\n\n\n<li>Ainda segundo a pr\u00e9via operacional da Iguatemi, os segmentos de Servi\u00e7os\/Entretenimento e Alimenta\u00e7\u00e3o tiveram as maiores altas na vendas no comparativo com o 4T21, em 14,2% e 12,4%, respectivamente.<\/li>\n\n\n\n<li>No comparativo com o mesmo per\u00edodo de 2019, os destaques foram os segmentos de Moda, Cal\u00e7ados, Artigos de Couro com um crescimento de 33,8% e Artigos Diversos, Sa\u00fade &amp; Beleza, Joalherias com 26,8%.<\/li>\n\n\n\n<li><strong>Iguatemi conclui aquisi\u00e7\u00e3o do shopping JK (SP) por R$ 667 milh\u00f5es<\/strong><\/li>\n\n\n\n<li>No in\u00edcio de dezembro, o&nbsp;Iguatemi&nbsp;comunicou a conclus\u00e3o da compra de participa\u00e7\u00e3o adicional de 36% no Shopping JK Iguatemi por R$ 667 milh\u00f5es.<\/li>\n\n\n\n<li>A transa\u00e7\u00e3o pelo Iguatemi do<strong>&nbsp;Shopping JK<\/strong>&nbsp;foi feita pela sua subsidi\u00e1ria Mutuall Solu\u00e7\u00f5es Financeiras, de 100% das quotas da Adeoti Empreendimentos Imobili\u00e1rios.<\/li>\n\n\n\n<li>A compra foi aprovada pelo&nbsp;<a href=\"https:\/\/www.suno.com.br\/artigos\/cade\/\" target=\"_blank\" rel=\"noreferrer noopener\">Conselho Administrativo de Defesa Econ\u00f4mica (CADE)<\/a>&nbsp;no dia 3 de outubro de 2022. Agora a transa\u00e7\u00e3o ser\u00e1 submetida \u00e0 ratifica\u00e7\u00e3o dos acionistas em Assembleia Geral da companhia.<\/li>\n\n\n\n<li><strong>Cota\u00e7\u00e3o<\/strong><\/li>\n\n\n\n<li>As units do&nbsp;<strong>Iguatemi&nbsp;<\/strong>ca\u00edram 1,22% nesta quinta-feira (12), cotadas a R$ 18,61.<\/li>\n<\/ul>\n\n\n\t<p>\n\t\t<a href=\"\" target=\"_blank\" data-element=\"shortcode-suno-banner\" title=\"Banner SUNO, clique e saiba mais\">\n\t\t\t<picture>\n\t\t\t\t<source media=\"(max-width: 500px)\" srcset=\"\">\n\t\t\t\t<img class=\"newsContent__article__imgCapa newsContent__article__imgCapa--banner\"\n\t\t\t\t\tsrc=\"\"\n\t\t\t\t\tdata-promo-id=\"265277\"\t\t\t\t\t\t\t\t\t\t\t\t\t\t\talt=\"\"\n\t\t\t\t>\n\t\t\t<\/picture>\n\t\t<\/a>\n\t<\/p>\n\n\n\n\n\n<h2 class=\"wp-block-heading\" id=\"h-hapvida-hapv3-goldman-sachs-segue-analistas-de-bancos-e-rebaixa-acao-preco-alvo-e-cortado\">Hapvida (HAPV3): Goldman Sachs segue analistas de bancos e rebaixa a\u00e7\u00e3o; pre\u00e7o-alvo \u00e9 cortado<\/h2>\n\n\n\n<ul class=\"wp-block-list\">\n<li>Nesta quinta-feira (12), o Goldman Sachs rebaixou a recomenda\u00e7\u00e3o para as a\u00e7\u00f5es da&nbsp;<a href=\"https:\/\/www.suno.com.br\/acoes\/HAPV3\/\" target=\"_blank\" rel=\"noreferrer noopener\"><strong>Hapvida<\/strong>&nbsp;(HAPV3)<\/a>&nbsp;de \u201ccompra\u201d para \u201cneutro\u201d. Os analistas cortaram tamb\u00e9m o pre\u00e7o-alvo de R$ 8,50 para R$ 6.<\/li>\n<\/ul>\n\n\n\n<ul class=\"wp-block-list\">\n<li>O Goldman Sachs segue otimista com a tese de consolida\u00e7\u00e3o do setor de sa\u00fade, mas acredita que o ponto de entrada atual das<strong>&nbsp;a\u00e7\u00f5es da Hapvida<\/strong>&nbsp;n\u00e3o \u00e9 atraente. As a\u00e7\u00f5es fecharam esta quinta em queda de 5,43%, cotadas a R$ 4,35.<\/li>\n<\/ul>\n\n\n\n<ul class=\"wp-block-list\">\n<li>O GS explicou o motivo do&nbsp;<strong>rebaixamento da Hapvida<\/strong>&nbsp;em tr\u00eas pontos:<\/li>\n<\/ul>\n\n\n\n<ul class=\"wp-block-list\">\n<li>Proje\u00e7\u00e3o de um valuation de 25x de P\/L (Pre\u00e7o\/Lucro) ajustado em 2023, que os analistas veem como pouco atraente ante os n\u00edveis hist\u00f3ricos;<\/li>\n\n\n\n<li>potencial queda nas a\u00e7\u00f5es caso as taxas de juros demorem mais para se normalizar no Brasil; e<\/li>\n\n\n\n<li>falta de gatilhos de curto prazo para um potencial re-rating (reavalia\u00e7\u00e3o), j\u00e1 que projetam um desempenho modesto em rentabilidade e crescimento org\u00e2nico nos pr\u00f3ximos trimestres.<\/li>\n<\/ul>\n\n\n\n<ul class=\"wp-block-list\">\n<li>O Pre\u00e7o\/Lucro (PL) \u00e9 um indicador financeiro formado pela rela\u00e7\u00e3o entre o pre\u00e7o atual de uma a\u00e7\u00e3o dividida pelo&nbsp;<a href=\"https:\/\/www.suno.com.br\/artigos\/lpa-lucro-por-acao\/\" target=\"_blank\" rel=\"noreferrer noopener\">lucro por a\u00e7\u00e3o<\/a>&nbsp;desse ativo. A m\u00e9trica \u00e9 utilizada pelos investidores que procuram avaliar o&nbsp;<a href=\"https:\/\/www.suno.com.br\/artigos\/preco-justo\/\" target=\"_blank\" rel=\"noreferrer noopener\">pre\u00e7o justo<\/a>&nbsp;do papel.<\/li>\n<\/ul>\n\n\n\n<ul class=\"wp-block-list\">\n<li>Al\u00e9m disso, o GS antecipa um ambiente competitivo ainda desafiador para o&nbsp;<strong>crescimento org\u00e2nico da Hapvida<\/strong>&nbsp;no in\u00edcio de 2023, mas espera melhora no m\u00e9dio prazo.<\/li>\n<\/ul>\n\n\n\n<ul class=\"wp-block-list\">\n<li>O principal risco para a Hapvida neste ano, dizem os analistas, \u00e9 a normaliza\u00e7\u00e3o do n\u00edvel do OPEX.<\/li>\n<\/ul>\n\n\n\n<ul class=\"wp-block-list\">\n<li>O OPEX \u00e9 um indicador para o capital empregado para melhorar ou garantir a manuten\u00e7\u00e3o dos bens f\u00edsicos de uma empresa.<\/li>\n<\/ul>\n\n\n\n<ul class=\"wp-block-list\">\n<li>\u201cObservamos que o \u00faltimo trimestre [3T22 da Hapvida] definiu um n\u00edvel de SG&amp;A [Despesas com Vendas, Gerais e Administrativas] acima do esperado para a empresa, principalmente relacionados a sal\u00e1rios m\u00e9dicos mais altos\u201d, explicaram.<\/li>\n<\/ul>\n\n\n\n<ul class=\"wp-block-list\">\n<li>Paralelamente, os analistas do GS ainda esperam uma recupera\u00e7\u00e3o de&nbsp;<strong>rentabilidade da Hapvida<\/strong>&nbsp;proveniente de outras fontes, como a matura\u00e7\u00e3o de sinergias com a&nbsp;<a href=\"https:\/\/www.suno.com.br\/acoes\/GNDI3\/\" target=\"_blank\" rel=\"noreferrer noopener\">NotreDame Interm\u00e9dica (GNDI3)<\/a>&nbsp;e melhoria de margens de empresas rec\u00e9m-adquiridas para ajudar MLR (Medical Loss Ratio ou \u00edndice de perdas m\u00e9dicas) consolidado da Hapvida a se recuperar.<\/li>\n<\/ul>\n\n\n\n<ul class=\"wp-block-list\">\n<li>Na segunda-feira (9), o Bank of America, JP Morgan e Bradesco BBI rebaixaram as suas recomenda\u00e7\u00f5es dos pap\u00e9is da Hapvida para \u201cneutro\u201d. Depois disso, as a\u00e7\u00f5es despencaram 11%.<\/li>\n<\/ul>\n\n\n\n<ul class=\"wp-block-list\">\n<li>\u201cOs resultados est\u00e3o deteriorando significativamente desde o M&amp;A com a NotreDame Interm\u00e9dica e acreditamos que a companhia esteja passando por mudan\u00e7as estruturais, especialmente em termos de MLR [medical loss ratio, em ingl\u00eas; um indicador de sinistralidade]\u201d, disse o BofA.<\/li>\n<\/ul>\n\n\n\n<ul class=\"wp-block-list\">\n<li>Al\u00e9m disso, os analistas destacam os m\u00faltiplos atuais, considerados excessivos. As a\u00e7\u00f5es da Hapvida negociam cerca de 29x o lucro estimado para 2023.<\/li>\n<\/ul>\n\n\n\n<ul class=\"wp-block-list\">\n<li>O BBI destacou ter uma vis\u00e3o \u201cmais cautelosa\u201d com as margens ap\u00f3s ver os n\u00fameros da<strong>&nbsp;Hapvida&nbsp;<\/strong>do \u00faltimo trimestre \u2013 e cortou em 18% as estimativas para o Ebitda e 40% as proje\u00e7\u00f5es de lucro \u2013 para R$ 3,65 bilh\u00f5es e R$ 965 milh\u00f5es, respectivamente.<\/li>\n<\/ul>\n\n\n\n<h2 class=\"wp-block-heading\">ANP nega pedido da Petrobras (PETR4) para retomar produ\u00e7\u00e3o do Polo Bahia Terra<\/h2>\n\n\n\n<ul class=\"wp-block-list\">\n<li>O colegiado da Ag\u00eancia Nacional do Petr\u00f3leo, G\u00e1s Natural e Biocombust\u00edveis (ANP) negou o pedido da&nbsp;<strong>Petrobras<\/strong>&nbsp;(<a href=\"https:\/\/www.suno.com.br\/acoes\/petr4\/\">PETR4<\/a>) para que a produ\u00e7\u00e3o do Polo Bahia Terra fosse retomada. A decis\u00e3o foi un\u00e2nime, j\u00e1 que as medidas para evitar riscos durante a opera\u00e7\u00e3o n\u00e3o foram tomadas pela companhia.<\/li>\n<\/ul>\n\n\n\n<ul class=\"wp-block-list\">\n<li>O Polo est\u00e1 sendo negociado pela Petrobras com um cons\u00f3rcio formado pela&nbsp;<strong>Eneva<\/strong>&nbsp;(ENEV3) e&nbsp;<strong>PetroRec\u00f4ncavo<\/strong>&nbsp;(RECV3), no plano de&nbsp;<strong>desinvestimentos da Petrobras<\/strong>&nbsp;feito pelo governo anterior.<\/li>\n<\/ul>\n\n\n\n<ul class=\"wp-block-list\">\n<li>A Federa\u00e7\u00e3o \u00danica dos Petroleiros (<strong>FUP<\/strong>) j\u00e1 pediu a suspens\u00e3o da venda, o que depende da mudan\u00e7a de gest\u00e3o da empresa, que atualmente ainda est\u00e1 nas m\u00e3os de indicados pelo ex-presidente Jair Bolsonaro.<\/li>\n<\/ul>\n\n\n\n<ul class=\"wp-block-list\">\n<li>O relator do processo \u00e9 o diretor-geral da&nbsp;<strong>ANP<\/strong>, Rodolfo Saboia, que sugeriu, al\u00e9m da negativa do pedido da Petrobras, a cria\u00e7\u00e3o de um grupo de trabalho para monitorar a situa\u00e7\u00e3o do Polo e articular a retomada gradual e completa da produ\u00e7\u00e3o.<\/li>\n<\/ul>\n\n\n\n<ul class=\"wp-block-list\">\n<li>Em seu pleito, a estatal argumentou que o Polo Bahia Terra arrecadado quase R$ 200 milh\u00f5es em royalties, al\u00e9m de gerar empregos e renda no local da opera\u00e7\u00e3o.<\/li>\n<\/ul>\n\n\n\n<ul class=\"wp-block-list\">\n<li>Em dezembro do ano passado, a ANP identificou falhas cr\u00edticas de seguran\u00e7a operacional e paralisou 37 opera\u00e7\u00f5es do Polo Bahia Terra.<\/li>\n<\/ul>\n\n\n\n<ul class=\"wp-block-list\">\n<li>\u201cA interdi\u00e7\u00e3o se mostrou inevit\u00e1vel (na \u00e9poca). A situa\u00e7\u00e3o colocava em risco a vida de pessoas. Foi observada falta de sensores de fogo e g\u00e1s, falta de combate a inc\u00eandios, entre outras irregularidades. Em termos sist\u00eamicos foi verificada falha da empresa de n\u00e3o gerenciar nem fiscalizar o Polo\u201d, disse Saboia durante a reuni\u00e3o de diretoria da ANP nesta quinta-feira (12).<\/li>\n<\/ul>\n\n\n\n<h2 class=\"wp-block-heading\" id=\"h-conselho-da-sabesp-sbsp3-elege-andre-salcedo-como-diretor-presidente-da-companhia\">Conselho da Sabesp (SBSP3) elege Andr\u00e9 Salcedo como diretor-presidente da companhia<\/h2>\n\n\n\n<ul class=\"wp-block-list\">\n<li>A&nbsp;<a href=\"https:\/\/www.suno.com.br\/acoes\/SBSP3\/\" target=\"_blank\" rel=\"noreferrer noopener\"><strong>Sabesp<\/strong>&nbsp;(SBSP3)<\/a>&nbsp;informou nesta quinta-feira (12) que o&nbsp;<a href=\"https:\/\/www.suno.com.br\/artigos\/conselho-administracao\/\" target=\"_blank\" rel=\"noreferrer noopener\">Conselho de Administra\u00e7\u00e3o<\/a>&nbsp;da companhia elegeu Andr\u00e9 Salcedo para ocupar o cargo de Diretor-Presidente da Companhia no lugar de Benedito Pinto Ferreira Braga Junior.<\/li>\n<\/ul>\n\n\n\t<p>\n\t\t<a href=\"https:\/\/lp.suno.com.br\/planilha-controle-gastos\/\" target=\"_blank\" data-element=\"shortcode-suno-banner\" title=\"Banner SUNO, clique e saiba mais\">\n\t\t\t<picture>\n\t\t\t\t<source media=\"(max-width: 500px)\" srcset=\"https:\/\/files.sunoresearch.com.br\/n\/uploads\/2023\/03\/400x300-Planilha-controle-de-gastos.png\">\n\t\t\t\t<img class=\"newsContent__article__imgCapa newsContent__article__imgCapa--banner\"\n\t\t\t\t\tsrc=\"https:\/\/files.sunoresearch.com.br\/n\/uploads\/2023\/03\/1420x240-Planilha-controle-de-gastos.png\"\n\t\t\t\t\tdata-promo-id=\"101751\"\t\t\t\t\t\t\t\t\t\twidth='1420' height='240'\t\t\t\t\talt=\"https:\/\/files.sunoresearch.com.br\/n\/uploads\/2023\/03\/1420x240-Planilha-controle-de-gastos.png\"\n\t\t\t\t>\n\t\t\t<\/picture>\n\t\t<\/a>\n\t<\/p>\n\n\n\n\n\n<ul class=\"wp-block-list\">\n<li>Segundo informa\u00e7\u00f5es da Sabesp, o&nbsp;<strong>novo presidente<\/strong>&nbsp;tem mestrado em Engenharia El\u00e9trica pela PUC-Rio, MBA em PPP e Concess\u00f5es pela Funda\u00e7\u00e3o Escola de Sociologia e Pol\u00edtica de S\u00e3o Paulo e possui certifica\u00e7\u00f5es CGA, da ANBIMA, e CP\u00b3P-F, pela APMG&nbsp;International.<\/li>\n<\/ul>\n\n\n\n<ul class=\"wp-block-list\">\n<li>Al\u00e9m disso, o&nbsp;<strong>Andr\u00e9 Salcedo<\/strong>&nbsp;foi Diretor Financeiro da Akad Seguros em 2022, Diretor Executivo de Novos Neg\u00f3cios da Igu\u00e1 Saneamento entre 2019 e 2021, atuou como consultor independente da&nbsp;<em>Climate Bonds Initiative<\/em>&nbsp;entre 2020 e 2021, e atuou no BNDES de 2003 at\u00e9 2019.<\/li>\n<\/ul>\n\n\n\n<ul class=\"wp-block-list\">\n<li>\u201cO Sr. Mendes possui larga experi\u00eancia na \u00e1rea de&nbsp;<a href=\"https:\/\/www.suno.com.br\/artigos\/mercado-de-capitais-conceito\/\" target=\"_blank\" rel=\"noreferrer noopener\">mercado de capitais<\/a>, com destaque para o financiamento de infraestrutura, parcerias p\u00fablico-privadas,&nbsp;<a href=\"https:\/\/www.suno.com.br\/artigos\/fusoes-aquisicoes\/\" target=\"_blank\" rel=\"noreferrer noopener\">fus\u00f5es e aquisi\u00e7\u00f5es<\/a>&nbsp;e estrutura\u00e7\u00e3o de novos neg\u00f3cios\u201d, disse a Sabesp em&nbsp;<a href=\"https:\/\/www.suno.com.br\/artigos\/fato-relevante\/\" target=\"_blank\" rel=\"noreferrer noopener\">fato relevante<\/a>.<\/li>\n<\/ul>\n\n\n\n<h2 class=\"wp-block-heading\" id=\"h-btg-pactual-bpac11-puxa-queda-de-bancos-do-varejo-no-ibovespa-apos-escandalo-da-americanas-amer3\">BTG Pactual (BPAC11) puxa queda de \u2018bancos do varejo\u2019 no Ibovespa ap\u00f3s esc\u00e2ndalo da Americanas (AMER3)<\/h2>\n\n\n\n<ul class=\"wp-block-list\">\n<li>As a\u00e7\u00f5es de bancos com exposi\u00e7\u00e3o a varejo, como o&nbsp;<a href=\"https:\/\/www.suno.com.br\/acoes\/sanb11\"><strong>BTG&nbsp;<\/strong>Pactual (BPAC11)<\/a>&nbsp;e o Santander (<a href=\"https:\/\/www.suno.com.br\/acoes\/sanb11\" target=\"_blank\" rel=\"noreferrer noopener\">SANB11<\/a>), ca\u00edram 3,95% e 3% nesta quinta-feira (12)&nbsp;<a href=\"https:\/\/www.suno.com.br\/noticias\/americanas-amer3-inconsistencia-20bi-explicacoes\/\" target=\"_blank\" rel=\"noreferrer noopener\">ap\u00f3s o esc\u00e2ndalo cont\u00e1bil de R$ 20 bilh\u00f5es da Americanas<\/a>&nbsp;(<a href=\"https:\/\/statusinvest.com.br\/acoes\/amer3?__hstc=189907700.a6a3c0f889dbabbf12a3704bf30b0bd8.1669153633978.1673564281746.1673570515433.236&amp;__hssc=189907700.6.1673570515433&amp;__hsfp=1123496843\">AMER3<\/a>).<\/li>\n<\/ul>\n\n\n\n<ul class=\"wp-block-list\">\n<li>Analistas do Bradesco BBI destacam que o BTG e o&nbsp;<strong>Santander<\/strong>&nbsp;t\u00eam 7% das suas respectivas carteiras de cr\u00e9dito atreladas ao segmento de varejo.<\/li>\n<\/ul>\n\n\n\n<ul class=\"wp-block-list\">\n<li>Vale destacar que trata-se de uma conjectura do mercado, dado que ainda n\u00e3o est\u00e1 claro qual banco teria uma exposi\u00e7\u00e3o concreta \u00e0s opera\u00e7\u00f5es n\u00e3o contabilizadas da Americanas.<\/li>\n<\/ul>\n\n\n\n<ul class=\"wp-block-list\">\n<li>Em queda menor, o&nbsp;<a href=\"https:\/\/statusinvest.com.br\/acoes\/bbdc4?__hstc=189907700.a6a3c0f889dbabbf12a3704bf30b0bd8.1669153633978.1673564281746.1673570515433.236&amp;__hssc=189907700.6.1673570515433&amp;__hsfp=1123496843\">Bradesco (BBDC4)<\/a>&nbsp;caiu 2,3%, tendo uma exposi\u00e7\u00e3o de 5,9% da sua carteira de cr\u00e9dito ao varejo, segundo seu \u00faltimo balan\u00e7o financeiro.<\/li>\n<\/ul>\n\n\n\n<ul class=\"wp-block-list\">\n<li>O&nbsp;<a href=\"https:\/\/statusinvest.com.br\/acoes\/bpan4?__hstc=189907700.a6a3c0f889dbabbf12a3704bf30b0bd8.1669153633978.1673564281746.1673570515433.236&amp;__hssc=189907700.6.1673570515433&amp;__hsfp=1123496843\">Banco Pan (BPAN4)<\/a>, que fica sob o guarda-chuva do&nbsp;<strong>BTG Pactual<\/strong>, caiu 2% por sua vez.<\/li>\n<\/ul>\n\n\n\n<p><em><em>Da\u00a0<strong>Americanas<\/strong>\u00a0ao Bradesco, essas foram as empresas que se destacaram hoje. Para ler todas as mat\u00e9rias <em><a href=\"https:\/\/www.suno.com.br\/noticias\/todos\/\" target=\"_blank\" rel=\"noreferrer noopener\">clique aqui.<\/a><\/em><\/em><\/em><a href=\"https:\/\/news.google.com\/publications\/CAAqBwgKMLqaiAsw592GAw?hl=pt-BR&amp;gl=BR&amp;ceid=BR%3Apt-419\" target=\"_blank\" rel=\"noreferrer noopener\"><\/a><a href=\"https:\/\/lp.suno.com.br\/pv\/sr-internacional\/de-o-proximo-passo-internacional\/\" target=\"_blank\" rel=\"noreferrer noopener\"><\/a><\/p>\n\n\n\t<p>\n\t\t<a href=\"https:\/\/lp.suno.com.br\/ebook-como-analisar-uma-acao\/\" target=\"_blank\" data-element=\"shortcode-suno-banner\" title=\"Banner SUNO, clique e saiba mais\">\n\t\t\t<picture>\n\t\t\t\t<source media=\"(max-width: 500px)\" srcset=\"https:\/\/files.sunoresearch.com.br\/n\/uploads\/2023\/03\/Ebook-Acoes-Mobile-1.jpg\">\n\t\t\t\t<img class=\"newsContent__article__imgCapa newsContent__article__imgCapa--banner\"\n\t\t\t\t\tsrc=\"https:\/\/files.sunoresearch.com.br\/n\/uploads\/2023\/03\/Ebook-Acoes-Desktop-1.jpg\"\n\t\t\t\t\tdata-promo-id=\"171998\"\t\t\t\t\t\t\t\t\t\twidth='1420' height='286'\t\t\t\t\talt=\"https:\/\/files.sunoresearch.com.br\/n\/uploads\/2023\/03\/Ebook-Acoes-Desktop-1.jpg\"\n\t\t\t\t>\n\t\t\t<\/picture>\n\t\t<\/a>\n\t<\/p>\n\n\n","protected":false},"excerpt":{"rendered":"<p>O rombo cont\u00e1bil revelado pelo ex-CEO Sergio Rial fez com que a Americanas (AMER3) perdesse hoje R$ 8,37 bilh\u00f5es em valor de mercado na B3, a bolsa brasileira. Entre os fechamentos de quarta (11) e quinta (12), a varejista amargou um encolhimento de 77,33%. Cl\u00ednica Hapvida (HAPV3). Foto: Site Hapvida &#8211; Reprodu\u00e7\u00e3o Esses R$ 8,37 [&hellip;]<\/p>\n","protected":false},"author":194,"featured_media":121792,"comment_status":"closed","ping_status":"closed","sticky":false,"template":"","format":"standard","meta":[],"categories":[64],"tags":[106605,399,497,505,595,106765],"suno_strategy":[],"class_list":["post-346268","post","type-post","status-publish","format-standard","has-post-thumbnail","hentry","category-negocios","tag-americanas-s-a-amer3","tag-btg-pactual-bpac11-bpac3-bpac5","tag-hapvida-hapv3","tag-iguatemi-igta3","tag-petrobras-petr4","tag-sabesp-sbsp3"],"yoast_head":"<!-- This site is optimized with the Yoast SEO plugin v24.4 - https:\/\/yoast.com\/wordpress\/plugins\/seo\/ -->\n<title>Radar: Hapvida (HAPV3) \u00e9 rebaixada, Americanas (AMER3) perde R$ 8,37 bilh\u00f5es em valor na Bolsa e crescem vendas do Iguatemi (IGTI11)<\/title>\n<meta name=\"description\" content=\"As a\u00e7\u00f5es da Hapvda foram rebaixadas em relat\u00f3rio do Goldman Sachs. A Americanas perde R$ 8,3 bi em valor e as vendas do Iguatemi subiram\" \/>\n<meta name=\"robots\" content=\"index, follow, max-snippet:-1, max-image-preview:large, max-video-preview:-1\" \/>\n<link rel=\"canonical\" href=\"https:\/\/www.suno.com.br\/noticias\/radar-hapvida-hapv3-americanas-amer3-iguatemi-igti11\/\" \/>\n<meta property=\"og:locale\" content=\"pt_BR\" \/>\n<meta property=\"og:type\" content=\"article\" \/>\n<meta property=\"og:title\" content=\"Radar: Hapvida (HAPV3) \u00e9 rebaixada, Americanas (AMER3) perde R$ 8,37 bilh\u00f5es em valor na Bolsa e crescem vendas do Iguatemi (IGTI11)\" \/>\n<meta property=\"og:description\" content=\"As a\u00e7\u00f5es da Hapvda foram rebaixadas em relat\u00f3rio do Goldman Sachs. A Americanas perde R$ 8,3 bi em valor e as vendas do Iguatemi subiram\" \/>\n<meta property=\"og:url\" content=\"https:\/\/www.suno.com.br\/noticias\/radar-hapvida-hapv3-americanas-amer3-iguatemi-igti11\/\" \/>\n<meta property=\"og:site_name\" content=\"Suno Not\u00edcias\" \/>\n<meta property=\"article:publisher\" content=\"https:\/\/facebook.com\/sunoresearch\" \/>\n<meta property=\"og:image\" content=\"https:\/\/files.sunoresearch.com.br\/n\/uploads\/2021\/02\/a14015a8-hapvida.jpeg\" \/>\n\t<meta property=\"og:image:width\" content=\"1280\" \/>\n\t<meta property=\"og:image:height\" content=\"854\" \/>\n\t<meta property=\"og:image:type\" content=\"image\/jpeg\" \/>\n<meta name=\"author\" content=\"Isabella Taglapietra\" \/>\n<meta name=\"twitter:card\" content=\"summary_large_image\" \/>\n<meta name=\"twitter:creator\" content=\"@sunoresearch\" \/>\n<meta name=\"twitter:site\" content=\"@sunoresearch\" \/>\n<meta name=\"twitter:label1\" content=\"Escrito por\" \/>\n\t<meta name=\"twitter:data1\" content=\"Isabella Taglapietra\" \/>\n\t<meta name=\"twitter:label2\" content=\"Est. tempo de leitura\" \/>\n\t<meta name=\"twitter:data2\" content=\"13 minutos\" \/>\n<script type=\"application\/ld+json\" class=\"yoast-schema-graph\">{\"@context\":\"https:\/\/schema.org\",\"@graph\":[{\"@type\":\"NewsArticle\",\"@id\":\"https:\/\/www.suno.com.br\/noticias\/radar-hapvida-hapv3-americanas-amer3-iguatemi-igti11\/#article\",\"isPartOf\":{\"@id\":\"https:\/\/www.suno.com.br\/noticias\/radar-hapvida-hapv3-americanas-amer3-iguatemi-igti11\/\"},\"author\":{\"name\":\"Isabella Taglapietra\",\"@id\":\"https:\/\/www.suno.com.br\/noticias\/#\/schema\/person\/a0be106724f6f5d705d70f04333cb249\"},\"headline\":\"Radar: Hapvida (HAPV3) \u00e9 rebaixada, Americanas (AMER3) perde R$ 8,37 bi em valor na Bolsa e crescem vendas do Iguatemi (IGTI11)\",\"datePublished\":\"2023-01-13T01:05:57+00:00\",\"dateModified\":\"2023-01-17T01:08:08+00:00\",\"mainEntityOfPage\":{\"@id\":\"https:\/\/www.suno.com.br\/noticias\/radar-hapvida-hapv3-americanas-amer3-iguatemi-igti11\/\"},\"wordCount\":2443,\"publisher\":{\"@id\":\"https:\/\/www.suno.com.br\/noticias\/#organization\"},\"image\":{\"@id\":\"https:\/\/www.suno.com.br\/noticias\/radar-hapvida-hapv3-americanas-amer3-iguatemi-igti11\/#primaryimage\"},\"thumbnailUrl\":\"https:\/\/files.sunoresearch.com.br\/n\/uploads\/2021\/02\/a14015a8-hapvida-jpeg.webp\",\"keywords\":[\"Americanas (AMER3)\",\"BTG Pactual (BPAC11\/BPAC3\/BPAC5)\",\"Hapvida (HAPV3)\",\"Iguatemi (IGTA3)\",\"Petrobras (PETR4)\",\"Sabesp (SBSP3)\"],\"articleSection\":[\"Neg\u00f3cios\"],\"inLanguage\":\"pt-BR\"},{\"@type\":\"WebPage\",\"@id\":\"https:\/\/www.suno.com.br\/noticias\/radar-hapvida-hapv3-americanas-amer3-iguatemi-igti11\/\",\"url\":\"https:\/\/www.suno.com.br\/noticias\/radar-hapvida-hapv3-americanas-amer3-iguatemi-igti11\/\",\"name\":\"Radar: Hapvida (HAPV3) \u00e9 rebaixada, Americanas (AMER3) perde R$ 8,37 bilh\u00f5es em valor na Bolsa e crescem vendas do Iguatemi (IGTI11)\",\"isPartOf\":{\"@id\":\"https:\/\/www.suno.com.br\/noticias\/#website\"},\"primaryImageOfPage\":{\"@id\":\"https:\/\/www.suno.com.br\/noticias\/radar-hapvida-hapv3-americanas-amer3-iguatemi-igti11\/#primaryimage\"},\"image\":{\"@id\":\"https:\/\/www.suno.com.br\/noticias\/radar-hapvida-hapv3-americanas-amer3-iguatemi-igti11\/#primaryimage\"},\"thumbnailUrl\":\"https:\/\/files.sunoresearch.com.br\/n\/uploads\/2021\/02\/a14015a8-hapvida-jpeg.webp\",\"datePublished\":\"2023-01-13T01:05:57+00:00\",\"dateModified\":\"2023-01-17T01:08:08+00:00\",\"description\":\"As a\u00e7\u00f5es da Hapvda foram rebaixadas em relat\u00f3rio do Goldman Sachs. A Americanas perde R$ 8,3 bi em valor e as vendas do Iguatemi subiram\",\"breadcrumb\":{\"@id\":\"https:\/\/www.suno.com.br\/noticias\/radar-hapvida-hapv3-americanas-amer3-iguatemi-igti11\/#breadcrumb\"},\"inLanguage\":\"pt-BR\",\"potentialAction\":[{\"@type\":\"ReadAction\",\"target\":[\"https:\/\/www.suno.com.br\/noticias\/radar-hapvida-hapv3-americanas-amer3-iguatemi-igti11\/\"]}]},{\"@type\":\"ImageObject\",\"inLanguage\":\"pt-BR\",\"@id\":\"https:\/\/www.suno.com.br\/noticias\/radar-hapvida-hapv3-americanas-amer3-iguatemi-igti11\/#primaryimage\",\"url\":\"https:\/\/files.sunoresearch.com.br\/n\/uploads\/2021\/02\/a14015a8-hapvida-jpeg.webp\",\"contentUrl\":\"https:\/\/files.sunoresearch.com.br\/n\/uploads\/2021\/02\/a14015a8-hapvida-jpeg.webp\",\"width\":1280,\"height\":854,\"caption\":\"Cl\u00ednica Hapvida (HAPV3). Foto: Site Hapvida - Reprodu\u00e7\u00e3o\"},{\"@type\":\"BreadcrumbList\",\"@id\":\"https:\/\/www.suno.com.br\/noticias\/radar-hapvida-hapv3-americanas-amer3-iguatemi-igti11\/#breadcrumb\",\"itemListElement\":[{\"@type\":\"ListItem\",\"position\":1,\"name\":\"Not\u00edcias\",\"item\":\"https:\/\/www.suno.com.br\/noticias\/\"},{\"@type\":\"ListItem\",\"position\":2,\"name\":\"Neg\u00f3cios\",\"item\":\"https:\/\/www.suno.com.br\/noticias\/negocios\/\"},{\"@type\":\"ListItem\",\"position\":3,\"name\":\"Radar: Hapvida (HAPV3) \u00e9 rebaixada, Americanas (AMER3) perde R$ 8,37 bi em valor na Bolsa e crescem vendas do Iguatemi (IGTI11)\"}]},{\"@type\":\"WebSite\",\"@id\":\"https:\/\/www.suno.com.br\/noticias\/#website\",\"url\":\"https:\/\/www.suno.com.br\/noticias\/\",\"name\":\"Suno Not\u00edcias\",\"description\":\"Seu portal de informa\u00e7\u00e3o sobre o mundo dos investimentos\",\"publisher\":{\"@id\":\"https:\/\/www.suno.com.br\/noticias\/#organization\"},\"potentialAction\":[{\"@type\":\"SearchAction\",\"target\":{\"@type\":\"EntryPoint\",\"urlTemplate\":\"https:\/\/www.suno.com.br\/noticias\/?s={search_term_string}\"},\"query-input\":{\"@type\":\"PropertyValueSpecification\",\"valueRequired\":true,\"valueName\":\"search_term_string\"}}],\"inLanguage\":\"pt-BR\"},{\"@type\":\"Organization\",\"@id\":\"https:\/\/www.suno.com.br\/noticias\/#organization\",\"name\":\"Suno Not\u00edcias\",\"url\":\"https:\/\/www.suno.com.br\/noticias\/\",\"logo\":{\"@type\":\"ImageObject\",\"inLanguage\":\"pt-BR\",\"@id\":\"https:\/\/www.suno.com.br\/noticias\/#\/schema\/logo\/image\/\",\"url\":\"https:\/\/files.sunoresearch.com.br\/n\/uploads\/2021\/09\/suno-logo.png\",\"contentUrl\":\"https:\/\/files.sunoresearch.com.br\/n\/uploads\/2021\/09\/suno-logo.png\",\"width\":180,\"height\":180,\"caption\":\"Suno Not\u00edcias\"},\"image\":{\"@id\":\"https:\/\/www.suno.com.br\/noticias\/#\/schema\/logo\/image\/\"},\"sameAs\":[\"https:\/\/facebook.com\/sunoresearch\",\"https:\/\/x.com\/sunoresearch\",\"https:\/\/www.instagram.com\/suno\",\"https:\/\/www.linkedin.com\/company\/suno-research\/\",\"https:\/\/www.youtube.com\/c\/sunoresearch\"]},{\"@type\":\"Person\",\"@id\":\"https:\/\/www.suno.com.br\/noticias\/#\/schema\/person\/a0be106724f6f5d705d70f04333cb249\",\"name\":\"Isabella Taglapietra\",\"image\":{\"@type\":\"ImageObject\",\"inLanguage\":\"pt-BR\",\"@id\":\"https:\/\/www.suno.com.br\/noticias\/#\/schema\/person\/image\/\",\"url\":\"https:\/\/secure.gravatar.com\/avatar\/089c9e06b71de293117116aaf339e22f?s=96&r=g\",\"contentUrl\":\"https:\/\/secure.gravatar.com\/avatar\/089c9e06b71de293117116aaf339e22f?s=96&r=g\",\"caption\":\"Isabella Taglapietra\"},\"description\":\"Rep\u00f3rter freelancer no Suno Not\u00edcias, cobre not\u00edcias di\u00e1rias sobre economia, balan\u00e7os trimestrais e pesquisas. Formada em jornalismo pela Faculdade C\u00e1sper L\u00edbero e p\u00f3s-graduanda em mercado de capitais pela Fecap, atuou como rep\u00f3rter de economia e finan\u00e7as no portal CRC!News e Elas que Lucrem, al\u00e9m de social media para empresas do mercado financeiro.\",\"url\":\"https:\/\/www.suno.com.br\/noticias\/author\/isabella-taglapietra\/\"}]}<\/script>\n<!-- \/ Yoast SEO plugin. -->","yoast_head_json":{"title":"Radar: Hapvida (HAPV3) \u00e9 rebaixada, Americanas (AMER3) perde R$ 8,37 bilh\u00f5es em valor na Bolsa e crescem vendas do Iguatemi (IGTI11)","description":"As a\u00e7\u00f5es da Hapvda foram rebaixadas em relat\u00f3rio do Goldman Sachs. A Americanas perde R$ 8,3 bi em valor e as vendas do Iguatemi subiram","robots":{"index":"index","follow":"follow","max-snippet":"max-snippet:-1","max-image-preview":"max-image-preview:large","max-video-preview":"max-video-preview:-1"},"canonical":"https:\/\/www.suno.com.br\/noticias\/radar-hapvida-hapv3-americanas-amer3-iguatemi-igti11\/","og_locale":"pt_BR","og_type":"article","og_title":"Radar: Hapvida (HAPV3) \u00e9 rebaixada, Americanas (AMER3) perde R$ 8,37 bilh\u00f5es em valor na Bolsa e crescem vendas do Iguatemi (IGTI11)","og_description":"As a\u00e7\u00f5es da Hapvda foram rebaixadas em relat\u00f3rio do Goldman Sachs. A Americanas perde R$ 8,3 bi em valor e as vendas do Iguatemi subiram","og_url":"https:\/\/www.suno.com.br\/noticias\/radar-hapvida-hapv3-americanas-amer3-iguatemi-igti11\/","og_site_name":"Suno Not\u00edcias","article_publisher":"https:\/\/facebook.com\/sunoresearch","og_image":[{"width":1280,"height":854,"url":"https:\/\/files.sunoresearch.com.br\/n\/uploads\/2021\/02\/a14015a8-hapvida.jpeg","type":"image\/jpeg"}],"author":"Isabella Taglapietra","twitter_card":"summary_large_image","twitter_creator":"@sunoresearch","twitter_site":"@sunoresearch","twitter_misc":{"Escrito por":"Isabella Taglapietra","Est. tempo de leitura":"13 minutos"},"schema":{"@context":"https:\/\/schema.org","@graph":[{"@type":"NewsArticle","@id":"https:\/\/www.suno.com.br\/noticias\/radar-hapvida-hapv3-americanas-amer3-iguatemi-igti11\/#article","isPartOf":{"@id":"https:\/\/www.suno.com.br\/noticias\/radar-hapvida-hapv3-americanas-amer3-iguatemi-igti11\/"},"author":{"name":"Isabella Taglapietra","@id":"https:\/\/www.suno.com.br\/noticias\/#\/schema\/person\/a0be106724f6f5d705d70f04333cb249"},"headline":"Radar: Hapvida (HAPV3) \u00e9 rebaixada, Americanas (AMER3) perde R$ 8,37 bi em valor na Bolsa e crescem vendas do Iguatemi (IGTI11)","datePublished":"2023-01-13T01:05:57+00:00","dateModified":"2023-01-17T01:08:08+00:00","mainEntityOfPage":{"@id":"https:\/\/www.suno.com.br\/noticias\/radar-hapvida-hapv3-americanas-amer3-iguatemi-igti11\/"},"wordCount":2443,"publisher":{"@id":"https:\/\/www.suno.com.br\/noticias\/#organization"},"image":{"@id":"https:\/\/www.suno.com.br\/noticias\/radar-hapvida-hapv3-americanas-amer3-iguatemi-igti11\/#primaryimage"},"thumbnailUrl":"https:\/\/files.sunoresearch.com.br\/n\/uploads\/2021\/02\/a14015a8-hapvida-jpeg.webp","keywords":["Americanas (AMER3)","BTG Pactual (BPAC11\/BPAC3\/BPAC5)","Hapvida (HAPV3)","Iguatemi (IGTA3)","Petrobras (PETR4)","Sabesp (SBSP3)"],"articleSection":["Neg\u00f3cios"],"inLanguage":"pt-BR"},{"@type":"WebPage","@id":"https:\/\/www.suno.com.br\/noticias\/radar-hapvida-hapv3-americanas-amer3-iguatemi-igti11\/","url":"https:\/\/www.suno.com.br\/noticias\/radar-hapvida-hapv3-americanas-amer3-iguatemi-igti11\/","name":"Radar: Hapvida (HAPV3) \u00e9 rebaixada, Americanas (AMER3) perde R$ 8,37 bilh\u00f5es em valor na Bolsa e crescem vendas do Iguatemi (IGTI11)","isPartOf":{"@id":"https:\/\/www.suno.com.br\/noticias\/#website"},"primaryImageOfPage":{"@id":"https:\/\/www.suno.com.br\/noticias\/radar-hapvida-hapv3-americanas-amer3-iguatemi-igti11\/#primaryimage"},"image":{"@id":"https:\/\/www.suno.com.br\/noticias\/radar-hapvida-hapv3-americanas-amer3-iguatemi-igti11\/#primaryimage"},"thumbnailUrl":"https:\/\/files.sunoresearch.com.br\/n\/uploads\/2021\/02\/a14015a8-hapvida-jpeg.webp","datePublished":"2023-01-13T01:05:57+00:00","dateModified":"2023-01-17T01:08:08+00:00","description":"As a\u00e7\u00f5es da Hapvda foram rebaixadas em relat\u00f3rio do Goldman Sachs. A Americanas perde R$ 8,3 bi em valor e as vendas do Iguatemi subiram","breadcrumb":{"@id":"https:\/\/www.suno.com.br\/noticias\/radar-hapvida-hapv3-americanas-amer3-iguatemi-igti11\/#breadcrumb"},"inLanguage":"pt-BR","potentialAction":[{"@type":"ReadAction","target":["https:\/\/www.suno.com.br\/noticias\/radar-hapvida-hapv3-americanas-amer3-iguatemi-igti11\/"]}]},{"@type":"ImageObject","inLanguage":"pt-BR","@id":"https:\/\/www.suno.com.br\/noticias\/radar-hapvida-hapv3-americanas-amer3-iguatemi-igti11\/#primaryimage","url":"https:\/\/files.sunoresearch.com.br\/n\/uploads\/2021\/02\/a14015a8-hapvida-jpeg.webp","contentUrl":"https:\/\/files.sunoresearch.com.br\/n\/uploads\/2021\/02\/a14015a8-hapvida-jpeg.webp","width":1280,"height":854,"caption":"Cl\u00ednica Hapvida (HAPV3). Foto: Site Hapvida - Reprodu\u00e7\u00e3o"},{"@type":"BreadcrumbList","@id":"https:\/\/www.suno.com.br\/noticias\/radar-hapvida-hapv3-americanas-amer3-iguatemi-igti11\/#breadcrumb","itemListElement":[{"@type":"ListItem","position":1,"name":"Not\u00edcias","item":"https:\/\/www.suno.com.br\/noticias\/"},{"@type":"ListItem","position":2,"name":"Neg\u00f3cios","item":"https:\/\/www.suno.com.br\/noticias\/negocios\/"},{"@type":"ListItem","position":3,"name":"Radar: Hapvida (HAPV3) \u00e9 rebaixada, Americanas (AMER3) perde R$ 8,37 bi em valor na Bolsa e crescem vendas do Iguatemi (IGTI11)"}]},{"@type":"WebSite","@id":"https:\/\/www.suno.com.br\/noticias\/#website","url":"https:\/\/www.suno.com.br\/noticias\/","name":"Suno Not\u00edcias","description":"Seu portal de informa\u00e7\u00e3o sobre o mundo dos investimentos","publisher":{"@id":"https:\/\/www.suno.com.br\/noticias\/#organization"},"potentialAction":[{"@type":"SearchAction","target":{"@type":"EntryPoint","urlTemplate":"https:\/\/www.suno.com.br\/noticias\/?s={search_term_string}"},"query-input":{"@type":"PropertyValueSpecification","valueRequired":true,"valueName":"search_term_string"}}],"inLanguage":"pt-BR"},{"@type":"Organization","@id":"https:\/\/www.suno.com.br\/noticias\/#organization","name":"Suno Not\u00edcias","url":"https:\/\/www.suno.com.br\/noticias\/","logo":{"@type":"ImageObject","inLanguage":"pt-BR","@id":"https:\/\/www.suno.com.br\/noticias\/#\/schema\/logo\/image\/","url":"https:\/\/files.sunoresearch.com.br\/n\/uploads\/2021\/09\/suno-logo.png","contentUrl":"https:\/\/files.sunoresearch.com.br\/n\/uploads\/2021\/09\/suno-logo.png","width":180,"height":180,"caption":"Suno Not\u00edcias"},"image":{"@id":"https:\/\/www.suno.com.br\/noticias\/#\/schema\/logo\/image\/"},"sameAs":["https:\/\/facebook.com\/sunoresearch","https:\/\/x.com\/sunoresearch","https:\/\/www.instagram.com\/suno","https:\/\/www.linkedin.com\/company\/suno-research\/","https:\/\/www.youtube.com\/c\/sunoresearch"]},{"@type":"Person","@id":"https:\/\/www.suno.com.br\/noticias\/#\/schema\/person\/a0be106724f6f5d705d70f04333cb249","name":"Isabella Taglapietra","image":{"@type":"ImageObject","inLanguage":"pt-BR","@id":"https:\/\/www.suno.com.br\/noticias\/#\/schema\/person\/image\/","url":"https:\/\/secure.gravatar.com\/avatar\/089c9e06b71de293117116aaf339e22f?s=96&r=g","contentUrl":"https:\/\/secure.gravatar.com\/avatar\/089c9e06b71de293117116aaf339e22f?s=96&r=g","caption":"Isabella Taglapietra"},"description":"Rep\u00f3rter freelancer no Suno Not\u00edcias, cobre not\u00edcias di\u00e1rias sobre economia, balan\u00e7os trimestrais e pesquisas. Formada em jornalismo pela Faculdade C\u00e1sper L\u00edbero e p\u00f3s-graduanda em mercado de capitais pela Fecap, atuou como rep\u00f3rter de economia e finan\u00e7as no portal CRC!News e Elas que Lucrem, al\u00e9m de social media para empresas do mercado financeiro.","url":"https:\/\/www.suno.com.br\/noticias\/author\/isabella-taglapietra\/"}]}},"default_loop_html":"<div class=\"cardsPage__listCard__boxs\"><div class=\"cardsPage__listCard__boxs__img\"><a href=\"https:\/\/www.suno.com.br\/noticias\/radar-hapvida-hapv3-americanas-amer3-iguatemi-igti11\/\"><img class=\"mask\" src=\"https:\/\/www.suno.com.br\/noticias\/wp-content\/themes\/suno\/resources\/images\/spotlight\/spotlight1img\/bg-mask.png\" alt=\"Image Mask\"\/><img src=\"https:\/\/files.sunoresearch.com.br\/n\/uploads\/2021\/02\/a14015a8-hapvida-400x200.webp\" alt=\"Radar: Hapvida (HAPV3) \u00e9 rebaixada, Americanas (AMER3) perde R$ 8,37 bi em valor na Bolsa e crescem vendas do Iguatemi (IGTI11)\"\/><\/a><span class=\"spotlightCategory\"><a href=\"https:\/\/www.suno.com.br\/noticias\/negocios\/\">Neg\u00f3cios<\/a><\/span><\/div><div class=\"cardsPage__listCard__boxs__content\"><a href=\"https:\/\/www.suno.com.br\/noticias\/radar-hapvida-hapv3-americanas-amer3-iguatemi-igti11\/\"><h2 class=\"content__title\">Radar: Hapvida (HAPV3) \u00e9 rebaixada, Americanas (AMER3) perde R$ 8,37 bi em valor na Bolsa e crescem vendas do Iguatemi (IGTI11)<\/h2><\/a><div class=\"newsContent__article__meta\"><div class=\"newsContent__article__meta__authorBox\"><a href=\"https:\/\/www.suno.com.br\/noticias\/author\/isabella-taglapietra\/\" class=\"authorBox__avatar noMobi\"><img src=\"https:\/\/files.sunoresearch.com.br\/n\/uploads\/2022\/08\/WhatsApp-Image-2022-08-04-at-12.40.27-150x150.jpeg\" alt=\"Isabella Taglapietra\"><\/a><div class=\"authorBox__name\"><span>por\n\t\t\t<a href=\"https:\/\/www.suno.com.br\/noticias\/author\/isabella-taglapietra\/\"><span itemprop=\"author\">Isabella Taglapietra<\/span><\/a><\/span><time datetime=\"2023-01-12T22:05:57-03:00\" itemprop=\"datePublished\">12\/01\/2023 22:05<\/time><\/div><\/div><\/div><\/div><\/div>","single_layout":"posts","amp_enabled":true,"_links":{"self":[{"href":"https:\/\/www.suno.com.br\/noticias\/wp-json\/wp\/v2\/posts\/346268"}],"collection":[{"href":"https:\/\/www.suno.com.br\/noticias\/wp-json\/wp\/v2\/posts"}],"about":[{"href":"https:\/\/www.suno.com.br\/noticias\/wp-json\/wp\/v2\/types\/post"}],"author":[{"embeddable":true,"href":"https:\/\/www.suno.com.br\/noticias\/wp-json\/wp\/v2\/users\/194"}],"replies":[{"embeddable":true,"href":"https:\/\/www.suno.com.br\/noticias\/wp-json\/wp\/v2\/comments?post=346268"}],"version-history":[{"count":3,"href":"https:\/\/www.suno.com.br\/noticias\/wp-json\/wp\/v2\/posts\/346268\/revisions"}],"predecessor-version":[{"id":348093,"href":"https:\/\/www.suno.com.br\/noticias\/wp-json\/wp\/v2\/posts\/346268\/revisions\/348093"}],"wp:featuredmedia":[{"embeddable":true,"href":"https:\/\/www.suno.com.br\/noticias\/wp-json\/wp\/v2\/media\/121792"}],"wp:attachment":[{"href":"https:\/\/www.suno.com.br\/noticias\/wp-json\/wp\/v2\/media?parent=346268"}],"wp:term":[{"taxonomy":"category","embeddable":true,"href":"https:\/\/www.suno.com.br\/noticias\/wp-json\/wp\/v2\/categories?post=346268"},{"taxonomy":"post_tag","embeddable":true,"href":"https:\/\/www.suno.com.br\/noticias\/wp-json\/wp\/v2\/tags?post=346268"},{"taxonomy":"suno_strategy","embeddable":true,"href":"https:\/\/www.suno.com.br\/noticias\/wp-json\/wp\/v2\/suno_strategy?post=346268"}],"curies":[{"name":"wp","href":"https:\/\/api.w.org\/{rel}","templated":true}]}}