{"id":345895,"date":"2023-01-12T16:43:14","date_gmt":"2023-01-12T19:43:14","guid":{"rendered":"https:\/\/www.suno.com.br\/noticias\/?p=345895"},"modified":"2023-01-12T21:31:06","modified_gmt":"2023-01-13T00:31:06","slug":"haddad-ajuste-fiscal-medidas-arrecadacao","status":"publish","type":"post","link":"https:\/\/www.suno.com.br\/noticias\/haddad-ajuste-fiscal-medidas-arrecadacao\/","title":{"rendered":"Haddad anuncia ajuste fiscal com foco em aumento de arrecada\u00e7\u00e3o; governo prev\u00ea super\u00e1vit em 2023"},"content":{"rendered":"<p>O ministro da Fazenda, Fernando <strong>Haddad<\/strong>, anunciou nesta quinta-feira (12) um pacote econ\u00f4mico que prev\u00ea um <a class=\"suno-keyword\" target=\"_blank\" data-force=\"no\" data-priority=\"1\" href=\"https:\/\/www.suno.com.br\/artigos\/ajuste-fiscal\/\" rel=\"noopener\">ajuste fiscal<\/a> com base no aumento da arrecada\u00e7\u00e3o. O objetivo \u00e9 transformar o <a class=\"suno-keyword\" target=\"_blank\" data-force=\"no\" data-priority=\"1\" href=\"https:\/\/www.suno.com.br\/artigos\/deficit-primario\/\" rel=\"noopener\">d\u00e9ficit prim\u00e1rio<\/a> de R$ 231,5 bilh\u00f5es estimado para 2023 em um super\u00e1vit de R$ 11,13 bilh\u00f5es, ou seja, ocorreria um ajuste de R$ 242,6 bilh\u00f5es, o equivalente a 2,26% do Produto Interno Bruto (PIB) brasileiro. <\/p>\t<div class=\"wrapper-featured-image\">\n\t\t<figure class=\"spotlightImg\">\n\n\t\t\t<picture>\n\t\t\t\t<source media=\"(max-width: 768px)\" srcset=\"https:\/\/files.sunoresearch.com.br\/n\/uploads\/2022\/12\/fernando-haddad-ministro-fazenda-estudio-i-foto-globonews-400x200.jpg\">\n\t\t\t\t<img loading=\"lazy\" decoding=\"async\" class=\"newsContent__article__imgCapa lazyloadDisabled \" src=\"https:\/\/files.sunoresearch.com.br\/n\/uploads\/2022\/12\/fernando-haddad-ministro-fazenda-estudio-i-foto-globonews-800x450.jpg\" width=\"800\" height=\"450\" alt=\"Haddad anuncia ajuste fiscal com foco em aumento de arrecada\u00e7\u00e3o; governo prev\u00ea super\u00e1vit em 2023\" fetchpriority=high \/>\n\t\t\t<\/picture>\n\n\t\t\t<figcaption class=\"wp-caption-text wp-caption-text--show\">Fernando Haddad, ministro da Fazenda do governo Lula. Foto: GloboNews<\/figcaption>\n\t\t<\/figure>\n\t<\/div>\n\n\n\n\n\n\t<p>\n\t\t<a href=\"\" target=\"_blank\" data-element=\"shortcode-suno-banner\" title=\"Banner SUNO, clique e saiba mais\">\n\t\t\t<picture>\n\t\t\t\t<source media=\"(max-width: 500px)\" srcset=\"\">\n\t\t\t\t<img class=\"newsContent__article__imgCapa newsContent__article__imgCapa--banner\"\n\t\t\t\t\tsrc=\"\"\n\t\t\t\t\tdata-promo-id=\"240038\"\t\t\t\t\t\t\t\t\t\t\t\t\t\t\talt=\"\"\n\t\t\t\t>\n\t\t\t<\/picture>\n\t\t<\/a>\n\t<\/p>\n\n\n\n\n\n<p>Durante a apresenta\u00e7\u00e3o das medidas \u00e0 imprensa, o ministro afirmou que n\u00e3o deseja chamar essas a\u00e7\u00f5es como um plano ou pacote financeiro. &#8220;S\u00e3o as primeiras medidas desse governo na<strong> \u00e1rea econ\u00f4mica<\/strong> para endere\u00e7ar o problema que temos de enfrentar&#8221;, destacou.<\/p>\n\n\n\n<p>As <strong>a\u00e7\u00f5es econ\u00f4micas<\/strong> propostas por Haddad s\u00e3o dividas em quatro grupos:<\/p>\n\n\n\n<ul class=\"wp-block-list\">\n<li>Reestimativa de receitas (R$ 36,4 bilh\u00f5es);<\/li>\n\n\n\n<li>A\u00e7\u00f5es de receitas permanentes (R$ 83,2 bilh\u00f5es);<\/li>\n\n\n\n<li>A\u00e7\u00f5es de receitas extraordin\u00e1rias (R$ 73 bilh\u00f5es)<\/li>\n\n\n\n<li>Redu\u00e7\u00e3o de despesas (R$ 50 bilh\u00f5es).<\/li>\n<\/ul>\n\n\n\n<p>No primeiro item, o ministro do presidente Luiz In\u00e1cio <strong>Lula<\/strong> da Silva (PT) explicou que o <a class=\"suno-keyword\" data-force=\"no\" data-priority=\"2\" href=\"https:\/\/www.suno.com.br\/artigos\/tesouro-nacional\/\" target=\"_blank\" rel=\"noopener\">Tesouro Nacional<\/a> fez uma reestimativa das receitas, na ordem de R$ 36,4 bilh\u00f5es, cerca de 0,34% do PIB. &#8220;\u00c9 uma boa not\u00edcia&#8221;, celebrou Haddad.<\/p>\n\n\n\t<p>\n\t\t<a href=\"https:\/\/lp.suno.com.br\/planilha-controle-gastos\/\" target=\"_blank\" data-element=\"shortcode-suno-banner\" title=\"Banner SUNO, clique e saiba mais\">\n\t\t\t<picture>\n\t\t\t\t<source media=\"(max-width: 500px)\" srcset=\"https:\/\/files.sunoresearch.com.br\/n\/uploads\/2023\/03\/400x300-Planilha-controle-de-gastos.png\">\n\t\t\t\t<img class=\"newsContent__article__imgCapa newsContent__article__imgCapa--banner\"\n\t\t\t\t\tsrc=\"https:\/\/files.sunoresearch.com.br\/n\/uploads\/2023\/03\/1420x240-Planilha-controle-de-gastos.png\"\n\t\t\t\t\tdata-promo-id=\"101751\"\t\t\t\t\t\t\t\t\t\twidth='1420' height='240'\t\t\t\t\talt=\"https:\/\/files.sunoresearch.com.br\/n\/uploads\/2023\/03\/1420x240-Planilha-controle-de-gastos.png\"\n\t\t\t\t>\n\t\t\t<\/picture>\n\t\t<\/a>\n\t<\/p>\n\n\n\n\n\n<p>Na redu\u00e7\u00e3o de despesas, est\u00e3o englobadas a\u00e7\u00f5es de revis\u00e3o de contratos e programas al\u00e9m da autoriza\u00e7\u00e3o de execu\u00e7\u00e3o inferior ao autorizado no Or\u00e7amento de 2023.<\/p>\n\n\n\n<p>Entre as a\u00e7\u00f5es de receitas permanentes, encontram-se a\u00e7\u00f5es como o fomento \u00e0 redu\u00e7\u00e3o da litigiosidade no Conselho de Administra\u00e7\u00e3o de Recursos Fiscais (Carf) e o aumento do PIS\/Confins sobre a <a class=\"suno-keyword\" data-force=\"no\" data-priority=\"1\" href=\"https:\/\/www.suno.com.br\/artigos\/receita-financeira\/\" target=\"_blank\" rel=\"noopener\">receita financeira<\/a>. A desonera\u00e7\u00e3o desses impostos nos combust\u00edveis tamb\u00e9m est\u00e1 na lista de medidas. Contudo, &#8220;essa decis\u00e3o s\u00f3 ter\u00e1 tomada quando estivermos \u00e0 frente da <a class=\"suno-keyword\" data-force=\"yes\" data-priority=\"2\" href=\"https:\/\/www.suno.com.br\/acoes\/PETR4\/\" target=\"_blank\" rel=\"noopener\">Petrobras (PETR4)<\/a> e no momento adequado&#8221;.<\/p>\n\n\n\n<p>No caso das receitas extraordin\u00e1rias, existem incentivos no Carf, \u00e0 den\u00fancia espont\u00e2nea e a receita prim\u00e1ria com os ativos do PIS\/Pasep.<\/p>\n\n\n\t<p>\n\t\t<a href=\"https:\/\/lp.suno.com.br\/planilha-da-vida-financeira\/\" target=\"_blank\" data-element=\"shortcode-suno-banner\" title=\"Banner SUNO, clique e saiba mais\">\n\t\t\t<picture>\n\t\t\t\t<source media=\"(max-width: 500px)\" srcset=\"https:\/\/files.sunoresearch.com.br\/n\/uploads\/2023\/04\/400x300-Planilha-vida-financeira-true.png\">\n\t\t\t\t<img class=\"newsContent__article__imgCapa newsContent__article__imgCapa--banner\"\n\t\t\t\t\tsrc=\"https:\/\/files.sunoresearch.com.br\/n\/uploads\/2023\/04\/1420x240-Planilha-vida-financeira-true.png\"\n\t\t\t\t\tdata-promo-id=\"106682\"\t\t\t\t\t\t\t\t\t\twidth='1420' height='240'\t\t\t\t\talt=\"https:\/\/files.sunoresearch.com.br\/n\/uploads\/2023\/04\/1420x240-Planilha-vida-financeira-true.png\"\n\t\t\t\t>\n\t\t\t<\/picture>\n\t\t<\/a>\n\t<\/p>\n\n\n\n\n\n<h2 class=\"wp-block-heading\" id=\"h-haddad-critica-paulo-guedes\">Haddad critica Paulo Guedes<\/h2>\n\n\n\n<p>Ao longo da coletiva \u00e0 imprensa, o ministro da Fazenda criticou a <a class=\"suno-keyword\" data-force=\"no\" data-priority=\"1\" href=\"https:\/\/www.suno.com.br\/artigos\/politica-economica\/\" target=\"_blank\" rel=\"noopener\">pol\u00edtica econ\u00f4mica<\/a> do antecessor Paulo Guedes.<\/p>\n\n\n\n<p>&#8220;Ano passado foi um ano muito complicado do ponto de vista da gest\u00e3o fiscal do pa\u00eds. A <strong>Economia<\/strong>, na minha opini\u00e3o, tomou uma s\u00e9rie de mediadas muito irrespons\u00e1veis, sem considerar as consequ\u00eancias do futuro pr\u00f3ximo&#8221;, ressaltou Haddad.<\/p>\n\n\n\n<blockquote class=\"wp-block-quote is-layout-flow wp-block-quote-is-layout-flow\">\n<p>N\u00e3o recebemos o governo com transpar\u00eancia. N\u00e3o temos todos os elementos para saber se estamos pisando em solo firme no que diz respeito as bombas de efeito retardado que foram acionadas pelo governo anterior.<\/p>\n<\/blockquote>\n\n\n\n<p>Para o atual l\u00edder da equipe econ\u00f4mica, \u00e9 poss\u00edvel fechar 2023 com um d\u00e9ficit inferior a 1%: &#8220;Estamos fixando uma meta para fechar em 0,5% e 1% o <a class=\"suno-keyword\" target=\"_blank\" data-force=\"no\" data-priority=\"1\" href=\"https:\/\/www.suno.com.br\/artigos\/deficit-primario\/\" rel=\"noopener\">d\u00e9ficit prim\u00e1rio<\/a> de 2023. Vamos perseguir essa meta! Estamos saindo de 2,3%&#8221;.<\/p>\n\n\n\t<p>\n\t\t<a href=\"https:\/\/lp.suno.com.br\/ebook-como-analisar-uma-acao\/\" target=\"_blank\" data-element=\"shortcode-suno-banner\" title=\"Banner SUNO, clique e saiba mais\">\n\t\t\t<picture>\n\t\t\t\t<source media=\"(max-width: 500px)\" srcset=\"https:\/\/files.sunoresearch.com.br\/n\/uploads\/2023\/03\/Ebook-Acoes-Mobile-1.jpg\">\n\t\t\t\t<img class=\"newsContent__article__imgCapa newsContent__article__imgCapa--banner\"\n\t\t\t\t\tsrc=\"https:\/\/files.sunoresearch.com.br\/n\/uploads\/2023\/03\/Ebook-Acoes-Desktop-1.jpg\"\n\t\t\t\t\tdata-promo-id=\"171998\"\t\t\t\t\t\t\t\t\t\twidth='1420' height='286'\t\t\t\t\talt=\"https:\/\/files.sunoresearch.com.br\/n\/uploads\/2023\/03\/Ebook-Acoes-Desktop-1.jpg\"\n\t\t\t\t>\n\t\t\t<\/picture>\n\t\t<\/a>\n\t<\/p>\n\n\n\n\n\n<p>Simone Tebet, ministra do Planejamento e Or\u00e7amento, destacou que o programa de reestrutura\u00e7\u00e3o fiscal mostra que existem converg\u00eancias nas pastas econ\u00f4micas do governo Lula.<\/p>\n\n\n\n<p>&#8220;N\u00e3o h\u00e1 crescimento duradouro, sustent\u00e1vel. \u00c9 imposs\u00edvel com um d\u00e9ficit de R$ 230 bilh\u00f5es. Quando a gente fala isso significa que n\u00e3o conseguimos abrir espa\u00e7o para emprego e gera\u00e7\u00e3o de renda tendo 2% do PIB comprometido&#8221;, complementou Tebet ap\u00f3s a fala de <strong>Haddad<\/strong>.<\/p>\n\n\n\n<h2 class=\"wp-block-heading\" id=\"h-sinalizacao-do-governo-e-positiva-dizem-economistas-sobre-novo-pacote-economico\">Sinaliza\u00e7\u00e3o do governo \u00e9 positiva, dizem economistas sobre novo pacote econ\u00f4mico<\/h2>\n\n\n\n<p>A sinaliza\u00e7\u00e3o de que o novo governo busca reduzir o <strong>d\u00e9ficit prim\u00e1rio<\/strong> para abaixo de 1% do Produto Interno Bruto (PIB) foi considerada positiva pelos economistas ouvidos pelo <strong>Estad\u00e3o<\/strong>, mas eles dizem que \u00e9 dif\u00edcil estimar o real impacto para as contas p\u00fablicas das medidas anunciadas.<\/p>\n\n\n\n<p>No pacote anunciado nesta quinta-feira, 12, a equipe econ\u00f4mica informou que planeja reduzir o rombo de R$ 231,5 bilh\u00f5es previstos no Or\u00e7amento, o equivalente a 2,1% do Produto Interno Bruto (PIB), para algo em torno de 0,5% a 1% neste ano &#8211; como prev\u00ea boa parte dos analistas de bancos e consultorias.<\/p>\n\n\n\n<p>&#8220;Acho que h\u00e1 um sinal positivo de o ministro assumir que o d\u00e9ficit prim\u00e1rio dever\u00e1 ficar pr\u00f3ximo de 1% do PIB&#8221;, afirma Sergio Vale, economista-chefe da consultoria MB Associados.<\/p>\n\n\n\n<p>&#8220;Do plano proposto, o certo \u00e9 a arrecada\u00e7\u00e3o dos <strong>fundos do PIS\/Pasep<\/strong> e a revers\u00e3o das desonera\u00e7\u00f5es. A estimativa de receita \u00e9 poss\u00edvel, mas fica em aberto porque depende do que ser\u00e1 crescimento e infla\u00e7\u00e3o&#8221;, acrescenta.<\/p>\n\n\n\n<p>No pacote anunciado, o Minist\u00e9rio da Fazenda fez uma reestimativa das receitas em R$ 36,4 bilh\u00f5es e previu um ganho de R$ 28,8 bilh\u00f5es com a volta de PIS\/Cofins sobre combust\u00edveis. &#8220;Nada muda em nossa estimativa, que segue em d\u00e9ficit prim\u00e1rio de 1% do PIB este ano, mas \u00e9 positivo o governo assumir que n\u00e3o dever\u00e1 ser muito diferente disso&#8221;, afirma Vale.<\/p>\n\n\n\n<p>Num cen\u00e1rio otimista, em que todas as medidas anunciadas sejam alcan\u00e7adas, o governo estima que pode at\u00e9 entregar um super\u00e1vit prim\u00e1rio de 0,10% do PIB.<\/p>\n\n\n\n<p>H\u00e1 uma grande d\u00favida, no entanto, em rela\u00e7\u00e3o \u00e0s medidas que envolvem o Conselho de Administra\u00e7\u00e3o de Recursos Fiscais (Carf). O governo espera aumentar as receitas com o incentivo \u00e0 redu\u00e7\u00e3o de litigiosidade do \u00f3rg\u00e3o e com o incentivo \u00e0 den\u00fancia espont\u00e2nea.<\/p>\n\n\n\n<p>&#8220;Uma parte do que foi anunciado n\u00e3o \u00e9 fact\u00edvel. As <strong>medidas que envolvem o Carf<\/strong> t\u00eam uma viabilidade baixa&#8221;, afirma Gabriel Leal de Barros, economista-chefe da Ryo Asset. &#8220;Se essas medidas se mostrarem fact\u00edveis, a\u00ed o mercado pode passar a consider\u00e1-las.&#8221;<\/p>\n\n\n\n<p>O mercado tamb\u00e9m aguarda outras sinaliza\u00e7\u00f5es importantes: como o governo deve reavaliar as despesas, em especial o novo Bolsa Fam\u00edlia, diante dos problemas no Cadastro \u00danico; qual ser\u00e1 o novo regime fiscal, em substitui\u00e7\u00e3o ao teto de gastos; e como ser\u00e1 a reforma tribut\u00e1ria a ser apresentada.<\/p>\n\n\n\n<p>&#8220;\u00c9 importante fazer uma revis\u00e3o do Cadastro \u00danico. J\u00e1 foi um problema e ele foi agudizado em ano eleitoral, com o crescimento grande de fam\u00edlias unipessoais&#8221;, diz Barros sobre o an\u00fancio de <strong>Haddad<\/strong>.<\/p>\n\n\n\t<p>\n\t\t<a href=\"https:\/\/lp.suno.com.br\/planilha-de-controle-de-investimentos\/\" target=\"_blank\" data-element=\"shortcode-suno-banner\" title=\"Banner SUNO, clique e saiba mais\">\n\t\t\t<picture>\n\t\t\t\t<source media=\"(max-width: 500px)\" srcset=\"https:\/\/files.sunoresearch.com.br\/n\/uploads\/2023\/03\/400x300-Controle-de-Investimentos.png\">\n\t\t\t\t<img class=\"newsContent__article__imgCapa newsContent__article__imgCapa--banner\"\n\t\t\t\t\tsrc=\"https:\/\/files.sunoresearch.com.br\/n\/uploads\/2023\/03\/1420x240-Controle-de-Investimentos.png\"\n\t\t\t\t\tdata-promo-id=\"75934\"\t\t\t\t\t\t\t\t\t\twidth='1420' height='240'\t\t\t\t\talt=\"https:\/\/files.sunoresearch.com.br\/n\/uploads\/2023\/03\/1420x240-Controle-de-Investimentos.png\"\n\t\t\t\t>\n\t\t\t<\/picture>\n\t\t<\/a>\n\t<\/p>\n\n\n\n\n\n<p><em>Com Estad\u00e3o Conte\u00fado<\/em><\/p>\n","protected":false},"excerpt":{"rendered":"<p>O ministro da Fazenda, Fernando Haddad, anunciou nesta quinta-feira (12) um pacote econ\u00f4mico que prev\u00ea um ajuste fiscal com base no aumento da arrecada\u00e7\u00e3o. O objetivo \u00e9 transformar o d\u00e9ficit prim\u00e1rio de R$ 231,5 bilh\u00f5es estimado para 2023 em um super\u00e1vit de R$ 11,13 bilh\u00f5es, ou seja, ocorreria um ajuste de R$ 242,6 bilh\u00f5es, o [&hellip;]<\/p>\n","protected":false},"author":232,"featured_media":334260,"comment_status":"closed","ping_status":"closed","sticky":false,"template":"","format":"standard","meta":[],"categories":[61],"tags":[716],"suno_strategy":[],"class_list":["post-345895","post","type-post","status-publish","format-standard","has-post-thumbnail","hentry","category-politica","tag-fernando-haddad"],"yoast_head":"<!-- This site is optimized with the Yoast SEO plugin v24.4 - https:\/\/yoast.com\/wordpress\/plugins\/seo\/ -->\n<title>Haddad anuncia ajuste fiscal com foco em aumento da arrecada\u00e7\u00e3o<\/title>\n<meta name=\"description\" content=\"O ministro da Fazenda, Fernando Haddad, anunciou um pacote econ\u00f4mico que prev\u00ea um ajuste fiscal com base no aumento da arrecada\u00e7\u00e3o. Confira!\" \/>\n<meta name=\"robots\" content=\"index, follow, max-snippet:-1, max-image-preview:large, max-video-preview:-1\" \/>\n<link rel=\"canonical\" href=\"https:\/\/www.suno.com.br\/noticias\/haddad-ajuste-fiscal-medidas-arrecadacao\/\" \/>\n<meta property=\"og:locale\" content=\"pt_BR\" \/>\n<meta property=\"og:type\" content=\"article\" \/>\n<meta property=\"og:title\" content=\"Haddad anuncia ajuste fiscal com foco em aumento da arrecada\u00e7\u00e3o\" \/>\n<meta property=\"og:description\" content=\"O ministro da Fazenda, Fernando Haddad, anunciou um pacote econ\u00f4mico que prev\u00ea um ajuste fiscal com base no aumento da arrecada\u00e7\u00e3o. Confira!\" \/>\n<meta property=\"og:url\" content=\"https:\/\/www.suno.com.br\/noticias\/haddad-ajuste-fiscal-medidas-arrecadacao\/\" \/>\n<meta property=\"og:site_name\" content=\"Suno Not\u00edcias\" \/>\n<meta property=\"article:publisher\" content=\"https:\/\/facebook.com\/sunoresearch\" \/>\n<meta property=\"og:image\" content=\"https:\/\/files.sunoresearch.com.br\/n\/uploads\/2022\/12\/fernando-haddad-ministro-fazenda-estudio-i-foto-globonews.jpg\" \/>\n\t<meta property=\"og:image:width\" content=\"1200\" \/>\n\t<meta property=\"og:image:height\" content=\"675\" \/>\n\t<meta property=\"og:image:type\" content=\"image\/jpeg\" \/>\n<meta name=\"author\" content=\"Erick Matheus Nery\" \/>\n<meta name=\"twitter:card\" content=\"summary_large_image\" \/>\n<meta name=\"twitter:creator\" content=\"@sunoresearch\" \/>\n<meta name=\"twitter:site\" content=\"@sunoresearch\" \/>\n<meta name=\"twitter:label1\" content=\"Escrito por\" \/>\n\t<meta name=\"twitter:data1\" content=\"Erick Matheus Nery\" \/>\n\t<meta name=\"twitter:label2\" content=\"Est. tempo de leitura\" \/>\n\t<meta name=\"twitter:data2\" content=\"6 minutos\" \/>\n<script type=\"application\/ld+json\" class=\"yoast-schema-graph\">{\"@context\":\"https:\/\/schema.org\",\"@graph\":[{\"@type\":\"NewsArticle\",\"@id\":\"https:\/\/www.suno.com.br\/noticias\/haddad-ajuste-fiscal-medidas-arrecadacao\/#article\",\"isPartOf\":{\"@id\":\"https:\/\/www.suno.com.br\/noticias\/haddad-ajuste-fiscal-medidas-arrecadacao\/\"},\"author\":{\"name\":\"Erick Matheus Nery\",\"@id\":\"https:\/\/www.suno.com.br\/noticias\/#\/schema\/person\/6899bc3f19d1a7315f807131c2c013a0\"},\"headline\":\"Haddad anuncia ajuste fiscal com foco em aumento de arrecada\u00e7\u00e3o; governo prev\u00ea super\u00e1vit em 2023\",\"datePublished\":\"2023-01-12T19:43:14+00:00\",\"dateModified\":\"2023-01-13T00:31:06+00:00\",\"mainEntityOfPage\":{\"@id\":\"https:\/\/www.suno.com.br\/noticias\/haddad-ajuste-fiscal-medidas-arrecadacao\/\"},\"wordCount\":1031,\"publisher\":{\"@id\":\"https:\/\/www.suno.com.br\/noticias\/#organization\"},\"image\":{\"@id\":\"https:\/\/www.suno.com.br\/noticias\/haddad-ajuste-fiscal-medidas-arrecadacao\/#primaryimage\"},\"thumbnailUrl\":\"https:\/\/files.sunoresearch.com.br\/n\/uploads\/2022\/12\/fernando-haddad-ministro-fazenda-estudio-i-foto-globonews.jpg\",\"keywords\":[\"Fernando Haddad\"],\"articleSection\":[\"Pol\u00edtica\"],\"inLanguage\":\"pt-BR\"},{\"@type\":\"WebPage\",\"@id\":\"https:\/\/www.suno.com.br\/noticias\/haddad-ajuste-fiscal-medidas-arrecadacao\/\",\"url\":\"https:\/\/www.suno.com.br\/noticias\/haddad-ajuste-fiscal-medidas-arrecadacao\/\",\"name\":\"Haddad anuncia ajuste fiscal com foco em aumento da arrecada\u00e7\u00e3o\",\"isPartOf\":{\"@id\":\"https:\/\/www.suno.com.br\/noticias\/#website\"},\"primaryImageOfPage\":{\"@id\":\"https:\/\/www.suno.com.br\/noticias\/haddad-ajuste-fiscal-medidas-arrecadacao\/#primaryimage\"},\"image\":{\"@id\":\"https:\/\/www.suno.com.br\/noticias\/haddad-ajuste-fiscal-medidas-arrecadacao\/#primaryimage\"},\"thumbnailUrl\":\"https:\/\/files.sunoresearch.com.br\/n\/uploads\/2022\/12\/fernando-haddad-ministro-fazenda-estudio-i-foto-globonews.jpg\",\"datePublished\":\"2023-01-12T19:43:14+00:00\",\"dateModified\":\"2023-01-13T00:31:06+00:00\",\"description\":\"O ministro da Fazenda, Fernando Haddad, anunciou um pacote econ\u00f4mico que prev\u00ea um ajuste fiscal com base no aumento da arrecada\u00e7\u00e3o. Confira!\",\"breadcrumb\":{\"@id\":\"https:\/\/www.suno.com.br\/noticias\/haddad-ajuste-fiscal-medidas-arrecadacao\/#breadcrumb\"},\"inLanguage\":\"pt-BR\",\"potentialAction\":[{\"@type\":\"ReadAction\",\"target\":[\"https:\/\/www.suno.com.br\/noticias\/haddad-ajuste-fiscal-medidas-arrecadacao\/\"]}]},{\"@type\":\"ImageObject\",\"inLanguage\":\"pt-BR\",\"@id\":\"https:\/\/www.suno.com.br\/noticias\/haddad-ajuste-fiscal-medidas-arrecadacao\/#primaryimage\",\"url\":\"https:\/\/files.sunoresearch.com.br\/n\/uploads\/2022\/12\/fernando-haddad-ministro-fazenda-estudio-i-foto-globonews.jpg\",\"contentUrl\":\"https:\/\/files.sunoresearch.com.br\/n\/uploads\/2022\/12\/fernando-haddad-ministro-fazenda-estudio-i-foto-globonews.jpg\",\"width\":1200,\"height\":675,\"caption\":\"Fernando Haddad, ministro da Fazenda do governo Lula. Foto: GloboNews\"},{\"@type\":\"BreadcrumbList\",\"@id\":\"https:\/\/www.suno.com.br\/noticias\/haddad-ajuste-fiscal-medidas-arrecadacao\/#breadcrumb\",\"itemListElement\":[{\"@type\":\"ListItem\",\"position\":1,\"name\":\"Not\u00edcias\",\"item\":\"https:\/\/www.suno.com.br\/noticias\/\"},{\"@type\":\"ListItem\",\"position\":2,\"name\":\"Pol\u00edtica\",\"item\":\"https:\/\/www.suno.com.br\/noticias\/politica\/\"},{\"@type\":\"ListItem\",\"position\":3,\"name\":\"Haddad anuncia ajuste fiscal com foco em aumento de arrecada\u00e7\u00e3o; governo prev\u00ea super\u00e1vit em 2023\"}]},{\"@type\":\"WebSite\",\"@id\":\"https:\/\/www.suno.com.br\/noticias\/#website\",\"url\":\"https:\/\/www.suno.com.br\/noticias\/\",\"name\":\"Suno Not\u00edcias\",\"description\":\"Seu portal de informa\u00e7\u00e3o sobre o mundo dos investimentos\",\"publisher\":{\"@id\":\"https:\/\/www.suno.com.br\/noticias\/#organization\"},\"potentialAction\":[{\"@type\":\"SearchAction\",\"target\":{\"@type\":\"EntryPoint\",\"urlTemplate\":\"https:\/\/www.suno.com.br\/noticias\/?s={search_term_string}\"},\"query-input\":{\"@type\":\"PropertyValueSpecification\",\"valueRequired\":true,\"valueName\":\"search_term_string\"}}],\"inLanguage\":\"pt-BR\"},{\"@type\":\"Organization\",\"@id\":\"https:\/\/www.suno.com.br\/noticias\/#organization\",\"name\":\"Suno Not\u00edcias\",\"url\":\"https:\/\/www.suno.com.br\/noticias\/\",\"logo\":{\"@type\":\"ImageObject\",\"inLanguage\":\"pt-BR\",\"@id\":\"https:\/\/www.suno.com.br\/noticias\/#\/schema\/logo\/image\/\",\"url\":\"https:\/\/files.sunoresearch.com.br\/n\/uploads\/2021\/09\/suno-logo.png\",\"contentUrl\":\"https:\/\/files.sunoresearch.com.br\/n\/uploads\/2021\/09\/suno-logo.png\",\"width\":180,\"height\":180,\"caption\":\"Suno Not\u00edcias\"},\"image\":{\"@id\":\"https:\/\/www.suno.com.br\/noticias\/#\/schema\/logo\/image\/\"},\"sameAs\":[\"https:\/\/facebook.com\/sunoresearch\",\"https:\/\/x.com\/sunoresearch\",\"https:\/\/www.instagram.com\/suno\",\"https:\/\/www.linkedin.com\/company\/suno-research\/\",\"https:\/\/www.youtube.com\/c\/sunoresearch\"]},{\"@type\":\"Person\",\"@id\":\"https:\/\/www.suno.com.br\/noticias\/#\/schema\/person\/6899bc3f19d1a7315f807131c2c013a0\",\"name\":\"Erick Matheus Nery\",\"image\":{\"@type\":\"ImageObject\",\"inLanguage\":\"pt-BR\",\"@id\":\"https:\/\/www.suno.com.br\/noticias\/#\/schema\/person\/image\/\",\"url\":\"https:\/\/secure.gravatar.com\/avatar\/518ddffe438ccb767782d372a66304d2?s=96&r=g\",\"contentUrl\":\"https:\/\/secure.gravatar.com\/avatar\/518ddffe438ccb767782d372a66304d2?s=96&r=g\",\"caption\":\"Erick Matheus Nery\"},\"description\":\"Formado em Jornalismo pela Universidade Federal do Par\u00e1 (UFPA), conta com extens\u00e3o em Jornalismo Econ\u00f4mico pela Funda\u00e7\u00e3o Get\u00falio Vargas (FGV). No Suno Not\u00edcias, atua como rep\u00f3rter de Mercado, com foco nos setores de telecomunica\u00e7\u00f5es, varejo, alimentos e renda fixa. Conta com passagens pelo jornal O Estado de S\u00e3o Paulo, como trainee de Jornalismo Econ\u00f4mico, e pelo site Not\u00edcias da TV.\",\"url\":\"https:\/\/www.suno.com.br\/noticias\/author\/erick-nery\/\"}]}<\/script>\n<!-- \/ Yoast SEO plugin. -->","yoast_head_json":{"title":"Haddad anuncia ajuste fiscal com foco em aumento da arrecada\u00e7\u00e3o","description":"O ministro da Fazenda, Fernando Haddad, anunciou um pacote econ\u00f4mico que prev\u00ea um ajuste fiscal com base no aumento da arrecada\u00e7\u00e3o. Confira!","robots":{"index":"index","follow":"follow","max-snippet":"max-snippet:-1","max-image-preview":"max-image-preview:large","max-video-preview":"max-video-preview:-1"},"canonical":"https:\/\/www.suno.com.br\/noticias\/haddad-ajuste-fiscal-medidas-arrecadacao\/","og_locale":"pt_BR","og_type":"article","og_title":"Haddad anuncia ajuste fiscal com foco em aumento da arrecada\u00e7\u00e3o","og_description":"O ministro da Fazenda, Fernando Haddad, anunciou um pacote econ\u00f4mico que prev\u00ea um ajuste fiscal com base no aumento da arrecada\u00e7\u00e3o. Confira!","og_url":"https:\/\/www.suno.com.br\/noticias\/haddad-ajuste-fiscal-medidas-arrecadacao\/","og_site_name":"Suno Not\u00edcias","article_publisher":"https:\/\/facebook.com\/sunoresearch","og_image":[{"width":1200,"height":675,"url":"https:\/\/files.sunoresearch.com.br\/n\/uploads\/2022\/12\/fernando-haddad-ministro-fazenda-estudio-i-foto-globonews.jpg","type":"image\/jpeg"}],"author":"Erick Matheus Nery","twitter_card":"summary_large_image","twitter_creator":"@sunoresearch","twitter_site":"@sunoresearch","twitter_misc":{"Escrito por":"Erick Matheus Nery","Est. tempo de leitura":"6 minutos"},"schema":{"@context":"https:\/\/schema.org","@graph":[{"@type":"NewsArticle","@id":"https:\/\/www.suno.com.br\/noticias\/haddad-ajuste-fiscal-medidas-arrecadacao\/#article","isPartOf":{"@id":"https:\/\/www.suno.com.br\/noticias\/haddad-ajuste-fiscal-medidas-arrecadacao\/"},"author":{"name":"Erick Matheus Nery","@id":"https:\/\/www.suno.com.br\/noticias\/#\/schema\/person\/6899bc3f19d1a7315f807131c2c013a0"},"headline":"Haddad anuncia ajuste fiscal com foco em aumento de arrecada\u00e7\u00e3o; governo prev\u00ea super\u00e1vit em 2023","datePublished":"2023-01-12T19:43:14+00:00","dateModified":"2023-01-13T00:31:06+00:00","mainEntityOfPage":{"@id":"https:\/\/www.suno.com.br\/noticias\/haddad-ajuste-fiscal-medidas-arrecadacao\/"},"wordCount":1031,"publisher":{"@id":"https:\/\/www.suno.com.br\/noticias\/#organization"},"image":{"@id":"https:\/\/www.suno.com.br\/noticias\/haddad-ajuste-fiscal-medidas-arrecadacao\/#primaryimage"},"thumbnailUrl":"https:\/\/files.sunoresearch.com.br\/n\/uploads\/2022\/12\/fernando-haddad-ministro-fazenda-estudio-i-foto-globonews.jpg","keywords":["Fernando Haddad"],"articleSection":["Pol\u00edtica"],"inLanguage":"pt-BR"},{"@type":"WebPage","@id":"https:\/\/www.suno.com.br\/noticias\/haddad-ajuste-fiscal-medidas-arrecadacao\/","url":"https:\/\/www.suno.com.br\/noticias\/haddad-ajuste-fiscal-medidas-arrecadacao\/","name":"Haddad anuncia ajuste fiscal com foco em aumento da arrecada\u00e7\u00e3o","isPartOf":{"@id":"https:\/\/www.suno.com.br\/noticias\/#website"},"primaryImageOfPage":{"@id":"https:\/\/www.suno.com.br\/noticias\/haddad-ajuste-fiscal-medidas-arrecadacao\/#primaryimage"},"image":{"@id":"https:\/\/www.suno.com.br\/noticias\/haddad-ajuste-fiscal-medidas-arrecadacao\/#primaryimage"},"thumbnailUrl":"https:\/\/files.sunoresearch.com.br\/n\/uploads\/2022\/12\/fernando-haddad-ministro-fazenda-estudio-i-foto-globonews.jpg","datePublished":"2023-01-12T19:43:14+00:00","dateModified":"2023-01-13T00:31:06+00:00","description":"O ministro da Fazenda, Fernando Haddad, anunciou um pacote econ\u00f4mico que prev\u00ea um ajuste fiscal com base no aumento da arrecada\u00e7\u00e3o. Confira!","breadcrumb":{"@id":"https:\/\/www.suno.com.br\/noticias\/haddad-ajuste-fiscal-medidas-arrecadacao\/#breadcrumb"},"inLanguage":"pt-BR","potentialAction":[{"@type":"ReadAction","target":["https:\/\/www.suno.com.br\/noticias\/haddad-ajuste-fiscal-medidas-arrecadacao\/"]}]},{"@type":"ImageObject","inLanguage":"pt-BR","@id":"https:\/\/www.suno.com.br\/noticias\/haddad-ajuste-fiscal-medidas-arrecadacao\/#primaryimage","url":"https:\/\/files.sunoresearch.com.br\/n\/uploads\/2022\/12\/fernando-haddad-ministro-fazenda-estudio-i-foto-globonews.jpg","contentUrl":"https:\/\/files.sunoresearch.com.br\/n\/uploads\/2022\/12\/fernando-haddad-ministro-fazenda-estudio-i-foto-globonews.jpg","width":1200,"height":675,"caption":"Fernando Haddad, ministro da Fazenda do governo Lula. Foto: GloboNews"},{"@type":"BreadcrumbList","@id":"https:\/\/www.suno.com.br\/noticias\/haddad-ajuste-fiscal-medidas-arrecadacao\/#breadcrumb","itemListElement":[{"@type":"ListItem","position":1,"name":"Not\u00edcias","item":"https:\/\/www.suno.com.br\/noticias\/"},{"@type":"ListItem","position":2,"name":"Pol\u00edtica","item":"https:\/\/www.suno.com.br\/noticias\/politica\/"},{"@type":"ListItem","position":3,"name":"Haddad anuncia ajuste fiscal com foco em aumento de arrecada\u00e7\u00e3o; governo prev\u00ea super\u00e1vit em 2023"}]},{"@type":"WebSite","@id":"https:\/\/www.suno.com.br\/noticias\/#website","url":"https:\/\/www.suno.com.br\/noticias\/","name":"Suno Not\u00edcias","description":"Seu portal de informa\u00e7\u00e3o sobre o mundo dos investimentos","publisher":{"@id":"https:\/\/www.suno.com.br\/noticias\/#organization"},"potentialAction":[{"@type":"SearchAction","target":{"@type":"EntryPoint","urlTemplate":"https:\/\/www.suno.com.br\/noticias\/?s={search_term_string}"},"query-input":{"@type":"PropertyValueSpecification","valueRequired":true,"valueName":"search_term_string"}}],"inLanguage":"pt-BR"},{"@type":"Organization","@id":"https:\/\/www.suno.com.br\/noticias\/#organization","name":"Suno Not\u00edcias","url":"https:\/\/www.suno.com.br\/noticias\/","logo":{"@type":"ImageObject","inLanguage":"pt-BR","@id":"https:\/\/www.suno.com.br\/noticias\/#\/schema\/logo\/image\/","url":"https:\/\/files.sunoresearch.com.br\/n\/uploads\/2021\/09\/suno-logo.png","contentUrl":"https:\/\/files.sunoresearch.com.br\/n\/uploads\/2021\/09\/suno-logo.png","width":180,"height":180,"caption":"Suno Not\u00edcias"},"image":{"@id":"https:\/\/www.suno.com.br\/noticias\/#\/schema\/logo\/image\/"},"sameAs":["https:\/\/facebook.com\/sunoresearch","https:\/\/x.com\/sunoresearch","https:\/\/www.instagram.com\/suno","https:\/\/www.linkedin.com\/company\/suno-research\/","https:\/\/www.youtube.com\/c\/sunoresearch"]},{"@type":"Person","@id":"https:\/\/www.suno.com.br\/noticias\/#\/schema\/person\/6899bc3f19d1a7315f807131c2c013a0","name":"Erick Matheus Nery","image":{"@type":"ImageObject","inLanguage":"pt-BR","@id":"https:\/\/www.suno.com.br\/noticias\/#\/schema\/person\/image\/","url":"https:\/\/secure.gravatar.com\/avatar\/518ddffe438ccb767782d372a66304d2?s=96&r=g","contentUrl":"https:\/\/secure.gravatar.com\/avatar\/518ddffe438ccb767782d372a66304d2?s=96&r=g","caption":"Erick Matheus Nery"},"description":"Formado em Jornalismo pela Universidade Federal do Par\u00e1 (UFPA), conta com extens\u00e3o em Jornalismo Econ\u00f4mico pela Funda\u00e7\u00e3o Get\u00falio Vargas (FGV). No Suno Not\u00edcias, atua como rep\u00f3rter de Mercado, com foco nos setores de telecomunica\u00e7\u00f5es, varejo, alimentos e renda fixa. Conta com passagens pelo jornal O Estado de S\u00e3o Paulo, como trainee de Jornalismo Econ\u00f4mico, e pelo site Not\u00edcias da TV.","url":"https:\/\/www.suno.com.br\/noticias\/author\/erick-nery\/"}]}},"default_loop_html":"<div class=\"cardsPage__listCard__boxs\"><div class=\"cardsPage__listCard__boxs__img\"><a href=\"https:\/\/www.suno.com.br\/noticias\/haddad-ajuste-fiscal-medidas-arrecadacao\/\"><img class=\"mask\" src=\"https:\/\/www.suno.com.br\/noticias\/wp-content\/themes\/suno\/resources\/images\/spotlight\/spotlight1img\/bg-mask.png\" alt=\"Image Mask\"\/><img src=\"https:\/\/files.sunoresearch.com.br\/n\/uploads\/2022\/12\/fernando-haddad-ministro-fazenda-estudio-i-foto-globonews-400x200.jpg\" alt=\"Haddad anuncia ajuste fiscal com foco em aumento de arrecada\u00e7\u00e3o; governo prev\u00ea super\u00e1vit em 2023\"\/><\/a><span class=\"spotlightCategory\"><a href=\"https:\/\/www.suno.com.br\/noticias\/politica\/\">Pol\u00edtica<\/a><\/span><\/div><div class=\"cardsPage__listCard__boxs__content\"><a href=\"https:\/\/www.suno.com.br\/noticias\/haddad-ajuste-fiscal-medidas-arrecadacao\/\"><h2 class=\"content__title\">Haddad anuncia ajuste fiscal com foco em aumento de arrecada\u00e7\u00e3o; governo prev\u00ea super\u00e1vit em 2023<\/h2><\/a><div class=\"newsContent__article__meta\"><div class=\"newsContent__article__meta__authorBox\"><a href=\"https:\/\/www.suno.com.br\/noticias\/author\/erick-nery\/\" class=\"authorBox__avatar noMobi\"><img src=\"https:\/\/secure.gravatar.com\/avatar\/518ddffe438ccb767782d372a66304d2?s=96&#038;r=g\" alt=\"Erick Matheus Nery\"><\/a><div class=\"authorBox__name\"><span>por\n\t\t\t<a href=\"https:\/\/www.suno.com.br\/noticias\/author\/erick-nery\/\"><span itemprop=\"author\">Erick Matheus Nery<\/span><\/a><\/span><time datetime=\"2023-01-12T16:43:14-03:00\" itemprop=\"datePublished\">12\/01\/2023 16:43<\/time><\/div><\/div><\/div><\/div><\/div>","single_layout":"posts","amp_enabled":true,"_links":{"self":[{"href":"https:\/\/www.suno.com.br\/noticias\/wp-json\/wp\/v2\/posts\/345895"}],"collection":[{"href":"https:\/\/www.suno.com.br\/noticias\/wp-json\/wp\/v2\/posts"}],"about":[{"href":"https:\/\/www.suno.com.br\/noticias\/wp-json\/wp\/v2\/types\/post"}],"author":[{"embeddable":true,"href":"https:\/\/www.suno.com.br\/noticias\/wp-json\/wp\/v2\/users\/232"}],"replies":[{"embeddable":true,"href":"https:\/\/www.suno.com.br\/noticias\/wp-json\/wp\/v2\/comments?post=345895"}],"version-history":[{"count":2,"href":"https:\/\/www.suno.com.br\/noticias\/wp-json\/wp\/v2\/posts\/345895\/revisions"}],"predecessor-version":[{"id":346295,"href":"https:\/\/www.suno.com.br\/noticias\/wp-json\/wp\/v2\/posts\/345895\/revisions\/346295"}],"wp:featuredmedia":[{"embeddable":true,"href":"https:\/\/www.suno.com.br\/noticias\/wp-json\/wp\/v2\/media\/334260"}],"wp:attachment":[{"href":"https:\/\/www.suno.com.br\/noticias\/wp-json\/wp\/v2\/media?parent=345895"}],"wp:term":[{"taxonomy":"category","embeddable":true,"href":"https:\/\/www.suno.com.br\/noticias\/wp-json\/wp\/v2\/categories?post=345895"},{"taxonomy":"post_tag","embeddable":true,"href":"https:\/\/www.suno.com.br\/noticias\/wp-json\/wp\/v2\/tags?post=345895"},{"taxonomy":"suno_strategy","embeddable":true,"href":"https:\/\/www.suno.com.br\/noticias\/wp-json\/wp\/v2\/suno_strategy?post=345895"}],"curies":[{"name":"wp","href":"https:\/\/api.w.org\/{rel}","templated":true}]}}