{"id":34581,"date":"2019-08-19T16:47:12","date_gmt":"2019-08-19T19:47:12","guid":{"rendered":"https:\/\/www.suno.com.br\/noticias\/?p=34581"},"modified":"2021-02-17T22:55:00","modified_gmt":"2021-02-18T01:55:00","slug":"trump-fed-corte-taxa-juros","status":"publish","type":"post","link":"https:\/\/www.suno.com.br\/noticias\/trump-fed-corte-taxa-juros\/","title":{"rendered":"Trump pede que Fed corte novamente a taxa de juros"},"content":{"rendered":"<p>Nesta segunda-feira (19), o presidente dos <strong>Estados<\/strong> <strong>Unidos<\/strong>, Donald Trump, pediu ao banco central norte-americano, <a href=\"https:\/\/www.suno.com.br\/artigos\/fed\/\">Fed<\/a>, que corte <strong>a<\/strong> <strong>taxa<\/strong> <strong>de<\/strong> <strong>juros<\/strong> em ao menos 1 ponto percentual.<\/p>\t<div class=\"wrapper-featured-image\">\n\t\t<figure class=\"spotlightImg\">\n\n\t\t\t<picture>\n\t\t\t\t<source media=\"(max-width: 768px)\" srcset=\"https:\/\/files.sunoresearch.com.br\/n\/uploads\/2019\/08\/56e7ce6a-trump-400x200.webp\">\n\t\t\t\t<img loading=\"lazy\" decoding=\"async\" class=\"newsContent__article__imgCapa lazyloadDisabled newsContent__article__imgCapa--noCaption\" src=\"https:\/\/files.sunoresearch.com.br\/n\/uploads\/2019\/08\/56e7ce6a-trump-800x450.webp\" width=\"800\" height=\"450\" alt=\"Trump pede que Fed corte novamente a taxa de juros\" fetchpriority=high \/>\n\t\t\t<\/picture>\n\n\t\t\t<figcaption class=\"wp-caption-text wp-caption-text--hide\">Trump reduzir\u00e1 conta nas importa\u00e7\u00f5es de a\u00e7o do Brasil<\/figcaption>\n\t\t<\/figure>\n\t<\/div>\n\n\n<p>As reuni\u00f5es do <strong>Fed<\/strong> sobre a taxa de juros ser\u00e3o, provavelmente, nos dias 17 e 18 de setembro.<\/p>\n\n<p>\u201cA taxa do Fed, durante um curto per\u00edodo de tempo, deve ser reduzida em<br \/>\npelo menos 100 pontos-base, talvez com algum al\u00edvio quantitativo tamb\u00e9m.<br \/>\nSe isso acontecesse, nossa economia seria ainda melhor, e a economia mundial expandiria rapidamente &#8211; bom para todos&#8221;, afirmou o <strong>presidente<\/strong> no Twitter.<\/p>\n<p>Na sua conta no Twitter, <strong>Trump<\/strong> tamb\u00e9m salientou que a economia do pa\u00eds est\u00e1 &#8220;muito forte&#8221; e culpou a oposi\u00e7\u00e3o democrata e <strong>Jerome<\/strong> <strong>Powell<\/strong> (presidente do Fed) pela tentativa de fazer parecer o oposto, como estrat\u00e9gia para as elei\u00e7\u00f5es de 2020.<\/p>\n<p>Uma pesquisa divulgada nesta segunda-feira pela National Association for Business Economics (Nabe), revela que cresceu o n\u00famero de economistas de empresas privadas que creem na possibilidade de recess\u00e3o econ\u00f4mica at\u00e9 2021.<\/p>\n<h2>Problema dos EUA \u00e9 o FED e a taxa de juros, diz Trump<\/h2>\n<p>O presidente dos Estados Unidos, Donald Trump, voltou a criticar o Federal Reserve (FED) na quarta-feira (7). Atrav\u00e9s do Twitter, ele criticou a pol\u00edtica monet\u00e1ria do <strong>Banco<\/strong> <strong>Central<\/strong> <strong>norte-americano<\/strong> e a falta de um grande corte na taxa de juros do pa\u00eds.<\/p>\n<p><a href=\"https:\/\/www.suno.com.br\/noticias\/trump-fed-corte-juros-banco-central\/\">Saiba mais: Trump: problema dos EUA \u00e9 o FED e a taxa de juros<\/a><\/p>\n<p>Depois dos recentes cortes nas taxas de juros na Tail\u00e2ndia, \u00cdndia e Nova Zel\u00e2ndia, Trump escreveu: \u201cMais tr\u00eas bancos centrais cortaram juros. Nosso problema n\u00e3o \u00e9 a China \u2013 n\u00f3s estamos mais fortes do que nunca [&#8230;] Nosso problema \u00e9 um Federal Reserve que \u00e9 muito orgulhoso para admitir seu erro de ter atuado muito r\u00e1pido e ter apertado demais [a pol\u00edtica monet\u00e1ria]\u201d.<\/p>\n\t<p>\n\t\t<a href=\"https:\/\/lp.suno.com.br\/plataforma-de-controle-de-investimentos\/\" target=\"_blank\" data-element=\"shortcode-suno-banner\" title=\"Banner SUNO, clique e saiba mais\">\n\t\t\t<picture>\n\t\t\t\t<source media=\"(max-width: 500px)\" srcset=\"https:\/\/files.sunoresearch.com.br\/n\/uploads\/2023\/03\/400x300-Controle-de-Investimentos.png\">\n\t\t\t\t<img class=\"newsContent__article__imgCapa newsContent__article__imgCapa--banner\"\n\t\t\t\t\tsrc=\"https:\/\/files.sunoresearch.com.br\/n\/uploads\/2023\/03\/1420x240-Controle-de-Investimentos.png\"\n\t\t\t\t\tdata-promo-id=\"383162\"\t\t\t\t\t\t\t\t\t\twidth='1420' height='240'\t\t\t\t\talt=\"https:\/\/files.sunoresearch.com.br\/n\/uploads\/2023\/03\/1420x240-Controle-de-Investimentos.png\"\n\t\t\t\t>\n\t\t\t<\/picture>\n\t\t<\/a>\n\t<\/p>\n\n\n<p>Ainda sobre a omiss\u00e3o na pol\u00edtica monet\u00e1ria levada adiante pelo <strong>FED<\/strong>, Trump diz que a \u201cincompet\u00eancia \u00e9 uma coisa terr\u00edvel de se ver, especialmente quando as coisas podem ser cuidadas de maneira t\u00e3o f\u00e1cil\u201d.<\/p>\n","protected":false},"excerpt":{"rendered":"<p>Nesta segunda-feira (19), o presidente dos Estados Unidos, Donald Trump, pediu ao banco central norte-americano, Fed, que corte a taxa de juros em ao menos 1 ponto percentual. Trump reduzir\u00e1 conta nas importa\u00e7\u00f5es de a\u00e7o do Brasil As reuni\u00f5es do Fed sobre a taxa de juros ser\u00e3o, provavelmente, nos dias 17 e 18 de setembro. [&hellip;]<\/p>\n","protected":false},"author":23,"featured_media":34582,"comment_status":"closed","ping_status":"closed","sticky":false,"template":"","format":"standard","meta":[],"categories":[63],"tags":[724,776,1752],"suno_strategy":[],"class_list":["post-34581","post","type-post","status-publish","format-standard","has-post-thumbnail","hentry","category-internacional","tag-donald-trump","tag-federal-reseve-fed","tag-taxa-de-juros"],"yoast_head":"<!-- This site is optimized with the Yoast SEO plugin v24.4 - https:\/\/yoast.com\/wordpress\/plugins\/seo\/ -->\n<title>Trump pede que Fed corte novamente a taxa de juros<\/title>\n<meta name=\"description\" content=\"O presidente dos Estados Unidos pediu ao Fed, que corte a taxa de juros em ao menos 1 ponto percentual. Clique aqui e saiba mais.\" \/>\n<meta name=\"robots\" content=\"index, follow, max-snippet:-1, max-image-preview:large, max-video-preview:-1\" \/>\n<link rel=\"canonical\" href=\"https:\/\/www.suno.com.br\/noticias\/trump-fed-corte-taxa-juros\/\" \/>\n<meta property=\"og:locale\" content=\"pt_BR\" \/>\n<meta property=\"og:type\" content=\"article\" \/>\n<meta property=\"og:title\" content=\"Trump pede que Fed corte novamente a taxa de juros\" \/>\n<meta property=\"og:description\" content=\"O presidente dos Estados Unidos pediu ao Fed, que corte a taxa de juros em ao menos 1 ponto percentual. Clique aqui e saiba mais.\" \/>\n<meta property=\"og:url\" content=\"https:\/\/www.suno.com.br\/noticias\/trump-fed-corte-taxa-juros\/\" \/>\n<meta property=\"og:site_name\" content=\"Suno Not\u00edcias\" \/>\n<meta property=\"article:publisher\" content=\"https:\/\/facebook.com\/sunoresearch\" \/>\n<meta property=\"og:image\" content=\"https:\/\/files.sunoresearch.com.br\/n\/uploads\/2019\/08\/56e7ce6a-trump.jpg\" \/>\n\t<meta property=\"og:image:width\" content=\"1000\" \/>\n\t<meta property=\"og:image:height\" content=\"562\" \/>\n\t<meta property=\"og:image:type\" content=\"image\/jpeg\" \/>\n<meta name=\"author\" content=\"Rafael Lara\" \/>\n<meta name=\"twitter:card\" content=\"summary_large_image\" \/>\n<meta name=\"twitter:creator\" content=\"@sunoresearch\" \/>\n<meta name=\"twitter:site\" content=\"@sunoresearch\" \/>\n<meta name=\"twitter:label1\" content=\"Escrito por\" \/>\n\t<meta name=\"twitter:data1\" content=\"Rafael Lara\" \/>\n\t<meta name=\"twitter:label2\" content=\"Est. tempo de leitura\" \/>\n\t<meta name=\"twitter:data2\" content=\"2 minutos\" \/>\n<script type=\"application\/ld+json\" class=\"yoast-schema-graph\">{\"@context\":\"https:\/\/schema.org\",\"@graph\":[{\"@type\":\"NewsArticle\",\"@id\":\"https:\/\/www.suno.com.br\/noticias\/trump-fed-corte-taxa-juros\/#article\",\"isPartOf\":{\"@id\":\"https:\/\/www.suno.com.br\/noticias\/trump-fed-corte-taxa-juros\/\"},\"author\":{\"name\":\"Rafael Lara\",\"@id\":\"https:\/\/www.suno.com.br\/noticias\/#\/schema\/person\/098743caeed97b37f51315c9576c4078\"},\"headline\":\"Trump pede que Fed corte novamente a taxa de juros\",\"datePublished\":\"2019-08-19T19:47:12+00:00\",\"dateModified\":\"2021-02-18T01:55:00+00:00\",\"mainEntityOfPage\":{\"@id\":\"https:\/\/www.suno.com.br\/noticias\/trump-fed-corte-taxa-juros\/\"},\"wordCount\":362,\"publisher\":{\"@id\":\"https:\/\/www.suno.com.br\/noticias\/#organization\"},\"image\":{\"@id\":\"https:\/\/www.suno.com.br\/noticias\/trump-fed-corte-taxa-juros\/#primaryimage\"},\"thumbnailUrl\":\"https:\/\/files.sunoresearch.com.br\/n\/uploads\/2019\/08\/56e7ce6a-trump-jpg.webp\",\"keywords\":[\"Donald Trump\",\"Federal Reserve (FED)\",\"taxa de juros\"],\"articleSection\":[\"Internacional\"],\"inLanguage\":\"pt-BR\"},{\"@type\":\"WebPage\",\"@id\":\"https:\/\/www.suno.com.br\/noticias\/trump-fed-corte-taxa-juros\/\",\"url\":\"https:\/\/www.suno.com.br\/noticias\/trump-fed-corte-taxa-juros\/\",\"name\":\"Trump pede que Fed corte novamente a taxa de juros\",\"isPartOf\":{\"@id\":\"https:\/\/www.suno.com.br\/noticias\/#website\"},\"primaryImageOfPage\":{\"@id\":\"https:\/\/www.suno.com.br\/noticias\/trump-fed-corte-taxa-juros\/#primaryimage\"},\"image\":{\"@id\":\"https:\/\/www.suno.com.br\/noticias\/trump-fed-corte-taxa-juros\/#primaryimage\"},\"thumbnailUrl\":\"https:\/\/files.sunoresearch.com.br\/n\/uploads\/2019\/08\/56e7ce6a-trump-jpg.webp\",\"datePublished\":\"2019-08-19T19:47:12+00:00\",\"dateModified\":\"2021-02-18T01:55:00+00:00\",\"description\":\"O presidente dos Estados Unidos pediu ao Fed, que corte a taxa de juros em ao menos 1 ponto percentual. Clique aqui e saiba mais.\",\"breadcrumb\":{\"@id\":\"https:\/\/www.suno.com.br\/noticias\/trump-fed-corte-taxa-juros\/#breadcrumb\"},\"inLanguage\":\"pt-BR\",\"potentialAction\":[{\"@type\":\"ReadAction\",\"target\":[\"https:\/\/www.suno.com.br\/noticias\/trump-fed-corte-taxa-juros\/\"]}]},{\"@type\":\"ImageObject\",\"inLanguage\":\"pt-BR\",\"@id\":\"https:\/\/www.suno.com.br\/noticias\/trump-fed-corte-taxa-juros\/#primaryimage\",\"url\":\"https:\/\/files.sunoresearch.com.br\/n\/uploads\/2019\/08\/56e7ce6a-trump-jpg.webp\",\"contentUrl\":\"https:\/\/files.sunoresearch.com.br\/n\/uploads\/2019\/08\/56e7ce6a-trump-jpg.webp\",\"width\":1000,\"height\":562,\"caption\":\"Trump reduzir\u00e1 conta nas importa\u00e7\u00f5es de a\u00e7o do Brasil\"},{\"@type\":\"BreadcrumbList\",\"@id\":\"https:\/\/www.suno.com.br\/noticias\/trump-fed-corte-taxa-juros\/#breadcrumb\",\"itemListElement\":[{\"@type\":\"ListItem\",\"position\":1,\"name\":\"Not\u00edcias\",\"item\":\"https:\/\/www.suno.com.br\/noticias\/\"},{\"@type\":\"ListItem\",\"position\":2,\"name\":\"Internacional\",\"item\":\"https:\/\/www.suno.com.br\/noticias\/internacional\/\"},{\"@type\":\"ListItem\",\"position\":3,\"name\":\"Trump pede que Fed corte novamente a taxa de juros\"}]},{\"@type\":\"WebSite\",\"@id\":\"https:\/\/www.suno.com.br\/noticias\/#website\",\"url\":\"https:\/\/www.suno.com.br\/noticias\/\",\"name\":\"Suno Not\u00edcias\",\"description\":\"Seu portal de informa\u00e7\u00e3o sobre o mundo dos investimentos\",\"publisher\":{\"@id\":\"https:\/\/www.suno.com.br\/noticias\/#organization\"},\"potentialAction\":[{\"@type\":\"SearchAction\",\"target\":{\"@type\":\"EntryPoint\",\"urlTemplate\":\"https:\/\/www.suno.com.br\/noticias\/?s={search_term_string}\"},\"query-input\":{\"@type\":\"PropertyValueSpecification\",\"valueRequired\":true,\"valueName\":\"search_term_string\"}}],\"inLanguage\":\"pt-BR\"},{\"@type\":\"Organization\",\"@id\":\"https:\/\/www.suno.com.br\/noticias\/#organization\",\"name\":\"Suno Not\u00edcias\",\"url\":\"https:\/\/www.suno.com.br\/noticias\/\",\"logo\":{\"@type\":\"ImageObject\",\"inLanguage\":\"pt-BR\",\"@id\":\"https:\/\/www.suno.com.br\/noticias\/#\/schema\/logo\/image\/\",\"url\":\"https:\/\/files.sunoresearch.com.br\/n\/uploads\/2021\/09\/suno-logo.png\",\"contentUrl\":\"https:\/\/files.sunoresearch.com.br\/n\/uploads\/2021\/09\/suno-logo.png\",\"width\":180,\"height\":180,\"caption\":\"Suno Not\u00edcias\"},\"image\":{\"@id\":\"https:\/\/www.suno.com.br\/noticias\/#\/schema\/logo\/image\/\"},\"sameAs\":[\"https:\/\/facebook.com\/sunoresearch\",\"https:\/\/x.com\/sunoresearch\",\"https:\/\/www.instagram.com\/suno\",\"https:\/\/www.linkedin.com\/company\/suno-research\/\",\"https:\/\/www.youtube.com\/c\/sunoresearch\"]},{\"@type\":\"Person\",\"@id\":\"https:\/\/www.suno.com.br\/noticias\/#\/schema\/person\/098743caeed97b37f51315c9576c4078\",\"name\":\"Rafael Lara\",\"image\":{\"@type\":\"ImageObject\",\"inLanguage\":\"pt-BR\",\"@id\":\"https:\/\/www.suno.com.br\/noticias\/#\/schema\/person\/image\/\",\"url\":\"https:\/\/secure.gravatar.com\/avatar\/dfc254ab9bb2ea1895d98b9e9dae4bdd?s=96&r=g\",\"contentUrl\":\"https:\/\/secure.gravatar.com\/avatar\/dfc254ab9bb2ea1895d98b9e9dae4bdd?s=96&r=g\",\"caption\":\"Rafael Lara\"},\"description\":\"Rafael Lara cursa jornalismo na Faculdade C\u00e1sper L\u00edbero. Escreve sobre pol\u00edtica, economia e neg\u00f3cios para o portal Suno Not\u00edcias. Antes, colaborou na TV Gazeta na produ\u00e7\u00e3o do programa Edi\u00e7\u00e3o Extra.\",\"url\":\"https:\/\/www.suno.com.br\/noticias\/author\/rafael\/\"}]}<\/script>\n<!-- \/ Yoast SEO plugin. -->","yoast_head_json":{"title":"Trump pede que Fed corte novamente a taxa de juros","description":"O presidente dos Estados Unidos pediu ao Fed, que corte a taxa de juros em ao menos 1 ponto percentual. Clique aqui e saiba mais.","robots":{"index":"index","follow":"follow","max-snippet":"max-snippet:-1","max-image-preview":"max-image-preview:large","max-video-preview":"max-video-preview:-1"},"canonical":"https:\/\/www.suno.com.br\/noticias\/trump-fed-corte-taxa-juros\/","og_locale":"pt_BR","og_type":"article","og_title":"Trump pede que Fed corte novamente a taxa de juros","og_description":"O presidente dos Estados Unidos pediu ao Fed, que corte a taxa de juros em ao menos 1 ponto percentual. Clique aqui e saiba mais.","og_url":"https:\/\/www.suno.com.br\/noticias\/trump-fed-corte-taxa-juros\/","og_site_name":"Suno Not\u00edcias","article_publisher":"https:\/\/facebook.com\/sunoresearch","og_image":[{"width":1000,"height":562,"url":"https:\/\/files.sunoresearch.com.br\/n\/uploads\/2019\/08\/56e7ce6a-trump.jpg","type":"image\/jpeg"}],"author":"Rafael Lara","twitter_card":"summary_large_image","twitter_creator":"@sunoresearch","twitter_site":"@sunoresearch","twitter_misc":{"Escrito por":"Rafael Lara","Est. tempo de leitura":"2 minutos"},"schema":{"@context":"https:\/\/schema.org","@graph":[{"@type":"NewsArticle","@id":"https:\/\/www.suno.com.br\/noticias\/trump-fed-corte-taxa-juros\/#article","isPartOf":{"@id":"https:\/\/www.suno.com.br\/noticias\/trump-fed-corte-taxa-juros\/"},"author":{"name":"Rafael Lara","@id":"https:\/\/www.suno.com.br\/noticias\/#\/schema\/person\/098743caeed97b37f51315c9576c4078"},"headline":"Trump pede que Fed corte novamente a taxa de juros","datePublished":"2019-08-19T19:47:12+00:00","dateModified":"2021-02-18T01:55:00+00:00","mainEntityOfPage":{"@id":"https:\/\/www.suno.com.br\/noticias\/trump-fed-corte-taxa-juros\/"},"wordCount":362,"publisher":{"@id":"https:\/\/www.suno.com.br\/noticias\/#organization"},"image":{"@id":"https:\/\/www.suno.com.br\/noticias\/trump-fed-corte-taxa-juros\/#primaryimage"},"thumbnailUrl":"https:\/\/files.sunoresearch.com.br\/n\/uploads\/2019\/08\/56e7ce6a-trump-jpg.webp","keywords":["Donald Trump","Federal Reserve (FED)","taxa de juros"],"articleSection":["Internacional"],"inLanguage":"pt-BR"},{"@type":"WebPage","@id":"https:\/\/www.suno.com.br\/noticias\/trump-fed-corte-taxa-juros\/","url":"https:\/\/www.suno.com.br\/noticias\/trump-fed-corte-taxa-juros\/","name":"Trump pede que Fed corte novamente a taxa de juros","isPartOf":{"@id":"https:\/\/www.suno.com.br\/noticias\/#website"},"primaryImageOfPage":{"@id":"https:\/\/www.suno.com.br\/noticias\/trump-fed-corte-taxa-juros\/#primaryimage"},"image":{"@id":"https:\/\/www.suno.com.br\/noticias\/trump-fed-corte-taxa-juros\/#primaryimage"},"thumbnailUrl":"https:\/\/files.sunoresearch.com.br\/n\/uploads\/2019\/08\/56e7ce6a-trump-jpg.webp","datePublished":"2019-08-19T19:47:12+00:00","dateModified":"2021-02-18T01:55:00+00:00","description":"O presidente dos Estados Unidos pediu ao Fed, que corte a taxa de juros em ao menos 1 ponto percentual. Clique aqui e saiba mais.","breadcrumb":{"@id":"https:\/\/www.suno.com.br\/noticias\/trump-fed-corte-taxa-juros\/#breadcrumb"},"inLanguage":"pt-BR","potentialAction":[{"@type":"ReadAction","target":["https:\/\/www.suno.com.br\/noticias\/trump-fed-corte-taxa-juros\/"]}]},{"@type":"ImageObject","inLanguage":"pt-BR","@id":"https:\/\/www.suno.com.br\/noticias\/trump-fed-corte-taxa-juros\/#primaryimage","url":"https:\/\/files.sunoresearch.com.br\/n\/uploads\/2019\/08\/56e7ce6a-trump-jpg.webp","contentUrl":"https:\/\/files.sunoresearch.com.br\/n\/uploads\/2019\/08\/56e7ce6a-trump-jpg.webp","width":1000,"height":562,"caption":"Trump reduzir\u00e1 conta nas importa\u00e7\u00f5es de a\u00e7o do Brasil"},{"@type":"BreadcrumbList","@id":"https:\/\/www.suno.com.br\/noticias\/trump-fed-corte-taxa-juros\/#breadcrumb","itemListElement":[{"@type":"ListItem","position":1,"name":"Not\u00edcias","item":"https:\/\/www.suno.com.br\/noticias\/"},{"@type":"ListItem","position":2,"name":"Internacional","item":"https:\/\/www.suno.com.br\/noticias\/internacional\/"},{"@type":"ListItem","position":3,"name":"Trump pede que Fed corte novamente a taxa de juros"}]},{"@type":"WebSite","@id":"https:\/\/www.suno.com.br\/noticias\/#website","url":"https:\/\/www.suno.com.br\/noticias\/","name":"Suno Not\u00edcias","description":"Seu portal de informa\u00e7\u00e3o sobre o mundo dos investimentos","publisher":{"@id":"https:\/\/www.suno.com.br\/noticias\/#organization"},"potentialAction":[{"@type":"SearchAction","target":{"@type":"EntryPoint","urlTemplate":"https:\/\/www.suno.com.br\/noticias\/?s={search_term_string}"},"query-input":{"@type":"PropertyValueSpecification","valueRequired":true,"valueName":"search_term_string"}}],"inLanguage":"pt-BR"},{"@type":"Organization","@id":"https:\/\/www.suno.com.br\/noticias\/#organization","name":"Suno Not\u00edcias","url":"https:\/\/www.suno.com.br\/noticias\/","logo":{"@type":"ImageObject","inLanguage":"pt-BR","@id":"https:\/\/www.suno.com.br\/noticias\/#\/schema\/logo\/image\/","url":"https:\/\/files.sunoresearch.com.br\/n\/uploads\/2021\/09\/suno-logo.png","contentUrl":"https:\/\/files.sunoresearch.com.br\/n\/uploads\/2021\/09\/suno-logo.png","width":180,"height":180,"caption":"Suno Not\u00edcias"},"image":{"@id":"https:\/\/www.suno.com.br\/noticias\/#\/schema\/logo\/image\/"},"sameAs":["https:\/\/facebook.com\/sunoresearch","https:\/\/x.com\/sunoresearch","https:\/\/www.instagram.com\/suno","https:\/\/www.linkedin.com\/company\/suno-research\/","https:\/\/www.youtube.com\/c\/sunoresearch"]},{"@type":"Person","@id":"https:\/\/www.suno.com.br\/noticias\/#\/schema\/person\/098743caeed97b37f51315c9576c4078","name":"Rafael Lara","image":{"@type":"ImageObject","inLanguage":"pt-BR","@id":"https:\/\/www.suno.com.br\/noticias\/#\/schema\/person\/image\/","url":"https:\/\/secure.gravatar.com\/avatar\/dfc254ab9bb2ea1895d98b9e9dae4bdd?s=96&r=g","contentUrl":"https:\/\/secure.gravatar.com\/avatar\/dfc254ab9bb2ea1895d98b9e9dae4bdd?s=96&r=g","caption":"Rafael Lara"},"description":"Rafael Lara cursa jornalismo na Faculdade C\u00e1sper L\u00edbero. Escreve sobre pol\u00edtica, economia e neg\u00f3cios para o portal Suno Not\u00edcias. Antes, colaborou na TV Gazeta na produ\u00e7\u00e3o do programa Edi\u00e7\u00e3o Extra.","url":"https:\/\/www.suno.com.br\/noticias\/author\/rafael\/"}]}},"default_loop_html":"<div class=\"cardsPage__listCard__boxs\"><div class=\"cardsPage__listCard__boxs__img\"><a href=\"https:\/\/www.suno.com.br\/noticias\/trump-fed-corte-taxa-juros\/\"><img class=\"mask\" src=\"https:\/\/www.suno.com.br\/noticias\/wp-content\/themes\/suno\/resources\/images\/spotlight\/spotlight1img\/bg-mask.png\" alt=\"Image Mask\"\/><img src=\"https:\/\/files.sunoresearch.com.br\/n\/uploads\/2019\/08\/56e7ce6a-trump-400x200.webp\" alt=\"Trump pede que Fed corte novamente a taxa de juros\"\/><\/a><span class=\"spotlightCategory\"><a href=\"https:\/\/www.suno.com.br\/noticias\/internacional\/\">Internacional<\/a><\/span><\/div><div class=\"cardsPage__listCard__boxs__content\"><a href=\"https:\/\/www.suno.com.br\/noticias\/trump-fed-corte-taxa-juros\/\"><h2 class=\"content__title\">Trump pede que Fed corte novamente a taxa de juros<\/h2><\/a><div class=\"newsContent__article__meta\"><div class=\"newsContent__article__meta__authorBox\"><a href=\"https:\/\/www.suno.com.br\/noticias\/author\/rafael\/\" class=\"authorBox__avatar noMobi\"><img src=\"https:\/\/secure.gravatar.com\/avatar\/dfc254ab9bb2ea1895d98b9e9dae4bdd?s=96&#038;r=g\" alt=\"Rafael Lara\"><\/a><div class=\"authorBox__name\"><span>por\n\t\t\t<a href=\"https:\/\/www.suno.com.br\/noticias\/author\/rafael\/\"><span itemprop=\"author\">Rafael Lara<\/span><\/a><\/span><time datetime=\"2019-08-19T16:47:12-03:00\" itemprop=\"datePublished\">19\/08\/2019 16:47<\/time><\/div><\/div><\/div><\/div><\/div>","single_layout":"posts","amp_enabled":true,"_links":{"self":[{"href":"https:\/\/www.suno.com.br\/noticias\/wp-json\/wp\/v2\/posts\/34581"}],"collection":[{"href":"https:\/\/www.suno.com.br\/noticias\/wp-json\/wp\/v2\/posts"}],"about":[{"href":"https:\/\/www.suno.com.br\/noticias\/wp-json\/wp\/v2\/types\/post"}],"author":[{"embeddable":true,"href":"https:\/\/www.suno.com.br\/noticias\/wp-json\/wp\/v2\/users\/23"}],"replies":[{"embeddable":true,"href":"https:\/\/www.suno.com.br\/noticias\/wp-json\/wp\/v2\/comments?post=34581"}],"version-history":[{"count":0,"href":"https:\/\/www.suno.com.br\/noticias\/wp-json\/wp\/v2\/posts\/34581\/revisions"}],"wp:featuredmedia":[{"embeddable":true,"href":"https:\/\/www.suno.com.br\/noticias\/wp-json\/wp\/v2\/media\/34582"}],"wp:attachment":[{"href":"https:\/\/www.suno.com.br\/noticias\/wp-json\/wp\/v2\/media?parent=34581"}],"wp:term":[{"taxonomy":"category","embeddable":true,"href":"https:\/\/www.suno.com.br\/noticias\/wp-json\/wp\/v2\/categories?post=34581"},{"taxonomy":"post_tag","embeddable":true,"href":"https:\/\/www.suno.com.br\/noticias\/wp-json\/wp\/v2\/tags?post=34581"},{"taxonomy":"suno_strategy","embeddable":true,"href":"https:\/\/www.suno.com.br\/noticias\/wp-json\/wp\/v2\/suno_strategy?post=34581"}],"curies":[{"name":"wp","href":"https:\/\/api.w.org\/{rel}","templated":true}]}}