{"id":34580,"date":"2019-08-19T17:15:43","date_gmt":"2019-08-19T20:15:43","guid":{"rendered":"https:\/\/www.suno.com.br\/noticias\/?p=34580"},"modified":"2019-08-19T17:16:29","modified_gmt":"2019-08-19T20:16:29","slug":"embraer-investira-30-milhoes-unidade-sao-paulo","status":"publish","type":"post","link":"https:\/\/www.suno.com.br\/noticias\/embraer-investira-30-milhoes-unidade-sao-paulo\/","title":{"rendered":"Embraer investir\u00e1 US$ 30 milh\u00f5es em unidade no interior de S\u00e3o Paulo"},"content":{"rendered":"<p>A Embraer anunciou que investir\u00e1 US$ 30 milh\u00f5es (cerca de R$ 121 milh\u00f5es) para expandir uma unidade em S\u00e3o Jos\u00e9 dos Campos, em <strong>S\u00e3o Paulo<\/strong>. A informa\u00e7\u00e3o foi divulgada nesta segunda-feira (19) durante a comemora\u00e7\u00e3o de 50 anos da companhia.<\/p>\t<div class=\"wrapper-featured-image\">\n\t\t<figure class=\"spotlightImg\">\n\n\t\t\t<picture>\n\t\t\t\t<source media=\"(max-width: 768px)\" srcset=\"https:\/\/files.sunoresearch.com.br\/n\/uploads\/2019\/02\/eedb0d13-embraer-e175-400x200.webp\">\n\t\t\t\t<img loading=\"lazy\" decoding=\"async\" class=\"newsContent__article__imgCapa lazyloadDisabled newsContent__article__imgCapa--noCaption\" src=\"https:\/\/files.sunoresearch.com.br\/n\/uploads\/2019\/02\/eedb0d13-embraer-e175-800x450.webp\" width=\"800\" height=\"450\" alt=\"Embraer investir\u00e1 US$ 30 milh\u00f5es em unidade no interior de S\u00e3o Paulo\" fetchpriority=high \/>\n\t\t\t<\/picture>\n\n\t\t\t<figcaption class=\"wp-caption-text wp-caption-text--hide\">Embraer investir\u00e1 US$ 30 milh\u00f5es em unidade no interior de S\u00e3o Paulo<\/figcaption>\n\t\t<\/figure>\n\t<\/div>\n\n\n<p>A unidade de Eug\u00eanio de Melo, onde ser\u00e3o investidos os recursos, deve se tornar o novo centro de <strong>tecnologia<\/strong> e engenharia da <strong>Embraer<\/strong>. A expectativa \u00e9 que as obras terminem no quarto trimestre deste ano.<\/p>\n\n<p>O valor ser\u00e1 utilizado para a constru\u00e7\u00e3o de quatro novos pr\u00e9dios. Assim, o n\u00famero de funcion\u00e1rios da companhia deve aumentar em mais de 2,5 mil profissionais.<\/p>\n<p>As \u00e1reas de investimento incluem manufatura, engenharia, testes estruturais, centro de forma\u00e7\u00e3o de pessoas e \u00e1reas de administra\u00e7\u00e3o e pesquisa.<\/p>\n<p>Segundo o presidente da Embraer, Francisco Gomes Neto, o investimento na regi\u00e3o refor\u00e7a o compromisso com a comunidade local. Al\u00e9m disso, faz parte do plano de crescimento da empresa.<\/p>\n<h2>Estrutura dos novos pr\u00e9dios<\/h2>\n<p>O centro global de engenharia e tecnologia da companhia ficar\u00e1 em um dos novos pr\u00e9dios.<\/p>\n<p>Uma outra unidade ser\u00e1 respons\u00e1vel pelo atendimento e treinamento dos clientes. As instala\u00e7\u00f5es contar\u00e3o com simuladores de voo e tecnologias para instruir procedimentos t\u00e9cnicos aos operadores de avi\u00f5es.<\/p>\n\t<p>\n\t\t<a href=\"https:\/\/lps.suno.com.br\/asset\/newsletter\/\" target=\"_blank\" data-element=\"shortcode-suno-banner\" title=\"Banner SUNO, clique e saiba mais\">\n\t\t\t<picture>\n\t\t\t\t<source media=\"(max-width: 500px)\" srcset=\"https:\/\/files.sunoresearch.com.br\/n\/uploads\/2023\/04\/400x300-Mobile-Artigos-4.jpg\">\n\t\t\t\t<img class=\"newsContent__article__imgCapa newsContent__article__imgCapa--banner\"\n\t\t\t\t\tsrc=\"https:\/\/files.sunoresearch.com.br\/n\/uploads\/2023\/04\/1420x240-Banner-Artigos-1-_-Banner-Materias-1.jpg\"\n\t\t\t\t\tdata-promo-id=\"386700\"\t\t\t\t\t\t\t\t\t\twidth='1420' height='240'\t\t\t\t\talt=\"https:\/\/files.sunoresearch.com.br\/n\/uploads\/2023\/04\/1420x240-Banner-Artigos-1-_-Banner-Materias-1.jpg\"\n\t\t\t\t>\n\t\t\t<\/picture>\n\t\t<\/a>\n\t<\/p>\n\n\n<p>Um dos pr\u00e9dios ser\u00e1 direcionado para as \u00e1reas administrativas. Al\u00e9m disso, a Embraer tamb\u00e9m construir\u00e1 um centro hist\u00f3rico com informa\u00e7\u00f5es sobre os 50 anos da empresa e o desenvolvimento do setor a\u00e9reo no Pa\u00eds nesse per\u00edodo.<\/p>\n<h2>Boeing e Embraer<\/h2>\n<p>Ap\u00f3s a fus\u00e3o entre a <strong>Boeing<\/strong> e a Embraer, o polo de S\u00e3o Jos\u00e9, onde s\u00e3o desenvolvidos os jatos comerciais da Embraer, ser\u00e1 transferido para Boeing Brasil-Commercial.<\/p>\n<p>A Embraer continuar\u00e1 com a f\u00e1brica de Gavi\u00e3o Peixoto, em S\u00e3o Paulo, respons\u00e1vel pela divis\u00e3o militar. A empresa tamb\u00e9m cuidar\u00e1 da unidade de jatos executivos.<\/p>\n<p><a href=\"https:\/\/www.suno.com.br\/noticias\/embraer-lanca-primeiro-jato-militar\/\">Saiba mais: Embraer lan\u00e7a primeiro jato militar ap\u00f3s fus\u00e3o com a Boeing<\/a><\/p>\n<p>Em janeiro deste ano, as duas empresas assinaram os termos do acordo do controle dos neg\u00f3cios da avia\u00e7\u00e3o comercial. O acordo \u00e9 avaliado em aproximadamente US$ 4,2 bilh\u00f5es.<\/p>\n<p>A partir do final de maio as opera\u00e7\u00f5es de avia\u00e7\u00e3o civil da <strong>Embraer<\/strong> passaram a se chamar Boeing Brasil &#8211; Commercial. Foi esse o nome escolhido para a nova empresa resultante da compra da divis\u00e3o de avia\u00e7\u00e3o civil pela Boeing.<\/p>\n","protected":false},"excerpt":{"rendered":"<p>A Embraer anunciou que investir\u00e1 US$ 30 milh\u00f5es (cerca de R$ 121 milh\u00f5es) para expandir uma unidade em S\u00e3o Jos\u00e9 dos Campos, em S\u00e3o Paulo. A informa\u00e7\u00e3o foi divulgada nesta segunda-feira (19) durante a comemora\u00e7\u00e3o de 50 anos da companhia. Embraer investir\u00e1 US$ 30 milh\u00f5es em unidade no interior de S\u00e3o Paulo A unidade de [&hellip;]<\/p>\n","protected":false},"author":18,"featured_media":13794,"comment_status":"closed","ping_status":"closed","sticky":false,"template":"","format":"standard","meta":[],"categories":[64],"tags":[828,460,843,1134],"suno_strategy":[],"class_list":["post-34580","post","type-post","status-publish","format-standard","has-post-thumbnail","hentry","category-negocios","tag-boeing-boei34","tag-embraer-embr3","tag-sao-paulo","tag-tecnologia"],"yoast_head":"<!-- This site is optimized with the Yoast SEO plugin v24.4 - https:\/\/yoast.com\/wordpress\/plugins\/seo\/ -->\n<title>Embraer investir\u00e1 US$ 30 milh\u00f5es em unidade no interior de S\u00e3o Paulo<\/title>\n<meta name=\"description\" content=\"A Embraer anunciou que investir\u00e1 US$ 30 milh\u00f5es para expandir uma unidade em S\u00e3o Jos\u00e9 dos Campos, em S\u00e3o Paulo. Clique para saber mais.\" \/>\n<meta name=\"robots\" content=\"index, follow, max-snippet:-1, max-image-preview:large, max-video-preview:-1\" \/>\n<link rel=\"canonical\" href=\"https:\/\/www.suno.com.br\/noticias\/embraer-investira-30-milhoes-unidade-sao-paulo\/\" \/>\n<meta property=\"og:locale\" content=\"pt_BR\" \/>\n<meta property=\"og:type\" content=\"article\" \/>\n<meta property=\"og:title\" content=\"Embraer investir\u00e1 US$ 30 milh\u00f5es em unidade no interior de S\u00e3o Paulo\" \/>\n<meta property=\"og:description\" content=\"A Embraer anunciou que investir\u00e1 US$ 30 milh\u00f5es para expandir uma unidade em S\u00e3o Jos\u00e9 dos Campos, em S\u00e3o Paulo. Clique para saber mais.\" \/>\n<meta property=\"og:url\" content=\"https:\/\/www.suno.com.br\/noticias\/embraer-investira-30-milhoes-unidade-sao-paulo\/\" \/>\n<meta property=\"og:site_name\" content=\"Suno Not\u00edcias\" \/>\n<meta property=\"article:publisher\" content=\"https:\/\/facebook.com\/sunoresearch\" \/>\n<meta property=\"og:image\" content=\"https:\/\/files.sunoresearch.com.br\/n\/uploads\/2019\/02\/eedb0d13-embraer-e175.jpg\" \/>\n\t<meta property=\"og:image:width\" content=\"875\" \/>\n\t<meta property=\"og:image:height\" content=\"583\" \/>\n\t<meta property=\"og:image:type\" content=\"image\/jpeg\" \/>\n<meta name=\"author\" content=\"Giovanna Oliveira\" \/>\n<meta name=\"twitter:card\" content=\"summary_large_image\" \/>\n<meta name=\"twitter:creator\" content=\"@sunoresearch\" \/>\n<meta name=\"twitter:site\" content=\"@sunoresearch\" \/>\n<meta name=\"twitter:label1\" content=\"Escrito por\" \/>\n\t<meta name=\"twitter:data1\" content=\"Giovanna Oliveira\" \/>\n\t<meta name=\"twitter:label2\" content=\"Est. tempo de leitura\" \/>\n\t<meta name=\"twitter:data2\" content=\"2 minutos\" \/>\n<script type=\"application\/ld+json\" class=\"yoast-schema-graph\">{\"@context\":\"https:\/\/schema.org\",\"@graph\":[{\"@type\":\"NewsArticle\",\"@id\":\"https:\/\/www.suno.com.br\/noticias\/embraer-investira-30-milhoes-unidade-sao-paulo\/#article\",\"isPartOf\":{\"@id\":\"https:\/\/www.suno.com.br\/noticias\/embraer-investira-30-milhoes-unidade-sao-paulo\/\"},\"author\":{\"name\":\"Giovanna Oliveira\",\"@id\":\"https:\/\/www.suno.com.br\/noticias\/#\/schema\/person\/4e19e3d2575736e5283d58eb3199d120\"},\"headline\":\"Embraer investir\u00e1 US$ 30 milh\u00f5es em unidade no interior de S\u00e3o Paulo\",\"datePublished\":\"2019-08-19T20:15:43+00:00\",\"dateModified\":\"2019-08-19T20:16:29+00:00\",\"mainEntityOfPage\":{\"@id\":\"https:\/\/www.suno.com.br\/noticias\/embraer-investira-30-milhoes-unidade-sao-paulo\/\"},\"wordCount\":429,\"publisher\":{\"@id\":\"https:\/\/www.suno.com.br\/noticias\/#organization\"},\"image\":{\"@id\":\"https:\/\/www.suno.com.br\/noticias\/embraer-investira-30-milhoes-unidade-sao-paulo\/#primaryimage\"},\"thumbnailUrl\":\"https:\/\/files.sunoresearch.com.br\/n\/uploads\/2019\/02\/eedb0d13-embraer-e175-jpg.webp\",\"keywords\":[\"Boeing (BOEI34)\",\"Embraer (EMBR3)\",\"S\u00e3o Paulo\",\"Tecnologia\"],\"articleSection\":[\"Neg\u00f3cios\"],\"inLanguage\":\"pt-BR\"},{\"@type\":\"WebPage\",\"@id\":\"https:\/\/www.suno.com.br\/noticias\/embraer-investira-30-milhoes-unidade-sao-paulo\/\",\"url\":\"https:\/\/www.suno.com.br\/noticias\/embraer-investira-30-milhoes-unidade-sao-paulo\/\",\"name\":\"Embraer investir\u00e1 US$ 30 milh\u00f5es em unidade no interior de S\u00e3o Paulo\",\"isPartOf\":{\"@id\":\"https:\/\/www.suno.com.br\/noticias\/#website\"},\"primaryImageOfPage\":{\"@id\":\"https:\/\/www.suno.com.br\/noticias\/embraer-investira-30-milhoes-unidade-sao-paulo\/#primaryimage\"},\"image\":{\"@id\":\"https:\/\/www.suno.com.br\/noticias\/embraer-investira-30-milhoes-unidade-sao-paulo\/#primaryimage\"},\"thumbnailUrl\":\"https:\/\/files.sunoresearch.com.br\/n\/uploads\/2019\/02\/eedb0d13-embraer-e175-jpg.webp\",\"datePublished\":\"2019-08-19T20:15:43+00:00\",\"dateModified\":\"2019-08-19T20:16:29+00:00\",\"description\":\"A Embraer anunciou que investir\u00e1 US$ 30 milh\u00f5es para expandir uma unidade em S\u00e3o Jos\u00e9 dos Campos, em S\u00e3o Paulo. Clique para saber mais.\",\"breadcrumb\":{\"@id\":\"https:\/\/www.suno.com.br\/noticias\/embraer-investira-30-milhoes-unidade-sao-paulo\/#breadcrumb\"},\"inLanguage\":\"pt-BR\",\"potentialAction\":[{\"@type\":\"ReadAction\",\"target\":[\"https:\/\/www.suno.com.br\/noticias\/embraer-investira-30-milhoes-unidade-sao-paulo\/\"]}]},{\"@type\":\"ImageObject\",\"inLanguage\":\"pt-BR\",\"@id\":\"https:\/\/www.suno.com.br\/noticias\/embraer-investira-30-milhoes-unidade-sao-paulo\/#primaryimage\",\"url\":\"https:\/\/files.sunoresearch.com.br\/n\/uploads\/2019\/02\/eedb0d13-embraer-e175-jpg.webp\",\"contentUrl\":\"https:\/\/files.sunoresearch.com.br\/n\/uploads\/2019\/02\/eedb0d13-embraer-e175-jpg.webp\",\"width\":875,\"height\":583,\"caption\":\"Embraer investir\u00e1 US$ 30 milh\u00f5es em unidade no interior de S\u00e3o Paulo\"},{\"@type\":\"BreadcrumbList\",\"@id\":\"https:\/\/www.suno.com.br\/noticias\/embraer-investira-30-milhoes-unidade-sao-paulo\/#breadcrumb\",\"itemListElement\":[{\"@type\":\"ListItem\",\"position\":1,\"name\":\"Not\u00edcias\",\"item\":\"https:\/\/www.suno.com.br\/noticias\/\"},{\"@type\":\"ListItem\",\"position\":2,\"name\":\"Neg\u00f3cios\",\"item\":\"https:\/\/www.suno.com.br\/noticias\/negocios\/\"},{\"@type\":\"ListItem\",\"position\":3,\"name\":\"Embraer investir\u00e1 US$ 30 milh\u00f5es em unidade no interior de S\u00e3o Paulo\"}]},{\"@type\":\"WebSite\",\"@id\":\"https:\/\/www.suno.com.br\/noticias\/#website\",\"url\":\"https:\/\/www.suno.com.br\/noticias\/\",\"name\":\"Suno Not\u00edcias\",\"description\":\"Seu portal de informa\u00e7\u00e3o sobre o mundo dos investimentos\",\"publisher\":{\"@id\":\"https:\/\/www.suno.com.br\/noticias\/#organization\"},\"potentialAction\":[{\"@type\":\"SearchAction\",\"target\":{\"@type\":\"EntryPoint\",\"urlTemplate\":\"https:\/\/www.suno.com.br\/noticias\/?s={search_term_string}\"},\"query-input\":{\"@type\":\"PropertyValueSpecification\",\"valueRequired\":true,\"valueName\":\"search_term_string\"}}],\"inLanguage\":\"pt-BR\"},{\"@type\":\"Organization\",\"@id\":\"https:\/\/www.suno.com.br\/noticias\/#organization\",\"name\":\"Suno Not\u00edcias\",\"url\":\"https:\/\/www.suno.com.br\/noticias\/\",\"logo\":{\"@type\":\"ImageObject\",\"inLanguage\":\"pt-BR\",\"@id\":\"https:\/\/www.suno.com.br\/noticias\/#\/schema\/logo\/image\/\",\"url\":\"https:\/\/files.sunoresearch.com.br\/n\/uploads\/2021\/09\/suno-logo.png\",\"contentUrl\":\"https:\/\/files.sunoresearch.com.br\/n\/uploads\/2021\/09\/suno-logo.png\",\"width\":180,\"height\":180,\"caption\":\"Suno Not\u00edcias\"},\"image\":{\"@id\":\"https:\/\/www.suno.com.br\/noticias\/#\/schema\/logo\/image\/\"},\"sameAs\":[\"https:\/\/facebook.com\/sunoresearch\",\"https:\/\/x.com\/sunoresearch\",\"https:\/\/www.instagram.com\/suno\",\"https:\/\/www.linkedin.com\/company\/suno-research\/\",\"https:\/\/www.youtube.com\/c\/sunoresearch\"]},{\"@type\":\"Person\",\"@id\":\"https:\/\/www.suno.com.br\/noticias\/#\/schema\/person\/4e19e3d2575736e5283d58eb3199d120\",\"name\":\"Giovanna Oliveira\",\"image\":{\"@type\":\"ImageObject\",\"inLanguage\":\"pt-BR\",\"@id\":\"https:\/\/www.suno.com.br\/noticias\/#\/schema\/person\/image\/\",\"url\":\"https:\/\/secure.gravatar.com\/avatar\/9a37b3ae208962ac568992d0ffdbc2eb?s=96&r=g\",\"contentUrl\":\"https:\/\/secure.gravatar.com\/avatar\/9a37b3ae208962ac568992d0ffdbc2eb?s=96&r=g\",\"caption\":\"Giovanna Oliveira\"},\"description\":\"Giovanna Oliveira escreve sobre economia e pol\u00edtica. Foi rep\u00f3rter do portal de jornalismo da ESPM-SP e produziu conte\u00fado para a Corinthians TV. \u00c9 estudante da ESPM.\",\"url\":\"https:\/\/www.suno.com.br\/noticias\/author\/giovanna\/\"}]}<\/script>\n<!-- \/ Yoast SEO plugin. -->","yoast_head_json":{"title":"Embraer investir\u00e1 US$ 30 milh\u00f5es em unidade no interior de S\u00e3o Paulo","description":"A Embraer anunciou que investir\u00e1 US$ 30 milh\u00f5es para expandir uma unidade em S\u00e3o Jos\u00e9 dos Campos, em S\u00e3o Paulo. Clique para saber mais.","robots":{"index":"index","follow":"follow","max-snippet":"max-snippet:-1","max-image-preview":"max-image-preview:large","max-video-preview":"max-video-preview:-1"},"canonical":"https:\/\/www.suno.com.br\/noticias\/embraer-investira-30-milhoes-unidade-sao-paulo\/","og_locale":"pt_BR","og_type":"article","og_title":"Embraer investir\u00e1 US$ 30 milh\u00f5es em unidade no interior de S\u00e3o Paulo","og_description":"A Embraer anunciou que investir\u00e1 US$ 30 milh\u00f5es para expandir uma unidade em S\u00e3o Jos\u00e9 dos Campos, em S\u00e3o Paulo. Clique para saber mais.","og_url":"https:\/\/www.suno.com.br\/noticias\/embraer-investira-30-milhoes-unidade-sao-paulo\/","og_site_name":"Suno Not\u00edcias","article_publisher":"https:\/\/facebook.com\/sunoresearch","og_image":[{"width":875,"height":583,"url":"https:\/\/files.sunoresearch.com.br\/n\/uploads\/2019\/02\/eedb0d13-embraer-e175.jpg","type":"image\/jpeg"}],"author":"Giovanna Oliveira","twitter_card":"summary_large_image","twitter_creator":"@sunoresearch","twitter_site":"@sunoresearch","twitter_misc":{"Escrito por":"Giovanna Oliveira","Est. tempo de leitura":"2 minutos"},"schema":{"@context":"https:\/\/schema.org","@graph":[{"@type":"NewsArticle","@id":"https:\/\/www.suno.com.br\/noticias\/embraer-investira-30-milhoes-unidade-sao-paulo\/#article","isPartOf":{"@id":"https:\/\/www.suno.com.br\/noticias\/embraer-investira-30-milhoes-unidade-sao-paulo\/"},"author":{"name":"Giovanna Oliveira","@id":"https:\/\/www.suno.com.br\/noticias\/#\/schema\/person\/4e19e3d2575736e5283d58eb3199d120"},"headline":"Embraer investir\u00e1 US$ 30 milh\u00f5es em unidade no interior de S\u00e3o Paulo","datePublished":"2019-08-19T20:15:43+00:00","dateModified":"2019-08-19T20:16:29+00:00","mainEntityOfPage":{"@id":"https:\/\/www.suno.com.br\/noticias\/embraer-investira-30-milhoes-unidade-sao-paulo\/"},"wordCount":429,"publisher":{"@id":"https:\/\/www.suno.com.br\/noticias\/#organization"},"image":{"@id":"https:\/\/www.suno.com.br\/noticias\/embraer-investira-30-milhoes-unidade-sao-paulo\/#primaryimage"},"thumbnailUrl":"https:\/\/files.sunoresearch.com.br\/n\/uploads\/2019\/02\/eedb0d13-embraer-e175-jpg.webp","keywords":["Boeing (BOEI34)","Embraer (EMBR3)","S\u00e3o Paulo","Tecnologia"],"articleSection":["Neg\u00f3cios"],"inLanguage":"pt-BR"},{"@type":"WebPage","@id":"https:\/\/www.suno.com.br\/noticias\/embraer-investira-30-milhoes-unidade-sao-paulo\/","url":"https:\/\/www.suno.com.br\/noticias\/embraer-investira-30-milhoes-unidade-sao-paulo\/","name":"Embraer investir\u00e1 US$ 30 milh\u00f5es em unidade no interior de S\u00e3o Paulo","isPartOf":{"@id":"https:\/\/www.suno.com.br\/noticias\/#website"},"primaryImageOfPage":{"@id":"https:\/\/www.suno.com.br\/noticias\/embraer-investira-30-milhoes-unidade-sao-paulo\/#primaryimage"},"image":{"@id":"https:\/\/www.suno.com.br\/noticias\/embraer-investira-30-milhoes-unidade-sao-paulo\/#primaryimage"},"thumbnailUrl":"https:\/\/files.sunoresearch.com.br\/n\/uploads\/2019\/02\/eedb0d13-embraer-e175-jpg.webp","datePublished":"2019-08-19T20:15:43+00:00","dateModified":"2019-08-19T20:16:29+00:00","description":"A Embraer anunciou que investir\u00e1 US$ 30 milh\u00f5es para expandir uma unidade em S\u00e3o Jos\u00e9 dos Campos, em S\u00e3o Paulo. Clique para saber mais.","breadcrumb":{"@id":"https:\/\/www.suno.com.br\/noticias\/embraer-investira-30-milhoes-unidade-sao-paulo\/#breadcrumb"},"inLanguage":"pt-BR","potentialAction":[{"@type":"ReadAction","target":["https:\/\/www.suno.com.br\/noticias\/embraer-investira-30-milhoes-unidade-sao-paulo\/"]}]},{"@type":"ImageObject","inLanguage":"pt-BR","@id":"https:\/\/www.suno.com.br\/noticias\/embraer-investira-30-milhoes-unidade-sao-paulo\/#primaryimage","url":"https:\/\/files.sunoresearch.com.br\/n\/uploads\/2019\/02\/eedb0d13-embraer-e175-jpg.webp","contentUrl":"https:\/\/files.sunoresearch.com.br\/n\/uploads\/2019\/02\/eedb0d13-embraer-e175-jpg.webp","width":875,"height":583,"caption":"Embraer investir\u00e1 US$ 30 milh\u00f5es em unidade no interior de S\u00e3o Paulo"},{"@type":"BreadcrumbList","@id":"https:\/\/www.suno.com.br\/noticias\/embraer-investira-30-milhoes-unidade-sao-paulo\/#breadcrumb","itemListElement":[{"@type":"ListItem","position":1,"name":"Not\u00edcias","item":"https:\/\/www.suno.com.br\/noticias\/"},{"@type":"ListItem","position":2,"name":"Neg\u00f3cios","item":"https:\/\/www.suno.com.br\/noticias\/negocios\/"},{"@type":"ListItem","position":3,"name":"Embraer investir\u00e1 US$ 30 milh\u00f5es em unidade no interior de S\u00e3o Paulo"}]},{"@type":"WebSite","@id":"https:\/\/www.suno.com.br\/noticias\/#website","url":"https:\/\/www.suno.com.br\/noticias\/","name":"Suno Not\u00edcias","description":"Seu portal de informa\u00e7\u00e3o sobre o mundo dos investimentos","publisher":{"@id":"https:\/\/www.suno.com.br\/noticias\/#organization"},"potentialAction":[{"@type":"SearchAction","target":{"@type":"EntryPoint","urlTemplate":"https:\/\/www.suno.com.br\/noticias\/?s={search_term_string}"},"query-input":{"@type":"PropertyValueSpecification","valueRequired":true,"valueName":"search_term_string"}}],"inLanguage":"pt-BR"},{"@type":"Organization","@id":"https:\/\/www.suno.com.br\/noticias\/#organization","name":"Suno Not\u00edcias","url":"https:\/\/www.suno.com.br\/noticias\/","logo":{"@type":"ImageObject","inLanguage":"pt-BR","@id":"https:\/\/www.suno.com.br\/noticias\/#\/schema\/logo\/image\/","url":"https:\/\/files.sunoresearch.com.br\/n\/uploads\/2021\/09\/suno-logo.png","contentUrl":"https:\/\/files.sunoresearch.com.br\/n\/uploads\/2021\/09\/suno-logo.png","width":180,"height":180,"caption":"Suno Not\u00edcias"},"image":{"@id":"https:\/\/www.suno.com.br\/noticias\/#\/schema\/logo\/image\/"},"sameAs":["https:\/\/facebook.com\/sunoresearch","https:\/\/x.com\/sunoresearch","https:\/\/www.instagram.com\/suno","https:\/\/www.linkedin.com\/company\/suno-research\/","https:\/\/www.youtube.com\/c\/sunoresearch"]},{"@type":"Person","@id":"https:\/\/www.suno.com.br\/noticias\/#\/schema\/person\/4e19e3d2575736e5283d58eb3199d120","name":"Giovanna Oliveira","image":{"@type":"ImageObject","inLanguage":"pt-BR","@id":"https:\/\/www.suno.com.br\/noticias\/#\/schema\/person\/image\/","url":"https:\/\/secure.gravatar.com\/avatar\/9a37b3ae208962ac568992d0ffdbc2eb?s=96&r=g","contentUrl":"https:\/\/secure.gravatar.com\/avatar\/9a37b3ae208962ac568992d0ffdbc2eb?s=96&r=g","caption":"Giovanna Oliveira"},"description":"Giovanna Oliveira escreve sobre economia e pol\u00edtica. Foi rep\u00f3rter do portal de jornalismo da ESPM-SP e produziu conte\u00fado para a Corinthians TV. \u00c9 estudante da ESPM.","url":"https:\/\/www.suno.com.br\/noticias\/author\/giovanna\/"}]}},"default_loop_html":"<div class=\"cardsPage__listCard__boxs\"><div class=\"cardsPage__listCard__boxs__img\"><a href=\"https:\/\/www.suno.com.br\/noticias\/embraer-investira-30-milhoes-unidade-sao-paulo\/\"><img class=\"mask\" src=\"https:\/\/www.suno.com.br\/noticias\/wp-content\/themes\/suno\/resources\/images\/spotlight\/spotlight1img\/bg-mask.png\" alt=\"Image Mask\"\/><img src=\"https:\/\/files.sunoresearch.com.br\/n\/uploads\/2019\/02\/eedb0d13-embraer-e175-400x200.webp\" alt=\"Embraer investir\u00e1 US$ 30 milh\u00f5es em unidade no interior de S\u00e3o Paulo\"\/><\/a><span class=\"spotlightCategory\"><a href=\"https:\/\/www.suno.com.br\/noticias\/negocios\/\">Neg\u00f3cios<\/a><\/span><\/div><div class=\"cardsPage__listCard__boxs__content\"><a href=\"https:\/\/www.suno.com.br\/noticias\/embraer-investira-30-milhoes-unidade-sao-paulo\/\"><h2 class=\"content__title\">Embraer investir\u00e1 US$ 30 milh\u00f5es em unidade no interior de S\u00e3o Paulo<\/h2><\/a><div class=\"newsContent__article__meta\"><div class=\"newsContent__article__meta__authorBox\"><a href=\"https:\/\/www.suno.com.br\/noticias\/author\/giovanna\/\" class=\"authorBox__avatar noMobi\"><img src=\"https:\/\/files.sunoresearch.com.br\/n\/uploads\/2019\/06\/952a89ca-screenshot_20190608-171507-150x150.webp\" alt=\"Giovanna Oliveira\"><\/a><div class=\"authorBox__name\"><span>por\n\t\t\t<a href=\"https:\/\/www.suno.com.br\/noticias\/author\/giovanna\/\"><span itemprop=\"author\">Giovanna Oliveira<\/span><\/a><\/span><time datetime=\"2019-08-19T17:15:43-03:00\" itemprop=\"datePublished\">19\/08\/2019 17:15<\/time><\/div><\/div><\/div><\/div><\/div>","single_layout":"posts","amp_enabled":true,"_links":{"self":[{"href":"https:\/\/www.suno.com.br\/noticias\/wp-json\/wp\/v2\/posts\/34580"}],"collection":[{"href":"https:\/\/www.suno.com.br\/noticias\/wp-json\/wp\/v2\/posts"}],"about":[{"href":"https:\/\/www.suno.com.br\/noticias\/wp-json\/wp\/v2\/types\/post"}],"author":[{"embeddable":true,"href":"https:\/\/www.suno.com.br\/noticias\/wp-json\/wp\/v2\/users\/18"}],"replies":[{"embeddable":true,"href":"https:\/\/www.suno.com.br\/noticias\/wp-json\/wp\/v2\/comments?post=34580"}],"version-history":[{"count":0,"href":"https:\/\/www.suno.com.br\/noticias\/wp-json\/wp\/v2\/posts\/34580\/revisions"}],"wp:featuredmedia":[{"embeddable":true,"href":"https:\/\/www.suno.com.br\/noticias\/wp-json\/wp\/v2\/media\/13794"}],"wp:attachment":[{"href":"https:\/\/www.suno.com.br\/noticias\/wp-json\/wp\/v2\/media?parent=34580"}],"wp:term":[{"taxonomy":"category","embeddable":true,"href":"https:\/\/www.suno.com.br\/noticias\/wp-json\/wp\/v2\/categories?post=34580"},{"taxonomy":"post_tag","embeddable":true,"href":"https:\/\/www.suno.com.br\/noticias\/wp-json\/wp\/v2\/tags?post=34580"},{"taxonomy":"suno_strategy","embeddable":true,"href":"https:\/\/www.suno.com.br\/noticias\/wp-json\/wp\/v2\/suno_strategy?post=34580"}],"curies":[{"name":"wp","href":"https:\/\/api.w.org\/{rel}","templated":true}]}}