{"id":345376,"date":"2023-01-12T10:36:43","date_gmt":"2023-01-12T13:36:43","guid":{"rendered":"https:\/\/www.suno.com.br\/noticias\/?p=345376"},"modified":"2023-01-12T14:40:03","modified_gmt":"2023-01-12T17:40:03","slug":"americanas-amer3-acoes-leilao-magazine-luiza-mglu3-via-viia3","status":"publish","type":"post","link":"https:\/\/www.suno.com.br\/noticias\/americanas-amer3-acoes-leilao-magazine-luiza-mglu3-via-viia3\/","title":{"rendered":"Americanas (AMER3): a\u00e7\u00f5es entram em leil\u00e3o ap\u00f3s rombo de R$ 20 bilh\u00f5es; Magalu (MGLU3) e Via (VIIA3) s\u00e3o &#8216;arrastadas&#8217;"},"content":{"rendered":"<p>As a\u00e7\u00f5es da <strong>Americanas<\/strong> (<a href=\"https:\/\/www.suno.com.br\/acoes\/amer3\" target=\"_blank\" rel=\"noreferrer noopener\">AMER3<\/a>) derreteram nos primeiros minutos de preg\u00e3o nesta quinta-feira (12), <a href=\"https:\/\/www.suno.com.br\/noticias\/americanas-amer3-inconsistencia-20bi-explicacoes\/\" target=\"_blank\" rel=\"noreferrer noopener\">em meio ao rombo de R$ 20 bilh\u00f5es encontrado pela nova diretoria.<\/a> Logo ap\u00f3s isso, os pap\u00e9is entraram em leil\u00e3o.<\/p><div class=\"videoFull \">\n\t\t\t<div class=\"videoWrapper yt-lazyload center\"\n\t\t\t\tdata-width=\"960\"\n\t\t\t\tdata-height=\"540\"\n\t\t\t\tdata-id=\"dYItJW1S5FQ\"\n\t\t\t\tdata-alt=\"V\u00eddeo do YouTube - clique para reproduzir\"\n\t\t\t\tdata-logo=\"3\"\n\t\t\t\tdata-imagequality=\"maxres\">\n\t\t\t<\/div>\n\t\t<\/div><script type=\"application\/ld+json\">{\"@context\":\"https:\/\/schema.org\",\"@type\":\"VideoObject\",\"name\":\"Americanas (AMER3) entra em leil\u00e3o ap\u00f3s rombo de R$ 20 bilh\u00f5es | MGLU3, VIIA3 e bancos tombam junto\",\"description\":\"#breakingnews #Not\u00edcias #amer3 #americanas #mercadofinanceiro #investimentos #ibovespa #a\u00e7\u00f5es #sergiorial #varejo #varejistas \ud83d\udea8\ud83d\udcb8\ud835\udc01\ud835\udc1a\ud835\udc22\ud835\udc31\ud835\udc1e \ud835\udc28 \ud835\udc20\ud835\udc2e\ud835\udc22\ud835\udc1a \"\ud835\udc02\ud835\udc28\ud835\udc26\ud835\udc28 \ud835\udc22\ud835\udc27\ud835\udc2f\ud835\udc1e\ud835\udc2c\ud835\udc2d\ud835\udc22\ud835\udc2b \ud835\udc1e\ud835\udc26 \ud835\udfd0\ud835\udfce\ud835\udfd0\ud835\udfd1\" \ud835\udc27\ud835\udc28 \ud835\udc25\ud835\udc22\ud835\udc27\ud835\udc24 \ud83d\udc47 https:\/\/lp.suno.com.br\/cl\/sr-guia-como-investir-em-2023\/?utm_source=youtube.noticias&utm_medium=live&utm_campaign=N\/A.ns.20230112&utm_content=ytnoticias.breakingamer.12012023 \ud83d\udd34\ud835\udc08\ud835\udc0d\ud835\udc12\ud835\udc02\ud835\udc11\ud835\udc04\ud835\udc15\ud835\udc00-\ud835\udc12\ud835\udc04 \ud835\udc0d\ud835\udc0e \ud835\udc02\ud835\udc00\ud835\udc0d\ud835\udc00\ud835\udc0b \ud835\udc04 \ud835\udc00\ud835\udc13\ud835\udc08\ud835\udc15\ud835\udc04 \ud835\udc0e \ud835\udc12\ud835\udc08\ud835\udc0d\ud835\udc0e \ud83d\udc47 https:\/\/bit.ly\/INSCREVA-SEATIVEOSINO \ud83d\udcda \ud835\udfcf\ud835\udfce \ud835\udc0b\ud835\udc22\ud835\udc2f\ud835\udc2b\ud835\udc28\ud835\udc2c \ud835\udc2a\ud835\udc2e\ud835\udc1e \ud835\udc13\ud835\udc28\ud835\udc1d\ud835\udc28 \ud835\udc08\ud835\udc27\ud835\udc2f\ud835\udc1e\ud835\udc2c\ud835\udc2d\ud835\udc22\ud835\udc1d\ud835\udc28\ud835\udc2b \ud835\udc1d\ud835\udc1e\ud835\udc2f\ud835\udc1e\ud835\udc2b\ud835\udc22\ud835\udc1a \ud835\udc0b\ud835\udc1e\ud835\udc2b\ud83d\udc47 https:\/\/lp.suno.com.br\/ebook-10-livros\/?utm_source=youtube.noticias&utm_medium=video&utm_campaign=ebook10livrosparainvestidores.20230105&utm_content=youtube.noticias.05012023 \ud83d\udcda \ud83d\udcb8 \ud83d\udcca \ud835\udde3\ud835\udddf\ud835\uddd4\ud835\udde1\ud835\udddc\ud835\udddf\ud835\udddb\ud835\uddd4 \ud835\uddd7\ud835\uddd8 \ud835\uddd6\ud835\udde2\ud835\udde1\ud835\udde7\ud835\udde5\ud835\udde2\ud835\udddf\ud835\uddd8 \ud835\uddd9\ud835\udddc\ud835\udde1\ud835\uddd4\ud835\udde1\ud835\uddd6\ud835\uddd8\ud835\udddc\ud835\udde5\ud835\udde2: \ud835\uddd5\ud835\uddee\ud835\uddf6\ud835\ude05\ud835\uddf2 \ud835\uddee \ud835\uddfd\ud835\uddf9\ud835\uddee\ud835\uddfb\ud835\uddf6\ud835\uddf9\ud835\uddf5\ud835\uddee AGORA antes que acabe! \ud83d\udc49\u2026\",\"duration\":\"PT40M18S\",\"embedUrl\":\"https:\/\/www.youtube.com\/embed\/dYItJW1S5FQ\",\"regionsAllowed\":\"pt-BR\",\"interactionStatistic\":{\"@type\":\"InteractionCounter\",\"interactionType\":{\"@type\":\"WatchAction\"},\"userInteractionCount\":11118},\"thumbnailUrl\":\"https:\/\/i.ytimg.com\/vi\/dYItJW1S5FQ\/default.jpg\",\"uploadDate\":\"2023-01-12T16:49:34Z\"}<\/script>\n\n\n\n\n\t<p>\n\t\t<a href=\"\" target=\"_blank\" data-element=\"shortcode-suno-banner\" title=\"Banner SUNO, clique e saiba mais\">\n\t\t\t<picture>\n\t\t\t\t<source media=\"(max-width: 500px)\" srcset=\"\">\n\t\t\t\t<img class=\"newsContent__article__imgCapa newsContent__article__imgCapa--banner\"\n\t\t\t\t\tsrc=\"\"\n\t\t\t\t\tdata-promo-id=\"265277\"\t\t\t\t\t\t\t\t\t\t\t\t\t\t\talt=\"\"\n\t\t\t\t>\n\t\t\t<\/picture>\n\t\t<\/a>\n\t<\/p>\n\n\n\n\n\n<p>Al\u00e9m disso, o cen\u00e1rio ca\u00f3tico com a Americanas arrasta as concorrentes par ao leil\u00e3o tamb\u00e9m. Ap\u00f3s a <a href=\"https:\/\/www.suno.com.br\/acoes\/viia3\" target=\"_blank\" rel=\"noreferrer noopener\"><strong>Via <\/strong>(VIIA3)<\/a> cair mais de 10% e o <a href=\"https:\/\/www.suno.com.br\/acoes\/mglu3\" target=\"_blank\" rel=\"noreferrer noopener\"><strong>Magazine Luiza<\/strong> (MGLU3)<\/a> mais de 8,5%, ambas tamb\u00e9m tiveram <strong>a\u00e7\u00f5es entrando em leil\u00e3o<\/strong>.  <\/p>\n\n\n\n<p>A bolsa de valores brasileira, a B3 (B3SA3), liberou as <strong>a\u00e7\u00f5es AMER3<\/strong> para ca\u00edrem at\u00e9 99% no intradia desta quinta-feira (12).<\/p>\n\n\n\n\t<div data-element=\"shortcode-read-more\" class=\"readToo\">\n\t\t\t\t<span class=\"readToo__title\">Leia mais<\/span>\n\t\t\t\t<ul class=\"readToo__list\">\n\t\t\t<li><a href=\"https:\/\/www.suno.com.br\/noticias\/btg-pactual-bpac11-bancos-credores-varejo-bolsa-americanas-amer3\/\">BTG Pactual (BPAC11) puxa queda de &#8216;bancos do varejo&#8217; no Ibovespa ap\u00f3s esc\u00e2ndalo da Americanas (AMER3)<\/a><\/li><li><a href=\"https:\/\/www.suno.com.br\/noticias\/americanas-amer3-sergio-rial-rombo-bilionario\/\">Americanas (AMER3): Sergio Rial aponta falta de transpar\u00eancia e revela motivo da demiss\u00e3o ap\u00f3s descobrir rombo bilion\u00e1rio<\/a><\/li><li><a href=\"https:\/\/www.suno.com.br\/noticias\/americanas-amer3-inconsistencia-20bi-explicacoes\/\">Rombo na Americanas (AMER3): a\u00e7\u00f5es fecham em queda hist\u00f3rica de 77,33%<\/a><\/li><li><a href=\"https:\/\/www.suno.com.br\/noticias\/americanas-amer3-inconsistencia-balanco-rial-deixa-presidencia\/\">Americanas (AMER3) encontra rombo de R$ 20 bilh\u00f5es em balan\u00e7o; Rial deixa presid\u00eancia<\/a><\/li>\t\t<\/ul>\n\t<\/div>\n\n\n\n\n<h2 class=\"wp-block-heading\" id=\"h-entenda-o-rombo-bilionario-da-americanas\">Entenda o rombo bilion\u00e1rio da Americanas<\/h2>\n\n\n\n<p>Conforme revelado em comunicado pela companhia na noite de quarta-feira (11),<a href=\"https:\/\/www.suno.com.br\/noticias\/americanas-amer3-inconsistencia-20bi-explicacoes\/\" target=\"_blank\" rel=\"noreferrer noopener\"> a nova diretoria da varejista descobriu inconsist\u00eancias cont\u00e1beis de R$ 20 bilh\u00f5es na empresa<\/a>.<\/p>\n\n\n\n<p>O valor \u00e9 similar ao do valor de mercado de outras concorrentes.<\/p>\n\n\n\t<p>\n\t\t<a href=\"https:\/\/lp.suno.com.br\/planilha-controle-gastos\/\" target=\"_blank\" data-element=\"shortcode-suno-banner\" title=\"Banner SUNO, clique e saiba mais\">\n\t\t\t<picture>\n\t\t\t\t<source media=\"(max-width: 500px)\" srcset=\"https:\/\/files.sunoresearch.com.br\/n\/uploads\/2023\/03\/400x300-Planilha-controle-de-gastos.png\">\n\t\t\t\t<img class=\"newsContent__article__imgCapa newsContent__article__imgCapa--banner\"\n\t\t\t\t\tsrc=\"https:\/\/files.sunoresearch.com.br\/n\/uploads\/2023\/03\/1420x240-Planilha-controle-de-gastos.png\"\n\t\t\t\t\tdata-promo-id=\"101751\"\t\t\t\t\t\t\t\t\t\twidth='1420' height='240'\t\t\t\t\talt=\"https:\/\/files.sunoresearch.com.br\/n\/uploads\/2023\/03\/1420x240-Planilha-controle-de-gastos.png\"\n\t\t\t\t>\n\t\t\t<\/picture>\n\t\t<\/a>\n\t<\/p>\n\n\n\n\n\n<p>Segundo <a href=\"https:\/\/www.suno.com.br\/noticias\/dynamo-compra-10-valemobi-trademap\/\" target=\"_blank\" rel=\"noreferrer noopener\">levantamento do<\/a> <a href=\"https:\/\/www.suno.com.br\/noticias\/dynamo-compra-10-valemobi-trademap\/\" target=\"_blank\" rel=\"noreferrer noopener\">TradeMap<\/a>, a cifra bilion\u00e1ria prevista no balan\u00e7o da Americanas \u00e9 equivalente ao valor de mercado da Magazine Luiza que no dia 11 de janeiro valia R$ 20,20 bilh\u00f5es ou da Lojas Renner (LREN3) que valia R$ 20,22 bilh\u00f5es.<\/p>\n\n\n\n<p>A companhia estima que o efeito caixa dessas inconsist\u00eancias seja imaterial. Neste momento, n\u00e3o \u00e9 poss\u00edvel determinar todos os impactos de tais inconsist\u00eancias na demonstra\u00e7\u00e3o de resultado e no balan\u00e7o patrimonial da companhia.<\/p>\n\n\n\n<p>Diante dessas informa\u00e7\u00f5es, <strong><a href=\"https:\/\/www.suno.com.br\/noticias\/americanas-amer3-sergio-rial-rombo-bilionario\/\" target=\"_blank\" rel=\"noreferrer noopener\">Sergio Rial<\/a><\/strong> e Andr\u00e9 Covre, diretor de <a class=\"suno-keyword\" data-force=\"no\" data-priority=\"1\" href=\"https:\/\/www.suno.com.br\/artigos\/relacoes-com-investidores\/\" target=\"_blank\" rel=\"noopener\">Rela\u00e7\u00f5es com Investidores<\/a> da companhia, renunciaram aos seus cargos no alto escal\u00e3o da Americanas. <\/p>\n\n\n\n<p>O executivo Jo\u00e3o Guerra assumir\u00e1 interinamente essas duas fun\u00e7\u00f5es.<\/p>\n\n\n\n<p>Um comit\u00ea independente ser\u00e1 instalado para apurar o caso, e Rial atuar\u00e1 como assessor na condu\u00e7\u00e3o desses trabalhos. Em uma carta enviada aos colaboradores, Rial refor\u00e7ou que apoiar\u00e1 a reestrutura\u00e7\u00e3o da situa\u00e7\u00e3o patrimonial da empresa.<\/p>\n\n\n\n<p>&#8220;N\u00e3o faltar\u00e3o aqueles que queiram maldizer, gerando d\u00favidas sobre o nosso futuro. \u00c9 verdade que o impacto possa ser importante, mas acreditamos que untos, trabalhando no resultado do dia a dia, focando na constru\u00e7\u00e3o de um grande trimestre em 2023, garantiremos os pr\u00f3ximos trimestres&#8221;, destacou o agora ex-CEO da <strong>Americanas<\/strong>.<\/p>\n\n\n\t<p>\n\t\t<a href=\"https:\/\/lp.suno.com.br\/ebook-como-analisar-uma-acao\/\" target=\"_blank\" data-element=\"shortcode-suno-banner\" title=\"Banner SUNO, clique e saiba mais\">\n\t\t\t<picture>\n\t\t\t\t<source media=\"(max-width: 500px)\" srcset=\"https:\/\/files.sunoresearch.com.br\/n\/uploads\/2023\/03\/Ebook-Acoes-Mobile-1.jpg\">\n\t\t\t\t<img class=\"newsContent__article__imgCapa newsContent__article__imgCapa--banner\"\n\t\t\t\t\tsrc=\"https:\/\/files.sunoresearch.com.br\/n\/uploads\/2023\/03\/Ebook-Acoes-Desktop-1.jpg\"\n\t\t\t\t\tdata-promo-id=\"171998\"\t\t\t\t\t\t\t\t\t\twidth='1420' height='286'\t\t\t\t\talt=\"https:\/\/files.sunoresearch.com.br\/n\/uploads\/2023\/03\/Ebook-Acoes-Desktop-1.jpg\"\n\t\t\t\t>\n\t\t\t<\/picture>\n\t\t<\/a>\n\t<\/p>\n\n\n\n\n\n<figure class=\"wp-block-embed is-type-video is-provider-youtube wp-block-embed-youtube wp-embed-aspect-16-9 wp-has-aspect-ratio\"><div class=\"wp-block-embed__wrapper\">\n<iframe loading=\"lazy\" title=\"AMERICANAS (AMER3): ROMBO DE R$ 20 BILH\u00d5ES; CEO se demite | Pacote de medidas de Haddad\" width=\"1080\" height=\"608\" src=\"https:\/\/www.youtube.com\/embed\/fLDxUIcvvrU?feature=oembed&#038;enablejsapi=1&#038;origin=https:\/\/www.suno.com.br\" frameborder=\"0\" allow=\"accelerometer; autoplay; clipboard-write; encrypted-media; gyroscope; picture-in-picture; web-share\" allowfullscreen><\/iframe>\n<\/div><\/figure>\n","protected":false},"excerpt":{"rendered":"<p>As a\u00e7\u00f5es da Americanas (AMER3) derreteram nos primeiros minutos de preg\u00e3o nesta quinta-feira (12), em meio ao rombo de R$ 20 bilh\u00f5es encontrado pela nova diretoria. Logo ap\u00f3s isso, os pap\u00e9is entraram em leil\u00e3o. Al\u00e9m disso, o cen\u00e1rio ca\u00f3tico com a Americanas arrasta as concorrentes par ao leil\u00e3o tamb\u00e9m. Ap\u00f3s a Via (VIIA3) cair mais [&hellip;]<\/p>\n","protected":false},"author":73,"featured_media":223984,"comment_status":"closed","ping_status":"closed","sticky":false,"template":"","format":"standard","meta":[],"categories":[60],"tags":[286,106605,548,106935],"suno_strategy":[],"class_list":["post-345376","post","type-post","status-publish","format-standard","has-post-thumbnail","hentry","category-mercado","tag-acoes","tag-americanas-s-a-amer3","tag-magazine-luiza-mglu3","tag-via-viia3"],"yoast_head":"<!-- This site is optimized with the Yoast SEO plugin v24.4 - https:\/\/yoast.com\/wordpress\/plugins\/seo\/ -->\n<title>Americanas (AMER3): A\u00e7\u00f5es entram em leil\u00e3o ap\u00f3s rombo bilion\u00e1rio<\/title>\n<meta name=\"description\" content=\"Ap\u00f3s a nova diretoria da Americanas descobrir um buraco de R$ 20 bilh\u00f5es nas contas da empresa, a\u00e7\u00f5es derretem na bolsa. Clique e confira!\" \/>\n<meta name=\"robots\" content=\"index, follow, max-snippet:-1, max-image-preview:large, max-video-preview:-1\" \/>\n<link rel=\"canonical\" href=\"https:\/\/www.suno.com.br\/noticias\/americanas-amer3-acoes-leilao-magazine-luiza-mglu3-via-viia3\/\" \/>\n<meta property=\"og:locale\" content=\"pt_BR\" \/>\n<meta property=\"og:type\" content=\"article\" \/>\n<meta property=\"og:title\" content=\"Americanas (AMER3): A\u00e7\u00f5es entram em leil\u00e3o ap\u00f3s rombo bilion\u00e1rio\" \/>\n<meta property=\"og:description\" content=\"Ap\u00f3s a nova diretoria da Americanas descobrir um buraco de R$ 20 bilh\u00f5es nas contas da empresa, a\u00e7\u00f5es derretem na bolsa. Clique e confira!\" \/>\n<meta property=\"og:url\" content=\"https:\/\/www.suno.com.br\/noticias\/americanas-amer3-acoes-leilao-magazine-luiza-mglu3-via-viia3\/\" \/>\n<meta property=\"og:site_name\" content=\"Suno Not\u00edcias\" \/>\n<meta property=\"article:publisher\" content=\"https:\/\/facebook.com\/sunoresearch\" \/>\n<meta property=\"og:image\" content=\"https:\/\/files.sunoresearch.com.br\/n\/uploads\/2022\/01\/Americanas-Foto-2021-Credito-Divulgacao-scaled.jpg\" \/>\n\t<meta property=\"og:image:width\" content=\"2560\" \/>\n\t<meta property=\"og:image:height\" content=\"1705\" \/>\n\t<meta property=\"og:image:type\" content=\"image\/jpeg\" \/>\n<meta name=\"author\" content=\"Eduardo Vargas\" \/>\n<meta name=\"twitter:card\" content=\"summary_large_image\" \/>\n<meta name=\"twitter:creator\" content=\"@sunoresearch\" \/>\n<meta name=\"twitter:site\" content=\"@sunoresearch\" \/>\n<meta name=\"twitter:label1\" content=\"Escrito por\" \/>\n\t<meta name=\"twitter:data1\" content=\"Eduardo Vargas\" \/>\n\t<meta name=\"twitter:label2\" content=\"Est. tempo de leitura\" \/>\n\t<meta name=\"twitter:data2\" content=\"2 minutos\" \/>\n<script type=\"application\/ld+json\" class=\"yoast-schema-graph\">{\"@context\":\"https:\/\/schema.org\",\"@graph\":[{\"@type\":\"NewsArticle\",\"@id\":\"https:\/\/www.suno.com.br\/noticias\/americanas-amer3-acoes-leilao-magazine-luiza-mglu3-via-viia3\/#article\",\"isPartOf\":{\"@id\":\"https:\/\/www.suno.com.br\/noticias\/americanas-amer3-acoes-leilao-magazine-luiza-mglu3-via-viia3\/\"},\"author\":{\"name\":\"Eduardo Vargas\",\"@id\":\"https:\/\/www.suno.com.br\/noticias\/#\/schema\/person\/7f4d362bf3518e76090143ae77bb49a5\"},\"headline\":\"Americanas (AMER3): a\u00e7\u00f5es entram em leil\u00e3o ap\u00f3s rombo de R$ 20 bilh\u00f5es; Magalu (MGLU3) e Via (VIIA3) s\u00e3o &#8216;arrastadas&#8217;\",\"datePublished\":\"2023-01-12T13:36:43+00:00\",\"dateModified\":\"2023-01-12T17:40:03+00:00\",\"mainEntityOfPage\":{\"@id\":\"https:\/\/www.suno.com.br\/noticias\/americanas-amer3-acoes-leilao-magazine-luiza-mglu3-via-viia3\/\"},\"wordCount\":397,\"publisher\":{\"@id\":\"https:\/\/www.suno.com.br\/noticias\/#organization\"},\"image\":{\"@id\":\"https:\/\/www.suno.com.br\/noticias\/americanas-amer3-acoes-leilao-magazine-luiza-mglu3-via-viia3\/#primaryimage\"},\"thumbnailUrl\":\"https:\/\/files.sunoresearch.com.br\/n\/uploads\/2022\/01\/Americanas-Foto-2021-Credito-Divulgacao-scaled.jpg\",\"keywords\":[\"A\u00e7\u00f5es\",\"Americanas (AMER3)\",\"Magazine Luiza (MGLU3)\",\"Via (VIIA3)\"],\"articleSection\":[\"Mercado\"],\"inLanguage\":\"pt-BR\"},{\"@type\":\"WebPage\",\"@id\":\"https:\/\/www.suno.com.br\/noticias\/americanas-amer3-acoes-leilao-magazine-luiza-mglu3-via-viia3\/\",\"url\":\"https:\/\/www.suno.com.br\/noticias\/americanas-amer3-acoes-leilao-magazine-luiza-mglu3-via-viia3\/\",\"name\":\"Americanas (AMER3): A\u00e7\u00f5es entram em leil\u00e3o ap\u00f3s rombo bilion\u00e1rio\",\"isPartOf\":{\"@id\":\"https:\/\/www.suno.com.br\/noticias\/#website\"},\"primaryImageOfPage\":{\"@id\":\"https:\/\/www.suno.com.br\/noticias\/americanas-amer3-acoes-leilao-magazine-luiza-mglu3-via-viia3\/#primaryimage\"},\"image\":{\"@id\":\"https:\/\/www.suno.com.br\/noticias\/americanas-amer3-acoes-leilao-magazine-luiza-mglu3-via-viia3\/#primaryimage\"},\"thumbnailUrl\":\"https:\/\/files.sunoresearch.com.br\/n\/uploads\/2022\/01\/Americanas-Foto-2021-Credito-Divulgacao-scaled.jpg\",\"datePublished\":\"2023-01-12T13:36:43+00:00\",\"dateModified\":\"2023-01-12T17:40:03+00:00\",\"description\":\"Ap\u00f3s a nova diretoria da Americanas descobrir um buraco de R$ 20 bilh\u00f5es nas contas da empresa, a\u00e7\u00f5es derretem na bolsa. Clique e confira!\",\"breadcrumb\":{\"@id\":\"https:\/\/www.suno.com.br\/noticias\/americanas-amer3-acoes-leilao-magazine-luiza-mglu3-via-viia3\/#breadcrumb\"},\"inLanguage\":\"pt-BR\",\"potentialAction\":[{\"@type\":\"ReadAction\",\"target\":[\"https:\/\/www.suno.com.br\/noticias\/americanas-amer3-acoes-leilao-magazine-luiza-mglu3-via-viia3\/\"]}]},{\"@type\":\"ImageObject\",\"inLanguage\":\"pt-BR\",\"@id\":\"https:\/\/www.suno.com.br\/noticias\/americanas-amer3-acoes-leilao-magazine-luiza-mglu3-via-viia3\/#primaryimage\",\"url\":\"https:\/\/files.sunoresearch.com.br\/n\/uploads\/2022\/01\/Americanas-Foto-2021-Credito-Divulgacao-scaled.jpg\",\"contentUrl\":\"https:\/\/files.sunoresearch.com.br\/n\/uploads\/2022\/01\/Americanas-Foto-2021-Credito-Divulgacao-scaled.jpg\",\"width\":2560,\"height\":1705,\"caption\":\"Americanas (AMER3). Foto: Divulga\u00e7\u00e3o\"},{\"@type\":\"BreadcrumbList\",\"@id\":\"https:\/\/www.suno.com.br\/noticias\/americanas-amer3-acoes-leilao-magazine-luiza-mglu3-via-viia3\/#breadcrumb\",\"itemListElement\":[{\"@type\":\"ListItem\",\"position\":1,\"name\":\"Not\u00edcias\",\"item\":\"https:\/\/www.suno.com.br\/noticias\/\"},{\"@type\":\"ListItem\",\"position\":2,\"name\":\"Mercado\",\"item\":\"https:\/\/www.suno.com.br\/noticias\/mercado\/\"},{\"@type\":\"ListItem\",\"position\":3,\"name\":\"Americanas (AMER3): a\u00e7\u00f5es entram em leil\u00e3o ap\u00f3s rombo de R$ 20 bilh\u00f5es; Magalu (MGLU3) e Via (VIIA3) s\u00e3o &#8216;arrastadas&#8217;\"}]},{\"@type\":\"WebSite\",\"@id\":\"https:\/\/www.suno.com.br\/noticias\/#website\",\"url\":\"https:\/\/www.suno.com.br\/noticias\/\",\"name\":\"Suno Not\u00edcias\",\"description\":\"Seu portal de informa\u00e7\u00e3o sobre o mundo dos investimentos\",\"publisher\":{\"@id\":\"https:\/\/www.suno.com.br\/noticias\/#organization\"},\"potentialAction\":[{\"@type\":\"SearchAction\",\"target\":{\"@type\":\"EntryPoint\",\"urlTemplate\":\"https:\/\/www.suno.com.br\/noticias\/?s={search_term_string}\"},\"query-input\":{\"@type\":\"PropertyValueSpecification\",\"valueRequired\":true,\"valueName\":\"search_term_string\"}}],\"inLanguage\":\"pt-BR\"},{\"@type\":\"Organization\",\"@id\":\"https:\/\/www.suno.com.br\/noticias\/#organization\",\"name\":\"Suno Not\u00edcias\",\"url\":\"https:\/\/www.suno.com.br\/noticias\/\",\"logo\":{\"@type\":\"ImageObject\",\"inLanguage\":\"pt-BR\",\"@id\":\"https:\/\/www.suno.com.br\/noticias\/#\/schema\/logo\/image\/\",\"url\":\"https:\/\/files.sunoresearch.com.br\/n\/uploads\/2021\/09\/suno-logo.png\",\"contentUrl\":\"https:\/\/files.sunoresearch.com.br\/n\/uploads\/2021\/09\/suno-logo.png\",\"width\":180,\"height\":180,\"caption\":\"Suno Not\u00edcias\"},\"image\":{\"@id\":\"https:\/\/www.suno.com.br\/noticias\/#\/schema\/logo\/image\/\"},\"sameAs\":[\"https:\/\/facebook.com\/sunoresearch\",\"https:\/\/x.com\/sunoresearch\",\"https:\/\/www.instagram.com\/suno\",\"https:\/\/www.linkedin.com\/company\/suno-research\/\",\"https:\/\/www.youtube.com\/c\/sunoresearch\"]},{\"@type\":\"Person\",\"@id\":\"https:\/\/www.suno.com.br\/noticias\/#\/schema\/person\/7f4d362bf3518e76090143ae77bb49a5\",\"name\":\"Eduardo Vargas\",\"image\":{\"@type\":\"ImageObject\",\"inLanguage\":\"pt-BR\",\"@id\":\"https:\/\/www.suno.com.br\/noticias\/#\/schema\/person\/image\/\",\"url\":\"https:\/\/secure.gravatar.com\/avatar\/dac340933427a22924c9f99d1eb2e3f2?s=96&r=g\",\"contentUrl\":\"https:\/\/secure.gravatar.com\/avatar\/dac340933427a22924c9f99d1eb2e3f2?s=96&r=g\",\"caption\":\"Eduardo Vargas\"},\"description\":\"Jornalista formado pela UFSC, cobre macroeconomia, neg\u00f3cios e startups para o Suno Not\u00edcias, escrevendo principalmente not\u00edcias sobre o mercado financeiro e a bolsa de valores. No YouTube e no Instagram, \u00e9 respons\u00e1vel pela produ\u00e7\u00e3o de Reels e Shorts do Suno Not\u00edcias. Anteriormente, trabalhou cobrindo economia e cotidiano no ND+ e para o ND, maior jornal impresso de Santa Catarina. Cursou um semestre letivo de Estudos de M\u00eddia na Universidad de Buenos Aires.\",\"url\":\"https:\/\/www.suno.com.br\/noticias\/author\/eduardo-vargas\/\"}]}<\/script>\n<!-- \/ Yoast SEO plugin. -->","yoast_head_json":{"title":"Americanas (AMER3): A\u00e7\u00f5es entram em leil\u00e3o ap\u00f3s rombo bilion\u00e1rio","description":"Ap\u00f3s a nova diretoria da Americanas descobrir um buraco de R$ 20 bilh\u00f5es nas contas da empresa, a\u00e7\u00f5es derretem na bolsa. Clique e confira!","robots":{"index":"index","follow":"follow","max-snippet":"max-snippet:-1","max-image-preview":"max-image-preview:large","max-video-preview":"max-video-preview:-1"},"canonical":"https:\/\/www.suno.com.br\/noticias\/americanas-amer3-acoes-leilao-magazine-luiza-mglu3-via-viia3\/","og_locale":"pt_BR","og_type":"article","og_title":"Americanas (AMER3): A\u00e7\u00f5es entram em leil\u00e3o ap\u00f3s rombo bilion\u00e1rio","og_description":"Ap\u00f3s a nova diretoria da Americanas descobrir um buraco de R$ 20 bilh\u00f5es nas contas da empresa, a\u00e7\u00f5es derretem na bolsa. Clique e confira!","og_url":"https:\/\/www.suno.com.br\/noticias\/americanas-amer3-acoes-leilao-magazine-luiza-mglu3-via-viia3\/","og_site_name":"Suno Not\u00edcias","article_publisher":"https:\/\/facebook.com\/sunoresearch","og_image":[{"width":2560,"height":1705,"url":"https:\/\/files.sunoresearch.com.br\/n\/uploads\/2022\/01\/Americanas-Foto-2021-Credito-Divulgacao-scaled.jpg","type":"image\/jpeg"}],"author":"Eduardo Vargas","twitter_card":"summary_large_image","twitter_creator":"@sunoresearch","twitter_site":"@sunoresearch","twitter_misc":{"Escrito por":"Eduardo Vargas","Est. tempo de leitura":"2 minutos"},"schema":{"@context":"https:\/\/schema.org","@graph":[{"@type":"NewsArticle","@id":"https:\/\/www.suno.com.br\/noticias\/americanas-amer3-acoes-leilao-magazine-luiza-mglu3-via-viia3\/#article","isPartOf":{"@id":"https:\/\/www.suno.com.br\/noticias\/americanas-amer3-acoes-leilao-magazine-luiza-mglu3-via-viia3\/"},"author":{"name":"Eduardo Vargas","@id":"https:\/\/www.suno.com.br\/noticias\/#\/schema\/person\/7f4d362bf3518e76090143ae77bb49a5"},"headline":"Americanas (AMER3): a\u00e7\u00f5es entram em leil\u00e3o ap\u00f3s rombo de R$ 20 bilh\u00f5es; Magalu (MGLU3) e Via (VIIA3) s\u00e3o &#8216;arrastadas&#8217;","datePublished":"2023-01-12T13:36:43+00:00","dateModified":"2023-01-12T17:40:03+00:00","mainEntityOfPage":{"@id":"https:\/\/www.suno.com.br\/noticias\/americanas-amer3-acoes-leilao-magazine-luiza-mglu3-via-viia3\/"},"wordCount":397,"publisher":{"@id":"https:\/\/www.suno.com.br\/noticias\/#organization"},"image":{"@id":"https:\/\/www.suno.com.br\/noticias\/americanas-amer3-acoes-leilao-magazine-luiza-mglu3-via-viia3\/#primaryimage"},"thumbnailUrl":"https:\/\/files.sunoresearch.com.br\/n\/uploads\/2022\/01\/Americanas-Foto-2021-Credito-Divulgacao-scaled.jpg","keywords":["A\u00e7\u00f5es","Americanas (AMER3)","Magazine Luiza (MGLU3)","Via (VIIA3)"],"articleSection":["Mercado"],"inLanguage":"pt-BR"},{"@type":"WebPage","@id":"https:\/\/www.suno.com.br\/noticias\/americanas-amer3-acoes-leilao-magazine-luiza-mglu3-via-viia3\/","url":"https:\/\/www.suno.com.br\/noticias\/americanas-amer3-acoes-leilao-magazine-luiza-mglu3-via-viia3\/","name":"Americanas (AMER3): A\u00e7\u00f5es entram em leil\u00e3o ap\u00f3s rombo bilion\u00e1rio","isPartOf":{"@id":"https:\/\/www.suno.com.br\/noticias\/#website"},"primaryImageOfPage":{"@id":"https:\/\/www.suno.com.br\/noticias\/americanas-amer3-acoes-leilao-magazine-luiza-mglu3-via-viia3\/#primaryimage"},"image":{"@id":"https:\/\/www.suno.com.br\/noticias\/americanas-amer3-acoes-leilao-magazine-luiza-mglu3-via-viia3\/#primaryimage"},"thumbnailUrl":"https:\/\/files.sunoresearch.com.br\/n\/uploads\/2022\/01\/Americanas-Foto-2021-Credito-Divulgacao-scaled.jpg","datePublished":"2023-01-12T13:36:43+00:00","dateModified":"2023-01-12T17:40:03+00:00","description":"Ap\u00f3s a nova diretoria da Americanas descobrir um buraco de R$ 20 bilh\u00f5es nas contas da empresa, a\u00e7\u00f5es derretem na bolsa. Clique e confira!","breadcrumb":{"@id":"https:\/\/www.suno.com.br\/noticias\/americanas-amer3-acoes-leilao-magazine-luiza-mglu3-via-viia3\/#breadcrumb"},"inLanguage":"pt-BR","potentialAction":[{"@type":"ReadAction","target":["https:\/\/www.suno.com.br\/noticias\/americanas-amer3-acoes-leilao-magazine-luiza-mglu3-via-viia3\/"]}]},{"@type":"ImageObject","inLanguage":"pt-BR","@id":"https:\/\/www.suno.com.br\/noticias\/americanas-amer3-acoes-leilao-magazine-luiza-mglu3-via-viia3\/#primaryimage","url":"https:\/\/files.sunoresearch.com.br\/n\/uploads\/2022\/01\/Americanas-Foto-2021-Credito-Divulgacao-scaled.jpg","contentUrl":"https:\/\/files.sunoresearch.com.br\/n\/uploads\/2022\/01\/Americanas-Foto-2021-Credito-Divulgacao-scaled.jpg","width":2560,"height":1705,"caption":"Americanas (AMER3). Foto: Divulga\u00e7\u00e3o"},{"@type":"BreadcrumbList","@id":"https:\/\/www.suno.com.br\/noticias\/americanas-amer3-acoes-leilao-magazine-luiza-mglu3-via-viia3\/#breadcrumb","itemListElement":[{"@type":"ListItem","position":1,"name":"Not\u00edcias","item":"https:\/\/www.suno.com.br\/noticias\/"},{"@type":"ListItem","position":2,"name":"Mercado","item":"https:\/\/www.suno.com.br\/noticias\/mercado\/"},{"@type":"ListItem","position":3,"name":"Americanas (AMER3): a\u00e7\u00f5es entram em leil\u00e3o ap\u00f3s rombo de R$ 20 bilh\u00f5es; Magalu (MGLU3) e Via (VIIA3) s\u00e3o &#8216;arrastadas&#8217;"}]},{"@type":"WebSite","@id":"https:\/\/www.suno.com.br\/noticias\/#website","url":"https:\/\/www.suno.com.br\/noticias\/","name":"Suno Not\u00edcias","description":"Seu portal de informa\u00e7\u00e3o sobre o mundo dos investimentos","publisher":{"@id":"https:\/\/www.suno.com.br\/noticias\/#organization"},"potentialAction":[{"@type":"SearchAction","target":{"@type":"EntryPoint","urlTemplate":"https:\/\/www.suno.com.br\/noticias\/?s={search_term_string}"},"query-input":{"@type":"PropertyValueSpecification","valueRequired":true,"valueName":"search_term_string"}}],"inLanguage":"pt-BR"},{"@type":"Organization","@id":"https:\/\/www.suno.com.br\/noticias\/#organization","name":"Suno Not\u00edcias","url":"https:\/\/www.suno.com.br\/noticias\/","logo":{"@type":"ImageObject","inLanguage":"pt-BR","@id":"https:\/\/www.suno.com.br\/noticias\/#\/schema\/logo\/image\/","url":"https:\/\/files.sunoresearch.com.br\/n\/uploads\/2021\/09\/suno-logo.png","contentUrl":"https:\/\/files.sunoresearch.com.br\/n\/uploads\/2021\/09\/suno-logo.png","width":180,"height":180,"caption":"Suno Not\u00edcias"},"image":{"@id":"https:\/\/www.suno.com.br\/noticias\/#\/schema\/logo\/image\/"},"sameAs":["https:\/\/facebook.com\/sunoresearch","https:\/\/x.com\/sunoresearch","https:\/\/www.instagram.com\/suno","https:\/\/www.linkedin.com\/company\/suno-research\/","https:\/\/www.youtube.com\/c\/sunoresearch"]},{"@type":"Person","@id":"https:\/\/www.suno.com.br\/noticias\/#\/schema\/person\/7f4d362bf3518e76090143ae77bb49a5","name":"Eduardo Vargas","image":{"@type":"ImageObject","inLanguage":"pt-BR","@id":"https:\/\/www.suno.com.br\/noticias\/#\/schema\/person\/image\/","url":"https:\/\/secure.gravatar.com\/avatar\/dac340933427a22924c9f99d1eb2e3f2?s=96&r=g","contentUrl":"https:\/\/secure.gravatar.com\/avatar\/dac340933427a22924c9f99d1eb2e3f2?s=96&r=g","caption":"Eduardo Vargas"},"description":"Jornalista formado pela UFSC, cobre macroeconomia, neg\u00f3cios e startups para o Suno Not\u00edcias, escrevendo principalmente not\u00edcias sobre o mercado financeiro e a bolsa de valores. No YouTube e no Instagram, \u00e9 respons\u00e1vel pela produ\u00e7\u00e3o de Reels e Shorts do Suno Not\u00edcias. Anteriormente, trabalhou cobrindo economia e cotidiano no ND+ e para o ND, maior jornal impresso de Santa Catarina. Cursou um semestre letivo de Estudos de M\u00eddia na Universidad de Buenos Aires.","url":"https:\/\/www.suno.com.br\/noticias\/author\/eduardo-vargas\/"}]}},"default_loop_html":"<div class=\"cardsPage__listCard__boxs\"><div class=\"cardsPage__listCard__boxs__img\"><a href=\"https:\/\/www.suno.com.br\/noticias\/americanas-amer3-acoes-leilao-magazine-luiza-mglu3-via-viia3\/\"><img class=\"mask\" src=\"https:\/\/www.suno.com.br\/noticias\/wp-content\/themes\/suno\/resources\/images\/spotlight\/spotlight1img\/bg-mask.png\" alt=\"Image Mask\"\/><img src=\"https:\/\/files.sunoresearch.com.br\/n\/uploads\/2022\/01\/Americanas-Foto-2021-Credito-Divulgacao-400x200.jpg\" alt=\"Americanas (AMER3): a\u00e7\u00f5es entram em leil\u00e3o ap\u00f3s rombo de R$ 20 bilh\u00f5es; Magalu (MGLU3) e Via (VIIA3) s\u00e3o &#8216;arrastadas&#8217;\"\/><\/a><span class=\"spotlightCategory\"><a href=\"https:\/\/www.suno.com.br\/noticias\/mercado\/\">Mercado<\/a><\/span><\/div><div class=\"cardsPage__listCard__boxs__content\"><a href=\"https:\/\/www.suno.com.br\/noticias\/americanas-amer3-acoes-leilao-magazine-luiza-mglu3-via-viia3\/\"><h2 class=\"content__title\">Americanas (AMER3): a\u00e7\u00f5es entram em leil\u00e3o ap\u00f3s rombo de R$ 20 bilh\u00f5es; Magalu (MGLU3) e Via (VIIA3) s\u00e3o &#8216;arrastadas&#8217;<\/h2><\/a><div class=\"newsContent__article__meta\"><div class=\"newsContent__article__meta__authorBox\"><a href=\"https:\/\/www.suno.com.br\/noticias\/author\/janize-colaco\/\" class=\"authorBox__avatar noMobi\"><img src=\"https:\/\/files.sunoresearch.com.br\/n\/uploads\/2022\/11\/20221120_111807-1-150x150.jpg\" alt=\"Janize Cola\u00e7o\"><\/a><div class=\"authorBox__name\"><span>por\n\t\t\t<a href=\"https:\/\/www.suno.com.br\/noticias\/author\/janize-colaco\/\"><span itemprop=\"author\">Janize Cola\u00e7o<\/span><\/a><\/span><time datetime=\"2023-01-12T10:36:43-03:00\" itemprop=\"datePublished\">12\/01\/2023 10:36<\/time><\/div><\/div><\/div><\/div><\/div>","single_layout":"posts","amp_enabled":true,"_links":{"self":[{"href":"https:\/\/www.suno.com.br\/noticias\/wp-json\/wp\/v2\/posts\/345376"}],"collection":[{"href":"https:\/\/www.suno.com.br\/noticias\/wp-json\/wp\/v2\/posts"}],"about":[{"href":"https:\/\/www.suno.com.br\/noticias\/wp-json\/wp\/v2\/types\/post"}],"author":[{"embeddable":true,"href":"https:\/\/www.suno.com.br\/noticias\/wp-json\/wp\/v2\/users\/73"}],"replies":[{"embeddable":true,"href":"https:\/\/www.suno.com.br\/noticias\/wp-json\/wp\/v2\/comments?post=345376"}],"version-history":[{"count":3,"href":"https:\/\/www.suno.com.br\/noticias\/wp-json\/wp\/v2\/posts\/345376\/revisions"}],"predecessor-version":[{"id":345735,"href":"https:\/\/www.suno.com.br\/noticias\/wp-json\/wp\/v2\/posts\/345376\/revisions\/345735"}],"wp:featuredmedia":[{"embeddable":true,"href":"https:\/\/www.suno.com.br\/noticias\/wp-json\/wp\/v2\/media\/223984"}],"wp:attachment":[{"href":"https:\/\/www.suno.com.br\/noticias\/wp-json\/wp\/v2\/media?parent=345376"}],"wp:term":[{"taxonomy":"category","embeddable":true,"href":"https:\/\/www.suno.com.br\/noticias\/wp-json\/wp\/v2\/categories?post=345376"},{"taxonomy":"post_tag","embeddable":true,"href":"https:\/\/www.suno.com.br\/noticias\/wp-json\/wp\/v2\/tags?post=345376"},{"taxonomy":"suno_strategy","embeddable":true,"href":"https:\/\/www.suno.com.br\/noticias\/wp-json\/wp\/v2\/suno_strategy?post=345376"}],"curies":[{"name":"wp","href":"https:\/\/api.w.org\/{rel}","templated":true}]}}