{"id":34516,"date":"2019-08-19T09:06:37","date_gmt":"2019-08-19T12:06:37","guid":{"rendered":"https:\/\/www.suno.com.br\/noticias\/?p=34516"},"modified":"2019-08-19T12:44:19","modified_gmt":"2019-08-19T15:44:19","slug":"reforma-previdencia-no-senado-audiencia-ccj","status":"publish","type":"post","link":"https:\/\/www.suno.com.br\/noticias\/reforma-previdencia-no-senado-audiencia-ccj\/","title":{"rendered":"Reforma da Previd\u00eancia tramita no Senado com audi\u00eancia na CCJ"},"content":{"rendered":"<p>Ap\u00f3s a reforma da Previd\u00eancia ter seu calend\u00e1rio definido no Senado, a <strong>Proposta de Emenda Constitucional (PEC)<\/strong> que prop\u00f5e a altera\u00e7\u00e3o nas regras para a aposentadoria deve continuar sua tramita\u00e7\u00e3o nesta segunda-feira (19).<\/p>\t<div class=\"wrapper-featured-image\">\n\t\t<figure class=\"spotlightImg\">\n\n\t\t\t<picture>\n\t\t\t\t<source media=\"(max-width: 768px)\" srcset=\"https:\/\/files.sunoresearch.com.br\/n\/uploads\/2019\/06\/f8e7c423-projeto-do-saneamento-\u00e9-aprovada-no-senado-400x200.webp\">\n\t\t\t\t<img loading=\"lazy\" decoding=\"async\" class=\"newsContent__article__imgCapa lazyloadDisabled newsContent__article__imgCapa--noCaption\" src=\"https:\/\/files.sunoresearch.com.br\/n\/uploads\/2019\/06\/f8e7c423-projeto-do-saneamento-\u00e9-aprovada-no-senado-800x450.webp\" width=\"800\" height=\"450\" alt=\"Reforma da Previd\u00eancia tramita no Senado com audi\u00eancia na CCJ\" fetchpriority=high \/>\n\t\t\t<\/picture>\n\n\t\t\t<figcaption class=\"wp-caption-text wp-caption-text--hide\">Reforma da Previd\u00eancia tramita no Senado com audi\u00eancia na CCJ<\/figcaption>\n\t\t<\/figure>\n\t<\/div>\n\n\n<p>No Senado, a <strong>Comiss\u00e3o de Constitui\u00e7\u00e3o e Justi\u00e7a (CCJ)<\/strong> realizar\u00e1 as primeiras audi\u00eancias p\u00fablicas sobre o tema entre esta segunda e a pr\u00f3xima quinta-feira (22). O objetivo \u00e9 que em plen\u00e1rio, no dia 18 de setembro, o texto da <strong>reforma da Previd\u00eancia<\/strong> seja apreciado em primeiro turno.<\/p>\n\n<h2>Pr\u00f3ximos passos da reforma da Previd\u00eancia<\/h2>\n<p>Nesta semana, a ideia \u00e9 que a <strong>CCJ<\/strong> analise o texto da reforma em audi\u00eancias p\u00fablicas na presen\u00e7a de especialistas e representantes do governo. <strong>Tasso Jereissati (PSDB-CE)<\/strong>, e j\u00e1 nesta segunda-feira o colegiado ouvir\u00e1 nomes como Rog\u00e9rio Marinho, secret\u00e1rio especial de Trabalho e Previd\u00eancia, e do ex-ministro da Fazenda, Nelson Barbosa.<\/p>\n<p><a href=\"https:\/\/www.suno.com.br\/noticias\/economia-reforma-previdencia-acima-r-800-bi-marinho\/\">Saiba mais: Economia com reforma da Previd\u00eancia ficar\u00e1 acima de R$ 933,5 bi, diz Marinho<\/a><\/p>\n<p>O senador Randolfe Rodrigues (Rede-AP) solicitou atrav\u00e9s de um requerimento o comparecimento do Ministro da Economia, <strong>Paulo Guedes<\/strong>. At\u00e9 o momento, por\u00e9m, a visita n\u00e3o est\u00e1 confirmada.<\/p>\n<p>O calend\u00e1rio, que na semana passada foi definido pelos senadores, prev\u00ea que todo o processo de aprova\u00e7\u00e3o seja conclu\u00eddo at\u00e9 2 de outubro, incluindo a aprova\u00e7\u00e3o da mat\u00e9ria em dois turnos pelo plen\u00e1rio da casa. Entretanto, para cumprir as datas previstas, parte do projeto do governo deve ser deixado de lado nesse momento.<\/p>\n<p>Assuntos como a capitaliza\u00e7\u00e3o e a inclus\u00e3o de estados e munic\u00edpios na <strong>reforma da Previd\u00eancia<\/strong> devem ser adiados a fim de evitar atrasos e n\u00e3o atrapalhar a aprova\u00e7\u00e3o do texto principal.<\/p>\n<p><a href=\"https:\/\/www.suno.com.br\/noticias\/camara-comeca-analise-previdencia-militares\/\">Veja tamb\u00e9m: C\u00e2mara come\u00e7a an\u00e1lise da reforma da previd\u00eancia dos Militares<\/a><\/p>\n<p>Al\u00e9m desses pontos, a reforma dos militares foi outro item retirado do texto principal a fim de agilizar as vota\u00e7\u00f5es. Simultaneamente, uma comiss\u00e3o especial montada na C\u00e2mara pretende vota-la at\u00e9 o final de setembro.<\/p>\n<p>Apesar da inclina\u00e7\u00e3o a permanecer sem altera\u00e7\u00f5es, os procuradores de Justi\u00e7a devem solicitar o afrouxamento das regras previstas no texto. Na \u00faltima quarta-feira (14), uma comitiva se reuniu com o senador Jereissati, solicitando altera\u00e7\u00f5es em artigos considerados question\u00e1veis.<\/p>\n\t<p>\n\t\t<a href=\"https:\/\/lp.suno.com.br\/ebook-gratuito-investindo-no-exterior\/\" target=\"_blank\" data-element=\"shortcode-suno-banner\" title=\"Banner SUNO, clique e saiba mais\">\n\t\t\t<picture>\n\t\t\t\t<source media=\"(max-width: 500px)\" srcset=\"https:\/\/files.sunoresearch.com.br\/n\/uploads\/2023\/03\/400x300-Investindo-no-exterior.png\">\n\t\t\t\t<img class=\"newsContent__article__imgCapa newsContent__article__imgCapa--banner\"\n\t\t\t\t\tsrc=\"https:\/\/files.sunoresearch.com.br\/n\/uploads\/2023\/03\/1420x240-Investindo-no-exterior.png\"\n\t\t\t\t\tdata-promo-id=\"383161\"\t\t\t\t\t\t\t\t\t\twidth='1420' height='240'\t\t\t\t\talt=\"https:\/\/files.sunoresearch.com.br\/n\/uploads\/2023\/03\/1420x240-Investindo-no-exterior.png\"\n\t\t\t\t>\n\t\t\t<\/picture>\n\t\t<\/a>\n\t<\/p>\n\n\n<p>Entre as principais queixas inclusas \u00e0 <strong>reforma da Previd\u00eancia<\/strong>, est\u00e3o a al\u00edquota progressiva, elevando a contribui\u00e7\u00e3o previdenci\u00e1ria de um promotor de R$ 3,7 mil (11%) para R$ 5,6 mil (16,8%) sobre o sal\u00e1rio bruto (R$ 33,6 mil); a redu\u00e7\u00e3o de at\u00e9 dois ter\u00e7os da pens\u00e3o por morte, que hoje est\u00e1 em R$ 25,3 mil; e as regras de transi\u00e7\u00e3o para ingressou \u00e0 carreira a partir de 2004.<\/p>\n","protected":false},"excerpt":{"rendered":"<p>Ap\u00f3s a reforma da Previd\u00eancia ter seu calend\u00e1rio definido no Senado, a Proposta de Emenda Constitucional (PEC) que prop\u00f5e a altera\u00e7\u00e3o nas regras para a aposentadoria deve continuar sua tramita\u00e7\u00e3o nesta segunda-feira (19). Reforma da Previd\u00eancia tramita no Senado com audi\u00eancia na CCJ No Senado, a Comiss\u00e3o de Constitui\u00e7\u00e3o e Justi\u00e7a (CCJ) realizar\u00e1 as primeiras [&hellip;]<\/p>\n","protected":false},"author":24,"featured_media":27487,"comment_status":"closed","ping_status":"closed","sticky":false,"template":"","format":"standard","meta":[],"categories":[61],"tags":[1325,940,1068],"suno_strategy":[],"class_list":["post-34516","post","type-post","status-publish","format-standard","has-post-thumbnail","hentry","category-politica","tag-ccj","tag-reforma-da-previdencia","tag-senado-federal"],"yoast_head":"<!-- This site is optimized with the Yoast SEO plugin v24.4 - https:\/\/yoast.com\/wordpress\/plugins\/seo\/ -->\n<title>Reforma da Previd\u00eancia tramita no Senado com audi\u00eancia na CCJ<\/title>\n<meta name=\"description\" content=\"Ap\u00f3s a reforma da Previd\u00eancia ter seu calend\u00e1rio definido no Senado, deve continuar sua tramita\u00e7\u00e3o nesta segunda-feira. Saiba mais.\" \/>\n<meta name=\"robots\" content=\"index, follow, max-snippet:-1, max-image-preview:large, max-video-preview:-1\" \/>\n<link rel=\"canonical\" href=\"https:\/\/www.suno.com.br\/noticias\/reforma-previdencia-no-senado-audiencia-ccj\/\" \/>\n<meta property=\"og:locale\" content=\"pt_BR\" \/>\n<meta property=\"og:type\" content=\"article\" \/>\n<meta property=\"og:title\" content=\"Reforma da Previd\u00eancia tramita no Senado com audi\u00eancia na CCJ\" \/>\n<meta property=\"og:description\" content=\"Ap\u00f3s a reforma da Previd\u00eancia ter seu calend\u00e1rio definido no Senado, deve continuar sua tramita\u00e7\u00e3o nesta segunda-feira. Saiba mais.\" \/>\n<meta property=\"og:url\" content=\"https:\/\/www.suno.com.br\/noticias\/reforma-previdencia-no-senado-audiencia-ccj\/\" \/>\n<meta property=\"og:site_name\" content=\"Suno Not\u00edcias\" \/>\n<meta property=\"article:publisher\" content=\"https:\/\/facebook.com\/sunoresearch\" \/>\n<meta property=\"og:image\" content=\"https:\/\/files.sunoresearch.com.br\/n\/uploads\/2019\/06\/f8e7c423-projeto-do-saneamento-\u00e9-aprovada-no-senado.jpg\" \/>\n\t<meta property=\"og:image:width\" content=\"1600\" \/>\n\t<meta property=\"og:image:height\" content=\"1067\" \/>\n\t<meta property=\"og:image:type\" content=\"image\/jpeg\" \/>\n<meta name=\"author\" content=\"Jader Lazarini\" \/>\n<meta name=\"twitter:card\" content=\"summary_large_image\" \/>\n<meta name=\"twitter:creator\" content=\"@sunoresearch\" \/>\n<meta name=\"twitter:site\" content=\"@sunoresearch\" \/>\n<meta name=\"twitter:label1\" content=\"Escrito por\" \/>\n\t<meta name=\"twitter:data1\" content=\"Jader Lazarini\" \/>\n\t<meta name=\"twitter:label2\" content=\"Est. tempo de leitura\" \/>\n\t<meta name=\"twitter:data2\" content=\"2 minutos\" \/>\n<script type=\"application\/ld+json\" class=\"yoast-schema-graph\">{\"@context\":\"https:\/\/schema.org\",\"@graph\":[{\"@type\":\"NewsArticle\",\"@id\":\"https:\/\/www.suno.com.br\/noticias\/reforma-previdencia-no-senado-audiencia-ccj\/#article\",\"isPartOf\":{\"@id\":\"https:\/\/www.suno.com.br\/noticias\/reforma-previdencia-no-senado-audiencia-ccj\/\"},\"author\":{\"name\":\"Jader Lazarini\",\"@id\":\"https:\/\/www.suno.com.br\/noticias\/#\/schema\/person\/918d79de1f0281f01599b93f9ea6e23f\"},\"headline\":\"Reforma da Previd\u00eancia tramita no Senado com audi\u00eancia na CCJ\",\"datePublished\":\"2019-08-19T12:06:37+00:00\",\"dateModified\":\"2019-08-19T15:44:19+00:00\",\"mainEntityOfPage\":{\"@id\":\"https:\/\/www.suno.com.br\/noticias\/reforma-previdencia-no-senado-audiencia-ccj\/\"},\"wordCount\":475,\"publisher\":{\"@id\":\"https:\/\/www.suno.com.br\/noticias\/#organization\"},\"image\":{\"@id\":\"https:\/\/www.suno.com.br\/noticias\/reforma-previdencia-no-senado-audiencia-ccj\/#primaryimage\"},\"thumbnailUrl\":\"https:\/\/files.sunoresearch.com.br\/n\/uploads\/2019\/06\/f8e7c423-projeto-do-saneamento-\u00e9-aprovada-no-senado-jpg.webp\",\"keywords\":[\"CCJ\",\"Reforma da Previd\u00eancia\",\"Senado Federal\"],\"articleSection\":[\"Pol\u00edtica\"],\"inLanguage\":\"pt-BR\"},{\"@type\":\"WebPage\",\"@id\":\"https:\/\/www.suno.com.br\/noticias\/reforma-previdencia-no-senado-audiencia-ccj\/\",\"url\":\"https:\/\/www.suno.com.br\/noticias\/reforma-previdencia-no-senado-audiencia-ccj\/\",\"name\":\"Reforma da Previd\u00eancia tramita no Senado com audi\u00eancia na CCJ\",\"isPartOf\":{\"@id\":\"https:\/\/www.suno.com.br\/noticias\/#website\"},\"primaryImageOfPage\":{\"@id\":\"https:\/\/www.suno.com.br\/noticias\/reforma-previdencia-no-senado-audiencia-ccj\/#primaryimage\"},\"image\":{\"@id\":\"https:\/\/www.suno.com.br\/noticias\/reforma-previdencia-no-senado-audiencia-ccj\/#primaryimage\"},\"thumbnailUrl\":\"https:\/\/files.sunoresearch.com.br\/n\/uploads\/2019\/06\/f8e7c423-projeto-do-saneamento-\u00e9-aprovada-no-senado-jpg.webp\",\"datePublished\":\"2019-08-19T12:06:37+00:00\",\"dateModified\":\"2019-08-19T15:44:19+00:00\",\"description\":\"Ap\u00f3s a reforma da Previd\u00eancia ter seu calend\u00e1rio definido no Senado, deve continuar sua tramita\u00e7\u00e3o nesta segunda-feira. Saiba mais.\",\"breadcrumb\":{\"@id\":\"https:\/\/www.suno.com.br\/noticias\/reforma-previdencia-no-senado-audiencia-ccj\/#breadcrumb\"},\"inLanguage\":\"pt-BR\",\"potentialAction\":[{\"@type\":\"ReadAction\",\"target\":[\"https:\/\/www.suno.com.br\/noticias\/reforma-previdencia-no-senado-audiencia-ccj\/\"]}]},{\"@type\":\"ImageObject\",\"inLanguage\":\"pt-BR\",\"@id\":\"https:\/\/www.suno.com.br\/noticias\/reforma-previdencia-no-senado-audiencia-ccj\/#primaryimage\",\"url\":\"https:\/\/files.sunoresearch.com.br\/n\/uploads\/2019\/06\/f8e7c423-projeto-do-saneamento-\u00e9-aprovada-no-senado-jpg.webp\",\"contentUrl\":\"https:\/\/files.sunoresearch.com.br\/n\/uploads\/2019\/06\/f8e7c423-projeto-do-saneamento-\u00e9-aprovada-no-senado-jpg.webp\",\"width\":1600,\"height\":1067,\"caption\":\"Reforma da Previd\u00eancia tramita no Senado com audi\u00eancia na CCJ\"},{\"@type\":\"BreadcrumbList\",\"@id\":\"https:\/\/www.suno.com.br\/noticias\/reforma-previdencia-no-senado-audiencia-ccj\/#breadcrumb\",\"itemListElement\":[{\"@type\":\"ListItem\",\"position\":1,\"name\":\"Not\u00edcias\",\"item\":\"https:\/\/www.suno.com.br\/noticias\/\"},{\"@type\":\"ListItem\",\"position\":2,\"name\":\"Pol\u00edtica\",\"item\":\"https:\/\/www.suno.com.br\/noticias\/politica\/\"},{\"@type\":\"ListItem\",\"position\":3,\"name\":\"Reforma da Previd\u00eancia tramita no Senado com audi\u00eancia na CCJ\"}]},{\"@type\":\"WebSite\",\"@id\":\"https:\/\/www.suno.com.br\/noticias\/#website\",\"url\":\"https:\/\/www.suno.com.br\/noticias\/\",\"name\":\"Suno Not\u00edcias\",\"description\":\"Seu portal de informa\u00e7\u00e3o sobre o mundo dos investimentos\",\"publisher\":{\"@id\":\"https:\/\/www.suno.com.br\/noticias\/#organization\"},\"potentialAction\":[{\"@type\":\"SearchAction\",\"target\":{\"@type\":\"EntryPoint\",\"urlTemplate\":\"https:\/\/www.suno.com.br\/noticias\/?s={search_term_string}\"},\"query-input\":{\"@type\":\"PropertyValueSpecification\",\"valueRequired\":true,\"valueName\":\"search_term_string\"}}],\"inLanguage\":\"pt-BR\"},{\"@type\":\"Organization\",\"@id\":\"https:\/\/www.suno.com.br\/noticias\/#organization\",\"name\":\"Suno Not\u00edcias\",\"url\":\"https:\/\/www.suno.com.br\/noticias\/\",\"logo\":{\"@type\":\"ImageObject\",\"inLanguage\":\"pt-BR\",\"@id\":\"https:\/\/www.suno.com.br\/noticias\/#\/schema\/logo\/image\/\",\"url\":\"https:\/\/files.sunoresearch.com.br\/n\/uploads\/2021\/09\/suno-logo.png\",\"contentUrl\":\"https:\/\/files.sunoresearch.com.br\/n\/uploads\/2021\/09\/suno-logo.png\",\"width\":180,\"height\":180,\"caption\":\"Suno Not\u00edcias\"},\"image\":{\"@id\":\"https:\/\/www.suno.com.br\/noticias\/#\/schema\/logo\/image\/\"},\"sameAs\":[\"https:\/\/facebook.com\/sunoresearch\",\"https:\/\/x.com\/sunoresearch\",\"https:\/\/www.instagram.com\/suno\",\"https:\/\/www.linkedin.com\/company\/suno-research\/\",\"https:\/\/www.youtube.com\/c\/sunoresearch\"]},{\"@type\":\"Person\",\"@id\":\"https:\/\/www.suno.com.br\/noticias\/#\/schema\/person\/918d79de1f0281f01599b93f9ea6e23f\",\"name\":\"Jader Lazarini\",\"image\":{\"@type\":\"ImageObject\",\"inLanguage\":\"pt-BR\",\"@id\":\"https:\/\/www.suno.com.br\/noticias\/#\/schema\/person\/image\/\",\"url\":\"https:\/\/secure.gravatar.com\/avatar\/3c1ad8caa51589841baeb923fcddea97?s=96&r=g\",\"contentUrl\":\"https:\/\/secure.gravatar.com\/avatar\/3c1ad8caa51589841baeb923fcddea97?s=96&r=g\",\"caption\":\"Jader Lazarini\"},\"description\":\"Jader Lazarini escreve sobre investimentos, finan\u00e7as, economia e neg\u00f3cios. \u00c9 bacharel em Rela\u00e7\u00f5es Internacionais e analista CNPI (2619).\",\"url\":\"https:\/\/www.suno.com.br\/noticias\/author\/jader-lazarini\/\"}]}<\/script>\n<!-- \/ Yoast SEO plugin. -->","yoast_head_json":{"title":"Reforma da Previd\u00eancia tramita no Senado com audi\u00eancia na CCJ","description":"Ap\u00f3s a reforma da Previd\u00eancia ter seu calend\u00e1rio definido no Senado, deve continuar sua tramita\u00e7\u00e3o nesta segunda-feira. Saiba mais.","robots":{"index":"index","follow":"follow","max-snippet":"max-snippet:-1","max-image-preview":"max-image-preview:large","max-video-preview":"max-video-preview:-1"},"canonical":"https:\/\/www.suno.com.br\/noticias\/reforma-previdencia-no-senado-audiencia-ccj\/","og_locale":"pt_BR","og_type":"article","og_title":"Reforma da Previd\u00eancia tramita no Senado com audi\u00eancia na CCJ","og_description":"Ap\u00f3s a reforma da Previd\u00eancia ter seu calend\u00e1rio definido no Senado, deve continuar sua tramita\u00e7\u00e3o nesta segunda-feira. Saiba mais.","og_url":"https:\/\/www.suno.com.br\/noticias\/reforma-previdencia-no-senado-audiencia-ccj\/","og_site_name":"Suno Not\u00edcias","article_publisher":"https:\/\/facebook.com\/sunoresearch","og_image":[{"width":1600,"height":1067,"url":"https:\/\/files.sunoresearch.com.br\/n\/uploads\/2019\/06\/f8e7c423-projeto-do-saneamento-\u00e9-aprovada-no-senado.jpg","type":"image\/jpeg"}],"author":"Jader Lazarini","twitter_card":"summary_large_image","twitter_creator":"@sunoresearch","twitter_site":"@sunoresearch","twitter_misc":{"Escrito por":"Jader Lazarini","Est. tempo de leitura":"2 minutos"},"schema":{"@context":"https:\/\/schema.org","@graph":[{"@type":"NewsArticle","@id":"https:\/\/www.suno.com.br\/noticias\/reforma-previdencia-no-senado-audiencia-ccj\/#article","isPartOf":{"@id":"https:\/\/www.suno.com.br\/noticias\/reforma-previdencia-no-senado-audiencia-ccj\/"},"author":{"name":"Jader Lazarini","@id":"https:\/\/www.suno.com.br\/noticias\/#\/schema\/person\/918d79de1f0281f01599b93f9ea6e23f"},"headline":"Reforma da Previd\u00eancia tramita no Senado com audi\u00eancia na CCJ","datePublished":"2019-08-19T12:06:37+00:00","dateModified":"2019-08-19T15:44:19+00:00","mainEntityOfPage":{"@id":"https:\/\/www.suno.com.br\/noticias\/reforma-previdencia-no-senado-audiencia-ccj\/"},"wordCount":475,"publisher":{"@id":"https:\/\/www.suno.com.br\/noticias\/#organization"},"image":{"@id":"https:\/\/www.suno.com.br\/noticias\/reforma-previdencia-no-senado-audiencia-ccj\/#primaryimage"},"thumbnailUrl":"https:\/\/files.sunoresearch.com.br\/n\/uploads\/2019\/06\/f8e7c423-projeto-do-saneamento-\u00e9-aprovada-no-senado-jpg.webp","keywords":["CCJ","Reforma da Previd\u00eancia","Senado Federal"],"articleSection":["Pol\u00edtica"],"inLanguage":"pt-BR"},{"@type":"WebPage","@id":"https:\/\/www.suno.com.br\/noticias\/reforma-previdencia-no-senado-audiencia-ccj\/","url":"https:\/\/www.suno.com.br\/noticias\/reforma-previdencia-no-senado-audiencia-ccj\/","name":"Reforma da Previd\u00eancia tramita no Senado com audi\u00eancia na CCJ","isPartOf":{"@id":"https:\/\/www.suno.com.br\/noticias\/#website"},"primaryImageOfPage":{"@id":"https:\/\/www.suno.com.br\/noticias\/reforma-previdencia-no-senado-audiencia-ccj\/#primaryimage"},"image":{"@id":"https:\/\/www.suno.com.br\/noticias\/reforma-previdencia-no-senado-audiencia-ccj\/#primaryimage"},"thumbnailUrl":"https:\/\/files.sunoresearch.com.br\/n\/uploads\/2019\/06\/f8e7c423-projeto-do-saneamento-\u00e9-aprovada-no-senado-jpg.webp","datePublished":"2019-08-19T12:06:37+00:00","dateModified":"2019-08-19T15:44:19+00:00","description":"Ap\u00f3s a reforma da Previd\u00eancia ter seu calend\u00e1rio definido no Senado, deve continuar sua tramita\u00e7\u00e3o nesta segunda-feira. Saiba mais.","breadcrumb":{"@id":"https:\/\/www.suno.com.br\/noticias\/reforma-previdencia-no-senado-audiencia-ccj\/#breadcrumb"},"inLanguage":"pt-BR","potentialAction":[{"@type":"ReadAction","target":["https:\/\/www.suno.com.br\/noticias\/reforma-previdencia-no-senado-audiencia-ccj\/"]}]},{"@type":"ImageObject","inLanguage":"pt-BR","@id":"https:\/\/www.suno.com.br\/noticias\/reforma-previdencia-no-senado-audiencia-ccj\/#primaryimage","url":"https:\/\/files.sunoresearch.com.br\/n\/uploads\/2019\/06\/f8e7c423-projeto-do-saneamento-\u00e9-aprovada-no-senado-jpg.webp","contentUrl":"https:\/\/files.sunoresearch.com.br\/n\/uploads\/2019\/06\/f8e7c423-projeto-do-saneamento-\u00e9-aprovada-no-senado-jpg.webp","width":1600,"height":1067,"caption":"Reforma da Previd\u00eancia tramita no Senado com audi\u00eancia na CCJ"},{"@type":"BreadcrumbList","@id":"https:\/\/www.suno.com.br\/noticias\/reforma-previdencia-no-senado-audiencia-ccj\/#breadcrumb","itemListElement":[{"@type":"ListItem","position":1,"name":"Not\u00edcias","item":"https:\/\/www.suno.com.br\/noticias\/"},{"@type":"ListItem","position":2,"name":"Pol\u00edtica","item":"https:\/\/www.suno.com.br\/noticias\/politica\/"},{"@type":"ListItem","position":3,"name":"Reforma da Previd\u00eancia tramita no Senado com audi\u00eancia na CCJ"}]},{"@type":"WebSite","@id":"https:\/\/www.suno.com.br\/noticias\/#website","url":"https:\/\/www.suno.com.br\/noticias\/","name":"Suno Not\u00edcias","description":"Seu portal de informa\u00e7\u00e3o sobre o mundo dos investimentos","publisher":{"@id":"https:\/\/www.suno.com.br\/noticias\/#organization"},"potentialAction":[{"@type":"SearchAction","target":{"@type":"EntryPoint","urlTemplate":"https:\/\/www.suno.com.br\/noticias\/?s={search_term_string}"},"query-input":{"@type":"PropertyValueSpecification","valueRequired":true,"valueName":"search_term_string"}}],"inLanguage":"pt-BR"},{"@type":"Organization","@id":"https:\/\/www.suno.com.br\/noticias\/#organization","name":"Suno Not\u00edcias","url":"https:\/\/www.suno.com.br\/noticias\/","logo":{"@type":"ImageObject","inLanguage":"pt-BR","@id":"https:\/\/www.suno.com.br\/noticias\/#\/schema\/logo\/image\/","url":"https:\/\/files.sunoresearch.com.br\/n\/uploads\/2021\/09\/suno-logo.png","contentUrl":"https:\/\/files.sunoresearch.com.br\/n\/uploads\/2021\/09\/suno-logo.png","width":180,"height":180,"caption":"Suno Not\u00edcias"},"image":{"@id":"https:\/\/www.suno.com.br\/noticias\/#\/schema\/logo\/image\/"},"sameAs":["https:\/\/facebook.com\/sunoresearch","https:\/\/x.com\/sunoresearch","https:\/\/www.instagram.com\/suno","https:\/\/www.linkedin.com\/company\/suno-research\/","https:\/\/www.youtube.com\/c\/sunoresearch"]},{"@type":"Person","@id":"https:\/\/www.suno.com.br\/noticias\/#\/schema\/person\/918d79de1f0281f01599b93f9ea6e23f","name":"Jader Lazarini","image":{"@type":"ImageObject","inLanguage":"pt-BR","@id":"https:\/\/www.suno.com.br\/noticias\/#\/schema\/person\/image\/","url":"https:\/\/secure.gravatar.com\/avatar\/3c1ad8caa51589841baeb923fcddea97?s=96&r=g","contentUrl":"https:\/\/secure.gravatar.com\/avatar\/3c1ad8caa51589841baeb923fcddea97?s=96&r=g","caption":"Jader Lazarini"},"description":"Jader Lazarini escreve sobre investimentos, finan\u00e7as, economia e neg\u00f3cios. \u00c9 bacharel em Rela\u00e7\u00f5es Internacionais e analista CNPI (2619).","url":"https:\/\/www.suno.com.br\/noticias\/author\/jader-lazarini\/"}]}},"default_loop_html":"<div class=\"cardsPage__listCard__boxs\"><div class=\"cardsPage__listCard__boxs__img\"><a href=\"https:\/\/www.suno.com.br\/noticias\/reforma-previdencia-no-senado-audiencia-ccj\/\"><img class=\"mask\" src=\"https:\/\/www.suno.com.br\/noticias\/wp-content\/themes\/suno\/resources\/images\/spotlight\/spotlight1img\/bg-mask.png\" alt=\"Image Mask\"\/><img src=\"https:\/\/files.sunoresearch.com.br\/n\/uploads\/2019\/06\/f8e7c423-projeto-do-saneamento-\u00e9-aprovada-no-senado-400x200.webp\" alt=\"Reforma da Previd\u00eancia tramita no Senado com audi\u00eancia na CCJ\"\/><\/a><span class=\"spotlightCategory\"><a href=\"https:\/\/www.suno.com.br\/noticias\/politica\/\">Pol\u00edtica<\/a><\/span><\/div><div class=\"cardsPage__listCard__boxs__content\"><a href=\"https:\/\/www.suno.com.br\/noticias\/reforma-previdencia-no-senado-audiencia-ccj\/\"><h2 class=\"content__title\">Reforma da Previd\u00eancia tramita no Senado com audi\u00eancia na CCJ<\/h2><\/a><div class=\"newsContent__article__meta\"><div class=\"newsContent__article__meta__authorBox\"><a href=\"https:\/\/www.suno.com.br\/noticias\/author\/jader-lazarini\/\" class=\"authorBox__avatar noMobi\"><img src=\"https:\/\/files.sunoresearch.com.br\/n\/uploads\/2021\/01\/178e6598-foto-perfil-2-150x150.jpg\" alt=\"Jader Lazarini\"><\/a><div class=\"authorBox__name\"><span>por\n\t\t\t<a href=\"https:\/\/www.suno.com.br\/noticias\/author\/jader-lazarini\/\"><span itemprop=\"author\">Jader Lazarini<\/span><\/a><\/span><time datetime=\"2019-08-19T09:06:37-03:00\" itemprop=\"datePublished\">19\/08\/2019 09:06<\/time><\/div><\/div><\/div><\/div><\/div>","single_layout":"posts","amp_enabled":true,"_links":{"self":[{"href":"https:\/\/www.suno.com.br\/noticias\/wp-json\/wp\/v2\/posts\/34516"}],"collection":[{"href":"https:\/\/www.suno.com.br\/noticias\/wp-json\/wp\/v2\/posts"}],"about":[{"href":"https:\/\/www.suno.com.br\/noticias\/wp-json\/wp\/v2\/types\/post"}],"author":[{"embeddable":true,"href":"https:\/\/www.suno.com.br\/noticias\/wp-json\/wp\/v2\/users\/24"}],"replies":[{"embeddable":true,"href":"https:\/\/www.suno.com.br\/noticias\/wp-json\/wp\/v2\/comments?post=34516"}],"version-history":[{"count":0,"href":"https:\/\/www.suno.com.br\/noticias\/wp-json\/wp\/v2\/posts\/34516\/revisions"}],"wp:featuredmedia":[{"embeddable":true,"href":"https:\/\/www.suno.com.br\/noticias\/wp-json\/wp\/v2\/media\/27487"}],"wp:attachment":[{"href":"https:\/\/www.suno.com.br\/noticias\/wp-json\/wp\/v2\/media?parent=34516"}],"wp:term":[{"taxonomy":"category","embeddable":true,"href":"https:\/\/www.suno.com.br\/noticias\/wp-json\/wp\/v2\/categories?post=34516"},{"taxonomy":"post_tag","embeddable":true,"href":"https:\/\/www.suno.com.br\/noticias\/wp-json\/wp\/v2\/tags?post=34516"},{"taxonomy":"suno_strategy","embeddable":true,"href":"https:\/\/www.suno.com.br\/noticias\/wp-json\/wp\/v2\/suno_strategy?post=34516"}],"curies":[{"name":"wp","href":"https:\/\/api.w.org\/{rel}","templated":true}]}}