{"id":34512,"date":"2019-08-19T08:30:28","date_gmt":"2019-08-19T11:30:28","guid":{"rendered":"https:\/\/www.suno.com.br\/noticias\/?p=34512"},"modified":"2019-08-19T08:30:28","modified_gmt":"2019-08-19T11:30:28","slug":"argentina-rebate-bolsonaro-fechar-economia","status":"publish","type":"post","link":"https:\/\/www.suno.com.br\/noticias\/argentina-rebate-bolsonaro-fechar-economia\/","title":{"rendered":"Argentina: Fern\u00e1ndez diz a Bolsonaro que &#8216;n\u00e3o vai fechar a economia&#8217;"},"content":{"rendered":"<p><strong>Alberto Fern\u00e1ndez<\/strong>, candidato da oposi\u00e7\u00e3o \u00e0 presid\u00eancia da Argentina, em entrevista ao &#8220;La Naci\u00f3n&#8221; e &#8220;Clar\u00edn&#8221;, rebateu as recentes declara\u00e7\u00f5es do presidente do <strong>Brasil<\/strong>, Jair Bolsonaro. &#8220;N\u00e3o se preocupem porque n\u00e3o pretendo fechar a economia&#8221;, afirmou.<\/p>\t<div class=\"wrapper-featured-image\">\n\t\t<figure class=\"spotlightImg\">\n\n\t\t\t<picture>\n\t\t\t\t<source media=\"(max-width: 768px)\" srcset=\"https:\/\/files.sunoresearch.com.br\/n\/uploads\/2019\/08\/f1bfb368-eleicoes-argentina--400x200.webp\">\n\t\t\t\t<img loading=\"lazy\" decoding=\"async\" class=\"newsContent__article__imgCapa lazyloadDisabled newsContent__article__imgCapa--noCaption\" src=\"https:\/\/files.sunoresearch.com.br\/n\/uploads\/2019\/08\/f1bfb368-eleicoes-argentina--800x450.webp\" width=\"800\" height=\"450\" alt=\"Argentina: Fern\u00e1ndez diz a Bolsonaro que &#8216;n\u00e3o vai fechar a economia&#8217;\" fetchpriority=high \/>\n\t\t\t<\/picture>\n\n\t\t\t<figcaption class=\"wp-caption-text wp-caption-text--hide\">Argentina: Fern\u00e1ndez diz a Bolsonaro que &#039;n\u00e3o vai fechar a economia&#039;<\/figcaption>\n\t\t<\/figure>\n\t<\/div>\n\n\n<p>Na \u00faltima quinta-feira (15), o Ministro da Economia, Paulo Guedes, disse que se a <strong>Argentina<\/strong> fechar o com\u00e9rcio ap\u00f3s uma poss\u00edvel vit\u00f3ria de Alberto Fern\u00e1ndez nas elei\u00e7\u00f5es, o Brasil sair\u00e1 do <strong>Mercosul<\/strong>. No dia seguinte, o presidente Bolsonaro disse que Guedes est\u00e1 &#8220;perfeitamente afinado&#8221; com ele.<\/p>\n\n<h2>Argentina em rela\u00e7\u00e3o ao Mercosul, Bolsonaro e Trump<\/h2>\n<p>Ap\u00f3s a vit\u00f3ria de <strong>Fern\u00e1ndez<\/strong> nas pr\u00e9vias, uma semana atr\u00e1s, Bolsonaro disse que o Brasil iria se retirar do Mercosul caso um &#8220;governo de <strong>Cristina Kirchner<\/strong>&#8221; fechasse a economia argentina. A chapa de Fern\u00e1ndez tem a ex-presidente Cristina como vice. \u201cPara mim, o Mercosul \u00e9 um lugar central. O Brasil \u00e9 nosso principal s\u00f3cio e continuar\u00e1 sendo\u201d, declarou ao \u201cLa Naci\u00f3n\u201d.<\/p>\n<p><a href=\"https:\/\/www.suno.com.br\/noticias\/jair-bolsonaro-paulo-guedes-mercosul-argentina\/\">Saiba mais: Bolsonaro aprova declara\u00e7\u00e3o de Guedes sobre sa\u00edda do Mercosul<\/a><\/p>\n<p>Ao ser questionado se <strong>Jair Bolsonaro<\/strong> e <strong>Donald Trump<\/strong> ser\u00e3o &#8220;dois problemas a resolver&#8221;, Fern\u00e1ndez disse ao &#8220;Clar\u00edn&#8221; que que se incomoda com o &#8220;jeito e a arrog\u00e2ncia\u201d com que o presidente brasileiro fala. \u201cMas a verdade \u00e9 que o Brasil \u00e9 muito mais importante que o Bolsonaro\u201d, destacou.<\/p>\n<p>Em rela\u00e7\u00e3o ao presidente norte-americano, Fern\u00e1ndez reiterou que ele \u00e9 o \u201cpresidente da maior pot\u00eancia do mundo&#8221;. \u201cEnt\u00e3o, voc\u00ea tem que se dar bem com esse poder, tem que ter um relacionamento maduro\u201d.<\/p>\n\t<p>\n\t\t<a href=\"https:\/\/lp.suno.com.br\/ao\/sessao-estrategica-consultoria-c\/?utm_source=suno-noticias&#038;utm_medium=banner&#038;utm_campaign=_SNC36CE4E9F_&#038;utm_content=fundos-imobiliarios-ou-imoveis-onde-investir-500-mil-go\" target=\"_blank\" data-element=\"shortcode-suno-banner\" title=\"Banner SUNO, clique e saiba mais\">\n\t\t\t<picture>\n\t\t\t\t<source media=\"(max-width: 500px)\" srcset=\"https:\/\/files.sunoresearch.com.br\/n\/uploads\/2025\/09\/300x400.webp\">\n\t\t\t\t<img class=\"newsContent__article__imgCapa newsContent__article__imgCapa--banner\"\n\t\t\t\t\tsrc=\"https:\/\/files.sunoresearch.com.br\/n\/uploads\/2025\/09\/SN-DT-1420x240-1.webp\"\n\t\t\t\t\tdata-promo-id=\"635171\"\t\t\t\t\t\t\t\t\t\twidth='1420' height='240'\t\t\t\t\talt=\"https:\/\/files.sunoresearch.com.br\/n\/uploads\/2025\/09\/SN-DT-1420x240-1.webp\"\n\t\t\t\t>\n\t\t\t<\/picture>\n\t\t<\/a>\n\t<\/p>\n\n\n<p>\u201cBolsonaro e Trump foram os presidentes que os brasileiros e os americanos escolheram, ponto final. N\u00e3o tenho mais nada a dizer sobre isso, tenho que lidar com eles. E tratar de um jeito que defenda os interesses da Argentina\u201d, completou.<\/p>\n<p>As entrevistas com Fern\u00e1ndez foram publicadas um dia ap\u00f3s o ministro da Fazenda, Nicol\u00e1s Dujovne, pedir demiss\u00e3o. Hern\u00e1n Lacunza, que era ministro da Fazenda da prov\u00edncia de Buenos Aires, assumir\u00e1 o cargo.<\/p>\n<p>No governo de Macri desde o in\u00edcio de 2017, Dujovne teve participa\u00e7\u00e3o importante no acordo com o <a href=\"https:\/\/www.suno.com.br\/artigos\/fmi\/\"><strong>Fundo Monet\u00e1rio Internacional (FMI)<\/strong><\/a>, para o empr\u00e9stimo de US$ 57 bilh\u00f5es, no ano passado.<\/p>\n<p><a href=\"https:\/\/www.suno.com.br\/noticias\/bolsa-peso-argentino-entram-recuperacao-apos-tres-dias\/\">Veja tamb\u00e9m: Bolsa e peso argentino entram em recupera\u00e7\u00e3o ap\u00f3s tr\u00eas dias<\/a><\/p>\n<p>Ao \u201cClar\u00edn\u201d, Fern\u00e1ndez disse que o pa\u00eds deve renegociar com o FMI os prazos de pagamento do empr\u00e9stimo. \u201cA Argentina nessas condi\u00e7\u00f5es n\u00e3o \u00e9 capaz de pagar as d\u00edvidas que assumiu\u201d, disse. O candidato a presid\u00eancia afirmou que \u201co governo firmou um acordo imposs\u00edvel e n\u00e3o cumpriu nada\u201d.<\/p>\n\t<p>\n\t\t<a href=\"https:\/\/lp.suno.com.br\/planilha-controle-gastos\/\" target=\"_blank\" data-element=\"shortcode-suno-banner\" title=\"Banner SUNO, clique e saiba mais\">\n\t\t\t<picture>\n\t\t\t\t<source media=\"(max-width: 500px)\" srcset=\"https:\/\/files.sunoresearch.com.br\/n\/uploads\/2023\/03\/400x300-Planilha-controle-de-gastos.png\">\n\t\t\t\t<img class=\"newsContent__article__imgCapa newsContent__article__imgCapa--banner\"\n\t\t\t\t\tsrc=\"https:\/\/files.sunoresearch.com.br\/n\/uploads\/2023\/03\/1420x240-Planilha-controle-de-gastos.png\"\n\t\t\t\t\tdata-promo-id=\"311945\"\t\t\t\t\t\t\t\t\t\twidth='1420' height='240'\t\t\t\t\talt=\"https:\/\/files.sunoresearch.com.br\/n\/uploads\/2023\/03\/1420x240-Planilha-controle-de-gastos.png\"\n\t\t\t\t>\n\t\t\t<\/picture>\n\t\t<\/a>\n\t<\/p>\n\n\n<p>A troca dos ministros na Fazenda da <strong>Argentina<\/strong> sucedeu-se depois de uma conturbada semana, em que o resultado das pr\u00e9vias eleitorais demonstrou a dificuldade que Macri enfrentar\u00e1 para se reeleger em 27 de outubro. Em 5 dias, o peso desvalorizou-se 19,9%.<\/p>\n","protected":false},"excerpt":{"rendered":"<p>Alberto Fern\u00e1ndez, candidato da oposi\u00e7\u00e3o \u00e0 presid\u00eancia da Argentina, em entrevista ao &#8220;La Naci\u00f3n&#8221; e &#8220;Clar\u00edn&#8221;, rebateu as recentes declara\u00e7\u00f5es do presidente do Brasil, Jair Bolsonaro. &#8220;N\u00e3o se preocupem porque n\u00e3o pretendo fechar a economia&#8221;, afirmou. Argentina: Fern\u00e1ndez diz a Bolsonaro que &#039;n\u00e3o vai fechar a economia&#039; Na \u00faltima quinta-feira (15), o Ministro da Economia, [&hellip;]<\/p>\n","protected":false},"author":24,"featured_media":33700,"comment_status":"closed","ping_status":"closed","sticky":false,"template":"","format":"standard","meta":[],"categories":[63],"tags":[699,724,697,719,1839],"suno_strategy":[],"class_list":["post-34512","post","type-post","status-publish","format-standard","has-post-thumbnail","hentry","category-internacional","tag-argentina","tag-donald-trump","tag-eleicoes","tag-jair-bolsonaro","tag-peso-argentino"],"yoast_head":"<!-- This site is optimized with the Yoast SEO plugin v24.4 - https:\/\/yoast.com\/wordpress\/plugins\/seo\/ -->\n<title>Argentina: Fern\u00e1ndez diz a Bolsonaro que &#039;n\u00e3o vai fechar a economia&#039;<\/title>\n<meta name=\"description\" content=\"Alberto Fern\u00e1ndez, candidato da oposi\u00e7\u00e3o \u00e0 presid\u00eancia da Argentina, rebateu as recentes declara\u00e7\u00f5es do presidente do Brasil. Saiba mais.\" \/>\n<meta name=\"robots\" content=\"index, follow, max-snippet:-1, max-image-preview:large, max-video-preview:-1\" \/>\n<link rel=\"canonical\" href=\"https:\/\/www.suno.com.br\/noticias\/argentina-rebate-bolsonaro-fechar-economia\/\" \/>\n<meta property=\"og:locale\" content=\"pt_BR\" \/>\n<meta property=\"og:type\" content=\"article\" \/>\n<meta property=\"og:title\" content=\"Argentina: Fern\u00e1ndez diz a Bolsonaro que &#039;n\u00e3o vai fechar a economia&#039;\" \/>\n<meta property=\"og:description\" content=\"Alberto Fern\u00e1ndez, candidato da oposi\u00e7\u00e3o \u00e0 presid\u00eancia da Argentina, rebateu as recentes declara\u00e7\u00f5es do presidente do Brasil. Saiba mais.\" \/>\n<meta property=\"og:url\" content=\"https:\/\/www.suno.com.br\/noticias\/argentina-rebate-bolsonaro-fechar-economia\/\" \/>\n<meta property=\"og:site_name\" content=\"Suno Not\u00edcias\" \/>\n<meta property=\"article:publisher\" content=\"https:\/\/facebook.com\/sunoresearch\" \/>\n<meta property=\"og:image\" content=\"https:\/\/files.sunoresearch.com.br\/n\/uploads\/2019\/08\/f1bfb368-eleicoes-argentina-.jpg\" \/>\n\t<meta property=\"og:image:width\" content=\"1140\" \/>\n\t<meta property=\"og:image:height\" content=\"833\" \/>\n\t<meta property=\"og:image:type\" content=\"image\/jpeg\" \/>\n<meta name=\"author\" content=\"Jader Lazarini\" \/>\n<meta name=\"twitter:card\" content=\"summary_large_image\" \/>\n<meta name=\"twitter:creator\" content=\"@sunoresearch\" \/>\n<meta name=\"twitter:site\" content=\"@sunoresearch\" \/>\n<meta name=\"twitter:label1\" content=\"Escrito por\" \/>\n\t<meta name=\"twitter:data1\" content=\"Jader Lazarini\" \/>\n\t<meta name=\"twitter:label2\" content=\"Est. tempo de leitura\" \/>\n\t<meta name=\"twitter:data2\" content=\"3 minutos\" \/>\n<script type=\"application\/ld+json\" class=\"yoast-schema-graph\">{\"@context\":\"https:\/\/schema.org\",\"@graph\":[{\"@type\":\"NewsArticle\",\"@id\":\"https:\/\/www.suno.com.br\/noticias\/argentina-rebate-bolsonaro-fechar-economia\/#article\",\"isPartOf\":{\"@id\":\"https:\/\/www.suno.com.br\/noticias\/argentina-rebate-bolsonaro-fechar-economia\/\"},\"author\":{\"name\":\"Jader Lazarini\",\"@id\":\"https:\/\/www.suno.com.br\/noticias\/#\/schema\/person\/918d79de1f0281f01599b93f9ea6e23f\"},\"headline\":\"Argentina: Fern\u00e1ndez diz a Bolsonaro que &#8216;n\u00e3o vai fechar a economia&#8217;\",\"datePublished\":\"2019-08-19T11:30:28+00:00\",\"mainEntityOfPage\":{\"@id\":\"https:\/\/www.suno.com.br\/noticias\/argentina-rebate-bolsonaro-fechar-economia\/\"},\"wordCount\":516,\"publisher\":{\"@id\":\"https:\/\/www.suno.com.br\/noticias\/#organization\"},\"image\":{\"@id\":\"https:\/\/www.suno.com.br\/noticias\/argentina-rebate-bolsonaro-fechar-economia\/#primaryimage\"},\"thumbnailUrl\":\"https:\/\/files.sunoresearch.com.br\/n\/uploads\/2019\/08\/f1bfb368-eleicoes-argentina--jpg.webp\",\"keywords\":[\"Argentina\",\"Donald Trump\",\"Elei\u00e7\u00f5es\",\"Jair Bolsonaro\",\"peso argentino\"],\"articleSection\":[\"Internacional\"],\"inLanguage\":\"pt-BR\"},{\"@type\":\"WebPage\",\"@id\":\"https:\/\/www.suno.com.br\/noticias\/argentina-rebate-bolsonaro-fechar-economia\/\",\"url\":\"https:\/\/www.suno.com.br\/noticias\/argentina-rebate-bolsonaro-fechar-economia\/\",\"name\":\"Argentina: Fern\u00e1ndez diz a Bolsonaro que 'n\u00e3o vai fechar a economia'\",\"isPartOf\":{\"@id\":\"https:\/\/www.suno.com.br\/noticias\/#website\"},\"primaryImageOfPage\":{\"@id\":\"https:\/\/www.suno.com.br\/noticias\/argentina-rebate-bolsonaro-fechar-economia\/#primaryimage\"},\"image\":{\"@id\":\"https:\/\/www.suno.com.br\/noticias\/argentina-rebate-bolsonaro-fechar-economia\/#primaryimage\"},\"thumbnailUrl\":\"https:\/\/files.sunoresearch.com.br\/n\/uploads\/2019\/08\/f1bfb368-eleicoes-argentina--jpg.webp\",\"datePublished\":\"2019-08-19T11:30:28+00:00\",\"description\":\"Alberto Fern\u00e1ndez, candidato da oposi\u00e7\u00e3o \u00e0 presid\u00eancia da Argentina, rebateu as recentes declara\u00e7\u00f5es do presidente do Brasil. Saiba mais.\",\"breadcrumb\":{\"@id\":\"https:\/\/www.suno.com.br\/noticias\/argentina-rebate-bolsonaro-fechar-economia\/#breadcrumb\"},\"inLanguage\":\"pt-BR\",\"potentialAction\":[{\"@type\":\"ReadAction\",\"target\":[\"https:\/\/www.suno.com.br\/noticias\/argentina-rebate-bolsonaro-fechar-economia\/\"]}]},{\"@type\":\"ImageObject\",\"inLanguage\":\"pt-BR\",\"@id\":\"https:\/\/www.suno.com.br\/noticias\/argentina-rebate-bolsonaro-fechar-economia\/#primaryimage\",\"url\":\"https:\/\/files.sunoresearch.com.br\/n\/uploads\/2019\/08\/f1bfb368-eleicoes-argentina--jpg.webp\",\"contentUrl\":\"https:\/\/files.sunoresearch.com.br\/n\/uploads\/2019\/08\/f1bfb368-eleicoes-argentina--jpg.webp\",\"width\":1140,\"height\":833,\"caption\":\"Argentina: Fern\u00e1ndez diz a Bolsonaro que 'n\u00e3o vai fechar a economia'\"},{\"@type\":\"BreadcrumbList\",\"@id\":\"https:\/\/www.suno.com.br\/noticias\/argentina-rebate-bolsonaro-fechar-economia\/#breadcrumb\",\"itemListElement\":[{\"@type\":\"ListItem\",\"position\":1,\"name\":\"Not\u00edcias\",\"item\":\"https:\/\/www.suno.com.br\/noticias\/\"},{\"@type\":\"ListItem\",\"position\":2,\"name\":\"Internacional\",\"item\":\"https:\/\/www.suno.com.br\/noticias\/internacional\/\"},{\"@type\":\"ListItem\",\"position\":3,\"name\":\"Argentina: Fern\u00e1ndez diz a Bolsonaro que &#8216;n\u00e3o vai fechar a economia&#8217;\"}]},{\"@type\":\"WebSite\",\"@id\":\"https:\/\/www.suno.com.br\/noticias\/#website\",\"url\":\"https:\/\/www.suno.com.br\/noticias\/\",\"name\":\"Suno Not\u00edcias\",\"description\":\"Seu portal de informa\u00e7\u00e3o sobre o mundo dos investimentos\",\"publisher\":{\"@id\":\"https:\/\/www.suno.com.br\/noticias\/#organization\"},\"potentialAction\":[{\"@type\":\"SearchAction\",\"target\":{\"@type\":\"EntryPoint\",\"urlTemplate\":\"https:\/\/www.suno.com.br\/noticias\/?s={search_term_string}\"},\"query-input\":{\"@type\":\"PropertyValueSpecification\",\"valueRequired\":true,\"valueName\":\"search_term_string\"}}],\"inLanguage\":\"pt-BR\"},{\"@type\":\"Organization\",\"@id\":\"https:\/\/www.suno.com.br\/noticias\/#organization\",\"name\":\"Suno Not\u00edcias\",\"url\":\"https:\/\/www.suno.com.br\/noticias\/\",\"logo\":{\"@type\":\"ImageObject\",\"inLanguage\":\"pt-BR\",\"@id\":\"https:\/\/www.suno.com.br\/noticias\/#\/schema\/logo\/image\/\",\"url\":\"https:\/\/files.sunoresearch.com.br\/n\/uploads\/2021\/09\/suno-logo.png\",\"contentUrl\":\"https:\/\/files.sunoresearch.com.br\/n\/uploads\/2021\/09\/suno-logo.png\",\"width\":180,\"height\":180,\"caption\":\"Suno Not\u00edcias\"},\"image\":{\"@id\":\"https:\/\/www.suno.com.br\/noticias\/#\/schema\/logo\/image\/\"},\"sameAs\":[\"https:\/\/facebook.com\/sunoresearch\",\"https:\/\/x.com\/sunoresearch\",\"https:\/\/www.instagram.com\/suno\",\"https:\/\/www.linkedin.com\/company\/suno-research\/\",\"https:\/\/www.youtube.com\/c\/sunoresearch\"]},{\"@type\":\"Person\",\"@id\":\"https:\/\/www.suno.com.br\/noticias\/#\/schema\/person\/918d79de1f0281f01599b93f9ea6e23f\",\"name\":\"Jader Lazarini\",\"image\":{\"@type\":\"ImageObject\",\"inLanguage\":\"pt-BR\",\"@id\":\"https:\/\/www.suno.com.br\/noticias\/#\/schema\/person\/image\/\",\"url\":\"https:\/\/secure.gravatar.com\/avatar\/3c1ad8caa51589841baeb923fcddea97?s=96&r=g\",\"contentUrl\":\"https:\/\/secure.gravatar.com\/avatar\/3c1ad8caa51589841baeb923fcddea97?s=96&r=g\",\"caption\":\"Jader Lazarini\"},\"description\":\"Jader Lazarini escreve sobre investimentos, finan\u00e7as, economia e neg\u00f3cios. \u00c9 bacharel em Rela\u00e7\u00f5es Internacionais e analista CNPI (2619).\",\"url\":\"https:\/\/www.suno.com.br\/noticias\/author\/jader-lazarini\/\"}]}<\/script>\n<!-- \/ Yoast SEO plugin. -->","yoast_head_json":{"title":"Argentina: Fern\u00e1ndez diz a Bolsonaro que 'n\u00e3o vai fechar a economia'","description":"Alberto Fern\u00e1ndez, candidato da oposi\u00e7\u00e3o \u00e0 presid\u00eancia da Argentina, rebateu as recentes declara\u00e7\u00f5es do presidente do Brasil. Saiba mais.","robots":{"index":"index","follow":"follow","max-snippet":"max-snippet:-1","max-image-preview":"max-image-preview:large","max-video-preview":"max-video-preview:-1"},"canonical":"https:\/\/www.suno.com.br\/noticias\/argentina-rebate-bolsonaro-fechar-economia\/","og_locale":"pt_BR","og_type":"article","og_title":"Argentina: Fern\u00e1ndez diz a Bolsonaro que 'n\u00e3o vai fechar a economia'","og_description":"Alberto Fern\u00e1ndez, candidato da oposi\u00e7\u00e3o \u00e0 presid\u00eancia da Argentina, rebateu as recentes declara\u00e7\u00f5es do presidente do Brasil. Saiba mais.","og_url":"https:\/\/www.suno.com.br\/noticias\/argentina-rebate-bolsonaro-fechar-economia\/","og_site_name":"Suno Not\u00edcias","article_publisher":"https:\/\/facebook.com\/sunoresearch","og_image":[{"width":1140,"height":833,"url":"https:\/\/files.sunoresearch.com.br\/n\/uploads\/2019\/08\/f1bfb368-eleicoes-argentina-.jpg","type":"image\/jpeg"}],"author":"Jader Lazarini","twitter_card":"summary_large_image","twitter_creator":"@sunoresearch","twitter_site":"@sunoresearch","twitter_misc":{"Escrito por":"Jader Lazarini","Est. tempo de leitura":"3 minutos"},"schema":{"@context":"https:\/\/schema.org","@graph":[{"@type":"NewsArticle","@id":"https:\/\/www.suno.com.br\/noticias\/argentina-rebate-bolsonaro-fechar-economia\/#article","isPartOf":{"@id":"https:\/\/www.suno.com.br\/noticias\/argentina-rebate-bolsonaro-fechar-economia\/"},"author":{"name":"Jader Lazarini","@id":"https:\/\/www.suno.com.br\/noticias\/#\/schema\/person\/918d79de1f0281f01599b93f9ea6e23f"},"headline":"Argentina: Fern\u00e1ndez diz a Bolsonaro que &#8216;n\u00e3o vai fechar a economia&#8217;","datePublished":"2019-08-19T11:30:28+00:00","mainEntityOfPage":{"@id":"https:\/\/www.suno.com.br\/noticias\/argentina-rebate-bolsonaro-fechar-economia\/"},"wordCount":516,"publisher":{"@id":"https:\/\/www.suno.com.br\/noticias\/#organization"},"image":{"@id":"https:\/\/www.suno.com.br\/noticias\/argentina-rebate-bolsonaro-fechar-economia\/#primaryimage"},"thumbnailUrl":"https:\/\/files.sunoresearch.com.br\/n\/uploads\/2019\/08\/f1bfb368-eleicoes-argentina--jpg.webp","keywords":["Argentina","Donald Trump","Elei\u00e7\u00f5es","Jair Bolsonaro","peso argentino"],"articleSection":["Internacional"],"inLanguage":"pt-BR"},{"@type":"WebPage","@id":"https:\/\/www.suno.com.br\/noticias\/argentina-rebate-bolsonaro-fechar-economia\/","url":"https:\/\/www.suno.com.br\/noticias\/argentina-rebate-bolsonaro-fechar-economia\/","name":"Argentina: Fern\u00e1ndez diz a Bolsonaro que 'n\u00e3o vai fechar a economia'","isPartOf":{"@id":"https:\/\/www.suno.com.br\/noticias\/#website"},"primaryImageOfPage":{"@id":"https:\/\/www.suno.com.br\/noticias\/argentina-rebate-bolsonaro-fechar-economia\/#primaryimage"},"image":{"@id":"https:\/\/www.suno.com.br\/noticias\/argentina-rebate-bolsonaro-fechar-economia\/#primaryimage"},"thumbnailUrl":"https:\/\/files.sunoresearch.com.br\/n\/uploads\/2019\/08\/f1bfb368-eleicoes-argentina--jpg.webp","datePublished":"2019-08-19T11:30:28+00:00","description":"Alberto Fern\u00e1ndez, candidato da oposi\u00e7\u00e3o \u00e0 presid\u00eancia da Argentina, rebateu as recentes declara\u00e7\u00f5es do presidente do Brasil. Saiba mais.","breadcrumb":{"@id":"https:\/\/www.suno.com.br\/noticias\/argentina-rebate-bolsonaro-fechar-economia\/#breadcrumb"},"inLanguage":"pt-BR","potentialAction":[{"@type":"ReadAction","target":["https:\/\/www.suno.com.br\/noticias\/argentina-rebate-bolsonaro-fechar-economia\/"]}]},{"@type":"ImageObject","inLanguage":"pt-BR","@id":"https:\/\/www.suno.com.br\/noticias\/argentina-rebate-bolsonaro-fechar-economia\/#primaryimage","url":"https:\/\/files.sunoresearch.com.br\/n\/uploads\/2019\/08\/f1bfb368-eleicoes-argentina--jpg.webp","contentUrl":"https:\/\/files.sunoresearch.com.br\/n\/uploads\/2019\/08\/f1bfb368-eleicoes-argentina--jpg.webp","width":1140,"height":833,"caption":"Argentina: Fern\u00e1ndez diz a Bolsonaro que 'n\u00e3o vai fechar a economia'"},{"@type":"BreadcrumbList","@id":"https:\/\/www.suno.com.br\/noticias\/argentina-rebate-bolsonaro-fechar-economia\/#breadcrumb","itemListElement":[{"@type":"ListItem","position":1,"name":"Not\u00edcias","item":"https:\/\/www.suno.com.br\/noticias\/"},{"@type":"ListItem","position":2,"name":"Internacional","item":"https:\/\/www.suno.com.br\/noticias\/internacional\/"},{"@type":"ListItem","position":3,"name":"Argentina: Fern\u00e1ndez diz a Bolsonaro que &#8216;n\u00e3o vai fechar a economia&#8217;"}]},{"@type":"WebSite","@id":"https:\/\/www.suno.com.br\/noticias\/#website","url":"https:\/\/www.suno.com.br\/noticias\/","name":"Suno Not\u00edcias","description":"Seu portal de informa\u00e7\u00e3o sobre o mundo dos investimentos","publisher":{"@id":"https:\/\/www.suno.com.br\/noticias\/#organization"},"potentialAction":[{"@type":"SearchAction","target":{"@type":"EntryPoint","urlTemplate":"https:\/\/www.suno.com.br\/noticias\/?s={search_term_string}"},"query-input":{"@type":"PropertyValueSpecification","valueRequired":true,"valueName":"search_term_string"}}],"inLanguage":"pt-BR"},{"@type":"Organization","@id":"https:\/\/www.suno.com.br\/noticias\/#organization","name":"Suno Not\u00edcias","url":"https:\/\/www.suno.com.br\/noticias\/","logo":{"@type":"ImageObject","inLanguage":"pt-BR","@id":"https:\/\/www.suno.com.br\/noticias\/#\/schema\/logo\/image\/","url":"https:\/\/files.sunoresearch.com.br\/n\/uploads\/2021\/09\/suno-logo.png","contentUrl":"https:\/\/files.sunoresearch.com.br\/n\/uploads\/2021\/09\/suno-logo.png","width":180,"height":180,"caption":"Suno Not\u00edcias"},"image":{"@id":"https:\/\/www.suno.com.br\/noticias\/#\/schema\/logo\/image\/"},"sameAs":["https:\/\/facebook.com\/sunoresearch","https:\/\/x.com\/sunoresearch","https:\/\/www.instagram.com\/suno","https:\/\/www.linkedin.com\/company\/suno-research\/","https:\/\/www.youtube.com\/c\/sunoresearch"]},{"@type":"Person","@id":"https:\/\/www.suno.com.br\/noticias\/#\/schema\/person\/918d79de1f0281f01599b93f9ea6e23f","name":"Jader Lazarini","image":{"@type":"ImageObject","inLanguage":"pt-BR","@id":"https:\/\/www.suno.com.br\/noticias\/#\/schema\/person\/image\/","url":"https:\/\/secure.gravatar.com\/avatar\/3c1ad8caa51589841baeb923fcddea97?s=96&r=g","contentUrl":"https:\/\/secure.gravatar.com\/avatar\/3c1ad8caa51589841baeb923fcddea97?s=96&r=g","caption":"Jader Lazarini"},"description":"Jader Lazarini escreve sobre investimentos, finan\u00e7as, economia e neg\u00f3cios. \u00c9 bacharel em Rela\u00e7\u00f5es Internacionais e analista CNPI (2619).","url":"https:\/\/www.suno.com.br\/noticias\/author\/jader-lazarini\/"}]}},"default_loop_html":"<div class=\"cardsPage__listCard__boxs\"><div class=\"cardsPage__listCard__boxs__img\"><a href=\"https:\/\/www.suno.com.br\/noticias\/argentina-rebate-bolsonaro-fechar-economia\/\"><img class=\"mask\" src=\"https:\/\/www.suno.com.br\/noticias\/wp-content\/themes\/suno\/resources\/images\/spotlight\/spotlight1img\/bg-mask.png\" alt=\"Image Mask\"\/><img src=\"https:\/\/files.sunoresearch.com.br\/n\/uploads\/2019\/08\/f1bfb368-eleicoes-argentina--400x200.webp\" alt=\"Argentina: Fern\u00e1ndez diz a Bolsonaro que &#8216;n\u00e3o vai fechar a economia&#8217;\"\/><\/a><span class=\"spotlightCategory\"><a href=\"https:\/\/www.suno.com.br\/noticias\/internacional\/\">Internacional<\/a><\/span><\/div><div class=\"cardsPage__listCard__boxs__content\"><a href=\"https:\/\/www.suno.com.br\/noticias\/argentina-rebate-bolsonaro-fechar-economia\/\"><h2 class=\"content__title\">Argentina: Fern\u00e1ndez diz a Bolsonaro que &#8216;n\u00e3o vai fechar a economia&#8217;<\/h2><\/a><div class=\"newsContent__article__meta\"><div class=\"newsContent__article__meta__authorBox\"><a href=\"https:\/\/www.suno.com.br\/noticias\/author\/jader-lazarini\/\" class=\"authorBox__avatar noMobi\"><img src=\"https:\/\/files.sunoresearch.com.br\/n\/uploads\/2021\/01\/178e6598-foto-perfil-2-150x150.jpg\" alt=\"Jader Lazarini\"><\/a><div class=\"authorBox__name\"><span>por\n\t\t\t<a href=\"https:\/\/www.suno.com.br\/noticias\/author\/jader-lazarini\/\"><span itemprop=\"author\">Jader Lazarini<\/span><\/a><\/span><time datetime=\"2019-08-19T08:30:28-03:00\" itemprop=\"datePublished\">19\/08\/2019 08:30<\/time><\/div><\/div><\/div><\/div><\/div>","single_layout":"posts","amp_enabled":true,"_links":{"self":[{"href":"https:\/\/www.suno.com.br\/noticias\/wp-json\/wp\/v2\/posts\/34512"}],"collection":[{"href":"https:\/\/www.suno.com.br\/noticias\/wp-json\/wp\/v2\/posts"}],"about":[{"href":"https:\/\/www.suno.com.br\/noticias\/wp-json\/wp\/v2\/types\/post"}],"author":[{"embeddable":true,"href":"https:\/\/www.suno.com.br\/noticias\/wp-json\/wp\/v2\/users\/24"}],"replies":[{"embeddable":true,"href":"https:\/\/www.suno.com.br\/noticias\/wp-json\/wp\/v2\/comments?post=34512"}],"version-history":[{"count":0,"href":"https:\/\/www.suno.com.br\/noticias\/wp-json\/wp\/v2\/posts\/34512\/revisions"}],"wp:featuredmedia":[{"embeddable":true,"href":"https:\/\/www.suno.com.br\/noticias\/wp-json\/wp\/v2\/media\/33700"}],"wp:attachment":[{"href":"https:\/\/www.suno.com.br\/noticias\/wp-json\/wp\/v2\/media?parent=34512"}],"wp:term":[{"taxonomy":"category","embeddable":true,"href":"https:\/\/www.suno.com.br\/noticias\/wp-json\/wp\/v2\/categories?post=34512"},{"taxonomy":"post_tag","embeddable":true,"href":"https:\/\/www.suno.com.br\/noticias\/wp-json\/wp\/v2\/tags?post=34512"},{"taxonomy":"suno_strategy","embeddable":true,"href":"https:\/\/www.suno.com.br\/noticias\/wp-json\/wp\/v2\/suno_strategy?post=34512"}],"curies":[{"name":"wp","href":"https:\/\/api.w.org\/{rel}","templated":true}]}}