{"id":344863,"date":"2023-01-11T16:05:03","date_gmt":"2023-01-11T19:05:03","guid":{"rendered":"https:\/\/www.suno.com.br\/noticias\/?p=344863"},"modified":"2023-01-11T16:34:49","modified_gmt":"2023-01-11T19:34:49","slug":"facebook-m1ta34-amazon-amzo34-demissoes-tecnologia","status":"publish","type":"post","link":"https:\/\/www.suno.com.br\/noticias\/facebook-m1ta34-amazon-amzo34-demissoes-tecnologia\/","title":{"rendered":"Facebook (M1TA34), Amazon (AMZO34): as demiss\u00f5es em massa nas empresas de tecnologia"},"content":{"rendered":"<p>A ind\u00fastria de tecnologia liderou as <strong>demiss\u00f5es <\/strong>de funcion\u00e1rios em 2022, com mais de 97 mil cortes no setor. O n\u00famero representa uma avan\u00e7o de 649% em rela\u00e7\u00e3o ao registrado em 2021, de 13 mil baixas. As informa\u00e7\u00f5es s\u00e3o do relat\u00f3rio divulgado na quinta-feira (5) pela empresa de recrutamento Challenger, Gray &amp; Christmas.<\/p>\t<div class=\"wrapper-featured-image\">\n\t\t<figure class=\"spotlightImg\">\n\n\t\t\t<picture>\n\t\t\t\t<source media=\"(max-width: 768px)\" srcset=\"https:\/\/files.sunoresearch.com.br\/n\/uploads\/2023\/01\/Mark_Zuckerberg_wikimedia-reproducao-400x200.jpg\">\n\t\t\t\t<img loading=\"lazy\" decoding=\"async\" class=\"newsContent__article__imgCapa lazyloadDisabled \" src=\"https:\/\/files.sunoresearch.com.br\/n\/uploads\/2023\/01\/Mark_Zuckerberg_wikimedia-reproducao-800x450.jpg\" width=\"800\" height=\"450\" alt=\"Facebook (M1TA34), Amazon (AMZO34): as demiss\u00f5es em massa nas empresas de tecnologia\" fetchpriority=high \/>\n\t\t\t<\/picture>\n\n\t\t\t<figcaption class=\"wp-caption-text wp-caption-text--show\">Mark Zuckerberg. Foto: Reprodu\u00e7\u00e3o\/Wikimedia Creative Commons<\/figcaption>\n\t\t<\/figure>\n\t<\/div>\n\n\n\n\n\n\t<p>\n\t\t<a href=\"\" target=\"_blank\" data-element=\"shortcode-suno-banner\" title=\"Banner SUNO, clique e saiba mais\">\n\t\t\t<picture>\n\t\t\t\t<source media=\"(max-width: 500px)\" srcset=\"\">\n\t\t\t\t<img class=\"newsContent__article__imgCapa newsContent__article__imgCapa--banner\"\n\t\t\t\t\tsrc=\"\"\n\t\t\t\t\tdata-promo-id=\"240038\"\t\t\t\t\t\t\t\t\t\t\t\t\t\t\talt=\"\"\n\t\t\t\t>\n\t\t\t<\/picture>\n\t\t<\/a>\n\t<\/p>\n\n\n\n\n\n<p>Em 2022, as empresas anunciaram planos de cortar 363.824 empregos nos Estados Unidos \u2013 um aumento de 13% em rela\u00e7\u00e3o aos 321.970 cortes projetados no ano anterior. O cen\u00e1rio contempla o segundo menor j\u00e1 registrado desde que a Challenger iniciou suas pesquisas, em 1993, com 2021 sendo o mais baixo.<\/p>\n\n\n\n<h2 class=\"wp-block-heading\" id=\"h-big-techs-refletem-cenario-desafiador-com-demissoes-em-massa\">Big techs refletem cen\u00e1rio desafiador com demiss\u00f5es em massa<\/h2>\n\n\n\n<p>Tendo em vista o panorama macroecon\u00f4mico desafiador, com alta do processo inflacion\u00e1rio e, consequentemente, <strong>aperto monet\u00e1rio por parte dos bancos centrais<\/strong> ao redor do mundo, nem as maiores empresas conseguiram fugir.<\/p>\n\n\n\n<p>As <strong>big techs<\/strong>, como s\u00e3o chamadas as gigantes de tecnologia, aderiram \u00e0s <strong>demiss\u00f5es de funcion\u00e1rios em 2022<\/strong> como forma de lidar com a crise.<\/p>\n\n\n\n<p>Na \u00faltima semana, o presidente-executivo da Amazon (<a class=\"suno-keyword\" data-force=\"yes\" data-priority=\"2\" href=\"https:\/\/www.suno.com.br\/bdrs\/amzo34\/\" target=\"_blank\" rel=\"noopener\">AMZO34<\/a>), Andy Jassy, anunciou que a <a href=\"https:\/\/www.suno.com.br\/noticias\/amazon-amzo34-demissoes-massa\/\">onda de demiss\u00f5es deve atingir mais de 18 mil funcion\u00e1rios<\/a>. A demiss\u00e3o em massa, que representa um corte de 6% do corpo de pessoal da <a class=\"suno-keyword\" target=\"_blank\" data-force=\"no\" data-priority=\"1\" href=\"https:\/\/www.suno.com.br\/artigos\/big-tech\/\" rel=\"noopener\">big tech<\/a>, \u00e9 a maior da hist\u00f3ria da empresa dentre os an\u00fancios recentes de companhias de tecnologia.<\/p>\n\n\n\n<p>Segundo o Wall Street Journal, as <strong>demiss\u00f5es na Amazon<\/strong> tamb\u00e9m ficam acima do esperado por analistas de mercado e pelos rumores que circularam na imprensa nos \u00faltimos meses. Em meados de novembro do ano passado, o jornal New York Times reportou que os planos da companhia eram de cortar 10 mil empregos.<\/p>\n\n\n\n<p>Jassy informou que o plano de demiss\u00f5es t\u00eam como objetivo &#8220;priorizar o que \u00e9 mais importante para os clientes e a sa\u00fade a <a class=\"suno-keyword\" target=\"_blank\" data-force=\"no\" data-priority=\"1\" href=\"https:\/\/www.suno.com.br\/artigos\/longo-prazo\/\" rel=\"noopener\">longo prazo<\/a> dos nossos neg\u00f3cios&#8221;. A <strong>Amazon \u00e9 atualmente a segunda maior empregadora dos Estados Unidos<\/strong>, ficando atr\u00e1s apenas do Walmart (<a class=\"suno-keyword\" target=\"_blank\" data-force=\"yes\" data-priority=\"2\" href=\"https:\/\/www.suno.com.br\/bdrs\/walm34\/\" rel=\"noopener\">WALM34<\/a>), que emprega 2,3 milh\u00f5es de pessoas, contra 1,5 milh\u00e3o da varejista.<\/p>\n\n\n\t<p>\n\t\t<a href=\"\" target=\"_blank\" data-element=\"shortcode-suno-banner\" title=\"Banner SUNO, clique e saiba mais\">\n\t\t\t<picture>\n\t\t\t\t<source media=\"(max-width: 500px)\" srcset=\"\">\n\t\t\t\t<img class=\"newsContent__article__imgCapa newsContent__article__imgCapa--banner\"\n\t\t\t\t\tsrc=\"\"\n\t\t\t\t\tdata-promo-id=\"138420\"\t\t\t\t\t\t\t\t\t\t\t\t\t\t\talt=\"\"\n\t\t\t\t>\n\t\t\t<\/picture>\n\t\t<\/a>\n\t<\/p>\n\n\n\n\n\n<p>Da mesma forma, a Meta (M1TA34), dona do Facebook, anunciou no in\u00edcio de novembro a <a href=\"https:\/\/www.suno.com.br\/noticias\/meta-m1ta34-demite-funcionarios-zuckerberg\/\">demiss\u00e3o de 13% de seus funcion\u00e1rios<\/a> &#8211; cerca de 11 mil pessoas. A <a class=\"suno-keyword\" target=\"_blank\" data-force=\"no\" data-priority=\"1\" href=\"https:\/\/www.suno.com.br\/artigos\/big-tech\/\" rel=\"noopener\">big tech<\/a> decidiu cortar gastos discricion\u00e1rios e estender o congelamento de contrata\u00e7\u00f5es ao longo de todo o primeiro trimestre de 2023, em esfor\u00e7os de tornar a empresa \u201cmais eficiente\u201d, segundo o CEO Mark Zuckerberg.<\/p>\n\n\n\n<p>Segundo o executivo, a receita bem abaixo do esperado no terceiro trimestre do ano foi um dos pretextos para a decis\u00e3o. No per\u00edodo, o <a class=\"suno-keyword\" target=\"_blank\" data-force=\"no\" data-priority=\"1\" href=\"https:\/\/www.suno.com.br\/artigos\/lucro-liquido\/\" rel=\"noopener\">lucro l\u00edquido<\/a> da <a class=\"suno-keyword\" target=\"_blank\" data-force=\"no\" data-priority=\"1\" href=\"https:\/\/www.suno.com.br\/artigos\/big-tech\/\" rel=\"noopener\">big tech<\/a> caiu abaixo da metade em compara\u00e7\u00e3o com o mesmo trimestre de 2021, enquanto a receita teve redu\u00e7\u00e3o de 4%.<\/p>\n\n\n\n<h2 class=\"wp-block-heading\">Mercado de trabalho brasileiro tamb\u00e9m apresenta dificuldades<\/h2>\n\n\n\n<p>Algumas das maiores empresas no Brasil tamb\u00e9m optam por <strong>demiss\u00f5es para conter gastos<\/strong>, diante do <a href=\"https:\/\/www.suno.com.br\/noticias\/ipca-dez-22-alta\/\">avan\u00e7o da infla\u00e7\u00e3o<\/a> e dos juros em alta por tempo indeterminado. <\/p>\n\n\n\n<p>A <strong>99, de transporte por aplicativo, demitiu ao menos 77 pessoas<\/strong> de diversas \u00e1reas, segundo informa\u00e7\u00f5es do jornal A Folha de S\u00e3o Paulo.&nbsp;<\/p>\n\n\n\n<p>A empresa n\u00e3o confirmou o n\u00famero exato, mas disse que o movimento faz parte de um processo de reestrutura\u00e7\u00e3o para ampliar o foco em servi\u00e7os financeiros e de entregas.<\/p>\n\n\n\n<p>Em 2022, empresas do setor de tecnologia, como <a href=\"https:\/\/www.suno.com.br\/noticias\/quintoandar-faz-corte-de-funcionarios-bbb22\/\">QuintoAndar<\/a>, <a href=\"https:\/\/www.suno.com.br\/noticias\/search\/ebanx\">Ebanx<\/a> e <a href=\"https:\/\/www.suno.com.br\/noticias\/search\/loft\">Loft<\/a> tamb\u00e9m cortaram n\u00fameros consider\u00e1veis de funcion\u00e1rios.<\/p>\n\n\n\t<p>\n\t\t<a href=\"\" target=\"_blank\" data-element=\"shortcode-suno-banner\" title=\"Banner SUNO, clique e saiba mais\">\n\t\t\t<picture>\n\t\t\t\t<source media=\"(max-width: 500px)\" srcset=\"\">\n\t\t\t\t<img class=\"newsContent__article__imgCapa newsContent__article__imgCapa--banner\"\n\t\t\t\t\tsrc=\"\"\n\t\t\t\t\tdata-promo-id=\"274968\"\t\t\t\t\t\t\t\t\t\t\t\t\t\t\talt=\"\"\n\t\t\t\t>\n\t\t\t<\/picture>\n\t\t<\/a>\n\t<\/p>\n\n\n","protected":false},"excerpt":{"rendered":"<p>A ind\u00fastria de tecnologia liderou as demiss\u00f5es de funcion\u00e1rios em 2022, com mais de 97 mil cortes no setor. O n\u00famero representa uma avan\u00e7o de 649% em rela\u00e7\u00e3o ao registrado em 2021, de 13 mil baixas. As informa\u00e7\u00f5es s\u00e3o do relat\u00f3rio divulgado na quinta-feira (5) pela empresa de recrutamento Challenger, Gray &amp; Christmas. Mark Zuckerberg. [&hellip;]<\/p>\n","protected":false},"author":70,"featured_media":344883,"comment_status":"closed","ping_status":"closed","sticky":false,"template":"","format":"standard","meta":[],"categories":[64],"tags":[694,104519,2625,1296,733,1239,1134],"suno_strategy":[],"class_list":["post-344863","post","type-post","status-publish","format-standard","has-post-thumbnail","hentry","category-negocios","tag-amazon-amzo34","tag-big-techs","tag-demissoes","tag-desemprego","tag-facebook-fbok34","tag-mark-zuckerberg","tag-tecnologia"],"yoast_head":"<!-- This site is optimized with the Yoast SEO plugin v24.4 - https:\/\/yoast.com\/wordpress\/plugins\/seo\/ -->\n<title>Facebook (M1TA34): demiss\u00f5es em massa das empresas de tecnologia<\/title>\n<meta name=\"description\" content=\"Diante de cen\u00e1rio global macroecon\u00f4mico desafiador, nem as maiores empresas do mundo conseguem fugir das demiss\u00f5es em massa. Veja mais.\" \/>\n<meta name=\"robots\" content=\"index, follow, max-snippet:-1, max-image-preview:large, max-video-preview:-1\" \/>\n<link rel=\"canonical\" href=\"https:\/\/www.suno.com.br\/noticias\/facebook-m1ta34-amazon-amzo34-demissoes-tecnologia\/\" \/>\n<meta property=\"og:locale\" content=\"pt_BR\" \/>\n<meta property=\"og:type\" content=\"article\" \/>\n<meta property=\"og:title\" content=\"Facebook (M1TA34): demiss\u00f5es em massa das empresas de tecnologia\" \/>\n<meta property=\"og:description\" content=\"Diante de cen\u00e1rio global macroecon\u00f4mico desafiador, nem as maiores empresas do mundo conseguem fugir das demiss\u00f5es em massa. Veja mais.\" \/>\n<meta property=\"og:url\" content=\"https:\/\/www.suno.com.br\/noticias\/facebook-m1ta34-amazon-amzo34-demissoes-tecnologia\/\" \/>\n<meta property=\"og:site_name\" content=\"Suno Not\u00edcias\" \/>\n<meta property=\"article:publisher\" content=\"https:\/\/facebook.com\/sunoresearch\" \/>\n<meta property=\"og:image\" content=\"https:\/\/files.sunoresearch.com.br\/n\/uploads\/2023\/01\/Mark_Zuckerberg_wikimedia-reproducao.jpg\" \/>\n\t<meta property=\"og:image:width\" content=\"1200\" \/>\n\t<meta property=\"og:image:height\" content=\"792\" \/>\n\t<meta property=\"og:image:type\" content=\"image\/jpeg\" \/>\n<meta name=\"author\" content=\"Beatriz Boyadjian\" \/>\n<meta name=\"twitter:card\" content=\"summary_large_image\" \/>\n<meta name=\"twitter:creator\" content=\"@sunoresearch\" \/>\n<meta name=\"twitter:site\" content=\"@sunoresearch\" \/>\n<meta name=\"twitter:label1\" content=\"Escrito por\" \/>\n\t<meta name=\"twitter:data1\" content=\"Beatriz Boyadjian\" \/>\n\t<meta name=\"twitter:label2\" content=\"Est. tempo de leitura\" \/>\n\t<meta name=\"twitter:data2\" content=\"4 minutos\" \/>\n<script type=\"application\/ld+json\" class=\"yoast-schema-graph\">{\"@context\":\"https:\/\/schema.org\",\"@graph\":[{\"@type\":\"NewsArticle\",\"@id\":\"https:\/\/www.suno.com.br\/noticias\/facebook-m1ta34-amazon-amzo34-demissoes-tecnologia\/#article\",\"isPartOf\":{\"@id\":\"https:\/\/www.suno.com.br\/noticias\/facebook-m1ta34-amazon-amzo34-demissoes-tecnologia\/\"},\"author\":{\"name\":\"Beatriz Boyadjian\",\"@id\":\"https:\/\/www.suno.com.br\/noticias\/#\/schema\/person\/c9d40f227e4ffee8114b1299c28902b0\"},\"headline\":\"Facebook (M1TA34), Amazon (AMZO34): as demiss\u00f5es em massa nas empresas de tecnologia\",\"datePublished\":\"2023-01-11T19:05:03+00:00\",\"dateModified\":\"2023-01-11T19:34:49+00:00\",\"mainEntityOfPage\":{\"@id\":\"https:\/\/www.suno.com.br\/noticias\/facebook-m1ta34-amazon-amzo34-demissoes-tecnologia\/\"},\"wordCount\":597,\"publisher\":{\"@id\":\"https:\/\/www.suno.com.br\/noticias\/#organization\"},\"image\":{\"@id\":\"https:\/\/www.suno.com.br\/noticias\/facebook-m1ta34-amazon-amzo34-demissoes-tecnologia\/#primaryimage\"},\"thumbnailUrl\":\"https:\/\/files.sunoresearch.com.br\/n\/uploads\/2023\/01\/Mark_Zuckerberg_wikimedia-reproducao.jpg\",\"keywords\":[\"Amazon (AMZO34)\",\"big techs\",\"demiss\u00f5es\",\"Desemprego\",\"Facebook (FBOK34)\",\"Mark Zuckerberg\",\"Tecnologia\"],\"articleSection\":[\"Neg\u00f3cios\"],\"inLanguage\":\"pt-BR\"},{\"@type\":\"WebPage\",\"@id\":\"https:\/\/www.suno.com.br\/noticias\/facebook-m1ta34-amazon-amzo34-demissoes-tecnologia\/\",\"url\":\"https:\/\/www.suno.com.br\/noticias\/facebook-m1ta34-amazon-amzo34-demissoes-tecnologia\/\",\"name\":\"Facebook (M1TA34): demiss\u00f5es em massa das empresas de tecnologia\",\"isPartOf\":{\"@id\":\"https:\/\/www.suno.com.br\/noticias\/#website\"},\"primaryImageOfPage\":{\"@id\":\"https:\/\/www.suno.com.br\/noticias\/facebook-m1ta34-amazon-amzo34-demissoes-tecnologia\/#primaryimage\"},\"image\":{\"@id\":\"https:\/\/www.suno.com.br\/noticias\/facebook-m1ta34-amazon-amzo34-demissoes-tecnologia\/#primaryimage\"},\"thumbnailUrl\":\"https:\/\/files.sunoresearch.com.br\/n\/uploads\/2023\/01\/Mark_Zuckerberg_wikimedia-reproducao.jpg\",\"datePublished\":\"2023-01-11T19:05:03+00:00\",\"dateModified\":\"2023-01-11T19:34:49+00:00\",\"description\":\"Diante de cen\u00e1rio global macroecon\u00f4mico desafiador, nem as maiores empresas do mundo conseguem fugir das demiss\u00f5es em massa. Veja mais.\",\"breadcrumb\":{\"@id\":\"https:\/\/www.suno.com.br\/noticias\/facebook-m1ta34-amazon-amzo34-demissoes-tecnologia\/#breadcrumb\"},\"inLanguage\":\"pt-BR\",\"potentialAction\":[{\"@type\":\"ReadAction\",\"target\":[\"https:\/\/www.suno.com.br\/noticias\/facebook-m1ta34-amazon-amzo34-demissoes-tecnologia\/\"]}]},{\"@type\":\"ImageObject\",\"inLanguage\":\"pt-BR\",\"@id\":\"https:\/\/www.suno.com.br\/noticias\/facebook-m1ta34-amazon-amzo34-demissoes-tecnologia\/#primaryimage\",\"url\":\"https:\/\/files.sunoresearch.com.br\/n\/uploads\/2023\/01\/Mark_Zuckerberg_wikimedia-reproducao.jpg\",\"contentUrl\":\"https:\/\/files.sunoresearch.com.br\/n\/uploads\/2023\/01\/Mark_Zuckerberg_wikimedia-reproducao.jpg\",\"width\":1200,\"height\":792,\"caption\":\"Mark Zuckerberg. Foto: Reprodu\u00e7\u00e3o\/Wikimedia Creative Commons\"},{\"@type\":\"BreadcrumbList\",\"@id\":\"https:\/\/www.suno.com.br\/noticias\/facebook-m1ta34-amazon-amzo34-demissoes-tecnologia\/#breadcrumb\",\"itemListElement\":[{\"@type\":\"ListItem\",\"position\":1,\"name\":\"Not\u00edcias\",\"item\":\"https:\/\/www.suno.com.br\/noticias\/\"},{\"@type\":\"ListItem\",\"position\":2,\"name\":\"Neg\u00f3cios\",\"item\":\"https:\/\/www.suno.com.br\/noticias\/negocios\/\"},{\"@type\":\"ListItem\",\"position\":3,\"name\":\"Facebook (M1TA34), Amazon (AMZO34): as demiss\u00f5es em massa nas empresas de tecnologia\"}]},{\"@type\":\"WebSite\",\"@id\":\"https:\/\/www.suno.com.br\/noticias\/#website\",\"url\":\"https:\/\/www.suno.com.br\/noticias\/\",\"name\":\"Suno Not\u00edcias\",\"description\":\"Seu portal de informa\u00e7\u00e3o sobre o mundo dos investimentos\",\"publisher\":{\"@id\":\"https:\/\/www.suno.com.br\/noticias\/#organization\"},\"potentialAction\":[{\"@type\":\"SearchAction\",\"target\":{\"@type\":\"EntryPoint\",\"urlTemplate\":\"https:\/\/www.suno.com.br\/noticias\/?s={search_term_string}\"},\"query-input\":{\"@type\":\"PropertyValueSpecification\",\"valueRequired\":true,\"valueName\":\"search_term_string\"}}],\"inLanguage\":\"pt-BR\"},{\"@type\":\"Organization\",\"@id\":\"https:\/\/www.suno.com.br\/noticias\/#organization\",\"name\":\"Suno Not\u00edcias\",\"url\":\"https:\/\/www.suno.com.br\/noticias\/\",\"logo\":{\"@type\":\"ImageObject\",\"inLanguage\":\"pt-BR\",\"@id\":\"https:\/\/www.suno.com.br\/noticias\/#\/schema\/logo\/image\/\",\"url\":\"https:\/\/files.sunoresearch.com.br\/n\/uploads\/2021\/09\/suno-logo.png\",\"contentUrl\":\"https:\/\/files.sunoresearch.com.br\/n\/uploads\/2021\/09\/suno-logo.png\",\"width\":180,\"height\":180,\"caption\":\"Suno Not\u00edcias\"},\"image\":{\"@id\":\"https:\/\/www.suno.com.br\/noticias\/#\/schema\/logo\/image\/\"},\"sameAs\":[\"https:\/\/facebook.com\/sunoresearch\",\"https:\/\/x.com\/sunoresearch\",\"https:\/\/www.instagram.com\/suno\",\"https:\/\/www.linkedin.com\/company\/suno-research\/\",\"https:\/\/www.youtube.com\/c\/sunoresearch\"]},{\"@type\":\"Person\",\"@id\":\"https:\/\/www.suno.com.br\/noticias\/#\/schema\/person\/c9d40f227e4ffee8114b1299c28902b0\",\"name\":\"Beatriz Boyadjian\",\"image\":{\"@type\":\"ImageObject\",\"inLanguage\":\"pt-BR\",\"@id\":\"https:\/\/www.suno.com.br\/noticias\/#\/schema\/person\/image\/\",\"url\":\"https:\/\/secure.gravatar.com\/avatar\/4c3c59f4030e268f950437c4f36e38b7?s=96&r=g\",\"contentUrl\":\"https:\/\/secure.gravatar.com\/avatar\/4c3c59f4030e268f950437c4f36e38b7?s=96&r=g\",\"caption\":\"Beatriz Boyadjian\"},\"description\":\"Rep\u00f3rter multim\u00eddia no Suno Not\u00edcias. Jornalista formada pela Faculdade C\u00e1sper L\u00edbero, foi rep\u00f3rter da Forbes Brasil e atuou na cobertura de hard news, economia, neg\u00f3cios e lifestyle. Gerenciou as redes sociais da edi\u00e7\u00e3o brasileira da tradicional revista de neg\u00f3cios. Na M\u00e1quina Cohn&amp;Wolfe, atuou como rela\u00e7\u00f5es p\u00fablicas de clientes do N\u00facleo de Sa\u00fade da empresa. Produziu releases, notas, relat\u00f3rios, entre outros, para empresas como Biomm, Hypera, FIDI. Anteriormente, respons\u00e1vel pelas redes sociais do Suno Not\u00edcias.\",\"sameAs\":[\"https:\/\/www.linkedin.com\/in\/beatriz-boyadjian\/\"],\"url\":\"https:\/\/www.suno.com.br\/noticias\/author\/beatriz-boyadjian\/\"}]}<\/script>\n<!-- \/ Yoast SEO plugin. -->","yoast_head_json":{"title":"Facebook (M1TA34): demiss\u00f5es em massa das empresas de tecnologia","description":"Diante de cen\u00e1rio global macroecon\u00f4mico desafiador, nem as maiores empresas do mundo conseguem fugir das demiss\u00f5es em massa. Veja mais.","robots":{"index":"index","follow":"follow","max-snippet":"max-snippet:-1","max-image-preview":"max-image-preview:large","max-video-preview":"max-video-preview:-1"},"canonical":"https:\/\/www.suno.com.br\/noticias\/facebook-m1ta34-amazon-amzo34-demissoes-tecnologia\/","og_locale":"pt_BR","og_type":"article","og_title":"Facebook (M1TA34): demiss\u00f5es em massa das empresas de tecnologia","og_description":"Diante de cen\u00e1rio global macroecon\u00f4mico desafiador, nem as maiores empresas do mundo conseguem fugir das demiss\u00f5es em massa. Veja mais.","og_url":"https:\/\/www.suno.com.br\/noticias\/facebook-m1ta34-amazon-amzo34-demissoes-tecnologia\/","og_site_name":"Suno Not\u00edcias","article_publisher":"https:\/\/facebook.com\/sunoresearch","og_image":[{"width":1200,"height":792,"url":"https:\/\/files.sunoresearch.com.br\/n\/uploads\/2023\/01\/Mark_Zuckerberg_wikimedia-reproducao.jpg","type":"image\/jpeg"}],"author":"Beatriz Boyadjian","twitter_card":"summary_large_image","twitter_creator":"@sunoresearch","twitter_site":"@sunoresearch","twitter_misc":{"Escrito por":"Beatriz Boyadjian","Est. tempo de leitura":"4 minutos"},"schema":{"@context":"https:\/\/schema.org","@graph":[{"@type":"NewsArticle","@id":"https:\/\/www.suno.com.br\/noticias\/facebook-m1ta34-amazon-amzo34-demissoes-tecnologia\/#article","isPartOf":{"@id":"https:\/\/www.suno.com.br\/noticias\/facebook-m1ta34-amazon-amzo34-demissoes-tecnologia\/"},"author":{"name":"Beatriz Boyadjian","@id":"https:\/\/www.suno.com.br\/noticias\/#\/schema\/person\/c9d40f227e4ffee8114b1299c28902b0"},"headline":"Facebook (M1TA34), Amazon (AMZO34): as demiss\u00f5es em massa nas empresas de tecnologia","datePublished":"2023-01-11T19:05:03+00:00","dateModified":"2023-01-11T19:34:49+00:00","mainEntityOfPage":{"@id":"https:\/\/www.suno.com.br\/noticias\/facebook-m1ta34-amazon-amzo34-demissoes-tecnologia\/"},"wordCount":597,"publisher":{"@id":"https:\/\/www.suno.com.br\/noticias\/#organization"},"image":{"@id":"https:\/\/www.suno.com.br\/noticias\/facebook-m1ta34-amazon-amzo34-demissoes-tecnologia\/#primaryimage"},"thumbnailUrl":"https:\/\/files.sunoresearch.com.br\/n\/uploads\/2023\/01\/Mark_Zuckerberg_wikimedia-reproducao.jpg","keywords":["Amazon (AMZO34)","big techs","demiss\u00f5es","Desemprego","Facebook (FBOK34)","Mark Zuckerberg","Tecnologia"],"articleSection":["Neg\u00f3cios"],"inLanguage":"pt-BR"},{"@type":"WebPage","@id":"https:\/\/www.suno.com.br\/noticias\/facebook-m1ta34-amazon-amzo34-demissoes-tecnologia\/","url":"https:\/\/www.suno.com.br\/noticias\/facebook-m1ta34-amazon-amzo34-demissoes-tecnologia\/","name":"Facebook (M1TA34): demiss\u00f5es em massa das empresas de tecnologia","isPartOf":{"@id":"https:\/\/www.suno.com.br\/noticias\/#website"},"primaryImageOfPage":{"@id":"https:\/\/www.suno.com.br\/noticias\/facebook-m1ta34-amazon-amzo34-demissoes-tecnologia\/#primaryimage"},"image":{"@id":"https:\/\/www.suno.com.br\/noticias\/facebook-m1ta34-amazon-amzo34-demissoes-tecnologia\/#primaryimage"},"thumbnailUrl":"https:\/\/files.sunoresearch.com.br\/n\/uploads\/2023\/01\/Mark_Zuckerberg_wikimedia-reproducao.jpg","datePublished":"2023-01-11T19:05:03+00:00","dateModified":"2023-01-11T19:34:49+00:00","description":"Diante de cen\u00e1rio global macroecon\u00f4mico desafiador, nem as maiores empresas do mundo conseguem fugir das demiss\u00f5es em massa. Veja mais.","breadcrumb":{"@id":"https:\/\/www.suno.com.br\/noticias\/facebook-m1ta34-amazon-amzo34-demissoes-tecnologia\/#breadcrumb"},"inLanguage":"pt-BR","potentialAction":[{"@type":"ReadAction","target":["https:\/\/www.suno.com.br\/noticias\/facebook-m1ta34-amazon-amzo34-demissoes-tecnologia\/"]}]},{"@type":"ImageObject","inLanguage":"pt-BR","@id":"https:\/\/www.suno.com.br\/noticias\/facebook-m1ta34-amazon-amzo34-demissoes-tecnologia\/#primaryimage","url":"https:\/\/files.sunoresearch.com.br\/n\/uploads\/2023\/01\/Mark_Zuckerberg_wikimedia-reproducao.jpg","contentUrl":"https:\/\/files.sunoresearch.com.br\/n\/uploads\/2023\/01\/Mark_Zuckerberg_wikimedia-reproducao.jpg","width":1200,"height":792,"caption":"Mark Zuckerberg. Foto: Reprodu\u00e7\u00e3o\/Wikimedia Creative Commons"},{"@type":"BreadcrumbList","@id":"https:\/\/www.suno.com.br\/noticias\/facebook-m1ta34-amazon-amzo34-demissoes-tecnologia\/#breadcrumb","itemListElement":[{"@type":"ListItem","position":1,"name":"Not\u00edcias","item":"https:\/\/www.suno.com.br\/noticias\/"},{"@type":"ListItem","position":2,"name":"Neg\u00f3cios","item":"https:\/\/www.suno.com.br\/noticias\/negocios\/"},{"@type":"ListItem","position":3,"name":"Facebook (M1TA34), Amazon (AMZO34): as demiss\u00f5es em massa nas empresas de tecnologia"}]},{"@type":"WebSite","@id":"https:\/\/www.suno.com.br\/noticias\/#website","url":"https:\/\/www.suno.com.br\/noticias\/","name":"Suno Not\u00edcias","description":"Seu portal de informa\u00e7\u00e3o sobre o mundo dos investimentos","publisher":{"@id":"https:\/\/www.suno.com.br\/noticias\/#organization"},"potentialAction":[{"@type":"SearchAction","target":{"@type":"EntryPoint","urlTemplate":"https:\/\/www.suno.com.br\/noticias\/?s={search_term_string}"},"query-input":{"@type":"PropertyValueSpecification","valueRequired":true,"valueName":"search_term_string"}}],"inLanguage":"pt-BR"},{"@type":"Organization","@id":"https:\/\/www.suno.com.br\/noticias\/#organization","name":"Suno Not\u00edcias","url":"https:\/\/www.suno.com.br\/noticias\/","logo":{"@type":"ImageObject","inLanguage":"pt-BR","@id":"https:\/\/www.suno.com.br\/noticias\/#\/schema\/logo\/image\/","url":"https:\/\/files.sunoresearch.com.br\/n\/uploads\/2021\/09\/suno-logo.png","contentUrl":"https:\/\/files.sunoresearch.com.br\/n\/uploads\/2021\/09\/suno-logo.png","width":180,"height":180,"caption":"Suno Not\u00edcias"},"image":{"@id":"https:\/\/www.suno.com.br\/noticias\/#\/schema\/logo\/image\/"},"sameAs":["https:\/\/facebook.com\/sunoresearch","https:\/\/x.com\/sunoresearch","https:\/\/www.instagram.com\/suno","https:\/\/www.linkedin.com\/company\/suno-research\/","https:\/\/www.youtube.com\/c\/sunoresearch"]},{"@type":"Person","@id":"https:\/\/www.suno.com.br\/noticias\/#\/schema\/person\/c9d40f227e4ffee8114b1299c28902b0","name":"Beatriz Boyadjian","image":{"@type":"ImageObject","inLanguage":"pt-BR","@id":"https:\/\/www.suno.com.br\/noticias\/#\/schema\/person\/image\/","url":"https:\/\/secure.gravatar.com\/avatar\/4c3c59f4030e268f950437c4f36e38b7?s=96&r=g","contentUrl":"https:\/\/secure.gravatar.com\/avatar\/4c3c59f4030e268f950437c4f36e38b7?s=96&r=g","caption":"Beatriz Boyadjian"},"description":"Rep\u00f3rter multim\u00eddia no Suno Not\u00edcias. Jornalista formada pela Faculdade C\u00e1sper L\u00edbero, foi rep\u00f3rter da Forbes Brasil e atuou na cobertura de hard news, economia, neg\u00f3cios e lifestyle. Gerenciou as redes sociais da edi\u00e7\u00e3o brasileira da tradicional revista de neg\u00f3cios. Na M\u00e1quina Cohn&amp;Wolfe, atuou como rela\u00e7\u00f5es p\u00fablicas de clientes do N\u00facleo de Sa\u00fade da empresa. Produziu releases, notas, relat\u00f3rios, entre outros, para empresas como Biomm, Hypera, FIDI. Anteriormente, respons\u00e1vel pelas redes sociais do Suno Not\u00edcias.","sameAs":["https:\/\/www.linkedin.com\/in\/beatriz-boyadjian\/"],"url":"https:\/\/www.suno.com.br\/noticias\/author\/beatriz-boyadjian\/"}]}},"default_loop_html":"<div class=\"cardsPage__listCard__boxs\"><div class=\"cardsPage__listCard__boxs__img\"><a href=\"https:\/\/www.suno.com.br\/noticias\/facebook-m1ta34-amazon-amzo34-demissoes-tecnologia\/\"><img class=\"mask\" src=\"https:\/\/www.suno.com.br\/noticias\/wp-content\/themes\/suno\/resources\/images\/spotlight\/spotlight1img\/bg-mask.png\" alt=\"Image Mask\"\/><img src=\"https:\/\/files.sunoresearch.com.br\/n\/uploads\/2023\/01\/Mark_Zuckerberg_wikimedia-reproducao-400x200.jpg\" alt=\"Facebook (M1TA34), Amazon (AMZO34): as demiss\u00f5es em massa nas empresas de tecnologia\"\/><\/a><span class=\"spotlightCategory\"><a href=\"https:\/\/www.suno.com.br\/noticias\/negocios\/\">Neg\u00f3cios<\/a><\/span><\/div><div class=\"cardsPage__listCard__boxs__content\"><a href=\"https:\/\/www.suno.com.br\/noticias\/facebook-m1ta34-amazon-amzo34-demissoes-tecnologia\/\"><h2 class=\"content__title\">Facebook (M1TA34), Amazon (AMZO34): as demiss\u00f5es em massa nas empresas de tecnologia<\/h2><\/a><div class=\"newsContent__article__meta\"><div class=\"newsContent__article__meta__authorBox\"><a href=\"https:\/\/www.suno.com.br\/noticias\/author\/beatriz-boyadjian\/\" class=\"authorBox__avatar noMobi\"><img src=\"https:\/\/secure.gravatar.com\/avatar\/4c3c59f4030e268f950437c4f36e38b7?s=96&#038;r=g\" alt=\"Beatriz Boyadjian\"><\/a><div class=\"authorBox__name\"><span>por\n\t\t\t<a href=\"https:\/\/www.suno.com.br\/noticias\/author\/beatriz-boyadjian\/\"><span itemprop=\"author\">Beatriz Boyadjian<\/span><\/a><\/span><time datetime=\"2023-01-11T16:05:03-03:00\" itemprop=\"datePublished\">11\/01\/2023 16:05<\/time><\/div><\/div><\/div><\/div><\/div>","single_layout":"posts","amp_enabled":true,"_links":{"self":[{"href":"https:\/\/www.suno.com.br\/noticias\/wp-json\/wp\/v2\/posts\/344863"}],"collection":[{"href":"https:\/\/www.suno.com.br\/noticias\/wp-json\/wp\/v2\/posts"}],"about":[{"href":"https:\/\/www.suno.com.br\/noticias\/wp-json\/wp\/v2\/types\/post"}],"author":[{"embeddable":true,"href":"https:\/\/www.suno.com.br\/noticias\/wp-json\/wp\/v2\/users\/70"}],"replies":[{"embeddable":true,"href":"https:\/\/www.suno.com.br\/noticias\/wp-json\/wp\/v2\/comments?post=344863"}],"version-history":[{"count":2,"href":"https:\/\/www.suno.com.br\/noticias\/wp-json\/wp\/v2\/posts\/344863\/revisions"}],"predecessor-version":[{"id":344933,"href":"https:\/\/www.suno.com.br\/noticias\/wp-json\/wp\/v2\/posts\/344863\/revisions\/344933"}],"wp:featuredmedia":[{"embeddable":true,"href":"https:\/\/www.suno.com.br\/noticias\/wp-json\/wp\/v2\/media\/344883"}],"wp:attachment":[{"href":"https:\/\/www.suno.com.br\/noticias\/wp-json\/wp\/v2\/media?parent=344863"}],"wp:term":[{"taxonomy":"category","embeddable":true,"href":"https:\/\/www.suno.com.br\/noticias\/wp-json\/wp\/v2\/categories?post=344863"},{"taxonomy":"post_tag","embeddable":true,"href":"https:\/\/www.suno.com.br\/noticias\/wp-json\/wp\/v2\/tags?post=344863"},{"taxonomy":"suno_strategy","embeddable":true,"href":"https:\/\/www.suno.com.br\/noticias\/wp-json\/wp\/v2\/suno_strategy?post=344863"}],"curies":[{"name":"wp","href":"https:\/\/api.w.org\/{rel}","templated":true}]}}