{"id":344552,"date":"2023-01-11T14:52:42","date_gmt":"2023-01-11T17:52:42","guid":{"rendered":"https:\/\/www.suno.com.br\/noticias\/?p=344552"},"modified":"2023-01-11T15:05:48","modified_gmt":"2023-01-11T18:05:48","slug":"salario-minimo-aumento-lula-maio","status":"publish","type":"post","link":"https:\/\/www.suno.com.br\/noticias\/salario-minimo-aumento-lula-maio\/","title":{"rendered":"Aumento do sal\u00e1rio m\u00ednimo defendido por Lula pode sair apenas em maio"},"content":{"rendered":"<p>O governo do presidente Luiz In\u00e1cio Lula da Silva (PT) pode ter de esperar at\u00e9 o dia 1\u00ba de maio, feriado do Dia do Trabalho, para anunciar o reajuste do <strong>sal\u00e1rio m\u00ednimo<\/strong> para R$ 1.320 &#8212; atualmente, o valor \u00e9 de R$ 1.302. O adiamento dessa medida est\u00e1 em discuss\u00e3o dentro do governo e \u00e9 defendido pela \u00e1rea econ\u00f4mica.<\/p><div class=\"videoFull \">\n\t\t\t<div class=\"videoWrapper yt-lazyload center\"\n\t\t\t\tdata-width=\"960\"\n\t\t\t\tdata-height=\"540\"\n\t\t\t\tdata-id=\"f5kNznvxhyk\"\n\t\t\t\tdata-alt=\"V\u00eddeo do YouTube - clique para reproduzir\"\n\t\t\t\tdata-logo=\"3\"\n\t\t\t\tdata-imagequality=\"maxres\">\n\t\t\t<\/div>\n\t\t<\/div><script type=\"application\/ld+json\">{\"@context\":\"https:\/\/schema.org\",\"@type\":\"VideoObject\",\"name\":\"INFLA\u00c7\u00c3O: Mercado olha carta do BC | Haddad espera sinal verde de Lula para pacote de medidas\",\"description\":\"\ud83d\udea8\ud83d\udcb8\ud835\udc01\ud835\udc1a\ud835\udc22\ud835\udc31\ud835\udc1e \ud835\udc28 \ud835\udc20\ud835\udc2e\ud835\udc22\ud835\udc1a \"\ud835\udc02\ud835\udc28\ud835\udc26\ud835\udc28 \ud835\udc22\ud835\udc27\ud835\udc2f\ud835\udc1e\ud835\udc2c\ud835\udc2d\ud835\udc22\ud835\udc2b \ud835\udc1e\ud835\udc26 \ud835\udfd0\ud835\udfce\ud835\udfd0\ud835\udfd1\" \ud835\udc27\ud835\udc28 \ud835\udc25\ud835\udc22\ud835\udc27\ud835\udc24 \ud83d\udc47 https:\/\/lp.suno.com.br\/cl\/sr-guia-como-investir-em-2023\/?utm_source=youtube.noticias&utm_medium=live&utm_campaign=N\/A.ns.20230109&utm_content=ytnoticias.morning.11012023 #morningcall #Not\u00edcias #morningcall #petr4 #elet3 #elet6 #mercadofinanceiro #investimentos #dolar #dinheiro #dividendos #haddad #lula \ud83d\udd34\ud835\udc08\ud835\udc0d\ud835\udc12\ud835\udc02\ud835\udc11\ud835\udc04\ud835\udc15\ud835\udc00-\ud835\udc12\ud835\udc04 \ud835\udc0d\ud835\udc0e \ud835\udc02\ud835\udc00\ud835\udc0d\ud835\udc00\ud835\udc0b \ud835\udc04 \ud835\udc00\ud835\udc13\ud835\udc08\ud835\udc15\ud835\udc04 \ud835\udc0e \ud835\udc12\ud835\udc08\ud835\udc0d\ud835\udc0e \ud83d\udc47 https:\/\/bit.ly\/INSCREVA-SEATIVEOSINO \ud83d\udcda \ud835\udfcf\ud835\udfce \ud835\udc0b\ud835\udc22\ud835\udc2f\ud835\udc2b\ud835\udc28\ud835\udc2c \ud835\udc2a\ud835\udc2e\ud835\udc1e \ud835\udc13\ud835\udc28\ud835\udc1d\ud835\udc28 \ud835\udc08\ud835\udc27\ud835\udc2f\ud835\udc1e\ud835\udc2c\ud835\udc2d\ud835\udc22\ud835\udc1d\ud835\udc28\ud835\udc2b \ud835\udc1d\ud835\udc1e\ud835\udc2f\ud835\udc1e\ud835\udc2b\ud835\udc22\ud835\udc1a \ud835\udc0b\ud835\udc1e\ud835\udc2b\ud83d\udc47 https:\/\/lp.suno.com.br\/ebook-10-livros\/?utm_source=youtube.noticias&utm_medium=video&utm_campaign=ebook10livrosparainvestidores.20230105&utm_content=youtube.noticias.05012023 \ud83d\udcda \ud83d\udcb8 \ud83d\udcca \ud835\udde3\ud835\udddf\ud835\uddd4\ud835\udde1\ud835\udddc\ud835\udddf\ud835\udddb\ud835\uddd4 \ud835\uddd7\ud835\uddd8 \ud835\uddd6\ud835\udde2\ud835\udde1\ud835\udde7\ud835\udde5\ud835\udde2\ud835\udddf\ud835\uddd8 \ud835\uddd9\ud835\udddc\ud835\udde1\ud835\uddd4\ud835\udde1\ud835\uddd6\ud835\uddd8\ud835\udddc\ud835\udde5\ud835\udde2: \ud835\uddd5\ud835\uddee\ud835\uddf6\ud835\ude05\ud835\uddf2 \ud835\uddee \ud835\uddfd\ud835\uddf9\ud835\uddee\ud835\uddfb\ud835\uddf6\ud835\uddf9\ud835\uddf5\ud835\uddee AGORA antes que\u2026\",\"duration\":\"PT33M28S\",\"embedUrl\":\"https:\/\/www.youtube.com\/embed\/f5kNznvxhyk\",\"regionsAllowed\":\"pt-BR\",\"interactionStatistic\":{\"@type\":\"InteractionCounter\",\"interactionType\":{\"@type\":\"WatchAction\"},\"userInteractionCount\":4216},\"thumbnailUrl\":\"https:\/\/i.ytimg.com\/vi\/f5kNznvxhyk\/default.jpg\",\"uploadDate\":\"2023-01-11T12:48:42Z\"}<\/script>\n\n\n\n\n\t<p>\n\t\t<a href=\"\" target=\"_blank\" data-element=\"shortcode-suno-banner\" title=\"Banner SUNO, clique e saiba mais\">\n\t\t\t<picture>\n\t\t\t\t<source media=\"(max-width: 500px)\" srcset=\"\">\n\t\t\t\t<img class=\"newsContent__article__imgCapa newsContent__article__imgCapa--banner\"\n\t\t\t\t\tsrc=\"\"\n\t\t\t\t\tdata-promo-id=\"240038\"\t\t\t\t\t\t\t\t\t\t\t\t\t\t\talt=\"\"\n\t\t\t\t>\n\t\t\t<\/picture>\n\t\t<\/a>\n\t<\/p>\n\n\n\n\n\n<p>Segundo a apura\u00e7\u00e3o do jornal O Estado de S\u00e3o Paulo, a pauta j\u00e1 foi levada a Lula, que ainda n\u00e3o bateu o martelo sobre o tema.<\/p>\n\n\n\n<p>A posterga\u00e7\u00e3o do an\u00fancio do <strong>aumento do sal\u00e1rio m\u00ednimo<\/strong> daria tempo para o governo monitorar a evolu\u00e7\u00e3o do comportamento da folha do Instituto Nacional do Seguro Social (INSS), que teve a base de benefici\u00e1rios elevada rapidamente na reta final da campanha eleitoral do ex-presidente Jair Bolsonaro (PL).<\/p>\n\n\n\n<p>T\u00e9cnicos do governo <strong>Lula<\/strong> disseram que reajustar agora seria muito dif\u00edcil, porque n\u00e3o h\u00e1 todo o or\u00e7amento necess\u00e1rio. Os n\u00fameros, por\u00e9m, foram revistos em fun\u00e7\u00e3o do crescimento da estimativa de gastos atrelados ao <a class=\"suno-keyword\" target=\"_blank\" data-force=\"no\" data-priority=\"3\" href=\"https:\/\/www.suno.com.br\/artigos\/salario-minimo\/\" rel=\"noopener\">sal\u00e1rio m\u00ednimo<\/a>, como benef\u00edcios previdenci\u00e1rios.<\/p>\n\n\n\t<p>\n\t\t<a href=\"https:\/\/lp.suno.com.br\/planilha-controle-gastos\/\" target=\"_blank\" data-element=\"shortcode-suno-banner\" title=\"Banner SUNO, clique e saiba mais\">\n\t\t\t<picture>\n\t\t\t\t<source media=\"(max-width: 500px)\" srcset=\"https:\/\/files.sunoresearch.com.br\/n\/uploads\/2023\/03\/400x300-Planilha-controle-de-gastos.png\">\n\t\t\t\t<img class=\"newsContent__article__imgCapa newsContent__article__imgCapa--banner\"\n\t\t\t\t\tsrc=\"https:\/\/files.sunoresearch.com.br\/n\/uploads\/2023\/03\/1420x240-Planilha-controle-de-gastos.png\"\n\t\t\t\t\tdata-promo-id=\"101751\"\t\t\t\t\t\t\t\t\t\twidth='1420' height='240'\t\t\t\t\talt=\"https:\/\/files.sunoresearch.com.br\/n\/uploads\/2023\/03\/1420x240-Planilha-controle-de-gastos.png\"\n\t\t\t\t>\n\t\t\t<\/picture>\n\t\t<\/a>\n\t<\/p>\n\n\n\n\n\n<h2 class=\"wp-block-heading\" id=\"h-salario-minimo-vai-aumentar-entenda\">Sal\u00e1rio m\u00ednimo vai aumentar? Entenda<\/h2>\n\n\n\n<p>O custo adicional inicialmente estimado pelos t\u00e9cnicos do governo \u00e9 de R$ 7,7 bilh\u00f5es, al\u00e9m do que foi previsto no <strong>Or\u00e7amento de 2023<\/strong>. A Proposta de Emenda \u00e0 Constitui\u00e7\u00e3o (PEC) da Transi\u00e7\u00e3o, aprovada no final do ano passado, j\u00e1 constava com um adicional de R$ 6,8 bilh\u00f5es para garantir o <strong>aumento real<\/strong> (acima da infla\u00e7\u00e3o) do sal\u00e1rio m\u00ednimo.<\/p>\n\n\n\n<p>Como esse gasto extra n\u00e3o est\u00e1 previsto no Or\u00e7amento, se o governo anunciasse o <strong>reajuste do sal\u00e1rio m\u00ednimo<\/strong> em janeiro, teria que se comprometer com uma amplia\u00e7\u00e3o da dota\u00e7\u00e3o or\u00e7ament\u00e1ria, segundo t\u00e9cnicos envolvidos na discuss\u00e3o. <\/p>\n\n\n\n<p>Na pr\u00e1tica, essa situa\u00e7\u00e3o poderia levar o governo a fazer um contingenciamento de despesas no primeiro relat\u00f3rio bimestral de avalia\u00e7\u00e3o de receitas e despesas do Or\u00e7amento, em 22 de mar\u00e7o, data do seu envio ao Congresso.<\/p>\n\n\n\n<p>O <strong>presidente Lula<\/strong> prometeu que aumentaria o valor do benef\u00edcio, mas ainda n\u00e3o editou uma medida provis\u00f3ria (MP) formalizando o novo patamar do piso nem sancionou o Or\u00e7amento de 2023. At\u00e9 l\u00e1, fica valendo o valor do sal\u00e1rio m\u00ednimo de R$ 1.302.<\/p>\n\n\n\t<p>\n\t\t<a href=\"https:\/\/lp.suno.com.br\/planilha-da-vida-financeira\/\" target=\"_blank\" data-element=\"shortcode-suno-banner\" title=\"Banner SUNO, clique e saiba mais\">\n\t\t\t<picture>\n\t\t\t\t<source media=\"(max-width: 500px)\" srcset=\"https:\/\/files.sunoresearch.com.br\/n\/uploads\/2023\/04\/400x300-Planilha-vida-financeira-true.png\">\n\t\t\t\t<img class=\"newsContent__article__imgCapa newsContent__article__imgCapa--banner\"\n\t\t\t\t\tsrc=\"https:\/\/files.sunoresearch.com.br\/n\/uploads\/2023\/04\/1420x240-Planilha-vida-financeira-true.png\"\n\t\t\t\t\tdata-promo-id=\"106682\"\t\t\t\t\t\t\t\t\t\twidth='1420' height='240'\t\t\t\t\talt=\"https:\/\/files.sunoresearch.com.br\/n\/uploads\/2023\/04\/1420x240-Planilha-vida-financeira-true.png\"\n\t\t\t\t>\n\t\t\t<\/picture>\n\t\t<\/a>\n\t<\/p>\n\n\n\n\n\n<h2 class=\"wp-block-heading\">Sal\u00e1rio m\u00ednimo e o efeito cascata<\/h2>\n\n\n\n<p>Antes mesmo de assumir no cargo, o<a href=\"https:\/\/www.suno.com.br\/noticias\/plano-haddad-estabilizacao-divida-publica\/\" target=\"_blank\" rel=\"noreferrer noopener\"> ministro da Fazenda, <strong>Fernando Haddad<\/strong><\/a>, vinha alertando para os afrouxamento dos filtros do INSS na concess\u00e3o dos benef\u00edcios previdenci\u00e1rios. <\/p>\n\n\n\n<p>&#8220;No INSS, foram retirados os filtros para acabar artificialmente com a fila. Essa \u00e9 a real. \u00c9 isso que vamos ter que resolver ano que vem e vamos trabalhar para resolver&#8221;, disse o l\u00edder econ\u00f4mico de Lula em dezembro de 2022.<\/p>\n\n\n\t<p>\n\t\t<a href=\"https:\/\/lp.suno.com.br\/ebook-como-analisar-uma-acao\/\" target=\"_blank\" data-element=\"shortcode-suno-banner\" title=\"Banner SUNO, clique e saiba mais\">\n\t\t\t<picture>\n\t\t\t\t<source media=\"(max-width: 500px)\" srcset=\"https:\/\/files.sunoresearch.com.br\/n\/uploads\/2023\/03\/Ebook-Acoes-Mobile-1.jpg\">\n\t\t\t\t<img class=\"newsContent__article__imgCapa newsContent__article__imgCapa--banner\"\n\t\t\t\t\tsrc=\"https:\/\/files.sunoresearch.com.br\/n\/uploads\/2023\/03\/Ebook-Acoes-Desktop-1.jpg\"\n\t\t\t\t\tdata-promo-id=\"171998\"\t\t\t\t\t\t\t\t\t\twidth='1420' height='286'\t\t\t\t\talt=\"https:\/\/files.sunoresearch.com.br\/n\/uploads\/2023\/03\/Ebook-Acoes-Desktop-1.jpg\"\n\t\t\t\t>\n\t\t\t<\/picture>\n\t\t<\/a>\n\t<\/p>\n\n\n\n\n\n<p>O Congresso chegou a aprovar o Or\u00e7amento deste ano com a previs\u00e3o de recursos para o pagamento do sal\u00e1rio m\u00ednimo em R$ 1.320, segundo o relator-geral, senador Marcelo Castro (MDB-PI).<\/p>\n\n\n\n<p>Na segunda (9), o <a href=\"https:\/\/www.suno.com.br\/noticias\/fgts-ministro-recua-fim-saque-aniversario\/\" target=\"_blank\" rel=\"noreferrer noopener\">ministro do Trabalho, Luiz Marinho<\/a>, daria uma entrevista sobre as discuss\u00f5es envolvendo o <strong>sal\u00e1rio m\u00ednimo<\/strong>, mas a coletiva foi cancelada por causa dos ataques e depreda\u00e7\u00f5es \u00e0s sedes dos Tr\u00eas Poderes em Bras\u00edlia, no domingo (8).<\/p>\n\n\n\n<p><em>Com Estad\u00e3o Conte\u00fado<\/em><\/p>\n\n\n\t<p>\n\t\t<a href=\"https:\/\/lp.suno.com.br\/planilha-de-controle-de-investimentos\/\" target=\"_blank\" data-element=\"shortcode-suno-banner\" title=\"Banner SUNO, clique e saiba mais\">\n\t\t\t<picture>\n\t\t\t\t<source media=\"(max-width: 500px)\" srcset=\"https:\/\/files.sunoresearch.com.br\/n\/uploads\/2023\/03\/400x300-Controle-de-Investimentos.png\">\n\t\t\t\t<img class=\"newsContent__article__imgCapa newsContent__article__imgCapa--banner\"\n\t\t\t\t\tsrc=\"https:\/\/files.sunoresearch.com.br\/n\/uploads\/2023\/03\/1420x240-Controle-de-Investimentos.png\"\n\t\t\t\t\tdata-promo-id=\"75934\"\t\t\t\t\t\t\t\t\t\twidth='1420' height='240'\t\t\t\t\talt=\"https:\/\/files.sunoresearch.com.br\/n\/uploads\/2023\/03\/1420x240-Controle-de-Investimentos.png\"\n\t\t\t\t>\n\t\t\t<\/picture>\n\t\t<\/a>\n\t<\/p>\n\n\n","protected":false},"excerpt":{"rendered":"<p>O governo do presidente Luiz In\u00e1cio Lula da Silva (PT) pode ter de esperar at\u00e9 o dia 1\u00ba de maio, feriado do Dia do Trabalho, para anunciar o reajuste do sal\u00e1rio m\u00ednimo para R$ 1.320 &#8212; atualmente, o valor \u00e9 de R$ 1.302. O adiamento dessa medida est\u00e1 em discuss\u00e3o dentro do governo e \u00e9 [&hellip;]<\/p>\n","protected":false},"author":232,"featured_media":344596,"comment_status":"closed","ping_status":"closed","sticky":false,"template":"","format":"standard","meta":[],"categories":[62],"tags":[709,1824],"suno_strategy":[],"class_list":["post-344552","post","type-post","status-publish","format-standard","has-post-thumbnail","hentry","category-economia","tag-lula","tag-salario-minimo"],"yoast_head":"<!-- This site is optimized with the Yoast SEO plugin v24.4 - https:\/\/yoast.com\/wordpress\/plugins\/seo\/ -->\n<title>Sal\u00e1rio m\u00ednimo: Aumento desejado por Lula pode chegar s\u00f3 em maio<\/title>\n<meta name=\"description\" content=\"O governo do presidente Lula pode esperar at\u00e9 maio para anunciar o reajuste do sal\u00e1rio m\u00ednimo para R$ 1.320. Clique e saiba mais!\" \/>\n<meta name=\"robots\" content=\"index, follow, max-snippet:-1, max-image-preview:large, max-video-preview:-1\" \/>\n<link rel=\"canonical\" href=\"https:\/\/www.suno.com.br\/noticias\/salario-minimo-aumento-lula-maio\/\" \/>\n<meta property=\"og:locale\" content=\"pt_BR\" \/>\n<meta property=\"og:type\" content=\"article\" \/>\n<meta property=\"og:title\" content=\"Sal\u00e1rio m\u00ednimo: Aumento desejado por Lula pode chegar s\u00f3 em maio\" \/>\n<meta property=\"og:description\" content=\"O governo do presidente Lula pode esperar at\u00e9 maio para anunciar o reajuste do sal\u00e1rio m\u00ednimo para R$ 1.320. Clique e saiba mais!\" \/>\n<meta property=\"og:url\" content=\"https:\/\/www.suno.com.br\/noticias\/salario-minimo-aumento-lula-maio\/\" \/>\n<meta property=\"og:site_name\" content=\"Suno Not\u00edcias\" \/>\n<meta property=\"article:publisher\" content=\"https:\/\/facebook.com\/sunoresearch\" \/>\n<meta property=\"og:image\" content=\"https:\/\/files.sunoresearch.com.br\/n\/uploads\/2023\/01\/lula-presidente-reuniao-forum-governadores-foto-fabio-rodrigues-pozzebom-agencia-brasil.jpg\" \/>\n\t<meta property=\"og:image:width\" content=\"1200\" \/>\n\t<meta property=\"og:image:height\" content=\"675\" \/>\n\t<meta property=\"og:image:type\" content=\"image\/jpeg\" \/>\n<meta name=\"author\" content=\"Erick Matheus Nery\" \/>\n<meta name=\"twitter:card\" content=\"summary_large_image\" \/>\n<meta name=\"twitter:creator\" content=\"@sunoresearch\" \/>\n<meta name=\"twitter:site\" content=\"@sunoresearch\" \/>\n<meta name=\"twitter:label1\" content=\"Escrito por\" \/>\n\t<meta name=\"twitter:data1\" content=\"Erick Matheus Nery\" \/>\n\t<meta name=\"twitter:label2\" content=\"Est. tempo de leitura\" \/>\n\t<meta name=\"twitter:data2\" content=\"3 minutos\" \/>\n<script type=\"application\/ld+json\" class=\"yoast-schema-graph\">{\"@context\":\"https:\/\/schema.org\",\"@graph\":[{\"@type\":\"NewsArticle\",\"@id\":\"https:\/\/www.suno.com.br\/noticias\/salario-minimo-aumento-lula-maio\/#article\",\"isPartOf\":{\"@id\":\"https:\/\/www.suno.com.br\/noticias\/salario-minimo-aumento-lula-maio\/\"},\"author\":{\"name\":\"Erick Matheus Nery\",\"@id\":\"https:\/\/www.suno.com.br\/noticias\/#\/schema\/person\/6899bc3f19d1a7315f807131c2c013a0\"},\"headline\":\"Aumento do sal\u00e1rio m\u00ednimo defendido por Lula pode sair apenas em maio\",\"datePublished\":\"2023-01-11T17:52:42+00:00\",\"dateModified\":\"2023-01-11T18:05:48+00:00\",\"mainEntityOfPage\":{\"@id\":\"https:\/\/www.suno.com.br\/noticias\/salario-minimo-aumento-lula-maio\/\"},\"wordCount\":581,\"publisher\":{\"@id\":\"https:\/\/www.suno.com.br\/noticias\/#organization\"},\"image\":{\"@id\":\"https:\/\/www.suno.com.br\/noticias\/salario-minimo-aumento-lula-maio\/#primaryimage\"},\"thumbnailUrl\":\"https:\/\/files.sunoresearch.com.br\/n\/uploads\/2023\/01\/lula-presidente-reuniao-forum-governadores-foto-fabio-rodrigues-pozzebom-agencia-brasil.jpg\",\"keywords\":[\"Lula\",\"sal\u00e1rio m\u00ednimo\"],\"articleSection\":[\"Economia\"],\"inLanguage\":\"pt-BR\"},{\"@type\":\"WebPage\",\"@id\":\"https:\/\/www.suno.com.br\/noticias\/salario-minimo-aumento-lula-maio\/\",\"url\":\"https:\/\/www.suno.com.br\/noticias\/salario-minimo-aumento-lula-maio\/\",\"name\":\"Sal\u00e1rio m\u00ednimo: Aumento desejado por Lula pode chegar s\u00f3 em maio\",\"isPartOf\":{\"@id\":\"https:\/\/www.suno.com.br\/noticias\/#website\"},\"primaryImageOfPage\":{\"@id\":\"https:\/\/www.suno.com.br\/noticias\/salario-minimo-aumento-lula-maio\/#primaryimage\"},\"image\":{\"@id\":\"https:\/\/www.suno.com.br\/noticias\/salario-minimo-aumento-lula-maio\/#primaryimage\"},\"thumbnailUrl\":\"https:\/\/files.sunoresearch.com.br\/n\/uploads\/2023\/01\/lula-presidente-reuniao-forum-governadores-foto-fabio-rodrigues-pozzebom-agencia-brasil.jpg\",\"datePublished\":\"2023-01-11T17:52:42+00:00\",\"dateModified\":\"2023-01-11T18:05:48+00:00\",\"description\":\"O governo do presidente Lula pode esperar at\u00e9 maio para anunciar o reajuste do sal\u00e1rio m\u00ednimo para R$ 1.320. Clique e saiba mais!\",\"breadcrumb\":{\"@id\":\"https:\/\/www.suno.com.br\/noticias\/salario-minimo-aumento-lula-maio\/#breadcrumb\"},\"inLanguage\":\"pt-BR\",\"potentialAction\":[{\"@type\":\"ReadAction\",\"target\":[\"https:\/\/www.suno.com.br\/noticias\/salario-minimo-aumento-lula-maio\/\"]}]},{\"@type\":\"ImageObject\",\"inLanguage\":\"pt-BR\",\"@id\":\"https:\/\/www.suno.com.br\/noticias\/salario-minimo-aumento-lula-maio\/#primaryimage\",\"url\":\"https:\/\/files.sunoresearch.com.br\/n\/uploads\/2023\/01\/lula-presidente-reuniao-forum-governadores-foto-fabio-rodrigues-pozzebom-agencia-brasil.jpg\",\"contentUrl\":\"https:\/\/files.sunoresearch.com.br\/n\/uploads\/2023\/01\/lula-presidente-reuniao-forum-governadores-foto-fabio-rodrigues-pozzebom-agencia-brasil.jpg\",\"width\":1200,\"height\":675,\"caption\":\"Lula (PT) em reuni\u00e3o do F\u00f3rum dos Governadores. Foto: Fabio-Rodrigues Pozzebom\/Ag\u00eancia Brasil\"},{\"@type\":\"BreadcrumbList\",\"@id\":\"https:\/\/www.suno.com.br\/noticias\/salario-minimo-aumento-lula-maio\/#breadcrumb\",\"itemListElement\":[{\"@type\":\"ListItem\",\"position\":1,\"name\":\"Not\u00edcias\",\"item\":\"https:\/\/www.suno.com.br\/noticias\/\"},{\"@type\":\"ListItem\",\"position\":2,\"name\":\"Economia\",\"item\":\"https:\/\/www.suno.com.br\/noticias\/economia\/\"},{\"@type\":\"ListItem\",\"position\":3,\"name\":\"Aumento do sal\u00e1rio m\u00ednimo defendido por Lula pode sair apenas em maio\"}]},{\"@type\":\"WebSite\",\"@id\":\"https:\/\/www.suno.com.br\/noticias\/#website\",\"url\":\"https:\/\/www.suno.com.br\/noticias\/\",\"name\":\"Suno Not\u00edcias\",\"description\":\"Seu portal de informa\u00e7\u00e3o sobre o mundo dos investimentos\",\"publisher\":{\"@id\":\"https:\/\/www.suno.com.br\/noticias\/#organization\"},\"potentialAction\":[{\"@type\":\"SearchAction\",\"target\":{\"@type\":\"EntryPoint\",\"urlTemplate\":\"https:\/\/www.suno.com.br\/noticias\/?s={search_term_string}\"},\"query-input\":{\"@type\":\"PropertyValueSpecification\",\"valueRequired\":true,\"valueName\":\"search_term_string\"}}],\"inLanguage\":\"pt-BR\"},{\"@type\":\"Organization\",\"@id\":\"https:\/\/www.suno.com.br\/noticias\/#organization\",\"name\":\"Suno Not\u00edcias\",\"url\":\"https:\/\/www.suno.com.br\/noticias\/\",\"logo\":{\"@type\":\"ImageObject\",\"inLanguage\":\"pt-BR\",\"@id\":\"https:\/\/www.suno.com.br\/noticias\/#\/schema\/logo\/image\/\",\"url\":\"https:\/\/files.sunoresearch.com.br\/n\/uploads\/2021\/09\/suno-logo.png\",\"contentUrl\":\"https:\/\/files.sunoresearch.com.br\/n\/uploads\/2021\/09\/suno-logo.png\",\"width\":180,\"height\":180,\"caption\":\"Suno Not\u00edcias\"},\"image\":{\"@id\":\"https:\/\/www.suno.com.br\/noticias\/#\/schema\/logo\/image\/\"},\"sameAs\":[\"https:\/\/facebook.com\/sunoresearch\",\"https:\/\/x.com\/sunoresearch\",\"https:\/\/www.instagram.com\/suno\",\"https:\/\/www.linkedin.com\/company\/suno-research\/\",\"https:\/\/www.youtube.com\/c\/sunoresearch\"]},{\"@type\":\"Person\",\"@id\":\"https:\/\/www.suno.com.br\/noticias\/#\/schema\/person\/6899bc3f19d1a7315f807131c2c013a0\",\"name\":\"Erick Matheus Nery\",\"image\":{\"@type\":\"ImageObject\",\"inLanguage\":\"pt-BR\",\"@id\":\"https:\/\/www.suno.com.br\/noticias\/#\/schema\/person\/image\/\",\"url\":\"https:\/\/secure.gravatar.com\/avatar\/518ddffe438ccb767782d372a66304d2?s=96&r=g\",\"contentUrl\":\"https:\/\/secure.gravatar.com\/avatar\/518ddffe438ccb767782d372a66304d2?s=96&r=g\",\"caption\":\"Erick Matheus Nery\"},\"description\":\"Formado em Jornalismo pela Universidade Federal do Par\u00e1 (UFPA), conta com extens\u00e3o em Jornalismo Econ\u00f4mico pela Funda\u00e7\u00e3o Get\u00falio Vargas (FGV). No Suno Not\u00edcias, atua como rep\u00f3rter de Mercado, com foco nos setores de telecomunica\u00e7\u00f5es, varejo, alimentos e renda fixa. Conta com passagens pelo jornal O Estado de S\u00e3o Paulo, como trainee de Jornalismo Econ\u00f4mico, e pelo site Not\u00edcias da TV.\",\"url\":\"https:\/\/www.suno.com.br\/noticias\/author\/erick-nery\/\"}]}<\/script>\n<!-- \/ Yoast SEO plugin. -->","yoast_head_json":{"title":"Sal\u00e1rio m\u00ednimo: Aumento desejado por Lula pode chegar s\u00f3 em maio","description":"O governo do presidente Lula pode esperar at\u00e9 maio para anunciar o reajuste do sal\u00e1rio m\u00ednimo para R$ 1.320. Clique e saiba mais!","robots":{"index":"index","follow":"follow","max-snippet":"max-snippet:-1","max-image-preview":"max-image-preview:large","max-video-preview":"max-video-preview:-1"},"canonical":"https:\/\/www.suno.com.br\/noticias\/salario-minimo-aumento-lula-maio\/","og_locale":"pt_BR","og_type":"article","og_title":"Sal\u00e1rio m\u00ednimo: Aumento desejado por Lula pode chegar s\u00f3 em maio","og_description":"O governo do presidente Lula pode esperar at\u00e9 maio para anunciar o reajuste do sal\u00e1rio m\u00ednimo para R$ 1.320. Clique e saiba mais!","og_url":"https:\/\/www.suno.com.br\/noticias\/salario-minimo-aumento-lula-maio\/","og_site_name":"Suno Not\u00edcias","article_publisher":"https:\/\/facebook.com\/sunoresearch","og_image":[{"width":1200,"height":675,"url":"https:\/\/files.sunoresearch.com.br\/n\/uploads\/2023\/01\/lula-presidente-reuniao-forum-governadores-foto-fabio-rodrigues-pozzebom-agencia-brasil.jpg","type":"image\/jpeg"}],"author":"Erick Matheus Nery","twitter_card":"summary_large_image","twitter_creator":"@sunoresearch","twitter_site":"@sunoresearch","twitter_misc":{"Escrito por":"Erick Matheus Nery","Est. tempo de leitura":"3 minutos"},"schema":{"@context":"https:\/\/schema.org","@graph":[{"@type":"NewsArticle","@id":"https:\/\/www.suno.com.br\/noticias\/salario-minimo-aumento-lula-maio\/#article","isPartOf":{"@id":"https:\/\/www.suno.com.br\/noticias\/salario-minimo-aumento-lula-maio\/"},"author":{"name":"Erick Matheus Nery","@id":"https:\/\/www.suno.com.br\/noticias\/#\/schema\/person\/6899bc3f19d1a7315f807131c2c013a0"},"headline":"Aumento do sal\u00e1rio m\u00ednimo defendido por Lula pode sair apenas em maio","datePublished":"2023-01-11T17:52:42+00:00","dateModified":"2023-01-11T18:05:48+00:00","mainEntityOfPage":{"@id":"https:\/\/www.suno.com.br\/noticias\/salario-minimo-aumento-lula-maio\/"},"wordCount":581,"publisher":{"@id":"https:\/\/www.suno.com.br\/noticias\/#organization"},"image":{"@id":"https:\/\/www.suno.com.br\/noticias\/salario-minimo-aumento-lula-maio\/#primaryimage"},"thumbnailUrl":"https:\/\/files.sunoresearch.com.br\/n\/uploads\/2023\/01\/lula-presidente-reuniao-forum-governadores-foto-fabio-rodrigues-pozzebom-agencia-brasil.jpg","keywords":["Lula","sal\u00e1rio m\u00ednimo"],"articleSection":["Economia"],"inLanguage":"pt-BR"},{"@type":"WebPage","@id":"https:\/\/www.suno.com.br\/noticias\/salario-minimo-aumento-lula-maio\/","url":"https:\/\/www.suno.com.br\/noticias\/salario-minimo-aumento-lula-maio\/","name":"Sal\u00e1rio m\u00ednimo: Aumento desejado por Lula pode chegar s\u00f3 em maio","isPartOf":{"@id":"https:\/\/www.suno.com.br\/noticias\/#website"},"primaryImageOfPage":{"@id":"https:\/\/www.suno.com.br\/noticias\/salario-minimo-aumento-lula-maio\/#primaryimage"},"image":{"@id":"https:\/\/www.suno.com.br\/noticias\/salario-minimo-aumento-lula-maio\/#primaryimage"},"thumbnailUrl":"https:\/\/files.sunoresearch.com.br\/n\/uploads\/2023\/01\/lula-presidente-reuniao-forum-governadores-foto-fabio-rodrigues-pozzebom-agencia-brasil.jpg","datePublished":"2023-01-11T17:52:42+00:00","dateModified":"2023-01-11T18:05:48+00:00","description":"O governo do presidente Lula pode esperar at\u00e9 maio para anunciar o reajuste do sal\u00e1rio m\u00ednimo para R$ 1.320. Clique e saiba mais!","breadcrumb":{"@id":"https:\/\/www.suno.com.br\/noticias\/salario-minimo-aumento-lula-maio\/#breadcrumb"},"inLanguage":"pt-BR","potentialAction":[{"@type":"ReadAction","target":["https:\/\/www.suno.com.br\/noticias\/salario-minimo-aumento-lula-maio\/"]}]},{"@type":"ImageObject","inLanguage":"pt-BR","@id":"https:\/\/www.suno.com.br\/noticias\/salario-minimo-aumento-lula-maio\/#primaryimage","url":"https:\/\/files.sunoresearch.com.br\/n\/uploads\/2023\/01\/lula-presidente-reuniao-forum-governadores-foto-fabio-rodrigues-pozzebom-agencia-brasil.jpg","contentUrl":"https:\/\/files.sunoresearch.com.br\/n\/uploads\/2023\/01\/lula-presidente-reuniao-forum-governadores-foto-fabio-rodrigues-pozzebom-agencia-brasil.jpg","width":1200,"height":675,"caption":"Lula (PT) em reuni\u00e3o do F\u00f3rum dos Governadores. Foto: Fabio-Rodrigues Pozzebom\/Ag\u00eancia Brasil"},{"@type":"BreadcrumbList","@id":"https:\/\/www.suno.com.br\/noticias\/salario-minimo-aumento-lula-maio\/#breadcrumb","itemListElement":[{"@type":"ListItem","position":1,"name":"Not\u00edcias","item":"https:\/\/www.suno.com.br\/noticias\/"},{"@type":"ListItem","position":2,"name":"Economia","item":"https:\/\/www.suno.com.br\/noticias\/economia\/"},{"@type":"ListItem","position":3,"name":"Aumento do sal\u00e1rio m\u00ednimo defendido por Lula pode sair apenas em maio"}]},{"@type":"WebSite","@id":"https:\/\/www.suno.com.br\/noticias\/#website","url":"https:\/\/www.suno.com.br\/noticias\/","name":"Suno Not\u00edcias","description":"Seu portal de informa\u00e7\u00e3o sobre o mundo dos investimentos","publisher":{"@id":"https:\/\/www.suno.com.br\/noticias\/#organization"},"potentialAction":[{"@type":"SearchAction","target":{"@type":"EntryPoint","urlTemplate":"https:\/\/www.suno.com.br\/noticias\/?s={search_term_string}"},"query-input":{"@type":"PropertyValueSpecification","valueRequired":true,"valueName":"search_term_string"}}],"inLanguage":"pt-BR"},{"@type":"Organization","@id":"https:\/\/www.suno.com.br\/noticias\/#organization","name":"Suno Not\u00edcias","url":"https:\/\/www.suno.com.br\/noticias\/","logo":{"@type":"ImageObject","inLanguage":"pt-BR","@id":"https:\/\/www.suno.com.br\/noticias\/#\/schema\/logo\/image\/","url":"https:\/\/files.sunoresearch.com.br\/n\/uploads\/2021\/09\/suno-logo.png","contentUrl":"https:\/\/files.sunoresearch.com.br\/n\/uploads\/2021\/09\/suno-logo.png","width":180,"height":180,"caption":"Suno Not\u00edcias"},"image":{"@id":"https:\/\/www.suno.com.br\/noticias\/#\/schema\/logo\/image\/"},"sameAs":["https:\/\/facebook.com\/sunoresearch","https:\/\/x.com\/sunoresearch","https:\/\/www.instagram.com\/suno","https:\/\/www.linkedin.com\/company\/suno-research\/","https:\/\/www.youtube.com\/c\/sunoresearch"]},{"@type":"Person","@id":"https:\/\/www.suno.com.br\/noticias\/#\/schema\/person\/6899bc3f19d1a7315f807131c2c013a0","name":"Erick Matheus Nery","image":{"@type":"ImageObject","inLanguage":"pt-BR","@id":"https:\/\/www.suno.com.br\/noticias\/#\/schema\/person\/image\/","url":"https:\/\/secure.gravatar.com\/avatar\/518ddffe438ccb767782d372a66304d2?s=96&r=g","contentUrl":"https:\/\/secure.gravatar.com\/avatar\/518ddffe438ccb767782d372a66304d2?s=96&r=g","caption":"Erick Matheus Nery"},"description":"Formado em Jornalismo pela Universidade Federal do Par\u00e1 (UFPA), conta com extens\u00e3o em Jornalismo Econ\u00f4mico pela Funda\u00e7\u00e3o Get\u00falio Vargas (FGV). No Suno Not\u00edcias, atua como rep\u00f3rter de Mercado, com foco nos setores de telecomunica\u00e7\u00f5es, varejo, alimentos e renda fixa. Conta com passagens pelo jornal O Estado de S\u00e3o Paulo, como trainee de Jornalismo Econ\u00f4mico, e pelo site Not\u00edcias da TV.","url":"https:\/\/www.suno.com.br\/noticias\/author\/erick-nery\/"}]}},"default_loop_html":"<div class=\"cardsPage__listCard__boxs\"><div class=\"cardsPage__listCard__boxs__img\"><a href=\"https:\/\/www.suno.com.br\/noticias\/salario-minimo-aumento-lula-maio\/\"><img class=\"mask\" src=\"https:\/\/www.suno.com.br\/noticias\/wp-content\/themes\/suno\/resources\/images\/spotlight\/spotlight1img\/bg-mask.png\" alt=\"Image Mask\"\/><img src=\"https:\/\/files.sunoresearch.com.br\/n\/uploads\/2023\/01\/lula-presidente-reuniao-forum-governadores-foto-fabio-rodrigues-pozzebom-agencia-brasil-400x200.jpg\" alt=\"Aumento do sal\u00e1rio m\u00ednimo defendido por Lula pode sair apenas em maio\"\/><\/a><span class=\"spotlightCategory\"><a href=\"https:\/\/www.suno.com.br\/noticias\/economia\/\">Economia<\/a><\/span><\/div><div class=\"cardsPage__listCard__boxs__content\"><a href=\"https:\/\/www.suno.com.br\/noticias\/salario-minimo-aumento-lula-maio\/\"><h2 class=\"content__title\">Aumento do sal\u00e1rio m\u00ednimo defendido por Lula pode sair apenas em maio<\/h2><\/a><div class=\"newsContent__article__meta\"><div class=\"newsContent__article__meta__authorBox\"><a href=\"https:\/\/www.suno.com.br\/noticias\/author\/erick-nery\/\" class=\"authorBox__avatar noMobi\"><img src=\"https:\/\/secure.gravatar.com\/avatar\/518ddffe438ccb767782d372a66304d2?s=96&#038;r=g\" alt=\"Erick Matheus Nery\"><\/a><div class=\"authorBox__name\"><span>por\n\t\t\t<a href=\"https:\/\/www.suno.com.br\/noticias\/author\/erick-nery\/\"><span itemprop=\"author\">Erick Matheus Nery<\/span><\/a><\/span><time datetime=\"2023-01-11T14:52:42-03:00\" itemprop=\"datePublished\">11\/01\/2023 14:52<\/time><\/div><\/div><\/div><\/div><\/div>","single_layout":"posts","amp_enabled":true,"_links":{"self":[{"href":"https:\/\/www.suno.com.br\/noticias\/wp-json\/wp\/v2\/posts\/344552"}],"collection":[{"href":"https:\/\/www.suno.com.br\/noticias\/wp-json\/wp\/v2\/posts"}],"about":[{"href":"https:\/\/www.suno.com.br\/noticias\/wp-json\/wp\/v2\/types\/post"}],"author":[{"embeddable":true,"href":"https:\/\/www.suno.com.br\/noticias\/wp-json\/wp\/v2\/users\/232"}],"replies":[{"embeddable":true,"href":"https:\/\/www.suno.com.br\/noticias\/wp-json\/wp\/v2\/comments?post=344552"}],"version-history":[{"count":3,"href":"https:\/\/www.suno.com.br\/noticias\/wp-json\/wp\/v2\/posts\/344552\/revisions"}],"predecessor-version":[{"id":344805,"href":"https:\/\/www.suno.com.br\/noticias\/wp-json\/wp\/v2\/posts\/344552\/revisions\/344805"}],"wp:featuredmedia":[{"embeddable":true,"href":"https:\/\/www.suno.com.br\/noticias\/wp-json\/wp\/v2\/media\/344596"}],"wp:attachment":[{"href":"https:\/\/www.suno.com.br\/noticias\/wp-json\/wp\/v2\/media?parent=344552"}],"wp:term":[{"taxonomy":"category","embeddable":true,"href":"https:\/\/www.suno.com.br\/noticias\/wp-json\/wp\/v2\/categories?post=344552"},{"taxonomy":"post_tag","embeddable":true,"href":"https:\/\/www.suno.com.br\/noticias\/wp-json\/wp\/v2\/tags?post=344552"},{"taxonomy":"suno_strategy","embeddable":true,"href":"https:\/\/www.suno.com.br\/noticias\/wp-json\/wp\/v2\/suno_strategy?post=344552"}],"curies":[{"name":"wp","href":"https:\/\/api.w.org\/{rel}","templated":true}]}}