{"id":34435,"date":"2019-08-16T20:03:08","date_gmt":"2019-08-16T23:03:08","guid":{"rendered":"https:\/\/www.suno.com.br\/noticias\/?p=34435"},"modified":"2019-08-16T20:03:08","modified_gmt":"2019-08-16T23:03:08","slug":"cpfl-energia-tem-interesse-em-comprar-a-cemig-diz-presidente","status":"publish","type":"post","link":"https:\/\/www.suno.com.br\/noticias\/cpfl-energia-tem-interesse-em-comprar-a-cemig-diz-presidente\/","title":{"rendered":"CPFL Energia tem interesse em comprar a Cemig, diz presidente"},"content":{"rendered":"<p>O presidente da CPFL Energia, Gustavo Estrella, informou que possui interesse em comprar a estatal <strong>Cemig<\/strong>. A declara\u00e7\u00e3o ocorreu nesta sexta-feira (16) em entrevista para a ag\u00eancia &#8220;Reuters&#8221;.<\/p>\t<div class=\"wrapper-featured-image\">\n\t\t<figure class=\"spotlightImg\">\n\n\t\t\t<picture>\n\t\t\t\t<source media=\"(max-width: 768px)\" srcset=\"https:\/\/files.sunoresearch.com.br\/n\/uploads\/2019\/05\/560191d0-cpfl-energia-400x200.webp\">\n\t\t\t\t<img loading=\"lazy\" decoding=\"async\" class=\"newsContent__article__imgCapa lazyloadDisabled newsContent__article__imgCapa--noCaption\" src=\"https:\/\/files.sunoresearch.com.br\/n\/uploads\/2019\/05\/560191d0-cpfl-energia-800x450.webp\" width=\"800\" height=\"450\" alt=\"CPFL Energia tem interesse em comprar a Cemig, diz presidente\" fetchpriority=high \/>\n\t\t\t<\/picture>\n\n\t\t\t<figcaption class=\"wp-caption-text wp-caption-text--hide\">CPFL Energia (CPFE3)  (Foto: divulga\u00e7\u00e3o)<\/figcaption>\n\t\t<\/figure>\n\t<\/div>\n\n\n<p>Segundo Estrella, a <strong>CPFL Energia<\/strong>\u00a0est\u00e1 em fase de <strong>expans\u00e3o<\/strong> e avalia desenvolver novos projetos. A ideia \u00e9 observar oportunidades de <strong>privatiza\u00e7\u00f5es<\/strong> e aproveitar que o endividamento da el\u00e9trica \u00e9 menor em compara\u00e7\u00e3o aos \u00faltimos anos.<\/p>\n<p>&#8220;Quando voc\u00ea olha o porte da CPFL e tamb\u00e9m o porte de nosso acionista, isso d\u00e1 um pouco uma perspectiva de grandes ambi\u00e7\u00f5es para a companhia. Eu diria que, pelo tamanho, a gente n\u00e3o descarta nenhum tipo de ativo potencial&#8221;, afirmou Estrella.<\/p>\n\n<p>A proximidade geogr\u00e1fica das duas empresas foi considerada um diferencial para a inten\u00e7\u00e3o de compra. O montante que empresa teria que desembolsar \u00e9 de aproximadamente R$ 22 bilh\u00f5es, valor de mercado da Cemig.<\/p>\n<p>A companhia tamb\u00e9m busca comprar outras empresas de menor porte para o setor de transmiss\u00e3o.<\/p>\n<h2>Privatiza\u00e7\u00e3o da Cemig<\/h2>\n<p>O presidente da Cemig, Cledorvino Belini, afirmou nesta sexta-feira que a Cemig poder\u00e1 ser privatizada at\u00e9 o final deste ano.<\/p>\n<p><a href=\"https:\/\/www.suno.com.br\/noticias\/cemig-privatizada-final-deste-ano\/\">Saiba mais: Cemig poder\u00e1 ser privatizada at\u00e9 o final deste ano, diz presidente<\/a><\/p>\n<p>Belini informou que o governo de Minas Gerais est\u00e1 desenvolvendo um projeto de privatiza\u00e7\u00e3o que inclui a estatal. Segundo ele, a proposta ser\u00e1 enviada para a Assembleia Legislativa na pr\u00f3xima semana.<\/p>\n<p>\u201cO governo deve apresentar agora, vai ser um processo pol\u00edtico de negocia\u00e7\u00e3o do governo com a Assembleia. Ent\u00e3o \u00e9 dif\u00edcil fazer uma previs\u00e3o, mas acredito que esteja completo, aprovado, at\u00e9 o final deste ano\u201d, afirmou Belini.<\/p>\n<h2>Aumento da participa\u00e7\u00e3o na CPFL Renov\u00e1veis<\/h2>\n<p>O presidente da CPFL Energia afirmou tamb\u00e9m que a empresa aumentar\u00e1 sua participa\u00e7\u00e3o na <strong>CPFL Renov\u00e1veis<\/strong>.<\/p>\n<p>Parte do capital da Renov\u00e1veis \u00e9 detido pela State Grid, que comprou a CPFL Energia em janeiro deste ano. Dessa forma, o valor obtido por meio da compra da subsidi\u00e1ria apenas retornar\u00e1 para a companhia chinesa.<\/p>\n\t<p>\n\t\t<a href=\"https:\/\/lp.suno.com.br\/ao\/servico-especializado-suno-tf\/?utm_source=adwords&#038;utm_medium=search&#038;utm_campaign=search.servico.funilconsultoria&#038;utm_content=1147_responsivo-a&#038;hsa_acc=2326072784&#038;hsa_cam=18022897917&#038;hsa_grp=141470255993&#038;hsa_ad=616145467912&#038;hsa_src=g&#038;hsa_tgt=kwd-303658942458&#038;hsa_kw=gestora+de+investimentos&#038;hsa_mt=b&#038;hsa_net=adwords&#038;hsa_ver=3&#038;gad_source=1&#038;gclid=CjwKCAjw1emzBhB8EiwAHwZZxQMvA3xJVRzLGZ70LmuSzR55X-KvxijSay8c5Hm88Sznnq97j8XbORoC-sMQAvD_BwE\" target=\"_blank\" data-element=\"shortcode-suno-banner\" title=\"Banner SUNO, clique e saiba mais\">\n\t\t\t<picture>\n\t\t\t\t<source media=\"(max-width: 500px)\" srcset=\"https:\/\/files.sunoresearch.com.br\/n\/uploads\/2024\/06\/400x300-Mobile-Artigos-4-1.png\">\n\t\t\t\t<img class=\"newsContent__article__imgCapa newsContent__article__imgCapa--banner\"\n\t\t\t\t\tsrc=\"https:\/\/files.sunoresearch.com.br\/n\/uploads\/2024\/06\/1420x240-Banner-Artigos-1-_-Banner-Materias-2-1.png\"\n\t\t\t\t\tdata-promo-id=\"563609\"\t\t\t\t\t\t\t\t\t\twidth='1420' height='240'\t\t\t\t\talt=\"https:\/\/files.sunoresearch.com.br\/n\/uploads\/2024\/06\/1420x240-Banner-Artigos-1-_-Banner-Materias-2-1.png\"\n\t\t\t\t>\n\t\t\t<\/picture>\n\t\t<\/a>\n\t<\/p>\n\n\n<p>\u201cA gente agora coloca a CPFL Renov\u00e1veis como nosso ve\u00edculo de investimento nesse setor\u2026 vislumbramos uma s\u00e9rie de oportunidades nesse mercado, seja em consolida\u00e7\u00e3o, porque \u00e9 tamb\u00e9m um mercado fragmentado, como tamb\u00e9m no desenvolvimento de novos projetos&#8221;, disse Estrella.<\/p>\n<p>Ap\u00f3s comprar as a\u00e7\u00f5es da State Grid, a <strong>CPFL Energia<\/strong> ter\u00e1 99,94% do capital da Renov\u00e1veis.<\/p>\n","protected":false},"excerpt":{"rendered":"<p>O presidente da CPFL Energia, Gustavo Estrella, informou que possui interesse em comprar a estatal Cemig. A declara\u00e7\u00e3o ocorreu nesta sexta-feira (16) em entrevista para a ag\u00eancia &#8220;Reuters&#8221;. CPFL Energia (CPFE3) (Foto: divulga\u00e7\u00e3o) Segundo Estrella, a CPFL Energia\u00a0est\u00e1 em fase de expans\u00e3o e avalia desenvolver novos projetos. A ideia \u00e9 observar oportunidades de privatiza\u00e7\u00f5es e [&hellip;]<\/p>\n","protected":false},"author":18,"featured_media":23773,"comment_status":"closed","ping_status":"closed","sticky":false,"template":"","format":"standard","meta":[],"categories":[64],"tags":[420,436,1269,945],"suno_strategy":[],"class_list":["post-34435","post","type-post","status-publish","format-standard","has-post-thumbnail","hentry","category-negocios","tag-cemig-cmig3-cmig4","tag-cpfl-cpfe3","tag-cpfl-renovaveis-cpre3","tag-privatizacoes"],"yoast_head":"<!-- This site is optimized with the Yoast SEO plugin v24.4 - https:\/\/yoast.com\/wordpress\/plugins\/seo\/ -->\n<title>CPFL Energia tem interesse em comprar a Cemig, diz presidente<\/title>\n<meta name=\"description\" content=\"O presidente da CPFL Energia, Gustavo Estrella, informou que possui interesse em comprar a estatal Cemig. Clique para saber mais.\" \/>\n<meta name=\"robots\" content=\"index, follow, max-snippet:-1, max-image-preview:large, max-video-preview:-1\" \/>\n<link rel=\"canonical\" href=\"https:\/\/www.suno.com.br\/noticias\/cpfl-energia-tem-interesse-em-comprar-a-cemig-diz-presidente\/\" \/>\n<meta property=\"og:locale\" content=\"pt_BR\" \/>\n<meta property=\"og:type\" content=\"article\" \/>\n<meta property=\"og:title\" content=\"CPFL Energia tem interesse em comprar a Cemig, diz presidente\" \/>\n<meta property=\"og:description\" content=\"O presidente da CPFL Energia, Gustavo Estrella, informou que possui interesse em comprar a estatal Cemig. Clique para saber mais.\" \/>\n<meta property=\"og:url\" content=\"https:\/\/www.suno.com.br\/noticias\/cpfl-energia-tem-interesse-em-comprar-a-cemig-diz-presidente\/\" \/>\n<meta property=\"og:site_name\" content=\"Suno Not\u00edcias\" \/>\n<meta property=\"article:publisher\" content=\"https:\/\/facebook.com\/sunoresearch\" \/>\n<meta property=\"og:image\" content=\"https:\/\/files.sunoresearch.com.br\/n\/uploads\/2019\/05\/560191d0-cpfl-energia.jpeg\" \/>\n\t<meta property=\"og:image:width\" content=\"900\" \/>\n\t<meta property=\"og:image:height\" content=\"600\" \/>\n\t<meta property=\"og:image:type\" content=\"image\/jpeg\" \/>\n<meta name=\"author\" content=\"Giovanna Oliveira\" \/>\n<meta name=\"twitter:card\" content=\"summary_large_image\" \/>\n<meta name=\"twitter:creator\" content=\"@sunoresearch\" \/>\n<meta name=\"twitter:site\" content=\"@sunoresearch\" \/>\n<meta name=\"twitter:label1\" content=\"Escrito por\" \/>\n\t<meta name=\"twitter:data1\" content=\"Giovanna Oliveira\" \/>\n\t<meta name=\"twitter:label2\" content=\"Est. tempo de leitura\" \/>\n\t<meta name=\"twitter:data2\" content=\"2 minutos\" \/>\n<script type=\"application\/ld+json\" class=\"yoast-schema-graph\">{\"@context\":\"https:\/\/schema.org\",\"@graph\":[{\"@type\":\"NewsArticle\",\"@id\":\"https:\/\/www.suno.com.br\/noticias\/cpfl-energia-tem-interesse-em-comprar-a-cemig-diz-presidente\/#article\",\"isPartOf\":{\"@id\":\"https:\/\/www.suno.com.br\/noticias\/cpfl-energia-tem-interesse-em-comprar-a-cemig-diz-presidente\/\"},\"author\":{\"name\":\"Giovanna Oliveira\",\"@id\":\"https:\/\/www.suno.com.br\/noticias\/#\/schema\/person\/4e19e3d2575736e5283d58eb3199d120\"},\"headline\":\"CPFL Energia tem interesse em comprar a Cemig, diz presidente\",\"datePublished\":\"2019-08-16T23:03:08+00:00\",\"mainEntityOfPage\":{\"@id\":\"https:\/\/www.suno.com.br\/noticias\/cpfl-energia-tem-interesse-em-comprar-a-cemig-diz-presidente\/\"},\"wordCount\":414,\"publisher\":{\"@id\":\"https:\/\/www.suno.com.br\/noticias\/#organization\"},\"image\":{\"@id\":\"https:\/\/www.suno.com.br\/noticias\/cpfl-energia-tem-interesse-em-comprar-a-cemig-diz-presidente\/#primaryimage\"},\"thumbnailUrl\":\"https:\/\/files.sunoresearch.com.br\/n\/uploads\/2019\/05\/560191d0-cpfl-energia-jpeg.webp\",\"keywords\":[\"Cemig (CMIG3\/CMIG4)\",\"CPFL (CPFE3)\",\"CPFL Renov\u00e1veis (CPRE3)\",\"privatiza\u00e7\u00f5es\"],\"articleSection\":[\"Neg\u00f3cios\"],\"inLanguage\":\"pt-BR\"},{\"@type\":\"WebPage\",\"@id\":\"https:\/\/www.suno.com.br\/noticias\/cpfl-energia-tem-interesse-em-comprar-a-cemig-diz-presidente\/\",\"url\":\"https:\/\/www.suno.com.br\/noticias\/cpfl-energia-tem-interesse-em-comprar-a-cemig-diz-presidente\/\",\"name\":\"CPFL Energia tem interesse em comprar a Cemig, diz presidente\",\"isPartOf\":{\"@id\":\"https:\/\/www.suno.com.br\/noticias\/#website\"},\"primaryImageOfPage\":{\"@id\":\"https:\/\/www.suno.com.br\/noticias\/cpfl-energia-tem-interesse-em-comprar-a-cemig-diz-presidente\/#primaryimage\"},\"image\":{\"@id\":\"https:\/\/www.suno.com.br\/noticias\/cpfl-energia-tem-interesse-em-comprar-a-cemig-diz-presidente\/#primaryimage\"},\"thumbnailUrl\":\"https:\/\/files.sunoresearch.com.br\/n\/uploads\/2019\/05\/560191d0-cpfl-energia-jpeg.webp\",\"datePublished\":\"2019-08-16T23:03:08+00:00\",\"description\":\"O presidente da CPFL Energia, Gustavo Estrella, informou que possui interesse em comprar a estatal Cemig. Clique para saber mais.\",\"breadcrumb\":{\"@id\":\"https:\/\/www.suno.com.br\/noticias\/cpfl-energia-tem-interesse-em-comprar-a-cemig-diz-presidente\/#breadcrumb\"},\"inLanguage\":\"pt-BR\",\"potentialAction\":[{\"@type\":\"ReadAction\",\"target\":[\"https:\/\/www.suno.com.br\/noticias\/cpfl-energia-tem-interesse-em-comprar-a-cemig-diz-presidente\/\"]}]},{\"@type\":\"ImageObject\",\"inLanguage\":\"pt-BR\",\"@id\":\"https:\/\/www.suno.com.br\/noticias\/cpfl-energia-tem-interesse-em-comprar-a-cemig-diz-presidente\/#primaryimage\",\"url\":\"https:\/\/files.sunoresearch.com.br\/n\/uploads\/2019\/05\/560191d0-cpfl-energia-jpeg.webp\",\"contentUrl\":\"https:\/\/files.sunoresearch.com.br\/n\/uploads\/2019\/05\/560191d0-cpfl-energia-jpeg.webp\",\"width\":900,\"height\":600,\"caption\":\"CPFL Energia (CPFE3) (Foto: divulga\u00e7\u00e3o)\"},{\"@type\":\"BreadcrumbList\",\"@id\":\"https:\/\/www.suno.com.br\/noticias\/cpfl-energia-tem-interesse-em-comprar-a-cemig-diz-presidente\/#breadcrumb\",\"itemListElement\":[{\"@type\":\"ListItem\",\"position\":1,\"name\":\"Not\u00edcias\",\"item\":\"https:\/\/www.suno.com.br\/noticias\/\"},{\"@type\":\"ListItem\",\"position\":2,\"name\":\"Neg\u00f3cios\",\"item\":\"https:\/\/www.suno.com.br\/noticias\/negocios\/\"},{\"@type\":\"ListItem\",\"position\":3,\"name\":\"CPFL Energia tem interesse em comprar a Cemig, diz presidente\"}]},{\"@type\":\"WebSite\",\"@id\":\"https:\/\/www.suno.com.br\/noticias\/#website\",\"url\":\"https:\/\/www.suno.com.br\/noticias\/\",\"name\":\"Suno Not\u00edcias\",\"description\":\"Seu portal de informa\u00e7\u00e3o sobre o mundo dos investimentos\",\"publisher\":{\"@id\":\"https:\/\/www.suno.com.br\/noticias\/#organization\"},\"potentialAction\":[{\"@type\":\"SearchAction\",\"target\":{\"@type\":\"EntryPoint\",\"urlTemplate\":\"https:\/\/www.suno.com.br\/noticias\/?s={search_term_string}\"},\"query-input\":{\"@type\":\"PropertyValueSpecification\",\"valueRequired\":true,\"valueName\":\"search_term_string\"}}],\"inLanguage\":\"pt-BR\"},{\"@type\":\"Organization\",\"@id\":\"https:\/\/www.suno.com.br\/noticias\/#organization\",\"name\":\"Suno Not\u00edcias\",\"url\":\"https:\/\/www.suno.com.br\/noticias\/\",\"logo\":{\"@type\":\"ImageObject\",\"inLanguage\":\"pt-BR\",\"@id\":\"https:\/\/www.suno.com.br\/noticias\/#\/schema\/logo\/image\/\",\"url\":\"https:\/\/files.sunoresearch.com.br\/n\/uploads\/2021\/09\/suno-logo.png\",\"contentUrl\":\"https:\/\/files.sunoresearch.com.br\/n\/uploads\/2021\/09\/suno-logo.png\",\"width\":180,\"height\":180,\"caption\":\"Suno Not\u00edcias\"},\"image\":{\"@id\":\"https:\/\/www.suno.com.br\/noticias\/#\/schema\/logo\/image\/\"},\"sameAs\":[\"https:\/\/facebook.com\/sunoresearch\",\"https:\/\/x.com\/sunoresearch\",\"https:\/\/www.instagram.com\/suno\",\"https:\/\/www.linkedin.com\/company\/suno-research\/\",\"https:\/\/www.youtube.com\/c\/sunoresearch\"]},{\"@type\":\"Person\",\"@id\":\"https:\/\/www.suno.com.br\/noticias\/#\/schema\/person\/4e19e3d2575736e5283d58eb3199d120\",\"name\":\"Giovanna Oliveira\",\"image\":{\"@type\":\"ImageObject\",\"inLanguage\":\"pt-BR\",\"@id\":\"https:\/\/www.suno.com.br\/noticias\/#\/schema\/person\/image\/\",\"url\":\"https:\/\/secure.gravatar.com\/avatar\/9a37b3ae208962ac568992d0ffdbc2eb?s=96&r=g\",\"contentUrl\":\"https:\/\/secure.gravatar.com\/avatar\/9a37b3ae208962ac568992d0ffdbc2eb?s=96&r=g\",\"caption\":\"Giovanna Oliveira\"},\"description\":\"Giovanna Oliveira escreve sobre economia e pol\u00edtica. Foi rep\u00f3rter do portal de jornalismo da ESPM-SP e produziu conte\u00fado para a Corinthians TV. \u00c9 estudante da ESPM.\",\"url\":\"https:\/\/www.suno.com.br\/noticias\/author\/giovanna\/\"}]}<\/script>\n<!-- \/ Yoast SEO plugin. -->","yoast_head_json":{"title":"CPFL Energia tem interesse em comprar a Cemig, diz presidente","description":"O presidente da CPFL Energia, Gustavo Estrella, informou que possui interesse em comprar a estatal Cemig. Clique para saber mais.","robots":{"index":"index","follow":"follow","max-snippet":"max-snippet:-1","max-image-preview":"max-image-preview:large","max-video-preview":"max-video-preview:-1"},"canonical":"https:\/\/www.suno.com.br\/noticias\/cpfl-energia-tem-interesse-em-comprar-a-cemig-diz-presidente\/","og_locale":"pt_BR","og_type":"article","og_title":"CPFL Energia tem interesse em comprar a Cemig, diz presidente","og_description":"O presidente da CPFL Energia, Gustavo Estrella, informou que possui interesse em comprar a estatal Cemig. Clique para saber mais.","og_url":"https:\/\/www.suno.com.br\/noticias\/cpfl-energia-tem-interesse-em-comprar-a-cemig-diz-presidente\/","og_site_name":"Suno Not\u00edcias","article_publisher":"https:\/\/facebook.com\/sunoresearch","og_image":[{"width":900,"height":600,"url":"https:\/\/files.sunoresearch.com.br\/n\/uploads\/2019\/05\/560191d0-cpfl-energia.jpeg","type":"image\/jpeg"}],"author":"Giovanna Oliveira","twitter_card":"summary_large_image","twitter_creator":"@sunoresearch","twitter_site":"@sunoresearch","twitter_misc":{"Escrito por":"Giovanna Oliveira","Est. tempo de leitura":"2 minutos"},"schema":{"@context":"https:\/\/schema.org","@graph":[{"@type":"NewsArticle","@id":"https:\/\/www.suno.com.br\/noticias\/cpfl-energia-tem-interesse-em-comprar-a-cemig-diz-presidente\/#article","isPartOf":{"@id":"https:\/\/www.suno.com.br\/noticias\/cpfl-energia-tem-interesse-em-comprar-a-cemig-diz-presidente\/"},"author":{"name":"Giovanna Oliveira","@id":"https:\/\/www.suno.com.br\/noticias\/#\/schema\/person\/4e19e3d2575736e5283d58eb3199d120"},"headline":"CPFL Energia tem interesse em comprar a Cemig, diz presidente","datePublished":"2019-08-16T23:03:08+00:00","mainEntityOfPage":{"@id":"https:\/\/www.suno.com.br\/noticias\/cpfl-energia-tem-interesse-em-comprar-a-cemig-diz-presidente\/"},"wordCount":414,"publisher":{"@id":"https:\/\/www.suno.com.br\/noticias\/#organization"},"image":{"@id":"https:\/\/www.suno.com.br\/noticias\/cpfl-energia-tem-interesse-em-comprar-a-cemig-diz-presidente\/#primaryimage"},"thumbnailUrl":"https:\/\/files.sunoresearch.com.br\/n\/uploads\/2019\/05\/560191d0-cpfl-energia-jpeg.webp","keywords":["Cemig (CMIG3\/CMIG4)","CPFL (CPFE3)","CPFL Renov\u00e1veis (CPRE3)","privatiza\u00e7\u00f5es"],"articleSection":["Neg\u00f3cios"],"inLanguage":"pt-BR"},{"@type":"WebPage","@id":"https:\/\/www.suno.com.br\/noticias\/cpfl-energia-tem-interesse-em-comprar-a-cemig-diz-presidente\/","url":"https:\/\/www.suno.com.br\/noticias\/cpfl-energia-tem-interesse-em-comprar-a-cemig-diz-presidente\/","name":"CPFL Energia tem interesse em comprar a Cemig, diz presidente","isPartOf":{"@id":"https:\/\/www.suno.com.br\/noticias\/#website"},"primaryImageOfPage":{"@id":"https:\/\/www.suno.com.br\/noticias\/cpfl-energia-tem-interesse-em-comprar-a-cemig-diz-presidente\/#primaryimage"},"image":{"@id":"https:\/\/www.suno.com.br\/noticias\/cpfl-energia-tem-interesse-em-comprar-a-cemig-diz-presidente\/#primaryimage"},"thumbnailUrl":"https:\/\/files.sunoresearch.com.br\/n\/uploads\/2019\/05\/560191d0-cpfl-energia-jpeg.webp","datePublished":"2019-08-16T23:03:08+00:00","description":"O presidente da CPFL Energia, Gustavo Estrella, informou que possui interesse em comprar a estatal Cemig. Clique para saber mais.","breadcrumb":{"@id":"https:\/\/www.suno.com.br\/noticias\/cpfl-energia-tem-interesse-em-comprar-a-cemig-diz-presidente\/#breadcrumb"},"inLanguage":"pt-BR","potentialAction":[{"@type":"ReadAction","target":["https:\/\/www.suno.com.br\/noticias\/cpfl-energia-tem-interesse-em-comprar-a-cemig-diz-presidente\/"]}]},{"@type":"ImageObject","inLanguage":"pt-BR","@id":"https:\/\/www.suno.com.br\/noticias\/cpfl-energia-tem-interesse-em-comprar-a-cemig-diz-presidente\/#primaryimage","url":"https:\/\/files.sunoresearch.com.br\/n\/uploads\/2019\/05\/560191d0-cpfl-energia-jpeg.webp","contentUrl":"https:\/\/files.sunoresearch.com.br\/n\/uploads\/2019\/05\/560191d0-cpfl-energia-jpeg.webp","width":900,"height":600,"caption":"CPFL Energia (CPFE3) (Foto: divulga\u00e7\u00e3o)"},{"@type":"BreadcrumbList","@id":"https:\/\/www.suno.com.br\/noticias\/cpfl-energia-tem-interesse-em-comprar-a-cemig-diz-presidente\/#breadcrumb","itemListElement":[{"@type":"ListItem","position":1,"name":"Not\u00edcias","item":"https:\/\/www.suno.com.br\/noticias\/"},{"@type":"ListItem","position":2,"name":"Neg\u00f3cios","item":"https:\/\/www.suno.com.br\/noticias\/negocios\/"},{"@type":"ListItem","position":3,"name":"CPFL Energia tem interesse em comprar a Cemig, diz presidente"}]},{"@type":"WebSite","@id":"https:\/\/www.suno.com.br\/noticias\/#website","url":"https:\/\/www.suno.com.br\/noticias\/","name":"Suno Not\u00edcias","description":"Seu portal de informa\u00e7\u00e3o sobre o mundo dos investimentos","publisher":{"@id":"https:\/\/www.suno.com.br\/noticias\/#organization"},"potentialAction":[{"@type":"SearchAction","target":{"@type":"EntryPoint","urlTemplate":"https:\/\/www.suno.com.br\/noticias\/?s={search_term_string}"},"query-input":{"@type":"PropertyValueSpecification","valueRequired":true,"valueName":"search_term_string"}}],"inLanguage":"pt-BR"},{"@type":"Organization","@id":"https:\/\/www.suno.com.br\/noticias\/#organization","name":"Suno Not\u00edcias","url":"https:\/\/www.suno.com.br\/noticias\/","logo":{"@type":"ImageObject","inLanguage":"pt-BR","@id":"https:\/\/www.suno.com.br\/noticias\/#\/schema\/logo\/image\/","url":"https:\/\/files.sunoresearch.com.br\/n\/uploads\/2021\/09\/suno-logo.png","contentUrl":"https:\/\/files.sunoresearch.com.br\/n\/uploads\/2021\/09\/suno-logo.png","width":180,"height":180,"caption":"Suno Not\u00edcias"},"image":{"@id":"https:\/\/www.suno.com.br\/noticias\/#\/schema\/logo\/image\/"},"sameAs":["https:\/\/facebook.com\/sunoresearch","https:\/\/x.com\/sunoresearch","https:\/\/www.instagram.com\/suno","https:\/\/www.linkedin.com\/company\/suno-research\/","https:\/\/www.youtube.com\/c\/sunoresearch"]},{"@type":"Person","@id":"https:\/\/www.suno.com.br\/noticias\/#\/schema\/person\/4e19e3d2575736e5283d58eb3199d120","name":"Giovanna Oliveira","image":{"@type":"ImageObject","inLanguage":"pt-BR","@id":"https:\/\/www.suno.com.br\/noticias\/#\/schema\/person\/image\/","url":"https:\/\/secure.gravatar.com\/avatar\/9a37b3ae208962ac568992d0ffdbc2eb?s=96&r=g","contentUrl":"https:\/\/secure.gravatar.com\/avatar\/9a37b3ae208962ac568992d0ffdbc2eb?s=96&r=g","caption":"Giovanna Oliveira"},"description":"Giovanna Oliveira escreve sobre economia e pol\u00edtica. Foi rep\u00f3rter do portal de jornalismo da ESPM-SP e produziu conte\u00fado para a Corinthians TV. \u00c9 estudante da ESPM.","url":"https:\/\/www.suno.com.br\/noticias\/author\/giovanna\/"}]}},"default_loop_html":"<div class=\"cardsPage__listCard__boxs\"><div class=\"cardsPage__listCard__boxs__img\"><a href=\"https:\/\/www.suno.com.br\/noticias\/cpfl-energia-tem-interesse-em-comprar-a-cemig-diz-presidente\/\"><img class=\"mask\" src=\"https:\/\/www.suno.com.br\/noticias\/wp-content\/themes\/suno\/resources\/images\/spotlight\/spotlight1img\/bg-mask.png\" alt=\"Image Mask\"\/><img src=\"https:\/\/files.sunoresearch.com.br\/n\/uploads\/2019\/05\/560191d0-cpfl-energia-400x200.webp\" alt=\"CPFL Energia tem interesse em comprar a Cemig, diz presidente\"\/><\/a><span class=\"spotlightCategory\"><a href=\"https:\/\/www.suno.com.br\/noticias\/negocios\/\">Neg\u00f3cios<\/a><\/span><\/div><div class=\"cardsPage__listCard__boxs__content\"><a href=\"https:\/\/www.suno.com.br\/noticias\/cpfl-energia-tem-interesse-em-comprar-a-cemig-diz-presidente\/\"><h2 class=\"content__title\">CPFL Energia tem interesse em comprar a Cemig, diz presidente<\/h2><\/a><div class=\"newsContent__article__meta\"><div class=\"newsContent__article__meta__authorBox\"><a href=\"https:\/\/www.suno.com.br\/noticias\/author\/giovanna\/\" class=\"authorBox__avatar noMobi\"><img src=\"https:\/\/files.sunoresearch.com.br\/n\/uploads\/2019\/06\/952a89ca-screenshot_20190608-171507-150x150.webp\" alt=\"Giovanna Oliveira\"><\/a><div class=\"authorBox__name\"><span>por\n\t\t\t<a href=\"https:\/\/www.suno.com.br\/noticias\/author\/giovanna\/\"><span itemprop=\"author\">Giovanna Oliveira<\/span><\/a><\/span><time datetime=\"2019-08-16T20:03:08-03:00\" itemprop=\"datePublished\">16\/08\/2019 20:03<\/time><\/div><\/div><\/div><\/div><\/div>","single_layout":"posts","amp_enabled":true,"_links":{"self":[{"href":"https:\/\/www.suno.com.br\/noticias\/wp-json\/wp\/v2\/posts\/34435"}],"collection":[{"href":"https:\/\/www.suno.com.br\/noticias\/wp-json\/wp\/v2\/posts"}],"about":[{"href":"https:\/\/www.suno.com.br\/noticias\/wp-json\/wp\/v2\/types\/post"}],"author":[{"embeddable":true,"href":"https:\/\/www.suno.com.br\/noticias\/wp-json\/wp\/v2\/users\/18"}],"replies":[{"embeddable":true,"href":"https:\/\/www.suno.com.br\/noticias\/wp-json\/wp\/v2\/comments?post=34435"}],"version-history":[{"count":0,"href":"https:\/\/www.suno.com.br\/noticias\/wp-json\/wp\/v2\/posts\/34435\/revisions"}],"wp:featuredmedia":[{"embeddable":true,"href":"https:\/\/www.suno.com.br\/noticias\/wp-json\/wp\/v2\/media\/23773"}],"wp:attachment":[{"href":"https:\/\/www.suno.com.br\/noticias\/wp-json\/wp\/v2\/media?parent=34435"}],"wp:term":[{"taxonomy":"category","embeddable":true,"href":"https:\/\/www.suno.com.br\/noticias\/wp-json\/wp\/v2\/categories?post=34435"},{"taxonomy":"post_tag","embeddable":true,"href":"https:\/\/www.suno.com.br\/noticias\/wp-json\/wp\/v2\/tags?post=34435"},{"taxonomy":"suno_strategy","embeddable":true,"href":"https:\/\/www.suno.com.br\/noticias\/wp-json\/wp\/v2\/suno_strategy?post=34435"}],"curies":[{"name":"wp","href":"https:\/\/api.w.org\/{rel}","templated":true}]}}