{"id":344341,"date":"2023-01-10T19:28:43","date_gmt":"2023-01-10T22:28:43","guid":{"rendered":"https:\/\/www.suno.com.br\/noticias\/?p=344341"},"modified":"2023-01-10T20:02:29","modified_gmt":"2023-01-10T23:02:29","slug":"presidente-banco-central-justifica-estouro-meta-inflacao-2022","status":"publish","type":"post","link":"https:\/\/www.suno.com.br\/noticias\/presidente-banco-central-justifica-estouro-meta-inflacao-2022\/","title":{"rendered":"Em carta, presidente do Banco Central justifica estouro da meta de infla\u00e7\u00e3o em 2022"},"content":{"rendered":"<p>Com a divulga\u00e7\u00e3o da <a href=\"https:\/\/www.suno.com.br\/noticias\/ipca-dez-22-alta\/\" target=\"_blank\" rel=\"noreferrer noopener\">alta de 0,62% do \u00cdndice Nacional de Pre\u00e7os ao Consumidor Amplo (IPCA<\/a>) em dezembro de 2022 e de que o \u00faltimo ano foi encerrado com a infla\u00e7\u00e3o em 5,79%, o presidente do <strong>Banco Central<\/strong> (BC), Roberto Campos Neto, publicou uma carta justificando o estouro da meta. Entre as causas apontadas, est\u00e3o a eleva\u00e7\u00e3o do pre\u00e7o do barril de petr\u00f3leo e a retomada da economia.<\/p>\t<div class=\"wrapper-featured-image\">\n\t\t<figure class=\"spotlightImg\">\n\n\t\t\t<picture>\n\t\t\t\t<source media=\"(max-width: 768px)\" srcset=\"https:\/\/files.sunoresearch.com.br\/n\/uploads\/2022\/03\/Campos-Neto-400x200.jpg\">\n\t\t\t\t<img loading=\"lazy\" decoding=\"async\" class=\"newsContent__article__imgCapa lazyloadDisabled \" src=\"https:\/\/files.sunoresearch.com.br\/n\/uploads\/2022\/03\/Campos-Neto-800x450.jpg\" width=\"800\" height=\"450\" alt=\"Em carta, presidente do Banco Central justifica estouro da meta de infla\u00e7\u00e3o em 2022\" fetchpriority=high \/>\n\t\t\t<\/picture>\n\n\t\t\t<figcaption class=\"wp-caption-text wp-caption-text--show\">PIB, juros e infla\u00e7\u00e3o: veja as avalia\u00e7\u00f5es de Campos Neto e de diretor do Banco Central do ano de 2023. Foto: Ag\u00eancia Brasil.<\/figcaption>\n\t\t<\/figure>\n\t<\/div>\n\n\n\n\n\n\t<p>\n\t\t<a href=\"\" target=\"_blank\" data-element=\"shortcode-suno-banner\" title=\"Banner SUNO, clique e saiba mais\">\n\t\t\t<picture>\n\t\t\t\t<source media=\"(max-width: 500px)\" srcset=\"\">\n\t\t\t\t<img class=\"newsContent__article__imgCapa newsContent__article__imgCapa--banner\"\n\t\t\t\t\tsrc=\"\"\n\t\t\t\t\tdata-promo-id=\"89005\"\t\t\t\t\t\t\t\t\t\t\t\t\t\t\talt=\"\"\n\t\t\t\t>\n\t\t\t<\/picture>\n\t\t<\/a>\n\t<\/p>\n\n\n\n\n\n<p>&#8220;A <a class=\"suno-keyword\" target=\"_blank\" data-force=\"no\" data-priority=\"1\" href=\"https:\/\/www.suno.com.br\/artigos\/politica-monetaria\/\" rel=\"noopener\">pol\u00edtica monet\u00e1ria<\/a>, que, em 2021 j\u00e1 havia passado do est\u00edmulo extraordinariamente elevado para o territ\u00f3rio contracionista, avan\u00e7ou substancialmente no terreno contracionista em 2022&#8243;, escreveu o presidente do BC.<\/p>\n\n\n\n<p>Na carta, Campos Neta ainda destaca que as causas de a <strong>infla\u00e7\u00e3o fechar acima da meta <\/strong>foram:<\/p>\n\n\n\n<ul class=\"wp-block-list\">\n<li>in\u00e9rcia da infla\u00e7\u00e3o do ano anterior; <\/li>\n\n\n\n<li>eleva\u00e7\u00e3o dos pre\u00e7os de commodities, em especial do petr\u00f3leo;<\/li>\n\n\n\n<li>desequil\u00edbrios entre demanda e oferta de insumos e gargalos nas cadeias produtivas globais;<\/li>\n\n\n\n<li>choques em pre\u00e7os de alimenta\u00e7\u00e3o, resultantes de quest\u00f5es clim\u00e1ticas; <\/li>\n\n\n\n<li>retomada na demanda de servi\u00e7os e no emprego, impulsionada pelo acentuado decl\u00ednio da quantidade de casos de covid-19 e consequente aumento da mobilidade.<\/li>\n<\/ul>\n\n\n\n<blockquote class=\"wp-block-quote is-layout-flow wp-block-quote-is-layout-flow\">\n<p>Os fatores citados acima se traduziram em varia\u00e7\u00f5es d\u00edspares de pre\u00e7os entre diferentes grupos. Em 2022, os pre\u00e7os livres aumentaram 9,39%, enquanto os pre\u00e7os administrados recuaram 3,83%.<\/p>\n<\/blockquote>\n\n\n\t<p>\n\t\t<a href=\"https:\/\/lp.suno.com.br\/planilha-controle-gastos\/\" target=\"_blank\" data-element=\"shortcode-suno-banner\" title=\"Banner SUNO, clique e saiba mais\">\n\t\t\t<picture>\n\t\t\t\t<source media=\"(max-width: 500px)\" srcset=\"https:\/\/files.sunoresearch.com.br\/n\/uploads\/2023\/03\/400x300-Planilha-controle-de-gastos.png\">\n\t\t\t\t<img class=\"newsContent__article__imgCapa newsContent__article__imgCapa--banner\"\n\t\t\t\t\tsrc=\"https:\/\/files.sunoresearch.com.br\/n\/uploads\/2023\/03\/1420x240-Planilha-controle-de-gastos.png\"\n\t\t\t\t\tdata-promo-id=\"101751\"\t\t\t\t\t\t\t\t\t\twidth='1420' height='240'\t\t\t\t\talt=\"https:\/\/files.sunoresearch.com.br\/n\/uploads\/2023\/03\/1420x240-Planilha-controle-de-gastos.png\"\n\t\t\t\t>\n\t\t\t<\/picture>\n\t\t<\/a>\n\t<\/p>\n\n\n\n\n\n<p>Apesar disso, o presidente do Banco Central tamb\u00e9m afirmou que outros fatores evitaram que o <strong>estouro da meta da infla\u00e7\u00e3o<\/strong> fosse ainda maior. Foram eles:<\/p>\n\n\n\n<ul class=\"wp-block-list\">\n<li>redu\u00e7\u00e3o na tributa\u00e7\u00e3o sobre combust\u00edveis, energia el\u00e9trica e telecomunica\u00e7\u00f5es;<\/li>\n\n\n\n<li>comportamento da bandeira de energia el\u00e9trica, que passou de escassez h\u00eddrica para bandeira verde ao longo do ano passado; <\/li>\n\n\n\n<li>melhora do c\u00e2mbio.<\/li>\n<\/ul>\n\n\n\n\t<div data-element=\"shortcode-read-more\" class=\"readToo\">\n\t\t\t\t<span class=\"readToo__title\">Leia mais<\/span>\n\t\t\t\t<ul class=\"readToo__list\">\n\t\t\t<li><a href=\"https:\/\/www.suno.com.br\/noticias\/banco-mundial-previsao-pibglobal-2023\/\">Banco Mundial reduz previs\u00e3o do PIB global, mas mant\u00e9m otimismo em rela\u00e7\u00e3o ao Brasil<\/a><\/li><li><a href=\"https:\/\/www.suno.com.br\/noticias\/campos-neto-carta-fernando-haddad-meta-inflacao-2022\/\">Meta de infla\u00e7\u00e3o \u00e9 descumprida e Campos Neto vai ter de se explicar a Haddad<\/a><\/li><li><a href=\"https:\/\/www.suno.com.br\/noticias\/lula-primeiras-medidas-economicas-decisao\/\">Lula bate o martelo e determina divulga\u00e7\u00f5es das primeiras medidas econ\u00f4micas ainda nesta semana<\/a><\/li>\t\t<\/ul>\n\t<\/div>\n\n\n\n\n<h2 class=\"wp-block-heading\" id=\"h-estouro-de-meta-da-inflacao-pelo-segundo-ano-consecutivo\">Estouro de meta da infla\u00e7\u00e3o pelo segundo ano consecutivo<\/h2>\n\n\n\n<p>N\u00e3o \u00e9 a primeira vez que h\u00e1 o estouro da meta. No ano anterior, Campos Neto previu <strong>infla\u00e7\u00e3o alta<\/strong>, mas afirmou na carta a Guedes que ela n\u00e3o ultrapassaria os 5%. <\/p>\n\n\n\t<p>\n\t\t<a href=\"https:\/\/lp.suno.com.br\/planilha-da-vida-financeira\/\" target=\"_blank\" data-element=\"shortcode-suno-banner\" title=\"Banner SUNO, clique e saiba mais\">\n\t\t\t<picture>\n\t\t\t\t<source media=\"(max-width: 500px)\" srcset=\"https:\/\/files.sunoresearch.com.br\/n\/uploads\/2023\/04\/400x300-Planilha-vida-financeira-true.png\">\n\t\t\t\t<img class=\"newsContent__article__imgCapa newsContent__article__imgCapa--banner\"\n\t\t\t\t\tsrc=\"https:\/\/files.sunoresearch.com.br\/n\/uploads\/2023\/04\/1420x240-Planilha-vida-financeira-true.png\"\n\t\t\t\t\tdata-promo-id=\"106682\"\t\t\t\t\t\t\t\t\t\twidth='1420' height='240'\t\t\t\t\talt=\"https:\/\/files.sunoresearch.com.br\/n\/uploads\/2023\/04\/1420x240-Planilha-vida-financeira-true.png\"\n\t\t\t\t>\n\t\t\t<\/picture>\n\t\t<\/a>\n\t<\/p>\n\n\n\n\n\n<p>Na ocasi\u00e3o, o presidente do BC escreveu que a infla\u00e7\u00e3o em 2021 foi em grande parte \u201cimportante\u201d, fruto da desorganiza\u00e7\u00e3o das cadeias produtivas globais fruto causada pela pandemia de Covid-19. Ele tamb\u00e9m citou a bandeira de escassez h\u00eddrica e a escalada dos pre\u00e7os do petr\u00f3leo como fatores que pressionaram para cima a infla\u00e7\u00e3o.<\/p>\n\n\n\n<p>Em dezembro de 2022, a <a class=\"suno-keyword\" target=\"_blank\" data-force=\"no\" data-priority=\"2\" href=\"https:\/\/www.suno.com.br\/artigos\/inflacao\/\" rel=\"noopener\">infla\u00e7\u00e3o oficial<\/a> medida pelo \u00cdndice Nacional de Pre\u00e7os ao Consumidor Amplo (IPCA), subiu 0,62%, compondo a alta anual de 5,79%. Segundo o IBGE, o maior impacto no acumulado do ano ficou com o grupo Alimenta\u00e7\u00e3o e bebidas, que subiu 11,64% em 2022 e foi respons\u00e1vel por 2,41 p.p. do \u00edndice. <\/p>\n\n\n\t<p>\n\t\t<a href=\"https:\/\/lp.suno.com.br\/ebook-como-analisar-uma-acao\/\" target=\"_blank\" data-element=\"shortcode-suno-banner\" title=\"Banner SUNO, clique e saiba mais\">\n\t\t\t<picture>\n\t\t\t\t<source media=\"(max-width: 500px)\" srcset=\"https:\/\/files.sunoresearch.com.br\/n\/uploads\/2023\/03\/Ebook-Acoes-Mobile-1.jpg\">\n\t\t\t\t<img class=\"newsContent__article__imgCapa newsContent__article__imgCapa--banner\"\n\t\t\t\t\tsrc=\"https:\/\/files.sunoresearch.com.br\/n\/uploads\/2023\/03\/Ebook-Acoes-Desktop-1.jpg\"\n\t\t\t\t\tdata-promo-id=\"171998\"\t\t\t\t\t\t\t\t\t\twidth='1420' height='286'\t\t\t\t\talt=\"https:\/\/files.sunoresearch.com.br\/n\/uploads\/2023\/03\/Ebook-Acoes-Desktop-1.jpg\"\n\t\t\t\t>\n\t\t\t<\/picture>\n\t\t<\/a>\n\t<\/p>\n\n\n\n\n\n<h2 class=\"wp-block-heading\">BC: Aumento do juro real neste ciclo \u00e9 o maior de todo o regime de metas<\/h2>\n\n\n\n<p>Ap\u00f3s o IPCA ter fechado 2022 com alta de 5,79%, acima do teto da meta pelo segundo ano consecutivo, o presidente do Banco Central, <strong>Roberto Campos Neto<\/strong>, alegou em carta aberta ao ministro da Fazenda, Fernando Haddad, que o aumento da taxa de juros real ex-ante no ciclo atual \u00e9 o maior ocorrido durante todo o regime de metas para a infla\u00e7\u00e3o, iniciado em 1999.<\/p>\n\n\n\n<p>Hoje, a <strong>taxa Selic<\/strong> est\u00e1 em 13,75% ao ano, ap\u00f3s o processo de alta de juros mais longo da hist\u00f3ria do Comit\u00ea de Pol\u00edtica Monet\u00e1ria (Copom). No documento, Campos Neto tamb\u00e9m ressaltou que o BC tem definido a Selic e vai continuar a faz\u00ea-lo, com vistas ao cumprimento das metas de infla\u00e7\u00e3o.<\/p>\n\n\n\n<p>Durante o processo de alta da Selic, Campos Neto, na carta, destacou que a <strong>pol\u00edtica monet\u00e1ria<\/strong> passou do campo expansionista para o territ\u00f3rio contracionista, com o juro real neutro atingindo 7,8% no \u00faltimo trimestre de 2022, acima da taxa neutra considerada pela autoridade monet\u00e1ria, de 4,00%.<\/p>\n\n\n\n<p>Considerando as estimativas da \u00faltima pesquisa Focus, o BC calcula que a taxa real de juros permanece em 7,8% no primeiro trimestre de 2023 e ent\u00e3o inicia trajet\u00f3ria declinante, atingindo 6,9% ao final de 2023, 5,2% ao final de 2024 e 4,7% ao final de 2025, ainda acima da taxa real neutra.<\/p>\n\n\n\n<p>&#8220;A eleva\u00e7\u00e3o da meta para a taxa Selic e as expectativas dos agentes sobre seus movimentos futuros, coordenadas pela comunica\u00e7\u00e3o de pol\u00edtica monet\u00e1ria, levaram a um aumento expressivo da taxa real de juros ex-ante&#8221;, disse o presidente do BC na carta, lembrando que o ajuste da Selic foi iniciado em 2021 e se estendeu ao longo de 2022 diante do aumento das proje\u00e7\u00f5es e estimativas de infla\u00e7\u00e3o no horizonte relevante. &#8220;Durante esse ajuste, o Copom enfatizou a necessidade de o ciclo de aperto monet\u00e1rio avan\u00e7ar significativamente em territ\u00f3rio contracionista.&#8221;<\/p>\n\n\n\n<p>O BC tamb\u00e9m lembrou que, ap\u00f3s encerrar o ciclo, &#8220;enfatizou que se manteria vigilante, avaliando se a estrat\u00e9gia de manuten\u00e7\u00e3o da taxa b\u00e1sica de juros por per\u00edodo suficientemente prolongado seria capaz de assegurar a converg\u00eancia da infla\u00e7\u00e3o&#8221;.<\/p>\n\n\n\n<p>&#8220;Tamb\u00e9m ressaltou que os passos futuros da pol\u00edtica monet\u00e1ria poderiam ser ajustados e n\u00e3o hesitaria em retomar o ciclo de ajuste caso o processo de desinfla\u00e7\u00e3o n\u00e3o transcorresse como esperado.&#8221;<\/p>\n\n\n\n<p>Campos Neto ainda destacou o papel da comunica\u00e7\u00e3o do BC ao longo de 2022, que buscou o &#8220;melhor entendimento e a maior transpar\u00eancia do processo decis\u00f3rio presente e futuro&#8221; e procurou coordenar as expectativas e levar ao aperto requerido das condi\u00e7\u00f5es financeiras.<\/p>\n\n\n\n<p>O IPCA, o \u00edndice oficial de infla\u00e7\u00e3o, ficou 0,79 ponto porcentual acima da banda superior do objetivo a ser perseguido pelo BC (5,00%). Em 2021, o desvio ante o teto da meta (5,25%) foi de 4,81 pp, a maior diferen\u00e7a desde 2002.<\/p>\n\n\n\n<p>A carta ao presidente do Conselho Monet\u00e1rio Nacional (CMN) \u00e9 uma exig\u00eancia do regime de metas, criado em 1999, quando a infla\u00e7\u00e3o fica fora do intervalo de toler\u00e2ncia, para explicar as raz\u00f5es do descumprimento e indicar provid\u00eancias para o retorno \u00e0 meta, assim como o prazo para que isso ocorra.<\/p>\n\n\n\n<p>Desde 1999, o documento j\u00e1 foi escrito em outras seis oportunidades, sendo que em uma \u00fanica vez em virtude de a infla\u00e7\u00e3o ter ficado abaixo do limite inferior da meta, em 2017, quando Ilan Goldfajn era presidente do BC. Al\u00e9m de 2021, o limite superior da meta foi rompido em 2001, 2002, 2003 e 2015.<\/p>\n\n\n\n<h2 class=\"wp-block-heading\">Expectativas do Banco Central para 2023<\/h2>\n\n\n\n<p>Para 2023, conforme o boletim Focus divulgado pelo <strong>Banco Central<\/strong>, \u00e9 esperado que a infla\u00e7\u00e3o ao consumidor medida pelo IPCA fique em 5,36% \u2014 percentual da meta de 3,25% \u2014 e acima do teto de 4,75% estabelecido para o intervalo de toler\u00e2ncia.<\/p>\n\n\n\n<p>Campos Neto reconheceu que a infla\u00e7\u00e3o em 2023 deve se manter superior \u00e0 meta estabelecida, considerando sua proje\u00e7\u00e3o condicional de 5,0% para este ano, segundo a carta aberta enviada ao ministro da Fazenda, Fernando Haddad, para justificar o descumprimento da meta em 2022. O limite de toler\u00e2ncia superior em 2023 \u00e9 de 4,75%. Mas, considerando as proje\u00e7\u00f5es para 2024 (3,0%) e 2025 (2,8%), o BC argumenta que o &#8220;cen\u00e1rio \u00e9 de converg\u00eancia da infla\u00e7\u00e3o para as suas metas&#8221;.<\/p>\n\n\n\n<p>Apesar disso, o BC estima que a infla\u00e7\u00e3o deve continuar em trajet\u00f3ria de queda ao longo deste ano, terminando abaixo do resultado de 5,79% em 2022, que superou o teto da meta em 0,79 ponto porcentual. &#8220;A infla\u00e7\u00e3o ainda se mant\u00e9m superior \u00e0 meta, em virtude principalmente da hip\u00f3tese do retorno da tributa\u00e7\u00e3o federal sobre combust\u00edveis nesse ano e dos efeitos inerciais da infla\u00e7\u00e3o de 2022&#8221;, explicou o BC.<\/p>\n\n\n\n<p>O governo Lula ampliou a desonera\u00e7\u00e3o da gasolina e do etanol at\u00e9 o fim de fevereiro, mas sobre diesel e g\u00e1s de cozinha a taxa zero se mant\u00e9m at\u00e9 o t\u00e9rmino do ano.<\/p>\n\n\n\n<p>Por outro lado, Campos Neto afirmou que a expectativa \u00e9 de que os efeitos da reonera\u00e7\u00e3o dos combust\u00edveis e da in\u00e9rcia sejam contrabalanceados em parte pela pol\u00edtica monet\u00e1ria contracionista. &#8220;Embora n\u00e3o de forma integral, em virtude das diferen\u00e7as temporais entre os impactos dos choques, de prazo mais curto, e os efeitos da pol\u00edtica monet\u00e1ria, mais concentrados no m\u00e9dio prazo.&#8221;<\/p>\n\n\n\n<p>O presidente do BC ainda disse que o Comit\u00ea de Pol\u00edtica Monet\u00e1ria (Copom) tem dado \u00eanfase ao horizonte de seis trimestres \u00e0 frente, que &#8220;suaviza os efeitos diretos decorrentes das mudan\u00e7as tribut\u00e1rias, mas incorpora os seus impactos secund\u00e1rios&#8221;.<\/p>\n\n\n\n<p>&#8220;O Comit\u00ea julga que a incerteza em torno das suas premissas e proje\u00e7\u00f5es atualmente \u00e9 maior do que o usual&#8221;, disse, na carta, repetindo as comunica\u00e7\u00f5es do Copom, e citando que o Boletim Focus tamb\u00e9m considera redu\u00e7\u00e3o da infla\u00e7\u00e3o, embora em menor magnitude que o <strong>Banco Central<\/strong>.<\/p>\n\n\n\n<p><em>Com Estad\u00e3o Conte\u00fado<\/em><\/p>\n\n\n\t<p>\n\t\t<a href=\"https:\/\/lp.suno.com.br\/planilha-de-controle-de-investimentos\/\" target=\"_blank\" data-element=\"shortcode-suno-banner\" title=\"Banner SUNO, clique e saiba mais\">\n\t\t\t<picture>\n\t\t\t\t<source media=\"(max-width: 500px)\" srcset=\"https:\/\/files.sunoresearch.com.br\/n\/uploads\/2023\/03\/400x300-Controle-de-Investimentos.png\">\n\t\t\t\t<img class=\"newsContent__article__imgCapa newsContent__article__imgCapa--banner\"\n\t\t\t\t\tsrc=\"https:\/\/files.sunoresearch.com.br\/n\/uploads\/2023\/03\/1420x240-Controle-de-Investimentos.png\"\n\t\t\t\t\tdata-promo-id=\"75934\"\t\t\t\t\t\t\t\t\t\twidth='1420' height='240'\t\t\t\t\talt=\"https:\/\/files.sunoresearch.com.br\/n\/uploads\/2023\/03\/1420x240-Controle-de-Investimentos.png\"\n\t\t\t\t>\n\t\t\t<\/picture>\n\t\t<\/a>\n\t<\/p>\n\n\n\n\n\t\t<div class=\"web-stories-list alignnone has-archive-link is-view-type-carousel is-style-default is-carousel\" data-id=\"1\">\n\t\t\t<div\n\t\t\tclass=\"web-stories-list__inner-wrapper carousel-1\"\n\t\t\tstyle=\"--ws-story-max-width:185px\"\n\t\t\t>\n\t\t\t\t\t\t<div class=\"web-stories-list__archive-link\">\n\t\t\t<a href=\"https:\/\/www.suno.com.br\/noticias\/web-stories\/\">\n\t\t\t\tConfira os destaques do dia!\t\t\t<\/a>\n\t\t<\/div>\n\t\t\t\t\t\t\t<div\n\t\t\t\t\tclass=\"web-stories-list__carousel carousel\"\n\t\t\t\t\tdata-id=\"carousel-1\"\n\t\t\t\t\tdata-prev=\"Voltar\"\n\t\t\t\t\tdata-next=\"Avan\u00e7ar\"\n\t\t\t\t\t>\n\t\t\t\t\t\t\t\t\t<div\n\t\t\t\tclass=\"web-stories-list__story\"\n\t\t\t\tdata-wp-interactive=\"web-stories-block\"\n\t\t\t\tdata-wp-context='{\"instanceId\":1}'\t\t\t\tdata-wp-on--click=\"actions.open\"\n\t\t\t\tdata-wp-on-window--popstate=\"actions.onPopstate\"\n\t\t\t\t>\n\t\t\t\t\t\t\t<div class=\"web-stories-list__story-poster\">\n\t\t\t\t<a href=\"https:\/\/www.suno.com.br\/noticias\/web-stories\/por-que-as-acoes-da-nvidia-estao-despencando\/\" >\n\t\t\t\t\t<img\n\t\t\t\t\t\tsrc=\"https:\/\/files.sunoresearch.com.br\/n\/uploads\/2025\/11\/cropped-pexels-stasknop-19356873-scaled-1.webp\"\n\t\t\t\t\t\talt=\"Por que as a\u00e7\u00f5es da Nvidia est\u00e3o despencando?\"\n\t\t\t\t\t\twidth=\"185\"\n\t\t\t\t\t\theight=\"308\"\n\t\t\t\t\t\t\t\t\t\t\t\t\tsrcset=\"https:\/\/files.sunoresearch.com.br\/n\/uploads\/2025\/11\/cropped-pexels-stasknop-19356873-scaled-1.webp 640w, https:\/\/files.sunoresearch.com.br\/n\/uploads\/2025\/11\/cropped-pexels-stasknop-19356873-scaled-1-225x300.webp 225w, https:\/\/files.sunoresearch.com.br\/n\/uploads\/2025\/11\/cropped-pexels-stasknop-19356873-scaled-1-150x200.webp 150w\"\n\t\t\t\t\t\t\t\t\t\t\t\t\t\t\t\t\t\t\tsizes=\"(max-width: 640px) 100vw, 640px\"\n\t\t\t\t\t\t\t\t\t\t\t\tloading=\"lazy\"\n\t\t\t\t\t\tdecoding=\"async\"\n\t\t\t\t\t>\n\t\t\t\t<\/a>\n\t\t\t<\/div>\n\t\t\t\t\t<div class=\"web-stories-list__story-content-overlay\">\n\t\t\t\t\t\t\t<div class=\"story-content-overlay__title\">\n\t\t\t\t\tPor que as a\u00e7\u00f5es da Nvidia est\u00e3o despencando?\t\t\t\t<\/div>\n\t\t\t\n\t\t\t\n\t\t\t\n\t\t\t\t\t<\/div>\n\t\t\t\t\t<\/div>\n\t\t\t\t\t\t<div\n\t\t\t\tclass=\"web-stories-list__story\"\n\t\t\t\tdata-wp-interactive=\"web-stories-block\"\n\t\t\t\tdata-wp-context='{\"instanceId\":1}'\t\t\t\tdata-wp-on--click=\"actions.open\"\n\t\t\t\tdata-wp-on-window--popstate=\"actions.onPopstate\"\n\t\t\t\t>\n\t\t\t\t\t\t\t<div class=\"web-stories-list__story-poster\">\n\t\t\t\t<a href=\"https:\/\/www.suno.com.br\/noticias\/web-stories\/quanto-falta-para-elon-musk-se-tornar-trilionario\/\" >\n\t\t\t\t\t<img\n\t\t\t\t\t\tsrc=\"https:\/\/files.sunoresearch.com.br\/n\/uploads\/2026\/01\/cropped-Elon-Musk-jpg.webp\"\n\t\t\t\t\t\talt=\"Quanto falta para Elon Musk se tornar trilion\u00e1rio?\"\n\t\t\t\t\t\twidth=\"185\"\n\t\t\t\t\t\theight=\"308\"\n\t\t\t\t\t\t\t\t\t\t\t\t\tsrcset=\"https:\/\/files.sunoresearch.com.br\/n\/uploads\/2026\/01\/cropped-Elon-Musk-jpg.webp 640w, https:\/\/files.sunoresearch.com.br\/n\/uploads\/2026\/01\/cropped-Elon-Musk-jpg-225x300.webp 225w, https:\/\/files.sunoresearch.com.br\/n\/uploads\/2026\/01\/cropped-Elon-Musk-jpg-150x200.webp 150w\"\n\t\t\t\t\t\t\t\t\t\t\t\t\t\t\t\t\t\t\tsizes=\"(max-width: 640px) 100vw, 640px\"\n\t\t\t\t\t\t\t\t\t\t\t\tloading=\"lazy\"\n\t\t\t\t\t\tdecoding=\"async\"\n\t\t\t\t\t>\n\t\t\t\t<\/a>\n\t\t\t<\/div>\n\t\t\t\t\t<div class=\"web-stories-list__story-content-overlay\">\n\t\t\t\t\t\t\t<div class=\"story-content-overlay__title\">\n\t\t\t\t\tQuanto falta para Elon Musk se tornar trilion\u00e1rio?\t\t\t\t<\/div>\n\t\t\t\n\t\t\t\n\t\t\t\n\t\t\t\t\t<\/div>\n\t\t\t\t\t<\/div>\n\t\t\t\t\t\t<div\n\t\t\t\tclass=\"web-stories-list__story\"\n\t\t\t\tdata-wp-interactive=\"web-stories-block\"\n\t\t\t\tdata-wp-context='{\"instanceId\":1}'\t\t\t\tdata-wp-on--click=\"actions.open\"\n\t\t\t\tdata-wp-on-window--popstate=\"actions.onPopstate\"\n\t\t\t\t>\n\t\t\t\t\t\t\t<div class=\"web-stories-list__story-poster\">\n\t\t\t\t<a href=\"https:\/\/www.suno.com.br\/noticias\/web-stories\/ate-onde-vai-a-alta-do-ibovespa\/\" >\n\t\t\t\t\t<img\n\t\t\t\t\t\tsrc=\"https:\/\/files.sunoresearch.com.br\/n\/uploads\/2025\/11\/cropped-iStock-1215609239-jpg.webp\"\n\t\t\t\t\t\talt=\"At\u00e9 onde vai a alta do Ibovespa?\"\n\t\t\t\t\t\twidth=\"185\"\n\t\t\t\t\t\theight=\"308\"\n\t\t\t\t\t\t\t\t\t\t\t\t\tsrcset=\"https:\/\/files.sunoresearch.com.br\/n\/uploads\/2025\/11\/cropped-iStock-1215609239-jpg.webp 640w, https:\/\/files.sunoresearch.com.br\/n\/uploads\/2025\/11\/cropped-iStock-1215609239-jpg-225x300.webp 225w, https:\/\/files.sunoresearch.com.br\/n\/uploads\/2025\/11\/cropped-iStock-1215609239-jpg-150x200.webp 150w\"\n\t\t\t\t\t\t\t\t\t\t\t\t\t\t\t\t\t\t\tsizes=\"(max-width: 640px) 100vw, 640px\"\n\t\t\t\t\t\t\t\t\t\t\t\tloading=\"lazy\"\n\t\t\t\t\t\tdecoding=\"async\"\n\t\t\t\t\t>\n\t\t\t\t<\/a>\n\t\t\t<\/div>\n\t\t\t\t\t<div class=\"web-stories-list__story-content-overlay\">\n\t\t\t\t\t\t\t<div class=\"story-content-overlay__title\">\n\t\t\t\t\tAt\u00e9 onde vai a alta do Ibovespa?\t\t\t\t<\/div>\n\t\t\t\n\t\t\t\n\t\t\t\n\t\t\t\t\t<\/div>\n\t\t\t\t\t<\/div>\n\t\t\t\t\t\t<div\n\t\t\t\tclass=\"web-stories-list__story\"\n\t\t\t\tdata-wp-interactive=\"web-stories-block\"\n\t\t\t\tdata-wp-context='{\"instanceId\":1}'\t\t\t\tdata-wp-on--click=\"actions.open\"\n\t\t\t\tdata-wp-on-window--popstate=\"actions.onPopstate\"\n\t\t\t\t>\n\t\t\t\t\t\t\t<div class=\"web-stories-list__story-poster\">\n\t\t\t\t<a href=\"https:\/\/www.suno.com.br\/noticias\/web-stories\/banco-brasileiro-itau-lista-marcas-mais-valiosas-mundo\/\" >\n\t\t\t\t\t<img\n\t\t\t\t\t\tsrc=\"https:\/\/files.sunoresearch.com.br\/n\/uploads\/2024\/01\/cropped-predio-itau.webp\"\n\t\t\t\t\t\talt=\"Banco brasileiro est\u00e1 entre as 500 marcas mais valiosas do mundo\"\n\t\t\t\t\t\twidth=\"185\"\n\t\t\t\t\t\theight=\"308\"\n\t\t\t\t\t\t\t\t\t\t\t\t\tsrcset=\"https:\/\/files.sunoresearch.com.br\/n\/uploads\/2024\/01\/cropped-predio-itau.webp 640w, https:\/\/files.sunoresearch.com.br\/n\/uploads\/2024\/01\/cropped-predio-itau-225x300.webp 225w, https:\/\/files.sunoresearch.com.br\/n\/uploads\/2024\/01\/cropped-predio-itau-150x200.webp 150w\"\n\t\t\t\t\t\t\t\t\t\t\t\t\t\t\t\t\t\t\tsizes=\"(max-width: 640px) 100vw, 640px\"\n\t\t\t\t\t\t\t\t\t\t\t\tloading=\"lazy\"\n\t\t\t\t\t\tdecoding=\"async\"\n\t\t\t\t\t>\n\t\t\t\t<\/a>\n\t\t\t<\/div>\n\t\t\t\t\t<div class=\"web-stories-list__story-content-overlay\">\n\t\t\t\t\t\t\t<div class=\"story-content-overlay__title\">\n\t\t\t\t\tBanco brasileiro est\u00e1 entre as 500 marcas mais valiosas do mundo\t\t\t\t<\/div>\n\t\t\t\n\t\t\t\n\t\t\t\n\t\t\t\t\t<\/div>\n\t\t\t\t\t<\/div>\n\t\t\t\t\t\t<div\n\t\t\t\tclass=\"web-stories-list__story\"\n\t\t\t\tdata-wp-interactive=\"web-stories-block\"\n\t\t\t\tdata-wp-context='{\"instanceId\":1}'\t\t\t\tdata-wp-on--click=\"actions.open\"\n\t\t\t\tdata-wp-on-window--popstate=\"actions.onPopstate\"\n\t\t\t\t>\n\t\t\t\t\t\t\t<div class=\"web-stories-list__story-poster\">\n\t\t\t\t<a href=\"https:\/\/www.suno.com.br\/noticias\/web-stories\/flamengo-lista-times-mais-ricos-do-mundo-hoje\/\" >\n\t\t\t\t\t<img\n\t\t\t\t\t\tsrc=\"https:\/\/files.sunoresearch.com.br\/n\/uploads\/2026\/01\/cropped-brazil-6755874_1280-jpg.webp\"\n\t\t\t\t\t\talt=\"Flamengo na lista! Veja os times mais ricos do mundo hoje\"\n\t\t\t\t\t\twidth=\"185\"\n\t\t\t\t\t\theight=\"308\"\n\t\t\t\t\t\t\t\t\t\t\t\t\tsrcset=\"https:\/\/files.sunoresearch.com.br\/n\/uploads\/2026\/01\/cropped-brazil-6755874_1280-jpg.webp 640w, https:\/\/files.sunoresearch.com.br\/n\/uploads\/2026\/01\/cropped-brazil-6755874_1280-jpg-225x300.webp 225w, https:\/\/files.sunoresearch.com.br\/n\/uploads\/2026\/01\/cropped-brazil-6755874_1280-jpg-150x200.webp 150w\"\n\t\t\t\t\t\t\t\t\t\t\t\t\t\t\t\t\t\t\tsizes=\"(max-width: 640px) 100vw, 640px\"\n\t\t\t\t\t\t\t\t\t\t\t\tloading=\"lazy\"\n\t\t\t\t\t\tdecoding=\"async\"\n\t\t\t\t\t>\n\t\t\t\t<\/a>\n\t\t\t<\/div>\n\t\t\t\t\t<div class=\"web-stories-list__story-content-overlay\">\n\t\t\t\t\t\t\t<div class=\"story-content-overlay__title\">\n\t\t\t\t\tFlamengo na lista! Veja os times mais ricos do mundo hoje\t\t\t\t<\/div>\n\t\t\t\n\t\t\t\n\t\t\t\n\t\t\t\t\t<\/div>\n\t\t\t\t\t<\/div>\n\t\t\t\t\t\t\t\t<\/div>\n\t\t\t\t\t<div tabindex=\"0\" aria-label=\"Voltar\" class=\"glider-prev\"><\/div>\n\t\t\t\t\t<div tabindex=\"0\" aria-label=\"Avan\u00e7ar\" class=\"glider-next\"><\/div>\n\t\t\t\t\t\t\t\t<\/div>\n\t\t<\/div>\n\t\t","protected":false},"excerpt":{"rendered":"<p>Com a divulga\u00e7\u00e3o da alta de 0,62% do \u00cdndice Nacional de Pre\u00e7os ao Consumidor Amplo (IPCA) em dezembro de 2022 e de que o \u00faltimo ano foi encerrado com a infla\u00e7\u00e3o em 5,79%, o presidente do Banco Central (BC), Roberto Campos Neto, publicou uma carta justificando o estouro da meta. Entre as causas apontadas, est\u00e3o [&hellip;]<\/p>\n","protected":false},"author":233,"featured_media":242323,"comment_status":"closed","ping_status":"closed","sticky":false,"template":"","format":"standard","meta":[],"categories":[62],"tags":[1842,850,966],"suno_strategy":[],"class_list":["post-344341","post","type-post","status-publish","format-standard","has-post-thumbnail","hentry","category-economia","tag-banco-central-bc","tag-inflacao","tag-ipca"],"yoast_head":"<!-- This site is optimized with the Yoast SEO plugin v24.4 - https:\/\/yoast.com\/wordpress\/plugins\/seo\/ -->\n<title>Banco Central justifica estouro da meta de infla\u00e7\u00e3o em 2022<\/title>\n<meta name=\"description\" content=\"Com meta de infla\u00e7\u00e3o \u00e9 descumprida, o presidente do Banco Central (BC), Campos Neto, divulgou uma carta justificando o estouro da meta. Veja!\" \/>\n<meta name=\"robots\" content=\"index, follow, max-snippet:-1, max-image-preview:large, max-video-preview:-1\" \/>\n<link rel=\"canonical\" href=\"https:\/\/www.suno.com.br\/noticias\/presidente-banco-central-justifica-estouro-meta-inflacao-2022\/\" \/>\n<meta property=\"og:locale\" content=\"pt_BR\" \/>\n<meta property=\"og:type\" content=\"article\" \/>\n<meta property=\"og:title\" content=\"Banco Central justifica estouro da meta de infla\u00e7\u00e3o em 2022\" \/>\n<meta property=\"og:description\" content=\"Com meta de infla\u00e7\u00e3o \u00e9 descumprida, o presidente do Banco Central (BC), Campos Neto, divulgou uma carta justificando o estouro da meta. Veja!\" \/>\n<meta property=\"og:url\" content=\"https:\/\/www.suno.com.br\/noticias\/presidente-banco-central-justifica-estouro-meta-inflacao-2022\/\" \/>\n<meta property=\"og:site_name\" content=\"Suno Not\u00edcias\" \/>\n<meta property=\"article:publisher\" content=\"https:\/\/facebook.com\/sunoresearch\" \/>\n<meta property=\"og:image\" content=\"https:\/\/files.sunoresearch.com.br\/n\/uploads\/2022\/03\/Campos-Neto.jpg\" \/>\n\t<meta property=\"og:image:width\" content=\"1200\" \/>\n\t<meta property=\"og:image:height\" content=\"800\" \/>\n\t<meta property=\"og:image:type\" content=\"image\/jpeg\" \/>\n<meta name=\"author\" content=\"Janize Cola\u00e7o\" \/>\n<meta name=\"twitter:card\" content=\"summary_large_image\" \/>\n<meta name=\"twitter:creator\" content=\"@sunoresearch\" \/>\n<meta name=\"twitter:site\" content=\"@sunoresearch\" \/>\n<meta name=\"twitter:label1\" content=\"Escrito por\" \/>\n\t<meta name=\"twitter:data1\" content=\"Janize Cola\u00e7o\" \/>\n\t<meta name=\"twitter:label2\" content=\"Est. tempo de leitura\" \/>\n\t<meta name=\"twitter:data2\" content=\"8 minutos\" \/>\n<script type=\"application\/ld+json\" class=\"yoast-schema-graph\">{\"@context\":\"https:\/\/schema.org\",\"@graph\":[{\"@type\":\"NewsArticle\",\"@id\":\"https:\/\/www.suno.com.br\/noticias\/presidente-banco-central-justifica-estouro-meta-inflacao-2022\/#article\",\"isPartOf\":{\"@id\":\"https:\/\/www.suno.com.br\/noticias\/presidente-banco-central-justifica-estouro-meta-inflacao-2022\/\"},\"author\":{\"name\":\"Janize Cola\u00e7o\",\"@id\":\"https:\/\/www.suno.com.br\/noticias\/#\/schema\/person\/d689f06da5678e1f0b1ee402f001d676\"},\"headline\":\"Em carta, presidente do Banco Central justifica estouro da meta de infla\u00e7\u00e3o em 2022\",\"datePublished\":\"2023-01-10T22:28:43+00:00\",\"dateModified\":\"2023-01-10T23:02:29+00:00\",\"mainEntityOfPage\":{\"@id\":\"https:\/\/www.suno.com.br\/noticias\/presidente-banco-central-justifica-estouro-meta-inflacao-2022\/\"},\"wordCount\":1456,\"publisher\":{\"@id\":\"https:\/\/www.suno.com.br\/noticias\/#organization\"},\"image\":{\"@id\":\"https:\/\/www.suno.com.br\/noticias\/presidente-banco-central-justifica-estouro-meta-inflacao-2022\/#primaryimage\"},\"thumbnailUrl\":\"https:\/\/files.sunoresearch.com.br\/n\/uploads\/2022\/03\/Campos-Neto.jpg\",\"keywords\":[\"Banco Central (BC)\",\"infla\u00e7\u00e3o\",\"IPCA\"],\"articleSection\":[\"Economia\"],\"inLanguage\":\"pt-BR\"},{\"@type\":\"WebPage\",\"@id\":\"https:\/\/www.suno.com.br\/noticias\/presidente-banco-central-justifica-estouro-meta-inflacao-2022\/\",\"url\":\"https:\/\/www.suno.com.br\/noticias\/presidente-banco-central-justifica-estouro-meta-inflacao-2022\/\",\"name\":\"Banco Central justifica estouro da meta de infla\u00e7\u00e3o em 2022\",\"isPartOf\":{\"@id\":\"https:\/\/www.suno.com.br\/noticias\/#website\"},\"primaryImageOfPage\":{\"@id\":\"https:\/\/www.suno.com.br\/noticias\/presidente-banco-central-justifica-estouro-meta-inflacao-2022\/#primaryimage\"},\"image\":{\"@id\":\"https:\/\/www.suno.com.br\/noticias\/presidente-banco-central-justifica-estouro-meta-inflacao-2022\/#primaryimage\"},\"thumbnailUrl\":\"https:\/\/files.sunoresearch.com.br\/n\/uploads\/2022\/03\/Campos-Neto.jpg\",\"datePublished\":\"2023-01-10T22:28:43+00:00\",\"dateModified\":\"2023-01-10T23:02:29+00:00\",\"description\":\"Com meta de infla\u00e7\u00e3o \u00e9 descumprida, o presidente do Banco Central (BC), Campos Neto, divulgou uma carta justificando o estouro da meta. Veja!\",\"breadcrumb\":{\"@id\":\"https:\/\/www.suno.com.br\/noticias\/presidente-banco-central-justifica-estouro-meta-inflacao-2022\/#breadcrumb\"},\"inLanguage\":\"pt-BR\",\"potentialAction\":[{\"@type\":\"ReadAction\",\"target\":[\"https:\/\/www.suno.com.br\/noticias\/presidente-banco-central-justifica-estouro-meta-inflacao-2022\/\"]}]},{\"@type\":\"ImageObject\",\"inLanguage\":\"pt-BR\",\"@id\":\"https:\/\/www.suno.com.br\/noticias\/presidente-banco-central-justifica-estouro-meta-inflacao-2022\/#primaryimage\",\"url\":\"https:\/\/files.sunoresearch.com.br\/n\/uploads\/2022\/03\/Campos-Neto.jpg\",\"contentUrl\":\"https:\/\/files.sunoresearch.com.br\/n\/uploads\/2022\/03\/Campos-Neto.jpg\",\"width\":1200,\"height\":800,\"caption\":\"PIB, juros e infla\u00e7\u00e3o: veja as avalia\u00e7\u00f5es de Campos Neto e de diretor do Banco Central do ano de 2023. Foto: Ag\u00eancia Brasil.\"},{\"@type\":\"BreadcrumbList\",\"@id\":\"https:\/\/www.suno.com.br\/noticias\/presidente-banco-central-justifica-estouro-meta-inflacao-2022\/#breadcrumb\",\"itemListElement\":[{\"@type\":\"ListItem\",\"position\":1,\"name\":\"Not\u00edcias\",\"item\":\"https:\/\/www.suno.com.br\/noticias\/\"},{\"@type\":\"ListItem\",\"position\":2,\"name\":\"Economia\",\"item\":\"https:\/\/www.suno.com.br\/noticias\/economia\/\"},{\"@type\":\"ListItem\",\"position\":3,\"name\":\"Em carta, presidente do Banco Central justifica estouro da meta de infla\u00e7\u00e3o em 2022\"}]},{\"@type\":\"WebSite\",\"@id\":\"https:\/\/www.suno.com.br\/noticias\/#website\",\"url\":\"https:\/\/www.suno.com.br\/noticias\/\",\"name\":\"Suno Not\u00edcias\",\"description\":\"Seu portal de informa\u00e7\u00e3o sobre o mundo dos investimentos\",\"publisher\":{\"@id\":\"https:\/\/www.suno.com.br\/noticias\/#organization\"},\"potentialAction\":[{\"@type\":\"SearchAction\",\"target\":{\"@type\":\"EntryPoint\",\"urlTemplate\":\"https:\/\/www.suno.com.br\/noticias\/?s={search_term_string}\"},\"query-input\":{\"@type\":\"PropertyValueSpecification\",\"valueRequired\":true,\"valueName\":\"search_term_string\"}}],\"inLanguage\":\"pt-BR\"},{\"@type\":\"Organization\",\"@id\":\"https:\/\/www.suno.com.br\/noticias\/#organization\",\"name\":\"Suno Not\u00edcias\",\"url\":\"https:\/\/www.suno.com.br\/noticias\/\",\"logo\":{\"@type\":\"ImageObject\",\"inLanguage\":\"pt-BR\",\"@id\":\"https:\/\/www.suno.com.br\/noticias\/#\/schema\/logo\/image\/\",\"url\":\"https:\/\/files.sunoresearch.com.br\/n\/uploads\/2021\/09\/suno-logo.png\",\"contentUrl\":\"https:\/\/files.sunoresearch.com.br\/n\/uploads\/2021\/09\/suno-logo.png\",\"width\":180,\"height\":180,\"caption\":\"Suno Not\u00edcias\"},\"image\":{\"@id\":\"https:\/\/www.suno.com.br\/noticias\/#\/schema\/logo\/image\/\"},\"sameAs\":[\"https:\/\/facebook.com\/sunoresearch\",\"https:\/\/x.com\/sunoresearch\",\"https:\/\/www.instagram.com\/suno\",\"https:\/\/www.linkedin.com\/company\/suno-research\/\",\"https:\/\/www.youtube.com\/c\/sunoresearch\"]},{\"@type\":\"Person\",\"@id\":\"https:\/\/www.suno.com.br\/noticias\/#\/schema\/person\/d689f06da5678e1f0b1ee402f001d676\",\"name\":\"Janize Cola\u00e7o\",\"image\":{\"@type\":\"ImageObject\",\"inLanguage\":\"pt-BR\",\"@id\":\"https:\/\/www.suno.com.br\/noticias\/#\/schema\/person\/image\/\",\"url\":\"https:\/\/secure.gravatar.com\/avatar\/32b3bf89abae63ca2cf961bc051522d0?s=96&r=g\",\"contentUrl\":\"https:\/\/secure.gravatar.com\/avatar\/32b3bf89abae63ca2cf961bc051522d0?s=96&r=g\",\"caption\":\"Janize Cola\u00e7o\"},\"description\":\"Jornalista formada pela PUC-SP com passagens pela Record TV, Globo Cond\u00e9 Nast, Revista Panrotas e Editora Via. Hoje, \u00e9 rep\u00f3rter no Suno Not\u00edcias, cobrindo pautas sobre mercado, pol\u00edtica, economia e bolsa de valores.\",\"url\":\"https:\/\/www.suno.com.br\/noticias\/author\/janize-colaco\/\"}]}<\/script>\n<!-- \/ Yoast SEO plugin. -->","yoast_head_json":{"title":"Banco Central justifica estouro da meta de infla\u00e7\u00e3o em 2022","description":"Com meta de infla\u00e7\u00e3o \u00e9 descumprida, o presidente do Banco Central (BC), Campos Neto, divulgou uma carta justificando o estouro da meta. Veja!","robots":{"index":"index","follow":"follow","max-snippet":"max-snippet:-1","max-image-preview":"max-image-preview:large","max-video-preview":"max-video-preview:-1"},"canonical":"https:\/\/www.suno.com.br\/noticias\/presidente-banco-central-justifica-estouro-meta-inflacao-2022\/","og_locale":"pt_BR","og_type":"article","og_title":"Banco Central justifica estouro da meta de infla\u00e7\u00e3o em 2022","og_description":"Com meta de infla\u00e7\u00e3o \u00e9 descumprida, o presidente do Banco Central (BC), Campos Neto, divulgou uma carta justificando o estouro da meta. Veja!","og_url":"https:\/\/www.suno.com.br\/noticias\/presidente-banco-central-justifica-estouro-meta-inflacao-2022\/","og_site_name":"Suno Not\u00edcias","article_publisher":"https:\/\/facebook.com\/sunoresearch","og_image":[{"width":1200,"height":800,"url":"https:\/\/files.sunoresearch.com.br\/n\/uploads\/2022\/03\/Campos-Neto.jpg","type":"image\/jpeg"}],"author":"Janize Cola\u00e7o","twitter_card":"summary_large_image","twitter_creator":"@sunoresearch","twitter_site":"@sunoresearch","twitter_misc":{"Escrito por":"Janize Cola\u00e7o","Est. tempo de leitura":"8 minutos"},"schema":{"@context":"https:\/\/schema.org","@graph":[{"@type":"NewsArticle","@id":"https:\/\/www.suno.com.br\/noticias\/presidente-banco-central-justifica-estouro-meta-inflacao-2022\/#article","isPartOf":{"@id":"https:\/\/www.suno.com.br\/noticias\/presidente-banco-central-justifica-estouro-meta-inflacao-2022\/"},"author":{"name":"Janize Cola\u00e7o","@id":"https:\/\/www.suno.com.br\/noticias\/#\/schema\/person\/d689f06da5678e1f0b1ee402f001d676"},"headline":"Em carta, presidente do Banco Central justifica estouro da meta de infla\u00e7\u00e3o em 2022","datePublished":"2023-01-10T22:28:43+00:00","dateModified":"2023-01-10T23:02:29+00:00","mainEntityOfPage":{"@id":"https:\/\/www.suno.com.br\/noticias\/presidente-banco-central-justifica-estouro-meta-inflacao-2022\/"},"wordCount":1456,"publisher":{"@id":"https:\/\/www.suno.com.br\/noticias\/#organization"},"image":{"@id":"https:\/\/www.suno.com.br\/noticias\/presidente-banco-central-justifica-estouro-meta-inflacao-2022\/#primaryimage"},"thumbnailUrl":"https:\/\/files.sunoresearch.com.br\/n\/uploads\/2022\/03\/Campos-Neto.jpg","keywords":["Banco Central (BC)","infla\u00e7\u00e3o","IPCA"],"articleSection":["Economia"],"inLanguage":"pt-BR"},{"@type":"WebPage","@id":"https:\/\/www.suno.com.br\/noticias\/presidente-banco-central-justifica-estouro-meta-inflacao-2022\/","url":"https:\/\/www.suno.com.br\/noticias\/presidente-banco-central-justifica-estouro-meta-inflacao-2022\/","name":"Banco Central justifica estouro da meta de infla\u00e7\u00e3o em 2022","isPartOf":{"@id":"https:\/\/www.suno.com.br\/noticias\/#website"},"primaryImageOfPage":{"@id":"https:\/\/www.suno.com.br\/noticias\/presidente-banco-central-justifica-estouro-meta-inflacao-2022\/#primaryimage"},"image":{"@id":"https:\/\/www.suno.com.br\/noticias\/presidente-banco-central-justifica-estouro-meta-inflacao-2022\/#primaryimage"},"thumbnailUrl":"https:\/\/files.sunoresearch.com.br\/n\/uploads\/2022\/03\/Campos-Neto.jpg","datePublished":"2023-01-10T22:28:43+00:00","dateModified":"2023-01-10T23:02:29+00:00","description":"Com meta de infla\u00e7\u00e3o \u00e9 descumprida, o presidente do Banco Central (BC), Campos Neto, divulgou uma carta justificando o estouro da meta. Veja!","breadcrumb":{"@id":"https:\/\/www.suno.com.br\/noticias\/presidente-banco-central-justifica-estouro-meta-inflacao-2022\/#breadcrumb"},"inLanguage":"pt-BR","potentialAction":[{"@type":"ReadAction","target":["https:\/\/www.suno.com.br\/noticias\/presidente-banco-central-justifica-estouro-meta-inflacao-2022\/"]}]},{"@type":"ImageObject","inLanguage":"pt-BR","@id":"https:\/\/www.suno.com.br\/noticias\/presidente-banco-central-justifica-estouro-meta-inflacao-2022\/#primaryimage","url":"https:\/\/files.sunoresearch.com.br\/n\/uploads\/2022\/03\/Campos-Neto.jpg","contentUrl":"https:\/\/files.sunoresearch.com.br\/n\/uploads\/2022\/03\/Campos-Neto.jpg","width":1200,"height":800,"caption":"PIB, juros e infla\u00e7\u00e3o: veja as avalia\u00e7\u00f5es de Campos Neto e de diretor do Banco Central do ano de 2023. Foto: Ag\u00eancia Brasil."},{"@type":"BreadcrumbList","@id":"https:\/\/www.suno.com.br\/noticias\/presidente-banco-central-justifica-estouro-meta-inflacao-2022\/#breadcrumb","itemListElement":[{"@type":"ListItem","position":1,"name":"Not\u00edcias","item":"https:\/\/www.suno.com.br\/noticias\/"},{"@type":"ListItem","position":2,"name":"Economia","item":"https:\/\/www.suno.com.br\/noticias\/economia\/"},{"@type":"ListItem","position":3,"name":"Em carta, presidente do Banco Central justifica estouro da meta de infla\u00e7\u00e3o em 2022"}]},{"@type":"WebSite","@id":"https:\/\/www.suno.com.br\/noticias\/#website","url":"https:\/\/www.suno.com.br\/noticias\/","name":"Suno Not\u00edcias","description":"Seu portal de informa\u00e7\u00e3o sobre o mundo dos investimentos","publisher":{"@id":"https:\/\/www.suno.com.br\/noticias\/#organization"},"potentialAction":[{"@type":"SearchAction","target":{"@type":"EntryPoint","urlTemplate":"https:\/\/www.suno.com.br\/noticias\/?s={search_term_string}"},"query-input":{"@type":"PropertyValueSpecification","valueRequired":true,"valueName":"search_term_string"}}],"inLanguage":"pt-BR"},{"@type":"Organization","@id":"https:\/\/www.suno.com.br\/noticias\/#organization","name":"Suno Not\u00edcias","url":"https:\/\/www.suno.com.br\/noticias\/","logo":{"@type":"ImageObject","inLanguage":"pt-BR","@id":"https:\/\/www.suno.com.br\/noticias\/#\/schema\/logo\/image\/","url":"https:\/\/files.sunoresearch.com.br\/n\/uploads\/2021\/09\/suno-logo.png","contentUrl":"https:\/\/files.sunoresearch.com.br\/n\/uploads\/2021\/09\/suno-logo.png","width":180,"height":180,"caption":"Suno Not\u00edcias"},"image":{"@id":"https:\/\/www.suno.com.br\/noticias\/#\/schema\/logo\/image\/"},"sameAs":["https:\/\/facebook.com\/sunoresearch","https:\/\/x.com\/sunoresearch","https:\/\/www.instagram.com\/suno","https:\/\/www.linkedin.com\/company\/suno-research\/","https:\/\/www.youtube.com\/c\/sunoresearch"]},{"@type":"Person","@id":"https:\/\/www.suno.com.br\/noticias\/#\/schema\/person\/d689f06da5678e1f0b1ee402f001d676","name":"Janize Cola\u00e7o","image":{"@type":"ImageObject","inLanguage":"pt-BR","@id":"https:\/\/www.suno.com.br\/noticias\/#\/schema\/person\/image\/","url":"https:\/\/secure.gravatar.com\/avatar\/32b3bf89abae63ca2cf961bc051522d0?s=96&r=g","contentUrl":"https:\/\/secure.gravatar.com\/avatar\/32b3bf89abae63ca2cf961bc051522d0?s=96&r=g","caption":"Janize Cola\u00e7o"},"description":"Jornalista formada pela PUC-SP com passagens pela Record TV, Globo Cond\u00e9 Nast, Revista Panrotas e Editora Via. Hoje, \u00e9 rep\u00f3rter no Suno Not\u00edcias, cobrindo pautas sobre mercado, pol\u00edtica, economia e bolsa de valores.","url":"https:\/\/www.suno.com.br\/noticias\/author\/janize-colaco\/"}]}},"default_loop_html":"<div class=\"cardsPage__listCard__boxs\"><div class=\"cardsPage__listCard__boxs__img\"><a href=\"https:\/\/www.suno.com.br\/noticias\/presidente-banco-central-justifica-estouro-meta-inflacao-2022\/\"><img class=\"mask\" src=\"https:\/\/www.suno.com.br\/noticias\/wp-content\/themes\/suno\/resources\/images\/spotlight\/spotlight1img\/bg-mask.png\" alt=\"Image Mask\"\/><img src=\"https:\/\/files.sunoresearch.com.br\/n\/uploads\/2022\/03\/Campos-Neto-400x200.jpg\" alt=\"Em carta, presidente do Banco Central justifica estouro da meta de infla\u00e7\u00e3o em 2022\"\/><\/a><span class=\"spotlightCategory\"><a href=\"https:\/\/www.suno.com.br\/noticias\/economia\/\">Economia<\/a><\/span><\/div><div class=\"cardsPage__listCard__boxs__content\"><a href=\"https:\/\/www.suno.com.br\/noticias\/presidente-banco-central-justifica-estouro-meta-inflacao-2022\/\"><h2 class=\"content__title\">Em carta, presidente do Banco Central justifica estouro da meta de infla\u00e7\u00e3o em 2022<\/h2><\/a><div class=\"newsContent__article__meta\"><div class=\"newsContent__article__meta__authorBox\"><a href=\"https:\/\/www.suno.com.br\/noticias\/author\/erick-nery\/\" class=\"authorBox__avatar noMobi\"><img src=\"https:\/\/secure.gravatar.com\/avatar\/518ddffe438ccb767782d372a66304d2?s=96&#038;r=g\" alt=\"Erick Matheus Nery\"><\/a><div class=\"authorBox__name\"><span>por\n\t\t\t<a href=\"https:\/\/www.suno.com.br\/noticias\/author\/erick-nery\/\"><span itemprop=\"author\">Erick Matheus Nery<\/span><\/a><\/span><time datetime=\"2023-01-10T19:28:43-03:00\" itemprop=\"datePublished\">10\/01\/2023 19:28<\/time><\/div><\/div><\/div><\/div><\/div>","single_layout":"posts","amp_enabled":true,"_links":{"self":[{"href":"https:\/\/www.suno.com.br\/noticias\/wp-json\/wp\/v2\/posts\/344341"}],"collection":[{"href":"https:\/\/www.suno.com.br\/noticias\/wp-json\/wp\/v2\/posts"}],"about":[{"href":"https:\/\/www.suno.com.br\/noticias\/wp-json\/wp\/v2\/types\/post"}],"author":[{"embeddable":true,"href":"https:\/\/www.suno.com.br\/noticias\/wp-json\/wp\/v2\/users\/233"}],"replies":[{"embeddable":true,"href":"https:\/\/www.suno.com.br\/noticias\/wp-json\/wp\/v2\/comments?post=344341"}],"version-history":[{"count":3,"href":"https:\/\/www.suno.com.br\/noticias\/wp-json\/wp\/v2\/posts\/344341\/revisions"}],"predecessor-version":[{"id":344430,"href":"https:\/\/www.suno.com.br\/noticias\/wp-json\/wp\/v2\/posts\/344341\/revisions\/344430"}],"wp:featuredmedia":[{"embeddable":true,"href":"https:\/\/www.suno.com.br\/noticias\/wp-json\/wp\/v2\/media\/242323"}],"wp:attachment":[{"href":"https:\/\/www.suno.com.br\/noticias\/wp-json\/wp\/v2\/media?parent=344341"}],"wp:term":[{"taxonomy":"category","embeddable":true,"href":"https:\/\/www.suno.com.br\/noticias\/wp-json\/wp\/v2\/categories?post=344341"},{"taxonomy":"post_tag","embeddable":true,"href":"https:\/\/www.suno.com.br\/noticias\/wp-json\/wp\/v2\/tags?post=344341"},{"taxonomy":"suno_strategy","embeddable":true,"href":"https:\/\/www.suno.com.br\/noticias\/wp-json\/wp\/v2\/suno_strategy?post=344341"}],"curies":[{"name":"wp","href":"https:\/\/api.w.org\/{rel}","templated":true}]}}