{"id":344200,"date":"2023-01-10T19:12:08","date_gmt":"2023-01-10T22:12:08","guid":{"rendered":"https:\/\/www.suno.com.br\/noticias\/?p=344200"},"modified":"2023-01-10T19:12:13","modified_gmt":"2023-01-10T22:12:13","slug":"moraes-prisao-anderson-torres-atos-antidemocrativos","status":"publish","type":"post","link":"https:\/\/www.suno.com.br\/noticias\/moraes-prisao-anderson-torres-atos-antidemocrativos\/","title":{"rendered":"Alexandre de Moraes determina pris\u00e3o de ex-secret\u00e1rio de seguran\u00e7a do DF ap\u00f3s atos de radicais"},"content":{"rendered":"<p>Ap\u00f3s <strong>atos antidemocr\u00e1ticos<\/strong> <a href=\"https:\/\/www.suno.com.br\/noticias\/bolsonaristas-manifestantes-invasao-congresso-nacional-palacio-planalto\/\" target=\"_blank\" rel=\"noreferrer noopener\">do \u00faltimo domingo<\/a>, o ministro Alexandre de Moraes, do Supremo Tribunal Federal (STF), determinou hoje (10) a pris\u00e3o do ex-secret\u00e1rio de Seguran\u00e7a P\u00fablica do Distrito Federal e ex-ministro da Justi\u00e7a, Anderson Torres. Tamb\u00e9m foi decretada a pris\u00e3o do comandante da Pol\u00edcia Militar do Distrito Federal, coronel F\u00e1bio Augusto Vieira, respons\u00e1vel pela tropa que atuou durante os ataques.<\/p>\t<div class=\"wrapper-featured-image\">\n\t\t<figure class=\"spotlightImg\">\n\n\t\t\t<picture>\n\t\t\t\t<source media=\"(max-width: 768px)\" srcset=\"https:\/\/files.sunoresearch.com.br\/n\/uploads\/2022\/11\/Alexandre-de-Moraes-STF-400x200.jpg\">\n\t\t\t\t<img loading=\"lazy\" decoding=\"async\" class=\"newsContent__article__imgCapa lazyloadDisabled \" src=\"https:\/\/files.sunoresearch.com.br\/n\/uploads\/2022\/11\/Alexandre-de-Moraes-STF-800x450.jpg\" width=\"800\" height=\"450\" alt=\"Alexandre de Moraes determina pris\u00e3o de ex-secret\u00e1rio de seguran\u00e7a do DF ap\u00f3s atos de radicais\" fetchpriority=high \/>\n\t\t\t<\/picture>\n\n\t\t\t<figcaption class=\"wp-caption-text wp-caption-text--show\">Lei Magnitsky. Foto: Fabio Rodrigues Pozzebom\/Ag\u00eancia Brasil<\/figcaption>\n\t\t<\/figure>\n\t<\/div>\n\n\n\n\n\n\t<p>\n\t\t<a href=\"\" target=\"_blank\" data-element=\"shortcode-suno-banner\" title=\"Banner SUNO, clique e saiba mais\">\n\t\t\t<picture>\n\t\t\t\t<source media=\"(max-width: 500px)\" srcset=\"\">\n\t\t\t\t<img class=\"newsContent__article__imgCapa newsContent__article__imgCapa--banner\"\n\t\t\t\t\tsrc=\"\"\n\t\t\t\t\tdata-promo-id=\"89005\"\t\t\t\t\t\t\t\t\t\t\t\t\t\t\talt=\"\"\n\t\t\t\t>\n\t\t\t<\/picture>\n\t\t<\/a>\n\t<\/p>\n\n\n\n\n\n<p>Nesta ter\u00e7a-feira, a Pol\u00edcia Federal cumpre busca e apreens\u00e3o na resid\u00eancia Anderson Torres em Bras\u00edlia. No entanto, o ex-ministro da Justi\u00e7a est\u00e1 nos Estados Unidos, em uma viagem com sua fam\u00edlia. <\/p>\n\n\n\n<p>De acordo com o parecer de Moraes, Torres foi um dos respons\u00e1veis pelas falhas no esquema de seguran\u00e7a que resultou nos atos antidemocr\u00e1ticos com a<strong> invas\u00e3o dos Tr\u00eas<\/strong> Poderes no \u00faltimo domingo. Ainda na noite dos ataques, a Advocacia-Geral da Uni\u00e3o (AGU) pediu a pris\u00e3o do ex-ministro da Justi\u00e7a por omiss\u00e3o na repress\u00e3o aos ataques.<\/p>\n\n\n\t<p>\n\t\t<a href=\"https:\/\/lp.suno.com.br\/planilha-controle-gastos\/\" target=\"_blank\" data-element=\"shortcode-suno-banner\" title=\"Banner SUNO, clique e saiba mais\">\n\t\t\t<picture>\n\t\t\t\t<source media=\"(max-width: 500px)\" srcset=\"https:\/\/files.sunoresearch.com.br\/n\/uploads\/2023\/03\/400x300-Planilha-controle-de-gastos.png\">\n\t\t\t\t<img class=\"newsContent__article__imgCapa newsContent__article__imgCapa--banner\"\n\t\t\t\t\tsrc=\"https:\/\/files.sunoresearch.com.br\/n\/uploads\/2023\/03\/1420x240-Planilha-controle-de-gastos.png\"\n\t\t\t\t\tdata-promo-id=\"101751\"\t\t\t\t\t\t\t\t\t\twidth='1420' height='240'\t\t\t\t\talt=\"https:\/\/files.sunoresearch.com.br\/n\/uploads\/2023\/03\/1420x240-Planilha-controle-de-gastos.png\"\n\t\t\t\t>\n\t\t\t<\/picture>\n\t\t<\/a>\n\t<\/p>\n\n\n\n\n\n<p>Em rela\u00e7\u00e3o a F\u00e1bio Augusto Vieira, ele j\u00e1 n\u00e3o est\u00e1 mais no comando da Pol\u00edcia militar. Ontem (9) o coronel foi exonerado pelo interventor nomeado para a Secretaria de Seguran\u00e7a P\u00fablica do Distrito Federal. O fato ocorreu ap\u00f3s o presidente Lula decretar interven\u00e7\u00e3o federal na seguran\u00e7a p\u00fablica do DF e o afastamento do governador Ibaneis Rocha pelo prazo de 90 dias, determinado pelo ministro.<\/p>\n\n\n\n\t<div data-element=\"shortcode-read-more\" class=\"readToo\">\n\t\t\t\t<span class=\"readToo__title\">Leia mais<\/span>\n\t\t\t\t<ul class=\"readToo__list\">\n\t\t\t<li><a href=\"https:\/\/www.suno.com.br\/noticias\/lula-primeiras-medidas-economicas-decisao\/\">Lula bate o martelo e determina divulga\u00e7\u00f5es das primeiras medidas econ\u00f4micas ainda nesta semana<\/a><\/li><li><a href=\"https:\/\/www.suno.com.br\/noticias\/lula-se-reune-com-governadores-apos-atos-de-extremistas-vandalos-queriam-golpe-e-golpe-nao-vai-ter\/\">Lula se re\u00fane com governadores ap\u00f3s atos de extremistas: &#8220;V\u00e2ndalos queriam golpe &#8211; e golpe n\u00e3o vai ter&#8221;<\/a><\/li><li><a href=\"https:\/\/www.suno.com.br\/noticias\/dino-balanco-atos-terroristas-1500-detidos\/\">Dino faz balan\u00e7o dos atos terroristas e cita 1500 detidos<\/a><\/li>\t\t<\/ul>\n\t<\/div>\n\n\n\n\n<h2 class=\"wp-block-heading\" id=\"h-alckmin-democracia-sai-fortalecida-apos-atos-antidemocraticos\">Alckmin: &#8220;democracia sai fortalecida ap\u00f3s atos antidemocr\u00e1ticos&#8221;<\/h2>\n\n\n\n<p>O vice-presidente da Rep\u00fablica, Geraldo Alckmin, disse hoje que a democracia brasileira sai fortalecida ap\u00f3s as respostas r\u00e1pidas dadas pelo pa\u00eds aos <strong>atos antidemocr\u00e1ticos em Bras\u00edlia<\/strong>. Alckmin, que tamb\u00e9m \u00e9 ministro do Desenvolvimento, Ind\u00fastria, Com\u00e9rcio e Servi\u00e7os, deu a declara\u00e7\u00e3o ap\u00f3s a cerim\u00f4nia de posse da nova diretoria da ApexBrasil.<img decoding=\"async\" src=\"https:\/\/agenciabrasil.ebc.com.br\/ebc.png?id=1503319&amp;o=rss\"><img decoding=\"async\" src=\"https:\/\/agenciabrasil.ebc.com.br\/ebc.gif?id=1503319&amp;o=rss\"><\/p>\n\n\n\t<p>\n\t\t<a href=\"https:\/\/lp.suno.com.br\/planilha-da-vida-financeira\/\" target=\"_blank\" data-element=\"shortcode-suno-banner\" title=\"Banner SUNO, clique e saiba mais\">\n\t\t\t<picture>\n\t\t\t\t<source media=\"(max-width: 500px)\" srcset=\"https:\/\/files.sunoresearch.com.br\/n\/uploads\/2023\/04\/400x300-Planilha-vida-financeira-true.png\">\n\t\t\t\t<img class=\"newsContent__article__imgCapa newsContent__article__imgCapa--banner\"\n\t\t\t\t\tsrc=\"https:\/\/files.sunoresearch.com.br\/n\/uploads\/2023\/04\/1420x240-Planilha-vida-financeira-true.png\"\n\t\t\t\t\tdata-promo-id=\"106682\"\t\t\t\t\t\t\t\t\t\twidth='1420' height='240'\t\t\t\t\talt=\"https:\/\/files.sunoresearch.com.br\/n\/uploads\/2023\/04\/1420x240-Planilha-vida-financeira-true.png\"\n\t\t\t\t>\n\t\t\t<\/picture>\n\t\t<\/a>\n\t<\/p>\n\n\n\n\n\n<p>\u201cA resposta foi extremamente r\u00e1pida e j\u00e1 foi feita a interven\u00e7\u00e3o na seguran\u00e7a p\u00fablica do Distrito Federal. H\u00e1 poucos casos de acampamentos. Os que existiam foram desmobilizados. Acho que a democracia sai fortalecida desse epis\u00f3dio\u201d, disse.<\/p>\n\n\n\n<p>Alckmin tamb\u00e9m que  <strong>atos antidemocr\u00e1ticos<\/strong> acabaram por unir os Tr\u00eas Poderes e as unidades federativas na defesa da democracia.<\/p>\n\n\n\n<p><em>Com informa\u00e7\u00f5es da Ag\u00eancia Brasil<\/em><\/p>\n\n\n\t<p>\n\t\t<a href=\"https:\/\/lp.suno.com.br\/planilha-de-controle-de-investimentos\/\" target=\"_blank\" data-element=\"shortcode-suno-banner\" title=\"Banner SUNO, clique e saiba mais\">\n\t\t\t<picture>\n\t\t\t\t<source media=\"(max-width: 500px)\" srcset=\"https:\/\/files.sunoresearch.com.br\/n\/uploads\/2023\/03\/400x300-Controle-de-Investimentos.png\">\n\t\t\t\t<img class=\"newsContent__article__imgCapa newsContent__article__imgCapa--banner\"\n\t\t\t\t\tsrc=\"https:\/\/files.sunoresearch.com.br\/n\/uploads\/2023\/03\/1420x240-Controle-de-Investimentos.png\"\n\t\t\t\t\tdata-promo-id=\"75934\"\t\t\t\t\t\t\t\t\t\twidth='1420' height='240'\t\t\t\t\talt=\"https:\/\/files.sunoresearch.com.br\/n\/uploads\/2023\/03\/1420x240-Controle-de-Investimentos.png\"\n\t\t\t\t>\n\t\t\t<\/picture>\n\t\t<\/a>\n\t<\/p>\n\n\n","protected":false},"excerpt":{"rendered":"<p>Ap\u00f3s atos antidemocr\u00e1ticos do \u00faltimo domingo, o ministro Alexandre de Moraes, do Supremo Tribunal Federal (STF), determinou hoje (10) a pris\u00e3o do ex-secret\u00e1rio de Seguran\u00e7a P\u00fablica do Distrito Federal e ex-ministro da Justi\u00e7a, Anderson Torres. Tamb\u00e9m foi decretada a pris\u00e3o do comandante da Pol\u00edcia Militar do Distrito Federal, coronel F\u00e1bio Augusto Vieira, respons\u00e1vel pela tropa [&hellip;]<\/p>\n","protected":false},"author":233,"featured_media":322920,"comment_status":"closed","ping_status":"closed","sticky":false,"template":"","format":"standard","meta":[],"categories":[61],"tags":[],"suno_strategy":[],"class_list":["post-344200","post","type-post","status-publish","format-standard","has-post-thumbnail","hentry","category-politica"],"yoast_head":"<!-- This site is optimized with the Yoast SEO plugin v24.4 - https:\/\/yoast.com\/wordpress\/plugins\/seo\/ -->\n<title>Moraes determina pris\u00e3o de Anderson Torres ap\u00f3s atos antidemocr\u00e1ticos<\/title>\n<meta name=\"description\" content=\"Ap\u00f3s atos antidemocr\u00e1ticos, Alexandre de Moraes determinou hoje (10) a pris\u00e3o de, Anderson Torres. Confira!\" \/>\n<meta name=\"robots\" content=\"index, follow, max-snippet:-1, max-image-preview:large, max-video-preview:-1\" \/>\n<link rel=\"canonical\" href=\"https:\/\/www.suno.com.br\/noticias\/moraes-prisao-anderson-torres-atos-antidemocrativos\/\" \/>\n<meta property=\"og:locale\" content=\"pt_BR\" \/>\n<meta property=\"og:type\" content=\"article\" \/>\n<meta property=\"og:title\" content=\"Moraes determina pris\u00e3o de Anderson Torres ap\u00f3s atos antidemocr\u00e1ticos\" \/>\n<meta property=\"og:description\" content=\"Ap\u00f3s atos antidemocr\u00e1ticos, Alexandre de Moraes determinou hoje (10) a pris\u00e3o de, Anderson Torres. Confira!\" \/>\n<meta property=\"og:url\" content=\"https:\/\/www.suno.com.br\/noticias\/moraes-prisao-anderson-torres-atos-antidemocrativos\/\" \/>\n<meta property=\"og:site_name\" content=\"Suno Not\u00edcias\" \/>\n<meta property=\"article:publisher\" content=\"https:\/\/facebook.com\/sunoresearch\" \/>\n<meta property=\"og:image\" content=\"https:\/\/files.sunoresearch.com.br\/n\/uploads\/2022\/11\/Alexandre-de-Moraes-STF-scaled.jpg\" \/>\n\t<meta property=\"og:image:width\" content=\"2560\" \/>\n\t<meta property=\"og:image:height\" content=\"1707\" \/>\n\t<meta property=\"og:image:type\" content=\"image\/jpeg\" \/>\n<meta name=\"author\" content=\"Janize Cola\u00e7o\" \/>\n<meta name=\"twitter:card\" content=\"summary_large_image\" \/>\n<meta name=\"twitter:creator\" content=\"@sunoresearch\" \/>\n<meta name=\"twitter:site\" content=\"@sunoresearch\" \/>\n<meta name=\"twitter:label1\" content=\"Escrito por\" \/>\n\t<meta name=\"twitter:data1\" content=\"Janize Cola\u00e7o\" \/>\n\t<meta name=\"twitter:label2\" content=\"Est. tempo de leitura\" \/>\n\t<meta name=\"twitter:data2\" content=\"3 minutos\" \/>\n<script type=\"application\/ld+json\" class=\"yoast-schema-graph\">{\"@context\":\"https:\/\/schema.org\",\"@graph\":[{\"@type\":\"NewsArticle\",\"@id\":\"https:\/\/www.suno.com.br\/noticias\/moraes-prisao-anderson-torres-atos-antidemocrativos\/#article\",\"isPartOf\":{\"@id\":\"https:\/\/www.suno.com.br\/noticias\/moraes-prisao-anderson-torres-atos-antidemocrativos\/\"},\"author\":{\"name\":\"Janize Cola\u00e7o\",\"@id\":\"https:\/\/www.suno.com.br\/noticias\/#\/schema\/person\/d689f06da5678e1f0b1ee402f001d676\"},\"headline\":\"Alexandre de Moraes determina pris\u00e3o de ex-secret\u00e1rio de seguran\u00e7a do DF ap\u00f3s atos de radicais\",\"datePublished\":\"2023-01-10T22:12:08+00:00\",\"dateModified\":\"2023-01-10T22:12:13+00:00\",\"mainEntityOfPage\":{\"@id\":\"https:\/\/www.suno.com.br\/noticias\/moraes-prisao-anderson-torres-atos-antidemocrativos\/\"},\"wordCount\":418,\"publisher\":{\"@id\":\"https:\/\/www.suno.com.br\/noticias\/#organization\"},\"image\":{\"@id\":\"https:\/\/www.suno.com.br\/noticias\/moraes-prisao-anderson-torres-atos-antidemocrativos\/#primaryimage\"},\"thumbnailUrl\":\"https:\/\/files.sunoresearch.com.br\/n\/uploads\/2022\/11\/Alexandre-de-Moraes-STF-scaled.jpg\",\"articleSection\":[\"Pol\u00edtica\"],\"inLanguage\":\"pt-BR\"},{\"@type\":\"WebPage\",\"@id\":\"https:\/\/www.suno.com.br\/noticias\/moraes-prisao-anderson-torres-atos-antidemocrativos\/\",\"url\":\"https:\/\/www.suno.com.br\/noticias\/moraes-prisao-anderson-torres-atos-antidemocrativos\/\",\"name\":\"Moraes determina pris\u00e3o de Anderson Torres ap\u00f3s atos antidemocr\u00e1ticos\",\"isPartOf\":{\"@id\":\"https:\/\/www.suno.com.br\/noticias\/#website\"},\"primaryImageOfPage\":{\"@id\":\"https:\/\/www.suno.com.br\/noticias\/moraes-prisao-anderson-torres-atos-antidemocrativos\/#primaryimage\"},\"image\":{\"@id\":\"https:\/\/www.suno.com.br\/noticias\/moraes-prisao-anderson-torres-atos-antidemocrativos\/#primaryimage\"},\"thumbnailUrl\":\"https:\/\/files.sunoresearch.com.br\/n\/uploads\/2022\/11\/Alexandre-de-Moraes-STF-scaled.jpg\",\"datePublished\":\"2023-01-10T22:12:08+00:00\",\"dateModified\":\"2023-01-10T22:12:13+00:00\",\"description\":\"Ap\u00f3s atos antidemocr\u00e1ticos, Alexandre de Moraes determinou hoje (10) a pris\u00e3o de, Anderson Torres. Confira!\",\"breadcrumb\":{\"@id\":\"https:\/\/www.suno.com.br\/noticias\/moraes-prisao-anderson-torres-atos-antidemocrativos\/#breadcrumb\"},\"inLanguage\":\"pt-BR\",\"potentialAction\":[{\"@type\":\"ReadAction\",\"target\":[\"https:\/\/www.suno.com.br\/noticias\/moraes-prisao-anderson-torres-atos-antidemocrativos\/\"]}]},{\"@type\":\"ImageObject\",\"inLanguage\":\"pt-BR\",\"@id\":\"https:\/\/www.suno.com.br\/noticias\/moraes-prisao-anderson-torres-atos-antidemocrativos\/#primaryimage\",\"url\":\"https:\/\/files.sunoresearch.com.br\/n\/uploads\/2022\/11\/Alexandre-de-Moraes-STF-scaled.jpg\",\"contentUrl\":\"https:\/\/files.sunoresearch.com.br\/n\/uploads\/2022\/11\/Alexandre-de-Moraes-STF-scaled.jpg\",\"width\":2560,\"height\":1707,\"caption\":\"Lei Magnitsky. Foto: Fabio Rodrigues Pozzebom\/Ag\u00eancia Brasil\"},{\"@type\":\"BreadcrumbList\",\"@id\":\"https:\/\/www.suno.com.br\/noticias\/moraes-prisao-anderson-torres-atos-antidemocrativos\/#breadcrumb\",\"itemListElement\":[{\"@type\":\"ListItem\",\"position\":1,\"name\":\"Not\u00edcias\",\"item\":\"https:\/\/www.suno.com.br\/noticias\/\"},{\"@type\":\"ListItem\",\"position\":2,\"name\":\"Pol\u00edtica\",\"item\":\"https:\/\/www.suno.com.br\/noticias\/politica\/\"},{\"@type\":\"ListItem\",\"position\":3,\"name\":\"Alexandre de Moraes determina pris\u00e3o de ex-secret\u00e1rio de seguran\u00e7a do DF ap\u00f3s atos de radicais\"}]},{\"@type\":\"WebSite\",\"@id\":\"https:\/\/www.suno.com.br\/noticias\/#website\",\"url\":\"https:\/\/www.suno.com.br\/noticias\/\",\"name\":\"Suno Not\u00edcias\",\"description\":\"Seu portal de informa\u00e7\u00e3o sobre o mundo dos investimentos\",\"publisher\":{\"@id\":\"https:\/\/www.suno.com.br\/noticias\/#organization\"},\"potentialAction\":[{\"@type\":\"SearchAction\",\"target\":{\"@type\":\"EntryPoint\",\"urlTemplate\":\"https:\/\/www.suno.com.br\/noticias\/?s={search_term_string}\"},\"query-input\":{\"@type\":\"PropertyValueSpecification\",\"valueRequired\":true,\"valueName\":\"search_term_string\"}}],\"inLanguage\":\"pt-BR\"},{\"@type\":\"Organization\",\"@id\":\"https:\/\/www.suno.com.br\/noticias\/#organization\",\"name\":\"Suno Not\u00edcias\",\"url\":\"https:\/\/www.suno.com.br\/noticias\/\",\"logo\":{\"@type\":\"ImageObject\",\"inLanguage\":\"pt-BR\",\"@id\":\"https:\/\/www.suno.com.br\/noticias\/#\/schema\/logo\/image\/\",\"url\":\"https:\/\/files.sunoresearch.com.br\/n\/uploads\/2021\/09\/suno-logo.png\",\"contentUrl\":\"https:\/\/files.sunoresearch.com.br\/n\/uploads\/2021\/09\/suno-logo.png\",\"width\":180,\"height\":180,\"caption\":\"Suno Not\u00edcias\"},\"image\":{\"@id\":\"https:\/\/www.suno.com.br\/noticias\/#\/schema\/logo\/image\/\"},\"sameAs\":[\"https:\/\/facebook.com\/sunoresearch\",\"https:\/\/x.com\/sunoresearch\",\"https:\/\/www.instagram.com\/suno\",\"https:\/\/www.linkedin.com\/company\/suno-research\/\",\"https:\/\/www.youtube.com\/c\/sunoresearch\"]},{\"@type\":\"Person\",\"@id\":\"https:\/\/www.suno.com.br\/noticias\/#\/schema\/person\/d689f06da5678e1f0b1ee402f001d676\",\"name\":\"Janize Cola\u00e7o\",\"image\":{\"@type\":\"ImageObject\",\"inLanguage\":\"pt-BR\",\"@id\":\"https:\/\/www.suno.com.br\/noticias\/#\/schema\/person\/image\/\",\"url\":\"https:\/\/secure.gravatar.com\/avatar\/32b3bf89abae63ca2cf961bc051522d0?s=96&r=g\",\"contentUrl\":\"https:\/\/secure.gravatar.com\/avatar\/32b3bf89abae63ca2cf961bc051522d0?s=96&r=g\",\"caption\":\"Janize Cola\u00e7o\"},\"description\":\"Jornalista formada pela PUC-SP com passagens pela Record TV, Globo Cond\u00e9 Nast, Revista Panrotas e Editora Via. Hoje, \u00e9 rep\u00f3rter no Suno Not\u00edcias, cobrindo pautas sobre mercado, pol\u00edtica, economia e bolsa de valores.\",\"url\":\"https:\/\/www.suno.com.br\/noticias\/author\/janize-colaco\/\"}]}<\/script>\n<!-- \/ Yoast SEO plugin. -->","yoast_head_json":{"title":"Moraes determina pris\u00e3o de Anderson Torres ap\u00f3s atos antidemocr\u00e1ticos","description":"Ap\u00f3s atos antidemocr\u00e1ticos, Alexandre de Moraes determinou hoje (10) a pris\u00e3o de, Anderson Torres. Confira!","robots":{"index":"index","follow":"follow","max-snippet":"max-snippet:-1","max-image-preview":"max-image-preview:large","max-video-preview":"max-video-preview:-1"},"canonical":"https:\/\/www.suno.com.br\/noticias\/moraes-prisao-anderson-torres-atos-antidemocrativos\/","og_locale":"pt_BR","og_type":"article","og_title":"Moraes determina pris\u00e3o de Anderson Torres ap\u00f3s atos antidemocr\u00e1ticos","og_description":"Ap\u00f3s atos antidemocr\u00e1ticos, Alexandre de Moraes determinou hoje (10) a pris\u00e3o de, Anderson Torres. Confira!","og_url":"https:\/\/www.suno.com.br\/noticias\/moraes-prisao-anderson-torres-atos-antidemocrativos\/","og_site_name":"Suno Not\u00edcias","article_publisher":"https:\/\/facebook.com\/sunoresearch","og_image":[{"width":2560,"height":1707,"url":"https:\/\/files.sunoresearch.com.br\/n\/uploads\/2022\/11\/Alexandre-de-Moraes-STF-scaled.jpg","type":"image\/jpeg"}],"author":"Janize Cola\u00e7o","twitter_card":"summary_large_image","twitter_creator":"@sunoresearch","twitter_site":"@sunoresearch","twitter_misc":{"Escrito por":"Janize Cola\u00e7o","Est. tempo de leitura":"3 minutos"},"schema":{"@context":"https:\/\/schema.org","@graph":[{"@type":"NewsArticle","@id":"https:\/\/www.suno.com.br\/noticias\/moraes-prisao-anderson-torres-atos-antidemocrativos\/#article","isPartOf":{"@id":"https:\/\/www.suno.com.br\/noticias\/moraes-prisao-anderson-torres-atos-antidemocrativos\/"},"author":{"name":"Janize Cola\u00e7o","@id":"https:\/\/www.suno.com.br\/noticias\/#\/schema\/person\/d689f06da5678e1f0b1ee402f001d676"},"headline":"Alexandre de Moraes determina pris\u00e3o de ex-secret\u00e1rio de seguran\u00e7a do DF ap\u00f3s atos de radicais","datePublished":"2023-01-10T22:12:08+00:00","dateModified":"2023-01-10T22:12:13+00:00","mainEntityOfPage":{"@id":"https:\/\/www.suno.com.br\/noticias\/moraes-prisao-anderson-torres-atos-antidemocrativos\/"},"wordCount":418,"publisher":{"@id":"https:\/\/www.suno.com.br\/noticias\/#organization"},"image":{"@id":"https:\/\/www.suno.com.br\/noticias\/moraes-prisao-anderson-torres-atos-antidemocrativos\/#primaryimage"},"thumbnailUrl":"https:\/\/files.sunoresearch.com.br\/n\/uploads\/2022\/11\/Alexandre-de-Moraes-STF-scaled.jpg","articleSection":["Pol\u00edtica"],"inLanguage":"pt-BR"},{"@type":"WebPage","@id":"https:\/\/www.suno.com.br\/noticias\/moraes-prisao-anderson-torres-atos-antidemocrativos\/","url":"https:\/\/www.suno.com.br\/noticias\/moraes-prisao-anderson-torres-atos-antidemocrativos\/","name":"Moraes determina pris\u00e3o de Anderson Torres ap\u00f3s atos antidemocr\u00e1ticos","isPartOf":{"@id":"https:\/\/www.suno.com.br\/noticias\/#website"},"primaryImageOfPage":{"@id":"https:\/\/www.suno.com.br\/noticias\/moraes-prisao-anderson-torres-atos-antidemocrativos\/#primaryimage"},"image":{"@id":"https:\/\/www.suno.com.br\/noticias\/moraes-prisao-anderson-torres-atos-antidemocrativos\/#primaryimage"},"thumbnailUrl":"https:\/\/files.sunoresearch.com.br\/n\/uploads\/2022\/11\/Alexandre-de-Moraes-STF-scaled.jpg","datePublished":"2023-01-10T22:12:08+00:00","dateModified":"2023-01-10T22:12:13+00:00","description":"Ap\u00f3s atos antidemocr\u00e1ticos, Alexandre de Moraes determinou hoje (10) a pris\u00e3o de, Anderson Torres. Confira!","breadcrumb":{"@id":"https:\/\/www.suno.com.br\/noticias\/moraes-prisao-anderson-torres-atos-antidemocrativos\/#breadcrumb"},"inLanguage":"pt-BR","potentialAction":[{"@type":"ReadAction","target":["https:\/\/www.suno.com.br\/noticias\/moraes-prisao-anderson-torres-atos-antidemocrativos\/"]}]},{"@type":"ImageObject","inLanguage":"pt-BR","@id":"https:\/\/www.suno.com.br\/noticias\/moraes-prisao-anderson-torres-atos-antidemocrativos\/#primaryimage","url":"https:\/\/files.sunoresearch.com.br\/n\/uploads\/2022\/11\/Alexandre-de-Moraes-STF-scaled.jpg","contentUrl":"https:\/\/files.sunoresearch.com.br\/n\/uploads\/2022\/11\/Alexandre-de-Moraes-STF-scaled.jpg","width":2560,"height":1707,"caption":"Lei Magnitsky. Foto: Fabio Rodrigues Pozzebom\/Ag\u00eancia Brasil"},{"@type":"BreadcrumbList","@id":"https:\/\/www.suno.com.br\/noticias\/moraes-prisao-anderson-torres-atos-antidemocrativos\/#breadcrumb","itemListElement":[{"@type":"ListItem","position":1,"name":"Not\u00edcias","item":"https:\/\/www.suno.com.br\/noticias\/"},{"@type":"ListItem","position":2,"name":"Pol\u00edtica","item":"https:\/\/www.suno.com.br\/noticias\/politica\/"},{"@type":"ListItem","position":3,"name":"Alexandre de Moraes determina pris\u00e3o de ex-secret\u00e1rio de seguran\u00e7a do DF ap\u00f3s atos de radicais"}]},{"@type":"WebSite","@id":"https:\/\/www.suno.com.br\/noticias\/#website","url":"https:\/\/www.suno.com.br\/noticias\/","name":"Suno Not\u00edcias","description":"Seu portal de informa\u00e7\u00e3o sobre o mundo dos investimentos","publisher":{"@id":"https:\/\/www.suno.com.br\/noticias\/#organization"},"potentialAction":[{"@type":"SearchAction","target":{"@type":"EntryPoint","urlTemplate":"https:\/\/www.suno.com.br\/noticias\/?s={search_term_string}"},"query-input":{"@type":"PropertyValueSpecification","valueRequired":true,"valueName":"search_term_string"}}],"inLanguage":"pt-BR"},{"@type":"Organization","@id":"https:\/\/www.suno.com.br\/noticias\/#organization","name":"Suno Not\u00edcias","url":"https:\/\/www.suno.com.br\/noticias\/","logo":{"@type":"ImageObject","inLanguage":"pt-BR","@id":"https:\/\/www.suno.com.br\/noticias\/#\/schema\/logo\/image\/","url":"https:\/\/files.sunoresearch.com.br\/n\/uploads\/2021\/09\/suno-logo.png","contentUrl":"https:\/\/files.sunoresearch.com.br\/n\/uploads\/2021\/09\/suno-logo.png","width":180,"height":180,"caption":"Suno Not\u00edcias"},"image":{"@id":"https:\/\/www.suno.com.br\/noticias\/#\/schema\/logo\/image\/"},"sameAs":["https:\/\/facebook.com\/sunoresearch","https:\/\/x.com\/sunoresearch","https:\/\/www.instagram.com\/suno","https:\/\/www.linkedin.com\/company\/suno-research\/","https:\/\/www.youtube.com\/c\/sunoresearch"]},{"@type":"Person","@id":"https:\/\/www.suno.com.br\/noticias\/#\/schema\/person\/d689f06da5678e1f0b1ee402f001d676","name":"Janize Cola\u00e7o","image":{"@type":"ImageObject","inLanguage":"pt-BR","@id":"https:\/\/www.suno.com.br\/noticias\/#\/schema\/person\/image\/","url":"https:\/\/secure.gravatar.com\/avatar\/32b3bf89abae63ca2cf961bc051522d0?s=96&r=g","contentUrl":"https:\/\/secure.gravatar.com\/avatar\/32b3bf89abae63ca2cf961bc051522d0?s=96&r=g","caption":"Janize Cola\u00e7o"},"description":"Jornalista formada pela PUC-SP com passagens pela Record TV, Globo Cond\u00e9 Nast, Revista Panrotas e Editora Via. Hoje, \u00e9 rep\u00f3rter no Suno Not\u00edcias, cobrindo pautas sobre mercado, pol\u00edtica, economia e bolsa de valores.","url":"https:\/\/www.suno.com.br\/noticias\/author\/janize-colaco\/"}]}},"default_loop_html":"<div class=\"cardsPage__listCard__boxs\"><div class=\"cardsPage__listCard__boxs__img\"><a href=\"https:\/\/www.suno.com.br\/noticias\/moraes-prisao-anderson-torres-atos-antidemocrativos\/\"><img class=\"mask\" src=\"https:\/\/www.suno.com.br\/noticias\/wp-content\/themes\/suno\/resources\/images\/spotlight\/spotlight1img\/bg-mask.png\" alt=\"Image Mask\"\/><img src=\"https:\/\/files.sunoresearch.com.br\/n\/uploads\/2022\/11\/Alexandre-de-Moraes-STF-400x200.jpg\" alt=\"Alexandre de Moraes determina pris\u00e3o de ex-secret\u00e1rio de seguran\u00e7a do DF ap\u00f3s atos de radicais\"\/><\/a><span class=\"spotlightCategory\"><a href=\"https:\/\/www.suno.com.br\/noticias\/politica\/\">Pol\u00edtica<\/a><\/span><\/div><div class=\"cardsPage__listCard__boxs__content\"><a href=\"https:\/\/www.suno.com.br\/noticias\/moraes-prisao-anderson-torres-atos-antidemocrativos\/\"><h2 class=\"content__title\">Alexandre de Moraes determina pris\u00e3o de ex-secret\u00e1rio de seguran\u00e7a do DF ap\u00f3s atos de radicais<\/h2><\/a><div class=\"newsContent__article__meta\"><div class=\"newsContent__article__meta__authorBox\"><a href=\"https:\/\/www.suno.com.br\/noticias\/author\/janize-colaco\/\" class=\"authorBox__avatar noMobi\"><img src=\"https:\/\/files.sunoresearch.com.br\/n\/uploads\/2022\/11\/20221120_111807-1-150x150.jpg\" alt=\"Janize Cola\u00e7o\"><\/a><div class=\"authorBox__name\"><span>por\n\t\t\t<a href=\"https:\/\/www.suno.com.br\/noticias\/author\/janize-colaco\/\"><span itemprop=\"author\">Janize Cola\u00e7o<\/span><\/a><\/span><time datetime=\"2023-01-10T19:12:08-03:00\" itemprop=\"datePublished\">10\/01\/2023 19:12<\/time><\/div><\/div><\/div><\/div><\/div>","single_layout":"posts","amp_enabled":true,"_links":{"self":[{"href":"https:\/\/www.suno.com.br\/noticias\/wp-json\/wp\/v2\/posts\/344200"}],"collection":[{"href":"https:\/\/www.suno.com.br\/noticias\/wp-json\/wp\/v2\/posts"}],"about":[{"href":"https:\/\/www.suno.com.br\/noticias\/wp-json\/wp\/v2\/types\/post"}],"author":[{"embeddable":true,"href":"https:\/\/www.suno.com.br\/noticias\/wp-json\/wp\/v2\/users\/233"}],"replies":[{"embeddable":true,"href":"https:\/\/www.suno.com.br\/noticias\/wp-json\/wp\/v2\/comments?post=344200"}],"version-history":[{"count":2,"href":"https:\/\/www.suno.com.br\/noticias\/wp-json\/wp\/v2\/posts\/344200\/revisions"}],"predecessor-version":[{"id":344345,"href":"https:\/\/www.suno.com.br\/noticias\/wp-json\/wp\/v2\/posts\/344200\/revisions\/344345"}],"wp:featuredmedia":[{"embeddable":true,"href":"https:\/\/www.suno.com.br\/noticias\/wp-json\/wp\/v2\/media\/322920"}],"wp:attachment":[{"href":"https:\/\/www.suno.com.br\/noticias\/wp-json\/wp\/v2\/media?parent=344200"}],"wp:term":[{"taxonomy":"category","embeddable":true,"href":"https:\/\/www.suno.com.br\/noticias\/wp-json\/wp\/v2\/categories?post=344200"},{"taxonomy":"post_tag","embeddable":true,"href":"https:\/\/www.suno.com.br\/noticias\/wp-json\/wp\/v2\/tags?post=344200"},{"taxonomy":"suno_strategy","embeddable":true,"href":"https:\/\/www.suno.com.br\/noticias\/wp-json\/wp\/v2\/suno_strategy?post=344200"}],"curies":[{"name":"wp","href":"https:\/\/api.w.org\/{rel}","templated":true}]}}