{"id":34420,"date":"2019-08-16T19:58:54","date_gmt":"2019-08-16T22:58:54","guid":{"rendered":"https:\/\/www.suno.com.br\/noticias\/?p=34420"},"modified":"2019-08-16T19:58:54","modified_gmt":"2019-08-16T22:58:54","slug":"gafisa-retomar-lancamentos-presidente","status":"publish","type":"post","link":"https:\/\/www.suno.com.br\/noticias\/gafisa-retomar-lancamentos-presidente\/","title":{"rendered":"Lan\u00e7amentos da Gafisa v\u00e3o retomar at\u00e9 in\u00edcio de 2020, diz presidente"},"content":{"rendered":"<p>O presidente da Gafisa (GFSA3), Roberto Portella, informou que os lan\u00e7amentos da empreiteira v\u00e3o recome\u00e7ar no final de 2019 ou no in\u00edcio de 2020. O executivo conversou em teleconfer\u00eancia com analistas e investidores nesta sexta-feira (16).<\/p>\t<div class=\"wrapper-featured-image\">\n\t\t<figure class=\"spotlightImg\">\n\n\t\t\t<picture>\n\t\t\t\t<source media=\"(max-width: 768px)\" srcset=\"https:\/\/files.sunoresearch.com.br\/n\/uploads\/2019\/05\/66bdf40e-gafisa-400x200.webp\">\n\t\t\t\t<img loading=\"lazy\" decoding=\"async\" class=\"newsContent__article__imgCapa lazyloadDisabled newsContent__article__imgCapa--noCaption\" src=\"https:\/\/files.sunoresearch.com.br\/n\/uploads\/2019\/05\/66bdf40e-gafisa-800x450.webp\" width=\"800\" height=\"450\" alt=\"Lan\u00e7amentos da Gafisa v\u00e3o retomar at\u00e9 in\u00edcio de 2020, diz presidente\" fetchpriority=high \/>\n\t\t\t<\/picture>\n\n\t\t\t<figcaption class=\"wp-caption-text wp-caption-text--hide\">Gafisa (GFSA3): a\u00e7\u00f5es disparam mais de dois d\u00edgitos neste ano. Foto: Divulga\u00e7\u00e3o<\/figcaption>\n\t\t<\/figure>\n\t<\/div>\n\n\n\n<p>Ao longo de 2019 a <strong>Gafisa<\/strong> n\u00e3o fiz lan\u00e7amentos. Entretanto, segundo Portella, dois projetos est\u00e3o sendo preparados para serem apresentados ao mercado. Al\u00e9m disso, o presidente da <strong>construtura<\/strong> salientou como est\u00e3o sendo avaliadas poss\u00edveis parceiras com outras empresas.<\/p>\n<p>Para Portella, gra\u00e7as a um novo aumento de capital de at\u00e9 R$ 273 milh\u00f5es a <strong>Gafisa<\/strong> ter\u00e1\u00a0\u201cmusculatura para enfrentar os desafios do planejamento estrat\u00e9gico\u201d e para o desenvolvimento de novos empreendimentos.<\/p>\n<p>O presidente da construtora salientou que \u201ca inten\u00e7\u00e3o \u00e9 que a <strong>Gafisa<\/strong> volte a empreender\u201d.<\/p>\n<h2>Aumento de capital anunciado<\/h2>\n<p>Na \u00faltima quinta-feira (15) a empresa anunciou um novo aumento de<br \/>\ncapital. O pre\u00e7o-base por a\u00e7\u00e3o foi indicado em R$ 6,57, com uma subscri\u00e7\u00e3o privada de 48.968.124 pap\u00e9is. O aumento ser\u00e1 realizado at\u00e9 de 120 milh\u00f5es de a\u00e7\u00f5es, o limite do capital autorizado da Gafisa.<\/p>\n\t<p>\n\t\t<a href=\"https:\/\/lp.suno.com.br\/ao\/sessao-estrategica-consultoria-c\/?utm_source=suno-noticias&#038;utm_medium=banner&#038;utm_campaing=dolar-cair-juros\" target=\"_blank\" data-element=\"shortcode-suno-banner\" title=\"Banner SUNO, clique e saiba mais\">\n\t\t\t<picture>\n\t\t\t\t<source media=\"(max-width: 500px)\" srcset=\"https:\/\/files.sunoresearch.com.br\/n\/uploads\/2025\/09\/300x400.webp\">\n\t\t\t\t<img class=\"newsContent__article__imgCapa newsContent__article__imgCapa--banner\"\n\t\t\t\t\tsrc=\"https:\/\/files.sunoresearch.com.br\/n\/uploads\/2025\/09\/SN-DT-1420x240-1.webp\"\n\t\t\t\t\tdata-promo-id=\"624946\"\t\t\t\t\t\t\t\t\t\twidth='1420' height='240'\t\t\t\t\talt=\"https:\/\/files.sunoresearch.com.br\/n\/uploads\/2025\/09\/SN-DT-1420x240-1.webp\"\n\t\t\t\t>\n\t\t\t<\/picture>\n\t\t<\/a>\n\t<\/p>\n\n\n<p>Ser\u00e1 aplicado um des\u00e1gio escalonado sobre o valor de R$ 6,57 por a\u00e7\u00e3o. Por sua vez, no exerc\u00edcio do direito de prefer\u00eancia e sobras, ser\u00e1 aplicado um desconto de 15%. Algo que resultar\u00e1 em pre\u00e7o de R$ 5,58 por a\u00e7\u00e3o ordin\u00e1ria. Por sua vez, na subscri\u00e7\u00e3o das sobras adicionais, ser\u00e1 concedido um des\u00e1gio de 3%, e o valor ficar\u00e1 em R$ 5,42.<\/p>\n<p>Os detentores de a\u00e7\u00f5es ordin\u00e1rias no dia 21 de agosto ter\u00e3o 30 dias para exercer seu direito de prefer\u00eancia a partir da data da publica\u00e7\u00e3o do aviso aos acionistas.<\/p>\n<h2>Redu\u00e7\u00e3o do preju\u00edzo da Gafisa<\/h2>\n<p>A <strong>Gafisa<\/strong> informou na \u00faltima quarta-feira (14) que conseguiu, no segundo trimestre, reduzir seu preju\u00edzo em 49%, chegando a R$ 12,7 milh\u00f5es. Contudo, a receita l\u00edquida da empresa caiu para R$ 99,7 milh\u00f5es, cerca de 64,7% a menos.<\/p>\n\t<p>\n\t\t<a href=\"https:\/\/lp2.suno.com.br\/lm\/minicurso-construindo-um-portfolio-milionario?utm_campaign=_SNCEBB048DA_sc.mcpm26&#038;utm_source=suno.com.br&#038;utm_medium=banner.noticias\" target=\"_blank\" data-element=\"shortcode-suno-banner\" title=\"Banner SUNO, clique e saiba mais\">\n\t\t\t<picture>\n\t\t\t\t<source media=\"(max-width: 500px)\" srcset=\"https:\/\/files.sunoresearch.com.br\/n\/uploads\/2026\/01\/MB-PS-HOME-DE-ARTIGOS-400x300-ID_01_x1-jpg.webp\">\n\t\t\t\t<img class=\"newsContent__article__imgCapa newsContent__article__imgCapa--banner\"\n\t\t\t\t\tsrc=\"https:\/\/files.sunoresearch.com.br\/n\/uploads\/2026\/01\/DT-PS-HOME-DE-ARTIGOS-1420x240-ID_01_x1-jpg.webp\"\n\t\t\t\t\tdata-promo-id=\"638432\"\t\t\t\t\t\t\t\t\t\twidth='1420' height='240'\t\t\t\t\talt=\"https:\/\/files.sunoresearch.com.br\/n\/uploads\/2026\/01\/DT-PS-HOME-DE-ARTIGOS-1420x240-ID_01_x1-jpg.webp\"\n\t\t\t\t>\n\t\t\t<\/picture>\n\t\t<\/a>\n\t<\/p>\n\n\n<p>A margem bruta ajustada foi <strong>elevada<\/strong> em 10,4% entre os dois trimestres do ano, passando de 38,6% para 49%. O caixa gerado pela <strong>Gafisa<\/strong> foi de R$ 6,9 milh\u00f5es no trimestre.<\/p>\n<p>A empresa tinha alavancagem medida por d\u00edvida sobre patrim\u00f4nio l\u00edquido de 102,2%, um n\u00edvel bem abaixo dos 161,8% do fim do primeiro trimestre.<\/p>\n<p>A queda, segundo a companhia, foi consequ\u00eancia da entrada em caixa de R$ 132,3 milh\u00f5es do aumento de capital e &#8220;da atual dilig\u00eancia com os recursos da companhia&#8221;.<\/p>\n<p><a href=\"https:\/\/www.suno.com.br\/noticias\/gafisa-prejuizo-reduzido-49-2019\/\">Saiba mais: Gafisa tem preju\u00edzo reduzido em 49% no segundo trimestre de 2019\u00a0<\/a><\/p>\n<p>As <strong>vendas brutas<\/strong> reduziram em 78,3% para R$ 87,9 milh\u00f5es, e os distratos ca\u00edram 47,1%, para R$ 31,7 milh\u00f5es.<\/p>\n<p>J\u00e1 as<strong> vendas l\u00edquidas<\/strong> tiveram queda de 56% em uma compara\u00e7\u00e3o com o mesmo per\u00edodo de 2018 para R$ 56 milh\u00f5es. A empresa n\u00e3o apresentou lan\u00e7amentos no trimestre.<\/p>\n<h2>Alphaville Urbanismo registra crescimento em preju\u00edzo<\/h2>\n<p>A <strong>Alphaville Urbanismo<\/strong>, empresa que a\u00a0<strong>Gafisa<\/strong> det\u00e9m 30%, teve seu preju\u00edzo l\u00edquido elevado em 17% no segundo trimestre de 2019, comparando com o mesmo per\u00edodo do ano passado, para R$ 232 milh\u00f5es.<\/p>\n\t<p>\n\t\t<a href=\"https:\/\/lp.suno.com.br\/cl\/impacto-tarifas-trump\/?utm_source=sunoresearch&#038;utm_medium=banner.noticias&#038;utm_campaign=_SNC903E88AA_\" target=\"_blank\" data-element=\"shortcode-suno-banner\" title=\"Banner SUNO, clique e saiba mais\">\n\t\t\t<picture>\n\t\t\t\t<source media=\"(max-width: 500px)\" srcset=\"https:\/\/files.sunoresearch.com.br\/n\/uploads\/2025\/07\/trump-mobile.webp\">\n\t\t\t\t<img class=\"newsContent__article__imgCapa newsContent__article__imgCapa--banner\"\n\t\t\t\t\tsrc=\"https:\/\/files.sunoresearch.com.br\/n\/uploads\/2025\/07\/trump-banner-desktop.webp\"\n\t\t\t\t\tdata-promo-id=\"613126\"\t\t\t\t\t\t\t\t\t\twidth='1000' height='325'\t\t\t\t\talt=\"https:\/\/files.sunoresearch.com.br\/n\/uploads\/2025\/07\/trump-banner-desktop.webp\"\n\t\t\t\t>\n\t\t\t<\/picture>\n\t\t<\/a>\n\t<\/p>\n\n\n<p>J\u00e1 a receita l\u00edquida da loteadora aumentou para R$ 21 milh\u00f5es, um crescimento registrado de 5%.<\/p>\n<p>Ap\u00f3s reduzir a zero o saldo cont\u00e1bil de sua fatia no capital da loteadora, a <strong>Gafisa<\/strong> descontinuou o reconhecimento de sua participa\u00e7\u00e3o em perdas futuras.<\/p>\n<p><a href=\"https:\/\/www.suno.com.br\/noticias\/gafisa-dividas-bancos-listagem-nyse\/\">Saiba mais: Gafisa deve renegociar d\u00edvidas banc\u00e1rias e mira listagem na NYSE<\/a><\/p>\n<p>A <strong>Gafisa<\/strong> estaria negociando a troca de sua participa\u00e7\u00e3o em <strong>Alphaville<\/strong> Urbanismo por ativos. Entretanto, n\u00e3o foi informada a conclus\u00e3o desse processo.<\/p>\n","protected":false},"excerpt":{"rendered":"<p>O presidente da Gafisa (GFSA3), Roberto Portella, informou que os lan\u00e7amentos da empreiteira v\u00e3o recome\u00e7ar no final de 2019 ou no in\u00edcio de 2020. O executivo conversou em teleconfer\u00eancia com analistas e investidores nesta sexta-feira (16). Gafisa (GFSA3): a\u00e7\u00f5es disparam mais de dois d\u00edgitos neste ano. Foto: Divulga\u00e7\u00e3o Ao longo de 2019 a Gafisa n\u00e3o [&hellip;]<\/p>\n","protected":false},"author":9,"featured_media":24693,"comment_status":"closed","ping_status":"closed","sticky":false,"template":"","format":"standard","meta":[],"categories":[64],"tags":[484],"suno_strategy":[],"class_list":["post-34420","post","type-post","status-publish","format-standard","has-post-thumbnail","hentry","category-negocios","tag-gafisa-gfsa3"],"yoast_head":"<!-- This site is optimized with the Yoast SEO plugin v24.4 - https:\/\/yoast.com\/wordpress\/plugins\/seo\/ -->\n<title>Lan\u00e7amentos da Gafisa v\u00e3o retomar at\u00e9 in\u00edcio de 2020, diz presidente<\/title>\n<meta name=\"description\" content=\"O presidente da Gafisa, Roberto Portella, informou que os lan\u00e7amentos v\u00e3o recome\u00e7ar no final de 2019. Clique aqui para saber mais.\" \/>\n<meta name=\"robots\" content=\"index, follow, max-snippet:-1, max-image-preview:large, max-video-preview:-1\" \/>\n<link rel=\"canonical\" href=\"https:\/\/www.suno.com.br\/noticias\/gafisa-retomar-lancamentos-presidente\/\" \/>\n<meta property=\"og:locale\" content=\"pt_BR\" \/>\n<meta property=\"og:type\" content=\"article\" \/>\n<meta property=\"og:title\" content=\"Lan\u00e7amentos da Gafisa v\u00e3o retomar at\u00e9 in\u00edcio de 2020, diz presidente\" \/>\n<meta property=\"og:description\" content=\"O presidente da Gafisa, Roberto Portella, informou que os lan\u00e7amentos v\u00e3o recome\u00e7ar no final de 2019. Clique aqui para saber mais.\" \/>\n<meta property=\"og:url\" content=\"https:\/\/www.suno.com.br\/noticias\/gafisa-retomar-lancamentos-presidente\/\" \/>\n<meta property=\"og:site_name\" content=\"Suno Not\u00edcias\" \/>\n<meta property=\"article:publisher\" content=\"https:\/\/facebook.com\/sunoresearch\" \/>\n<meta property=\"og:image\" content=\"https:\/\/files.sunoresearch.com.br\/n\/uploads\/2019\/05\/66bdf40e-gafisa.jpg\" \/>\n\t<meta property=\"og:image:width\" content=\"960\" \/>\n\t<meta property=\"og:image:height\" content=\"640\" \/>\n\t<meta property=\"og:image:type\" content=\"image\/jpeg\" \/>\n<meta name=\"author\" content=\"Carlo Cauti\" \/>\n<meta name=\"twitter:card\" content=\"summary_large_image\" \/>\n<meta name=\"twitter:creator\" content=\"@sunoresearch\" \/>\n<meta name=\"twitter:site\" content=\"@sunoresearch\" \/>\n<meta name=\"twitter:label1\" content=\"Escrito por\" \/>\n\t<meta name=\"twitter:data1\" content=\"Carlo Cauti\" \/>\n\t<meta name=\"twitter:label2\" content=\"Est. tempo de leitura\" \/>\n\t<meta name=\"twitter:data2\" content=\"3 minutos\" \/>\n<script type=\"application\/ld+json\" class=\"yoast-schema-graph\">{\"@context\":\"https:\/\/schema.org\",\"@graph\":[{\"@type\":\"NewsArticle\",\"@id\":\"https:\/\/www.suno.com.br\/noticias\/gafisa-retomar-lancamentos-presidente\/#article\",\"isPartOf\":{\"@id\":\"https:\/\/www.suno.com.br\/noticias\/gafisa-retomar-lancamentos-presidente\/\"},\"author\":{\"name\":\"Carlo Cauti\",\"@id\":\"https:\/\/www.suno.com.br\/noticias\/#\/schema\/person\/e6e0f723cc177805027f4566c1d5e0c8\"},\"headline\":\"Lan\u00e7amentos da Gafisa v\u00e3o retomar at\u00e9 in\u00edcio de 2020, diz presidente\",\"datePublished\":\"2019-08-16T22:58:54+00:00\",\"mainEntityOfPage\":{\"@id\":\"https:\/\/www.suno.com.br\/noticias\/gafisa-retomar-lancamentos-presidente\/\"},\"wordCount\":615,\"publisher\":{\"@id\":\"https:\/\/www.suno.com.br\/noticias\/#organization\"},\"image\":{\"@id\":\"https:\/\/www.suno.com.br\/noticias\/gafisa-retomar-lancamentos-presidente\/#primaryimage\"},\"thumbnailUrl\":\"https:\/\/files.sunoresearch.com.br\/n\/uploads\/2019\/05\/66bdf40e-gafisa-jpg.webp\",\"keywords\":[\"Gafisa (GFSA3)\"],\"articleSection\":[\"Neg\u00f3cios\"],\"inLanguage\":\"pt-BR\"},{\"@type\":\"WebPage\",\"@id\":\"https:\/\/www.suno.com.br\/noticias\/gafisa-retomar-lancamentos-presidente\/\",\"url\":\"https:\/\/www.suno.com.br\/noticias\/gafisa-retomar-lancamentos-presidente\/\",\"name\":\"Lan\u00e7amentos da Gafisa v\u00e3o retomar at\u00e9 in\u00edcio de 2020, diz presidente\",\"isPartOf\":{\"@id\":\"https:\/\/www.suno.com.br\/noticias\/#website\"},\"primaryImageOfPage\":{\"@id\":\"https:\/\/www.suno.com.br\/noticias\/gafisa-retomar-lancamentos-presidente\/#primaryimage\"},\"image\":{\"@id\":\"https:\/\/www.suno.com.br\/noticias\/gafisa-retomar-lancamentos-presidente\/#primaryimage\"},\"thumbnailUrl\":\"https:\/\/files.sunoresearch.com.br\/n\/uploads\/2019\/05\/66bdf40e-gafisa-jpg.webp\",\"datePublished\":\"2019-08-16T22:58:54+00:00\",\"description\":\"O presidente da Gafisa, Roberto Portella, informou que os lan\u00e7amentos v\u00e3o recome\u00e7ar no final de 2019. Clique aqui para saber mais.\",\"breadcrumb\":{\"@id\":\"https:\/\/www.suno.com.br\/noticias\/gafisa-retomar-lancamentos-presidente\/#breadcrumb\"},\"inLanguage\":\"pt-BR\",\"potentialAction\":[{\"@type\":\"ReadAction\",\"target\":[\"https:\/\/www.suno.com.br\/noticias\/gafisa-retomar-lancamentos-presidente\/\"]}]},{\"@type\":\"ImageObject\",\"inLanguage\":\"pt-BR\",\"@id\":\"https:\/\/www.suno.com.br\/noticias\/gafisa-retomar-lancamentos-presidente\/#primaryimage\",\"url\":\"https:\/\/files.sunoresearch.com.br\/n\/uploads\/2019\/05\/66bdf40e-gafisa-jpg.webp\",\"contentUrl\":\"https:\/\/files.sunoresearch.com.br\/n\/uploads\/2019\/05\/66bdf40e-gafisa-jpg.webp\",\"width\":960,\"height\":640,\"caption\":\"Gafisa (GFSA3): a\u00e7\u00f5es disparam mais de dois d\u00edgitos neste ano. Foto: Divulga\u00e7\u00e3o\"},{\"@type\":\"BreadcrumbList\",\"@id\":\"https:\/\/www.suno.com.br\/noticias\/gafisa-retomar-lancamentos-presidente\/#breadcrumb\",\"itemListElement\":[{\"@type\":\"ListItem\",\"position\":1,\"name\":\"Not\u00edcias\",\"item\":\"https:\/\/www.suno.com.br\/noticias\/\"},{\"@type\":\"ListItem\",\"position\":2,\"name\":\"Neg\u00f3cios\",\"item\":\"https:\/\/www.suno.com.br\/noticias\/negocios\/\"},{\"@type\":\"ListItem\",\"position\":3,\"name\":\"Lan\u00e7amentos da Gafisa v\u00e3o retomar at\u00e9 in\u00edcio de 2020, diz presidente\"}]},{\"@type\":\"WebSite\",\"@id\":\"https:\/\/www.suno.com.br\/noticias\/#website\",\"url\":\"https:\/\/www.suno.com.br\/noticias\/\",\"name\":\"Suno Not\u00edcias\",\"description\":\"Seu portal de informa\u00e7\u00e3o sobre o mundo dos investimentos\",\"publisher\":{\"@id\":\"https:\/\/www.suno.com.br\/noticias\/#organization\"},\"potentialAction\":[{\"@type\":\"SearchAction\",\"target\":{\"@type\":\"EntryPoint\",\"urlTemplate\":\"https:\/\/www.suno.com.br\/noticias\/?s={search_term_string}\"},\"query-input\":{\"@type\":\"PropertyValueSpecification\",\"valueRequired\":true,\"valueName\":\"search_term_string\"}}],\"inLanguage\":\"pt-BR\"},{\"@type\":\"Organization\",\"@id\":\"https:\/\/www.suno.com.br\/noticias\/#organization\",\"name\":\"Suno Not\u00edcias\",\"url\":\"https:\/\/www.suno.com.br\/noticias\/\",\"logo\":{\"@type\":\"ImageObject\",\"inLanguage\":\"pt-BR\",\"@id\":\"https:\/\/www.suno.com.br\/noticias\/#\/schema\/logo\/image\/\",\"url\":\"https:\/\/files.sunoresearch.com.br\/n\/uploads\/2021\/09\/suno-logo.png\",\"contentUrl\":\"https:\/\/files.sunoresearch.com.br\/n\/uploads\/2021\/09\/suno-logo.png\",\"width\":180,\"height\":180,\"caption\":\"Suno Not\u00edcias\"},\"image\":{\"@id\":\"https:\/\/www.suno.com.br\/noticias\/#\/schema\/logo\/image\/\"},\"sameAs\":[\"https:\/\/facebook.com\/sunoresearch\",\"https:\/\/x.com\/sunoresearch\",\"https:\/\/www.instagram.com\/suno\",\"https:\/\/www.linkedin.com\/company\/suno-research\/\",\"https:\/\/www.youtube.com\/c\/sunoresearch\"]},{\"@type\":\"Person\",\"@id\":\"https:\/\/www.suno.com.br\/noticias\/#\/schema\/person\/e6e0f723cc177805027f4566c1d5e0c8\",\"name\":\"Carlo Cauti\",\"image\":{\"@type\":\"ImageObject\",\"inLanguage\":\"pt-BR\",\"@id\":\"https:\/\/www.suno.com.br\/noticias\/#\/schema\/person\/image\/\",\"url\":\"https:\/\/secure.gravatar.com\/avatar\/3ada9e0bd164c23abd4792a9606d583c?s=96&r=g\",\"contentUrl\":\"https:\/\/secure.gravatar.com\/avatar\/3ada9e0bd164c23abd4792a9606d583c?s=96&r=g\",\"caption\":\"Carlo Cauti\"},\"description\":\"Editor multim\u00eddia do SUNO Not\u00edcias. Italiano, formado em Ci\u00eancias Pol\u00edticas pela universidade LUISS G. Carli de Roma e mestre cum laude em Rela\u00e7\u00f5es Internacionais, Jornalismo Internacional e de Guerra e em Economia Internacional. Concluiu tamb\u00e9m um MBA em Finan\u00e7as na B3. No Brasil, teve passagem por ve\u00edculos como Estad\u00e3o, Globo, Veja e EXAME. e nas ag\u00eancias de not\u00edcias italianas ANSA e NOVA.\",\"url\":\"https:\/\/www.suno.com.br\/noticias\/author\/carlo-cauti\/\"}]}<\/script>\n<!-- \/ Yoast SEO plugin. -->","yoast_head_json":{"title":"Lan\u00e7amentos da Gafisa v\u00e3o retomar at\u00e9 in\u00edcio de 2020, diz presidente","description":"O presidente da Gafisa, Roberto Portella, informou que os lan\u00e7amentos v\u00e3o recome\u00e7ar no final de 2019. Clique aqui para saber mais.","robots":{"index":"index","follow":"follow","max-snippet":"max-snippet:-1","max-image-preview":"max-image-preview:large","max-video-preview":"max-video-preview:-1"},"canonical":"https:\/\/www.suno.com.br\/noticias\/gafisa-retomar-lancamentos-presidente\/","og_locale":"pt_BR","og_type":"article","og_title":"Lan\u00e7amentos da Gafisa v\u00e3o retomar at\u00e9 in\u00edcio de 2020, diz presidente","og_description":"O presidente da Gafisa, Roberto Portella, informou que os lan\u00e7amentos v\u00e3o recome\u00e7ar no final de 2019. Clique aqui para saber mais.","og_url":"https:\/\/www.suno.com.br\/noticias\/gafisa-retomar-lancamentos-presidente\/","og_site_name":"Suno Not\u00edcias","article_publisher":"https:\/\/facebook.com\/sunoresearch","og_image":[{"width":960,"height":640,"url":"https:\/\/files.sunoresearch.com.br\/n\/uploads\/2019\/05\/66bdf40e-gafisa.jpg","type":"image\/jpeg"}],"author":"Carlo Cauti","twitter_card":"summary_large_image","twitter_creator":"@sunoresearch","twitter_site":"@sunoresearch","twitter_misc":{"Escrito por":"Carlo Cauti","Est. tempo de leitura":"3 minutos"},"schema":{"@context":"https:\/\/schema.org","@graph":[{"@type":"NewsArticle","@id":"https:\/\/www.suno.com.br\/noticias\/gafisa-retomar-lancamentos-presidente\/#article","isPartOf":{"@id":"https:\/\/www.suno.com.br\/noticias\/gafisa-retomar-lancamentos-presidente\/"},"author":{"name":"Carlo Cauti","@id":"https:\/\/www.suno.com.br\/noticias\/#\/schema\/person\/e6e0f723cc177805027f4566c1d5e0c8"},"headline":"Lan\u00e7amentos da Gafisa v\u00e3o retomar at\u00e9 in\u00edcio de 2020, diz presidente","datePublished":"2019-08-16T22:58:54+00:00","mainEntityOfPage":{"@id":"https:\/\/www.suno.com.br\/noticias\/gafisa-retomar-lancamentos-presidente\/"},"wordCount":615,"publisher":{"@id":"https:\/\/www.suno.com.br\/noticias\/#organization"},"image":{"@id":"https:\/\/www.suno.com.br\/noticias\/gafisa-retomar-lancamentos-presidente\/#primaryimage"},"thumbnailUrl":"https:\/\/files.sunoresearch.com.br\/n\/uploads\/2019\/05\/66bdf40e-gafisa-jpg.webp","keywords":["Gafisa (GFSA3)"],"articleSection":["Neg\u00f3cios"],"inLanguage":"pt-BR"},{"@type":"WebPage","@id":"https:\/\/www.suno.com.br\/noticias\/gafisa-retomar-lancamentos-presidente\/","url":"https:\/\/www.suno.com.br\/noticias\/gafisa-retomar-lancamentos-presidente\/","name":"Lan\u00e7amentos da Gafisa v\u00e3o retomar at\u00e9 in\u00edcio de 2020, diz presidente","isPartOf":{"@id":"https:\/\/www.suno.com.br\/noticias\/#website"},"primaryImageOfPage":{"@id":"https:\/\/www.suno.com.br\/noticias\/gafisa-retomar-lancamentos-presidente\/#primaryimage"},"image":{"@id":"https:\/\/www.suno.com.br\/noticias\/gafisa-retomar-lancamentos-presidente\/#primaryimage"},"thumbnailUrl":"https:\/\/files.sunoresearch.com.br\/n\/uploads\/2019\/05\/66bdf40e-gafisa-jpg.webp","datePublished":"2019-08-16T22:58:54+00:00","description":"O presidente da Gafisa, Roberto Portella, informou que os lan\u00e7amentos v\u00e3o recome\u00e7ar no final de 2019. Clique aqui para saber mais.","breadcrumb":{"@id":"https:\/\/www.suno.com.br\/noticias\/gafisa-retomar-lancamentos-presidente\/#breadcrumb"},"inLanguage":"pt-BR","potentialAction":[{"@type":"ReadAction","target":["https:\/\/www.suno.com.br\/noticias\/gafisa-retomar-lancamentos-presidente\/"]}]},{"@type":"ImageObject","inLanguage":"pt-BR","@id":"https:\/\/www.suno.com.br\/noticias\/gafisa-retomar-lancamentos-presidente\/#primaryimage","url":"https:\/\/files.sunoresearch.com.br\/n\/uploads\/2019\/05\/66bdf40e-gafisa-jpg.webp","contentUrl":"https:\/\/files.sunoresearch.com.br\/n\/uploads\/2019\/05\/66bdf40e-gafisa-jpg.webp","width":960,"height":640,"caption":"Gafisa (GFSA3): a\u00e7\u00f5es disparam mais de dois d\u00edgitos neste ano. Foto: Divulga\u00e7\u00e3o"},{"@type":"BreadcrumbList","@id":"https:\/\/www.suno.com.br\/noticias\/gafisa-retomar-lancamentos-presidente\/#breadcrumb","itemListElement":[{"@type":"ListItem","position":1,"name":"Not\u00edcias","item":"https:\/\/www.suno.com.br\/noticias\/"},{"@type":"ListItem","position":2,"name":"Neg\u00f3cios","item":"https:\/\/www.suno.com.br\/noticias\/negocios\/"},{"@type":"ListItem","position":3,"name":"Lan\u00e7amentos da Gafisa v\u00e3o retomar at\u00e9 in\u00edcio de 2020, diz presidente"}]},{"@type":"WebSite","@id":"https:\/\/www.suno.com.br\/noticias\/#website","url":"https:\/\/www.suno.com.br\/noticias\/","name":"Suno Not\u00edcias","description":"Seu portal de informa\u00e7\u00e3o sobre o mundo dos investimentos","publisher":{"@id":"https:\/\/www.suno.com.br\/noticias\/#organization"},"potentialAction":[{"@type":"SearchAction","target":{"@type":"EntryPoint","urlTemplate":"https:\/\/www.suno.com.br\/noticias\/?s={search_term_string}"},"query-input":{"@type":"PropertyValueSpecification","valueRequired":true,"valueName":"search_term_string"}}],"inLanguage":"pt-BR"},{"@type":"Organization","@id":"https:\/\/www.suno.com.br\/noticias\/#organization","name":"Suno Not\u00edcias","url":"https:\/\/www.suno.com.br\/noticias\/","logo":{"@type":"ImageObject","inLanguage":"pt-BR","@id":"https:\/\/www.suno.com.br\/noticias\/#\/schema\/logo\/image\/","url":"https:\/\/files.sunoresearch.com.br\/n\/uploads\/2021\/09\/suno-logo.png","contentUrl":"https:\/\/files.sunoresearch.com.br\/n\/uploads\/2021\/09\/suno-logo.png","width":180,"height":180,"caption":"Suno Not\u00edcias"},"image":{"@id":"https:\/\/www.suno.com.br\/noticias\/#\/schema\/logo\/image\/"},"sameAs":["https:\/\/facebook.com\/sunoresearch","https:\/\/x.com\/sunoresearch","https:\/\/www.instagram.com\/suno","https:\/\/www.linkedin.com\/company\/suno-research\/","https:\/\/www.youtube.com\/c\/sunoresearch"]},{"@type":"Person","@id":"https:\/\/www.suno.com.br\/noticias\/#\/schema\/person\/e6e0f723cc177805027f4566c1d5e0c8","name":"Carlo Cauti","image":{"@type":"ImageObject","inLanguage":"pt-BR","@id":"https:\/\/www.suno.com.br\/noticias\/#\/schema\/person\/image\/","url":"https:\/\/secure.gravatar.com\/avatar\/3ada9e0bd164c23abd4792a9606d583c?s=96&r=g","contentUrl":"https:\/\/secure.gravatar.com\/avatar\/3ada9e0bd164c23abd4792a9606d583c?s=96&r=g","caption":"Carlo Cauti"},"description":"Editor multim\u00eddia do SUNO Not\u00edcias. Italiano, formado em Ci\u00eancias Pol\u00edticas pela universidade LUISS G. Carli de Roma e mestre cum laude em Rela\u00e7\u00f5es Internacionais, Jornalismo Internacional e de Guerra e em Economia Internacional. Concluiu tamb\u00e9m um MBA em Finan\u00e7as na B3. No Brasil, teve passagem por ve\u00edculos como Estad\u00e3o, Globo, Veja e EXAME. e nas ag\u00eancias de not\u00edcias italianas ANSA e NOVA.","url":"https:\/\/www.suno.com.br\/noticias\/author\/carlo-cauti\/"}]}},"default_loop_html":"<div class=\"cardsPage__listCard__boxs\"><div class=\"cardsPage__listCard__boxs__img\"><a href=\"https:\/\/www.suno.com.br\/noticias\/gafisa-retomar-lancamentos-presidente\/\"><img class=\"mask\" src=\"https:\/\/www.suno.com.br\/noticias\/wp-content\/themes\/suno\/resources\/images\/spotlight\/spotlight1img\/bg-mask.png\" alt=\"Image Mask\"\/><img src=\"https:\/\/files.sunoresearch.com.br\/n\/uploads\/2019\/05\/66bdf40e-gafisa-400x200.webp\" alt=\"Lan\u00e7amentos da Gafisa v\u00e3o retomar at\u00e9 in\u00edcio de 2020, diz presidente\"\/><\/a><span class=\"spotlightCategory\"><a href=\"https:\/\/www.suno.com.br\/noticias\/negocios\/\">Neg\u00f3cios<\/a><\/span><\/div><div class=\"cardsPage__listCard__boxs__content\"><a href=\"https:\/\/www.suno.com.br\/noticias\/gafisa-retomar-lancamentos-presidente\/\"><h2 class=\"content__title\">Lan\u00e7amentos da Gafisa v\u00e3o retomar at\u00e9 in\u00edcio de 2020, diz presidente<\/h2><\/a><div class=\"newsContent__article__meta\"><div class=\"newsContent__article__meta__authorBox\"><a href=\"https:\/\/www.suno.com.br\/noticias\/author\/carlo-cauti\/\" class=\"authorBox__avatar noMobi\"><img src=\"https:\/\/files.sunoresearch.com.br\/n\/uploads\/2020\/08\/e3745f9a-perfil-carlo-cauti-150x150.webp\" alt=\"Carlo Cauti\"><\/a><div class=\"authorBox__name\"><span>por\n\t\t\t<a href=\"https:\/\/www.suno.com.br\/noticias\/author\/carlo-cauti\/\"><span itemprop=\"author\">Carlo Cauti<\/span><\/a><\/span><time datetime=\"2019-08-16T19:58:54-03:00\" itemprop=\"datePublished\">16\/08\/2019 19:58<\/time><\/div><\/div><\/div><\/div><\/div>","single_layout":"posts","amp_enabled":true,"_links":{"self":[{"href":"https:\/\/www.suno.com.br\/noticias\/wp-json\/wp\/v2\/posts\/34420"}],"collection":[{"href":"https:\/\/www.suno.com.br\/noticias\/wp-json\/wp\/v2\/posts"}],"about":[{"href":"https:\/\/www.suno.com.br\/noticias\/wp-json\/wp\/v2\/types\/post"}],"author":[{"embeddable":true,"href":"https:\/\/www.suno.com.br\/noticias\/wp-json\/wp\/v2\/users\/9"}],"replies":[{"embeddable":true,"href":"https:\/\/www.suno.com.br\/noticias\/wp-json\/wp\/v2\/comments?post=34420"}],"version-history":[{"count":0,"href":"https:\/\/www.suno.com.br\/noticias\/wp-json\/wp\/v2\/posts\/34420\/revisions"}],"wp:featuredmedia":[{"embeddable":true,"href":"https:\/\/www.suno.com.br\/noticias\/wp-json\/wp\/v2\/media\/24693"}],"wp:attachment":[{"href":"https:\/\/www.suno.com.br\/noticias\/wp-json\/wp\/v2\/media?parent=34420"}],"wp:term":[{"taxonomy":"category","embeddable":true,"href":"https:\/\/www.suno.com.br\/noticias\/wp-json\/wp\/v2\/categories?post=34420"},{"taxonomy":"post_tag","embeddable":true,"href":"https:\/\/www.suno.com.br\/noticias\/wp-json\/wp\/v2\/tags?post=34420"},{"taxonomy":"suno_strategy","embeddable":true,"href":"https:\/\/www.suno.com.br\/noticias\/wp-json\/wp\/v2\/suno_strategy?post=34420"}],"curies":[{"name":"wp","href":"https:\/\/api.w.org\/{rel}","templated":true}]}}