{"id":343892,"date":"2023-01-10T12:19:47","date_gmt":"2023-01-10T15:19:47","guid":{"rendered":"https:\/\/www.suno.com.br\/noticias\/?p=343892"},"modified":"2023-01-10T13:33:30","modified_gmt":"2023-01-10T16:33:30","slug":"jerome-powell-fed-discurso","status":"publish","type":"post","link":"https:\/\/www.suno.com.br\/noticias\/jerome-powell-fed-discurso\/","title":{"rendered":"Powell: restaurar estabilidade exige &#8216;medidas impopulares&#8217;"},"content":{"rendered":"<p>O presidente do <a href=\"https:\/\/www.suno.com.br\/artigos\/fed\/\" target=\"_blank\" rel=\"noreferrer noopener\">Federal Reserve (Fed)<\/a>, <a href=\"https:\/\/www.suno.com.br\/tudo-sobre\/jerome-powell\/\" target=\"_blank\" rel=\"noreferrer noopener\">Jerome <strong>Powell<\/strong><\/a>, disse nesta ter\u00e7a-feira (10) \u00e0s 11h (hor\u00e1rio de Bras\u00edlia) que &#8216;restaurar a estabilidade de pre\u00e7os quando a infla\u00e7\u00e3o est\u00e1 alta pode exigir medidas que n\u00e3o s\u00e3o populares&#8217;. A fala do representante da autoridade monet\u00e1ria americana era um dos momentos mais aguardados pelos mercados internacionais.<\/p><div class=\"videoFull \">\n\t\t\t<div class=\"videoWrapper yt-lazyload center\"\n\t\t\t\tdata-width=\"960\"\n\t\t\t\tdata-height=\"540\"\n\t\t\t\tdata-id=\"qT4GoLR7kmY\"\n\t\t\t\tdata-alt=\"V\u00eddeo do YouTube - clique para reproduzir\"\n\t\t\t\tdata-logo=\"3\"\n\t\t\t\tdata-imagequality=\"maxres\">\n\t\t\t<\/div>\n\t\t<\/div><script type=\"application\/ld+json\">{\"@context\":\"https:\/\/schema.org\",\"@type\":\"VideoObject\",\"name\":\"Mercado monitora rea\u00e7\u00e3o a atos criminosos em Bras\u00edlia | IPCA de dezembro\",\"description\":\"#investimentos #not\u00edcias #mercadofinanceiro #bolsadevalores #ibovespa #dolar #ipca #infla\u00e7\u00e3o #bras\u00edlia #lula #stf #sbsp3 #azul4 #morningcall \ud83d\udea8\ud83d\udcb8\ud835\udc01\ud835\udc1a\ud835\udc22\ud835\udc31\ud835\udc1e \ud835\udc28 \ud835\udc20\ud835\udc2e\ud835\udc22\ud835\udc1a \"\ud835\udc02\ud835\udc28\ud835\udc26\ud835\udc28 \ud835\udc22\ud835\udc27\ud835\udc2f\ud835\udc1e\ud835\udc2c\ud835\udc2d\ud835\udc22\ud835\udc2b \ud835\udc1e\ud835\udc26 \ud835\udfd0\ud835\udfce\ud835\udfd0\ud835\udfd1\" \ud835\udc27\ud835\udc28 \ud835\udc25\ud835\udc22\ud835\udc27\ud835\udc24 \ud83d\udc47 https:\/\/lp.suno.com.br\/cl\/sr-guia-como-investir-em-2023\/?utm_source=youtube.noticias&utm_medium=live&utm_campaign=N\/A.ns.20230109&utm_content=ytnoticias.morning.10012023 #Not\u00edciasdoDia #Not\u00edcias \ud83d\udd34\ud835\udc08\ud835\udc0d\ud835\udc12\ud835\udc02\ud835\udc11\ud835\udc04\ud835\udc15\ud835\udc00-\ud835\udc12\ud835\udc04 \ud835\udc0d\ud835\udc0e \ud835\udc02\ud835\udc00\ud835\udc0d\ud835\udc00\ud835\udc0b \ud835\udc04 \ud835\udc00\ud835\udc13\ud835\udc08\ud835\udc15\ud835\udc04 \ud835\udc0e \ud835\udc12\ud835\udc08\ud835\udc0d\ud835\udc0e \ud83d\udc47 https:\/\/bit.ly\/INSCREVA-SEATIVEOSINO \ud83d\udcda \ud835\udfcf\ud835\udfce \ud835\udc0b\ud835\udc22\ud835\udc2f\ud835\udc2b\ud835\udc28\ud835\udc2c \ud835\udc2a\ud835\udc2e\ud835\udc1e \ud835\udc13\ud835\udc28\ud835\udc1d\ud835\udc28 \ud835\udc08\ud835\udc27\ud835\udc2f\ud835\udc1e\ud835\udc2c\ud835\udc2d\ud835\udc22\ud835\udc1d\ud835\udc28\ud835\udc2b \ud835\udc1d\ud835\udc1e\ud835\udc2f\ud835\udc1e\ud835\udc2b\ud835\udc22\ud835\udc1a \ud835\udc0b\ud835\udc1e\ud835\udc2b\ud83d\udc47 https:\/\/lp.suno.com.br\/ebook-10-livros\/?utm_source=youtube.noticias&utm_medium=video&utm_campaign=ebook10livrosparainvestidores.20230105&utm_content=youtube.noticias.05012023 \ud83d\udcda \ud83d\udcb8 \ud83d\udcca \ud835\udde3\ud835\udddf\ud835\uddd4\ud835\udde1\ud835\udddc\ud835\udddf\ud835\udddb\ud835\uddd4 \ud835\uddd7\ud835\uddd8 \ud835\uddd6\ud835\udde2\ud835\udde1\ud835\udde7\ud835\udde5\ud835\udde2\ud835\udddf\ud835\uddd8 \ud835\uddd9\ud835\udddc\ud835\udde1\ud835\uddd4\ud835\udde1\ud835\uddd6\ud835\uddd8\ud835\udddc\ud835\udde5\ud835\udde2: \ud835\uddd5\ud835\uddee\ud835\uddf6\ud835\ude05\ud835\uddf2 \ud835\uddee \ud835\uddfd\ud835\uddf9\ud835\uddee\ud835\uddfb\ud835\uddf6\ud835\uddf9\ud835\uddf5\ud835\uddee\u2026\",\"duration\":\"PT41M50S\",\"embedUrl\":\"https:\/\/www.youtube.com\/embed\/qT4GoLR7kmY\",\"regionsAllowed\":\"pt-BR\",\"interactionStatistic\":{\"@type\":\"InteractionCounter\",\"interactionType\":{\"@type\":\"WatchAction\"},\"userInteractionCount\":1946},\"thumbnailUrl\":\"https:\/\/i.ytimg.com\/vi\/qT4GoLR7kmY\/default.jpg\",\"uploadDate\":\"2023-01-10T12:52:56Z\"}<\/script>\n\n\n\n\n\t<p>\n\t\t<a href=\"\" target=\"_blank\" data-element=\"shortcode-suno-banner\" title=\"Banner SUNO, clique e saiba mais\">\n\t\t\t<picture>\n\t\t\t\t<source media=\"(max-width: 500px)\" srcset=\"\">\n\t\t\t\t<img class=\"newsContent__article__imgCapa newsContent__article__imgCapa--banner\"\n\t\t\t\t\tsrc=\"\"\n\t\t\t\t\tdata-promo-id=\"240038\"\t\t\t\t\t\t\t\t\t\t\t\t\t\t\talt=\"\"\n\t\t\t\t>\n\t\t\t<\/picture>\n\t\t<\/a>\n\t<\/p>\n\n\n\n\n\n<p>Em Estocolmo, na <a href=\"https:\/\/www.suno.com.br\/noticias\/pfizer-suecia-vacina-suspende-pagamento\/\" target=\"_blank\" rel=\"noreferrer noopener\">Su\u00e9cia<\/a>, Powell tamb\u00e9m citou que a &#8220;estabilidade de pre\u00e7os \u00e9 o pilar de uma economia saud\u00e1vel&#8221; e que o <a href=\"https:\/\/www.suno.com.br\/noticias\/fed-juros-mais-altos-pela-frente\/\" target=\"_blank\" rel=\"noreferrer noopener\"><strong>Fed<\/strong> <\/a>deve manter sua pol\u00edtica monet\u00e1ria &#8220;de forma independente&#8221;.<\/p>\n\n\n\n<p>\u201cCreio que os benef\u00edcios da pol\u00edtica monet\u00e1ria independente no panorama atual dos EUA s\u00e3o bem compreendidos e amplamente aceitos&#8221;, disse.<\/p>\n\n\n\n<p>&#8220;No Fed, tratamos esse tema [independ\u00eancia] como uma responsabilidade ativa, n\u00e3o passiva. E nas \u00faltimas d\u00e9cadas ampliamos consistentemente os  esfor\u00e7os para fornecer transpar\u00eancia significativa sobre a base e as consequ\u00eancias das decis\u00f5es que tomamos a servi\u00e7o do governo americano. p\u00fablico. Estamos fortemente focados em cumprir nosso mandato estatut\u00e1rio e em fornecer transpar\u00eancia \u00fatil e apropriada.<\/p>\n\n\n\n<p>Al\u00e9m disso, Powell destacou que a concess\u00e3o de independ\u00eancia \u00e0s ag\u00eancias reguladoras devem ser \u201cextremamente raras, expl\u00edcitas, estritamente circunscritas e limitadas \u00e0s quest\u00f5es que claramente garantem prote\u00e7\u00e3o contra considera\u00e7\u00f5es pol\u00edticas de curto prazo\u201d.<\/p>\n\n\n\n<p>Em troca dessa autonomia, Powell disse que o Fed \u201cdeveria \u2018manter-se fiel ao seu trabalho\u2019 e n\u00e3o se desviar\u201d para abordar quest\u00f5es pol\u00edticas que n\u00e3o est\u00e3o diretamente ligadas ao seu mandato de manter a infla\u00e7\u00e3o baixa e um forte mercado de trabalho.<\/p>\n\n\n\t<p>\n\t\t<a href=\"https:\/\/lp.suno.com.br\/planilha-controle-gastos\/\" target=\"_blank\" data-element=\"shortcode-suno-banner\" title=\"Banner SUNO, clique e saiba mais\">\n\t\t\t<picture>\n\t\t\t\t<source media=\"(max-width: 500px)\" srcset=\"https:\/\/files.sunoresearch.com.br\/n\/uploads\/2023\/03\/400x300-Planilha-controle-de-gastos.png\">\n\t\t\t\t<img class=\"newsContent__article__imgCapa newsContent__article__imgCapa--banner\"\n\t\t\t\t\tsrc=\"https:\/\/files.sunoresearch.com.br\/n\/uploads\/2023\/03\/1420x240-Planilha-controle-de-gastos.png\"\n\t\t\t\t\tdata-promo-id=\"101751\"\t\t\t\t\t\t\t\t\t\twidth='1420' height='240'\t\t\t\t\talt=\"https:\/\/files.sunoresearch.com.br\/n\/uploads\/2023\/03\/1420x240-Planilha-controle-de-gastos.png\"\n\t\t\t\t>\n\t\t\t<\/picture>\n\t\t<\/a>\n\t<\/p>\n\n\n\n\n\n<h2 class=\"wp-block-heading\" id=\"h-fed-nao-ira-atuar-contra-mudanca-climatica-diz-powell\">Fed n\u00e3o ir\u00e1 atuar contra mudan\u00e7a clim\u00e1tica, diz Powell<\/h2>\n\n\n\n<p>O <strong>Presidente do Fed<\/strong> tamb\u00e9m fez uma men\u00e7\u00e3o \u00e0 pol\u00edtica clim\u00e1tica, uma pauta cada vez mais em voga nos Estados Unidos, e destacou que esses temas ficam de fora da al\u00e7ada da autoridade monet\u00e1ria.<\/p>\n\n\n\n<p>&#8220;Sem uma legisla\u00e7\u00e3o expl\u00edcita do congresso, seria inapropriado para n\u00f3s usar as nossas ferramentas de supervis\u00e3o da economia e de pol\u00edtca monet\u00e1ria para deixar a economia mais &#8216;ambiental&#8217; ou para alcan\u00e7ar alguma meta que versa sobre mudan\u00e7as clim\u00e1ticas&#8221;, disse Powell no <a href=\"https:\/\/www.riksbank.se\/en-gb\/press-and-published\/notices-and-press-releases\/notices\/2023\/riksbank-symposium-on-central-bank-independence-will-be-live-streamed-on-riksbank.se\/\" target=\"_blank\" rel=\"noreferrer noopener\">Sveriges Riksbank International Symposium<\/a>, evento de Bancos Centrais Independentes.<\/p>\n\n\n\n<p>Em ocasi\u00f5es anteriores, algumas alas do <strong>partido democrata dos EUA<\/strong> fez press\u00f5es para que a autoridade monet\u00e1ria fosse mais ativa nesses temas.<\/p>\n\n\n\n<p>Assim, essa possibilidade de atua\u00e7\u00e3o, al\u00e9m de n\u00e3o avan\u00e7ado na esfera regulat\u00f3ria, foi prontamente negada por <strong>Powell<\/strong>.<\/p>\n\n\n\t<p>\n\t\t<a href=\"https:\/\/lp.suno.com.br\/planilha-da-vida-financeira\/\" target=\"_blank\" data-element=\"shortcode-suno-banner\" title=\"Banner SUNO, clique e saiba mais\">\n\t\t\t<picture>\n\t\t\t\t<source media=\"(max-width: 500px)\" srcset=\"https:\/\/files.sunoresearch.com.br\/n\/uploads\/2023\/04\/400x300-Planilha-vida-financeira-true.png\">\n\t\t\t\t<img class=\"newsContent__article__imgCapa newsContent__article__imgCapa--banner\"\n\t\t\t\t\tsrc=\"https:\/\/files.sunoresearch.com.br\/n\/uploads\/2023\/04\/1420x240-Planilha-vida-financeira-true.png\"\n\t\t\t\t\tdata-promo-id=\"106682\"\t\t\t\t\t\t\t\t\t\twidth='1420' height='240'\t\t\t\t\talt=\"https:\/\/files.sunoresearch.com.br\/n\/uploads\/2023\/04\/1420x240-Planilha-vida-financeira-true.png\"\n\t\t\t\t>\n\t\t\t<\/picture>\n\t\t<\/a>\n\t<\/p>\n\n\n","protected":false},"excerpt":{"rendered":"<p>O presidente do Federal Reserve (Fed), Jerome Powell, disse nesta ter\u00e7a-feira (10) \u00e0s 11h (hor\u00e1rio de Bras\u00edlia) que &#8216;restaurar a estabilidade de pre\u00e7os quando a infla\u00e7\u00e3o est\u00e1 alta pode exigir medidas que n\u00e3o s\u00e3o populares&#8217;. A fala do representante da autoridade monet\u00e1ria americana era um dos momentos mais aguardados pelos mercados internacionais. Em Estocolmo, na [&hellip;]<\/p>\n","protected":false},"author":73,"featured_media":334513,"comment_status":"closed","ping_status":"closed","sticky":false,"template":"","format":"standard","meta":[],"categories":[63],"tags":[793,776,1899,2448],"suno_strategy":[],"class_list":["post-343892","post","type-post","status-publish","format-standard","has-post-thumbnail","hentry","category-internacional","tag-estados-unidos-eua","tag-federal-reseve-fed","tag-jerome-powell","tag-politica-monetaria"],"yoast_head":"<!-- This site is optimized with the Yoast SEO plugin v24.4 - https:\/\/yoast.com\/wordpress\/plugins\/seo\/ -->\n<title>Powell: Restaurar estabilidade exige &#039;medidas impopulares&#039;<\/title>\n<meta name=\"description\" content=\"Fala de Jerome Powell, do Fed, em evento em Estocolmo era um dos momentos mais aguardados pelos mercados na semana. Clique e confira!\" \/>\n<meta name=\"robots\" content=\"index, follow, max-snippet:-1, max-image-preview:large, max-video-preview:-1\" \/>\n<link rel=\"canonical\" href=\"https:\/\/www.suno.com.br\/noticias\/jerome-powell-fed-discurso\/\" \/>\n<meta property=\"og:locale\" content=\"pt_BR\" \/>\n<meta property=\"og:type\" content=\"article\" \/>\n<meta property=\"og:title\" content=\"Powell: Restaurar estabilidade exige &#039;medidas impopulares&#039;\" \/>\n<meta property=\"og:description\" content=\"Fala de Jerome Powell, do Fed, em evento em Estocolmo era um dos momentos mais aguardados pelos mercados na semana. Clique e confira!\" \/>\n<meta property=\"og:url\" content=\"https:\/\/www.suno.com.br\/noticias\/jerome-powell-fed-discurso\/\" \/>\n<meta property=\"og:site_name\" content=\"Suno Not\u00edcias\" \/>\n<meta property=\"article:publisher\" content=\"https:\/\/facebook.com\/sunoresearch\" \/>\n<meta property=\"og:image\" content=\"https:\/\/files.sunoresearch.com.br\/n\/uploads\/2022\/12\/jerome-powell-presidente-federal-reserve-fed-foto-youtube.jpg\" \/>\n\t<meta property=\"og:image:width\" content=\"1200\" \/>\n\t<meta property=\"og:image:height\" content=\"675\" \/>\n\t<meta property=\"og:image:type\" content=\"image\/jpeg\" \/>\n<meta name=\"author\" content=\"Eduardo Vargas\" \/>\n<meta name=\"twitter:card\" content=\"summary_large_image\" \/>\n<meta name=\"twitter:creator\" content=\"@sunoresearch\" \/>\n<meta name=\"twitter:site\" content=\"@sunoresearch\" \/>\n<meta name=\"twitter:label1\" content=\"Escrito por\" \/>\n\t<meta name=\"twitter:data1\" content=\"Eduardo Vargas\" \/>\n\t<meta name=\"twitter:label2\" content=\"Est. tempo de leitura\" \/>\n\t<meta name=\"twitter:data2\" content=\"3 minutos\" \/>\n<script type=\"application\/ld+json\" class=\"yoast-schema-graph\">{\"@context\":\"https:\/\/schema.org\",\"@graph\":[{\"@type\":\"NewsArticle\",\"@id\":\"https:\/\/www.suno.com.br\/noticias\/jerome-powell-fed-discurso\/#article\",\"isPartOf\":{\"@id\":\"https:\/\/www.suno.com.br\/noticias\/jerome-powell-fed-discurso\/\"},\"author\":{\"name\":\"Eduardo Vargas\",\"@id\":\"https:\/\/www.suno.com.br\/noticias\/#\/schema\/person\/7f4d362bf3518e76090143ae77bb49a5\"},\"headline\":\"Powell: restaurar estabilidade exige &#8216;medidas impopulares&#8217;\",\"datePublished\":\"2023-01-10T15:19:47+00:00\",\"dateModified\":\"2023-01-10T16:33:30+00:00\",\"mainEntityOfPage\":{\"@id\":\"https:\/\/www.suno.com.br\/noticias\/jerome-powell-fed-discurso\/\"},\"wordCount\":447,\"publisher\":{\"@id\":\"https:\/\/www.suno.com.br\/noticias\/#organization\"},\"image\":{\"@id\":\"https:\/\/www.suno.com.br\/noticias\/jerome-powell-fed-discurso\/#primaryimage\"},\"thumbnailUrl\":\"https:\/\/files.sunoresearch.com.br\/n\/uploads\/2022\/12\/jerome-powell-presidente-federal-reserve-fed-foto-youtube.jpg\",\"keywords\":[\"Estados Unidos (EUA)\",\"Federal Reserve (FED)\",\"Jerome Powell\",\"pol\u00edtica monet\u00e1ria\"],\"articleSection\":[\"Internacional\"],\"inLanguage\":\"pt-BR\"},{\"@type\":\"WebPage\",\"@id\":\"https:\/\/www.suno.com.br\/noticias\/jerome-powell-fed-discurso\/\",\"url\":\"https:\/\/www.suno.com.br\/noticias\/jerome-powell-fed-discurso\/\",\"name\":\"Powell: Restaurar estabilidade exige 'medidas impopulares'\",\"isPartOf\":{\"@id\":\"https:\/\/www.suno.com.br\/noticias\/#website\"},\"primaryImageOfPage\":{\"@id\":\"https:\/\/www.suno.com.br\/noticias\/jerome-powell-fed-discurso\/#primaryimage\"},\"image\":{\"@id\":\"https:\/\/www.suno.com.br\/noticias\/jerome-powell-fed-discurso\/#primaryimage\"},\"thumbnailUrl\":\"https:\/\/files.sunoresearch.com.br\/n\/uploads\/2022\/12\/jerome-powell-presidente-federal-reserve-fed-foto-youtube.jpg\",\"datePublished\":\"2023-01-10T15:19:47+00:00\",\"dateModified\":\"2023-01-10T16:33:30+00:00\",\"description\":\"Fala de Jerome Powell, do Fed, em evento em Estocolmo era um dos momentos mais aguardados pelos mercados na semana. Clique e confira!\",\"breadcrumb\":{\"@id\":\"https:\/\/www.suno.com.br\/noticias\/jerome-powell-fed-discurso\/#breadcrumb\"},\"inLanguage\":\"pt-BR\",\"potentialAction\":[{\"@type\":\"ReadAction\",\"target\":[\"https:\/\/www.suno.com.br\/noticias\/jerome-powell-fed-discurso\/\"]}]},{\"@type\":\"ImageObject\",\"inLanguage\":\"pt-BR\",\"@id\":\"https:\/\/www.suno.com.br\/noticias\/jerome-powell-fed-discurso\/#primaryimage\",\"url\":\"https:\/\/files.sunoresearch.com.br\/n\/uploads\/2022\/12\/jerome-powell-presidente-federal-reserve-fed-foto-youtube.jpg\",\"contentUrl\":\"https:\/\/files.sunoresearch.com.br\/n\/uploads\/2022\/12\/jerome-powell-presidente-federal-reserve-fed-foto-youtube.jpg\",\"width\":1200,\"height\":675,\"caption\":\"EUA: por que a era das taxas de juros historicamente baixas pode ter acabado? Foto: YouTube\"},{\"@type\":\"BreadcrumbList\",\"@id\":\"https:\/\/www.suno.com.br\/noticias\/jerome-powell-fed-discurso\/#breadcrumb\",\"itemListElement\":[{\"@type\":\"ListItem\",\"position\":1,\"name\":\"Not\u00edcias\",\"item\":\"https:\/\/www.suno.com.br\/noticias\/\"},{\"@type\":\"ListItem\",\"position\":2,\"name\":\"Internacional\",\"item\":\"https:\/\/www.suno.com.br\/noticias\/internacional\/\"},{\"@type\":\"ListItem\",\"position\":3,\"name\":\"Powell: restaurar estabilidade exige &#8216;medidas impopulares&#8217;\"}]},{\"@type\":\"WebSite\",\"@id\":\"https:\/\/www.suno.com.br\/noticias\/#website\",\"url\":\"https:\/\/www.suno.com.br\/noticias\/\",\"name\":\"Suno Not\u00edcias\",\"description\":\"Seu portal de informa\u00e7\u00e3o sobre o mundo dos investimentos\",\"publisher\":{\"@id\":\"https:\/\/www.suno.com.br\/noticias\/#organization\"},\"potentialAction\":[{\"@type\":\"SearchAction\",\"target\":{\"@type\":\"EntryPoint\",\"urlTemplate\":\"https:\/\/www.suno.com.br\/noticias\/?s={search_term_string}\"},\"query-input\":{\"@type\":\"PropertyValueSpecification\",\"valueRequired\":true,\"valueName\":\"search_term_string\"}}],\"inLanguage\":\"pt-BR\"},{\"@type\":\"Organization\",\"@id\":\"https:\/\/www.suno.com.br\/noticias\/#organization\",\"name\":\"Suno Not\u00edcias\",\"url\":\"https:\/\/www.suno.com.br\/noticias\/\",\"logo\":{\"@type\":\"ImageObject\",\"inLanguage\":\"pt-BR\",\"@id\":\"https:\/\/www.suno.com.br\/noticias\/#\/schema\/logo\/image\/\",\"url\":\"https:\/\/files.sunoresearch.com.br\/n\/uploads\/2021\/09\/suno-logo.png\",\"contentUrl\":\"https:\/\/files.sunoresearch.com.br\/n\/uploads\/2021\/09\/suno-logo.png\",\"width\":180,\"height\":180,\"caption\":\"Suno Not\u00edcias\"},\"image\":{\"@id\":\"https:\/\/www.suno.com.br\/noticias\/#\/schema\/logo\/image\/\"},\"sameAs\":[\"https:\/\/facebook.com\/sunoresearch\",\"https:\/\/x.com\/sunoresearch\",\"https:\/\/www.instagram.com\/suno\",\"https:\/\/www.linkedin.com\/company\/suno-research\/\",\"https:\/\/www.youtube.com\/c\/sunoresearch\"]},{\"@type\":\"Person\",\"@id\":\"https:\/\/www.suno.com.br\/noticias\/#\/schema\/person\/7f4d362bf3518e76090143ae77bb49a5\",\"name\":\"Eduardo Vargas\",\"image\":{\"@type\":\"ImageObject\",\"inLanguage\":\"pt-BR\",\"@id\":\"https:\/\/www.suno.com.br\/noticias\/#\/schema\/person\/image\/\",\"url\":\"https:\/\/secure.gravatar.com\/avatar\/dac340933427a22924c9f99d1eb2e3f2?s=96&r=g\",\"contentUrl\":\"https:\/\/secure.gravatar.com\/avatar\/dac340933427a22924c9f99d1eb2e3f2?s=96&r=g\",\"caption\":\"Eduardo Vargas\"},\"description\":\"Jornalista formado pela UFSC, cobre macroeconomia, neg\u00f3cios e startups para o Suno Not\u00edcias, escrevendo principalmente not\u00edcias sobre o mercado financeiro e a bolsa de valores. No YouTube e no Instagram, \u00e9 respons\u00e1vel pela produ\u00e7\u00e3o de Reels e Shorts do Suno Not\u00edcias. Anteriormente, trabalhou cobrindo economia e cotidiano no ND+ e para o ND, maior jornal impresso de Santa Catarina. Cursou um semestre letivo de Estudos de M\u00eddia na Universidad de Buenos Aires.\",\"url\":\"https:\/\/www.suno.com.br\/noticias\/author\/eduardo-vargas\/\"}]}<\/script>\n<!-- \/ Yoast SEO plugin. -->","yoast_head_json":{"title":"Powell: Restaurar estabilidade exige 'medidas impopulares'","description":"Fala de Jerome Powell, do Fed, em evento em Estocolmo era um dos momentos mais aguardados pelos mercados na semana. Clique e confira!","robots":{"index":"index","follow":"follow","max-snippet":"max-snippet:-1","max-image-preview":"max-image-preview:large","max-video-preview":"max-video-preview:-1"},"canonical":"https:\/\/www.suno.com.br\/noticias\/jerome-powell-fed-discurso\/","og_locale":"pt_BR","og_type":"article","og_title":"Powell: Restaurar estabilidade exige 'medidas impopulares'","og_description":"Fala de Jerome Powell, do Fed, em evento em Estocolmo era um dos momentos mais aguardados pelos mercados na semana. Clique e confira!","og_url":"https:\/\/www.suno.com.br\/noticias\/jerome-powell-fed-discurso\/","og_site_name":"Suno Not\u00edcias","article_publisher":"https:\/\/facebook.com\/sunoresearch","og_image":[{"width":1200,"height":675,"url":"https:\/\/files.sunoresearch.com.br\/n\/uploads\/2022\/12\/jerome-powell-presidente-federal-reserve-fed-foto-youtube.jpg","type":"image\/jpeg"}],"author":"Eduardo Vargas","twitter_card":"summary_large_image","twitter_creator":"@sunoresearch","twitter_site":"@sunoresearch","twitter_misc":{"Escrito por":"Eduardo Vargas","Est. tempo de leitura":"3 minutos"},"schema":{"@context":"https:\/\/schema.org","@graph":[{"@type":"NewsArticle","@id":"https:\/\/www.suno.com.br\/noticias\/jerome-powell-fed-discurso\/#article","isPartOf":{"@id":"https:\/\/www.suno.com.br\/noticias\/jerome-powell-fed-discurso\/"},"author":{"name":"Eduardo Vargas","@id":"https:\/\/www.suno.com.br\/noticias\/#\/schema\/person\/7f4d362bf3518e76090143ae77bb49a5"},"headline":"Powell: restaurar estabilidade exige &#8216;medidas impopulares&#8217;","datePublished":"2023-01-10T15:19:47+00:00","dateModified":"2023-01-10T16:33:30+00:00","mainEntityOfPage":{"@id":"https:\/\/www.suno.com.br\/noticias\/jerome-powell-fed-discurso\/"},"wordCount":447,"publisher":{"@id":"https:\/\/www.suno.com.br\/noticias\/#organization"},"image":{"@id":"https:\/\/www.suno.com.br\/noticias\/jerome-powell-fed-discurso\/#primaryimage"},"thumbnailUrl":"https:\/\/files.sunoresearch.com.br\/n\/uploads\/2022\/12\/jerome-powell-presidente-federal-reserve-fed-foto-youtube.jpg","keywords":["Estados Unidos (EUA)","Federal Reserve (FED)","Jerome Powell","pol\u00edtica monet\u00e1ria"],"articleSection":["Internacional"],"inLanguage":"pt-BR"},{"@type":"WebPage","@id":"https:\/\/www.suno.com.br\/noticias\/jerome-powell-fed-discurso\/","url":"https:\/\/www.suno.com.br\/noticias\/jerome-powell-fed-discurso\/","name":"Powell: Restaurar estabilidade exige 'medidas impopulares'","isPartOf":{"@id":"https:\/\/www.suno.com.br\/noticias\/#website"},"primaryImageOfPage":{"@id":"https:\/\/www.suno.com.br\/noticias\/jerome-powell-fed-discurso\/#primaryimage"},"image":{"@id":"https:\/\/www.suno.com.br\/noticias\/jerome-powell-fed-discurso\/#primaryimage"},"thumbnailUrl":"https:\/\/files.sunoresearch.com.br\/n\/uploads\/2022\/12\/jerome-powell-presidente-federal-reserve-fed-foto-youtube.jpg","datePublished":"2023-01-10T15:19:47+00:00","dateModified":"2023-01-10T16:33:30+00:00","description":"Fala de Jerome Powell, do Fed, em evento em Estocolmo era um dos momentos mais aguardados pelos mercados na semana. Clique e confira!","breadcrumb":{"@id":"https:\/\/www.suno.com.br\/noticias\/jerome-powell-fed-discurso\/#breadcrumb"},"inLanguage":"pt-BR","potentialAction":[{"@type":"ReadAction","target":["https:\/\/www.suno.com.br\/noticias\/jerome-powell-fed-discurso\/"]}]},{"@type":"ImageObject","inLanguage":"pt-BR","@id":"https:\/\/www.suno.com.br\/noticias\/jerome-powell-fed-discurso\/#primaryimage","url":"https:\/\/files.sunoresearch.com.br\/n\/uploads\/2022\/12\/jerome-powell-presidente-federal-reserve-fed-foto-youtube.jpg","contentUrl":"https:\/\/files.sunoresearch.com.br\/n\/uploads\/2022\/12\/jerome-powell-presidente-federal-reserve-fed-foto-youtube.jpg","width":1200,"height":675,"caption":"EUA: por que a era das taxas de juros historicamente baixas pode ter acabado? Foto: YouTube"},{"@type":"BreadcrumbList","@id":"https:\/\/www.suno.com.br\/noticias\/jerome-powell-fed-discurso\/#breadcrumb","itemListElement":[{"@type":"ListItem","position":1,"name":"Not\u00edcias","item":"https:\/\/www.suno.com.br\/noticias\/"},{"@type":"ListItem","position":2,"name":"Internacional","item":"https:\/\/www.suno.com.br\/noticias\/internacional\/"},{"@type":"ListItem","position":3,"name":"Powell: restaurar estabilidade exige &#8216;medidas impopulares&#8217;"}]},{"@type":"WebSite","@id":"https:\/\/www.suno.com.br\/noticias\/#website","url":"https:\/\/www.suno.com.br\/noticias\/","name":"Suno Not\u00edcias","description":"Seu portal de informa\u00e7\u00e3o sobre o mundo dos investimentos","publisher":{"@id":"https:\/\/www.suno.com.br\/noticias\/#organization"},"potentialAction":[{"@type":"SearchAction","target":{"@type":"EntryPoint","urlTemplate":"https:\/\/www.suno.com.br\/noticias\/?s={search_term_string}"},"query-input":{"@type":"PropertyValueSpecification","valueRequired":true,"valueName":"search_term_string"}}],"inLanguage":"pt-BR"},{"@type":"Organization","@id":"https:\/\/www.suno.com.br\/noticias\/#organization","name":"Suno Not\u00edcias","url":"https:\/\/www.suno.com.br\/noticias\/","logo":{"@type":"ImageObject","inLanguage":"pt-BR","@id":"https:\/\/www.suno.com.br\/noticias\/#\/schema\/logo\/image\/","url":"https:\/\/files.sunoresearch.com.br\/n\/uploads\/2021\/09\/suno-logo.png","contentUrl":"https:\/\/files.sunoresearch.com.br\/n\/uploads\/2021\/09\/suno-logo.png","width":180,"height":180,"caption":"Suno Not\u00edcias"},"image":{"@id":"https:\/\/www.suno.com.br\/noticias\/#\/schema\/logo\/image\/"},"sameAs":["https:\/\/facebook.com\/sunoresearch","https:\/\/x.com\/sunoresearch","https:\/\/www.instagram.com\/suno","https:\/\/www.linkedin.com\/company\/suno-research\/","https:\/\/www.youtube.com\/c\/sunoresearch"]},{"@type":"Person","@id":"https:\/\/www.suno.com.br\/noticias\/#\/schema\/person\/7f4d362bf3518e76090143ae77bb49a5","name":"Eduardo Vargas","image":{"@type":"ImageObject","inLanguage":"pt-BR","@id":"https:\/\/www.suno.com.br\/noticias\/#\/schema\/person\/image\/","url":"https:\/\/secure.gravatar.com\/avatar\/dac340933427a22924c9f99d1eb2e3f2?s=96&r=g","contentUrl":"https:\/\/secure.gravatar.com\/avatar\/dac340933427a22924c9f99d1eb2e3f2?s=96&r=g","caption":"Eduardo Vargas"},"description":"Jornalista formado pela UFSC, cobre macroeconomia, neg\u00f3cios e startups para o Suno Not\u00edcias, escrevendo principalmente not\u00edcias sobre o mercado financeiro e a bolsa de valores. No YouTube e no Instagram, \u00e9 respons\u00e1vel pela produ\u00e7\u00e3o de Reels e Shorts do Suno Not\u00edcias. Anteriormente, trabalhou cobrindo economia e cotidiano no ND+ e para o ND, maior jornal impresso de Santa Catarina. Cursou um semestre letivo de Estudos de M\u00eddia na Universidad de Buenos Aires.","url":"https:\/\/www.suno.com.br\/noticias\/author\/eduardo-vargas\/"}]}},"default_loop_html":"<div class=\"cardsPage__listCard__boxs\"><div class=\"cardsPage__listCard__boxs__img\"><a href=\"https:\/\/www.suno.com.br\/noticias\/jerome-powell-fed-discurso\/\"><img class=\"mask\" src=\"https:\/\/www.suno.com.br\/noticias\/wp-content\/themes\/suno\/resources\/images\/spotlight\/spotlight1img\/bg-mask.png\" alt=\"Image Mask\"\/><img src=\"https:\/\/files.sunoresearch.com.br\/n\/uploads\/2022\/12\/jerome-powell-presidente-federal-reserve-fed-foto-youtube-400x200.jpg\" alt=\"Powell: restaurar estabilidade exige &#8216;medidas impopulares&#8217;\"\/><\/a><span class=\"spotlightCategory\"><a href=\"https:\/\/www.suno.com.br\/noticias\/internacional\/\">Internacional<\/a><\/span><\/div><div class=\"cardsPage__listCard__boxs__content\"><a href=\"https:\/\/www.suno.com.br\/noticias\/jerome-powell-fed-discurso\/\"><h2 class=\"content__title\">Powell: restaurar estabilidade exige &#8216;medidas impopulares&#8217;<\/h2><\/a><div class=\"newsContent__article__meta\"><div class=\"newsContent__article__meta__authorBox\"><a href=\"https:\/\/www.suno.com.br\/noticias\/author\/eduardo-vargas\/\" class=\"authorBox__avatar noMobi\"><img src=\"https:\/\/secure.gravatar.com\/avatar\/dac340933427a22924c9f99d1eb2e3f2?s=96&#038;r=g\" alt=\"Eduardo Vargas\"><\/a><div class=\"authorBox__name\"><span>por\n\t\t\t<a href=\"https:\/\/www.suno.com.br\/noticias\/author\/eduardo-vargas\/\"><span itemprop=\"author\">Eduardo Vargas<\/span><\/a><\/span><time datetime=\"2023-01-10T12:19:47-03:00\" itemprop=\"datePublished\">10\/01\/2023 12:19<\/time><\/div><\/div><\/div><\/div><\/div>","single_layout":"posts","amp_enabled":true,"_links":{"self":[{"href":"https:\/\/www.suno.com.br\/noticias\/wp-json\/wp\/v2\/posts\/343892"}],"collection":[{"href":"https:\/\/www.suno.com.br\/noticias\/wp-json\/wp\/v2\/posts"}],"about":[{"href":"https:\/\/www.suno.com.br\/noticias\/wp-json\/wp\/v2\/types\/post"}],"author":[{"embeddable":true,"href":"https:\/\/www.suno.com.br\/noticias\/wp-json\/wp\/v2\/users\/73"}],"replies":[{"embeddable":true,"href":"https:\/\/www.suno.com.br\/noticias\/wp-json\/wp\/v2\/comments?post=343892"}],"version-history":[{"count":3,"href":"https:\/\/www.suno.com.br\/noticias\/wp-json\/wp\/v2\/posts\/343892\/revisions"}],"predecessor-version":[{"id":343991,"href":"https:\/\/www.suno.com.br\/noticias\/wp-json\/wp\/v2\/posts\/343892\/revisions\/343991"}],"wp:featuredmedia":[{"embeddable":true,"href":"https:\/\/www.suno.com.br\/noticias\/wp-json\/wp\/v2\/media\/334513"}],"wp:attachment":[{"href":"https:\/\/www.suno.com.br\/noticias\/wp-json\/wp\/v2\/media?parent=343892"}],"wp:term":[{"taxonomy":"category","embeddable":true,"href":"https:\/\/www.suno.com.br\/noticias\/wp-json\/wp\/v2\/categories?post=343892"},{"taxonomy":"post_tag","embeddable":true,"href":"https:\/\/www.suno.com.br\/noticias\/wp-json\/wp\/v2\/tags?post=343892"},{"taxonomy":"suno_strategy","embeddable":true,"href":"https:\/\/www.suno.com.br\/noticias\/wp-json\/wp\/v2\/suno_strategy?post=343892"}],"curies":[{"name":"wp","href":"https:\/\/api.w.org\/{rel}","templated":true}]}}